{"id":1865,"date":"2013-06-24T08:44:27","date_gmt":"2013-06-24T06:44:27","guid":{"rendered":"https:\/\/hoyre.no\/oslo\/aktuelt\/stillle-for-stormen\/"},"modified":"2022-09-26T15:07:00","modified_gmt":"2022-09-26T13:07:00","slug":"stillle-for-stormen","status":"publish","type":"post","link":"https:\/\/hoyre.no\/oslo\/aktuelt\/stillle-for-stormen\/","title":{"rendered":"Stillle f\u00f8r stormen"},"content":{"rendered":"<figure class=\"hoyre-image-wrapper\"><div class=\"hoyre-image\"><img loading=\"lazy\" decoding=\"async\" width=\"1024\" height=\"361\" src=\"https:\/\/hoyre.no\/content\/uploads\/sites\/408\/2022\/09\/Ba\u030ard-Folke-Fredriksen-Oslo-Paris21.jpg\" class=\"attachment-scaled size-scaled\" alt=\"Ba\u030ard Folke Fredriksen Oslo - Paris\" style=\"object-position: 50% 50%\" srcset=\"https:\/\/hoyre.no\/content\/uploads\/sites\/408\/2022\/09\/Ba\u030ard-Folke-Fredriksen-Oslo-Paris21.jpg 1024w, https:\/\/hoyre.no\/content\/uploads\/sites\/408\/2022\/09\/Ba\u030ard-Folke-Fredriksen-Oslo-Paris21-300x106.jpg 300w, https:\/\/hoyre.no\/content\/uploads\/sites\/408\/2022\/09\/Ba\u030ard-Folke-Fredriksen-Oslo-Paris21-768x271.jpg 768w\" sizes=\"auto, (max-width: 1024px) 100vw, 1024px\" \/><\/div><\/figure><div id=\"hoyre-old-article-content-wrapper\"><p>I mange \u00e5r har vi h\u00f8rt snakk om den kommende \u201deldreb\u00f8lgen\u201d. Men hvor er den blitt av?<\/p><p>Svaret er at frem til 2020 er det ingen eldreb\u00f8lge. Vi befinner oss i en periode som best kan beskrives som stille f\u00f8r stormen. At vi vet dette, gir oss tid til \u00e5 planlegge.<\/p><p>Fra 2020 til 2040 er det beregnet at Norge f\u00e5r en nedgang p\u00e5 mer enn 1 sysselsatt per pensjonist, fra 2,94 sysselsatte per pensjonist i dag, til 1,89 sysselsatte per pensjonist i 2040. Med slike endringer er det ikke lenger et sp\u00f8rsm\u00e5l om man i fremtiden m\u00e5 st\u00e5 lenger i arbeidslivet og jobbe mer. Det kommer av ren n\u00f8dvendighet.<\/p><p>Men heldigvis er det ingen grunn til \u00e5 henge med hodet av dette. Arbeid et nemlig et gode. Det er en kilde til verdighet, selvstendighet og fellesskap.<\/p><p>Tankesmien Civita ga nylig ut et notat om fremtidens eldre. Her er det beregnet at hvis man fremover \u00f8ker den reelle avgangsalderen fra arbeidslivet med ett \u00e5r hvert femte kalender\u00e5r, f\u00e5r den norske \u00f8konomien tilf\u00f8rt 125.000 flere sysselsatte frem mot 2040.<\/p><p>Vi som er eller snart kommer i gruppen som omtales som \u201deldre\u201d, b\u00f8r anse dette som en mulighet. Samfunnet har ikke lenger r\u00e5d til \u00e5 se bort fra oss etter fylte 67 \u00e5r. Vi vet at eldre holder seg friske lenger, at det ikke er automatikk i at man trenger assistanse n\u00e5r man fyller 75 \u00e5r og at teknologiske nyvinninger muliggj\u00f8r \u00f8kt selvstendighet i alderdommen.<\/p><p>I dag har vi en rekke un\u00f8dige begrensninger, s\u00e6rlig i lovverket om aldersgrenser. Arbeidsgivere har rett til \u00e5 si opp arbeidstakere ved 70 \u00e5r uten n\u00e6rmere begrunnelse. I tillegg finnes en rekke lavere s\u00e6raldersgrenser i spesielle bransjer. I Oslo kommune kan man for eksempel ikke v\u00e6re over 60 \u00e5r dersom man vil v\u00e6re brannmester eller sanger ved krematoriene!<\/p><p>Vi er n\u00f8dt til \u00e5 ta p\u00e5 alvor den stadig voksende gruppen av eldre som har lyst til \u00e5 st\u00e5 lenger i jobb, men som blir skj\u00f8vet ut p\u00e5 grunn av alder. Senter for seniorpolitikk publiserer \u00e5rlig et \u00abseniorbarometer\u00bb, som viser bl.a. holdninger til jobb, pensjon og avgangsalder. I \u00f8kende grad \u00f8nsker arbeidstakere \u00e5 jobbe ogs\u00e5 etter at de n\u00e5r en alder der de kan velge pensjonisttilv\u00e6relsen. Mange kan potensielt f\u00e5 det bedre ved \u00e5 heve aldersgrensene, men konkurrerende hensyn, som eksempelvis sterkt ansettelsesvern har resultert i en videref\u00f8ring av status quo.<\/p><p>Det skal alltid l\u00f8nne seg \u00e5 jobbe, derfor m\u00e5 det ogs\u00e5 bli mer l\u00f8nnsomt \u00e5 ansette og \u00e5 legge til rette for at de som vil, kan jobbe lengre. I perioden 2005 &#8211; 2015 blir det 165\u00a0000 flere mennesker mellom 60 til 69 \u00e5r. Om disse vil v\u00e6re yrkesaktive eller brukere av folketrygden, vil naturlig nok bety mye for landets \u00f8konomi.<\/p><p>Arbeidskraften er landets viktigste ressurs. Gjennom pensjonsreformen sikter Stortinget og Regjeringen mot \u00e5 snu den utviklingen vi har sett i retning av et kortere arbeidsliv. En tettere sammenheng mellom inntektsopptjening og pensjonsytelse og innf\u00f8ring av levealdersjustering skal stimulere til b\u00e5de \u00f8kt arbeidstid som yrkesaktiv og utsatt avgang fra arbeidslivet.<\/p><p>For at de gode intensjonene i pensjonsreformen skal fungere etter hensikten er det viktig at det ikke foreligger for mange s\u00e6rbestemmelser som motvirker pensjonsreformens intensjon om \u00f8kt arbeidsdeltakelse.<\/p><p>Flere eldre i arbeid vil redusere utgifter til pensjon, minske presset p\u00e5 dem som er i tradisjonelt arbeidsf\u00f8r alder og \u00f8ke trivsel og helse i eldrebefolkningen. Eldrepolitikk dreier seg om \u00e5 legge til rette for en aktiv og verdig alderdom. Derfor b\u00f8r vi gi st\u00f8rre muligheter til \u00e5 bestemme selv hvor lenge en vil v\u00e6re aktiv i arbeidslivet. For mange er jobben en viktig del av livet. Derfor b\u00f8r man f\u00e5 leve fullt ut ogs\u00e5 p\u00e5 denne m\u00e5ten lenger enn til fylte 70 \u00e5r.<\/p><p>Det er gledelig \u00e5 se at H\u00f8yres stortingsprogram har tatt eldre og arbeid p\u00e5 alvor. H\u00f8yre \u00f8nsker \u00e5 g\u00e5 igjennom alle aldersgrenser i lovverket for \u00e5 tilpasse dem til pensjonsreformen og sikre at vi ikke st\u00f8ter arbeidsf\u00f8re og arbeidsvillige eldre ut av arbeidslivet. I samarbeid med partene i arbeidslivet \u00f8nsker vi \u00e5 heve 70-\u00e5rsregelen i arbeidsmilj\u00f8loven og tjenestemannsloven til 75 \u00e5r, slik at lovene blir i samsvar med reglene for opptjening av pensjon. S\u00e6raldersgrensene som vi ser kan ramme med n\u00e6rmest parodiske utfall skal gjennomg\u00e5s med sikte p\u00e5 at flest mulig av dem blir overfl\u00f8dige og kan erstattes av individuell vurdering av egnethet.<\/p><p>Norge b\u00f8r v\u00e6re et samfunn hvor det er attraktivt for mennesker over 60 \u00e5r \u00e5 st\u00e5 lenger i arbeid og bidra med det vi kan i arbeidslivet. Vi b\u00f8r inkludere flere eldre i arbeidslivet, ikke ekskludere. Den kompetansen og erfaringen som eldre mennesker representerer, har vi ikke r\u00e5d til \u00e5 g\u00e5 glipp av.<\/p><p><em>Innlegget stod p\u00e5 trykk\u00a0 i Dagbladet 23.06.2013.<\/em><\/p><p><em>Foto: colourbox.com<\/em><\/p>\n<\/div>\n<div class=\"tags\">\n\t<\/div>\n<div class=\"post-footer alignfull has-background block-editor-block-list__block\" data-align=full>\n\t<div class=\"post-footer-inner\">\n\t\t<h3>Relaterte artikler<\/h3>\n\t\t<div class=\"related-content\"><div class=\"is-card-hoyre\">\n\t<div class=\"teft-card hoyre-teft-card post-teft-card\">\n\t\t<a href=\"https:\/\/hoyre.no\/oslo\/aktuelt\/mdg-moralismen-fornekter-seg-ikke\/\" class=\"teft-card__primary-action\">\n\n\t\t\t\t\t<div class=\"teft-card__media teft-card__media--16-9\">\n\t\t\t\t\t\t<img loading=\"lazy\" decoding=\"async\" width=\"768\" height=\"512\" src=\"https:\/\/hoyre.no\/content\/uploads\/sites\/408\/2024\/01\/QZQlxtOC-768x512.jpeg\" class=\"attachment-medium_large size-medium_large\" alt=\"Merete Agerbak-Jensen\" srcset=\"https:\/\/hoyre.no\/content\/uploads\/sites\/408\/2024\/01\/QZQlxtOC-768x512.jpeg 768w, https:\/\/hoyre.no\/content\/uploads\/sites\/408\/2024\/01\/QZQlxtOC-300x200.jpeg 300w, https:\/\/hoyre.no\/content\/uploads\/sites\/408\/2024\/01\/QZQlxtOC-1024x683.jpeg 1024w, https:\/\/hoyre.no\/content\/uploads\/sites\/408\/2024\/01\/QZQlxtOC-1536x1024.jpeg 1536w, https:\/\/hoyre.no\/content\/uploads\/sites\/408\/2024\/01\/QZQlxtOC-2048x1365.jpeg 2048w\" sizes=\"auto, (max-width: 768px) 100vw, 768px\" \/>\t\t<\/div>\n\t\t\n\t\t\t<div class=\"teft-card__content-wrapper\">\n\t\t\t\t<div class=\"teft-card__secondary\">\n\t\t\t\t\t\n\t\t\t\t\t\t\t\t<div class=\"teft-card__meta\">\n\t\t\t\t\t\t\t\t\t<span class=\"post-date\">23. apr 2026<\/span>\n\n\t\t\t\t\t\t\t\t\t\t\t\t\t\t\t\t\t<\/div>\n\t\t\t\t\t\t\t\t\t\t\t<\/div>\n\n\t\t\t\t<div class=\"teft-card__primary\">\n\t\t\t\t\t<h2 class=\"teft-card__title\">MDG-moralismen fornekter seg ikke&nbsp;<span class=\"teft-card__primary-title-append\"><\/span><\/h2>\t\t\t\t<\/div>\n\t\t\t<\/div>\n\t\t<\/a>\n\t<\/div>\n\n\t<\/div><div class=\"is-card-hoyre\">\n\t<div class=\"teft-card hoyre-teft-card post-teft-card\">\n\t\t<a href=\"https:\/\/hoyre.no\/oslo\/aktuelt\/raskere-og-enklere-a-bygge-boliger-og-skape-arbeidsplasser-i-oslo\/\" class=\"teft-card__primary-action\">\n\n\t\t\t\t\t<div class=\"teft-card__media teft-card__media--16-9\">\n\t\t\t\t\t\t<img loading=\"lazy\" decoding=\"async\" width=\"768\" height=\"576\" src=\"https:\/\/hoyre.no\/content\/uploads\/sites\/408\/2026\/04\/Eirik-Lae-Solberg-og-Anita-Leirvik-North-768x576.jpg\" class=\"attachment-medium_large size-medium_large\" alt=\"\" srcset=\"https:\/\/hoyre.no\/content\/uploads\/sites\/408\/2026\/04\/Eirik-Lae-Solberg-og-Anita-Leirvik-North-768x576.jpg 768w, https:\/\/hoyre.no\/content\/uploads\/sites\/408\/2026\/04\/Eirik-Lae-Solberg-og-Anita-Leirvik-North-300x225.jpg 300w, https:\/\/hoyre.no\/content\/uploads\/sites\/408\/2026\/04\/Eirik-Lae-Solberg-og-Anita-Leirvik-North.jpg 901w\" sizes=\"auto, (max-width: 768px) 100vw, 768px\" \/>\t\t<\/div>\n\t\t\n\t\t\t<div class=\"teft-card__content-wrapper\">\n\t\t\t\t<div class=\"teft-card__secondary\">\n\t\t\t\t\t\n\t\t\t\t\t\t\t\t<div class=\"teft-card__meta\">\n\t\t\t\t\t\t\t\t\t<span class=\"post-date\">14. apr 2026<\/span>\n\n\t\t\t\t\t\t\t\t\t<span class=\"post-category\">Har lagt frem ny KPA:<\/span>\t\t\t\t\t\t\t\t<\/div>\n\t\t\t\t\t\t\t\t\t\t\t<\/div>\n\n\t\t\t\t<div class=\"teft-card__primary\">\n\t\t\t\t\t<h2 class=\"teft-card__title\">Raskere og enklere \u00e5 bygge boliger og skape arbeidsplasser i Oslo&nbsp;<span class=\"teft-card__primary-title-append\"><\/span><\/h2>\t\t\t\t<\/div>\n\t\t\t<\/div>\n\t\t<\/a>\n\t<\/div>\n\n\t<\/div><div class=\"is-card-hoyre\">\n\t<div class=\"teft-card hoyre-teft-card post-teft-card\">\n\t\t<a href=\"https:\/\/hoyre.no\/oslo\/aktuelt\/bedre-elevresultater-og-en-skoleokonomi-i-balanse-med-blagront-byrad\/\" class=\"teft-card__primary-action\">\n\n\t\t\t\t\t<div class=\"teft-card__media teft-card__media--16-9\">\n\t\t\t\t\t\t<img loading=\"lazy\" decoding=\"async\" width=\"768\" height=\"512\" src=\"https:\/\/hoyre.no\/content\/uploads\/sites\/408\/2025\/05\/IMG_6440-768x512.jpeg\" class=\"attachment-medium_large size-medium_large\" alt=\"Julie Remen Midtgarden\" srcset=\"https:\/\/hoyre.no\/content\/uploads\/sites\/408\/2025\/05\/IMG_6440-768x512.jpeg 768w, https:\/\/hoyre.no\/content\/uploads\/sites\/408\/2025\/05\/IMG_6440-300x200.jpeg 300w, https:\/\/hoyre.no\/content\/uploads\/sites\/408\/2025\/05\/IMG_6440-1024x683.jpeg 1024w, https:\/\/hoyre.no\/content\/uploads\/sites\/408\/2025\/05\/IMG_6440-1536x1024.jpeg 1536w, https:\/\/hoyre.no\/content\/uploads\/sites\/408\/2025\/05\/IMG_6440-2048x1365.jpeg 2048w\" sizes=\"auto, (max-width: 768px) 100vw, 768px\" \/>\t\t<\/div>\n\t\t\n\t\t\t<div class=\"teft-card__content-wrapper\">\n\t\t\t\t<div class=\"teft-card__secondary\">\n\t\t\t\t\t\n\t\t\t\t\t\t\t\t<div class=\"teft-card__meta\">\n\t\t\t\t\t\t\t\t\t<span class=\"post-date\">26. mar 2026<\/span>\n\n\t\t\t\t\t\t\t\t\t\t\t\t\t\t\t\t\t<\/div>\n\t\t\t\t\t\t\t\t\t\t\t<\/div>\n\n\t\t\t\t<div class=\"teft-card__primary\">\n\t\t\t\t\t<h2 class=\"teft-card__title\">Bedre elevresultater og en skole\u00f8konomi i balanse med bl\u00e5gr\u00f8nt byr\u00e5d&nbsp;<span class=\"teft-card__primary-title-append\"><\/span><\/h2>\t\t\t\t<\/div>\n\t\t\t<\/div>\n\t\t<\/a>\n\t<\/div>\n\n\t<\/div><\/div>\t<\/div>\n<\/div>\n","protected":false},"excerpt":{"rendered":"","protected":false},"author":0,"featured_media":0,"comment_status":"closed","ping_status":"open","sticky":false,"template":"","format":"standard","meta":{"teft_cards_image_url":"","teft_cards_custom_pretitle":"","teft_cards_image_id":0,"teft_cards_image_focal_point_x":0,"teft_cards_image_focal_point_y":0,"teft_cards_title":"","teft_cards_excerpt":"","teft_show_chapters":false,"author_display_name":"Oslo H\u00f8yre","footnotes":""},"category":[1],"post_tag":[],"hoyre-visibility":[],"article-type":[],"politician":[],"class_list":["post-1865","post","type-post","status-publish","format-standard","hentry","category-nyheter"],"yoast_head":"<!-- This site is optimized with the Yoast SEO Premium plugin v26.5 (Yoast SEO v26.6) - https:\/\/yoast.com\/wordpress\/plugins\/seo\/ -->\n<title>Stillle f\u00f8r stormen - Oslo H\u00f8yre<\/title>\n<meta name=\"robots\" content=\"index, follow, max-snippet:-1, max-image-preview:large, max-video-preview:-1\" \/>\n<link rel=\"canonical\" href=\"https:\/\/hoyre.no\/oslo\/aktuelt\/stillle-for-stormen\/\" \/>\n<meta property=\"og:locale\" content=\"nb_NO\" \/>\n<meta property=\"og:type\" content=\"article\" \/>\n<meta property=\"og:title\" content=\"Stillle f\u00f8r stormen\" \/>\n<meta property=\"og:url\" content=\"https:\/\/hoyre.no\/oslo\/aktuelt\/stillle-for-stormen\/\" \/>\n<meta property=\"og:site_name\" content=\"Oslo H\u00f8yre\" \/>\n<meta property=\"article:publisher\" content=\"https:\/\/www.facebook.com\/oslo.hoyre\" \/>\n<meta property=\"article:published_time\" content=\"2013-06-24T06:44:27+00:00\" \/>\n<meta property=\"article:modified_time\" content=\"2022-09-26T13:07:00+00:00\" \/>\n<meta property=\"og:image\" content=\"https:\/\/hoyre.no\/content\/uploads\/sites\/408\/2022\/11\/Hoyres-logo.png\" \/>\n\t<meta property=\"og:image:width\" content=\"1000\" \/>\n\t<meta property=\"og:image:height\" content=\"1000\" \/>\n\t<meta property=\"og:image:type\" content=\"image\/png\" \/>\n<meta name=\"twitter:card\" content=\"summary_large_image\" \/>\n<meta name=\"twitter:label1\" content=\"Ansl. lesetid\" \/>\n\t<meta name=\"twitter:data1\" content=\"4 minutter\" \/>\n<script type=\"application\/ld+json\" class=\"yoast-schema-graph\">{\"@context\":\"https:\/\/schema.org\",\"@graph\":[{\"@type\":\"Article\",\"@id\":\"https:\/\/hoyre.no\/oslo\/aktuelt\/stillle-for-stormen\/#article\",\"isPartOf\":{\"@id\":\"https:\/\/hoyre.no\/oslo\/aktuelt\/stillle-for-stormen\/\"},\"author\":{\"name\":\"\",\"@id\":\"\"},\"headline\":\"Stillle f\u00f8r stormen\",\"datePublished\":\"2013-06-24T06:44:27+00:00\",\"dateModified\":\"2022-09-26T13:07:00+00:00\",\"mainEntityOfPage\":{\"@id\":\"https:\/\/hoyre.no\/oslo\/aktuelt\/stillle-for-stormen\/\"},\"wordCount\":810,\"publisher\":{\"@id\":\"https:\/\/hoyre.no\/oslo\/#organization\"},\"articleSection\":[\"Nyheter\"],\"inLanguage\":\"nb-NO\"},{\"@type\":\"NewsArticle\",\"@id\":\"https:\/\/hoyre.no\/oslo\/aktuelt\/stillle-for-stormen\/\",\"url\":\"https:\/\/hoyre.no\/oslo\/aktuelt\/stillle-for-stormen\/\",\"name\":\"Stillle f\u00f8r stormen - Oslo H\u00f8yre\",\"isPartOf\":{\"@id\":\"https:\/\/hoyre.no\/oslo\/#website\"},\"datePublished\":\"2013-06-24T06:44:27+00:00\",\"dateModified\":\"2022-09-26T13:07:00+00:00\",\"breadcrumb\":{\"@id\":\"https:\/\/hoyre.no\/oslo\/aktuelt\/stillle-for-stormen\/#breadcrumb\"},\"inLanguage\":\"nb-NO\",\"potentialAction\":[{\"@type\":\"ReadAction\",\"target\":[\"https:\/\/hoyre.no\/oslo\/aktuelt\/stillle-for-stormen\/\"]}]},{\"@type\":\"BreadcrumbList\",\"@id\":\"https:\/\/hoyre.no\/oslo\/aktuelt\/stillle-for-stormen\/#breadcrumb\",\"itemListElement\":[{\"@type\":\"ListItem\",\"position\":1,\"name\":\"Til hoyre.no\",\"item\":\"https:\/\/hoyre.no\"},{\"@type\":\"ListItem\",\"position\":2,\"name\":\"Hjem\",\"item\":\"https:\/\/hoyre.no\/oslo\/\"},{\"@type\":\"ListItem\",\"position\":3,\"name\":\"Stillle f\u00f8r stormen\"}]},{\"@type\":\"WebSite\",\"@id\":\"https:\/\/hoyre.no\/oslo\/#website\",\"url\":\"https:\/\/hoyre.no\/oslo\/\",\"name\":\"Oslo H\u00f8yre\",\"description\":\"\",\"publisher\":{\"@id\":\"https:\/\/hoyre.no\/oslo\/#organization\"},\"inLanguage\":\"nb-NO\"},{\"@type\":\"Organization\",\"@id\":\"https:\/\/hoyre.no\/oslo\/#organization\",\"name\":\"Oslo H\u00f8yre\",\"url\":\"https:\/\/hoyre.no\/oslo\/\",\"logo\":{\"@type\":\"ImageObject\",\"inLanguage\":\"nb-NO\",\"@id\":\"https:\/\/hoyre.no\/oslo\/#\/schema\/logo\/image\/\",\"url\":\"https:\/\/hoyre.no\/content\/uploads\/sites\/408\/2022\/11\/Hoyres-logo.png\",\"contentUrl\":\"https:\/\/hoyre.no\/content\/uploads\/sites\/408\/2022\/11\/Hoyres-logo.png\",\"width\":1000,\"height\":1000,\"caption\":\"Oslo H\u00f8yre\"},\"image\":{\"@id\":\"https:\/\/hoyre.no\/oslo\/#\/schema\/logo\/image\/\"},\"sameAs\":[\"https:\/\/www.facebook.com\/oslo.hoyre\"]}]}<\/script>\n<!-- \/ Yoast SEO Premium plugin. -->","yoast_head_json":{"title":"Stillle f\u00f8r stormen - Oslo H\u00f8yre","robots":{"index":"index","follow":"follow","max-snippet":"max-snippet:-1","max-image-preview":"max-image-preview:large","max-video-preview":"max-video-preview:-1"},"canonical":"https:\/\/hoyre.no\/oslo\/aktuelt\/stillle-for-stormen\/","og_locale":"nb_NO","og_type":"article","og_title":"Stillle f\u00f8r stormen","og_url":"https:\/\/hoyre.no\/oslo\/aktuelt\/stillle-for-stormen\/","og_site_name":"Oslo H\u00f8yre","article_publisher":"https:\/\/www.facebook.com\/oslo.hoyre","article_published_time":"2013-06-24T06:44:27+00:00","article_modified_time":"2022-09-26T13:07:00+00:00","og_image":[{"width":1000,"height":1000,"url":"https:\/\/hoyre.no\/content\/uploads\/sites\/408\/2022\/11\/Hoyres-logo.png","type":"image\/png"}],"twitter_card":"summary_large_image","twitter_misc":{"Ansl. lesetid":"4 minutter"},"schema":{"@context":"https:\/\/schema.org","@graph":[{"@type":"Article","@id":"https:\/\/hoyre.no\/oslo\/aktuelt\/stillle-for-stormen\/#article","isPartOf":{"@id":"https:\/\/hoyre.no\/oslo\/aktuelt\/stillle-for-stormen\/"},"author":{"name":"","@id":""},"headline":"Stillle f\u00f8r stormen","datePublished":"2013-06-24T06:44:27+00:00","dateModified":"2022-09-26T13:07:00+00:00","mainEntityOfPage":{"@id":"https:\/\/hoyre.no\/oslo\/aktuelt\/stillle-for-stormen\/"},"wordCount":810,"publisher":{"@id":"https:\/\/hoyre.no\/oslo\/#organization"},"articleSection":["Nyheter"],"inLanguage":"nb-NO"},{"@type":"NewsArticle","@id":"https:\/\/hoyre.no\/oslo\/aktuelt\/stillle-for-stormen\/","url":"https:\/\/hoyre.no\/oslo\/aktuelt\/stillle-for-stormen\/","name":"Stillle f\u00f8r stormen - Oslo H\u00f8yre","isPartOf":{"@id":"https:\/\/hoyre.no\/oslo\/#website"},"datePublished":"2013-06-24T06:44:27+00:00","dateModified":"2022-09-26T13:07:00+00:00","breadcrumb":{"@id":"https:\/\/hoyre.no\/oslo\/aktuelt\/stillle-for-stormen\/#breadcrumb"},"inLanguage":"nb-NO","potentialAction":[{"@type":"ReadAction","target":["https:\/\/hoyre.no\/oslo\/aktuelt\/stillle-for-stormen\/"]}]},{"@type":"BreadcrumbList","@id":"https:\/\/hoyre.no\/oslo\/aktuelt\/stillle-for-stormen\/#breadcrumb","itemListElement":[{"@type":"ListItem","position":1,"name":"Til hoyre.no","item":"https:\/\/hoyre.no"},{"@type":"ListItem","position":2,"name":"Hjem","item":"https:\/\/hoyre.no\/oslo\/"},{"@type":"ListItem","position":3,"name":"Stillle f\u00f8r stormen"}]},{"@type":"WebSite","@id":"https:\/\/hoyre.no\/oslo\/#website","url":"https:\/\/hoyre.no\/oslo\/","name":"Oslo H\u00f8yre","description":"","publisher":{"@id":"https:\/\/hoyre.no\/oslo\/#organization"},"inLanguage":"nb-NO"},{"@type":"Organization","@id":"https:\/\/hoyre.no\/oslo\/#organization","name":"Oslo H\u00f8yre","url":"https:\/\/hoyre.no\/oslo\/","logo":{"@type":"ImageObject","inLanguage":"nb-NO","@id":"https:\/\/hoyre.no\/oslo\/#\/schema\/logo\/image\/","url":"https:\/\/hoyre.no\/content\/uploads\/sites\/408\/2022\/11\/Hoyres-logo.png","contentUrl":"https:\/\/hoyre.no\/content\/uploads\/sites\/408\/2022\/11\/Hoyres-logo.png","width":1000,"height":1000,"caption":"Oslo H\u00f8yre"},"image":{"@id":"https:\/\/hoyre.no\/oslo\/#\/schema\/logo\/image\/"},"sameAs":["https:\/\/www.facebook.com\/oslo.hoyre"]}]}},"distributor_meta":false,"distributor_terms":false,"distributor_media":false,"distributor_original_site_name":"Oslo H\u00f8yre","distributor_original_site_url":"https:\/\/hoyre.no\/oslo","push-errors":false,"_links":{"self":[{"href":"https:\/\/hoyre.no\/oslo\/wp-json\/wp\/v2\/posts\/1865","targetHints":{"allow":["GET"]}}],"collection":[{"href":"https:\/\/hoyre.no\/oslo\/wp-json\/wp\/v2\/posts"}],"about":[{"href":"https:\/\/hoyre.no\/oslo\/wp-json\/wp\/v2\/types\/post"}],"replies":[{"embeddable":true,"href":"https:\/\/hoyre.no\/oslo\/wp-json\/wp\/v2\/comments?post=1865"}],"version-history":[{"count":1,"href":"https:\/\/hoyre.no\/oslo\/wp-json\/wp\/v2\/posts\/1865\/revisions"}],"predecessor-version":[{"id":3038,"href":"https:\/\/hoyre.no\/oslo\/wp-json\/wp\/v2\/posts\/1865\/revisions\/3038"}],"wp:attachment":[{"href":"https:\/\/hoyre.no\/oslo\/wp-json\/wp\/v2\/media?parent=1865"}],"wp:term":[{"taxonomy":"category","embeddable":true,"href":"https:\/\/hoyre.no\/oslo\/wp-json\/wp\/v2\/category?post=1865"},{"taxonomy":"post_tag","embeddable":true,"href":"https:\/\/hoyre.no\/oslo\/wp-json\/wp\/v2\/post_tag?post=1865"},{"taxonomy":"hoyre-visibility","embeddable":true,"href":"https:\/\/hoyre.no\/oslo\/wp-json\/wp\/v2\/hoyre-visibility?post=1865"},{"taxonomy":"article-type","embeddable":true,"href":"https:\/\/hoyre.no\/oslo\/wp-json\/wp\/v2\/article-type?post=1865"},{"taxonomy":"politician","embeddable":true,"href":"https:\/\/hoyre.no\/oslo\/wp-json\/wp\/v2\/politician?post=1865"}],"curies":[{"name":"wp","href":"https:\/\/api.w.org\/{rel}","templated":true}]}}