{"id":1868,"date":"2013-06-19T09:17:36","date_gmt":"2013-06-19T09:17:36","guid":{"rendered":"https:\/\/hoyre.no\/oslo\/aktuelt\/oslo-ber-om-statlig-garanti-og-tilskudd-til-ol-og-pl-i-2022\/"},"modified":"2022-09-26T15:07:01","modified_gmt":"2022-09-26T13:07:01","slug":"oslo-ber-om-statlig-garanti-og-tilskudd-til-ol-og-pl-i-2022","status":"publish","type":"post","link":"https:\/\/hoyre.no\/oslo\/aktuelt\/oslo-ber-om-statlig-garanti-og-tilskudd-til-ol-og-pl-i-2022\/","title":{"rendered":"Oslo ber om statlig garanti og tilskudd til OL og PL i 2022"},"content":{"rendered":"<figure class=\"hoyre-image-wrapper\"><div class=\"hoyre-image\"><img loading=\"lazy\" decoding=\"async\" width=\"1024\" height=\"361\" src=\"https:\/\/hoyre.no\/content\/uploads\/sites\/408\/2022\/09\/OL1.jpg\" class=\"attachment-scaled size-scaled\" alt=\"\" style=\"object-position: 50% 50%\" srcset=\"https:\/\/hoyre.no\/content\/uploads\/sites\/408\/2022\/09\/OL1.jpg 1024w, https:\/\/hoyre.no\/content\/uploads\/sites\/408\/2022\/09\/OL1-300x106.jpg 300w, https:\/\/hoyre.no\/content\/uploads\/sites\/408\/2022\/09\/OL1-768x271.jpg 768w\" sizes=\"auto, (max-width: 1024px) 100vw, 1024px\" \/><\/div><\/figure><div id=\"hoyre-old-article-content-wrapper\"><p>Oslo kommune s\u00f8ker sammen med Norges idrettsforbund og olympiske og paralympiske komite, om statsgaranti og tilskudd for \u00e5 arrangere. De olympiske og paralympiske vinterleker i Oslo i 2022. S\u00f8knaden er overlevert staten ved kulturministeren i dag, og er n\u00e5 l\u00f8ftet til nasjonalt niv\u00e5.<\/p><blockquote><p>\u2013 Dette er en sjelden mulighet til \u00e5 skape og delta p\u00e5 noe stort. Med ringvirkninger utover egne landegrenser og for en ny generasjon. Lekene i Oslo vil v\u00e6re en unik anledning til \u00e5 vise frem Norge som vintersportsdestinasjon, som moderne kunnskapssamfunn og som en attraktiv samarbeidspartner. Dette skal bli hele Norges OL, sier byr\u00e5dsleder i Oslo, Stian Berger R\u00f8sland (H).<\/p><\/blockquote><p><!--more--><br \/><strong>Alle er velkomne!<\/strong><br \/>\nEtter at Oslo kommune 5. juni besluttet \u00e5 s\u00f8ke om f\u00e5 tildelt De olympiske og paralympiske vinterleker for 2022, tar n\u00e5 byen og landet et steg videre i s\u00f8knadsprosessen.<br \/>\n\u2013 Olympiske og paralympiske leker er en nasjonal begivenhet. Vi \u00f8nsker \u00e5 vinne vinterlekene til Oslo og Norge i 2022. Vi vil skape et arrangement der alle skal f\u00f8le seg velkommen. Det er en ambisjon at hele nasjonen skal engasjere seg og \u00f8nske \u00e5 v\u00e6re med, sier Stian Berger R\u00f8sland.<\/p><p><!--more--><br \/><strong>Engasjement og frivillighet i hele nasjonen<\/strong><br \/>\nSt\u00f8rrelsen p\u00e5 arrangementet vil skape et bredt engasjement som vil bidra til positive virkninger b\u00e5de f\u00f8r og etter lekene. Lekene vil bidra til \u00f8kt satsing p\u00e5 infrastruktur, kompetanse, kultur, frivillighet og folkehelse. OL vil v\u00e6re en drivkraft for frivillig virksomhet og en arena for \u00e5 rekruttere nye frivillige til idrett og samfunn.<br \/>\n\u2013 Det \u00e5 v\u00e6re frivillig under OL og PL i Oslo i 2022 skal gi ny kunnskap og kompetanse. Vi kommer til \u00e5 trenge rundt 20 000 frivillige, og vi \u00f8nsker at disse skal komme fra hele landet, sier byr\u00e5d for milj\u00f8 og samferdsel Ola Elvestuen (V).<\/p><p><!--more--><br \/><strong>Tilgjengelig og p\u00e5 skinner<\/strong><br \/>\nDet unike ved Oslo som vertsby, beliggenheten mellom fjorden og marka, har v\u00e6rt b\u00e6rende ved utviklingen av konseptet \u00abGames in the City\u00bb. Med f\u00e5 unntak skal alle \u00f8velser foreg\u00e5 innenfor Oslos grenser. Arenaene plasseres i en halvsirkel rundt byen, med seremonier og fest i sentrum. Sentralt for konseptet er enkel tilgjengelighet og skinneg\u00e5ende transport for publikum. Med kort avstand mellom arenaene vil det v\u00e6re mulig for publikum \u00e5 f\u00e5 med seg flere \u00f8velser og arrangementer i l\u00f8pet av en dag. De alpine \u00f8velsene samt \u00f8velser for bob, ake og skeleton skal foreg\u00e5 i Lillehammerregionen.<\/p><p><strong>Historisk befolkningsvekst<\/strong><br \/>\nNorges hovedstad st\u00e5r overfor en historisk befolkningsvekst. I l\u00f8pet av ti \u00e5r vil Oslo ha f\u00e5tt 100 000 nye innbyggere. Det er et stort behov for idrettsanlegg og infrastruktur. Nye anlegg vil for ettertiden brukes av b\u00e5de elite- og breddeidretten, og av b\u00e5de sommer- og vinteridrettene.<br \/>\n\u2013 \u00abGames in the City\u00bb bygger opp under og forsterker en b\u00e6rekraftig videreutvikling av Oslo \u00f8st. Vi tilrettelegger for gode bo- og n\u00e6ringsomr\u00e5der, og er opptatt av \u00e5 sikre god etterbruk av investeringene v\u00e5re, sier Ola Elvestuen.<\/p><p><!--more--><br \/><strong>Finansiering<\/strong><br \/>\nDe offentlige kostnadene for vinterlekene 2022 er beregnet til mellom 20-23 mrd kroner. I tillegg tilkommer private investeringer p\u00e5 rundt 10 mrd. kroner. IOC krever at det stilles en bruttogaranti. S\u00f8kerne tar som et utgangspunkt at de totale offentlige kostnadene fordeles mellom staten, de involverte kommunene og spillemidler fra idretten. Gjennom s\u00f8knaden ber Oslo kommune og NIF staten om tilslutning til det videre s\u00f8knadsarbeidet. Samarbeidspartnerne ber om statlig tilskudd til offentlige utgifter. I tillegg ber s\u00f8kerne om statlig bruttogaranti for gjennomf\u00f8ringen av olympiske og paralympiske vinterleker i Oslo i 2022 p\u00e5 33 691 mrd kroner. Modell for fordeling av investeringskostnadene til idrettsanlegg og infrastruktur vil fremforhandles mellom partene. N\u00e5r det gjelder etterbrukskostnadene, i hovedsak driftskostnader til oppgraderte og ny idrettsanlegg, foresl\u00e5r s\u00f8kerne at disse kostnadene b\u00e6res lokalt.<\/p><p><!--more--><br \/><strong>Vil vinne 31. Juli 2015<\/strong><br \/>\nSammen med samarbeidskommunene Ringebu, \u00d8yer, Lillehammer, L\u00f8renskog og B\u00e6rum, vil Oslo kommune og NIF vinne vinterlekene til Norge i 2022.<br \/>\n\u2013 Vi \u00f8nsker leker som setter varig fotavtrykk etter seg i stor-Oslo, i Lillehammerregionen og i resten av landet. Sammen har vi arbeidet frem et konsept vi mener vil st\u00e5 sterkt i den harde internasjonale konkurransen som ligger foran oss, sier byr\u00e5dsleder Stian Berger R\u00f8sland.<br \/>\nProsessen fremover Folkeavstemning om OL og PL i Oslo: 9. september 2013 Frist for Norges olympiske komit\u00e9 til \u00e5 melde sin interesse for IOC: 14. november 2013 S\u00f8knad til IOC om \u00e5 bli kandidatby: 14. mars 2014 IOC velger kandidatbyer til neste s\u00f8kerrunde: Sommer 2014 Stortinget tar stilling til Oslos s\u00f8knad om statsgaranti: H\u00f8st 2014 Kandidatbyene leverer endelig s\u00f8knad til IOC: Januar 2015 IOC kunngj\u00f8r arrang\u00f8rby for OL og PL 2022 i Kuala Lumpur: 31. juli 2015<\/p>\n<\/div>\n<div class=\"tags\">\n\t<\/div>\n<div class=\"post-footer alignfull has-background block-editor-block-list__block\" data-align=full>\n\t<div class=\"post-footer-inner\">\n\t\t<h3>Relaterte artikler<\/h3>\n\t\t<div class=\"related-content\"><div class=\"is-card-hoyre\">\n\t<div class=\"teft-card hoyre-teft-card post-teft-card\">\n\t\t<a href=\"https:\/\/hoyre.no\/oslo\/aktuelt\/mdg-moralismen-fornekter-seg-ikke\/\" class=\"teft-card__primary-action\">\n\n\t\t\t\t\t<div class=\"teft-card__media teft-card__media--16-9\">\n\t\t\t\t\t\t<img loading=\"lazy\" decoding=\"async\" width=\"768\" height=\"512\" src=\"https:\/\/hoyre.no\/content\/uploads\/sites\/408\/2024\/01\/QZQlxtOC-768x512.jpeg\" class=\"attachment-medium_large size-medium_large\" alt=\"Merete Agerbak-Jensen\" srcset=\"https:\/\/hoyre.no\/content\/uploads\/sites\/408\/2024\/01\/QZQlxtOC-768x512.jpeg 768w, https:\/\/hoyre.no\/content\/uploads\/sites\/408\/2024\/01\/QZQlxtOC-300x200.jpeg 300w, https:\/\/hoyre.no\/content\/uploads\/sites\/408\/2024\/01\/QZQlxtOC-1024x683.jpeg 1024w, https:\/\/hoyre.no\/content\/uploads\/sites\/408\/2024\/01\/QZQlxtOC-1536x1024.jpeg 1536w, https:\/\/hoyre.no\/content\/uploads\/sites\/408\/2024\/01\/QZQlxtOC-2048x1365.jpeg 2048w\" sizes=\"auto, (max-width: 768px) 100vw, 768px\" \/>\t\t<\/div>\n\t\t\n\t\t\t<div class=\"teft-card__content-wrapper\">\n\t\t\t\t<div class=\"teft-card__secondary\">\n\t\t\t\t\t\n\t\t\t\t\t\t\t\t<div class=\"teft-card__meta\">\n\t\t\t\t\t\t\t\t\t<span class=\"post-date\">23. apr 2026<\/span>\n\n\t\t\t\t\t\t\t\t\t\t\t\t\t\t\t\t\t<\/div>\n\t\t\t\t\t\t\t\t\t\t\t<\/div>\n\n\t\t\t\t<div class=\"teft-card__primary\">\n\t\t\t\t\t<h2 class=\"teft-card__title\">MDG-moralismen fornekter seg ikke&nbsp;<span class=\"teft-card__primary-title-append\"><\/span><\/h2>\t\t\t\t<\/div>\n\t\t\t<\/div>\n\t\t<\/a>\n\t<\/div>\n\n\t<\/div><div class=\"is-card-hoyre\">\n\t<div class=\"teft-card hoyre-teft-card post-teft-card\">\n\t\t<a href=\"https:\/\/hoyre.no\/oslo\/aktuelt\/raskere-og-enklere-a-bygge-boliger-og-skape-arbeidsplasser-i-oslo\/\" class=\"teft-card__primary-action\">\n\n\t\t\t\t\t<div class=\"teft-card__media teft-card__media--16-9\">\n\t\t\t\t\t\t<img loading=\"lazy\" decoding=\"async\" width=\"768\" height=\"576\" src=\"https:\/\/hoyre.no\/content\/uploads\/sites\/408\/2026\/04\/Eirik-Lae-Solberg-og-Anita-Leirvik-North-768x576.jpg\" class=\"attachment-medium_large size-medium_large\" alt=\"\" srcset=\"https:\/\/hoyre.no\/content\/uploads\/sites\/408\/2026\/04\/Eirik-Lae-Solberg-og-Anita-Leirvik-North-768x576.jpg 768w, https:\/\/hoyre.no\/content\/uploads\/sites\/408\/2026\/04\/Eirik-Lae-Solberg-og-Anita-Leirvik-North-300x225.jpg 300w, https:\/\/hoyre.no\/content\/uploads\/sites\/408\/2026\/04\/Eirik-Lae-Solberg-og-Anita-Leirvik-North.jpg 901w\" sizes=\"auto, (max-width: 768px) 100vw, 768px\" \/>\t\t<\/div>\n\t\t\n\t\t\t<div class=\"teft-card__content-wrapper\">\n\t\t\t\t<div class=\"teft-card__secondary\">\n\t\t\t\t\t\n\t\t\t\t\t\t\t\t<div class=\"teft-card__meta\">\n\t\t\t\t\t\t\t\t\t<span class=\"post-date\">14. apr 2026<\/span>\n\n\t\t\t\t\t\t\t\t\t<span class=\"post-category\">Har lagt frem ny KPA:<\/span>\t\t\t\t\t\t\t\t<\/div>\n\t\t\t\t\t\t\t\t\t\t\t<\/div>\n\n\t\t\t\t<div class=\"teft-card__primary\">\n\t\t\t\t\t<h2 class=\"teft-card__title\">Raskere og enklere \u00e5 bygge boliger og skape arbeidsplasser i Oslo&nbsp;<span class=\"teft-card__primary-title-append\"><\/span><\/h2>\t\t\t\t<\/div>\n\t\t\t<\/div>\n\t\t<\/a>\n\t<\/div>\n\n\t<\/div><div class=\"is-card-hoyre\">\n\t<div class=\"teft-card hoyre-teft-card post-teft-card\">\n\t\t<a href=\"https:\/\/hoyre.no\/oslo\/aktuelt\/bedre-elevresultater-og-en-skoleokonomi-i-balanse-med-blagront-byrad\/\" class=\"teft-card__primary-action\">\n\n\t\t\t\t\t<div class=\"teft-card__media teft-card__media--16-9\">\n\t\t\t\t\t\t<img loading=\"lazy\" decoding=\"async\" width=\"768\" height=\"512\" src=\"https:\/\/hoyre.no\/content\/uploads\/sites\/408\/2025\/05\/IMG_6440-768x512.jpeg\" class=\"attachment-medium_large size-medium_large\" alt=\"Julie Remen Midtgarden\" srcset=\"https:\/\/hoyre.no\/content\/uploads\/sites\/408\/2025\/05\/IMG_6440-768x512.jpeg 768w, https:\/\/hoyre.no\/content\/uploads\/sites\/408\/2025\/05\/IMG_6440-300x200.jpeg 300w, https:\/\/hoyre.no\/content\/uploads\/sites\/408\/2025\/05\/IMG_6440-1024x683.jpeg 1024w, https:\/\/hoyre.no\/content\/uploads\/sites\/408\/2025\/05\/IMG_6440-1536x1024.jpeg 1536w, https:\/\/hoyre.no\/content\/uploads\/sites\/408\/2025\/05\/IMG_6440-2048x1365.jpeg 2048w\" sizes=\"auto, (max-width: 768px) 100vw, 768px\" \/>\t\t<\/div>\n\t\t\n\t\t\t<div class=\"teft-card__content-wrapper\">\n\t\t\t\t<div class=\"teft-card__secondary\">\n\t\t\t\t\t\n\t\t\t\t\t\t\t\t<div class=\"teft-card__meta\">\n\t\t\t\t\t\t\t\t\t<span class=\"post-date\">26. mar 2026<\/span>\n\n\t\t\t\t\t\t\t\t\t\t\t\t\t\t\t\t\t<\/div>\n\t\t\t\t\t\t\t\t\t\t\t<\/div>\n\n\t\t\t\t<div class=\"teft-card__primary\">\n\t\t\t\t\t<h2 class=\"teft-card__title\">Bedre elevresultater og en skole\u00f8konomi i balanse med bl\u00e5gr\u00f8nt byr\u00e5d&nbsp;<span class=\"teft-card__primary-title-append\"><\/span><\/h2>\t\t\t\t<\/div>\n\t\t\t<\/div>\n\t\t<\/a>\n\t<\/div>\n\n\t<\/div><\/div>\t<\/div>\n<\/div>\n","protected":false},"excerpt":{"rendered":"<p>Oslo kommune s\u00f8ker sammen med Norges idrettsforbund og olympiske og paralympiske komite, om statsgaranti og tilskudd for \u00e5 arrangere. De olympiske og paralympiske vinterleker i Oslo i 2022. S\u00f8knaden er overlevert staten ved kulturministeren i dag, og er n\u00e5 l\u00f8ftet til nasjonalt niv\u00e5. \u2013 Dette er en sjelden mulighet til \u00e5 skape og delta p\u00e5 [&hellip;]<\/p>\n","protected":false},"author":0,"featured_media":1869,"comment_status":"closed","ping_status":"open","sticky":false,"template":"","format":"standard","meta":{"teft_cards_image_url":"","teft_cards_custom_pretitle":"","teft_cards_image_id":1869,"teft_cards_image_focal_point_x":0,"teft_cards_image_focal_point_y":0,"teft_cards_title":"","teft_cards_excerpt":"","teft_show_chapters":false,"author_display_name":"Oslo H\u00f8yre","footnotes":""},"category":[1],"post_tag":[],"hoyre-visibility":[],"article-type":[],"politician":[],"class_list":["post-1868","post","type-post","status-publish","format-standard","hentry","category-nyheter"],"yoast_head":"<!-- This site is optimized with the Yoast SEO Premium plugin v26.5 (Yoast SEO v26.6) - https:\/\/yoast.com\/wordpress\/plugins\/seo\/ -->\n<title>Oslo ber om statlig garanti og tilskudd til OL og PL i 2022 - Oslo H\u00f8yre<\/title>\n<meta name=\"robots\" content=\"index, follow, max-snippet:-1, max-image-preview:large, max-video-preview:-1\" \/>\n<link rel=\"canonical\" href=\"https:\/\/hoyre.no\/oslo\/aktuelt\/oslo-ber-om-statlig-garanti-og-tilskudd-til-ol-og-pl-i-2022\/\" \/>\n<meta property=\"og:locale\" content=\"nb_NO\" \/>\n<meta property=\"og:type\" content=\"article\" \/>\n<meta property=\"og:title\" content=\"Oslo ber om statlig garanti og tilskudd til OL og PL i 2022\" \/>\n<meta property=\"og:description\" content=\"Oslo kommune s\u00f8ker sammen med Norges idrettsforbund og olympiske og paralympiske komite, om statsgaranti og tilskudd for \u00e5 arrangere. De olympiske og paralympiske vinterleker i Oslo i 2022. S\u00f8knaden er overlevert staten ved kulturministeren i dag, og er n\u00e5 l\u00f8ftet til nasjonalt niv\u00e5. \u2013 Dette er en sjelden mulighet til \u00e5 skape og delta p\u00e5 [&hellip;]\" \/>\n<meta property=\"og:url\" content=\"https:\/\/hoyre.no\/oslo\/aktuelt\/oslo-ber-om-statlig-garanti-og-tilskudd-til-ol-og-pl-i-2022\/\" \/>\n<meta property=\"og:site_name\" content=\"Oslo H\u00f8yre\" \/>\n<meta property=\"article:publisher\" content=\"https:\/\/www.facebook.com\/oslo.hoyre\" \/>\n<meta property=\"article:published_time\" content=\"2013-06-19T09:17:36+00:00\" \/>\n<meta property=\"article:modified_time\" content=\"2022-09-26T13:07:01+00:00\" \/>\n<meta property=\"og:image\" content=\"https:\/\/hoyre.no\/content\/uploads\/sites\/408\/2022\/09\/OL1.jpg\" \/>\n\t<meta property=\"og:image:width\" content=\"1024\" \/>\n\t<meta property=\"og:image:height\" content=\"361\" \/>\n\t<meta property=\"og:image:type\" content=\"image\/jpeg\" \/>\n<meta name=\"twitter:card\" content=\"summary_large_image\" \/>\n<meta name=\"twitter:label1\" content=\"Ansl. lesetid\" \/>\n\t<meta name=\"twitter:data1\" content=\"4 minutter\" \/>\n<script type=\"application\/ld+json\" class=\"yoast-schema-graph\">{\"@context\":\"https:\/\/schema.org\",\"@graph\":[{\"@type\":\"Article\",\"@id\":\"https:\/\/hoyre.no\/oslo\/aktuelt\/oslo-ber-om-statlig-garanti-og-tilskudd-til-ol-og-pl-i-2022\/#article\",\"isPartOf\":{\"@id\":\"https:\/\/hoyre.no\/oslo\/aktuelt\/oslo-ber-om-statlig-garanti-og-tilskudd-til-ol-og-pl-i-2022\/\"},\"author\":{\"name\":\"\",\"@id\":\"\"},\"headline\":\"Oslo ber om statlig garanti og tilskudd til OL og PL i 2022\",\"datePublished\":\"2013-06-19T09:17:36+00:00\",\"dateModified\":\"2022-09-26T13:07:01+00:00\",\"mainEntityOfPage\":{\"@id\":\"https:\/\/hoyre.no\/oslo\/aktuelt\/oslo-ber-om-statlig-garanti-og-tilskudd-til-ol-og-pl-i-2022\/\"},\"wordCount\":779,\"publisher\":{\"@id\":\"https:\/\/hoyre.no\/oslo\/#organization\"},\"image\":{\"@id\":\"https:\/\/hoyre.no\/oslo\/aktuelt\/oslo-ber-om-statlig-garanti-og-tilskudd-til-ol-og-pl-i-2022\/#primaryimage\"},\"thumbnailUrl\":\"https:\/\/hoyre.no\/content\/uploads\/sites\/408\/2022\/09\/OL1.jpg\",\"articleSection\":[\"Nyheter\"],\"inLanguage\":\"nb-NO\"},{\"@type\":\"NewsArticle\",\"@id\":\"https:\/\/hoyre.no\/oslo\/aktuelt\/oslo-ber-om-statlig-garanti-og-tilskudd-til-ol-og-pl-i-2022\/\",\"url\":\"https:\/\/hoyre.no\/oslo\/aktuelt\/oslo-ber-om-statlig-garanti-og-tilskudd-til-ol-og-pl-i-2022\/\",\"name\":\"Oslo ber om statlig garanti og tilskudd til OL og PL i 2022 - Oslo H\u00f8yre\",\"isPartOf\":{\"@id\":\"https:\/\/hoyre.no\/oslo\/#website\"},\"image\":{\"@id\":\"https:\/\/hoyre.no\/oslo\/aktuelt\/oslo-ber-om-statlig-garanti-og-tilskudd-til-ol-og-pl-i-2022\/#primaryimage\"},\"thumbnailUrl\":\"https:\/\/hoyre.no\/content\/uploads\/sites\/408\/2022\/09\/OL1.jpg\",\"datePublished\":\"2013-06-19T09:17:36+00:00\",\"dateModified\":\"2022-09-26T13:07:01+00:00\",\"breadcrumb\":{\"@id\":\"https:\/\/hoyre.no\/oslo\/aktuelt\/oslo-ber-om-statlig-garanti-og-tilskudd-til-ol-og-pl-i-2022\/#breadcrumb\"},\"inLanguage\":\"nb-NO\",\"potentialAction\":[{\"@type\":\"ReadAction\",\"target\":[\"https:\/\/hoyre.no\/oslo\/aktuelt\/oslo-ber-om-statlig-garanti-og-tilskudd-til-ol-og-pl-i-2022\/\"]}]},{\"@type\":\"ImageObject\",\"inLanguage\":\"nb-NO\",\"@id\":\"https:\/\/hoyre.no\/oslo\/aktuelt\/oslo-ber-om-statlig-garanti-og-tilskudd-til-ol-og-pl-i-2022\/#primaryimage\",\"url\":\"https:\/\/hoyre.no\/content\/uploads\/sites\/408\/2022\/09\/OL1.jpg\",\"contentUrl\":\"https:\/\/hoyre.no\/content\/uploads\/sites\/408\/2022\/09\/OL1.jpg\",\"width\":1024,\"height\":361},{\"@type\":\"BreadcrumbList\",\"@id\":\"https:\/\/hoyre.no\/oslo\/aktuelt\/oslo-ber-om-statlig-garanti-og-tilskudd-til-ol-og-pl-i-2022\/#breadcrumb\",\"itemListElement\":[{\"@type\":\"ListItem\",\"position\":1,\"name\":\"Til hoyre.no\",\"item\":\"https:\/\/hoyre.no\"},{\"@type\":\"ListItem\",\"position\":2,\"name\":\"Hjem\",\"item\":\"https:\/\/hoyre.no\/oslo\/\"},{\"@type\":\"ListItem\",\"position\":3,\"name\":\"Oslo ber om statlig garanti og tilskudd til OL og PL i 2022\"}]},{\"@type\":\"WebSite\",\"@id\":\"https:\/\/hoyre.no\/oslo\/#website\",\"url\":\"https:\/\/hoyre.no\/oslo\/\",\"name\":\"Oslo H\u00f8yre\",\"description\":\"\",\"publisher\":{\"@id\":\"https:\/\/hoyre.no\/oslo\/#organization\"},\"inLanguage\":\"nb-NO\"},{\"@type\":\"Organization\",\"@id\":\"https:\/\/hoyre.no\/oslo\/#organization\",\"name\":\"Oslo H\u00f8yre\",\"url\":\"https:\/\/hoyre.no\/oslo\/\",\"logo\":{\"@type\":\"ImageObject\",\"inLanguage\":\"nb-NO\",\"@id\":\"https:\/\/hoyre.no\/oslo\/#\/schema\/logo\/image\/\",\"url\":\"https:\/\/hoyre.no\/content\/uploads\/sites\/408\/2022\/11\/Hoyres-logo.png\",\"contentUrl\":\"https:\/\/hoyre.no\/content\/uploads\/sites\/408\/2022\/11\/Hoyres-logo.png\",\"width\":1000,\"height\":1000,\"caption\":\"Oslo H\u00f8yre\"},\"image\":{\"@id\":\"https:\/\/hoyre.no\/oslo\/#\/schema\/logo\/image\/\"},\"sameAs\":[\"https:\/\/www.facebook.com\/oslo.hoyre\"]}]}<\/script>\n<!-- \/ Yoast SEO Premium plugin. -->","yoast_head_json":{"title":"Oslo ber om statlig garanti og tilskudd til OL og PL i 2022 - Oslo H\u00f8yre","robots":{"index":"index","follow":"follow","max-snippet":"max-snippet:-1","max-image-preview":"max-image-preview:large","max-video-preview":"max-video-preview:-1"},"canonical":"https:\/\/hoyre.no\/oslo\/aktuelt\/oslo-ber-om-statlig-garanti-og-tilskudd-til-ol-og-pl-i-2022\/","og_locale":"nb_NO","og_type":"article","og_title":"Oslo ber om statlig garanti og tilskudd til OL og PL i 2022","og_description":"Oslo kommune s\u00f8ker sammen med Norges idrettsforbund og olympiske og paralympiske komite, om statsgaranti og tilskudd for \u00e5 arrangere. De olympiske og paralympiske vinterleker i Oslo i 2022. S\u00f8knaden er overlevert staten ved kulturministeren i dag, og er n\u00e5 l\u00f8ftet til nasjonalt niv\u00e5. \u2013 Dette er en sjelden mulighet til \u00e5 skape og delta p\u00e5 [&hellip;]","og_url":"https:\/\/hoyre.no\/oslo\/aktuelt\/oslo-ber-om-statlig-garanti-og-tilskudd-til-ol-og-pl-i-2022\/","og_site_name":"Oslo H\u00f8yre","article_publisher":"https:\/\/www.facebook.com\/oslo.hoyre","article_published_time":"2013-06-19T09:17:36+00:00","article_modified_time":"2022-09-26T13:07:01+00:00","og_image":[{"width":1024,"height":361,"url":"https:\/\/hoyre.no\/content\/uploads\/sites\/408\/2022\/09\/OL1.jpg","type":"image\/jpeg"}],"twitter_card":"summary_large_image","twitter_misc":{"Ansl. lesetid":"4 minutter"},"schema":{"@context":"https:\/\/schema.org","@graph":[{"@type":"Article","@id":"https:\/\/hoyre.no\/oslo\/aktuelt\/oslo-ber-om-statlig-garanti-og-tilskudd-til-ol-og-pl-i-2022\/#article","isPartOf":{"@id":"https:\/\/hoyre.no\/oslo\/aktuelt\/oslo-ber-om-statlig-garanti-og-tilskudd-til-ol-og-pl-i-2022\/"},"author":{"name":"","@id":""},"headline":"Oslo ber om statlig garanti og tilskudd til OL og PL i 2022","datePublished":"2013-06-19T09:17:36+00:00","dateModified":"2022-09-26T13:07:01+00:00","mainEntityOfPage":{"@id":"https:\/\/hoyre.no\/oslo\/aktuelt\/oslo-ber-om-statlig-garanti-og-tilskudd-til-ol-og-pl-i-2022\/"},"wordCount":779,"publisher":{"@id":"https:\/\/hoyre.no\/oslo\/#organization"},"image":{"@id":"https:\/\/hoyre.no\/oslo\/aktuelt\/oslo-ber-om-statlig-garanti-og-tilskudd-til-ol-og-pl-i-2022\/#primaryimage"},"thumbnailUrl":"https:\/\/hoyre.no\/content\/uploads\/sites\/408\/2022\/09\/OL1.jpg","articleSection":["Nyheter"],"inLanguage":"nb-NO"},{"@type":"NewsArticle","@id":"https:\/\/hoyre.no\/oslo\/aktuelt\/oslo-ber-om-statlig-garanti-og-tilskudd-til-ol-og-pl-i-2022\/","url":"https:\/\/hoyre.no\/oslo\/aktuelt\/oslo-ber-om-statlig-garanti-og-tilskudd-til-ol-og-pl-i-2022\/","name":"Oslo ber om statlig garanti og tilskudd til OL og PL i 2022 - Oslo H\u00f8yre","isPartOf":{"@id":"https:\/\/hoyre.no\/oslo\/#website"},"image":{"@id":"https:\/\/hoyre.no\/oslo\/aktuelt\/oslo-ber-om-statlig-garanti-og-tilskudd-til-ol-og-pl-i-2022\/#primaryimage"},"thumbnailUrl":"https:\/\/hoyre.no\/content\/uploads\/sites\/408\/2022\/09\/OL1.jpg","datePublished":"2013-06-19T09:17:36+00:00","dateModified":"2022-09-26T13:07:01+00:00","breadcrumb":{"@id":"https:\/\/hoyre.no\/oslo\/aktuelt\/oslo-ber-om-statlig-garanti-og-tilskudd-til-ol-og-pl-i-2022\/#breadcrumb"},"inLanguage":"nb-NO","potentialAction":[{"@type":"ReadAction","target":["https:\/\/hoyre.no\/oslo\/aktuelt\/oslo-ber-om-statlig-garanti-og-tilskudd-til-ol-og-pl-i-2022\/"]}]},{"@type":"ImageObject","inLanguage":"nb-NO","@id":"https:\/\/hoyre.no\/oslo\/aktuelt\/oslo-ber-om-statlig-garanti-og-tilskudd-til-ol-og-pl-i-2022\/#primaryimage","url":"https:\/\/hoyre.no\/content\/uploads\/sites\/408\/2022\/09\/OL1.jpg","contentUrl":"https:\/\/hoyre.no\/content\/uploads\/sites\/408\/2022\/09\/OL1.jpg","width":1024,"height":361},{"@type":"BreadcrumbList","@id":"https:\/\/hoyre.no\/oslo\/aktuelt\/oslo-ber-om-statlig-garanti-og-tilskudd-til-ol-og-pl-i-2022\/#breadcrumb","itemListElement":[{"@type":"ListItem","position":1,"name":"Til hoyre.no","item":"https:\/\/hoyre.no"},{"@type":"ListItem","position":2,"name":"Hjem","item":"https:\/\/hoyre.no\/oslo\/"},{"@type":"ListItem","position":3,"name":"Oslo ber om statlig garanti og tilskudd til OL og PL i 2022"}]},{"@type":"WebSite","@id":"https:\/\/hoyre.no\/oslo\/#website","url":"https:\/\/hoyre.no\/oslo\/","name":"Oslo H\u00f8yre","description":"","publisher":{"@id":"https:\/\/hoyre.no\/oslo\/#organization"},"inLanguage":"nb-NO"},{"@type":"Organization","@id":"https:\/\/hoyre.no\/oslo\/#organization","name":"Oslo H\u00f8yre","url":"https:\/\/hoyre.no\/oslo\/","logo":{"@type":"ImageObject","inLanguage":"nb-NO","@id":"https:\/\/hoyre.no\/oslo\/#\/schema\/logo\/image\/","url":"https:\/\/hoyre.no\/content\/uploads\/sites\/408\/2022\/11\/Hoyres-logo.png","contentUrl":"https:\/\/hoyre.no\/content\/uploads\/sites\/408\/2022\/11\/Hoyres-logo.png","width":1000,"height":1000,"caption":"Oslo H\u00f8yre"},"image":{"@id":"https:\/\/hoyre.no\/oslo\/#\/schema\/logo\/image\/"},"sameAs":["https:\/\/www.facebook.com\/oslo.hoyre"]}]}},"distributor_meta":false,"distributor_terms":false,"distributor_media":false,"distributor_original_site_name":"Oslo H\u00f8yre","distributor_original_site_url":"https:\/\/hoyre.no\/oslo","push-errors":false,"_links":{"self":[{"href":"https:\/\/hoyre.no\/oslo\/wp-json\/wp\/v2\/posts\/1868","targetHints":{"allow":["GET"]}}],"collection":[{"href":"https:\/\/hoyre.no\/oslo\/wp-json\/wp\/v2\/posts"}],"about":[{"href":"https:\/\/hoyre.no\/oslo\/wp-json\/wp\/v2\/types\/post"}],"replies":[{"embeddable":true,"href":"https:\/\/hoyre.no\/oslo\/wp-json\/wp\/v2\/comments?post=1868"}],"version-history":[{"count":1,"href":"https:\/\/hoyre.no\/oslo\/wp-json\/wp\/v2\/posts\/1868\/revisions"}],"predecessor-version":[{"id":3040,"href":"https:\/\/hoyre.no\/oslo\/wp-json\/wp\/v2\/posts\/1868\/revisions\/3040"}],"wp:featuredmedia":[{"embeddable":true,"href":"https:\/\/hoyre.no\/oslo\/wp-json\/wp\/v2\/media\/1869"}],"wp:attachment":[{"href":"https:\/\/hoyre.no\/oslo\/wp-json\/wp\/v2\/media?parent=1868"}],"wp:term":[{"taxonomy":"category","embeddable":true,"href":"https:\/\/hoyre.no\/oslo\/wp-json\/wp\/v2\/category?post=1868"},{"taxonomy":"post_tag","embeddable":true,"href":"https:\/\/hoyre.no\/oslo\/wp-json\/wp\/v2\/post_tag?post=1868"},{"taxonomy":"hoyre-visibility","embeddable":true,"href":"https:\/\/hoyre.no\/oslo\/wp-json\/wp\/v2\/hoyre-visibility?post=1868"},{"taxonomy":"article-type","embeddable":true,"href":"https:\/\/hoyre.no\/oslo\/wp-json\/wp\/v2\/article-type?post=1868"},{"taxonomy":"politician","embeddable":true,"href":"https:\/\/hoyre.no\/oslo\/wp-json\/wp\/v2\/politician?post=1868"}],"curies":[{"name":"wp","href":"https:\/\/api.w.org\/{rel}","templated":true}]}}