{"id":1881,"date":"2013-06-05T09:17:47","date_gmt":"2013-06-05T09:17:47","guid":{"rendered":"https:\/\/hoyre.no\/oslo\/aktuelt\/duellen-kristin-sv-moter-kristin-h\/"},"modified":"2022-09-26T15:07:03","modified_gmt":"2022-09-26T13:07:03","slug":"duellen-kristin-sv-moter-kristin-h","status":"publish","type":"post","link":"https:\/\/hoyre.no\/oslo\/aktuelt\/duellen-kristin-sv-moter-kristin-h\/","title":{"rendered":"Duellen: Kristin (SV) m\u00f8ter Kristin (H)"},"content":{"rendered":"<figure class=\"hoyre-image-wrapper\"><div class=\"hoyre-image\"><img loading=\"lazy\" decoding=\"async\" width=\"1024\" height=\"361\" src=\"https:\/\/hoyre.no\/content\/uploads\/sites\/408\/2022\/09\/Kristin-Vinje-saksbilde.jpg\" class=\"attachment-scaled size-scaled\" alt=\"Kristin Vinje\" style=\"object-position: 50% 50%\" srcset=\"https:\/\/hoyre.no\/content\/uploads\/sites\/408\/2022\/09\/Kristin-Vinje-saksbilde.jpg 1024w, https:\/\/hoyre.no\/content\/uploads\/sites\/408\/2022\/09\/Kristin-Vinje-saksbilde-300x106.jpg 300w, https:\/\/hoyre.no\/content\/uploads\/sites\/408\/2022\/09\/Kristin-Vinje-saksbilde-768x271.jpg 768w\" sizes=\"auto, (max-width: 1024px) 100vw, 1024px\" \/><\/div><\/figure><div id=\"hoyre-old-article-content-wrapper\"><p>&laquo;<a title=\"P\u00e5Spissen\" href=\"http:\/\/www.paaspissen.no\/\" target=\"_blank\" rel=\"noopener noreferrer\">P\u00e5Spissen<\/a>&raquo; er et nytt industripolitisk debattmagasin. Magasinet har valgt \u00e5 fokusere p\u00e5 n\u00e6ringsliv med hovedvekt p\u00e5 industriens og teknologiens rolle og betyding i samfunnet. De har i den siste utgaven utfordret Kristin Halvorsen og meg om forskningspolitikk. De har valgt \u00e5 kalle spalten &laquo;Duellen&raquo;.<\/p><h2>Forskning: Kristin (SV) m\u00f8ter Kristin (H)<\/h2><p><strong>Utdrag fra duellen:<br \/><\/strong><\/p><p>De to setter seg ved bordet i vandrehallen. Hele Stortinget er en anelse valghektisk. Kunnskapsminister Halvorsen er p\u00e5 vei for \u00e5 holde manende taler i Nordland.<\/p><p>Finansbyr\u00e5d Vinje i Oslo har i bakhodet at hun sitter p\u00e5 en temmelig sikker H\u00f8yre-plass p\u00e5 Stortingets Oslo-benk, om prognosene holder fram til september. Hvilken politikk vil de f\u00f8re for forskningen?<\/p><p>Halvorsen har nettopp lagt fram \u00abLange linjer \u2013 kunnskap gir muligheter\u00bb. Det er navnet p\u00e5 den nye langtidsplanen for forskning. Den oser av god vilje, slik stortingsmeldinger skal. N\u00e5 vil regjeringen etablere ti\u00e5rige nasjonale langtidsplaner.<\/p><p>\u2013 Satt p\u00e5 spissen ser det ut som dere r\u00f8dgr\u00f8nne er s\u00e5 prosessorientert at det i grunnen ikke er n\u00f8dvendig med resultater. Mens politikken for dere p\u00e5 h\u00f8yresida er \u00e5 l\u00f8pe etter enhver breial grynder og industri for \u00e5 gi dem alskens tilrettelegging, uten \u00e5 se etter samfunnsgevinsten?<\/p><p><strong>Kristin Vinje:<\/strong> \u2013 Det synes jeg var en merkelig p\u00e5stand. Vi er opptatt av \u00e5 f\u00e5 n\u00e6ringslivet til \u00e5 forske mer selv. Der synes vi forskningsmeldingen er for vag. Den er ogs\u00e5 for lite ambisi\u00f8s, hvis vi skal styrke konkurransekraften og n\u00e5 igjen land vi \u00f8nsker \u00e5 sammenlikne oss med.<\/p><p><strong>Kristin Halvorsen:<\/strong> \u2013 Jeg synes ikke du er heldig med spissformuleringen i sp\u00f8rsm\u00e5let. Det finnes god forskning og det finnes d\u00e5rlig. All god forskning, grunnforskning som anvendt, f\u00e5r vi nytte av p\u00e5 et eller annet tidspunkt. God kvalitet er bunnplanken. Vi er p\u00e5 et veldig godt spor. Ser vi p\u00e5 forskningens andel av BNP har satsingen v\u00e5r gjort at den har den \u00f8kt fra 0,79 til 0,92 prosent. Vi har hatt 32 prosent realvekst innen forskning. Det er meget bra, og viser at det er et h\u00f8yt prioritert omr\u00e5de.<\/p><p>&#8211; De nordiske kollegene mine ypper litt med meg fordi de ligger h\u00f8yere enn oss i forskningsandel av BNP. Da sier jeg at ok, det er bare i \u00e9n sammenheng jeg skulle \u00f8nske at vi hadde lavere BNP, og det er n\u00e5r vi skal sammenlikne forskningsinnsatsen v\u00e5re med resten av Norden.<\/p><p>&#8211; Den lave andelen handler om at vi har store inntekter av olje og gass. Midler som vi ikke bruker over statsbudsjettet, men behandler p\u00e5 mer varig vis. Derfor mener jeg det er mer relevant hvor mye bruker vi per hode. Der ligger vi nest \u00f8verst i OECD. Som andel av statsbudsjettet har FOU \u00f8kt fra 3,4 prosent i 2005 til 3,7 prosent i 2013.<\/p><p><strong>Vinje:<\/strong> Sammenlikn tallene for forskningssatsing i statsbudsjettet for 2006 med dem n\u00e5 i 2013. Da ser du at vi st\u00e5r stille. Forskningsinnsatsen i 2013 er p\u00e5 3,7 prosent. Den utgj\u00f8r samme andel av statsbudsjettet som i 2006.<\/p><p>\u2013 M\u00e5let for b\u00e5de de r\u00f8dgr\u00f8nne og de bl\u00e5 er at mer av BNP skal g\u00e5 til forskning. Hvordan?<\/p><p><strong>Halvorsen:<\/strong> \u2013 Vi kommer til \u00e5 forbli en liten befolkning. Uansett hvor h\u00f8yt vi kommer vil vi ikke produsere mer enn \u00e9n prosent av verdens kunnskap. Jeg er skuffa over at n\u00e6ringslivet ikke er mer forskningsorientert. Jeg mener at det i stor grad er deres eget ansvar. Vi kommer oss bare opp som kunnskapsnasjon hvis n\u00e6ringslivet ser at de har egeninteresse. Jeg \u00f8nsker ikke at stat og regjering skal overta ansvaret for den prosentvise \u00f8kningen som kreves fra dem. Men vi kan bidra med gode st\u00f8tteordninger.<\/p><p><strong>Vinje:<\/strong> \u2013 Jeg er ikke helt enig med deg. Jeg synes vi som nasjon m\u00e5 ta et ansvar for hvordan den offentlige pengebruken innrettes. Jeg synes det er behov for \u00e5 lytte til hva n\u00e6ringslivet synes vi b\u00f8r gj\u00f8re med de offentlige midlene. For eksempel kan vi bruke Skattefunn i st\u00f8rre grad, og mange andre mulige tiltak som stimulerer n\u00e6ringslivets egeninnsats. Det er for lettvint \u00e5 g\u00e5 rundt og v\u00e6re skuffet over n\u00e6ringslivet.<\/p><p>&#8211; En annen ting er at hele forskningsmeldingen er for lite ambisi\u00f8s. Hvorfor har ikke regjeringen laget en langtidsplan for forskning for lenge siden? Dere har sett bort fra tidsaspektet. Dere vil bruke 3 prosent av BNP p\u00e5 forskning, men dere har ikke sagt n\u00e5r. Vi sier \u00abinnen 2030\u00bb.<\/p><p><a title=\"Duellen P\u00e5Spissen\" href=\"http:\/\/www.paaspissen.no\/2013\/05\/kristin-i-to-farger-fyrer-forskningskrutt\/\" target=\"_blank\" rel=\"noopener noreferrer\">Les resten av duellen her. <\/a><\/p>\n<\/div>\n<div class=\"tags\">\n\t<\/div>\n<div class=\"post-footer alignfull has-background block-editor-block-list__block\" data-align=full>\n\t<div class=\"post-footer-inner\">\n\t\t<h3>Relaterte artikler<\/h3>\n\t\t<div class=\"related-content\"><div class=\"is-card-hoyre\">\n\t<div class=\"teft-card hoyre-teft-card post-teft-card\">\n\t\t<a href=\"https:\/\/hoyre.no\/oslo\/aktuelt\/mdg-moralismen-fornekter-seg-ikke\/\" class=\"teft-card__primary-action\">\n\n\t\t\t\t\t<div class=\"teft-card__media teft-card__media--16-9\">\n\t\t\t\t\t\t<img loading=\"lazy\" decoding=\"async\" width=\"768\" height=\"512\" src=\"https:\/\/hoyre.no\/content\/uploads\/sites\/408\/2024\/01\/QZQlxtOC-768x512.jpeg\" class=\"attachment-medium_large size-medium_large\" alt=\"Merete Agerbak-Jensen\" srcset=\"https:\/\/hoyre.no\/content\/uploads\/sites\/408\/2024\/01\/QZQlxtOC-768x512.jpeg 768w, https:\/\/hoyre.no\/content\/uploads\/sites\/408\/2024\/01\/QZQlxtOC-300x200.jpeg 300w, https:\/\/hoyre.no\/content\/uploads\/sites\/408\/2024\/01\/QZQlxtOC-1024x683.jpeg 1024w, https:\/\/hoyre.no\/content\/uploads\/sites\/408\/2024\/01\/QZQlxtOC-1536x1024.jpeg 1536w, https:\/\/hoyre.no\/content\/uploads\/sites\/408\/2024\/01\/QZQlxtOC-2048x1365.jpeg 2048w\" sizes=\"auto, (max-width: 768px) 100vw, 768px\" \/>\t\t<\/div>\n\t\t\n\t\t\t<div class=\"teft-card__content-wrapper\">\n\t\t\t\t<div class=\"teft-card__secondary\">\n\t\t\t\t\t\n\t\t\t\t\t\t\t\t<div class=\"teft-card__meta\">\n\t\t\t\t\t\t\t\t\t<span class=\"post-date\">23. apr 2026<\/span>\n\n\t\t\t\t\t\t\t\t\t\t\t\t\t\t\t\t\t<\/div>\n\t\t\t\t\t\t\t\t\t\t\t<\/div>\n\n\t\t\t\t<div class=\"teft-card__primary\">\n\t\t\t\t\t<h2 class=\"teft-card__title\">MDG-moralismen fornekter seg ikke&nbsp;<span class=\"teft-card__primary-title-append\"><\/span><\/h2>\t\t\t\t<\/div>\n\t\t\t<\/div>\n\t\t<\/a>\n\t<\/div>\n\n\t<\/div><div class=\"is-card-hoyre\">\n\t<div class=\"teft-card hoyre-teft-card post-teft-card\">\n\t\t<a href=\"https:\/\/hoyre.no\/oslo\/aktuelt\/raskere-og-enklere-a-bygge-boliger-og-skape-arbeidsplasser-i-oslo\/\" class=\"teft-card__primary-action\">\n\n\t\t\t\t\t<div class=\"teft-card__media teft-card__media--16-9\">\n\t\t\t\t\t\t<img loading=\"lazy\" decoding=\"async\" width=\"768\" height=\"576\" src=\"https:\/\/hoyre.no\/content\/uploads\/sites\/408\/2026\/04\/Eirik-Lae-Solberg-og-Anita-Leirvik-North-768x576.jpg\" class=\"attachment-medium_large size-medium_large\" alt=\"\" srcset=\"https:\/\/hoyre.no\/content\/uploads\/sites\/408\/2026\/04\/Eirik-Lae-Solberg-og-Anita-Leirvik-North-768x576.jpg 768w, https:\/\/hoyre.no\/content\/uploads\/sites\/408\/2026\/04\/Eirik-Lae-Solberg-og-Anita-Leirvik-North-300x225.jpg 300w, https:\/\/hoyre.no\/content\/uploads\/sites\/408\/2026\/04\/Eirik-Lae-Solberg-og-Anita-Leirvik-North.jpg 901w\" sizes=\"auto, (max-width: 768px) 100vw, 768px\" \/>\t\t<\/div>\n\t\t\n\t\t\t<div class=\"teft-card__content-wrapper\">\n\t\t\t\t<div class=\"teft-card__secondary\">\n\t\t\t\t\t\n\t\t\t\t\t\t\t\t<div class=\"teft-card__meta\">\n\t\t\t\t\t\t\t\t\t<span class=\"post-date\">14. apr 2026<\/span>\n\n\t\t\t\t\t\t\t\t\t<span class=\"post-category\">Har lagt frem ny KPA:<\/span>\t\t\t\t\t\t\t\t<\/div>\n\t\t\t\t\t\t\t\t\t\t\t<\/div>\n\n\t\t\t\t<div class=\"teft-card__primary\">\n\t\t\t\t\t<h2 class=\"teft-card__title\">Raskere og enklere \u00e5 bygge boliger og skape arbeidsplasser i Oslo&nbsp;<span class=\"teft-card__primary-title-append\"><\/span><\/h2>\t\t\t\t<\/div>\n\t\t\t<\/div>\n\t\t<\/a>\n\t<\/div>\n\n\t<\/div><div class=\"is-card-hoyre\">\n\t<div class=\"teft-card hoyre-teft-card post-teft-card\">\n\t\t<a href=\"https:\/\/hoyre.no\/oslo\/aktuelt\/bedre-elevresultater-og-en-skoleokonomi-i-balanse-med-blagront-byrad\/\" class=\"teft-card__primary-action\">\n\n\t\t\t\t\t<div class=\"teft-card__media teft-card__media--16-9\">\n\t\t\t\t\t\t<img loading=\"lazy\" decoding=\"async\" width=\"768\" height=\"512\" src=\"https:\/\/hoyre.no\/content\/uploads\/sites\/408\/2025\/05\/IMG_6440-768x512.jpeg\" class=\"attachment-medium_large size-medium_large\" alt=\"Julie Remen Midtgarden\" srcset=\"https:\/\/hoyre.no\/content\/uploads\/sites\/408\/2025\/05\/IMG_6440-768x512.jpeg 768w, https:\/\/hoyre.no\/content\/uploads\/sites\/408\/2025\/05\/IMG_6440-300x200.jpeg 300w, https:\/\/hoyre.no\/content\/uploads\/sites\/408\/2025\/05\/IMG_6440-1024x683.jpeg 1024w, https:\/\/hoyre.no\/content\/uploads\/sites\/408\/2025\/05\/IMG_6440-1536x1024.jpeg 1536w, https:\/\/hoyre.no\/content\/uploads\/sites\/408\/2025\/05\/IMG_6440-2048x1365.jpeg 2048w\" sizes=\"auto, (max-width: 768px) 100vw, 768px\" \/>\t\t<\/div>\n\t\t\n\t\t\t<div class=\"teft-card__content-wrapper\">\n\t\t\t\t<div class=\"teft-card__secondary\">\n\t\t\t\t\t\n\t\t\t\t\t\t\t\t<div class=\"teft-card__meta\">\n\t\t\t\t\t\t\t\t\t<span class=\"post-date\">26. mar 2026<\/span>\n\n\t\t\t\t\t\t\t\t\t\t\t\t\t\t\t\t\t<\/div>\n\t\t\t\t\t\t\t\t\t\t\t<\/div>\n\n\t\t\t\t<div class=\"teft-card__primary\">\n\t\t\t\t\t<h2 class=\"teft-card__title\">Bedre elevresultater og en skole\u00f8konomi i balanse med bl\u00e5gr\u00f8nt byr\u00e5d&nbsp;<span class=\"teft-card__primary-title-append\"><\/span><\/h2>\t\t\t\t<\/div>\n\t\t\t<\/div>\n\t\t<\/a>\n\t<\/div>\n\n\t<\/div><\/div>\t<\/div>\n<\/div>\n","protected":false},"excerpt":{"rendered":"","protected":false},"author":0,"featured_media":1811,"comment_status":"closed","ping_status":"open","sticky":false,"template":"","format":"standard","meta":{"teft_cards_image_url":"","teft_cards_custom_pretitle":"","teft_cards_image_id":1811,"teft_cards_image_focal_point_x":0,"teft_cards_image_focal_point_y":0,"teft_cards_title":"","teft_cards_excerpt":"","teft_show_chapters":false,"author_display_name":"Oslo H\u00f8yre","footnotes":""},"category":[1],"post_tag":[],"hoyre-visibility":[],"article-type":[],"politician":[],"class_list":["post-1881","post","type-post","status-publish","format-standard","hentry","category-nyheter"],"yoast_head":"<!-- This site is optimized with the Yoast SEO Premium plugin v26.5 (Yoast SEO v26.6) - https:\/\/yoast.com\/wordpress\/plugins\/seo\/ -->\n<title>Duellen: Kristin (SV) m\u00f8ter Kristin (H) - Oslo H\u00f8yre<\/title>\n<meta name=\"robots\" content=\"index, follow, max-snippet:-1, max-image-preview:large, max-video-preview:-1\" \/>\n<link rel=\"canonical\" href=\"https:\/\/hoyre.no\/oslo\/aktuelt\/duellen-kristin-sv-moter-kristin-h\/\" \/>\n<meta property=\"og:locale\" content=\"nb_NO\" \/>\n<meta property=\"og:type\" content=\"article\" \/>\n<meta property=\"og:title\" content=\"Duellen: Kristin (SV) m\u00f8ter Kristin (H)\" \/>\n<meta property=\"og:url\" content=\"https:\/\/hoyre.no\/oslo\/aktuelt\/duellen-kristin-sv-moter-kristin-h\/\" \/>\n<meta property=\"og:site_name\" content=\"Oslo H\u00f8yre\" \/>\n<meta property=\"article:publisher\" content=\"https:\/\/www.facebook.com\/oslo.hoyre\" \/>\n<meta property=\"article:published_time\" content=\"2013-06-05T09:17:47+00:00\" \/>\n<meta property=\"article:modified_time\" content=\"2022-09-26T13:07:03+00:00\" \/>\n<meta property=\"og:image\" content=\"https:\/\/hoyre.no\/content\/uploads\/sites\/408\/2022\/09\/Kristin-Vinje-saksbilde.jpg\" \/>\n\t<meta property=\"og:image:width\" content=\"1024\" \/>\n\t<meta property=\"og:image:height\" content=\"361\" \/>\n\t<meta property=\"og:image:type\" content=\"image\/jpeg\" \/>\n<meta name=\"twitter:card\" content=\"summary_large_image\" \/>\n<meta name=\"twitter:label1\" content=\"Ansl. lesetid\" \/>\n\t<meta name=\"twitter:data1\" content=\"4 minutter\" \/>\n<script type=\"application\/ld+json\" class=\"yoast-schema-graph\">{\"@context\":\"https:\/\/schema.org\",\"@graph\":[{\"@type\":\"Article\",\"@id\":\"https:\/\/hoyre.no\/oslo\/aktuelt\/duellen-kristin-sv-moter-kristin-h\/#article\",\"isPartOf\":{\"@id\":\"https:\/\/hoyre.no\/oslo\/aktuelt\/duellen-kristin-sv-moter-kristin-h\/\"},\"author\":{\"name\":\"\",\"@id\":\"\"},\"headline\":\"Duellen: Kristin (SV) m\u00f8ter Kristin (H)\",\"datePublished\":\"2013-06-05T09:17:47+00:00\",\"dateModified\":\"2022-09-26T13:07:03+00:00\",\"mainEntityOfPage\":{\"@id\":\"https:\/\/hoyre.no\/oslo\/aktuelt\/duellen-kristin-sv-moter-kristin-h\/\"},\"wordCount\":750,\"publisher\":{\"@id\":\"https:\/\/hoyre.no\/oslo\/#organization\"},\"image\":{\"@id\":\"https:\/\/hoyre.no\/oslo\/aktuelt\/duellen-kristin-sv-moter-kristin-h\/#primaryimage\"},\"thumbnailUrl\":\"https:\/\/hoyre.no\/content\/uploads\/sites\/408\/2022\/09\/Kristin-Vinje-saksbilde.jpg\",\"articleSection\":[\"Nyheter\"],\"inLanguage\":\"nb-NO\"},{\"@type\":\"NewsArticle\",\"@id\":\"https:\/\/hoyre.no\/oslo\/aktuelt\/duellen-kristin-sv-moter-kristin-h\/\",\"url\":\"https:\/\/hoyre.no\/oslo\/aktuelt\/duellen-kristin-sv-moter-kristin-h\/\",\"name\":\"Duellen: Kristin (SV) m\u00f8ter Kristin (H) - Oslo H\u00f8yre\",\"isPartOf\":{\"@id\":\"https:\/\/hoyre.no\/oslo\/#website\"},\"image\":{\"@id\":\"https:\/\/hoyre.no\/oslo\/aktuelt\/duellen-kristin-sv-moter-kristin-h\/#primaryimage\"},\"thumbnailUrl\":\"https:\/\/hoyre.no\/content\/uploads\/sites\/408\/2022\/09\/Kristin-Vinje-saksbilde.jpg\",\"datePublished\":\"2013-06-05T09:17:47+00:00\",\"dateModified\":\"2022-09-26T13:07:03+00:00\",\"breadcrumb\":{\"@id\":\"https:\/\/hoyre.no\/oslo\/aktuelt\/duellen-kristin-sv-moter-kristin-h\/#breadcrumb\"},\"inLanguage\":\"nb-NO\",\"potentialAction\":[{\"@type\":\"ReadAction\",\"target\":[\"https:\/\/hoyre.no\/oslo\/aktuelt\/duellen-kristin-sv-moter-kristin-h\/\"]}]},{\"@type\":\"ImageObject\",\"inLanguage\":\"nb-NO\",\"@id\":\"https:\/\/hoyre.no\/oslo\/aktuelt\/duellen-kristin-sv-moter-kristin-h\/#primaryimage\",\"url\":\"https:\/\/hoyre.no\/content\/uploads\/sites\/408\/2022\/09\/Kristin-Vinje-saksbilde.jpg\",\"contentUrl\":\"https:\/\/hoyre.no\/content\/uploads\/sites\/408\/2022\/09\/Kristin-Vinje-saksbilde.jpg\",\"width\":1024,\"height\":361,\"caption\":\"Kristin Vinje\"},{\"@type\":\"BreadcrumbList\",\"@id\":\"https:\/\/hoyre.no\/oslo\/aktuelt\/duellen-kristin-sv-moter-kristin-h\/#breadcrumb\",\"itemListElement\":[{\"@type\":\"ListItem\",\"position\":1,\"name\":\"Til hoyre.no\",\"item\":\"https:\/\/hoyre.no\"},{\"@type\":\"ListItem\",\"position\":2,\"name\":\"Hjem\",\"item\":\"https:\/\/hoyre.no\/oslo\/\"},{\"@type\":\"ListItem\",\"position\":3,\"name\":\"Duellen: Kristin (SV) m\u00f8ter Kristin (H)\"}]},{\"@type\":\"WebSite\",\"@id\":\"https:\/\/hoyre.no\/oslo\/#website\",\"url\":\"https:\/\/hoyre.no\/oslo\/\",\"name\":\"Oslo H\u00f8yre\",\"description\":\"\",\"publisher\":{\"@id\":\"https:\/\/hoyre.no\/oslo\/#organization\"},\"inLanguage\":\"nb-NO\"},{\"@type\":\"Organization\",\"@id\":\"https:\/\/hoyre.no\/oslo\/#organization\",\"name\":\"Oslo H\u00f8yre\",\"url\":\"https:\/\/hoyre.no\/oslo\/\",\"logo\":{\"@type\":\"ImageObject\",\"inLanguage\":\"nb-NO\",\"@id\":\"https:\/\/hoyre.no\/oslo\/#\/schema\/logo\/image\/\",\"url\":\"https:\/\/hoyre.no\/content\/uploads\/sites\/408\/2022\/11\/Hoyres-logo.png\",\"contentUrl\":\"https:\/\/hoyre.no\/content\/uploads\/sites\/408\/2022\/11\/Hoyres-logo.png\",\"width\":1000,\"height\":1000,\"caption\":\"Oslo H\u00f8yre\"},\"image\":{\"@id\":\"https:\/\/hoyre.no\/oslo\/#\/schema\/logo\/image\/\"},\"sameAs\":[\"https:\/\/www.facebook.com\/oslo.hoyre\"]}]}<\/script>\n<!-- \/ Yoast SEO Premium plugin. -->","yoast_head_json":{"title":"Duellen: Kristin (SV) m\u00f8ter Kristin (H) - Oslo H\u00f8yre","robots":{"index":"index","follow":"follow","max-snippet":"max-snippet:-1","max-image-preview":"max-image-preview:large","max-video-preview":"max-video-preview:-1"},"canonical":"https:\/\/hoyre.no\/oslo\/aktuelt\/duellen-kristin-sv-moter-kristin-h\/","og_locale":"nb_NO","og_type":"article","og_title":"Duellen: Kristin (SV) m\u00f8ter Kristin (H)","og_url":"https:\/\/hoyre.no\/oslo\/aktuelt\/duellen-kristin-sv-moter-kristin-h\/","og_site_name":"Oslo H\u00f8yre","article_publisher":"https:\/\/www.facebook.com\/oslo.hoyre","article_published_time":"2013-06-05T09:17:47+00:00","article_modified_time":"2022-09-26T13:07:03+00:00","og_image":[{"width":1024,"height":361,"url":"https:\/\/hoyre.no\/content\/uploads\/sites\/408\/2022\/09\/Kristin-Vinje-saksbilde.jpg","type":"image\/jpeg"}],"twitter_card":"summary_large_image","twitter_misc":{"Ansl. lesetid":"4 minutter"},"schema":{"@context":"https:\/\/schema.org","@graph":[{"@type":"Article","@id":"https:\/\/hoyre.no\/oslo\/aktuelt\/duellen-kristin-sv-moter-kristin-h\/#article","isPartOf":{"@id":"https:\/\/hoyre.no\/oslo\/aktuelt\/duellen-kristin-sv-moter-kristin-h\/"},"author":{"name":"","@id":""},"headline":"Duellen: Kristin (SV) m\u00f8ter Kristin (H)","datePublished":"2013-06-05T09:17:47+00:00","dateModified":"2022-09-26T13:07:03+00:00","mainEntityOfPage":{"@id":"https:\/\/hoyre.no\/oslo\/aktuelt\/duellen-kristin-sv-moter-kristin-h\/"},"wordCount":750,"publisher":{"@id":"https:\/\/hoyre.no\/oslo\/#organization"},"image":{"@id":"https:\/\/hoyre.no\/oslo\/aktuelt\/duellen-kristin-sv-moter-kristin-h\/#primaryimage"},"thumbnailUrl":"https:\/\/hoyre.no\/content\/uploads\/sites\/408\/2022\/09\/Kristin-Vinje-saksbilde.jpg","articleSection":["Nyheter"],"inLanguage":"nb-NO"},{"@type":"NewsArticle","@id":"https:\/\/hoyre.no\/oslo\/aktuelt\/duellen-kristin-sv-moter-kristin-h\/","url":"https:\/\/hoyre.no\/oslo\/aktuelt\/duellen-kristin-sv-moter-kristin-h\/","name":"Duellen: Kristin (SV) m\u00f8ter Kristin (H) - Oslo H\u00f8yre","isPartOf":{"@id":"https:\/\/hoyre.no\/oslo\/#website"},"image":{"@id":"https:\/\/hoyre.no\/oslo\/aktuelt\/duellen-kristin-sv-moter-kristin-h\/#primaryimage"},"thumbnailUrl":"https:\/\/hoyre.no\/content\/uploads\/sites\/408\/2022\/09\/Kristin-Vinje-saksbilde.jpg","datePublished":"2013-06-05T09:17:47+00:00","dateModified":"2022-09-26T13:07:03+00:00","breadcrumb":{"@id":"https:\/\/hoyre.no\/oslo\/aktuelt\/duellen-kristin-sv-moter-kristin-h\/#breadcrumb"},"inLanguage":"nb-NO","potentialAction":[{"@type":"ReadAction","target":["https:\/\/hoyre.no\/oslo\/aktuelt\/duellen-kristin-sv-moter-kristin-h\/"]}]},{"@type":"ImageObject","inLanguage":"nb-NO","@id":"https:\/\/hoyre.no\/oslo\/aktuelt\/duellen-kristin-sv-moter-kristin-h\/#primaryimage","url":"https:\/\/hoyre.no\/content\/uploads\/sites\/408\/2022\/09\/Kristin-Vinje-saksbilde.jpg","contentUrl":"https:\/\/hoyre.no\/content\/uploads\/sites\/408\/2022\/09\/Kristin-Vinje-saksbilde.jpg","width":1024,"height":361,"caption":"Kristin Vinje"},{"@type":"BreadcrumbList","@id":"https:\/\/hoyre.no\/oslo\/aktuelt\/duellen-kristin-sv-moter-kristin-h\/#breadcrumb","itemListElement":[{"@type":"ListItem","position":1,"name":"Til hoyre.no","item":"https:\/\/hoyre.no"},{"@type":"ListItem","position":2,"name":"Hjem","item":"https:\/\/hoyre.no\/oslo\/"},{"@type":"ListItem","position":3,"name":"Duellen: Kristin (SV) m\u00f8ter Kristin (H)"}]},{"@type":"WebSite","@id":"https:\/\/hoyre.no\/oslo\/#website","url":"https:\/\/hoyre.no\/oslo\/","name":"Oslo H\u00f8yre","description":"","publisher":{"@id":"https:\/\/hoyre.no\/oslo\/#organization"},"inLanguage":"nb-NO"},{"@type":"Organization","@id":"https:\/\/hoyre.no\/oslo\/#organization","name":"Oslo H\u00f8yre","url":"https:\/\/hoyre.no\/oslo\/","logo":{"@type":"ImageObject","inLanguage":"nb-NO","@id":"https:\/\/hoyre.no\/oslo\/#\/schema\/logo\/image\/","url":"https:\/\/hoyre.no\/content\/uploads\/sites\/408\/2022\/11\/Hoyres-logo.png","contentUrl":"https:\/\/hoyre.no\/content\/uploads\/sites\/408\/2022\/11\/Hoyres-logo.png","width":1000,"height":1000,"caption":"Oslo H\u00f8yre"},"image":{"@id":"https:\/\/hoyre.no\/oslo\/#\/schema\/logo\/image\/"},"sameAs":["https:\/\/www.facebook.com\/oslo.hoyre"]}]}},"distributor_meta":false,"distributor_terms":false,"distributor_media":false,"distributor_original_site_name":"Oslo H\u00f8yre","distributor_original_site_url":"https:\/\/hoyre.no\/oslo","push-errors":false,"_links":{"self":[{"href":"https:\/\/hoyre.no\/oslo\/wp-json\/wp\/v2\/posts\/1881","targetHints":{"allow":["GET"]}}],"collection":[{"href":"https:\/\/hoyre.no\/oslo\/wp-json\/wp\/v2\/posts"}],"about":[{"href":"https:\/\/hoyre.no\/oslo\/wp-json\/wp\/v2\/types\/post"}],"replies":[{"embeddable":true,"href":"https:\/\/hoyre.no\/oslo\/wp-json\/wp\/v2\/comments?post=1881"}],"version-history":[{"count":1,"href":"https:\/\/hoyre.no\/oslo\/wp-json\/wp\/v2\/posts\/1881\/revisions"}],"predecessor-version":[{"id":3048,"href":"https:\/\/hoyre.no\/oslo\/wp-json\/wp\/v2\/posts\/1881\/revisions\/3048"}],"wp:featuredmedia":[{"embeddable":true,"href":"https:\/\/hoyre.no\/oslo\/wp-json\/wp\/v2\/media\/1811"}],"wp:attachment":[{"href":"https:\/\/hoyre.no\/oslo\/wp-json\/wp\/v2\/media?parent=1881"}],"wp:term":[{"taxonomy":"category","embeddable":true,"href":"https:\/\/hoyre.no\/oslo\/wp-json\/wp\/v2\/category?post=1881"},{"taxonomy":"post_tag","embeddable":true,"href":"https:\/\/hoyre.no\/oslo\/wp-json\/wp\/v2\/post_tag?post=1881"},{"taxonomy":"hoyre-visibility","embeddable":true,"href":"https:\/\/hoyre.no\/oslo\/wp-json\/wp\/v2\/hoyre-visibility?post=1881"},{"taxonomy":"article-type","embeddable":true,"href":"https:\/\/hoyre.no\/oslo\/wp-json\/wp\/v2\/article-type?post=1881"},{"taxonomy":"politician","embeddable":true,"href":"https:\/\/hoyre.no\/oslo\/wp-json\/wp\/v2\/politician?post=1881"}],"curies":[{"name":"wp","href":"https:\/\/api.w.org\/{rel}","templated":true}]}}