{"id":1884,"date":"2013-05-27T14:16:12","date_gmt":"2013-05-27T14:16:12","guid":{"rendered":"https:\/\/hoyre.no\/oslo\/aktuelt\/regjeringen-kjorer-rundt-byene\/"},"modified":"2022-09-26T15:07:03","modified_gmt":"2022-09-26T13:07:03","slug":"regjeringen-kjorer-rundt-byene","status":"publish","type":"post","link":"https:\/\/hoyre.no\/oslo\/aktuelt\/regjeringen-kjorer-rundt-byene\/","title":{"rendered":"Regjeringen kj\u00f8rer rundt byene"},"content":{"rendered":"<figure class=\"hoyre-image-wrapper\"><div class=\"hoyre-image\"><img loading=\"lazy\" decoding=\"async\" width=\"450\" height=\"159\" src=\"https:\/\/hoyre.no\/content\/uploads\/sites\/408\/2022\/09\/Nikolai-Astrup-operataket-e1403183183847.jpg\" class=\"attachment-scaled size-scaled\" alt=\"Nikolai Astrup operataket\" style=\"object-position: 50% 50%\" srcset=\"https:\/\/hoyre.no\/content\/uploads\/sites\/408\/2022\/09\/Nikolai-Astrup-operataket-e1403183183847.jpg 450w, https:\/\/hoyre.no\/content\/uploads\/sites\/408\/2022\/09\/Nikolai-Astrup-operataket-e1403183183847-300x106.jpg 300w\" sizes=\"auto, (max-width: 450px) 100vw, 450px\" \/><\/div><\/figure><div id=\"hoyre-old-article-content-wrapper\"><p>Denne v\u00e5ren har samferdselsdebatten dominert det politiske ordskiftet. Regjeringen la omsider frem sitt forslag til Nasjonal Transportplan (NTP) for de neste 10 \u00e5rene, og H\u00f8yre kom med sin alternative transportplan (HTP).<\/p><p>Befolkningen vokser raskt, s\u00e6rlig i byregionene. N\u00e5r utbyggingen av veier og kollektivl\u00f8sninger blir hengende etter befolkningsveksten, skaper dette press p\u00e5 boligpriser med mer pendling, mindre fritid og lengre k\u00f8er.<\/p><p>&#8211; Regjeringen forholder seg ganske passivt til utfordringene i de store byene, sier Oslo H\u00f8yres leder, <a href=\"https:\/\/www.oslohoyre.no\/kandidater\/nikolai-astrup\/\" target=\"_blank\" rel=\"noopener noreferrer\">Nikolai Astrup<\/a>.<\/p><p>H\u00f8yre \u00f8nsker \u00e5 samarbeide tett med storbyene i arbeidet med \u00e5 ruste opp kollektivtilbudet.<\/p><p>-Vi foresl\u00e5r noe mer penger, men viktigst av alt nye m\u00e5ter \u00e5 finansiere og gjennomf\u00f8re prosjekter p\u00e5 slik at de blir raskere ferdig og til avtalt pris. Offentlig-privat samarbeid (OPS) og helhetlig prosjektfinansiering direkte over statsbudsjettet er to n\u00f8kkelfaktorer her.<\/p><p>&#8211; Vi \u00f8nsker \u00e5 snu utviklingen og vil samarbeide tettere med storbyregionene for \u00e5 oppn\u00e5 m\u00e5lene i Klimaforliket om at veksten i transport skal skje kollektivt. I tillegg m\u00e5 vi s\u00f8rge for at byene kan f\u00e5 midler fra en st\u00f8rre tilskuddspott enn regjeringen legger opp til, sier Astrup.<\/p><blockquote><p>Ved \u00e5 gj\u00f8re \u00d8stlandet til ett arbeidsmarked, sparer vi milj\u00f8et.<\/p><\/blockquote><p>I H\u00f8yres alternative transportplan er kollektivsatsingen estimert til 15 mrd. kroner mer enn regjeringens forslag i Nasjonal transportplan (NTP) p\u00e5 500 mrd kroner. Det har v\u00e6rt mange kritiske r\u00f8ster fra storbyene til regjeringens storbysatsing, i kj\u00f8lvannet av fremleggelsen av NTP. En av dem er byr\u00e5dslederen i Oslo, Stian Berger R\u00f8sland.<\/p><p>&#8211; Jeg tror mange flere prosjekter vil g\u00e5 en lys fremtid i m\u00f8te dersom H\u00f8yre f\u00e5r makten i september. Fornebubanen i Oslo og B\u00e6rum er et slikt prosjekt som hurtig vil kunne realiseres gjennom H\u00f8yres satsing, sier R\u00f8sland, som legger til at han mener det er helt n\u00f8dvendig \u00e5 se transport- og boligsituasjonen i Oslo-regionen under ett.<\/p><p>&#8211; Et fungerende Inter City-triangel kan gj\u00f8re det mer attraktivt \u00e5 bo i etablerte sm\u00e5byer litt utenfor storbyen. Ved \u00e5 gj\u00f8re \u00d8stlandet til ett arbeidsmarked, sparer vi i tillegg milj\u00f8et for un\u00f8dvendige utslipp. Og s\u00e5 skal vi huske p\u00e5 at Oslo er navet til hele samferdsels-Norge. Stort sett alt som skal eksporteres til Europa og mye av trafikken innenlands g\u00e5r gjennom Oslo, s\u00e5 det vil helt klart v\u00e6re en fordel for hele landet at veier og samferdsel i Oslo-regionen g\u00e5r bedre enn i dag, sier byr\u00e5dslederen.<\/p><h2>Kast rutetabellen &#8211; Se til Oslo!<\/h2><p>Oslos kollektivtrafikk har de siste \u00e5rene hatt kraftig oppsving \u2013 b\u00e5de i form av at nye busser og T-banevogner, stasjoner og hyppigere avganger, men ogs\u00e5 at innbyggerne n\u00e5 oppfatter at man ikke trenger rutetabell lengre \u2013 fordi det er korte intervaller i kollektivtilbudet. Stian Berger R\u00f8sland st\u00e5r som byr\u00e5dsleder i spissen for satsingene i kollektiv-Oslo og han mener langsiktighet l\u00f8nner seg.<\/p><p>&#8211; Et godt kollektivtilbud i og rundt Oslo gir stadig \u00f8kt trafikkvekst og forn\u00f8yde reisende, og bilbruken g\u00e5r ned, sier byr\u00e5dslederen som legger til at over 90 % av de som reiser kollektivt er godt tilfreds med tilbudet. Det er nok blant annet p\u00e5 grunn av nye T-banevogner, og flere avganger, og ikke minst at vi har f\u00e5tt sanntidsinformasjon p\u00e5 stasjonene som letter reisehverdagen for mange, sier han.<\/p><p>Det er \u00e5penbart et gode \u00e5 kunne gi et realistisk alternativ til bilen for de mange som arbeider i Oslo og bor utenfor sentrum, men det vil ogs\u00e5 sannsynligvis dempe den kraftige veksten p\u00e5 boligmarkedet.<\/p><h2>Helhetlig utbygging<\/h2><p>Det er lagt opp til en reforhandling av eksisterende avtaler som Oslopakke 3. Det setter mange vei- og samferdselsprosjekter i un\u00f8dig fare og viser at Regjeringen har lavere ambisjonsniv\u00e5 i Oslo-omr\u00e5det n\u00e5 enn tidligere. Bare ett av Oslos st\u00f8rre veiprosjekter har f\u00e5tt plass i den nasjonale transportplanen \u2013 E18 vestover.<\/p><p>-Jeg er kritisk til at regjeringen legger opp til en lav statlig andel av utbyggingen av E18 vestover, med sannsynligvis h\u00f8ye bompengeavgifter for bilistene. De planlegger heller ikke helhetlig n\u00e5r de velger \u00e5 droppe E18 i Oslo og starte utbygging f\u00f8rst fra Lysaker til Ramstadsletta, sier Stian Berger R\u00f8sland.<\/p><p>&#8211; H\u00f8yre \u00f8nsker \u00e5 beholde prioriteringen fra det brede Oslopakke 3 forliket, der ogs\u00e5 R\u00f8atunnel, Fossumdiagonalen i Groruddalen og Manglerudtunnel i Oslo syd er en del av prioriteringene. Det er her folk bor og ferdes, og det er derfor vi m\u00e5 sikre at disse veiene er best mulige. Det er jo ogs\u00e5 gjennom Oslo-omr\u00e5det at det g\u00e5r mye viktig eksport til Kontinentet, og da nytter det ikke at Oslo blir en propp i det store veisystemet, sier R\u00f8sland.<\/p><h2>Sm\u00e5 bymilj\u00f8pakker<\/h2><p>Bare en liten del av de nye bymilj\u00f8pakkene fases inn i f\u00f8rste planperiode fra 2014 til 2017. \u00d8kt statlig bidrag til kollektivtrafikk i storbyene blir p\u00e5 s\u00e5 lite som 763 millioner kroner i \u00e5rlig gjennomsnitt i den f\u00f8rste perioden.<\/p><p>\u2013 Det sier seg selv at 763 millioner \u00e5rlig er for lite n\u00e5r ordningen omfatter hele 13 ulike byer. Staten m\u00e5 slutte med \u00e5 lete etter unnskyldninger for \u00e5 la v\u00e6re \u00e5 bidra. Det er ikke noe i denne planen som tilsier at vi vil f\u00e5 realisert Fornebubanen, T-bane til A-hus og ny T-banetunnel gjennom Oslo, sier Nikolai Astrup.<\/p><p>Han er misforn\u00f8yd med at regjeringen ikke vil forplikte seg til konkrete prosjekter innen kollektivtrafikk, men opprettholder usikkerhet b\u00e5de om finansiering og vilk\u00e5r for statlige bidrag.<\/p><p>Regjeringen legger opp til en utbygging av den indre delen av InterCity-triangelet p\u00e5 jernbanen innen 2024, men utsetter resten av prosjektet.<\/p><p>\u2013 Som ventet deler regjeringen InterCity-utbyggingen i to. H\u00f8yre mener at dette m\u00e5 bygges ut som ett prosjekt, inkludert en ny jernbanetunnel gjennom Oslo. Det er f\u00f8rst n\u00e5r helheten er p\u00e5 plass at vi f\u00e5r det kollektivtilbudet som er n\u00f8dvendig p\u00e5 \u00d8stlandet, sier Nikolai Astrup avslutningsvis.<\/p><h2>H\u00f8yre vil:<\/h2><ul><li>ha en betydelig \u00f8kning i bevilgninger til nye bane- og superbussl\u00f8sninger<\/li><li>planlegge for full utbygging av Inter-City-strekningene p\u00e5 \u00f8stlandsomr\u00e5det<\/li><li>at det satses p\u00e5 sykkel som fremkomstmiddel<\/li><li>ha fortgang i planarbeidet med ny Oslotunnel og T-banetunnel, og se disse investeringene i sammenheng.<\/li><\/ul><p><em>Foto: CF-Wesenberg\/kolonihaven.no<\/em><\/p>\n<\/div>\n<div class=\"tags\">\n\t<\/div>\n<div class=\"post-footer alignfull has-background block-editor-block-list__block\" data-align=full>\n\t<div class=\"post-footer-inner\">\n\t\t<h3>Relaterte artikler<\/h3>\n\t\t<div class=\"related-content\"><div class=\"is-card-hoyre\">\n\t<div class=\"teft-card hoyre-teft-card post-teft-card\">\n\t\t<a href=\"https:\/\/hoyre.no\/oslo\/aktuelt\/mdg-moralismen-fornekter-seg-ikke\/\" class=\"teft-card__primary-action\">\n\n\t\t\t\t\t<div class=\"teft-card__media teft-card__media--16-9\">\n\t\t\t\t\t\t<img loading=\"lazy\" decoding=\"async\" width=\"768\" height=\"512\" src=\"https:\/\/hoyre.no\/content\/uploads\/sites\/408\/2024\/01\/QZQlxtOC-768x512.jpeg\" class=\"attachment-medium_large size-medium_large\" alt=\"Merete Agerbak-Jensen\" srcset=\"https:\/\/hoyre.no\/content\/uploads\/sites\/408\/2024\/01\/QZQlxtOC-768x512.jpeg 768w, https:\/\/hoyre.no\/content\/uploads\/sites\/408\/2024\/01\/QZQlxtOC-300x200.jpeg 300w, https:\/\/hoyre.no\/content\/uploads\/sites\/408\/2024\/01\/QZQlxtOC-1024x683.jpeg 1024w, https:\/\/hoyre.no\/content\/uploads\/sites\/408\/2024\/01\/QZQlxtOC-1536x1024.jpeg 1536w, https:\/\/hoyre.no\/content\/uploads\/sites\/408\/2024\/01\/QZQlxtOC-2048x1365.jpeg 2048w\" sizes=\"auto, (max-width: 768px) 100vw, 768px\" \/>\t\t<\/div>\n\t\t\n\t\t\t<div class=\"teft-card__content-wrapper\">\n\t\t\t\t<div class=\"teft-card__secondary\">\n\t\t\t\t\t\n\t\t\t\t\t\t\t\t<div class=\"teft-card__meta\">\n\t\t\t\t\t\t\t\t\t<span class=\"post-date\">23. apr 2026<\/span>\n\n\t\t\t\t\t\t\t\t\t\t\t\t\t\t\t\t\t<\/div>\n\t\t\t\t\t\t\t\t\t\t\t<\/div>\n\n\t\t\t\t<div class=\"teft-card__primary\">\n\t\t\t\t\t<h2 class=\"teft-card__title\">MDG-moralismen fornekter seg ikke&nbsp;<span class=\"teft-card__primary-title-append\"><\/span><\/h2>\t\t\t\t<\/div>\n\t\t\t<\/div>\n\t\t<\/a>\n\t<\/div>\n\n\t<\/div><div class=\"is-card-hoyre\">\n\t<div class=\"teft-card hoyre-teft-card post-teft-card\">\n\t\t<a href=\"https:\/\/hoyre.no\/oslo\/aktuelt\/raskere-og-enklere-a-bygge-boliger-og-skape-arbeidsplasser-i-oslo\/\" class=\"teft-card__primary-action\">\n\n\t\t\t\t\t<div class=\"teft-card__media teft-card__media--16-9\">\n\t\t\t\t\t\t<img loading=\"lazy\" decoding=\"async\" width=\"768\" height=\"576\" src=\"https:\/\/hoyre.no\/content\/uploads\/sites\/408\/2026\/04\/Eirik-Lae-Solberg-og-Anita-Leirvik-North-768x576.jpg\" class=\"attachment-medium_large size-medium_large\" alt=\"\" srcset=\"https:\/\/hoyre.no\/content\/uploads\/sites\/408\/2026\/04\/Eirik-Lae-Solberg-og-Anita-Leirvik-North-768x576.jpg 768w, https:\/\/hoyre.no\/content\/uploads\/sites\/408\/2026\/04\/Eirik-Lae-Solberg-og-Anita-Leirvik-North-300x225.jpg 300w, https:\/\/hoyre.no\/content\/uploads\/sites\/408\/2026\/04\/Eirik-Lae-Solberg-og-Anita-Leirvik-North.jpg 901w\" sizes=\"auto, (max-width: 768px) 100vw, 768px\" \/>\t\t<\/div>\n\t\t\n\t\t\t<div class=\"teft-card__content-wrapper\">\n\t\t\t\t<div class=\"teft-card__secondary\">\n\t\t\t\t\t\n\t\t\t\t\t\t\t\t<div class=\"teft-card__meta\">\n\t\t\t\t\t\t\t\t\t<span class=\"post-date\">14. apr 2026<\/span>\n\n\t\t\t\t\t\t\t\t\t<span class=\"post-category\">Har lagt frem ny KPA:<\/span>\t\t\t\t\t\t\t\t<\/div>\n\t\t\t\t\t\t\t\t\t\t\t<\/div>\n\n\t\t\t\t<div class=\"teft-card__primary\">\n\t\t\t\t\t<h2 class=\"teft-card__title\">Raskere og enklere \u00e5 bygge boliger og skape arbeidsplasser i Oslo&nbsp;<span class=\"teft-card__primary-title-append\"><\/span><\/h2>\t\t\t\t<\/div>\n\t\t\t<\/div>\n\t\t<\/a>\n\t<\/div>\n\n\t<\/div><div class=\"is-card-hoyre\">\n\t<div class=\"teft-card hoyre-teft-card post-teft-card\">\n\t\t<a href=\"https:\/\/hoyre.no\/oslo\/aktuelt\/bedre-elevresultater-og-en-skoleokonomi-i-balanse-med-blagront-byrad\/\" class=\"teft-card__primary-action\">\n\n\t\t\t\t\t<div class=\"teft-card__media teft-card__media--16-9\">\n\t\t\t\t\t\t<img loading=\"lazy\" decoding=\"async\" width=\"768\" height=\"512\" src=\"https:\/\/hoyre.no\/content\/uploads\/sites\/408\/2025\/05\/IMG_6440-768x512.jpeg\" class=\"attachment-medium_large size-medium_large\" alt=\"Julie Remen Midtgarden\" srcset=\"https:\/\/hoyre.no\/content\/uploads\/sites\/408\/2025\/05\/IMG_6440-768x512.jpeg 768w, https:\/\/hoyre.no\/content\/uploads\/sites\/408\/2025\/05\/IMG_6440-300x200.jpeg 300w, https:\/\/hoyre.no\/content\/uploads\/sites\/408\/2025\/05\/IMG_6440-1024x683.jpeg 1024w, https:\/\/hoyre.no\/content\/uploads\/sites\/408\/2025\/05\/IMG_6440-1536x1024.jpeg 1536w, https:\/\/hoyre.no\/content\/uploads\/sites\/408\/2025\/05\/IMG_6440-2048x1365.jpeg 2048w\" sizes=\"auto, (max-width: 768px) 100vw, 768px\" \/>\t\t<\/div>\n\t\t\n\t\t\t<div class=\"teft-card__content-wrapper\">\n\t\t\t\t<div class=\"teft-card__secondary\">\n\t\t\t\t\t\n\t\t\t\t\t\t\t\t<div class=\"teft-card__meta\">\n\t\t\t\t\t\t\t\t\t<span class=\"post-date\">26. mar 2026<\/span>\n\n\t\t\t\t\t\t\t\t\t\t\t\t\t\t\t\t\t<\/div>\n\t\t\t\t\t\t\t\t\t\t\t<\/div>\n\n\t\t\t\t<div class=\"teft-card__primary\">\n\t\t\t\t\t<h2 class=\"teft-card__title\">Bedre elevresultater og en skole\u00f8konomi i balanse med bl\u00e5gr\u00f8nt byr\u00e5d&nbsp;<span class=\"teft-card__primary-title-append\"><\/span><\/h2>\t\t\t\t<\/div>\n\t\t\t<\/div>\n\t\t<\/a>\n\t<\/div>\n\n\t<\/div><\/div>\t<\/div>\n<\/div>\n","protected":false},"excerpt":{"rendered":"","protected":false},"author":0,"featured_media":1885,"comment_status":"closed","ping_status":"open","sticky":false,"template":"","format":"standard","meta":{"teft_cards_image_url":"","teft_cards_custom_pretitle":"","teft_cards_image_id":1885,"teft_cards_image_focal_point_x":0,"teft_cards_image_focal_point_y":0,"teft_cards_title":"","teft_cards_excerpt":"","teft_show_chapters":false,"author_display_name":"Oslo H\u00f8yre","footnotes":""},"category":[1],"post_tag":[],"hoyre-visibility":[],"article-type":[],"politician":[],"class_list":["post-1884","post","type-post","status-publish","format-standard","hentry","category-nyheter"],"yoast_head":"<!-- This site is optimized with the Yoast SEO Premium plugin v26.5 (Yoast SEO v26.6) - https:\/\/yoast.com\/wordpress\/plugins\/seo\/ -->\n<title>Regjeringen kj\u00f8rer rundt byene - Oslo H\u00f8yre<\/title>\n<meta name=\"robots\" content=\"index, follow, max-snippet:-1, max-image-preview:large, max-video-preview:-1\" \/>\n<link rel=\"canonical\" href=\"https:\/\/hoyre.no\/oslo\/aktuelt\/regjeringen-kjorer-rundt-byene\/\" \/>\n<meta property=\"og:locale\" content=\"nb_NO\" \/>\n<meta property=\"og:type\" content=\"article\" \/>\n<meta property=\"og:title\" content=\"Regjeringen kj\u00f8rer rundt byene\" \/>\n<meta property=\"og:url\" content=\"https:\/\/hoyre.no\/oslo\/aktuelt\/regjeringen-kjorer-rundt-byene\/\" \/>\n<meta property=\"og:site_name\" content=\"Oslo H\u00f8yre\" \/>\n<meta property=\"article:publisher\" content=\"https:\/\/www.facebook.com\/oslo.hoyre\" \/>\n<meta property=\"article:published_time\" content=\"2013-05-27T14:16:12+00:00\" \/>\n<meta property=\"article:modified_time\" content=\"2022-09-26T13:07:03+00:00\" \/>\n<meta property=\"og:image\" content=\"https:\/\/hoyre.no\/content\/uploads\/sites\/408\/2022\/09\/Nikolai-Astrup-operataket-e1403183183847.jpg\" \/>\n\t<meta property=\"og:image:width\" content=\"450\" \/>\n\t<meta property=\"og:image:height\" content=\"159\" \/>\n\t<meta property=\"og:image:type\" content=\"image\/jpeg\" \/>\n<meta name=\"twitter:card\" content=\"summary_large_image\" \/>\n<meta name=\"twitter:label1\" content=\"Ansl. lesetid\" \/>\n\t<meta name=\"twitter:data1\" content=\"5 minutter\" \/>\n<script type=\"application\/ld+json\" class=\"yoast-schema-graph\">{\"@context\":\"https:\/\/schema.org\",\"@graph\":[{\"@type\":\"Article\",\"@id\":\"https:\/\/hoyre.no\/oslo\/aktuelt\/regjeringen-kjorer-rundt-byene\/#article\",\"isPartOf\":{\"@id\":\"https:\/\/hoyre.no\/oslo\/aktuelt\/regjeringen-kjorer-rundt-byene\/\"},\"author\":{\"name\":\"\",\"@id\":\"\"},\"headline\":\"Regjeringen kj\u00f8rer rundt byene\",\"datePublished\":\"2013-05-27T14:16:12+00:00\",\"dateModified\":\"2022-09-26T13:07:03+00:00\",\"mainEntityOfPage\":{\"@id\":\"https:\/\/hoyre.no\/oslo\/aktuelt\/regjeringen-kjorer-rundt-byene\/\"},\"wordCount\":1029,\"publisher\":{\"@id\":\"https:\/\/hoyre.no\/oslo\/#organization\"},\"image\":{\"@id\":\"https:\/\/hoyre.no\/oslo\/aktuelt\/regjeringen-kjorer-rundt-byene\/#primaryimage\"},\"thumbnailUrl\":\"https:\/\/hoyre.no\/content\/uploads\/sites\/408\/2022\/09\/Nikolai-Astrup-operataket-e1403183183847.jpg\",\"articleSection\":[\"Nyheter\"],\"inLanguage\":\"nb-NO\"},{\"@type\":\"NewsArticle\",\"@id\":\"https:\/\/hoyre.no\/oslo\/aktuelt\/regjeringen-kjorer-rundt-byene\/\",\"url\":\"https:\/\/hoyre.no\/oslo\/aktuelt\/regjeringen-kjorer-rundt-byene\/\",\"name\":\"Regjeringen kj\u00f8rer rundt byene - Oslo H\u00f8yre\",\"isPartOf\":{\"@id\":\"https:\/\/hoyre.no\/oslo\/#website\"},\"image\":{\"@id\":\"https:\/\/hoyre.no\/oslo\/aktuelt\/regjeringen-kjorer-rundt-byene\/#primaryimage\"},\"thumbnailUrl\":\"https:\/\/hoyre.no\/content\/uploads\/sites\/408\/2022\/09\/Nikolai-Astrup-operataket-e1403183183847.jpg\",\"datePublished\":\"2013-05-27T14:16:12+00:00\",\"dateModified\":\"2022-09-26T13:07:03+00:00\",\"breadcrumb\":{\"@id\":\"https:\/\/hoyre.no\/oslo\/aktuelt\/regjeringen-kjorer-rundt-byene\/#breadcrumb\"},\"inLanguage\":\"nb-NO\",\"potentialAction\":[{\"@type\":\"ReadAction\",\"target\":[\"https:\/\/hoyre.no\/oslo\/aktuelt\/regjeringen-kjorer-rundt-byene\/\"]}]},{\"@type\":\"ImageObject\",\"inLanguage\":\"nb-NO\",\"@id\":\"https:\/\/hoyre.no\/oslo\/aktuelt\/regjeringen-kjorer-rundt-byene\/#primaryimage\",\"url\":\"https:\/\/hoyre.no\/content\/uploads\/sites\/408\/2022\/09\/Nikolai-Astrup-operataket-e1403183183847.jpg\",\"contentUrl\":\"https:\/\/hoyre.no\/content\/uploads\/sites\/408\/2022\/09\/Nikolai-Astrup-operataket-e1403183183847.jpg\",\"width\":450,\"height\":159,\"caption\":\"Nikolai Astrup operataket\"},{\"@type\":\"BreadcrumbList\",\"@id\":\"https:\/\/hoyre.no\/oslo\/aktuelt\/regjeringen-kjorer-rundt-byene\/#breadcrumb\",\"itemListElement\":[{\"@type\":\"ListItem\",\"position\":1,\"name\":\"Til hoyre.no\",\"item\":\"https:\/\/hoyre.no\"},{\"@type\":\"ListItem\",\"position\":2,\"name\":\"Hjem\",\"item\":\"https:\/\/hoyre.no\/oslo\/\"},{\"@type\":\"ListItem\",\"position\":3,\"name\":\"Regjeringen kj\u00f8rer rundt byene\"}]},{\"@type\":\"WebSite\",\"@id\":\"https:\/\/hoyre.no\/oslo\/#website\",\"url\":\"https:\/\/hoyre.no\/oslo\/\",\"name\":\"Oslo H\u00f8yre\",\"description\":\"\",\"publisher\":{\"@id\":\"https:\/\/hoyre.no\/oslo\/#organization\"},\"inLanguage\":\"nb-NO\"},{\"@type\":\"Organization\",\"@id\":\"https:\/\/hoyre.no\/oslo\/#organization\",\"name\":\"Oslo H\u00f8yre\",\"url\":\"https:\/\/hoyre.no\/oslo\/\",\"logo\":{\"@type\":\"ImageObject\",\"inLanguage\":\"nb-NO\",\"@id\":\"https:\/\/hoyre.no\/oslo\/#\/schema\/logo\/image\/\",\"url\":\"https:\/\/hoyre.no\/content\/uploads\/sites\/408\/2022\/11\/Hoyres-logo.png\",\"contentUrl\":\"https:\/\/hoyre.no\/content\/uploads\/sites\/408\/2022\/11\/Hoyres-logo.png\",\"width\":1000,\"height\":1000,\"caption\":\"Oslo H\u00f8yre\"},\"image\":{\"@id\":\"https:\/\/hoyre.no\/oslo\/#\/schema\/logo\/image\/\"},\"sameAs\":[\"https:\/\/www.facebook.com\/oslo.hoyre\"]}]}<\/script>\n<!-- \/ Yoast SEO Premium plugin. -->","yoast_head_json":{"title":"Regjeringen kj\u00f8rer rundt byene - Oslo H\u00f8yre","robots":{"index":"index","follow":"follow","max-snippet":"max-snippet:-1","max-image-preview":"max-image-preview:large","max-video-preview":"max-video-preview:-1"},"canonical":"https:\/\/hoyre.no\/oslo\/aktuelt\/regjeringen-kjorer-rundt-byene\/","og_locale":"nb_NO","og_type":"article","og_title":"Regjeringen kj\u00f8rer rundt byene","og_url":"https:\/\/hoyre.no\/oslo\/aktuelt\/regjeringen-kjorer-rundt-byene\/","og_site_name":"Oslo H\u00f8yre","article_publisher":"https:\/\/www.facebook.com\/oslo.hoyre","article_published_time":"2013-05-27T14:16:12+00:00","article_modified_time":"2022-09-26T13:07:03+00:00","og_image":[{"width":450,"height":159,"url":"https:\/\/hoyre.no\/content\/uploads\/sites\/408\/2022\/09\/Nikolai-Astrup-operataket-e1403183183847.jpg","type":"image\/jpeg"}],"twitter_card":"summary_large_image","twitter_misc":{"Ansl. lesetid":"5 minutter"},"schema":{"@context":"https:\/\/schema.org","@graph":[{"@type":"Article","@id":"https:\/\/hoyre.no\/oslo\/aktuelt\/regjeringen-kjorer-rundt-byene\/#article","isPartOf":{"@id":"https:\/\/hoyre.no\/oslo\/aktuelt\/regjeringen-kjorer-rundt-byene\/"},"author":{"name":"","@id":""},"headline":"Regjeringen kj\u00f8rer rundt byene","datePublished":"2013-05-27T14:16:12+00:00","dateModified":"2022-09-26T13:07:03+00:00","mainEntityOfPage":{"@id":"https:\/\/hoyre.no\/oslo\/aktuelt\/regjeringen-kjorer-rundt-byene\/"},"wordCount":1029,"publisher":{"@id":"https:\/\/hoyre.no\/oslo\/#organization"},"image":{"@id":"https:\/\/hoyre.no\/oslo\/aktuelt\/regjeringen-kjorer-rundt-byene\/#primaryimage"},"thumbnailUrl":"https:\/\/hoyre.no\/content\/uploads\/sites\/408\/2022\/09\/Nikolai-Astrup-operataket-e1403183183847.jpg","articleSection":["Nyheter"],"inLanguage":"nb-NO"},{"@type":"NewsArticle","@id":"https:\/\/hoyre.no\/oslo\/aktuelt\/regjeringen-kjorer-rundt-byene\/","url":"https:\/\/hoyre.no\/oslo\/aktuelt\/regjeringen-kjorer-rundt-byene\/","name":"Regjeringen kj\u00f8rer rundt byene - Oslo H\u00f8yre","isPartOf":{"@id":"https:\/\/hoyre.no\/oslo\/#website"},"image":{"@id":"https:\/\/hoyre.no\/oslo\/aktuelt\/regjeringen-kjorer-rundt-byene\/#primaryimage"},"thumbnailUrl":"https:\/\/hoyre.no\/content\/uploads\/sites\/408\/2022\/09\/Nikolai-Astrup-operataket-e1403183183847.jpg","datePublished":"2013-05-27T14:16:12+00:00","dateModified":"2022-09-26T13:07:03+00:00","breadcrumb":{"@id":"https:\/\/hoyre.no\/oslo\/aktuelt\/regjeringen-kjorer-rundt-byene\/#breadcrumb"},"inLanguage":"nb-NO","potentialAction":[{"@type":"ReadAction","target":["https:\/\/hoyre.no\/oslo\/aktuelt\/regjeringen-kjorer-rundt-byene\/"]}]},{"@type":"ImageObject","inLanguage":"nb-NO","@id":"https:\/\/hoyre.no\/oslo\/aktuelt\/regjeringen-kjorer-rundt-byene\/#primaryimage","url":"https:\/\/hoyre.no\/content\/uploads\/sites\/408\/2022\/09\/Nikolai-Astrup-operataket-e1403183183847.jpg","contentUrl":"https:\/\/hoyre.no\/content\/uploads\/sites\/408\/2022\/09\/Nikolai-Astrup-operataket-e1403183183847.jpg","width":450,"height":159,"caption":"Nikolai Astrup operataket"},{"@type":"BreadcrumbList","@id":"https:\/\/hoyre.no\/oslo\/aktuelt\/regjeringen-kjorer-rundt-byene\/#breadcrumb","itemListElement":[{"@type":"ListItem","position":1,"name":"Til hoyre.no","item":"https:\/\/hoyre.no"},{"@type":"ListItem","position":2,"name":"Hjem","item":"https:\/\/hoyre.no\/oslo\/"},{"@type":"ListItem","position":3,"name":"Regjeringen kj\u00f8rer rundt byene"}]},{"@type":"WebSite","@id":"https:\/\/hoyre.no\/oslo\/#website","url":"https:\/\/hoyre.no\/oslo\/","name":"Oslo H\u00f8yre","description":"","publisher":{"@id":"https:\/\/hoyre.no\/oslo\/#organization"},"inLanguage":"nb-NO"},{"@type":"Organization","@id":"https:\/\/hoyre.no\/oslo\/#organization","name":"Oslo H\u00f8yre","url":"https:\/\/hoyre.no\/oslo\/","logo":{"@type":"ImageObject","inLanguage":"nb-NO","@id":"https:\/\/hoyre.no\/oslo\/#\/schema\/logo\/image\/","url":"https:\/\/hoyre.no\/content\/uploads\/sites\/408\/2022\/11\/Hoyres-logo.png","contentUrl":"https:\/\/hoyre.no\/content\/uploads\/sites\/408\/2022\/11\/Hoyres-logo.png","width":1000,"height":1000,"caption":"Oslo H\u00f8yre"},"image":{"@id":"https:\/\/hoyre.no\/oslo\/#\/schema\/logo\/image\/"},"sameAs":["https:\/\/www.facebook.com\/oslo.hoyre"]}]}},"distributor_meta":false,"distributor_terms":false,"distributor_media":false,"distributor_original_site_name":"Oslo H\u00f8yre","distributor_original_site_url":"https:\/\/hoyre.no\/oslo","push-errors":false,"_links":{"self":[{"href":"https:\/\/hoyre.no\/oslo\/wp-json\/wp\/v2\/posts\/1884","targetHints":{"allow":["GET"]}}],"collection":[{"href":"https:\/\/hoyre.no\/oslo\/wp-json\/wp\/v2\/posts"}],"about":[{"href":"https:\/\/hoyre.no\/oslo\/wp-json\/wp\/v2\/types\/post"}],"replies":[{"embeddable":true,"href":"https:\/\/hoyre.no\/oslo\/wp-json\/wp\/v2\/comments?post=1884"}],"version-history":[{"count":1,"href":"https:\/\/hoyre.no\/oslo\/wp-json\/wp\/v2\/posts\/1884\/revisions"}],"predecessor-version":[{"id":3051,"href":"https:\/\/hoyre.no\/oslo\/wp-json\/wp\/v2\/posts\/1884\/revisions\/3051"}],"wp:featuredmedia":[{"embeddable":true,"href":"https:\/\/hoyre.no\/oslo\/wp-json\/wp\/v2\/media\/1885"}],"wp:attachment":[{"href":"https:\/\/hoyre.no\/oslo\/wp-json\/wp\/v2\/media?parent=1884"}],"wp:term":[{"taxonomy":"category","embeddable":true,"href":"https:\/\/hoyre.no\/oslo\/wp-json\/wp\/v2\/category?post=1884"},{"taxonomy":"post_tag","embeddable":true,"href":"https:\/\/hoyre.no\/oslo\/wp-json\/wp\/v2\/post_tag?post=1884"},{"taxonomy":"hoyre-visibility","embeddable":true,"href":"https:\/\/hoyre.no\/oslo\/wp-json\/wp\/v2\/hoyre-visibility?post=1884"},{"taxonomy":"article-type","embeddable":true,"href":"https:\/\/hoyre.no\/oslo\/wp-json\/wp\/v2\/article-type?post=1884"},{"taxonomy":"politician","embeddable":true,"href":"https:\/\/hoyre.no\/oslo\/wp-json\/wp\/v2\/politician?post=1884"}],"curies":[{"name":"wp","href":"https:\/\/api.w.org\/{rel}","templated":true}]}}