{"id":1886,"date":"2013-05-23T13:27:53","date_gmt":"2013-05-23T13:27:53","guid":{"rendered":"https:\/\/hoyre.no\/oslo\/aktuelt\/krever-rask-id-avklaring\/"},"modified":"2022-09-26T15:07:04","modified_gmt":"2022-09-26T13:07:04","slug":"krever-rask-id-avklaring","status":"publish","type":"post","link":"https:\/\/hoyre.no\/oslo\/aktuelt\/krever-rask-id-avklaring\/","title":{"rendered":"Krever rask ID-avklaring"},"content":{"rendered":"<figure class=\"hoyre-image-wrapper\"><div class=\"hoyre-image\"><img loading=\"lazy\" decoding=\"async\" width=\"1024\" height=\"361\" src=\"https:\/\/hoyre.no\/content\/uploads\/sites\/408\/2022\/09\/Politibil-stortinget.jpg\" class=\"attachment-scaled size-scaled\" alt=\"Politibil stortinget\" style=\"object-position: 50% 50%\" srcset=\"https:\/\/hoyre.no\/content\/uploads\/sites\/408\/2022\/09\/Politibil-stortinget.jpg 1024w, https:\/\/hoyre.no\/content\/uploads\/sites\/408\/2022\/09\/Politibil-stortinget-300x106.jpg 300w, https:\/\/hoyre.no\/content\/uploads\/sites\/408\/2022\/09\/Politibil-stortinget-768x271.jpg 768w\" sizes=\"auto, (max-width: 1024px) 100vw, 1024px\" \/><\/div><\/figure><div id=\"hoyre-old-article-content-wrapper\"><p>P\u00e5 ti \u00e5r har tallet p\u00e5 utenlandske fanger i norske fengsler tredoblet seg. Innreisekriminalitet blir et stadig st\u00f8rre problem i Norge, og det er i storbyene problemene er st\u00f8rst. Klargj\u00f8ring av identitet er derfor blitt en hodepine for politiet, som fremdeles sliter med rutiner og datal\u00f8sninger fra det forrige \u00e5rtusen.<\/p><p>&#8211; Mens ten\u00e5ringene v\u00e5re daglig utveksler bilder, video og tekst, sendes sykehusjournaler med taxi og per fax. Mens studenter kommuniserer problemfritt og arbeider simultant p\u00e5 gratistjenester fra Google, m\u00e5 politimenn daglig ringe opp operasjonssentralen hver eneste gang de skal sjekke registreringsnummeret p\u00e5 en bil. Og det er ikke alltid operasjonssentralen har kapasitet til \u00e5 svare, sier stortingsrepresentant <a target=\"_blank\" href=\"https:\/\/www.oslohoyre.no\/kandidater\/michael-tetzschner\/\" rel=\"noopener noreferrer\" title=\"Michael Tetzschner\">Michael Tetzschner.<\/a><\/p><h2>Grensekontroll p\u00e5 Oslo S<\/h2><p>Oslo har helt s\u00e6rlige problemer som f\u00f8lger av \u00e5 v\u00e6re storby, og det er ogs\u00e5 her vi finner landets alvorligste kriminalitet. Oslo S er f\u00f8rste stoppested for mange som kommer til landet utelukkende for \u00e5 drive kriminalitet. Der man tidligere hadde grensekontroll ved Svinesund, fors\u00f8ker Oslo-politiet \u00e5 ha et visst overblikk med de tusener av tilreisende som daglig ankommer jernbanestasjonen.<\/p><blockquote><p>Teknologien finnes, det er bare \u00e5 ta den i bruk.<\/p><\/blockquote><p>E\u00d8S har gitt oss fri flyt av varer og arbeidskraft i Europa, men for \u00e5 trekke ut fordelene av denne friheten, m\u00e5 det f\u00f8res en aktiv politikk mot organisert, internasjonal kriminalitet. Schengenavtalen gir oss inngang i europeisk politisamarbeid og utvikling av informasjon gjennom Schengen Information System (SIS). Schengenlandene har en felles ytre grense, og forel\u00f8pig m\u00e5 vi \u2013 som resten av EU- konstatere at Romania og Bulgaria ikke er klare for \u00e5 tiltre Schengen.<\/p><p>&#8211; Det er ogs\u00e5 p\u00e5 h\u00f8y tid at politiet utstyres med det siste innen teknologiske hjelpemidler, sier Tetzschner. Det er mye prisverdig arbeid som n\u00e5 er i gang i Politiets Merverdiprosjekt, men det har tatt for lang tid, sier han. Vi kan ikke sitte passive og se p\u00e5 denne utviklingen. Teknologien finnes tross alt \u2013 det er bare \u00e5 ta den i bruk, sier han.<\/p><h2>Biometriske data<\/h2><p>Det danske Rigspolitiet har nylig signert en avtale med en leverand\u00f8r av mobile enheter, som raskt, og p\u00e5 stedet, avleser en persons fingeravtrykk. I l\u00f8pet av minutter sjekkes fingeravtrykket opp mot den felles databasen i SIS, som inneholder biometriske data om personer som er etters\u00f8kt eller savnet i Europa.<\/p><p>&#8211; Skal vi kunne avklare at folk er i Norge p\u00e5 et lovlig grunnlag, og skal vi motvirke menneskehandelen, er vi avhengige av \u00e5 enkelt kunne avklare personers identitet, sier Tetzschner. &#8211; Og ikke minst vil en slik l\u00f8sning medf\u00f8re at uskyldige mennesker slipper \u00e5 m\u00e5tte bli med til politistasjonen for en sjekk. Det er en stor belastning for b\u00e5de det enkelte individ og for samfunnet \u00e5 ikke kunne f\u00e5 avklart identitet. Modernisering av politiets utstyr vil spare alle parter for frustrasjon og tapt tid og penger, sier han.<\/p><h2>Falske identiteter<\/h2><p>Nasjonalt ID-senter (et ekspertorgan underlagt Politidirektoratet) anbefaler i sin rapport \u201cBiometri og identitet\u201d et pilotprosjekt der man pr\u00f8ver ut h\u00e5ndholdte mobile enheter som kan brukes til \u00e5 kontrollere biometri i operativ tjeneste i politiet. Senteret anbefaler ogs\u00e5 st\u00f8rre bruk av biometri i arbeidet for \u00e5 klargj\u00f8re identitet i saker som dreier seg om oppholdstillatelse og nyregistreringer i Folkeregisteret. Folkeregisteret har de siste \u00e5rene registrert 200 000 nye personer \u00e5rlig med opphold i Norge. Bare 60 000 av disse er f\u00f8dt i Norge, 80 000 har innvandret til landet og i tillegg har 80 000 personer f\u00e5tt midlertidig opphold i landet.<\/p><p>5 millioner mennesker har personnummer i Norge, men i tillegg har 1,25 millioner mennesker et s\u00e5kalt D-nummer. Det inneb\u00e6rer at de har, eller har hatt, midlertidig tilknytning til landet.<\/p><p>&#8211; Det har v\u00e6rt altfor lett \u00e5 skaffe seg et ID-nummer p\u00e5 falskt grunnlag, sier Tetzschner. &#8211; Faren for svindel er for h\u00f8y \u2013 vi ser idag domfellelser av personer som har hatt b\u00e5de fire og fem identiteter. I Stortinget har H\u00f8yre presisert at det ikke kan gis norsk statsborgerskap p\u00e5 basis av uavklart identitet. Globaliseringen har gitt oss st\u00f8rre goder enn ulemper. Likevel er det n\u00f8dvendig \u00e5 treffe kompenserende tiltak der u\u00f8nsket aktivitet overskrider grensene.<\/p><h2>Misforst\u00e5tt personvern<\/h2><p>Tetzschner var medlem i den regjerings-oppnevnte Personvernkommisjonen, som s\u00e6rskilt tok for seg den s\u00e5rbare stillingen personvern har i m\u00f8te med den teknologiske utviklingen.<\/p><p>Det finnes flere dataregistre i Schengen, og i tillegg til fingeravtrykk registreres ogs\u00e5 passfoto i passregistre. Datatilsynet i Norge trakk i fjor tilbake politiets tillatelse til \u00e5 bruke passregistre i etterforskning, noe Tetzschner mener m\u00e5 omgj\u00f8res.<\/p><p>&#8211; Det er misforst\u00e5tt personvern \u00e5 ikke la politiet kunne hente ut bilder fra passregisteret til bruk for \u00e5 spore opp kriminelle og etterlyste personer. Denne informasjonen brukes derfor ikke utenfor hensikten, tvert imot brukes de for \u00e5 realisere selve hensynet bak passopplysninger, understreker Tetzschner.<\/p><h2>Visste du at&#8230;<\/h2><ul><li>Norge har Nordens h\u00f8yeste andel utenlandske fanger?<\/li><li>Den norske andelen ogs\u00e5 er h\u00f8yere enn i Tyskland, England og Wales?<\/li><li>1 av 3 innsatte i landets fengsler har ikke norsk pass?<\/li><li>I Oslo fengsel er 7 av 10 innsatte fra andre land enn Norge?<\/li><\/ul>\n<\/div>\n<div class=\"tags\">\n\t<\/div>\n<div class=\"post-footer alignfull has-background block-editor-block-list__block\" data-align=full>\n\t<div class=\"post-footer-inner\">\n\t\t<h3>Relaterte artikler<\/h3>\n\t\t<div class=\"related-content\"><div class=\"is-card-hoyre\">\n\t<div class=\"teft-card hoyre-teft-card post-teft-card\">\n\t\t<a href=\"https:\/\/hoyre.no\/oslo\/aktuelt\/mdg-moralismen-fornekter-seg-ikke\/\" class=\"teft-card__primary-action\">\n\n\t\t\t\t\t<div class=\"teft-card__media teft-card__media--16-9\">\n\t\t\t\t\t\t<img loading=\"lazy\" decoding=\"async\" width=\"768\" height=\"512\" src=\"https:\/\/hoyre.no\/content\/uploads\/sites\/408\/2024\/01\/QZQlxtOC-768x512.jpeg\" class=\"attachment-medium_large size-medium_large\" alt=\"Merete Agerbak-Jensen\" srcset=\"https:\/\/hoyre.no\/content\/uploads\/sites\/408\/2024\/01\/QZQlxtOC-768x512.jpeg 768w, https:\/\/hoyre.no\/content\/uploads\/sites\/408\/2024\/01\/QZQlxtOC-300x200.jpeg 300w, https:\/\/hoyre.no\/content\/uploads\/sites\/408\/2024\/01\/QZQlxtOC-1024x683.jpeg 1024w, https:\/\/hoyre.no\/content\/uploads\/sites\/408\/2024\/01\/QZQlxtOC-1536x1024.jpeg 1536w, https:\/\/hoyre.no\/content\/uploads\/sites\/408\/2024\/01\/QZQlxtOC-2048x1365.jpeg 2048w\" sizes=\"auto, (max-width: 768px) 100vw, 768px\" \/>\t\t<\/div>\n\t\t\n\t\t\t<div class=\"teft-card__content-wrapper\">\n\t\t\t\t<div class=\"teft-card__secondary\">\n\t\t\t\t\t\n\t\t\t\t\t\t\t\t<div class=\"teft-card__meta\">\n\t\t\t\t\t\t\t\t\t<span class=\"post-date\">23. apr 2026<\/span>\n\n\t\t\t\t\t\t\t\t\t\t\t\t\t\t\t\t\t<\/div>\n\t\t\t\t\t\t\t\t\t\t\t<\/div>\n\n\t\t\t\t<div class=\"teft-card__primary\">\n\t\t\t\t\t<h2 class=\"teft-card__title\">MDG-moralismen fornekter seg ikke&nbsp;<span class=\"teft-card__primary-title-append\"><\/span><\/h2>\t\t\t\t<\/div>\n\t\t\t<\/div>\n\t\t<\/a>\n\t<\/div>\n\n\t<\/div><div class=\"is-card-hoyre\">\n\t<div class=\"teft-card hoyre-teft-card post-teft-card\">\n\t\t<a href=\"https:\/\/hoyre.no\/oslo\/aktuelt\/raskere-og-enklere-a-bygge-boliger-og-skape-arbeidsplasser-i-oslo\/\" class=\"teft-card__primary-action\">\n\n\t\t\t\t\t<div class=\"teft-card__media teft-card__media--16-9\">\n\t\t\t\t\t\t<img loading=\"lazy\" decoding=\"async\" width=\"768\" height=\"576\" src=\"https:\/\/hoyre.no\/content\/uploads\/sites\/408\/2026\/04\/Eirik-Lae-Solberg-og-Anita-Leirvik-North-768x576.jpg\" class=\"attachment-medium_large size-medium_large\" alt=\"\" srcset=\"https:\/\/hoyre.no\/content\/uploads\/sites\/408\/2026\/04\/Eirik-Lae-Solberg-og-Anita-Leirvik-North-768x576.jpg 768w, https:\/\/hoyre.no\/content\/uploads\/sites\/408\/2026\/04\/Eirik-Lae-Solberg-og-Anita-Leirvik-North-300x225.jpg 300w, https:\/\/hoyre.no\/content\/uploads\/sites\/408\/2026\/04\/Eirik-Lae-Solberg-og-Anita-Leirvik-North.jpg 901w\" sizes=\"auto, (max-width: 768px) 100vw, 768px\" \/>\t\t<\/div>\n\t\t\n\t\t\t<div class=\"teft-card__content-wrapper\">\n\t\t\t\t<div class=\"teft-card__secondary\">\n\t\t\t\t\t\n\t\t\t\t\t\t\t\t<div class=\"teft-card__meta\">\n\t\t\t\t\t\t\t\t\t<span class=\"post-date\">14. apr 2026<\/span>\n\n\t\t\t\t\t\t\t\t\t<span class=\"post-category\">Har lagt frem ny KPA:<\/span>\t\t\t\t\t\t\t\t<\/div>\n\t\t\t\t\t\t\t\t\t\t\t<\/div>\n\n\t\t\t\t<div class=\"teft-card__primary\">\n\t\t\t\t\t<h2 class=\"teft-card__title\">Raskere og enklere \u00e5 bygge boliger og skape arbeidsplasser i Oslo&nbsp;<span class=\"teft-card__primary-title-append\"><\/span><\/h2>\t\t\t\t<\/div>\n\t\t\t<\/div>\n\t\t<\/a>\n\t<\/div>\n\n\t<\/div><div class=\"is-card-hoyre\">\n\t<div class=\"teft-card hoyre-teft-card post-teft-card\">\n\t\t<a href=\"https:\/\/hoyre.no\/oslo\/aktuelt\/bedre-elevresultater-og-en-skoleokonomi-i-balanse-med-blagront-byrad\/\" class=\"teft-card__primary-action\">\n\n\t\t\t\t\t<div class=\"teft-card__media teft-card__media--16-9\">\n\t\t\t\t\t\t<img loading=\"lazy\" decoding=\"async\" width=\"768\" height=\"512\" src=\"https:\/\/hoyre.no\/content\/uploads\/sites\/408\/2025\/05\/IMG_6440-768x512.jpeg\" class=\"attachment-medium_large size-medium_large\" alt=\"Julie Remen Midtgarden\" srcset=\"https:\/\/hoyre.no\/content\/uploads\/sites\/408\/2025\/05\/IMG_6440-768x512.jpeg 768w, https:\/\/hoyre.no\/content\/uploads\/sites\/408\/2025\/05\/IMG_6440-300x200.jpeg 300w, https:\/\/hoyre.no\/content\/uploads\/sites\/408\/2025\/05\/IMG_6440-1024x683.jpeg 1024w, https:\/\/hoyre.no\/content\/uploads\/sites\/408\/2025\/05\/IMG_6440-1536x1024.jpeg 1536w, https:\/\/hoyre.no\/content\/uploads\/sites\/408\/2025\/05\/IMG_6440-2048x1365.jpeg 2048w\" sizes=\"auto, (max-width: 768px) 100vw, 768px\" \/>\t\t<\/div>\n\t\t\n\t\t\t<div class=\"teft-card__content-wrapper\">\n\t\t\t\t<div class=\"teft-card__secondary\">\n\t\t\t\t\t\n\t\t\t\t\t\t\t\t<div class=\"teft-card__meta\">\n\t\t\t\t\t\t\t\t\t<span class=\"post-date\">26. mar 2026<\/span>\n\n\t\t\t\t\t\t\t\t\t\t\t\t\t\t\t\t\t<\/div>\n\t\t\t\t\t\t\t\t\t\t\t<\/div>\n\n\t\t\t\t<div class=\"teft-card__primary\">\n\t\t\t\t\t<h2 class=\"teft-card__title\">Bedre elevresultater og en skole\u00f8konomi i balanse med bl\u00e5gr\u00f8nt byr\u00e5d&nbsp;<span class=\"teft-card__primary-title-append\"><\/span><\/h2>\t\t\t\t<\/div>\n\t\t\t<\/div>\n\t\t<\/a>\n\t<\/div>\n\n\t<\/div><\/div>\t<\/div>\n<\/div>\n","protected":false},"excerpt":{"rendered":"","protected":false},"author":0,"featured_media":1867,"comment_status":"closed","ping_status":"open","sticky":false,"template":"","format":"standard","meta":{"teft_cards_image_url":"","teft_cards_custom_pretitle":"","teft_cards_image_id":1867,"teft_cards_image_focal_point_x":0,"teft_cards_image_focal_point_y":0,"teft_cards_title":"","teft_cards_excerpt":"","teft_show_chapters":false,"author_display_name":"Oslo H\u00f8yre","footnotes":""},"category":[1],"post_tag":[],"hoyre-visibility":[],"article-type":[],"politician":[],"class_list":["post-1886","post","type-post","status-publish","format-standard","hentry","category-nyheter"],"yoast_head":"<!-- This site is optimized with the Yoast SEO Premium plugin v26.5 (Yoast SEO v26.6) - https:\/\/yoast.com\/wordpress\/plugins\/seo\/ -->\n<title>Krever rask ID-avklaring - Oslo H\u00f8yre<\/title>\n<meta name=\"robots\" content=\"index, follow, max-snippet:-1, max-image-preview:large, max-video-preview:-1\" \/>\n<link rel=\"canonical\" href=\"https:\/\/hoyre.no\/oslo\/aktuelt\/krever-rask-id-avklaring\/\" \/>\n<meta property=\"og:locale\" content=\"nb_NO\" \/>\n<meta property=\"og:type\" content=\"article\" \/>\n<meta property=\"og:title\" content=\"Krever rask ID-avklaring\" \/>\n<meta property=\"og:url\" content=\"https:\/\/hoyre.no\/oslo\/aktuelt\/krever-rask-id-avklaring\/\" \/>\n<meta property=\"og:site_name\" content=\"Oslo H\u00f8yre\" \/>\n<meta property=\"article:publisher\" content=\"https:\/\/www.facebook.com\/oslo.hoyre\" \/>\n<meta property=\"article:published_time\" content=\"2013-05-23T13:27:53+00:00\" \/>\n<meta property=\"article:modified_time\" content=\"2022-09-26T13:07:04+00:00\" \/>\n<meta property=\"og:image\" content=\"https:\/\/hoyre.no\/content\/uploads\/sites\/408\/2022\/09\/Politibil-stortinget.jpg\" \/>\n\t<meta property=\"og:image:width\" content=\"1024\" \/>\n\t<meta property=\"og:image:height\" content=\"361\" \/>\n\t<meta property=\"og:image:type\" content=\"image\/jpeg\" \/>\n<meta name=\"twitter:card\" content=\"summary_large_image\" \/>\n<meta name=\"twitter:label1\" content=\"Ansl. lesetid\" \/>\n\t<meta name=\"twitter:data1\" content=\"4 minutter\" \/>\n<script type=\"application\/ld+json\" class=\"yoast-schema-graph\">{\"@context\":\"https:\/\/schema.org\",\"@graph\":[{\"@type\":\"Article\",\"@id\":\"https:\/\/hoyre.no\/oslo\/aktuelt\/krever-rask-id-avklaring\/#article\",\"isPartOf\":{\"@id\":\"https:\/\/hoyre.no\/oslo\/aktuelt\/krever-rask-id-avklaring\/\"},\"author\":{\"name\":\"\",\"@id\":\"\"},\"headline\":\"Krever rask ID-avklaring\",\"datePublished\":\"2013-05-23T13:27:53+00:00\",\"dateModified\":\"2022-09-26T13:07:04+00:00\",\"mainEntityOfPage\":{\"@id\":\"https:\/\/hoyre.no\/oslo\/aktuelt\/krever-rask-id-avklaring\/\"},\"wordCount\":840,\"publisher\":{\"@id\":\"https:\/\/hoyre.no\/oslo\/#organization\"},\"image\":{\"@id\":\"https:\/\/hoyre.no\/oslo\/aktuelt\/krever-rask-id-avklaring\/#primaryimage\"},\"thumbnailUrl\":\"https:\/\/hoyre.no\/content\/uploads\/sites\/408\/2022\/09\/Politibil-stortinget.jpg\",\"articleSection\":[\"Nyheter\"],\"inLanguage\":\"nb-NO\"},{\"@type\":\"NewsArticle\",\"@id\":\"https:\/\/hoyre.no\/oslo\/aktuelt\/krever-rask-id-avklaring\/\",\"url\":\"https:\/\/hoyre.no\/oslo\/aktuelt\/krever-rask-id-avklaring\/\",\"name\":\"Krever rask ID-avklaring - Oslo H\u00f8yre\",\"isPartOf\":{\"@id\":\"https:\/\/hoyre.no\/oslo\/#website\"},\"image\":{\"@id\":\"https:\/\/hoyre.no\/oslo\/aktuelt\/krever-rask-id-avklaring\/#primaryimage\"},\"thumbnailUrl\":\"https:\/\/hoyre.no\/content\/uploads\/sites\/408\/2022\/09\/Politibil-stortinget.jpg\",\"datePublished\":\"2013-05-23T13:27:53+00:00\",\"dateModified\":\"2022-09-26T13:07:04+00:00\",\"breadcrumb\":{\"@id\":\"https:\/\/hoyre.no\/oslo\/aktuelt\/krever-rask-id-avklaring\/#breadcrumb\"},\"inLanguage\":\"nb-NO\",\"potentialAction\":[{\"@type\":\"ReadAction\",\"target\":[\"https:\/\/hoyre.no\/oslo\/aktuelt\/krever-rask-id-avklaring\/\"]}]},{\"@type\":\"ImageObject\",\"inLanguage\":\"nb-NO\",\"@id\":\"https:\/\/hoyre.no\/oslo\/aktuelt\/krever-rask-id-avklaring\/#primaryimage\",\"url\":\"https:\/\/hoyre.no\/content\/uploads\/sites\/408\/2022\/09\/Politibil-stortinget.jpg\",\"contentUrl\":\"https:\/\/hoyre.no\/content\/uploads\/sites\/408\/2022\/09\/Politibil-stortinget.jpg\",\"width\":1024,\"height\":361,\"caption\":\"Politibil stortinget\"},{\"@type\":\"BreadcrumbList\",\"@id\":\"https:\/\/hoyre.no\/oslo\/aktuelt\/krever-rask-id-avklaring\/#breadcrumb\",\"itemListElement\":[{\"@type\":\"ListItem\",\"position\":1,\"name\":\"Til hoyre.no\",\"item\":\"https:\/\/hoyre.no\"},{\"@type\":\"ListItem\",\"position\":2,\"name\":\"Hjem\",\"item\":\"https:\/\/hoyre.no\/oslo\/\"},{\"@type\":\"ListItem\",\"position\":3,\"name\":\"Krever rask ID-avklaring\"}]},{\"@type\":\"WebSite\",\"@id\":\"https:\/\/hoyre.no\/oslo\/#website\",\"url\":\"https:\/\/hoyre.no\/oslo\/\",\"name\":\"Oslo H\u00f8yre\",\"description\":\"\",\"publisher\":{\"@id\":\"https:\/\/hoyre.no\/oslo\/#organization\"},\"inLanguage\":\"nb-NO\"},{\"@type\":\"Organization\",\"@id\":\"https:\/\/hoyre.no\/oslo\/#organization\",\"name\":\"Oslo H\u00f8yre\",\"url\":\"https:\/\/hoyre.no\/oslo\/\",\"logo\":{\"@type\":\"ImageObject\",\"inLanguage\":\"nb-NO\",\"@id\":\"https:\/\/hoyre.no\/oslo\/#\/schema\/logo\/image\/\",\"url\":\"https:\/\/hoyre.no\/content\/uploads\/sites\/408\/2022\/11\/Hoyres-logo.png\",\"contentUrl\":\"https:\/\/hoyre.no\/content\/uploads\/sites\/408\/2022\/11\/Hoyres-logo.png\",\"width\":1000,\"height\":1000,\"caption\":\"Oslo H\u00f8yre\"},\"image\":{\"@id\":\"https:\/\/hoyre.no\/oslo\/#\/schema\/logo\/image\/\"},\"sameAs\":[\"https:\/\/www.facebook.com\/oslo.hoyre\"]}]}<\/script>\n<!-- \/ Yoast SEO Premium plugin. -->","yoast_head_json":{"title":"Krever rask ID-avklaring - Oslo H\u00f8yre","robots":{"index":"index","follow":"follow","max-snippet":"max-snippet:-1","max-image-preview":"max-image-preview:large","max-video-preview":"max-video-preview:-1"},"canonical":"https:\/\/hoyre.no\/oslo\/aktuelt\/krever-rask-id-avklaring\/","og_locale":"nb_NO","og_type":"article","og_title":"Krever rask ID-avklaring","og_url":"https:\/\/hoyre.no\/oslo\/aktuelt\/krever-rask-id-avklaring\/","og_site_name":"Oslo H\u00f8yre","article_publisher":"https:\/\/www.facebook.com\/oslo.hoyre","article_published_time":"2013-05-23T13:27:53+00:00","article_modified_time":"2022-09-26T13:07:04+00:00","og_image":[{"width":1024,"height":361,"url":"https:\/\/hoyre.no\/content\/uploads\/sites\/408\/2022\/09\/Politibil-stortinget.jpg","type":"image\/jpeg"}],"twitter_card":"summary_large_image","twitter_misc":{"Ansl. lesetid":"4 minutter"},"schema":{"@context":"https:\/\/schema.org","@graph":[{"@type":"Article","@id":"https:\/\/hoyre.no\/oslo\/aktuelt\/krever-rask-id-avklaring\/#article","isPartOf":{"@id":"https:\/\/hoyre.no\/oslo\/aktuelt\/krever-rask-id-avklaring\/"},"author":{"name":"","@id":""},"headline":"Krever rask ID-avklaring","datePublished":"2013-05-23T13:27:53+00:00","dateModified":"2022-09-26T13:07:04+00:00","mainEntityOfPage":{"@id":"https:\/\/hoyre.no\/oslo\/aktuelt\/krever-rask-id-avklaring\/"},"wordCount":840,"publisher":{"@id":"https:\/\/hoyre.no\/oslo\/#organization"},"image":{"@id":"https:\/\/hoyre.no\/oslo\/aktuelt\/krever-rask-id-avklaring\/#primaryimage"},"thumbnailUrl":"https:\/\/hoyre.no\/content\/uploads\/sites\/408\/2022\/09\/Politibil-stortinget.jpg","articleSection":["Nyheter"],"inLanguage":"nb-NO"},{"@type":"NewsArticle","@id":"https:\/\/hoyre.no\/oslo\/aktuelt\/krever-rask-id-avklaring\/","url":"https:\/\/hoyre.no\/oslo\/aktuelt\/krever-rask-id-avklaring\/","name":"Krever rask ID-avklaring - Oslo H\u00f8yre","isPartOf":{"@id":"https:\/\/hoyre.no\/oslo\/#website"},"image":{"@id":"https:\/\/hoyre.no\/oslo\/aktuelt\/krever-rask-id-avklaring\/#primaryimage"},"thumbnailUrl":"https:\/\/hoyre.no\/content\/uploads\/sites\/408\/2022\/09\/Politibil-stortinget.jpg","datePublished":"2013-05-23T13:27:53+00:00","dateModified":"2022-09-26T13:07:04+00:00","breadcrumb":{"@id":"https:\/\/hoyre.no\/oslo\/aktuelt\/krever-rask-id-avklaring\/#breadcrumb"},"inLanguage":"nb-NO","potentialAction":[{"@type":"ReadAction","target":["https:\/\/hoyre.no\/oslo\/aktuelt\/krever-rask-id-avklaring\/"]}]},{"@type":"ImageObject","inLanguage":"nb-NO","@id":"https:\/\/hoyre.no\/oslo\/aktuelt\/krever-rask-id-avklaring\/#primaryimage","url":"https:\/\/hoyre.no\/content\/uploads\/sites\/408\/2022\/09\/Politibil-stortinget.jpg","contentUrl":"https:\/\/hoyre.no\/content\/uploads\/sites\/408\/2022\/09\/Politibil-stortinget.jpg","width":1024,"height":361,"caption":"Politibil stortinget"},{"@type":"BreadcrumbList","@id":"https:\/\/hoyre.no\/oslo\/aktuelt\/krever-rask-id-avklaring\/#breadcrumb","itemListElement":[{"@type":"ListItem","position":1,"name":"Til hoyre.no","item":"https:\/\/hoyre.no"},{"@type":"ListItem","position":2,"name":"Hjem","item":"https:\/\/hoyre.no\/oslo\/"},{"@type":"ListItem","position":3,"name":"Krever rask ID-avklaring"}]},{"@type":"WebSite","@id":"https:\/\/hoyre.no\/oslo\/#website","url":"https:\/\/hoyre.no\/oslo\/","name":"Oslo H\u00f8yre","description":"","publisher":{"@id":"https:\/\/hoyre.no\/oslo\/#organization"},"inLanguage":"nb-NO"},{"@type":"Organization","@id":"https:\/\/hoyre.no\/oslo\/#organization","name":"Oslo H\u00f8yre","url":"https:\/\/hoyre.no\/oslo\/","logo":{"@type":"ImageObject","inLanguage":"nb-NO","@id":"https:\/\/hoyre.no\/oslo\/#\/schema\/logo\/image\/","url":"https:\/\/hoyre.no\/content\/uploads\/sites\/408\/2022\/11\/Hoyres-logo.png","contentUrl":"https:\/\/hoyre.no\/content\/uploads\/sites\/408\/2022\/11\/Hoyres-logo.png","width":1000,"height":1000,"caption":"Oslo H\u00f8yre"},"image":{"@id":"https:\/\/hoyre.no\/oslo\/#\/schema\/logo\/image\/"},"sameAs":["https:\/\/www.facebook.com\/oslo.hoyre"]}]}},"distributor_meta":false,"distributor_terms":false,"distributor_media":false,"distributor_original_site_name":"Oslo H\u00f8yre","distributor_original_site_url":"https:\/\/hoyre.no\/oslo","push-errors":false,"_links":{"self":[{"href":"https:\/\/hoyre.no\/oslo\/wp-json\/wp\/v2\/posts\/1886","targetHints":{"allow":["GET"]}}],"collection":[{"href":"https:\/\/hoyre.no\/oslo\/wp-json\/wp\/v2\/posts"}],"about":[{"href":"https:\/\/hoyre.no\/oslo\/wp-json\/wp\/v2\/types\/post"}],"replies":[{"embeddable":true,"href":"https:\/\/hoyre.no\/oslo\/wp-json\/wp\/v2\/comments?post=1886"}],"version-history":[{"count":1,"href":"https:\/\/hoyre.no\/oslo\/wp-json\/wp\/v2\/posts\/1886\/revisions"}],"predecessor-version":[{"id":3052,"href":"https:\/\/hoyre.no\/oslo\/wp-json\/wp\/v2\/posts\/1886\/revisions\/3052"}],"wp:featuredmedia":[{"embeddable":true,"href":"https:\/\/hoyre.no\/oslo\/wp-json\/wp\/v2\/media\/1867"}],"wp:attachment":[{"href":"https:\/\/hoyre.no\/oslo\/wp-json\/wp\/v2\/media?parent=1886"}],"wp:term":[{"taxonomy":"category","embeddable":true,"href":"https:\/\/hoyre.no\/oslo\/wp-json\/wp\/v2\/category?post=1886"},{"taxonomy":"post_tag","embeddable":true,"href":"https:\/\/hoyre.no\/oslo\/wp-json\/wp\/v2\/post_tag?post=1886"},{"taxonomy":"hoyre-visibility","embeddable":true,"href":"https:\/\/hoyre.no\/oslo\/wp-json\/wp\/v2\/hoyre-visibility?post=1886"},{"taxonomy":"article-type","embeddable":true,"href":"https:\/\/hoyre.no\/oslo\/wp-json\/wp\/v2\/article-type?post=1886"},{"taxonomy":"politician","embeddable":true,"href":"https:\/\/hoyre.no\/oslo\/wp-json\/wp\/v2\/politician?post=1886"}],"curies":[{"name":"wp","href":"https:\/\/api.w.org\/{rel}","templated":true}]}}