{"id":1887,"date":"2013-05-21T09:24:22","date_gmt":"2013-05-21T09:24:22","guid":{"rendered":"https:\/\/hoyre.no\/oslo\/aktuelt\/hoye-ambisjoner\/"},"modified":"2022-09-26T15:07:04","modified_gmt":"2022-09-26T13:07:04","slug":"hoye-ambisjoner","status":"publish","type":"post","link":"https:\/\/hoyre.no\/oslo\/aktuelt\/hoye-ambisjoner\/","title":{"rendered":"H\u00f8ye ambisjoner"},"content":{"rendered":"<figure class=\"hoyre-image-wrapper\"><div class=\"hoyre-image\"><img loading=\"lazy\" decoding=\"async\" width=\"1024\" height=\"361\" src=\"https:\/\/hoyre.no\/content\/uploads\/sites\/408\/2022\/09\/Erna-og-Fabian.jpg\" class=\"attachment-scaled size-scaled\" alt=\"Erna Solberg , Fabian Stang\" style=\"object-position: 50% 50%\" srcset=\"https:\/\/hoyre.no\/content\/uploads\/sites\/408\/2022\/09\/Erna-og-Fabian.jpg 1024w, https:\/\/hoyre.no\/content\/uploads\/sites\/408\/2022\/09\/Erna-og-Fabian-300x106.jpg 300w, https:\/\/hoyre.no\/content\/uploads\/sites\/408\/2022\/09\/Erna-og-Fabian-768x271.jpg 768w\" sizes=\"auto, (max-width: 1024px) 100vw, 1024px\" \/><\/div><\/figure><div id=\"hoyre-old-article-content-wrapper\"><p><em>Medlemsavisen Oslo og vi har intervjuet Erna Solberg og Fabian Stang. De hadde mye \u00e5 snakke om da Erna kom p\u00e5 bes\u00f8k til Oslo R\u00e5dhus. <\/em><\/p><p>Fortsatt med litt kledelig farge etter p\u00e5sketuren til Florida kommer en smilende Erna Solberg inn p\u00e5 ordf\u00f8rerens kontor for f\u00f8rste gang. For selv om de har m\u00f8ttes mange ganger og etter hvert kjenner hverandre godt, har de aldri m\u00f8ttes her. Etter at Fabian hadde vist henne litt rundt p\u00e5 kontoret han kjempet s\u00e5 hardt for \u00e5 beholde i 2011, ble det tid til en god prat om hvorfor en H\u00f8yre-ledet regjering vil v\u00e6re det beste b\u00e5de for Oslo og resten av landet.<\/p><h2>Oppreist i motvind<\/h2><p><strong>Husker du hva du tenkte da du \u00e5pnet avisen og s\u00e5 en meningsm\u00e5ling som viste 11,3 prosent for H\u00f8yre dagen f\u00f8r landsm\u00f8tet i 2009?<\/strong><\/p><p>-At det m\u00e5tte v\u00e6re mye morsommere \u00e5 kommentere gode m\u00e5linger enn d\u00e5rlige. Da hadde jeg mest erfaring med det siste for dette var en vanskelig periode. Vi ville gjerne snakke om v\u00e5r egen politikk, men som det nest st\u00f8rste partiet p\u00e5 borgerlig side slapp vi ikke til i mediene med mindre vi kritiserte regjeringen, eller kommenterte d\u00e5rlige meningsm\u00e5linger. Da ble vi nok oppfattet som mer sure og kritiske enn velgerne v\u00e5re \u00f8nsket. Vi H\u00f8yre-folk er jo mer opptatt av l\u00f8sninger og hva vi kan f\u00e5 til fremover enn \u00e5 klage p\u00e5 andre, sier Erna Solberg.<\/p><p><strong>N\u00e5 har H\u00f8yre ligget som st\u00f8rste parti p\u00e5 de aller fleste meningsm\u00e5lingene det siste \u00e5ret, med en stabil oppslutning p\u00e5 over 30 prosent. Hvordan har denne reisen fra 11 til 33 prosent v\u00e6rt for deg som partileder?<\/strong><\/p><p>&#8211; Det var jo en ganske br\u00e5 reise opp og den startet for alvor under valgkampen i 2009. Jeg tror det skyldes at vi da endelig fikk vi lov til \u00e5 snakke om v\u00e5r egen politikk. Valgresultatet ble som kjent 17,2 prosent, men vi var over 20 prosent allerede m\u00e5neden etter valget, s\u00e5 vi skulle nok hatt valg litt senere det \u00e5ret, sier Erna med et smil. &#8211; P\u00e5sken 2010 begynte vi \u00e5 se 25-tallet og siden har det g\u00e5tt veldig bra, bortsett fra en liten endring etter 22.juli 2011.<\/p><blockquote><p>Nasjonale myndigheter m\u00e5 ta et st\u00f8rre ansvar for kollektivutviklingen<\/p><\/blockquote><h2>Bedre l\u00f8sninger<\/h2><p>&#8211; Men det er klart det har v\u00e6rt g\u00f8y. Samtidig inneb\u00e6rer disse m\u00e5lingene en stor grad av forventning til hva vi skal f\u00e5 til og hva vi skal gj\u00f8re. Derfor er det viktig at vi fortsetter \u00e5 holde fokus p\u00e5 \u00e5 utforme en politikk som m\u00f8ter folk i hverdagen. Hvis folk ikke opplever at v\u00e5re l\u00f8sninger er et svar p\u00e5 deres utfordringer, s\u00e5 har vi et problem.<\/p><p>&#8211; I ettertid er jeg faktisk glad for at vi var p\u00e5 11 prosent, skyter Fabian Stang inn. &#8211; For da fikk vi se hvordan Erna h\u00e5ndterte den utfordrende situasjonen vi hadde, og med krav fra mange om lederskifte. N\u00e5 vet vi at vi har en partileder som st\u00e5r st\u00f8tt i vanskelige situasjoner, og er det en ting som er sikkert, s\u00e5 er det at Erna vil bli satt p\u00e5 nye store utfordringer om vi f\u00e5r et regjeringsskifte. I medgang kan vi v\u00e6re gode alle sammen, men det er n\u00e5r det kniper at man viser seg frem og det gjorde Erna p\u00e5 en utrolig god m\u00e5te. Hun har allerede vist at hun kan lede i motgang, s\u00e5 s\u00e5nn sett er jeg glad vi var p\u00e5 elleve, selv om jeg jo er enda mer glad n\u00e5!<\/p><p><strong>Hva blir det viktigste for dere gjennom sommeren og inn i valgkampen?<\/strong><\/p><p>&#8211; Det viktigste blir \u00e5 holde fokus p\u00e5 v\u00e5re valgkampsaker. Det har jo blitt s\u00e5nn at valgkampen er annerledes enn den var for bare 20 \u00e5r tilbake, hvor s\u00e6rlig TV-mediet var veldig dominerende for meningsdanningen til folk. Jeg tenker s\u00e6rlig p\u00e5 NRK sine valgsendinger. N\u00e5 vet vi jo at folk lytter og ser p\u00e5 s\u00e5 mye annet, s\u00e5 da er det opp til oss \u00e5 bruke alle kanaler for \u00e5 n\u00e5 ut med budskapet til velgerne s\u00e5 tidlig som mulig. Men, selv om det finnes mange ulike kanaler og sosiale medier s\u00e5 er det fremdeles viktig \u00e5 komme seg ut og treffe folk, ansikt til ansikt, for \u00e5 v\u00e6re sikre p\u00e5 at vi treffer med det som er budskapet v\u00e5rt, sier Solberg.<\/p><p>&#8211; Ja, og m\u00e5 vi fortelle velgere at meningsm\u00e5linger ikke er valg. For selv om det g\u00e5r bra n\u00e5 s\u00e5 m\u00e5 ingen ta valgseieren som en selvf\u00f8lge. Her m\u00e5 det jobbes hele veien frem til valget og alle som n\u00e5 sier de vil st\u00f8tte H\u00f8yre M\u00c5 huske \u00e5 gj\u00f8re det p\u00e5 valgdagen for at dette skal virke, sier hun.<\/p><blockquote><p>Vi trenger politikk som starter nedenfra, og som tar utgangspunkt i hver enkelt av oss<\/p><\/blockquote><h2><strong>Se til Oslo<\/strong><\/h2><p><strong>Hva er det av H\u00f8yre-politikk i Oslo som kan videref\u00f8res nasjonalt?<\/strong><\/p><p>&#8211; Noe av det H\u00f8yre i Oslo har v\u00e6rt gode til, er \u00e5 skape en god skole, sier Solberg. &#8211; En skole hvor resultatene viser at de, til tross for en mer sammensatt elevgruppe, har f\u00e5tt flere og flere til \u00e5 strekke seg og realisere sine talent. Jeg tror ikke alle l\u00f8sninger i Oslo kan gjennomf\u00f8res alle andre steder, men Oslo viser at n\u00e5r kommunepolitikerne har engasjement og arbeider hardt for kunnskap i skolen, s\u00e5 virker det. Det \u00e5 gi systematisk etter- og videreutdanning for l\u00e6rerne, og \u00e5 s\u00f8rge for gode rektorer og skoleledere: det gir resultater.<\/p><p>&#8211; Det tror jeg er helt riktig, sier Fabian Stang. &#8211; Og det som er spennende med det, er at Oslo-skolen har blitt god til tross for den motstand vi m\u00f8ter fra regjeringen hver gang vi har \u00f8nsket \u00e5 gj\u00f8re noe. S\u00e5 n\u00e5 gleder vi oss virkelig til \u00e5 forbedre Oslo-skolen ytterligere n\u00e5r vi f\u00e5r en regjering som er med oss, og ikke mot oss. Tenk hva vi kan f\u00e5 til n\u00e5!<\/p><p><strong>Hvordan har du som ordf\u00f8rer opplevd det \u00e5 jobbe mot nasjonale myndigheter for skape forst\u00e5else for Oslos spesielle problemer og utfordringer?<\/strong><\/p><p>&#8211; Det er vanskelig, sier Stang. &#8211; For oss er det leit hver gang Senterpartiet g\u00e5r ut og omtaler Oslo som fienden. Er det noe vi er opptatt av i denne byen, s\u00e5 er det \u00e5 v\u00e6re navet som gj\u00f8r at hjulet g\u00e5r rundt, og at vi skal v\u00e6re en velfungerende hovedstad for hele landet! Hit er alle velkomne. N\u00e5 krysser vi fingrene og h\u00e5per at valget vil gi oss en regjering som \u00f8nsker \u00e5 v\u00e6re er en samarbeidspartner og ikke en motstander. Det jeg gleder meg mest til, er at vi snart kan f\u00e5 en regjering som vil f\u00f8re en politikk der man erkjenner at innbyggerne er enkeltindivider som er verdifulle i seg selv. Vi trenger politikk som starter nedenfra, og som tar utgangspunkt i hver enkelt av oss, sier han.<\/p><h2><strong>Rask vekst<\/strong><\/h2><p>Oslo er kanskje Europas raskest voksende by, og vi st\u00e5r overfor store investeringer knyttet til infrastruktur og kollektivutbygging. Det trengs trolig b\u00e5de ny togtunnel og T-banetunnel, og forlengelse av banen til b\u00e5de Ahus og Fornebu. I Nasjonal Transportplan 2014-2023, som regjeringen presenterte i midten av april, var det ikke satt av en krone til kollektivtrafikk i Oslo.<\/p><p><strong>Vil H\u00f8yre i regjering kunne endre p\u00e5 dette?<\/strong><\/p><p>&#8211; Ja, uten tvil, sier Solberg. &#8211; Det er jo en erkjennelse at de fire st\u00f8rste byene i dette landet kommer til \u00e5 oppleve en befolknings\u00f8kning de kommende \u00e5rene. Derfor m\u00e5 nasjonale myndigheter ta et st\u00f8rre ansvar for kollektivutviklingen, og finne l\u00f8sninger som gj\u00f8r at byene kan fungere best mulig.<\/p><p>&#8211; Det m\u00e5 bygges veier i de sentrale omr\u00e5dene hvor k\u00f8ene er lengst, men det st\u00f8rste l\u00f8ftet er \u00e5 s\u00f8rge for bedre kollektivl\u00f8sninger. I en slik prosess m\u00e5 staten v\u00e6re en gasspedal, og ikke en bremsekloss. Man m\u00e5 begynne med det viktigste f\u00f8rst, og i Oslo haster det med \u00e5 f\u00e5 realisert en ny T-banetunnel. Det vil bety veldig mye for hvordan vi kan bygge ut andre tilf\u00f8rselsveier og nye boligomr\u00e5der, understreker hun.<\/p><p>&#8211; Jeg er veldig opptatt av \u00e5 skape en bedre forst\u00e5else for at en god kollektivdekning i Oslo vil redusere bilk\u00f8ene rundt byen, noe som i sin tur inneb\u00e6rer at varene til Harstad kommer fortere frem, sier Stang. &#8211; Etter min mening er det resten av landet som kanskje tjener mest p\u00e5 \u00e5 f\u00e5 til en bedre kollektivl\u00f8sning i Oslo. Isolert sett har vi kanskje b\u00e5de veier og baner nok i Oslo, men det aller viktigste er at trafikkavviklingen fungerer best mulig av hensyn til alle fellesfunksjonene for resten av landet som ligger her, sier han.<\/p><h2><strong>Tryggere by<\/strong><\/h2><p><strong>Vi leser stadig at Oslo-folk oppfatter deler av byen som utrygg, med p\u00e5g\u00e5ende prostituerte, \u00e5pen narkotikaomsetning og betydelige innslag av utenlandske tiggere. Vil en H\u00f8yre-ledet regjering gj\u00f8re byen tryggere?<\/strong><\/p><p>&#8211; Ja, det vil vi jo, svarer Solberg. &#8211; For det f\u00f8rste er det viktig at politiet har de n\u00f8dvendige ressursene, og det vil de f\u00e5 av oss. Men dette handler ikke bare om penger. Jeg tror det viktigste er at vi har et politi som har l\u00e6rt av 22.juli-erfaringene, og som har bedre beredskap om noe s\u00e5 alvorlig skulle skje igjen.<\/p><p>&#8211; Men de m\u00e5 ogs\u00e5 ha kapasitet til \u00e5 ta hverdagskriminaliteten. I dag er det mye hverdagskriminalitet som folk ikke engang orker \u00e5 anmelde til politiet, fordi de vet at de bare f\u00e5r et henleggelsesbrev i posten. I den grad man anmelder noe, s\u00e5 er det for \u00e5 kunne bevise overfor forsikringsselskapet at det faktisk har skjedd. Det er trist, og over tid skaper det mindre tiltro til b\u00e5de politiet og myndighetene.<\/p><blockquote><p>Ingen bringes ut av fattigdommen ved at vi legger noen kroner i koppen.<\/p><\/blockquote><p>&#8211; N\u00e5r mange g\u00e5r rundt i landets hovedstad, eller andre st\u00f8rre byer i Norge og f\u00f8ler utrygghet fordi man plages av tiggere, prostituerte eller hva det m\u00e5tte v\u00e6re, s\u00e5 m\u00e5 vi gj\u00f8re noe med det. Derfor har jo H\u00f8yres landsm\u00f8te vedtatt at vi skal gjeninnf\u00f8re et tiggeforbud. Vi har i dag et kjempestort fattigdomsproblem rundt i Europa med stor bevegelse av folk som fritt reiser over landegrensene, men vi kan ikke l\u00f8se problemene deres ved \u00e5 si at det er fritt frem for tiggevirksomhet i Norge. N\u00e5 er det ikke tiggingen f\u00f8rst og fremst jeg ser p\u00e5 som et problem, men tilknytningen dette har til organisert kriminalitet, sier hun.<\/p><p>&#8211; Ingen bringes ut av fattigdommen ved at vi legger noen kroner i koppen. Det bidrar bare til at tiggingen fortsetter, sier Stang. &#8211; Disse menneskene m\u00e5 hjelpes der de bor, og der har regjeringen et s\u00e6rskilt ansvar. N\u00e5r det gjelder utrygghet, s\u00e5 tror jeg at det ogs\u00e5 innenfor justissektoren er et sp\u00f8rsm\u00e5l om ledelse og at en regjering ledet av H\u00f8yre er i st\u00f8rre grad vil akseptere ledere som innimellom gj\u00f8r noe feil, s\u00e5 lenge de faktisk GJ\u00d8R noe. I dagens system opplever jeg at vi har en regjering som premierer ledere som IKKE gj\u00f8r noe, for da er de i det minste sikre p\u00e5 at de heller ikke gj\u00f8r noe feil. Jeg tror H\u00f8yre vil v\u00e6re rausere overfor ledere som \u00f8nsker \u00e5 skape noe og dermed gi dem den ryggdekningen de trenger n\u00e5r de innimellom beg\u00e5r noen feil &#8211; uten at vi hiver dem ut, sier han.<\/p><blockquote><p>Det er viktig at politiet har de n\u00f8dvendige ressursene, og det vil de f\u00e5 av oss.<\/p><\/blockquote><h2>Knapp ferie<\/h2><p>Samtalen som ble innledet p\u00e5 ordf\u00f8rerens kontor har g\u00e5tt uanstrengt selv om de har beveget seg ut p\u00e5 r\u00e5dhusplassen og fors\u00f8kt \u00e5 f\u00f8lge fotografens oppfordringer. Det er lett \u00e5 se at begge er gl\u00f8dende opptatt av jobbene sine og av \u00e5 diskutere politikk. Erna skal videre til Dagbladet for \u00e5 snakke om en annen stor interesse: fotball. Men f\u00f8r de skilles, rekker Oslo og Vi \u00e5 stille et siste sp\u00f8rsm\u00e5l om sommerplanene deres.<\/p><p>Erna er ikke helt ferdig med sommerplanene sine, men kommer til \u00e5 ta litt ferie. &#8211; Jeg har invitasjoner til \u00e5 \u00e5pne litt ulike festivaler i sommer, og jeg kommer noe til \u00e5 sl\u00e5 til p\u00e5 noen av dem, for det er hyggelig \u00e5 m\u00f8te mennesker. Jeg tar nok ogs\u00e5 noen feriedager hjemme p\u00e5 vestlandet, sier hun.<\/p><p>Fabian har heller ingen planer om \u00e5 gj\u00f8re seg utilgjengelig denne sommeren. &#8211; Jeg satser p\u00e5 noen fine dager i Telemark p\u00e5 hytta sammen med kj\u00e6resten. Det er ferie for meg, men jeg vender nok nesa hjem over igjen litt tidligere enn jeg hadde gjort om det ikke var valg til h\u00f8sten.<\/p><p>En kj\u00e6rkommen solstr\u00e5le trenger gjennom skylaget i noen sekunder og minner oss om at det g\u00e5r mot lysere tider. Men selv om denne vinteren har v\u00e6rt lang for mange, har den ikke v\u00e6rt like lang som den r\u00f8dgr\u00f8nne politiske vinteren Erna har opplevd i l\u00f8pet av de siste \u00e5tte \u00e5rene. P\u00e5 vei mot den ventende drosjen, vender hun seg ut mot fjorden og trekker inn litt frisk sj\u00f8luft, f\u00f8r hun snur seg mot ordf\u00f8reren.<\/p><p>&#8211; Jeg er egentlig ikke s\u00e5 flink til \u00e5 vente, jeg er en som liker \u00e5 f\u00e5 ting gjort, og det er s\u00e5 mye jeg har lyst til gj\u00f8re, sier hun. &#8211; Jeg kan ta noen telefoner \u00e5 se om vi kan fremskynde valget, svarer Fabian.<\/p><p>&#8211; Gj\u00f8r det, sier Erna. &#8211; Jeg er klar.<\/p>\n<\/div>\n<div class=\"tags\">\n\t<\/div>\n<div class=\"post-footer alignfull has-background block-editor-block-list__block\" data-align=full>\n\t<div class=\"post-footer-inner\">\n\t\t<h3>Relaterte artikler<\/h3>\n\t\t<div class=\"related-content\"><div class=\"is-card-hoyre\">\n\t<div class=\"teft-card hoyre-teft-card post-teft-card\">\n\t\t<a href=\"https:\/\/hoyre.no\/oslo\/aktuelt\/mdg-moralismen-fornekter-seg-ikke\/\" class=\"teft-card__primary-action\">\n\n\t\t\t\t\t<div class=\"teft-card__media teft-card__media--16-9\">\n\t\t\t\t\t\t<img loading=\"lazy\" decoding=\"async\" width=\"768\" height=\"512\" src=\"https:\/\/hoyre.no\/content\/uploads\/sites\/408\/2024\/01\/QZQlxtOC-768x512.jpeg\" class=\"attachment-medium_large size-medium_large\" alt=\"Merete Agerbak-Jensen\" srcset=\"https:\/\/hoyre.no\/content\/uploads\/sites\/408\/2024\/01\/QZQlxtOC-768x512.jpeg 768w, https:\/\/hoyre.no\/content\/uploads\/sites\/408\/2024\/01\/QZQlxtOC-300x200.jpeg 300w, https:\/\/hoyre.no\/content\/uploads\/sites\/408\/2024\/01\/QZQlxtOC-1024x683.jpeg 1024w, https:\/\/hoyre.no\/content\/uploads\/sites\/408\/2024\/01\/QZQlxtOC-1536x1024.jpeg 1536w, https:\/\/hoyre.no\/content\/uploads\/sites\/408\/2024\/01\/QZQlxtOC-2048x1365.jpeg 2048w\" sizes=\"auto, (max-width: 768px) 100vw, 768px\" \/>\t\t<\/div>\n\t\t\n\t\t\t<div class=\"teft-card__content-wrapper\">\n\t\t\t\t<div class=\"teft-card__secondary\">\n\t\t\t\t\t\n\t\t\t\t\t\t\t\t<div class=\"teft-card__meta\">\n\t\t\t\t\t\t\t\t\t<span class=\"post-date\">23. apr 2026<\/span>\n\n\t\t\t\t\t\t\t\t\t\t\t\t\t\t\t\t\t<\/div>\n\t\t\t\t\t\t\t\t\t\t\t<\/div>\n\n\t\t\t\t<div class=\"teft-card__primary\">\n\t\t\t\t\t<h2 class=\"teft-card__title\">MDG-moralismen fornekter seg ikke&nbsp;<span class=\"teft-card__primary-title-append\"><\/span><\/h2>\t\t\t\t<\/div>\n\t\t\t<\/div>\n\t\t<\/a>\n\t<\/div>\n\n\t<\/div><div class=\"is-card-hoyre\">\n\t<div class=\"teft-card hoyre-teft-card post-teft-card\">\n\t\t<a href=\"https:\/\/hoyre.no\/oslo\/aktuelt\/raskere-og-enklere-a-bygge-boliger-og-skape-arbeidsplasser-i-oslo\/\" class=\"teft-card__primary-action\">\n\n\t\t\t\t\t<div class=\"teft-card__media teft-card__media--16-9\">\n\t\t\t\t\t\t<img loading=\"lazy\" decoding=\"async\" width=\"768\" height=\"576\" src=\"https:\/\/hoyre.no\/content\/uploads\/sites\/408\/2026\/04\/Eirik-Lae-Solberg-og-Anita-Leirvik-North-768x576.jpg\" class=\"attachment-medium_large size-medium_large\" alt=\"\" srcset=\"https:\/\/hoyre.no\/content\/uploads\/sites\/408\/2026\/04\/Eirik-Lae-Solberg-og-Anita-Leirvik-North-768x576.jpg 768w, https:\/\/hoyre.no\/content\/uploads\/sites\/408\/2026\/04\/Eirik-Lae-Solberg-og-Anita-Leirvik-North-300x225.jpg 300w, https:\/\/hoyre.no\/content\/uploads\/sites\/408\/2026\/04\/Eirik-Lae-Solberg-og-Anita-Leirvik-North.jpg 901w\" sizes=\"auto, (max-width: 768px) 100vw, 768px\" \/>\t\t<\/div>\n\t\t\n\t\t\t<div class=\"teft-card__content-wrapper\">\n\t\t\t\t<div class=\"teft-card__secondary\">\n\t\t\t\t\t\n\t\t\t\t\t\t\t\t<div class=\"teft-card__meta\">\n\t\t\t\t\t\t\t\t\t<span class=\"post-date\">14. apr 2026<\/span>\n\n\t\t\t\t\t\t\t\t\t<span class=\"post-category\">Har lagt frem ny KPA:<\/span>\t\t\t\t\t\t\t\t<\/div>\n\t\t\t\t\t\t\t\t\t\t\t<\/div>\n\n\t\t\t\t<div class=\"teft-card__primary\">\n\t\t\t\t\t<h2 class=\"teft-card__title\">Raskere og enklere \u00e5 bygge boliger og skape arbeidsplasser i Oslo&nbsp;<span class=\"teft-card__primary-title-append\"><\/span><\/h2>\t\t\t\t<\/div>\n\t\t\t<\/div>\n\t\t<\/a>\n\t<\/div>\n\n\t<\/div><div class=\"is-card-hoyre\">\n\t<div class=\"teft-card hoyre-teft-card post-teft-card\">\n\t\t<a href=\"https:\/\/hoyre.no\/oslo\/aktuelt\/bedre-elevresultater-og-en-skoleokonomi-i-balanse-med-blagront-byrad\/\" class=\"teft-card__primary-action\">\n\n\t\t\t\t\t<div class=\"teft-card__media teft-card__media--16-9\">\n\t\t\t\t\t\t<img loading=\"lazy\" decoding=\"async\" width=\"768\" height=\"512\" src=\"https:\/\/hoyre.no\/content\/uploads\/sites\/408\/2025\/05\/IMG_6440-768x512.jpeg\" class=\"attachment-medium_large size-medium_large\" alt=\"Julie Remen Midtgarden\" srcset=\"https:\/\/hoyre.no\/content\/uploads\/sites\/408\/2025\/05\/IMG_6440-768x512.jpeg 768w, https:\/\/hoyre.no\/content\/uploads\/sites\/408\/2025\/05\/IMG_6440-300x200.jpeg 300w, https:\/\/hoyre.no\/content\/uploads\/sites\/408\/2025\/05\/IMG_6440-1024x683.jpeg 1024w, https:\/\/hoyre.no\/content\/uploads\/sites\/408\/2025\/05\/IMG_6440-1536x1024.jpeg 1536w, https:\/\/hoyre.no\/content\/uploads\/sites\/408\/2025\/05\/IMG_6440-2048x1365.jpeg 2048w\" sizes=\"auto, (max-width: 768px) 100vw, 768px\" \/>\t\t<\/div>\n\t\t\n\t\t\t<div class=\"teft-card__content-wrapper\">\n\t\t\t\t<div class=\"teft-card__secondary\">\n\t\t\t\t\t\n\t\t\t\t\t\t\t\t<div class=\"teft-card__meta\">\n\t\t\t\t\t\t\t\t\t<span class=\"post-date\">26. mar 2026<\/span>\n\n\t\t\t\t\t\t\t\t\t\t\t\t\t\t\t\t\t<\/div>\n\t\t\t\t\t\t\t\t\t\t\t<\/div>\n\n\t\t\t\t<div class=\"teft-card__primary\">\n\t\t\t\t\t<h2 class=\"teft-card__title\">Bedre elevresultater og en skole\u00f8konomi i balanse med bl\u00e5gr\u00f8nt byr\u00e5d&nbsp;<span class=\"teft-card__primary-title-append\"><\/span><\/h2>\t\t\t\t<\/div>\n\t\t\t<\/div>\n\t\t<\/a>\n\t<\/div>\n\n\t<\/div><\/div>\t<\/div>\n<\/div>\n","protected":false},"excerpt":{"rendered":"","protected":false},"author":0,"featured_media":1888,"comment_status":"closed","ping_status":"open","sticky":false,"template":"","format":"standard","meta":{"teft_cards_image_url":"","teft_cards_custom_pretitle":"","teft_cards_image_id":1888,"teft_cards_image_focal_point_x":0,"teft_cards_image_focal_point_y":0,"teft_cards_title":"","teft_cards_excerpt":"","teft_show_chapters":false,"author_display_name":"Oslo H\u00f8yre","footnotes":""},"category":[1],"post_tag":[],"hoyre-visibility":[],"article-type":[],"politician":[],"class_list":["post-1887","post","type-post","status-publish","format-standard","hentry","category-nyheter"],"yoast_head":"<!-- This site is optimized with the Yoast SEO Premium plugin v26.5 (Yoast SEO v26.6) - https:\/\/yoast.com\/wordpress\/plugins\/seo\/ -->\n<title>H\u00f8ye ambisjoner - Oslo H\u00f8yre<\/title>\n<meta name=\"robots\" content=\"index, follow, max-snippet:-1, max-image-preview:large, max-video-preview:-1\" \/>\n<link rel=\"canonical\" href=\"https:\/\/hoyre.no\/oslo\/aktuelt\/hoye-ambisjoner\/\" \/>\n<meta property=\"og:locale\" content=\"nb_NO\" \/>\n<meta property=\"og:type\" content=\"article\" \/>\n<meta property=\"og:title\" content=\"H\u00f8ye ambisjoner\" \/>\n<meta property=\"og:url\" content=\"https:\/\/hoyre.no\/oslo\/aktuelt\/hoye-ambisjoner\/\" \/>\n<meta property=\"og:site_name\" content=\"Oslo H\u00f8yre\" \/>\n<meta property=\"article:publisher\" content=\"https:\/\/www.facebook.com\/oslo.hoyre\" \/>\n<meta property=\"article:published_time\" content=\"2013-05-21T09:24:22+00:00\" \/>\n<meta property=\"article:modified_time\" content=\"2022-09-26T13:07:04+00:00\" \/>\n<meta property=\"og:image\" content=\"https:\/\/hoyre.no\/content\/uploads\/sites\/408\/2022\/09\/Erna-og-Fabian.jpg\" \/>\n\t<meta property=\"og:image:width\" content=\"1024\" \/>\n\t<meta property=\"og:image:height\" content=\"361\" \/>\n\t<meta property=\"og:image:type\" content=\"image\/jpeg\" \/>\n<meta name=\"twitter:card\" content=\"summary_large_image\" \/>\n<meta name=\"twitter:label1\" content=\"Ansl. lesetid\" \/>\n\t<meta name=\"twitter:data1\" content=\"11 minutter\" \/>\n<script type=\"application\/ld+json\" class=\"yoast-schema-graph\">{\"@context\":\"https:\/\/schema.org\",\"@graph\":[{\"@type\":\"Article\",\"@id\":\"https:\/\/hoyre.no\/oslo\/aktuelt\/hoye-ambisjoner\/#article\",\"isPartOf\":{\"@id\":\"https:\/\/hoyre.no\/oslo\/aktuelt\/hoye-ambisjoner\/\"},\"author\":{\"name\":\"\",\"@id\":\"\"},\"headline\":\"H\u00f8ye ambisjoner\",\"datePublished\":\"2013-05-21T09:24:22+00:00\",\"dateModified\":\"2022-09-26T13:07:04+00:00\",\"mainEntityOfPage\":{\"@id\":\"https:\/\/hoyre.no\/oslo\/aktuelt\/hoye-ambisjoner\/\"},\"wordCount\":2264,\"publisher\":{\"@id\":\"https:\/\/hoyre.no\/oslo\/#organization\"},\"image\":{\"@id\":\"https:\/\/hoyre.no\/oslo\/aktuelt\/hoye-ambisjoner\/#primaryimage\"},\"thumbnailUrl\":\"https:\/\/hoyre.no\/content\/uploads\/sites\/408\/2022\/09\/Erna-og-Fabian.jpg\",\"articleSection\":[\"Nyheter\"],\"inLanguage\":\"nb-NO\"},{\"@type\":\"NewsArticle\",\"@id\":\"https:\/\/hoyre.no\/oslo\/aktuelt\/hoye-ambisjoner\/\",\"url\":\"https:\/\/hoyre.no\/oslo\/aktuelt\/hoye-ambisjoner\/\",\"name\":\"H\u00f8ye ambisjoner - Oslo H\u00f8yre\",\"isPartOf\":{\"@id\":\"https:\/\/hoyre.no\/oslo\/#website\"},\"image\":{\"@id\":\"https:\/\/hoyre.no\/oslo\/aktuelt\/hoye-ambisjoner\/#primaryimage\"},\"thumbnailUrl\":\"https:\/\/hoyre.no\/content\/uploads\/sites\/408\/2022\/09\/Erna-og-Fabian.jpg\",\"datePublished\":\"2013-05-21T09:24:22+00:00\",\"dateModified\":\"2022-09-26T13:07:04+00:00\",\"breadcrumb\":{\"@id\":\"https:\/\/hoyre.no\/oslo\/aktuelt\/hoye-ambisjoner\/#breadcrumb\"},\"inLanguage\":\"nb-NO\",\"potentialAction\":[{\"@type\":\"ReadAction\",\"target\":[\"https:\/\/hoyre.no\/oslo\/aktuelt\/hoye-ambisjoner\/\"]}]},{\"@type\":\"ImageObject\",\"inLanguage\":\"nb-NO\",\"@id\":\"https:\/\/hoyre.no\/oslo\/aktuelt\/hoye-ambisjoner\/#primaryimage\",\"url\":\"https:\/\/hoyre.no\/content\/uploads\/sites\/408\/2022\/09\/Erna-og-Fabian.jpg\",\"contentUrl\":\"https:\/\/hoyre.no\/content\/uploads\/sites\/408\/2022\/09\/Erna-og-Fabian.jpg\",\"width\":1024,\"height\":361,\"caption\":\"Erna Solberg , Fabian Stang\"},{\"@type\":\"BreadcrumbList\",\"@id\":\"https:\/\/hoyre.no\/oslo\/aktuelt\/hoye-ambisjoner\/#breadcrumb\",\"itemListElement\":[{\"@type\":\"ListItem\",\"position\":1,\"name\":\"Til hoyre.no\",\"item\":\"https:\/\/hoyre.no\"},{\"@type\":\"ListItem\",\"position\":2,\"name\":\"Hjem\",\"item\":\"https:\/\/hoyre.no\/oslo\/\"},{\"@type\":\"ListItem\",\"position\":3,\"name\":\"H\u00f8ye ambisjoner\"}]},{\"@type\":\"WebSite\",\"@id\":\"https:\/\/hoyre.no\/oslo\/#website\",\"url\":\"https:\/\/hoyre.no\/oslo\/\",\"name\":\"Oslo H\u00f8yre\",\"description\":\"\",\"publisher\":{\"@id\":\"https:\/\/hoyre.no\/oslo\/#organization\"},\"inLanguage\":\"nb-NO\"},{\"@type\":\"Organization\",\"@id\":\"https:\/\/hoyre.no\/oslo\/#organization\",\"name\":\"Oslo H\u00f8yre\",\"url\":\"https:\/\/hoyre.no\/oslo\/\",\"logo\":{\"@type\":\"ImageObject\",\"inLanguage\":\"nb-NO\",\"@id\":\"https:\/\/hoyre.no\/oslo\/#\/schema\/logo\/image\/\",\"url\":\"https:\/\/hoyre.no\/content\/uploads\/sites\/408\/2022\/11\/Hoyres-logo.png\",\"contentUrl\":\"https:\/\/hoyre.no\/content\/uploads\/sites\/408\/2022\/11\/Hoyres-logo.png\",\"width\":1000,\"height\":1000,\"caption\":\"Oslo H\u00f8yre\"},\"image\":{\"@id\":\"https:\/\/hoyre.no\/oslo\/#\/schema\/logo\/image\/\"},\"sameAs\":[\"https:\/\/www.facebook.com\/oslo.hoyre\"]}]}<\/script>\n<!-- \/ Yoast SEO Premium plugin. -->","yoast_head_json":{"title":"H\u00f8ye ambisjoner - Oslo H\u00f8yre","robots":{"index":"index","follow":"follow","max-snippet":"max-snippet:-1","max-image-preview":"max-image-preview:large","max-video-preview":"max-video-preview:-1"},"canonical":"https:\/\/hoyre.no\/oslo\/aktuelt\/hoye-ambisjoner\/","og_locale":"nb_NO","og_type":"article","og_title":"H\u00f8ye ambisjoner","og_url":"https:\/\/hoyre.no\/oslo\/aktuelt\/hoye-ambisjoner\/","og_site_name":"Oslo H\u00f8yre","article_publisher":"https:\/\/www.facebook.com\/oslo.hoyre","article_published_time":"2013-05-21T09:24:22+00:00","article_modified_time":"2022-09-26T13:07:04+00:00","og_image":[{"width":1024,"height":361,"url":"https:\/\/hoyre.no\/content\/uploads\/sites\/408\/2022\/09\/Erna-og-Fabian.jpg","type":"image\/jpeg"}],"twitter_card":"summary_large_image","twitter_misc":{"Ansl. lesetid":"11 minutter"},"schema":{"@context":"https:\/\/schema.org","@graph":[{"@type":"Article","@id":"https:\/\/hoyre.no\/oslo\/aktuelt\/hoye-ambisjoner\/#article","isPartOf":{"@id":"https:\/\/hoyre.no\/oslo\/aktuelt\/hoye-ambisjoner\/"},"author":{"name":"","@id":""},"headline":"H\u00f8ye ambisjoner","datePublished":"2013-05-21T09:24:22+00:00","dateModified":"2022-09-26T13:07:04+00:00","mainEntityOfPage":{"@id":"https:\/\/hoyre.no\/oslo\/aktuelt\/hoye-ambisjoner\/"},"wordCount":2264,"publisher":{"@id":"https:\/\/hoyre.no\/oslo\/#organization"},"image":{"@id":"https:\/\/hoyre.no\/oslo\/aktuelt\/hoye-ambisjoner\/#primaryimage"},"thumbnailUrl":"https:\/\/hoyre.no\/content\/uploads\/sites\/408\/2022\/09\/Erna-og-Fabian.jpg","articleSection":["Nyheter"],"inLanguage":"nb-NO"},{"@type":"NewsArticle","@id":"https:\/\/hoyre.no\/oslo\/aktuelt\/hoye-ambisjoner\/","url":"https:\/\/hoyre.no\/oslo\/aktuelt\/hoye-ambisjoner\/","name":"H\u00f8ye ambisjoner - Oslo H\u00f8yre","isPartOf":{"@id":"https:\/\/hoyre.no\/oslo\/#website"},"image":{"@id":"https:\/\/hoyre.no\/oslo\/aktuelt\/hoye-ambisjoner\/#primaryimage"},"thumbnailUrl":"https:\/\/hoyre.no\/content\/uploads\/sites\/408\/2022\/09\/Erna-og-Fabian.jpg","datePublished":"2013-05-21T09:24:22+00:00","dateModified":"2022-09-26T13:07:04+00:00","breadcrumb":{"@id":"https:\/\/hoyre.no\/oslo\/aktuelt\/hoye-ambisjoner\/#breadcrumb"},"inLanguage":"nb-NO","potentialAction":[{"@type":"ReadAction","target":["https:\/\/hoyre.no\/oslo\/aktuelt\/hoye-ambisjoner\/"]}]},{"@type":"ImageObject","inLanguage":"nb-NO","@id":"https:\/\/hoyre.no\/oslo\/aktuelt\/hoye-ambisjoner\/#primaryimage","url":"https:\/\/hoyre.no\/content\/uploads\/sites\/408\/2022\/09\/Erna-og-Fabian.jpg","contentUrl":"https:\/\/hoyre.no\/content\/uploads\/sites\/408\/2022\/09\/Erna-og-Fabian.jpg","width":1024,"height":361,"caption":"Erna Solberg , Fabian Stang"},{"@type":"BreadcrumbList","@id":"https:\/\/hoyre.no\/oslo\/aktuelt\/hoye-ambisjoner\/#breadcrumb","itemListElement":[{"@type":"ListItem","position":1,"name":"Til hoyre.no","item":"https:\/\/hoyre.no"},{"@type":"ListItem","position":2,"name":"Hjem","item":"https:\/\/hoyre.no\/oslo\/"},{"@type":"ListItem","position":3,"name":"H\u00f8ye ambisjoner"}]},{"@type":"WebSite","@id":"https:\/\/hoyre.no\/oslo\/#website","url":"https:\/\/hoyre.no\/oslo\/","name":"Oslo H\u00f8yre","description":"","publisher":{"@id":"https:\/\/hoyre.no\/oslo\/#organization"},"inLanguage":"nb-NO"},{"@type":"Organization","@id":"https:\/\/hoyre.no\/oslo\/#organization","name":"Oslo H\u00f8yre","url":"https:\/\/hoyre.no\/oslo\/","logo":{"@type":"ImageObject","inLanguage":"nb-NO","@id":"https:\/\/hoyre.no\/oslo\/#\/schema\/logo\/image\/","url":"https:\/\/hoyre.no\/content\/uploads\/sites\/408\/2022\/11\/Hoyres-logo.png","contentUrl":"https:\/\/hoyre.no\/content\/uploads\/sites\/408\/2022\/11\/Hoyres-logo.png","width":1000,"height":1000,"caption":"Oslo H\u00f8yre"},"image":{"@id":"https:\/\/hoyre.no\/oslo\/#\/schema\/logo\/image\/"},"sameAs":["https:\/\/www.facebook.com\/oslo.hoyre"]}]}},"distributor_meta":false,"distributor_terms":false,"distributor_media":false,"distributor_original_site_name":"Oslo H\u00f8yre","distributor_original_site_url":"https:\/\/hoyre.no\/oslo","push-errors":false,"_links":{"self":[{"href":"https:\/\/hoyre.no\/oslo\/wp-json\/wp\/v2\/posts\/1887","targetHints":{"allow":["GET"]}}],"collection":[{"href":"https:\/\/hoyre.no\/oslo\/wp-json\/wp\/v2\/posts"}],"about":[{"href":"https:\/\/hoyre.no\/oslo\/wp-json\/wp\/v2\/types\/post"}],"replies":[{"embeddable":true,"href":"https:\/\/hoyre.no\/oslo\/wp-json\/wp\/v2\/comments?post=1887"}],"version-history":[{"count":1,"href":"https:\/\/hoyre.no\/oslo\/wp-json\/wp\/v2\/posts\/1887\/revisions"}],"predecessor-version":[{"id":3053,"href":"https:\/\/hoyre.no\/oslo\/wp-json\/wp\/v2\/posts\/1887\/revisions\/3053"}],"wp:featuredmedia":[{"embeddable":true,"href":"https:\/\/hoyre.no\/oslo\/wp-json\/wp\/v2\/media\/1888"}],"wp:attachment":[{"href":"https:\/\/hoyre.no\/oslo\/wp-json\/wp\/v2\/media?parent=1887"}],"wp:term":[{"taxonomy":"category","embeddable":true,"href":"https:\/\/hoyre.no\/oslo\/wp-json\/wp\/v2\/category?post=1887"},{"taxonomy":"post_tag","embeddable":true,"href":"https:\/\/hoyre.no\/oslo\/wp-json\/wp\/v2\/post_tag?post=1887"},{"taxonomy":"hoyre-visibility","embeddable":true,"href":"https:\/\/hoyre.no\/oslo\/wp-json\/wp\/v2\/hoyre-visibility?post=1887"},{"taxonomy":"article-type","embeddable":true,"href":"https:\/\/hoyre.no\/oslo\/wp-json\/wp\/v2\/article-type?post=1887"},{"taxonomy":"politician","embeddable":true,"href":"https:\/\/hoyre.no\/oslo\/wp-json\/wp\/v2\/politician?post=1887"}],"curies":[{"name":"wp","href":"https:\/\/api.w.org\/{rel}","templated":true}]}}