{"id":1889,"date":"2013-05-19T07:53:41","date_gmt":"2013-05-19T07:53:41","guid":{"rendered":"https:\/\/hoyre.no\/oslo\/aktuelt\/sinne-og-sindighet\/"},"modified":"2022-09-26T15:07:04","modified_gmt":"2022-09-26T13:07:04","slug":"sinne-og-sindighet","status":"publish","type":"post","link":"https:\/\/hoyre.no\/oslo\/aktuelt\/sinne-og-sindighet\/","title":{"rendered":"Sinne og sindighet"},"content":{"rendered":"<figure class=\"hoyre-image-wrapper\"><div class=\"hoyre-image\"><img loading=\"lazy\" decoding=\"async\" width=\"1024\" height=\"361\" src=\"https:\/\/hoyre.no\/content\/uploads\/sites\/408\/2022\/09\/Heidi-Nordby-Lunde-saksbilde.jpg\" class=\"attachment-scaled size-scaled\" alt=\"Heidi Nordby Lunde\" style=\"object-position: 50% 50%\" srcset=\"https:\/\/hoyre.no\/content\/uploads\/sites\/408\/2022\/09\/Heidi-Nordby-Lunde-saksbilde.jpg 1024w, https:\/\/hoyre.no\/content\/uploads\/sites\/408\/2022\/09\/Heidi-Nordby-Lunde-saksbilde-300x106.jpg 300w, https:\/\/hoyre.no\/content\/uploads\/sites\/408\/2022\/09\/Heidi-Nordby-Lunde-saksbilde-768x271.jpg 768w\" sizes=\"auto, (max-width: 1024px) 100vw, 1024px\" \/><\/div><\/figure><div id=\"hoyre-old-article-content-wrapper\"><p><em>Oslo H\u00f8yres medlemsavis, Oslo og vi, har intervjuet meg om H\u00f8yres justispolitikk. Her kan du lese intervjuet.<\/em><\/p><p>Foran nominasjonsm\u00f8tet i Oslo H\u00f8yre lovte stortingskandidat Heidi Nordby Lunde \u00e5 sette familievold p\u00e5 dagsorden. L\u00f8ftet er b\u00e5de personlig og politisk.<\/p><p>&#8211; Bare i Oslo H\u00f8yre vet jeg at det finnes flere kvinner og menn som har v\u00e6rt utsatt for vold, voldtekt og overgrep. Mens andre gjerne bruker personlige erfaringer fra talerstolen for \u00e5 illustrere egne innlegg, vil neppe noen av disse fortelle sin historie. Det er for personlig og for privat. Da er det viktig at vi andre gir dem v\u00e5r stemme, sier hun.<\/p><h2>Lov og orden<\/h2><p>H\u00f8yre er kjent for \u00e5 v\u00e6re et parti for lov og orden, noe Lunde mener er naturlig for et liberalkonservativt parti.<\/p><p>&#8211; Men vi er ikke for politiet for politiets skyld, vi er for \u00e5 beskytte enkeltmennesket. \u00c5 sikre en rettsstat og verne borgernes rettigheter er den ene hovedoppgaven staten har. Alt annet er underordnet.<\/p><p>Svikter vi her, svikter vi hele grunnlaget for hvem vi er.<\/p><p>Heidi Nordby Lunde mener det ofte er de enkle sakene som f\u00e5r prege mediebildet og ofte de politiske prioriteringene.<\/p><p>&#8211; Det er greit \u00e5 v\u00e6re hard i klypa mot hverdagskriminalitet som kan ramme oss alle. Alle hardkokte kriminelle har begynt et sted. Hvis vi klarer \u00e5 stoppe dem allerede n\u00e5r de stjeler mobiltelefoner og lommeb\u00f8ker, kan vi hindre dem \u00e5 f\u00e5 en kriminell l\u00f8pebane som sjelden har noen lykkelig utgang for verken dem eller ofrene.<\/p><p>Likevel synes hun at dette bildet overskygger saker som er langt mer alvorlig.<\/p><p>&#8211; For en ting er \u00e5 oppleve tilfeldig kriminalitet, som \u00e5 f\u00e5 frastj\u00e5let lommeboka p\u00e5 Karl Johan. En annen ting er \u00e5 leve i konstant frykt for hva som vil skje med deg bak hjemmets fire vegger.<\/p><blockquote><p>Hvorfor er det slik at dersom en mann sl\u00e5r en annen mann s\u00e5 er det en kriminell handling, mens n\u00e5r en kvinne blir sl\u00e5tt handler det om likestilling og integrering?<\/p><\/blockquote><h2>Gi volden dens rette navn<\/h2><p>Heidi Nordby Lunde mener familievold m\u00e5 l\u00f8ftes vekk fra likestilling- og integreringsdepartementet og over i justis.<\/p><p>&#8211; Hvorfor er det slik at dersom en mann sl\u00e5r en annen mann s\u00e5 er det en kriminell handling, mens n\u00e5r en kvinne blir sl\u00e5tt handler det om likestilling og integrering, sp\u00f8r Lunde retorisk.<\/p><p>Hun mener s\u00e5kalt familie- og partnervold, enten det er mannen eller kvinnen som sl\u00e5r, er kriminelle handlinger mot et annet menneske.<\/p><p>&#8211; Vold, s\u00e6rlig voldtekt, er det mest integritetskrenkende kriminaliteten et menneske kan oppleve. Det sier seg selv at virkemidlene for forebygging og h\u00e5ndtering av vold i n\u00e6re relasjoner og annen type vold m\u00e5 v\u00e6re ulik, men alvorlighetsgrad og straff b\u00f8r gjenspeile hva samfunnet mener om slike lovbrudd.<\/p><p>Hun nevner som eksempel en sak der mannen nylig ble d\u00f8mt til forvaring i femten \u00e5r for voldtekt av fire kvinner, deriblant sin kone. Retten mener han br\u00f8t henne ned b\u00e5de fysisk og psykisk ved bruk av vold, trusler, dominering, undertrykking, tilf\u00f8ring og injisering av rusmidler, overv\u00e5king og kontroll. Kvinnen d\u00f8de av overdose i fjor.<\/p><p>&#8211; Han var tidligere d\u00f8mt 18 ganger for blant annet brudd p\u00e5 narkotikaloven, vold og heleri, og politiet beskrev han som en ledertype som har holdt b\u00e5de kvinner og milj\u00f8et i et nakkegrep i narkotikamilj\u00f8et i Elverum i mange \u00e5r. Er det virkelig ingenting vi kunne gjort for \u00e5 beskytte samfunnet mot denne mannen tidligere?<\/p><p>Vold mot kvinner har nylig f\u00e5tt fornyet oppmerksomhet i forbindelse med R\u00f8d Knapp-kampanjen til Norske Kvinners Sanitetsforening (NKS). &#8211; Selvsagt er jeg Sanitetskvinne, smiler Lunde.<\/p><p>Hun var invitert til NKS for \u00e5 holde foredrag om frivillighet og samfunn, og gjorde som vanlig research i forkant om organisasjonens historie og resultater.<\/p><p>&#8211; Jeg ble s\u00e5 imponert at jeg avsluttet foredraget med \u00e5 melde meg inn, forteller hun.<\/p><h2>Ikke sinte nok<\/h2><p>Som blogger er Heidi Nordby Lunde kjent for \u00e5 ha en skarp penn og er uredd i debatter b\u00e5de internt og eksternt. Av og til koker det over.<\/p><p>&#8211; Mange av v\u00e5re politikere klarer \u00e5 ha en kj\u00f8lig distanse til sakene de snakker om, og har en sindighet i sine refleksjoner som jeg beundrer. Men av og til f\u00f8ler jeg at vi ikke er sinte nok p\u00e5 vegne av v\u00e5re medmennesker, sier hun.<\/p><p>Christoffer-saken, der \u00e5tte \u00e5r gamle Christoffer ble mishandlet og til slutt drept av sin stefar, rystet Norge. Hver dag g\u00e5r barn til skolen med samme frykt og usikkerhet.<\/p><p>&#8211; Sindighet er sunt n\u00e5r vi skal utforme politikken, sinne kan v\u00e6re bra for \u00e5 f\u00e5 fortgang i den, avslutter hun.<\/p><h2>Fakta<\/h2><ul><li>Fra 2002 til 2011 ble 64 kvinner og 9 menn drept av sin parner.<\/li><li>Partnerdrap utgj\u00f8r 21 prosent av samtlige drapssaker i denne perioden (22. juli-sakene ikke medregnet).<\/li><li>Hver eneste dag g\u00e5r i gjennomsnitt 7 personer til politiet og anmelder en av sine aller n\u00e6rmeste for voldsbruk.<\/li><li>To av tre anmeldelser henlegges.<\/li><\/ul>\n<\/div>\n<div class=\"tags\">\n\t<\/div>\n<div class=\"post-footer alignfull has-background block-editor-block-list__block\" data-align=full>\n\t<div class=\"post-footer-inner\">\n\t\t<h3>Relaterte artikler<\/h3>\n\t\t<div class=\"related-content\"><div class=\"is-card-hoyre\">\n\t<div class=\"teft-card hoyre-teft-card post-teft-card\">\n\t\t<a href=\"https:\/\/hoyre.no\/oslo\/aktuelt\/mdg-moralismen-fornekter-seg-ikke\/\" class=\"teft-card__primary-action\">\n\n\t\t\t\t\t<div class=\"teft-card__media teft-card__media--16-9\">\n\t\t\t\t\t\t<img loading=\"lazy\" decoding=\"async\" width=\"768\" height=\"512\" src=\"https:\/\/hoyre.no\/content\/uploads\/sites\/408\/2024\/01\/QZQlxtOC-768x512.jpeg\" class=\"attachment-medium_large size-medium_large\" alt=\"Merete Agerbak-Jensen\" srcset=\"https:\/\/hoyre.no\/content\/uploads\/sites\/408\/2024\/01\/QZQlxtOC-768x512.jpeg 768w, https:\/\/hoyre.no\/content\/uploads\/sites\/408\/2024\/01\/QZQlxtOC-300x200.jpeg 300w, https:\/\/hoyre.no\/content\/uploads\/sites\/408\/2024\/01\/QZQlxtOC-1024x683.jpeg 1024w, https:\/\/hoyre.no\/content\/uploads\/sites\/408\/2024\/01\/QZQlxtOC-1536x1024.jpeg 1536w, https:\/\/hoyre.no\/content\/uploads\/sites\/408\/2024\/01\/QZQlxtOC-2048x1365.jpeg 2048w\" sizes=\"auto, (max-width: 768px) 100vw, 768px\" \/>\t\t<\/div>\n\t\t\n\t\t\t<div class=\"teft-card__content-wrapper\">\n\t\t\t\t<div class=\"teft-card__secondary\">\n\t\t\t\t\t\n\t\t\t\t\t\t\t\t<div class=\"teft-card__meta\">\n\t\t\t\t\t\t\t\t\t<span class=\"post-date\">23. apr 2026<\/span>\n\n\t\t\t\t\t\t\t\t\t\t\t\t\t\t\t\t\t<\/div>\n\t\t\t\t\t\t\t\t\t\t\t<\/div>\n\n\t\t\t\t<div class=\"teft-card__primary\">\n\t\t\t\t\t<h2 class=\"teft-card__title\">MDG-moralismen fornekter seg ikke&nbsp;<span class=\"teft-card__primary-title-append\"><\/span><\/h2>\t\t\t\t<\/div>\n\t\t\t<\/div>\n\t\t<\/a>\n\t<\/div>\n\n\t<\/div><div class=\"is-card-hoyre\">\n\t<div class=\"teft-card hoyre-teft-card post-teft-card\">\n\t\t<a href=\"https:\/\/hoyre.no\/oslo\/aktuelt\/raskere-og-enklere-a-bygge-boliger-og-skape-arbeidsplasser-i-oslo\/\" class=\"teft-card__primary-action\">\n\n\t\t\t\t\t<div class=\"teft-card__media teft-card__media--16-9\">\n\t\t\t\t\t\t<img loading=\"lazy\" decoding=\"async\" width=\"768\" height=\"576\" src=\"https:\/\/hoyre.no\/content\/uploads\/sites\/408\/2026\/04\/Eirik-Lae-Solberg-og-Anita-Leirvik-North-768x576.jpg\" class=\"attachment-medium_large size-medium_large\" alt=\"\" srcset=\"https:\/\/hoyre.no\/content\/uploads\/sites\/408\/2026\/04\/Eirik-Lae-Solberg-og-Anita-Leirvik-North-768x576.jpg 768w, https:\/\/hoyre.no\/content\/uploads\/sites\/408\/2026\/04\/Eirik-Lae-Solberg-og-Anita-Leirvik-North-300x225.jpg 300w, https:\/\/hoyre.no\/content\/uploads\/sites\/408\/2026\/04\/Eirik-Lae-Solberg-og-Anita-Leirvik-North.jpg 901w\" sizes=\"auto, (max-width: 768px) 100vw, 768px\" \/>\t\t<\/div>\n\t\t\n\t\t\t<div class=\"teft-card__content-wrapper\">\n\t\t\t\t<div class=\"teft-card__secondary\">\n\t\t\t\t\t\n\t\t\t\t\t\t\t\t<div class=\"teft-card__meta\">\n\t\t\t\t\t\t\t\t\t<span class=\"post-date\">14. apr 2026<\/span>\n\n\t\t\t\t\t\t\t\t\t<span class=\"post-category\">Har lagt frem ny KPA:<\/span>\t\t\t\t\t\t\t\t<\/div>\n\t\t\t\t\t\t\t\t\t\t\t<\/div>\n\n\t\t\t\t<div class=\"teft-card__primary\">\n\t\t\t\t\t<h2 class=\"teft-card__title\">Raskere og enklere \u00e5 bygge boliger og skape arbeidsplasser i Oslo&nbsp;<span class=\"teft-card__primary-title-append\"><\/span><\/h2>\t\t\t\t<\/div>\n\t\t\t<\/div>\n\t\t<\/a>\n\t<\/div>\n\n\t<\/div><div class=\"is-card-hoyre\">\n\t<div class=\"teft-card hoyre-teft-card post-teft-card\">\n\t\t<a href=\"https:\/\/hoyre.no\/oslo\/aktuelt\/bedre-elevresultater-og-en-skoleokonomi-i-balanse-med-blagront-byrad\/\" class=\"teft-card__primary-action\">\n\n\t\t\t\t\t<div class=\"teft-card__media teft-card__media--16-9\">\n\t\t\t\t\t\t<img loading=\"lazy\" decoding=\"async\" width=\"768\" height=\"512\" src=\"https:\/\/hoyre.no\/content\/uploads\/sites\/408\/2025\/05\/IMG_6440-768x512.jpeg\" class=\"attachment-medium_large size-medium_large\" alt=\"Julie Remen Midtgarden\" srcset=\"https:\/\/hoyre.no\/content\/uploads\/sites\/408\/2025\/05\/IMG_6440-768x512.jpeg 768w, https:\/\/hoyre.no\/content\/uploads\/sites\/408\/2025\/05\/IMG_6440-300x200.jpeg 300w, https:\/\/hoyre.no\/content\/uploads\/sites\/408\/2025\/05\/IMG_6440-1024x683.jpeg 1024w, https:\/\/hoyre.no\/content\/uploads\/sites\/408\/2025\/05\/IMG_6440-1536x1024.jpeg 1536w, https:\/\/hoyre.no\/content\/uploads\/sites\/408\/2025\/05\/IMG_6440-2048x1365.jpeg 2048w\" sizes=\"auto, (max-width: 768px) 100vw, 768px\" \/>\t\t<\/div>\n\t\t\n\t\t\t<div class=\"teft-card__content-wrapper\">\n\t\t\t\t<div class=\"teft-card__secondary\">\n\t\t\t\t\t\n\t\t\t\t\t\t\t\t<div class=\"teft-card__meta\">\n\t\t\t\t\t\t\t\t\t<span class=\"post-date\">26. mar 2026<\/span>\n\n\t\t\t\t\t\t\t\t\t\t\t\t\t\t\t\t\t<\/div>\n\t\t\t\t\t\t\t\t\t\t\t<\/div>\n\n\t\t\t\t<div class=\"teft-card__primary\">\n\t\t\t\t\t<h2 class=\"teft-card__title\">Bedre elevresultater og en skole\u00f8konomi i balanse med bl\u00e5gr\u00f8nt byr\u00e5d&nbsp;<span class=\"teft-card__primary-title-append\"><\/span><\/h2>\t\t\t\t<\/div>\n\t\t\t<\/div>\n\t\t<\/a>\n\t<\/div>\n\n\t<\/div><\/div>\t<\/div>\n<\/div>\n","protected":false},"excerpt":{"rendered":"","protected":false},"author":0,"featured_media":1622,"comment_status":"closed","ping_status":"open","sticky":false,"template":"","format":"standard","meta":{"teft_cards_image_url":"","teft_cards_custom_pretitle":"","teft_cards_image_id":1622,"teft_cards_image_focal_point_x":0,"teft_cards_image_focal_point_y":0,"teft_cards_title":"","teft_cards_excerpt":"","teft_show_chapters":false,"author_display_name":"Oslo H\u00f8yre","footnotes":""},"category":[13,1],"post_tag":[],"hoyre-visibility":[],"article-type":[],"politician":[],"class_list":["post-1889","post","type-post","status-publish","format-standard","hentry","category-arbeid-og-sosial","category-nyheter"],"yoast_head":"<!-- This site is optimized with the Yoast SEO Premium plugin v26.5 (Yoast SEO v26.6) - https:\/\/yoast.com\/wordpress\/plugins\/seo\/ -->\n<title>Sinne og sindighet - Oslo H\u00f8yre<\/title>\n<meta name=\"robots\" content=\"index, follow, max-snippet:-1, max-image-preview:large, max-video-preview:-1\" \/>\n<link rel=\"canonical\" href=\"https:\/\/hoyre.no\/oslo\/aktuelt\/sinne-og-sindighet\/\" \/>\n<meta property=\"og:locale\" content=\"nb_NO\" \/>\n<meta property=\"og:type\" content=\"article\" \/>\n<meta property=\"og:title\" content=\"Sinne og sindighet\" \/>\n<meta property=\"og:url\" content=\"https:\/\/hoyre.no\/oslo\/aktuelt\/sinne-og-sindighet\/\" \/>\n<meta property=\"og:site_name\" content=\"Oslo H\u00f8yre\" \/>\n<meta property=\"article:publisher\" content=\"https:\/\/www.facebook.com\/oslo.hoyre\" \/>\n<meta property=\"article:published_time\" content=\"2013-05-19T07:53:41+00:00\" \/>\n<meta property=\"article:modified_time\" content=\"2022-09-26T13:07:04+00:00\" \/>\n<meta property=\"og:image\" content=\"https:\/\/hoyre.no\/content\/uploads\/sites\/408\/2022\/09\/Heidi-Nordby-Lunde-saksbilde.jpg\" \/>\n\t<meta property=\"og:image:width\" content=\"1024\" \/>\n\t<meta property=\"og:image:height\" content=\"361\" \/>\n\t<meta property=\"og:image:type\" content=\"image\/jpeg\" \/>\n<meta name=\"twitter:card\" content=\"summary_large_image\" \/>\n<meta name=\"twitter:label1\" content=\"Ansl. lesetid\" \/>\n\t<meta name=\"twitter:data1\" content=\"4 minutter\" \/>\n<script type=\"application\/ld+json\" class=\"yoast-schema-graph\">{\"@context\":\"https:\/\/schema.org\",\"@graph\":[{\"@type\":\"Article\",\"@id\":\"https:\/\/hoyre.no\/oslo\/aktuelt\/sinne-og-sindighet\/#article\",\"isPartOf\":{\"@id\":\"https:\/\/hoyre.no\/oslo\/aktuelt\/sinne-og-sindighet\/\"},\"author\":{\"name\":\"\",\"@id\":\"\"},\"headline\":\"Sinne og sindighet\",\"datePublished\":\"2013-05-19T07:53:41+00:00\",\"dateModified\":\"2022-09-26T13:07:04+00:00\",\"mainEntityOfPage\":{\"@id\":\"https:\/\/hoyre.no\/oslo\/aktuelt\/sinne-og-sindighet\/\"},\"wordCount\":839,\"publisher\":{\"@id\":\"https:\/\/hoyre.no\/oslo\/#organization\"},\"image\":{\"@id\":\"https:\/\/hoyre.no\/oslo\/aktuelt\/sinne-og-sindighet\/#primaryimage\"},\"thumbnailUrl\":\"https:\/\/hoyre.no\/content\/uploads\/sites\/408\/2022\/09\/Heidi-Nordby-Lunde-saksbilde.jpg\",\"articleSection\":[\"Arbeid og sosial\",\"Nyheter\"],\"inLanguage\":\"nb-NO\"},{\"@type\":\"NewsArticle\",\"@id\":\"https:\/\/hoyre.no\/oslo\/aktuelt\/sinne-og-sindighet\/\",\"url\":\"https:\/\/hoyre.no\/oslo\/aktuelt\/sinne-og-sindighet\/\",\"name\":\"Sinne og sindighet - Oslo H\u00f8yre\",\"isPartOf\":{\"@id\":\"https:\/\/hoyre.no\/oslo\/#website\"},\"image\":{\"@id\":\"https:\/\/hoyre.no\/oslo\/aktuelt\/sinne-og-sindighet\/#primaryimage\"},\"thumbnailUrl\":\"https:\/\/hoyre.no\/content\/uploads\/sites\/408\/2022\/09\/Heidi-Nordby-Lunde-saksbilde.jpg\",\"datePublished\":\"2013-05-19T07:53:41+00:00\",\"dateModified\":\"2022-09-26T13:07:04+00:00\",\"breadcrumb\":{\"@id\":\"https:\/\/hoyre.no\/oslo\/aktuelt\/sinne-og-sindighet\/#breadcrumb\"},\"inLanguage\":\"nb-NO\",\"potentialAction\":[{\"@type\":\"ReadAction\",\"target\":[\"https:\/\/hoyre.no\/oslo\/aktuelt\/sinne-og-sindighet\/\"]}]},{\"@type\":\"ImageObject\",\"inLanguage\":\"nb-NO\",\"@id\":\"https:\/\/hoyre.no\/oslo\/aktuelt\/sinne-og-sindighet\/#primaryimage\",\"url\":\"https:\/\/hoyre.no\/content\/uploads\/sites\/408\/2022\/09\/Heidi-Nordby-Lunde-saksbilde.jpg\",\"contentUrl\":\"https:\/\/hoyre.no\/content\/uploads\/sites\/408\/2022\/09\/Heidi-Nordby-Lunde-saksbilde.jpg\",\"width\":1024,\"height\":361,\"caption\":\"Heidi Nordby Lunde\"},{\"@type\":\"BreadcrumbList\",\"@id\":\"https:\/\/hoyre.no\/oslo\/aktuelt\/sinne-og-sindighet\/#breadcrumb\",\"itemListElement\":[{\"@type\":\"ListItem\",\"position\":1,\"name\":\"Til hoyre.no\",\"item\":\"https:\/\/hoyre.no\"},{\"@type\":\"ListItem\",\"position\":2,\"name\":\"Hjem\",\"item\":\"https:\/\/hoyre.no\/oslo\/\"},{\"@type\":\"ListItem\",\"position\":3,\"name\":\"Sinne og sindighet\"}]},{\"@type\":\"WebSite\",\"@id\":\"https:\/\/hoyre.no\/oslo\/#website\",\"url\":\"https:\/\/hoyre.no\/oslo\/\",\"name\":\"Oslo H\u00f8yre\",\"description\":\"\",\"publisher\":{\"@id\":\"https:\/\/hoyre.no\/oslo\/#organization\"},\"inLanguage\":\"nb-NO\"},{\"@type\":\"Organization\",\"@id\":\"https:\/\/hoyre.no\/oslo\/#organization\",\"name\":\"Oslo H\u00f8yre\",\"url\":\"https:\/\/hoyre.no\/oslo\/\",\"logo\":{\"@type\":\"ImageObject\",\"inLanguage\":\"nb-NO\",\"@id\":\"https:\/\/hoyre.no\/oslo\/#\/schema\/logo\/image\/\",\"url\":\"https:\/\/hoyre.no\/content\/uploads\/sites\/408\/2022\/11\/Hoyres-logo.png\",\"contentUrl\":\"https:\/\/hoyre.no\/content\/uploads\/sites\/408\/2022\/11\/Hoyres-logo.png\",\"width\":1000,\"height\":1000,\"caption\":\"Oslo H\u00f8yre\"},\"image\":{\"@id\":\"https:\/\/hoyre.no\/oslo\/#\/schema\/logo\/image\/\"},\"sameAs\":[\"https:\/\/www.facebook.com\/oslo.hoyre\"]}]}<\/script>\n<!-- \/ Yoast SEO Premium plugin. -->","yoast_head_json":{"title":"Sinne og sindighet - Oslo H\u00f8yre","robots":{"index":"index","follow":"follow","max-snippet":"max-snippet:-1","max-image-preview":"max-image-preview:large","max-video-preview":"max-video-preview:-1"},"canonical":"https:\/\/hoyre.no\/oslo\/aktuelt\/sinne-og-sindighet\/","og_locale":"nb_NO","og_type":"article","og_title":"Sinne og sindighet","og_url":"https:\/\/hoyre.no\/oslo\/aktuelt\/sinne-og-sindighet\/","og_site_name":"Oslo H\u00f8yre","article_publisher":"https:\/\/www.facebook.com\/oslo.hoyre","article_published_time":"2013-05-19T07:53:41+00:00","article_modified_time":"2022-09-26T13:07:04+00:00","og_image":[{"width":1024,"height":361,"url":"https:\/\/hoyre.no\/content\/uploads\/sites\/408\/2022\/09\/Heidi-Nordby-Lunde-saksbilde.jpg","type":"image\/jpeg"}],"twitter_card":"summary_large_image","twitter_misc":{"Ansl. lesetid":"4 minutter"},"schema":{"@context":"https:\/\/schema.org","@graph":[{"@type":"Article","@id":"https:\/\/hoyre.no\/oslo\/aktuelt\/sinne-og-sindighet\/#article","isPartOf":{"@id":"https:\/\/hoyre.no\/oslo\/aktuelt\/sinne-og-sindighet\/"},"author":{"name":"","@id":""},"headline":"Sinne og sindighet","datePublished":"2013-05-19T07:53:41+00:00","dateModified":"2022-09-26T13:07:04+00:00","mainEntityOfPage":{"@id":"https:\/\/hoyre.no\/oslo\/aktuelt\/sinne-og-sindighet\/"},"wordCount":839,"publisher":{"@id":"https:\/\/hoyre.no\/oslo\/#organization"},"image":{"@id":"https:\/\/hoyre.no\/oslo\/aktuelt\/sinne-og-sindighet\/#primaryimage"},"thumbnailUrl":"https:\/\/hoyre.no\/content\/uploads\/sites\/408\/2022\/09\/Heidi-Nordby-Lunde-saksbilde.jpg","articleSection":["Arbeid og sosial","Nyheter"],"inLanguage":"nb-NO"},{"@type":"NewsArticle","@id":"https:\/\/hoyre.no\/oslo\/aktuelt\/sinne-og-sindighet\/","url":"https:\/\/hoyre.no\/oslo\/aktuelt\/sinne-og-sindighet\/","name":"Sinne og sindighet - Oslo H\u00f8yre","isPartOf":{"@id":"https:\/\/hoyre.no\/oslo\/#website"},"image":{"@id":"https:\/\/hoyre.no\/oslo\/aktuelt\/sinne-og-sindighet\/#primaryimage"},"thumbnailUrl":"https:\/\/hoyre.no\/content\/uploads\/sites\/408\/2022\/09\/Heidi-Nordby-Lunde-saksbilde.jpg","datePublished":"2013-05-19T07:53:41+00:00","dateModified":"2022-09-26T13:07:04+00:00","breadcrumb":{"@id":"https:\/\/hoyre.no\/oslo\/aktuelt\/sinne-og-sindighet\/#breadcrumb"},"inLanguage":"nb-NO","potentialAction":[{"@type":"ReadAction","target":["https:\/\/hoyre.no\/oslo\/aktuelt\/sinne-og-sindighet\/"]}]},{"@type":"ImageObject","inLanguage":"nb-NO","@id":"https:\/\/hoyre.no\/oslo\/aktuelt\/sinne-og-sindighet\/#primaryimage","url":"https:\/\/hoyre.no\/content\/uploads\/sites\/408\/2022\/09\/Heidi-Nordby-Lunde-saksbilde.jpg","contentUrl":"https:\/\/hoyre.no\/content\/uploads\/sites\/408\/2022\/09\/Heidi-Nordby-Lunde-saksbilde.jpg","width":1024,"height":361,"caption":"Heidi Nordby Lunde"},{"@type":"BreadcrumbList","@id":"https:\/\/hoyre.no\/oslo\/aktuelt\/sinne-og-sindighet\/#breadcrumb","itemListElement":[{"@type":"ListItem","position":1,"name":"Til hoyre.no","item":"https:\/\/hoyre.no"},{"@type":"ListItem","position":2,"name":"Hjem","item":"https:\/\/hoyre.no\/oslo\/"},{"@type":"ListItem","position":3,"name":"Sinne og sindighet"}]},{"@type":"WebSite","@id":"https:\/\/hoyre.no\/oslo\/#website","url":"https:\/\/hoyre.no\/oslo\/","name":"Oslo H\u00f8yre","description":"","publisher":{"@id":"https:\/\/hoyre.no\/oslo\/#organization"},"inLanguage":"nb-NO"},{"@type":"Organization","@id":"https:\/\/hoyre.no\/oslo\/#organization","name":"Oslo H\u00f8yre","url":"https:\/\/hoyre.no\/oslo\/","logo":{"@type":"ImageObject","inLanguage":"nb-NO","@id":"https:\/\/hoyre.no\/oslo\/#\/schema\/logo\/image\/","url":"https:\/\/hoyre.no\/content\/uploads\/sites\/408\/2022\/11\/Hoyres-logo.png","contentUrl":"https:\/\/hoyre.no\/content\/uploads\/sites\/408\/2022\/11\/Hoyres-logo.png","width":1000,"height":1000,"caption":"Oslo H\u00f8yre"},"image":{"@id":"https:\/\/hoyre.no\/oslo\/#\/schema\/logo\/image\/"},"sameAs":["https:\/\/www.facebook.com\/oslo.hoyre"]}]}},"distributor_meta":false,"distributor_terms":false,"distributor_media":false,"distributor_original_site_name":"Oslo H\u00f8yre","distributor_original_site_url":"https:\/\/hoyre.no\/oslo","push-errors":false,"_links":{"self":[{"href":"https:\/\/hoyre.no\/oslo\/wp-json\/wp\/v2\/posts\/1889","targetHints":{"allow":["GET"]}}],"collection":[{"href":"https:\/\/hoyre.no\/oslo\/wp-json\/wp\/v2\/posts"}],"about":[{"href":"https:\/\/hoyre.no\/oslo\/wp-json\/wp\/v2\/types\/post"}],"replies":[{"embeddable":true,"href":"https:\/\/hoyre.no\/oslo\/wp-json\/wp\/v2\/comments?post=1889"}],"version-history":[{"count":1,"href":"https:\/\/hoyre.no\/oslo\/wp-json\/wp\/v2\/posts\/1889\/revisions"}],"predecessor-version":[{"id":3054,"href":"https:\/\/hoyre.no\/oslo\/wp-json\/wp\/v2\/posts\/1889\/revisions\/3054"}],"wp:featuredmedia":[{"embeddable":true,"href":"https:\/\/hoyre.no\/oslo\/wp-json\/wp\/v2\/media\/1622"}],"wp:attachment":[{"href":"https:\/\/hoyre.no\/oslo\/wp-json\/wp\/v2\/media?parent=1889"}],"wp:term":[{"taxonomy":"category","embeddable":true,"href":"https:\/\/hoyre.no\/oslo\/wp-json\/wp\/v2\/category?post=1889"},{"taxonomy":"post_tag","embeddable":true,"href":"https:\/\/hoyre.no\/oslo\/wp-json\/wp\/v2\/post_tag?post=1889"},{"taxonomy":"hoyre-visibility","embeddable":true,"href":"https:\/\/hoyre.no\/oslo\/wp-json\/wp\/v2\/hoyre-visibility?post=1889"},{"taxonomy":"article-type","embeddable":true,"href":"https:\/\/hoyre.no\/oslo\/wp-json\/wp\/v2\/article-type?post=1889"},{"taxonomy":"politician","embeddable":true,"href":"https:\/\/hoyre.no\/oslo\/wp-json\/wp\/v2\/politician?post=1889"}],"curies":[{"name":"wp","href":"https:\/\/api.w.org\/{rel}","templated":true}]}}