{"id":1891,"date":"2013-05-08T07:44:51","date_gmt":"2013-05-08T07:44:51","guid":{"rendered":"https:\/\/hoyre.no\/oslo\/aktuelt\/nye-ideer-og-bedre-losninger-fra-oslo\/"},"modified":"2022-09-26T15:07:04","modified_gmt":"2022-09-26T13:07:04","slug":"nye-ideer-og-bedre-losninger-fra-oslo","status":"publish","type":"post","link":"https:\/\/hoyre.no\/oslo\/aktuelt\/nye-ideer-og-bedre-losninger-fra-oslo\/","title":{"rendered":"Nye ideer og bedre l\u00f8sninger fra Oslo"},"content":{"rendered":"<figure class=\"hoyre-image-wrapper\"><div class=\"hoyre-image\"><img loading=\"lazy\" decoding=\"async\" width=\"1024\" height=\"361\" src=\"https:\/\/hoyre.no\/content\/uploads\/sites\/408\/2022\/09\/Stortinget-2.jpg\" class=\"attachment-scaled size-scaled\" alt=\"Stortinget\" style=\"object-position: 50% 50%\" srcset=\"https:\/\/hoyre.no\/content\/uploads\/sites\/408\/2022\/09\/Stortinget-2.jpg 1024w, https:\/\/hoyre.no\/content\/uploads\/sites\/408\/2022\/09\/Stortinget-2-300x106.jpg 300w, https:\/\/hoyre.no\/content\/uploads\/sites\/408\/2022\/09\/Stortinget-2-768x271.jpg 768w\" sizes=\"auto, (max-width: 1024px) 100vw, 1024px\" \/><\/div><\/figure><div id=\"hoyre-old-article-content-wrapper\"><p><em><\/em>Oslo har gjort mye riktig p\u00e5 mange omr\u00e5der der regjeringen ikke har lykkes. Blir det ny regjering til h\u00f8sten er det fordi velgerne er enige med oss i hva som er Norges utfordringer i tiden som kommer. Politikk er kunsten \u00e5 prioritere. Derfor b\u00f8r vi satse mest p\u00e5 det viktigste: en bedre skole, mer effektiv samferdsel og trygghet for b\u00e5de unge og gamle.<\/p><h2>Stortingsvalgkampens hovedsaker sett fra hovedstaden<\/h2><p>Det som har fungert godt i Oslo i flere \u00e5r, vil ogs\u00e5 komme hele landet til gode hvis H\u00f8yre kommer i regjering etter stortingsvalget til h\u00f8sten, slik som de gode resultatene fra Oslo-skolen og den kraftige opprustingen av kollektivtrafikken som byr\u00e5det har satset p\u00e5 gjennom flere \u00e5r. Men vi ser ogs\u00e5 at et tema som trygghet er mer aktuelt i storbyen Oslo enn i andre kommuner, nettopp fordi Oslo har en del hovedstadsoppgaver og storbyutfordringer som gj\u00f8r at politiet burde f\u00e5 mer ressurser enn de gj\u00f8r av den sittende r\u00f8dgr\u00f8nne regjeringen.<\/p><h2>Osloskolen til hele landet<\/h2><p>Osloskolen har under H\u00f8yres Torger \u00d8degaard blitt landets beste skole, og det er et sv\u00e6rt sterkt resultat n\u00e5r vi tenker p\u00e5 at Oslo-skolen har landets mest mangfoldige elevflokk. Mens de fleste 5.-klassene i Norge gjorde det d\u00e5rligere p\u00e5 nasjonale pr\u00f8ver i 2012, presterer Oslo bedre enn noen gang, og bedre enn noen andre fylker i landet. Det er fantastisk at vi har lykkes s\u00e5 godt med skolepolitikken i Oslo.<\/p><p>Gjennom mange \u00e5r har Oslo-skolen prioritert bedre leseferdigheter. Resultatet er at Oslo er best i landet i lesing p\u00e5 5. trinn og 8. trinn. P\u00e5 9. trinn ligger vi over landsgjennomsnittet.<\/p><p>Dette viser at H\u00f8yres politikk, med m\u00e5lrettet satsing p\u00e5 basisferdighetene lesing, skriving og regning, gir resultater. Det viser ogs\u00e5 verdien av de nasjonale pr\u00f8vene i seg selv. Dersom vi ikke vet hvordan vi ligger an, er det ogs\u00e5 vanskelig for l\u00e6rere og skoleledere \u00e5 vite hvor vi trenger \u00e5 sette inn ekstra innsats. Den st\u00f8rste forutsetningen for en god skole er kvalifiserte og motiverte l\u00e6rere. Uten dette vil vi ikke lykkes med \u00e5 heve resultatene i skolen.<\/p><p>F\u00e5 land bruker mer penger per elev enn det Norge gj\u00f8r, f\u00e5 land har h\u00f8yere l\u00e6rertetthet. Likevel er resultatene middelm\u00e5dige. Det er et tankekors, vi kan ikke v\u00e6re forn\u00f8yd f\u00f8r vi har en skole som har ambisjoner p\u00e5 vegne av alle elever. Skolen skal l\u00f8fte de svake og utfordre de sterke.<\/p><h2>Navet i samferdsels-Norge<\/h2><p>Oslos kollektivtrafikk har de siste \u00e5rene f\u00e5tt en kraftig oppsving \u2013 b\u00e5de i form av at nye busser og t-banevogner og hyppigere avganger, men ogs\u00e5 i folks oppfatning av at Oslo n\u00e5 har et godt kollektivtilbud. Langsiktig satsing p\u00e5 et godt kollektivtilbud gir stadig \u00f8kt trafikkvekst og forn\u00f8yde reisende, og bilbruken g\u00e5r ned. Over 90 prosent av dem som reiser kollektivt er godt forn\u00f8yd med tilbudet. Det er nok blant annet p\u00e5 grunn av nye T-banevogner, og flere avganger, og ikke minst at vi har f\u00e5tt sanntidsinformasjon p\u00e5 stasjonene som letter reisehverdagen for mange.<\/p><p>P\u00e5 riksniv\u00e5 er det derimot st\u00f8rre utfordringer som m\u00e5 h\u00e5ndteres. Dobbeltspor p\u00e5 hele Inter City-strekningen er n\u00f8dvendig av flere \u00e5rsaker. Det er \u00e5penbart et gode \u00e5 kunne gi et realistisk alternativ til bilen for de mange som arbeider i Oslo og bor utenfor byen, men det kan ogs\u00e5 bidra til \u00e5 dempe den kraftige veksten p\u00e5 boligmarkedet.<\/p><p>Jeg tror det er fornuftig \u00e5 se transport- og boligsituasjonen i Oslo-regionen under ett. Et fungerende Inter City-triangel kan gj\u00f8re det mer attraktivt \u00e5 bo i etablerte sm\u00e5byer litt utenfor storbyen. Ved \u00e5 gj\u00f8re \u00d8stlandet til ett arbeidsmarked, sparer vi i tillegg milj\u00f8et for un\u00f8dvendige utslipp. Og s\u00e5 skal vi huske p\u00e5 at Oslo er navet til hele samferdsels-Norge. Stort sett alt som skal eksporteres til Europa og mye av trafikken innenlands g\u00e5r gjennom Oslo, s\u00e5 det vil helt klart v\u00e6re en fordel for hele landet at veier og samferdsel i Oslo-regionen g\u00e5r bedre enn i dag.<\/p><h2>Uten trygghet stopper samfunnet<\/h2><p>Vi er helt avhengige av \u00e5 f\u00f8le oss tilstrekkelig trygge n\u00e5r vi leverer barn i barnehage og skole, drar p\u00e5 jobb og til butikken. I v\u00e5rt forholdsvis rolige hj\u00f8rne av verden kan det kanskje virke som en selvf\u00f8lge for noen at man skal kunne spasere alene hjem en kveld uten \u00e5 v\u00e6re redd for \u00e5 bli overfalt eller ranet. Slik er det ikke. Aftenposten fikk for en stund siden tilbakemeldinger fra leserne p\u00e5 hvor de f\u00f8ler seg utrygge i byen. Det viser seg at denne oversikten i stor grad samsvarer med steder der politiet tidligere har advart folk mot \u00e5 ferdes nattestid og tidlig om morgenen. Det m\u00e5 politikerne b\u00e5de her i byen og p\u00e5 Stortinget prioritere \u00e5 gj\u00f8re noe med.<\/p><p>Oslo f\u00e5r n\u00e5 en trygghetsindeks som viser omr\u00e5dene man b\u00f8r holde seg unna til visse tider av d\u00f8gnet. Det jeg ikke er forn\u00f8yd med, er at vi har flere steder i byen som i praksis er gjort utilgjengelig for vanlige folk \u2013 vi kan ikke godta lovtomme rom i v\u00e5r by!<\/p><p>Synlig politi stanser kriminalitet f\u00f8r det finner sted. Vi vet at det hjelper \u00e5 f\u00e5 fortgang i soningsk\u00f8ene og ikke minst \u00e5 gi politiet det \u00f8konomiske handlingsrommet de trenger.<\/p><p>Jeg tror at et regjeringsskifte vil bidra til \u00e5 gj\u00f8re hovedstaden v\u00e5r tryggere. Vi har pr\u00f8vd den r\u00f8dgr\u00f8nne regjeringens l\u00f8sninger i snart \u00e5tte \u00e5r, og de ser ikke ut til \u00e5 fungere. Vi trenger reelle l\u00f8sninger p\u00e5 konkrete problemer, og jeg tror ikke jeg er den eneste som begynner \u00e5 bli ut\u00e5lmodig etter \u00e5 se en endring. N\u00e5 er det under 200 dager igjen til vi kan gj\u00f8re noe med det. Jeg gleder meg til h\u00f8sten!<\/p><p><em>Foto: colourbox.com<\/em><\/p>\n<\/div>\n<div class=\"tags\">\n\t<\/div>\n<div class=\"post-footer alignfull has-background block-editor-block-list__block\" data-align=full>\n\t<div class=\"post-footer-inner\">\n\t\t<h3>Relaterte artikler<\/h3>\n\t\t<div class=\"related-content\"><div class=\"is-card-hoyre\">\n\t<div class=\"teft-card hoyre-teft-card post-teft-card\">\n\t\t<a href=\"https:\/\/hoyre.no\/oslo\/aktuelt\/mdg-moralismen-fornekter-seg-ikke\/\" class=\"teft-card__primary-action\">\n\n\t\t\t\t\t<div class=\"teft-card__media teft-card__media--16-9\">\n\t\t\t\t\t\t<img loading=\"lazy\" decoding=\"async\" width=\"768\" height=\"512\" src=\"https:\/\/hoyre.no\/content\/uploads\/sites\/408\/2024\/01\/QZQlxtOC-768x512.jpeg\" class=\"attachment-medium_large size-medium_large\" alt=\"Merete Agerbak-Jensen\" srcset=\"https:\/\/hoyre.no\/content\/uploads\/sites\/408\/2024\/01\/QZQlxtOC-768x512.jpeg 768w, https:\/\/hoyre.no\/content\/uploads\/sites\/408\/2024\/01\/QZQlxtOC-300x200.jpeg 300w, https:\/\/hoyre.no\/content\/uploads\/sites\/408\/2024\/01\/QZQlxtOC-1024x683.jpeg 1024w, https:\/\/hoyre.no\/content\/uploads\/sites\/408\/2024\/01\/QZQlxtOC-1536x1024.jpeg 1536w, https:\/\/hoyre.no\/content\/uploads\/sites\/408\/2024\/01\/QZQlxtOC-2048x1365.jpeg 2048w\" sizes=\"auto, (max-width: 768px) 100vw, 768px\" \/>\t\t<\/div>\n\t\t\n\t\t\t<div class=\"teft-card__content-wrapper\">\n\t\t\t\t<div class=\"teft-card__secondary\">\n\t\t\t\t\t\n\t\t\t\t\t\t\t\t<div class=\"teft-card__meta\">\n\t\t\t\t\t\t\t\t\t<span class=\"post-date\">23. apr 2026<\/span>\n\n\t\t\t\t\t\t\t\t\t\t\t\t\t\t\t\t\t<\/div>\n\t\t\t\t\t\t\t\t\t\t\t<\/div>\n\n\t\t\t\t<div class=\"teft-card__primary\">\n\t\t\t\t\t<h2 class=\"teft-card__title\">MDG-moralismen fornekter seg ikke&nbsp;<span class=\"teft-card__primary-title-append\"><\/span><\/h2>\t\t\t\t<\/div>\n\t\t\t<\/div>\n\t\t<\/a>\n\t<\/div>\n\n\t<\/div><div class=\"is-card-hoyre\">\n\t<div class=\"teft-card hoyre-teft-card post-teft-card\">\n\t\t<a href=\"https:\/\/hoyre.no\/oslo\/aktuelt\/raskere-og-enklere-a-bygge-boliger-og-skape-arbeidsplasser-i-oslo\/\" class=\"teft-card__primary-action\">\n\n\t\t\t\t\t<div class=\"teft-card__media teft-card__media--16-9\">\n\t\t\t\t\t\t<img loading=\"lazy\" decoding=\"async\" width=\"768\" height=\"576\" src=\"https:\/\/hoyre.no\/content\/uploads\/sites\/408\/2026\/04\/Eirik-Lae-Solberg-og-Anita-Leirvik-North-768x576.jpg\" class=\"attachment-medium_large size-medium_large\" alt=\"\" srcset=\"https:\/\/hoyre.no\/content\/uploads\/sites\/408\/2026\/04\/Eirik-Lae-Solberg-og-Anita-Leirvik-North-768x576.jpg 768w, https:\/\/hoyre.no\/content\/uploads\/sites\/408\/2026\/04\/Eirik-Lae-Solberg-og-Anita-Leirvik-North-300x225.jpg 300w, https:\/\/hoyre.no\/content\/uploads\/sites\/408\/2026\/04\/Eirik-Lae-Solberg-og-Anita-Leirvik-North.jpg 901w\" sizes=\"auto, (max-width: 768px) 100vw, 768px\" \/>\t\t<\/div>\n\t\t\n\t\t\t<div class=\"teft-card__content-wrapper\">\n\t\t\t\t<div class=\"teft-card__secondary\">\n\t\t\t\t\t\n\t\t\t\t\t\t\t\t<div class=\"teft-card__meta\">\n\t\t\t\t\t\t\t\t\t<span class=\"post-date\">14. apr 2026<\/span>\n\n\t\t\t\t\t\t\t\t\t<span class=\"post-category\">Har lagt frem ny KPA:<\/span>\t\t\t\t\t\t\t\t<\/div>\n\t\t\t\t\t\t\t\t\t\t\t<\/div>\n\n\t\t\t\t<div class=\"teft-card__primary\">\n\t\t\t\t\t<h2 class=\"teft-card__title\">Raskere og enklere \u00e5 bygge boliger og skape arbeidsplasser i Oslo&nbsp;<span class=\"teft-card__primary-title-append\"><\/span><\/h2>\t\t\t\t<\/div>\n\t\t\t<\/div>\n\t\t<\/a>\n\t<\/div>\n\n\t<\/div><div class=\"is-card-hoyre\">\n\t<div class=\"teft-card hoyre-teft-card post-teft-card\">\n\t\t<a href=\"https:\/\/hoyre.no\/oslo\/aktuelt\/bedre-elevresultater-og-en-skoleokonomi-i-balanse-med-blagront-byrad\/\" class=\"teft-card__primary-action\">\n\n\t\t\t\t\t<div class=\"teft-card__media teft-card__media--16-9\">\n\t\t\t\t\t\t<img loading=\"lazy\" decoding=\"async\" width=\"768\" height=\"512\" src=\"https:\/\/hoyre.no\/content\/uploads\/sites\/408\/2025\/05\/IMG_6440-768x512.jpeg\" class=\"attachment-medium_large size-medium_large\" alt=\"Julie Remen Midtgarden\" srcset=\"https:\/\/hoyre.no\/content\/uploads\/sites\/408\/2025\/05\/IMG_6440-768x512.jpeg 768w, https:\/\/hoyre.no\/content\/uploads\/sites\/408\/2025\/05\/IMG_6440-300x200.jpeg 300w, https:\/\/hoyre.no\/content\/uploads\/sites\/408\/2025\/05\/IMG_6440-1024x683.jpeg 1024w, https:\/\/hoyre.no\/content\/uploads\/sites\/408\/2025\/05\/IMG_6440-1536x1024.jpeg 1536w, https:\/\/hoyre.no\/content\/uploads\/sites\/408\/2025\/05\/IMG_6440-2048x1365.jpeg 2048w\" sizes=\"auto, (max-width: 768px) 100vw, 768px\" \/>\t\t<\/div>\n\t\t\n\t\t\t<div class=\"teft-card__content-wrapper\">\n\t\t\t\t<div class=\"teft-card__secondary\">\n\t\t\t\t\t\n\t\t\t\t\t\t\t\t<div class=\"teft-card__meta\">\n\t\t\t\t\t\t\t\t\t<span class=\"post-date\">26. mar 2026<\/span>\n\n\t\t\t\t\t\t\t\t\t\t\t\t\t\t\t\t\t<\/div>\n\t\t\t\t\t\t\t\t\t\t\t<\/div>\n\n\t\t\t\t<div class=\"teft-card__primary\">\n\t\t\t\t\t<h2 class=\"teft-card__title\">Bedre elevresultater og en skole\u00f8konomi i balanse med bl\u00e5gr\u00f8nt byr\u00e5d&nbsp;<span class=\"teft-card__primary-title-append\"><\/span><\/h2>\t\t\t\t<\/div>\n\t\t\t<\/div>\n\t\t<\/a>\n\t<\/div>\n\n\t<\/div><\/div>\t<\/div>\n<\/div>\n","protected":false},"excerpt":{"rendered":"","protected":false},"author":0,"featured_media":1665,"comment_status":"closed","ping_status":"open","sticky":false,"template":"","format":"standard","meta":{"teft_cards_image_url":"","teft_cards_custom_pretitle":"","teft_cards_image_id":1665,"teft_cards_image_focal_point_x":0,"teft_cards_image_focal_point_y":0,"teft_cards_title":"","teft_cards_excerpt":"","teft_show_chapters":false,"author_display_name":"Oslo H\u00f8yre","footnotes":""},"category":[1],"post_tag":[],"hoyre-visibility":[],"article-type":[],"politician":[],"class_list":["post-1891","post","type-post","status-publish","format-standard","hentry","category-nyheter"],"yoast_head":"<!-- This site is optimized with the Yoast SEO Premium plugin v26.5 (Yoast SEO v26.6) - https:\/\/yoast.com\/wordpress\/plugins\/seo\/ -->\n<title>Nye ideer og bedre l\u00f8sninger fra Oslo - Oslo H\u00f8yre<\/title>\n<meta name=\"robots\" content=\"index, follow, max-snippet:-1, max-image-preview:large, max-video-preview:-1\" \/>\n<link rel=\"canonical\" href=\"https:\/\/hoyre.no\/oslo\/aktuelt\/nye-ideer-og-bedre-losninger-fra-oslo\/\" \/>\n<meta property=\"og:locale\" content=\"nb_NO\" \/>\n<meta property=\"og:type\" content=\"article\" \/>\n<meta property=\"og:title\" content=\"Nye ideer og bedre l\u00f8sninger fra Oslo\" \/>\n<meta property=\"og:url\" content=\"https:\/\/hoyre.no\/oslo\/aktuelt\/nye-ideer-og-bedre-losninger-fra-oslo\/\" \/>\n<meta property=\"og:site_name\" content=\"Oslo H\u00f8yre\" \/>\n<meta property=\"article:publisher\" content=\"https:\/\/www.facebook.com\/oslo.hoyre\" \/>\n<meta property=\"article:published_time\" content=\"2013-05-08T07:44:51+00:00\" \/>\n<meta property=\"article:modified_time\" content=\"2022-09-26T13:07:04+00:00\" \/>\n<meta property=\"og:image\" content=\"https:\/\/hoyre.no\/content\/uploads\/sites\/408\/2022\/09\/Stortinget-2.jpg\" \/>\n\t<meta property=\"og:image:width\" content=\"1024\" \/>\n\t<meta property=\"og:image:height\" content=\"361\" \/>\n\t<meta property=\"og:image:type\" content=\"image\/jpeg\" \/>\n<meta name=\"twitter:card\" content=\"summary_large_image\" \/>\n<meta name=\"twitter:label1\" content=\"Ansl. lesetid\" \/>\n\t<meta name=\"twitter:data1\" content=\"5 minutter\" \/>\n<script type=\"application\/ld+json\" class=\"yoast-schema-graph\">{\"@context\":\"https:\/\/schema.org\",\"@graph\":[{\"@type\":\"Article\",\"@id\":\"https:\/\/hoyre.no\/oslo\/aktuelt\/nye-ideer-og-bedre-losninger-fra-oslo\/#article\",\"isPartOf\":{\"@id\":\"https:\/\/hoyre.no\/oslo\/aktuelt\/nye-ideer-og-bedre-losninger-fra-oslo\/\"},\"author\":{\"name\":\"\",\"@id\":\"\"},\"headline\":\"Nye ideer og bedre l\u00f8sninger fra Oslo\",\"datePublished\":\"2013-05-08T07:44:51+00:00\",\"dateModified\":\"2022-09-26T13:07:04+00:00\",\"mainEntityOfPage\":{\"@id\":\"https:\/\/hoyre.no\/oslo\/aktuelt\/nye-ideer-og-bedre-losninger-fra-oslo\/\"},\"wordCount\":994,\"publisher\":{\"@id\":\"https:\/\/hoyre.no\/oslo\/#organization\"},\"image\":{\"@id\":\"https:\/\/hoyre.no\/oslo\/aktuelt\/nye-ideer-og-bedre-losninger-fra-oslo\/#primaryimage\"},\"thumbnailUrl\":\"https:\/\/hoyre.no\/content\/uploads\/sites\/408\/2022\/09\/Stortinget-2.jpg\",\"articleSection\":[\"Nyheter\"],\"inLanguage\":\"nb-NO\"},{\"@type\":\"NewsArticle\",\"@id\":\"https:\/\/hoyre.no\/oslo\/aktuelt\/nye-ideer-og-bedre-losninger-fra-oslo\/\",\"url\":\"https:\/\/hoyre.no\/oslo\/aktuelt\/nye-ideer-og-bedre-losninger-fra-oslo\/\",\"name\":\"Nye ideer og bedre l\u00f8sninger fra Oslo - Oslo H\u00f8yre\",\"isPartOf\":{\"@id\":\"https:\/\/hoyre.no\/oslo\/#website\"},\"image\":{\"@id\":\"https:\/\/hoyre.no\/oslo\/aktuelt\/nye-ideer-og-bedre-losninger-fra-oslo\/#primaryimage\"},\"thumbnailUrl\":\"https:\/\/hoyre.no\/content\/uploads\/sites\/408\/2022\/09\/Stortinget-2.jpg\",\"datePublished\":\"2013-05-08T07:44:51+00:00\",\"dateModified\":\"2022-09-26T13:07:04+00:00\",\"breadcrumb\":{\"@id\":\"https:\/\/hoyre.no\/oslo\/aktuelt\/nye-ideer-og-bedre-losninger-fra-oslo\/#breadcrumb\"},\"inLanguage\":\"nb-NO\",\"potentialAction\":[{\"@type\":\"ReadAction\",\"target\":[\"https:\/\/hoyre.no\/oslo\/aktuelt\/nye-ideer-og-bedre-losninger-fra-oslo\/\"]}]},{\"@type\":\"ImageObject\",\"inLanguage\":\"nb-NO\",\"@id\":\"https:\/\/hoyre.no\/oslo\/aktuelt\/nye-ideer-og-bedre-losninger-fra-oslo\/#primaryimage\",\"url\":\"https:\/\/hoyre.no\/content\/uploads\/sites\/408\/2022\/09\/Stortinget-2.jpg\",\"contentUrl\":\"https:\/\/hoyre.no\/content\/uploads\/sites\/408\/2022\/09\/Stortinget-2.jpg\",\"width\":1024,\"height\":361,\"caption\":\"Stortinget\"},{\"@type\":\"BreadcrumbList\",\"@id\":\"https:\/\/hoyre.no\/oslo\/aktuelt\/nye-ideer-og-bedre-losninger-fra-oslo\/#breadcrumb\",\"itemListElement\":[{\"@type\":\"ListItem\",\"position\":1,\"name\":\"Til hoyre.no\",\"item\":\"https:\/\/hoyre.no\"},{\"@type\":\"ListItem\",\"position\":2,\"name\":\"Hjem\",\"item\":\"https:\/\/hoyre.no\/oslo\/\"},{\"@type\":\"ListItem\",\"position\":3,\"name\":\"Nye ideer og bedre l\u00f8sninger fra Oslo\"}]},{\"@type\":\"WebSite\",\"@id\":\"https:\/\/hoyre.no\/oslo\/#website\",\"url\":\"https:\/\/hoyre.no\/oslo\/\",\"name\":\"Oslo H\u00f8yre\",\"description\":\"\",\"publisher\":{\"@id\":\"https:\/\/hoyre.no\/oslo\/#organization\"},\"inLanguage\":\"nb-NO\"},{\"@type\":\"Organization\",\"@id\":\"https:\/\/hoyre.no\/oslo\/#organization\",\"name\":\"Oslo H\u00f8yre\",\"url\":\"https:\/\/hoyre.no\/oslo\/\",\"logo\":{\"@type\":\"ImageObject\",\"inLanguage\":\"nb-NO\",\"@id\":\"https:\/\/hoyre.no\/oslo\/#\/schema\/logo\/image\/\",\"url\":\"https:\/\/hoyre.no\/content\/uploads\/sites\/408\/2022\/11\/Hoyres-logo.png\",\"contentUrl\":\"https:\/\/hoyre.no\/content\/uploads\/sites\/408\/2022\/11\/Hoyres-logo.png\",\"width\":1000,\"height\":1000,\"caption\":\"Oslo H\u00f8yre\"},\"image\":{\"@id\":\"https:\/\/hoyre.no\/oslo\/#\/schema\/logo\/image\/\"},\"sameAs\":[\"https:\/\/www.facebook.com\/oslo.hoyre\"]}]}<\/script>\n<!-- \/ Yoast SEO Premium plugin. -->","yoast_head_json":{"title":"Nye ideer og bedre l\u00f8sninger fra Oslo - Oslo H\u00f8yre","robots":{"index":"index","follow":"follow","max-snippet":"max-snippet:-1","max-image-preview":"max-image-preview:large","max-video-preview":"max-video-preview:-1"},"canonical":"https:\/\/hoyre.no\/oslo\/aktuelt\/nye-ideer-og-bedre-losninger-fra-oslo\/","og_locale":"nb_NO","og_type":"article","og_title":"Nye ideer og bedre l\u00f8sninger fra Oslo","og_url":"https:\/\/hoyre.no\/oslo\/aktuelt\/nye-ideer-og-bedre-losninger-fra-oslo\/","og_site_name":"Oslo H\u00f8yre","article_publisher":"https:\/\/www.facebook.com\/oslo.hoyre","article_published_time":"2013-05-08T07:44:51+00:00","article_modified_time":"2022-09-26T13:07:04+00:00","og_image":[{"width":1024,"height":361,"url":"https:\/\/hoyre.no\/content\/uploads\/sites\/408\/2022\/09\/Stortinget-2.jpg","type":"image\/jpeg"}],"twitter_card":"summary_large_image","twitter_misc":{"Ansl. lesetid":"5 minutter"},"schema":{"@context":"https:\/\/schema.org","@graph":[{"@type":"Article","@id":"https:\/\/hoyre.no\/oslo\/aktuelt\/nye-ideer-og-bedre-losninger-fra-oslo\/#article","isPartOf":{"@id":"https:\/\/hoyre.no\/oslo\/aktuelt\/nye-ideer-og-bedre-losninger-fra-oslo\/"},"author":{"name":"","@id":""},"headline":"Nye ideer og bedre l\u00f8sninger fra Oslo","datePublished":"2013-05-08T07:44:51+00:00","dateModified":"2022-09-26T13:07:04+00:00","mainEntityOfPage":{"@id":"https:\/\/hoyre.no\/oslo\/aktuelt\/nye-ideer-og-bedre-losninger-fra-oslo\/"},"wordCount":994,"publisher":{"@id":"https:\/\/hoyre.no\/oslo\/#organization"},"image":{"@id":"https:\/\/hoyre.no\/oslo\/aktuelt\/nye-ideer-og-bedre-losninger-fra-oslo\/#primaryimage"},"thumbnailUrl":"https:\/\/hoyre.no\/content\/uploads\/sites\/408\/2022\/09\/Stortinget-2.jpg","articleSection":["Nyheter"],"inLanguage":"nb-NO"},{"@type":"NewsArticle","@id":"https:\/\/hoyre.no\/oslo\/aktuelt\/nye-ideer-og-bedre-losninger-fra-oslo\/","url":"https:\/\/hoyre.no\/oslo\/aktuelt\/nye-ideer-og-bedre-losninger-fra-oslo\/","name":"Nye ideer og bedre l\u00f8sninger fra Oslo - Oslo H\u00f8yre","isPartOf":{"@id":"https:\/\/hoyre.no\/oslo\/#website"},"image":{"@id":"https:\/\/hoyre.no\/oslo\/aktuelt\/nye-ideer-og-bedre-losninger-fra-oslo\/#primaryimage"},"thumbnailUrl":"https:\/\/hoyre.no\/content\/uploads\/sites\/408\/2022\/09\/Stortinget-2.jpg","datePublished":"2013-05-08T07:44:51+00:00","dateModified":"2022-09-26T13:07:04+00:00","breadcrumb":{"@id":"https:\/\/hoyre.no\/oslo\/aktuelt\/nye-ideer-og-bedre-losninger-fra-oslo\/#breadcrumb"},"inLanguage":"nb-NO","potentialAction":[{"@type":"ReadAction","target":["https:\/\/hoyre.no\/oslo\/aktuelt\/nye-ideer-og-bedre-losninger-fra-oslo\/"]}]},{"@type":"ImageObject","inLanguage":"nb-NO","@id":"https:\/\/hoyre.no\/oslo\/aktuelt\/nye-ideer-og-bedre-losninger-fra-oslo\/#primaryimage","url":"https:\/\/hoyre.no\/content\/uploads\/sites\/408\/2022\/09\/Stortinget-2.jpg","contentUrl":"https:\/\/hoyre.no\/content\/uploads\/sites\/408\/2022\/09\/Stortinget-2.jpg","width":1024,"height":361,"caption":"Stortinget"},{"@type":"BreadcrumbList","@id":"https:\/\/hoyre.no\/oslo\/aktuelt\/nye-ideer-og-bedre-losninger-fra-oslo\/#breadcrumb","itemListElement":[{"@type":"ListItem","position":1,"name":"Til hoyre.no","item":"https:\/\/hoyre.no"},{"@type":"ListItem","position":2,"name":"Hjem","item":"https:\/\/hoyre.no\/oslo\/"},{"@type":"ListItem","position":3,"name":"Nye ideer og bedre l\u00f8sninger fra Oslo"}]},{"@type":"WebSite","@id":"https:\/\/hoyre.no\/oslo\/#website","url":"https:\/\/hoyre.no\/oslo\/","name":"Oslo H\u00f8yre","description":"","publisher":{"@id":"https:\/\/hoyre.no\/oslo\/#organization"},"inLanguage":"nb-NO"},{"@type":"Organization","@id":"https:\/\/hoyre.no\/oslo\/#organization","name":"Oslo H\u00f8yre","url":"https:\/\/hoyre.no\/oslo\/","logo":{"@type":"ImageObject","inLanguage":"nb-NO","@id":"https:\/\/hoyre.no\/oslo\/#\/schema\/logo\/image\/","url":"https:\/\/hoyre.no\/content\/uploads\/sites\/408\/2022\/11\/Hoyres-logo.png","contentUrl":"https:\/\/hoyre.no\/content\/uploads\/sites\/408\/2022\/11\/Hoyres-logo.png","width":1000,"height":1000,"caption":"Oslo H\u00f8yre"},"image":{"@id":"https:\/\/hoyre.no\/oslo\/#\/schema\/logo\/image\/"},"sameAs":["https:\/\/www.facebook.com\/oslo.hoyre"]}]}},"distributor_meta":false,"distributor_terms":false,"distributor_media":false,"distributor_original_site_name":"Oslo H\u00f8yre","distributor_original_site_url":"https:\/\/hoyre.no\/oslo","push-errors":false,"_links":{"self":[{"href":"https:\/\/hoyre.no\/oslo\/wp-json\/wp\/v2\/posts\/1891","targetHints":{"allow":["GET"]}}],"collection":[{"href":"https:\/\/hoyre.no\/oslo\/wp-json\/wp\/v2\/posts"}],"about":[{"href":"https:\/\/hoyre.no\/oslo\/wp-json\/wp\/v2\/types\/post"}],"replies":[{"embeddable":true,"href":"https:\/\/hoyre.no\/oslo\/wp-json\/wp\/v2\/comments?post=1891"}],"version-history":[{"count":1,"href":"https:\/\/hoyre.no\/oslo\/wp-json\/wp\/v2\/posts\/1891\/revisions"}],"predecessor-version":[{"id":3056,"href":"https:\/\/hoyre.no\/oslo\/wp-json\/wp\/v2\/posts\/1891\/revisions\/3056"}],"wp:featuredmedia":[{"embeddable":true,"href":"https:\/\/hoyre.no\/oslo\/wp-json\/wp\/v2\/media\/1665"}],"wp:attachment":[{"href":"https:\/\/hoyre.no\/oslo\/wp-json\/wp\/v2\/media?parent=1891"}],"wp:term":[{"taxonomy":"category","embeddable":true,"href":"https:\/\/hoyre.no\/oslo\/wp-json\/wp\/v2\/category?post=1891"},{"taxonomy":"post_tag","embeddable":true,"href":"https:\/\/hoyre.no\/oslo\/wp-json\/wp\/v2\/post_tag?post=1891"},{"taxonomy":"hoyre-visibility","embeddable":true,"href":"https:\/\/hoyre.no\/oslo\/wp-json\/wp\/v2\/hoyre-visibility?post=1891"},{"taxonomy":"article-type","embeddable":true,"href":"https:\/\/hoyre.no\/oslo\/wp-json\/wp\/v2\/article-type?post=1891"},{"taxonomy":"politician","embeddable":true,"href":"https:\/\/hoyre.no\/oslo\/wp-json\/wp\/v2\/politician?post=1891"}],"curies":[{"name":"wp","href":"https:\/\/api.w.org\/{rel}","templated":true}]}}