{"id":1896,"date":"2013-05-05T17:19:06","date_gmt":"2013-05-05T17:19:06","guid":{"rendered":"https:\/\/hoyre.no\/oslo\/aktuelt\/velgerne-er-lei-store-ord-og-sma-resultater\/"},"modified":"2022-09-26T15:07:05","modified_gmt":"2022-09-26T13:07:05","slug":"velgerne-er-lei-store-ord-og-sma-resultater","status":"publish","type":"post","link":"https:\/\/hoyre.no\/oslo\/aktuelt\/velgerne-er-lei-store-ord-og-sma-resultater\/","title":{"rendered":"Store ord og sm\u00e5 resultater"},"content":{"rendered":"<figure class=\"hoyre-image-wrapper\"><div class=\"hoyre-image\"><img loading=\"lazy\" decoding=\"async\" width=\"1024\" height=\"361\" src=\"https:\/\/hoyre.no\/content\/uploads\/sites\/408\/2022\/09\/Nikolai-Astrup-tale.jpg\" class=\"attachment-scaled size-scaled\" alt=\"Nikolai Astrup tale\" style=\"object-position: 50% 50%\" srcset=\"https:\/\/hoyre.no\/content\/uploads\/sites\/408\/2022\/09\/Nikolai-Astrup-tale.jpg 1024w, https:\/\/hoyre.no\/content\/uploads\/sites\/408\/2022\/09\/Nikolai-Astrup-tale-300x106.jpg 300w, https:\/\/hoyre.no\/content\/uploads\/sites\/408\/2022\/09\/Nikolai-Astrup-tale-768x271.jpg 768w\" sizes=\"auto, (max-width: 1024px) 100vw, 1024px\" \/><\/div><\/figure><div id=\"hoyre-old-article-content-wrapper\"><p><em>Tale under H\u00f8yres landsm\u00f8te 2013<\/em><\/p><p>Kj\u00e6re landsm\u00f8te.<\/p><p>Jeg har h\u00f8rt at det \u00e5 bruke historisk mye penger er det nye m\u00e5let p\u00e5 politisk suksess. I s\u00e5 fall burde Arbeiderpartiet ha hatt langt st\u00f8rre oppslutning n\u00e5. N\u00e5r man p\u00e5peker det \u00e5penbare: at resultatene ikke st\u00e5r i stil med forbruket, blir man anklaget for \u00e5 snakke Norge ned.<\/p><p>Tenk hva folk ville ha sagt om SAS-sjef Richard Gustafson m\u00f8tte sinekunder med \u00f8kte billettpriser,d\u00e5rlig service og en indignert kommentar: Jo, men vi bruker historisk mye penger, s\u00e5 slutt \u00e5 snakk oss ned!<\/p><p>Ingen hadde akseptert det.<\/p><p>Velgerne er lei store ord og sm\u00e5 resultater. De vil ha fornyelse. Nye ideer. Bedre l\u00f8sninger. En litt vanskelig dialekt. De vil ha Erna Solberg. Og det vil vi ogs\u00e5!<\/p><p>Som milj\u00f8politiker er jeg glad for \u00e5 v\u00e6re i et parti som forst\u00e5r betydningen av \u00e5 satse p\u00e5 kollektivtrafikk i og rundt de store byene i Norge. H\u00f8yres transportplan ga oss kollektivl\u00f8sningene som manglet i de r\u00f8dgr\u00f8nnes NTP.<\/p><p>For kanskje bor vi som bor i by p\u00e5 feil sted\u2026?<\/p><p>Fuck Oslo.<\/p><p>Dette var budskapet fra landets samferdselsminister like f\u00f8r de r\u00f8dgr\u00f8nne lanserte sin transportplan. Vi burde vel allerede da tatt hintet: her var det ikke mye storbyfolk kunne glede seg over.<\/p><p>Men det Marit Arnstad glemmer, er at El-Kj\u00f8p Stormarked p\u00e5 Sj\u00f8rdalen ikke f\u00e5r solgt et eneste kj\u00f8leskaphvis varene deres stopper opp i en trafikkork i Oslo. Og dersom El-Kj\u00f8p ikke har noen varer \u00e5 selge, vil heller ingen sj\u00f8rdalinger kunne ha en jobb der, og uten jobb flytter sj\u00f8rdalingene inn til Trondheim.<\/p><p>Og vi er like avhengige av at varetransporten flyter godt andre veien: det er ingen som har s\u00e5 d\u00e5rlig tid som en d\u00f8d laks p\u00e5 vei til et fransk middagsbord. Og laksen kommer raskere frem med en oppgradert E39.<\/p><p>Derfor er det meningsl\u00f8st \u00e5 skape en konflikt mellom by og land slik den r\u00f8dgr\u00f8nne regjeringen gj\u00f8r. Vi sitter i samme b\u00e5t, uansett hvor i landet vi bor &#8211; vi er alle avhengige av gode veier og jernbaneforbindelser \u2013 dette er Norges puls\u00e5rer.<\/p><p>Vet dere forresten hvem som holder til i Akersgata 35 i Oslo? Der bor Senterpartiets Hovedorganisasjon. Jeg skj\u00f8nner dem godt jeg, Oslo er et utmerket sted \u00e5 v\u00e6re, noe de \u00e5penbart ogs\u00e5 har funnet ut. Men det jeg ikke skj\u00f8nner, er Liv Signe Navarsetes \u201dmotmaktsturn\u00e9\u201d \u2013 hvor hun reiste land og strand rundt for \u00e5 oppfordre bygdefolk til \u00e5 motarbeide Oslofolk.<\/p><p>Det er mulig denne splitt- og hersktaktikken er popul\u00e6r innad i Stoltenberg-regjeringen. Men i Oslo lar vi oss ikke pille p\u00e5 nesen. Vi sl\u00e5r tilbake.<\/p><p>Det b\u00f8r ikke v\u00e6re hvor samferdselsministeren bor som avgj\u00f8r hvilke veier og bruer som bygges her i landet. Denne sektoren er gjennompolitisert og vi ser resultatene: klattvise utbygginger, budsjettoverskridelser og politikere som hilser hjem for \u00e5 sikre sitt eget gjenvalg.<\/p><p>Bare i fjor bygget svenskene \u00e5tte ganger s\u00e5 mye motorvei som oss. Uten bompenger og uten oljepenger. Hvordan gj\u00f8r de det? Jo, de koordinerer alt gjennom Trafikverket, en etat som ser trafikk p\u00e5 vei og jernbane, sj\u00f8- og luftfart under ett. Andre land f\u00f8lger samme oppskrift: \u00d8sterrike har skilt ut samferdselsetaten som et eget aksjeselskap, og regner med \u00e5 v\u00e6re ferdig med utbygging av motorvei i 2020. Uansett om det koordineres i en etat eller etselskap, hensikten er den samme: \u00e5 holde politikerne p\u00e5 en armlengdes avstand.<\/p><p>De setter rett og slett grenser for politikk. Det b\u00f8r vi ogs\u00e5 gj\u00f8re. Jeg er stolt over \u00e5 tilh\u00f8re et parti som vil l\u00f8fte hele landet, et parti som er glad i b\u00e5de bygd og by, et parti som er mer opptatt av store resultater enn storebudsjetter.<\/p><p>Og til Marit Arnstad vil jeg bare si: H\u00f8yre hjerter Oslo.<\/p>\n<\/div>\n<div class=\"tags\">\n\t<\/div>\n<div class=\"post-footer alignfull has-background block-editor-block-list__block\" data-align=full>\n\t<div class=\"post-footer-inner\">\n\t\t<h3>Relaterte artikler<\/h3>\n\t\t<div class=\"related-content\"><div class=\"is-card-hoyre\">\n\t<div class=\"teft-card hoyre-teft-card post-teft-card\">\n\t\t<a href=\"https:\/\/hoyre.no\/oslo\/aktuelt\/mdg-moralismen-fornekter-seg-ikke\/\" class=\"teft-card__primary-action\">\n\n\t\t\t\t\t<div class=\"teft-card__media teft-card__media--16-9\">\n\t\t\t\t\t\t<img loading=\"lazy\" decoding=\"async\" width=\"768\" height=\"512\" src=\"https:\/\/hoyre.no\/content\/uploads\/sites\/408\/2024\/01\/QZQlxtOC-768x512.jpeg\" class=\"attachment-medium_large size-medium_large\" alt=\"Merete Agerbak-Jensen\" srcset=\"https:\/\/hoyre.no\/content\/uploads\/sites\/408\/2024\/01\/QZQlxtOC-768x512.jpeg 768w, https:\/\/hoyre.no\/content\/uploads\/sites\/408\/2024\/01\/QZQlxtOC-300x200.jpeg 300w, https:\/\/hoyre.no\/content\/uploads\/sites\/408\/2024\/01\/QZQlxtOC-1024x683.jpeg 1024w, https:\/\/hoyre.no\/content\/uploads\/sites\/408\/2024\/01\/QZQlxtOC-1536x1024.jpeg 1536w, https:\/\/hoyre.no\/content\/uploads\/sites\/408\/2024\/01\/QZQlxtOC-2048x1365.jpeg 2048w\" sizes=\"auto, (max-width: 768px) 100vw, 768px\" \/>\t\t<\/div>\n\t\t\n\t\t\t<div class=\"teft-card__content-wrapper\">\n\t\t\t\t<div class=\"teft-card__secondary\">\n\t\t\t\t\t\n\t\t\t\t\t\t\t\t<div class=\"teft-card__meta\">\n\t\t\t\t\t\t\t\t\t<span class=\"post-date\">23. apr 2026<\/span>\n\n\t\t\t\t\t\t\t\t\t\t\t\t\t\t\t\t\t<\/div>\n\t\t\t\t\t\t\t\t\t\t\t<\/div>\n\n\t\t\t\t<div class=\"teft-card__primary\">\n\t\t\t\t\t<h2 class=\"teft-card__title\">MDG-moralismen fornekter seg ikke&nbsp;<span class=\"teft-card__primary-title-append\"><\/span><\/h2>\t\t\t\t<\/div>\n\t\t\t<\/div>\n\t\t<\/a>\n\t<\/div>\n\n\t<\/div><div class=\"is-card-hoyre\">\n\t<div class=\"teft-card hoyre-teft-card post-teft-card\">\n\t\t<a href=\"https:\/\/hoyre.no\/oslo\/aktuelt\/raskere-og-enklere-a-bygge-boliger-og-skape-arbeidsplasser-i-oslo\/\" class=\"teft-card__primary-action\">\n\n\t\t\t\t\t<div class=\"teft-card__media teft-card__media--16-9\">\n\t\t\t\t\t\t<img loading=\"lazy\" decoding=\"async\" width=\"768\" height=\"576\" src=\"https:\/\/hoyre.no\/content\/uploads\/sites\/408\/2026\/04\/Eirik-Lae-Solberg-og-Anita-Leirvik-North-768x576.jpg\" class=\"attachment-medium_large size-medium_large\" alt=\"\" srcset=\"https:\/\/hoyre.no\/content\/uploads\/sites\/408\/2026\/04\/Eirik-Lae-Solberg-og-Anita-Leirvik-North-768x576.jpg 768w, https:\/\/hoyre.no\/content\/uploads\/sites\/408\/2026\/04\/Eirik-Lae-Solberg-og-Anita-Leirvik-North-300x225.jpg 300w, https:\/\/hoyre.no\/content\/uploads\/sites\/408\/2026\/04\/Eirik-Lae-Solberg-og-Anita-Leirvik-North.jpg 901w\" sizes=\"auto, (max-width: 768px) 100vw, 768px\" \/>\t\t<\/div>\n\t\t\n\t\t\t<div class=\"teft-card__content-wrapper\">\n\t\t\t\t<div class=\"teft-card__secondary\">\n\t\t\t\t\t\n\t\t\t\t\t\t\t\t<div class=\"teft-card__meta\">\n\t\t\t\t\t\t\t\t\t<span class=\"post-date\">14. apr 2026<\/span>\n\n\t\t\t\t\t\t\t\t\t<span class=\"post-category\">Har lagt frem ny KPA:<\/span>\t\t\t\t\t\t\t\t<\/div>\n\t\t\t\t\t\t\t\t\t\t\t<\/div>\n\n\t\t\t\t<div class=\"teft-card__primary\">\n\t\t\t\t\t<h2 class=\"teft-card__title\">Raskere og enklere \u00e5 bygge boliger og skape arbeidsplasser i Oslo&nbsp;<span class=\"teft-card__primary-title-append\"><\/span><\/h2>\t\t\t\t<\/div>\n\t\t\t<\/div>\n\t\t<\/a>\n\t<\/div>\n\n\t<\/div><div class=\"is-card-hoyre\">\n\t<div class=\"teft-card hoyre-teft-card post-teft-card\">\n\t\t<a href=\"https:\/\/hoyre.no\/oslo\/aktuelt\/bedre-elevresultater-og-en-skoleokonomi-i-balanse-med-blagront-byrad\/\" class=\"teft-card__primary-action\">\n\n\t\t\t\t\t<div class=\"teft-card__media teft-card__media--16-9\">\n\t\t\t\t\t\t<img loading=\"lazy\" decoding=\"async\" width=\"768\" height=\"512\" src=\"https:\/\/hoyre.no\/content\/uploads\/sites\/408\/2025\/05\/IMG_6440-768x512.jpeg\" class=\"attachment-medium_large size-medium_large\" alt=\"Julie Remen Midtgarden\" srcset=\"https:\/\/hoyre.no\/content\/uploads\/sites\/408\/2025\/05\/IMG_6440-768x512.jpeg 768w, https:\/\/hoyre.no\/content\/uploads\/sites\/408\/2025\/05\/IMG_6440-300x200.jpeg 300w, https:\/\/hoyre.no\/content\/uploads\/sites\/408\/2025\/05\/IMG_6440-1024x683.jpeg 1024w, https:\/\/hoyre.no\/content\/uploads\/sites\/408\/2025\/05\/IMG_6440-1536x1024.jpeg 1536w, https:\/\/hoyre.no\/content\/uploads\/sites\/408\/2025\/05\/IMG_6440-2048x1365.jpeg 2048w\" sizes=\"auto, (max-width: 768px) 100vw, 768px\" \/>\t\t<\/div>\n\t\t\n\t\t\t<div class=\"teft-card__content-wrapper\">\n\t\t\t\t<div class=\"teft-card__secondary\">\n\t\t\t\t\t\n\t\t\t\t\t\t\t\t<div class=\"teft-card__meta\">\n\t\t\t\t\t\t\t\t\t<span class=\"post-date\">26. mar 2026<\/span>\n\n\t\t\t\t\t\t\t\t\t\t\t\t\t\t\t\t\t<\/div>\n\t\t\t\t\t\t\t\t\t\t\t<\/div>\n\n\t\t\t\t<div class=\"teft-card__primary\">\n\t\t\t\t\t<h2 class=\"teft-card__title\">Bedre elevresultater og en skole\u00f8konomi i balanse med bl\u00e5gr\u00f8nt byr\u00e5d&nbsp;<span class=\"teft-card__primary-title-append\"><\/span><\/h2>\t\t\t\t<\/div>\n\t\t\t<\/div>\n\t\t<\/a>\n\t<\/div>\n\n\t<\/div><\/div>\t<\/div>\n<\/div>\n","protected":false},"excerpt":{"rendered":"","protected":false},"author":0,"featured_media":1897,"comment_status":"closed","ping_status":"open","sticky":false,"template":"","format":"standard","meta":{"teft_cards_image_url":"","teft_cards_custom_pretitle":"","teft_cards_image_id":1897,"teft_cards_image_focal_point_x":0,"teft_cards_image_focal_point_y":0,"teft_cards_title":"","teft_cards_excerpt":"","teft_show_chapters":false,"author_display_name":"Oslo H\u00f8yre","footnotes":""},"category":[1],"post_tag":[],"hoyre-visibility":[],"article-type":[],"politician":[],"class_list":["post-1896","post","type-post","status-publish","format-standard","hentry","category-nyheter"],"yoast_head":"<!-- This site is optimized with the Yoast SEO Premium plugin v26.5 (Yoast SEO v26.6) - https:\/\/yoast.com\/wordpress\/plugins\/seo\/ -->\n<title>Store ord og sm\u00e5 resultater - Oslo H\u00f8yre<\/title>\n<meta name=\"robots\" content=\"index, follow, max-snippet:-1, max-image-preview:large, max-video-preview:-1\" \/>\n<link rel=\"canonical\" href=\"https:\/\/hoyre.no\/oslo\/aktuelt\/velgerne-er-lei-store-ord-og-sma-resultater\/\" \/>\n<meta property=\"og:locale\" content=\"nb_NO\" \/>\n<meta property=\"og:type\" content=\"article\" \/>\n<meta property=\"og:title\" content=\"Store ord og sm\u00e5 resultater\" \/>\n<meta property=\"og:url\" content=\"https:\/\/hoyre.no\/oslo\/aktuelt\/velgerne-er-lei-store-ord-og-sma-resultater\/\" \/>\n<meta property=\"og:site_name\" content=\"Oslo H\u00f8yre\" \/>\n<meta property=\"article:publisher\" content=\"https:\/\/www.facebook.com\/oslo.hoyre\" \/>\n<meta property=\"article:published_time\" content=\"2013-05-05T17:19:06+00:00\" \/>\n<meta property=\"article:modified_time\" content=\"2022-09-26T13:07:05+00:00\" \/>\n<meta property=\"og:image\" content=\"https:\/\/hoyre.no\/content\/uploads\/sites\/408\/2022\/09\/Nikolai-Astrup-tale.jpg\" \/>\n\t<meta property=\"og:image:width\" content=\"1024\" \/>\n\t<meta property=\"og:image:height\" content=\"361\" \/>\n\t<meta property=\"og:image:type\" content=\"image\/jpeg\" \/>\n<meta name=\"twitter:card\" content=\"summary_large_image\" \/>\n<meta name=\"twitter:label1\" content=\"Ansl. lesetid\" \/>\n\t<meta name=\"twitter:data1\" content=\"3 minutter\" \/>\n<script type=\"application\/ld+json\" class=\"yoast-schema-graph\">{\"@context\":\"https:\/\/schema.org\",\"@graph\":[{\"@type\":\"Article\",\"@id\":\"https:\/\/hoyre.no\/oslo\/aktuelt\/velgerne-er-lei-store-ord-og-sma-resultater\/#article\",\"isPartOf\":{\"@id\":\"https:\/\/hoyre.no\/oslo\/aktuelt\/velgerne-er-lei-store-ord-og-sma-resultater\/\"},\"author\":{\"name\":\"\",\"@id\":\"\"},\"headline\":\"Store ord og sm\u00e5 resultater\",\"datePublished\":\"2013-05-05T17:19:06+00:00\",\"dateModified\":\"2022-09-26T13:07:05+00:00\",\"mainEntityOfPage\":{\"@id\":\"https:\/\/hoyre.no\/oslo\/aktuelt\/velgerne-er-lei-store-ord-og-sma-resultater\/\"},\"wordCount\":665,\"publisher\":{\"@id\":\"https:\/\/hoyre.no\/oslo\/#organization\"},\"image\":{\"@id\":\"https:\/\/hoyre.no\/oslo\/aktuelt\/velgerne-er-lei-store-ord-og-sma-resultater\/#primaryimage\"},\"thumbnailUrl\":\"https:\/\/hoyre.no\/content\/uploads\/sites\/408\/2022\/09\/Nikolai-Astrup-tale.jpg\",\"articleSection\":[\"Nyheter\"],\"inLanguage\":\"nb-NO\"},{\"@type\":\"NewsArticle\",\"@id\":\"https:\/\/hoyre.no\/oslo\/aktuelt\/velgerne-er-lei-store-ord-og-sma-resultater\/\",\"url\":\"https:\/\/hoyre.no\/oslo\/aktuelt\/velgerne-er-lei-store-ord-og-sma-resultater\/\",\"name\":\"Store ord og sm\u00e5 resultater - Oslo H\u00f8yre\",\"isPartOf\":{\"@id\":\"https:\/\/hoyre.no\/oslo\/#website\"},\"image\":{\"@id\":\"https:\/\/hoyre.no\/oslo\/aktuelt\/velgerne-er-lei-store-ord-og-sma-resultater\/#primaryimage\"},\"thumbnailUrl\":\"https:\/\/hoyre.no\/content\/uploads\/sites\/408\/2022\/09\/Nikolai-Astrup-tale.jpg\",\"datePublished\":\"2013-05-05T17:19:06+00:00\",\"dateModified\":\"2022-09-26T13:07:05+00:00\",\"breadcrumb\":{\"@id\":\"https:\/\/hoyre.no\/oslo\/aktuelt\/velgerne-er-lei-store-ord-og-sma-resultater\/#breadcrumb\"},\"inLanguage\":\"nb-NO\",\"potentialAction\":[{\"@type\":\"ReadAction\",\"target\":[\"https:\/\/hoyre.no\/oslo\/aktuelt\/velgerne-er-lei-store-ord-og-sma-resultater\/\"]}]},{\"@type\":\"ImageObject\",\"inLanguage\":\"nb-NO\",\"@id\":\"https:\/\/hoyre.no\/oslo\/aktuelt\/velgerne-er-lei-store-ord-og-sma-resultater\/#primaryimage\",\"url\":\"https:\/\/hoyre.no\/content\/uploads\/sites\/408\/2022\/09\/Nikolai-Astrup-tale.jpg\",\"contentUrl\":\"https:\/\/hoyre.no\/content\/uploads\/sites\/408\/2022\/09\/Nikolai-Astrup-tale.jpg\",\"width\":1024,\"height\":361,\"caption\":\"Nikolai Astrup tale\"},{\"@type\":\"BreadcrumbList\",\"@id\":\"https:\/\/hoyre.no\/oslo\/aktuelt\/velgerne-er-lei-store-ord-og-sma-resultater\/#breadcrumb\",\"itemListElement\":[{\"@type\":\"ListItem\",\"position\":1,\"name\":\"Til hoyre.no\",\"item\":\"https:\/\/hoyre.no\"},{\"@type\":\"ListItem\",\"position\":2,\"name\":\"Hjem\",\"item\":\"https:\/\/hoyre.no\/oslo\/\"},{\"@type\":\"ListItem\",\"position\":3,\"name\":\"Store ord og sm\u00e5 resultater\"}]},{\"@type\":\"WebSite\",\"@id\":\"https:\/\/hoyre.no\/oslo\/#website\",\"url\":\"https:\/\/hoyre.no\/oslo\/\",\"name\":\"Oslo H\u00f8yre\",\"description\":\"\",\"publisher\":{\"@id\":\"https:\/\/hoyre.no\/oslo\/#organization\"},\"inLanguage\":\"nb-NO\"},{\"@type\":\"Organization\",\"@id\":\"https:\/\/hoyre.no\/oslo\/#organization\",\"name\":\"Oslo H\u00f8yre\",\"url\":\"https:\/\/hoyre.no\/oslo\/\",\"logo\":{\"@type\":\"ImageObject\",\"inLanguage\":\"nb-NO\",\"@id\":\"https:\/\/hoyre.no\/oslo\/#\/schema\/logo\/image\/\",\"url\":\"https:\/\/hoyre.no\/content\/uploads\/sites\/408\/2022\/11\/Hoyres-logo.png\",\"contentUrl\":\"https:\/\/hoyre.no\/content\/uploads\/sites\/408\/2022\/11\/Hoyres-logo.png\",\"width\":1000,\"height\":1000,\"caption\":\"Oslo H\u00f8yre\"},\"image\":{\"@id\":\"https:\/\/hoyre.no\/oslo\/#\/schema\/logo\/image\/\"},\"sameAs\":[\"https:\/\/www.facebook.com\/oslo.hoyre\"]}]}<\/script>\n<!-- \/ Yoast SEO Premium plugin. -->","yoast_head_json":{"title":"Store ord og sm\u00e5 resultater - Oslo H\u00f8yre","robots":{"index":"index","follow":"follow","max-snippet":"max-snippet:-1","max-image-preview":"max-image-preview:large","max-video-preview":"max-video-preview:-1"},"canonical":"https:\/\/hoyre.no\/oslo\/aktuelt\/velgerne-er-lei-store-ord-og-sma-resultater\/","og_locale":"nb_NO","og_type":"article","og_title":"Store ord og sm\u00e5 resultater","og_url":"https:\/\/hoyre.no\/oslo\/aktuelt\/velgerne-er-lei-store-ord-og-sma-resultater\/","og_site_name":"Oslo H\u00f8yre","article_publisher":"https:\/\/www.facebook.com\/oslo.hoyre","article_published_time":"2013-05-05T17:19:06+00:00","article_modified_time":"2022-09-26T13:07:05+00:00","og_image":[{"width":1024,"height":361,"url":"https:\/\/hoyre.no\/content\/uploads\/sites\/408\/2022\/09\/Nikolai-Astrup-tale.jpg","type":"image\/jpeg"}],"twitter_card":"summary_large_image","twitter_misc":{"Ansl. lesetid":"3 minutter"},"schema":{"@context":"https:\/\/schema.org","@graph":[{"@type":"Article","@id":"https:\/\/hoyre.no\/oslo\/aktuelt\/velgerne-er-lei-store-ord-og-sma-resultater\/#article","isPartOf":{"@id":"https:\/\/hoyre.no\/oslo\/aktuelt\/velgerne-er-lei-store-ord-og-sma-resultater\/"},"author":{"name":"","@id":""},"headline":"Store ord og sm\u00e5 resultater","datePublished":"2013-05-05T17:19:06+00:00","dateModified":"2022-09-26T13:07:05+00:00","mainEntityOfPage":{"@id":"https:\/\/hoyre.no\/oslo\/aktuelt\/velgerne-er-lei-store-ord-og-sma-resultater\/"},"wordCount":665,"publisher":{"@id":"https:\/\/hoyre.no\/oslo\/#organization"},"image":{"@id":"https:\/\/hoyre.no\/oslo\/aktuelt\/velgerne-er-lei-store-ord-og-sma-resultater\/#primaryimage"},"thumbnailUrl":"https:\/\/hoyre.no\/content\/uploads\/sites\/408\/2022\/09\/Nikolai-Astrup-tale.jpg","articleSection":["Nyheter"],"inLanguage":"nb-NO"},{"@type":"NewsArticle","@id":"https:\/\/hoyre.no\/oslo\/aktuelt\/velgerne-er-lei-store-ord-og-sma-resultater\/","url":"https:\/\/hoyre.no\/oslo\/aktuelt\/velgerne-er-lei-store-ord-og-sma-resultater\/","name":"Store ord og sm\u00e5 resultater - Oslo H\u00f8yre","isPartOf":{"@id":"https:\/\/hoyre.no\/oslo\/#website"},"image":{"@id":"https:\/\/hoyre.no\/oslo\/aktuelt\/velgerne-er-lei-store-ord-og-sma-resultater\/#primaryimage"},"thumbnailUrl":"https:\/\/hoyre.no\/content\/uploads\/sites\/408\/2022\/09\/Nikolai-Astrup-tale.jpg","datePublished":"2013-05-05T17:19:06+00:00","dateModified":"2022-09-26T13:07:05+00:00","breadcrumb":{"@id":"https:\/\/hoyre.no\/oslo\/aktuelt\/velgerne-er-lei-store-ord-og-sma-resultater\/#breadcrumb"},"inLanguage":"nb-NO","potentialAction":[{"@type":"ReadAction","target":["https:\/\/hoyre.no\/oslo\/aktuelt\/velgerne-er-lei-store-ord-og-sma-resultater\/"]}]},{"@type":"ImageObject","inLanguage":"nb-NO","@id":"https:\/\/hoyre.no\/oslo\/aktuelt\/velgerne-er-lei-store-ord-og-sma-resultater\/#primaryimage","url":"https:\/\/hoyre.no\/content\/uploads\/sites\/408\/2022\/09\/Nikolai-Astrup-tale.jpg","contentUrl":"https:\/\/hoyre.no\/content\/uploads\/sites\/408\/2022\/09\/Nikolai-Astrup-tale.jpg","width":1024,"height":361,"caption":"Nikolai Astrup tale"},{"@type":"BreadcrumbList","@id":"https:\/\/hoyre.no\/oslo\/aktuelt\/velgerne-er-lei-store-ord-og-sma-resultater\/#breadcrumb","itemListElement":[{"@type":"ListItem","position":1,"name":"Til hoyre.no","item":"https:\/\/hoyre.no"},{"@type":"ListItem","position":2,"name":"Hjem","item":"https:\/\/hoyre.no\/oslo\/"},{"@type":"ListItem","position":3,"name":"Store ord og sm\u00e5 resultater"}]},{"@type":"WebSite","@id":"https:\/\/hoyre.no\/oslo\/#website","url":"https:\/\/hoyre.no\/oslo\/","name":"Oslo H\u00f8yre","description":"","publisher":{"@id":"https:\/\/hoyre.no\/oslo\/#organization"},"inLanguage":"nb-NO"},{"@type":"Organization","@id":"https:\/\/hoyre.no\/oslo\/#organization","name":"Oslo H\u00f8yre","url":"https:\/\/hoyre.no\/oslo\/","logo":{"@type":"ImageObject","inLanguage":"nb-NO","@id":"https:\/\/hoyre.no\/oslo\/#\/schema\/logo\/image\/","url":"https:\/\/hoyre.no\/content\/uploads\/sites\/408\/2022\/11\/Hoyres-logo.png","contentUrl":"https:\/\/hoyre.no\/content\/uploads\/sites\/408\/2022\/11\/Hoyres-logo.png","width":1000,"height":1000,"caption":"Oslo H\u00f8yre"},"image":{"@id":"https:\/\/hoyre.no\/oslo\/#\/schema\/logo\/image\/"},"sameAs":["https:\/\/www.facebook.com\/oslo.hoyre"]}]}},"distributor_meta":false,"distributor_terms":false,"distributor_media":false,"distributor_original_site_name":"Oslo H\u00f8yre","distributor_original_site_url":"https:\/\/hoyre.no\/oslo","push-errors":false,"_links":{"self":[{"href":"https:\/\/hoyre.no\/oslo\/wp-json\/wp\/v2\/posts\/1896","targetHints":{"allow":["GET"]}}],"collection":[{"href":"https:\/\/hoyre.no\/oslo\/wp-json\/wp\/v2\/posts"}],"about":[{"href":"https:\/\/hoyre.no\/oslo\/wp-json\/wp\/v2\/types\/post"}],"replies":[{"embeddable":true,"href":"https:\/\/hoyre.no\/oslo\/wp-json\/wp\/v2\/comments?post=1896"}],"version-history":[{"count":1,"href":"https:\/\/hoyre.no\/oslo\/wp-json\/wp\/v2\/posts\/1896\/revisions"}],"predecessor-version":[{"id":3059,"href":"https:\/\/hoyre.no\/oslo\/wp-json\/wp\/v2\/posts\/1896\/revisions\/3059"}],"wp:featuredmedia":[{"embeddable":true,"href":"https:\/\/hoyre.no\/oslo\/wp-json\/wp\/v2\/media\/1897"}],"wp:attachment":[{"href":"https:\/\/hoyre.no\/oslo\/wp-json\/wp\/v2\/media?parent=1896"}],"wp:term":[{"taxonomy":"category","embeddable":true,"href":"https:\/\/hoyre.no\/oslo\/wp-json\/wp\/v2\/category?post=1896"},{"taxonomy":"post_tag","embeddable":true,"href":"https:\/\/hoyre.no\/oslo\/wp-json\/wp\/v2\/post_tag?post=1896"},{"taxonomy":"hoyre-visibility","embeddable":true,"href":"https:\/\/hoyre.no\/oslo\/wp-json\/wp\/v2\/hoyre-visibility?post=1896"},{"taxonomy":"article-type","embeddable":true,"href":"https:\/\/hoyre.no\/oslo\/wp-json\/wp\/v2\/article-type?post=1896"},{"taxonomy":"politician","embeddable":true,"href":"https:\/\/hoyre.no\/oslo\/wp-json\/wp\/v2\/politician?post=1896"}],"curies":[{"name":"wp","href":"https:\/\/api.w.org\/{rel}","templated":true}]}}