{"id":1904,"date":"2013-03-11T10:16:31","date_gmt":"2013-03-11T10:16:31","guid":{"rendered":"https:\/\/hoyre.no\/oslo\/aktuelt\/rodgronn-skattelette-i-danmark\/"},"modified":"2022-09-26T15:07:06","modified_gmt":"2022-09-26T13:07:06","slug":"rodgronn-skattelette-i-danmark","status":"publish","type":"post","link":"https:\/\/hoyre.no\/oslo\/aktuelt\/rodgronn-skattelette-i-danmark\/","title":{"rendered":"R\u00f8dgr\u00f8nn skattelette i Danmark"},"content":{"rendered":"<figure class=\"hoyre-image-wrapper\"><div class=\"hoyre-image\"><img loading=\"lazy\" decoding=\"async\" width=\"1024\" height=\"361\" src=\"https:\/\/hoyre.no\/content\/uploads\/sites\/408\/2022\/09\/Helle-Thorning-Schmidt.jpg\" class=\"attachment-scaled size-scaled\" alt=\"Helle Thorning Schmidt\" style=\"object-position: 50% 50%\" srcset=\"https:\/\/hoyre.no\/content\/uploads\/sites\/408\/2022\/09\/Helle-Thorning-Schmidt.jpg 1024w, https:\/\/hoyre.no\/content\/uploads\/sites\/408\/2022\/09\/Helle-Thorning-Schmidt-300x106.jpg 300w, https:\/\/hoyre.no\/content\/uploads\/sites\/408\/2022\/09\/Helle-Thorning-Schmidt-768x271.jpg 768w\" sizes=\"auto, (max-width: 1024px) 100vw, 1024px\" \/><\/div><\/figure><div id=\"hoyre-old-article-content-wrapper\"><p><em><\/em><br \/>\nV\u00e5r nasjonale lykke ser ut til \u00e5 v\u00e6re tett forbundet med den sportslige suksess vi oppn\u00e5r i konkurranse med andre land. Likevel vil jeg p\u00e5st\u00e5 det mest oppsiktsvekkende skjedde i Danmark, ikke i Val di Fiemme.<\/p><p>Den r\u00f8dgr\u00f8nne regjering i Danmark har nylig fremlagt en oppsiktsvekkende konkurransepakke som best\u00e5r av f\u00f8lgende hovedelementer:<\/p><ul><li>Senket selskapsskatt fra 25 prosent til 22 prosent<\/li><li>Veksten i offentlige utgifter halveres &#8211; fra 0,8 prosent til 0,4 prosent kommende \u00e5r.<\/li><li>Offentlig sektor skal effektiviseres og gi innsparing p\u00e5 12 milliarder.<\/li><li>Sosialhjelp til ungdom under 30 erstattes av hjelp til utdanning.<\/li><li>Studiel\u00e5n bare til studier p\u00e5 normaltid pluss seks m\u00e5neder<\/li><li>Studenter som bor hjemme, f\u00e5r lavere ytelser fra L\u00e5nekassen<\/li><li>Ogs\u00e5 samboere skal ha gjensidig fors\u00f8rgelsesplikt, ikke bare ektepar.<\/li><li>Reduksjon av avgifter, for tilsammen seks milliarder, redusere kostnader for n\u00e6ringslivet<\/li><li>Reduserte avgifter p\u00e5 \u00abgrensef\u00f8lsomme\u00bb varer<\/li><li>\u00d8kt skattekreditt for bedrifter som satset p\u00e5 forskning og utvikling<\/li><li>\u00d8kt arbeidsinnvandring av h\u00f8ykompetent arbeidskraft<\/li><li>Planlagt \u00f8kning i oljebeskatningen frafalles.<\/li><li>Planlagte kj\u00f8reavgift i transportsektoren frafalles.<\/li><\/ul><p>Private gis inntektsfradrag for h\u00e5ndverkertjenester, vedlikehold og energisparing inntil 15000 per person i husstanden<\/p><p>Vekstfremmende offentlige investeringer, som gir avkastning, ikke \u00f8kt offentlig forbruk.<\/p><p>H\u00f8sten 2012 nedsatte den r\u00f8dgr\u00f8nne regjeringen en produktivitetskommisjon som ikke bare skal se p\u00e5 tradisjonell timeverksproduktivitet, men ogs\u00e5 p\u00e5 om lite treffsikre sosiale ordninger bidrar til \u00e5 holde store deler av arbeidsstyrken utenfor arbeid i kortere eller lengre tid. Alle ordninger er i prinsippet til diskusjon, uten selvp\u00e5lagt sensur om hva det g\u00e5r an \u00e5 diskutere i et demokrati.<\/p><p>Da Helle Thorning Schmidt overtok h\u00f8sten 2010, iverksatte hennes regjering en tradisjonell keynesiansk vekstpakke basert p\u00e5 \u00f8kt offentlig forbruk &#8211; den s\u00e5kalte \u00abkickstart\u00bb. Det ble et \u00abkick\u00bb, men ingen \u00abstart\u00bb av \u00f8konomien.<\/p><p>De danske r\u00f8dgr\u00f8nne har innsett f\u00f8lgende som hittil har v\u00e6rt benektet, ogs\u00e5 av dansk venstreside: Det er ikke bare trygge arbeidsplasser som gir velferd, men f\u00f8rst og fremst arbeidsplasser i privat sektor som av sin l\u00f8nnsevne og overskudd finansierer arbeidsplassene i offentlig sektor. De innser at viktigere enn sysselsettingstall er det forholdstallet mellom arbeidsplasser i privat sektor p\u00e5 den ene siden og offentlig ansatte, pensjonister og andre offentlig fors\u00f8rgede p\u00e5 den annen side, som er det viktige.<\/p><p>Likeledes har de r\u00f8dgr\u00f8nne lagt inn dynamiske effekter av skattekutt, dvs. at n\u00e5r staten slipper opp skattetrykket, \u00f8ker den \u00f8konomiske aktivitet, og statens skatteinntekter \u00f8ker som f\u00f8lge av dette. I Norge har dette v\u00e6rt avvist politisk, selv om SSB og andre sitter p\u00e5 studier som viser at dynamiske skatteeffekter eksisterer. De danske tiltakene er svar p\u00e5 at svenskene har lykkes i \u00e5 forbedre sin konkurranseevne. Den borgerlige regjering i Sverige har fra et d\u00e5rligere utgangspunkt enn danskene, maktet \u00e5 komme helskinnet gjennom krisen. Anders Borg er k\u00e5ret til Europas beste finansminister. Svenskene har ved planmessige reformer bragt andelen uf\u00f8re\/f\u00f8rtidspensjon av aldersgruppen 18-64 ned i seks prosent, mens den er 50 prosent h\u00f8yere i Danmark.<\/p><p>V\u00e5re hjemlige sosialdemokrater, med Stoltenberg i spissen, snakker her hjemme om \u00abden norske\u00bb modellen. Ute brukes det litt mindre brautende uttrykket \u00abden nordiske modellen\u00bb, som for eksempel n\u00e5r han skriver en felles kronikk med Helle Thorning Schmidt om den \u00abnordiske modellen\u00bb. Akkurat som det ikke har v\u00e6rt noen ensidig norsk eller sosialdemokratisk p\u00e5funn \u00e5 ha en velferdsstat, er det tydeligvis ogs\u00e5 forskjell p\u00e5 sosialdemokratene. I Danmark innser de at staten m\u00e5 slankes og m\u00e5lrettes for \u00e5 sikre velferden. I det borgerligstyrte Sverige er dette gammelt nytt.<\/p><p>Mens det skrives lettvintheter om at H\u00f8yre muligens skal ha latt seg inspirere av sitt s\u00f8sterparti i Sverige, er det langt mer interessant \u00e5 konstatere at det borgerligstyrte Sverige er blitt et modelland for danske r\u00f8dgr\u00f8nne.<\/p><p>Norge har et oljefilter, forsterket av denne regjerings selvtilfredshet, som s\u00e5 langt hindret oss i \u00e5 f\u00e5 en debatt om n\u00f8dvendige omstillinger. I v\u00e5re naboland arbeider de med \u00e5 hjelpe frem selve grunnlaget for en nasjons velstand: arbeidsvilje og konkurranseevne. Fra neste \u00e5r vil selskapsskatten v\u00e6re 22 prosent i b\u00e5de Sverige og Danmark. Det b\u00f8r ikke g\u00e5 up\u00e5aktet hen i Norge.<\/p><p>Innlegget ble publisert p\u00e5 <a title=\"Michael Tetzschners blogg\" href=\"http:\/\/tetzschner.blogspot.no\/2013\/03\/rdgrnn-skattelette-i-danmark.html\">Michael Tetzschners blogg<\/a> den 11.03.2013<\/p><p><em>Foto: colourbox.com<\/em><\/p>\n<\/div>\n<div class=\"tags\">\n\t<\/div>\n<div class=\"post-footer alignfull has-background block-editor-block-list__block\" data-align=full>\n\t<div class=\"post-footer-inner\">\n\t\t<h3>Relaterte artikler<\/h3>\n\t\t<div class=\"related-content\"><div class=\"is-card-hoyre\">\n\t<div class=\"teft-card hoyre-teft-card post-teft-card\">\n\t\t<a href=\"https:\/\/hoyre.no\/oslo\/aktuelt\/mdg-moralismen-fornekter-seg-ikke\/\" class=\"teft-card__primary-action\">\n\n\t\t\t\t\t<div class=\"teft-card__media teft-card__media--16-9\">\n\t\t\t\t\t\t<img loading=\"lazy\" decoding=\"async\" width=\"768\" height=\"512\" src=\"https:\/\/hoyre.no\/content\/uploads\/sites\/408\/2024\/01\/QZQlxtOC-768x512.jpeg\" class=\"attachment-medium_large size-medium_large\" alt=\"Merete Agerbak-Jensen\" srcset=\"https:\/\/hoyre.no\/content\/uploads\/sites\/408\/2024\/01\/QZQlxtOC-768x512.jpeg 768w, https:\/\/hoyre.no\/content\/uploads\/sites\/408\/2024\/01\/QZQlxtOC-300x200.jpeg 300w, https:\/\/hoyre.no\/content\/uploads\/sites\/408\/2024\/01\/QZQlxtOC-1024x683.jpeg 1024w, https:\/\/hoyre.no\/content\/uploads\/sites\/408\/2024\/01\/QZQlxtOC-1536x1024.jpeg 1536w, https:\/\/hoyre.no\/content\/uploads\/sites\/408\/2024\/01\/QZQlxtOC-2048x1365.jpeg 2048w\" sizes=\"auto, (max-width: 768px) 100vw, 768px\" \/>\t\t<\/div>\n\t\t\n\t\t\t<div class=\"teft-card__content-wrapper\">\n\t\t\t\t<div class=\"teft-card__secondary\">\n\t\t\t\t\t\n\t\t\t\t\t\t\t\t<div class=\"teft-card__meta\">\n\t\t\t\t\t\t\t\t\t<span class=\"post-date\">23. apr 2026<\/span>\n\n\t\t\t\t\t\t\t\t\t\t\t\t\t\t\t\t\t<\/div>\n\t\t\t\t\t\t\t\t\t\t\t<\/div>\n\n\t\t\t\t<div class=\"teft-card__primary\">\n\t\t\t\t\t<h2 class=\"teft-card__title\">MDG-moralismen fornekter seg ikke&nbsp;<span class=\"teft-card__primary-title-append\"><\/span><\/h2>\t\t\t\t<\/div>\n\t\t\t<\/div>\n\t\t<\/a>\n\t<\/div>\n\n\t<\/div><div class=\"is-card-hoyre\">\n\t<div class=\"teft-card hoyre-teft-card post-teft-card\">\n\t\t<a href=\"https:\/\/hoyre.no\/oslo\/aktuelt\/raskere-og-enklere-a-bygge-boliger-og-skape-arbeidsplasser-i-oslo\/\" class=\"teft-card__primary-action\">\n\n\t\t\t\t\t<div class=\"teft-card__media teft-card__media--16-9\">\n\t\t\t\t\t\t<img loading=\"lazy\" decoding=\"async\" width=\"768\" height=\"576\" src=\"https:\/\/hoyre.no\/content\/uploads\/sites\/408\/2026\/04\/Eirik-Lae-Solberg-og-Anita-Leirvik-North-768x576.jpg\" class=\"attachment-medium_large size-medium_large\" alt=\"\" srcset=\"https:\/\/hoyre.no\/content\/uploads\/sites\/408\/2026\/04\/Eirik-Lae-Solberg-og-Anita-Leirvik-North-768x576.jpg 768w, https:\/\/hoyre.no\/content\/uploads\/sites\/408\/2026\/04\/Eirik-Lae-Solberg-og-Anita-Leirvik-North-300x225.jpg 300w, https:\/\/hoyre.no\/content\/uploads\/sites\/408\/2026\/04\/Eirik-Lae-Solberg-og-Anita-Leirvik-North.jpg 901w\" sizes=\"auto, (max-width: 768px) 100vw, 768px\" \/>\t\t<\/div>\n\t\t\n\t\t\t<div class=\"teft-card__content-wrapper\">\n\t\t\t\t<div class=\"teft-card__secondary\">\n\t\t\t\t\t\n\t\t\t\t\t\t\t\t<div class=\"teft-card__meta\">\n\t\t\t\t\t\t\t\t\t<span class=\"post-date\">14. apr 2026<\/span>\n\n\t\t\t\t\t\t\t\t\t<span class=\"post-category\">Har lagt frem ny KPA:<\/span>\t\t\t\t\t\t\t\t<\/div>\n\t\t\t\t\t\t\t\t\t\t\t<\/div>\n\n\t\t\t\t<div class=\"teft-card__primary\">\n\t\t\t\t\t<h2 class=\"teft-card__title\">Raskere og enklere \u00e5 bygge boliger og skape arbeidsplasser i Oslo&nbsp;<span class=\"teft-card__primary-title-append\"><\/span><\/h2>\t\t\t\t<\/div>\n\t\t\t<\/div>\n\t\t<\/a>\n\t<\/div>\n\n\t<\/div><div class=\"is-card-hoyre\">\n\t<div class=\"teft-card hoyre-teft-card post-teft-card\">\n\t\t<a href=\"https:\/\/hoyre.no\/oslo\/aktuelt\/bedre-elevresultater-og-en-skoleokonomi-i-balanse-med-blagront-byrad\/\" class=\"teft-card__primary-action\">\n\n\t\t\t\t\t<div class=\"teft-card__media teft-card__media--16-9\">\n\t\t\t\t\t\t<img loading=\"lazy\" decoding=\"async\" width=\"768\" height=\"512\" src=\"https:\/\/hoyre.no\/content\/uploads\/sites\/408\/2025\/05\/IMG_6440-768x512.jpeg\" class=\"attachment-medium_large size-medium_large\" alt=\"Julie Remen Midtgarden\" srcset=\"https:\/\/hoyre.no\/content\/uploads\/sites\/408\/2025\/05\/IMG_6440-768x512.jpeg 768w, https:\/\/hoyre.no\/content\/uploads\/sites\/408\/2025\/05\/IMG_6440-300x200.jpeg 300w, https:\/\/hoyre.no\/content\/uploads\/sites\/408\/2025\/05\/IMG_6440-1024x683.jpeg 1024w, https:\/\/hoyre.no\/content\/uploads\/sites\/408\/2025\/05\/IMG_6440-1536x1024.jpeg 1536w, https:\/\/hoyre.no\/content\/uploads\/sites\/408\/2025\/05\/IMG_6440-2048x1365.jpeg 2048w\" sizes=\"auto, (max-width: 768px) 100vw, 768px\" \/>\t\t<\/div>\n\t\t\n\t\t\t<div class=\"teft-card__content-wrapper\">\n\t\t\t\t<div class=\"teft-card__secondary\">\n\t\t\t\t\t\n\t\t\t\t\t\t\t\t<div class=\"teft-card__meta\">\n\t\t\t\t\t\t\t\t\t<span class=\"post-date\">26. mar 2026<\/span>\n\n\t\t\t\t\t\t\t\t\t\t\t\t\t\t\t\t\t<\/div>\n\t\t\t\t\t\t\t\t\t\t\t<\/div>\n\n\t\t\t\t<div class=\"teft-card__primary\">\n\t\t\t\t\t<h2 class=\"teft-card__title\">Bedre elevresultater og en skole\u00f8konomi i balanse med bl\u00e5gr\u00f8nt byr\u00e5d&nbsp;<span class=\"teft-card__primary-title-append\"><\/span><\/h2>\t\t\t\t<\/div>\n\t\t\t<\/div>\n\t\t<\/a>\n\t<\/div>\n\n\t<\/div><\/div>\t<\/div>\n<\/div>\n","protected":false},"excerpt":{"rendered":"","protected":false},"author":0,"featured_media":1905,"comment_status":"closed","ping_status":"open","sticky":false,"template":"","format":"standard","meta":{"teft_cards_image_url":"","teft_cards_custom_pretitle":"","teft_cards_image_id":1905,"teft_cards_image_focal_point_x":0,"teft_cards_image_focal_point_y":0,"teft_cards_title":"","teft_cards_excerpt":"","teft_show_chapters":false,"author_display_name":"Oslo H\u00f8yre","footnotes":""},"category":[1],"post_tag":[],"hoyre-visibility":[],"article-type":[],"politician":[],"class_list":["post-1904","post","type-post","status-publish","format-standard","hentry","category-nyheter"],"yoast_head":"<!-- This site is optimized with the Yoast SEO Premium plugin v26.5 (Yoast SEO v26.6) - https:\/\/yoast.com\/wordpress\/plugins\/seo\/ -->\n<title>R\u00f8dgr\u00f8nn skattelette i Danmark - Oslo H\u00f8yre<\/title>\n<meta name=\"robots\" content=\"index, follow, max-snippet:-1, max-image-preview:large, max-video-preview:-1\" \/>\n<link rel=\"canonical\" href=\"https:\/\/hoyre.no\/oslo\/aktuelt\/rodgronn-skattelette-i-danmark\/\" \/>\n<meta property=\"og:locale\" content=\"nb_NO\" \/>\n<meta property=\"og:type\" content=\"article\" \/>\n<meta property=\"og:title\" content=\"R\u00f8dgr\u00f8nn skattelette i Danmark\" \/>\n<meta property=\"og:url\" content=\"https:\/\/hoyre.no\/oslo\/aktuelt\/rodgronn-skattelette-i-danmark\/\" \/>\n<meta property=\"og:site_name\" content=\"Oslo H\u00f8yre\" \/>\n<meta property=\"article:publisher\" content=\"https:\/\/www.facebook.com\/oslo.hoyre\" \/>\n<meta property=\"article:published_time\" content=\"2013-03-11T10:16:31+00:00\" \/>\n<meta property=\"article:modified_time\" content=\"2022-09-26T13:07:06+00:00\" \/>\n<meta property=\"og:image\" content=\"https:\/\/hoyre.no\/content\/uploads\/sites\/408\/2022\/09\/Helle-Thorning-Schmidt.jpg\" \/>\n\t<meta property=\"og:image:width\" content=\"1024\" \/>\n\t<meta property=\"og:image:height\" content=\"361\" \/>\n\t<meta property=\"og:image:type\" content=\"image\/jpeg\" \/>\n<meta name=\"twitter:card\" content=\"summary_large_image\" \/>\n<meta name=\"twitter:label1\" content=\"Ansl. lesetid\" \/>\n\t<meta name=\"twitter:data1\" content=\"4 minutter\" \/>\n<script type=\"application\/ld+json\" class=\"yoast-schema-graph\">{\"@context\":\"https:\/\/schema.org\",\"@graph\":[{\"@type\":\"Article\",\"@id\":\"https:\/\/hoyre.no\/oslo\/aktuelt\/rodgronn-skattelette-i-danmark\/#article\",\"isPartOf\":{\"@id\":\"https:\/\/hoyre.no\/oslo\/aktuelt\/rodgronn-skattelette-i-danmark\/\"},\"author\":{\"name\":\"\",\"@id\":\"\"},\"headline\":\"R\u00f8dgr\u00f8nn skattelette i Danmark\",\"datePublished\":\"2013-03-11T10:16:31+00:00\",\"dateModified\":\"2022-09-26T13:07:06+00:00\",\"mainEntityOfPage\":{\"@id\":\"https:\/\/hoyre.no\/oslo\/aktuelt\/rodgronn-skattelette-i-danmark\/\"},\"wordCount\":717,\"publisher\":{\"@id\":\"https:\/\/hoyre.no\/oslo\/#organization\"},\"image\":{\"@id\":\"https:\/\/hoyre.no\/oslo\/aktuelt\/rodgronn-skattelette-i-danmark\/#primaryimage\"},\"thumbnailUrl\":\"https:\/\/hoyre.no\/content\/uploads\/sites\/408\/2022\/09\/Helle-Thorning-Schmidt.jpg\",\"articleSection\":[\"Nyheter\"],\"inLanguage\":\"nb-NO\"},{\"@type\":\"NewsArticle\",\"@id\":\"https:\/\/hoyre.no\/oslo\/aktuelt\/rodgronn-skattelette-i-danmark\/\",\"url\":\"https:\/\/hoyre.no\/oslo\/aktuelt\/rodgronn-skattelette-i-danmark\/\",\"name\":\"R\u00f8dgr\u00f8nn skattelette i Danmark - Oslo H\u00f8yre\",\"isPartOf\":{\"@id\":\"https:\/\/hoyre.no\/oslo\/#website\"},\"image\":{\"@id\":\"https:\/\/hoyre.no\/oslo\/aktuelt\/rodgronn-skattelette-i-danmark\/#primaryimage\"},\"thumbnailUrl\":\"https:\/\/hoyre.no\/content\/uploads\/sites\/408\/2022\/09\/Helle-Thorning-Schmidt.jpg\",\"datePublished\":\"2013-03-11T10:16:31+00:00\",\"dateModified\":\"2022-09-26T13:07:06+00:00\",\"breadcrumb\":{\"@id\":\"https:\/\/hoyre.no\/oslo\/aktuelt\/rodgronn-skattelette-i-danmark\/#breadcrumb\"},\"inLanguage\":\"nb-NO\",\"potentialAction\":[{\"@type\":\"ReadAction\",\"target\":[\"https:\/\/hoyre.no\/oslo\/aktuelt\/rodgronn-skattelette-i-danmark\/\"]}]},{\"@type\":\"ImageObject\",\"inLanguage\":\"nb-NO\",\"@id\":\"https:\/\/hoyre.no\/oslo\/aktuelt\/rodgronn-skattelette-i-danmark\/#primaryimage\",\"url\":\"https:\/\/hoyre.no\/content\/uploads\/sites\/408\/2022\/09\/Helle-Thorning-Schmidt.jpg\",\"contentUrl\":\"https:\/\/hoyre.no\/content\/uploads\/sites\/408\/2022\/09\/Helle-Thorning-Schmidt.jpg\",\"width\":1024,\"height\":361,\"caption\":\"Helle Thorning Schmidt\"},{\"@type\":\"BreadcrumbList\",\"@id\":\"https:\/\/hoyre.no\/oslo\/aktuelt\/rodgronn-skattelette-i-danmark\/#breadcrumb\",\"itemListElement\":[{\"@type\":\"ListItem\",\"position\":1,\"name\":\"Til hoyre.no\",\"item\":\"https:\/\/hoyre.no\"},{\"@type\":\"ListItem\",\"position\":2,\"name\":\"Hjem\",\"item\":\"https:\/\/hoyre.no\/oslo\/\"},{\"@type\":\"ListItem\",\"position\":3,\"name\":\"R\u00f8dgr\u00f8nn skattelette i Danmark\"}]},{\"@type\":\"WebSite\",\"@id\":\"https:\/\/hoyre.no\/oslo\/#website\",\"url\":\"https:\/\/hoyre.no\/oslo\/\",\"name\":\"Oslo H\u00f8yre\",\"description\":\"\",\"publisher\":{\"@id\":\"https:\/\/hoyre.no\/oslo\/#organization\"},\"inLanguage\":\"nb-NO\"},{\"@type\":\"Organization\",\"@id\":\"https:\/\/hoyre.no\/oslo\/#organization\",\"name\":\"Oslo H\u00f8yre\",\"url\":\"https:\/\/hoyre.no\/oslo\/\",\"logo\":{\"@type\":\"ImageObject\",\"inLanguage\":\"nb-NO\",\"@id\":\"https:\/\/hoyre.no\/oslo\/#\/schema\/logo\/image\/\",\"url\":\"https:\/\/hoyre.no\/content\/uploads\/sites\/408\/2022\/11\/Hoyres-logo.png\",\"contentUrl\":\"https:\/\/hoyre.no\/content\/uploads\/sites\/408\/2022\/11\/Hoyres-logo.png\",\"width\":1000,\"height\":1000,\"caption\":\"Oslo H\u00f8yre\"},\"image\":{\"@id\":\"https:\/\/hoyre.no\/oslo\/#\/schema\/logo\/image\/\"},\"sameAs\":[\"https:\/\/www.facebook.com\/oslo.hoyre\"]}]}<\/script>\n<!-- \/ Yoast SEO Premium plugin. -->","yoast_head_json":{"title":"R\u00f8dgr\u00f8nn skattelette i Danmark - Oslo H\u00f8yre","robots":{"index":"index","follow":"follow","max-snippet":"max-snippet:-1","max-image-preview":"max-image-preview:large","max-video-preview":"max-video-preview:-1"},"canonical":"https:\/\/hoyre.no\/oslo\/aktuelt\/rodgronn-skattelette-i-danmark\/","og_locale":"nb_NO","og_type":"article","og_title":"R\u00f8dgr\u00f8nn skattelette i Danmark","og_url":"https:\/\/hoyre.no\/oslo\/aktuelt\/rodgronn-skattelette-i-danmark\/","og_site_name":"Oslo H\u00f8yre","article_publisher":"https:\/\/www.facebook.com\/oslo.hoyre","article_published_time":"2013-03-11T10:16:31+00:00","article_modified_time":"2022-09-26T13:07:06+00:00","og_image":[{"width":1024,"height":361,"url":"https:\/\/hoyre.no\/content\/uploads\/sites\/408\/2022\/09\/Helle-Thorning-Schmidt.jpg","type":"image\/jpeg"}],"twitter_card":"summary_large_image","twitter_misc":{"Ansl. lesetid":"4 minutter"},"schema":{"@context":"https:\/\/schema.org","@graph":[{"@type":"Article","@id":"https:\/\/hoyre.no\/oslo\/aktuelt\/rodgronn-skattelette-i-danmark\/#article","isPartOf":{"@id":"https:\/\/hoyre.no\/oslo\/aktuelt\/rodgronn-skattelette-i-danmark\/"},"author":{"name":"","@id":""},"headline":"R\u00f8dgr\u00f8nn skattelette i Danmark","datePublished":"2013-03-11T10:16:31+00:00","dateModified":"2022-09-26T13:07:06+00:00","mainEntityOfPage":{"@id":"https:\/\/hoyre.no\/oslo\/aktuelt\/rodgronn-skattelette-i-danmark\/"},"wordCount":717,"publisher":{"@id":"https:\/\/hoyre.no\/oslo\/#organization"},"image":{"@id":"https:\/\/hoyre.no\/oslo\/aktuelt\/rodgronn-skattelette-i-danmark\/#primaryimage"},"thumbnailUrl":"https:\/\/hoyre.no\/content\/uploads\/sites\/408\/2022\/09\/Helle-Thorning-Schmidt.jpg","articleSection":["Nyheter"],"inLanguage":"nb-NO"},{"@type":"NewsArticle","@id":"https:\/\/hoyre.no\/oslo\/aktuelt\/rodgronn-skattelette-i-danmark\/","url":"https:\/\/hoyre.no\/oslo\/aktuelt\/rodgronn-skattelette-i-danmark\/","name":"R\u00f8dgr\u00f8nn skattelette i Danmark - Oslo H\u00f8yre","isPartOf":{"@id":"https:\/\/hoyre.no\/oslo\/#website"},"image":{"@id":"https:\/\/hoyre.no\/oslo\/aktuelt\/rodgronn-skattelette-i-danmark\/#primaryimage"},"thumbnailUrl":"https:\/\/hoyre.no\/content\/uploads\/sites\/408\/2022\/09\/Helle-Thorning-Schmidt.jpg","datePublished":"2013-03-11T10:16:31+00:00","dateModified":"2022-09-26T13:07:06+00:00","breadcrumb":{"@id":"https:\/\/hoyre.no\/oslo\/aktuelt\/rodgronn-skattelette-i-danmark\/#breadcrumb"},"inLanguage":"nb-NO","potentialAction":[{"@type":"ReadAction","target":["https:\/\/hoyre.no\/oslo\/aktuelt\/rodgronn-skattelette-i-danmark\/"]}]},{"@type":"ImageObject","inLanguage":"nb-NO","@id":"https:\/\/hoyre.no\/oslo\/aktuelt\/rodgronn-skattelette-i-danmark\/#primaryimage","url":"https:\/\/hoyre.no\/content\/uploads\/sites\/408\/2022\/09\/Helle-Thorning-Schmidt.jpg","contentUrl":"https:\/\/hoyre.no\/content\/uploads\/sites\/408\/2022\/09\/Helle-Thorning-Schmidt.jpg","width":1024,"height":361,"caption":"Helle Thorning Schmidt"},{"@type":"BreadcrumbList","@id":"https:\/\/hoyre.no\/oslo\/aktuelt\/rodgronn-skattelette-i-danmark\/#breadcrumb","itemListElement":[{"@type":"ListItem","position":1,"name":"Til hoyre.no","item":"https:\/\/hoyre.no"},{"@type":"ListItem","position":2,"name":"Hjem","item":"https:\/\/hoyre.no\/oslo\/"},{"@type":"ListItem","position":3,"name":"R\u00f8dgr\u00f8nn skattelette i Danmark"}]},{"@type":"WebSite","@id":"https:\/\/hoyre.no\/oslo\/#website","url":"https:\/\/hoyre.no\/oslo\/","name":"Oslo H\u00f8yre","description":"","publisher":{"@id":"https:\/\/hoyre.no\/oslo\/#organization"},"inLanguage":"nb-NO"},{"@type":"Organization","@id":"https:\/\/hoyre.no\/oslo\/#organization","name":"Oslo H\u00f8yre","url":"https:\/\/hoyre.no\/oslo\/","logo":{"@type":"ImageObject","inLanguage":"nb-NO","@id":"https:\/\/hoyre.no\/oslo\/#\/schema\/logo\/image\/","url":"https:\/\/hoyre.no\/content\/uploads\/sites\/408\/2022\/11\/Hoyres-logo.png","contentUrl":"https:\/\/hoyre.no\/content\/uploads\/sites\/408\/2022\/11\/Hoyres-logo.png","width":1000,"height":1000,"caption":"Oslo H\u00f8yre"},"image":{"@id":"https:\/\/hoyre.no\/oslo\/#\/schema\/logo\/image\/"},"sameAs":["https:\/\/www.facebook.com\/oslo.hoyre"]}]}},"distributor_meta":false,"distributor_terms":false,"distributor_media":false,"distributor_original_site_name":"Oslo H\u00f8yre","distributor_original_site_url":"https:\/\/hoyre.no\/oslo","push-errors":false,"_links":{"self":[{"href":"https:\/\/hoyre.no\/oslo\/wp-json\/wp\/v2\/posts\/1904","targetHints":{"allow":["GET"]}}],"collection":[{"href":"https:\/\/hoyre.no\/oslo\/wp-json\/wp\/v2\/posts"}],"about":[{"href":"https:\/\/hoyre.no\/oslo\/wp-json\/wp\/v2\/types\/post"}],"replies":[{"embeddable":true,"href":"https:\/\/hoyre.no\/oslo\/wp-json\/wp\/v2\/comments?post=1904"}],"version-history":[{"count":1,"href":"https:\/\/hoyre.no\/oslo\/wp-json\/wp\/v2\/posts\/1904\/revisions"}],"predecessor-version":[{"id":3063,"href":"https:\/\/hoyre.no\/oslo\/wp-json\/wp\/v2\/posts\/1904\/revisions\/3063"}],"wp:featuredmedia":[{"embeddable":true,"href":"https:\/\/hoyre.no\/oslo\/wp-json\/wp\/v2\/media\/1905"}],"wp:attachment":[{"href":"https:\/\/hoyre.no\/oslo\/wp-json\/wp\/v2\/media?parent=1904"}],"wp:term":[{"taxonomy":"category","embeddable":true,"href":"https:\/\/hoyre.no\/oslo\/wp-json\/wp\/v2\/category?post=1904"},{"taxonomy":"post_tag","embeddable":true,"href":"https:\/\/hoyre.no\/oslo\/wp-json\/wp\/v2\/post_tag?post=1904"},{"taxonomy":"hoyre-visibility","embeddable":true,"href":"https:\/\/hoyre.no\/oslo\/wp-json\/wp\/v2\/hoyre-visibility?post=1904"},{"taxonomy":"article-type","embeddable":true,"href":"https:\/\/hoyre.no\/oslo\/wp-json\/wp\/v2\/article-type?post=1904"},{"taxonomy":"politician","embeddable":true,"href":"https:\/\/hoyre.no\/oslo\/wp-json\/wp\/v2\/politician?post=1904"}],"curies":[{"name":"wp","href":"https:\/\/api.w.org\/{rel}","templated":true}]}}