{"id":1907,"date":"2012-11-12T11:18:37","date_gmt":"2012-11-12T11:18:37","guid":{"rendered":"https:\/\/hoyre.no\/oslo\/aktuelt\/nar-de-en-gang-kommer-neste-sommer\/"},"modified":"2022-09-26T15:07:06","modified_gmt":"2022-09-26T13:07:06","slug":"nar-de-en-gang-kommer-neste-sommer","status":"publish","type":"post","link":"https:\/\/hoyre.no\/oslo\/aktuelt\/nar-de-en-gang-kommer-neste-sommer\/","title":{"rendered":"N\u00e5r de en gang kommer, neste sommer"},"content":{"rendered":"<figure class=\"hoyre-image-wrapper\"><div class=\"hoyre-image\"><img loading=\"lazy\" decoding=\"async\" width=\"1024\" height=\"361\" src=\"https:\/\/hoyre.no\/content\/uploads\/sites\/408\/2022\/09\/Tigging.jpg\" class=\"attachment-scaled size-scaled\" alt=\"Tigging\" style=\"object-position: 50% 50%\" srcset=\"https:\/\/hoyre.no\/content\/uploads\/sites\/408\/2022\/09\/Tigging.jpg 1024w, https:\/\/hoyre.no\/content\/uploads\/sites\/408\/2022\/09\/Tigging-300x106.jpg 300w, https:\/\/hoyre.no\/content\/uploads\/sites\/408\/2022\/09\/Tigging-768x271.jpg 768w\" sizes=\"auto, (max-width: 1024px) 100vw, 1024px\" \/><\/div><\/figure><div id=\"hoyre-old-article-content-wrapper\"><p><em><\/em><strong><br \/><\/strong>N\u00e5 som kulden setter inn og de siste varme dagene av h\u00f8sten er borte vil etter hvert flere utenlandske tiggere begynne \u00e5 trekke sydover. Samtidig er det ingen tvil om de vil returnere neste sommer, og vi kommer til \u00e5 ha samme debattrunder og utfordringer p\u00e5 nytt.<\/p><p>Kanskje b\u00f8r vi som samfunn bruke vinteren til \u00e5 debattere kjernen i problemstillingen fremfor opphetede diskusjoner der tiggernes agenda blir drevet frem av organisasjoner som \u00f8nsker \u00e5 drive sine egne kampanjer.<\/p><p><strong>Sammensatte \u00e5rsaker<\/strong><\/p><p>\u00c5rsakene til at mennesker ser seg n\u00f8dt til \u00e5 tigge er selvsagt mange og sammensatte. Mange som tigger er i en vanskelig livssituasjon. Rus, psykiske problemer, n\u00f8d og fattigdom f\u00f8rer til at tigging kan oppleves som den eneste muligheten til \u00e5 skaffe seg og sine en inntekt. Mennesker i sosial n\u00f8d skal m\u00f8tes med verdighet og sosialpolitiske tiltak. Men organisert tigging handler f\u00f8rst og fremst om kriminelle bakmenn som bedriver slaveri og menneskehandel gjennom \u00e5 utnytte fattige kvinner og barn \u2013 <a href=\"https:\/\/www.europol.europa.eu\/content\/press\/children-trafficked-and-exploited-inside-europe-criminal-gangs-501\" target=\"_blank\" rel=\"noopener noreferrer\">noe som er tydelig p\u00e5vist av Europol<\/a>.<\/p><p>Det er ogs\u00e5 p\u00e5vist, av norsk politi, <a href=\"http:\/\/www.aftenposten.no\/nyheter\/iriks\/Avdekker-okende-handel-med-barn-av-romfolket-6852024.html\" target=\"_blank\" rel=\"noopener noreferrer\">en sammenheng mellom omreisende tiggere og ut\u00f8velse av kriminalitet<\/a>. Dette gjelder lovbrudd som lommetyveri, butikktyveri, innbrudd og alvorlige ran. Dette skaper utrygge lokalsamfunn. <a href=\"http:\/\/www.tv2.no\/nyheter\/utenriks\/barn-fra-femaarsalderen-kjoepes-av-kriminelle-3726561.html\" target=\"_blank\" rel=\"noopener noreferrer\">Svake grupper, blant andre barn, utnyttes bevisst til tigging<\/a>. Politiets tilbakemeldinger tyder p\u00e5 at omfanget er betydelig.<\/p><p>En kjent BBC-dokumentar viser tydelig at bakmenn utnytter barn, og at tigging ofte er en del av kriminaliteten og et skalkeskjul for annen virksomhet. Jeg vil anbefale varme tilhengere av tigging om \u00e5 ta en titt p\u00e5 denne dokumentaren.<\/p><p><strong>Tigging som eneste form\u00e5l<\/strong><\/p><p>Flere og flere utenlandske borgere ankommer Oslo med tigging som eneste form\u00e5l. Det gj\u00f8r ogs\u00e5 at problemstillingen har f\u00e5tt en karakter og dimensjon som ikke alene kan l\u00f8ses av Oslo Kommune. N\u00e5r H\u00f8yre \u00f8nsker \u00e5 innf\u00f8re forbud mot tigging, s\u00e5 er det ikke fordi vi vil renske bybildet for \u00abupassende\u00bb personligheter. Jeg er ikke tilhenger av \u00e5 redigere gatebildet eller hvordan europeere skal bevege seg i det \u00e5pne Europa. Tvert i mot.<\/p><p>Som H\u00f8yrepolitiker er jeg for mangold og migrasjon. Vi trenger flere lykkejegere i Norge \u2013 mennesker som \u00f8nsker \u00e5 f\u00f8lge sine dr\u00f8mmer gjennom jobb og utdanning. Men \u00e5 kunne bevege seg fritt i Europa betyr ikke at du kan bevege deg fritt utenfor loven.<\/p><p>Tiggeforbudet handler ogs\u00e5 om \u00e5 st\u00f8tte opp om et viktig velferdsprinsipp: mennesker skal slippe \u00e5 tigge om penger p\u00e5 gaten. Man kan aldri helt fjerne n\u00f8d og fattigdom fra gatene. Derfor er det viktig med en treffsikker sosial- og velferdspolitikk. Men ved \u00e5 bekjempe bakmennene kan man i det minste s\u00f8rge for at ikke flere blir tvunget ut i elendighet. Det er enkelt \u00e5 legge en tier i koppen til den gamle damen og g\u00e5 videre med god samvittighet. Men hvor havner tieren din? Den havner sannsynligvis i lommen til bakmenn og den gamle damen m\u00e5 sove nok en natt sammenkr\u00f8pet og sulten i en busk, omgitt av s\u00f8ppel og ekskrementer.<\/p><p><strong>Underliggende \u00e5rsaker<\/strong><\/p><p>Vi i H\u00f8yre mener at f\u00f8lgende grep m\u00e5 tas:<\/p><ul><li>Gjeninnf\u00f8re forbudet mot tigging.<\/li><li>\u00d8kte politiressurser.<\/li><li>Gjeldende regelverk m\u00e5 h\u00e5ndheves strengt for \u00e5 hindre innreise til Norge for personer uten grunnlag for opphold.<\/li><\/ul><p>Videre m\u00e5 Norge fortsette \u00e5 bidra til \u00e5 finansiere m\u00e5lrettede tiltak som kan avhjelpe underliggende \u00e5rsaker til tigging, som n\u00f8d og fattigdom i tiggernes hjemland. Den nylig inng\u00e5tte avtalen mellom Norge og Romania om bruk av E\u00d8S-midler er et eksempel p\u00e5 dette.<\/p><p><strong>Kampen mot organisert kriminalitet<\/strong><\/p><p>Organisert tigging beg\u00e5tt av omreisende tiggere var ikke et aktuelt problem i Norge da l\u00f8sgjengerloven ble opphevet i 2006. Truende tigging er ulovlig i henhold til Straffeloven. Men dette handler om \u00e5 bekjempe organisert kriminalitet. Derfor er det ingen tvil om at politiet vil v\u00e6re en meget viktig ressurs for \u00e5 h\u00e5ndheve et forbud.<\/p><p>I dag har ikke politiet nok ressurser.<\/p><p>H\u00f8yre har hvert eneste \u00e5r foresl\u00e5tt penger til flere ansatte og bedre beredskap i politiet over hele landet. For 2012 foreslo H\u00f8yre totalt 400 millioner kroner mer enn regjeringen, hvorav 80 millioner til Oslo. Innenfor rammen av dette er det ogs\u00e5 satt av midler til \u00e5 bekjempe organisert kriminalitet. Om man ikke gjennomf\u00f8rer de foresl\u00e5tte tiltakene vil Oslos gatehj\u00f8rner igjen v\u00e6re fylt av tiggende slaver \u2013 n\u00e5r de en gang kommer neste sommer.<\/p><p>Kronikken ble publisert p\u00e5 <a title=\"Nrk ytring\" href=\"http:\/\/www.nrk.no\/ytring\/nar-de-en-gang-kommer_-neste-sommer-1.8377593\">NRK ytring <\/a>30.10.2012.<\/p><p><em>Foto: colourbox.com<\/em><strong><br \/><\/strong><\/p>\n<\/div>\n<div class=\"tags\">\n\t<\/div>\n<div class=\"post-footer alignfull has-background block-editor-block-list__block\" data-align=full>\n\t<div class=\"post-footer-inner\">\n\t\t<h3>Relaterte artikler<\/h3>\n\t\t<div class=\"related-content\"><div class=\"is-card-hoyre\">\n\t<div class=\"teft-card hoyre-teft-card post-teft-card\">\n\t\t<a href=\"https:\/\/hoyre.no\/oslo\/aktuelt\/mdg-moralismen-fornekter-seg-ikke\/\" class=\"teft-card__primary-action\">\n\n\t\t\t\t\t<div class=\"teft-card__media teft-card__media--16-9\">\n\t\t\t\t\t\t<img loading=\"lazy\" decoding=\"async\" width=\"768\" height=\"512\" src=\"https:\/\/hoyre.no\/content\/uploads\/sites\/408\/2024\/01\/QZQlxtOC-768x512.jpeg\" class=\"attachment-medium_large size-medium_large\" alt=\"Merete Agerbak-Jensen\" srcset=\"https:\/\/hoyre.no\/content\/uploads\/sites\/408\/2024\/01\/QZQlxtOC-768x512.jpeg 768w, https:\/\/hoyre.no\/content\/uploads\/sites\/408\/2024\/01\/QZQlxtOC-300x200.jpeg 300w, https:\/\/hoyre.no\/content\/uploads\/sites\/408\/2024\/01\/QZQlxtOC-1024x683.jpeg 1024w, https:\/\/hoyre.no\/content\/uploads\/sites\/408\/2024\/01\/QZQlxtOC-1536x1024.jpeg 1536w, https:\/\/hoyre.no\/content\/uploads\/sites\/408\/2024\/01\/QZQlxtOC-2048x1365.jpeg 2048w\" sizes=\"auto, (max-width: 768px) 100vw, 768px\" \/>\t\t<\/div>\n\t\t\n\t\t\t<div class=\"teft-card__content-wrapper\">\n\t\t\t\t<div class=\"teft-card__secondary\">\n\t\t\t\t\t\n\t\t\t\t\t\t\t\t<div class=\"teft-card__meta\">\n\t\t\t\t\t\t\t\t\t<span class=\"post-date\">23. apr 2026<\/span>\n\n\t\t\t\t\t\t\t\t\t\t\t\t\t\t\t\t\t<\/div>\n\t\t\t\t\t\t\t\t\t\t\t<\/div>\n\n\t\t\t\t<div class=\"teft-card__primary\">\n\t\t\t\t\t<h2 class=\"teft-card__title\">MDG-moralismen fornekter seg ikke&nbsp;<span class=\"teft-card__primary-title-append\"><\/span><\/h2>\t\t\t\t<\/div>\n\t\t\t<\/div>\n\t\t<\/a>\n\t<\/div>\n\n\t<\/div><div class=\"is-card-hoyre\">\n\t<div class=\"teft-card hoyre-teft-card post-teft-card\">\n\t\t<a href=\"https:\/\/hoyre.no\/oslo\/aktuelt\/raskere-og-enklere-a-bygge-boliger-og-skape-arbeidsplasser-i-oslo\/\" class=\"teft-card__primary-action\">\n\n\t\t\t\t\t<div class=\"teft-card__media teft-card__media--16-9\">\n\t\t\t\t\t\t<img loading=\"lazy\" decoding=\"async\" width=\"768\" height=\"576\" src=\"https:\/\/hoyre.no\/content\/uploads\/sites\/408\/2026\/04\/Eirik-Lae-Solberg-og-Anita-Leirvik-North-768x576.jpg\" class=\"attachment-medium_large size-medium_large\" alt=\"\" srcset=\"https:\/\/hoyre.no\/content\/uploads\/sites\/408\/2026\/04\/Eirik-Lae-Solberg-og-Anita-Leirvik-North-768x576.jpg 768w, https:\/\/hoyre.no\/content\/uploads\/sites\/408\/2026\/04\/Eirik-Lae-Solberg-og-Anita-Leirvik-North-300x225.jpg 300w, https:\/\/hoyre.no\/content\/uploads\/sites\/408\/2026\/04\/Eirik-Lae-Solberg-og-Anita-Leirvik-North.jpg 901w\" sizes=\"auto, (max-width: 768px) 100vw, 768px\" \/>\t\t<\/div>\n\t\t\n\t\t\t<div class=\"teft-card__content-wrapper\">\n\t\t\t\t<div class=\"teft-card__secondary\">\n\t\t\t\t\t\n\t\t\t\t\t\t\t\t<div class=\"teft-card__meta\">\n\t\t\t\t\t\t\t\t\t<span class=\"post-date\">14. apr 2026<\/span>\n\n\t\t\t\t\t\t\t\t\t<span class=\"post-category\">Har lagt frem ny KPA:<\/span>\t\t\t\t\t\t\t\t<\/div>\n\t\t\t\t\t\t\t\t\t\t\t<\/div>\n\n\t\t\t\t<div class=\"teft-card__primary\">\n\t\t\t\t\t<h2 class=\"teft-card__title\">Raskere og enklere \u00e5 bygge boliger og skape arbeidsplasser i Oslo&nbsp;<span class=\"teft-card__primary-title-append\"><\/span><\/h2>\t\t\t\t<\/div>\n\t\t\t<\/div>\n\t\t<\/a>\n\t<\/div>\n\n\t<\/div><div class=\"is-card-hoyre\">\n\t<div class=\"teft-card hoyre-teft-card post-teft-card\">\n\t\t<a href=\"https:\/\/hoyre.no\/oslo\/aktuelt\/bedre-elevresultater-og-en-skoleokonomi-i-balanse-med-blagront-byrad\/\" class=\"teft-card__primary-action\">\n\n\t\t\t\t\t<div class=\"teft-card__media teft-card__media--16-9\">\n\t\t\t\t\t\t<img loading=\"lazy\" decoding=\"async\" width=\"768\" height=\"512\" src=\"https:\/\/hoyre.no\/content\/uploads\/sites\/408\/2025\/05\/IMG_6440-768x512.jpeg\" class=\"attachment-medium_large size-medium_large\" alt=\"Julie Remen Midtgarden\" srcset=\"https:\/\/hoyre.no\/content\/uploads\/sites\/408\/2025\/05\/IMG_6440-768x512.jpeg 768w, https:\/\/hoyre.no\/content\/uploads\/sites\/408\/2025\/05\/IMG_6440-300x200.jpeg 300w, https:\/\/hoyre.no\/content\/uploads\/sites\/408\/2025\/05\/IMG_6440-1024x683.jpeg 1024w, https:\/\/hoyre.no\/content\/uploads\/sites\/408\/2025\/05\/IMG_6440-1536x1024.jpeg 1536w, https:\/\/hoyre.no\/content\/uploads\/sites\/408\/2025\/05\/IMG_6440-2048x1365.jpeg 2048w\" sizes=\"auto, (max-width: 768px) 100vw, 768px\" \/>\t\t<\/div>\n\t\t\n\t\t\t<div class=\"teft-card__content-wrapper\">\n\t\t\t\t<div class=\"teft-card__secondary\">\n\t\t\t\t\t\n\t\t\t\t\t\t\t\t<div class=\"teft-card__meta\">\n\t\t\t\t\t\t\t\t\t<span class=\"post-date\">26. mar 2026<\/span>\n\n\t\t\t\t\t\t\t\t\t\t\t\t\t\t\t\t\t<\/div>\n\t\t\t\t\t\t\t\t\t\t\t<\/div>\n\n\t\t\t\t<div class=\"teft-card__primary\">\n\t\t\t\t\t<h2 class=\"teft-card__title\">Bedre elevresultater og en skole\u00f8konomi i balanse med bl\u00e5gr\u00f8nt byr\u00e5d&nbsp;<span class=\"teft-card__primary-title-append\"><\/span><\/h2>\t\t\t\t<\/div>\n\t\t\t<\/div>\n\t\t<\/a>\n\t<\/div>\n\n\t<\/div><\/div>\t<\/div>\n<\/div>\n","protected":false},"excerpt":{"rendered":"","protected":false},"author":0,"featured_media":1858,"comment_status":"closed","ping_status":"open","sticky":false,"template":"","format":"standard","meta":{"teft_cards_image_url":"","teft_cards_custom_pretitle":"","teft_cards_image_id":1858,"teft_cards_image_focal_point_x":0,"teft_cards_image_focal_point_y":0,"teft_cards_title":"","teft_cards_excerpt":"","teft_show_chapters":false,"author_display_name":"Oslo H\u00f8yre","footnotes":""},"category":[1],"post_tag":[],"hoyre-visibility":[],"article-type":[],"politician":[],"class_list":["post-1907","post","type-post","status-publish","format-standard","hentry","category-nyheter"],"yoast_head":"<!-- This site is optimized with the Yoast SEO Premium plugin v26.5 (Yoast SEO v26.6) - https:\/\/yoast.com\/wordpress\/plugins\/seo\/ -->\n<title>N\u00e5r de en gang kommer, neste sommer - Oslo H\u00f8yre<\/title>\n<meta name=\"robots\" content=\"index, follow, max-snippet:-1, max-image-preview:large, max-video-preview:-1\" \/>\n<link rel=\"canonical\" href=\"https:\/\/hoyre.no\/oslo\/aktuelt\/nar-de-en-gang-kommer-neste-sommer\/\" \/>\n<meta property=\"og:locale\" content=\"nb_NO\" \/>\n<meta property=\"og:type\" content=\"article\" \/>\n<meta property=\"og:title\" content=\"N\u00e5r de en gang kommer, neste sommer\" \/>\n<meta property=\"og:url\" content=\"https:\/\/hoyre.no\/oslo\/aktuelt\/nar-de-en-gang-kommer-neste-sommer\/\" \/>\n<meta property=\"og:site_name\" content=\"Oslo H\u00f8yre\" \/>\n<meta property=\"article:publisher\" content=\"https:\/\/www.facebook.com\/oslo.hoyre\" \/>\n<meta property=\"article:published_time\" content=\"2012-11-12T11:18:37+00:00\" \/>\n<meta property=\"article:modified_time\" content=\"2022-09-26T13:07:06+00:00\" \/>\n<meta property=\"og:image\" content=\"https:\/\/hoyre.no\/content\/uploads\/sites\/408\/2022\/09\/Tigging.jpg\" \/>\n\t<meta property=\"og:image:width\" content=\"1024\" \/>\n\t<meta property=\"og:image:height\" content=\"361\" \/>\n\t<meta property=\"og:image:type\" content=\"image\/jpeg\" \/>\n<meta name=\"twitter:card\" content=\"summary_large_image\" \/>\n<meta name=\"twitter:label1\" content=\"Ansl. lesetid\" \/>\n\t<meta name=\"twitter:data1\" content=\"4 minutter\" \/>\n<script type=\"application\/ld+json\" class=\"yoast-schema-graph\">{\"@context\":\"https:\/\/schema.org\",\"@graph\":[{\"@type\":\"Article\",\"@id\":\"https:\/\/hoyre.no\/oslo\/aktuelt\/nar-de-en-gang-kommer-neste-sommer\/#article\",\"isPartOf\":{\"@id\":\"https:\/\/hoyre.no\/oslo\/aktuelt\/nar-de-en-gang-kommer-neste-sommer\/\"},\"author\":{\"name\":\"\",\"@id\":\"\"},\"headline\":\"N\u00e5r de en gang kommer, neste sommer\",\"datePublished\":\"2012-11-12T11:18:37+00:00\",\"dateModified\":\"2022-09-26T13:07:06+00:00\",\"mainEntityOfPage\":{\"@id\":\"https:\/\/hoyre.no\/oslo\/aktuelt\/nar-de-en-gang-kommer-neste-sommer\/\"},\"wordCount\":748,\"publisher\":{\"@id\":\"https:\/\/hoyre.no\/oslo\/#organization\"},\"image\":{\"@id\":\"https:\/\/hoyre.no\/oslo\/aktuelt\/nar-de-en-gang-kommer-neste-sommer\/#primaryimage\"},\"thumbnailUrl\":\"https:\/\/hoyre.no\/content\/uploads\/sites\/408\/2022\/09\/Tigging.jpg\",\"articleSection\":[\"Nyheter\"],\"inLanguage\":\"nb-NO\"},{\"@type\":\"NewsArticle\",\"@id\":\"https:\/\/hoyre.no\/oslo\/aktuelt\/nar-de-en-gang-kommer-neste-sommer\/\",\"url\":\"https:\/\/hoyre.no\/oslo\/aktuelt\/nar-de-en-gang-kommer-neste-sommer\/\",\"name\":\"N\u00e5r de en gang kommer, neste sommer - Oslo H\u00f8yre\",\"isPartOf\":{\"@id\":\"https:\/\/hoyre.no\/oslo\/#website\"},\"image\":{\"@id\":\"https:\/\/hoyre.no\/oslo\/aktuelt\/nar-de-en-gang-kommer-neste-sommer\/#primaryimage\"},\"thumbnailUrl\":\"https:\/\/hoyre.no\/content\/uploads\/sites\/408\/2022\/09\/Tigging.jpg\",\"datePublished\":\"2012-11-12T11:18:37+00:00\",\"dateModified\":\"2022-09-26T13:07:06+00:00\",\"breadcrumb\":{\"@id\":\"https:\/\/hoyre.no\/oslo\/aktuelt\/nar-de-en-gang-kommer-neste-sommer\/#breadcrumb\"},\"inLanguage\":\"nb-NO\",\"potentialAction\":[{\"@type\":\"ReadAction\",\"target\":[\"https:\/\/hoyre.no\/oslo\/aktuelt\/nar-de-en-gang-kommer-neste-sommer\/\"]}]},{\"@type\":\"ImageObject\",\"inLanguage\":\"nb-NO\",\"@id\":\"https:\/\/hoyre.no\/oslo\/aktuelt\/nar-de-en-gang-kommer-neste-sommer\/#primaryimage\",\"url\":\"https:\/\/hoyre.no\/content\/uploads\/sites\/408\/2022\/09\/Tigging.jpg\",\"contentUrl\":\"https:\/\/hoyre.no\/content\/uploads\/sites\/408\/2022\/09\/Tigging.jpg\",\"width\":1024,\"height\":361,\"caption\":\"Tigging\"},{\"@type\":\"BreadcrumbList\",\"@id\":\"https:\/\/hoyre.no\/oslo\/aktuelt\/nar-de-en-gang-kommer-neste-sommer\/#breadcrumb\",\"itemListElement\":[{\"@type\":\"ListItem\",\"position\":1,\"name\":\"Til hoyre.no\",\"item\":\"https:\/\/hoyre.no\"},{\"@type\":\"ListItem\",\"position\":2,\"name\":\"Hjem\",\"item\":\"https:\/\/hoyre.no\/oslo\/\"},{\"@type\":\"ListItem\",\"position\":3,\"name\":\"N\u00e5r de en gang kommer, neste sommer\"}]},{\"@type\":\"WebSite\",\"@id\":\"https:\/\/hoyre.no\/oslo\/#website\",\"url\":\"https:\/\/hoyre.no\/oslo\/\",\"name\":\"Oslo H\u00f8yre\",\"description\":\"\",\"publisher\":{\"@id\":\"https:\/\/hoyre.no\/oslo\/#organization\"},\"inLanguage\":\"nb-NO\"},{\"@type\":\"Organization\",\"@id\":\"https:\/\/hoyre.no\/oslo\/#organization\",\"name\":\"Oslo H\u00f8yre\",\"url\":\"https:\/\/hoyre.no\/oslo\/\",\"logo\":{\"@type\":\"ImageObject\",\"inLanguage\":\"nb-NO\",\"@id\":\"https:\/\/hoyre.no\/oslo\/#\/schema\/logo\/image\/\",\"url\":\"https:\/\/hoyre.no\/content\/uploads\/sites\/408\/2022\/11\/Hoyres-logo.png\",\"contentUrl\":\"https:\/\/hoyre.no\/content\/uploads\/sites\/408\/2022\/11\/Hoyres-logo.png\",\"width\":1000,\"height\":1000,\"caption\":\"Oslo H\u00f8yre\"},\"image\":{\"@id\":\"https:\/\/hoyre.no\/oslo\/#\/schema\/logo\/image\/\"},\"sameAs\":[\"https:\/\/www.facebook.com\/oslo.hoyre\"]}]}<\/script>\n<!-- \/ Yoast SEO Premium plugin. -->","yoast_head_json":{"title":"N\u00e5r de en gang kommer, neste sommer - Oslo H\u00f8yre","robots":{"index":"index","follow":"follow","max-snippet":"max-snippet:-1","max-image-preview":"max-image-preview:large","max-video-preview":"max-video-preview:-1"},"canonical":"https:\/\/hoyre.no\/oslo\/aktuelt\/nar-de-en-gang-kommer-neste-sommer\/","og_locale":"nb_NO","og_type":"article","og_title":"N\u00e5r de en gang kommer, neste sommer","og_url":"https:\/\/hoyre.no\/oslo\/aktuelt\/nar-de-en-gang-kommer-neste-sommer\/","og_site_name":"Oslo H\u00f8yre","article_publisher":"https:\/\/www.facebook.com\/oslo.hoyre","article_published_time":"2012-11-12T11:18:37+00:00","article_modified_time":"2022-09-26T13:07:06+00:00","og_image":[{"width":1024,"height":361,"url":"https:\/\/hoyre.no\/content\/uploads\/sites\/408\/2022\/09\/Tigging.jpg","type":"image\/jpeg"}],"twitter_card":"summary_large_image","twitter_misc":{"Ansl. lesetid":"4 minutter"},"schema":{"@context":"https:\/\/schema.org","@graph":[{"@type":"Article","@id":"https:\/\/hoyre.no\/oslo\/aktuelt\/nar-de-en-gang-kommer-neste-sommer\/#article","isPartOf":{"@id":"https:\/\/hoyre.no\/oslo\/aktuelt\/nar-de-en-gang-kommer-neste-sommer\/"},"author":{"name":"","@id":""},"headline":"N\u00e5r de en gang kommer, neste sommer","datePublished":"2012-11-12T11:18:37+00:00","dateModified":"2022-09-26T13:07:06+00:00","mainEntityOfPage":{"@id":"https:\/\/hoyre.no\/oslo\/aktuelt\/nar-de-en-gang-kommer-neste-sommer\/"},"wordCount":748,"publisher":{"@id":"https:\/\/hoyre.no\/oslo\/#organization"},"image":{"@id":"https:\/\/hoyre.no\/oslo\/aktuelt\/nar-de-en-gang-kommer-neste-sommer\/#primaryimage"},"thumbnailUrl":"https:\/\/hoyre.no\/content\/uploads\/sites\/408\/2022\/09\/Tigging.jpg","articleSection":["Nyheter"],"inLanguage":"nb-NO"},{"@type":"NewsArticle","@id":"https:\/\/hoyre.no\/oslo\/aktuelt\/nar-de-en-gang-kommer-neste-sommer\/","url":"https:\/\/hoyre.no\/oslo\/aktuelt\/nar-de-en-gang-kommer-neste-sommer\/","name":"N\u00e5r de en gang kommer, neste sommer - Oslo H\u00f8yre","isPartOf":{"@id":"https:\/\/hoyre.no\/oslo\/#website"},"image":{"@id":"https:\/\/hoyre.no\/oslo\/aktuelt\/nar-de-en-gang-kommer-neste-sommer\/#primaryimage"},"thumbnailUrl":"https:\/\/hoyre.no\/content\/uploads\/sites\/408\/2022\/09\/Tigging.jpg","datePublished":"2012-11-12T11:18:37+00:00","dateModified":"2022-09-26T13:07:06+00:00","breadcrumb":{"@id":"https:\/\/hoyre.no\/oslo\/aktuelt\/nar-de-en-gang-kommer-neste-sommer\/#breadcrumb"},"inLanguage":"nb-NO","potentialAction":[{"@type":"ReadAction","target":["https:\/\/hoyre.no\/oslo\/aktuelt\/nar-de-en-gang-kommer-neste-sommer\/"]}]},{"@type":"ImageObject","inLanguage":"nb-NO","@id":"https:\/\/hoyre.no\/oslo\/aktuelt\/nar-de-en-gang-kommer-neste-sommer\/#primaryimage","url":"https:\/\/hoyre.no\/content\/uploads\/sites\/408\/2022\/09\/Tigging.jpg","contentUrl":"https:\/\/hoyre.no\/content\/uploads\/sites\/408\/2022\/09\/Tigging.jpg","width":1024,"height":361,"caption":"Tigging"},{"@type":"BreadcrumbList","@id":"https:\/\/hoyre.no\/oslo\/aktuelt\/nar-de-en-gang-kommer-neste-sommer\/#breadcrumb","itemListElement":[{"@type":"ListItem","position":1,"name":"Til hoyre.no","item":"https:\/\/hoyre.no"},{"@type":"ListItem","position":2,"name":"Hjem","item":"https:\/\/hoyre.no\/oslo\/"},{"@type":"ListItem","position":3,"name":"N\u00e5r de en gang kommer, neste sommer"}]},{"@type":"WebSite","@id":"https:\/\/hoyre.no\/oslo\/#website","url":"https:\/\/hoyre.no\/oslo\/","name":"Oslo H\u00f8yre","description":"","publisher":{"@id":"https:\/\/hoyre.no\/oslo\/#organization"},"inLanguage":"nb-NO"},{"@type":"Organization","@id":"https:\/\/hoyre.no\/oslo\/#organization","name":"Oslo H\u00f8yre","url":"https:\/\/hoyre.no\/oslo\/","logo":{"@type":"ImageObject","inLanguage":"nb-NO","@id":"https:\/\/hoyre.no\/oslo\/#\/schema\/logo\/image\/","url":"https:\/\/hoyre.no\/content\/uploads\/sites\/408\/2022\/11\/Hoyres-logo.png","contentUrl":"https:\/\/hoyre.no\/content\/uploads\/sites\/408\/2022\/11\/Hoyres-logo.png","width":1000,"height":1000,"caption":"Oslo H\u00f8yre"},"image":{"@id":"https:\/\/hoyre.no\/oslo\/#\/schema\/logo\/image\/"},"sameAs":["https:\/\/www.facebook.com\/oslo.hoyre"]}]}},"distributor_meta":false,"distributor_terms":false,"distributor_media":false,"distributor_original_site_name":"Oslo H\u00f8yre","distributor_original_site_url":"https:\/\/hoyre.no\/oslo","push-errors":false,"_links":{"self":[{"href":"https:\/\/hoyre.no\/oslo\/wp-json\/wp\/v2\/posts\/1907","targetHints":{"allow":["GET"]}}],"collection":[{"href":"https:\/\/hoyre.no\/oslo\/wp-json\/wp\/v2\/posts"}],"about":[{"href":"https:\/\/hoyre.no\/oslo\/wp-json\/wp\/v2\/types\/post"}],"replies":[{"embeddable":true,"href":"https:\/\/hoyre.no\/oslo\/wp-json\/wp\/v2\/comments?post=1907"}],"version-history":[{"count":1,"href":"https:\/\/hoyre.no\/oslo\/wp-json\/wp\/v2\/posts\/1907\/revisions"}],"predecessor-version":[{"id":3065,"href":"https:\/\/hoyre.no\/oslo\/wp-json\/wp\/v2\/posts\/1907\/revisions\/3065"}],"wp:featuredmedia":[{"embeddable":true,"href":"https:\/\/hoyre.no\/oslo\/wp-json\/wp\/v2\/media\/1858"}],"wp:attachment":[{"href":"https:\/\/hoyre.no\/oslo\/wp-json\/wp\/v2\/media?parent=1907"}],"wp:term":[{"taxonomy":"category","embeddable":true,"href":"https:\/\/hoyre.no\/oslo\/wp-json\/wp\/v2\/category?post=1907"},{"taxonomy":"post_tag","embeddable":true,"href":"https:\/\/hoyre.no\/oslo\/wp-json\/wp\/v2\/post_tag?post=1907"},{"taxonomy":"hoyre-visibility","embeddable":true,"href":"https:\/\/hoyre.no\/oslo\/wp-json\/wp\/v2\/hoyre-visibility?post=1907"},{"taxonomy":"article-type","embeddable":true,"href":"https:\/\/hoyre.no\/oslo\/wp-json\/wp\/v2\/article-type?post=1907"},{"taxonomy":"politician","embeddable":true,"href":"https:\/\/hoyre.no\/oslo\/wp-json\/wp\/v2\/politician?post=1907"}],"curies":[{"name":"wp","href":"https:\/\/api.w.org\/{rel}","templated":true}]}}