{"id":1910,"date":"2011-05-16T11:47:41","date_gmt":"2011-05-16T11:47:41","guid":{"rendered":"https:\/\/hoyre.no\/oslo\/aktuelt\/bli-bedre-kjent-med-hoyre\/"},"modified":"2022-09-26T15:07:07","modified_gmt":"2022-09-26T13:07:07","slug":"bli-bedre-kjent-med-hoyre","status":"publish","type":"post","link":"https:\/\/hoyre.no\/oslo\/aktuelt\/bli-bedre-kjent-med-hoyre\/","title":{"rendered":"Bli bedre kjent med H\u00f8yre"},"content":{"rendered":"<figure class=\"hoyre-image-wrapper\"><div class=\"hoyre-image\"><img loading=\"lazy\" decoding=\"async\" width=\"1024\" height=\"361\" src=\"https:\/\/hoyre.no\/content\/uploads\/sites\/408\/2022\/09\/Hoyrehjerter.jpg\" class=\"attachment-scaled size-scaled\" alt=\"H\u00f8yrehjerter\" style=\"object-position: 50% 50%\" srcset=\"https:\/\/hoyre.no\/content\/uploads\/sites\/408\/2022\/09\/Hoyrehjerter.jpg 1024w, https:\/\/hoyre.no\/content\/uploads\/sites\/408\/2022\/09\/Hoyrehjerter-300x106.jpg 300w, https:\/\/hoyre.no\/content\/uploads\/sites\/408\/2022\/09\/Hoyrehjerter-768x271.jpg 768w\" sizes=\"auto, (max-width: 1024px) 100vw, 1024px\" \/><\/div><\/figure><div id=\"hoyre-old-article-content-wrapper\"><h2>H\u00f8yres ideologi<\/h2><p>H\u00f8yres ideologiske ideologi stammer fra konservatismen og liberalkonservatismen.<\/p><p>Ideologi er et helhetlig tankesett, eller en m\u00e5te en \u00e5 tenke p\u00e5 om hvordan samfunnet b\u00f8r styres. De forskjellige ideologiene er gjerne utformet av politiske eller filosofiske teorier. Kjennetegnet for H\u00f8yre sin ideologi er at man \u00f8nsker en mindre stat og mer frihet til enkeltindividet. H\u00f8yres ideologi setter enkeltmennesket i sentrum \u2013 vi skal m\u00f8te hver og en med respekt, \u00e5penhet og toleranse.<\/p><h2>H\u00f8yres verdier<\/h2><p><strong>Frihet<\/strong> \u2013 Fordi alle mennesker er f\u00f8dt forskjellige, med sin individuelle egenart og med personlige f\u00f8lelser, ideer og preferanser, er retten til liv samtidig en rett til frihet. Skal den enkeltes frihet ivaretas trenger vi staten til \u00e5 sikre oss mot overgrep og garantere for v\u00e5re grunnleggende behov. Politikkens hovedoppgave skal alltid v\u00e6re \u00e5 sikre grunnleggende frihet, ikke \u00e5 begrense den.<\/p><p><strong>Ansvar<\/strong> \u2013 Frihet gir bare mening n\u00e5r den ledsages av plikten til \u00e5 respektere andre menneskers rettigheter. Frihet og ansvar er to sider av samme sak. Dette forutsetter at man m\u00e5 leve med konsekvensene av sine valg. Velferdsstaten er v\u00e5r felles forsikring. Staten skal bidra n\u00e5r enkeltmennesket og familien ikke er i stand til \u00e5 ivareta egne velferdsoppgaver, ikke erstatte de velferd vi kan skape selv.<\/p><p><strong>Mangfold<\/strong> \u2013 H\u00f8yre ser p\u00e5 mangfold som et gode. Et samfunn som repekterer folks rett til \u00e5 leve i tr\u00e5d med sin egenart gir flere valgmuligheter og oppmuntrer alle til \u00e5 bruke sine muligheter. Om vi bevarer balansen mellom individuell frihet og personlig ansvar, gir mangfoldet vekst i b\u00e5de \u00e5ndelige og materielle verdier, s\u00e5 vel for samfunnet som for den enkelte. Et \u00e5pent samfunn vil alltid v\u00e6re preget av kompromisser og konflikter, og muligheter kan alltid utnyttes bedre. Derfor m\u00e5 vi ikke kjempe mot utviklingen, men hele tiden v\u00e6re \u00e5pne for alternativer. Bare slik kan vi s\u00f8rge for at det finnes muligheter \u2013 for alle.<\/p><h2>Politikk<\/h2><p>Politikerne skal konsentrere seg om de oppgavene som b\u00f8r l\u00f8ses i fellesskap, ikke om detaljstyring. N\u00e5r det offentlige pr\u00f8ver \u00e5 gj\u00f8re alt for alle, greier man ikke \u00e5 l\u00f8se de viktigste oppgavene godt nok. Desverre har mange politikere vanskelig for \u00e5 akseptere at folk er forskjellige og har ulike behov. N\u00e5r politikerne skal styre alt blir det mindre tid og ressurser til \u00e5 l\u00f8se de store og viktige oppgavene. H\u00f8yre er opptatt av at det m\u00e5 settes grenser for politikk.<\/p><blockquote><p>Det finnes ingen gjennomsnittsmennesker<\/p><\/blockquote><h3>Muligheter for alle<\/h3><p>H\u00f8yre vil ha et samfunn som gir muligheter for alle. En fellesnevner i H\u00f8yres politikk og for alle sakene er at H\u00f8yre vil ha et samfunn bygget p\u00e5 frihet og valgfrihet framfor un\u00f8dvendig detaljstyring. For \u00e5 ha valgfrihet trenger vi mangfold. H\u00f8yre vil ha gode offentlige l\u00f8sninger, og slippe til frivillige organsiasjoner og private slik at dette mangfoldet finnes.<\/p><h3>Valgfrihet<\/h3><p>H\u00f8yre vil bygge samfunnet p\u00e5 tillit til enkeltmennesket. Alle skal ha st\u00f8rst mulig frihet til og ansvar for \u00e5 forme sitt eget liv og sin egen fremtid basert p\u00e5 respekt for andre og for fellesskapet. Valgfrihet er en naturlig del av \u00e5 kunne bestemme over eget liv. H\u00f8yre vil ha et samfunn som gir muligheter for alle, og frihet til \u00e5 velge. Den personlige friheten finner sin naturlige begrensning i m\u00f8te med andre menneskers frihet.<\/p><h3>Likeverd<\/h3><p>Alle mennesker skal respekteres og behandles som likeverdige, uavhengig av kj\u00f8nn, alder, religion, etnisk tilh\u00f8righet, funksjonsdyktighet eller legning. H\u00f8yre vil arbeide for likestilling i hele samfunnet.<\/p><h3>Kunnskap<\/h3><p>H\u00f8yre vil l\u00f8se fremtidens utfordringer gjennom en kunnskapspolitikk med vekt p\u00e5 kvalitet og basisferdigheter. Ved \u00e5 satse p\u00e5 forskning og innovasjon, og ved \u00e5 f\u00f8re en langsiktig og forsvarlig \u00f8konomisk politikk, vil H\u00f8yre trygge arbeidsplasser og gi grobunn for nye bedrifter. H\u00f8yre mener velferden best trygges gjennom et variert n\u00e6rings- og arbeidsliv med spredt eierskap. H\u00f8yre vil f\u00f8re en politikk som styrker selveierdemokratiet og sikrer en god spredning av makt.<\/p><h2>H\u00f8yres historie<\/h2><p>H\u00f8yre ble stiftet den 25. august 1884 (samme \u00e5r som Oslo H\u00f8yre) etter innf\u00f8ringen av parlamentarismen i Norge. Emil Stang ble valgt til partiets f\u00f8rste formann. Under hans ledelse ble viktige prinsipper for H\u00f8yres arbeid trukket opp: H\u00f8yre skulle v\u00e6re et sosialt reformparti som arbeidet innenfor de konstitusjonelle rammer et parlamentarisk demokrati setter.<\/p><p>Oppslutningen om H\u00f8yre har variert betraktelig. St\u00f8rst andel velgere hadde H\u00f8yre i 1894 da 49,4% stemte H\u00f8yre. H\u00f8yre har dermed aldri hatt rent flertall p\u00e5 Stortinget. H\u00f8yre gikk betydelig tilbake i mellomkrigstiden, bl.a. som f\u00f8lge av at nye partier kom til. Fra 1945 til 1970 \u00f8kte partiets oppslutning jevnt og sikkert for s\u00e5 \u00e5 skyte fart etter valget i 1973. Valget i 1981, hvor H\u00f8yre fikk 31,7% var H\u00f8yres beste siden valget i 1924. Ved valget i 1997 fikk H\u00f8yre 14,3% \u2013 det d\u00e5rligste siden 1945.<\/p><p>H\u00f8yre har i alle \u00e5r s\u00f8kt \u00e5 vinne geh\u00f8r for en politikk som vil stimulere til vekst slik at landet unng\u00e5r arbeidsledighet og f\u00e5r \u00f8konomisk styrke til \u00e5 l\u00f8se aktuelle samfunnsoppgaver. \u00d8konomisk styrke er ikke minst n\u00f8dvendig for \u00e5 kunne bygge ut et tilstrekkelig helsevesen og sosialapparat, og derved gi alle en n\u00f8dvendig trygghet.<\/p><p>I \u00e5rene rundt \u00e5rhundreskiftet tok H\u00f8yre initiativ til \u00e5 bygge ut et moderne samferdselsnett. Etter f\u00f8rste verdenskrig ble det i f\u00f8rste rekke H\u00f8yres oppgave \u00e5 arbeide for \u00e5 gjenreise en sunn \u00f8konomisk politikk. Hvor omfattende de \u00f8konomiske vanskelighetene var p\u00e5 den tid, illustreres best ved at Statens finanser f\u00f8rst i 1936 var blitt s\u00e5 gode at det var forsvarlig \u00e5 iverksette H\u00f8yre-regjeringens prinsippvedtak fra 1923 om innf\u00f8ring av alderstrygd.<\/p><p>Som det ledende opposisjonsparti f\u00f8rste H\u00f8yre i etterkrigstiden an i kampen mot Arbeiderpartiets dirigeringspolitikk, og gikk inn for en stimuleringslinje med sterkere oppfordring til privat initiativ og skapende krefter. H\u00f8yre har v\u00e6rt en p\u00e5driver i arbeidet med \u00e5 bygge ut landets trygdesystem, og har ved flere anledninger tatt initiativ til \u00e5 rette opp skjevheter i sosialomsorgen. Dessuten har H\u00f8yre reist krav om at Statens virksomhet m\u00e5tte konsentreres om dens egentlige oppgaver.<\/p><p>H\u00f8yre har i etterkrigstiden befestet sin posisjon som et nasjonalt folkeparti. Borgerlig samarbeid som et alternativ til sosialismen har hele tiden v\u00e6rt et av H\u00f8yres siktem\u00e5l.<\/p>\n<\/div>\n<div class=\"tags\">\n\t<\/div>\n<div class=\"post-footer alignfull has-background block-editor-block-list__block\" data-align=full>\n\t<div class=\"post-footer-inner\">\n\t\t<h3>Relaterte artikler<\/h3>\n\t\t<div class=\"related-content\"><div class=\"is-card-hoyre\">\n\t<div class=\"teft-card hoyre-teft-card post-teft-card\">\n\t\t<a href=\"https:\/\/hoyre.no\/oslo\/aktuelt\/mdg-moralismen-fornekter-seg-ikke\/\" class=\"teft-card__primary-action\">\n\n\t\t\t\t\t<div class=\"teft-card__media teft-card__media--16-9\">\n\t\t\t\t\t\t<img loading=\"lazy\" decoding=\"async\" width=\"768\" height=\"512\" src=\"https:\/\/hoyre.no\/content\/uploads\/sites\/408\/2024\/01\/QZQlxtOC-768x512.jpeg\" class=\"attachment-medium_large size-medium_large\" alt=\"Merete Agerbak-Jensen\" srcset=\"https:\/\/hoyre.no\/content\/uploads\/sites\/408\/2024\/01\/QZQlxtOC-768x512.jpeg 768w, https:\/\/hoyre.no\/content\/uploads\/sites\/408\/2024\/01\/QZQlxtOC-300x200.jpeg 300w, https:\/\/hoyre.no\/content\/uploads\/sites\/408\/2024\/01\/QZQlxtOC-1024x683.jpeg 1024w, https:\/\/hoyre.no\/content\/uploads\/sites\/408\/2024\/01\/QZQlxtOC-1536x1024.jpeg 1536w, https:\/\/hoyre.no\/content\/uploads\/sites\/408\/2024\/01\/QZQlxtOC-2048x1365.jpeg 2048w\" sizes=\"auto, (max-width: 768px) 100vw, 768px\" \/>\t\t<\/div>\n\t\t\n\t\t\t<div class=\"teft-card__content-wrapper\">\n\t\t\t\t<div class=\"teft-card__secondary\">\n\t\t\t\t\t\n\t\t\t\t\t\t\t\t<div class=\"teft-card__meta\">\n\t\t\t\t\t\t\t\t\t<span class=\"post-date\">23. apr 2026<\/span>\n\n\t\t\t\t\t\t\t\t\t\t\t\t\t\t\t\t\t<\/div>\n\t\t\t\t\t\t\t\t\t\t\t<\/div>\n\n\t\t\t\t<div class=\"teft-card__primary\">\n\t\t\t\t\t<h2 class=\"teft-card__title\">MDG-moralismen fornekter seg ikke&nbsp;<span class=\"teft-card__primary-title-append\"><\/span><\/h2>\t\t\t\t<\/div>\n\t\t\t<\/div>\n\t\t<\/a>\n\t<\/div>\n\n\t<\/div><div class=\"is-card-hoyre\">\n\t<div class=\"teft-card hoyre-teft-card post-teft-card\">\n\t\t<a href=\"https:\/\/hoyre.no\/oslo\/aktuelt\/raskere-og-enklere-a-bygge-boliger-og-skape-arbeidsplasser-i-oslo\/\" class=\"teft-card__primary-action\">\n\n\t\t\t\t\t<div class=\"teft-card__media teft-card__media--16-9\">\n\t\t\t\t\t\t<img loading=\"lazy\" decoding=\"async\" width=\"768\" height=\"576\" src=\"https:\/\/hoyre.no\/content\/uploads\/sites\/408\/2026\/04\/Eirik-Lae-Solberg-og-Anita-Leirvik-North-768x576.jpg\" class=\"attachment-medium_large size-medium_large\" alt=\"\" srcset=\"https:\/\/hoyre.no\/content\/uploads\/sites\/408\/2026\/04\/Eirik-Lae-Solberg-og-Anita-Leirvik-North-768x576.jpg 768w, https:\/\/hoyre.no\/content\/uploads\/sites\/408\/2026\/04\/Eirik-Lae-Solberg-og-Anita-Leirvik-North-300x225.jpg 300w, https:\/\/hoyre.no\/content\/uploads\/sites\/408\/2026\/04\/Eirik-Lae-Solberg-og-Anita-Leirvik-North.jpg 901w\" sizes=\"auto, (max-width: 768px) 100vw, 768px\" \/>\t\t<\/div>\n\t\t\n\t\t\t<div class=\"teft-card__content-wrapper\">\n\t\t\t\t<div class=\"teft-card__secondary\">\n\t\t\t\t\t\n\t\t\t\t\t\t\t\t<div class=\"teft-card__meta\">\n\t\t\t\t\t\t\t\t\t<span class=\"post-date\">14. apr 2026<\/span>\n\n\t\t\t\t\t\t\t\t\t<span class=\"post-category\">Har lagt frem ny KPA:<\/span>\t\t\t\t\t\t\t\t<\/div>\n\t\t\t\t\t\t\t\t\t\t\t<\/div>\n\n\t\t\t\t<div class=\"teft-card__primary\">\n\t\t\t\t\t<h2 class=\"teft-card__title\">Raskere og enklere \u00e5 bygge boliger og skape arbeidsplasser i Oslo&nbsp;<span class=\"teft-card__primary-title-append\"><\/span><\/h2>\t\t\t\t<\/div>\n\t\t\t<\/div>\n\t\t<\/a>\n\t<\/div>\n\n\t<\/div><div class=\"is-card-hoyre\">\n\t<div class=\"teft-card hoyre-teft-card post-teft-card\">\n\t\t<a href=\"https:\/\/hoyre.no\/oslo\/aktuelt\/bedre-elevresultater-og-en-skoleokonomi-i-balanse-med-blagront-byrad\/\" class=\"teft-card__primary-action\">\n\n\t\t\t\t\t<div class=\"teft-card__media teft-card__media--16-9\">\n\t\t\t\t\t\t<img loading=\"lazy\" decoding=\"async\" width=\"768\" height=\"512\" src=\"https:\/\/hoyre.no\/content\/uploads\/sites\/408\/2025\/05\/IMG_6440-768x512.jpeg\" class=\"attachment-medium_large size-medium_large\" alt=\"Julie Remen Midtgarden\" srcset=\"https:\/\/hoyre.no\/content\/uploads\/sites\/408\/2025\/05\/IMG_6440-768x512.jpeg 768w, https:\/\/hoyre.no\/content\/uploads\/sites\/408\/2025\/05\/IMG_6440-300x200.jpeg 300w, https:\/\/hoyre.no\/content\/uploads\/sites\/408\/2025\/05\/IMG_6440-1024x683.jpeg 1024w, https:\/\/hoyre.no\/content\/uploads\/sites\/408\/2025\/05\/IMG_6440-1536x1024.jpeg 1536w, https:\/\/hoyre.no\/content\/uploads\/sites\/408\/2025\/05\/IMG_6440-2048x1365.jpeg 2048w\" sizes=\"auto, (max-width: 768px) 100vw, 768px\" \/>\t\t<\/div>\n\t\t\n\t\t\t<div class=\"teft-card__content-wrapper\">\n\t\t\t\t<div class=\"teft-card__secondary\">\n\t\t\t\t\t\n\t\t\t\t\t\t\t\t<div class=\"teft-card__meta\">\n\t\t\t\t\t\t\t\t\t<span class=\"post-date\">26. mar 2026<\/span>\n\n\t\t\t\t\t\t\t\t\t\t\t\t\t\t\t\t\t<\/div>\n\t\t\t\t\t\t\t\t\t\t\t<\/div>\n\n\t\t\t\t<div class=\"teft-card__primary\">\n\t\t\t\t\t<h2 class=\"teft-card__title\">Bedre elevresultater og en skole\u00f8konomi i balanse med bl\u00e5gr\u00f8nt byr\u00e5d&nbsp;<span class=\"teft-card__primary-title-append\"><\/span><\/h2>\t\t\t\t<\/div>\n\t\t\t<\/div>\n\t\t<\/a>\n\t<\/div>\n\n\t<\/div><\/div>\t<\/div>\n<\/div>\n","protected":false},"excerpt":{"rendered":"","protected":false},"author":0,"featured_media":1654,"comment_status":"closed","ping_status":"open","sticky":false,"template":"","format":"standard","meta":{"teft_cards_image_url":"","teft_cards_custom_pretitle":"","teft_cards_image_id":1654,"teft_cards_image_focal_point_x":0,"teft_cards_image_focal_point_y":0,"teft_cards_title":"","teft_cards_excerpt":"","teft_show_chapters":false,"author_display_name":"Oslo H\u00f8yre","footnotes":""},"category":[1],"post_tag":[],"hoyre-visibility":[],"article-type":[],"politician":[],"class_list":["post-1910","post","type-post","status-publish","format-standard","hentry","category-nyheter"],"yoast_head":"<!-- This site is optimized with the Yoast SEO Premium plugin v26.5 (Yoast SEO v26.6) - https:\/\/yoast.com\/wordpress\/plugins\/seo\/ -->\n<title>Bli bedre kjent med H\u00f8yre - Oslo H\u00f8yre<\/title>\n<meta name=\"robots\" content=\"index, follow, max-snippet:-1, max-image-preview:large, max-video-preview:-1\" \/>\n<link rel=\"canonical\" href=\"https:\/\/hoyre.no\/oslo\/aktuelt\/bli-bedre-kjent-med-hoyre\/\" \/>\n<meta property=\"og:locale\" content=\"nb_NO\" \/>\n<meta property=\"og:type\" content=\"article\" \/>\n<meta property=\"og:title\" content=\"Bli bedre kjent med H\u00f8yre\" \/>\n<meta property=\"og:url\" content=\"https:\/\/hoyre.no\/oslo\/aktuelt\/bli-bedre-kjent-med-hoyre\/\" \/>\n<meta property=\"og:site_name\" content=\"Oslo H\u00f8yre\" \/>\n<meta property=\"article:publisher\" content=\"https:\/\/www.facebook.com\/oslo.hoyre\" \/>\n<meta property=\"article:published_time\" content=\"2011-05-16T11:47:41+00:00\" \/>\n<meta property=\"article:modified_time\" content=\"2022-09-26T13:07:07+00:00\" \/>\n<meta property=\"og:image\" content=\"https:\/\/hoyre.no\/content\/uploads\/sites\/408\/2022\/09\/Hoyrehjerter.jpg\" \/>\n\t<meta property=\"og:image:width\" content=\"1024\" \/>\n\t<meta property=\"og:image:height\" content=\"361\" \/>\n\t<meta property=\"og:image:type\" content=\"image\/jpeg\" \/>\n<meta name=\"twitter:card\" content=\"summary_large_image\" \/>\n<meta name=\"twitter:label1\" content=\"Ansl. lesetid\" \/>\n\t<meta name=\"twitter:data1\" content=\"5 minutter\" \/>\n<script type=\"application\/ld+json\" class=\"yoast-schema-graph\">{\"@context\":\"https:\/\/schema.org\",\"@graph\":[{\"@type\":\"Article\",\"@id\":\"https:\/\/hoyre.no\/oslo\/aktuelt\/bli-bedre-kjent-med-hoyre\/#article\",\"isPartOf\":{\"@id\":\"https:\/\/hoyre.no\/oslo\/aktuelt\/bli-bedre-kjent-med-hoyre\/\"},\"author\":{\"name\":\"\",\"@id\":\"\"},\"headline\":\"Bli bedre kjent med H\u00f8yre\",\"datePublished\":\"2011-05-16T11:47:41+00:00\",\"dateModified\":\"2022-09-26T13:07:07+00:00\",\"mainEntityOfPage\":{\"@id\":\"https:\/\/hoyre.no\/oslo\/aktuelt\/bli-bedre-kjent-med-hoyre\/\"},\"wordCount\":1057,\"publisher\":{\"@id\":\"https:\/\/hoyre.no\/oslo\/#organization\"},\"image\":{\"@id\":\"https:\/\/hoyre.no\/oslo\/aktuelt\/bli-bedre-kjent-med-hoyre\/#primaryimage\"},\"thumbnailUrl\":\"https:\/\/hoyre.no\/content\/uploads\/sites\/408\/2022\/09\/Hoyrehjerter.jpg\",\"articleSection\":[\"Nyheter\"],\"inLanguage\":\"nb-NO\"},{\"@type\":\"NewsArticle\",\"@id\":\"https:\/\/hoyre.no\/oslo\/aktuelt\/bli-bedre-kjent-med-hoyre\/\",\"url\":\"https:\/\/hoyre.no\/oslo\/aktuelt\/bli-bedre-kjent-med-hoyre\/\",\"name\":\"Bli bedre kjent med H\u00f8yre - Oslo H\u00f8yre\",\"isPartOf\":{\"@id\":\"https:\/\/hoyre.no\/oslo\/#website\"},\"image\":{\"@id\":\"https:\/\/hoyre.no\/oslo\/aktuelt\/bli-bedre-kjent-med-hoyre\/#primaryimage\"},\"thumbnailUrl\":\"https:\/\/hoyre.no\/content\/uploads\/sites\/408\/2022\/09\/Hoyrehjerter.jpg\",\"datePublished\":\"2011-05-16T11:47:41+00:00\",\"dateModified\":\"2022-09-26T13:07:07+00:00\",\"breadcrumb\":{\"@id\":\"https:\/\/hoyre.no\/oslo\/aktuelt\/bli-bedre-kjent-med-hoyre\/#breadcrumb\"},\"inLanguage\":\"nb-NO\",\"potentialAction\":[{\"@type\":\"ReadAction\",\"target\":[\"https:\/\/hoyre.no\/oslo\/aktuelt\/bli-bedre-kjent-med-hoyre\/\"]}]},{\"@type\":\"ImageObject\",\"inLanguage\":\"nb-NO\",\"@id\":\"https:\/\/hoyre.no\/oslo\/aktuelt\/bli-bedre-kjent-med-hoyre\/#primaryimage\",\"url\":\"https:\/\/hoyre.no\/content\/uploads\/sites\/408\/2022\/09\/Hoyrehjerter.jpg\",\"contentUrl\":\"https:\/\/hoyre.no\/content\/uploads\/sites\/408\/2022\/09\/Hoyrehjerter.jpg\",\"width\":1024,\"height\":361,\"caption\":\"H\u00f8yrehjerter\"},{\"@type\":\"BreadcrumbList\",\"@id\":\"https:\/\/hoyre.no\/oslo\/aktuelt\/bli-bedre-kjent-med-hoyre\/#breadcrumb\",\"itemListElement\":[{\"@type\":\"ListItem\",\"position\":1,\"name\":\"Til hoyre.no\",\"item\":\"https:\/\/hoyre.no\"},{\"@type\":\"ListItem\",\"position\":2,\"name\":\"Hjem\",\"item\":\"https:\/\/hoyre.no\/oslo\/\"},{\"@type\":\"ListItem\",\"position\":3,\"name\":\"Bli bedre kjent med H\u00f8yre\"}]},{\"@type\":\"WebSite\",\"@id\":\"https:\/\/hoyre.no\/oslo\/#website\",\"url\":\"https:\/\/hoyre.no\/oslo\/\",\"name\":\"Oslo H\u00f8yre\",\"description\":\"\",\"publisher\":{\"@id\":\"https:\/\/hoyre.no\/oslo\/#organization\"},\"inLanguage\":\"nb-NO\"},{\"@type\":\"Organization\",\"@id\":\"https:\/\/hoyre.no\/oslo\/#organization\",\"name\":\"Oslo H\u00f8yre\",\"url\":\"https:\/\/hoyre.no\/oslo\/\",\"logo\":{\"@type\":\"ImageObject\",\"inLanguage\":\"nb-NO\",\"@id\":\"https:\/\/hoyre.no\/oslo\/#\/schema\/logo\/image\/\",\"url\":\"https:\/\/hoyre.no\/content\/uploads\/sites\/408\/2022\/11\/Hoyres-logo.png\",\"contentUrl\":\"https:\/\/hoyre.no\/content\/uploads\/sites\/408\/2022\/11\/Hoyres-logo.png\",\"width\":1000,\"height\":1000,\"caption\":\"Oslo H\u00f8yre\"},\"image\":{\"@id\":\"https:\/\/hoyre.no\/oslo\/#\/schema\/logo\/image\/\"},\"sameAs\":[\"https:\/\/www.facebook.com\/oslo.hoyre\"]}]}<\/script>\n<!-- \/ Yoast SEO Premium plugin. -->","yoast_head_json":{"title":"Bli bedre kjent med H\u00f8yre - Oslo H\u00f8yre","robots":{"index":"index","follow":"follow","max-snippet":"max-snippet:-1","max-image-preview":"max-image-preview:large","max-video-preview":"max-video-preview:-1"},"canonical":"https:\/\/hoyre.no\/oslo\/aktuelt\/bli-bedre-kjent-med-hoyre\/","og_locale":"nb_NO","og_type":"article","og_title":"Bli bedre kjent med H\u00f8yre","og_url":"https:\/\/hoyre.no\/oslo\/aktuelt\/bli-bedre-kjent-med-hoyre\/","og_site_name":"Oslo H\u00f8yre","article_publisher":"https:\/\/www.facebook.com\/oslo.hoyre","article_published_time":"2011-05-16T11:47:41+00:00","article_modified_time":"2022-09-26T13:07:07+00:00","og_image":[{"width":1024,"height":361,"url":"https:\/\/hoyre.no\/content\/uploads\/sites\/408\/2022\/09\/Hoyrehjerter.jpg","type":"image\/jpeg"}],"twitter_card":"summary_large_image","twitter_misc":{"Ansl. lesetid":"5 minutter"},"schema":{"@context":"https:\/\/schema.org","@graph":[{"@type":"Article","@id":"https:\/\/hoyre.no\/oslo\/aktuelt\/bli-bedre-kjent-med-hoyre\/#article","isPartOf":{"@id":"https:\/\/hoyre.no\/oslo\/aktuelt\/bli-bedre-kjent-med-hoyre\/"},"author":{"name":"","@id":""},"headline":"Bli bedre kjent med H\u00f8yre","datePublished":"2011-05-16T11:47:41+00:00","dateModified":"2022-09-26T13:07:07+00:00","mainEntityOfPage":{"@id":"https:\/\/hoyre.no\/oslo\/aktuelt\/bli-bedre-kjent-med-hoyre\/"},"wordCount":1057,"publisher":{"@id":"https:\/\/hoyre.no\/oslo\/#organization"},"image":{"@id":"https:\/\/hoyre.no\/oslo\/aktuelt\/bli-bedre-kjent-med-hoyre\/#primaryimage"},"thumbnailUrl":"https:\/\/hoyre.no\/content\/uploads\/sites\/408\/2022\/09\/Hoyrehjerter.jpg","articleSection":["Nyheter"],"inLanguage":"nb-NO"},{"@type":"NewsArticle","@id":"https:\/\/hoyre.no\/oslo\/aktuelt\/bli-bedre-kjent-med-hoyre\/","url":"https:\/\/hoyre.no\/oslo\/aktuelt\/bli-bedre-kjent-med-hoyre\/","name":"Bli bedre kjent med H\u00f8yre - Oslo H\u00f8yre","isPartOf":{"@id":"https:\/\/hoyre.no\/oslo\/#website"},"image":{"@id":"https:\/\/hoyre.no\/oslo\/aktuelt\/bli-bedre-kjent-med-hoyre\/#primaryimage"},"thumbnailUrl":"https:\/\/hoyre.no\/content\/uploads\/sites\/408\/2022\/09\/Hoyrehjerter.jpg","datePublished":"2011-05-16T11:47:41+00:00","dateModified":"2022-09-26T13:07:07+00:00","breadcrumb":{"@id":"https:\/\/hoyre.no\/oslo\/aktuelt\/bli-bedre-kjent-med-hoyre\/#breadcrumb"},"inLanguage":"nb-NO","potentialAction":[{"@type":"ReadAction","target":["https:\/\/hoyre.no\/oslo\/aktuelt\/bli-bedre-kjent-med-hoyre\/"]}]},{"@type":"ImageObject","inLanguage":"nb-NO","@id":"https:\/\/hoyre.no\/oslo\/aktuelt\/bli-bedre-kjent-med-hoyre\/#primaryimage","url":"https:\/\/hoyre.no\/content\/uploads\/sites\/408\/2022\/09\/Hoyrehjerter.jpg","contentUrl":"https:\/\/hoyre.no\/content\/uploads\/sites\/408\/2022\/09\/Hoyrehjerter.jpg","width":1024,"height":361,"caption":"H\u00f8yrehjerter"},{"@type":"BreadcrumbList","@id":"https:\/\/hoyre.no\/oslo\/aktuelt\/bli-bedre-kjent-med-hoyre\/#breadcrumb","itemListElement":[{"@type":"ListItem","position":1,"name":"Til hoyre.no","item":"https:\/\/hoyre.no"},{"@type":"ListItem","position":2,"name":"Hjem","item":"https:\/\/hoyre.no\/oslo\/"},{"@type":"ListItem","position":3,"name":"Bli bedre kjent med H\u00f8yre"}]},{"@type":"WebSite","@id":"https:\/\/hoyre.no\/oslo\/#website","url":"https:\/\/hoyre.no\/oslo\/","name":"Oslo H\u00f8yre","description":"","publisher":{"@id":"https:\/\/hoyre.no\/oslo\/#organization"},"inLanguage":"nb-NO"},{"@type":"Organization","@id":"https:\/\/hoyre.no\/oslo\/#organization","name":"Oslo H\u00f8yre","url":"https:\/\/hoyre.no\/oslo\/","logo":{"@type":"ImageObject","inLanguage":"nb-NO","@id":"https:\/\/hoyre.no\/oslo\/#\/schema\/logo\/image\/","url":"https:\/\/hoyre.no\/content\/uploads\/sites\/408\/2022\/11\/Hoyres-logo.png","contentUrl":"https:\/\/hoyre.no\/content\/uploads\/sites\/408\/2022\/11\/Hoyres-logo.png","width":1000,"height":1000,"caption":"Oslo H\u00f8yre"},"image":{"@id":"https:\/\/hoyre.no\/oslo\/#\/schema\/logo\/image\/"},"sameAs":["https:\/\/www.facebook.com\/oslo.hoyre"]}]}},"distributor_meta":false,"distributor_terms":false,"distributor_media":false,"distributor_original_site_name":"Oslo H\u00f8yre","distributor_original_site_url":"https:\/\/hoyre.no\/oslo","push-errors":false,"_links":{"self":[{"href":"https:\/\/hoyre.no\/oslo\/wp-json\/wp\/v2\/posts\/1910","targetHints":{"allow":["GET"]}}],"collection":[{"href":"https:\/\/hoyre.no\/oslo\/wp-json\/wp\/v2\/posts"}],"about":[{"href":"https:\/\/hoyre.no\/oslo\/wp-json\/wp\/v2\/types\/post"}],"replies":[{"embeddable":true,"href":"https:\/\/hoyre.no\/oslo\/wp-json\/wp\/v2\/comments?post=1910"}],"version-history":[{"count":1,"href":"https:\/\/hoyre.no\/oslo\/wp-json\/wp\/v2\/posts\/1910\/revisions"}],"predecessor-version":[{"id":3067,"href":"https:\/\/hoyre.no\/oslo\/wp-json\/wp\/v2\/posts\/1910\/revisions\/3067"}],"wp:featuredmedia":[{"embeddable":true,"href":"https:\/\/hoyre.no\/oslo\/wp-json\/wp\/v2\/media\/1654"}],"wp:attachment":[{"href":"https:\/\/hoyre.no\/oslo\/wp-json\/wp\/v2\/media?parent=1910"}],"wp:term":[{"taxonomy":"category","embeddable":true,"href":"https:\/\/hoyre.no\/oslo\/wp-json\/wp\/v2\/category?post=1910"},{"taxonomy":"post_tag","embeddable":true,"href":"https:\/\/hoyre.no\/oslo\/wp-json\/wp\/v2\/post_tag?post=1910"},{"taxonomy":"hoyre-visibility","embeddable":true,"href":"https:\/\/hoyre.no\/oslo\/wp-json\/wp\/v2\/hoyre-visibility?post=1910"},{"taxonomy":"article-type","embeddable":true,"href":"https:\/\/hoyre.no\/oslo\/wp-json\/wp\/v2\/article-type?post=1910"},{"taxonomy":"politician","embeddable":true,"href":"https:\/\/hoyre.no\/oslo\/wp-json\/wp\/v2\/politician?post=1910"}],"curies":[{"name":"wp","href":"https:\/\/api.w.org\/{rel}","templated":true}]}}