{"id":1918,"date":"2008-11-30T13:46:21","date_gmt":"2008-11-30T13:46:21","guid":{"rendered":"https:\/\/hoyre.no\/oslo\/aktuelt\/2008-dette-skjedde-pa-arsmotet-2008\/"},"modified":"2022-09-26T15:07:09","modified_gmt":"2022-09-26T13:07:09","slug":"2008-dette-skjedde-pa-arsmotet-2008","status":"publish","type":"post","link":"https:\/\/hoyre.no\/oslo\/aktuelt\/2008-dette-skjedde-pa-arsmotet-2008\/","title":{"rendered":"2008 \u2013 Dette skjedde p\u00e5 \u00c5rsm\u00f8tet 2008"},"content":{"rendered":"<figure class=\"hoyre-image-wrapper\"><div class=\"hoyre-image\"><img loading=\"lazy\" decoding=\"async\" width=\"1024\" height=\"361\" src=\"https:\/\/hoyre.no\/content\/uploads\/sites\/408\/2022\/09\/Hoyrehjerter.jpg\" class=\"attachment-scaled size-scaled\" alt=\"H\u00f8yrehjerter\" style=\"object-position: 50% 50%\" srcset=\"https:\/\/hoyre.no\/content\/uploads\/sites\/408\/2022\/09\/Hoyrehjerter.jpg 1024w, https:\/\/hoyre.no\/content\/uploads\/sites\/408\/2022\/09\/Hoyrehjerter-300x106.jpg 300w, https:\/\/hoyre.no\/content\/uploads\/sites\/408\/2022\/09\/Hoyrehjerter-768x271.jpg 768w\" sizes=\"auto, (max-width: 1024px) 100vw, 1024px\" \/><\/div><\/figure><div id=\"hoyre-old-article-content-wrapper\"><h1>2008 &#8211; Dette skjedde p\u00e5 \u00c5rsm\u00f8tet 2008<\/h1>\n[framed_box width=&raquo;300px&raquo; align=&raquo;right&raquo;]\n<h2>Gammel sak<\/h2><p>Denne saken er kopiert fra den gamle siden til Frogner H\u00f8yre og er ikke lengre aktuell. Vi tar vare p\u00e5 den av historiske grunner.<\/p>\n[\/framed_box]\n<p>Les Hans M. Borge sitt referat fra \u00c5rsm\u00f8tet!<\/p><p>Frogner H\u00f8yre holdt i kjent stil en h\u00f8y profil p\u00e5 sitt \u00e5rsm\u00f8te.<\/p><p>Henrik Syse innledet om &laquo;Globaliseringen, markedet og den nordiske modellen&raquo;.\u00a0 Han minnet oss alle om at mennesket er det viktigste for oss som konservative politikere.\u00a0 Det kan v\u00e6re riktigere \u00e5 foreta forandringer med \u201dbarnespade og b\u00f8tte\u201d &#8211; istedenfor bulldoser &#8211; for ikke \u00e5 miste mennesket av syne. Og han minnet om at den finansielle krisen mye dreier seg om at de som eier resursene ikke har de samme m\u00e5lene som de som forvalter dem &#8211; p\u00e5 vegne av andre. Den etterf\u00f8lgende debatt viste klart at forsamlingen delte hans grunnsyn &#8211; neppe overraskende.<\/p><p>S\u00e5 gikk vi over til selve \u00e5rsm\u00f8tet. Man godkjente innkallingen og dagsorden. S\u00e5 kom f\u00f8rste spenningsmoment &#8211; m\u00f8teleder!\u00a0 Formannen i Bygd\u00f8y &#8211; senere omd\u00f8pt til Aidensfield\u00a0 &#8211; H\u00f8yre &#8211; foreslo Ellen Christiansen som m\u00f8teleder. Det var ingen som v\u00e5get \u00e5 stille opp til en kampvotering &#8211; s\u00e5 hun ble valgt med akklamasjon. Som referent ble valgt B\u00e5rd Standahl og med tellekorpset Carl-Henrik Bastiansen, Ulf Hordvik og Elinor Holter var \u00e5rsm\u00f8tet i solide hender.<\/p><p>\u00c5rsberetningen var utsendt og ble tatt til etterretning\u00a0 &#8211; likes\u00e5 regnskapet. Det er gjort opp med overskudd &#8211; greit \u00e5 ha noe i reserve for en valgkamp alle vet blir hard.<\/p><p>S\u00e5 fulgte nominasjonsprosessen. Og denne gangen gjelder det innspill til nominasjonen for Stortingsvalget. Under den generelle debatten pekte flere talere p\u00e5 at man m\u00e5tte velge politikere som ville prioritere Oslos interesser &#8211; ikke bare v\u00e6re rikspolitikere.\u00a0 Det ble s\u00e5ledes en omrokering av navnene p\u00e5 den opprinnelige listen som var basert p\u00e5 urnominasjonen.<\/p><p>Et utvalg ledet av Torbj\u00f8rn Furulund har arbeidet med kretsstrukturen. Er det rasjonelt med 5 kretser? Utvalget hadde delt seg i 2 alternativer:<\/p><p>1.\u00a0\u00a0\u00a0\u00a0\u00a0\u00a0 Redusere til 3 kretser &#8211; Frogner &#8211; Majorstua &#8211; Bygd\u00f8y (flertallet)<\/p><p>2.\u00a0\u00a0\u00a0\u00a0\u00a0\u00a0 Nedlegge kretsene og isteden satse p\u00e5 oppgaveorienterte utvalg<\/p><p>Dessuten ble det foresl\u00e5tt \u00e5 beholde den strukturen vi har i dag &#8211; med 5 kretser.\u00a0 Etter en engasjert debatt fikk utvalgets flertallsinnstilling &#8211; 3 kretser et klart flertall.<\/p><p>Denne strukturen vil s\u00e5 gjelde fra neste \u00e5rsm\u00f8te(2009).<\/p><p>Etter \u00e5 ha valgt Ola Kvisgaard og Ulf Hordvik til valgkomit\u00e9 gikk man hver til sitt &#8211; noen valgte \u00e5 st\u00f8tte byens uteliv i disse trange tider.<\/p>\n[divider_line]\n<h2>Flere saker fra Frogner H\u00f8yres gamle nettsider<\/h2><p>&nbsp;<\/p>\n[blog column=&raquo;2&#8243; count=&raquo;80&#8243; cat=&raquo;24&#8243; imageType=&raquo;default&raquo;]\n<\/div>\n<div class=\"tags\">\n\t<\/div>\n<div class=\"post-footer alignfull has-background block-editor-block-list__block\" data-align=full>\n\t<div class=\"post-footer-inner\">\n\t\t<h3>Relaterte artikler<\/h3>\n\t\t<div class=\"related-content\"><div class=\"is-card-hoyre\">\n\t<div class=\"teft-card hoyre-teft-card post-teft-card\">\n\t\t<a href=\"https:\/\/hoyre.no\/oslo\/aktuelt\/mdg-moralismen-fornekter-seg-ikke\/\" class=\"teft-card__primary-action\">\n\n\t\t\t\t\t<div class=\"teft-card__media teft-card__media--16-9\">\n\t\t\t\t\t\t<img loading=\"lazy\" decoding=\"async\" width=\"768\" height=\"512\" src=\"https:\/\/hoyre.no\/content\/uploads\/sites\/408\/2024\/01\/QZQlxtOC-768x512.jpeg\" class=\"attachment-medium_large size-medium_large\" alt=\"Merete Agerbak-Jensen\" srcset=\"https:\/\/hoyre.no\/content\/uploads\/sites\/408\/2024\/01\/QZQlxtOC-768x512.jpeg 768w, https:\/\/hoyre.no\/content\/uploads\/sites\/408\/2024\/01\/QZQlxtOC-300x200.jpeg 300w, https:\/\/hoyre.no\/content\/uploads\/sites\/408\/2024\/01\/QZQlxtOC-1024x683.jpeg 1024w, https:\/\/hoyre.no\/content\/uploads\/sites\/408\/2024\/01\/QZQlxtOC-1536x1024.jpeg 1536w, https:\/\/hoyre.no\/content\/uploads\/sites\/408\/2024\/01\/QZQlxtOC-2048x1365.jpeg 2048w\" sizes=\"auto, (max-width: 768px) 100vw, 768px\" \/>\t\t<\/div>\n\t\t\n\t\t\t<div class=\"teft-card__content-wrapper\">\n\t\t\t\t<div class=\"teft-card__secondary\">\n\t\t\t\t\t\n\t\t\t\t\t\t\t\t<div class=\"teft-card__meta\">\n\t\t\t\t\t\t\t\t\t<span class=\"post-date\">23. apr 2026<\/span>\n\n\t\t\t\t\t\t\t\t\t<span class=\"post-category\">Vil utvide skjenketidene:<\/span>\t\t\t\t\t\t\t\t<\/div>\n\t\t\t\t\t\t\t\t\t\t\t<\/div>\n\n\t\t\t\t<div class=\"teft-card__primary\">\n\t\t\t\t\t<h2 class=\"teft-card__title\">MDG-moralismen fornekter seg ikke&nbsp;<span class=\"teft-card__primary-title-append\"><\/span><\/h2>\t\t\t\t<\/div>\n\t\t\t<\/div>\n\t\t<\/a>\n\t<\/div>\n\n\t<\/div><div class=\"is-card-hoyre\">\n\t<div class=\"teft-card hoyre-teft-card post-teft-card\">\n\t\t<a href=\"https:\/\/hoyre.no\/oslo\/aktuelt\/raskere-og-enklere-a-bygge-boliger-og-skape-arbeidsplasser-i-oslo\/\" class=\"teft-card__primary-action\">\n\n\t\t\t\t\t<div class=\"teft-card__media teft-card__media--16-9\">\n\t\t\t\t\t\t<img loading=\"lazy\" decoding=\"async\" width=\"768\" height=\"576\" src=\"https:\/\/hoyre.no\/content\/uploads\/sites\/408\/2026\/04\/Eirik-Lae-Solberg-og-Anita-Leirvik-North-768x576.jpg\" class=\"attachment-medium_large size-medium_large\" alt=\"\" srcset=\"https:\/\/hoyre.no\/content\/uploads\/sites\/408\/2026\/04\/Eirik-Lae-Solberg-og-Anita-Leirvik-North-768x576.jpg 768w, https:\/\/hoyre.no\/content\/uploads\/sites\/408\/2026\/04\/Eirik-Lae-Solberg-og-Anita-Leirvik-North-300x225.jpg 300w, https:\/\/hoyre.no\/content\/uploads\/sites\/408\/2026\/04\/Eirik-Lae-Solberg-og-Anita-Leirvik-North.jpg 901w\" sizes=\"auto, (max-width: 768px) 100vw, 768px\" \/>\t\t<\/div>\n\t\t\n\t\t\t<div class=\"teft-card__content-wrapper\">\n\t\t\t\t<div class=\"teft-card__secondary\">\n\t\t\t\t\t\n\t\t\t\t\t\t\t\t<div class=\"teft-card__meta\">\n\t\t\t\t\t\t\t\t\t<span class=\"post-date\">14. apr 2026<\/span>\n\n\t\t\t\t\t\t\t\t\t<span class=\"post-category\">Har lagt frem ny KPA:<\/span>\t\t\t\t\t\t\t\t<\/div>\n\t\t\t\t\t\t\t\t\t\t\t<\/div>\n\n\t\t\t\t<div class=\"teft-card__primary\">\n\t\t\t\t\t<h2 class=\"teft-card__title\">Raskere og enklere \u00e5 bygge boliger og skape arbeidsplasser i Oslo&nbsp;<span class=\"teft-card__primary-title-append\"><\/span><\/h2>\t\t\t\t<\/div>\n\t\t\t<\/div>\n\t\t<\/a>\n\t<\/div>\n\n\t<\/div><div class=\"is-card-hoyre\">\n\t<div class=\"teft-card hoyre-teft-card post-teft-card\">\n\t\t<a href=\"https:\/\/hoyre.no\/oslo\/aktuelt\/bedre-elevresultater-og-en-skoleokonomi-i-balanse-med-blagront-byrad\/\" class=\"teft-card__primary-action\">\n\n\t\t\t\t\t<div class=\"teft-card__media teft-card__media--16-9\">\n\t\t\t\t\t\t<img loading=\"lazy\" decoding=\"async\" width=\"768\" height=\"512\" src=\"https:\/\/hoyre.no\/content\/uploads\/sites\/408\/2025\/05\/IMG_6440-768x512.jpeg\" class=\"attachment-medium_large size-medium_large\" alt=\"Julie Remen Midtgarden\" srcset=\"https:\/\/hoyre.no\/content\/uploads\/sites\/408\/2025\/05\/IMG_6440-768x512.jpeg 768w, https:\/\/hoyre.no\/content\/uploads\/sites\/408\/2025\/05\/IMG_6440-300x200.jpeg 300w, https:\/\/hoyre.no\/content\/uploads\/sites\/408\/2025\/05\/IMG_6440-1024x683.jpeg 1024w, https:\/\/hoyre.no\/content\/uploads\/sites\/408\/2025\/05\/IMG_6440-1536x1024.jpeg 1536w, https:\/\/hoyre.no\/content\/uploads\/sites\/408\/2025\/05\/IMG_6440-2048x1365.jpeg 2048w\" sizes=\"auto, (max-width: 768px) 100vw, 768px\" \/>\t\t<\/div>\n\t\t\n\t\t\t<div class=\"teft-card__content-wrapper\">\n\t\t\t\t<div class=\"teft-card__secondary\">\n\t\t\t\t\t\n\t\t\t\t\t\t\t\t<div class=\"teft-card__meta\">\n\t\t\t\t\t\t\t\t\t<span class=\"post-date\">26. mar 2026<\/span>\n\n\t\t\t\t\t\t\t\t\t<span class=\"post-category\">Osloskolen er p\u00e5 rett vei:<\/span>\t\t\t\t\t\t\t\t<\/div>\n\t\t\t\t\t\t\t\t\t\t\t<\/div>\n\n\t\t\t\t<div class=\"teft-card__primary\">\n\t\t\t\t\t<h2 class=\"teft-card__title\">Bedre elevresultater og en skole\u00f8konomi i balanse med bl\u00e5gr\u00f8nt byr\u00e5d&nbsp;<span class=\"teft-card__primary-title-append\"><\/span><\/h2>\t\t\t\t<\/div>\n\t\t\t<\/div>\n\t\t<\/a>\n\t<\/div>\n\n\t<\/div><\/div>\t<\/div>\n<\/div>\n","protected":false},"excerpt":{"rendered":"","protected":false},"author":0,"featured_media":0,"comment_status":"closed","ping_status":"closed","sticky":false,"template":"","format":"standard","meta":{"teft_cards_image_url":"","teft_cards_custom_pretitle":"","teft_cards_image_id":0,"teft_cards_image_focal_point_x":0,"teft_cards_image_focal_point_y":0,"teft_cards_title":"","teft_cards_excerpt":"","teft_show_chapters":false,"author_display_name":"Oslo H\u00f8yre","footnotes":""},"category":[1],"post_tag":[],"hoyre-visibility":[],"article-type":[],"politician":[],"class_list":["post-1918","post","type-post","status-publish","format-standard","hentry","category-nyheter"],"yoast_head":"<!-- This site is optimized with the Yoast SEO Premium plugin v26.5 (Yoast SEO v26.6) - https:\/\/yoast.com\/wordpress\/plugins\/seo\/ -->\n<title>2008 \u2013 Dette skjedde p\u00e5 \u00c5rsm\u00f8tet 2008 - Oslo H\u00f8yre<\/title>\n<meta name=\"robots\" content=\"index, follow, max-snippet:-1, max-image-preview:large, max-video-preview:-1\" \/>\n<link rel=\"canonical\" href=\"https:\/\/hoyre.no\/oslo\/aktuelt\/2008-dette-skjedde-pa-arsmotet-2008\/\" \/>\n<meta property=\"og:locale\" content=\"nb_NO\" \/>\n<meta property=\"og:type\" content=\"article\" \/>\n<meta property=\"og:title\" content=\"2008 \u2013 Dette skjedde p\u00e5 \u00c5rsm\u00f8tet 2008\" \/>\n<meta property=\"og:url\" content=\"https:\/\/hoyre.no\/oslo\/aktuelt\/2008-dette-skjedde-pa-arsmotet-2008\/\" \/>\n<meta property=\"og:site_name\" content=\"Oslo H\u00f8yre\" \/>\n<meta property=\"article:publisher\" content=\"https:\/\/www.facebook.com\/oslo.hoyre\" \/>\n<meta property=\"article:published_time\" content=\"2008-11-30T13:46:21+00:00\" \/>\n<meta property=\"article:modified_time\" content=\"2022-09-26T13:07:09+00:00\" \/>\n<meta property=\"og:image\" content=\"https:\/\/hoyre.no\/content\/uploads\/sites\/408\/2022\/11\/Hoyres-logo.png\" \/>\n\t<meta property=\"og:image:width\" content=\"1000\" \/>\n\t<meta property=\"og:image:height\" content=\"1000\" \/>\n\t<meta property=\"og:image:type\" content=\"image\/png\" \/>\n<meta name=\"twitter:card\" content=\"summary_large_image\" \/>\n<meta name=\"twitter:label1\" content=\"Ansl. lesetid\" \/>\n\t<meta name=\"twitter:data1\" content=\"2 minutter\" \/>\n<script type=\"application\/ld+json\" class=\"yoast-schema-graph\">{\"@context\":\"https:\/\/schema.org\",\"@graph\":[{\"@type\":\"Article\",\"@id\":\"https:\/\/hoyre.no\/oslo\/aktuelt\/2008-dette-skjedde-pa-arsmotet-2008\/#article\",\"isPartOf\":{\"@id\":\"https:\/\/hoyre.no\/oslo\/aktuelt\/2008-dette-skjedde-pa-arsmotet-2008\/\"},\"author\":{\"name\":\"\",\"@id\":\"\"},\"headline\":\"2008 \u2013 Dette skjedde p\u00e5 \u00c5rsm\u00f8tet 2008\",\"datePublished\":\"2008-11-30T13:46:21+00:00\",\"dateModified\":\"2022-09-26T13:07:09+00:00\",\"mainEntityOfPage\":{\"@id\":\"https:\/\/hoyre.no\/oslo\/aktuelt\/2008-dette-skjedde-pa-arsmotet-2008\/\"},\"wordCount\":457,\"publisher\":{\"@id\":\"https:\/\/hoyre.no\/oslo\/#organization\"},\"articleSection\":[\"Nyheter\"],\"inLanguage\":\"nb-NO\"},{\"@type\":\"NewsArticle\",\"@id\":\"https:\/\/hoyre.no\/oslo\/aktuelt\/2008-dette-skjedde-pa-arsmotet-2008\/\",\"url\":\"https:\/\/hoyre.no\/oslo\/aktuelt\/2008-dette-skjedde-pa-arsmotet-2008\/\",\"name\":\"2008 \u2013 Dette skjedde p\u00e5 \u00c5rsm\u00f8tet 2008 - Oslo H\u00f8yre\",\"isPartOf\":{\"@id\":\"https:\/\/hoyre.no\/oslo\/#website\"},\"datePublished\":\"2008-11-30T13:46:21+00:00\",\"dateModified\":\"2022-09-26T13:07:09+00:00\",\"breadcrumb\":{\"@id\":\"https:\/\/hoyre.no\/oslo\/aktuelt\/2008-dette-skjedde-pa-arsmotet-2008\/#breadcrumb\"},\"inLanguage\":\"nb-NO\",\"potentialAction\":[{\"@type\":\"ReadAction\",\"target\":[\"https:\/\/hoyre.no\/oslo\/aktuelt\/2008-dette-skjedde-pa-arsmotet-2008\/\"]}]},{\"@type\":\"BreadcrumbList\",\"@id\":\"https:\/\/hoyre.no\/oslo\/aktuelt\/2008-dette-skjedde-pa-arsmotet-2008\/#breadcrumb\",\"itemListElement\":[{\"@type\":\"ListItem\",\"position\":1,\"name\":\"Til hoyre.no\",\"item\":\"https:\/\/hoyre.no\"},{\"@type\":\"ListItem\",\"position\":2,\"name\":\"Hjem\",\"item\":\"https:\/\/hoyre.no\/oslo\/\"},{\"@type\":\"ListItem\",\"position\":3,\"name\":\"2008 \u2013 Dette skjedde p\u00e5 \u00c5rsm\u00f8tet 2008\"}]},{\"@type\":\"WebSite\",\"@id\":\"https:\/\/hoyre.no\/oslo\/#website\",\"url\":\"https:\/\/hoyre.no\/oslo\/\",\"name\":\"Oslo H\u00f8yre\",\"description\":\"\",\"publisher\":{\"@id\":\"https:\/\/hoyre.no\/oslo\/#organization\"},\"inLanguage\":\"nb-NO\"},{\"@type\":\"Organization\",\"@id\":\"https:\/\/hoyre.no\/oslo\/#organization\",\"name\":\"Oslo H\u00f8yre\",\"url\":\"https:\/\/hoyre.no\/oslo\/\",\"logo\":{\"@type\":\"ImageObject\",\"inLanguage\":\"nb-NO\",\"@id\":\"https:\/\/hoyre.no\/oslo\/#\/schema\/logo\/image\/\",\"url\":\"https:\/\/hoyre.no\/content\/uploads\/sites\/408\/2022\/11\/Hoyres-logo.png\",\"contentUrl\":\"https:\/\/hoyre.no\/content\/uploads\/sites\/408\/2022\/11\/Hoyres-logo.png\",\"width\":1000,\"height\":1000,\"caption\":\"Oslo H\u00f8yre\"},\"image\":{\"@id\":\"https:\/\/hoyre.no\/oslo\/#\/schema\/logo\/image\/\"},\"sameAs\":[\"https:\/\/www.facebook.com\/oslo.hoyre\"]}]}<\/script>\n<!-- \/ Yoast SEO Premium plugin. -->","yoast_head_json":{"title":"2008 \u2013 Dette skjedde p\u00e5 \u00c5rsm\u00f8tet 2008 - Oslo H\u00f8yre","robots":{"index":"index","follow":"follow","max-snippet":"max-snippet:-1","max-image-preview":"max-image-preview:large","max-video-preview":"max-video-preview:-1"},"canonical":"https:\/\/hoyre.no\/oslo\/aktuelt\/2008-dette-skjedde-pa-arsmotet-2008\/","og_locale":"nb_NO","og_type":"article","og_title":"2008 \u2013 Dette skjedde p\u00e5 \u00c5rsm\u00f8tet 2008","og_url":"https:\/\/hoyre.no\/oslo\/aktuelt\/2008-dette-skjedde-pa-arsmotet-2008\/","og_site_name":"Oslo H\u00f8yre","article_publisher":"https:\/\/www.facebook.com\/oslo.hoyre","article_published_time":"2008-11-30T13:46:21+00:00","article_modified_time":"2022-09-26T13:07:09+00:00","og_image":[{"width":1000,"height":1000,"url":"https:\/\/hoyre.no\/content\/uploads\/sites\/408\/2022\/11\/Hoyres-logo.png","type":"image\/png"}],"twitter_card":"summary_large_image","twitter_misc":{"Ansl. lesetid":"2 minutter"},"schema":{"@context":"https:\/\/schema.org","@graph":[{"@type":"Article","@id":"https:\/\/hoyre.no\/oslo\/aktuelt\/2008-dette-skjedde-pa-arsmotet-2008\/#article","isPartOf":{"@id":"https:\/\/hoyre.no\/oslo\/aktuelt\/2008-dette-skjedde-pa-arsmotet-2008\/"},"author":{"name":"","@id":""},"headline":"2008 \u2013 Dette skjedde p\u00e5 \u00c5rsm\u00f8tet 2008","datePublished":"2008-11-30T13:46:21+00:00","dateModified":"2022-09-26T13:07:09+00:00","mainEntityOfPage":{"@id":"https:\/\/hoyre.no\/oslo\/aktuelt\/2008-dette-skjedde-pa-arsmotet-2008\/"},"wordCount":457,"publisher":{"@id":"https:\/\/hoyre.no\/oslo\/#organization"},"articleSection":["Nyheter"],"inLanguage":"nb-NO"},{"@type":"NewsArticle","@id":"https:\/\/hoyre.no\/oslo\/aktuelt\/2008-dette-skjedde-pa-arsmotet-2008\/","url":"https:\/\/hoyre.no\/oslo\/aktuelt\/2008-dette-skjedde-pa-arsmotet-2008\/","name":"2008 \u2013 Dette skjedde p\u00e5 \u00c5rsm\u00f8tet 2008 - Oslo H\u00f8yre","isPartOf":{"@id":"https:\/\/hoyre.no\/oslo\/#website"},"datePublished":"2008-11-30T13:46:21+00:00","dateModified":"2022-09-26T13:07:09+00:00","breadcrumb":{"@id":"https:\/\/hoyre.no\/oslo\/aktuelt\/2008-dette-skjedde-pa-arsmotet-2008\/#breadcrumb"},"inLanguage":"nb-NO","potentialAction":[{"@type":"ReadAction","target":["https:\/\/hoyre.no\/oslo\/aktuelt\/2008-dette-skjedde-pa-arsmotet-2008\/"]}]},{"@type":"BreadcrumbList","@id":"https:\/\/hoyre.no\/oslo\/aktuelt\/2008-dette-skjedde-pa-arsmotet-2008\/#breadcrumb","itemListElement":[{"@type":"ListItem","position":1,"name":"Til hoyre.no","item":"https:\/\/hoyre.no"},{"@type":"ListItem","position":2,"name":"Hjem","item":"https:\/\/hoyre.no\/oslo\/"},{"@type":"ListItem","position":3,"name":"2008 \u2013 Dette skjedde p\u00e5 \u00c5rsm\u00f8tet 2008"}]},{"@type":"WebSite","@id":"https:\/\/hoyre.no\/oslo\/#website","url":"https:\/\/hoyre.no\/oslo\/","name":"Oslo H\u00f8yre","description":"","publisher":{"@id":"https:\/\/hoyre.no\/oslo\/#organization"},"inLanguage":"nb-NO"},{"@type":"Organization","@id":"https:\/\/hoyre.no\/oslo\/#organization","name":"Oslo H\u00f8yre","url":"https:\/\/hoyre.no\/oslo\/","logo":{"@type":"ImageObject","inLanguage":"nb-NO","@id":"https:\/\/hoyre.no\/oslo\/#\/schema\/logo\/image\/","url":"https:\/\/hoyre.no\/content\/uploads\/sites\/408\/2022\/11\/Hoyres-logo.png","contentUrl":"https:\/\/hoyre.no\/content\/uploads\/sites\/408\/2022\/11\/Hoyres-logo.png","width":1000,"height":1000,"caption":"Oslo H\u00f8yre"},"image":{"@id":"https:\/\/hoyre.no\/oslo\/#\/schema\/logo\/image\/"},"sameAs":["https:\/\/www.facebook.com\/oslo.hoyre"]}]}},"distributor_meta":false,"distributor_terms":false,"distributor_media":false,"distributor_original_site_name":"Oslo H\u00f8yre","distributor_original_site_url":"https:\/\/hoyre.no\/oslo","push-errors":false,"_links":{"self":[{"href":"https:\/\/hoyre.no\/oslo\/wp-json\/wp\/v2\/posts\/1918","targetHints":{"allow":["GET"]}}],"collection":[{"href":"https:\/\/hoyre.no\/oslo\/wp-json\/wp\/v2\/posts"}],"about":[{"href":"https:\/\/hoyre.no\/oslo\/wp-json\/wp\/v2\/types\/post"}],"replies":[{"embeddable":true,"href":"https:\/\/hoyre.no\/oslo\/wp-json\/wp\/v2\/comments?post=1918"}],"version-history":[{"count":1,"href":"https:\/\/hoyre.no\/oslo\/wp-json\/wp\/v2\/posts\/1918\/revisions"}],"predecessor-version":[{"id":3075,"href":"https:\/\/hoyre.no\/oslo\/wp-json\/wp\/v2\/posts\/1918\/revisions\/3075"}],"wp:attachment":[{"href":"https:\/\/hoyre.no\/oslo\/wp-json\/wp\/v2\/media?parent=1918"}],"wp:term":[{"taxonomy":"category","embeddable":true,"href":"https:\/\/hoyre.no\/oslo\/wp-json\/wp\/v2\/category?post=1918"},{"taxonomy":"post_tag","embeddable":true,"href":"https:\/\/hoyre.no\/oslo\/wp-json\/wp\/v2\/post_tag?post=1918"},{"taxonomy":"hoyre-visibility","embeddable":true,"href":"https:\/\/hoyre.no\/oslo\/wp-json\/wp\/v2\/hoyre-visibility?post=1918"},{"taxonomy":"article-type","embeddable":true,"href":"https:\/\/hoyre.no\/oslo\/wp-json\/wp\/v2\/article-type?post=1918"},{"taxonomy":"politician","embeddable":true,"href":"https:\/\/hoyre.no\/oslo\/wp-json\/wp\/v2\/politician?post=1918"}],"curies":[{"name":"wp","href":"https:\/\/api.w.org\/{rel}","templated":true}]}}