{"id":1929,"date":"2008-01-18T13:12:36","date_gmt":"2008-01-18T13:12:36","guid":{"rendered":"https:\/\/hoyre.no\/oslo\/aktuelt\/blafemiparagrafen-oslo-hoyres-arsmote-hans-m-borge\/"},"modified":"2022-09-26T15:07:11","modified_gmt":"2022-09-26T13:07:11","slug":"blafemiparagrafen-oslo-hoyres-arsmote-hans-m-borge","status":"publish","type":"post","link":"https:\/\/hoyre.no\/oslo\/aktuelt\/blafemiparagrafen-oslo-hoyres-arsmote-hans-m-borge\/","title":{"rendered":"2008 \u2013 Hans M. Borge vil fjerne blasfemiparagrafen \u2013 Oslo H\u00f8yres \u00c5rsm\u00f8te:"},"content":{"rendered":"<figure class=\"hoyre-image-wrapper\"><div class=\"hoyre-image\"><img loading=\"lazy\" decoding=\"async\" width=\"1024\" height=\"361\" src=\"https:\/\/hoyre.no\/content\/uploads\/sites\/408\/2022\/09\/Hoyrehjerter.jpg\" class=\"attachment-scaled size-scaled\" alt=\"H\u00f8yrehjerter\" style=\"object-position: 50% 50%\" srcset=\"https:\/\/hoyre.no\/content\/uploads\/sites\/408\/2022\/09\/Hoyrehjerter.jpg 1024w, https:\/\/hoyre.no\/content\/uploads\/sites\/408\/2022\/09\/Hoyrehjerter-300x106.jpg 300w, https:\/\/hoyre.no\/content\/uploads\/sites\/408\/2022\/09\/Hoyrehjerter-768x271.jpg 768w\" sizes=\"auto, (max-width: 1024px) 100vw, 1024px\" \/><\/div><\/figure><div id=\"hoyre-old-article-content-wrapper\"><h1>2008 &#8211; \u00a0Hans M Borge ville fjerne blasfemipragrafen<br \/>\nOslo H\u00f8yres \u00e5rsm\u00f8te<\/h1>\n[framed_box width=&raquo;300px&raquo; align=&raquo;right&raquo;]\n<h2>Gammel sak<\/h2><p>Denne saken er kopiert fra den gamle siden til Frogner H\u00f8yre og er ikke lengre aktuell. Vi tar vare p\u00e5 den av historiske grunner.<\/p>\n[\/framed_box]\n<p>Hans M Borge anbefalte \u00e5 fjerne blasfemiparagrafen. Det ble s\u00e5pass vellykket at forslaget ble vedtatt. \u00a0Videre foreslo han \u00e5 enda tydeligere si hvorfor vi m\u00e5 ha et sterkt forsvar. Han h\u00f8stet en del sympati, men ikke nok til at det ble vedtatt.<\/p><p><strong>Om Blasfemiparagrafen<br \/><\/strong>(Hans M Borge)<\/p><p>De beste man kan si om &laquo;blasmefiparagrafen&raquo; er at den er g\u00e5tt ut p\u00e5 dato.\u00a0 S\u00e5pass utg\u00e5tt at siste gang den ble brukt i en tiltale var i 1933 &#8211; Arnulf \u00d8verland var da tiltalt etter sitt foredrag &laquo;Kristendommen den fjerde landeplage&raquo;- i Studentersamfundet. Men han ble frikjent &#8211; noe som bekreftet at ytringsfriheten var viktigere.<br \/>\nParagrafen har ingen \u00e6rerik historie-.\u00a0 Stort sett har den v\u00e6rt til for \u00e5 beskytte den etablerte fortolkningen av bibelen. Det var den gangen Kirken var en del av maktapparatet. Men skal man kunne p\u00e5berope seg blasfemiparagarfen for eksempel i striden om de s\u00e5kallte Muhammedtegningene?<br \/>\nVerken Islam Hinduismen eller kristendommen trenger noen hjelp fra p\u00e5talemyndighetene for \u00e5 vinne respekt for sine syn.<br \/>\nDet foresl\u00e5s derfor at blasfemiparagrafen ikke skal ha noen plass i dagens samfunn &#8211; preget av ytringsfrihet, og at den derfor b\u00f8r fjernes.<\/p><p><strong>Om Forsvaret<br \/>\n(<\/strong>Hans M Borge)<\/p><p>Mange, inklusive Forsvarssjefen har sagt at det ikke er noen fare for angrep p\u00e5 Norge. Mulig det &#8211; akkurat n\u00e5 i helgen! Men det kan komme fortere enn vi aner &#8211; b\u00e5de oppbygging og for oss \u00e5 oppdage det.\u00a0 Vi har tross alt naboer i \u00f8st som ikke akkurat ha vist m\u00e5tehold i \u00e5\u00a0 &#8211; hadde n\u00e6r sagt\u00a0 -&laquo;begj\u00e6re sin nestes land&raquo;!\u00a0 Og det er ikke s\u00e5 sikkert de trekker seg ut igjen slik som i 1945. De er kanskje ikke s\u00e5 gode soldater &#8211; men de er fryktelig mange.<\/p><p>Og Tyskland var jo ikke s\u00e5 stort land f\u00f8r krigen.\u00a0 Det er ikke s\u00e5 sikkert at de politikere som svikter i dag slipper like lett fra det som de som sviktet i 30-\u00e5rene.<br \/>\nOg n\u00e5r trusselen er der og man fatter den &#8211; er det altfor sent \u00e5 bygge opp et troverdig forsvar.\u00a0 Dette b\u00f8r komme klarere frem i H\u00f8yres prinsipper.<br \/>\nS\u00e5 selv om noen mener at det ikke er noen \u00e5penbar og umiddelbar trussel mot norsk suverenitet og territorium, m\u00e5 vi opprettholde et sterkt forsvar.\u00a0 Det blir altfor sent \u00e5 bygge opp et troverdig forsvar n\u00e5r trusselen blir \u00e5penbar.<\/p><h2><\/h2><h2>Flere saker fra Frogner H\u00f8yres gamle nettsider<\/h2><p>&nbsp;<\/p>\n[blog column=&raquo;2&#8243; count=&raquo;80&#8243; cat=&raquo;24&#8243; imageType=&raquo;default&raquo;]\n<\/div>\n<div class=\"tags\">\n\t<\/div>\n<div class=\"post-footer alignfull has-background block-editor-block-list__block\" data-align=full>\n\t<div class=\"post-footer-inner\">\n\t\t<h3>Relaterte artikler<\/h3>\n\t\t<div class=\"related-content\"><div class=\"is-card-hoyre\">\n\t<div class=\"teft-card hoyre-teft-card post-teft-card\">\n\t\t<a href=\"https:\/\/hoyre.no\/oslo\/aktuelt\/mdg-moralismen-fornekter-seg-ikke\/\" class=\"teft-card__primary-action\">\n\n\t\t\t\t\t<div class=\"teft-card__media teft-card__media--16-9\">\n\t\t\t\t\t\t<img loading=\"lazy\" decoding=\"async\" width=\"768\" height=\"512\" src=\"https:\/\/hoyre.no\/content\/uploads\/sites\/408\/2024\/01\/QZQlxtOC-768x512.jpeg\" class=\"attachment-medium_large size-medium_large\" alt=\"Merete Agerbak-Jensen\" srcset=\"https:\/\/hoyre.no\/content\/uploads\/sites\/408\/2024\/01\/QZQlxtOC-768x512.jpeg 768w, https:\/\/hoyre.no\/content\/uploads\/sites\/408\/2024\/01\/QZQlxtOC-300x200.jpeg 300w, https:\/\/hoyre.no\/content\/uploads\/sites\/408\/2024\/01\/QZQlxtOC-1024x683.jpeg 1024w, https:\/\/hoyre.no\/content\/uploads\/sites\/408\/2024\/01\/QZQlxtOC-1536x1024.jpeg 1536w, https:\/\/hoyre.no\/content\/uploads\/sites\/408\/2024\/01\/QZQlxtOC-2048x1365.jpeg 2048w\" sizes=\"auto, (max-width: 768px) 100vw, 768px\" \/>\t\t<\/div>\n\t\t\n\t\t\t<div class=\"teft-card__content-wrapper\">\n\t\t\t\t<div class=\"teft-card__secondary\">\n\t\t\t\t\t\n\t\t\t\t\t\t\t\t<div class=\"teft-card__meta\">\n\t\t\t\t\t\t\t\t\t<span class=\"post-date\">23. apr 2026<\/span>\n\n\t\t\t\t\t\t\t\t\t<span class=\"post-category\">Vil utvide skjenketidene:<\/span>\t\t\t\t\t\t\t\t<\/div>\n\t\t\t\t\t\t\t\t\t\t\t<\/div>\n\n\t\t\t\t<div class=\"teft-card__primary\">\n\t\t\t\t\t<h2 class=\"teft-card__title\">MDG-moralismen fornekter seg ikke&nbsp;<span class=\"teft-card__primary-title-append\"><\/span><\/h2>\t\t\t\t<\/div>\n\t\t\t<\/div>\n\t\t<\/a>\n\t<\/div>\n\n\t<\/div><div class=\"is-card-hoyre\">\n\t<div class=\"teft-card hoyre-teft-card post-teft-card\">\n\t\t<a href=\"https:\/\/hoyre.no\/oslo\/aktuelt\/raskere-og-enklere-a-bygge-boliger-og-skape-arbeidsplasser-i-oslo\/\" class=\"teft-card__primary-action\">\n\n\t\t\t\t\t<div class=\"teft-card__media teft-card__media--16-9\">\n\t\t\t\t\t\t<img loading=\"lazy\" decoding=\"async\" width=\"768\" height=\"576\" src=\"https:\/\/hoyre.no\/content\/uploads\/sites\/408\/2026\/04\/Eirik-Lae-Solberg-og-Anita-Leirvik-North-768x576.jpg\" class=\"attachment-medium_large size-medium_large\" alt=\"\" srcset=\"https:\/\/hoyre.no\/content\/uploads\/sites\/408\/2026\/04\/Eirik-Lae-Solberg-og-Anita-Leirvik-North-768x576.jpg 768w, https:\/\/hoyre.no\/content\/uploads\/sites\/408\/2026\/04\/Eirik-Lae-Solberg-og-Anita-Leirvik-North-300x225.jpg 300w, https:\/\/hoyre.no\/content\/uploads\/sites\/408\/2026\/04\/Eirik-Lae-Solberg-og-Anita-Leirvik-North.jpg 901w\" sizes=\"auto, (max-width: 768px) 100vw, 768px\" \/>\t\t<\/div>\n\t\t\n\t\t\t<div class=\"teft-card__content-wrapper\">\n\t\t\t\t<div class=\"teft-card__secondary\">\n\t\t\t\t\t\n\t\t\t\t\t\t\t\t<div class=\"teft-card__meta\">\n\t\t\t\t\t\t\t\t\t<span class=\"post-date\">14. apr 2026<\/span>\n\n\t\t\t\t\t\t\t\t\t<span class=\"post-category\">Har lagt frem ny KPA:<\/span>\t\t\t\t\t\t\t\t<\/div>\n\t\t\t\t\t\t\t\t\t\t\t<\/div>\n\n\t\t\t\t<div class=\"teft-card__primary\">\n\t\t\t\t\t<h2 class=\"teft-card__title\">Raskere og enklere \u00e5 bygge boliger og skape arbeidsplasser i Oslo&nbsp;<span class=\"teft-card__primary-title-append\"><\/span><\/h2>\t\t\t\t<\/div>\n\t\t\t<\/div>\n\t\t<\/a>\n\t<\/div>\n\n\t<\/div><div class=\"is-card-hoyre\">\n\t<div class=\"teft-card hoyre-teft-card post-teft-card\">\n\t\t<a href=\"https:\/\/hoyre.no\/oslo\/aktuelt\/bedre-elevresultater-og-en-skoleokonomi-i-balanse-med-blagront-byrad\/\" class=\"teft-card__primary-action\">\n\n\t\t\t\t\t<div class=\"teft-card__media teft-card__media--16-9\">\n\t\t\t\t\t\t<img loading=\"lazy\" decoding=\"async\" width=\"768\" height=\"512\" src=\"https:\/\/hoyre.no\/content\/uploads\/sites\/408\/2025\/05\/IMG_6440-768x512.jpeg\" class=\"attachment-medium_large size-medium_large\" alt=\"Julie Remen Midtgarden\" srcset=\"https:\/\/hoyre.no\/content\/uploads\/sites\/408\/2025\/05\/IMG_6440-768x512.jpeg 768w, https:\/\/hoyre.no\/content\/uploads\/sites\/408\/2025\/05\/IMG_6440-300x200.jpeg 300w, https:\/\/hoyre.no\/content\/uploads\/sites\/408\/2025\/05\/IMG_6440-1024x683.jpeg 1024w, https:\/\/hoyre.no\/content\/uploads\/sites\/408\/2025\/05\/IMG_6440-1536x1024.jpeg 1536w, https:\/\/hoyre.no\/content\/uploads\/sites\/408\/2025\/05\/IMG_6440-2048x1365.jpeg 2048w\" sizes=\"auto, (max-width: 768px) 100vw, 768px\" \/>\t\t<\/div>\n\t\t\n\t\t\t<div class=\"teft-card__content-wrapper\">\n\t\t\t\t<div class=\"teft-card__secondary\">\n\t\t\t\t\t\n\t\t\t\t\t\t\t\t<div class=\"teft-card__meta\">\n\t\t\t\t\t\t\t\t\t<span class=\"post-date\">26. mar 2026<\/span>\n\n\t\t\t\t\t\t\t\t\t<span class=\"post-category\">Osloskolen er p\u00e5 rett vei:<\/span>\t\t\t\t\t\t\t\t<\/div>\n\t\t\t\t\t\t\t\t\t\t\t<\/div>\n\n\t\t\t\t<div class=\"teft-card__primary\">\n\t\t\t\t\t<h2 class=\"teft-card__title\">Bedre elevresultater og en skole\u00f8konomi i balanse med bl\u00e5gr\u00f8nt byr\u00e5d&nbsp;<span class=\"teft-card__primary-title-append\"><\/span><\/h2>\t\t\t\t<\/div>\n\t\t\t<\/div>\n\t\t<\/a>\n\t<\/div>\n\n\t<\/div><\/div>\t<\/div>\n<\/div>\n","protected":false},"excerpt":{"rendered":"","protected":false},"author":0,"featured_media":0,"comment_status":"closed","ping_status":"closed","sticky":false,"template":"","format":"standard","meta":{"teft_cards_image_url":"","teft_cards_custom_pretitle":"","teft_cards_image_id":0,"teft_cards_image_focal_point_x":0,"teft_cards_image_focal_point_y":0,"teft_cards_title":"","teft_cards_excerpt":"","teft_show_chapters":false,"author_display_name":"Oslo H\u00f8yre","footnotes":""},"category":[1],"post_tag":[],"hoyre-visibility":[],"article-type":[],"politician":[],"class_list":["post-1929","post","type-post","status-publish","format-standard","hentry","category-nyheter"],"yoast_head":"<!-- This site is optimized with the Yoast SEO Premium plugin v26.5 (Yoast SEO v26.6) - https:\/\/yoast.com\/wordpress\/plugins\/seo\/ -->\n<title>2008 \u2013 Hans M. Borge vil fjerne blasfemiparagrafen \u2013 Oslo H\u00f8yres \u00c5rsm\u00f8te: - Oslo H\u00f8yre<\/title>\n<meta name=\"robots\" content=\"index, follow, max-snippet:-1, max-image-preview:large, max-video-preview:-1\" \/>\n<link rel=\"canonical\" href=\"https:\/\/hoyre.no\/oslo\/aktuelt\/blafemiparagrafen-oslo-hoyres-arsmote-hans-m-borge\/\" \/>\n<meta property=\"og:locale\" content=\"nb_NO\" \/>\n<meta property=\"og:type\" content=\"article\" \/>\n<meta property=\"og:title\" content=\"2008 \u2013 Hans M. Borge vil fjerne blasfemiparagrafen \u2013 Oslo H\u00f8yres \u00c5rsm\u00f8te:\" \/>\n<meta property=\"og:url\" content=\"https:\/\/hoyre.no\/oslo\/aktuelt\/blafemiparagrafen-oslo-hoyres-arsmote-hans-m-borge\/\" \/>\n<meta property=\"og:site_name\" content=\"Oslo H\u00f8yre\" \/>\n<meta property=\"article:publisher\" content=\"https:\/\/www.facebook.com\/oslo.hoyre\" \/>\n<meta property=\"article:published_time\" content=\"2008-01-18T13:12:36+00:00\" \/>\n<meta property=\"article:modified_time\" content=\"2022-09-26T13:07:11+00:00\" \/>\n<meta property=\"og:image\" content=\"https:\/\/hoyre.no\/content\/uploads\/sites\/408\/2022\/11\/Hoyres-logo.png\" \/>\n\t<meta property=\"og:image:width\" content=\"1000\" \/>\n\t<meta property=\"og:image:height\" content=\"1000\" \/>\n\t<meta property=\"og:image:type\" content=\"image\/png\" \/>\n<meta name=\"twitter:card\" content=\"summary_large_image\" \/>\n<meta name=\"twitter:label1\" content=\"Ansl. lesetid\" \/>\n\t<meta name=\"twitter:data1\" content=\"2 minutter\" \/>\n<script type=\"application\/ld+json\" class=\"yoast-schema-graph\">{\"@context\":\"https:\/\/schema.org\",\"@graph\":[{\"@type\":\"Article\",\"@id\":\"https:\/\/hoyre.no\/oslo\/aktuelt\/blafemiparagrafen-oslo-hoyres-arsmote-hans-m-borge\/#article\",\"isPartOf\":{\"@id\":\"https:\/\/hoyre.no\/oslo\/aktuelt\/blafemiparagrafen-oslo-hoyres-arsmote-hans-m-borge\/\"},\"author\":{\"name\":\"\",\"@id\":\"\"},\"headline\":\"2008 \u2013 Hans M. Borge vil fjerne blasfemiparagrafen \u2013 Oslo H\u00f8yres \u00c5rsm\u00f8te:\",\"datePublished\":\"2008-01-18T13:12:36+00:00\",\"dateModified\":\"2022-09-26T13:07:11+00:00\",\"mainEntityOfPage\":{\"@id\":\"https:\/\/hoyre.no\/oslo\/aktuelt\/blafemiparagrafen-oslo-hoyres-arsmote-hans-m-borge\/\"},\"wordCount\":488,\"publisher\":{\"@id\":\"https:\/\/hoyre.no\/oslo\/#organization\"},\"articleSection\":[\"Nyheter\"],\"inLanguage\":\"nb-NO\"},{\"@type\":\"NewsArticle\",\"@id\":\"https:\/\/hoyre.no\/oslo\/aktuelt\/blafemiparagrafen-oslo-hoyres-arsmote-hans-m-borge\/\",\"url\":\"https:\/\/hoyre.no\/oslo\/aktuelt\/blafemiparagrafen-oslo-hoyres-arsmote-hans-m-borge\/\",\"name\":\"2008 \u2013 Hans M. Borge vil fjerne blasfemiparagrafen \u2013 Oslo H\u00f8yres \u00c5rsm\u00f8te: - Oslo H\u00f8yre\",\"isPartOf\":{\"@id\":\"https:\/\/hoyre.no\/oslo\/#website\"},\"datePublished\":\"2008-01-18T13:12:36+00:00\",\"dateModified\":\"2022-09-26T13:07:11+00:00\",\"breadcrumb\":{\"@id\":\"https:\/\/hoyre.no\/oslo\/aktuelt\/blafemiparagrafen-oslo-hoyres-arsmote-hans-m-borge\/#breadcrumb\"},\"inLanguage\":\"nb-NO\",\"potentialAction\":[{\"@type\":\"ReadAction\",\"target\":[\"https:\/\/hoyre.no\/oslo\/aktuelt\/blafemiparagrafen-oslo-hoyres-arsmote-hans-m-borge\/\"]}]},{\"@type\":\"BreadcrumbList\",\"@id\":\"https:\/\/hoyre.no\/oslo\/aktuelt\/blafemiparagrafen-oslo-hoyres-arsmote-hans-m-borge\/#breadcrumb\",\"itemListElement\":[{\"@type\":\"ListItem\",\"position\":1,\"name\":\"Til hoyre.no\",\"item\":\"https:\/\/hoyre.no\"},{\"@type\":\"ListItem\",\"position\":2,\"name\":\"Hjem\",\"item\":\"https:\/\/hoyre.no\/oslo\/\"},{\"@type\":\"ListItem\",\"position\":3,\"name\":\"2008 \u2013 Hans M. Borge vil fjerne blasfemiparagrafen \u2013 Oslo H\u00f8yres \u00c5rsm\u00f8te:\"}]},{\"@type\":\"WebSite\",\"@id\":\"https:\/\/hoyre.no\/oslo\/#website\",\"url\":\"https:\/\/hoyre.no\/oslo\/\",\"name\":\"Oslo H\u00f8yre\",\"description\":\"\",\"publisher\":{\"@id\":\"https:\/\/hoyre.no\/oslo\/#organization\"},\"inLanguage\":\"nb-NO\"},{\"@type\":\"Organization\",\"@id\":\"https:\/\/hoyre.no\/oslo\/#organization\",\"name\":\"Oslo H\u00f8yre\",\"url\":\"https:\/\/hoyre.no\/oslo\/\",\"logo\":{\"@type\":\"ImageObject\",\"inLanguage\":\"nb-NO\",\"@id\":\"https:\/\/hoyre.no\/oslo\/#\/schema\/logo\/image\/\",\"url\":\"https:\/\/hoyre.no\/content\/uploads\/sites\/408\/2022\/11\/Hoyres-logo.png\",\"contentUrl\":\"https:\/\/hoyre.no\/content\/uploads\/sites\/408\/2022\/11\/Hoyres-logo.png\",\"width\":1000,\"height\":1000,\"caption\":\"Oslo H\u00f8yre\"},\"image\":{\"@id\":\"https:\/\/hoyre.no\/oslo\/#\/schema\/logo\/image\/\"},\"sameAs\":[\"https:\/\/www.facebook.com\/oslo.hoyre\"]}]}<\/script>\n<!-- \/ Yoast SEO Premium plugin. -->","yoast_head_json":{"title":"2008 \u2013 Hans M. Borge vil fjerne blasfemiparagrafen \u2013 Oslo H\u00f8yres \u00c5rsm\u00f8te: - Oslo H\u00f8yre","robots":{"index":"index","follow":"follow","max-snippet":"max-snippet:-1","max-image-preview":"max-image-preview:large","max-video-preview":"max-video-preview:-1"},"canonical":"https:\/\/hoyre.no\/oslo\/aktuelt\/blafemiparagrafen-oslo-hoyres-arsmote-hans-m-borge\/","og_locale":"nb_NO","og_type":"article","og_title":"2008 \u2013 Hans M. Borge vil fjerne blasfemiparagrafen \u2013 Oslo H\u00f8yres \u00c5rsm\u00f8te:","og_url":"https:\/\/hoyre.no\/oslo\/aktuelt\/blafemiparagrafen-oslo-hoyres-arsmote-hans-m-borge\/","og_site_name":"Oslo H\u00f8yre","article_publisher":"https:\/\/www.facebook.com\/oslo.hoyre","article_published_time":"2008-01-18T13:12:36+00:00","article_modified_time":"2022-09-26T13:07:11+00:00","og_image":[{"width":1000,"height":1000,"url":"https:\/\/hoyre.no\/content\/uploads\/sites\/408\/2022\/11\/Hoyres-logo.png","type":"image\/png"}],"twitter_card":"summary_large_image","twitter_misc":{"Ansl. lesetid":"2 minutter"},"schema":{"@context":"https:\/\/schema.org","@graph":[{"@type":"Article","@id":"https:\/\/hoyre.no\/oslo\/aktuelt\/blafemiparagrafen-oslo-hoyres-arsmote-hans-m-borge\/#article","isPartOf":{"@id":"https:\/\/hoyre.no\/oslo\/aktuelt\/blafemiparagrafen-oslo-hoyres-arsmote-hans-m-borge\/"},"author":{"name":"","@id":""},"headline":"2008 \u2013 Hans M. Borge vil fjerne blasfemiparagrafen \u2013 Oslo H\u00f8yres \u00c5rsm\u00f8te:","datePublished":"2008-01-18T13:12:36+00:00","dateModified":"2022-09-26T13:07:11+00:00","mainEntityOfPage":{"@id":"https:\/\/hoyre.no\/oslo\/aktuelt\/blafemiparagrafen-oslo-hoyres-arsmote-hans-m-borge\/"},"wordCount":488,"publisher":{"@id":"https:\/\/hoyre.no\/oslo\/#organization"},"articleSection":["Nyheter"],"inLanguage":"nb-NO"},{"@type":"NewsArticle","@id":"https:\/\/hoyre.no\/oslo\/aktuelt\/blafemiparagrafen-oslo-hoyres-arsmote-hans-m-borge\/","url":"https:\/\/hoyre.no\/oslo\/aktuelt\/blafemiparagrafen-oslo-hoyres-arsmote-hans-m-borge\/","name":"2008 \u2013 Hans M. Borge vil fjerne blasfemiparagrafen \u2013 Oslo H\u00f8yres \u00c5rsm\u00f8te: - Oslo H\u00f8yre","isPartOf":{"@id":"https:\/\/hoyre.no\/oslo\/#website"},"datePublished":"2008-01-18T13:12:36+00:00","dateModified":"2022-09-26T13:07:11+00:00","breadcrumb":{"@id":"https:\/\/hoyre.no\/oslo\/aktuelt\/blafemiparagrafen-oslo-hoyres-arsmote-hans-m-borge\/#breadcrumb"},"inLanguage":"nb-NO","potentialAction":[{"@type":"ReadAction","target":["https:\/\/hoyre.no\/oslo\/aktuelt\/blafemiparagrafen-oslo-hoyres-arsmote-hans-m-borge\/"]}]},{"@type":"BreadcrumbList","@id":"https:\/\/hoyre.no\/oslo\/aktuelt\/blafemiparagrafen-oslo-hoyres-arsmote-hans-m-borge\/#breadcrumb","itemListElement":[{"@type":"ListItem","position":1,"name":"Til hoyre.no","item":"https:\/\/hoyre.no"},{"@type":"ListItem","position":2,"name":"Hjem","item":"https:\/\/hoyre.no\/oslo\/"},{"@type":"ListItem","position":3,"name":"2008 \u2013 Hans M. Borge vil fjerne blasfemiparagrafen \u2013 Oslo H\u00f8yres \u00c5rsm\u00f8te:"}]},{"@type":"WebSite","@id":"https:\/\/hoyre.no\/oslo\/#website","url":"https:\/\/hoyre.no\/oslo\/","name":"Oslo H\u00f8yre","description":"","publisher":{"@id":"https:\/\/hoyre.no\/oslo\/#organization"},"inLanguage":"nb-NO"},{"@type":"Organization","@id":"https:\/\/hoyre.no\/oslo\/#organization","name":"Oslo H\u00f8yre","url":"https:\/\/hoyre.no\/oslo\/","logo":{"@type":"ImageObject","inLanguage":"nb-NO","@id":"https:\/\/hoyre.no\/oslo\/#\/schema\/logo\/image\/","url":"https:\/\/hoyre.no\/content\/uploads\/sites\/408\/2022\/11\/Hoyres-logo.png","contentUrl":"https:\/\/hoyre.no\/content\/uploads\/sites\/408\/2022\/11\/Hoyres-logo.png","width":1000,"height":1000,"caption":"Oslo H\u00f8yre"},"image":{"@id":"https:\/\/hoyre.no\/oslo\/#\/schema\/logo\/image\/"},"sameAs":["https:\/\/www.facebook.com\/oslo.hoyre"]}]}},"distributor_meta":false,"distributor_terms":false,"distributor_media":false,"distributor_original_site_name":"Oslo H\u00f8yre","distributor_original_site_url":"https:\/\/hoyre.no\/oslo","push-errors":false,"_links":{"self":[{"href":"https:\/\/hoyre.no\/oslo\/wp-json\/wp\/v2\/posts\/1929","targetHints":{"allow":["GET"]}}],"collection":[{"href":"https:\/\/hoyre.no\/oslo\/wp-json\/wp\/v2\/posts"}],"about":[{"href":"https:\/\/hoyre.no\/oslo\/wp-json\/wp\/v2\/types\/post"}],"replies":[{"embeddable":true,"href":"https:\/\/hoyre.no\/oslo\/wp-json\/wp\/v2\/comments?post=1929"}],"version-history":[{"count":1,"href":"https:\/\/hoyre.no\/oslo\/wp-json\/wp\/v2\/posts\/1929\/revisions"}],"predecessor-version":[{"id":3086,"href":"https:\/\/hoyre.no\/oslo\/wp-json\/wp\/v2\/posts\/1929\/revisions\/3086"}],"wp:attachment":[{"href":"https:\/\/hoyre.no\/oslo\/wp-json\/wp\/v2\/media?parent=1929"}],"wp:term":[{"taxonomy":"category","embeddable":true,"href":"https:\/\/hoyre.no\/oslo\/wp-json\/wp\/v2\/category?post=1929"},{"taxonomy":"post_tag","embeddable":true,"href":"https:\/\/hoyre.no\/oslo\/wp-json\/wp\/v2\/post_tag?post=1929"},{"taxonomy":"hoyre-visibility","embeddable":true,"href":"https:\/\/hoyre.no\/oslo\/wp-json\/wp\/v2\/hoyre-visibility?post=1929"},{"taxonomy":"article-type","embeddable":true,"href":"https:\/\/hoyre.no\/oslo\/wp-json\/wp\/v2\/article-type?post=1929"},{"taxonomy":"politician","embeddable":true,"href":"https:\/\/hoyre.no\/oslo\/wp-json\/wp\/v2\/politician?post=1929"}],"curies":[{"name":"wp","href":"https:\/\/api.w.org\/{rel}","templated":true}]}}