{"id":1935,"date":"2007-04-17T22:27:00","date_gmt":"2007-04-17T22:27:00","guid":{"rendered":"https:\/\/hoyre.no\/oslo\/aktuelt\/2007-bydelsprogram-frogner-hoyre\/"},"modified":"2022-09-26T15:07:12","modified_gmt":"2022-09-26T13:07:12","slug":"2007-bydelsprogram-frogner-hoyre","status":"publish","type":"post","link":"https:\/\/hoyre.no\/oslo\/aktuelt\/2007-bydelsprogram-frogner-hoyre\/","title":{"rendered":"2007 \u2013 Bydelsprogram Frogner H\u00f8yre"},"content":{"rendered":"<figure class=\"hoyre-image-wrapper\"><div class=\"hoyre-image\"><img loading=\"lazy\" decoding=\"async\" width=\"1024\" height=\"361\" src=\"https:\/\/hoyre.no\/content\/uploads\/sites\/408\/2022\/09\/Hoyrehjerter.jpg\" class=\"attachment-scaled size-scaled\" alt=\"H\u00f8yrehjerter\" style=\"object-position: 50% 50%\" srcset=\"https:\/\/hoyre.no\/content\/uploads\/sites\/408\/2022\/09\/Hoyrehjerter.jpg 1024w, https:\/\/hoyre.no\/content\/uploads\/sites\/408\/2022\/09\/Hoyrehjerter-300x106.jpg 300w, https:\/\/hoyre.no\/content\/uploads\/sites\/408\/2022\/09\/Hoyrehjerter-768x271.jpg 768w\" sizes=\"auto, (max-width: 1024px) 100vw, 1024px\" \/><\/div><\/figure><div id=\"hoyre-old-article-content-wrapper\"><h1>2007 &#8211; Program bydelsprogram for Frogner H\u00f8yre<\/h1>\n[framed_box width=&raquo;300px&raquo; align=&raquo;right&raquo;]\n<h2>Gammel sak<\/h2><p>Denne saken er kopiert fra den gamle siden til Frogner H\u00f8yre og er ikke lengre aktuell. Vi tar vare p\u00e5 den av historiske grunner.<\/p>\n[\/framed_box]\n<p><strong>Bydelsprogram for Frogner H\u00f8yre 2007-2011:<\/strong><\/p><h2><strong><em>Frogner &#8211; i hjertet av Oslo<\/em><\/strong><\/h2><p>Frogner H\u00f8yre er stolt av v\u00e5r mangfoldige bydel hvor ulike kulturer og religioner har sl\u00e5tt rot. Vi vil samarbeide med de ulike akt\u00f8rene i bymilj\u00f8et for \u00e5 sikre en mangfoldig og trivelig bydel i fremtiden. H\u00f8yre i posisjon er en garanti for videreutvikling av Frogner.<\/p><p>Bydelen har ansvar for helse- og sosialtjenester, oppveksttiltak og pleie- og omsorgstjenester. I tillegg har bydelen ansvar for lokale parker og n\u00e6rmilj\u00f8anlegg samt utleie av torg og fortau.<\/p><p>H\u00f8yre vil:<\/p><ul><li>at klageordningen hvor bygge saker behandles i bydelen gj\u00f8res til en permanent ordning<\/li><li>arbeide for en mer tilgjengelig kommune, ved blant annet \u00e5 utvide bydelens \u00e5pningstider.<\/li><\/ul><h2><strong><em>Det gamle og det nye Frogner<\/em><\/strong><\/h2><h3><strong><em>De yngste<\/em><\/strong><\/h3><p>Frogner er en bydel i vekst. Sm\u00e5barnsfamilier velger i st\u00f8rre grad enn tidligere \u00e5 flytte hit og bli boende i bydelen. Dette betyr store utfordringer for bydelen. Frogner H\u00f8yre vil legge vekt p\u00e5 \u00e5 opprettholde og videreutvikle tilbudet til de aller minste og deres foreldre blant annet gjennom \u00e5 legge til rette for en reell valgfrihet for sm\u00e5barnsfamilier. For nybakte foreldre er det ogs\u00e5 viktig med god oppf\u00f8lging fra bydelens helsestasjonstjeneste.<\/p><p><strong>H\u00f8yre vil:<\/strong><\/p><ul><li>se p\u00e5 nye, fleksible og gjerne uortodokse forslag for \u00e5 f\u00e5 ned de lange barnehage k\u00f8ene<\/li><li>sikre barnehage til alle som \u00f8nsker det<\/li><li>at bydelens barn skal ha barnepark som et alternativ<\/li><li>at \u00e5pen barnehage skal v\u00e6re et tilbud til dem som \u00f8nsker det<\/li><li>at s\u00f8sken\/stes\u00f8sken skal sikres plass i samme barnehage<\/li><li>at bydelens helsestasjon fortsatt skal sikre god oppf\u00f8lging av nybakte foreldre og tilby hjemmebes\u00f8k dersom det er \u00f8nskelig<\/li><li>jobbe for etablering av nye barnehager blant annet p\u00e5 Skillebekk og Hengsengen<\/li><\/ul><h3><strong><em>Majorstuen skole<\/em><\/strong><\/h3><p>Majorstuen skole holder til i gamle, nedslitte og utidsmessige bygninger. H\u00f8yre st\u00f8tter arbeidet for en nyetablering av skolen p\u00e5 sporomr\u00e5det ved Majorstuen stasjon. H\u00f8yre vil arbeide for \u00e5 sikre et sammenhengende gr\u00f8nt omr\u00e5de fra T\u00f8rteberg til Frognerparken, samt arbeidet for \u00e5 f\u00e5 Frognerbekken i \u00e5pent l\u00f8p.<\/p><h3><strong><em>Ungdom og fritid<\/em><\/strong><\/h3><p>Bydelenes ungdom har kort vei til det fritids- og kulturtilbudet som Oslo kan by p\u00e5.<\/p><p>H\u00f8yre \u00f8nsker \u00e5 legge til rette for en aktiv og trygg ungdomstid, med variert idretts-, kultur- og fritidstilbud for bydelens ungdom. Dette skal fortsatt skje gjennom et samarbeid mellom bydelen og de frivillige organisasjonene, samtidig som det skal legges til rette for uorganiserte aktiviteter i bydelens parker. Dagens ungdomstilbud skal videreutvikles i samr\u00e5d med ungdommen selv.<\/p><p>H\u00f8yre vil at planene for Frogner Sportspark skal gjennomf\u00f8res i sin helhet. Et slikt n\u00e6rmilj\u00f8anlegg vil romme et utvidet tilbud til bydelens barn og unge. Bygging av et stort parkeringsanlegg under bakken betyr at dagens parkeringsplass frigj\u00f8res til rekreasjonsareal samtidig som beboere i omr\u00e5det f\u00e5r bedre parkeringsmuligheter. H\u00f8yre er garantisten for at utbyggingen av Frogner Sportspark blir gjennomf\u00f8rt.<\/p><p><strong>H\u00f8yre vil:<\/strong><\/p><ul><li>opprettholde ungdomsklubbene og utvide tilbudet<\/li><li>videref\u00f8re helsestasjon for ungdom<\/li><li>arbeide for tettere samarbeid mellom prim\u00e6rhelsetjenesten og barne- og ungdomspsykiatrien<\/li><li>sikre &laquo;Ungdommens kulturm\u00f8nstring&raquo; i bydelen og deltagelse i den nasjonale kulturm\u00f8nstringen<\/li><li>jobbe for et levende idrettsmilj\u00f8 og utnytte mulighetene ved oppgraderingen av Frogner stadion til ny sportspark.<\/li><\/ul><h3><strong><em>Barne- og ungdomsvern<\/em><\/strong><\/h3><p>Som \u00f8vrige bydeler og kommuner i Norge, opplever Frogner bydel at behovene innen barnevernet er \u00f8kende. Mange barn opplever omsorgssvikt som gir dem et sv\u00e6rt d\u00e5rlig utgangspunkt i livet, og som i praksis fratar dem muligheten til \u00e5 f\u00e5 et godt liv som voksne.<\/p><p>H\u00f8yre mener forebygging er det viktigste virkemiddelet i kampen mot kriminalitet og sosiale tragedier. Barnas rett til en trygg oppvekst og deres mulighet til \u00e5 utvikle seg som mennesker m\u00e5 derfor veie tyngst i saker som dreier seg om omsorgssvikt.<\/p><p>H\u00f8yre mener bydelens barnevern skal sikres muligheter til \u00e5 gripe inn tidlig n\u00e5r hensynet til barnet tilsier det, enten med akuttiltak eller med veiledning og oppf\u00f8lging i familiesituasjonen n\u00e5r det er best. Barnevernet skal v\u00e6re en ressurs for bydelens innbyggere og akuttilbudene skal sikres. Det inneb\u00e6rer at b\u00e5de institusjonsplasser, fosterhjem og akutte mottakshjem skal kunne benyttes som tiltak.<\/p><p><strong>H\u00f8yre vil:<\/strong><\/p><ul><li>styrke det forebyggende arbeidet blant barn og ungdom<\/li><li>rekruttere bredere kompetanse til bydelens barnevern<\/li><li>prioritere rekruttering av bes\u00f8ks- og fosterhjem<\/li><li>utvikle nye tilbud innen barnevernet som for eksempel hybeltilbud med tilsyn for ungdom<\/li><\/ul><h3><strong><em>En inkluderende bydel<\/em><\/strong><\/h3><p>H\u00f8yre vil arbeide for et samfunn der alle har like muligheter til \u00e5 realisere seg selv. Vi \u00f8nsker ikke tiltak som er rettet inn mot grupper, men tiltak tilpasset det enkelte individs behov for hjelp.<\/p><p>H\u00f8yre vil at bydelen skal ta i bruk alle de mulighetene som finnes i NAV-reformen for \u00e5 sikre at s\u00e5 mange som mulig kommer ut i arbeid. H\u00f8yre vil sikre de som har et akutt behov for hjelp f\u00e5r dekket sine grunnleggende behov. Samtidig vil vi tilby individuelt tilpassede tiltak og stille krav til den enkelte basert p\u00e5 vedkommendes evner og muligheter. P\u00e5 den m\u00e5ten vil vi bidra til at den enkelte n\u00e5r m\u00e5let om \u00e5 klare seg selv.<\/p><p><strong>H\u00f8yre vil:<\/strong><\/p><ul><li>legge til rette for at frivillige organisasjoner kan bidra inn i kommunale barnehager, eldresentre, sykehjem og rusinstitusjoner for \u00e5 bedre tilbud p\u00e5 tvers av tradisjonelle sektorer<\/li><li>s\u00f8rge for tiltaksplasser i bydelen i samarbeid med NAV hvor yrkeshemmede f\u00e5r mulighet til \u00e5 pr\u00f8ve seg ut med tanke p\u00e5 tilbakef\u00f8ring til arbeidslivet<\/li><\/ul><h3><strong><em>Alderdom etter eget hode<\/em><\/strong><\/h3><p>H\u00f8yre setter enkeltindividet i sentrum uansett alder. De fleste eldre har et aktivt liv, og deltar i foreninger, n\u00e6rmilj\u00f8 og samfunnsliv, og er derigjennom en berikelse for n\u00e6rmilj\u00f8ene. Samtidig trenger mange eldre bistand, noe de skal f\u00e5 basert p\u00e5 egne behov og ut fra egne premisser.<\/p><p>Eldre skal kunne bo lengst mulig i eget hjem. Derfor er det viktig med god hjelp i hjemmet. H\u00f8yre vil videref\u00f8re ordningen med fritt valg av hjemmehjelp og vil pr\u00f8ve ut fritt valg av hjemmesykepleie. H\u00f8yre garanterer de eldre rett til selv \u00e5 kj\u00f8pe tilleggstjenester dersom de \u00f8nsker det. H\u00f8yre vil ha flere boformer, eksempelvis bofellesskap for eldre og spesialiserte botilbud for demensrammede personer.<\/p><p>H\u00f8yre vil st\u00f8tte opp om private s\u00e5 vel som offentlige etableringer innen den institusjonsbaserte eldreomsorgen, og i forhold til etablering av tilrettelagte hjem med d\u00f8gnkontinuerlig oppf\u00f8lging.<\/p><p>Eldre og pleietrengende skal selv f\u00e5 velge hvilket sykehjem de \u00f8nsker \u00e5 bo p\u00e5. Bydelen skal kj\u00f8pe plass ved det sykehjem den enkelte \u00f8nsker uavhengig av eierskap og geografisk plassering. Dette skal ogs\u00e5 gjelde sykehjem utenfor Oslo og Norge.<\/p><p>H\u00f8yre vil at kvaliteten p\u00e5 de ulike tjenester bydelen tilbyr skal m\u00e5les p\u00e5 kvalitet og vil sikre at det settes \u00e5rlige forbedringsm\u00e5l.<\/p><p><strong>H\u00f8yre vil:<\/strong><\/p><ul><li>sikre full aktivitet ved eldresentrene i bydelen, men se p\u00e5 administrative forbedringer<\/li><li>utvikle en fasthjelpsordning i hjemmehjelpen og hjemmesykepleien, slik at brukerne f\u00e5r f\u00e6rrest mulig hjelpere \u00e5 forholde seg til. Den enkelte skal selv f\u00e5 bestemme hvem som skal utf\u00f8re tjenesten<\/li><li>at alle som har et behov for sykehjemsplass skal f\u00e5 et tilbud i l\u00f8pet av fire uker<\/li><li>etablere fritt sykehjemsvalg over hele landet for bydelens eldre<\/li><li>bedre informasjonen til eldre og p\u00e5r\u00f8rende om deres rettigheter og muligheter<\/li><\/ul><h2><strong><em>Bymilj\u00f8 og trafikk<\/em><\/strong><\/h2><p>Frogner er en viktig del av den bl\u00e5gr\u00f8nne byen. Utviklingen av Filipstad og arbeidet for \u00e5 legge E18 ved Frognerstranda i tunnel er spesielt viktige tiltak for \u00e5 bedre milj\u00f8et i bydelen.<\/p><p>H\u00f8yre \u00f8nsker \u00e5 redusere belastningen p\u00e5 veinettet p\u00e5 Bygd\u00f8y i forhold til dagens niv\u00e5 n\u00e5r det gjelder trafikk til strendene og til museene. Dette skal skje gjennom et forbedret kollektivtilbud med en h\u00f8yfrekvent fergeforbindelse fra Fornebu via Bygd\u00f8y til sentrum.<\/p><p>H\u00f8yre krever at byens busslinjer skal trafikkeres med milj\u00f8busser. H\u00f8yre vil avvente resultatet av fors\u00f8ket med beboerparkering f\u00f8r et slikt tiltak vurderes p\u00e5 generell basis.<\/p><p><strong>H\u00f8yre vil:<\/strong><\/p><ul><li>ta et krafttak mot fors\u00f8pling, ved blant annet \u00e5 opprette flere ryddepatruljer<\/li><li>oppgradere Thomas Hefteys plass og arbeidet for at Bygd\u00f8y all\u00e9 skal bli en milj\u00f8gate med redusert trafikkbelastning, lavere fartsgrense, \u00f8kt beplantning og flere benker<\/li><li>at E18 langs Frognerstranda legges i tunnel under bakken og at omr\u00e5det \u00e5pnes opp som rekreasjonsomr\u00e5de<\/li><li>verne om sm\u00e5husplanen og dens intensjoner<\/li><li>sikre universell utforming av publikumsrettede bygg og anlegg i bydelen<\/li><li>videreutvikle g\u00e5rdsrommene i kvartalstrukturen og derved s\u00f8rge for nye gr\u00f8ntomr\u00e5der<\/li><li>utvide antall bysykkelterminaler og arbeidet for at det overordnede sykkelveinettet blir ferdigstilt i bydelen<\/li><li>endre parkeringsnormen slik at nybygg p\u00e5legges \u00e5 bygge flere parkeringsplasser<\/li><li>ha flere private parkeringshus og garasjeanlegg i bydelen<\/li><li>utrede og vurdere mulighetene for nye parkeringsl\u00f8sninger som for eksempel parkeringskulverter i egnede gater<\/li><li>vurdere behovet for gateparkering opp mot alternativ bruk, som for eksempel sykkelvei og gatetun n\u00e5r parkeringsanlegg er etablert i et omr\u00e5de<\/li><li>bygge Homansbyen t-banestasjon<\/li><li>arbeide for at Majorstuekrysset videreutvikles og at Majorstuen stasjon bygges under bakken og trekkes n\u00e6rmere Valkyrie plass.<\/li><\/ul><h3><strong><em>Filipstad<\/em><\/strong><\/h3><p>H\u00f8yre \u00f8nsker at fergeterminalen flyttes slik at Filipstad kan reguleres for byutvikling og bli et omr\u00e5de med et aktivt n\u00e6ringsliv og et stort boligomr\u00e5de med barnehager og skoler, parkering og gr\u00f8nne lunger. Bebyggelsen i omr\u00e5de skal v\u00e6re i variert h\u00f8yde og utforming og samtidig passe naturlig inn mot i den bakenforliggende bebyggelse.<\/p><h3><strong><em>Park og friomr\u00e5der<\/em><\/strong><\/h3><p>Frognerparken er landets mest bes\u00f8kte rekreasjons- og turistomr\u00e5de. Frogner H\u00f8yre \u00f8nsker \u00e5 ta vare p\u00e5 og videreutvikle Vigelandsanlegget sammen med Frogner hovedg\u00e5rd, idrettsanleggene og de \u00f8vrige parkomr\u00e5der i pakt med tidens krav.<\/p><p>Bygd\u00f8y Kongsg\u00e5rd og omr\u00e5det rundt er et av Oslos mest unike rekreasjonsomr\u00e5der. Frogner H\u00f8yre st\u00f8tter arbeidet med vern og regulering av sjelden natur, kulturmilj\u00f8, opparbeiding av strandomr\u00e5dene syd for Paradisbukta, samt omr\u00e5dene ved Bygd\u00f8 Sj\u00f8bad\/Killingen til seil- og servicesenter, b\u00e5thavn og parkeringsplass.<\/p><p>Badeplassene p\u00e5 Bygd\u00f8y er viktige rekreasjonsomr\u00e5der for alle byens innbyggere, og Frogner H\u00f8yre vil arbeide for at disse skal oppgraderes.<\/p><p><strong>H\u00f8yre vil:<\/strong><\/p><ul><li>verne om og videreutvikle Frognerparken<\/li><li>s\u00f8rge for et balansert vern av Bygd\u00f8ys kulturinstitusjoner<\/li><li>oppgradere Huk ved \u00e5 s\u00f8rge for nye toaletter, nytt stupebrett og en opprensking av strendene<\/li><\/ul><h2><strong><em>Kultur og levende n\u00e6rmilj\u00f8er<\/em><\/strong><\/h2><p>Dagens samfunn utvikler seg i mange retninger parallelt. Derfor er det en utfordring \u00e5 skape pusterom, og tilrettelegge for m\u00f8teplasser mellom mennesker. H\u00f8yre \u00f8nsker levende n\u00e6rmilj\u00f8er der beboere og bes\u00f8kende tar hensyn til hverandre. Det m\u00e5 skapes en balanse mellom et godt og trygt n\u00e6rmilj\u00f8 og et aktivt n\u00e6ringsliv.<\/p><p><strong>H\u00f8yre vil:<\/strong><\/p><ul><li>at bydelen fortsatt skal ha 2 aktive frivillighetssentraler<\/li><li>videreutvikle samarbeidet mellom bydelen og velforeningene og andre organisasjoner i bydelen<\/li><li>ha nulltoleranse mot tagging<\/li><li>motarbeide tiggingen som har bredt om seg i bydelen<\/li><\/ul><p>I de senere \u00e5rene har bydelen v\u00e5r f\u00e5tt et mer pulserende cafe og restauranttilbud som har skapt positive ringvirkninger i n\u00e6rmilj\u00f8et. Frogner H\u00f8yre ser det positive i et blomstrende uteliv, med mange m\u00f8teplasser.<\/p><p><strong>H\u00f8yre vil:<\/strong><\/p><ul><li>at skjenkebevillinger som utgangspunkt skal v\u00e6re lett \u00e5 f\u00e5, men ogs\u00e5 lett \u00e5 miste ved betydelige overtredelser<\/li><li>at utesteder som \u00f8nsker \u00e5 holde \u00e5pent nattetid, skal konsentreres om hovedferdsels\u00e5rene i bydelen slik at boligomr\u00e5dene skjermes<\/li><li>fortsatt ha en restriktiv holdning til ute servering i bakg\u00e5rder, for \u00e5 skjerme bomilj\u00f8er<\/li><\/ul><h2>Flere saker fra Frogner H\u00f8yres gamle nettsider<\/h2><p>&nbsp;<\/p>\n[blog column=&raquo;2&#8243; count=&raquo;30&#8243; cat=&raquo;24&#8243; imageType=&raquo;default&raquo;]\n<\/div>\n<div class=\"tags\">\n\t<\/div>\n<div class=\"post-footer alignfull has-background block-editor-block-list__block\" data-align=full>\n\t<div class=\"post-footer-inner\">\n\t\t<h3>Relaterte artikler<\/h3>\n\t\t<div class=\"related-content\"><div class=\"is-card-hoyre\">\n\t<div class=\"teft-card hoyre-teft-card post-teft-card\">\n\t\t<a href=\"https:\/\/hoyre.no\/oslo\/aktuelt\/mdg-moralismen-fornekter-seg-ikke\/\" class=\"teft-card__primary-action\">\n\n\t\t\t\t\t<div class=\"teft-card__media teft-card__media--16-9\">\n\t\t\t\t\t\t<img loading=\"lazy\" decoding=\"async\" width=\"768\" height=\"512\" src=\"https:\/\/hoyre.no\/content\/uploads\/sites\/408\/2024\/01\/QZQlxtOC-768x512.jpeg\" class=\"attachment-medium_large size-medium_large\" alt=\"Merete Agerbak-Jensen\" srcset=\"https:\/\/hoyre.no\/content\/uploads\/sites\/408\/2024\/01\/QZQlxtOC-768x512.jpeg 768w, https:\/\/hoyre.no\/content\/uploads\/sites\/408\/2024\/01\/QZQlxtOC-300x200.jpeg 300w, https:\/\/hoyre.no\/content\/uploads\/sites\/408\/2024\/01\/QZQlxtOC-1024x683.jpeg 1024w, https:\/\/hoyre.no\/content\/uploads\/sites\/408\/2024\/01\/QZQlxtOC-1536x1024.jpeg 1536w, https:\/\/hoyre.no\/content\/uploads\/sites\/408\/2024\/01\/QZQlxtOC-2048x1365.jpeg 2048w\" sizes=\"auto, (max-width: 768px) 100vw, 768px\" \/>\t\t<\/div>\n\t\t\n\t\t\t<div class=\"teft-card__content-wrapper\">\n\t\t\t\t<div class=\"teft-card__secondary\">\n\t\t\t\t\t\n\t\t\t\t\t\t\t\t<div class=\"teft-card__meta\">\n\t\t\t\t\t\t\t\t\t<span class=\"post-date\">23. apr 2026<\/span>\n\n\t\t\t\t\t\t\t\t\t<span class=\"post-category\">Vil utvide skjenketidene:<\/span>\t\t\t\t\t\t\t\t<\/div>\n\t\t\t\t\t\t\t\t\t\t\t<\/div>\n\n\t\t\t\t<div class=\"teft-card__primary\">\n\t\t\t\t\t<h2 class=\"teft-card__title\">MDG-moralismen fornekter seg ikke&nbsp;<span class=\"teft-card__primary-title-append\"><\/span><\/h2>\t\t\t\t<\/div>\n\t\t\t<\/div>\n\t\t<\/a>\n\t<\/div>\n\n\t<\/div><div class=\"is-card-hoyre\">\n\t<div class=\"teft-card hoyre-teft-card post-teft-card\">\n\t\t<a href=\"https:\/\/hoyre.no\/oslo\/aktuelt\/raskere-og-enklere-a-bygge-boliger-og-skape-arbeidsplasser-i-oslo\/\" class=\"teft-card__primary-action\">\n\n\t\t\t\t\t<div class=\"teft-card__media teft-card__media--16-9\">\n\t\t\t\t\t\t<img loading=\"lazy\" decoding=\"async\" width=\"768\" height=\"576\" src=\"https:\/\/hoyre.no\/content\/uploads\/sites\/408\/2026\/04\/Eirik-Lae-Solberg-og-Anita-Leirvik-North-768x576.jpg\" class=\"attachment-medium_large size-medium_large\" alt=\"\" srcset=\"https:\/\/hoyre.no\/content\/uploads\/sites\/408\/2026\/04\/Eirik-Lae-Solberg-og-Anita-Leirvik-North-768x576.jpg 768w, https:\/\/hoyre.no\/content\/uploads\/sites\/408\/2026\/04\/Eirik-Lae-Solberg-og-Anita-Leirvik-North-300x225.jpg 300w, https:\/\/hoyre.no\/content\/uploads\/sites\/408\/2026\/04\/Eirik-Lae-Solberg-og-Anita-Leirvik-North.jpg 901w\" sizes=\"auto, (max-width: 768px) 100vw, 768px\" \/>\t\t<\/div>\n\t\t\n\t\t\t<div class=\"teft-card__content-wrapper\">\n\t\t\t\t<div class=\"teft-card__secondary\">\n\t\t\t\t\t\n\t\t\t\t\t\t\t\t<div class=\"teft-card__meta\">\n\t\t\t\t\t\t\t\t\t<span class=\"post-date\">14. apr 2026<\/span>\n\n\t\t\t\t\t\t\t\t\t<span class=\"post-category\">Har lagt frem ny KPA:<\/span>\t\t\t\t\t\t\t\t<\/div>\n\t\t\t\t\t\t\t\t\t\t\t<\/div>\n\n\t\t\t\t<div class=\"teft-card__primary\">\n\t\t\t\t\t<h2 class=\"teft-card__title\">Raskere og enklere \u00e5 bygge boliger og skape arbeidsplasser i Oslo&nbsp;<span class=\"teft-card__primary-title-append\"><\/span><\/h2>\t\t\t\t<\/div>\n\t\t\t<\/div>\n\t\t<\/a>\n\t<\/div>\n\n\t<\/div><div class=\"is-card-hoyre\">\n\t<div class=\"teft-card hoyre-teft-card post-teft-card\">\n\t\t<a href=\"https:\/\/hoyre.no\/oslo\/aktuelt\/bedre-elevresultater-og-en-skoleokonomi-i-balanse-med-blagront-byrad\/\" class=\"teft-card__primary-action\">\n\n\t\t\t\t\t<div class=\"teft-card__media teft-card__media--16-9\">\n\t\t\t\t\t\t<img loading=\"lazy\" decoding=\"async\" width=\"768\" height=\"512\" src=\"https:\/\/hoyre.no\/content\/uploads\/sites\/408\/2025\/05\/IMG_6440-768x512.jpeg\" class=\"attachment-medium_large size-medium_large\" alt=\"Julie Remen Midtgarden\" srcset=\"https:\/\/hoyre.no\/content\/uploads\/sites\/408\/2025\/05\/IMG_6440-768x512.jpeg 768w, https:\/\/hoyre.no\/content\/uploads\/sites\/408\/2025\/05\/IMG_6440-300x200.jpeg 300w, https:\/\/hoyre.no\/content\/uploads\/sites\/408\/2025\/05\/IMG_6440-1024x683.jpeg 1024w, https:\/\/hoyre.no\/content\/uploads\/sites\/408\/2025\/05\/IMG_6440-1536x1024.jpeg 1536w, https:\/\/hoyre.no\/content\/uploads\/sites\/408\/2025\/05\/IMG_6440-2048x1365.jpeg 2048w\" sizes=\"auto, (max-width: 768px) 100vw, 768px\" \/>\t\t<\/div>\n\t\t\n\t\t\t<div class=\"teft-card__content-wrapper\">\n\t\t\t\t<div class=\"teft-card__secondary\">\n\t\t\t\t\t\n\t\t\t\t\t\t\t\t<div class=\"teft-card__meta\">\n\t\t\t\t\t\t\t\t\t<span class=\"post-date\">26. mar 2026<\/span>\n\n\t\t\t\t\t\t\t\t\t<span class=\"post-category\">Osloskolen er p\u00e5 rett vei:<\/span>\t\t\t\t\t\t\t\t<\/div>\n\t\t\t\t\t\t\t\t\t\t\t<\/div>\n\n\t\t\t\t<div class=\"teft-card__primary\">\n\t\t\t\t\t<h2 class=\"teft-card__title\">Bedre elevresultater og en skole\u00f8konomi i balanse med bl\u00e5gr\u00f8nt byr\u00e5d&nbsp;<span class=\"teft-card__primary-title-append\"><\/span><\/h2>\t\t\t\t<\/div>\n\t\t\t<\/div>\n\t\t<\/a>\n\t<\/div>\n\n\t<\/div><\/div>\t<\/div>\n<\/div>\n","protected":false},"excerpt":{"rendered":"","protected":false},"author":0,"featured_media":0,"comment_status":"closed","ping_status":"closed","sticky":false,"template":"","format":"standard","meta":{"teft_cards_image_url":"","teft_cards_custom_pretitle":"","teft_cards_image_id":0,"teft_cards_image_focal_point_x":0,"teft_cards_image_focal_point_y":0,"teft_cards_title":"","teft_cards_excerpt":"","teft_show_chapters":false,"author_display_name":"Oslo H\u00f8yre","footnotes":""},"category":[1],"post_tag":[],"hoyre-visibility":[],"article-type":[],"politician":[],"class_list":["post-1935","post","type-post","status-publish","format-standard","hentry","category-nyheter"],"yoast_head":"<!-- This site is optimized with the Yoast SEO Premium plugin v26.5 (Yoast SEO v26.6) - https:\/\/yoast.com\/wordpress\/plugins\/seo\/ -->\n<title>2007 \u2013 Bydelsprogram Frogner H\u00f8yre - Oslo H\u00f8yre<\/title>\n<meta name=\"robots\" content=\"index, follow, max-snippet:-1, max-image-preview:large, max-video-preview:-1\" \/>\n<link rel=\"canonical\" href=\"https:\/\/hoyre.no\/oslo\/aktuelt\/2007-bydelsprogram-frogner-hoyre\/\" \/>\n<meta property=\"og:locale\" content=\"nb_NO\" \/>\n<meta property=\"og:type\" content=\"article\" \/>\n<meta property=\"og:title\" content=\"2007 \u2013 Bydelsprogram Frogner H\u00f8yre\" \/>\n<meta property=\"og:url\" content=\"https:\/\/hoyre.no\/oslo\/aktuelt\/2007-bydelsprogram-frogner-hoyre\/\" \/>\n<meta property=\"og:site_name\" content=\"Oslo H\u00f8yre\" \/>\n<meta property=\"article:publisher\" content=\"https:\/\/www.facebook.com\/oslo.hoyre\" \/>\n<meta property=\"article:published_time\" content=\"2007-04-17T22:27:00+00:00\" \/>\n<meta property=\"article:modified_time\" content=\"2022-09-26T13:07:12+00:00\" \/>\n<meta property=\"og:image\" content=\"https:\/\/hoyre.no\/content\/uploads\/sites\/408\/2022\/11\/Hoyres-logo.png\" \/>\n\t<meta property=\"og:image:width\" content=\"1000\" \/>\n\t<meta property=\"og:image:height\" content=\"1000\" \/>\n\t<meta property=\"og:image:type\" content=\"image\/png\" \/>\n<meta name=\"twitter:card\" content=\"summary_large_image\" \/>\n<meta name=\"twitter:label1\" content=\"Ansl. lesetid\" \/>\n\t<meta name=\"twitter:data1\" content=\"10 minutter\" \/>\n<script type=\"application\/ld+json\" class=\"yoast-schema-graph\">{\"@context\":\"https:\/\/schema.org\",\"@graph\":[{\"@type\":\"Article\",\"@id\":\"https:\/\/hoyre.no\/oslo\/aktuelt\/2007-bydelsprogram-frogner-hoyre\/#article\",\"isPartOf\":{\"@id\":\"https:\/\/hoyre.no\/oslo\/aktuelt\/2007-bydelsprogram-frogner-hoyre\/\"},\"author\":{\"name\":\"\",\"@id\":\"\"},\"headline\":\"2007 \u2013 Bydelsprogram Frogner H\u00f8yre\",\"datePublished\":\"2007-04-17T22:27:00+00:00\",\"dateModified\":\"2022-09-26T13:07:12+00:00\",\"mainEntityOfPage\":{\"@id\":\"https:\/\/hoyre.no\/oslo\/aktuelt\/2007-bydelsprogram-frogner-hoyre\/\"},\"wordCount\":1982,\"publisher\":{\"@id\":\"https:\/\/hoyre.no\/oslo\/#organization\"},\"articleSection\":[\"Nyheter\"],\"inLanguage\":\"nb-NO\"},{\"@type\":\"NewsArticle\",\"@id\":\"https:\/\/hoyre.no\/oslo\/aktuelt\/2007-bydelsprogram-frogner-hoyre\/\",\"url\":\"https:\/\/hoyre.no\/oslo\/aktuelt\/2007-bydelsprogram-frogner-hoyre\/\",\"name\":\"2007 \u2013 Bydelsprogram Frogner H\u00f8yre - Oslo H\u00f8yre\",\"isPartOf\":{\"@id\":\"https:\/\/hoyre.no\/oslo\/#website\"},\"datePublished\":\"2007-04-17T22:27:00+00:00\",\"dateModified\":\"2022-09-26T13:07:12+00:00\",\"breadcrumb\":{\"@id\":\"https:\/\/hoyre.no\/oslo\/aktuelt\/2007-bydelsprogram-frogner-hoyre\/#breadcrumb\"},\"inLanguage\":\"nb-NO\",\"potentialAction\":[{\"@type\":\"ReadAction\",\"target\":[\"https:\/\/hoyre.no\/oslo\/aktuelt\/2007-bydelsprogram-frogner-hoyre\/\"]}]},{\"@type\":\"BreadcrumbList\",\"@id\":\"https:\/\/hoyre.no\/oslo\/aktuelt\/2007-bydelsprogram-frogner-hoyre\/#breadcrumb\",\"itemListElement\":[{\"@type\":\"ListItem\",\"position\":1,\"name\":\"Til hoyre.no\",\"item\":\"https:\/\/hoyre.no\"},{\"@type\":\"ListItem\",\"position\":2,\"name\":\"Hjem\",\"item\":\"https:\/\/hoyre.no\/oslo\/\"},{\"@type\":\"ListItem\",\"position\":3,\"name\":\"2007 \u2013 Bydelsprogram Frogner H\u00f8yre\"}]},{\"@type\":\"WebSite\",\"@id\":\"https:\/\/hoyre.no\/oslo\/#website\",\"url\":\"https:\/\/hoyre.no\/oslo\/\",\"name\":\"Oslo H\u00f8yre\",\"description\":\"\",\"publisher\":{\"@id\":\"https:\/\/hoyre.no\/oslo\/#organization\"},\"inLanguage\":\"nb-NO\"},{\"@type\":\"Organization\",\"@id\":\"https:\/\/hoyre.no\/oslo\/#organization\",\"name\":\"Oslo H\u00f8yre\",\"url\":\"https:\/\/hoyre.no\/oslo\/\",\"logo\":{\"@type\":\"ImageObject\",\"inLanguage\":\"nb-NO\",\"@id\":\"https:\/\/hoyre.no\/oslo\/#\/schema\/logo\/image\/\",\"url\":\"https:\/\/hoyre.no\/content\/uploads\/sites\/408\/2022\/11\/Hoyres-logo.png\",\"contentUrl\":\"https:\/\/hoyre.no\/content\/uploads\/sites\/408\/2022\/11\/Hoyres-logo.png\",\"width\":1000,\"height\":1000,\"caption\":\"Oslo H\u00f8yre\"},\"image\":{\"@id\":\"https:\/\/hoyre.no\/oslo\/#\/schema\/logo\/image\/\"},\"sameAs\":[\"https:\/\/www.facebook.com\/oslo.hoyre\"]}]}<\/script>\n<!-- \/ Yoast SEO Premium plugin. -->","yoast_head_json":{"title":"2007 \u2013 Bydelsprogram Frogner H\u00f8yre - Oslo H\u00f8yre","robots":{"index":"index","follow":"follow","max-snippet":"max-snippet:-1","max-image-preview":"max-image-preview:large","max-video-preview":"max-video-preview:-1"},"canonical":"https:\/\/hoyre.no\/oslo\/aktuelt\/2007-bydelsprogram-frogner-hoyre\/","og_locale":"nb_NO","og_type":"article","og_title":"2007 \u2013 Bydelsprogram Frogner H\u00f8yre","og_url":"https:\/\/hoyre.no\/oslo\/aktuelt\/2007-bydelsprogram-frogner-hoyre\/","og_site_name":"Oslo H\u00f8yre","article_publisher":"https:\/\/www.facebook.com\/oslo.hoyre","article_published_time":"2007-04-17T22:27:00+00:00","article_modified_time":"2022-09-26T13:07:12+00:00","og_image":[{"width":1000,"height":1000,"url":"https:\/\/hoyre.no\/content\/uploads\/sites\/408\/2022\/11\/Hoyres-logo.png","type":"image\/png"}],"twitter_card":"summary_large_image","twitter_misc":{"Ansl. lesetid":"10 minutter"},"schema":{"@context":"https:\/\/schema.org","@graph":[{"@type":"Article","@id":"https:\/\/hoyre.no\/oslo\/aktuelt\/2007-bydelsprogram-frogner-hoyre\/#article","isPartOf":{"@id":"https:\/\/hoyre.no\/oslo\/aktuelt\/2007-bydelsprogram-frogner-hoyre\/"},"author":{"name":"","@id":""},"headline":"2007 \u2013 Bydelsprogram Frogner H\u00f8yre","datePublished":"2007-04-17T22:27:00+00:00","dateModified":"2022-09-26T13:07:12+00:00","mainEntityOfPage":{"@id":"https:\/\/hoyre.no\/oslo\/aktuelt\/2007-bydelsprogram-frogner-hoyre\/"},"wordCount":1982,"publisher":{"@id":"https:\/\/hoyre.no\/oslo\/#organization"},"articleSection":["Nyheter"],"inLanguage":"nb-NO"},{"@type":"NewsArticle","@id":"https:\/\/hoyre.no\/oslo\/aktuelt\/2007-bydelsprogram-frogner-hoyre\/","url":"https:\/\/hoyre.no\/oslo\/aktuelt\/2007-bydelsprogram-frogner-hoyre\/","name":"2007 \u2013 Bydelsprogram Frogner H\u00f8yre - Oslo H\u00f8yre","isPartOf":{"@id":"https:\/\/hoyre.no\/oslo\/#website"},"datePublished":"2007-04-17T22:27:00+00:00","dateModified":"2022-09-26T13:07:12+00:00","breadcrumb":{"@id":"https:\/\/hoyre.no\/oslo\/aktuelt\/2007-bydelsprogram-frogner-hoyre\/#breadcrumb"},"inLanguage":"nb-NO","potentialAction":[{"@type":"ReadAction","target":["https:\/\/hoyre.no\/oslo\/aktuelt\/2007-bydelsprogram-frogner-hoyre\/"]}]},{"@type":"BreadcrumbList","@id":"https:\/\/hoyre.no\/oslo\/aktuelt\/2007-bydelsprogram-frogner-hoyre\/#breadcrumb","itemListElement":[{"@type":"ListItem","position":1,"name":"Til hoyre.no","item":"https:\/\/hoyre.no"},{"@type":"ListItem","position":2,"name":"Hjem","item":"https:\/\/hoyre.no\/oslo\/"},{"@type":"ListItem","position":3,"name":"2007 \u2013 Bydelsprogram Frogner H\u00f8yre"}]},{"@type":"WebSite","@id":"https:\/\/hoyre.no\/oslo\/#website","url":"https:\/\/hoyre.no\/oslo\/","name":"Oslo H\u00f8yre","description":"","publisher":{"@id":"https:\/\/hoyre.no\/oslo\/#organization"},"inLanguage":"nb-NO"},{"@type":"Organization","@id":"https:\/\/hoyre.no\/oslo\/#organization","name":"Oslo H\u00f8yre","url":"https:\/\/hoyre.no\/oslo\/","logo":{"@type":"ImageObject","inLanguage":"nb-NO","@id":"https:\/\/hoyre.no\/oslo\/#\/schema\/logo\/image\/","url":"https:\/\/hoyre.no\/content\/uploads\/sites\/408\/2022\/11\/Hoyres-logo.png","contentUrl":"https:\/\/hoyre.no\/content\/uploads\/sites\/408\/2022\/11\/Hoyres-logo.png","width":1000,"height":1000,"caption":"Oslo H\u00f8yre"},"image":{"@id":"https:\/\/hoyre.no\/oslo\/#\/schema\/logo\/image\/"},"sameAs":["https:\/\/www.facebook.com\/oslo.hoyre"]}]}},"distributor_meta":false,"distributor_terms":false,"distributor_media":false,"distributor_original_site_name":"Oslo H\u00f8yre","distributor_original_site_url":"https:\/\/hoyre.no\/oslo","push-errors":false,"_links":{"self":[{"href":"https:\/\/hoyre.no\/oslo\/wp-json\/wp\/v2\/posts\/1935","targetHints":{"allow":["GET"]}}],"collection":[{"href":"https:\/\/hoyre.no\/oslo\/wp-json\/wp\/v2\/posts"}],"about":[{"href":"https:\/\/hoyre.no\/oslo\/wp-json\/wp\/v2\/types\/post"}],"replies":[{"embeddable":true,"href":"https:\/\/hoyre.no\/oslo\/wp-json\/wp\/v2\/comments?post=1935"}],"version-history":[{"count":1,"href":"https:\/\/hoyre.no\/oslo\/wp-json\/wp\/v2\/posts\/1935\/revisions"}],"predecessor-version":[{"id":3092,"href":"https:\/\/hoyre.no\/oslo\/wp-json\/wp\/v2\/posts\/1935\/revisions\/3092"}],"wp:attachment":[{"href":"https:\/\/hoyre.no\/oslo\/wp-json\/wp\/v2\/media?parent=1935"}],"wp:term":[{"taxonomy":"category","embeddable":true,"href":"https:\/\/hoyre.no\/oslo\/wp-json\/wp\/v2\/category?post=1935"},{"taxonomy":"post_tag","embeddable":true,"href":"https:\/\/hoyre.no\/oslo\/wp-json\/wp\/v2\/post_tag?post=1935"},{"taxonomy":"hoyre-visibility","embeddable":true,"href":"https:\/\/hoyre.no\/oslo\/wp-json\/wp\/v2\/hoyre-visibility?post=1935"},{"taxonomy":"article-type","embeddable":true,"href":"https:\/\/hoyre.no\/oslo\/wp-json\/wp\/v2\/article-type?post=1935"},{"taxonomy":"politician","embeddable":true,"href":"https:\/\/hoyre.no\/oslo\/wp-json\/wp\/v2\/politician?post=1935"}],"curies":[{"name":"wp","href":"https:\/\/api.w.org\/{rel}","templated":true}]}}