{"id":1955,"date":"2004-09-17T19:44:26","date_gmt":"2004-09-17T19:44:26","guid":{"rendered":"https:\/\/hoyre.no\/oslo\/aktuelt\/2004-fakta-om-eu-og-eos\/"},"modified":"2022-09-26T15:07:16","modified_gmt":"2022-09-26T13:07:16","slug":"2004-fakta-om-eu-og-eos","status":"publish","type":"post","link":"https:\/\/hoyre.no\/oslo\/aktuelt\/2004-fakta-om-eu-og-eos\/","title":{"rendered":"2004 \u2013 Fakta om EU og E\u00d8S"},"content":{"rendered":"<figure class=\"hoyre-image-wrapper\"><div class=\"hoyre-image\"><img loading=\"lazy\" decoding=\"async\" width=\"1024\" height=\"361\" src=\"https:\/\/hoyre.no\/content\/uploads\/sites\/408\/2022\/09\/Hoyrehjerter.jpg\" class=\"attachment-scaled size-scaled\" alt=\"H\u00f8yrehjerter\" style=\"object-position: 50% 50%\" srcset=\"https:\/\/hoyre.no\/content\/uploads\/sites\/408\/2022\/09\/Hoyrehjerter.jpg 1024w, https:\/\/hoyre.no\/content\/uploads\/sites\/408\/2022\/09\/Hoyrehjerter-300x106.jpg 300w, https:\/\/hoyre.no\/content\/uploads\/sites\/408\/2022\/09\/Hoyrehjerter-768x271.jpg 768w\" sizes=\"auto, (max-width: 1024px) 100vw, 1024px\" \/><\/div><\/figure><div id=\"hoyre-old-article-content-wrapper\"><h1>Fakta om EU og E\u00d8S<\/h1>\n[framed_box width=&raquo;300px&raquo; align=&raquo;right&raquo;]\n<h2>Gammel sak<\/h2><p>Denne saken er kopiert fra den gamle siden til Frogner H\u00f8yre og er ikke lengre aktuell. Vi tar vare p\u00e5 den av historiske grunner.<\/p>\n[\/framed_box]\n<p><strong>I denne artikkelen kan du oppdatere deg p\u00e5 viktige fakta om EU og E\u00d8S<\/strong><\/p><p>**E\u00d8S samarbeidet**<\/p><p>Dette tr\u00e5dte i kraft 1. januar 1994. Med E\u00d8S avtalen ble Norge fullt integrert i EUs indre marked og omfattet av de fire friheter. Disse inneb\u00e6rer fri bevegelse av varer, tjenester, personer og kapital. E\u00d8S avtalen erstattet Norges frihandelsavtale fra 1973, og omfatter p\u00e5 EFTA siden ogs\u00e5 Liechtenstein og Island. Med EU best\u00e5r E\u00d8S f\u00f8r utvidelsen den 1. mai 2004 av 18 medlemsland og 380 millioner innbyggere og er verdens st\u00f8rste hjemmemarked. De samme konkurranseregler gjelder for alle personer og \u00f8konomiske akt\u00f8rer. E\u00d8S avtalen inkluderer ogs\u00e5 politisk samarbeid samt mulighet for deltagelse i programmer. I dag deltar EFTA medlemslandene i E\u00d8S i mer enn 30 ulike programmer p\u00e5 omr\u00e5der som forskning, milj\u00f8, utdannelse, energi og kultur.<\/p><p>Det er egne organer og beslutningsprosedyrer som sikrer at nye EU regler blir vedtatt og implementert i norsk lov. Avtalen inneb\u00e6rer ikke formelt at Norge avgir suverenitet, men i praksis har Norge heller ikke nevneverdig innflytelse p\u00e5 EUs vedtak. I realiteten avgir Norge mer suverenitet og makt som E\u00d8S land enn hvis vi hadde v\u00e6rt medlem i EU. Norge har sv\u00e6rt begrenset innflytelse p\u00e5 utformingen av de lover og bestemmelser som blir laget i EU, og som Norge m\u00e5 gjennomf\u00f8re gjennom E\u00d8S avtalen. Det betyr at prinsippet om like vilk\u00e5r for alle innen det indre marked virker slik for Norges del at Norge m\u00e5 gjennomf\u00f8re vedtak som allerede er gjort i EU.<\/p><p>Et eget EFTA overv\u00e5kningsorgan, ESA, s\u00f8rger for at reglene blir fulgt opp. Dersom det oppst\u00e5r tvister behandles disse i den felles E\u00d8S komiteen og av EF-domstolen eller EFTA-domstolen.<\/p><p>P\u00e5 omr\u00e5der som E\u00d8S avtalen ikke dekker, har Norge forhandlet frem tosidige eller bilaterale avtaler. Dette gjelder for eksempel Schengenavtalen og deltakelse i programmer som ikke er omfattet av E\u00d8S avtalen.<\/p><p><strong>Den Europeiske Union<\/strong><\/p><p>Den Europeiske Union, EU, er et internasjonalt samarbeidsprosjekt mellom europeiske land. Det ble opprettet for \u00e5 hindre at europeiske stater noen gang igjen skulle g\u00e5 til krig mot hverandre. EU skiller seg fra andre internasjonale samarbeidsprosjekter \u2013 som Europar\u00e5det \u2013 ved at man har en egen m\u00e5te \u00e5 fatte felles beslutninger p\u00e5, at man har bygget opp felles institusjoner, et felles rettssikkerhetssystem for konfliktl\u00f8sninger og for at felles beslutninger etterleves av medlemslandene. EU er ogs\u00e5 s\u00e6regent ved at det er i stadig utvikling b\u00e5de i form og innhold.<\/p><p>\u00d8konomisk samarbeid var sentralt fra begynnelsen som en viktig drivkraft. Men i kj\u00f8lvannet av dette ble EU som et politisk prosjekt stadig viktigere. Omr\u00e5der som milj\u00f8, forbrukerinteresser, arbeid og rettigheter for borgerne st\u00e5r i dag i sentrum for EUs politiske arbeid. Ikke minst er dette viktig for Norge, med v\u00e5rt lands tilknytning til EU gjennom E\u00d8S avtalen.<\/p><p><strong>Litt historie<\/strong><\/p><p>1957: Romatraktaten ble undertegnet av Belgia, Nederland, Luxembourg, Frankrike, Italia og Tyskland. Dette er de opprinnelige medlemmene av dagens EU. Dette \u00e5ret opprettet de Det europeiske \u00f8konomiske fellesskap (E\u00d8F) og Det europeiske atomenergifelleskap (EURATOM).<\/p><p>1961: Danmark, Irland, Norge og Storbritannia s\u00f8kte f\u00f8rste gang om medlemskap i EF, men Frankrike nedla veto mot nye medlemmer.<\/p><p>1967: Danmark, Irland, Norge og Storbritannia s\u00f8kte for andre gang om medlemskap i EF, men ble ogs\u00e5 n\u00e5 stanset av Frankrike.<\/p><p>1968: Tollunionen ble etablert i EF; all toll mellom de seks medlemslandene ble fjernet samtidig som det ble fastsatt felles tollsatser overfor tredjeland.<\/p><p>1972: I en r\u00e5dgivende folkeavstemning i Norge den 25. september stemte 53,5 % av befolkningen nei til medlemskap i EF.<\/p><p>1973: Danmark, Irland og Storbritannia ble medlemmer av EF, mens Norges frihandelsavtale med EF ble sluttforhandlet og tr\u00e5dte i kraft 1. juli.<\/p><p>1981: Hellas ble medlem.<\/p><p>1985: EF vedtok \u00e5 opprette Det indre marked fra 1. januar 1993. Man vedtok ogs\u00e5 en endring av Romatraktaten ved den s\u00e5kalte Enhetsakten, som innf\u00f8rte flertallsbeslutninger i Ministerr\u00e5det i saker som ang\u00e5r Det indre marked. Enhetsakten tr\u00e5dte i kraft i 1987.<\/p><p>1986: Portugal og Spania ble medlemmer.<\/p><p>1989: EFTA og EF ble enige om \u00e5 forhandle om \u00e5 opprette et felles \u00f8konomisk samarbeidsomr\u00e5de \u2013 E\u00d8S. Samme \u00e5r falt Berlinmuren.<\/p><p>1992: Maastrichttraktaten, eller Traktaten om den Europeiske Union ble undertegnet. 25. november s\u00f8kte Norge om medlemskap i EF.<\/p><p>1994: E\u00d8S-avtalen tr\u00e5dte i kraft. Den 28. november sa 52,3 % av befolkningen nei til norsk medlemskap i EU i en r\u00e5dgivende folkeavstemning.<\/p><p>1995: Sverige, \u00d8sterrike og Finland ble medlemmer av EU.<\/p><p>1999: Den europeiske \u00f8konomiske og monet\u00e6re union tr\u00e5dte i kraft. Euroen ble innf\u00f8rt som elektronisk valuta \u2013 Euromyntene og \u2013sedlene kom i oml\u00f8p fra 1. januar 2002. Amsterdam-traktaten tr\u00e5dte i kraft 1. mai.<\/p><p>2000: Lisboatoppm\u00f8tet vedtok en strategi for \u00f8konomisk reform og sosial utjevning i EU. I desember ble Charteret om Grunnleggende Rettigheter vedtatt. I desember ble ogs\u00e5 Nice-traktaten vedtatt.<\/p><p>2001: Norge ble med i Schengen-samarbeidet.<\/p><p>2004: EU blir utvidet med 10 nye medlemsland den 1. mai.<\/p><p><strong>EUs institusjoner<\/strong><\/p><p><strong>Europakommisjonen<\/strong>\u00a0Dette er EUs ut\u00f8vende organ. Kommisjonen har enerett p\u00e5 \u00e5 foresl\u00e5 ny lovgivning. Den har ogs\u00e5 ansvaret for at det endelige vedtaket blir iverksatt og etterlevet og har myndighet til \u00e5 fatte vedtak innenfor enkelte omr\u00e5der, for eksempel innen konkurransepolitikk. I dag har Kommisjonen 20 kommiss\u00e6rer som blir utpekt for 5 \u00e5rs perioder av medlemslandene, og godkjennes av Europaparlamentet. De 5 st\u00f8rste EU landene har 2 kommiss\u00e6rer, mens de \u00f8vrige har 1. Fra 2005 vil alle medlemslandene ha 1 hver. Kommisjonen leder forvaltningen av EU i Brussel og har ca. 17 000 ansatte. Kommisjonen ledes av en president som siden 1999 har v\u00e6rt Romano Prodi. Kommisjonen har mange ekspertgrupper der bl.a. representanter fra Norge kan delta. Det er ogs\u00e5 mulig for nordmenn \u00e5 arbeide i Kommisjonen for avgrensede perioder som nasjonale eksperter.<\/p><p><strong>Europaparlamentet<\/strong>\u00a0Dette er verdens st\u00f8rste flernasjonale parlament. Det velges hvert femte \u00e5r med direkte valg fra medlemslandene. F\u00f8r utvidelsen har parlamentet 626 representanter. De vedtar lover, godkjenner EUs budsjett, nye medlemsland og Europakommisjonen. Etter at Amsterdamtraktaten tr\u00e5dte i kraft er medbestemmelsesprosedyren blitt den mest brukte beslutningsprosedyren. N\u00e5r denne brukes har Ministerr\u00e5det og Europaparlamentet like stor makt. Parlamentet kan da forkaste forslag de ikke vil godkjenne. Parlamentet m\u00f8tes i Strasbourg og i Brussel. Parlamentets innflytelse har \u00f8ket de siste \u00e5rene. Norge har som ikke-medlemsland ingen medlemmer i Europaparlamentet men H\u00f8yre er medlem av EPP (European Peoples\u2019 Party) som er den st\u00f8rste partigrupperingen i parlamentet. Kristelig Folkeparti er observat\u00f8r i EPP. Likeledes er Arbeiderpartiet med i den sosialdemokratiske partigrupperingen i parlamentet.<\/p><p>**Ministerr\u00e5det** R\u00e5det er EUs besluttende og lovgivende organ sammen med Europaparlamentet. Det best\u00e5r av en minister fra hvert medlemsland; for eksempel m\u00f8tes sosialministrene i sosialpolitiske sp\u00f8rsm\u00e5l. Vedtak fattes med simpelt flertall (51 %), kvalifisert flertall (71 %) eller ved enstemmighet (100 %). Landenes stemmevekt bestemmes av deres st\u00f8rrelse. F\u00f8r utvidelsen er det totalt 87 stemmer, dvs. at kvalifisert flertall krever 62 stemmer. Fra 1. januar 2005 trer en ny stemmefordeling, bygget p\u00e5 Nice-traktaten, i kraft. Gjennom de ulike traktatendringene (se historieavsnittet) har bruken av kvalifisert flertall blitt utvidet. Noen omr\u00e5der krever imidlertid fremdeles enstemmige avgj\u00f8relser. Formannskapet i EU g\u00e5r p\u00e5 omgang mellom medlemslandene hvert halv\u00e5r.<\/p><p>**Det europeiske r\u00e5d** Dette best\u00e5r av stats- og regjeringssjefene fra EUs medlemsland, ved siden av Kommisjonens president. Det europeiske r\u00e5d trekker opp de politiske retningslinjene og s\u00f8rger for fremdrift i EU samarbeidet. R\u00e5det tar ogs\u00e5 avgj\u00f8relser i de viktigste sakene, samt der hvor fagministrene ikke har klart \u00e5 oppn\u00e5 enighet.<\/p><p><strong>EF-domstolen<\/strong>\u00a0Denne har som rolle \u00e5 tolke traktatene og lovverket (Acquis Communautaire) i EU. Den kan d\u00f8mme i alle typer saker som dekkes av EUs felles lover og regler, og kan d\u00f8mme enkeltpersoner, bedrifter og land som bryter disse. Kommisjonen kan anlegge saker og selv bli d\u00f8mt. EF-domstolen har i dag femten dommere (en fra hvert medlemsland f\u00f8r 1. mai 2004) som blir utnevnt for 6 \u00e5r ad gangen. Dommerne utpekes av regjeringene i fellesskap. De blir assistert av ni generaladvokater. P\u00e5 grunn av den \u00f8kende saksmengden ble F\u00f8rsteinstansretten opprettet i 1989 for \u00e5 avhjelpe. EF-domstolen har sete i Luxembourg.<\/p><p>**Den \u00d8konomiske og Sosiale Komite** Denne best\u00e5r av representanter for fagbevegelsene og organisasjonslivet i EU. Den avgir synspunkter i saker om arbeidsliv og sosialpolitikk.<\/p><p><strong>Ombudsmannen<\/strong>\u00a0Ombudsmannen mottar klager fra EU borgere som f\u00f8ler seg urettmessig behandlet av administrasjonen i EUs organer.<\/p><p><strong>EU-lovgivning<\/strong><\/p><p>I dag vedtar EU felles lovgivning for \u00e5 sikre like vilk\u00e5r for konkurranse innen EUs indre marked. Man vedtar ogs\u00e5 enhetlige tekniske standarder for varer og tjenester. Minimumsregler for vilk\u00e5r innen arbeidslivet hindrer sosial dumping. I dag finner det ogs\u00e5 sted en koordinering for \u00e5 sikre velferdssystemet i EU. P\u00e5 samme m\u00e5te arbeides det med felles milj\u00f8standarder. En stor mengde lover og regler gjelder ogs\u00e5 i Norge gjennom E\u00d8S avtalen. Det er fire typer beslutninger som fattes:<\/p><ul><li>Forordninger \u2013 dette er rettsakter som umiddelbart gjelder i medlemslandene, og kan sammenlignes med landenes egne lover.<\/li><li>Direktiver \u2013 disse rettes til medlemslandene og er bindende ved at m\u00e5lsettingen m\u00e5 innfris, men det er opp til hvert medlemsland \u00e5 avgj\u00f8re hvordan de skal implementeres.<\/li><li>Beslutninger \u2013 disse gjelder i enkeltsaker og er bindende for dem de er rettet mot.<\/li><\/ul><p>Henstillinger og meddelelser\/uttalelser \u2013 disse er ikke bindende men utgj\u00f8r bare en oppfordring til dem de er rettet mot.<\/p><p>**E\u00d8S samarbeidet**<\/p><p>Dette tr\u00e5dte i kraft 1. januar 1994. Med E\u00d8S avtalen ble Norge fullt integrert i EUs indre marked og omfattet av de fire friheter. Disse inneb\u00e6rer fri bevegelse av varer, tjenester, personer og kapital. E\u00d8S avtalen erstattet Norges frihandelsavtale fra 1973, og omfatter p\u00e5 EFTA siden ogs\u00e5 Liechtenstein og Island. Med EU best\u00e5r E\u00d8S f\u00f8r utvidelsen den 1. mai 2004 av 18 medlemsland og 380 millioner innbyggere og er verdens st\u00f8rste hjemmemarked. De samme konkurranseregler gjelder for alle personer og \u00f8konomiske akt\u00f8rer. E\u00d8S avtalen inkluderer ogs\u00e5 politisk samarbeid samt mulighet for deltagelse i programmer. I dag deltar EFTA medlemslandene i E\u00d8S i mer enn 30 ulike programmer p\u00e5 omr\u00e5der som forskning, milj\u00f8, utdannelse, energi og kultur.<\/p><p>Det er egne organer og beslutningsprosedyrer som sikrer at nye EU regler blir vedtatt og implementert i norsk lov. Avtalen inneb\u00e6rer ikke at Norge avgir suverenitet, men i praksis har Norge heller ikke nevneverdig innflytelse p\u00e5 EUs vedtak. Det betyr at prinsippet om like vilk\u00e5r for alle innen det indre marked virker slik at Norge m\u00e5 gjennomf\u00f8re vedtak som allerede er gjort i EU. Et eget EFTA overv\u00e5kningsorgan, ESA, s\u00f8rger for at reglene blir fulgt opp. Dersom det oppst\u00e5r tvister behandles disse i den felles E\u00d8S komiteen og av EF-domstolen eller EFTA-domstolen.<\/p><p>P\u00e5 omr\u00e5der som E\u00d8S avtalen ikke dekker, har Norge forhandlet frem tosidige eller bilaterale avtaler. Dette gjelder for eksempel Schengenavtalen og deltakelse i programmer som ikke er omfattet av E\u00d8S avtalen.<\/p><h2>Flere saker fra Frogner H\u00f8yres gamle nettsider<\/h2>\n[blog column=&raquo;2&#8243; count=&raquo;60&#8243; cat=&raquo;24&#8243; imageType=&raquo;default&raquo;]\n<\/div>\n<div class=\"tags\">\n\t<\/div>\n<div class=\"post-footer alignfull has-background block-editor-block-list__block\" data-align=full>\n\t<div class=\"post-footer-inner\">\n\t\t<h3>Relaterte artikler<\/h3>\n\t\t<div class=\"related-content\"><div class=\"is-card-hoyre\">\n\t<div class=\"teft-card hoyre-teft-card post-teft-card\">\n\t\t<a href=\"https:\/\/hoyre.no\/oslo\/aktuelt\/mdg-moralismen-fornekter-seg-ikke\/\" class=\"teft-card__primary-action\">\n\n\t\t\t\t\t<div class=\"teft-card__media teft-card__media--16-9\">\n\t\t\t\t\t\t<img loading=\"lazy\" decoding=\"async\" width=\"768\" height=\"512\" src=\"https:\/\/hoyre.no\/content\/uploads\/sites\/408\/2024\/01\/QZQlxtOC-768x512.jpeg\" class=\"attachment-medium_large size-medium_large\" alt=\"Merete Agerbak-Jensen\" srcset=\"https:\/\/hoyre.no\/content\/uploads\/sites\/408\/2024\/01\/QZQlxtOC-768x512.jpeg 768w, https:\/\/hoyre.no\/content\/uploads\/sites\/408\/2024\/01\/QZQlxtOC-300x200.jpeg 300w, https:\/\/hoyre.no\/content\/uploads\/sites\/408\/2024\/01\/QZQlxtOC-1024x683.jpeg 1024w, https:\/\/hoyre.no\/content\/uploads\/sites\/408\/2024\/01\/QZQlxtOC-1536x1024.jpeg 1536w, https:\/\/hoyre.no\/content\/uploads\/sites\/408\/2024\/01\/QZQlxtOC-2048x1365.jpeg 2048w\" sizes=\"auto, (max-width: 768px) 100vw, 768px\" \/>\t\t<\/div>\n\t\t\n\t\t\t<div class=\"teft-card__content-wrapper\">\n\t\t\t\t<div class=\"teft-card__secondary\">\n\t\t\t\t\t\n\t\t\t\t\t\t\t\t<div class=\"teft-card__meta\">\n\t\t\t\t\t\t\t\t\t<span class=\"post-date\">23. apr 2026<\/span>\n\n\t\t\t\t\t\t\t\t\t<span class=\"post-category\">Vil utvide skjenketidene:<\/span>\t\t\t\t\t\t\t\t<\/div>\n\t\t\t\t\t\t\t\t\t\t\t<\/div>\n\n\t\t\t\t<div class=\"teft-card__primary\">\n\t\t\t\t\t<h2 class=\"teft-card__title\">MDG-moralismen fornekter seg ikke&nbsp;<span class=\"teft-card__primary-title-append\"><\/span><\/h2>\t\t\t\t<\/div>\n\t\t\t<\/div>\n\t\t<\/a>\n\t<\/div>\n\n\t<\/div><div class=\"is-card-hoyre\">\n\t<div class=\"teft-card hoyre-teft-card post-teft-card\">\n\t\t<a href=\"https:\/\/hoyre.no\/oslo\/aktuelt\/raskere-og-enklere-a-bygge-boliger-og-skape-arbeidsplasser-i-oslo\/\" class=\"teft-card__primary-action\">\n\n\t\t\t\t\t<div class=\"teft-card__media teft-card__media--16-9\">\n\t\t\t\t\t\t<img loading=\"lazy\" decoding=\"async\" width=\"768\" height=\"576\" src=\"https:\/\/hoyre.no\/content\/uploads\/sites\/408\/2026\/04\/Eirik-Lae-Solberg-og-Anita-Leirvik-North-768x576.jpg\" class=\"attachment-medium_large size-medium_large\" alt=\"\" srcset=\"https:\/\/hoyre.no\/content\/uploads\/sites\/408\/2026\/04\/Eirik-Lae-Solberg-og-Anita-Leirvik-North-768x576.jpg 768w, https:\/\/hoyre.no\/content\/uploads\/sites\/408\/2026\/04\/Eirik-Lae-Solberg-og-Anita-Leirvik-North-300x225.jpg 300w, https:\/\/hoyre.no\/content\/uploads\/sites\/408\/2026\/04\/Eirik-Lae-Solberg-og-Anita-Leirvik-North.jpg 901w\" sizes=\"auto, (max-width: 768px) 100vw, 768px\" \/>\t\t<\/div>\n\t\t\n\t\t\t<div class=\"teft-card__content-wrapper\">\n\t\t\t\t<div class=\"teft-card__secondary\">\n\t\t\t\t\t\n\t\t\t\t\t\t\t\t<div class=\"teft-card__meta\">\n\t\t\t\t\t\t\t\t\t<span class=\"post-date\">14. apr 2026<\/span>\n\n\t\t\t\t\t\t\t\t\t<span class=\"post-category\">Har lagt frem ny KPA:<\/span>\t\t\t\t\t\t\t\t<\/div>\n\t\t\t\t\t\t\t\t\t\t\t<\/div>\n\n\t\t\t\t<div class=\"teft-card__primary\">\n\t\t\t\t\t<h2 class=\"teft-card__title\">Raskere og enklere \u00e5 bygge boliger og skape arbeidsplasser i Oslo&nbsp;<span class=\"teft-card__primary-title-append\"><\/span><\/h2>\t\t\t\t<\/div>\n\t\t\t<\/div>\n\t\t<\/a>\n\t<\/div>\n\n\t<\/div><div class=\"is-card-hoyre\">\n\t<div class=\"teft-card hoyre-teft-card post-teft-card\">\n\t\t<a href=\"https:\/\/hoyre.no\/oslo\/aktuelt\/bedre-elevresultater-og-en-skoleokonomi-i-balanse-med-blagront-byrad\/\" class=\"teft-card__primary-action\">\n\n\t\t\t\t\t<div class=\"teft-card__media teft-card__media--16-9\">\n\t\t\t\t\t\t<img loading=\"lazy\" decoding=\"async\" width=\"768\" height=\"512\" src=\"https:\/\/hoyre.no\/content\/uploads\/sites\/408\/2025\/05\/IMG_6440-768x512.jpeg\" class=\"attachment-medium_large size-medium_large\" alt=\"Julie Remen Midtgarden\" srcset=\"https:\/\/hoyre.no\/content\/uploads\/sites\/408\/2025\/05\/IMG_6440-768x512.jpeg 768w, https:\/\/hoyre.no\/content\/uploads\/sites\/408\/2025\/05\/IMG_6440-300x200.jpeg 300w, https:\/\/hoyre.no\/content\/uploads\/sites\/408\/2025\/05\/IMG_6440-1024x683.jpeg 1024w, https:\/\/hoyre.no\/content\/uploads\/sites\/408\/2025\/05\/IMG_6440-1536x1024.jpeg 1536w, https:\/\/hoyre.no\/content\/uploads\/sites\/408\/2025\/05\/IMG_6440-2048x1365.jpeg 2048w\" sizes=\"auto, (max-width: 768px) 100vw, 768px\" \/>\t\t<\/div>\n\t\t\n\t\t\t<div class=\"teft-card__content-wrapper\">\n\t\t\t\t<div class=\"teft-card__secondary\">\n\t\t\t\t\t\n\t\t\t\t\t\t\t\t<div class=\"teft-card__meta\">\n\t\t\t\t\t\t\t\t\t<span class=\"post-date\">26. mar 2026<\/span>\n\n\t\t\t\t\t\t\t\t\t<span class=\"post-category\">Osloskolen er p\u00e5 rett vei:<\/span>\t\t\t\t\t\t\t\t<\/div>\n\t\t\t\t\t\t\t\t\t\t\t<\/div>\n\n\t\t\t\t<div class=\"teft-card__primary\">\n\t\t\t\t\t<h2 class=\"teft-card__title\">Bedre elevresultater og en skole\u00f8konomi i balanse med bl\u00e5gr\u00f8nt byr\u00e5d&nbsp;<span class=\"teft-card__primary-title-append\"><\/span><\/h2>\t\t\t\t<\/div>\n\t\t\t<\/div>\n\t\t<\/a>\n\t<\/div>\n\n\t<\/div><\/div>\t<\/div>\n<\/div>\n","protected":false},"excerpt":{"rendered":"","protected":false},"author":0,"featured_media":0,"comment_status":"closed","ping_status":"closed","sticky":false,"template":"","format":"standard","meta":{"teft_cards_image_url":"","teft_cards_custom_pretitle":"","teft_cards_image_id":0,"teft_cards_image_focal_point_x":0,"teft_cards_image_focal_point_y":0,"teft_cards_title":"","teft_cards_excerpt":"","teft_show_chapters":false,"author_display_name":"Oslo H\u00f8yre","footnotes":""},"category":[1],"post_tag":[],"hoyre-visibility":[],"article-type":[],"politician":[],"class_list":["post-1955","post","type-post","status-publish","format-standard","hentry","category-nyheter"],"yoast_head":"<!-- This site is optimized with the Yoast SEO Premium plugin v26.5 (Yoast SEO v26.6) - https:\/\/yoast.com\/wordpress\/plugins\/seo\/ -->\n<title>2004 \u2013 Fakta om EU og E\u00d8S - Oslo H\u00f8yre<\/title>\n<meta name=\"robots\" content=\"index, follow, max-snippet:-1, max-image-preview:large, max-video-preview:-1\" \/>\n<link rel=\"canonical\" href=\"https:\/\/hoyre.no\/oslo\/aktuelt\/2004-fakta-om-eu-og-eos\/\" \/>\n<meta property=\"og:locale\" content=\"nb_NO\" \/>\n<meta property=\"og:type\" content=\"article\" \/>\n<meta property=\"og:title\" content=\"2004 \u2013 Fakta om EU og E\u00d8S\" \/>\n<meta property=\"og:url\" content=\"https:\/\/hoyre.no\/oslo\/aktuelt\/2004-fakta-om-eu-og-eos\/\" \/>\n<meta property=\"og:site_name\" content=\"Oslo H\u00f8yre\" \/>\n<meta property=\"article:publisher\" content=\"https:\/\/www.facebook.com\/oslo.hoyre\" \/>\n<meta property=\"article:published_time\" content=\"2004-09-17T19:44:26+00:00\" \/>\n<meta property=\"article:modified_time\" content=\"2022-09-26T13:07:16+00:00\" \/>\n<meta property=\"og:image\" content=\"https:\/\/hoyre.no\/content\/uploads\/sites\/408\/2022\/11\/Hoyres-logo.png\" \/>\n\t<meta property=\"og:image:width\" content=\"1000\" \/>\n\t<meta property=\"og:image:height\" content=\"1000\" \/>\n\t<meta property=\"og:image:type\" content=\"image\/png\" \/>\n<meta name=\"twitter:card\" content=\"summary_large_image\" \/>\n<meta name=\"twitter:label1\" content=\"Ansl. lesetid\" \/>\n\t<meta name=\"twitter:data1\" content=\"9 minutter\" \/>\n<script type=\"application\/ld+json\" class=\"yoast-schema-graph\">{\"@context\":\"https:\/\/schema.org\",\"@graph\":[{\"@type\":\"Article\",\"@id\":\"https:\/\/hoyre.no\/oslo\/aktuelt\/2004-fakta-om-eu-og-eos\/#article\",\"isPartOf\":{\"@id\":\"https:\/\/hoyre.no\/oslo\/aktuelt\/2004-fakta-om-eu-og-eos\/\"},\"author\":{\"name\":\"\",\"@id\":\"\"},\"headline\":\"2004 \u2013 Fakta om EU og E\u00d8S\",\"datePublished\":\"2004-09-17T19:44:26+00:00\",\"dateModified\":\"2022-09-26T13:07:16+00:00\",\"mainEntityOfPage\":{\"@id\":\"https:\/\/hoyre.no\/oslo\/aktuelt\/2004-fakta-om-eu-og-eos\/\"},\"wordCount\":1863,\"publisher\":{\"@id\":\"https:\/\/hoyre.no\/oslo\/#organization\"},\"articleSection\":[\"Nyheter\"],\"inLanguage\":\"nb-NO\"},{\"@type\":\"NewsArticle\",\"@id\":\"https:\/\/hoyre.no\/oslo\/aktuelt\/2004-fakta-om-eu-og-eos\/\",\"url\":\"https:\/\/hoyre.no\/oslo\/aktuelt\/2004-fakta-om-eu-og-eos\/\",\"name\":\"2004 \u2013 Fakta om EU og E\u00d8S - Oslo H\u00f8yre\",\"isPartOf\":{\"@id\":\"https:\/\/hoyre.no\/oslo\/#website\"},\"datePublished\":\"2004-09-17T19:44:26+00:00\",\"dateModified\":\"2022-09-26T13:07:16+00:00\",\"breadcrumb\":{\"@id\":\"https:\/\/hoyre.no\/oslo\/aktuelt\/2004-fakta-om-eu-og-eos\/#breadcrumb\"},\"inLanguage\":\"nb-NO\",\"potentialAction\":[{\"@type\":\"ReadAction\",\"target\":[\"https:\/\/hoyre.no\/oslo\/aktuelt\/2004-fakta-om-eu-og-eos\/\"]}]},{\"@type\":\"BreadcrumbList\",\"@id\":\"https:\/\/hoyre.no\/oslo\/aktuelt\/2004-fakta-om-eu-og-eos\/#breadcrumb\",\"itemListElement\":[{\"@type\":\"ListItem\",\"position\":1,\"name\":\"Til hoyre.no\",\"item\":\"https:\/\/hoyre.no\"},{\"@type\":\"ListItem\",\"position\":2,\"name\":\"Hjem\",\"item\":\"https:\/\/hoyre.no\/oslo\/\"},{\"@type\":\"ListItem\",\"position\":3,\"name\":\"2004 \u2013 Fakta om EU og E\u00d8S\"}]},{\"@type\":\"WebSite\",\"@id\":\"https:\/\/hoyre.no\/oslo\/#website\",\"url\":\"https:\/\/hoyre.no\/oslo\/\",\"name\":\"Oslo H\u00f8yre\",\"description\":\"\",\"publisher\":{\"@id\":\"https:\/\/hoyre.no\/oslo\/#organization\"},\"inLanguage\":\"nb-NO\"},{\"@type\":\"Organization\",\"@id\":\"https:\/\/hoyre.no\/oslo\/#organization\",\"name\":\"Oslo H\u00f8yre\",\"url\":\"https:\/\/hoyre.no\/oslo\/\",\"logo\":{\"@type\":\"ImageObject\",\"inLanguage\":\"nb-NO\",\"@id\":\"https:\/\/hoyre.no\/oslo\/#\/schema\/logo\/image\/\",\"url\":\"https:\/\/hoyre.no\/content\/uploads\/sites\/408\/2022\/11\/Hoyres-logo.png\",\"contentUrl\":\"https:\/\/hoyre.no\/content\/uploads\/sites\/408\/2022\/11\/Hoyres-logo.png\",\"width\":1000,\"height\":1000,\"caption\":\"Oslo H\u00f8yre\"},\"image\":{\"@id\":\"https:\/\/hoyre.no\/oslo\/#\/schema\/logo\/image\/\"},\"sameAs\":[\"https:\/\/www.facebook.com\/oslo.hoyre\"]}]}<\/script>\n<!-- \/ Yoast SEO Premium plugin. -->","yoast_head_json":{"title":"2004 \u2013 Fakta om EU og E\u00d8S - Oslo H\u00f8yre","robots":{"index":"index","follow":"follow","max-snippet":"max-snippet:-1","max-image-preview":"max-image-preview:large","max-video-preview":"max-video-preview:-1"},"canonical":"https:\/\/hoyre.no\/oslo\/aktuelt\/2004-fakta-om-eu-og-eos\/","og_locale":"nb_NO","og_type":"article","og_title":"2004 \u2013 Fakta om EU og E\u00d8S","og_url":"https:\/\/hoyre.no\/oslo\/aktuelt\/2004-fakta-om-eu-og-eos\/","og_site_name":"Oslo H\u00f8yre","article_publisher":"https:\/\/www.facebook.com\/oslo.hoyre","article_published_time":"2004-09-17T19:44:26+00:00","article_modified_time":"2022-09-26T13:07:16+00:00","og_image":[{"width":1000,"height":1000,"url":"https:\/\/hoyre.no\/content\/uploads\/sites\/408\/2022\/11\/Hoyres-logo.png","type":"image\/png"}],"twitter_card":"summary_large_image","twitter_misc":{"Ansl. lesetid":"9 minutter"},"schema":{"@context":"https:\/\/schema.org","@graph":[{"@type":"Article","@id":"https:\/\/hoyre.no\/oslo\/aktuelt\/2004-fakta-om-eu-og-eos\/#article","isPartOf":{"@id":"https:\/\/hoyre.no\/oslo\/aktuelt\/2004-fakta-om-eu-og-eos\/"},"author":{"name":"","@id":""},"headline":"2004 \u2013 Fakta om EU og E\u00d8S","datePublished":"2004-09-17T19:44:26+00:00","dateModified":"2022-09-26T13:07:16+00:00","mainEntityOfPage":{"@id":"https:\/\/hoyre.no\/oslo\/aktuelt\/2004-fakta-om-eu-og-eos\/"},"wordCount":1863,"publisher":{"@id":"https:\/\/hoyre.no\/oslo\/#organization"},"articleSection":["Nyheter"],"inLanguage":"nb-NO"},{"@type":"NewsArticle","@id":"https:\/\/hoyre.no\/oslo\/aktuelt\/2004-fakta-om-eu-og-eos\/","url":"https:\/\/hoyre.no\/oslo\/aktuelt\/2004-fakta-om-eu-og-eos\/","name":"2004 \u2013 Fakta om EU og E\u00d8S - Oslo H\u00f8yre","isPartOf":{"@id":"https:\/\/hoyre.no\/oslo\/#website"},"datePublished":"2004-09-17T19:44:26+00:00","dateModified":"2022-09-26T13:07:16+00:00","breadcrumb":{"@id":"https:\/\/hoyre.no\/oslo\/aktuelt\/2004-fakta-om-eu-og-eos\/#breadcrumb"},"inLanguage":"nb-NO","potentialAction":[{"@type":"ReadAction","target":["https:\/\/hoyre.no\/oslo\/aktuelt\/2004-fakta-om-eu-og-eos\/"]}]},{"@type":"BreadcrumbList","@id":"https:\/\/hoyre.no\/oslo\/aktuelt\/2004-fakta-om-eu-og-eos\/#breadcrumb","itemListElement":[{"@type":"ListItem","position":1,"name":"Til hoyre.no","item":"https:\/\/hoyre.no"},{"@type":"ListItem","position":2,"name":"Hjem","item":"https:\/\/hoyre.no\/oslo\/"},{"@type":"ListItem","position":3,"name":"2004 \u2013 Fakta om EU og E\u00d8S"}]},{"@type":"WebSite","@id":"https:\/\/hoyre.no\/oslo\/#website","url":"https:\/\/hoyre.no\/oslo\/","name":"Oslo H\u00f8yre","description":"","publisher":{"@id":"https:\/\/hoyre.no\/oslo\/#organization"},"inLanguage":"nb-NO"},{"@type":"Organization","@id":"https:\/\/hoyre.no\/oslo\/#organization","name":"Oslo H\u00f8yre","url":"https:\/\/hoyre.no\/oslo\/","logo":{"@type":"ImageObject","inLanguage":"nb-NO","@id":"https:\/\/hoyre.no\/oslo\/#\/schema\/logo\/image\/","url":"https:\/\/hoyre.no\/content\/uploads\/sites\/408\/2022\/11\/Hoyres-logo.png","contentUrl":"https:\/\/hoyre.no\/content\/uploads\/sites\/408\/2022\/11\/Hoyres-logo.png","width":1000,"height":1000,"caption":"Oslo H\u00f8yre"},"image":{"@id":"https:\/\/hoyre.no\/oslo\/#\/schema\/logo\/image\/"},"sameAs":["https:\/\/www.facebook.com\/oslo.hoyre"]}]}},"distributor_meta":false,"distributor_terms":false,"distributor_media":false,"distributor_original_site_name":"Oslo H\u00f8yre","distributor_original_site_url":"https:\/\/hoyre.no\/oslo","push-errors":false,"_links":{"self":[{"href":"https:\/\/hoyre.no\/oslo\/wp-json\/wp\/v2\/posts\/1955","targetHints":{"allow":["GET"]}}],"collection":[{"href":"https:\/\/hoyre.no\/oslo\/wp-json\/wp\/v2\/posts"}],"about":[{"href":"https:\/\/hoyre.no\/oslo\/wp-json\/wp\/v2\/types\/post"}],"replies":[{"embeddable":true,"href":"https:\/\/hoyre.no\/oslo\/wp-json\/wp\/v2\/comments?post=1955"}],"version-history":[{"count":1,"href":"https:\/\/hoyre.no\/oslo\/wp-json\/wp\/v2\/posts\/1955\/revisions"}],"predecessor-version":[{"id":3112,"href":"https:\/\/hoyre.no\/oslo\/wp-json\/wp\/v2\/posts\/1955\/revisions\/3112"}],"wp:attachment":[{"href":"https:\/\/hoyre.no\/oslo\/wp-json\/wp\/v2\/media?parent=1955"}],"wp:term":[{"taxonomy":"category","embeddable":true,"href":"https:\/\/hoyre.no\/oslo\/wp-json\/wp\/v2\/category?post=1955"},{"taxonomy":"post_tag","embeddable":true,"href":"https:\/\/hoyre.no\/oslo\/wp-json\/wp\/v2\/post_tag?post=1955"},{"taxonomy":"hoyre-visibility","embeddable":true,"href":"https:\/\/hoyre.no\/oslo\/wp-json\/wp\/v2\/hoyre-visibility?post=1955"},{"taxonomy":"article-type","embeddable":true,"href":"https:\/\/hoyre.no\/oslo\/wp-json\/wp\/v2\/article-type?post=1955"},{"taxonomy":"politician","embeddable":true,"href":"https:\/\/hoyre.no\/oslo\/wp-json\/wp\/v2\/politician?post=1955"}],"curies":[{"name":"wp","href":"https:\/\/api.w.org\/{rel}","templated":true}]}}