{"id":1958,"date":"2004-04-17T20:14:25","date_gmt":"2004-04-17T20:14:25","guid":{"rendered":"https:\/\/hoyre.no\/oslo\/aktuelt\/2004-presentasjon-av-frogner-hoyres-eu-gruppe\/"},"modified":"2022-09-26T15:07:17","modified_gmt":"2022-09-26T13:07:17","slug":"2004-presentasjon-av-frogner-hoyres-eu-gruppe","status":"publish","type":"post","link":"https:\/\/hoyre.no\/oslo\/aktuelt\/2004-presentasjon-av-frogner-hoyres-eu-gruppe\/","title":{"rendered":"2004 \u2013 Presentasjon av Frogner H\u00f8yres EU-gruppe"},"content":{"rendered":"<figure class=\"hoyre-image-wrapper\"><div class=\"hoyre-image\"><img loading=\"lazy\" decoding=\"async\" width=\"1024\" height=\"361\" src=\"https:\/\/hoyre.no\/content\/uploads\/sites\/408\/2022\/09\/Hoyrehjerter.jpg\" class=\"attachment-scaled size-scaled\" alt=\"H\u00f8yrehjerter\" style=\"object-position: 50% 50%\" srcset=\"https:\/\/hoyre.no\/content\/uploads\/sites\/408\/2022\/09\/Hoyrehjerter.jpg 1024w, https:\/\/hoyre.no\/content\/uploads\/sites\/408\/2022\/09\/Hoyrehjerter-300x106.jpg 300w, https:\/\/hoyre.no\/content\/uploads\/sites\/408\/2022\/09\/Hoyrehjerter-768x271.jpg 768w\" sizes=\"auto, (max-width: 1024px) 100vw, 1024px\" \/><\/div><\/figure><div id=\"hoyre-old-article-content-wrapper\"><h1>2004 Frogner H\u00f8yres EU-gruppe<\/h1>\n[framed_box width=&raquo;300px&raquo; align=&raquo;right&raquo;]\n<h2>Gammel sak<\/h2><p>Denne saken er kopiert fra den gamle siden til Frogner H\u00f8yre og er ikke lengre aktuell. Vi tar vare p\u00e5 den av historiske grunner.<\/p>\n[\/framed_box]\n<p><strong>Frogner bydelsforening av Oslo H\u00f8yre har etablert en arbeidsgruppe som skal fokusere p\u00e5 EU sp\u00f8rsm\u00e5l, og H\u00f8yres visjoner for Europas og EUs utvikling.<\/strong><\/p><p>I dag har Frogner H\u00f8yres EU-gruppe f\u00f8lgende medlemmer:<\/p><p>Leder Rudolph Brynn, nestleder J\u00f8rn Lein-Mathisen, Lars Groth, Anne-Turid Steinsvik, Ulf Hordvik, Elisabeth Guthus, P\u00e5l Brun, Petter Bj\u00f8rkum og Andr\u00e9 Skogland,<\/p><p>EU sp\u00f8rsm\u00e5let vil i de n\u00e6rmeste \u00e5rene spille en mer og mer sentral rolle i norsk politikk og for oss er det viktig \u00e5 f\u00e5 frem saklig informasjon om EU, om Norges forhold til EU og hva det betyr fortsatt \u00e5 st\u00e5 utenfor den Europeiske Union, uten stemmerett i viktige beslutninger som ber\u00f8rer v\u00e5rt land. Gjennom E\u00d8S avtalen tar Norge inn tusener av lover og forordninger uten \u00e5 kunne p\u00e5virke utformingen av disse lovene. P\u00e5 flere og flere omr\u00e5der ber\u00f8rer EUs regler v\u00e5r hverdag \u2013 ofte uten at borgerne har kunnskap om hvor reglene som styrer dagliglivet har sitt opphav, eller at landet ingen innflytelse hadde p\u00e5 utformingen av reglene.<\/p><p>H\u00f8yre er det eneste politiske partiet i Norge med et klart standpunkt om at Norge m\u00e5 bli medlem i EU. Men EU gruppen vil noe mer enn \u00e5 argumentere for norsk medlemskap i EU \u2013 vi \u00f8nsker \u00e5 presentere noen visjoner for den videre utviklingen av Europa.<\/p><p>&#8211; EU har utviklet seg langt siden den andre norske folkeavstemningen for 10 \u00e5r siden \u2013 dette er noe selv nei-siden innr\u00f8mmer i dag. Norge har ikke kunnet p\u00e5virke utviklingen i EU etter at vi sa fra oss selvbestemmelsesretten i 1994 og h\u00e5pet at de andre nordiske regjeringene ville tale v\u00e5r sak i Europa (slik som f\u00f8r unionsoppl\u00f8sningen i 1905!). Dette slo ikke til \u2013 de andre nordiske land har sin egen politiske agenda og visjon for sine lands rolle i EU og har i liten grad tatt seg bryet med \u00e5 tale Norges sak. Norge m\u00e5 selv forsvare sin plass og utvikle v\u00e5rt lands agenda og visjon for utviklingen av europeisk samarbeid. Da er det viktig \u00e5 v\u00e6re klar p\u00e5 hvilke m\u00e5l landet b\u00f8r sette seg for s\u00e5 vel EUs fremtid som Norges plass i det Europeiske Fellesskap.<\/p><p>Hovedm\u00e5let for Frogner H\u00f8yres EU gruppe er \u00e5 gi folk flest tilstrekkelig kunnskap om EU samarbeidet til at man kan foreta et valg p\u00e5 et informert grunnlag. Vi vil fortelle om det som skjer i EU \u2013 ikke bare fokusere p\u00e5 norske egeninteresser. Vi vil fokusere p\u00e5 hva EU betyr for den enkeltes dagligliv \u2013 ikke bare fokusere p\u00e5 toppolitikk og \u201dde store overskriftene\u201d. Og vi vil fortelle om v\u00e5rt partis visjoner for EUs fremtid \u2013 ikke bare diskutere sp\u00f8rsm\u00e5let om Ja eller Nei.<\/p><p>EUs integrasjonsprosess har to dimensjoner \u2013 integrasjon i bredden og i dybden. Integrasjon i bredden betyr at det kommer flere medlemsland. 1. mai 2004 vil 10 nye medlemsland g\u00e5 inn i EU, som da til sammen vil f\u00e5 25 medlemsland.<\/p><h2>Flere saker fra Frogner H\u00f8yres gamle nettsider<\/h2><p>&nbsp;<\/p>\n[blog column=&raquo;2&#8243; count=&raquo;60&#8243; cat=&raquo;24&#8243; imageType=&raquo;default&raquo;]\n<\/div>\n<div class=\"tags\">\n\t<\/div>\n<div class=\"post-footer alignfull has-background block-editor-block-list__block\" data-align=full>\n\t<div class=\"post-footer-inner\">\n\t\t<h3>Relaterte artikler<\/h3>\n\t\t<div class=\"related-content\"><div class=\"is-card-hoyre\">\n\t<div class=\"teft-card hoyre-teft-card post-teft-card\">\n\t\t<a href=\"https:\/\/hoyre.no\/oslo\/aktuelt\/mdg-moralismen-fornekter-seg-ikke\/\" class=\"teft-card__primary-action\">\n\n\t\t\t\t\t<div class=\"teft-card__media teft-card__media--16-9\">\n\t\t\t\t\t\t<img loading=\"lazy\" decoding=\"async\" width=\"768\" height=\"512\" src=\"https:\/\/hoyre.no\/content\/uploads\/sites\/408\/2024\/01\/QZQlxtOC-768x512.jpeg\" class=\"attachment-medium_large size-medium_large\" alt=\"Merete Agerbak-Jensen\" srcset=\"https:\/\/hoyre.no\/content\/uploads\/sites\/408\/2024\/01\/QZQlxtOC-768x512.jpeg 768w, https:\/\/hoyre.no\/content\/uploads\/sites\/408\/2024\/01\/QZQlxtOC-300x200.jpeg 300w, https:\/\/hoyre.no\/content\/uploads\/sites\/408\/2024\/01\/QZQlxtOC-1024x683.jpeg 1024w, https:\/\/hoyre.no\/content\/uploads\/sites\/408\/2024\/01\/QZQlxtOC-1536x1024.jpeg 1536w, https:\/\/hoyre.no\/content\/uploads\/sites\/408\/2024\/01\/QZQlxtOC-2048x1365.jpeg 2048w\" sizes=\"auto, (max-width: 768px) 100vw, 768px\" \/>\t\t<\/div>\n\t\t\n\t\t\t<div class=\"teft-card__content-wrapper\">\n\t\t\t\t<div class=\"teft-card__secondary\">\n\t\t\t\t\t\n\t\t\t\t\t\t\t\t<div class=\"teft-card__meta\">\n\t\t\t\t\t\t\t\t\t<span class=\"post-date\">23. apr 2026<\/span>\n\n\t\t\t\t\t\t\t\t\t<span class=\"post-category\">Vil utvide skjenketidene:<\/span>\t\t\t\t\t\t\t\t<\/div>\n\t\t\t\t\t\t\t\t\t\t\t<\/div>\n\n\t\t\t\t<div class=\"teft-card__primary\">\n\t\t\t\t\t<h2 class=\"teft-card__title\">MDG-moralismen fornekter seg ikke&nbsp;<span class=\"teft-card__primary-title-append\"><\/span><\/h2>\t\t\t\t<\/div>\n\t\t\t<\/div>\n\t\t<\/a>\n\t<\/div>\n\n\t<\/div><div class=\"is-card-hoyre\">\n\t<div class=\"teft-card hoyre-teft-card post-teft-card\">\n\t\t<a href=\"https:\/\/hoyre.no\/oslo\/aktuelt\/raskere-og-enklere-a-bygge-boliger-og-skape-arbeidsplasser-i-oslo\/\" class=\"teft-card__primary-action\">\n\n\t\t\t\t\t<div class=\"teft-card__media teft-card__media--16-9\">\n\t\t\t\t\t\t<img loading=\"lazy\" decoding=\"async\" width=\"768\" height=\"576\" src=\"https:\/\/hoyre.no\/content\/uploads\/sites\/408\/2026\/04\/Eirik-Lae-Solberg-og-Anita-Leirvik-North-768x576.jpg\" class=\"attachment-medium_large size-medium_large\" alt=\"\" srcset=\"https:\/\/hoyre.no\/content\/uploads\/sites\/408\/2026\/04\/Eirik-Lae-Solberg-og-Anita-Leirvik-North-768x576.jpg 768w, https:\/\/hoyre.no\/content\/uploads\/sites\/408\/2026\/04\/Eirik-Lae-Solberg-og-Anita-Leirvik-North-300x225.jpg 300w, https:\/\/hoyre.no\/content\/uploads\/sites\/408\/2026\/04\/Eirik-Lae-Solberg-og-Anita-Leirvik-North.jpg 901w\" sizes=\"auto, (max-width: 768px) 100vw, 768px\" \/>\t\t<\/div>\n\t\t\n\t\t\t<div class=\"teft-card__content-wrapper\">\n\t\t\t\t<div class=\"teft-card__secondary\">\n\t\t\t\t\t\n\t\t\t\t\t\t\t\t<div class=\"teft-card__meta\">\n\t\t\t\t\t\t\t\t\t<span class=\"post-date\">14. apr 2026<\/span>\n\n\t\t\t\t\t\t\t\t\t<span class=\"post-category\">Har lagt frem ny KPA:<\/span>\t\t\t\t\t\t\t\t<\/div>\n\t\t\t\t\t\t\t\t\t\t\t<\/div>\n\n\t\t\t\t<div class=\"teft-card__primary\">\n\t\t\t\t\t<h2 class=\"teft-card__title\">Raskere og enklere \u00e5 bygge boliger og skape arbeidsplasser i Oslo&nbsp;<span class=\"teft-card__primary-title-append\"><\/span><\/h2>\t\t\t\t<\/div>\n\t\t\t<\/div>\n\t\t<\/a>\n\t<\/div>\n\n\t<\/div><div class=\"is-card-hoyre\">\n\t<div class=\"teft-card hoyre-teft-card post-teft-card\">\n\t\t<a href=\"https:\/\/hoyre.no\/oslo\/aktuelt\/bedre-elevresultater-og-en-skoleokonomi-i-balanse-med-blagront-byrad\/\" class=\"teft-card__primary-action\">\n\n\t\t\t\t\t<div class=\"teft-card__media teft-card__media--16-9\">\n\t\t\t\t\t\t<img loading=\"lazy\" decoding=\"async\" width=\"768\" height=\"512\" src=\"https:\/\/hoyre.no\/content\/uploads\/sites\/408\/2025\/05\/IMG_6440-768x512.jpeg\" class=\"attachment-medium_large size-medium_large\" alt=\"Julie Remen Midtgarden\" srcset=\"https:\/\/hoyre.no\/content\/uploads\/sites\/408\/2025\/05\/IMG_6440-768x512.jpeg 768w, https:\/\/hoyre.no\/content\/uploads\/sites\/408\/2025\/05\/IMG_6440-300x200.jpeg 300w, https:\/\/hoyre.no\/content\/uploads\/sites\/408\/2025\/05\/IMG_6440-1024x683.jpeg 1024w, https:\/\/hoyre.no\/content\/uploads\/sites\/408\/2025\/05\/IMG_6440-1536x1024.jpeg 1536w, https:\/\/hoyre.no\/content\/uploads\/sites\/408\/2025\/05\/IMG_6440-2048x1365.jpeg 2048w\" sizes=\"auto, (max-width: 768px) 100vw, 768px\" \/>\t\t<\/div>\n\t\t\n\t\t\t<div class=\"teft-card__content-wrapper\">\n\t\t\t\t<div class=\"teft-card__secondary\">\n\t\t\t\t\t\n\t\t\t\t\t\t\t\t<div class=\"teft-card__meta\">\n\t\t\t\t\t\t\t\t\t<span class=\"post-date\">26. mar 2026<\/span>\n\n\t\t\t\t\t\t\t\t\t<span class=\"post-category\">Osloskolen er p\u00e5 rett vei:<\/span>\t\t\t\t\t\t\t\t<\/div>\n\t\t\t\t\t\t\t\t\t\t\t<\/div>\n\n\t\t\t\t<div class=\"teft-card__primary\">\n\t\t\t\t\t<h2 class=\"teft-card__title\">Bedre elevresultater og en skole\u00f8konomi i balanse med bl\u00e5gr\u00f8nt byr\u00e5d&nbsp;<span class=\"teft-card__primary-title-append\"><\/span><\/h2>\t\t\t\t<\/div>\n\t\t\t<\/div>\n\t\t<\/a>\n\t<\/div>\n\n\t<\/div><\/div>\t<\/div>\n<\/div>\n","protected":false},"excerpt":{"rendered":"","protected":false},"author":0,"featured_media":0,"comment_status":"closed","ping_status":"closed","sticky":false,"template":"","format":"standard","meta":{"teft_cards_image_url":"","teft_cards_custom_pretitle":"","teft_cards_image_id":0,"teft_cards_image_focal_point_x":0,"teft_cards_image_focal_point_y":0,"teft_cards_title":"","teft_cards_excerpt":"","teft_show_chapters":false,"author_display_name":"Oslo H\u00f8yre","footnotes":""},"category":[1],"post_tag":[],"hoyre-visibility":[],"article-type":[],"politician":[],"class_list":["post-1958","post","type-post","status-publish","format-standard","hentry","category-nyheter"],"yoast_head":"<!-- This site is optimized with the Yoast SEO Premium plugin v26.5 (Yoast SEO v26.6) - https:\/\/yoast.com\/wordpress\/plugins\/seo\/ -->\n<title>2004 \u2013 Presentasjon av Frogner H\u00f8yres EU-gruppe - Oslo H\u00f8yre<\/title>\n<meta name=\"robots\" content=\"index, follow, max-snippet:-1, max-image-preview:large, max-video-preview:-1\" \/>\n<link rel=\"canonical\" href=\"https:\/\/hoyre.no\/oslo\/aktuelt\/2004-presentasjon-av-frogner-hoyres-eu-gruppe\/\" \/>\n<meta property=\"og:locale\" content=\"nb_NO\" \/>\n<meta property=\"og:type\" content=\"article\" \/>\n<meta property=\"og:title\" content=\"2004 \u2013 Presentasjon av Frogner H\u00f8yres EU-gruppe\" \/>\n<meta property=\"og:url\" content=\"https:\/\/hoyre.no\/oslo\/aktuelt\/2004-presentasjon-av-frogner-hoyres-eu-gruppe\/\" \/>\n<meta property=\"og:site_name\" content=\"Oslo H\u00f8yre\" \/>\n<meta property=\"article:publisher\" content=\"https:\/\/www.facebook.com\/oslo.hoyre\" \/>\n<meta property=\"article:published_time\" content=\"2004-04-17T20:14:25+00:00\" \/>\n<meta property=\"article:modified_time\" content=\"2022-09-26T13:07:17+00:00\" \/>\n<meta property=\"og:image\" content=\"https:\/\/hoyre.no\/content\/uploads\/sites\/408\/2022\/11\/Hoyres-logo.png\" \/>\n\t<meta property=\"og:image:width\" content=\"1000\" \/>\n\t<meta property=\"og:image:height\" content=\"1000\" \/>\n\t<meta property=\"og:image:type\" content=\"image\/png\" \/>\n<meta name=\"twitter:card\" content=\"summary_large_image\" \/>\n<meta name=\"twitter:label1\" content=\"Ansl. lesetid\" \/>\n\t<meta name=\"twitter:data1\" content=\"3 minutter\" \/>\n<script type=\"application\/ld+json\" class=\"yoast-schema-graph\">{\"@context\":\"https:\/\/schema.org\",\"@graph\":[{\"@type\":\"Article\",\"@id\":\"https:\/\/hoyre.no\/oslo\/aktuelt\/2004-presentasjon-av-frogner-hoyres-eu-gruppe\/#article\",\"isPartOf\":{\"@id\":\"https:\/\/hoyre.no\/oslo\/aktuelt\/2004-presentasjon-av-frogner-hoyres-eu-gruppe\/\"},\"author\":{\"name\":\"\",\"@id\":\"\"},\"headline\":\"2004 \u2013 Presentasjon av Frogner H\u00f8yres EU-gruppe\",\"datePublished\":\"2004-04-17T20:14:25+00:00\",\"dateModified\":\"2022-09-26T13:07:17+00:00\",\"mainEntityOfPage\":{\"@id\":\"https:\/\/hoyre.no\/oslo\/aktuelt\/2004-presentasjon-av-frogner-hoyres-eu-gruppe\/\"},\"wordCount\":566,\"publisher\":{\"@id\":\"https:\/\/hoyre.no\/oslo\/#organization\"},\"articleSection\":[\"Nyheter\"],\"inLanguage\":\"nb-NO\"},{\"@type\":\"NewsArticle\",\"@id\":\"https:\/\/hoyre.no\/oslo\/aktuelt\/2004-presentasjon-av-frogner-hoyres-eu-gruppe\/\",\"url\":\"https:\/\/hoyre.no\/oslo\/aktuelt\/2004-presentasjon-av-frogner-hoyres-eu-gruppe\/\",\"name\":\"2004 \u2013 Presentasjon av Frogner H\u00f8yres EU-gruppe - Oslo H\u00f8yre\",\"isPartOf\":{\"@id\":\"https:\/\/hoyre.no\/oslo\/#website\"},\"datePublished\":\"2004-04-17T20:14:25+00:00\",\"dateModified\":\"2022-09-26T13:07:17+00:00\",\"breadcrumb\":{\"@id\":\"https:\/\/hoyre.no\/oslo\/aktuelt\/2004-presentasjon-av-frogner-hoyres-eu-gruppe\/#breadcrumb\"},\"inLanguage\":\"nb-NO\",\"potentialAction\":[{\"@type\":\"ReadAction\",\"target\":[\"https:\/\/hoyre.no\/oslo\/aktuelt\/2004-presentasjon-av-frogner-hoyres-eu-gruppe\/\"]}]},{\"@type\":\"BreadcrumbList\",\"@id\":\"https:\/\/hoyre.no\/oslo\/aktuelt\/2004-presentasjon-av-frogner-hoyres-eu-gruppe\/#breadcrumb\",\"itemListElement\":[{\"@type\":\"ListItem\",\"position\":1,\"name\":\"Til hoyre.no\",\"item\":\"https:\/\/hoyre.no\"},{\"@type\":\"ListItem\",\"position\":2,\"name\":\"Hjem\",\"item\":\"https:\/\/hoyre.no\/oslo\/\"},{\"@type\":\"ListItem\",\"position\":3,\"name\":\"2004 \u2013 Presentasjon av Frogner H\u00f8yres EU-gruppe\"}]},{\"@type\":\"WebSite\",\"@id\":\"https:\/\/hoyre.no\/oslo\/#website\",\"url\":\"https:\/\/hoyre.no\/oslo\/\",\"name\":\"Oslo H\u00f8yre\",\"description\":\"\",\"publisher\":{\"@id\":\"https:\/\/hoyre.no\/oslo\/#organization\"},\"inLanguage\":\"nb-NO\"},{\"@type\":\"Organization\",\"@id\":\"https:\/\/hoyre.no\/oslo\/#organization\",\"name\":\"Oslo H\u00f8yre\",\"url\":\"https:\/\/hoyre.no\/oslo\/\",\"logo\":{\"@type\":\"ImageObject\",\"inLanguage\":\"nb-NO\",\"@id\":\"https:\/\/hoyre.no\/oslo\/#\/schema\/logo\/image\/\",\"url\":\"https:\/\/hoyre.no\/content\/uploads\/sites\/408\/2022\/11\/Hoyres-logo.png\",\"contentUrl\":\"https:\/\/hoyre.no\/content\/uploads\/sites\/408\/2022\/11\/Hoyres-logo.png\",\"width\":1000,\"height\":1000,\"caption\":\"Oslo H\u00f8yre\"},\"image\":{\"@id\":\"https:\/\/hoyre.no\/oslo\/#\/schema\/logo\/image\/\"},\"sameAs\":[\"https:\/\/www.facebook.com\/oslo.hoyre\"]}]}<\/script>\n<!-- \/ Yoast SEO Premium plugin. -->","yoast_head_json":{"title":"2004 \u2013 Presentasjon av Frogner H\u00f8yres EU-gruppe - Oslo H\u00f8yre","robots":{"index":"index","follow":"follow","max-snippet":"max-snippet:-1","max-image-preview":"max-image-preview:large","max-video-preview":"max-video-preview:-1"},"canonical":"https:\/\/hoyre.no\/oslo\/aktuelt\/2004-presentasjon-av-frogner-hoyres-eu-gruppe\/","og_locale":"nb_NO","og_type":"article","og_title":"2004 \u2013 Presentasjon av Frogner H\u00f8yres EU-gruppe","og_url":"https:\/\/hoyre.no\/oslo\/aktuelt\/2004-presentasjon-av-frogner-hoyres-eu-gruppe\/","og_site_name":"Oslo H\u00f8yre","article_publisher":"https:\/\/www.facebook.com\/oslo.hoyre","article_published_time":"2004-04-17T20:14:25+00:00","article_modified_time":"2022-09-26T13:07:17+00:00","og_image":[{"width":1000,"height":1000,"url":"https:\/\/hoyre.no\/content\/uploads\/sites\/408\/2022\/11\/Hoyres-logo.png","type":"image\/png"}],"twitter_card":"summary_large_image","twitter_misc":{"Ansl. lesetid":"3 minutter"},"schema":{"@context":"https:\/\/schema.org","@graph":[{"@type":"Article","@id":"https:\/\/hoyre.no\/oslo\/aktuelt\/2004-presentasjon-av-frogner-hoyres-eu-gruppe\/#article","isPartOf":{"@id":"https:\/\/hoyre.no\/oslo\/aktuelt\/2004-presentasjon-av-frogner-hoyres-eu-gruppe\/"},"author":{"name":"","@id":""},"headline":"2004 \u2013 Presentasjon av Frogner H\u00f8yres EU-gruppe","datePublished":"2004-04-17T20:14:25+00:00","dateModified":"2022-09-26T13:07:17+00:00","mainEntityOfPage":{"@id":"https:\/\/hoyre.no\/oslo\/aktuelt\/2004-presentasjon-av-frogner-hoyres-eu-gruppe\/"},"wordCount":566,"publisher":{"@id":"https:\/\/hoyre.no\/oslo\/#organization"},"articleSection":["Nyheter"],"inLanguage":"nb-NO"},{"@type":"NewsArticle","@id":"https:\/\/hoyre.no\/oslo\/aktuelt\/2004-presentasjon-av-frogner-hoyres-eu-gruppe\/","url":"https:\/\/hoyre.no\/oslo\/aktuelt\/2004-presentasjon-av-frogner-hoyres-eu-gruppe\/","name":"2004 \u2013 Presentasjon av Frogner H\u00f8yres EU-gruppe - Oslo H\u00f8yre","isPartOf":{"@id":"https:\/\/hoyre.no\/oslo\/#website"},"datePublished":"2004-04-17T20:14:25+00:00","dateModified":"2022-09-26T13:07:17+00:00","breadcrumb":{"@id":"https:\/\/hoyre.no\/oslo\/aktuelt\/2004-presentasjon-av-frogner-hoyres-eu-gruppe\/#breadcrumb"},"inLanguage":"nb-NO","potentialAction":[{"@type":"ReadAction","target":["https:\/\/hoyre.no\/oslo\/aktuelt\/2004-presentasjon-av-frogner-hoyres-eu-gruppe\/"]}]},{"@type":"BreadcrumbList","@id":"https:\/\/hoyre.no\/oslo\/aktuelt\/2004-presentasjon-av-frogner-hoyres-eu-gruppe\/#breadcrumb","itemListElement":[{"@type":"ListItem","position":1,"name":"Til hoyre.no","item":"https:\/\/hoyre.no"},{"@type":"ListItem","position":2,"name":"Hjem","item":"https:\/\/hoyre.no\/oslo\/"},{"@type":"ListItem","position":3,"name":"2004 \u2013 Presentasjon av Frogner H\u00f8yres EU-gruppe"}]},{"@type":"WebSite","@id":"https:\/\/hoyre.no\/oslo\/#website","url":"https:\/\/hoyre.no\/oslo\/","name":"Oslo H\u00f8yre","description":"","publisher":{"@id":"https:\/\/hoyre.no\/oslo\/#organization"},"inLanguage":"nb-NO"},{"@type":"Organization","@id":"https:\/\/hoyre.no\/oslo\/#organization","name":"Oslo H\u00f8yre","url":"https:\/\/hoyre.no\/oslo\/","logo":{"@type":"ImageObject","inLanguage":"nb-NO","@id":"https:\/\/hoyre.no\/oslo\/#\/schema\/logo\/image\/","url":"https:\/\/hoyre.no\/content\/uploads\/sites\/408\/2022\/11\/Hoyres-logo.png","contentUrl":"https:\/\/hoyre.no\/content\/uploads\/sites\/408\/2022\/11\/Hoyres-logo.png","width":1000,"height":1000,"caption":"Oslo H\u00f8yre"},"image":{"@id":"https:\/\/hoyre.no\/oslo\/#\/schema\/logo\/image\/"},"sameAs":["https:\/\/www.facebook.com\/oslo.hoyre"]}]}},"distributor_meta":false,"distributor_terms":false,"distributor_media":false,"distributor_original_site_name":"Oslo H\u00f8yre","distributor_original_site_url":"https:\/\/hoyre.no\/oslo","push-errors":false,"_links":{"self":[{"href":"https:\/\/hoyre.no\/oslo\/wp-json\/wp\/v2\/posts\/1958","targetHints":{"allow":["GET"]}}],"collection":[{"href":"https:\/\/hoyre.no\/oslo\/wp-json\/wp\/v2\/posts"}],"about":[{"href":"https:\/\/hoyre.no\/oslo\/wp-json\/wp\/v2\/types\/post"}],"replies":[{"embeddable":true,"href":"https:\/\/hoyre.no\/oslo\/wp-json\/wp\/v2\/comments?post=1958"}],"version-history":[{"count":1,"href":"https:\/\/hoyre.no\/oslo\/wp-json\/wp\/v2\/posts\/1958\/revisions"}],"predecessor-version":[{"id":3115,"href":"https:\/\/hoyre.no\/oslo\/wp-json\/wp\/v2\/posts\/1958\/revisions\/3115"}],"wp:attachment":[{"href":"https:\/\/hoyre.no\/oslo\/wp-json\/wp\/v2\/media?parent=1958"}],"wp:term":[{"taxonomy":"category","embeddable":true,"href":"https:\/\/hoyre.no\/oslo\/wp-json\/wp\/v2\/category?post=1958"},{"taxonomy":"post_tag","embeddable":true,"href":"https:\/\/hoyre.no\/oslo\/wp-json\/wp\/v2\/post_tag?post=1958"},{"taxonomy":"hoyre-visibility","embeddable":true,"href":"https:\/\/hoyre.no\/oslo\/wp-json\/wp\/v2\/hoyre-visibility?post=1958"},{"taxonomy":"article-type","embeddable":true,"href":"https:\/\/hoyre.no\/oslo\/wp-json\/wp\/v2\/article-type?post=1958"},{"taxonomy":"politician","embeddable":true,"href":"https:\/\/hoyre.no\/oslo\/wp-json\/wp\/v2\/politician?post=1958"}],"curies":[{"name":"wp","href":"https:\/\/api.w.org\/{rel}","templated":true}]}}