{"id":4914,"date":"2023-06-27T10:53:01","date_gmt":"2023-06-27T08:53:01","guid":{"rendered":"https:\/\/hoyre.no\/oslo\/?p=4914"},"modified":"2024-09-10T09:02:02","modified_gmt":"2024-09-10T07:02:02","slug":"trygg-og-verdig-alderdom","status":"publish","type":"post","link":"https:\/\/hoyre.no\/oslo\/aktuelt\/trygg-og-verdig-alderdom\/","title":{"rendered":"Trygg og verdig alderdom"},"content":{"rendered":"\n<p class=\"preamble\">Oslo kommune m\u00e5 legge til rette for en trygg, verdig og sunn alderdom. Den siste tiden har det blitt avdekket kritikkverdige forhold og alvorlig omsorgssvikt ved byens helsehus, sykehjem og i hjemmetjenesten.<br><\/p>\t\t\t<div class=\"post-meta wp-block teft-byline-wrapper\">\n\t\t\t\t<div class=\"top\">\n\t\t\t\t\t<div class=\"signature\">\n\t\t\t\t\t\t<div class=\"teft-byline\">\n\t\t\t\t\t\t\t\t\t\t\t\t\t\t<div>\n\t\t\t\t\t\t\t\t<h3>H\u00f8yres redaksjon<\/h3>\t\t\t\t\t\t\t\t\n\t\t\t\t\t\t\t\t\t\t\t\t\t\t\t\t\t<span class=\"date\">Sist oppdatert: 10. september 2024<\/span>\n\t\t\t\t\t\t\t\t\t\t\t\t\t\t\t\t\t\t\t\t\t\t\t\t\t<span class=\"reading-time\" itemprop=\"timeRequired\" content=\"PT2M\"><em>Ca. 2 minutter lesetid<\/em><\/span>\n\t\t\t\t\t\t\t\t\t\t\t\t\t\t\t<\/div>\n\t\t\t\t\t\t<\/div>\n\t\t\t\t\t<\/div>\n\t\t\t\t\t\t<div class=\"sharing\">\n\t\t<a class=\"share-button share-link copy-link\" data-copy=\"https:\/\/hoyre.no\/oslo\/aktuelt\/trygg-og-verdig-alderdom\/\" target=\"_blank\"><span class=\"screen-reader-text\">Del link<\/span><\/a>\n\t\t<a class=\"share-button share-twitter\" href=\"http:\/\/twitter.com\/share?text=Trygg og verdig alderdom&#038;url=https:\/\/hoyre.no\/oslo\/aktuelt\/trygg-og-verdig-alderdom\/&#038;hashtags=Hoyre\" target=\"_blank\"><span class=\"screen-reader-text\">Del p\u00e5 twitter<\/span><\/a>\n\t\t<a class=\"share-button share-facebook\" href=\"https:\/\/www.facebook.com\/sharer\/sharer.php?u=https:\/\/hoyre.no\/oslo\/aktuelt\/trygg-og-verdig-alderdom\/\" target=\"_blank\"><span class=\"screen-reader-text\">Del p\u00e5 facebook<\/span><\/a>\n\t<\/div>\n\t\t\t\t\t<\/div>\n\t\t\t<\/div>\n\n\t\t\t<figure class=\"hoyre-image-wrapper\"><div class=\"hoyre-image\"><img loading=\"lazy\" decoding=\"async\" width=\"2500\" height=\"1875\" src=\"https:\/\/hoyre.no\/content\/uploads\/sites\/408\/2023\/06\/tempImage0IJCFi-scaled.jpg\" class=\"attachment-scaled size-scaled\" alt=\"\" style=\"object-position: 50% 50%\" srcset=\"https:\/\/hoyre.no\/content\/uploads\/sites\/408\/2023\/06\/tempImage0IJCFi-scaled.jpg 2500w, https:\/\/hoyre.no\/content\/uploads\/sites\/408\/2023\/06\/tempImage0IJCFi-300x225.jpg 300w, https:\/\/hoyre.no\/content\/uploads\/sites\/408\/2023\/06\/tempImage0IJCFi-1024x768.jpg 1024w, https:\/\/hoyre.no\/content\/uploads\/sites\/408\/2023\/06\/tempImage0IJCFi-768x576.jpg 768w, https:\/\/hoyre.no\/content\/uploads\/sites\/408\/2023\/06\/tempImage0IJCFi-1536x1152.jpg 1536w, https:\/\/hoyre.no\/content\/uploads\/sites\/408\/2023\/06\/tempImage0IJCFi-2048x1536.jpg 2048w\" sizes=\"auto, (max-width: 2500px) 100vw, 2500px\" \/><\/div><figcaption class=\"caption\">Ordf\u00f8rerkandidat Anne Lindboe og helsepolitisk talsperson Hassan Nawaz.<\/figcaption><\/figure>\n\n\n\n<p>Helse- og omsorgstjenestene st\u00e5r overfor store utfordringer. Samfunns- og befolkningsutviklingen og mangel p\u00e5 helsepersonell krever at vi tenker nytt om fremtidens eldreomsorg. Den sterkeste veksten i befolkningen i Oslo vil merkes blant de over 80 \u00e5r, med en \u00f8kning p\u00e5 rundt dobbelt s\u00e5 mange innbyggere fra 2022 til 2040. Gjennom 2023 har det blitt avdekket kritikkverdige forhold og alvorlig omsorgssvikt ved byens helsehus, sykehjem og i hjemmetjenesten.<\/p>\n\n\n\n<p>Oslo kommune m\u00e5 legge til rette for en trygg, verdig og sunn alderdom. Eldre m\u00e5 oppleve at de m\u00f8tes med respekt av kommunen, og at kommunen gir helsehjelp tilpasset enkeltmenneskets behov. Oslo H\u00f8yre vil at eldre som trenger helsehjelp, skal ha et godt og trygt tilbud, enten det er i eget hjem, p\u00e5 sykehjem eller helsehus.<\/p>\n\n\n\n<p>For H\u00f8yre handler dette om \u00e5 legge til rette for trygg og verdig alderdom i Oslo kommune. Vi m\u00e5 l\u00f8se de forest\u00e5ende utfordringene uten \u00e5 umyndiggj\u00f8re de eldre eller begrense deres frihet.<\/p>\n\n\n\n<p>Da trengs det grep i eldreomsorgen som kan st\u00e5 seg over lenger tid og som tar h\u00f8yde for kompleksiteten i helse- og omsorgssektoren. Noen av H\u00f8yres forslag handler om forskjellige boformer for eldre, styrking av hjemmetjenesten, mer oppgaveglidning, kompetansel\u00f8ft, og tidlig forebyggende behandling. \u00c5 utvikle tjenestetilbudet utelukkende p\u00e5 bakgrunn av dagens demografiutvikling er verken b\u00e6rekraftig eller hensiktsmessig. Vi m\u00e5 t\u00f8rre \u00e5 tenke langsiktig og innovativt om fremtidens eldreomsorg.<\/p>\n\n\n\n<div class=\"wp-block-teft-file icon-link-block\"><a href=\"https:\/\/hoyre.no\/content\/uploads\/sites\/408\/2023\/06\/Aldersvennlig_Oslo.pdf\" download><span class=\"file-title\">Trygg og verdig alderdom<\/span><span class=\"file-name\"><\/span><\/a><\/div>\n\n\n\n<h2 class=\"wp-block-heading\" id=\"h-hoyres-13-tiltak-for-et-omsorgsloft-i-oslo\">H\u00f8yres 13 tiltak for et <strong>omsorgsl\u00f8ft i Oslo<\/strong><\/h2>\n\n\n\n<ol class=\"wp-block-list\"><li>Innf\u00f8re en valgfrihetsgaranti, som gir eldre mulighet til \u00e5 velge mellom ulike sykehjem og hjemmetjenester uavhengig av leverand\u00f8r&nbsp;<\/li><li>S\u00f8rge for at alle brukere har en prim\u00e6rkontakt i hjemmetjenesten<\/li><li>Etablere faste team med maks 10-12 pleiere for hver bruker<\/li><li>Etablere \u00abHelsestasjon for eldre\u00bb som gratis lavterskeltilbud for \u00e5 bedre ern\u00e6ring, psykisk helse og forebygge ensomhet<\/li><li>Innf\u00f8re et kompetansel\u00f8ft for alle ansatte i eldreomsorgen med tilbud om etter- og videreutdanning i samarbeid med utdanningsinstitusjonene&nbsp;<\/li><li>Tilby beboerne p\u00e5 sykehjem en times aktivitet hver dag<\/li><li>S\u00f8rge for at beboere p\u00e5 sykehjem f\u00e5r dekket sine s\u00e6regne behov gjennom en spesialisering av sykehjemmene<\/li><li>20-dagers garanti for ventetid ved innvilget sykehjemsplass<\/li><li>Gjennomf\u00f8re og offentliggj\u00f8re halv\u00e5rlige bruker- og p\u00e5r\u00f8rendeunders\u00f8kelser<\/li><li>Konkurranseutsette sykehjem basert p\u00e5 best mulig kvalitet<\/li><li>Sykehjem skal b\u00e6re preg av \u00e5 v\u00e6re et hjem, og ikke institusjon<\/li><li>Matverter p\u00e5 sykehjemmene og byomfattende spise- og bes\u00f8ksordning i hjemmetjenestene<\/li><li>\u00d8ke bruken av velferdsteknologi<\/li><\/ol>\n\n\n\n\n<p><\/p>\n\n\n<div class=\"tags\">\n\t<\/div>\n<div class=\"post-footer alignfull has-background block-editor-block-list__block\" data-align=full>\n\t<div class=\"post-footer-inner\">\n\t\t<h3>Relaterte artikler<\/h3>\n\t\t<div class=\"related-content\"><div class=\"is-card-hoyre\">\n\t<div class=\"teft-card hoyre-teft-card post-teft-card\">\n\t\t<a href=\"https:\/\/hoyre.no\/oslo\/aktuelt\/mdg-moralismen-fornekter-seg-ikke\/\" class=\"teft-card__primary-action\">\n\n\t\t\t\t\t<div class=\"teft-card__media teft-card__media--16-9\">\n\t\t\t\t\t\t<img loading=\"lazy\" decoding=\"async\" width=\"768\" height=\"512\" src=\"https:\/\/hoyre.no\/content\/uploads\/sites\/408\/2024\/01\/QZQlxtOC-768x512.jpeg\" class=\"attachment-medium_large size-medium_large\" alt=\"Merete Agerbak-Jensen\" srcset=\"https:\/\/hoyre.no\/content\/uploads\/sites\/408\/2024\/01\/QZQlxtOC-768x512.jpeg 768w, https:\/\/hoyre.no\/content\/uploads\/sites\/408\/2024\/01\/QZQlxtOC-300x200.jpeg 300w, https:\/\/hoyre.no\/content\/uploads\/sites\/408\/2024\/01\/QZQlxtOC-1024x683.jpeg 1024w, https:\/\/hoyre.no\/content\/uploads\/sites\/408\/2024\/01\/QZQlxtOC-1536x1024.jpeg 1536w, https:\/\/hoyre.no\/content\/uploads\/sites\/408\/2024\/01\/QZQlxtOC-2048x1365.jpeg 2048w\" sizes=\"auto, (max-width: 768px) 100vw, 768px\" \/>\t\t<\/div>\n\t\t\n\t\t\t<div class=\"teft-card__content-wrapper\">\n\t\t\t\t<div class=\"teft-card__secondary\">\n\t\t\t\t\t\n\t\t\t\t\t\t\t\t<div class=\"teft-card__meta\">\n\t\t\t\t\t\t\t\t\t<span class=\"post-date\">23. apr 2026<\/span>\n\n\t\t\t\t\t\t\t\t\t<span class=\"post-category\">Vil utvide skjenketidene:<\/span>\t\t\t\t\t\t\t\t<\/div>\n\t\t\t\t\t\t\t\t\t\t\t<\/div>\n\n\t\t\t\t<div class=\"teft-card__primary\">\n\t\t\t\t\t<h2 class=\"teft-card__title\">MDG-moralismen fornekter seg ikke&nbsp;<span class=\"teft-card__primary-title-append\"><\/span><\/h2>\t\t\t\t<\/div>\n\t\t\t<\/div>\n\t\t<\/a>\n\t<\/div>\n\n\t<\/div><div class=\"is-card-hoyre\">\n\t<div class=\"teft-card hoyre-teft-card post-teft-card\">\n\t\t<a href=\"https:\/\/hoyre.no\/oslo\/aktuelt\/raskere-og-enklere-a-bygge-boliger-og-skape-arbeidsplasser-i-oslo\/\" class=\"teft-card__primary-action\">\n\n\t\t\t\t\t<div class=\"teft-card__media teft-card__media--16-9\">\n\t\t\t\t\t\t<img loading=\"lazy\" decoding=\"async\" width=\"768\" height=\"576\" src=\"https:\/\/hoyre.no\/content\/uploads\/sites\/408\/2026\/04\/Eirik-Lae-Solberg-og-Anita-Leirvik-North-768x576.jpg\" class=\"attachment-medium_large size-medium_large\" alt=\"\" srcset=\"https:\/\/hoyre.no\/content\/uploads\/sites\/408\/2026\/04\/Eirik-Lae-Solberg-og-Anita-Leirvik-North-768x576.jpg 768w, https:\/\/hoyre.no\/content\/uploads\/sites\/408\/2026\/04\/Eirik-Lae-Solberg-og-Anita-Leirvik-North-300x225.jpg 300w, https:\/\/hoyre.no\/content\/uploads\/sites\/408\/2026\/04\/Eirik-Lae-Solberg-og-Anita-Leirvik-North.jpg 901w\" sizes=\"auto, (max-width: 768px) 100vw, 768px\" \/>\t\t<\/div>\n\t\t\n\t\t\t<div class=\"teft-card__content-wrapper\">\n\t\t\t\t<div class=\"teft-card__secondary\">\n\t\t\t\t\t\n\t\t\t\t\t\t\t\t<div class=\"teft-card__meta\">\n\t\t\t\t\t\t\t\t\t<span class=\"post-date\">14. apr 2026<\/span>\n\n\t\t\t\t\t\t\t\t\t<span class=\"post-category\">Har lagt frem ny KPA:<\/span>\t\t\t\t\t\t\t\t<\/div>\n\t\t\t\t\t\t\t\t\t\t\t<\/div>\n\n\t\t\t\t<div class=\"teft-card__primary\">\n\t\t\t\t\t<h2 class=\"teft-card__title\">Raskere og enklere \u00e5 bygge boliger og skape arbeidsplasser i Oslo&nbsp;<span class=\"teft-card__primary-title-append\"><\/span><\/h2>\t\t\t\t<\/div>\n\t\t\t<\/div>\n\t\t<\/a>\n\t<\/div>\n\n\t<\/div><div class=\"is-card-hoyre\">\n\t<div class=\"teft-card hoyre-teft-card post-teft-card\">\n\t\t<a href=\"https:\/\/hoyre.no\/oslo\/aktuelt\/bedre-elevresultater-og-en-skoleokonomi-i-balanse-med-blagront-byrad\/\" class=\"teft-card__primary-action\">\n\n\t\t\t\t\t<div class=\"teft-card__media teft-card__media--16-9\">\n\t\t\t\t\t\t<img loading=\"lazy\" decoding=\"async\" width=\"768\" height=\"512\" src=\"https:\/\/hoyre.no\/content\/uploads\/sites\/408\/2025\/05\/IMG_6440-768x512.jpeg\" class=\"attachment-medium_large size-medium_large\" alt=\"Julie Remen Midtgarden\" srcset=\"https:\/\/hoyre.no\/content\/uploads\/sites\/408\/2025\/05\/IMG_6440-768x512.jpeg 768w, https:\/\/hoyre.no\/content\/uploads\/sites\/408\/2025\/05\/IMG_6440-300x200.jpeg 300w, https:\/\/hoyre.no\/content\/uploads\/sites\/408\/2025\/05\/IMG_6440-1024x683.jpeg 1024w, https:\/\/hoyre.no\/content\/uploads\/sites\/408\/2025\/05\/IMG_6440-1536x1024.jpeg 1536w, https:\/\/hoyre.no\/content\/uploads\/sites\/408\/2025\/05\/IMG_6440-2048x1365.jpeg 2048w\" sizes=\"auto, (max-width: 768px) 100vw, 768px\" \/>\t\t<\/div>\n\t\t\n\t\t\t<div class=\"teft-card__content-wrapper\">\n\t\t\t\t<div class=\"teft-card__secondary\">\n\t\t\t\t\t\n\t\t\t\t\t\t\t\t<div class=\"teft-card__meta\">\n\t\t\t\t\t\t\t\t\t<span class=\"post-date\">26. mar 2026<\/span>\n\n\t\t\t\t\t\t\t\t\t<span class=\"post-category\">Osloskolen er p\u00e5 rett vei:<\/span>\t\t\t\t\t\t\t\t<\/div>\n\t\t\t\t\t\t\t\t\t\t\t<\/div>\n\n\t\t\t\t<div class=\"teft-card__primary\">\n\t\t\t\t\t<h2 class=\"teft-card__title\">Bedre elevresultater og en skole\u00f8konomi i balanse med bl\u00e5gr\u00f8nt byr\u00e5d&nbsp;<span class=\"teft-card__primary-title-append\"><\/span><\/h2>\t\t\t\t<\/div>\n\t\t\t<\/div>\n\t\t<\/a>\n\t<\/div>\n\n\t<\/div><\/div>\t<\/div>\n<\/div>\n","protected":false},"excerpt":{"rendered":"<p>Helse- og omsorgstjenestene st\u00e5r overfor store utfordringer. Samfunns- og befolkningsutviklingen og mangel p\u00e5 helsepersonell krever at vi tenker nytt om fremtidens eldreomsorg. Den sterkeste veksten i befolkningen i Oslo vil merkes blant de over 80 \u00e5r, med en \u00f8kning p\u00e5 rundt dobbelt s\u00e5 mange innbyggere fra 2022 til 2040. Gjennom 2023 har det blitt avdekket [&hellip;]<\/p>\n","protected":false},"author":8443,"featured_media":0,"comment_status":"closed","ping_status":"closed","sticky":false,"template":"","format":"standard","meta":{"teft_cards_image_url":"","teft_cards_custom_pretitle":"","teft_cards_image_id":4915,"teft_cards_image_focal_point_x":0.5,"teft_cards_image_focal_point_y":0.5,"teft_cards_title":"","teft_cards_excerpt":"","teft_show_chapters":false,"author_display_name":"","footnotes":""},"category":[11],"post_tag":[],"hoyre-visibility":[],"article-type":[],"politician":[],"class_list":["post-4914","post","type-post","status-publish","format-standard","hentry","category-helse-og-omsorg"],"yoast_head":"<!-- This site is optimized with the Yoast SEO Premium plugin v26.5 (Yoast SEO v26.6) - https:\/\/yoast.com\/wordpress\/plugins\/seo\/ -->\n<title>Trygg og verdig alderdom - Oslo H\u00f8yre<\/title>\n<meta name=\"robots\" content=\"index, follow, max-snippet:-1, max-image-preview:large, max-video-preview:-1\" \/>\n<link rel=\"canonical\" href=\"https:\/\/hoyre.no\/oslo\/aktuelt\/trygg-og-verdig-alderdom\/\" \/>\n<meta property=\"og:locale\" content=\"nb_NO\" \/>\n<meta property=\"og:type\" content=\"article\" \/>\n<meta property=\"og:title\" content=\"Trygg og verdig alderdom\" \/>\n<meta property=\"og:description\" content=\"Helse- og omsorgstjenestene st\u00e5r overfor store utfordringer. Samfunns- og befolkningsutviklingen og mangel p\u00e5 helsepersonell krever at vi tenker nytt om fremtidens eldreomsorg. Den sterkeste veksten i befolkningen i Oslo vil merkes blant de over 80 \u00e5r, med en \u00f8kning p\u00e5 rundt dobbelt s\u00e5 mange innbyggere fra 2022 til 2040. Gjennom 2023 har det blitt avdekket [&hellip;]\" \/>\n<meta property=\"og:url\" content=\"https:\/\/hoyre.no\/oslo\/aktuelt\/trygg-og-verdig-alderdom\/\" \/>\n<meta property=\"og:site_name\" content=\"Oslo H\u00f8yre\" \/>\n<meta property=\"article:publisher\" content=\"https:\/\/www.facebook.com\/oslo.hoyre\" \/>\n<meta property=\"article:published_time\" content=\"2023-06-27T08:53:01+00:00\" \/>\n<meta property=\"article:modified_time\" content=\"2024-09-10T07:02:02+00:00\" \/>\n<meta property=\"og:image\" content=\"https:\/\/hoyre.no\/content\/uploads\/sites\/408\/2022\/11\/Hoyres-logo.png\" \/>\n\t<meta property=\"og:image:width\" content=\"1000\" \/>\n\t<meta property=\"og:image:height\" content=\"1000\" \/>\n\t<meta property=\"og:image:type\" content=\"image\/png\" \/>\n<meta name=\"author\" content=\"Celine D\u00f8rum Pettersen\" \/>\n<meta name=\"twitter:card\" content=\"summary_large_image\" \/>\n<meta name=\"twitter:label1\" content=\"Skrevet av\" \/>\n\t<meta name=\"twitter:data1\" content=\"Celine D\u00f8rum Pettersen\" \/>\n\t<meta name=\"twitter:label2\" content=\"Ansl. lesetid\" \/>\n\t<meta name=\"twitter:data2\" content=\"3 minutter\" \/>\n<script type=\"application\/ld+json\" class=\"yoast-schema-graph\">{\"@context\":\"https:\/\/schema.org\",\"@graph\":[{\"@type\":\"Article\",\"@id\":\"https:\/\/hoyre.no\/oslo\/aktuelt\/trygg-og-verdig-alderdom\/#article\",\"isPartOf\":{\"@id\":\"https:\/\/hoyre.no\/oslo\/aktuelt\/trygg-og-verdig-alderdom\/\"},\"author\":{\"name\":\"Celine D\u00f8rum Pettersen\",\"@id\":\"https:\/\/hoyre.no\/oslo\/#\/schema\/person\/f86f6c87ca6bf4be4db6589d86c2d3f7\"},\"headline\":\"Trygg og verdig alderdom\",\"datePublished\":\"2023-06-27T08:53:01+00:00\",\"dateModified\":\"2024-09-10T07:02:02+00:00\",\"mainEntityOfPage\":{\"@id\":\"https:\/\/hoyre.no\/oslo\/aktuelt\/trygg-og-verdig-alderdom\/\"},\"wordCount\":462,\"publisher\":{\"@id\":\"https:\/\/hoyre.no\/oslo\/#organization\"},\"articleSection\":[\"Helse og omsorg\"],\"inLanguage\":\"nb-NO\"},{\"@type\":\"NewsArticle\",\"@id\":\"https:\/\/hoyre.no\/oslo\/aktuelt\/trygg-og-verdig-alderdom\/\",\"url\":\"https:\/\/hoyre.no\/oslo\/aktuelt\/trygg-og-verdig-alderdom\/\",\"name\":\"Trygg og verdig alderdom - Oslo H\u00f8yre\",\"isPartOf\":{\"@id\":\"https:\/\/hoyre.no\/oslo\/#website\"},\"datePublished\":\"2023-06-27T08:53:01+00:00\",\"dateModified\":\"2024-09-10T07:02:02+00:00\",\"breadcrumb\":{\"@id\":\"https:\/\/hoyre.no\/oslo\/aktuelt\/trygg-og-verdig-alderdom\/#breadcrumb\"},\"inLanguage\":\"nb-NO\",\"potentialAction\":[{\"@type\":\"ReadAction\",\"target\":[\"https:\/\/hoyre.no\/oslo\/aktuelt\/trygg-og-verdig-alderdom\/\"]}]},{\"@type\":\"BreadcrumbList\",\"@id\":\"https:\/\/hoyre.no\/oslo\/aktuelt\/trygg-og-verdig-alderdom\/#breadcrumb\",\"itemListElement\":[{\"@type\":\"ListItem\",\"position\":1,\"name\":\"Til hoyre.no\",\"item\":\"https:\/\/hoyre.no\"},{\"@type\":\"ListItem\",\"position\":2,\"name\":\"Hjem\",\"item\":\"https:\/\/hoyre.no\/oslo\/\"},{\"@type\":\"ListItem\",\"position\":3,\"name\":\"Trygg og verdig alderdom\"}]},{\"@type\":\"WebSite\",\"@id\":\"https:\/\/hoyre.no\/oslo\/#website\",\"url\":\"https:\/\/hoyre.no\/oslo\/\",\"name\":\"Oslo H\u00f8yre\",\"description\":\"\",\"publisher\":{\"@id\":\"https:\/\/hoyre.no\/oslo\/#organization\"},\"inLanguage\":\"nb-NO\"},{\"@type\":\"Organization\",\"@id\":\"https:\/\/hoyre.no\/oslo\/#organization\",\"name\":\"Oslo H\u00f8yre\",\"url\":\"https:\/\/hoyre.no\/oslo\/\",\"logo\":{\"@type\":\"ImageObject\",\"inLanguage\":\"nb-NO\",\"@id\":\"https:\/\/hoyre.no\/oslo\/#\/schema\/logo\/image\/\",\"url\":\"https:\/\/hoyre.no\/content\/uploads\/sites\/408\/2022\/11\/Hoyres-logo.png\",\"contentUrl\":\"https:\/\/hoyre.no\/content\/uploads\/sites\/408\/2022\/11\/Hoyres-logo.png\",\"width\":1000,\"height\":1000,\"caption\":\"Oslo H\u00f8yre\"},\"image\":{\"@id\":\"https:\/\/hoyre.no\/oslo\/#\/schema\/logo\/image\/\"},\"sameAs\":[\"https:\/\/www.facebook.com\/oslo.hoyre\"]},{\"@type\":\"Person\",\"@id\":\"https:\/\/hoyre.no\/oslo\/#\/schema\/person\/f86f6c87ca6bf4be4db6589d86c2d3f7\",\"name\":\"Celine D\u00f8rum Pettersen\",\"image\":{\"@type\":\"ImageObject\",\"inLanguage\":\"nb-NO\",\"@id\":\"https:\/\/hoyre.no\/oslo\/#\/schema\/person\/image\/\",\"url\":\"https:\/\/secure.gravatar.com\/avatar\/76e0c3b6c2543dada98faa6737ef687cc11e49ead4adcad3bcdb715a377f1fd3?s=96&d=mm&r=g\",\"contentUrl\":\"https:\/\/secure.gravatar.com\/avatar\/76e0c3b6c2543dada98faa6737ef687cc11e49ead4adcad3bcdb715a377f1fd3?s=96&d=mm&r=g\",\"caption\":\"Celine D\u00f8rum Pettersen\"},\"url\":\"https:\/\/hoyre.no\/oslo\/aktuelt\/author\/m52080694\/\"}]}<\/script>\n<!-- \/ Yoast SEO Premium plugin. -->","yoast_head_json":{"title":"Trygg og verdig alderdom - Oslo H\u00f8yre","robots":{"index":"index","follow":"follow","max-snippet":"max-snippet:-1","max-image-preview":"max-image-preview:large","max-video-preview":"max-video-preview:-1"},"canonical":"https:\/\/hoyre.no\/oslo\/aktuelt\/trygg-og-verdig-alderdom\/","og_locale":"nb_NO","og_type":"article","og_title":"Trygg og verdig alderdom","og_description":"Helse- og omsorgstjenestene st\u00e5r overfor store utfordringer. Samfunns- og befolkningsutviklingen og mangel p\u00e5 helsepersonell krever at vi tenker nytt om fremtidens eldreomsorg. Den sterkeste veksten i befolkningen i Oslo vil merkes blant de over 80 \u00e5r, med en \u00f8kning p\u00e5 rundt dobbelt s\u00e5 mange innbyggere fra 2022 til 2040. Gjennom 2023 har det blitt avdekket [&hellip;]","og_url":"https:\/\/hoyre.no\/oslo\/aktuelt\/trygg-og-verdig-alderdom\/","og_site_name":"Oslo H\u00f8yre","article_publisher":"https:\/\/www.facebook.com\/oslo.hoyre","article_published_time":"2023-06-27T08:53:01+00:00","article_modified_time":"2024-09-10T07:02:02+00:00","og_image":[{"width":1000,"height":1000,"url":"https:\/\/hoyre.no\/content\/uploads\/sites\/408\/2022\/11\/Hoyres-logo.png","type":"image\/png"}],"author":"Celine D\u00f8rum Pettersen","twitter_card":"summary_large_image","twitter_misc":{"Skrevet av":"Celine D\u00f8rum Pettersen","Ansl. lesetid":"3 minutter"},"schema":{"@context":"https:\/\/schema.org","@graph":[{"@type":"Article","@id":"https:\/\/hoyre.no\/oslo\/aktuelt\/trygg-og-verdig-alderdom\/#article","isPartOf":{"@id":"https:\/\/hoyre.no\/oslo\/aktuelt\/trygg-og-verdig-alderdom\/"},"author":{"name":"Celine D\u00f8rum Pettersen","@id":"https:\/\/hoyre.no\/oslo\/#\/schema\/person\/f86f6c87ca6bf4be4db6589d86c2d3f7"},"headline":"Trygg og verdig alderdom","datePublished":"2023-06-27T08:53:01+00:00","dateModified":"2024-09-10T07:02:02+00:00","mainEntityOfPage":{"@id":"https:\/\/hoyre.no\/oslo\/aktuelt\/trygg-og-verdig-alderdom\/"},"wordCount":462,"publisher":{"@id":"https:\/\/hoyre.no\/oslo\/#organization"},"articleSection":["Helse og omsorg"],"inLanguage":"nb-NO"},{"@type":"NewsArticle","@id":"https:\/\/hoyre.no\/oslo\/aktuelt\/trygg-og-verdig-alderdom\/","url":"https:\/\/hoyre.no\/oslo\/aktuelt\/trygg-og-verdig-alderdom\/","name":"Trygg og verdig alderdom - Oslo H\u00f8yre","isPartOf":{"@id":"https:\/\/hoyre.no\/oslo\/#website"},"datePublished":"2023-06-27T08:53:01+00:00","dateModified":"2024-09-10T07:02:02+00:00","breadcrumb":{"@id":"https:\/\/hoyre.no\/oslo\/aktuelt\/trygg-og-verdig-alderdom\/#breadcrumb"},"inLanguage":"nb-NO","potentialAction":[{"@type":"ReadAction","target":["https:\/\/hoyre.no\/oslo\/aktuelt\/trygg-og-verdig-alderdom\/"]}]},{"@type":"BreadcrumbList","@id":"https:\/\/hoyre.no\/oslo\/aktuelt\/trygg-og-verdig-alderdom\/#breadcrumb","itemListElement":[{"@type":"ListItem","position":1,"name":"Til hoyre.no","item":"https:\/\/hoyre.no"},{"@type":"ListItem","position":2,"name":"Hjem","item":"https:\/\/hoyre.no\/oslo\/"},{"@type":"ListItem","position":3,"name":"Trygg og verdig alderdom"}]},{"@type":"WebSite","@id":"https:\/\/hoyre.no\/oslo\/#website","url":"https:\/\/hoyre.no\/oslo\/","name":"Oslo H\u00f8yre","description":"","publisher":{"@id":"https:\/\/hoyre.no\/oslo\/#organization"},"inLanguage":"nb-NO"},{"@type":"Organization","@id":"https:\/\/hoyre.no\/oslo\/#organization","name":"Oslo H\u00f8yre","url":"https:\/\/hoyre.no\/oslo\/","logo":{"@type":"ImageObject","inLanguage":"nb-NO","@id":"https:\/\/hoyre.no\/oslo\/#\/schema\/logo\/image\/","url":"https:\/\/hoyre.no\/content\/uploads\/sites\/408\/2022\/11\/Hoyres-logo.png","contentUrl":"https:\/\/hoyre.no\/content\/uploads\/sites\/408\/2022\/11\/Hoyres-logo.png","width":1000,"height":1000,"caption":"Oslo H\u00f8yre"},"image":{"@id":"https:\/\/hoyre.no\/oslo\/#\/schema\/logo\/image\/"},"sameAs":["https:\/\/www.facebook.com\/oslo.hoyre"]},{"@type":"Person","@id":"https:\/\/hoyre.no\/oslo\/#\/schema\/person\/f86f6c87ca6bf4be4db6589d86c2d3f7","name":"Celine D\u00f8rum Pettersen","image":{"@type":"ImageObject","inLanguage":"nb-NO","@id":"https:\/\/hoyre.no\/oslo\/#\/schema\/person\/image\/","url":"https:\/\/secure.gravatar.com\/avatar\/76e0c3b6c2543dada98faa6737ef687cc11e49ead4adcad3bcdb715a377f1fd3?s=96&d=mm&r=g","contentUrl":"https:\/\/secure.gravatar.com\/avatar\/76e0c3b6c2543dada98faa6737ef687cc11e49ead4adcad3bcdb715a377f1fd3?s=96&d=mm&r=g","caption":"Celine D\u00f8rum Pettersen"},"url":"https:\/\/hoyre.no\/oslo\/aktuelt\/author\/m52080694\/"}]}},"distributor_meta":false,"distributor_terms":false,"distributor_media":false,"distributor_original_site_name":"Oslo H\u00f8yre","distributor_original_site_url":"https:\/\/hoyre.no\/oslo","push-errors":false,"_links":{"self":[{"href":"https:\/\/hoyre.no\/oslo\/wp-json\/wp\/v2\/posts\/4914","targetHints":{"allow":["GET"]}}],"collection":[{"href":"https:\/\/hoyre.no\/oslo\/wp-json\/wp\/v2\/posts"}],"about":[{"href":"https:\/\/hoyre.no\/oslo\/wp-json\/wp\/v2\/types\/post"}],"author":[{"embeddable":true,"href":"https:\/\/hoyre.no\/oslo\/wp-json\/wp\/v2\/users\/8443"}],"replies":[{"embeddable":true,"href":"https:\/\/hoyre.no\/oslo\/wp-json\/wp\/v2\/comments?post=4914"}],"version-history":[{"count":2,"href":"https:\/\/hoyre.no\/oslo\/wp-json\/wp\/v2\/posts\/4914\/revisions"}],"predecessor-version":[{"id":4920,"href":"https:\/\/hoyre.no\/oslo\/wp-json\/wp\/v2\/posts\/4914\/revisions\/4920"}],"wp:attachment":[{"href":"https:\/\/hoyre.no\/oslo\/wp-json\/wp\/v2\/media?parent=4914"}],"wp:term":[{"taxonomy":"category","embeddable":true,"href":"https:\/\/hoyre.no\/oslo\/wp-json\/wp\/v2\/category?post=4914"},{"taxonomy":"post_tag","embeddable":true,"href":"https:\/\/hoyre.no\/oslo\/wp-json\/wp\/v2\/post_tag?post=4914"},{"taxonomy":"hoyre-visibility","embeddable":true,"href":"https:\/\/hoyre.no\/oslo\/wp-json\/wp\/v2\/hoyre-visibility?post=4914"},{"taxonomy":"article-type","embeddable":true,"href":"https:\/\/hoyre.no\/oslo\/wp-json\/wp\/v2\/article-type?post=4914"},{"taxonomy":"politician","embeddable":true,"href":"https:\/\/hoyre.no\/oslo\/wp-json\/wp\/v2\/politician?post=4914"}],"curies":[{"name":"wp","href":"https:\/\/api.w.org\/{rel}","templated":true}]}}