{"id":7787,"date":"2024-10-14T22:24:25","date_gmt":"2024-10-14T20:24:25","guid":{"rendered":"https:\/\/hoyre.no\/oslo\/?p=7787"},"modified":"2024-10-14T22:24:46","modified_gmt":"2024-10-14T20:24:46","slug":"nominasjonskomiteens-listeforslag-til-stortingsvalget-2025","status":"publish","type":"post","link":"https:\/\/hoyre.no\/oslo\/aktuelt\/nominasjonskomiteens-listeforslag-til-stortingsvalget-2025\/","title":{"rendered":"Nominasjonskomiteens listeforslag til stortingsvalget 2025"},"content":{"rendered":"\n<p class=\"preamble\">Nominasjonskomiteen i Oslo H\u00f8yre har i kveld offentliggjort sin innstilling p\u00e5 forslag til stortingsvalgliste for 2025-29.<\/p>\t\t\t<div class=\"post-meta wp-block teft-byline-wrapper\">\n\t\t\t\t<div class=\"top\">\n\t\t\t\t\t<div class=\"signature\">\n\t\t\t\t\t\t<div class=\"teft-byline\">\n\t\t\t\t\t\t\t\t\t\t\t\t\t\t<div>\n\t\t\t\t\t\t\t\t<h3>H\u00f8yres redaksjon<\/h3>\t\t\t\t\t\t\t\t\n\t\t\t\t\t\t\t\t\t\t\t\t\t\t\t\t\t<span class=\"date\">Sist oppdatert: 14. oktober 2024<\/span>\n\t\t\t\t\t\t\t\t\t\t\t\t\t\t\t\t\t\t\t\t\t\t\t\t\t<span class=\"reading-time\" itemprop=\"timeRequired\" content=\"PT2M\"><em>Ca. 2 minutter lesetid<\/em><\/span>\n\t\t\t\t\t\t\t\t\t\t\t\t\t\t\t<\/div>\n\t\t\t\t\t\t<\/div>\n\t\t\t\t\t<\/div>\n\t\t\t\t\t\t<div class=\"sharing\">\n\t\t<a class=\"share-button share-link copy-link\" data-copy=\"https:\/\/hoyre.no\/oslo\/aktuelt\/nominasjonskomiteens-listeforslag-til-stortingsvalget-2025\/\" target=\"_blank\"><span class=\"screen-reader-text\">Del link<\/span><\/a>\n\t\t<a class=\"share-button share-twitter\" href=\"http:\/\/twitter.com\/share?text=Nominasjonskomiteens listeforslag til stortingsvalget 2025&#038;url=https:\/\/hoyre.no\/oslo\/aktuelt\/nominasjonskomiteens-listeforslag-til-stortingsvalget-2025\/&#038;hashtags=Hoyre\" target=\"_blank\"><span class=\"screen-reader-text\">Del p\u00e5 twitter<\/span><\/a>\n\t\t<a class=\"share-button share-facebook\" href=\"https:\/\/www.facebook.com\/sharer\/sharer.php?u=https:\/\/hoyre.no\/oslo\/aktuelt\/nominasjonskomiteens-listeforslag-til-stortingsvalget-2025\/\" target=\"_blank\"><span class=\"screen-reader-text\">Del p\u00e5 facebook<\/span><\/a>\n\t<\/div>\n\t\t\t\t\t<\/div>\n\t\t\t<\/div>\n\n\t\t\t<figure class=\"hoyre-image-wrapper\"><div class=\"hoyre-image\"><img loading=\"lazy\" decoding=\"async\" width=\"1180\" height=\"500\" src=\"https:\/\/hoyre.no\/content\/uploads\/sites\/408\/2022\/09\/stortinget.jpg\" class=\"attachment-scaled size-scaled\" alt=\"Foto: Stortinget\" style=\"object-position: 50% 50%\" srcset=\"https:\/\/hoyre.no\/content\/uploads\/sites\/408\/2022\/09\/stortinget.jpg 1180w, https:\/\/hoyre.no\/content\/uploads\/sites\/408\/2022\/09\/stortinget-300x127.jpg 300w, https:\/\/hoyre.no\/content\/uploads\/sites\/408\/2022\/09\/stortinget-1024x434.jpg 1024w, https:\/\/hoyre.no\/content\/uploads\/sites\/408\/2022\/09\/stortinget-768x325.jpg 768w\" sizes=\"auto, (max-width: 1180px) 100vw, 1180px\" \/><\/div><\/figure>\n\n\n\n\n<p>Endelig vedtak av Oslo H\u00f8yres stortingsvalgliste skjer p\u00e5 nominasjonsm\u00f8tet mandag 11. november 2024.<\/p>\n\n\n\n<p>&#8211; Komiteen er glad for \u00e5 avgi en innstilling som sikrer at Oslo H\u00f8yres fremste politikere fortsatt blir \u00e5 se i rikspolitikken ogs\u00e5 etter valget neste h\u00f8st. Vi er ogs\u00e5 glade for at leder i Unge H\u00f8yre, Ola Svenneby, \u00f8nsker \u00e5 representere Oslo p\u00e5 Stortinget og vi tror han blir en viktig stemme, sier nominasjonskomiteens leder Stian Berger R\u00f8sland.<\/p>\n\n\n\n<p>Nominasjonskomiteen i Oslo H\u00f8yre fremmer f\u00f8lgende innstilling til Oslo H\u00f8yres nominasjonsm\u00f8te:<\/p>\n\n\n\n<ol class=\"wp-block-list\" start=\"1\">\n<li>Ine Eriksen S\u00f8reide<\/li>\n\n\n\n<li>Nikolai Astrup<\/li>\n\n\n\n<li>Mudassar Kapur<\/li>\n\n\n\n<li>Mathilde Tybring-Gjedde<\/li>\n\n\n\n<li>Ola Svenneby<\/li>\n\n\n\n<li>Heidi Nordby Lunde<\/li>\n\n\n\n<li>Bj\u00f8rgulv Vinje Borgundvaag (St\u00f8ttes av komiteens flertall: Heidi Larssen, Stian Haraldsen, Thor Lysenst\u00f8en, Carl Oscar Pedersen, Berit Solli, Maiken Prestmo, \u00d8yvind Berget, Sarah Wang, Stian Holm, Grete Horntvedt)<br><strong>Dissens<\/strong>:  7 medlemmer av nominasjonskomiteen \u00f8nsker Stefan Magnus Brittmark Heggelund p\u00e5 7. plass  (Stian Berger R\u00f8sland, Andreas Oftedal, Aleksandra Witczak Haugstad, Oscar Christopher Husebye, Andreas Strandskog, H\u00e5kon Andreas Flydal, Kaare Seeberg Sidselrud)<\/li>\n\n\n\n<li>Ingeborg Tennes<\/li>\n\n\n\n<li>Henny Synn\u00f8ve Lie-Skarpholt<\/li>\n\n\n\n<li>Michael Tetzschner<\/li>\n\n\n\n<li>Hilde Helland<\/li>\n\n\n\n<li>Arina Aamir<\/li>\n\n\n\n<li>Arve Juritzen<\/li>\n\n\n\n<li>Anfa Hashi<\/li>\n\n\n\n<li>Anees Rauf<\/li>\n\n\n\n<li>Edith Stylo<\/li>\n\n\n\n<li>Nikolai Dyvik<\/li>\n\n\n\n<li>Siri Birgitte Waalen Bogen<\/li>\n\n\n\n<li>Tias \u00d8deg\u00e5rd-Olsen<\/li>\n\n\n\n<li>Ole Martin Thorshaug Kristiansen<\/li>\n\n\n\n<li>Elizabeth Isachsen Rye-Florentz<\/li>\n\n\n\n<li>Elizabeth K. H. Dale<\/li>\n\n\n\n<li>Jin Kathrine Fosli<\/li>\n\n\n\n<li>Bj\u00f8rn Magnus Bj\u00f8rnstad<\/li>\n\n\n\n<li>Victor Singh Patpatia<\/li>\n\n\n\n<li>Fabian Stang<\/li>\n<\/ol>\n\n\n<div class=\"tags\">\n\t<\/div>\n<div class=\"post-footer alignfull has-background block-editor-block-list__block\" data-align=full>\n\t<div class=\"post-footer-inner\">\n\t\t<h3>Relaterte artikler<\/h3>\n\t\t<div class=\"related-content\"><div class=\"is-card-hoyre\">\n\t<div class=\"teft-card hoyre-teft-card post-teft-card\">\n\t\t<a href=\"https:\/\/hoyre.no\/oslo\/aktuelt\/mdg-moralismen-fornekter-seg-ikke\/\" class=\"teft-card__primary-action\">\n\n\t\t\t\t\t<div class=\"teft-card__media teft-card__media--16-9\">\n\t\t\t\t\t\t<img loading=\"lazy\" decoding=\"async\" width=\"768\" height=\"512\" src=\"https:\/\/hoyre.no\/content\/uploads\/sites\/408\/2024\/01\/QZQlxtOC-768x512.jpeg\" class=\"attachment-medium_large size-medium_large\" alt=\"Merete Agerbak-Jensen\" srcset=\"https:\/\/hoyre.no\/content\/uploads\/sites\/408\/2024\/01\/QZQlxtOC-768x512.jpeg 768w, https:\/\/hoyre.no\/content\/uploads\/sites\/408\/2024\/01\/QZQlxtOC-300x200.jpeg 300w, https:\/\/hoyre.no\/content\/uploads\/sites\/408\/2024\/01\/QZQlxtOC-1024x683.jpeg 1024w, https:\/\/hoyre.no\/content\/uploads\/sites\/408\/2024\/01\/QZQlxtOC-1536x1024.jpeg 1536w, https:\/\/hoyre.no\/content\/uploads\/sites\/408\/2024\/01\/QZQlxtOC-2048x1365.jpeg 2048w\" sizes=\"auto, (max-width: 768px) 100vw, 768px\" \/>\t\t<\/div>\n\t\t\n\t\t\t<div class=\"teft-card__content-wrapper\">\n\t\t\t\t<div class=\"teft-card__secondary\">\n\t\t\t\t\t\n\t\t\t\t\t\t\t\t<div class=\"teft-card__meta\">\n\t\t\t\t\t\t\t\t\t<span class=\"post-date\">23. apr 2026<\/span>\n\n\t\t\t\t\t\t\t\t\t<span class=\"post-category\">Vil utvide skjenketidene:<\/span>\t\t\t\t\t\t\t\t<\/div>\n\t\t\t\t\t\t\t\t\t\t\t<\/div>\n\n\t\t\t\t<div class=\"teft-card__primary\">\n\t\t\t\t\t<h2 class=\"teft-card__title\">MDG-moralismen fornekter seg ikke&nbsp;<span class=\"teft-card__primary-title-append\"><\/span><\/h2>\t\t\t\t<\/div>\n\t\t\t<\/div>\n\t\t<\/a>\n\t<\/div>\n\n\t<\/div><div class=\"is-card-hoyre\">\n\t<div class=\"teft-card hoyre-teft-card post-teft-card\">\n\t\t<a href=\"https:\/\/hoyre.no\/oslo\/aktuelt\/raskere-og-enklere-a-bygge-boliger-og-skape-arbeidsplasser-i-oslo\/\" class=\"teft-card__primary-action\">\n\n\t\t\t\t\t<div class=\"teft-card__media teft-card__media--16-9\">\n\t\t\t\t\t\t<img loading=\"lazy\" decoding=\"async\" width=\"768\" height=\"576\" src=\"https:\/\/hoyre.no\/content\/uploads\/sites\/408\/2026\/04\/Eirik-Lae-Solberg-og-Anita-Leirvik-North-768x576.jpg\" class=\"attachment-medium_large size-medium_large\" alt=\"\" srcset=\"https:\/\/hoyre.no\/content\/uploads\/sites\/408\/2026\/04\/Eirik-Lae-Solberg-og-Anita-Leirvik-North-768x576.jpg 768w, https:\/\/hoyre.no\/content\/uploads\/sites\/408\/2026\/04\/Eirik-Lae-Solberg-og-Anita-Leirvik-North-300x225.jpg 300w, https:\/\/hoyre.no\/content\/uploads\/sites\/408\/2026\/04\/Eirik-Lae-Solberg-og-Anita-Leirvik-North.jpg 901w\" sizes=\"auto, (max-width: 768px) 100vw, 768px\" \/>\t\t<\/div>\n\t\t\n\t\t\t<div class=\"teft-card__content-wrapper\">\n\t\t\t\t<div class=\"teft-card__secondary\">\n\t\t\t\t\t\n\t\t\t\t\t\t\t\t<div class=\"teft-card__meta\">\n\t\t\t\t\t\t\t\t\t<span class=\"post-date\">14. apr 2026<\/span>\n\n\t\t\t\t\t\t\t\t\t<span class=\"post-category\">Har lagt frem ny KPA:<\/span>\t\t\t\t\t\t\t\t<\/div>\n\t\t\t\t\t\t\t\t\t\t\t<\/div>\n\n\t\t\t\t<div class=\"teft-card__primary\">\n\t\t\t\t\t<h2 class=\"teft-card__title\">Raskere og enklere \u00e5 bygge boliger og skape arbeidsplasser i Oslo&nbsp;<span class=\"teft-card__primary-title-append\"><\/span><\/h2>\t\t\t\t<\/div>\n\t\t\t<\/div>\n\t\t<\/a>\n\t<\/div>\n\n\t<\/div><div class=\"is-card-hoyre\">\n\t<div class=\"teft-card hoyre-teft-card post-teft-card\">\n\t\t<a href=\"https:\/\/hoyre.no\/oslo\/aktuelt\/bedre-elevresultater-og-en-skoleokonomi-i-balanse-med-blagront-byrad\/\" class=\"teft-card__primary-action\">\n\n\t\t\t\t\t<div class=\"teft-card__media teft-card__media--16-9\">\n\t\t\t\t\t\t<img loading=\"lazy\" decoding=\"async\" width=\"768\" height=\"512\" src=\"https:\/\/hoyre.no\/content\/uploads\/sites\/408\/2025\/05\/IMG_6440-768x512.jpeg\" class=\"attachment-medium_large size-medium_large\" alt=\"Julie Remen Midtgarden\" srcset=\"https:\/\/hoyre.no\/content\/uploads\/sites\/408\/2025\/05\/IMG_6440-768x512.jpeg 768w, https:\/\/hoyre.no\/content\/uploads\/sites\/408\/2025\/05\/IMG_6440-300x200.jpeg 300w, https:\/\/hoyre.no\/content\/uploads\/sites\/408\/2025\/05\/IMG_6440-1024x683.jpeg 1024w, https:\/\/hoyre.no\/content\/uploads\/sites\/408\/2025\/05\/IMG_6440-1536x1024.jpeg 1536w, https:\/\/hoyre.no\/content\/uploads\/sites\/408\/2025\/05\/IMG_6440-2048x1365.jpeg 2048w\" sizes=\"auto, (max-width: 768px) 100vw, 768px\" \/>\t\t<\/div>\n\t\t\n\t\t\t<div class=\"teft-card__content-wrapper\">\n\t\t\t\t<div class=\"teft-card__secondary\">\n\t\t\t\t\t\n\t\t\t\t\t\t\t\t<div class=\"teft-card__meta\">\n\t\t\t\t\t\t\t\t\t<span class=\"post-date\">26. mar 2026<\/span>\n\n\t\t\t\t\t\t\t\t\t<span class=\"post-category\">Osloskolen er p\u00e5 rett vei:<\/span>\t\t\t\t\t\t\t\t<\/div>\n\t\t\t\t\t\t\t\t\t\t\t<\/div>\n\n\t\t\t\t<div class=\"teft-card__primary\">\n\t\t\t\t\t<h2 class=\"teft-card__title\">Bedre elevresultater og en skole\u00f8konomi i balanse med bl\u00e5gr\u00f8nt byr\u00e5d&nbsp;<span class=\"teft-card__primary-title-append\"><\/span><\/h2>\t\t\t\t<\/div>\n\t\t\t<\/div>\n\t\t<\/a>\n\t<\/div>\n\n\t<\/div><\/div>\t<\/div>\n<\/div>\n","protected":false},"excerpt":{"rendered":"","protected":false},"author":23018,"featured_media":0,"comment_status":"closed","ping_status":"closed","sticky":false,"template":"","format":"standard","meta":{"teft_cards_image_url":"","teft_cards_custom_pretitle":"","teft_cards_image_id":509,"teft_cards_image_focal_point_x":0.5,"teft_cards_image_focal_point_y":0.5,"teft_cards_title":"","teft_cards_excerpt":"","teft_show_chapters":false,"author_display_name":"","footnotes":""},"category":[1],"post_tag":[],"hoyre-visibility":[],"article-type":[],"politician":[],"class_list":["post-7787","post","type-post","status-publish","format-standard","hentry","category-nyheter"],"yoast_head":"<!-- This site is optimized with the Yoast SEO Premium plugin v26.5 (Yoast SEO v26.6) - https:\/\/yoast.com\/wordpress\/plugins\/seo\/ -->\n<title>Nominasjonskomiteens listeforslag til stortingsvalget 2025 - Oslo H\u00f8yre<\/title>\n<meta name=\"robots\" content=\"index, follow, max-snippet:-1, max-image-preview:large, max-video-preview:-1\" \/>\n<link rel=\"canonical\" href=\"https:\/\/hoyre.no\/oslo\/aktuelt\/nominasjonskomiteens-listeforslag-til-stortingsvalget-2025\/\" \/>\n<meta property=\"og:locale\" content=\"nb_NO\" \/>\n<meta property=\"og:type\" content=\"article\" \/>\n<meta property=\"og:title\" content=\"Nominasjonskomiteens listeforslag til stortingsvalget 2025\" \/>\n<meta property=\"og:url\" content=\"https:\/\/hoyre.no\/oslo\/aktuelt\/nominasjonskomiteens-listeforslag-til-stortingsvalget-2025\/\" \/>\n<meta property=\"og:site_name\" content=\"Oslo H\u00f8yre\" \/>\n<meta property=\"article:publisher\" content=\"https:\/\/www.facebook.com\/oslo.hoyre\" \/>\n<meta property=\"article:published_time\" content=\"2024-10-14T20:24:25+00:00\" \/>\n<meta property=\"article:modified_time\" content=\"2024-10-14T20:24:46+00:00\" \/>\n<meta property=\"og:image\" content=\"https:\/\/hoyre.no\/content\/uploads\/sites\/408\/2022\/11\/Hoyres-logo.png\" \/>\n\t<meta property=\"og:image:width\" content=\"1000\" \/>\n\t<meta property=\"og:image:height\" content=\"1000\" \/>\n\t<meta property=\"og:image:type\" content=\"image\/png\" \/>\n<meta name=\"author\" content=\"Lars-J\u00f8rgen Kihlberg Olsen\" \/>\n<meta name=\"twitter:card\" content=\"summary_large_image\" \/>\n<meta name=\"twitter:label1\" content=\"Skrevet av\" \/>\n\t<meta name=\"twitter:data1\" content=\"Lars-J\u00f8rgen Kihlberg Olsen\" \/>\n\t<meta name=\"twitter:label2\" content=\"Ansl. lesetid\" \/>\n\t<meta name=\"twitter:data2\" content=\"2 minutter\" \/>\n<script type=\"application\/ld+json\" class=\"yoast-schema-graph\">{\"@context\":\"https:\/\/schema.org\",\"@graph\":[{\"@type\":\"Article\",\"@id\":\"https:\/\/hoyre.no\/oslo\/aktuelt\/nominasjonskomiteens-listeforslag-til-stortingsvalget-2025\/#article\",\"isPartOf\":{\"@id\":\"https:\/\/hoyre.no\/oslo\/aktuelt\/nominasjonskomiteens-listeforslag-til-stortingsvalget-2025\/\"},\"author\":{\"name\":\"Lars-J\u00f8rgen Kihlberg Olsen\",\"@id\":\"https:\/\/hoyre.no\/oslo\/#\/schema\/person\/8d75007807bda454981359cb9983fbff\"},\"headline\":\"Nominasjonskomiteens listeforslag til stortingsvalget 2025\",\"datePublished\":\"2024-10-14T20:24:25+00:00\",\"dateModified\":\"2024-10-14T20:24:46+00:00\",\"mainEntityOfPage\":{\"@id\":\"https:\/\/hoyre.no\/oslo\/aktuelt\/nominasjonskomiteens-listeforslag-til-stortingsvalget-2025\/\"},\"wordCount\":254,\"publisher\":{\"@id\":\"https:\/\/hoyre.no\/oslo\/#organization\"},\"articleSection\":[\"Nyheter\"],\"inLanguage\":\"nb-NO\"},{\"@type\":\"NewsArticle\",\"@id\":\"https:\/\/hoyre.no\/oslo\/aktuelt\/nominasjonskomiteens-listeforslag-til-stortingsvalget-2025\/\",\"url\":\"https:\/\/hoyre.no\/oslo\/aktuelt\/nominasjonskomiteens-listeforslag-til-stortingsvalget-2025\/\",\"name\":\"Nominasjonskomiteens listeforslag til stortingsvalget 2025 - Oslo H\u00f8yre\",\"isPartOf\":{\"@id\":\"https:\/\/hoyre.no\/oslo\/#website\"},\"datePublished\":\"2024-10-14T20:24:25+00:00\",\"dateModified\":\"2024-10-14T20:24:46+00:00\",\"breadcrumb\":{\"@id\":\"https:\/\/hoyre.no\/oslo\/aktuelt\/nominasjonskomiteens-listeforslag-til-stortingsvalget-2025\/#breadcrumb\"},\"inLanguage\":\"nb-NO\",\"potentialAction\":[{\"@type\":\"ReadAction\",\"target\":[\"https:\/\/hoyre.no\/oslo\/aktuelt\/nominasjonskomiteens-listeforslag-til-stortingsvalget-2025\/\"]}]},{\"@type\":\"BreadcrumbList\",\"@id\":\"https:\/\/hoyre.no\/oslo\/aktuelt\/nominasjonskomiteens-listeforslag-til-stortingsvalget-2025\/#breadcrumb\",\"itemListElement\":[{\"@type\":\"ListItem\",\"position\":1,\"name\":\"Til hoyre.no\",\"item\":\"https:\/\/hoyre.no\"},{\"@type\":\"ListItem\",\"position\":2,\"name\":\"Hjem\",\"item\":\"https:\/\/hoyre.no\/oslo\/\"},{\"@type\":\"ListItem\",\"position\":3,\"name\":\"Nominasjonskomiteens listeforslag til stortingsvalget 2025\"}]},{\"@type\":\"WebSite\",\"@id\":\"https:\/\/hoyre.no\/oslo\/#website\",\"url\":\"https:\/\/hoyre.no\/oslo\/\",\"name\":\"Oslo H\u00f8yre\",\"description\":\"\",\"publisher\":{\"@id\":\"https:\/\/hoyre.no\/oslo\/#organization\"},\"inLanguage\":\"nb-NO\"},{\"@type\":\"Organization\",\"@id\":\"https:\/\/hoyre.no\/oslo\/#organization\",\"name\":\"Oslo H\u00f8yre\",\"url\":\"https:\/\/hoyre.no\/oslo\/\",\"logo\":{\"@type\":\"ImageObject\",\"inLanguage\":\"nb-NO\",\"@id\":\"https:\/\/hoyre.no\/oslo\/#\/schema\/logo\/image\/\",\"url\":\"https:\/\/hoyre.no\/content\/uploads\/sites\/408\/2022\/11\/Hoyres-logo.png\",\"contentUrl\":\"https:\/\/hoyre.no\/content\/uploads\/sites\/408\/2022\/11\/Hoyres-logo.png\",\"width\":1000,\"height\":1000,\"caption\":\"Oslo H\u00f8yre\"},\"image\":{\"@id\":\"https:\/\/hoyre.no\/oslo\/#\/schema\/logo\/image\/\"},\"sameAs\":[\"https:\/\/www.facebook.com\/oslo.hoyre\"]},{\"@type\":\"Person\",\"@id\":\"https:\/\/hoyre.no\/oslo\/#\/schema\/person\/8d75007807bda454981359cb9983fbff\",\"name\":\"Lars-J\u00f8rgen Kihlberg Olsen\",\"image\":{\"@type\":\"ImageObject\",\"inLanguage\":\"nb-NO\",\"@id\":\"https:\/\/hoyre.no\/oslo\/#\/schema\/person\/image\/\",\"url\":\"https:\/\/secure.gravatar.com\/avatar\/0c1173ebe03b04b415cb2799cbeb3ddf817d1aa4f694fe194fae43ca560f1250?s=96&d=mm&r=g\",\"contentUrl\":\"https:\/\/secure.gravatar.com\/avatar\/0c1173ebe03b04b415cb2799cbeb3ddf817d1aa4f694fe194fae43ca560f1250?s=96&d=mm&r=g\",\"caption\":\"Lars-J\u00f8rgen Kihlberg Olsen\"},\"url\":\"https:\/\/hoyre.no\/oslo\/aktuelt\/author\/m11334380\/\"}]}<\/script>\n<!-- \/ Yoast SEO Premium plugin. -->","yoast_head_json":{"title":"Nominasjonskomiteens listeforslag til stortingsvalget 2025 - Oslo H\u00f8yre","robots":{"index":"index","follow":"follow","max-snippet":"max-snippet:-1","max-image-preview":"max-image-preview:large","max-video-preview":"max-video-preview:-1"},"canonical":"https:\/\/hoyre.no\/oslo\/aktuelt\/nominasjonskomiteens-listeforslag-til-stortingsvalget-2025\/","og_locale":"nb_NO","og_type":"article","og_title":"Nominasjonskomiteens listeforslag til stortingsvalget 2025","og_url":"https:\/\/hoyre.no\/oslo\/aktuelt\/nominasjonskomiteens-listeforslag-til-stortingsvalget-2025\/","og_site_name":"Oslo H\u00f8yre","article_publisher":"https:\/\/www.facebook.com\/oslo.hoyre","article_published_time":"2024-10-14T20:24:25+00:00","article_modified_time":"2024-10-14T20:24:46+00:00","og_image":[{"width":1000,"height":1000,"url":"https:\/\/hoyre.no\/content\/uploads\/sites\/408\/2022\/11\/Hoyres-logo.png","type":"image\/png"}],"author":"Lars-J\u00f8rgen Kihlberg Olsen","twitter_card":"summary_large_image","twitter_misc":{"Skrevet av":"Lars-J\u00f8rgen Kihlberg Olsen","Ansl. lesetid":"2 minutter"},"schema":{"@context":"https:\/\/schema.org","@graph":[{"@type":"Article","@id":"https:\/\/hoyre.no\/oslo\/aktuelt\/nominasjonskomiteens-listeforslag-til-stortingsvalget-2025\/#article","isPartOf":{"@id":"https:\/\/hoyre.no\/oslo\/aktuelt\/nominasjonskomiteens-listeforslag-til-stortingsvalget-2025\/"},"author":{"name":"Lars-J\u00f8rgen Kihlberg Olsen","@id":"https:\/\/hoyre.no\/oslo\/#\/schema\/person\/8d75007807bda454981359cb9983fbff"},"headline":"Nominasjonskomiteens listeforslag til stortingsvalget 2025","datePublished":"2024-10-14T20:24:25+00:00","dateModified":"2024-10-14T20:24:46+00:00","mainEntityOfPage":{"@id":"https:\/\/hoyre.no\/oslo\/aktuelt\/nominasjonskomiteens-listeforslag-til-stortingsvalget-2025\/"},"wordCount":254,"publisher":{"@id":"https:\/\/hoyre.no\/oslo\/#organization"},"articleSection":["Nyheter"],"inLanguage":"nb-NO"},{"@type":"NewsArticle","@id":"https:\/\/hoyre.no\/oslo\/aktuelt\/nominasjonskomiteens-listeforslag-til-stortingsvalget-2025\/","url":"https:\/\/hoyre.no\/oslo\/aktuelt\/nominasjonskomiteens-listeforslag-til-stortingsvalget-2025\/","name":"Nominasjonskomiteens listeforslag til stortingsvalget 2025 - Oslo H\u00f8yre","isPartOf":{"@id":"https:\/\/hoyre.no\/oslo\/#website"},"datePublished":"2024-10-14T20:24:25+00:00","dateModified":"2024-10-14T20:24:46+00:00","breadcrumb":{"@id":"https:\/\/hoyre.no\/oslo\/aktuelt\/nominasjonskomiteens-listeforslag-til-stortingsvalget-2025\/#breadcrumb"},"inLanguage":"nb-NO","potentialAction":[{"@type":"ReadAction","target":["https:\/\/hoyre.no\/oslo\/aktuelt\/nominasjonskomiteens-listeforslag-til-stortingsvalget-2025\/"]}]},{"@type":"BreadcrumbList","@id":"https:\/\/hoyre.no\/oslo\/aktuelt\/nominasjonskomiteens-listeforslag-til-stortingsvalget-2025\/#breadcrumb","itemListElement":[{"@type":"ListItem","position":1,"name":"Til hoyre.no","item":"https:\/\/hoyre.no"},{"@type":"ListItem","position":2,"name":"Hjem","item":"https:\/\/hoyre.no\/oslo\/"},{"@type":"ListItem","position":3,"name":"Nominasjonskomiteens listeforslag til stortingsvalget 2025"}]},{"@type":"WebSite","@id":"https:\/\/hoyre.no\/oslo\/#website","url":"https:\/\/hoyre.no\/oslo\/","name":"Oslo H\u00f8yre","description":"","publisher":{"@id":"https:\/\/hoyre.no\/oslo\/#organization"},"inLanguage":"nb-NO"},{"@type":"Organization","@id":"https:\/\/hoyre.no\/oslo\/#organization","name":"Oslo H\u00f8yre","url":"https:\/\/hoyre.no\/oslo\/","logo":{"@type":"ImageObject","inLanguage":"nb-NO","@id":"https:\/\/hoyre.no\/oslo\/#\/schema\/logo\/image\/","url":"https:\/\/hoyre.no\/content\/uploads\/sites\/408\/2022\/11\/Hoyres-logo.png","contentUrl":"https:\/\/hoyre.no\/content\/uploads\/sites\/408\/2022\/11\/Hoyres-logo.png","width":1000,"height":1000,"caption":"Oslo H\u00f8yre"},"image":{"@id":"https:\/\/hoyre.no\/oslo\/#\/schema\/logo\/image\/"},"sameAs":["https:\/\/www.facebook.com\/oslo.hoyre"]},{"@type":"Person","@id":"https:\/\/hoyre.no\/oslo\/#\/schema\/person\/8d75007807bda454981359cb9983fbff","name":"Lars-J\u00f8rgen Kihlberg Olsen","image":{"@type":"ImageObject","inLanguage":"nb-NO","@id":"https:\/\/hoyre.no\/oslo\/#\/schema\/person\/image\/","url":"https:\/\/secure.gravatar.com\/avatar\/0c1173ebe03b04b415cb2799cbeb3ddf817d1aa4f694fe194fae43ca560f1250?s=96&d=mm&r=g","contentUrl":"https:\/\/secure.gravatar.com\/avatar\/0c1173ebe03b04b415cb2799cbeb3ddf817d1aa4f694fe194fae43ca560f1250?s=96&d=mm&r=g","caption":"Lars-J\u00f8rgen Kihlberg Olsen"},"url":"https:\/\/hoyre.no\/oslo\/aktuelt\/author\/m11334380\/"}]}},"distributor_meta":false,"distributor_terms":false,"distributor_media":false,"distributor_original_site_name":"Oslo H\u00f8yre","distributor_original_site_url":"https:\/\/hoyre.no\/oslo","push-errors":false,"_links":{"self":[{"href":"https:\/\/hoyre.no\/oslo\/wp-json\/wp\/v2\/posts\/7787","targetHints":{"allow":["GET"]}}],"collection":[{"href":"https:\/\/hoyre.no\/oslo\/wp-json\/wp\/v2\/posts"}],"about":[{"href":"https:\/\/hoyre.no\/oslo\/wp-json\/wp\/v2\/types\/post"}],"author":[{"embeddable":true,"href":"https:\/\/hoyre.no\/oslo\/wp-json\/wp\/v2\/users\/23018"}],"replies":[{"embeddable":true,"href":"https:\/\/hoyre.no\/oslo\/wp-json\/wp\/v2\/comments?post=7787"}],"version-history":[{"count":2,"href":"https:\/\/hoyre.no\/oslo\/wp-json\/wp\/v2\/posts\/7787\/revisions"}],"predecessor-version":[{"id":7789,"href":"https:\/\/hoyre.no\/oslo\/wp-json\/wp\/v2\/posts\/7787\/revisions\/7789"}],"wp:attachment":[{"href":"https:\/\/hoyre.no\/oslo\/wp-json\/wp\/v2\/media?parent=7787"}],"wp:term":[{"taxonomy":"category","embeddable":true,"href":"https:\/\/hoyre.no\/oslo\/wp-json\/wp\/v2\/category?post=7787"},{"taxonomy":"post_tag","embeddable":true,"href":"https:\/\/hoyre.no\/oslo\/wp-json\/wp\/v2\/post_tag?post=7787"},{"taxonomy":"hoyre-visibility","embeddable":true,"href":"https:\/\/hoyre.no\/oslo\/wp-json\/wp\/v2\/hoyre-visibility?post=7787"},{"taxonomy":"article-type","embeddable":true,"href":"https:\/\/hoyre.no\/oslo\/wp-json\/wp\/v2\/article-type?post=7787"},{"taxonomy":"politician","embeddable":true,"href":"https:\/\/hoyre.no\/oslo\/wp-json\/wp\/v2\/politician?post=7787"}],"curies":[{"name":"wp","href":"https:\/\/api.w.org\/{rel}","templated":true}]}}