{"id":9760,"date":"2026-02-04T14:26:36","date_gmt":"2026-02-04T13:26:36","guid":{"rendered":"https:\/\/hoyre.no\/oslo\/?p=9760"},"modified":"2026-02-11T15:00:21","modified_gmt":"2026-02-11T14:00:21","slug":"barnehagelaererstudenter-far-jobb-en-dag-i-uka","status":"publish","type":"post","link":"https:\/\/hoyre.no\/oslo\/aktuelt\/barnehagelaererstudenter-far-jobb-en-dag-i-uka\/","title":{"rendered":"Barnehagel\u00e6rerstudenter f\u00e5r jobb en dag i uken\u00a0"},"content":{"rendered":"\n<p class=\"preamble\"><strong>Oslo kommune og OsloMet inng\u00e5r et pilotprosjekt som gj\u00f8r det enklere \u00e5 kombinere utdanning og arbeid: Barnehagel\u00e6rerstudenter f\u00e5r tilbud om 20 prosent l\u00f8nnet stilling i kommunale barnehager.\u00a0<\/strong><\/p>\t\t\t<div class=\"post-meta wp-block teft-byline-wrapper\">\n\t\t\t\t<div class=\"top\">\n\t\t\t\t\t<div class=\"signature\">\n\t\t\t\t\t\t<div class=\"teft-byline\">\n\t\t\t\t\t\t\t\t\t\t\t\t\t\t<div>\n\t\t\t\t\t\t\t\t<h3>H\u00f8yres redaksjon<\/h3>\t\t\t\t\t\t\t\t\n\t\t\t\t\t\t\t\t\t\t\t\t\t\t\t\t\t<span class=\"date\">Sist oppdatert: 11. februar 2026<\/span>\n\t\t\t\t\t\t\t\t\t\t\t\t\t\t\t\t\t\t\t\t\t\t\t\t\t<span class=\"reading-time\" itemprop=\"timeRequired\" content=\"PT3M\"><em>Ca. 3 minutter lesetid<\/em><\/span>\n\t\t\t\t\t\t\t\t\t\t\t\t\t\t\t<\/div>\n\t\t\t\t\t\t<\/div>\n\t\t\t\t\t<\/div>\n\t\t\t\t\t\t<div class=\"sharing\">\n\t\t<a class=\"share-button share-link copy-link\" data-copy=\"https:\/\/hoyre.no\/oslo\/aktuelt\/barnehagelaererstudenter-far-jobb-en-dag-i-uka\/\" target=\"_blank\"><span class=\"screen-reader-text\">Del link<\/span><\/a>\n\t\t<a class=\"share-button share-twitter\" href=\"http:\/\/twitter.com\/share?text=Barnehagel\u00e6rerstudenter f\u00e5r jobb en dag i uken\u00a0&#038;url=https:\/\/hoyre.no\/oslo\/aktuelt\/barnehagelaererstudenter-far-jobb-en-dag-i-uka\/&#038;hashtags=Hoyre\" target=\"_blank\"><span class=\"screen-reader-text\">Del p\u00e5 twitter<\/span><\/a>\n\t\t<a class=\"share-button share-facebook\" href=\"https:\/\/www.facebook.com\/sharer\/sharer.php?u=https:\/\/hoyre.no\/oslo\/aktuelt\/barnehagelaererstudenter-far-jobb-en-dag-i-uka\/\" target=\"_blank\"><span class=\"screen-reader-text\">Del p\u00e5 facebook<\/span><\/a>\n\t<\/div>\n\t\t\t\t\t<\/div>\n\t\t\t<\/div>\n\n\t\t\t<figure class=\"hoyre-image-wrapper\"><div class=\"hoyre-image\"><img loading=\"lazy\" decoding=\"async\" width=\"2500\" height=\"1667\" src=\"https:\/\/hoyre.no\/content\/uploads\/sites\/408\/2026\/02\/IMG_6396-scaled.jpg\" class=\"attachment-scaled size-scaled\" alt=\"Julie Remen Midtgarden\" style=\"object-position: 50% 50%\" srcset=\"https:\/\/hoyre.no\/content\/uploads\/sites\/408\/2026\/02\/IMG_6396-scaled.jpg 2500w, https:\/\/hoyre.no\/content\/uploads\/sites\/408\/2026\/02\/IMG_6396-300x200.jpg 300w, https:\/\/hoyre.no\/content\/uploads\/sites\/408\/2026\/02\/IMG_6396-1024x683.jpg 1024w, https:\/\/hoyre.no\/content\/uploads\/sites\/408\/2026\/02\/IMG_6396-768x512.jpg 768w, https:\/\/hoyre.no\/content\/uploads\/sites\/408\/2026\/02\/IMG_6396-1536x1024.jpg 1536w, https:\/\/hoyre.no\/content\/uploads\/sites\/408\/2026\/02\/IMG_6396-2048x1365.jpg 2048w\" sizes=\"auto, (max-width: 2500px) 100vw, 2500px\" \/><\/div><figcaption class=\"caption\">Julie Remen Midtgarden, byr\u00e5d for utdanning.<\/figcaption><\/figure>\n\n\n\n\n<p>Dette er f\u00f8rste gang OsloMet og alle bydelene g\u00e5r sammen om en felles modell som kobler arbeid, utdanning og profesjonsutvikling sammen. Piloten starter h\u00f8sten 2026, med m\u00e5l om \u00e5 utvide ordningen fram til 2030. Studentene f\u00e5r verdifull arbeidserfaring tidlig. Barnehagene f\u00e5r flere hender og ny kompetanse.\u00a0<\/p>\n\n\n\n<p>\u2013 Vi trenger trygge og gode barnehager med nok ansatte. I dag tar Oslo kommune og OsloMet et viktig, felles krafttak for \u00e5 styrke rekrutteringen \u2013 og samtidig gj\u00f8re utdanningen enda mer relevant for jobben i barnehagen, sier byr\u00e5d for utdanning i Oslo kommune, Julie Remen Midtgarden.&nbsp;<\/p>\n\n\n\n<p>Den nye samarbeidsmodellen skal sikre bedre rekruttering til barnehagene og samtidig gi studentene mer erfaring.&nbsp;<\/p>\n\n\n\n<p>\u2013 Om lag 50 barnehagel\u00e6rerstudenter skal jobbe deltid i Oslos kommunale barnehager ved siden av studiene. Det er bra for studentene. Det er bra for barna. Og det er et helt konkret grep for \u00e5 m\u00f8te utfordringer med rekruttering til barnehagel\u00e6rerutdanningen og av ansatte til barnehagene v\u00e5re, fortsetter Midtgarden.&nbsp;<br><br>&nbsp;\u2013 \u00d8kt rekruttering til barnehagel\u00e6rerutdanningen og til barnehagel\u00e6reryrket er et felles m\u00e5l for OsloMet og Oslo kommune. Vi h\u00e5per tiltaket hvor studenter kan jobbe i barnehagene vil gj\u00f8re barnehagel\u00e6rerutdanningen enda mer attraktiv og relevant, sier Christen Krogh, rektor ved OsloMet.<em>&nbsp;<\/em><\/p>\n\n\n\n<figure class=\"wp-block-image size-large\"><img loading=\"lazy\" decoding=\"async\" width=\"1024\" height=\"683\" src=\"https:\/\/hoyre.no\/content\/uploads\/sites\/408\/2026\/02\/IMG_0427-2-1024x683.jpg\" alt=\"Byr\u00e5d for utdanning, Julie Remen Midtgarden, og rektor p\u00e5 OsloMet, Christen Krogh\" class=\"wp-image-9761\" srcset=\"https:\/\/hoyre.no\/content\/uploads\/sites\/408\/2026\/02\/IMG_0427-2-1024x683.jpg 1024w, https:\/\/hoyre.no\/content\/uploads\/sites\/408\/2026\/02\/IMG_0427-2-300x200.jpg 300w, https:\/\/hoyre.no\/content\/uploads\/sites\/408\/2026\/02\/IMG_0427-2-768x512.jpg 768w, https:\/\/hoyre.no\/content\/uploads\/sites\/408\/2026\/02\/IMG_0427-2-1536x1024.jpg 1536w, https:\/\/hoyre.no\/content\/uploads\/sites\/408\/2026\/02\/IMG_0427-2-2048x1365.jpg 2048w\" sizes=\"auto, (max-width: 1024px) 100vw, 1024px\" \/><figcaption class=\"wp-element-caption\">Byr\u00e5d for utdanning, Julie Remen Midtgarden, og rektor p\u00e5 OsloMet, Christen Krogh.<\/figcaption><\/figure>\n\n\n\n<h2 class=\"wp-block-heading\" id=\"h-tilbud-til-tredjearsstudenter\"><strong>Tilbud til tredje\u00e5rsstudenter<\/strong><\/h2>\n\n\n\n<p><strong>&nbsp;<\/strong>Gjennom den nye ordningen f\u00e5r barnehagel\u00e6rerstudentene p\u00e5 sitt tredje og siste studie\u00e5r ved heltidsutdanningen ved OsloMet tilbud om betalte stillinger p\u00e5 20 prosent i kommunale barnehager. De vil jobbe fast i samme barnehage en dag i uken. Studentene s\u00f8ker selv i den bydelen de \u00f8nsker \u00e5 jobbe i, n\u00e5r stillingene lyses ut v\u00e5ren 2026. Bydelene melder selv sin&nbsp;interesse dersom de \u00f8nsker \u00e5 delta i piloten. Arbeidet i barnehagene kommer i tillegg til studentenes obligatoriske undervisning og praksis. Studentene som deltar i ordningen, vil f\u00e5 \u00e9n undervisningsfri dag i uken for \u00e5 kunne jobbe i en Oslobarnehage.&nbsp;<\/p>\n\n\n\n<h2 class=\"wp-block-heading\" id=\"h-nyskapende-arbeid-i-oslo-nbsp\"><strong>Nyskapende arbeid i Oslo&nbsp;<\/strong><\/h2>\n\n\n\n<p>Ordningen er del av den nasjonale satsingen &laquo;Toppet bemanning&raquo;, og studentstillingen kommer i tillegg til ordin\u00e6r grunnbemanning i barnehagen. Det betyr at studentene ikke inng\u00e5r i beregningen av bemannings- eller pedagognorm, men skal v\u00e6re et ekstra ressursbidrag p\u00e5 toppen.&nbsp;<\/p>\n\n\n\n<p>\u2013 Dette er et nyskapende samarbeid, og det viser at vi tenker langsiktig om hvordan vi skaper gode og trygge barnehager. Denne ordningen er bra for studentene og den er bra for barnehagebarna, sier utdanningsbyr\u00e5den.&nbsp;<\/p>\n\n\n<div class=\"tags\">\n\t<\/div>\n<div class=\"post-footer alignfull has-background block-editor-block-list__block\" data-align=full>\n\t<div class=\"post-footer-inner\">\n\t\t<h3>Relaterte artikler<\/h3>\n\t\t<div class=\"related-content\"><div class=\"is-card-hoyre\">\n\t<div class=\"teft-card hoyre-teft-card post-teft-card\">\n\t\t<a href=\"https:\/\/hoyre.no\/oslo\/aktuelt\/mdg-moralismen-fornekter-seg-ikke\/\" class=\"teft-card__primary-action\">\n\n\t\t\t\t\t<div class=\"teft-card__media teft-card__media--16-9\">\n\t\t\t\t\t\t<img loading=\"lazy\" decoding=\"async\" width=\"768\" height=\"512\" src=\"https:\/\/hoyre.no\/content\/uploads\/sites\/408\/2024\/01\/QZQlxtOC-768x512.jpeg\" class=\"attachment-medium_large size-medium_large\" alt=\"Merete Agerbak-Jensen\" srcset=\"https:\/\/hoyre.no\/content\/uploads\/sites\/408\/2024\/01\/QZQlxtOC-768x512.jpeg 768w, https:\/\/hoyre.no\/content\/uploads\/sites\/408\/2024\/01\/QZQlxtOC-300x200.jpeg 300w, https:\/\/hoyre.no\/content\/uploads\/sites\/408\/2024\/01\/QZQlxtOC-1024x683.jpeg 1024w, https:\/\/hoyre.no\/content\/uploads\/sites\/408\/2024\/01\/QZQlxtOC-1536x1024.jpeg 1536w, https:\/\/hoyre.no\/content\/uploads\/sites\/408\/2024\/01\/QZQlxtOC-2048x1365.jpeg 2048w\" sizes=\"auto, (max-width: 768px) 100vw, 768px\" \/>\t\t<\/div>\n\t\t\n\t\t\t<div class=\"teft-card__content-wrapper\">\n\t\t\t\t<div class=\"teft-card__secondary\">\n\t\t\t\t\t\n\t\t\t\t\t\t\t\t<div class=\"teft-card__meta\">\n\t\t\t\t\t\t\t\t\t<span class=\"post-date\">23. apr 2026<\/span>\n\n\t\t\t\t\t\t\t\t\t<span class=\"post-category\">Vil utvide skjenketidene:<\/span>\t\t\t\t\t\t\t\t<\/div>\n\t\t\t\t\t\t\t\t\t\t\t<\/div>\n\n\t\t\t\t<div class=\"teft-card__primary\">\n\t\t\t\t\t<h2 class=\"teft-card__title\">MDG-moralismen fornekter seg ikke&nbsp;<span class=\"teft-card__primary-title-append\"><\/span><\/h2>\t\t\t\t<\/div>\n\t\t\t<\/div>\n\t\t<\/a>\n\t<\/div>\n\n\t<\/div><div class=\"is-card-hoyre\">\n\t<div class=\"teft-card hoyre-teft-card post-teft-card\">\n\t\t<a href=\"https:\/\/hoyre.no\/oslo\/aktuelt\/raskere-og-enklere-a-bygge-boliger-og-skape-arbeidsplasser-i-oslo\/\" class=\"teft-card__primary-action\">\n\n\t\t\t\t\t<div class=\"teft-card__media teft-card__media--16-9\">\n\t\t\t\t\t\t<img loading=\"lazy\" decoding=\"async\" width=\"768\" height=\"576\" src=\"https:\/\/hoyre.no\/content\/uploads\/sites\/408\/2026\/04\/Eirik-Lae-Solberg-og-Anita-Leirvik-North-768x576.jpg\" class=\"attachment-medium_large size-medium_large\" alt=\"\" srcset=\"https:\/\/hoyre.no\/content\/uploads\/sites\/408\/2026\/04\/Eirik-Lae-Solberg-og-Anita-Leirvik-North-768x576.jpg 768w, https:\/\/hoyre.no\/content\/uploads\/sites\/408\/2026\/04\/Eirik-Lae-Solberg-og-Anita-Leirvik-North-300x225.jpg 300w, https:\/\/hoyre.no\/content\/uploads\/sites\/408\/2026\/04\/Eirik-Lae-Solberg-og-Anita-Leirvik-North.jpg 901w\" sizes=\"auto, (max-width: 768px) 100vw, 768px\" \/>\t\t<\/div>\n\t\t\n\t\t\t<div class=\"teft-card__content-wrapper\">\n\t\t\t\t<div class=\"teft-card__secondary\">\n\t\t\t\t\t\n\t\t\t\t\t\t\t\t<div class=\"teft-card__meta\">\n\t\t\t\t\t\t\t\t\t<span class=\"post-date\">14. apr 2026<\/span>\n\n\t\t\t\t\t\t\t\t\t<span class=\"post-category\">Har lagt frem ny KPA:<\/span>\t\t\t\t\t\t\t\t<\/div>\n\t\t\t\t\t\t\t\t\t\t\t<\/div>\n\n\t\t\t\t<div class=\"teft-card__primary\">\n\t\t\t\t\t<h2 class=\"teft-card__title\">Raskere og enklere \u00e5 bygge boliger og skape arbeidsplasser i Oslo&nbsp;<span class=\"teft-card__primary-title-append\"><\/span><\/h2>\t\t\t\t<\/div>\n\t\t\t<\/div>\n\t\t<\/a>\n\t<\/div>\n\n\t<\/div><div class=\"is-card-hoyre\">\n\t<div class=\"teft-card hoyre-teft-card post-teft-card\">\n\t\t<a href=\"https:\/\/hoyre.no\/oslo\/aktuelt\/bedre-elevresultater-og-en-skoleokonomi-i-balanse-med-blagront-byrad\/\" class=\"teft-card__primary-action\">\n\n\t\t\t\t\t<div class=\"teft-card__media teft-card__media--16-9\">\n\t\t\t\t\t\t<img loading=\"lazy\" decoding=\"async\" width=\"768\" height=\"512\" src=\"https:\/\/hoyre.no\/content\/uploads\/sites\/408\/2025\/05\/IMG_6440-768x512.jpeg\" class=\"attachment-medium_large size-medium_large\" alt=\"Julie Remen Midtgarden\" srcset=\"https:\/\/hoyre.no\/content\/uploads\/sites\/408\/2025\/05\/IMG_6440-768x512.jpeg 768w, https:\/\/hoyre.no\/content\/uploads\/sites\/408\/2025\/05\/IMG_6440-300x200.jpeg 300w, https:\/\/hoyre.no\/content\/uploads\/sites\/408\/2025\/05\/IMG_6440-1024x683.jpeg 1024w, https:\/\/hoyre.no\/content\/uploads\/sites\/408\/2025\/05\/IMG_6440-1536x1024.jpeg 1536w, https:\/\/hoyre.no\/content\/uploads\/sites\/408\/2025\/05\/IMG_6440-2048x1365.jpeg 2048w\" sizes=\"auto, (max-width: 768px) 100vw, 768px\" \/>\t\t<\/div>\n\t\t\n\t\t\t<div class=\"teft-card__content-wrapper\">\n\t\t\t\t<div class=\"teft-card__secondary\">\n\t\t\t\t\t\n\t\t\t\t\t\t\t\t<div class=\"teft-card__meta\">\n\t\t\t\t\t\t\t\t\t<span class=\"post-date\">26. mar 2026<\/span>\n\n\t\t\t\t\t\t\t\t\t<span class=\"post-category\">Osloskolen er p\u00e5 rett vei:<\/span>\t\t\t\t\t\t\t\t<\/div>\n\t\t\t\t\t\t\t\t\t\t\t<\/div>\n\n\t\t\t\t<div class=\"teft-card__primary\">\n\t\t\t\t\t<h2 class=\"teft-card__title\">Bedre elevresultater og en skole\u00f8konomi i balanse med bl\u00e5gr\u00f8nt byr\u00e5d&nbsp;<span class=\"teft-card__primary-title-append\"><\/span><\/h2>\t\t\t\t<\/div>\n\t\t\t<\/div>\n\t\t<\/a>\n\t<\/div>\n\n\t<\/div><\/div>\t<\/div>\n<\/div>\n","protected":false},"excerpt":{"rendered":"","protected":false},"author":31424,"featured_media":0,"comment_status":"closed","ping_status":"closed","sticky":false,"template":"","format":"standard","meta":{"teft_cards_image_url":"","teft_cards_custom_pretitle":"Inng\u00e5r viktig samarbeid","teft_cards_image_id":9763,"teft_cards_image_focal_point_x":0.5,"teft_cards_image_focal_point_y":0.5,"teft_cards_title":"Barnehagel\u00e6rerstudenter f\u00e5r jobb en dag i uken\u00a0","teft_cards_excerpt":"","teft_show_chapters":false,"author_display_name":"","footnotes":""},"category":[1],"post_tag":[],"hoyre-visibility":[],"article-type":[],"politician":[],"class_list":["post-9760","post","type-post","status-publish","format-standard","hentry","category-nyheter"],"yoast_head":"<!-- This site is optimized with the Yoast SEO Premium plugin v26.5 (Yoast SEO v26.6) - https:\/\/yoast.com\/wordpress\/plugins\/seo\/ -->\n<title>Barnehagel\u00e6rerstudenter f\u00e5r jobb en dag i uken\u00a0 - Oslo H\u00f8yre<\/title>\n<meta name=\"description\" content=\"Den nye samarbeidsmodellen skal sikre bedre rekruttering til barnehagene og samtidig gi studentene mer erfaring.\u00a0\" \/>\n<meta name=\"robots\" content=\"index, follow, max-snippet:-1, max-image-preview:large, max-video-preview:-1\" \/>\n<link rel=\"canonical\" href=\"https:\/\/hoyre.no\/oslo\/aktuelt\/barnehagelaererstudenter-far-jobb-en-dag-i-uka\/\" \/>\n<meta property=\"og:locale\" content=\"nb_NO\" \/>\n<meta property=\"og:type\" content=\"article\" \/>\n<meta property=\"og:title\" content=\"Barnehagel\u00e6rerstudenter f\u00e5r jobb en dag i uken\u00a0\" \/>\n<meta property=\"og:description\" content=\"Den nye samarbeidsmodellen skal sikre bedre rekruttering til barnehagene og samtidig gi studentene mer erfaring.\u00a0\" \/>\n<meta property=\"og:url\" content=\"https:\/\/hoyre.no\/oslo\/aktuelt\/barnehagelaererstudenter-far-jobb-en-dag-i-uka\/\" \/>\n<meta property=\"og:site_name\" content=\"Oslo H\u00f8yre\" \/>\n<meta property=\"article:publisher\" content=\"https:\/\/www.facebook.com\/oslo.hoyre\" \/>\n<meta property=\"article:published_time\" content=\"2026-02-04T13:26:36+00:00\" \/>\n<meta property=\"article:modified_time\" content=\"2026-02-11T14:00:21+00:00\" \/>\n<meta property=\"og:image\" content=\"https:\/\/hoyre.no\/content\/uploads\/sites\/408\/2026\/02\/IMG_6396-scaled.jpg\" \/>\n\t<meta property=\"og:image:width\" content=\"2500\" \/>\n\t<meta property=\"og:image:height\" content=\"1667\" \/>\n\t<meta property=\"og:image:type\" content=\"image\/jpeg\" \/>\n<meta name=\"author\" content=\"Hel\u00e9n Baartvedt Flatjord\" \/>\n<meta name=\"twitter:card\" content=\"summary_large_image\" \/>\n<meta name=\"twitter:label1\" content=\"Skrevet av\" \/>\n\t<meta name=\"twitter:data1\" content=\"Hel\u00e9n Baartvedt Flatjord\" \/>\n\t<meta name=\"twitter:label2\" content=\"Ansl. lesetid\" \/>\n\t<meta name=\"twitter:data2\" content=\"3 minutter\" \/>\n<script type=\"application\/ld+json\" class=\"yoast-schema-graph\">{\"@context\":\"https:\/\/schema.org\",\"@graph\":[{\"@type\":\"Article\",\"@id\":\"https:\/\/hoyre.no\/oslo\/aktuelt\/barnehagelaererstudenter-far-jobb-en-dag-i-uka\/#article\",\"isPartOf\":{\"@id\":\"https:\/\/hoyre.no\/oslo\/aktuelt\/barnehagelaererstudenter-far-jobb-en-dag-i-uka\/\"},\"author\":{\"name\":\"Hel\u00e9n Baartvedt Flatjord\",\"@id\":\"https:\/\/hoyre.no\/oslo\/#\/schema\/person\/ade540e19ad98433e3dc5c1356adf1fe\"},\"headline\":\"Barnehagel\u00e6rerstudenter f\u00e5r jobb en dag i uken\u00a0\",\"datePublished\":\"2026-02-04T13:26:36+00:00\",\"dateModified\":\"2026-02-11T14:00:21+00:00\",\"mainEntityOfPage\":{\"@id\":\"https:\/\/hoyre.no\/oslo\/aktuelt\/barnehagelaererstudenter-far-jobb-en-dag-i-uka\/\"},\"wordCount\":473,\"publisher\":{\"@id\":\"https:\/\/hoyre.no\/oslo\/#organization\"},\"image\":{\"@id\":\"https:\/\/hoyre.no\/oslo\/aktuelt\/barnehagelaererstudenter-far-jobb-en-dag-i-uka\/#primaryimage\"},\"thumbnailUrl\":\"https:\/\/hoyre.no\/content\/uploads\/sites\/408\/2026\/02\/IMG_0427-2-1024x683.jpg\",\"articleSection\":[\"Nyheter\"],\"inLanguage\":\"nb-NO\"},{\"@type\":\"NewsArticle\",\"@id\":\"https:\/\/hoyre.no\/oslo\/aktuelt\/barnehagelaererstudenter-far-jobb-en-dag-i-uka\/\",\"url\":\"https:\/\/hoyre.no\/oslo\/aktuelt\/barnehagelaererstudenter-far-jobb-en-dag-i-uka\/\",\"name\":\"Barnehagel\u00e6rerstudenter f\u00e5r jobb en dag i uken\u00a0 - Oslo H\u00f8yre\",\"isPartOf\":{\"@id\":\"https:\/\/hoyre.no\/oslo\/#website\"},\"image\":{\"@id\":\"https:\/\/hoyre.no\/oslo\/aktuelt\/barnehagelaererstudenter-far-jobb-en-dag-i-uka\/#primaryimage\"},\"thumbnailUrl\":\"https:\/\/hoyre.no\/content\/uploads\/sites\/408\/2026\/02\/IMG_0427-2-1024x683.jpg\",\"datePublished\":\"2026-02-04T13:26:36+00:00\",\"dateModified\":\"2026-02-11T14:00:21+00:00\",\"description\":\"Den nye samarbeidsmodellen skal sikre bedre rekruttering til barnehagene og samtidig gi studentene mer erfaring.\u00a0\",\"breadcrumb\":{\"@id\":\"https:\/\/hoyre.no\/oslo\/aktuelt\/barnehagelaererstudenter-far-jobb-en-dag-i-uka\/#breadcrumb\"},\"inLanguage\":\"nb-NO\",\"potentialAction\":[{\"@type\":\"ReadAction\",\"target\":[\"https:\/\/hoyre.no\/oslo\/aktuelt\/barnehagelaererstudenter-far-jobb-en-dag-i-uka\/\"]}]},{\"@type\":\"ImageObject\",\"inLanguage\":\"nb-NO\",\"@id\":\"https:\/\/hoyre.no\/oslo\/aktuelt\/barnehagelaererstudenter-far-jobb-en-dag-i-uka\/#primaryimage\",\"url\":\"https:\/\/hoyre.no\/content\/uploads\/sites\/408\/2026\/02\/IMG_0427-2-1024x683.jpg\",\"contentUrl\":\"https:\/\/hoyre.no\/content\/uploads\/sites\/408\/2026\/02\/IMG_0427-2-1024x683.jpg\"},{\"@type\":\"BreadcrumbList\",\"@id\":\"https:\/\/hoyre.no\/oslo\/aktuelt\/barnehagelaererstudenter-far-jobb-en-dag-i-uka\/#breadcrumb\",\"itemListElement\":[{\"@type\":\"ListItem\",\"position\":1,\"name\":\"Til hoyre.no\",\"item\":\"https:\/\/hoyre.no\"},{\"@type\":\"ListItem\",\"position\":2,\"name\":\"Hjem\",\"item\":\"https:\/\/hoyre.no\/oslo\/\"},{\"@type\":\"ListItem\",\"position\":3,\"name\":\"Barnehagel\u00e6rerstudenter f\u00e5r jobb en dag i uken\u00a0\"}]},{\"@type\":\"WebSite\",\"@id\":\"https:\/\/hoyre.no\/oslo\/#website\",\"url\":\"https:\/\/hoyre.no\/oslo\/\",\"name\":\"Oslo H\u00f8yre\",\"description\":\"\",\"publisher\":{\"@id\":\"https:\/\/hoyre.no\/oslo\/#organization\"},\"inLanguage\":\"nb-NO\"},{\"@type\":\"Organization\",\"@id\":\"https:\/\/hoyre.no\/oslo\/#organization\",\"name\":\"Oslo H\u00f8yre\",\"url\":\"https:\/\/hoyre.no\/oslo\/\",\"logo\":{\"@type\":\"ImageObject\",\"inLanguage\":\"nb-NO\",\"@id\":\"https:\/\/hoyre.no\/oslo\/#\/schema\/logo\/image\/\",\"url\":\"https:\/\/hoyre.no\/content\/uploads\/sites\/408\/2022\/11\/Hoyres-logo.png\",\"contentUrl\":\"https:\/\/hoyre.no\/content\/uploads\/sites\/408\/2022\/11\/Hoyres-logo.png\",\"width\":1000,\"height\":1000,\"caption\":\"Oslo H\u00f8yre\"},\"image\":{\"@id\":\"https:\/\/hoyre.no\/oslo\/#\/schema\/logo\/image\/\"},\"sameAs\":[\"https:\/\/www.facebook.com\/oslo.hoyre\"]},{\"@type\":\"Person\",\"@id\":\"https:\/\/hoyre.no\/oslo\/#\/schema\/person\/ade540e19ad98433e3dc5c1356adf1fe\",\"name\":\"Hel\u00e9n Baartvedt Flatjord\",\"image\":{\"@type\":\"ImageObject\",\"inLanguage\":\"nb-NO\",\"@id\":\"https:\/\/hoyre.no\/oslo\/#\/schema\/person\/image\/\",\"url\":\"https:\/\/secure.gravatar.com\/avatar\/1790f99f95538e2b2c00c1d61905e133882c55ab2fcd19d31ea1be1126f8a07c?s=96&d=mm&r=g\",\"contentUrl\":\"https:\/\/secure.gravatar.com\/avatar\/1790f99f95538e2b2c00c1d61905e133882c55ab2fcd19d31ea1be1126f8a07c?s=96&d=mm&r=g\",\"caption\":\"Hel\u00e9n Baartvedt Flatjord\"},\"url\":\"https:\/\/hoyre.no\/oslo\/aktuelt\/author\/m52122561\/\"}]}<\/script>\n<!-- \/ Yoast SEO Premium plugin. -->","yoast_head_json":{"title":"Barnehagel\u00e6rerstudenter f\u00e5r jobb en dag i uken\u00a0 - Oslo H\u00f8yre","description":"Den nye samarbeidsmodellen skal sikre bedre rekruttering til barnehagene og samtidig gi studentene mer erfaring.\u00a0","robots":{"index":"index","follow":"follow","max-snippet":"max-snippet:-1","max-image-preview":"max-image-preview:large","max-video-preview":"max-video-preview:-1"},"canonical":"https:\/\/hoyre.no\/oslo\/aktuelt\/barnehagelaererstudenter-far-jobb-en-dag-i-uka\/","og_locale":"nb_NO","og_type":"article","og_title":"Barnehagel\u00e6rerstudenter f\u00e5r jobb en dag i uken\u00a0","og_description":"Den nye samarbeidsmodellen skal sikre bedre rekruttering til barnehagene og samtidig gi studentene mer erfaring.\u00a0","og_url":"https:\/\/hoyre.no\/oslo\/aktuelt\/barnehagelaererstudenter-far-jobb-en-dag-i-uka\/","og_site_name":"Oslo H\u00f8yre","article_publisher":"https:\/\/www.facebook.com\/oslo.hoyre","article_published_time":"2026-02-04T13:26:36+00:00","article_modified_time":"2026-02-11T14:00:21+00:00","og_image":[{"width":2500,"height":1667,"url":"https:\/\/hoyre.no\/content\/uploads\/sites\/408\/2026\/02\/IMG_6396-scaled.jpg","type":"image\/jpeg"}],"author":"Hel\u00e9n Baartvedt Flatjord","twitter_card":"summary_large_image","twitter_misc":{"Skrevet av":"Hel\u00e9n Baartvedt Flatjord","Ansl. lesetid":"3 minutter"},"schema":{"@context":"https:\/\/schema.org","@graph":[{"@type":"Article","@id":"https:\/\/hoyre.no\/oslo\/aktuelt\/barnehagelaererstudenter-far-jobb-en-dag-i-uka\/#article","isPartOf":{"@id":"https:\/\/hoyre.no\/oslo\/aktuelt\/barnehagelaererstudenter-far-jobb-en-dag-i-uka\/"},"author":{"name":"Hel\u00e9n Baartvedt Flatjord","@id":"https:\/\/hoyre.no\/oslo\/#\/schema\/person\/ade540e19ad98433e3dc5c1356adf1fe"},"headline":"Barnehagel\u00e6rerstudenter f\u00e5r jobb en dag i uken\u00a0","datePublished":"2026-02-04T13:26:36+00:00","dateModified":"2026-02-11T14:00:21+00:00","mainEntityOfPage":{"@id":"https:\/\/hoyre.no\/oslo\/aktuelt\/barnehagelaererstudenter-far-jobb-en-dag-i-uka\/"},"wordCount":473,"publisher":{"@id":"https:\/\/hoyre.no\/oslo\/#organization"},"image":{"@id":"https:\/\/hoyre.no\/oslo\/aktuelt\/barnehagelaererstudenter-far-jobb-en-dag-i-uka\/#primaryimage"},"thumbnailUrl":"https:\/\/hoyre.no\/content\/uploads\/sites\/408\/2026\/02\/IMG_0427-2-1024x683.jpg","articleSection":["Nyheter"],"inLanguage":"nb-NO"},{"@type":"NewsArticle","@id":"https:\/\/hoyre.no\/oslo\/aktuelt\/barnehagelaererstudenter-far-jobb-en-dag-i-uka\/","url":"https:\/\/hoyre.no\/oslo\/aktuelt\/barnehagelaererstudenter-far-jobb-en-dag-i-uka\/","name":"Barnehagel\u00e6rerstudenter f\u00e5r jobb en dag i uken\u00a0 - Oslo H\u00f8yre","isPartOf":{"@id":"https:\/\/hoyre.no\/oslo\/#website"},"image":{"@id":"https:\/\/hoyre.no\/oslo\/aktuelt\/barnehagelaererstudenter-far-jobb-en-dag-i-uka\/#primaryimage"},"thumbnailUrl":"https:\/\/hoyre.no\/content\/uploads\/sites\/408\/2026\/02\/IMG_0427-2-1024x683.jpg","datePublished":"2026-02-04T13:26:36+00:00","dateModified":"2026-02-11T14:00:21+00:00","description":"Den nye samarbeidsmodellen skal sikre bedre rekruttering til barnehagene og samtidig gi studentene mer erfaring.\u00a0","breadcrumb":{"@id":"https:\/\/hoyre.no\/oslo\/aktuelt\/barnehagelaererstudenter-far-jobb-en-dag-i-uka\/#breadcrumb"},"inLanguage":"nb-NO","potentialAction":[{"@type":"ReadAction","target":["https:\/\/hoyre.no\/oslo\/aktuelt\/barnehagelaererstudenter-far-jobb-en-dag-i-uka\/"]}]},{"@type":"ImageObject","inLanguage":"nb-NO","@id":"https:\/\/hoyre.no\/oslo\/aktuelt\/barnehagelaererstudenter-far-jobb-en-dag-i-uka\/#primaryimage","url":"https:\/\/hoyre.no\/content\/uploads\/sites\/408\/2026\/02\/IMG_0427-2-1024x683.jpg","contentUrl":"https:\/\/hoyre.no\/content\/uploads\/sites\/408\/2026\/02\/IMG_0427-2-1024x683.jpg"},{"@type":"BreadcrumbList","@id":"https:\/\/hoyre.no\/oslo\/aktuelt\/barnehagelaererstudenter-far-jobb-en-dag-i-uka\/#breadcrumb","itemListElement":[{"@type":"ListItem","position":1,"name":"Til hoyre.no","item":"https:\/\/hoyre.no"},{"@type":"ListItem","position":2,"name":"Hjem","item":"https:\/\/hoyre.no\/oslo\/"},{"@type":"ListItem","position":3,"name":"Barnehagel\u00e6rerstudenter f\u00e5r jobb en dag i uken\u00a0"}]},{"@type":"WebSite","@id":"https:\/\/hoyre.no\/oslo\/#website","url":"https:\/\/hoyre.no\/oslo\/","name":"Oslo H\u00f8yre","description":"","publisher":{"@id":"https:\/\/hoyre.no\/oslo\/#organization"},"inLanguage":"nb-NO"},{"@type":"Organization","@id":"https:\/\/hoyre.no\/oslo\/#organization","name":"Oslo H\u00f8yre","url":"https:\/\/hoyre.no\/oslo\/","logo":{"@type":"ImageObject","inLanguage":"nb-NO","@id":"https:\/\/hoyre.no\/oslo\/#\/schema\/logo\/image\/","url":"https:\/\/hoyre.no\/content\/uploads\/sites\/408\/2022\/11\/Hoyres-logo.png","contentUrl":"https:\/\/hoyre.no\/content\/uploads\/sites\/408\/2022\/11\/Hoyres-logo.png","width":1000,"height":1000,"caption":"Oslo H\u00f8yre"},"image":{"@id":"https:\/\/hoyre.no\/oslo\/#\/schema\/logo\/image\/"},"sameAs":["https:\/\/www.facebook.com\/oslo.hoyre"]},{"@type":"Person","@id":"https:\/\/hoyre.no\/oslo\/#\/schema\/person\/ade540e19ad98433e3dc5c1356adf1fe","name":"Hel\u00e9n Baartvedt Flatjord","image":{"@type":"ImageObject","inLanguage":"nb-NO","@id":"https:\/\/hoyre.no\/oslo\/#\/schema\/person\/image\/","url":"https:\/\/secure.gravatar.com\/avatar\/1790f99f95538e2b2c00c1d61905e133882c55ab2fcd19d31ea1be1126f8a07c?s=96&d=mm&r=g","contentUrl":"https:\/\/secure.gravatar.com\/avatar\/1790f99f95538e2b2c00c1d61905e133882c55ab2fcd19d31ea1be1126f8a07c?s=96&d=mm&r=g","caption":"Hel\u00e9n Baartvedt Flatjord"},"url":"https:\/\/hoyre.no\/oslo\/aktuelt\/author\/m52122561\/"}]}},"distributor_meta":false,"distributor_terms":false,"distributor_media":false,"distributor_original_site_name":"Oslo H\u00f8yre","distributor_original_site_url":"https:\/\/hoyre.no\/oslo","push-errors":false,"_links":{"self":[{"href":"https:\/\/hoyre.no\/oslo\/wp-json\/wp\/v2\/posts\/9760","targetHints":{"allow":["GET"]}}],"collection":[{"href":"https:\/\/hoyre.no\/oslo\/wp-json\/wp\/v2\/posts"}],"about":[{"href":"https:\/\/hoyre.no\/oslo\/wp-json\/wp\/v2\/types\/post"}],"author":[{"embeddable":true,"href":"https:\/\/hoyre.no\/oslo\/wp-json\/wp\/v2\/users\/31424"}],"replies":[{"embeddable":true,"href":"https:\/\/hoyre.no\/oslo\/wp-json\/wp\/v2\/comments?post=9760"}],"version-history":[{"count":5,"href":"https:\/\/hoyre.no\/oslo\/wp-json\/wp\/v2\/posts\/9760\/revisions"}],"predecessor-version":[{"id":9807,"href":"https:\/\/hoyre.no\/oslo\/wp-json\/wp\/v2\/posts\/9760\/revisions\/9807"}],"wp:attachment":[{"href":"https:\/\/hoyre.no\/oslo\/wp-json\/wp\/v2\/media?parent=9760"}],"wp:term":[{"taxonomy":"category","embeddable":true,"href":"https:\/\/hoyre.no\/oslo\/wp-json\/wp\/v2\/category?post=9760"},{"taxonomy":"post_tag","embeddable":true,"href":"https:\/\/hoyre.no\/oslo\/wp-json\/wp\/v2\/post_tag?post=9760"},{"taxonomy":"hoyre-visibility","embeddable":true,"href":"https:\/\/hoyre.no\/oslo\/wp-json\/wp\/v2\/hoyre-visibility?post=9760"},{"taxonomy":"article-type","embeddable":true,"href":"https:\/\/hoyre.no\/oslo\/wp-json\/wp\/v2\/article-type?post=9760"},{"taxonomy":"politician","embeddable":true,"href":"https:\/\/hoyre.no\/oslo\/wp-json\/wp\/v2\/politician?post=9760"}],"curies":[{"name":"wp","href":"https:\/\/api.w.org\/{rel}","templated":true}]}}