{"id":9804,"date":"2026-02-11T11:29:25","date_gmt":"2026-02-11T10:29:25","guid":{"rendered":"https:\/\/hoyre.no\/oslo\/?p=9804"},"modified":"2026-04-28T10:06:33","modified_gmt":"2026-04-28T08:06:33","slug":"byradet-strammer-inn-nettfilteret-i-osloskolen","status":"publish","type":"post","link":"https:\/\/hoyre.no\/oslo\/aktuelt\/byradet-strammer-inn-nettfilteret-i-osloskolen\/","title":{"rendered":"Osloskolen strammer inn nettfilteret"},"content":{"rendered":"\n<p class=\"preamble\">Det H\u00f8yre-ledede byr\u00e5det i Oslo innf\u00f8rer strengere regler for \u00e5 sikre mer l\u00e6ring, mindre distraksjon og \u00f8kt digital trygghet.<\/p>\t\t\t<div class=\"post-meta wp-block teft-byline-wrapper\">\n\t\t\t\t<div class=\"top\">\n\t\t\t\t\t<div class=\"signature\">\n\t\t\t\t\t\t<div class=\"teft-byline\">\n\t\t\t\t\t\t\t\t\t\t\t\t\t\t<div>\n\t\t\t\t\t\t\t\t<h3>H\u00f8yres redaksjon<\/h3>\t\t\t\t\t\t\t\t\n\t\t\t\t\t\t\t\t\t\t\t\t\t\t\t\t\t<span class=\"date\">Sist oppdatert: 28. april 2026<\/span>\n\t\t\t\t\t\t\t\t\t\t\t\t\t\t\t\t\t\t\t\t\t\t\t\t\t<span class=\"reading-time\" itemprop=\"timeRequired\" content=\"PT4M\"><em>Ca. 4 minutter lesetid<\/em><\/span>\n\t\t\t\t\t\t\t\t\t\t\t\t\t\t\t<\/div>\n\t\t\t\t\t\t<\/div>\n\t\t\t\t\t<\/div>\n\t\t\t\t\t\t<div class=\"sharing\">\n\t\t<a class=\"share-button share-link copy-link\" data-copy=\"https:\/\/hoyre.no\/oslo\/aktuelt\/byradet-strammer-inn-nettfilteret-i-osloskolen\/\" target=\"_blank\"><span class=\"screen-reader-text\">Del link<\/span><\/a>\n\t\t<a class=\"share-button share-twitter\" href=\"http:\/\/twitter.com\/share?text=Osloskolen strammer inn nettfilteret&#038;url=https:\/\/hoyre.no\/oslo\/aktuelt\/byradet-strammer-inn-nettfilteret-i-osloskolen\/&#038;hashtags=Hoyre\" target=\"_blank\"><span class=\"screen-reader-text\">Del p\u00e5 twitter<\/span><\/a>\n\t\t<a class=\"share-button share-facebook\" href=\"https:\/\/www.facebook.com\/sharer\/sharer.php?u=https:\/\/hoyre.no\/oslo\/aktuelt\/byradet-strammer-inn-nettfilteret-i-osloskolen\/\" target=\"_blank\"><span class=\"screen-reader-text\">Del p\u00e5 facebook<\/span><\/a>\n\t<\/div>\n\t\t\t\t\t<\/div>\n\t\t\t<\/div>\n\n\t\t\t<figure class=\"hoyre-image-wrapper\"><div class=\"hoyre-image\"><img loading=\"lazy\" decoding=\"async\" width=\"1200\" height=\"800\" src=\"https:\/\/hoyre.no\/content\/uploads\/sites\/408\/2025\/05\/julie.png\" class=\"attachment-scaled size-scaled\" alt=\"Julie Remen Midtgarden, byr\u00e5d for utdanning\" style=\"object-position: 50% 50%\" srcset=\"https:\/\/hoyre.no\/content\/uploads\/sites\/408\/2025\/05\/julie.png 1200w, https:\/\/hoyre.no\/content\/uploads\/sites\/408\/2025\/05\/julie-300x200.png 300w, https:\/\/hoyre.no\/content\/uploads\/sites\/408\/2025\/05\/julie-1024x683.png 1024w, https:\/\/hoyre.no\/content\/uploads\/sites\/408\/2025\/05\/julie-768x512.png 768w\" sizes=\"auto, (max-width: 1200px) 100vw, 1200px\" \/><\/div><figcaption class=\"caption\">Julie Remen Midtgarden, byr\u00e5d for utdanning.<\/figcaption><\/figure>\n\n\n\n\n<p>Osloskolen oppdaterer n\u00e5 nettfilteret som brukes p\u00e5 alle elevers digitale enheter. Endringene skal bidra til mer l\u00e6ringsro, redusere distraksjoner og skjerme elever mot u\u00f8nsket innhold. Elevene kan selv ikke skru av nettfilteret. Byr\u00e5det er opptatt av \u00e5 finne balanse mellom elevens behov for \u00e5 kunne bruke internett, s\u00f8ke og finne informasjon og bygge digitale d\u00f8mmekraft, opp mot elevenes behov for \u00e5 bli beskyttet for skadelig innhold.<\/p>\n\n\n\n<p>\u2013 Byr\u00e5det strammer kraftig inn p\u00e5 hva elevene f\u00e5r tilgang til p\u00e5 skolens nettbrett og PC-er. Skolens digitale verkt\u00f8y skal v\u00e6re trygge \u00e5 bruke, og de skal brukes til l\u00e6ring \u2013 ikke til scrolling og distraksjoner, sier byr\u00e5d for utdanning, Julie Remen Midtgarden.<\/p>\n\n\n\n<h2 class=\"wp-block-heading\" id=\"h-skolene-onsker-strengere-filter\"><strong>Skolene \u00f8nsker strengere filter<\/strong><\/h2>\n\n\n\n<p>De nye retningslinjene inneb\u00e6rer justeringer i hvilke kategorier som skal v\u00e6re tilgjengelige p\u00e5 barneskole, ungdomsskole og videreg\u00e5ende. Selv om Osloskolen har landets mest avanserte nettfilter, skjerpes n\u00e5 praksisen ytterligere etter klare tilbakemeldinger fra skolene. Forslaget ble sendt p\u00e5 h\u00f8ring til ungdomsskoler og videreg\u00e5ende skoler, og 83 prosent av skolene st\u00f8tter innstrammingene. Hovedargumenter er mindre forstyrrelser, og at det som foresl\u00e5s blokkert ikke er en viktig del av oppl\u00e6ringen.<br><br><\/p>\n\n\n\n<p>\u2013 Vi har allerede innf\u00f8rt flere m\u00e5lrettede grep for \u00e5 skape mer ro i klasserommet, bedre l\u00e6ring og en tryggere hverdag for elevene: Vi har allerede fjernet \u00e9n-til-\u00e9n-kravet om digitale enheter for de yngste elevene, satset p\u00e5 trykte l\u00e6reb\u00f8ker, strammet inn p\u00e5 skjermbruk som ikke er pedagogisk begrunnet, og n\u00e5 f\u00f8lger vi opp med strengere filter ogs\u00e5 for eldre elever, sier Remen Midtgarden.<\/p>\n\n\n\n<h2 class=\"wp-block-heading\" id=\"h-tydeligere-skille-mellom-trinn\"><strong>Tydeligere skille mellom trinn<\/strong><\/h2>\n\n\n\n<p>Filteret blokkerer skadelig innhold for alle trinn, og det innf\u00f8res strengere avgrensninger s\u00e6rlig for de yngste elevene. Samtidig \u00e5pnes det for st\u00f8rre tilgang i videreg\u00e5ende skole, der flere fag er avhengige av aktuelle digitale plattformer. Nettfilteret bygger p\u00e5 l\u00f8sningen <em>Netsweeper<\/em>, som bruker kunstig intelligens til \u00e5 analysere og kategorisere millioner av nettsider globalt. Sider vurderes kontinuerlig, og eleven f\u00e5r en forklaring dersom en side blokkeres. Filteret f\u00f8lger eleven uansett hvor enheten brukes.<\/p>\n\n\n\n<p>\u2013 P\u00e5 1.\u20134. trinn har elevene kun tilgang til forh\u00e5ndsgodkjente l\u00e6remidler, og n\u00e5 begrenser vi spill, reklame og sosiale medier p\u00e5 ungdomstrinnet. Samtidig sikrer vi at videreg\u00e5ende elever har tilgang til digitale verkt\u00f8y der det er faglig begrunnet, sier byr\u00e5den.<\/p>\n\n\n\n<h2 class=\"wp-block-heading\" id=\"h-slik-endres-nettfilteret\">Slik endres nettfilteret:<\/h2>\n\n\n\n<h3 class=\"wp-block-heading\" id=\"h-barneskole-1-4-trinn\"><strong>Barneskole 1.\u20134. trinn<\/strong><\/h3>\n\n\n\n<ul class=\"wp-block-list\">\n<li>tilgang kun til godkjente l\u00e6remidler og apper laget for undervisningen<\/li>\n\n\n\n<li>alt annet innhold sperres<\/li>\n\n\n\n<li>l\u00e6rere kan \u00e5pne internett midlertidig ved behov<\/li>\n\n\n\n<li>foreldre kan styre apper etter skoletid<\/li>\n<\/ul>\n\n\n\n<h3 class=\"wp-block-heading\" id=\"h-barneskole-5-7-trinn\"><strong>Barneskole (5.\u20137. trinn)<\/strong><\/h3>\n\n\n\n<p>Sperrer for:<\/p>\n\n\n\n<ul class=\"wp-block-list\">\n<li>reklame<\/li>\n\n\n\n<li>sosiale medier<\/li>\n\n\n\n<li>YouTube<\/li>\n\n\n\n<li>str\u00f8mmetjenester<\/li>\n\n\n\n<li>kommersielle KI-tjenester<\/li>\n\n\n\n<li>alle spill unntatt pedagogiske<\/li>\n<\/ul>\n\n\n\n<h3 class=\"wp-block-heading\" id=\"h-ungdomsskole\"><strong>Ungdomsskole<\/strong><\/h3>\n\n\n\n<p>Sperrer for:<\/p>\n\n\n\n<ul class=\"wp-block-list\">\n<li>reklame<\/li>\n\n\n\n<li>sosiale medier<\/li>\n\n\n\n<li>YouTube holdes \u00e5pen som l\u00e6ringsressurs<\/li>\n<\/ul>\n\n\n\n<h3 class=\"wp-block-heading\" id=\"h-videregaende-skole\"><strong>Videreg\u00e5ende skole<\/strong><\/h3>\n\n\n\n<p>For elever p\u00e5 videreg\u00e5ende er det installert et nettfilter som blokkerer for skadelig og u\u00f8nsket innhold. Nettfilteret er&nbsp;installert p\u00e5 alle nettbrett, PC-er og Mac-er.<\/p>\n\n\n\n<p>\u00c5pent for:<\/p>\n\n\n\n<ul class=\"wp-block-list\">\n<li>reklame<\/li>\n\n\n\n<li>YouTube<\/li>\n\n\n\n<li>sosiale medier<\/li>\n\n\n\n<li>KI-tjenester (som ChatGPT). Dette begrunnes med faglige behov, s\u00e6rlig i mediefag, og at mange elever er myndige.<\/li>\n<\/ul>\n\n\n\n<h3 class=\"wp-block-heading\" id=\"h-felles-for-alle-trinn\">Felles for alle trinn:<\/h3>\n\n\n\n<p>F\u00f8lgende kategorier er blokkert uansett niv\u00e5, og er allerede blokkert:<\/p>\n\n\n\n<ul class=\"wp-block-list\">\n<li>vold og overgrep<\/li>\n\n\n\n<li>hatefulle ytringer<\/li>\n\n\n\n<li>pornografi<\/li>\n\n\n\n<li>gambling<\/li>\n\n\n\n<li>selvskading og sider som idealiserer dette<\/li>\n\n\n\n<li>rusmidler og ulovlige stoffer<\/li>\n\n\n\n<li>phishing, hacking og skadelig programvare<\/li>\n\n\n\n<li>datingsider<\/li>\n\n\n\n<li>ikke-pedagogiske spill<\/li>\n<\/ul>\n\n\n<div class=\"tags\">\n\t<\/div>\n<div class=\"post-footer alignfull has-background block-editor-block-list__block\" data-align=full>\n\t<div class=\"post-footer-inner\">\n\t\t<h3>Relaterte artikler<\/h3>\n\t\t<div class=\"related-content\"><div class=\"is-card-hoyre\">\n\t<div class=\"teft-card hoyre-teft-card post-teft-card\">\n\t\t<a href=\"https:\/\/hoyre.no\/oslo\/aktuelt\/mdg-moralismen-fornekter-seg-ikke\/\" class=\"teft-card__primary-action\">\n\n\t\t\t\t\t<div class=\"teft-card__media teft-card__media--16-9\">\n\t\t\t\t\t\t<img loading=\"lazy\" decoding=\"async\" width=\"768\" height=\"512\" src=\"https:\/\/hoyre.no\/content\/uploads\/sites\/408\/2024\/01\/QZQlxtOC-768x512.jpeg\" class=\"attachment-medium_large size-medium_large\" alt=\"Merete Agerbak-Jensen\" srcset=\"https:\/\/hoyre.no\/content\/uploads\/sites\/408\/2024\/01\/QZQlxtOC-768x512.jpeg 768w, https:\/\/hoyre.no\/content\/uploads\/sites\/408\/2024\/01\/QZQlxtOC-300x200.jpeg 300w, https:\/\/hoyre.no\/content\/uploads\/sites\/408\/2024\/01\/QZQlxtOC-1024x683.jpeg 1024w, https:\/\/hoyre.no\/content\/uploads\/sites\/408\/2024\/01\/QZQlxtOC-1536x1024.jpeg 1536w, https:\/\/hoyre.no\/content\/uploads\/sites\/408\/2024\/01\/QZQlxtOC-2048x1365.jpeg 2048w\" sizes=\"auto, (max-width: 768px) 100vw, 768px\" \/>\t\t<\/div>\n\t\t\n\t\t\t<div class=\"teft-card__content-wrapper\">\n\t\t\t\t<div class=\"teft-card__secondary\">\n\t\t\t\t\t\n\t\t\t\t\t\t\t\t<div class=\"teft-card__meta\">\n\t\t\t\t\t\t\t\t\t<span class=\"post-date\">23. apr 2026<\/span>\n\n\t\t\t\t\t\t\t\t\t<span class=\"post-category\">Vil utvide skjenketidene:<\/span>\t\t\t\t\t\t\t\t<\/div>\n\t\t\t\t\t\t\t\t\t\t\t<\/div>\n\n\t\t\t\t<div class=\"teft-card__primary\">\n\t\t\t\t\t<h2 class=\"teft-card__title\">MDG-moralismen fornekter seg ikke&nbsp;<span class=\"teft-card__primary-title-append\"><\/span><\/h2>\t\t\t\t<\/div>\n\t\t\t<\/div>\n\t\t<\/a>\n\t<\/div>\n\n\t<\/div><div class=\"is-card-hoyre\">\n\t<div class=\"teft-card hoyre-teft-card post-teft-card\">\n\t\t<a href=\"https:\/\/hoyre.no\/oslo\/aktuelt\/raskere-og-enklere-a-bygge-boliger-og-skape-arbeidsplasser-i-oslo\/\" class=\"teft-card__primary-action\">\n\n\t\t\t\t\t<div class=\"teft-card__media teft-card__media--16-9\">\n\t\t\t\t\t\t<img loading=\"lazy\" decoding=\"async\" width=\"768\" height=\"576\" src=\"https:\/\/hoyre.no\/content\/uploads\/sites\/408\/2026\/04\/Eirik-Lae-Solberg-og-Anita-Leirvik-North-768x576.jpg\" class=\"attachment-medium_large size-medium_large\" alt=\"\" srcset=\"https:\/\/hoyre.no\/content\/uploads\/sites\/408\/2026\/04\/Eirik-Lae-Solberg-og-Anita-Leirvik-North-768x576.jpg 768w, https:\/\/hoyre.no\/content\/uploads\/sites\/408\/2026\/04\/Eirik-Lae-Solberg-og-Anita-Leirvik-North-300x225.jpg 300w, https:\/\/hoyre.no\/content\/uploads\/sites\/408\/2026\/04\/Eirik-Lae-Solberg-og-Anita-Leirvik-North.jpg 901w\" sizes=\"auto, (max-width: 768px) 100vw, 768px\" \/>\t\t<\/div>\n\t\t\n\t\t\t<div class=\"teft-card__content-wrapper\">\n\t\t\t\t<div class=\"teft-card__secondary\">\n\t\t\t\t\t\n\t\t\t\t\t\t\t\t<div class=\"teft-card__meta\">\n\t\t\t\t\t\t\t\t\t<span class=\"post-date\">14. apr 2026<\/span>\n\n\t\t\t\t\t\t\t\t\t<span class=\"post-category\">Har lagt frem ny KPA:<\/span>\t\t\t\t\t\t\t\t<\/div>\n\t\t\t\t\t\t\t\t\t\t\t<\/div>\n\n\t\t\t\t<div class=\"teft-card__primary\">\n\t\t\t\t\t<h2 class=\"teft-card__title\">Raskere og enklere \u00e5 bygge boliger og skape arbeidsplasser i Oslo&nbsp;<span class=\"teft-card__primary-title-append\"><\/span><\/h2>\t\t\t\t<\/div>\n\t\t\t<\/div>\n\t\t<\/a>\n\t<\/div>\n\n\t<\/div><div class=\"is-card-hoyre\">\n\t<div class=\"teft-card hoyre-teft-card post-teft-card\">\n\t\t<a href=\"https:\/\/hoyre.no\/oslo\/aktuelt\/bedre-elevresultater-og-en-skoleokonomi-i-balanse-med-blagront-byrad\/\" class=\"teft-card__primary-action\">\n\n\t\t\t\t\t<div class=\"teft-card__media teft-card__media--16-9\">\n\t\t\t\t\t\t<img loading=\"lazy\" decoding=\"async\" width=\"768\" height=\"512\" src=\"https:\/\/hoyre.no\/content\/uploads\/sites\/408\/2025\/05\/IMG_6440-768x512.jpeg\" class=\"attachment-medium_large size-medium_large\" alt=\"Julie Remen Midtgarden\" srcset=\"https:\/\/hoyre.no\/content\/uploads\/sites\/408\/2025\/05\/IMG_6440-768x512.jpeg 768w, https:\/\/hoyre.no\/content\/uploads\/sites\/408\/2025\/05\/IMG_6440-300x200.jpeg 300w, https:\/\/hoyre.no\/content\/uploads\/sites\/408\/2025\/05\/IMG_6440-1024x683.jpeg 1024w, https:\/\/hoyre.no\/content\/uploads\/sites\/408\/2025\/05\/IMG_6440-1536x1024.jpeg 1536w, https:\/\/hoyre.no\/content\/uploads\/sites\/408\/2025\/05\/IMG_6440-2048x1365.jpeg 2048w\" sizes=\"auto, (max-width: 768px) 100vw, 768px\" \/>\t\t<\/div>\n\t\t\n\t\t\t<div class=\"teft-card__content-wrapper\">\n\t\t\t\t<div class=\"teft-card__secondary\">\n\t\t\t\t\t\n\t\t\t\t\t\t\t\t<div class=\"teft-card__meta\">\n\t\t\t\t\t\t\t\t\t<span class=\"post-date\">26. mar 2026<\/span>\n\n\t\t\t\t\t\t\t\t\t<span class=\"post-category\">Osloskolen er p\u00e5 rett vei:<\/span>\t\t\t\t\t\t\t\t<\/div>\n\t\t\t\t\t\t\t\t\t\t\t<\/div>\n\n\t\t\t\t<div class=\"teft-card__primary\">\n\t\t\t\t\t<h2 class=\"teft-card__title\">Bedre elevresultater og en skole\u00f8konomi i balanse med bl\u00e5gr\u00f8nt byr\u00e5d&nbsp;<span class=\"teft-card__primary-title-append\"><\/span><\/h2>\t\t\t\t<\/div>\n\t\t\t<\/div>\n\t\t<\/a>\n\t<\/div>\n\n\t<\/div><\/div>\t<\/div>\n<\/div>\n","protected":false},"excerpt":{"rendered":"","protected":false},"author":31424,"featured_media":0,"comment_status":"closed","ping_status":"closed","sticky":false,"template":"","format":"standard","meta":{"teft_cards_image_url":"","teft_cards_custom_pretitle":"Gj\u00f8r nettbruk tryggere:","teft_cards_image_id":8853,"teft_cards_image_focal_point_x":0.5,"teft_cards_image_focal_point_y":0.46,"teft_cards_title":"Osloskolen strammer inn nettfilteret","teft_cards_excerpt":"","teft_show_chapters":false,"author_display_name":"","footnotes":""},"category":[1],"post_tag":[],"hoyre-visibility":[],"article-type":[],"politician":[],"class_list":["post-9804","post","type-post","status-publish","format-standard","hentry","category-nyheter"],"yoast_head":"<!-- This site is optimized with the Yoast SEO Premium plugin v26.5 (Yoast SEO v26.6) - https:\/\/yoast.com\/wordpress\/plugins\/seo\/ -->\n<title>Osloskolen strammer inn nettfilteret - Oslo H\u00f8yre<\/title>\n<meta name=\"description\" content=\"Det H\u00f8yre-ledede byr\u00e5det i Oslo innf\u00f8rer strengere regler for \u00e5 sikre mer l\u00e6ring, mindre distraksjon og \u00f8kt digital trygghet.\" \/>\n<meta name=\"robots\" content=\"index, follow, max-snippet:-1, max-image-preview:large, max-video-preview:-1\" \/>\n<link rel=\"canonical\" href=\"https:\/\/hoyre.no\/oslo\/aktuelt\/byradet-strammer-inn-nettfilteret-i-osloskolen\/\" \/>\n<meta property=\"og:locale\" content=\"nb_NO\" \/>\n<meta property=\"og:type\" content=\"article\" \/>\n<meta property=\"og:title\" content=\"Osloskolen strammer inn nettfilteret\" \/>\n<meta property=\"og:description\" content=\"Det H\u00f8yre-ledede byr\u00e5det i Oslo innf\u00f8rer strengere regler for \u00e5 sikre mer l\u00e6ring, mindre distraksjon og \u00f8kt digital trygghet.\" \/>\n<meta property=\"og:url\" content=\"https:\/\/hoyre.no\/oslo\/aktuelt\/byradet-strammer-inn-nettfilteret-i-osloskolen\/\" \/>\n<meta property=\"og:site_name\" content=\"Oslo H\u00f8yre\" \/>\n<meta property=\"article:publisher\" content=\"https:\/\/www.facebook.com\/oslo.hoyre\" \/>\n<meta property=\"article:published_time\" content=\"2026-02-11T10:29:25+00:00\" \/>\n<meta property=\"article:modified_time\" content=\"2026-04-28T08:06:33+00:00\" \/>\n<meta property=\"og:image\" content=\"https:\/\/hoyre.no\/content\/uploads\/sites\/408\/2025\/05\/julie.png\" \/>\n\t<meta property=\"og:image:width\" content=\"1200\" \/>\n\t<meta property=\"og:image:height\" content=\"800\" \/>\n\t<meta property=\"og:image:type\" content=\"image\/png\" \/>\n<meta name=\"author\" content=\"Hel\u00e9n Baartvedt Flatjord\" \/>\n<meta name=\"twitter:card\" content=\"summary_large_image\" \/>\n<meta name=\"twitter:label1\" content=\"Skrevet av\" \/>\n\t<meta name=\"twitter:data1\" content=\"Hel\u00e9n Baartvedt Flatjord\" \/>\n\t<meta name=\"twitter:label2\" content=\"Ansl. lesetid\" \/>\n\t<meta name=\"twitter:data2\" content=\"3 minutter\" \/>\n<script type=\"application\/ld+json\" class=\"yoast-schema-graph\">{\"@context\":\"https:\/\/schema.org\",\"@graph\":[{\"@type\":\"Article\",\"@id\":\"https:\/\/hoyre.no\/oslo\/aktuelt\/byradet-strammer-inn-nettfilteret-i-osloskolen\/#article\",\"isPartOf\":{\"@id\":\"https:\/\/hoyre.no\/oslo\/aktuelt\/byradet-strammer-inn-nettfilteret-i-osloskolen\/\"},\"author\":{\"name\":\"Hel\u00e9n Baartvedt Flatjord\",\"@id\":\"https:\/\/hoyre.no\/oslo\/#\/schema\/person\/ade540e19ad98433e3dc5c1356adf1fe\"},\"headline\":\"Osloskolen strammer inn nettfilteret\",\"datePublished\":\"2026-02-11T10:29:25+00:00\",\"dateModified\":\"2026-04-28T08:06:33+00:00\",\"mainEntityOfPage\":{\"@id\":\"https:\/\/hoyre.no\/oslo\/aktuelt\/byradet-strammer-inn-nettfilteret-i-osloskolen\/\"},\"wordCount\":590,\"publisher\":{\"@id\":\"https:\/\/hoyre.no\/oslo\/#organization\"},\"articleSection\":[\"Nyheter\"],\"inLanguage\":\"nb-NO\"},{\"@type\":\"NewsArticle\",\"@id\":\"https:\/\/hoyre.no\/oslo\/aktuelt\/byradet-strammer-inn-nettfilteret-i-osloskolen\/\",\"url\":\"https:\/\/hoyre.no\/oslo\/aktuelt\/byradet-strammer-inn-nettfilteret-i-osloskolen\/\",\"name\":\"Osloskolen strammer inn nettfilteret - Oslo H\u00f8yre\",\"isPartOf\":{\"@id\":\"https:\/\/hoyre.no\/oslo\/#website\"},\"datePublished\":\"2026-02-11T10:29:25+00:00\",\"dateModified\":\"2026-04-28T08:06:33+00:00\",\"description\":\"Det H\u00f8yre-ledede byr\u00e5det i Oslo innf\u00f8rer strengere regler for \u00e5 sikre mer l\u00e6ring, mindre distraksjon og \u00f8kt digital trygghet.\",\"breadcrumb\":{\"@id\":\"https:\/\/hoyre.no\/oslo\/aktuelt\/byradet-strammer-inn-nettfilteret-i-osloskolen\/#breadcrumb\"},\"inLanguage\":\"nb-NO\",\"potentialAction\":[{\"@type\":\"ReadAction\",\"target\":[\"https:\/\/hoyre.no\/oslo\/aktuelt\/byradet-strammer-inn-nettfilteret-i-osloskolen\/\"]}]},{\"@type\":\"BreadcrumbList\",\"@id\":\"https:\/\/hoyre.no\/oslo\/aktuelt\/byradet-strammer-inn-nettfilteret-i-osloskolen\/#breadcrumb\",\"itemListElement\":[{\"@type\":\"ListItem\",\"position\":1,\"name\":\"Til hoyre.no\",\"item\":\"https:\/\/hoyre.no\"},{\"@type\":\"ListItem\",\"position\":2,\"name\":\"Hjem\",\"item\":\"https:\/\/hoyre.no\/oslo\/\"},{\"@type\":\"ListItem\",\"position\":3,\"name\":\"Osloskolen strammer inn nettfilteret\"}]},{\"@type\":\"WebSite\",\"@id\":\"https:\/\/hoyre.no\/oslo\/#website\",\"url\":\"https:\/\/hoyre.no\/oslo\/\",\"name\":\"Oslo H\u00f8yre\",\"description\":\"\",\"publisher\":{\"@id\":\"https:\/\/hoyre.no\/oslo\/#organization\"},\"inLanguage\":\"nb-NO\"},{\"@type\":\"Organization\",\"@id\":\"https:\/\/hoyre.no\/oslo\/#organization\",\"name\":\"Oslo H\u00f8yre\",\"url\":\"https:\/\/hoyre.no\/oslo\/\",\"logo\":{\"@type\":\"ImageObject\",\"inLanguage\":\"nb-NO\",\"@id\":\"https:\/\/hoyre.no\/oslo\/#\/schema\/logo\/image\/\",\"url\":\"https:\/\/hoyre.no\/content\/uploads\/sites\/408\/2022\/11\/Hoyres-logo.png\",\"contentUrl\":\"https:\/\/hoyre.no\/content\/uploads\/sites\/408\/2022\/11\/Hoyres-logo.png\",\"width\":1000,\"height\":1000,\"caption\":\"Oslo H\u00f8yre\"},\"image\":{\"@id\":\"https:\/\/hoyre.no\/oslo\/#\/schema\/logo\/image\/\"},\"sameAs\":[\"https:\/\/www.facebook.com\/oslo.hoyre\"]},{\"@type\":\"Person\",\"@id\":\"https:\/\/hoyre.no\/oslo\/#\/schema\/person\/ade540e19ad98433e3dc5c1356adf1fe\",\"name\":\"Hel\u00e9n Baartvedt Flatjord\",\"image\":{\"@type\":\"ImageObject\",\"inLanguage\":\"nb-NO\",\"@id\":\"https:\/\/hoyre.no\/oslo\/#\/schema\/person\/image\/\",\"url\":\"https:\/\/secure.gravatar.com\/avatar\/1790f99f95538e2b2c00c1d61905e133882c55ab2fcd19d31ea1be1126f8a07c?s=96&d=mm&r=g\",\"contentUrl\":\"https:\/\/secure.gravatar.com\/avatar\/1790f99f95538e2b2c00c1d61905e133882c55ab2fcd19d31ea1be1126f8a07c?s=96&d=mm&r=g\",\"caption\":\"Hel\u00e9n Baartvedt Flatjord\"},\"url\":\"https:\/\/hoyre.no\/oslo\/aktuelt\/author\/m52122561\/\"}]}<\/script>\n<!-- \/ Yoast SEO Premium plugin. -->","yoast_head_json":{"title":"Osloskolen strammer inn nettfilteret - Oslo H\u00f8yre","description":"Det H\u00f8yre-ledede byr\u00e5det i Oslo innf\u00f8rer strengere regler for \u00e5 sikre mer l\u00e6ring, mindre distraksjon og \u00f8kt digital trygghet.","robots":{"index":"index","follow":"follow","max-snippet":"max-snippet:-1","max-image-preview":"max-image-preview:large","max-video-preview":"max-video-preview:-1"},"canonical":"https:\/\/hoyre.no\/oslo\/aktuelt\/byradet-strammer-inn-nettfilteret-i-osloskolen\/","og_locale":"nb_NO","og_type":"article","og_title":"Osloskolen strammer inn nettfilteret","og_description":"Det H\u00f8yre-ledede byr\u00e5det i Oslo innf\u00f8rer strengere regler for \u00e5 sikre mer l\u00e6ring, mindre distraksjon og \u00f8kt digital trygghet.","og_url":"https:\/\/hoyre.no\/oslo\/aktuelt\/byradet-strammer-inn-nettfilteret-i-osloskolen\/","og_site_name":"Oslo H\u00f8yre","article_publisher":"https:\/\/www.facebook.com\/oslo.hoyre","article_published_time":"2026-02-11T10:29:25+00:00","article_modified_time":"2026-04-28T08:06:33+00:00","og_image":[{"width":1200,"height":800,"url":"https:\/\/hoyre.no\/content\/uploads\/sites\/408\/2025\/05\/julie.png","type":"image\/png"}],"author":"Hel\u00e9n Baartvedt Flatjord","twitter_card":"summary_large_image","twitter_misc":{"Skrevet av":"Hel\u00e9n Baartvedt Flatjord","Ansl. lesetid":"3 minutter"},"schema":{"@context":"https:\/\/schema.org","@graph":[{"@type":"Article","@id":"https:\/\/hoyre.no\/oslo\/aktuelt\/byradet-strammer-inn-nettfilteret-i-osloskolen\/#article","isPartOf":{"@id":"https:\/\/hoyre.no\/oslo\/aktuelt\/byradet-strammer-inn-nettfilteret-i-osloskolen\/"},"author":{"name":"Hel\u00e9n Baartvedt Flatjord","@id":"https:\/\/hoyre.no\/oslo\/#\/schema\/person\/ade540e19ad98433e3dc5c1356adf1fe"},"headline":"Osloskolen strammer inn nettfilteret","datePublished":"2026-02-11T10:29:25+00:00","dateModified":"2026-04-28T08:06:33+00:00","mainEntityOfPage":{"@id":"https:\/\/hoyre.no\/oslo\/aktuelt\/byradet-strammer-inn-nettfilteret-i-osloskolen\/"},"wordCount":590,"publisher":{"@id":"https:\/\/hoyre.no\/oslo\/#organization"},"articleSection":["Nyheter"],"inLanguage":"nb-NO"},{"@type":"NewsArticle","@id":"https:\/\/hoyre.no\/oslo\/aktuelt\/byradet-strammer-inn-nettfilteret-i-osloskolen\/","url":"https:\/\/hoyre.no\/oslo\/aktuelt\/byradet-strammer-inn-nettfilteret-i-osloskolen\/","name":"Osloskolen strammer inn nettfilteret - Oslo H\u00f8yre","isPartOf":{"@id":"https:\/\/hoyre.no\/oslo\/#website"},"datePublished":"2026-02-11T10:29:25+00:00","dateModified":"2026-04-28T08:06:33+00:00","description":"Det H\u00f8yre-ledede byr\u00e5det i Oslo innf\u00f8rer strengere regler for \u00e5 sikre mer l\u00e6ring, mindre distraksjon og \u00f8kt digital trygghet.","breadcrumb":{"@id":"https:\/\/hoyre.no\/oslo\/aktuelt\/byradet-strammer-inn-nettfilteret-i-osloskolen\/#breadcrumb"},"inLanguage":"nb-NO","potentialAction":[{"@type":"ReadAction","target":["https:\/\/hoyre.no\/oslo\/aktuelt\/byradet-strammer-inn-nettfilteret-i-osloskolen\/"]}]},{"@type":"BreadcrumbList","@id":"https:\/\/hoyre.no\/oslo\/aktuelt\/byradet-strammer-inn-nettfilteret-i-osloskolen\/#breadcrumb","itemListElement":[{"@type":"ListItem","position":1,"name":"Til hoyre.no","item":"https:\/\/hoyre.no"},{"@type":"ListItem","position":2,"name":"Hjem","item":"https:\/\/hoyre.no\/oslo\/"},{"@type":"ListItem","position":3,"name":"Osloskolen strammer inn nettfilteret"}]},{"@type":"WebSite","@id":"https:\/\/hoyre.no\/oslo\/#website","url":"https:\/\/hoyre.no\/oslo\/","name":"Oslo H\u00f8yre","description":"","publisher":{"@id":"https:\/\/hoyre.no\/oslo\/#organization"},"inLanguage":"nb-NO"},{"@type":"Organization","@id":"https:\/\/hoyre.no\/oslo\/#organization","name":"Oslo H\u00f8yre","url":"https:\/\/hoyre.no\/oslo\/","logo":{"@type":"ImageObject","inLanguage":"nb-NO","@id":"https:\/\/hoyre.no\/oslo\/#\/schema\/logo\/image\/","url":"https:\/\/hoyre.no\/content\/uploads\/sites\/408\/2022\/11\/Hoyres-logo.png","contentUrl":"https:\/\/hoyre.no\/content\/uploads\/sites\/408\/2022\/11\/Hoyres-logo.png","width":1000,"height":1000,"caption":"Oslo H\u00f8yre"},"image":{"@id":"https:\/\/hoyre.no\/oslo\/#\/schema\/logo\/image\/"},"sameAs":["https:\/\/www.facebook.com\/oslo.hoyre"]},{"@type":"Person","@id":"https:\/\/hoyre.no\/oslo\/#\/schema\/person\/ade540e19ad98433e3dc5c1356adf1fe","name":"Hel\u00e9n Baartvedt Flatjord","image":{"@type":"ImageObject","inLanguage":"nb-NO","@id":"https:\/\/hoyre.no\/oslo\/#\/schema\/person\/image\/","url":"https:\/\/secure.gravatar.com\/avatar\/1790f99f95538e2b2c00c1d61905e133882c55ab2fcd19d31ea1be1126f8a07c?s=96&d=mm&r=g","contentUrl":"https:\/\/secure.gravatar.com\/avatar\/1790f99f95538e2b2c00c1d61905e133882c55ab2fcd19d31ea1be1126f8a07c?s=96&d=mm&r=g","caption":"Hel\u00e9n Baartvedt Flatjord"},"url":"https:\/\/hoyre.no\/oslo\/aktuelt\/author\/m52122561\/"}]}},"distributor_meta":false,"distributor_terms":false,"distributor_media":false,"distributor_original_site_name":"Oslo H\u00f8yre","distributor_original_site_url":"https:\/\/hoyre.no\/oslo","push-errors":false,"_links":{"self":[{"href":"https:\/\/hoyre.no\/oslo\/wp-json\/wp\/v2\/posts\/9804","targetHints":{"allow":["GET"]}}],"collection":[{"href":"https:\/\/hoyre.no\/oslo\/wp-json\/wp\/v2\/posts"}],"about":[{"href":"https:\/\/hoyre.no\/oslo\/wp-json\/wp\/v2\/types\/post"}],"author":[{"embeddable":true,"href":"https:\/\/hoyre.no\/oslo\/wp-json\/wp\/v2\/users\/31424"}],"replies":[{"embeddable":true,"href":"https:\/\/hoyre.no\/oslo\/wp-json\/wp\/v2\/comments?post=9804"}],"version-history":[{"count":2,"href":"https:\/\/hoyre.no\/oslo\/wp-json\/wp\/v2\/posts\/9804\/revisions"}],"predecessor-version":[{"id":9806,"href":"https:\/\/hoyre.no\/oslo\/wp-json\/wp\/v2\/posts\/9804\/revisions\/9806"}],"wp:attachment":[{"href":"https:\/\/hoyre.no\/oslo\/wp-json\/wp\/v2\/media?parent=9804"}],"wp:term":[{"taxonomy":"category","embeddable":true,"href":"https:\/\/hoyre.no\/oslo\/wp-json\/wp\/v2\/category?post=9804"},{"taxonomy":"post_tag","embeddable":true,"href":"https:\/\/hoyre.no\/oslo\/wp-json\/wp\/v2\/post_tag?post=9804"},{"taxonomy":"hoyre-visibility","embeddable":true,"href":"https:\/\/hoyre.no\/oslo\/wp-json\/wp\/v2\/hoyre-visibility?post=9804"},{"taxonomy":"article-type","embeddable":true,"href":"https:\/\/hoyre.no\/oslo\/wp-json\/wp\/v2\/article-type?post=9804"},{"taxonomy":"politician","embeddable":true,"href":"https:\/\/hoyre.no\/oslo\/wp-json\/wp\/v2\/politician?post=9804"}],"curies":[{"name":"wp","href":"https:\/\/api.w.org\/{rel}","templated":true}]}}