{"id":9866,"date":"2026-03-12T15:15:13","date_gmt":"2026-03-12T14:15:13","guid":{"rendered":"https:\/\/hoyre.no\/oslo\/?p=9866"},"modified":"2026-04-28T10:05:50","modified_gmt":"2026-04-28T08:05:50","slug":"flere-velger-yrkesfag-i-oslo","status":"publish","type":"post","link":"https:\/\/hoyre.no\/oslo\/aktuelt\/flere-velger-yrkesfag-i-oslo\/","title":{"rendered":"Flere velger yrkesfag i Oslo"},"content":{"rendered":"\n<p class=\"preamble\">\u00c5rets s\u00f8kertall til videreg\u00e5ende oppl\u00e6ring i Oslo viser en positiv utvikling for yrkesfagene. 28 prosent av s\u00f8kerne til Vg1 har valgt et yrkesfaglig utdanningsprogram. Det er en \u00f8kning fra fjor\u00e5ret, da andelen var 25 prosent.<\/p>\t\t\t<div class=\"post-meta wp-block teft-byline-wrapper\">\n\t\t\t\t<div class=\"top\">\n\t\t\t\t\t<div class=\"signature\">\n\t\t\t\t\t\t<div class=\"teft-byline\">\n\t\t\t\t\t\t\t\t\t\t\t\t\t\t<div>\n\t\t\t\t\t\t\t\t<h3>H\u00f8yres redaksjon<\/h3>\t\t\t\t\t\t\t\t\n\t\t\t\t\t\t\t\t\t\t\t\t\t\t\t\t\t<span class=\"date\">Sist oppdatert: 28. april 2026<\/span>\n\t\t\t\t\t\t\t\t\t\t\t\t\t\t\t\t\t\t\t\t\t\t\t\t\t<span class=\"reading-time\" itemprop=\"timeRequired\" content=\"PT2M\"><em>Ca. 2 minutter lesetid<\/em><\/span>\n\t\t\t\t\t\t\t\t\t\t\t\t\t\t\t<\/div>\n\t\t\t\t\t\t<\/div>\n\t\t\t\t\t<\/div>\n\t\t\t\t\t\t<div class=\"sharing\">\n\t\t<a class=\"share-button share-link copy-link\" data-copy=\"https:\/\/hoyre.no\/oslo\/aktuelt\/flere-velger-yrkesfag-i-oslo\/\" target=\"_blank\"><span class=\"screen-reader-text\">Del link<\/span><\/a>\n\t\t<a class=\"share-button share-twitter\" href=\"http:\/\/twitter.com\/share?text=Flere velger yrkesfag i Oslo&#038;url=https:\/\/hoyre.no\/oslo\/aktuelt\/flere-velger-yrkesfag-i-oslo\/&#038;hashtags=Hoyre\" target=\"_blank\"><span class=\"screen-reader-text\">Del p\u00e5 twitter<\/span><\/a>\n\t\t<a class=\"share-button share-facebook\" href=\"https:\/\/www.facebook.com\/sharer\/sharer.php?u=https:\/\/hoyre.no\/oslo\/aktuelt\/flere-velger-yrkesfag-i-oslo\/\" target=\"_blank\"><span class=\"screen-reader-text\">Del p\u00e5 facebook<\/span><\/a>\n\t<\/div>\n\t\t\t\t\t<\/div>\n\t\t\t<\/div>\n\n\t\t\t<figure class=\"hoyre-image-wrapper\"><div class=\"hoyre-image\"><img loading=\"lazy\" decoding=\"async\" width=\"1080\" height=\"1080\" src=\"https:\/\/hoyre.no\/content\/uploads\/sites\/408\/2026\/03\/julie-remen-midtgarden-1.png\" class=\"attachment-scaled size-scaled\" alt=\"\" style=\"object-position: 52% 22%\" srcset=\"https:\/\/hoyre.no\/content\/uploads\/sites\/408\/2026\/03\/julie-remen-midtgarden-1.png 1080w, https:\/\/hoyre.no\/content\/uploads\/sites\/408\/2026\/03\/julie-remen-midtgarden-1-300x300.png 300w, https:\/\/hoyre.no\/content\/uploads\/sites\/408\/2026\/03\/julie-remen-midtgarden-1-1024x1024.png 1024w, https:\/\/hoyre.no\/content\/uploads\/sites\/408\/2026\/03\/julie-remen-midtgarden-1-150x150.png 150w, https:\/\/hoyre.no\/content\/uploads\/sites\/408\/2026\/03\/julie-remen-midtgarden-1-768x768.png 768w\" sizes=\"auto, (max-width: 1080px) 100vw, 1080px\" \/><\/div><figcaption class=\"caption\">Byr\u00e5d for utdanning, Julie Remen Midtgarden.<\/figcaption><\/figure>\n\n\n\n\n<p>\u2013 Det er utrolig bra at flere elever velger yrkesfag. Derfor har ogs\u00e5 dette byr\u00e5det jobbet m\u00e5lrettet for \u00e5 styrke yrkesfagutdanningene, med et eget l\u00e6rlingtilskudd, vedtatt en offensiv plan for \u00e5 f\u00e5 flere l\u00e6rlingplasser, og vi s\u00f8rger for nyere og bedre utstyr p\u00e5 yrkesfagskolene v\u00e5re for \u00e5 styrke yrkesfagene. N\u00e5 skal vi jobbe for at denne utviklingen fortsetter, sier byr\u00e5d for utdanning, Julie Remen Midtgarden.<\/p>\n\n\n\n<p>Totalt har 7 536 personer s\u00f8kt plass p\u00e5 Vg1 i Oslo. Av disse kommer 7 038 direkte fra 10. trinn. Det er om lag 300 flere s\u00f8kere enn p\u00e5 samme tid i fjor.<\/p>\n\n\n\n<p>Studiespesialisering er fortsatt det st\u00f8rste utdanningsprogrammet, med 4 433 s\u00f8kere. Det utgj\u00f8r 59 prosent av det totale antallet s\u00f8kere.<\/p>\n\n\n\n<p>Samtidig peker \u00e5rets tall p\u00e5 \u00f8kt interesse for yrkesfag. Den st\u00f8rste veksten finner vi innen elektro og datateknologi, der antall s\u00f8kere har \u00f8kt fra 394 til 516. Ogs\u00e5 helse- og oppvekstfag har hatt en \u00f8kning, fra 497 til 536 s\u00f8kere.<\/p>\n\n\n\n<p>Utviklingen er i tr\u00e5d med m\u00e5let om at flere unge skal velge en yrkesfaglig retning.<\/p>\n\n\n\n<p>Ogs\u00e5 blant voksne s\u00f8kere er det vekst. 1 372 personer har s\u00f8kt videreg\u00e5ende oppl\u00e6ring for voksne, som er 12,5 prosent flere enn i fjor. Her er det s\u00e6rlig de yrkesfaglige utdanningsprogrammene som \u00f8ker.<\/p>\n\n\n\n<p>Les mer hos Oslo kommune:&nbsp;<a href=\"https:\/\/www.oslo.kommune.no\/skole-og-utdanning\/videregaende-skole\/soke-videregaende-skole\/sokertall-videregaende-skole\/\">S\u00f8kertall videreg\u00e5ende skole &#8211; S\u00f8ke videreg\u00e5ende skole &#8211; Oslo kommune<\/a><\/p>\n\n\n<div class=\"tags\">\n\t<\/div>\n<div class=\"post-footer alignfull has-background block-editor-block-list__block\" data-align=full>\n\t<div class=\"post-footer-inner\">\n\t\t<h3>Relaterte artikler<\/h3>\n\t\t<div class=\"related-content\"><div class=\"is-card-hoyre\">\n\t<div class=\"teft-card hoyre-teft-card post-teft-card\">\n\t\t<a href=\"https:\/\/hoyre.no\/oslo\/aktuelt\/mdg-moralismen-fornekter-seg-ikke\/\" class=\"teft-card__primary-action\">\n\n\t\t\t\t\t<div class=\"teft-card__media teft-card__media--16-9\">\n\t\t\t\t\t\t<img loading=\"lazy\" decoding=\"async\" width=\"768\" height=\"512\" src=\"https:\/\/hoyre.no\/content\/uploads\/sites\/408\/2024\/01\/QZQlxtOC-768x512.jpeg\" class=\"attachment-medium_large size-medium_large\" alt=\"Merete Agerbak-Jensen\" srcset=\"https:\/\/hoyre.no\/content\/uploads\/sites\/408\/2024\/01\/QZQlxtOC-768x512.jpeg 768w, https:\/\/hoyre.no\/content\/uploads\/sites\/408\/2024\/01\/QZQlxtOC-300x200.jpeg 300w, https:\/\/hoyre.no\/content\/uploads\/sites\/408\/2024\/01\/QZQlxtOC-1024x683.jpeg 1024w, https:\/\/hoyre.no\/content\/uploads\/sites\/408\/2024\/01\/QZQlxtOC-1536x1024.jpeg 1536w, https:\/\/hoyre.no\/content\/uploads\/sites\/408\/2024\/01\/QZQlxtOC-2048x1365.jpeg 2048w\" sizes=\"auto, (max-width: 768px) 100vw, 768px\" \/>\t\t<\/div>\n\t\t\n\t\t\t<div class=\"teft-card__content-wrapper\">\n\t\t\t\t<div class=\"teft-card__secondary\">\n\t\t\t\t\t\n\t\t\t\t\t\t\t\t<div class=\"teft-card__meta\">\n\t\t\t\t\t\t\t\t\t<span class=\"post-date\">23. apr 2026<\/span>\n\n\t\t\t\t\t\t\t\t\t<span class=\"post-category\">Vil utvide skjenketidene:<\/span>\t\t\t\t\t\t\t\t<\/div>\n\t\t\t\t\t\t\t\t\t\t\t<\/div>\n\n\t\t\t\t<div class=\"teft-card__primary\">\n\t\t\t\t\t<h2 class=\"teft-card__title\">MDG-moralismen fornekter seg ikke&nbsp;<span class=\"teft-card__primary-title-append\"><\/span><\/h2>\t\t\t\t<\/div>\n\t\t\t<\/div>\n\t\t<\/a>\n\t<\/div>\n\n\t<\/div><div class=\"is-card-hoyre\">\n\t<div class=\"teft-card hoyre-teft-card post-teft-card\">\n\t\t<a href=\"https:\/\/hoyre.no\/oslo\/aktuelt\/raskere-og-enklere-a-bygge-boliger-og-skape-arbeidsplasser-i-oslo\/\" class=\"teft-card__primary-action\">\n\n\t\t\t\t\t<div class=\"teft-card__media teft-card__media--16-9\">\n\t\t\t\t\t\t<img loading=\"lazy\" decoding=\"async\" width=\"768\" height=\"576\" src=\"https:\/\/hoyre.no\/content\/uploads\/sites\/408\/2026\/04\/Eirik-Lae-Solberg-og-Anita-Leirvik-North-768x576.jpg\" class=\"attachment-medium_large size-medium_large\" alt=\"\" srcset=\"https:\/\/hoyre.no\/content\/uploads\/sites\/408\/2026\/04\/Eirik-Lae-Solberg-og-Anita-Leirvik-North-768x576.jpg 768w, https:\/\/hoyre.no\/content\/uploads\/sites\/408\/2026\/04\/Eirik-Lae-Solberg-og-Anita-Leirvik-North-300x225.jpg 300w, https:\/\/hoyre.no\/content\/uploads\/sites\/408\/2026\/04\/Eirik-Lae-Solberg-og-Anita-Leirvik-North.jpg 901w\" sizes=\"auto, (max-width: 768px) 100vw, 768px\" \/>\t\t<\/div>\n\t\t\n\t\t\t<div class=\"teft-card__content-wrapper\">\n\t\t\t\t<div class=\"teft-card__secondary\">\n\t\t\t\t\t\n\t\t\t\t\t\t\t\t<div class=\"teft-card__meta\">\n\t\t\t\t\t\t\t\t\t<span class=\"post-date\">14. apr 2026<\/span>\n\n\t\t\t\t\t\t\t\t\t<span class=\"post-category\">Har lagt frem ny KPA:<\/span>\t\t\t\t\t\t\t\t<\/div>\n\t\t\t\t\t\t\t\t\t\t\t<\/div>\n\n\t\t\t\t<div class=\"teft-card__primary\">\n\t\t\t\t\t<h2 class=\"teft-card__title\">Raskere og enklere \u00e5 bygge boliger og skape arbeidsplasser i Oslo&nbsp;<span class=\"teft-card__primary-title-append\"><\/span><\/h2>\t\t\t\t<\/div>\n\t\t\t<\/div>\n\t\t<\/a>\n\t<\/div>\n\n\t<\/div><div class=\"is-card-hoyre\">\n\t<div class=\"teft-card hoyre-teft-card post-teft-card\">\n\t\t<a href=\"https:\/\/hoyre.no\/oslo\/aktuelt\/bedre-elevresultater-og-en-skoleokonomi-i-balanse-med-blagront-byrad\/\" class=\"teft-card__primary-action\">\n\n\t\t\t\t\t<div class=\"teft-card__media teft-card__media--16-9\">\n\t\t\t\t\t\t<img loading=\"lazy\" decoding=\"async\" width=\"768\" height=\"512\" src=\"https:\/\/hoyre.no\/content\/uploads\/sites\/408\/2025\/05\/IMG_6440-768x512.jpeg\" class=\"attachment-medium_large size-medium_large\" alt=\"Julie Remen Midtgarden\" srcset=\"https:\/\/hoyre.no\/content\/uploads\/sites\/408\/2025\/05\/IMG_6440-768x512.jpeg 768w, https:\/\/hoyre.no\/content\/uploads\/sites\/408\/2025\/05\/IMG_6440-300x200.jpeg 300w, https:\/\/hoyre.no\/content\/uploads\/sites\/408\/2025\/05\/IMG_6440-1024x683.jpeg 1024w, https:\/\/hoyre.no\/content\/uploads\/sites\/408\/2025\/05\/IMG_6440-1536x1024.jpeg 1536w, https:\/\/hoyre.no\/content\/uploads\/sites\/408\/2025\/05\/IMG_6440-2048x1365.jpeg 2048w\" sizes=\"auto, (max-width: 768px) 100vw, 768px\" \/>\t\t<\/div>\n\t\t\n\t\t\t<div class=\"teft-card__content-wrapper\">\n\t\t\t\t<div class=\"teft-card__secondary\">\n\t\t\t\t\t\n\t\t\t\t\t\t\t\t<div class=\"teft-card__meta\">\n\t\t\t\t\t\t\t\t\t<span class=\"post-date\">26. mar 2026<\/span>\n\n\t\t\t\t\t\t\t\t\t<span class=\"post-category\">Osloskolen er p\u00e5 rett vei:<\/span>\t\t\t\t\t\t\t\t<\/div>\n\t\t\t\t\t\t\t\t\t\t\t<\/div>\n\n\t\t\t\t<div class=\"teft-card__primary\">\n\t\t\t\t\t<h2 class=\"teft-card__title\">Bedre elevresultater og en skole\u00f8konomi i balanse med bl\u00e5gr\u00f8nt byr\u00e5d&nbsp;<span class=\"teft-card__primary-title-append\"><\/span><\/h2>\t\t\t\t<\/div>\n\t\t\t<\/div>\n\t\t<\/a>\n\t<\/div>\n\n\t<\/div><\/div>\t<\/div>\n<\/div>\n","protected":false},"excerpt":{"rendered":"","protected":false},"author":31424,"featured_media":0,"comment_status":"closed","ping_status":"closed","sticky":false,"template":"","format":"standard","meta":{"teft_cards_image_url":"","teft_cards_custom_pretitle":"Jubler over statistikk:","teft_cards_image_id":9869,"teft_cards_image_focal_point_x":0.49,"teft_cards_image_focal_point_y":0.37,"teft_cards_title":"","teft_cards_excerpt":"","teft_show_chapters":false,"author_display_name":"","footnotes":""},"category":[1],"post_tag":[],"hoyre-visibility":[],"article-type":[],"politician":[],"class_list":["post-9866","post","type-post","status-publish","format-standard","hentry","category-nyheter"],"yoast_head":"<!-- This site is optimized with the Yoast SEO Premium plugin v26.5 (Yoast SEO v26.6) - https:\/\/yoast.com\/wordpress\/plugins\/seo\/ -->\n<title>Flere velger yrkesfag i Oslo - Oslo H\u00f8yre<\/title>\n<meta name=\"description\" content=\"\u00c5rets s\u00f8kertall til videreg\u00e5ende oppl\u00e6ring i Oslo viser en positiv utvikling for yrkesfagene.\" \/>\n<meta name=\"robots\" content=\"index, follow, max-snippet:-1, max-image-preview:large, max-video-preview:-1\" \/>\n<link rel=\"canonical\" href=\"https:\/\/hoyre.no\/oslo\/aktuelt\/flere-velger-yrkesfag-i-oslo\/\" \/>\n<meta property=\"og:locale\" content=\"nb_NO\" \/>\n<meta property=\"og:type\" content=\"article\" \/>\n<meta property=\"og:title\" content=\"Flere velger yrkesfag i Oslo\" \/>\n<meta property=\"og:description\" content=\"\u00c5rets s\u00f8kertall til videreg\u00e5ende oppl\u00e6ring i Oslo viser en positiv utvikling for yrkesfagene.\" \/>\n<meta property=\"og:url\" content=\"https:\/\/hoyre.no\/oslo\/aktuelt\/flere-velger-yrkesfag-i-oslo\/\" \/>\n<meta property=\"og:site_name\" content=\"Oslo H\u00f8yre\" \/>\n<meta property=\"article:publisher\" content=\"https:\/\/www.facebook.com\/oslo.hoyre\" \/>\n<meta property=\"article:published_time\" content=\"2026-03-12T14:15:13+00:00\" \/>\n<meta property=\"article:modified_time\" content=\"2026-04-28T08:05:50+00:00\" \/>\n<meta property=\"og:image\" content=\"https:\/\/hoyre.no\/content\/uploads\/sites\/408\/2026\/03\/julie-remen-midtgarden-1.png\" \/>\n\t<meta property=\"og:image:width\" content=\"1080\" \/>\n\t<meta property=\"og:image:height\" content=\"1080\" \/>\n\t<meta property=\"og:image:type\" content=\"image\/png\" \/>\n<meta name=\"author\" content=\"Hel\u00e9n Baartvedt Flatjord\" \/>\n<meta name=\"twitter:card\" content=\"summary_large_image\" \/>\n<meta name=\"twitter:description\" content=\"\u00c5rets s\u00f8kertall til videreg\u00e5ende oppl\u00e6ring i Oslo viser en positiv utvikling for yrkesfagene.\" \/>\n<meta name=\"twitter:label1\" content=\"Skrevet av\" \/>\n\t<meta name=\"twitter:data1\" content=\"Hel\u00e9n Baartvedt Flatjord\" \/>\n\t<meta name=\"twitter:label2\" content=\"Ansl. lesetid\" \/>\n\t<meta name=\"twitter:data2\" content=\"2 minutter\" \/>\n<script type=\"application\/ld+json\" class=\"yoast-schema-graph\">{\"@context\":\"https:\/\/schema.org\",\"@graph\":[{\"@type\":\"Article\",\"@id\":\"https:\/\/hoyre.no\/oslo\/aktuelt\/flere-velger-yrkesfag-i-oslo\/#article\",\"isPartOf\":{\"@id\":\"https:\/\/hoyre.no\/oslo\/aktuelt\/flere-velger-yrkesfag-i-oslo\/\"},\"author\":{\"name\":\"Hel\u00e9n Baartvedt Flatjord\",\"@id\":\"https:\/\/hoyre.no\/oslo\/#\/schema\/person\/ade540e19ad98433e3dc5c1356adf1fe\"},\"headline\":\"Flere velger yrkesfag i Oslo\",\"datePublished\":\"2026-03-12T14:15:13+00:00\",\"dateModified\":\"2026-04-28T08:05:50+00:00\",\"mainEntityOfPage\":{\"@id\":\"https:\/\/hoyre.no\/oslo\/aktuelt\/flere-velger-yrkesfag-i-oslo\/\"},\"wordCount\":292,\"publisher\":{\"@id\":\"https:\/\/hoyre.no\/oslo\/#organization\"},\"articleSection\":[\"Nyheter\"],\"inLanguage\":\"nb-NO\"},{\"@type\":\"NewsArticle\",\"@id\":\"https:\/\/hoyre.no\/oslo\/aktuelt\/flere-velger-yrkesfag-i-oslo\/\",\"url\":\"https:\/\/hoyre.no\/oslo\/aktuelt\/flere-velger-yrkesfag-i-oslo\/\",\"name\":\"Flere velger yrkesfag i Oslo - Oslo H\u00f8yre\",\"isPartOf\":{\"@id\":\"https:\/\/hoyre.no\/oslo\/#website\"},\"datePublished\":\"2026-03-12T14:15:13+00:00\",\"dateModified\":\"2026-04-28T08:05:50+00:00\",\"description\":\"\u00c5rets s\u00f8kertall til videreg\u00e5ende oppl\u00e6ring i Oslo viser en positiv utvikling for yrkesfagene.\",\"breadcrumb\":{\"@id\":\"https:\/\/hoyre.no\/oslo\/aktuelt\/flere-velger-yrkesfag-i-oslo\/#breadcrumb\"},\"inLanguage\":\"nb-NO\",\"potentialAction\":[{\"@type\":\"ReadAction\",\"target\":[\"https:\/\/hoyre.no\/oslo\/aktuelt\/flere-velger-yrkesfag-i-oslo\/\"]}]},{\"@type\":\"BreadcrumbList\",\"@id\":\"https:\/\/hoyre.no\/oslo\/aktuelt\/flere-velger-yrkesfag-i-oslo\/#breadcrumb\",\"itemListElement\":[{\"@type\":\"ListItem\",\"position\":1,\"name\":\"Til hoyre.no\",\"item\":\"https:\/\/hoyre.no\"},{\"@type\":\"ListItem\",\"position\":2,\"name\":\"Hjem\",\"item\":\"https:\/\/hoyre.no\/oslo\/\"},{\"@type\":\"ListItem\",\"position\":3,\"name\":\"Flere velger yrkesfag i Oslo\"}]},{\"@type\":\"WebSite\",\"@id\":\"https:\/\/hoyre.no\/oslo\/#website\",\"url\":\"https:\/\/hoyre.no\/oslo\/\",\"name\":\"Oslo H\u00f8yre\",\"description\":\"\",\"publisher\":{\"@id\":\"https:\/\/hoyre.no\/oslo\/#organization\"},\"inLanguage\":\"nb-NO\"},{\"@type\":\"Organization\",\"@id\":\"https:\/\/hoyre.no\/oslo\/#organization\",\"name\":\"Oslo H\u00f8yre\",\"url\":\"https:\/\/hoyre.no\/oslo\/\",\"logo\":{\"@type\":\"ImageObject\",\"inLanguage\":\"nb-NO\",\"@id\":\"https:\/\/hoyre.no\/oslo\/#\/schema\/logo\/image\/\",\"url\":\"https:\/\/hoyre.no\/content\/uploads\/sites\/408\/2022\/11\/Hoyres-logo.png\",\"contentUrl\":\"https:\/\/hoyre.no\/content\/uploads\/sites\/408\/2022\/11\/Hoyres-logo.png\",\"width\":1000,\"height\":1000,\"caption\":\"Oslo H\u00f8yre\"},\"image\":{\"@id\":\"https:\/\/hoyre.no\/oslo\/#\/schema\/logo\/image\/\"},\"sameAs\":[\"https:\/\/www.facebook.com\/oslo.hoyre\"]},{\"@type\":\"Person\",\"@id\":\"https:\/\/hoyre.no\/oslo\/#\/schema\/person\/ade540e19ad98433e3dc5c1356adf1fe\",\"name\":\"Hel\u00e9n Baartvedt Flatjord\",\"image\":{\"@type\":\"ImageObject\",\"inLanguage\":\"nb-NO\",\"@id\":\"https:\/\/hoyre.no\/oslo\/#\/schema\/person\/image\/\",\"url\":\"https:\/\/secure.gravatar.com\/avatar\/1790f99f95538e2b2c00c1d61905e133882c55ab2fcd19d31ea1be1126f8a07c?s=96&d=mm&r=g\",\"contentUrl\":\"https:\/\/secure.gravatar.com\/avatar\/1790f99f95538e2b2c00c1d61905e133882c55ab2fcd19d31ea1be1126f8a07c?s=96&d=mm&r=g\",\"caption\":\"Hel\u00e9n Baartvedt Flatjord\"},\"url\":\"https:\/\/hoyre.no\/oslo\/aktuelt\/author\/m52122561\/\"}]}<\/script>\n<!-- \/ Yoast SEO Premium plugin. -->","yoast_head_json":{"title":"Flere velger yrkesfag i Oslo - Oslo H\u00f8yre","description":"\u00c5rets s\u00f8kertall til videreg\u00e5ende oppl\u00e6ring i Oslo viser en positiv utvikling for yrkesfagene.","robots":{"index":"index","follow":"follow","max-snippet":"max-snippet:-1","max-image-preview":"max-image-preview:large","max-video-preview":"max-video-preview:-1"},"canonical":"https:\/\/hoyre.no\/oslo\/aktuelt\/flere-velger-yrkesfag-i-oslo\/","og_locale":"nb_NO","og_type":"article","og_title":"Flere velger yrkesfag i Oslo","og_description":"\u00c5rets s\u00f8kertall til videreg\u00e5ende oppl\u00e6ring i Oslo viser en positiv utvikling for yrkesfagene.","og_url":"https:\/\/hoyre.no\/oslo\/aktuelt\/flere-velger-yrkesfag-i-oslo\/","og_site_name":"Oslo H\u00f8yre","article_publisher":"https:\/\/www.facebook.com\/oslo.hoyre","article_published_time":"2026-03-12T14:15:13+00:00","article_modified_time":"2026-04-28T08:05:50+00:00","og_image":[{"width":1080,"height":1080,"url":"https:\/\/hoyre.no\/content\/uploads\/sites\/408\/2026\/03\/julie-remen-midtgarden-1.png","type":"image\/png"}],"author":"Hel\u00e9n Baartvedt Flatjord","twitter_card":"summary_large_image","twitter_description":"\u00c5rets s\u00f8kertall til videreg\u00e5ende oppl\u00e6ring i Oslo viser en positiv utvikling for yrkesfagene.","twitter_misc":{"Skrevet av":"Hel\u00e9n Baartvedt Flatjord","Ansl. lesetid":"2 minutter"},"schema":{"@context":"https:\/\/schema.org","@graph":[{"@type":"Article","@id":"https:\/\/hoyre.no\/oslo\/aktuelt\/flere-velger-yrkesfag-i-oslo\/#article","isPartOf":{"@id":"https:\/\/hoyre.no\/oslo\/aktuelt\/flere-velger-yrkesfag-i-oslo\/"},"author":{"name":"Hel\u00e9n Baartvedt Flatjord","@id":"https:\/\/hoyre.no\/oslo\/#\/schema\/person\/ade540e19ad98433e3dc5c1356adf1fe"},"headline":"Flere velger yrkesfag i Oslo","datePublished":"2026-03-12T14:15:13+00:00","dateModified":"2026-04-28T08:05:50+00:00","mainEntityOfPage":{"@id":"https:\/\/hoyre.no\/oslo\/aktuelt\/flere-velger-yrkesfag-i-oslo\/"},"wordCount":292,"publisher":{"@id":"https:\/\/hoyre.no\/oslo\/#organization"},"articleSection":["Nyheter"],"inLanguage":"nb-NO"},{"@type":"NewsArticle","@id":"https:\/\/hoyre.no\/oslo\/aktuelt\/flere-velger-yrkesfag-i-oslo\/","url":"https:\/\/hoyre.no\/oslo\/aktuelt\/flere-velger-yrkesfag-i-oslo\/","name":"Flere velger yrkesfag i Oslo - Oslo H\u00f8yre","isPartOf":{"@id":"https:\/\/hoyre.no\/oslo\/#website"},"datePublished":"2026-03-12T14:15:13+00:00","dateModified":"2026-04-28T08:05:50+00:00","description":"\u00c5rets s\u00f8kertall til videreg\u00e5ende oppl\u00e6ring i Oslo viser en positiv utvikling for yrkesfagene.","breadcrumb":{"@id":"https:\/\/hoyre.no\/oslo\/aktuelt\/flere-velger-yrkesfag-i-oslo\/#breadcrumb"},"inLanguage":"nb-NO","potentialAction":[{"@type":"ReadAction","target":["https:\/\/hoyre.no\/oslo\/aktuelt\/flere-velger-yrkesfag-i-oslo\/"]}]},{"@type":"BreadcrumbList","@id":"https:\/\/hoyre.no\/oslo\/aktuelt\/flere-velger-yrkesfag-i-oslo\/#breadcrumb","itemListElement":[{"@type":"ListItem","position":1,"name":"Til hoyre.no","item":"https:\/\/hoyre.no"},{"@type":"ListItem","position":2,"name":"Hjem","item":"https:\/\/hoyre.no\/oslo\/"},{"@type":"ListItem","position":3,"name":"Flere velger yrkesfag i Oslo"}]},{"@type":"WebSite","@id":"https:\/\/hoyre.no\/oslo\/#website","url":"https:\/\/hoyre.no\/oslo\/","name":"Oslo H\u00f8yre","description":"","publisher":{"@id":"https:\/\/hoyre.no\/oslo\/#organization"},"inLanguage":"nb-NO"},{"@type":"Organization","@id":"https:\/\/hoyre.no\/oslo\/#organization","name":"Oslo H\u00f8yre","url":"https:\/\/hoyre.no\/oslo\/","logo":{"@type":"ImageObject","inLanguage":"nb-NO","@id":"https:\/\/hoyre.no\/oslo\/#\/schema\/logo\/image\/","url":"https:\/\/hoyre.no\/content\/uploads\/sites\/408\/2022\/11\/Hoyres-logo.png","contentUrl":"https:\/\/hoyre.no\/content\/uploads\/sites\/408\/2022\/11\/Hoyres-logo.png","width":1000,"height":1000,"caption":"Oslo H\u00f8yre"},"image":{"@id":"https:\/\/hoyre.no\/oslo\/#\/schema\/logo\/image\/"},"sameAs":["https:\/\/www.facebook.com\/oslo.hoyre"]},{"@type":"Person","@id":"https:\/\/hoyre.no\/oslo\/#\/schema\/person\/ade540e19ad98433e3dc5c1356adf1fe","name":"Hel\u00e9n Baartvedt Flatjord","image":{"@type":"ImageObject","inLanguage":"nb-NO","@id":"https:\/\/hoyre.no\/oslo\/#\/schema\/person\/image\/","url":"https:\/\/secure.gravatar.com\/avatar\/1790f99f95538e2b2c00c1d61905e133882c55ab2fcd19d31ea1be1126f8a07c?s=96&d=mm&r=g","contentUrl":"https:\/\/secure.gravatar.com\/avatar\/1790f99f95538e2b2c00c1d61905e133882c55ab2fcd19d31ea1be1126f8a07c?s=96&d=mm&r=g","caption":"Hel\u00e9n Baartvedt Flatjord"},"url":"https:\/\/hoyre.no\/oslo\/aktuelt\/author\/m52122561\/"}]}},"distributor_meta":false,"distributor_terms":false,"distributor_media":false,"distributor_original_site_name":"Oslo H\u00f8yre","distributor_original_site_url":"https:\/\/hoyre.no\/oslo","push-errors":false,"_links":{"self":[{"href":"https:\/\/hoyre.no\/oslo\/wp-json\/wp\/v2\/posts\/9866","targetHints":{"allow":["GET"]}}],"collection":[{"href":"https:\/\/hoyre.no\/oslo\/wp-json\/wp\/v2\/posts"}],"about":[{"href":"https:\/\/hoyre.no\/oslo\/wp-json\/wp\/v2\/types\/post"}],"author":[{"embeddable":true,"href":"https:\/\/hoyre.no\/oslo\/wp-json\/wp\/v2\/users\/31424"}],"replies":[{"embeddable":true,"href":"https:\/\/hoyre.no\/oslo\/wp-json\/wp\/v2\/comments?post=9866"}],"version-history":[{"count":2,"href":"https:\/\/hoyre.no\/oslo\/wp-json\/wp\/v2\/posts\/9866\/revisions"}],"predecessor-version":[{"id":9873,"href":"https:\/\/hoyre.no\/oslo\/wp-json\/wp\/v2\/posts\/9866\/revisions\/9873"}],"wp:attachment":[{"href":"https:\/\/hoyre.no\/oslo\/wp-json\/wp\/v2\/media?parent=9866"}],"wp:term":[{"taxonomy":"category","embeddable":true,"href":"https:\/\/hoyre.no\/oslo\/wp-json\/wp\/v2\/category?post=9866"},{"taxonomy":"post_tag","embeddable":true,"href":"https:\/\/hoyre.no\/oslo\/wp-json\/wp\/v2\/post_tag?post=9866"},{"taxonomy":"hoyre-visibility","embeddable":true,"href":"https:\/\/hoyre.no\/oslo\/wp-json\/wp\/v2\/hoyre-visibility?post=9866"},{"taxonomy":"article-type","embeddable":true,"href":"https:\/\/hoyre.no\/oslo\/wp-json\/wp\/v2\/article-type?post=9866"},{"taxonomy":"politician","embeddable":true,"href":"https:\/\/hoyre.no\/oslo\/wp-json\/wp\/v2\/politician?post=9866"}],"curies":[{"name":"wp","href":"https:\/\/api.w.org\/{rel}","templated":true}]}}