{"id":149,"date":"2023-10-31T16:09:52","date_gmt":"2023-10-31T15:09:52","guid":{"rendered":"https:\/\/hoyre.no\/osteroy\/?p=149"},"modified":"2023-10-31T16:31:52","modified_gmt":"2023-10-31T15:31:52","slug":"refleksjonar-etter-valet-og-forhandlingane","status":"publish","type":"post","link":"https:\/\/hoyre.no\/osteroy\/aktuelt\/refleksjonar-etter-valet-og-forhandlingane\/","title":{"rendered":"Refleksjonar etter valet og forhandlingane"},"content":{"rendered":"\n<p class=\"preamble\">Skuffa men ikkje vonbrotne<\/p>\t\t\t<div class=\"post-meta wp-block teft-byline-wrapper\">\n\t\t\t\t<div class=\"top\">\n\t\t\t\t\t<div class=\"signature\">\n\t\t\t\t\t\t<div class=\"teft-byline\">\n\t\t\t\t\t\t\t\t\t\t\t\t\t\t<div>\n\t\t\t\t\t\t\t\t<h3>H\u00f8yres redaksjon<\/h3>\t\t\t\t\t\t\t\t\n\t\t\t\t\t\t\t\t\t\t\t\t\t\t\t\t\t<span class=\"date\">Sist oppdatert: 31. oktober 2023<\/span>\n\t\t\t\t\t\t\t\t\t\t\t\t\t\t\t\t\t\t\t\t\t\t\t\t\t<span class=\"reading-time\" itemprop=\"timeRequired\" content=\"PT6M\"><em>Ca. 6 minutter lesetid<\/em><\/span>\n\t\t\t\t\t\t\t\t\t\t\t\t\t\t\t<\/div>\n\t\t\t\t\t\t<\/div>\n\t\t\t\t\t<\/div>\n\t\t\t\t\t\t<div class=\"sharing\">\n\t\t<a class=\"share-button share-link copy-link\" data-copy=\"https:\/\/hoyre.no\/osteroy\/aktuelt\/refleksjonar-etter-valet-og-forhandlingane\/\" target=\"_blank\"><span class=\"screen-reader-text\">Del link<\/span><\/a>\n\t\t<a class=\"share-button share-twitter\" href=\"http:\/\/twitter.com\/share?text=Refleksjonar etter valet og forhandlingane&#038;url=https:\/\/hoyre.no\/osteroy\/aktuelt\/refleksjonar-etter-valet-og-forhandlingane\/&#038;hashtags=Hoyre\" target=\"_blank\"><span class=\"screen-reader-text\">Del p\u00e5 twitter<\/span><\/a>\n\t\t<a class=\"share-button share-facebook\" href=\"https:\/\/www.facebook.com\/sharer\/sharer.php?u=https:\/\/hoyre.no\/osteroy\/aktuelt\/refleksjonar-etter-valet-og-forhandlingane\/\" target=\"_blank\"><span class=\"screen-reader-text\">Del p\u00e5 facebook<\/span><\/a>\n\t<\/div>\n\t\t\t\t\t<\/div>\n\t\t\t<\/div>\n\n\t\t\t<figure class=\"hoyre-image-wrapper\"><div class=\"hoyre-image\"><img loading=\"lazy\" decoding=\"async\" width=\"1210\" height=\"1510\" src=\"https:\/\/hoyre.no\/content\/uploads\/sites\/324\/2023\/10\/valkamp-2023.jpg\" class=\"attachment-scaled size-scaled\" alt=\"\" style=\"object-position: 36% 26%\" srcset=\"https:\/\/hoyre.no\/content\/uploads\/sites\/324\/2023\/10\/valkamp-2023.jpg 1210w, https:\/\/hoyre.no\/content\/uploads\/sites\/324\/2023\/10\/valkamp-2023-240x300.jpg 240w, https:\/\/hoyre.no\/content\/uploads\/sites\/324\/2023\/10\/valkamp-2023-821x1024.jpg 821w, https:\/\/hoyre.no\/content\/uploads\/sites\/324\/2023\/10\/valkamp-2023-768x958.jpg 768w\" sizes=\"auto, (max-width: 1210px) 100vw, 1210px\" \/><\/div><figcaption class=\"caption\">Hjalti, Veronica og Atle p\u00e5 stand utafor Coopen p\u00e5 Valestrand i valkampen 2023.<\/figcaption><\/figure>\n\n\n\n\n<p>Takk til alle ostringar som valde \u00e5 r\u00f8ysta p\u00e5 H\u00f8gre i kommunevalet. At de var fleire som gav oss tillit denne gongen enn for fire \u00e5r sidan er me veldig glade for.<\/p>\n\n\n\n<p>Me er likevel litt skuffa. Skuffa over at me ikkje greidde \u00e5 f\u00e5 fleire av v\u00e5re s\u00e6rs kompetente kandidatar inn i heradsstyret. Skuffa over at me ikkje greidde \u00e5 f\u00e5 nokon kvinne til \u00e5 stilla som listekandidat. Skuffa over magekjensla om \u00e5 m\u00e5tte ta ansvar litt for ofte ikkje gjev noko resultat. Og skuffa over oss sj\u00f8lve som ikkje har prioritert \u00e5 synleggjere den gode H\u00f8gre-politikken me har f\u00e5tt gjennomslag for i f\u00f8rre periode.<\/p>\n\n\n\n<p>Oster\u00f8y H\u00f8gre si nyvalde heradsstyregruppe er oppteken av handlekraft og at endring m\u00e5 til for \u00e5 sakte l\u00f8fta kommunen ut av den vanskelege stoda den s\u00e5 lengje har vore fastl\u00e5st i. I f\u00f8rebuinga til forhandlingane var gruppa derfor samd om at me m\u00e5tte f\u00e5 lovnader om politiske konsesjonar for \u00e5 ta del i eit samarbeid der ogs\u00e5 me skal b\u00e6ra ansvaret for kommunen si framtid.<\/p>\n\n\n\n<p>Me venta sj\u00f8lvsagt ikkje at alle ville verta godtatt, og me venta ogs\u00e5 \u00e5 m\u00e5tte godta nokon av dei andre sine hjartesaker for \u00e5 f\u00e5 til ein samarbeidsavtale.<\/p>\n\n\n\n<div class=\"wp-block-teft-factbox\"><div class=\"factbox-inner\"><div class=\"entry-content\"><h4 class=\"toggle\">V\u00e5re krav var f\u00f8lgjande:<\/h4>\n<p>1. <strong>Kommunereform<\/strong><\/p>\n\n\n\n<p>Samtidig med Stortingsvalet i 2025 skal det haldast ei folker\u00f8ysting om Oster\u00f8y skal sl\u00e5 seg saman med ein eller fleire nabokommunar, eller framleis st\u00e5 \u00e5leine. Om fleirtalet av r\u00f8ystene viser at ostringane \u00f8nskjer kommunesamansl\u00e5ing skal heradsstyret setja i gong ein slik prosess. Prosessen skal mellom anna omfatta sonderingar med nabokommunane, samtalar og forhandlingar med dei, ein eventuell avtale, folkeopplysing om avtalen, folkem\u00f8te om avtalen, og avsluttast med avr\u00f8ysting i heradsstyret om avtalen.<\/p>\n\n\n\n<p>2. <strong>\u00d8konomi<\/strong><\/p>\n\n\n\n<p>Halve utbetalinga fr\u00e5 Havbruksfondet skal inn i kategorien \u00abbundne driftsfond\u00bb og \u00f8yremerkast politiske prioriteringar. Det som er att av tidlegare utbetalingar i fondet skal overf\u00f8rast til dispensasjonsfondet ved kvar nye innbetaling. To millionar av utbetalinga skal kvart \u00e5r overf\u00f8rast til Oster\u00f8y utvikling i form av kapitalinnskot for \u00e5 sikra selskapet si vidare drift.<\/p>\n\n\n\n<p>3. <strong>Eigedomsskatt<\/strong><\/p>\n\n\n\n<p>Eigedomsskatten i Oster\u00f8y kommune skal reduserast kvart \u00e5r:<\/p>\n\n\n\n<ul class=\"wp-block-list\">\n<li>Bustad: 0,25\u2030 kvart \u00e5r, til saman ned 1,0\u2030 i l\u00f8pet av perioden til 3\u2030<br>Utgiftene m\u00e5 reduserast med om lag 1.312.500 kvart \u00e5r grunna denne endringa.<\/li>\n\n\n\n<li>N\u00e6ring, hytte osb.: 0,5\u2030 kvart \u00e5r, til saman ned 2,0\u2030 i l\u00f8pet av perioden til 5\u2030<br>Utgiftene m\u00e5 ned med 465.000 kvart \u00e5r som resultat.<\/li>\n<\/ul>\n\n\n\n<p>Til saman er dette ei nedskjering p\u00e5 om lag 1.780.000 kvart \u00e5r i perioden som m\u00e5 fordelast over kommunebudsjettet med \u00abosteh\u00f8velprinsipp\u00bb.<\/p>\n\n\n\n<p>4. <strong>Planverk<\/strong><\/p>\n\n\n\n<p>Rullering av temaplan for trafikksikring skal inn i planstrategien med oppstart i 2024. Trafikksikring av sentrum av Fotlandsv\u00e5g skal vera s\u00e6rskilt prioritert i planen og denne prioriteringa skal ogs\u00e5 omtalast i planstrategien.<\/p>\n\n\n\n<p>Forvaltningsplan for kommunale bygg skal vera levert av administrasjonen innan utgangen av 2024 og rullerast kvart \u00e5r, nett slik det st\u00e5r skrive i gjeldande planstrategi. Planen m\u00e5 innehalde ei fullstendig liste av bygg med gards- og bruksnummer, adresse, foto og skildring av f\u00f8rem\u00e5l og bruk, i tillegg til ei tilstandsskildring og liste over prioriterte tiltak.<\/p>\n\n\n\n<p>Forvaltningsplan for kommunale vegar skal vera levert av administrasjonen innan utgangen av 2024 og rullerast kvart \u00e5r, nett slik det st\u00e5r skrive i gjeldande planstrategi. Planen m\u00e5 innehalde ei fullstendig liste over vegar der kvar enkelt er merka av p\u00e5 eit kart, i tillegg til ei tilstandsskildring og liste over prioriterte tiltak.<\/p>\n\n\n\n<p>5. <strong>Investeringar<\/strong><\/p>\n\n\n\n<p>Administrasjonen i Oster\u00f8y kommune skal finna d\u00f8me fr\u00e5 andre kommunar der skular med kapasitet til 250 til 350 elevar er bygd i Offentleg \/ Privat Samarbeid (OPS) dei siste 10 \u00e5ra. Opplysingar om kostnader, vilk\u00e5r, leigetid, vedlikehald osb. skal inng\u00e5 i dokumenta og danna grunnlag for vurdering av bygging av ny ungdomsskule p\u00e5 eksisterande tomt p\u00e5 Hatland.<\/p>\n\n\n\n<p>Administrasjonen i Oster\u00f8y kommune skal ogs\u00e5 finna d\u00f8me fr\u00e5 andre kommunar der symjehall (med eller utan tilknytt idrettshall) er bygd i Offentleg \/ Privat Samarbeid (OPS) dei siste 10 \u00e5ra. Opplysingar om kostnader, vilk\u00e5r, leigetid, vedlikehald osb. skal inng\u00e5 i dokumenta og danna grunnlag for vurdering av bygging av ny symjehall att med Oster\u00f8yhallen, og vedlikehald og opprusting av sj\u00f8lve hallen.<\/p>\n\n\n\n<p>6. <strong>Kommunikasjon<\/strong><\/p>\n\n\n\n<p>Ordf\u00f8rar skal vera flinkare \u00e5 kommunisera med resten av heradsstyret ogs\u00e5 utafor ordin\u00e6re m\u00f8te, og slik kommunikasjon skal f\u00f8reg\u00e5 via epost. Svar p\u00e5 sp\u00f8rsm\u00e5l til ordf\u00f8rar fr\u00e5 representantar m\u00e5 ikkje venta til offentlege m\u00f8te men kan svarast direkte med resten av representantane p\u00e5 kopi.<\/p>\n\n\n\n<p>Ordf\u00f8rar skal dela innkallingar til m\u00f8te i Interkommunale Selskap og Samarbeid (IKS) som til d\u00f8mes Regionr\u00e5det Nordhordaland og BIR, f\u00f8r m\u00f8ta finn stad, slik at resten av heradsstyret kan uttala seg om innhaldet p\u00e5 saklista.<\/p>\n\n\n\n<p>Ordf\u00f8rar skal ogs\u00e5 i st\u00f8rre grad gjera det synleg og mogleg for innbyggjarar \u00e5 snakka direkte til heradsstyret f\u00f8r m\u00f8te byrjar.<\/p>\n\n\n\n<p>Til slutt skal ordf\u00f8rar i st\u00f8rre grad senda heradsstyret skriftleg status p\u00e5 p\u00e5g\u00e5ande saker eller saker med s\u00e6rskild interesse.<\/p>\n<\/div><\/div><\/div>\n\n\n\n<p>Me hadde sterk tru p\u00e5 \u00e5 f\u00e5 moglege samarbeidsparti med p\u00e5 iallfall nokre av desse krava, men me vart skuffa enda ein gong n\u00e5r det vart Senterpartiet sin tur \u00e5 presentera sine saker.<\/p>\n\n\n\n<div class=\"wp-block-teft-factbox\"><div class=\"factbox-inner\"><div class=\"entry-content\"><h4 class=\"toggle\">Dei var:<\/h4>\n<ul class=\"wp-block-list\">\n<li>Nei til kommunesamansl\u00e5ing<\/li>\n\n\n\n<li>Ja til vern av matjord<\/li>\n\n\n\n<li>Ja til utvikling i alle bygder<\/li>\n<\/ul>\n<\/div><\/div><\/div>\n\n\n\n<p>Ja, dette var omfanget av deira politiske ambisjonar for Oster\u00f8y kommune: Ambisjonane til partiet som alt har hatt ordf\u00f8raren i 4 \u00e5r og no skal leia kommunen i 4 \u00e5r til. Er det akseptabelt? Visste veljarane dette? Er det feil av oss som lokalpolitikarar \u00e5 forventa same innsats og engasjement fr\u00e5 andre parti som me forventar fr\u00e5 oss sj\u00f8lve?<\/p>\n\n\n\n<p>Mykje derfor er b\u00e5de heradsstyregruppa og lokallagsstyret tilfreds med at resultatet av forhandlingane vart fire \u00e5r i opposisjon. No vil me iallfall f\u00e5 h\u00f8ve til \u00e5 skilja oss politisk fr\u00e5 dei andre partia og jobba med eigne prioriteringar, hjartesaker og visjonar for kommunen si framtid.<\/p>\n\n\n<div class=\"tags\">\n\t\t<div class=\"wp-block-tag-cloud\">\n\t\t\t\t\t<a href=\"https:\/\/hoyre.no\/osteroy\/aktuelt\/tag\/osteroy\/\" class=\"tag-cloud-link\">oster\u00f8y<\/a>\n\t\t\t<\/div>\n\t<\/div>\n<div class=\"post-footer alignfull has-background block-editor-block-list__block\" data-align=full>\n\t<div class=\"post-footer-inner\">\n\t\t<h3>Relaterte artikler<\/h3>\n\t\t<div class=\"related-content\"><div class=\"is-card-hoyre\">\n\t<div class=\"teft-card hoyre-teft-card post-teft-card\">\n\t\t<a href=\"https:\/\/hoyre.no\/osteroy\/aktuelt\/konstituerande-mote\/\" class=\"teft-card__primary-action\">\n\n\t\t\t\t\t<div class=\"teft-card__media teft-card__media--16-9\">\n\t\t\t\t\t\t<img loading=\"lazy\" decoding=\"async\" width=\"768\" height=\"503\" src=\"https:\/\/hoyre.no\/content\/uploads\/sites\/324\/2023\/10\/alle-talarstol-768x503.jpg\" class=\"attachment-medium_large size-medium_large\" alt=\"\" srcset=\"https:\/\/hoyre.no\/content\/uploads\/sites\/324\/2023\/10\/alle-talarstol-768x503.jpg 768w, https:\/\/hoyre.no\/content\/uploads\/sites\/324\/2023\/10\/alle-talarstol-300x196.jpg 300w, https:\/\/hoyre.no\/content\/uploads\/sites\/324\/2023\/10\/alle-talarstol-1024x670.jpg 1024w, https:\/\/hoyre.no\/content\/uploads\/sites\/324\/2023\/10\/alle-talarstol-1536x1005.jpg 1536w, https:\/\/hoyre.no\/content\/uploads\/sites\/324\/2023\/10\/alle-talarstol-2048x1340.jpg 2048w\" sizes=\"auto, (max-width: 768px) 100vw, 768px\" \/>\t\t<\/div>\n\t\t\n\t\t\t<div class=\"teft-card__content-wrapper\">\n\t\t\t\t<div class=\"teft-card__secondary\">\n\t\t\t\t\t\n\t\t\t\t\t\t\t\t<div class=\"teft-card__meta\">\n\t\t\t\t\t\t\t\t\t<span class=\"post-date\">31. okt 2023<\/span>\n\n\t\t\t\t\t\t\t\t\t<span class=\"post-category\">Oster\u00f8y<\/span>\t\t\t\t\t\t\t\t<\/div>\n\t\t\t\t\t\t\t\t\t\t\t<\/div>\n\n\t\t\t\t<div class=\"teft-card__primary\">\n\t\t\t\t\t<h2 class=\"teft-card__title\">Konstituerande m\u00f8te i Oster\u00f8y heradsstyre&nbsp;<span class=\"teft-card__primary-title-append\"><\/span><\/h2>\t\t\t\t<\/div>\n\t\t\t<\/div>\n\t\t<\/a>\n\t<\/div>\n\n\t<\/div><div class=\"is-card-hoyre\">\n\t<div class=\"teft-card hoyre-teft-card post-teft-card\">\n\t\t<a href=\"https:\/\/hoyre.no\/osteroy\/aktuelt\/omkamp-igjen\/\" class=\"teft-card__primary-action\">\n\n\t\t\t\t\t<div class=\"teft-card__media teft-card__media--16-9\">\n\t\t\t\t\t\t<img loading=\"lazy\" decoding=\"async\" width=\"768\" height=\"576\" src=\"https:\/\/hoyre.no\/content\/uploads\/sites\/324\/2021\/04\/IMG_2973-768x576.jpg\" class=\"attachment-medium_large size-medium_large\" alt=\"\" srcset=\"https:\/\/hoyre.no\/content\/uploads\/sites\/324\/2021\/04\/IMG_2973-768x576.jpg 768w, https:\/\/hoyre.no\/content\/uploads\/sites\/324\/2021\/04\/IMG_2973-300x225.jpg 300w, https:\/\/hoyre.no\/content\/uploads\/sites\/324\/2021\/04\/IMG_2973-1024x768.jpg 1024w, https:\/\/hoyre.no\/content\/uploads\/sites\/324\/2021\/04\/IMG_2973-1536x1152.jpg 1536w, https:\/\/hoyre.no\/content\/uploads\/sites\/324\/2021\/04\/IMG_2973-2048x1536.jpg 2048w\" sizes=\"auto, (max-width: 768px) 100vw, 768px\" \/>\t\t<\/div>\n\t\t\n\t\t\t<div class=\"teft-card__content-wrapper\">\n\t\t\t\t<div class=\"teft-card__secondary\">\n\t\t\t\t\t\n\t\t\t\t\t\t\t\t<div class=\"teft-card__meta\">\n\t\t\t\t\t\t\t\t\t<span class=\"post-date\">14. apr 2021<\/span>\n\n\t\t\t\t\t\t\t\t\t\t\t\t\t\t\t\t\t<\/div>\n\t\t\t\t\t\t\t\t\t\t\t<\/div>\n\n\t\t\t\t<div class=\"teft-card__primary\">\n\t\t\t\t\t<h2 class=\"teft-card__title\">Omkamp&#8230; igjen&nbsp;<span class=\"teft-card__primary-title-append\"><\/span><\/h2>\t\t\t\t<\/div>\n\t\t\t<\/div>\n\t\t<\/a>\n\t<\/div>\n\n\t<\/div><div class=\"is-card-hoyre\">\n\t<div class=\"teft-card hoyre-teft-card post-teft-card\">\n\t\t<a href=\"https:\/\/hoyre.no\/osteroy\/aktuelt\/om_kommunereform_i_valkampen\/\" class=\"teft-card__primary-action\">\n\n\t\t\t\t\t<div class=\"teft-card__media teft-card__media--16-9\">\n\t\t\t\t\t\t<img loading=\"lazy\" decoding=\"async\" width=\"768\" height=\"432\" src=\"https:\/\/hoyre.no\/content\/uploads\/sites\/324\/2020\/11\/img_2551_16x9-768x432.jpg\" class=\"attachment-medium_large size-medium_large\" alt=\"\" srcset=\"https:\/\/hoyre.no\/content\/uploads\/sites\/324\/2020\/11\/img_2551_16x9-768x432.jpg 768w, https:\/\/hoyre.no\/content\/uploads\/sites\/324\/2020\/11\/img_2551_16x9-300x169.jpg 300w, https:\/\/hoyre.no\/content\/uploads\/sites\/324\/2020\/11\/img_2551_16x9-1024x577.jpg 1024w, https:\/\/hoyre.no\/content\/uploads\/sites\/324\/2020\/11\/img_2551_16x9-1536x865.jpg 1536w, https:\/\/hoyre.no\/content\/uploads\/sites\/324\/2020\/11\/img_2551_16x9-2048x1153.jpg 2048w\" sizes=\"auto, (max-width: 768px) 100vw, 768px\" \/>\t\t<\/div>\n\t\t\n\t\t\t<div class=\"teft-card__content-wrapper\">\n\t\t\t\t<div class=\"teft-card__secondary\">\n\t\t\t\t\t\n\t\t\t\t\t\t\t\t<div class=\"teft-card__meta\">\n\t\t\t\t\t\t\t\t\t<span class=\"post-date\">2. nov 2019<\/span>\n\n\t\t\t\t\t\t\t\t\t\t\t\t\t\t\t\t\t<\/div>\n\t\t\t\t\t\t\t\t\t\t\t<\/div>\n\n\t\t\t\t<div class=\"teft-card__primary\">\n\t\t\t\t\t<h2 class=\"teft-card__title\">Kommunereform i valkampen&nbsp;<span class=\"teft-card__primary-title-append\"><\/span><\/h2>\t\t\t\t<\/div>\n\t\t\t<\/div>\n\t\t<\/a>\n\t<\/div>\n\n\t<\/div><\/div>\t<\/div>\n<\/div>\n","protected":false},"excerpt":{"rendered":"","protected":false},"author":27738,"featured_media":0,"comment_status":"closed","ping_status":"closed","sticky":false,"template":"","format":"standard","meta":{"teft_cards_image_url":"","teft_cards_custom_pretitle":"","teft_cards_image_id":151,"teft_cards_image_focal_point_x":0.5,"teft_cards_image_focal_point_y":0.25,"teft_cards_title":"","teft_cards_excerpt":"Takk til alle ostringar som valde \u00e5 r\u00f8ysta p\u00e5 H\u00f8gre i kommunevalet. At de var fleire som gav oss tillit denne gongen enn for fire \u00e5r sidan er me veldig glade for.","teft_show_chapters":false,"author_display_name":"Styret i Oster\u00f8y H\u00f8gre","footnotes":""},"category":[12],"post_tag":[3],"hoyre-visibility":[],"article-type":[],"politician":[10,11],"class_list":["post-149","post","type-post","status-publish","format-standard","hentry","category-osteroy","tag-osteroy","politician-hjalti","politician-sebastian"],"yoast_head":"<!-- This site is optimized with the Yoast SEO plugin v26.6 - https:\/\/yoast.com\/wordpress\/plugins\/seo\/ -->\n<title>Refleksjonar etter valet og forhandlingane - Oster\u00f8y H\u00f8gre<\/title>\n<meta name=\"robots\" content=\"index, follow, max-snippet:-1, max-image-preview:large, max-video-preview:-1\" \/>\n<link rel=\"canonical\" href=\"https:\/\/hoyre.no\/osteroy\/aktuelt\/refleksjonar-etter-valet-og-forhandlingane\/\" \/>\n<meta property=\"og:locale\" content=\"nn_NO\" \/>\n<meta property=\"og:type\" content=\"article\" \/>\n<meta property=\"og:title\" content=\"Refleksjonar etter valet og forhandlingane - Oster\u00f8y H\u00f8gre\" \/>\n<meta property=\"og:url\" content=\"https:\/\/hoyre.no\/osteroy\/aktuelt\/refleksjonar-etter-valet-og-forhandlingane\/\" \/>\n<meta property=\"og:site_name\" content=\"Oster\u00f8y H\u00f8gre\" \/>\n<meta property=\"article:published_time\" content=\"2023-10-31T15:09:52+00:00\" \/>\n<meta property=\"article:modified_time\" content=\"2023-10-31T15:31:52+00:00\" \/>\n<meta property=\"og:image\" content=\"https:\/\/hoyre.no\/content\/uploads\/sites\/324\/2020\/11\/img_2551_16x9-1024x577.jpg\" \/>\n<meta name=\"author\" content=\"Hjalti Heimir Gislason\" \/>\n<meta name=\"twitter:card\" content=\"summary_large_image\" \/>\n<meta name=\"twitter:label1\" content=\"Written by\" \/>\n\t<meta name=\"twitter:data1\" content=\"Hjalti Heimir Gislason\" \/>\n\t<meta name=\"twitter:label2\" content=\"Est. reading time\" \/>\n\t<meta name=\"twitter:data2\" content=\"6 minutt\" \/>\n<script type=\"application\/ld+json\" class=\"yoast-schema-graph\">{\"@context\":\"https:\/\/schema.org\",\"@graph\":[{\"@type\":\"NewsArticle\",\"@id\":\"https:\/\/hoyre.no\/osteroy\/aktuelt\/refleksjonar-etter-valet-og-forhandlingane\/\",\"url\":\"https:\/\/hoyre.no\/osteroy\/aktuelt\/refleksjonar-etter-valet-og-forhandlingane\/\",\"name\":\"Refleksjonar etter valet og forhandlingane - Oster\u00f8y H\u00f8gre\",\"isPartOf\":{\"@id\":\"https:\/\/hoyre.no\/osteroy\/#website\"},\"datePublished\":\"2023-10-31T15:09:52+00:00\",\"dateModified\":\"2023-10-31T15:31:52+00:00\",\"author\":{\"@id\":\"https:\/\/hoyre.no\/osteroy\/#\/schema\/person\/4f1d9fc14c1fc771e645912a069ed50d\"},\"breadcrumb\":{\"@id\":\"https:\/\/hoyre.no\/osteroy\/aktuelt\/refleksjonar-etter-valet-og-forhandlingane\/#breadcrumb\"},\"inLanguage\":\"nn-NO\",\"potentialAction\":[{\"@type\":\"ReadAction\",\"target\":[\"https:\/\/hoyre.no\/osteroy\/aktuelt\/refleksjonar-etter-valet-og-forhandlingane\/\"]}]},{\"@type\":\"BreadcrumbList\",\"@id\":\"https:\/\/hoyre.no\/osteroy\/aktuelt\/refleksjonar-etter-valet-og-forhandlingane\/#breadcrumb\",\"itemListElement\":[{\"@type\":\"ListItem\",\"position\":1,\"name\":\"Til hoyre.no\",\"item\":\"https:\/\/hoyre.no\"},{\"@type\":\"ListItem\",\"position\":2,\"name\":\"Hjem\",\"item\":\"https:\/\/hoyre.no\/osteroy\/\"},{\"@type\":\"ListItem\",\"position\":3,\"name\":\"Refleksjonar etter valet og forhandlingane\"}]},{\"@type\":\"WebSite\",\"@id\":\"https:\/\/hoyre.no\/osteroy\/#website\",\"url\":\"https:\/\/hoyre.no\/osteroy\/\",\"name\":\"Oster\u00f8y H\u00f8gre\",\"description\":\"Bare enda et H\u00f8yres nettsteder-nettsted\",\"inLanguage\":\"nn-NO\"},{\"@type\":\"Person\",\"@id\":\"https:\/\/hoyre.no\/osteroy\/#\/schema\/person\/4f1d9fc14c1fc771e645912a069ed50d\",\"name\":\"Hjalti Heimir Gislason\",\"image\":{\"@type\":\"ImageObject\",\"inLanguage\":\"nn-NO\",\"@id\":\"https:\/\/hoyre.no\/osteroy\/#\/schema\/person\/image\/\",\"url\":\"https:\/\/secure.gravatar.com\/avatar\/d313028f623995d12c748b6176e07852322284ee77fe32bf4e3d3bb0814eb960?s=96&d=mm&r=g\",\"contentUrl\":\"https:\/\/secure.gravatar.com\/avatar\/d313028f623995d12c748b6176e07852322284ee77fe32bf4e3d3bb0814eb960?s=96&d=mm&r=g\",\"caption\":\"Hjalti Heimir Gislason\"},\"url\":\"https:\/\/hoyre.no\/osteroy\/aktuelt\/author\/m51509362\/\"}]}<\/script>\n<!-- \/ Yoast SEO plugin. -->","yoast_head_json":{"title":"Refleksjonar etter valet og forhandlingane - Oster\u00f8y H\u00f8gre","robots":{"index":"index","follow":"follow","max-snippet":"max-snippet:-1","max-image-preview":"max-image-preview:large","max-video-preview":"max-video-preview:-1"},"canonical":"https:\/\/hoyre.no\/osteroy\/aktuelt\/refleksjonar-etter-valet-og-forhandlingane\/","og_locale":"nn_NO","og_type":"article","og_title":"Refleksjonar etter valet og forhandlingane - Oster\u00f8y H\u00f8gre","og_url":"https:\/\/hoyre.no\/osteroy\/aktuelt\/refleksjonar-etter-valet-og-forhandlingane\/","og_site_name":"Oster\u00f8y H\u00f8gre","article_published_time":"2023-10-31T15:09:52+00:00","article_modified_time":"2023-10-31T15:31:52+00:00","og_image":[{"url":"https:\/\/hoyre.no\/content\/uploads\/sites\/324\/2020\/11\/img_2551_16x9-1024x577.jpg","width":"","height":"","type":""}],"author":"Hjalti Heimir Gislason","twitter_card":"summary_large_image","twitter_misc":{"Written by":"Hjalti Heimir Gislason","Est. reading time":"6 minutt"},"schema":{"@context":"https:\/\/schema.org","@graph":[{"@type":"NewsArticle","@id":"https:\/\/hoyre.no\/osteroy\/aktuelt\/refleksjonar-etter-valet-og-forhandlingane\/","url":"https:\/\/hoyre.no\/osteroy\/aktuelt\/refleksjonar-etter-valet-og-forhandlingane\/","name":"Refleksjonar etter valet og forhandlingane - Oster\u00f8y H\u00f8gre","isPartOf":{"@id":"https:\/\/hoyre.no\/osteroy\/#website"},"datePublished":"2023-10-31T15:09:52+00:00","dateModified":"2023-10-31T15:31:52+00:00","author":{"@id":"https:\/\/hoyre.no\/osteroy\/#\/schema\/person\/4f1d9fc14c1fc771e645912a069ed50d"},"breadcrumb":{"@id":"https:\/\/hoyre.no\/osteroy\/aktuelt\/refleksjonar-etter-valet-og-forhandlingane\/#breadcrumb"},"inLanguage":"nn-NO","potentialAction":[{"@type":"ReadAction","target":["https:\/\/hoyre.no\/osteroy\/aktuelt\/refleksjonar-etter-valet-og-forhandlingane\/"]}]},{"@type":"BreadcrumbList","@id":"https:\/\/hoyre.no\/osteroy\/aktuelt\/refleksjonar-etter-valet-og-forhandlingane\/#breadcrumb","itemListElement":[{"@type":"ListItem","position":1,"name":"Til hoyre.no","item":"https:\/\/hoyre.no"},{"@type":"ListItem","position":2,"name":"Hjem","item":"https:\/\/hoyre.no\/osteroy\/"},{"@type":"ListItem","position":3,"name":"Refleksjonar etter valet og forhandlingane"}]},{"@type":"WebSite","@id":"https:\/\/hoyre.no\/osteroy\/#website","url":"https:\/\/hoyre.no\/osteroy\/","name":"Oster\u00f8y H\u00f8gre","description":"Bare enda et H\u00f8yres nettsteder-nettsted","inLanguage":"nn-NO"},{"@type":"Person","@id":"https:\/\/hoyre.no\/osteroy\/#\/schema\/person\/4f1d9fc14c1fc771e645912a069ed50d","name":"Hjalti Heimir Gislason","image":{"@type":"ImageObject","inLanguage":"nn-NO","@id":"https:\/\/hoyre.no\/osteroy\/#\/schema\/person\/image\/","url":"https:\/\/secure.gravatar.com\/avatar\/d313028f623995d12c748b6176e07852322284ee77fe32bf4e3d3bb0814eb960?s=96&d=mm&r=g","contentUrl":"https:\/\/secure.gravatar.com\/avatar\/d313028f623995d12c748b6176e07852322284ee77fe32bf4e3d3bb0814eb960?s=96&d=mm&r=g","caption":"Hjalti Heimir Gislason"},"url":"https:\/\/hoyre.no\/osteroy\/aktuelt\/author\/m51509362\/"}]}},"distributor_meta":false,"distributor_terms":false,"distributor_media":false,"distributor_original_site_name":"Oster\u00f8y H\u00f8gre","distributor_original_site_url":"https:\/\/hoyre.no\/osteroy","push-errors":false,"_links":{"self":[{"href":"https:\/\/hoyre.no\/osteroy\/wp-json\/wp\/v2\/posts\/149","targetHints":{"allow":["GET"]}}],"collection":[{"href":"https:\/\/hoyre.no\/osteroy\/wp-json\/wp\/v2\/posts"}],"about":[{"href":"https:\/\/hoyre.no\/osteroy\/wp-json\/wp\/v2\/types\/post"}],"author":[{"embeddable":true,"href":"https:\/\/hoyre.no\/osteroy\/wp-json\/wp\/v2\/users\/27738"}],"replies":[{"embeddable":true,"href":"https:\/\/hoyre.no\/osteroy\/wp-json\/wp\/v2\/comments?post=149"}],"version-history":[{"count":4,"href":"https:\/\/hoyre.no\/osteroy\/wp-json\/wp\/v2\/posts\/149\/revisions"}],"predecessor-version":[{"id":162,"href":"https:\/\/hoyre.no\/osteroy\/wp-json\/wp\/v2\/posts\/149\/revisions\/162"}],"wp:attachment":[{"href":"https:\/\/hoyre.no\/osteroy\/wp-json\/wp\/v2\/media?parent=149"}],"wp:term":[{"taxonomy":"category","embeddable":true,"href":"https:\/\/hoyre.no\/osteroy\/wp-json\/wp\/v2\/category?post=149"},{"taxonomy":"post_tag","embeddable":true,"href":"https:\/\/hoyre.no\/osteroy\/wp-json\/wp\/v2\/post_tag?post=149"},{"taxonomy":"hoyre-visibility","embeddable":true,"href":"https:\/\/hoyre.no\/osteroy\/wp-json\/wp\/v2\/hoyre-visibility?post=149"},{"taxonomy":"article-type","embeddable":true,"href":"https:\/\/hoyre.no\/osteroy\/wp-json\/wp\/v2\/article-type?post=149"},{"taxonomy":"politician","embeddable":true,"href":"https:\/\/hoyre.no\/osteroy\/wp-json\/wp\/v2\/politician?post=149"}],"curies":[{"name":"wp","href":"https:\/\/api.w.org\/{rel}","templated":true}]}}