{"id":15,"date":"2016-02-11T21:00:00","date_gmt":"2016-02-11T20:00:00","guid":{"rendered":"https:\/\/hoyre.no\/osteroy\/aktuelt\/aarsmote\/"},"modified":"2016-02-11T21:00:00","modified_gmt":"2016-02-11T20:00:00","slug":"aarsmote","status":"publish","type":"post","link":"https:\/\/hoyre.no\/osteroy\/aktuelt\/aarsmote\/","title":{"rendered":"Resolusjon ved \u00e5rsm\u00f8tet i Oster\u00f8y H\u00f8gre"},"content":{"rendered":"<p class=\"preamble\">\u00e5rsm\u00f8te i Oster\u00f8y H\u00f8gre vart halde i r\u00e5dhuskantina torsdag 11. februar kl. 19.00-22.00<\/p>\t\t\t<div class=\"post-meta wp-block teft-byline-wrapper\">\n\t\t\t\t<div class=\"top\">\n\t\t\t\t\t<div class=\"signature\">\n\t\t\t\t\t\t<div class=\"teft-byline\">\n\t\t\t\t\t\t\t\t\t\t\t\t\t\t<div>\n\t\t\t\t\t\t\t\t<h3>H\u00f8yres redaksjon<\/h3>\t\t\t\t\t\t\t\t\n\t\t\t\t\t\t\t\t\t\t\t\t\t\t\t\t\t<span class=\"date\">Sist oppdatert: 11. februar 2016<\/span>\n\t\t\t\t\t\t\t\t\t\t\t\t\t\t\t\t\t\t\t\t\t\t\t\t\t<span class=\"reading-time\" itemprop=\"timeRequired\" content=\"PT1M\"><em>Ca. 1 minutter lesetid<\/em><\/span>\n\t\t\t\t\t\t\t\t\t\t\t\t\t\t\t<\/div>\n\t\t\t\t\t\t<\/div>\n\t\t\t\t\t<\/div>\n\t\t\t\t\t\t<div class=\"sharing\">\n\t\t<a class=\"share-button share-link copy-link\" data-copy=\"https:\/\/hoyre.no\/osteroy\/aktuelt\/aarsmote\/\" target=\"_blank\"><span class=\"screen-reader-text\">Del link<\/span><\/a>\n\t\t<a class=\"share-button share-twitter\" href=\"http:\/\/twitter.com\/share?text=Resolusjon ved \u00e5rsm\u00f8tet i Oster\u00f8y H\u00f8gre&#038;url=https:\/\/hoyre.no\/osteroy\/aktuelt\/aarsmote\/&#038;hashtags=Hoyre\" target=\"_blank\"><span class=\"screen-reader-text\">Del p\u00e5 twitter<\/span><\/a>\n\t\t<a class=\"share-button share-facebook\" href=\"https:\/\/www.facebook.com\/sharer\/sharer.php?u=https:\/\/hoyre.no\/osteroy\/aktuelt\/aarsmote\/\" target=\"_blank\"><span class=\"screen-reader-text\">Del p\u00e5 facebook<\/span><\/a>\n\t<\/div>\n\t\t\t\t\t<\/div>\n\t\t\t<\/div>\n\n\t\t\t<figure class=\"hoyre-image-wrapper\"><div class=\"hoyre-image\"><img loading=\"lazy\" decoding=\"async\" width=\"566\" height=\"319\" src=\"https:\/\/hoyre.no\/content\/uploads\/sites\/324\/2020\/11\/osteroynjaastadfs.jpg\" class=\"attachment-scaled size-scaled\" alt=\"\" style=\"object-position: 50% 50%\" srcset=\"https:\/\/hoyre.no\/content\/uploads\/sites\/324\/2020\/11\/osteroynjaastadfs.jpg 566w, https:\/\/hoyre.no\/content\/uploads\/sites\/324\/2020\/11\/osteroynjaastadfs-300x169.jpg 300w\" sizes=\"auto, (max-width: 566px) 100vw, 566px\" \/><\/div><\/figure><div id=\"hoyre-old-article-content-wrapper\"><p>Oster\u00f8y H\u00f8gre er uroa over at prosessen knytt til kommunereforma har g\u00e5tt seint i v\u00e5r kommune, og at det no er knapt med tid f\u00f8r det skal gjerast endeleg vedtak. Dette stiller sv\u00e6rt h\u00f8ge krav til utgreiinga, og til det \u00e5 f\u00e5 innbyggjarane involvert og opplyst.<\/p><p>St\u00f8rre og fleire oppg\u00e5ver gjer at vi meiner at Oster\u00f8y kommune b\u00f8r bli del av ei st\u00f8rre eining. Oster\u00f8y H\u00f8gre har tidleg signalisert at vi er positive til kommunereforma, og at det einaste reelle alternativet til \u00e5 halde fram som eigen kommune, er \u00e5 bli del av ein ny kommune saman med Bergen, men ikkje utan at den nye kommunen opnar for ei form for lokalstyre i bydelane.<\/p><p>Vi meiner at kommunereforma kan for Bergen kommune vere ei demokratireform, der ein kan f\u00e5 p\u00e5 plass bydelsstyrer etter modell av Oslo, med b\u00e5de budsjett og vedtaksmynde i ein del saker.<\/p><p>Eit bydelsstyre for Oster\u00f8y og Arna &#8211; og eventuelt Vaksdal &#8211; kan bidra til ei positiv og meir heilskapleg utvikling for Bergen Aust. Vi trur at kommunereforma p\u00e5 sikt kan bidra til at denne delen av Bergensregionen vert meir synleg og trur at ein del av l\u00f8ysinga p\u00e5 dei utfordringane som Bergensregionen har n\u00e5r det gjeld vekst, ligg nettopp hos oss. Utviklinga m\u00e5 skje p\u00e5 premiss som ivaretek v\u00e5r lokale identitet og kultur.<\/p><p><\/p><\/div>\n<div class=\"tags\">\n\t<\/div>\n<div class=\"post-footer alignfull has-background block-editor-block-list__block\" data-align=full>\n\t<div class=\"post-footer-inner\">\n\t\t<h3>Relaterte artikler<\/h3>\n\t\t<div class=\"related-content\"><div class=\"is-card-hoyre\">\n\t<div class=\"teft-card hoyre-teft-card post-teft-card\">\n\t\t<a href=\"https:\/\/hoyre.no\/osteroy\/aktuelt\/konstituerande-mote\/\" class=\"teft-card__primary-action\">\n\n\t\t\t\t\t<div class=\"teft-card__media teft-card__media--16-9\">\n\t\t\t\t\t\t<img loading=\"lazy\" decoding=\"async\" width=\"768\" height=\"503\" src=\"https:\/\/hoyre.no\/content\/uploads\/sites\/324\/2023\/10\/alle-talarstol-768x503.jpg\" class=\"attachment-medium_large size-medium_large\" alt=\"\" srcset=\"https:\/\/hoyre.no\/content\/uploads\/sites\/324\/2023\/10\/alle-talarstol-768x503.jpg 768w, https:\/\/hoyre.no\/content\/uploads\/sites\/324\/2023\/10\/alle-talarstol-300x196.jpg 300w, https:\/\/hoyre.no\/content\/uploads\/sites\/324\/2023\/10\/alle-talarstol-1024x670.jpg 1024w, https:\/\/hoyre.no\/content\/uploads\/sites\/324\/2023\/10\/alle-talarstol-1536x1005.jpg 1536w, https:\/\/hoyre.no\/content\/uploads\/sites\/324\/2023\/10\/alle-talarstol-2048x1340.jpg 2048w\" sizes=\"auto, (max-width: 768px) 100vw, 768px\" \/>\t\t<\/div>\n\t\t\n\t\t\t<div class=\"teft-card__content-wrapper\">\n\t\t\t\t<div class=\"teft-card__secondary\">\n\t\t\t\t\t\n\t\t\t\t\t\t\t\t<div class=\"teft-card__meta\">\n\t\t\t\t\t\t\t\t\t<span class=\"post-date\">31. okt 2023<\/span>\n\n\t\t\t\t\t\t\t\t\t<span class=\"post-category\">Oster\u00f8y<\/span>\t\t\t\t\t\t\t\t<\/div>\n\t\t\t\t\t\t\t\t\t\t\t<\/div>\n\n\t\t\t\t<div class=\"teft-card__primary\">\n\t\t\t\t\t<h2 class=\"teft-card__title\">Konstituerande m\u00f8te i Oster\u00f8y heradsstyre&nbsp;<span class=\"teft-card__primary-title-append\"><\/span><\/h2>\t\t\t\t<\/div>\n\t\t\t<\/div>\n\t\t<\/a>\n\t<\/div>\n\n\t<\/div><div class=\"is-card-hoyre\">\n\t<div class=\"teft-card hoyre-teft-card post-teft-card\">\n\t\t<a href=\"https:\/\/hoyre.no\/osteroy\/aktuelt\/refleksjonar-etter-valet-og-forhandlingane\/\" class=\"teft-card__primary-action\">\n\n\t\t\t\t\t<div class=\"teft-card__media teft-card__media--16-9\">\n\t\t\t\t\t\t<img loading=\"lazy\" decoding=\"async\" width=\"768\" height=\"958\" src=\"https:\/\/hoyre.no\/content\/uploads\/sites\/324\/2023\/10\/valkamp-2023-768x958.jpg\" class=\"attachment-medium_large size-medium_large\" alt=\"\" srcset=\"https:\/\/hoyre.no\/content\/uploads\/sites\/324\/2023\/10\/valkamp-2023-768x958.jpg 768w, https:\/\/hoyre.no\/content\/uploads\/sites\/324\/2023\/10\/valkamp-2023-240x300.jpg 240w, https:\/\/hoyre.no\/content\/uploads\/sites\/324\/2023\/10\/valkamp-2023-821x1024.jpg 821w, https:\/\/hoyre.no\/content\/uploads\/sites\/324\/2023\/10\/valkamp-2023.jpg 1210w\" sizes=\"auto, (max-width: 768px) 100vw, 768px\" \/>\t\t<\/div>\n\t\t\n\t\t\t<div class=\"teft-card__content-wrapper\">\n\t\t\t\t<div class=\"teft-card__secondary\">\n\t\t\t\t\t\n\t\t\t\t\t\t\t\t<div class=\"teft-card__meta\">\n\t\t\t\t\t\t\t\t\t<span class=\"post-date\">31. okt 2023<\/span>\n\n\t\t\t\t\t\t\t\t\t<span class=\"post-category\">Oster\u00f8y<\/span>\t\t\t\t\t\t\t\t<\/div>\n\t\t\t\t\t\t\t\t\t\t\t<\/div>\n\n\t\t\t\t<div class=\"teft-card__primary\">\n\t\t\t\t\t<h2 class=\"teft-card__title\">Refleksjonar etter valet og forhandlingane&nbsp;<span class=\"teft-card__primary-title-append\"><\/span><\/h2>\t\t\t\t<\/div>\n\t\t\t<\/div>\n\t\t<\/a>\n\t<\/div>\n\n\t<\/div><div class=\"is-card-hoyre\">\n\t<div class=\"teft-card hoyre-teft-card post-teft-card\">\n\t\t<a href=\"https:\/\/hoyre.no\/osteroy\/aktuelt\/omkamp-igjen\/\" class=\"teft-card__primary-action\">\n\n\t\t\t\t\t<div class=\"teft-card__media teft-card__media--16-9\">\n\t\t\t\t\t\t<img loading=\"lazy\" decoding=\"async\" width=\"768\" height=\"576\" src=\"https:\/\/hoyre.no\/content\/uploads\/sites\/324\/2021\/04\/IMG_2973-768x576.jpg\" class=\"attachment-medium_large size-medium_large\" alt=\"\" srcset=\"https:\/\/hoyre.no\/content\/uploads\/sites\/324\/2021\/04\/IMG_2973-768x576.jpg 768w, https:\/\/hoyre.no\/content\/uploads\/sites\/324\/2021\/04\/IMG_2973-300x225.jpg 300w, https:\/\/hoyre.no\/content\/uploads\/sites\/324\/2021\/04\/IMG_2973-1024x768.jpg 1024w, https:\/\/hoyre.no\/content\/uploads\/sites\/324\/2021\/04\/IMG_2973-1536x1152.jpg 1536w, https:\/\/hoyre.no\/content\/uploads\/sites\/324\/2021\/04\/IMG_2973-2048x1536.jpg 2048w\" sizes=\"auto, (max-width: 768px) 100vw, 768px\" \/>\t\t<\/div>\n\t\t\n\t\t\t<div class=\"teft-card__content-wrapper\">\n\t\t\t\t<div class=\"teft-card__secondary\">\n\t\t\t\t\t\n\t\t\t\t\t\t\t\t<div class=\"teft-card__meta\">\n\t\t\t\t\t\t\t\t\t<span class=\"post-date\">14. apr 2021<\/span>\n\n\t\t\t\t\t\t\t\t\t\t\t\t\t\t\t\t\t<\/div>\n\t\t\t\t\t\t\t\t\t\t\t<\/div>\n\n\t\t\t\t<div class=\"teft-card__primary\">\n\t\t\t\t\t<h2 class=\"teft-card__title\">Omkamp&#8230; igjen&nbsp;<span class=\"teft-card__primary-title-append\"><\/span><\/h2>\t\t\t\t<\/div>\n\t\t\t<\/div>\n\t\t<\/a>\n\t<\/div>\n\n\t<\/div><\/div>\t<\/div>\n<\/div>\n","protected":false},"excerpt":{"rendered":"","protected":false},"author":0,"featured_media":0,"comment_status":"closed","ping_status":"closed","sticky":false,"template":"","format":"standard","meta":{"teft_cards_image_url":"https:\/\/hoyre.no\/content\/uploads\/sites\/324\/2020\/11\/osteroynjaastadfs.jpg","teft_cards_custom_pretitle":"","teft_cards_image_id":14,"teft_cards_image_focal_point_x":0,"teft_cards_image_focal_point_y":0,"teft_cards_title":"","teft_cards_excerpt":"","teft_show_chapters":false,"author_display_name":"Styret i Oster\u00f8y H\u00f8gre","footnotes":""},"category":[1],"post_tag":[],"hoyre-visibility":[],"article-type":[],"politician":[],"class_list":["post-15","post","type-post","status-publish","format-standard","hentry","category-ukategorisert"],"yoast_head":"<!-- This site is optimized with the Yoast SEO plugin v26.6 - https:\/\/yoast.com\/wordpress\/plugins\/seo\/ -->\n<title>Resolusjon ved \u00e5rsm\u00f8tet i Oster\u00f8y H\u00f8gre - Oster\u00f8y H\u00f8gre<\/title>\n<meta name=\"robots\" content=\"index, follow, max-snippet:-1, max-image-preview:large, max-video-preview:-1\" \/>\n<link rel=\"canonical\" href=\"https:\/\/hoyre.no\/osteroy\/aktuelt\/aarsmote\/\" \/>\n<meta property=\"og:locale\" content=\"nn_NO\" \/>\n<meta property=\"og:type\" content=\"article\" \/>\n<meta property=\"og:title\" content=\"Resolusjon ved \u00e5rsm\u00f8tet i Oster\u00f8y H\u00f8gre - Oster\u00f8y H\u00f8gre\" \/>\n<meta property=\"og:url\" content=\"https:\/\/hoyre.no\/osteroy\/aktuelt\/aarsmote\/\" \/>\n<meta property=\"og:site_name\" content=\"Oster\u00f8y H\u00f8gre\" \/>\n<meta property=\"article:published_time\" content=\"2016-02-11T20:00:00+00:00\" \/>\n<meta property=\"og:image\" content=\"https:\/\/hoyre.no\/content\/uploads\/sites\/324\/2021\/04\/IMG_2973-1024x768.jpg\" \/>\n<meta name=\"twitter:card\" content=\"summary_large_image\" \/>\n<meta name=\"twitter:label1\" content=\"Est. reading time\" \/>\n\t<meta name=\"twitter:data1\" content=\"1 minutt\" \/>\n<script type=\"application\/ld+json\" class=\"yoast-schema-graph\">{\"@context\":\"https:\/\/schema.org\",\"@graph\":[{\"@type\":\"NewsArticle\",\"@id\":\"https:\/\/hoyre.no\/osteroy\/aktuelt\/aarsmote\/\",\"url\":\"https:\/\/hoyre.no\/osteroy\/aktuelt\/aarsmote\/\",\"name\":\"Resolusjon ved \u00e5rsm\u00f8tet i Oster\u00f8y H\u00f8gre - Oster\u00f8y H\u00f8gre\",\"isPartOf\":{\"@id\":\"https:\/\/hoyre.no\/osteroy\/#website\"},\"datePublished\":\"2016-02-11T20:00:00+00:00\",\"author\":{\"@id\":\"\"},\"breadcrumb\":{\"@id\":\"https:\/\/hoyre.no\/osteroy\/aktuelt\/aarsmote\/#breadcrumb\"},\"inLanguage\":\"nn-NO\",\"potentialAction\":[{\"@type\":\"ReadAction\",\"target\":[\"https:\/\/hoyre.no\/osteroy\/aktuelt\/aarsmote\/\"]}]},{\"@type\":\"BreadcrumbList\",\"@id\":\"https:\/\/hoyre.no\/osteroy\/aktuelt\/aarsmote\/#breadcrumb\",\"itemListElement\":[{\"@type\":\"ListItem\",\"position\":1,\"name\":\"Til hoyre.no\",\"item\":\"https:\/\/hoyre.no\"},{\"@type\":\"ListItem\",\"position\":2,\"name\":\"Hjem\",\"item\":\"https:\/\/hoyre.no\/osteroy\/\"},{\"@type\":\"ListItem\",\"position\":3,\"name\":\"Resolusjon ved \u00e5rsm\u00f8tet i Oster\u00f8y H\u00f8gre\"}]},{\"@type\":\"WebSite\",\"@id\":\"https:\/\/hoyre.no\/osteroy\/#website\",\"url\":\"https:\/\/hoyre.no\/osteroy\/\",\"name\":\"Oster\u00f8y H\u00f8gre\",\"description\":\"Bare enda et H\u00f8yres nettsteder-nettsted\",\"inLanguage\":\"nn-NO\"}]}<\/script>\n<!-- \/ Yoast SEO plugin. -->","yoast_head_json":{"title":"Resolusjon ved \u00e5rsm\u00f8tet i Oster\u00f8y H\u00f8gre - Oster\u00f8y H\u00f8gre","robots":{"index":"index","follow":"follow","max-snippet":"max-snippet:-1","max-image-preview":"max-image-preview:large","max-video-preview":"max-video-preview:-1"},"canonical":"https:\/\/hoyre.no\/osteroy\/aktuelt\/aarsmote\/","og_locale":"nn_NO","og_type":"article","og_title":"Resolusjon ved \u00e5rsm\u00f8tet i Oster\u00f8y H\u00f8gre - Oster\u00f8y H\u00f8gre","og_url":"https:\/\/hoyre.no\/osteroy\/aktuelt\/aarsmote\/","og_site_name":"Oster\u00f8y H\u00f8gre","article_published_time":"2016-02-11T20:00:00+00:00","og_image":[{"url":"https:\/\/hoyre.no\/content\/uploads\/sites\/324\/2021\/04\/IMG_2973-1024x768.jpg","width":"","height":"","type":""}],"twitter_card":"summary_large_image","twitter_misc":{"Est. reading time":"1 minutt"},"schema":{"@context":"https:\/\/schema.org","@graph":[{"@type":"NewsArticle","@id":"https:\/\/hoyre.no\/osteroy\/aktuelt\/aarsmote\/","url":"https:\/\/hoyre.no\/osteroy\/aktuelt\/aarsmote\/","name":"Resolusjon ved \u00e5rsm\u00f8tet i Oster\u00f8y H\u00f8gre - Oster\u00f8y H\u00f8gre","isPartOf":{"@id":"https:\/\/hoyre.no\/osteroy\/#website"},"datePublished":"2016-02-11T20:00:00+00:00","author":{"@id":""},"breadcrumb":{"@id":"https:\/\/hoyre.no\/osteroy\/aktuelt\/aarsmote\/#breadcrumb"},"inLanguage":"nn-NO","potentialAction":[{"@type":"ReadAction","target":["https:\/\/hoyre.no\/osteroy\/aktuelt\/aarsmote\/"]}]},{"@type":"BreadcrumbList","@id":"https:\/\/hoyre.no\/osteroy\/aktuelt\/aarsmote\/#breadcrumb","itemListElement":[{"@type":"ListItem","position":1,"name":"Til hoyre.no","item":"https:\/\/hoyre.no"},{"@type":"ListItem","position":2,"name":"Hjem","item":"https:\/\/hoyre.no\/osteroy\/"},{"@type":"ListItem","position":3,"name":"Resolusjon ved \u00e5rsm\u00f8tet i Oster\u00f8y H\u00f8gre"}]},{"@type":"WebSite","@id":"https:\/\/hoyre.no\/osteroy\/#website","url":"https:\/\/hoyre.no\/osteroy\/","name":"Oster\u00f8y H\u00f8gre","description":"Bare enda et H\u00f8yres nettsteder-nettsted","inLanguage":"nn-NO"}]}},"distributor_meta":false,"distributor_terms":false,"distributor_media":false,"distributor_original_site_name":"Oster\u00f8y H\u00f8gre","distributor_original_site_url":"https:\/\/hoyre.no\/osteroy","push-errors":false,"_links":{"self":[{"href":"https:\/\/hoyre.no\/osteroy\/wp-json\/wp\/v2\/posts\/15","targetHints":{"allow":["GET"]}}],"collection":[{"href":"https:\/\/hoyre.no\/osteroy\/wp-json\/wp\/v2\/posts"}],"about":[{"href":"https:\/\/hoyre.no\/osteroy\/wp-json\/wp\/v2\/types\/post"}],"replies":[{"embeddable":true,"href":"https:\/\/hoyre.no\/osteroy\/wp-json\/wp\/v2\/comments?post=15"}],"version-history":[{"count":0,"href":"https:\/\/hoyre.no\/osteroy\/wp-json\/wp\/v2\/posts\/15\/revisions"}],"wp:attachment":[{"href":"https:\/\/hoyre.no\/osteroy\/wp-json\/wp\/v2\/media?parent=15"}],"wp:term":[{"taxonomy":"category","embeddable":true,"href":"https:\/\/hoyre.no\/osteroy\/wp-json\/wp\/v2\/category?post=15"},{"taxonomy":"post_tag","embeddable":true,"href":"https:\/\/hoyre.no\/osteroy\/wp-json\/wp\/v2\/post_tag?post=15"},{"taxonomy":"hoyre-visibility","embeddable":true,"href":"https:\/\/hoyre.no\/osteroy\/wp-json\/wp\/v2\/hoyre-visibility?post=15"},{"taxonomy":"article-type","embeddable":true,"href":"https:\/\/hoyre.no\/osteroy\/wp-json\/wp\/v2\/article-type?post=15"},{"taxonomy":"politician","embeddable":true,"href":"https:\/\/hoyre.no\/osteroy\/wp-json\/wp\/v2\/politician?post=15"}],"curies":[{"name":"wp","href":"https:\/\/api.w.org\/{rel}","templated":true}]}}