{"id":19,"date":"2019-06-24T22:00:00","date_gmt":"2019-06-24T20:00:00","guid":{"rendered":"https:\/\/hoyre.no\/osteroy\/aktuelt\/kva_er_no_so_gale_med_bompengar\/"},"modified":"2019-06-24T22:00:00","modified_gmt":"2019-06-24T20:00:00","slug":"kva_er_no_so_gale_med_bompengar","status":"publish","type":"post","link":"https:\/\/hoyre.no\/osteroy\/aktuelt\/kva_er_no_so_gale_med_bompengar\/","title":{"rendered":"Kva er no so gale med bompengar?"},"content":{"rendered":"<p class=\"preamble\">Bompengar og klima er n\u00f8kkelord som dominerar den politiske debatten for tida, og desse tinga heng tett saman, sj\u00f8lv om det ikkje alltid verkar slik.<\/p>\t\t\t<div class=\"post-meta wp-block teft-byline-wrapper\">\n\t\t\t\t<div class=\"top\">\n\t\t\t\t\t<div class=\"signature\">\n\t\t\t\t\t\t<div class=\"teft-byline\">\n\t\t\t\t\t\t\t\t\t\t\t\t\t\t<div>\n\t\t\t\t\t\t\t\t<h3>H\u00f8yres redaksjon<\/h3>\t\t\t\t\t\t\t\t\n\t\t\t\t\t\t\t\t\t\t\t\t\t\t\t\t\t<span class=\"date\">Sist oppdatert: 24. juni 2019<\/span>\n\t\t\t\t\t\t\t\t\t\t\t\t\t\t\t\t\t\t\t\t\t\t\t\t\t<span class=\"reading-time\" itemprop=\"timeRequired\" content=\"PT2M\"><em>Ca. 2 minutter lesetid<\/em><\/span>\n\t\t\t\t\t\t\t\t\t\t\t\t\t\t\t<\/div>\n\t\t\t\t\t\t<\/div>\n\t\t\t\t\t<\/div>\n\t\t\t\t\t\t<div class=\"sharing\">\n\t\t<a class=\"share-button share-link copy-link\" data-copy=\"https:\/\/hoyre.no\/osteroy\/aktuelt\/kva_er_no_so_gale_med_bompengar\/\" target=\"_blank\"><span class=\"screen-reader-text\">Del link<\/span><\/a>\n\t\t<a class=\"share-button share-twitter\" href=\"http:\/\/twitter.com\/share?text=Kva er no so gale med bompengar?&#038;url=https:\/\/hoyre.no\/osteroy\/aktuelt\/kva_er_no_so_gale_med_bompengar\/&#038;hashtags=Hoyre\" target=\"_blank\"><span class=\"screen-reader-text\">Del p\u00e5 twitter<\/span><\/a>\n\t\t<a class=\"share-button share-facebook\" href=\"https:\/\/www.facebook.com\/sharer\/sharer.php?u=https:\/\/hoyre.no\/osteroy\/aktuelt\/kva_er_no_so_gale_med_bompengar\/\" target=\"_blank\"><span class=\"screen-reader-text\">Del p\u00e5 facebook<\/span><\/a>\n\t<\/div>\n\t\t\t\t\t<\/div>\n\t\t\t<\/div>\n\n\t\t\t<figure class=\"hoyre-image-wrapper\"><div class=\"hoyre-image\"><img loading=\"lazy\" decoding=\"async\" width=\"2560\" height=\"1920\" src=\"https:\/\/hoyre.no\/content\/uploads\/sites\/324\/2020\/11\/img_2636-scaled.jpg\" class=\"attachment-scaled size-scaled\" alt=\"\" style=\"object-position: 50% 50%\" srcset=\"https:\/\/hoyre.no\/content\/uploads\/sites\/324\/2020\/11\/img_2636-scaled.jpg 2560w, https:\/\/hoyre.no\/content\/uploads\/sites\/324\/2020\/11\/img_2636-300x225.jpg 300w, https:\/\/hoyre.no\/content\/uploads\/sites\/324\/2020\/11\/img_2636-1024x768.jpg 1024w, https:\/\/hoyre.no\/content\/uploads\/sites\/324\/2020\/11\/img_2636-768x576.jpg 768w, https:\/\/hoyre.no\/content\/uploads\/sites\/324\/2020\/11\/img_2636-1536x1152.jpg 1536w, https:\/\/hoyre.no\/content\/uploads\/sites\/324\/2020\/11\/img_2636-2048x1536.jpg 2048w\" sizes=\"auto, (max-width: 2560px) 100vw, 2560px\" \/><\/div><\/figure><div id=\"hoyre-old-article-content-wrapper\"><p>For det f\u00f8rste, om ein droppar bompengar kan det ha tre konsekvensar. Enten m\u00e5 me byggja mindre vegar, kutta i andre offentlege tiltak (som allereie har vorte vedtekne), eller s\u00e5 m\u00e5 alle i heile Noreg betala gjennom skattesetelen. Det siste er slett ikkje meir rettferdig enn bompengar sidan d\u00e5 m\u00e5 alle betala, enten dei nyttar bil eller ikkje, og enten dei bur her eller i Finnmark. <\/p><p>For det andre, bompengar og klima heng saman sidan n\u00e5r det vert dyrare \u00e5 k\u00f8yra s\u00e5 m\u00e5 vi som k\u00f8yrer ta meir omsyn til kva belastning utsleppa fr\u00e5 bilane har p\u00e5 klimaet. I tillegg s\u00e5 flyttar det trafikk fr\u00e5 vegar og over til kollektivtransport, i allefall i byane. Redusert biltrafikk gjev oss dessutan b\u00e5de betre plass p\u00e5 vegane n\u00e5r vi verkeleg treng dei, samt verkar til \u00e5 redusera behovet for veginvesteringar.<\/p><p>Bompengeordninga rammar likevel sv\u00e6rt skeivt innan transportn\u00e6ringa. Her er det stor konkurranse og sm\u00e5 marginar. Den har ikkje andre alternativ enn \u00e5 bruka eigne lastebilar og m\u00e5 passera bomstasjonane til langt h\u00f8gare pris enn ordin\u00e6re pendlarar. Der bompengane gjer at marginane vert for sm\u00e5, kan og vil ikkje Oster\u00f8y-bedriftene lengre ta del i anbod. Dette b\u00e5de stoggar mogleg vekst i v\u00e5r kommune, hindrar oppretting av nye arbeidsplassar, og vert konkurranse-hindrande i marknaden p\u00e5 \u00abfeil\u00bb side av bompengeringen. For transportn\u00e6ringa &#8211; som naturleg nok ikkje kan ta i bruk kollektivtransport &#8211; trengs det \u00e5 finnast tak p\u00e5 kor mykje kvart kj\u00f8ret\u00f8y skal bidra med til spleiselaget.<\/p><p>Vi andre som kan tilpassa oss b\u00f8r b\u00e5de gje nyttetrafikken meir plass og ha respekt for klimakrisa med \u00e5 reisa kollektivt n\u00e5r vi kan.<\/p><\/div>\n<div class=\"tags\">\n\t<\/div>\n<div class=\"post-footer alignfull has-background block-editor-block-list__block\" data-align=full>\n\t<div class=\"post-footer-inner\">\n\t\t<h3>Relaterte artikler<\/h3>\n\t\t<div class=\"related-content\"><div class=\"is-card-hoyre\">\n\t<div class=\"teft-card hoyre-teft-card post-teft-card\">\n\t\t<a href=\"https:\/\/hoyre.no\/osteroy\/aktuelt\/konstituerande-mote\/\" class=\"teft-card__primary-action\">\n\n\t\t\t\t\t<div class=\"teft-card__media teft-card__media--16-9\">\n\t\t\t\t\t\t<img loading=\"lazy\" decoding=\"async\" width=\"768\" height=\"503\" src=\"https:\/\/hoyre.no\/content\/uploads\/sites\/324\/2023\/10\/alle-talarstol-768x503.jpg\" class=\"attachment-medium_large size-medium_large\" alt=\"\" srcset=\"https:\/\/hoyre.no\/content\/uploads\/sites\/324\/2023\/10\/alle-talarstol-768x503.jpg 768w, https:\/\/hoyre.no\/content\/uploads\/sites\/324\/2023\/10\/alle-talarstol-300x196.jpg 300w, https:\/\/hoyre.no\/content\/uploads\/sites\/324\/2023\/10\/alle-talarstol-1024x670.jpg 1024w, https:\/\/hoyre.no\/content\/uploads\/sites\/324\/2023\/10\/alle-talarstol-1536x1005.jpg 1536w, https:\/\/hoyre.no\/content\/uploads\/sites\/324\/2023\/10\/alle-talarstol-2048x1340.jpg 2048w\" sizes=\"auto, (max-width: 768px) 100vw, 768px\" \/>\t\t<\/div>\n\t\t\n\t\t\t<div class=\"teft-card__content-wrapper\">\n\t\t\t\t<div class=\"teft-card__secondary\">\n\t\t\t\t\t\n\t\t\t\t\t\t\t\t<div class=\"teft-card__meta\">\n\t\t\t\t\t\t\t\t\t<span class=\"post-date\">31. okt 2023<\/span>\n\n\t\t\t\t\t\t\t\t\t<span class=\"post-category\">Oster\u00f8y<\/span>\t\t\t\t\t\t\t\t<\/div>\n\t\t\t\t\t\t\t\t\t\t\t<\/div>\n\n\t\t\t\t<div class=\"teft-card__primary\">\n\t\t\t\t\t<h2 class=\"teft-card__title\">Konstituerande m\u00f8te i Oster\u00f8y heradsstyre&nbsp;<span class=\"teft-card__primary-title-append\"><\/span><\/h2>\t\t\t\t<\/div>\n\t\t\t<\/div>\n\t\t<\/a>\n\t<\/div>\n\n\t<\/div><div class=\"is-card-hoyre\">\n\t<div class=\"teft-card hoyre-teft-card post-teft-card\">\n\t\t<a href=\"https:\/\/hoyre.no\/osteroy\/aktuelt\/refleksjonar-etter-valet-og-forhandlingane\/\" class=\"teft-card__primary-action\">\n\n\t\t\t\t\t<div class=\"teft-card__media teft-card__media--16-9\">\n\t\t\t\t\t\t<img loading=\"lazy\" decoding=\"async\" width=\"768\" height=\"958\" src=\"https:\/\/hoyre.no\/content\/uploads\/sites\/324\/2023\/10\/valkamp-2023-768x958.jpg\" class=\"attachment-medium_large size-medium_large\" alt=\"\" srcset=\"https:\/\/hoyre.no\/content\/uploads\/sites\/324\/2023\/10\/valkamp-2023-768x958.jpg 768w, https:\/\/hoyre.no\/content\/uploads\/sites\/324\/2023\/10\/valkamp-2023-240x300.jpg 240w, https:\/\/hoyre.no\/content\/uploads\/sites\/324\/2023\/10\/valkamp-2023-821x1024.jpg 821w, https:\/\/hoyre.no\/content\/uploads\/sites\/324\/2023\/10\/valkamp-2023.jpg 1210w\" sizes=\"auto, (max-width: 768px) 100vw, 768px\" \/>\t\t<\/div>\n\t\t\n\t\t\t<div class=\"teft-card__content-wrapper\">\n\t\t\t\t<div class=\"teft-card__secondary\">\n\t\t\t\t\t\n\t\t\t\t\t\t\t\t<div class=\"teft-card__meta\">\n\t\t\t\t\t\t\t\t\t<span class=\"post-date\">31. okt 2023<\/span>\n\n\t\t\t\t\t\t\t\t\t<span class=\"post-category\">Oster\u00f8y<\/span>\t\t\t\t\t\t\t\t<\/div>\n\t\t\t\t\t\t\t\t\t\t\t<\/div>\n\n\t\t\t\t<div class=\"teft-card__primary\">\n\t\t\t\t\t<h2 class=\"teft-card__title\">Refleksjonar etter valet og forhandlingane&nbsp;<span class=\"teft-card__primary-title-append\"><\/span><\/h2>\t\t\t\t<\/div>\n\t\t\t<\/div>\n\t\t<\/a>\n\t<\/div>\n\n\t<\/div><div class=\"is-card-hoyre\">\n\t<div class=\"teft-card hoyre-teft-card post-teft-card\">\n\t\t<a href=\"https:\/\/hoyre.no\/osteroy\/aktuelt\/omkamp-igjen\/\" class=\"teft-card__primary-action\">\n\n\t\t\t\t\t<div class=\"teft-card__media teft-card__media--16-9\">\n\t\t\t\t\t\t<img loading=\"lazy\" decoding=\"async\" width=\"768\" height=\"576\" src=\"https:\/\/hoyre.no\/content\/uploads\/sites\/324\/2021\/04\/IMG_2973-768x576.jpg\" class=\"attachment-medium_large size-medium_large\" alt=\"\" srcset=\"https:\/\/hoyre.no\/content\/uploads\/sites\/324\/2021\/04\/IMG_2973-768x576.jpg 768w, https:\/\/hoyre.no\/content\/uploads\/sites\/324\/2021\/04\/IMG_2973-300x225.jpg 300w, https:\/\/hoyre.no\/content\/uploads\/sites\/324\/2021\/04\/IMG_2973-1024x768.jpg 1024w, https:\/\/hoyre.no\/content\/uploads\/sites\/324\/2021\/04\/IMG_2973-1536x1152.jpg 1536w, https:\/\/hoyre.no\/content\/uploads\/sites\/324\/2021\/04\/IMG_2973-2048x1536.jpg 2048w\" sizes=\"auto, (max-width: 768px) 100vw, 768px\" \/>\t\t<\/div>\n\t\t\n\t\t\t<div class=\"teft-card__content-wrapper\">\n\t\t\t\t<div class=\"teft-card__secondary\">\n\t\t\t\t\t\n\t\t\t\t\t\t\t\t<div class=\"teft-card__meta\">\n\t\t\t\t\t\t\t\t\t<span class=\"post-date\">14. apr 2021<\/span>\n\n\t\t\t\t\t\t\t\t\t\t\t\t\t\t\t\t\t<\/div>\n\t\t\t\t\t\t\t\t\t\t\t<\/div>\n\n\t\t\t\t<div class=\"teft-card__primary\">\n\t\t\t\t\t<h2 class=\"teft-card__title\">Omkamp&#8230; igjen&nbsp;<span class=\"teft-card__primary-title-append\"><\/span><\/h2>\t\t\t\t<\/div>\n\t\t\t<\/div>\n\t\t<\/a>\n\t<\/div>\n\n\t<\/div><\/div>\t<\/div>\n<\/div>\n","protected":false},"excerpt":{"rendered":"","protected":false},"author":0,"featured_media":0,"comment_status":"closed","ping_status":"closed","sticky":false,"template":"","format":"standard","meta":{"teft_cards_image_url":"https:\/\/hoyre.no\/content\/uploads\/sites\/324\/2020\/11\/img_2636-scaled.jpg","teft_cards_custom_pretitle":"","teft_cards_image_id":18,"teft_cards_image_focal_point_x":0,"teft_cards_image_focal_point_y":0,"teft_cards_title":"","teft_cards_excerpt":"","teft_show_chapters":false,"author_display_name":"Aksel Mj\u00f8s amp; Hjalti H. Gislason","footnotes":""},"category":[1],"post_tag":[],"hoyre-visibility":[],"article-type":[],"politician":[],"class_list":["post-19","post","type-post","status-publish","format-standard","hentry","category-ukategorisert"],"yoast_head":"<!-- This site is optimized with the Yoast SEO plugin v26.6 - https:\/\/yoast.com\/wordpress\/plugins\/seo\/ -->\n<title>Kva er no so gale med bompengar? - Oster\u00f8y H\u00f8gre<\/title>\n<meta name=\"robots\" content=\"index, follow, max-snippet:-1, max-image-preview:large, max-video-preview:-1\" \/>\n<link rel=\"canonical\" href=\"https:\/\/hoyre.no\/osteroy\/aktuelt\/kva_er_no_so_gale_med_bompengar\/\" \/>\n<meta property=\"og:locale\" content=\"nn_NO\" \/>\n<meta property=\"og:type\" content=\"article\" \/>\n<meta property=\"og:title\" content=\"Kva er no so gale med bompengar? - Oster\u00f8y H\u00f8gre\" \/>\n<meta property=\"og:url\" content=\"https:\/\/hoyre.no\/osteroy\/aktuelt\/kva_er_no_so_gale_med_bompengar\/\" \/>\n<meta property=\"og:site_name\" content=\"Oster\u00f8y H\u00f8gre\" \/>\n<meta property=\"article:published_time\" content=\"2019-06-24T20:00:00+00:00\" \/>\n<meta property=\"og:image\" content=\"https:\/\/hoyre.no\/content\/uploads\/sites\/324\/2021\/04\/IMG_2973-1024x768.jpg\" \/>\n<meta name=\"twitter:card\" content=\"summary_large_image\" \/>\n<meta name=\"twitter:label1\" content=\"Est. reading time\" \/>\n\t<meta name=\"twitter:data1\" content=\"2 minutt\" \/>\n<script type=\"application\/ld+json\" class=\"yoast-schema-graph\">{\"@context\":\"https:\/\/schema.org\",\"@graph\":[{\"@type\":\"NewsArticle\",\"@id\":\"https:\/\/hoyre.no\/osteroy\/aktuelt\/kva_er_no_so_gale_med_bompengar\/\",\"url\":\"https:\/\/hoyre.no\/osteroy\/aktuelt\/kva_er_no_so_gale_med_bompengar\/\",\"name\":\"Kva er no so gale med bompengar? - Oster\u00f8y H\u00f8gre\",\"isPartOf\":{\"@id\":\"https:\/\/hoyre.no\/osteroy\/#website\"},\"datePublished\":\"2019-06-24T20:00:00+00:00\",\"author\":{\"@id\":\"\"},\"breadcrumb\":{\"@id\":\"https:\/\/hoyre.no\/osteroy\/aktuelt\/kva_er_no_so_gale_med_bompengar\/#breadcrumb\"},\"inLanguage\":\"nn-NO\",\"potentialAction\":[{\"@type\":\"ReadAction\",\"target\":[\"https:\/\/hoyre.no\/osteroy\/aktuelt\/kva_er_no_so_gale_med_bompengar\/\"]}]},{\"@type\":\"BreadcrumbList\",\"@id\":\"https:\/\/hoyre.no\/osteroy\/aktuelt\/kva_er_no_so_gale_med_bompengar\/#breadcrumb\",\"itemListElement\":[{\"@type\":\"ListItem\",\"position\":1,\"name\":\"Til hoyre.no\",\"item\":\"https:\/\/hoyre.no\"},{\"@type\":\"ListItem\",\"position\":2,\"name\":\"Hjem\",\"item\":\"https:\/\/hoyre.no\/osteroy\/\"},{\"@type\":\"ListItem\",\"position\":3,\"name\":\"Kva er no so gale med bompengar?\"}]},{\"@type\":\"WebSite\",\"@id\":\"https:\/\/hoyre.no\/osteroy\/#website\",\"url\":\"https:\/\/hoyre.no\/osteroy\/\",\"name\":\"Oster\u00f8y H\u00f8gre\",\"description\":\"Bare enda et H\u00f8yres nettsteder-nettsted\",\"inLanguage\":\"nn-NO\"}]}<\/script>\n<!-- \/ Yoast SEO plugin. -->","yoast_head_json":{"title":"Kva er no so gale med bompengar? - Oster\u00f8y H\u00f8gre","robots":{"index":"index","follow":"follow","max-snippet":"max-snippet:-1","max-image-preview":"max-image-preview:large","max-video-preview":"max-video-preview:-1"},"canonical":"https:\/\/hoyre.no\/osteroy\/aktuelt\/kva_er_no_so_gale_med_bompengar\/","og_locale":"nn_NO","og_type":"article","og_title":"Kva er no so gale med bompengar? - Oster\u00f8y H\u00f8gre","og_url":"https:\/\/hoyre.no\/osteroy\/aktuelt\/kva_er_no_so_gale_med_bompengar\/","og_site_name":"Oster\u00f8y H\u00f8gre","article_published_time":"2019-06-24T20:00:00+00:00","og_image":[{"url":"https:\/\/hoyre.no\/content\/uploads\/sites\/324\/2021\/04\/IMG_2973-1024x768.jpg","width":"","height":"","type":""}],"twitter_card":"summary_large_image","twitter_misc":{"Est. reading time":"2 minutt"},"schema":{"@context":"https:\/\/schema.org","@graph":[{"@type":"NewsArticle","@id":"https:\/\/hoyre.no\/osteroy\/aktuelt\/kva_er_no_so_gale_med_bompengar\/","url":"https:\/\/hoyre.no\/osteroy\/aktuelt\/kva_er_no_so_gale_med_bompengar\/","name":"Kva er no so gale med bompengar? - Oster\u00f8y H\u00f8gre","isPartOf":{"@id":"https:\/\/hoyre.no\/osteroy\/#website"},"datePublished":"2019-06-24T20:00:00+00:00","author":{"@id":""},"breadcrumb":{"@id":"https:\/\/hoyre.no\/osteroy\/aktuelt\/kva_er_no_so_gale_med_bompengar\/#breadcrumb"},"inLanguage":"nn-NO","potentialAction":[{"@type":"ReadAction","target":["https:\/\/hoyre.no\/osteroy\/aktuelt\/kva_er_no_so_gale_med_bompengar\/"]}]},{"@type":"BreadcrumbList","@id":"https:\/\/hoyre.no\/osteroy\/aktuelt\/kva_er_no_so_gale_med_bompengar\/#breadcrumb","itemListElement":[{"@type":"ListItem","position":1,"name":"Til hoyre.no","item":"https:\/\/hoyre.no"},{"@type":"ListItem","position":2,"name":"Hjem","item":"https:\/\/hoyre.no\/osteroy\/"},{"@type":"ListItem","position":3,"name":"Kva er no so gale med bompengar?"}]},{"@type":"WebSite","@id":"https:\/\/hoyre.no\/osteroy\/#website","url":"https:\/\/hoyre.no\/osteroy\/","name":"Oster\u00f8y H\u00f8gre","description":"Bare enda et H\u00f8yres nettsteder-nettsted","inLanguage":"nn-NO"}]}},"distributor_meta":false,"distributor_terms":false,"distributor_media":false,"distributor_original_site_name":"Oster\u00f8y H\u00f8gre","distributor_original_site_url":"https:\/\/hoyre.no\/osteroy","push-errors":false,"_links":{"self":[{"href":"https:\/\/hoyre.no\/osteroy\/wp-json\/wp\/v2\/posts\/19","targetHints":{"allow":["GET"]}}],"collection":[{"href":"https:\/\/hoyre.no\/osteroy\/wp-json\/wp\/v2\/posts"}],"about":[{"href":"https:\/\/hoyre.no\/osteroy\/wp-json\/wp\/v2\/types\/post"}],"replies":[{"embeddable":true,"href":"https:\/\/hoyre.no\/osteroy\/wp-json\/wp\/v2\/comments?post=19"}],"version-history":[{"count":0,"href":"https:\/\/hoyre.no\/osteroy\/wp-json\/wp\/v2\/posts\/19\/revisions"}],"wp:attachment":[{"href":"https:\/\/hoyre.no\/osteroy\/wp-json\/wp\/v2\/media?parent=19"}],"wp:term":[{"taxonomy":"category","embeddable":true,"href":"https:\/\/hoyre.no\/osteroy\/wp-json\/wp\/v2\/category?post=19"},{"taxonomy":"post_tag","embeddable":true,"href":"https:\/\/hoyre.no\/osteroy\/wp-json\/wp\/v2\/post_tag?post=19"},{"taxonomy":"hoyre-visibility","embeddable":true,"href":"https:\/\/hoyre.no\/osteroy\/wp-json\/wp\/v2\/hoyre-visibility?post=19"},{"taxonomy":"article-type","embeddable":true,"href":"https:\/\/hoyre.no\/osteroy\/wp-json\/wp\/v2\/article-type?post=19"},{"taxonomy":"politician","embeddable":true,"href":"https:\/\/hoyre.no\/osteroy\/wp-json\/wp\/v2\/politician?post=19"}],"curies":[{"name":"wp","href":"https:\/\/api.w.org\/{rel}","templated":true}]}}