{"id":23,"date":"2019-11-02T23:00:00","date_gmt":"2019-11-02T22:00:00","guid":{"rendered":"https:\/\/hoyre.no\/osteroy\/aktuelt\/om_kommunereform_i_valkampen\/"},"modified":"2019-11-02T23:00:00","modified_gmt":"2019-11-02T22:00:00","slug":"om_kommunereform_i_valkampen","status":"publish","type":"post","link":"https:\/\/hoyre.no\/osteroy\/aktuelt\/om_kommunereform_i_valkampen\/","title":{"rendered":"Kommunereform i valkampen"},"content":{"rendered":"<p class=\"preamble\">Kvifor var Oster\u00f8y H\u00f8gre s\u00e5 tydelege p\u00e5 at partiet var for kommunereformi valkampen?<\/p>\t\t\t<div class=\"post-meta wp-block teft-byline-wrapper\">\n\t\t\t\t<div class=\"top\">\n\t\t\t\t\t<div class=\"signature\">\n\t\t\t\t\t\t<div class=\"teft-byline\">\n\t\t\t\t\t\t\t\t\t\t\t\t\t\t<div>\n\t\t\t\t\t\t\t\t<h3>H\u00f8yres redaksjon<\/h3>\t\t\t\t\t\t\t\t\n\t\t\t\t\t\t\t\t\t\t\t\t\t\t\t\t\t<span class=\"date\">Sist oppdatert: 2. november 2019<\/span>\n\t\t\t\t\t\t\t\t\t\t\t\t\t\t\t\t\t\t\t\t\t\t\t\t\t<span class=\"reading-time\" itemprop=\"timeRequired\" content=\"PT4M\"><em>Ca. 4 minutter lesetid<\/em><\/span>\n\t\t\t\t\t\t\t\t\t\t\t\t\t\t\t<\/div>\n\t\t\t\t\t\t<\/div>\n\t\t\t\t\t<\/div>\n\t\t\t\t\t\t<div class=\"sharing\">\n\t\t<a class=\"share-button share-link copy-link\" data-copy=\"https:\/\/hoyre.no\/osteroy\/aktuelt\/om_kommunereform_i_valkampen\/\" target=\"_blank\"><span class=\"screen-reader-text\">Del link<\/span><\/a>\n\t\t<a class=\"share-button share-twitter\" href=\"http:\/\/twitter.com\/share?text=Kommunereform i valkampen&#038;url=https:\/\/hoyre.no\/osteroy\/aktuelt\/om_kommunereform_i_valkampen\/&#038;hashtags=Hoyre\" target=\"_blank\"><span class=\"screen-reader-text\">Del p\u00e5 twitter<\/span><\/a>\n\t\t<a class=\"share-button share-facebook\" href=\"https:\/\/www.facebook.com\/sharer\/sharer.php?u=https:\/\/hoyre.no\/osteroy\/aktuelt\/om_kommunereform_i_valkampen\/\" target=\"_blank\"><span class=\"screen-reader-text\">Del p\u00e5 facebook<\/span><\/a>\n\t<\/div>\n\t\t\t\t\t<\/div>\n\t\t\t<\/div>\n\n\t\t\t<figure class=\"hoyre-image-wrapper\"><div class=\"hoyre-image\"><img loading=\"lazy\" decoding=\"async\" width=\"2560\" height=\"1441\" src=\"https:\/\/hoyre.no\/content\/uploads\/sites\/324\/2020\/11\/img_2551_16x9-scaled.jpg\" class=\"attachment-scaled size-scaled\" alt=\"\" style=\"object-position: 50% 50%\" srcset=\"https:\/\/hoyre.no\/content\/uploads\/sites\/324\/2020\/11\/img_2551_16x9-scaled.jpg 2560w, https:\/\/hoyre.no\/content\/uploads\/sites\/324\/2020\/11\/img_2551_16x9-300x169.jpg 300w, https:\/\/hoyre.no\/content\/uploads\/sites\/324\/2020\/11\/img_2551_16x9-1024x577.jpg 1024w, https:\/\/hoyre.no\/content\/uploads\/sites\/324\/2020\/11\/img_2551_16x9-768x432.jpg 768w, https:\/\/hoyre.no\/content\/uploads\/sites\/324\/2020\/11\/img_2551_16x9-1536x865.jpg 1536w, https:\/\/hoyre.no\/content\/uploads\/sites\/324\/2020\/11\/img_2551_16x9-2048x1153.jpg 2048w\" sizes=\"auto, (max-width: 2560px) 100vw, 2560px\" \/><\/div><\/figure><div id=\"hoyre-old-article-content-wrapper\"><p><strong>Meiningsm\u00e5linga<\/strong><\/p><p>I juni tinga vi ei meiningsm\u00e5ling fr\u00e5 Respons for \u00e5 finna ut kva st\u00f8tte partiet hadde blant veljarane, og for \u00e5 finna ut kva ostringane meinte om kommunereforma. Resultatet var rundt rekna at helvta var for kommunesamansl\u00e5ing, ein tredel var imot, og ein sjettedel var usikker.<\/p><p>For \u00e5 vera eksakt var det 501 personar som tok stilling til sp\u00f8rsm\u00e5let \u00abStiller du deg positiv eller negativ til at Oster\u00f8y sl\u00e5r seg saman med ei eller fleire andre kommunar?\u00bb Det var 49% som var positive, 34% var negative og 17% usikre.<\/p><div id=\"resultat\"><\/div><script type=\"text\/javascript\" src=\"https:\/\/www.gstatic.com\/charts\/loader.js\"><\/script><script type=\"text\/javascript\">  google.charts.load('current', {    'packages': ['corechart']  });  google.charts.setOnLoadCallback(drawChart);  function drawChart() {    var data = google.visualization.arrayToDataTable([      ['Haldning til kommunereform', 'Prosent'],      ['Positiv', 49],      ['Negativ', 34],      ['Usikker', 17]    ]);    var options = {      'title': 'Stiller du deg positiv eller negativ til at Oster\u00f8y sl\u00e5r seg saman med ei eller fleire andre kommunar?'    };    var chart = new google.visualization.PieChart(document.getElementById('resultat'));    chart.draw(data, options);  }<\/script><p>Blant dei som gav opp politisk partipreferanse var det fleirtal i H\u00f8gre, Venstre, Arbeiderpartiet, Framstegspartiet og Sosialistisk Venstreparti for kommunereform. I Krf var veljarane delt n\u00f8yaktig i tre (positive, negative og usikre), medan i MDG og Senterpartiet var fleirtalet imot.<\/p><p>Det var lita skilnad p\u00e5 meiningane til kvinner og menn, medan alder hadde mykje \u00e5 seie:<\/p><table><thead><tr><th><\/th><th> Under 30 \u00e5r <\/th><th> 30-44 \u00e5r <\/th><th> 45-59 \u00e5r <\/th><th> 60 \u00e5r og eldre <\/th><th> Til saman <\/th><\/tr><\/thead><tbody><tr><td>Positive <\/td><td> 33% <\/td><td> 60% <\/td><td> 55% <\/td><td> 47% <\/td><td> 49% <\/td><\/tr><tr><td>Negative <\/td><td> 47% <\/td><td> 24% <\/td><td> 28% <\/td><td> 37% <\/td><td> 34% <\/td><\/tr><tr><td>Usikre <\/td><td> 20% <\/td><td> 15% <\/td><td> 17% <\/td><td> 16% <\/td><td> 17% <\/td><\/tr><\/tbody><\/table><p><strong>Valkampen<\/strong><\/p><p>Vi i Oster\u00f8y H\u00f8gre la mestparten av v\u00e5rt arbeid i valkampen i \u00e5 g\u00e5 husbes\u00f8k, og der spurte vi dei aller fleste kva dei meinte om kommunereforma. Vi merka at veldig mange var positive men brukte tid p\u00e5 \u00e5 h\u00f8yre med dei som var negative kva det var som gjorde at dei var imot. Det var f\u00e5 som var klar over kor d\u00e5rleg det st\u00e5r til med \u00f8konomien \u00ab<em>Seier du det?<\/em>\u00bb, eller \u00ab<em>Det stod i Bygdanytt at kommunen gjekk med overskot i fjor, kvifor er det plutseleg s\u00e5 d\u00e5rleg no?<\/em>\u00bb og \u00ab<em>Det har alltid vore d\u00e5rleg \u00f8konomi i kommunen s\u00e5 det er ikkje noko nytt.<\/em>\u00bb Nokre svara at dei \u00ab<em>lika tanken p\u00e5 at vi er eigen kommune<\/em>\u00bb eller meinte at \u00ab<em>vi m\u00e5 no vera store nok til \u00e5 klara oss sj\u00f8lv<\/em>.\u00bb<\/p><p>For dei fleste som var imot var det meir eit sp\u00f8rsm\u00e5l om identitet enn eit sp\u00f8rsm\u00e5l om kommunale tenester.<\/p><p><strong>Budsjett 2020<\/strong><\/p><p>Det nyvalde heradsstyret har f\u00e5tt levert administrasjonen sitt fyrste utkast til budsjettet for neste \u00e5r. R\u00e5dmannen har til no funne mange ulike tiltak som til saman reduserer drifta med 13 millionar neste \u00e5r, men det manglar enno 16 millionar for \u00e5 saldera budsjettet (f\u00e5 inntektene til \u00e5 dekka utgiftene).<\/p><p>Ho skriv mellom anna at \u00ab<em>Dei kutta vi har gjort framlegg om g\u00e5r ut over b\u00e5de kvalitet og kvantitet p\u00e5 tenestene. Innsparingane kjem til \u00e5 merkast. Det som er lagt inn er likevel ikkje nok til \u00e5 saldera budsjettet og utfordringa vert skuva framfor oss inn i 2021. Utviklinga er ikkje god og heller ikkje berekraftig p\u00e5 sikt.<\/em>\u00bb<\/p><p>  Om prisen for \u00e5 vera eigen kommune er at vi innbyggjarane m\u00e5 godta reduserte tilbod i samanlikning med naboane v\u00e5re, meiner vi at den er vorten for h\u00f8g.<\/p><p>Innsparingane vill ikkje berre g\u00e5 ut over oss som treng dei kommunale tenestene, dei vil ogs\u00e5 g\u00e5 ut over alle dei dyktige og h\u00f8gt kompetente tilsette som jobbar i kommunen. Vi er heldige som har s\u00e5 mange flinke folk men vidare kutt i dei rammene rundt deira oppg\u00e5ver vil fort f\u00f8ra til utbrende eller sjukmelde tilsette, eller tilsette som finn seg anna arbeid fordi dei ikkje lengre kan utf\u00f8ra sine oppg\u00e5ver p\u00e5 forsvarleg m\u00e5te.<\/p><p><strong>Til slutt<\/strong><\/p><p>Oster\u00f8y heradsstyre vil i samarbeid med administrasjonen gjere alt det kan for \u00e5 finna fleire omr\u00e5de der ein kan spara inn p\u00e5 drifta og f\u00e5 budsjettet for 2020 til \u00e5 g\u00e5 opp. I 2019 brukte vi delar av sparepengane til \u00e5 klara det men den potten er snart tom.<\/p><p>Kva gjer vi neste \u00e5r? Kva tid er det nok?<\/p><p><\/p><\/div>\n<div class=\"tags\">\n\t<\/div>\n<div class=\"post-footer alignfull has-background block-editor-block-list__block\" data-align=full>\n\t<div class=\"post-footer-inner\">\n\t\t<h3>Relaterte artikler<\/h3>\n\t\t<div class=\"related-content\"><div class=\"is-card-hoyre\">\n\t<div class=\"teft-card hoyre-teft-card post-teft-card\">\n\t\t<a href=\"https:\/\/hoyre.no\/osteroy\/aktuelt\/konstituerande-mote\/\" class=\"teft-card__primary-action\">\n\n\t\t\t\t\t<div class=\"teft-card__media teft-card__media--16-9\">\n\t\t\t\t\t\t<img loading=\"lazy\" decoding=\"async\" width=\"768\" height=\"503\" src=\"https:\/\/hoyre.no\/content\/uploads\/sites\/324\/2023\/10\/alle-talarstol-768x503.jpg\" class=\"attachment-medium_large size-medium_large\" alt=\"\" srcset=\"https:\/\/hoyre.no\/content\/uploads\/sites\/324\/2023\/10\/alle-talarstol-768x503.jpg 768w, https:\/\/hoyre.no\/content\/uploads\/sites\/324\/2023\/10\/alle-talarstol-300x196.jpg 300w, https:\/\/hoyre.no\/content\/uploads\/sites\/324\/2023\/10\/alle-talarstol-1024x670.jpg 1024w, https:\/\/hoyre.no\/content\/uploads\/sites\/324\/2023\/10\/alle-talarstol-1536x1005.jpg 1536w, https:\/\/hoyre.no\/content\/uploads\/sites\/324\/2023\/10\/alle-talarstol-2048x1340.jpg 2048w\" sizes=\"auto, (max-width: 768px) 100vw, 768px\" \/>\t\t<\/div>\n\t\t\n\t\t\t<div class=\"teft-card__content-wrapper\">\n\t\t\t\t<div class=\"teft-card__secondary\">\n\t\t\t\t\t\n\t\t\t\t\t\t\t\t<div class=\"teft-card__meta\">\n\t\t\t\t\t\t\t\t\t<span class=\"post-date\">31. okt 2023<\/span>\n\n\t\t\t\t\t\t\t\t\t<span class=\"post-category\">Oster\u00f8y<\/span>\t\t\t\t\t\t\t\t<\/div>\n\t\t\t\t\t\t\t\t\t\t\t<\/div>\n\n\t\t\t\t<div class=\"teft-card__primary\">\n\t\t\t\t\t<h2 class=\"teft-card__title\">Konstituerande m\u00f8te i Oster\u00f8y heradsstyre&nbsp;<span class=\"teft-card__primary-title-append\"><\/span><\/h2>\t\t\t\t<\/div>\n\t\t\t<\/div>\n\t\t<\/a>\n\t<\/div>\n\n\t<\/div><div class=\"is-card-hoyre\">\n\t<div class=\"teft-card hoyre-teft-card post-teft-card\">\n\t\t<a href=\"https:\/\/hoyre.no\/osteroy\/aktuelt\/refleksjonar-etter-valet-og-forhandlingane\/\" class=\"teft-card__primary-action\">\n\n\t\t\t\t\t<div class=\"teft-card__media teft-card__media--16-9\">\n\t\t\t\t\t\t<img loading=\"lazy\" decoding=\"async\" width=\"768\" height=\"958\" src=\"https:\/\/hoyre.no\/content\/uploads\/sites\/324\/2023\/10\/valkamp-2023-768x958.jpg\" class=\"attachment-medium_large size-medium_large\" alt=\"\" srcset=\"https:\/\/hoyre.no\/content\/uploads\/sites\/324\/2023\/10\/valkamp-2023-768x958.jpg 768w, https:\/\/hoyre.no\/content\/uploads\/sites\/324\/2023\/10\/valkamp-2023-240x300.jpg 240w, https:\/\/hoyre.no\/content\/uploads\/sites\/324\/2023\/10\/valkamp-2023-821x1024.jpg 821w, https:\/\/hoyre.no\/content\/uploads\/sites\/324\/2023\/10\/valkamp-2023.jpg 1210w\" sizes=\"auto, (max-width: 768px) 100vw, 768px\" \/>\t\t<\/div>\n\t\t\n\t\t\t<div class=\"teft-card__content-wrapper\">\n\t\t\t\t<div class=\"teft-card__secondary\">\n\t\t\t\t\t\n\t\t\t\t\t\t\t\t<div class=\"teft-card__meta\">\n\t\t\t\t\t\t\t\t\t<span class=\"post-date\">31. okt 2023<\/span>\n\n\t\t\t\t\t\t\t\t\t<span class=\"post-category\">Oster\u00f8y<\/span>\t\t\t\t\t\t\t\t<\/div>\n\t\t\t\t\t\t\t\t\t\t\t<\/div>\n\n\t\t\t\t<div class=\"teft-card__primary\">\n\t\t\t\t\t<h2 class=\"teft-card__title\">Refleksjonar etter valet og forhandlingane&nbsp;<span class=\"teft-card__primary-title-append\"><\/span><\/h2>\t\t\t\t<\/div>\n\t\t\t<\/div>\n\t\t<\/a>\n\t<\/div>\n\n\t<\/div><div class=\"is-card-hoyre\">\n\t<div class=\"teft-card hoyre-teft-card post-teft-card\">\n\t\t<a href=\"https:\/\/hoyre.no\/osteroy\/aktuelt\/omkamp-igjen\/\" class=\"teft-card__primary-action\">\n\n\t\t\t\t\t<div class=\"teft-card__media teft-card__media--16-9\">\n\t\t\t\t\t\t<img loading=\"lazy\" decoding=\"async\" width=\"768\" height=\"576\" src=\"https:\/\/hoyre.no\/content\/uploads\/sites\/324\/2021\/04\/IMG_2973-768x576.jpg\" class=\"attachment-medium_large size-medium_large\" alt=\"\" srcset=\"https:\/\/hoyre.no\/content\/uploads\/sites\/324\/2021\/04\/IMG_2973-768x576.jpg 768w, https:\/\/hoyre.no\/content\/uploads\/sites\/324\/2021\/04\/IMG_2973-300x225.jpg 300w, https:\/\/hoyre.no\/content\/uploads\/sites\/324\/2021\/04\/IMG_2973-1024x768.jpg 1024w, https:\/\/hoyre.no\/content\/uploads\/sites\/324\/2021\/04\/IMG_2973-1536x1152.jpg 1536w, https:\/\/hoyre.no\/content\/uploads\/sites\/324\/2021\/04\/IMG_2973-2048x1536.jpg 2048w\" sizes=\"auto, (max-width: 768px) 100vw, 768px\" \/>\t\t<\/div>\n\t\t\n\t\t\t<div class=\"teft-card__content-wrapper\">\n\t\t\t\t<div class=\"teft-card__secondary\">\n\t\t\t\t\t\n\t\t\t\t\t\t\t\t<div class=\"teft-card__meta\">\n\t\t\t\t\t\t\t\t\t<span class=\"post-date\">14. apr 2021<\/span>\n\n\t\t\t\t\t\t\t\t\t\t\t\t\t\t\t\t\t<\/div>\n\t\t\t\t\t\t\t\t\t\t\t<\/div>\n\n\t\t\t\t<div class=\"teft-card__primary\">\n\t\t\t\t\t<h2 class=\"teft-card__title\">Omkamp&#8230; igjen&nbsp;<span class=\"teft-card__primary-title-append\"><\/span><\/h2>\t\t\t\t<\/div>\n\t\t\t<\/div>\n\t\t<\/a>\n\t<\/div>\n\n\t<\/div><\/div>\t<\/div>\n<\/div>\n","protected":false},"excerpt":{"rendered":"","protected":false},"author":0,"featured_media":0,"comment_status":"closed","ping_status":"closed","sticky":false,"template":"","format":"standard","meta":{"teft_cards_image_url":"https:\/\/hoyre.no\/content\/uploads\/sites\/324\/2020\/11\/img_2551_16x9-scaled.jpg","teft_cards_custom_pretitle":"","teft_cards_image_id":22,"teft_cards_image_focal_point_x":0,"teft_cards_image_focal_point_y":0,"teft_cards_title":"","teft_cards_excerpt":"","teft_show_chapters":false,"author_display_name":"Oster\u00f8y H\u00f8gre","footnotes":""},"category":[1],"post_tag":[],"hoyre-visibility":[],"article-type":[],"politician":[],"class_list":["post-23","post","type-post","status-publish","format-standard","hentry","category-ukategorisert"],"yoast_head":"<!-- This site is optimized with the Yoast SEO plugin v26.6 - https:\/\/yoast.com\/wordpress\/plugins\/seo\/ -->\n<title>Kommunereform i valkampen - Oster\u00f8y H\u00f8gre<\/title>\n<meta name=\"robots\" content=\"index, follow, max-snippet:-1, max-image-preview:large, max-video-preview:-1\" \/>\n<link rel=\"canonical\" href=\"https:\/\/hoyre.no\/osteroy\/aktuelt\/om_kommunereform_i_valkampen\/\" \/>\n<meta property=\"og:locale\" content=\"nn_NO\" \/>\n<meta property=\"og:type\" content=\"article\" \/>\n<meta property=\"og:title\" content=\"Kommunereform i valkampen - Oster\u00f8y H\u00f8gre\" \/>\n<meta property=\"og:url\" content=\"https:\/\/hoyre.no\/osteroy\/aktuelt\/om_kommunereform_i_valkampen\/\" \/>\n<meta property=\"og:site_name\" content=\"Oster\u00f8y H\u00f8gre\" \/>\n<meta property=\"article:published_time\" content=\"2019-11-02T22:00:00+00:00\" \/>\n<meta property=\"og:image\" content=\"https:\/\/hoyre.no\/content\/uploads\/sites\/324\/2021\/04\/IMG_2973-1024x768.jpg\" \/>\n<meta name=\"twitter:card\" content=\"summary_large_image\" \/>\n<meta name=\"twitter:label1\" content=\"Est. reading time\" \/>\n\t<meta name=\"twitter:data1\" content=\"3 minutt\" \/>\n<script type=\"application\/ld+json\" class=\"yoast-schema-graph\">{\"@context\":\"https:\/\/schema.org\",\"@graph\":[{\"@type\":\"NewsArticle\",\"@id\":\"https:\/\/hoyre.no\/osteroy\/aktuelt\/om_kommunereform_i_valkampen\/\",\"url\":\"https:\/\/hoyre.no\/osteroy\/aktuelt\/om_kommunereform_i_valkampen\/\",\"name\":\"Kommunereform i valkampen - Oster\u00f8y H\u00f8gre\",\"isPartOf\":{\"@id\":\"https:\/\/hoyre.no\/osteroy\/#website\"},\"datePublished\":\"2019-11-02T22:00:00+00:00\",\"author\":{\"@id\":\"\"},\"breadcrumb\":{\"@id\":\"https:\/\/hoyre.no\/osteroy\/aktuelt\/om_kommunereform_i_valkampen\/#breadcrumb\"},\"inLanguage\":\"nn-NO\",\"potentialAction\":[{\"@type\":\"ReadAction\",\"target\":[\"https:\/\/hoyre.no\/osteroy\/aktuelt\/om_kommunereform_i_valkampen\/\"]}]},{\"@type\":\"BreadcrumbList\",\"@id\":\"https:\/\/hoyre.no\/osteroy\/aktuelt\/om_kommunereform_i_valkampen\/#breadcrumb\",\"itemListElement\":[{\"@type\":\"ListItem\",\"position\":1,\"name\":\"Til hoyre.no\",\"item\":\"https:\/\/hoyre.no\"},{\"@type\":\"ListItem\",\"position\":2,\"name\":\"Hjem\",\"item\":\"https:\/\/hoyre.no\/osteroy\/\"},{\"@type\":\"ListItem\",\"position\":3,\"name\":\"Kommunereform i valkampen\"}]},{\"@type\":\"WebSite\",\"@id\":\"https:\/\/hoyre.no\/osteroy\/#website\",\"url\":\"https:\/\/hoyre.no\/osteroy\/\",\"name\":\"Oster\u00f8y H\u00f8gre\",\"description\":\"Bare enda et H\u00f8yres nettsteder-nettsted\",\"inLanguage\":\"nn-NO\"}]}<\/script>\n<!-- \/ Yoast SEO plugin. -->","yoast_head_json":{"title":"Kommunereform i valkampen - Oster\u00f8y H\u00f8gre","robots":{"index":"index","follow":"follow","max-snippet":"max-snippet:-1","max-image-preview":"max-image-preview:large","max-video-preview":"max-video-preview:-1"},"canonical":"https:\/\/hoyre.no\/osteroy\/aktuelt\/om_kommunereform_i_valkampen\/","og_locale":"nn_NO","og_type":"article","og_title":"Kommunereform i valkampen - Oster\u00f8y H\u00f8gre","og_url":"https:\/\/hoyre.no\/osteroy\/aktuelt\/om_kommunereform_i_valkampen\/","og_site_name":"Oster\u00f8y H\u00f8gre","article_published_time":"2019-11-02T22:00:00+00:00","og_image":[{"url":"https:\/\/hoyre.no\/content\/uploads\/sites\/324\/2021\/04\/IMG_2973-1024x768.jpg","width":"","height":"","type":""}],"twitter_card":"summary_large_image","twitter_misc":{"Est. reading time":"3 minutt"},"schema":{"@context":"https:\/\/schema.org","@graph":[{"@type":"NewsArticle","@id":"https:\/\/hoyre.no\/osteroy\/aktuelt\/om_kommunereform_i_valkampen\/","url":"https:\/\/hoyre.no\/osteroy\/aktuelt\/om_kommunereform_i_valkampen\/","name":"Kommunereform i valkampen - Oster\u00f8y H\u00f8gre","isPartOf":{"@id":"https:\/\/hoyre.no\/osteroy\/#website"},"datePublished":"2019-11-02T22:00:00+00:00","author":{"@id":""},"breadcrumb":{"@id":"https:\/\/hoyre.no\/osteroy\/aktuelt\/om_kommunereform_i_valkampen\/#breadcrumb"},"inLanguage":"nn-NO","potentialAction":[{"@type":"ReadAction","target":["https:\/\/hoyre.no\/osteroy\/aktuelt\/om_kommunereform_i_valkampen\/"]}]},{"@type":"BreadcrumbList","@id":"https:\/\/hoyre.no\/osteroy\/aktuelt\/om_kommunereform_i_valkampen\/#breadcrumb","itemListElement":[{"@type":"ListItem","position":1,"name":"Til hoyre.no","item":"https:\/\/hoyre.no"},{"@type":"ListItem","position":2,"name":"Hjem","item":"https:\/\/hoyre.no\/osteroy\/"},{"@type":"ListItem","position":3,"name":"Kommunereform i valkampen"}]},{"@type":"WebSite","@id":"https:\/\/hoyre.no\/osteroy\/#website","url":"https:\/\/hoyre.no\/osteroy\/","name":"Oster\u00f8y H\u00f8gre","description":"Bare enda et H\u00f8yres nettsteder-nettsted","inLanguage":"nn-NO"}]}},"distributor_meta":false,"distributor_terms":false,"distributor_media":false,"distributor_original_site_name":"Oster\u00f8y H\u00f8gre","distributor_original_site_url":"https:\/\/hoyre.no\/osteroy","push-errors":false,"_links":{"self":[{"href":"https:\/\/hoyre.no\/osteroy\/wp-json\/wp\/v2\/posts\/23","targetHints":{"allow":["GET"]}}],"collection":[{"href":"https:\/\/hoyre.no\/osteroy\/wp-json\/wp\/v2\/posts"}],"about":[{"href":"https:\/\/hoyre.no\/osteroy\/wp-json\/wp\/v2\/types\/post"}],"replies":[{"embeddable":true,"href":"https:\/\/hoyre.no\/osteroy\/wp-json\/wp\/v2\/comments?post=23"}],"version-history":[{"count":0,"href":"https:\/\/hoyre.no\/osteroy\/wp-json\/wp\/v2\/posts\/23\/revisions"}],"wp:attachment":[{"href":"https:\/\/hoyre.no\/osteroy\/wp-json\/wp\/v2\/media?parent=23"}],"wp:term":[{"taxonomy":"category","embeddable":true,"href":"https:\/\/hoyre.no\/osteroy\/wp-json\/wp\/v2\/category?post=23"},{"taxonomy":"post_tag","embeddable":true,"href":"https:\/\/hoyre.no\/osteroy\/wp-json\/wp\/v2\/post_tag?post=23"},{"taxonomy":"hoyre-visibility","embeddable":true,"href":"https:\/\/hoyre.no\/osteroy\/wp-json\/wp\/v2\/hoyre-visibility?post=23"},{"taxonomy":"article-type","embeddable":true,"href":"https:\/\/hoyre.no\/osteroy\/wp-json\/wp\/v2\/article-type?post=23"},{"taxonomy":"politician","embeddable":true,"href":"https:\/\/hoyre.no\/osteroy\/wp-json\/wp\/v2\/politician?post=23"}],"curies":[{"name":"wp","href":"https:\/\/api.w.org\/{rel}","templated":true}]}}