{"id":25,"date":"2019-11-02T23:00:00","date_gmt":"2019-11-02T22:00:00","guid":{"rendered":"https:\/\/hoyre.no\/osteroy\/aktuelt\/politisk_platform\/"},"modified":"2019-11-02T23:00:00","modified_gmt":"2019-11-02T22:00:00","slug":"politisk_platform","status":"publish","type":"post","link":"https:\/\/hoyre.no\/osteroy\/aktuelt\/politisk_platform\/","title":{"rendered":"Politisk Platform"},"content":{"rendered":"<p class=\"preamble\">Politisk plattform for styringssamarbeidet mellom Senterpartiet, H\u00f8gre, Arbeiderpartiet og Sosialistisk Venstreparti i Oster\u00f8y kommune for perioden 2019-2023.<\/p>\t\t\t<div class=\"post-meta wp-block teft-byline-wrapper\">\n\t\t\t\t<div class=\"top\">\n\t\t\t\t\t<div class=\"signature\">\n\t\t\t\t\t\t<div class=\"teft-byline\">\n\t\t\t\t\t\t\t\t\t\t\t\t\t\t<div>\n\t\t\t\t\t\t\t\t<h3>H\u00f8yres redaksjon<\/h3>\t\t\t\t\t\t\t\t\n\t\t\t\t\t\t\t\t\t\t\t\t\t\t\t\t\t<span class=\"date\">Sist oppdatert: 2. november 2019<\/span>\n\t\t\t\t\t\t\t\t\t\t\t\t\t\t\t\t\t\t\t\t\t\t\t\t\t<span class=\"reading-time\" itemprop=\"timeRequired\" content=\"PT3M\"><em>Ca. 3 minutter lesetid<\/em><\/span>\n\t\t\t\t\t\t\t\t\t\t\t\t\t\t\t<\/div>\n\t\t\t\t\t\t<\/div>\n\t\t\t\t\t<\/div>\n\t\t\t\t\t\t<div class=\"sharing\">\n\t\t<a class=\"share-button share-link copy-link\" data-copy=\"https:\/\/hoyre.no\/osteroy\/aktuelt\/politisk_platform\/\" target=\"_blank\"><span class=\"screen-reader-text\">Del link<\/span><\/a>\n\t\t<a class=\"share-button share-twitter\" href=\"http:\/\/twitter.com\/share?text=Politisk Platform&#038;url=https:\/\/hoyre.no\/osteroy\/aktuelt\/politisk_platform\/&#038;hashtags=Hoyre\" target=\"_blank\"><span class=\"screen-reader-text\">Del p\u00e5 twitter<\/span><\/a>\n\t\t<a class=\"share-button share-facebook\" href=\"https:\/\/www.facebook.com\/sharer\/sharer.php?u=https:\/\/hoyre.no\/osteroy\/aktuelt\/politisk_platform\/\" target=\"_blank\"><span class=\"screen-reader-text\">Del p\u00e5 facebook<\/span><\/a>\n\t<\/div>\n\t\t\t\t\t<\/div>\n\t\t\t<\/div>\n\n\t\t\t<figure class=\"hoyre-image-wrapper\"><div class=\"hoyre-image\"><img loading=\"lazy\" decoding=\"async\" width=\"2560\" height=\"1441\" src=\"https:\/\/hoyre.no\/content\/uploads\/sites\/324\/2020\/11\/img_2449_16x9-scaled.jpg\" class=\"attachment-scaled size-scaled\" alt=\"\" style=\"object-position: 50% 50%\" srcset=\"https:\/\/hoyre.no\/content\/uploads\/sites\/324\/2020\/11\/img_2449_16x9-scaled.jpg 2560w, https:\/\/hoyre.no\/content\/uploads\/sites\/324\/2020\/11\/img_2449_16x9-300x169.jpg 300w, https:\/\/hoyre.no\/content\/uploads\/sites\/324\/2020\/11\/img_2449_16x9-1024x576.jpg 1024w, https:\/\/hoyre.no\/content\/uploads\/sites\/324\/2020\/11\/img_2449_16x9-768x432.jpg 768w, https:\/\/hoyre.no\/content\/uploads\/sites\/324\/2020\/11\/img_2449_16x9-1536x864.jpg 1536w, https:\/\/hoyre.no\/content\/uploads\/sites\/324\/2020\/11\/img_2449_16x9-2048x1153.jpg 2048w\" sizes=\"auto, (max-width: 2560px) 100vw, 2560px\" \/><\/div><\/figure><div id=\"hoyre-old-article-content-wrapper\"><p>Samarbeidspartia vil vidareutvikla Oster\u00f8y til ein god stad \u00e5 leva og veksa p\u00e5 for folk og verksemder. Me tek utgangspunkt i Oster\u00f8y som eigen kommune. Dersom dei \u00f8konomiske f\u00f8resetnadane gjer det ur\u00e5d \u00e5 levera dei gode tenestene som innbyggjarane skal ha, m\u00e5 me sj\u00e5 p\u00e5 moglegheiter med samansl\u00e5ing. Det skal haldast folker\u00f8ysting om endring av kommunestruktur, om dette vert tema. <\/p><p>Samarbeidspartia vil f\u00f8ra ein \u00f8konomisk ansvarleg politikk som ikkje set kommunen sin handlefridom i fare.<\/p><p>Det er mange omr\u00e5de me ynskjer \u00e5 prioritere og dei viktigaste er:<\/p><p><strong>Barn og unge<\/strong><\/p><p>Samarbeidspartia skal prioritera oppvekstsektoren og tidleg innsats. Samarbeidspartia vil dei neste fire \u00e5ra arbeida for \u00e5 auka bemanninga i barnehagane, sikra at barnetrygd ikkje er del av inntektsgrunnlaget ved utrekning av sosialst\u00f8nad, og f\u00e5 p\u00e5 plass ein ungdomskoordinator for \u00e5 bidra til eit betre tilbod til ungdommen p\u00e5 Oster\u00f8y. Me skal styrkja ungdomsr\u00e5det slik at det vert ein meiningsfylt part i kommunale prosessar. .<\/p><p>Dagens skulestruktur ligg fast og me vil utgreia modellar for \u00e5 tilby skulemat.<\/p><p><strong>Bustad<\/strong><\/p><p>Legga til rette for utbygging som gjev livskraftige bygder i heile kommunen, men for st\u00f8rre bustadfelt m\u00e5 ein ha fokus p\u00e5 kva infrastruktur som allereie er tilgjengeleg, kva kostnadar det er knytt til etableringa for kommunen, opp mot samfunnsnytten.<\/p><p><strong>N\u00e6ring<\/strong><\/p><p>Samarbeidspartia vil sikra at det vert sett av tilstrekkeleg og faktisk tilgjengeleg n\u00e6ringsareal i kommunen, leggja til rette for fleire samarbeidsprosjekt og nyetableringar, og stimulera til vidare vekst i eksisterande verksemder for \u00e5 skape fleire arbeidsplassar p\u00e5 b\u00e5de kort og lang sikt. Vidare, at n\u00e6ringslivet vert m\u00f8tt med ein positiv, open, hjelpsam og velviljug haldning fr\u00e5 kommunen, og at alt vert gjort for at sakshandsamingstida kan kortast kraftig ned. Oster\u00f8y skal vera ein attraktiv kommune \u00e5 driva n\u00e6ring i.<\/p><p><strong>Frivillig sektor<\/strong><\/p><p>Samarbeidspartia er einige om at det skal etablerast ein frivilligsentral. Samarbeidspartia \u00f8nskjer \u00e5 nytta kommunale ressursar til \u00e5 tilretteleggja, vegleia og stimulera den frivillige aktiviteten. Me skal oppretta eit frivilligfond.<\/p><p><strong>Klima og b\u00e6rekraft<\/strong><\/p><p>Oster\u00f8y skal vera ein f\u00f8regangskommune i overgangen til eit meir b\u00e6rekraftig samfunn. Samarbeidspartia vil mellom anna rullera Kommuneplan for Energi og Klima for \u00e5 f\u00e5 ein oppdatert plan for \u00e5 n\u00e5 klimam\u00e5la. <\/p><p>Samarbeidspartia legg bevaring av matjord til grunn for alt planarbeid og samfunnsutvikling. <\/p><p><strong>Helse og omsorg<\/strong><\/p><p>Samarbeidspartia skal sikra at utbygging av Omsorg+ bustadar vert sett i gong snarast. <\/p><p>Det skal sikrast kvalitet og innhald i alle kommunale tenester med brukar som sentrum.<\/p><p>Tidleg innsats og f\u00f8rebygging skal prioriterast overfor utsette grupper. <\/p><p><strong>Arbeidsgjevarpolitikk<\/strong><\/p><p>Oster\u00f8y kommune skal vera ein attraktiv arbeidsgjevar og tilbod om faste og heile stillingar skal alltid vera hovudregelen for tilsette i Oster\u00f8y kommune.<\/p><p>Oster\u00f8y kommune skal ha innkj\u00f8psprosedyrar som f\u00f8rebyggjer sosial dumping og set krav til l\u00e6rlingar i bedriftene. Me vil jobba for fleire l\u00e6rlingplassar b\u00e5de i kommunen og i private verksemder.<\/p><p><strong>Idrett, kultur og fritid<\/strong><\/p><p>Hallkapasiteten p\u00e5 Oster\u00f8y skal utvidast og me skal ogs\u00e5 jobba for fleire tilbod til barn og unge utanfor idretten.<\/p><p>Me skal st\u00f8tta opp under det gode kulturlivet p\u00e5 Oster\u00f8y. <\/p><p><strong>Samferdsle<\/strong><\/p><p>Samarbeidspartia har m\u00e5l om \u00e5 f\u00e5 revidert og oppdatert bussrutene med tenlege, p\u00e5litelege og hyppige avgangar slik at pendlarane kan velja bort personbilen. <br \/><\/p><p>Me vil satsa p\u00e5 pendlarparkering og ladestasjonar i kombinasjon med direkte pendlarruter, via b\u00e5de Arna og Breistein. Me ynskjer \u00e5 legge til rette for framleis drift og vidareutvikling av ferjesambandet Valestrand \u2013 Breistein.<br \/><\/p><p>Vi vil ogs\u00e5 jobba med trafikktryggleiken i kommunen med lokalt tilpassa l\u00f8ysingar for \u00e5 f\u00e5 meir nytte av investeringane, der skulevegar er s\u00e6rskilt prioriterte.<\/p><\/div>\n<div class=\"tags\">\n\t<\/div>\n<div class=\"post-footer alignfull has-background block-editor-block-list__block\" data-align=full>\n\t<div class=\"post-footer-inner\">\n\t\t<h3>Relaterte artikler<\/h3>\n\t\t<div class=\"related-content\"><div class=\"is-card-hoyre\">\n\t<div class=\"teft-card hoyre-teft-card post-teft-card\">\n\t\t<a href=\"https:\/\/hoyre.no\/osteroy\/aktuelt\/konstituerande-mote\/\" class=\"teft-card__primary-action\">\n\n\t\t\t\t\t<div class=\"teft-card__media teft-card__media--16-9\">\n\t\t\t\t\t\t<img loading=\"lazy\" decoding=\"async\" width=\"768\" height=\"503\" src=\"https:\/\/hoyre.no\/content\/uploads\/sites\/324\/2023\/10\/alle-talarstol-768x503.jpg\" class=\"attachment-medium_large size-medium_large\" alt=\"\" srcset=\"https:\/\/hoyre.no\/content\/uploads\/sites\/324\/2023\/10\/alle-talarstol-768x503.jpg 768w, https:\/\/hoyre.no\/content\/uploads\/sites\/324\/2023\/10\/alle-talarstol-300x196.jpg 300w, https:\/\/hoyre.no\/content\/uploads\/sites\/324\/2023\/10\/alle-talarstol-1024x670.jpg 1024w, https:\/\/hoyre.no\/content\/uploads\/sites\/324\/2023\/10\/alle-talarstol-1536x1005.jpg 1536w, https:\/\/hoyre.no\/content\/uploads\/sites\/324\/2023\/10\/alle-talarstol-2048x1340.jpg 2048w\" sizes=\"auto, (max-width: 768px) 100vw, 768px\" \/>\t\t<\/div>\n\t\t\n\t\t\t<div class=\"teft-card__content-wrapper\">\n\t\t\t\t<div class=\"teft-card__secondary\">\n\t\t\t\t\t\n\t\t\t\t\t\t\t\t<div class=\"teft-card__meta\">\n\t\t\t\t\t\t\t\t\t<span class=\"post-date\">31. okt 2023<\/span>\n\n\t\t\t\t\t\t\t\t\t<span class=\"post-category\">Oster\u00f8y<\/span>\t\t\t\t\t\t\t\t<\/div>\n\t\t\t\t\t\t\t\t\t\t\t<\/div>\n\n\t\t\t\t<div class=\"teft-card__primary\">\n\t\t\t\t\t<h2 class=\"teft-card__title\">Konstituerande m\u00f8te i Oster\u00f8y heradsstyre&nbsp;<span class=\"teft-card__primary-title-append\"><\/span><\/h2>\t\t\t\t<\/div>\n\t\t\t<\/div>\n\t\t<\/a>\n\t<\/div>\n\n\t<\/div><div class=\"is-card-hoyre\">\n\t<div class=\"teft-card hoyre-teft-card post-teft-card\">\n\t\t<a href=\"https:\/\/hoyre.no\/osteroy\/aktuelt\/refleksjonar-etter-valet-og-forhandlingane\/\" class=\"teft-card__primary-action\">\n\n\t\t\t\t\t<div class=\"teft-card__media teft-card__media--16-9\">\n\t\t\t\t\t\t<img loading=\"lazy\" decoding=\"async\" width=\"768\" height=\"958\" src=\"https:\/\/hoyre.no\/content\/uploads\/sites\/324\/2023\/10\/valkamp-2023-768x958.jpg\" class=\"attachment-medium_large size-medium_large\" alt=\"\" srcset=\"https:\/\/hoyre.no\/content\/uploads\/sites\/324\/2023\/10\/valkamp-2023-768x958.jpg 768w, https:\/\/hoyre.no\/content\/uploads\/sites\/324\/2023\/10\/valkamp-2023-240x300.jpg 240w, https:\/\/hoyre.no\/content\/uploads\/sites\/324\/2023\/10\/valkamp-2023-821x1024.jpg 821w, https:\/\/hoyre.no\/content\/uploads\/sites\/324\/2023\/10\/valkamp-2023.jpg 1210w\" sizes=\"auto, (max-width: 768px) 100vw, 768px\" \/>\t\t<\/div>\n\t\t\n\t\t\t<div class=\"teft-card__content-wrapper\">\n\t\t\t\t<div class=\"teft-card__secondary\">\n\t\t\t\t\t\n\t\t\t\t\t\t\t\t<div class=\"teft-card__meta\">\n\t\t\t\t\t\t\t\t\t<span class=\"post-date\">31. okt 2023<\/span>\n\n\t\t\t\t\t\t\t\t\t<span class=\"post-category\">Oster\u00f8y<\/span>\t\t\t\t\t\t\t\t<\/div>\n\t\t\t\t\t\t\t\t\t\t\t<\/div>\n\n\t\t\t\t<div class=\"teft-card__primary\">\n\t\t\t\t\t<h2 class=\"teft-card__title\">Refleksjonar etter valet og forhandlingane&nbsp;<span class=\"teft-card__primary-title-append\"><\/span><\/h2>\t\t\t\t<\/div>\n\t\t\t<\/div>\n\t\t<\/a>\n\t<\/div>\n\n\t<\/div><div class=\"is-card-hoyre\">\n\t<div class=\"teft-card hoyre-teft-card post-teft-card\">\n\t\t<a href=\"https:\/\/hoyre.no\/osteroy\/aktuelt\/omkamp-igjen\/\" class=\"teft-card__primary-action\">\n\n\t\t\t\t\t<div class=\"teft-card__media teft-card__media--16-9\">\n\t\t\t\t\t\t<img loading=\"lazy\" decoding=\"async\" width=\"768\" height=\"576\" src=\"https:\/\/hoyre.no\/content\/uploads\/sites\/324\/2021\/04\/IMG_2973-768x576.jpg\" class=\"attachment-medium_large size-medium_large\" alt=\"\" srcset=\"https:\/\/hoyre.no\/content\/uploads\/sites\/324\/2021\/04\/IMG_2973-768x576.jpg 768w, https:\/\/hoyre.no\/content\/uploads\/sites\/324\/2021\/04\/IMG_2973-300x225.jpg 300w, https:\/\/hoyre.no\/content\/uploads\/sites\/324\/2021\/04\/IMG_2973-1024x768.jpg 1024w, https:\/\/hoyre.no\/content\/uploads\/sites\/324\/2021\/04\/IMG_2973-1536x1152.jpg 1536w, https:\/\/hoyre.no\/content\/uploads\/sites\/324\/2021\/04\/IMG_2973-2048x1536.jpg 2048w\" sizes=\"auto, (max-width: 768px) 100vw, 768px\" \/>\t\t<\/div>\n\t\t\n\t\t\t<div class=\"teft-card__content-wrapper\">\n\t\t\t\t<div class=\"teft-card__secondary\">\n\t\t\t\t\t\n\t\t\t\t\t\t\t\t<div class=\"teft-card__meta\">\n\t\t\t\t\t\t\t\t\t<span class=\"post-date\">14. apr 2021<\/span>\n\n\t\t\t\t\t\t\t\t\t\t\t\t\t\t\t\t\t<\/div>\n\t\t\t\t\t\t\t\t\t\t\t<\/div>\n\n\t\t\t\t<div class=\"teft-card__primary\">\n\t\t\t\t\t<h2 class=\"teft-card__title\">Omkamp&#8230; igjen&nbsp;<span class=\"teft-card__primary-title-append\"><\/span><\/h2>\t\t\t\t<\/div>\n\t\t\t<\/div>\n\t\t<\/a>\n\t<\/div>\n\n\t<\/div><\/div>\t<\/div>\n<\/div>\n","protected":false},"excerpt":{"rendered":"","protected":false},"author":0,"featured_media":0,"comment_status":"closed","ping_status":"closed","sticky":false,"template":"","format":"standard","meta":{"teft_cards_image_url":"https:\/\/hoyre.no\/content\/uploads\/sites\/324\/2020\/11\/img_2449_16x9-scaled.jpg","teft_cards_custom_pretitle":"","teft_cards_image_id":24,"teft_cards_image_focal_point_x":0,"teft_cards_image_focal_point_y":0,"teft_cards_title":"","teft_cards_excerpt":"","teft_show_chapters":false,"author_display_name":"Oster\u00f8y H\u00f8gre","footnotes":""},"category":[1],"post_tag":[],"hoyre-visibility":[],"article-type":[],"politician":[],"class_list":["post-25","post","type-post","status-publish","format-standard","hentry","category-ukategorisert"],"yoast_head":"<!-- This site is optimized with the Yoast SEO plugin v26.6 - https:\/\/yoast.com\/wordpress\/plugins\/seo\/ -->\n<title>Politisk Platform - Oster\u00f8y H\u00f8gre<\/title>\n<meta name=\"robots\" content=\"index, follow, max-snippet:-1, max-image-preview:large, max-video-preview:-1\" \/>\n<link rel=\"canonical\" href=\"https:\/\/hoyre.no\/osteroy\/aktuelt\/politisk_platform\/\" \/>\n<meta property=\"og:locale\" content=\"nn_NO\" \/>\n<meta property=\"og:type\" content=\"article\" \/>\n<meta property=\"og:title\" content=\"Politisk Platform - Oster\u00f8y H\u00f8gre\" \/>\n<meta property=\"og:url\" content=\"https:\/\/hoyre.no\/osteroy\/aktuelt\/politisk_platform\/\" \/>\n<meta property=\"og:site_name\" content=\"Oster\u00f8y H\u00f8gre\" \/>\n<meta property=\"article:published_time\" content=\"2019-11-02T22:00:00+00:00\" \/>\n<meta property=\"og:image\" content=\"https:\/\/hoyre.no\/content\/uploads\/sites\/324\/2021\/04\/IMG_2973-1024x768.jpg\" \/>\n<meta name=\"twitter:card\" content=\"summary_large_image\" \/>\n<meta name=\"twitter:label1\" content=\"Est. reading time\" \/>\n\t<meta name=\"twitter:data1\" content=\"3 minutt\" \/>\n<script type=\"application\/ld+json\" class=\"yoast-schema-graph\">{\"@context\":\"https:\/\/schema.org\",\"@graph\":[{\"@type\":\"NewsArticle\",\"@id\":\"https:\/\/hoyre.no\/osteroy\/aktuelt\/politisk_platform\/\",\"url\":\"https:\/\/hoyre.no\/osteroy\/aktuelt\/politisk_platform\/\",\"name\":\"Politisk Platform - Oster\u00f8y H\u00f8gre\",\"isPartOf\":{\"@id\":\"https:\/\/hoyre.no\/osteroy\/#website\"},\"datePublished\":\"2019-11-02T22:00:00+00:00\",\"author\":{\"@id\":\"\"},\"breadcrumb\":{\"@id\":\"https:\/\/hoyre.no\/osteroy\/aktuelt\/politisk_platform\/#breadcrumb\"},\"inLanguage\":\"nn-NO\",\"potentialAction\":[{\"@type\":\"ReadAction\",\"target\":[\"https:\/\/hoyre.no\/osteroy\/aktuelt\/politisk_platform\/\"]}]},{\"@type\":\"BreadcrumbList\",\"@id\":\"https:\/\/hoyre.no\/osteroy\/aktuelt\/politisk_platform\/#breadcrumb\",\"itemListElement\":[{\"@type\":\"ListItem\",\"position\":1,\"name\":\"Til hoyre.no\",\"item\":\"https:\/\/hoyre.no\"},{\"@type\":\"ListItem\",\"position\":2,\"name\":\"Hjem\",\"item\":\"https:\/\/hoyre.no\/osteroy\/\"},{\"@type\":\"ListItem\",\"position\":3,\"name\":\"Politisk Platform\"}]},{\"@type\":\"WebSite\",\"@id\":\"https:\/\/hoyre.no\/osteroy\/#website\",\"url\":\"https:\/\/hoyre.no\/osteroy\/\",\"name\":\"Oster\u00f8y H\u00f8gre\",\"description\":\"Bare enda et H\u00f8yres nettsteder-nettsted\",\"inLanguage\":\"nn-NO\"}]}<\/script>\n<!-- \/ Yoast SEO plugin. -->","yoast_head_json":{"title":"Politisk Platform - Oster\u00f8y H\u00f8gre","robots":{"index":"index","follow":"follow","max-snippet":"max-snippet:-1","max-image-preview":"max-image-preview:large","max-video-preview":"max-video-preview:-1"},"canonical":"https:\/\/hoyre.no\/osteroy\/aktuelt\/politisk_platform\/","og_locale":"nn_NO","og_type":"article","og_title":"Politisk Platform - Oster\u00f8y H\u00f8gre","og_url":"https:\/\/hoyre.no\/osteroy\/aktuelt\/politisk_platform\/","og_site_name":"Oster\u00f8y H\u00f8gre","article_published_time":"2019-11-02T22:00:00+00:00","og_image":[{"url":"https:\/\/hoyre.no\/content\/uploads\/sites\/324\/2021\/04\/IMG_2973-1024x768.jpg","width":"","height":"","type":""}],"twitter_card":"summary_large_image","twitter_misc":{"Est. reading time":"3 minutt"},"schema":{"@context":"https:\/\/schema.org","@graph":[{"@type":"NewsArticle","@id":"https:\/\/hoyre.no\/osteroy\/aktuelt\/politisk_platform\/","url":"https:\/\/hoyre.no\/osteroy\/aktuelt\/politisk_platform\/","name":"Politisk Platform - Oster\u00f8y H\u00f8gre","isPartOf":{"@id":"https:\/\/hoyre.no\/osteroy\/#website"},"datePublished":"2019-11-02T22:00:00+00:00","author":{"@id":""},"breadcrumb":{"@id":"https:\/\/hoyre.no\/osteroy\/aktuelt\/politisk_platform\/#breadcrumb"},"inLanguage":"nn-NO","potentialAction":[{"@type":"ReadAction","target":["https:\/\/hoyre.no\/osteroy\/aktuelt\/politisk_platform\/"]}]},{"@type":"BreadcrumbList","@id":"https:\/\/hoyre.no\/osteroy\/aktuelt\/politisk_platform\/#breadcrumb","itemListElement":[{"@type":"ListItem","position":1,"name":"Til hoyre.no","item":"https:\/\/hoyre.no"},{"@type":"ListItem","position":2,"name":"Hjem","item":"https:\/\/hoyre.no\/osteroy\/"},{"@type":"ListItem","position":3,"name":"Politisk Platform"}]},{"@type":"WebSite","@id":"https:\/\/hoyre.no\/osteroy\/#website","url":"https:\/\/hoyre.no\/osteroy\/","name":"Oster\u00f8y H\u00f8gre","description":"Bare enda et H\u00f8yres nettsteder-nettsted","inLanguage":"nn-NO"}]}},"distributor_meta":false,"distributor_terms":false,"distributor_media":false,"distributor_original_site_name":"Oster\u00f8y H\u00f8gre","distributor_original_site_url":"https:\/\/hoyre.no\/osteroy","push-errors":false,"_links":{"self":[{"href":"https:\/\/hoyre.no\/osteroy\/wp-json\/wp\/v2\/posts\/25","targetHints":{"allow":["GET"]}}],"collection":[{"href":"https:\/\/hoyre.no\/osteroy\/wp-json\/wp\/v2\/posts"}],"about":[{"href":"https:\/\/hoyre.no\/osteroy\/wp-json\/wp\/v2\/types\/post"}],"replies":[{"embeddable":true,"href":"https:\/\/hoyre.no\/osteroy\/wp-json\/wp\/v2\/comments?post=25"}],"version-history":[{"count":0,"href":"https:\/\/hoyre.no\/osteroy\/wp-json\/wp\/v2\/posts\/25\/revisions"}],"wp:attachment":[{"href":"https:\/\/hoyre.no\/osteroy\/wp-json\/wp\/v2\/media?parent=25"}],"wp:term":[{"taxonomy":"category","embeddable":true,"href":"https:\/\/hoyre.no\/osteroy\/wp-json\/wp\/v2\/category?post=25"},{"taxonomy":"post_tag","embeddable":true,"href":"https:\/\/hoyre.no\/osteroy\/wp-json\/wp\/v2\/post_tag?post=25"},{"taxonomy":"hoyre-visibility","embeddable":true,"href":"https:\/\/hoyre.no\/osteroy\/wp-json\/wp\/v2\/hoyre-visibility?post=25"},{"taxonomy":"article-type","embeddable":true,"href":"https:\/\/hoyre.no\/osteroy\/wp-json\/wp\/v2\/article-type?post=25"},{"taxonomy":"politician","embeddable":true,"href":"https:\/\/hoyre.no\/osteroy\/wp-json\/wp\/v2\/politician?post=25"}],"curies":[{"name":"wp","href":"https:\/\/api.w.org\/{rel}","templated":true}]}}