{"id":38,"date":"2021-04-14T13:41:14","date_gmt":"2021-04-14T11:41:14","guid":{"rendered":"https:\/\/hoyre.no\/osteroy\/?p=38"},"modified":"2023-08-18T07:44:22","modified_gmt":"2023-08-18T05:44:22","slug":"omkamp-igjen","status":"publish","type":"post","link":"https:\/\/hoyre.no\/osteroy\/aktuelt\/omkamp-igjen\/","title":{"rendered":"Omkamp&#8230; igjen"},"content":{"rendered":"\n<p class=\"preamble\">Kva Oster\u00f8y H\u00f8gre meiner om lovlegkontrollane<\/p>\t\t\t<div class=\"post-meta wp-block teft-byline-wrapper\">\n\t\t\t\t<div class=\"top\">\n\t\t\t\t\t<div class=\"signature\">\n\t\t\t\t\t\t<div class=\"teft-byline\">\n\t\t\t\t\t\t\t\t\t\t\t\t\t\t<div>\n\t\t\t\t\t\t\t\t<h3>H\u00f8yres redaksjon<\/h3>\t\t\t\t\t\t\t\t\n\t\t\t\t\t\t\t\t\t\t\t\t\t\t\t\t\t<span class=\"date\">Sist oppdatert: 18. august 2023<\/span>\n\t\t\t\t\t\t\t\t\t\t\t\t\t\t\t\t\t\t\t\t\t\t\t\t\t<span class=\"reading-time\" itemprop=\"timeRequired\" content=\"PT3M\"><em>Ca. 3 minutter lesetid<\/em><\/span>\n\t\t\t\t\t\t\t\t\t\t\t\t\t\t\t<\/div>\n\t\t\t\t\t\t<\/div>\n\t\t\t\t\t<\/div>\n\t\t\t\t\t\t<div class=\"sharing\">\n\t\t<a class=\"share-button share-link copy-link\" data-copy=\"https:\/\/hoyre.no\/osteroy\/aktuelt\/omkamp-igjen\/\" target=\"_blank\"><span class=\"screen-reader-text\">Del link<\/span><\/a>\n\t\t<a class=\"share-button share-twitter\" href=\"http:\/\/twitter.com\/share?text=Omkamp&#8230; igjen&#038;url=https:\/\/hoyre.no\/osteroy\/aktuelt\/omkamp-igjen\/&#038;hashtags=Hoyre\" target=\"_blank\"><span class=\"screen-reader-text\">Del p\u00e5 twitter<\/span><\/a>\n\t\t<a class=\"share-button share-facebook\" href=\"https:\/\/www.facebook.com\/sharer\/sharer.php?u=https:\/\/hoyre.no\/osteroy\/aktuelt\/omkamp-igjen\/\" target=\"_blank\"><span class=\"screen-reader-text\">Del p\u00e5 facebook<\/span><\/a>\n\t<\/div>\n\t\t\t\t\t<\/div>\n\t\t\t<\/div>\n\n\t\t\t<figure class=\"hoyre-image-wrapper\"><div class=\"hoyre-image\"><img loading=\"lazy\" decoding=\"async\" width=\"2500\" height=\"1875\" src=\"https:\/\/hoyre.no\/content\/uploads\/sites\/324\/2021\/04\/IMG_2973-scaled.jpg\" class=\"attachment-scaled size-scaled\" alt=\"\" style=\"object-position: 50% 50%\" srcset=\"https:\/\/hoyre.no\/content\/uploads\/sites\/324\/2021\/04\/IMG_2973-scaled.jpg 2500w, https:\/\/hoyre.no\/content\/uploads\/sites\/324\/2021\/04\/IMG_2973-300x225.jpg 300w, https:\/\/hoyre.no\/content\/uploads\/sites\/324\/2021\/04\/IMG_2973-1024x768.jpg 1024w, https:\/\/hoyre.no\/content\/uploads\/sites\/324\/2021\/04\/IMG_2973-768x576.jpg 768w, https:\/\/hoyre.no\/content\/uploads\/sites\/324\/2021\/04\/IMG_2973-1536x1152.jpg 1536w, https:\/\/hoyre.no\/content\/uploads\/sites\/324\/2021\/04\/IMG_2973-2048x1536.jpg 2048w\" sizes=\"auto, (max-width: 2500px) 100vw, 2500px\" \/><\/div><figcaption class=\"caption\">P\u00e5 villspor p\u00e5 Oster\u00f8y<\/figcaption><\/figure>\n\n\n\n\n<p>H\u00f8gre registrerer at Oster\u00f8y Frp har levert inn lovlegkontrollar til tre av dei fjorten sakene som var handsama i heradsstyrem\u00f8te 7. april og at dette er dekka av <a href=\"https:\/\/www.bygdanytt.no\/nyheiter\/i\/56Kmmb\/krev-lovlegkontroll-av-tre-heradsstyrevedtak\" target=\"_blank\" aria-label=\"undefined (opens in a new tab)\" rel=\"noreferrer noopener nofollow\">lokalavisa m\u00e5ndag 12. april<\/a>.<\/p>\n\n\n\n<p>Ordf\u00f8rar Lars Fjeldstad <a href=\"https:\/\/www.bygdanytt.no\/nyheiter\/i\/jB2qGb\/lukka-moetet-utan-aa-visa-til-lovheimel\" target=\"_blank\" aria-label=\"undefined (opens in a new tab)\" rel=\"noreferrer noopener nofollow\">har alt dagen etter m\u00f8tet lagt seg flat og bedt om orsaking<\/a> for at lovheimelen som var brukt til \u00e5 lukka m\u00f8tet for dei to siste sakene ikkje var opplyst f\u00f8r etter at m\u00f8tet var lukka. Det bryt med heradsstyret sitt reglement. Vi hadde d\u00e5 sete i m\u00f8te i n\u00e6rare ti timar og klokka gjekk mot midnatt. Vidare hadde han i byrjinga av m\u00f8tet alt opplyst om at det ville bli lukka i dei to siste sakene.<\/p>\n\n\n\n<p><a href=\"https:\/\/youtu.be\/3a8LjY9Xvt0?t=11315\" target=\"_blank\" aria-label=\"undefined (opens in a new tab)\" rel=\"noreferrer noopener nofollow\">I opptaket kjem det tydeleg fram<\/a> at ordf\u00f8rar gjer greie for dette og ber om tilslutnad fr\u00e5 heradsstyret om \u00e5 lukka resten av m\u00f8tet. Ein m\u00e5 tyde tagnaden og tommel opp fr\u00e5 deltakarar som aksept i tr\u00e5d med krava i <a href=\"https:\/\/lovdata.no\/lov\/2018-06-22-83\/\u00a711-5\" target=\"_blank\" aria-label=\"undefined (opens in a new tab)\" rel=\"noreferrer noopener nofollow\">kommunelova \u00a711-5 tredje del<\/a>, og det var ingen representant som ba om debatt om lukkinga av m\u00f8tet eller fremja krav om formell avr\u00f8ysting. At ordf\u00f8rar ber om slik tilslutnad er etablert praksis i Oster\u00f8y heradsstyre og har alltid vore godteke av representantane.<\/p>\n\n\n\n<p>At denne handlinga skal ha p\u00e5verka utfallet i saka og er soleis grunnlag for to lovlegkontrollar stiller vi oss undrande til i H\u00f8gre.<\/p>\n\n\n\n<p>Tredje saka som Frp krev lovlegkontroll av er innbyggjarinitiativet om kommunesamansl\u00e5ing med Bergen. Etter ein lengre debatt sat heradsstyret att med tre framlegg til vedtak: Eitt fr\u00e5 Frp, eitt fr\u00e5 SV og MDG, og eitt fr\u00e5 Sp. Dei to fyrste var nok s\u00e5 like og oppmoda mellom anna til folker\u00f8ysting medan det siste sa blankt nei til kommunesamansl\u00e5ing.<\/p>\n\n\n\n<p>I avr\u00f8ysting der det er fleire alternative framlegg skal representantane ha h\u00f8ve til \u00e5 ikkje r\u00f8ysta for framlegg dei er imot. Difor skulle vi r\u00f8ysta over dei ein og ein om gongen. Her <a href=\"https:\/\/youtu.be\/3a8LjY9Xvt0?t=10967\" target=\"_blank\" aria-label=\"undefined (opens in a new tab)\" rel=\"noreferrer noopener nofollow\">insisterte Frp sin representant<\/a> at vi m\u00e5tte r\u00f8ysta over Sp sitt fyrst fordi \u00ab<em>det var mest ytterlegg\u00e5ande<\/em>\u00bb og n\u00e5r det framlegget fekk reint fleirtal med hjelp fr\u00e5 Frp sine r\u00f8yster var det ikkje noko tvil: Saka var avgjort. Frp hadde valt \u00e5 r\u00f8ysta p\u00e5 Sp sitt framlegg og ikkje sitt eige.<\/p>\n\n\n\n<p>At Frp leverer lovlegkontroll p\u00e5 eit vedtak dei sj\u00f8lv har vore med p\u00e5 \u00e5 sikra fleirtal for meiner vi i H\u00f8gre er uforst\u00e5eleg! Dei nemner korkje det eller at framlegget fekk fleirtal i kravet om lovlegkontroll, noko som er sers misvisande.<\/p>\n\n\n\n<p>Med tanke p\u00e5 Frp sitt utspel med lovlegkontroll kan ein undra om dei eigentleg ynskja seg eit anna utfall i saka, men vi meiner dette er feil metode. Det hadde tatt seg betre ut \u00e5 vedg\u00e5 at partiet hadde r\u00f8ysta feil og bedt om \u00e5 f\u00e5 saka opp att, i staden for \u00e5 gje ordf\u00f8raren skulda og meina at vedtaket var fatta p\u00e5 feil grunnlag.<\/p>\n\n\n\n<p>H\u00f8gre skulle sj\u00f8lvsagt sett at saka vart teken opp att men ikkje p\u00e5 dette viset; <em>M\u00e5let heilagar ikkje middelet<\/em>. Vi ser ingen grunn til \u00e5 ta dei tre sakene oppatt til handsaming med grunnlag i at noko ulovleg skal ha skjedd.<\/p>\n\n\n\n<p><strong>Dette meiner vi uavhengig av om vi var samde eller usamde i dei opphavlege vedtaka som vart fatta.<\/strong><\/p>\n\n\n<div class=\"tags\">\n\t\t<div class=\"wp-block-tag-cloud\">\n\t\t\t\t\t<a href=\"https:\/\/hoyre.no\/osteroy\/aktuelt\/tag\/heradsstyret\/\" class=\"tag-cloud-link\">heradsstyret<\/a>\n\t\t\t\t\t<a href=\"https:\/\/hoyre.no\/osteroy\/aktuelt\/tag\/lovlegkontroll\/\" class=\"tag-cloud-link\">lovlegkontroll<\/a>\n\t\t\t\t\t<a href=\"https:\/\/hoyre.no\/osteroy\/aktuelt\/tag\/osteroy\/\" class=\"tag-cloud-link\">oster\u00f8y<\/a>\n\t\t\t<\/div>\n\t<\/div>\n<div class=\"post-footer alignfull has-background block-editor-block-list__block\" data-align=full>\n\t<div class=\"post-footer-inner\">\n\t\t<h3>Relaterte artikler<\/h3>\n\t\t<div class=\"related-content\"><div class=\"is-card-hoyre\">\n\t<div class=\"teft-card hoyre-teft-card post-teft-card\">\n\t\t<a href=\"https:\/\/hoyre.no\/osteroy\/aktuelt\/konstituerande-mote\/\" class=\"teft-card__primary-action\">\n\n\t\t\t\t\t<div class=\"teft-card__media teft-card__media--16-9\">\n\t\t\t\t\t\t<img loading=\"lazy\" decoding=\"async\" width=\"768\" height=\"503\" src=\"https:\/\/hoyre.no\/content\/uploads\/sites\/324\/2023\/10\/alle-talarstol-768x503.jpg\" class=\"attachment-medium_large size-medium_large\" alt=\"\" srcset=\"https:\/\/hoyre.no\/content\/uploads\/sites\/324\/2023\/10\/alle-talarstol-768x503.jpg 768w, https:\/\/hoyre.no\/content\/uploads\/sites\/324\/2023\/10\/alle-talarstol-300x196.jpg 300w, https:\/\/hoyre.no\/content\/uploads\/sites\/324\/2023\/10\/alle-talarstol-1024x670.jpg 1024w, https:\/\/hoyre.no\/content\/uploads\/sites\/324\/2023\/10\/alle-talarstol-1536x1005.jpg 1536w, https:\/\/hoyre.no\/content\/uploads\/sites\/324\/2023\/10\/alle-talarstol-2048x1340.jpg 2048w\" sizes=\"auto, (max-width: 768px) 100vw, 768px\" \/>\t\t<\/div>\n\t\t\n\t\t\t<div class=\"teft-card__content-wrapper\">\n\t\t\t\t<div class=\"teft-card__secondary\">\n\t\t\t\t\t\n\t\t\t\t\t\t\t\t<div class=\"teft-card__meta\">\n\t\t\t\t\t\t\t\t\t<span class=\"post-date\">31. okt 2023<\/span>\n\n\t\t\t\t\t\t\t\t\t<span class=\"post-category\">Oster\u00f8y<\/span>\t\t\t\t\t\t\t\t<\/div>\n\t\t\t\t\t\t\t\t\t\t\t<\/div>\n\n\t\t\t\t<div class=\"teft-card__primary\">\n\t\t\t\t\t<h2 class=\"teft-card__title\">Konstituerande m\u00f8te i Oster\u00f8y heradsstyre&nbsp;<span class=\"teft-card__primary-title-append\"><\/span><\/h2>\t\t\t\t<\/div>\n\t\t\t<\/div>\n\t\t<\/a>\n\t<\/div>\n\n\t<\/div><div class=\"is-card-hoyre\">\n\t<div class=\"teft-card hoyre-teft-card post-teft-card\">\n\t\t<a href=\"https:\/\/hoyre.no\/osteroy\/aktuelt\/refleksjonar-etter-valet-og-forhandlingane\/\" class=\"teft-card__primary-action\">\n\n\t\t\t\t\t<div class=\"teft-card__media teft-card__media--16-9\">\n\t\t\t\t\t\t<img loading=\"lazy\" decoding=\"async\" width=\"768\" height=\"958\" src=\"https:\/\/hoyre.no\/content\/uploads\/sites\/324\/2023\/10\/valkamp-2023-768x958.jpg\" class=\"attachment-medium_large size-medium_large\" alt=\"\" srcset=\"https:\/\/hoyre.no\/content\/uploads\/sites\/324\/2023\/10\/valkamp-2023-768x958.jpg 768w, https:\/\/hoyre.no\/content\/uploads\/sites\/324\/2023\/10\/valkamp-2023-240x300.jpg 240w, https:\/\/hoyre.no\/content\/uploads\/sites\/324\/2023\/10\/valkamp-2023-821x1024.jpg 821w, https:\/\/hoyre.no\/content\/uploads\/sites\/324\/2023\/10\/valkamp-2023.jpg 1210w\" sizes=\"auto, (max-width: 768px) 100vw, 768px\" \/>\t\t<\/div>\n\t\t\n\t\t\t<div class=\"teft-card__content-wrapper\">\n\t\t\t\t<div class=\"teft-card__secondary\">\n\t\t\t\t\t\n\t\t\t\t\t\t\t\t<div class=\"teft-card__meta\">\n\t\t\t\t\t\t\t\t\t<span class=\"post-date\">31. okt 2023<\/span>\n\n\t\t\t\t\t\t\t\t\t<span class=\"post-category\">Oster\u00f8y<\/span>\t\t\t\t\t\t\t\t<\/div>\n\t\t\t\t\t\t\t\t\t\t\t<\/div>\n\n\t\t\t\t<div class=\"teft-card__primary\">\n\t\t\t\t\t<h2 class=\"teft-card__title\">Refleksjonar etter valet og forhandlingane&nbsp;<span class=\"teft-card__primary-title-append\"><\/span><\/h2>\t\t\t\t<\/div>\n\t\t\t<\/div>\n\t\t<\/a>\n\t<\/div>\n\n\t<\/div><div class=\"is-card-hoyre\">\n\t<div class=\"teft-card hoyre-teft-card post-teft-card\">\n\t\t<a href=\"https:\/\/hoyre.no\/osteroy\/aktuelt\/om_kommunereform_i_valkampen\/\" class=\"teft-card__primary-action\">\n\n\t\t\t\t\t<div class=\"teft-card__media teft-card__media--16-9\">\n\t\t\t\t\t\t<img loading=\"lazy\" decoding=\"async\" width=\"768\" height=\"432\" src=\"https:\/\/hoyre.no\/content\/uploads\/sites\/324\/2020\/11\/img_2551_16x9-768x432.jpg\" class=\"attachment-medium_large size-medium_large\" alt=\"\" srcset=\"https:\/\/hoyre.no\/content\/uploads\/sites\/324\/2020\/11\/img_2551_16x9-768x432.jpg 768w, https:\/\/hoyre.no\/content\/uploads\/sites\/324\/2020\/11\/img_2551_16x9-300x169.jpg 300w, https:\/\/hoyre.no\/content\/uploads\/sites\/324\/2020\/11\/img_2551_16x9-1024x577.jpg 1024w, https:\/\/hoyre.no\/content\/uploads\/sites\/324\/2020\/11\/img_2551_16x9-1536x865.jpg 1536w, https:\/\/hoyre.no\/content\/uploads\/sites\/324\/2020\/11\/img_2551_16x9-2048x1153.jpg 2048w\" sizes=\"auto, (max-width: 768px) 100vw, 768px\" \/>\t\t<\/div>\n\t\t\n\t\t\t<div class=\"teft-card__content-wrapper\">\n\t\t\t\t<div class=\"teft-card__secondary\">\n\t\t\t\t\t\n\t\t\t\t\t\t\t\t<div class=\"teft-card__meta\">\n\t\t\t\t\t\t\t\t\t<span class=\"post-date\">2. nov 2019<\/span>\n\n\t\t\t\t\t\t\t\t\t\t\t\t\t\t\t\t\t<\/div>\n\t\t\t\t\t\t\t\t\t\t\t<\/div>\n\n\t\t\t\t<div class=\"teft-card__primary\">\n\t\t\t\t\t<h2 class=\"teft-card__title\">Kommunereform i valkampen&nbsp;<span class=\"teft-card__primary-title-append\"><\/span><\/h2>\t\t\t\t<\/div>\n\t\t\t<\/div>\n\t\t<\/a>\n\t<\/div>\n\n\t<\/div><\/div>\t<\/div>\n<\/div>\n","protected":false},"excerpt":{"rendered":"","protected":false},"author":27738,"featured_media":0,"comment_status":"closed","ping_status":"closed","sticky":false,"template":"","format":"standard","meta":{"teft_cards_image_url":"","teft_cards_custom_pretitle":"","teft_cards_image_id":39,"teft_cards_image_focal_point_x":0.5,"teft_cards_image_focal_point_y":0.5,"teft_cards_title":"","teft_cards_excerpt":"","teft_show_chapters":false,"author_display_name":"","footnotes":""},"category":[1],"post_tag":[5,4,3],"hoyre-visibility":[],"article-type":[],"politician":[],"class_list":["post-38","post","type-post","status-publish","format-standard","hentry","category-ukategorisert","tag-heradsstyret","tag-lovlegkontroll","tag-osteroy"],"yoast_head":"<!-- This site is optimized with the Yoast SEO plugin v26.6 - https:\/\/yoast.com\/wordpress\/plugins\/seo\/ -->\n<title>Omkamp... igjen - Oster\u00f8y H\u00f8gre<\/title>\n<meta name=\"robots\" content=\"index, follow, max-snippet:-1, max-image-preview:large, max-video-preview:-1\" \/>\n<link rel=\"canonical\" href=\"https:\/\/hoyre.no\/osteroy\/aktuelt\/omkamp-igjen\/\" \/>\n<meta property=\"og:locale\" content=\"nn_NO\" \/>\n<meta property=\"og:type\" content=\"article\" \/>\n<meta property=\"og:title\" content=\"Omkamp... igjen - Oster\u00f8y H\u00f8gre\" \/>\n<meta property=\"og:url\" content=\"https:\/\/hoyre.no\/osteroy\/aktuelt\/omkamp-igjen\/\" \/>\n<meta property=\"og:site_name\" content=\"Oster\u00f8y H\u00f8gre\" \/>\n<meta property=\"article:published_time\" content=\"2021-04-14T11:41:14+00:00\" \/>\n<meta property=\"article:modified_time\" content=\"2023-08-18T05:44:22+00:00\" \/>\n<meta property=\"og:image\" content=\"https:\/\/hoyre.no\/content\/uploads\/sites\/324\/2020\/11\/img_2551_16x9-1024x577.jpg\" \/>\n<meta name=\"author\" content=\"Hjalti Heimir Gislason\" \/>\n<meta name=\"twitter:card\" content=\"summary_large_image\" \/>\n<meta name=\"twitter:label1\" content=\"Written by\" \/>\n\t<meta name=\"twitter:data1\" content=\"Hjalti Heimir Gislason\" \/>\n\t<meta name=\"twitter:label2\" content=\"Est. reading time\" \/>\n\t<meta name=\"twitter:data2\" content=\"3 minutt\" \/>\n<script type=\"application\/ld+json\" class=\"yoast-schema-graph\">{\"@context\":\"https:\/\/schema.org\",\"@graph\":[{\"@type\":\"NewsArticle\",\"@id\":\"https:\/\/hoyre.no\/osteroy\/aktuelt\/omkamp-igjen\/\",\"url\":\"https:\/\/hoyre.no\/osteroy\/aktuelt\/omkamp-igjen\/\",\"name\":\"Omkamp... igjen - Oster\u00f8y H\u00f8gre\",\"isPartOf\":{\"@id\":\"https:\/\/hoyre.no\/osteroy\/#website\"},\"datePublished\":\"2021-04-14T11:41:14+00:00\",\"dateModified\":\"2023-08-18T05:44:22+00:00\",\"author\":{\"@id\":\"https:\/\/hoyre.no\/osteroy\/#\/schema\/person\/4f1d9fc14c1fc771e645912a069ed50d\"},\"breadcrumb\":{\"@id\":\"https:\/\/hoyre.no\/osteroy\/aktuelt\/omkamp-igjen\/#breadcrumb\"},\"inLanguage\":\"nn-NO\",\"potentialAction\":[{\"@type\":\"ReadAction\",\"target\":[\"https:\/\/hoyre.no\/osteroy\/aktuelt\/omkamp-igjen\/\"]}]},{\"@type\":\"BreadcrumbList\",\"@id\":\"https:\/\/hoyre.no\/osteroy\/aktuelt\/omkamp-igjen\/#breadcrumb\",\"itemListElement\":[{\"@type\":\"ListItem\",\"position\":1,\"name\":\"Til hoyre.no\",\"item\":\"https:\/\/hoyre.no\"},{\"@type\":\"ListItem\",\"position\":2,\"name\":\"Hjem\",\"item\":\"https:\/\/hoyre.no\/osteroy\/\"},{\"@type\":\"ListItem\",\"position\":3,\"name\":\"Omkamp&#8230; igjen\"}]},{\"@type\":\"WebSite\",\"@id\":\"https:\/\/hoyre.no\/osteroy\/#website\",\"url\":\"https:\/\/hoyre.no\/osteroy\/\",\"name\":\"Oster\u00f8y H\u00f8gre\",\"description\":\"Bare enda et H\u00f8yres nettsteder-nettsted\",\"inLanguage\":\"nn-NO\"},{\"@type\":\"Person\",\"@id\":\"https:\/\/hoyre.no\/osteroy\/#\/schema\/person\/4f1d9fc14c1fc771e645912a069ed50d\",\"name\":\"Hjalti Heimir Gislason\",\"image\":{\"@type\":\"ImageObject\",\"inLanguage\":\"nn-NO\",\"@id\":\"https:\/\/hoyre.no\/osteroy\/#\/schema\/person\/image\/\",\"url\":\"https:\/\/secure.gravatar.com\/avatar\/d313028f623995d12c748b6176e07852322284ee77fe32bf4e3d3bb0814eb960?s=96&d=mm&r=g\",\"contentUrl\":\"https:\/\/secure.gravatar.com\/avatar\/d313028f623995d12c748b6176e07852322284ee77fe32bf4e3d3bb0814eb960?s=96&d=mm&r=g\",\"caption\":\"Hjalti Heimir Gislason\"},\"url\":\"https:\/\/hoyre.no\/osteroy\/aktuelt\/author\/m51509362\/\"}]}<\/script>\n<!-- \/ Yoast SEO plugin. -->","yoast_head_json":{"title":"Omkamp... igjen - Oster\u00f8y H\u00f8gre","robots":{"index":"index","follow":"follow","max-snippet":"max-snippet:-1","max-image-preview":"max-image-preview:large","max-video-preview":"max-video-preview:-1"},"canonical":"https:\/\/hoyre.no\/osteroy\/aktuelt\/omkamp-igjen\/","og_locale":"nn_NO","og_type":"article","og_title":"Omkamp... igjen - Oster\u00f8y H\u00f8gre","og_url":"https:\/\/hoyre.no\/osteroy\/aktuelt\/omkamp-igjen\/","og_site_name":"Oster\u00f8y H\u00f8gre","article_published_time":"2021-04-14T11:41:14+00:00","article_modified_time":"2023-08-18T05:44:22+00:00","og_image":[{"url":"https:\/\/hoyre.no\/content\/uploads\/sites\/324\/2020\/11\/img_2551_16x9-1024x577.jpg","width":"","height":"","type":""}],"author":"Hjalti Heimir Gislason","twitter_card":"summary_large_image","twitter_misc":{"Written by":"Hjalti Heimir Gislason","Est. reading time":"3 minutt"},"schema":{"@context":"https:\/\/schema.org","@graph":[{"@type":"NewsArticle","@id":"https:\/\/hoyre.no\/osteroy\/aktuelt\/omkamp-igjen\/","url":"https:\/\/hoyre.no\/osteroy\/aktuelt\/omkamp-igjen\/","name":"Omkamp... igjen - Oster\u00f8y H\u00f8gre","isPartOf":{"@id":"https:\/\/hoyre.no\/osteroy\/#website"},"datePublished":"2021-04-14T11:41:14+00:00","dateModified":"2023-08-18T05:44:22+00:00","author":{"@id":"https:\/\/hoyre.no\/osteroy\/#\/schema\/person\/4f1d9fc14c1fc771e645912a069ed50d"},"breadcrumb":{"@id":"https:\/\/hoyre.no\/osteroy\/aktuelt\/omkamp-igjen\/#breadcrumb"},"inLanguage":"nn-NO","potentialAction":[{"@type":"ReadAction","target":["https:\/\/hoyre.no\/osteroy\/aktuelt\/omkamp-igjen\/"]}]},{"@type":"BreadcrumbList","@id":"https:\/\/hoyre.no\/osteroy\/aktuelt\/omkamp-igjen\/#breadcrumb","itemListElement":[{"@type":"ListItem","position":1,"name":"Til hoyre.no","item":"https:\/\/hoyre.no"},{"@type":"ListItem","position":2,"name":"Hjem","item":"https:\/\/hoyre.no\/osteroy\/"},{"@type":"ListItem","position":3,"name":"Omkamp&#8230; igjen"}]},{"@type":"WebSite","@id":"https:\/\/hoyre.no\/osteroy\/#website","url":"https:\/\/hoyre.no\/osteroy\/","name":"Oster\u00f8y H\u00f8gre","description":"Bare enda et H\u00f8yres nettsteder-nettsted","inLanguage":"nn-NO"},{"@type":"Person","@id":"https:\/\/hoyre.no\/osteroy\/#\/schema\/person\/4f1d9fc14c1fc771e645912a069ed50d","name":"Hjalti Heimir Gislason","image":{"@type":"ImageObject","inLanguage":"nn-NO","@id":"https:\/\/hoyre.no\/osteroy\/#\/schema\/person\/image\/","url":"https:\/\/secure.gravatar.com\/avatar\/d313028f623995d12c748b6176e07852322284ee77fe32bf4e3d3bb0814eb960?s=96&d=mm&r=g","contentUrl":"https:\/\/secure.gravatar.com\/avatar\/d313028f623995d12c748b6176e07852322284ee77fe32bf4e3d3bb0814eb960?s=96&d=mm&r=g","caption":"Hjalti Heimir Gislason"},"url":"https:\/\/hoyre.no\/osteroy\/aktuelt\/author\/m51509362\/"}]}},"distributor_meta":false,"distributor_terms":false,"distributor_media":false,"distributor_original_site_name":"Oster\u00f8y H\u00f8gre","distributor_original_site_url":"https:\/\/hoyre.no\/osteroy","push-errors":false,"_links":{"self":[{"href":"https:\/\/hoyre.no\/osteroy\/wp-json\/wp\/v2\/posts\/38","targetHints":{"allow":["GET"]}}],"collection":[{"href":"https:\/\/hoyre.no\/osteroy\/wp-json\/wp\/v2\/posts"}],"about":[{"href":"https:\/\/hoyre.no\/osteroy\/wp-json\/wp\/v2\/types\/post"}],"author":[{"embeddable":true,"href":"https:\/\/hoyre.no\/osteroy\/wp-json\/wp\/v2\/users\/27738"}],"replies":[{"embeddable":true,"href":"https:\/\/hoyre.no\/osteroy\/wp-json\/wp\/v2\/comments?post=38"}],"version-history":[{"count":3,"href":"https:\/\/hoyre.no\/osteroy\/wp-json\/wp\/v2\/posts\/38\/revisions"}],"predecessor-version":[{"id":118,"href":"https:\/\/hoyre.no\/osteroy\/wp-json\/wp\/v2\/posts\/38\/revisions\/118"}],"wp:attachment":[{"href":"https:\/\/hoyre.no\/osteroy\/wp-json\/wp\/v2\/media?parent=38"}],"wp:term":[{"taxonomy":"category","embeddable":true,"href":"https:\/\/hoyre.no\/osteroy\/wp-json\/wp\/v2\/category?post=38"},{"taxonomy":"post_tag","embeddable":true,"href":"https:\/\/hoyre.no\/osteroy\/wp-json\/wp\/v2\/post_tag?post=38"},{"taxonomy":"hoyre-visibility","embeddable":true,"href":"https:\/\/hoyre.no\/osteroy\/wp-json\/wp\/v2\/hoyre-visibility?post=38"},{"taxonomy":"article-type","embeddable":true,"href":"https:\/\/hoyre.no\/osteroy\/wp-json\/wp\/v2\/article-type?post=38"},{"taxonomy":"politician","embeddable":true,"href":"https:\/\/hoyre.no\/osteroy\/wp-json\/wp\/v2\/politician?post=38"}],"curies":[{"name":"wp","href":"https:\/\/api.w.org\/{rel}","templated":true}]}}