{"id":1279,"date":"2025-05-19T11:44:26","date_gmt":"2025-05-19T09:44:26","guid":{"rendered":"https:\/\/hoyre.no\/ostfold\/?p=1279"},"modified":"2025-05-19T11:45:05","modified_gmt":"2025-05-19T09:45:05","slug":"stores-fargerike-kaoskoalisjon","status":"publish","type":"post","link":"https:\/\/hoyre.no\/ostfold\/aktuelt\/stores-fargerike-kaoskoalisjon\/","title":{"rendered":"St\u00f8res fargerike kaoskoalisjon"},"content":{"rendered":"\n<p class=\"preamble\">Dette er ikke et usannsynlig skremmebilde, men virkeligheten med dagens meningsm\u00e5linger og St\u00f8res fl\u00f8rting med partiet R\u00f8dt.<\/p>\t\t\t<div class=\"post-meta wp-block teft-byline-wrapper\">\n\t\t\t\t<div class=\"top\">\n\t\t\t\t\t<div class=\"signature\">\n\t\t\t\t\t\t<div class=\"teft-byline\">\n\t\t\t\t\t\t\t\t\t\t\t\t\t\t<div>\n\t\t\t\t\t\t\t\t<h3>H\u00f8yres redaksjon<\/h3>\t\t\t\t\t\t\t\t\n\t\t\t\t\t\t\t\t\t\t\t\t\t\t\t\t\t<span class=\"date\">Sist oppdatert: 19. mai 2025<\/span>\n\t\t\t\t\t\t\t\t\t\t\t\t\t\t\t\t\t\t\t\t\t\t\t\t\t<span class=\"reading-time\" itemprop=\"timeRequired\" content=\"PT3M\"><em>Ca. 3 minutter lesetid<\/em><\/span>\n\t\t\t\t\t\t\t\t\t\t\t\t\t\t\t<\/div>\n\t\t\t\t\t\t<\/div>\n\t\t\t\t\t<\/div>\n\t\t\t\t\t\t<div class=\"sharing\">\n\t\t<a class=\"share-button share-link copy-link\" data-copy=\"https:\/\/hoyre.no\/ostfold\/aktuelt\/stores-fargerike-kaoskoalisjon\/\" target=\"_blank\"><span class=\"screen-reader-text\">Del link<\/span><\/a>\n\t\t<a class=\"share-button share-twitter\" href=\"http:\/\/twitter.com\/share?text=St\u00f8res fargerike kaoskoalisjon&#038;url=https:\/\/hoyre.no\/ostfold\/aktuelt\/stores-fargerike-kaoskoalisjon\/&#038;hashtags=Hoyre\" target=\"_blank\"><span class=\"screen-reader-text\">Del p\u00e5 twitter<\/span><\/a>\n\t\t<a class=\"share-button share-facebook\" href=\"https:\/\/www.facebook.com\/sharer\/sharer.php?u=https:\/\/hoyre.no\/ostfold\/aktuelt\/stores-fargerike-kaoskoalisjon\/\" target=\"_blank\"><span class=\"screen-reader-text\">Del p\u00e5 facebook<\/span><\/a>\n\t<\/div>\n\t\t\t\t\t<\/div>\n\t\t\t<\/div>\n\n\t\t\t<figure class=\"hoyre-image-wrapper\"><div class=\"hoyre-image\"><img loading=\"lazy\" decoding=\"async\" width=\"2500\" height=\"1875\" src=\"https:\/\/hoyre.no\/content\/uploads\/sites\/426\/2025\/05\/IMG_0795-4-3-scaled.jpg\" class=\"attachment-scaled size-scaled\" alt=\"\" style=\"object-position: 50% 50%\" srcset=\"https:\/\/hoyre.no\/content\/uploads\/sites\/426\/2025\/05\/IMG_0795-4-3-scaled.jpg 2500w, https:\/\/hoyre.no\/content\/uploads\/sites\/426\/2025\/05\/IMG_0795-4-3-300x225.jpg 300w, https:\/\/hoyre.no\/content\/uploads\/sites\/426\/2025\/05\/IMG_0795-4-3-1024x768.jpg 1024w, https:\/\/hoyre.no\/content\/uploads\/sites\/426\/2025\/05\/IMG_0795-4-3-768x576.jpg 768w, https:\/\/hoyre.no\/content\/uploads\/sites\/426\/2025\/05\/IMG_0795-4-3-1536x1152.jpg 1536w, https:\/\/hoyre.no\/content\/uploads\/sites\/426\/2025\/05\/IMG_0795-4-3-2048x1536.jpg 2048w\" sizes=\"auto, (max-width: 2500px) 100vw, 2500px\" \/><\/div><figcaption class=\"caption\"><em>Tage Pettersen, Elin Ileby Nakstad, Erik Unaas og Henriette Celine Gaustad, stortingskandidater for \u00d8stfold H\u00f8yre<\/em><\/figcaption><\/figure>\n\n\n\n\n<p>Det er ingen tvil om at vi g\u00e5r et spennende stortingsvalg i m\u00f8te. Slik m\u00e5lingene ser ut i dag, st\u00e5r det mellom en borgerlig regjering som jobbet godt sammen under Erna Solbergs ledelse i perioden 2013-2021. Eller en r\u00f8dgr\u00f8nn regjering der Arbeiderpartiet trenger b\u00e5de Sp, MDG, R\u00f8dt og SV for \u00e5 beholde makten. Ikke siden h\u00f8sten 2021 har dagens regjeringsgrunnlag best\u00e5ende av Ap, Sp og SV hatt flertall p\u00e5 m\u00e5lingene.&nbsp;<\/p>\n\n\n\n<p>Like skremmende er det at St\u00f8re holder d\u00f8ren p\u00e5 gl\u00f8tt for et formelt samarbeid med R\u00f8dt. Enda mer skremmende er det at han ikke vil avvise regjeringssamarbeid med dem. &nbsp;SV har allerede avvist St\u00f8res skattel\u00f8fte, s\u00e5 vi kan bare tenke oss hvordan det blir med R\u00f8dt. Kommer R\u00f8dt p\u00e5 vippen for St\u00f8re, kan det dramatisk endre Norge slik vi kjenner det.&nbsp;<\/p>\n\n\n\n<p>Etter LO-kongressen sist uke, s\u00e5 tar ogs\u00e5 de et stort steg mot venstre. Det ser vi b\u00e5de i de politiske sakene de l\u00f8fter frem, hvilke ord den nye LO-lederen bruker om oss i de borgerlige partiene, og til slutt en kraftig \u00f8kning av pengest\u00f8tten til R\u00f8dt.<\/p>\n\n\n\n<p>Vi har tre store bekymringer dersom R\u00f8dt f\u00e5r makt. Det f\u00f8rste er \u00f8kte skatter, hvor R\u00f8dt foresl\u00e5r 40 milliarder i \u00f8kte skatter bare i \u00e5r. Det andre er sikkerheten v\u00e5r, hvor R\u00f8dt vil melde Norge ut av NATO og E\u00d8S. Det tredje er valgfriheten, hvor R\u00f8dt lover \u00e5 fjerne alle private tilbydere i velferden. Det er en dramatisk annerledes politikk som vil gj\u00f8re folk mer utrygge.&nbsp;<\/p>\n\n\n\n<p>Dette er ikke l\u00f8sningene vi i \u00d8stfold trenger! Mer enn noen gang trenger vi en satsing p\u00e5 sikkerhet og beredskap. Den milit\u00e6re tilstedev\u00e6relsen p\u00e5 Rygge er viktigere \u00e5 styrke enn noen gang. Alle deler av fylket v\u00e5rt trenger at vi tar imot gr\u00fcndere med \u00e5pne armer, og at de bedriftene som allerede er der gis gode rammebetingelser og lavere skatt. Det blir f\u00e6rre \u2013 ikke flere \u2013 arbeidsplasser av \u00e5 skattlegge n\u00e6ringslivet hardere. Skal vi klare \u00e5 redusere helsek\u00f8ene, skal vi kunne hjelpe de s\u00e5rbare barna som akkurat n\u00e5 venter p\u00e5 plass i barnevernet, eller skal vi sikre gode barnehageplasser til de minste \u2013 s\u00e5 m\u00e5 vi benytte alle kvalifiserte tilbydere.<\/p>\n\n\n\n<p>De politikkomr\u00e5dene vi her har trukket frem, er viktige for oss som bor i \u00d8stfold. Om R\u00f8dt f\u00e5r en eller to hender p\u00e5 St\u00f8res ratt, s\u00e5 vil vondt g\u00e5 til verre. Den eneste garantien mot \u00e5 la R\u00f8dt f\u00e5 gjennomslag, er \u00e5 stemme H\u00f8yre. En stemme til St\u00f8re er en stemme til \u00e5 potensielt la R\u00f8dt f\u00e5 makt og innflytelse. Det vil bety \u00f8kte skatter, mer utrygghet og mindre frihet for folk.&nbsp;<\/p>\n\n\n<div class=\"tags\">\n\t<\/div>\n<div class=\"post-footer alignfull has-background block-editor-block-list__block\" data-align=full>\n\t<div class=\"post-footer-inner\">\n\t\t<h3>Relaterte artikler<\/h3>\n\t\t<div class=\"related-content\"><div class=\"is-card-hoyre\">\n\t<div class=\"teft-card hoyre-teft-card post-teft-card\">\n\t\t<a href=\"https:\/\/hoyre.no\/ostfold\/aktuelt\/hvor-lenge-ma-kvinner-med-overgangsalder-problemer-vente\/\" class=\"teft-card__primary-action\">\n\n\t\t\t\t\t<div class=\"teft-card__media teft-card__media--16-9\">\n\t\t\t\t\t\t<img loading=\"lazy\" decoding=\"async\" width=\"480\" height=\"360\" src=\"https:\/\/hoyre.no\/content\/uploads\/sites\/426\/2026\/04\/Marianne-Elin.jpg\" class=\"attachment-medium_large size-medium_large\" alt=\"\" srcset=\"https:\/\/hoyre.no\/content\/uploads\/sites\/426\/2026\/04\/Marianne-Elin.jpg 480w, https:\/\/hoyre.no\/content\/uploads\/sites\/426\/2026\/04\/Marianne-Elin-300x225.jpg 300w\" sizes=\"auto, (max-width: 480px) 100vw, 480px\" \/>\t\t<\/div>\n\t\t\n\t\t\t<div class=\"teft-card__content-wrapper\">\n\t\t\t\t<div class=\"teft-card__secondary\">\n\t\t\t\t\t\n\t\t\t\t\t\t\t\t<div class=\"teft-card__meta\">\n\t\t\t\t\t\t\t\t\t<span class=\"post-date\">24. apr 2026<\/span>\n\n\t\t\t\t\t\t\t\t\t<span class=\"post-category\">Nyheter<\/span>\t\t\t\t\t\t\t\t<\/div>\n\t\t\t\t\t\t\t\t\t\t\t<\/div>\n\n\t\t\t\t<div class=\"teft-card__primary\">\n\t\t\t\t\t<h2 class=\"teft-card__title\">Hvor lenge m\u00e5 kvinner med overgangsalder-problemer vente?&nbsp;<span class=\"teft-card__primary-title-append\"><\/span><\/h2>\t\t\t\t<\/div>\n\t\t\t<\/div>\n\t\t<\/a>\n\t<\/div>\n\n\t<\/div><div class=\"is-card-hoyre\">\n\t<div class=\"teft-card hoyre-teft-card post-teft-card\">\n\t\t<a href=\"https:\/\/hoyre.no\/ostfold\/aktuelt\/kvinnehelse-i-sentrum-fra-eu-strategi-til-norsk-handling\/\" class=\"teft-card__primary-action\">\n\n\t\t\t\t\t<div class=\"teft-card__media teft-card__media--16-9\">\n\t\t\t\t\t\t<img loading=\"lazy\" decoding=\"async\" width=\"768\" height=\"576\" src=\"https:\/\/hoyre.no\/content\/uploads\/sites\/426\/2026\/04\/InShot_20260422_150314984-768x576.jpg\" class=\"attachment-medium_large size-medium_large\" alt=\"\" srcset=\"https:\/\/hoyre.no\/content\/uploads\/sites\/426\/2026\/04\/InShot_20260422_150314984-768x576.jpg 768w, https:\/\/hoyre.no\/content\/uploads\/sites\/426\/2026\/04\/InShot_20260422_150314984-300x225.jpg 300w, https:\/\/hoyre.no\/content\/uploads\/sites\/426\/2026\/04\/InShot_20260422_150314984-1024x768.jpg 1024w, https:\/\/hoyre.no\/content\/uploads\/sites\/426\/2026\/04\/InShot_20260422_150314984-1536x1152.jpg 1536w, https:\/\/hoyre.no\/content\/uploads\/sites\/426\/2026\/04\/InShot_20260422_150314984-2048x1536.jpg 2048w\" sizes=\"auto, (max-width: 768px) 100vw, 768px\" \/>\t\t<\/div>\n\t\t\n\t\t\t<div class=\"teft-card__content-wrapper\">\n\t\t\t\t<div class=\"teft-card__secondary\">\n\t\t\t\t\t\n\t\t\t\t\t\t\t\t<div class=\"teft-card__meta\">\n\t\t\t\t\t\t\t\t\t<span class=\"post-date\">22. apr 2026<\/span>\n\n\t\t\t\t\t\t\t\t\t<span class=\"post-category\">Helse og omsorg<\/span>\t\t\t\t\t\t\t\t<\/div>\n\t\t\t\t\t\t\t\t\t\t\t<\/div>\n\n\t\t\t\t<div class=\"teft-card__primary\">\n\t\t\t\t\t<h2 class=\"teft-card__title\">Kvinnehelse i sentrum: Fra EU-strategi til norsk handling&nbsp;<span class=\"teft-card__primary-title-append\"><\/span><\/h2>\t\t\t\t<\/div>\n\t\t\t<\/div>\n\t\t<\/a>\n\t<\/div>\n\n\t<\/div><div class=\"is-card-hoyre\">\n\t<div class=\"teft-card hoyre-teft-card post-teft-card\">\n\t\t<a href=\"https:\/\/hoyre.no\/ostfold\/aktuelt\/hoyre-onsker-felles-billett-for-tog-og-buss\/\" class=\"teft-card__primary-action\">\n\n\t\t\t\t\t<div class=\"teft-card__media teft-card__media--16-9\">\n\t\t\t\t\t\t<img loading=\"lazy\" decoding=\"async\" width=\"768\" height=\"576\" src=\"https:\/\/hoyre.no\/content\/uploads\/sites\/426\/2026\/04\/Erik-Unaas-Gretha-Kant-og-Thor-Christian-Hansteen-Ostfold-Hoyres-samferdselsfraksjon-foto-Kjetil-Ostereng-768x576.jpg\" class=\"attachment-medium_large size-medium_large\" alt=\"\" srcset=\"https:\/\/hoyre.no\/content\/uploads\/sites\/426\/2026\/04\/Erik-Unaas-Gretha-Kant-og-Thor-Christian-Hansteen-Ostfold-Hoyres-samferdselsfraksjon-foto-Kjetil-Ostereng-768x576.jpg 768w, https:\/\/hoyre.no\/content\/uploads\/sites\/426\/2026\/04\/Erik-Unaas-Gretha-Kant-og-Thor-Christian-Hansteen-Ostfold-Hoyres-samferdselsfraksjon-foto-Kjetil-Ostereng-300x225.jpg 300w, https:\/\/hoyre.no\/content\/uploads\/sites\/426\/2026\/04\/Erik-Unaas-Gretha-Kant-og-Thor-Christian-Hansteen-Ostfold-Hoyres-samferdselsfraksjon-foto-Kjetil-Ostereng-1024x768.jpg 1024w, https:\/\/hoyre.no\/content\/uploads\/sites\/426\/2026\/04\/Erik-Unaas-Gretha-Kant-og-Thor-Christian-Hansteen-Ostfold-Hoyres-samferdselsfraksjon-foto-Kjetil-Ostereng-1536x1152.jpg 1536w, https:\/\/hoyre.no\/content\/uploads\/sites\/426\/2026\/04\/Erik-Unaas-Gretha-Kant-og-Thor-Christian-Hansteen-Ostfold-Hoyres-samferdselsfraksjon-foto-Kjetil-Ostereng-2048x1536.jpg 2048w\" sizes=\"auto, (max-width: 768px) 100vw, 768px\" \/>\t\t<\/div>\n\t\t\n\t\t\t<div class=\"teft-card__content-wrapper\">\n\t\t\t\t<div class=\"teft-card__secondary\">\n\t\t\t\t\t\n\t\t\t\t\t\t\t\t<div class=\"teft-card__meta\">\n\t\t\t\t\t\t\t\t\t<span class=\"post-date\">6. apr 2026<\/span>\n\n\t\t\t\t\t\t\t\t\t<span class=\"post-category\">Nyheter<\/span>\t\t\t\t\t\t\t\t<\/div>\n\t\t\t\t\t\t\t\t\t\t\t<\/div>\n\n\t\t\t\t<div class=\"teft-card__primary\">\n\t\t\t\t\t<h2 class=\"teft-card__title\">H\u00f8yre \u00f8nsker felles billett for tog og buss&nbsp;<span class=\"teft-card__primary-title-append\"><\/span><\/h2>\t\t\t\t<\/div>\n\t\t\t<\/div>\n\t\t<\/a>\n\t<\/div>\n\n\t<\/div><\/div>\t<\/div>\n<\/div>\n","protected":false},"excerpt":{"rendered":"","protected":false},"author":339,"featured_media":0,"comment_status":"closed","ping_status":"closed","sticky":false,"template":"","format":"standard","meta":{"teft_cards_image_url":"","teft_cards_custom_pretitle":"","teft_cards_image_id":1280,"teft_cards_image_focal_point_x":0.5,"teft_cards_image_focal_point_y":0.5,"teft_cards_title":"","teft_cards_excerpt":"","teft_show_chapters":false,"author_display_name":"Tage Pettersen, Elin Ileby Nakstad, Erik Unaas og Henriette Celine Gaustad, stortingskandidater for \u00d8stfold H\u00f8yre ","footnotes":""},"category":[1],"post_tag":[],"hoyre-visibility":[],"article-type":[],"politician":[],"class_list":["post-1279","post","type-post","status-publish","format-standard","hentry","category-nyheter"],"yoast_head":"<!-- This site is optimized with the Yoast SEO plugin v26.6 - https:\/\/yoast.com\/wordpress\/plugins\/seo\/ -->\n<title>St\u00f8res fargerike kaoskoalisjon - \u00d8stfold H\u00f8yre<\/title>\n<meta name=\"description\" content=\"Vi har tre store bekymringer dersom R\u00f8dt f\u00e5r makt. Det f\u00f8rste er \u00f8kte skatter, hvor R\u00f8dt foresl\u00e5r 40 milliarder i \u00f8kte skatter bare i \u00e5r. Det andre er sikkerheten v\u00e5r, hvor R\u00f8dt vil melde Norge ut av NATO og E\u00d8S. Det tredje er valgfriheten, hvor R\u00f8dt lover \u00e5 fjerne alle private tilbydere i velferden.\" \/>\n<meta name=\"robots\" content=\"index, follow, max-snippet:-1, max-image-preview:large, max-video-preview:-1\" \/>\n<link rel=\"canonical\" href=\"https:\/\/hoyre.no\/ostfold\/aktuelt\/stores-fargerike-kaoskoalisjon\/\" \/>\n<meta property=\"og:locale\" content=\"nb_NO\" \/>\n<meta property=\"og:type\" content=\"article\" \/>\n<meta property=\"og:title\" content=\"St\u00f8res fargerike kaoskoalisjon - \u00d8stfold H\u00f8yre\" \/>\n<meta property=\"og:description\" content=\"Vi har tre store bekymringer dersom R\u00f8dt f\u00e5r makt. Det f\u00f8rste er \u00f8kte skatter, hvor R\u00f8dt foresl\u00e5r 40 milliarder i \u00f8kte skatter bare i \u00e5r. Det andre er sikkerheten v\u00e5r, hvor R\u00f8dt vil melde Norge ut av NATO og E\u00d8S. Det tredje er valgfriheten, hvor R\u00f8dt lover \u00e5 fjerne alle private tilbydere i velferden.\" \/>\n<meta property=\"og:url\" content=\"https:\/\/hoyre.no\/ostfold\/aktuelt\/stores-fargerike-kaoskoalisjon\/\" \/>\n<meta property=\"og:site_name\" content=\"\u00d8stfold H\u00f8yre\" \/>\n<meta property=\"article:publisher\" content=\"https:\/\/www.facebook.com\/ostfoldhoyre\" \/>\n<meta property=\"article:published_time\" content=\"2025-05-19T09:44:26+00:00\" \/>\n<meta property=\"article:modified_time\" content=\"2025-05-19T09:45:05+00:00\" \/>\n<meta property=\"og:image\" content=\"https:\/\/hoyre.no\/content\/uploads\/sites\/426\/2026\/04\/Erik-Unaas-Gretha-Kant-og-Thor-Christian-Hansteen-Ostfold-Hoyres-samferdselsfraksjon-foto-Kjetil-Ostereng-1024x768.jpg\" \/>\n<meta name=\"author\" content=\"Gjermund Krogstad\" \/>\n<meta name=\"twitter:card\" content=\"summary_large_image\" \/>\n<meta name=\"twitter:label1\" content=\"Skrevet av\" \/>\n\t<meta name=\"twitter:data1\" content=\"Gjermund Krogstad\" \/>\n\t<meta name=\"twitter:label2\" content=\"Ansl. lesetid\" \/>\n\t<meta name=\"twitter:data2\" content=\"3 minutter\" \/>\n<script type=\"application\/ld+json\" class=\"yoast-schema-graph\">{\"@context\":\"https:\/\/schema.org\",\"@graph\":[{\"@type\":\"Article\",\"@id\":\"https:\/\/hoyre.no\/ostfold\/aktuelt\/stores-fargerike-kaoskoalisjon\/#article\",\"isPartOf\":{\"@id\":\"https:\/\/hoyre.no\/ostfold\/aktuelt\/stores-fargerike-kaoskoalisjon\/\"},\"author\":{\"name\":\"Gjermund Krogstad\",\"@id\":\"https:\/\/hoyre.no\/ostfold\/#\/schema\/person\/5be7a0ced8da0969840a21bd65689d59\"},\"headline\":\"St\u00f8res fargerike kaoskoalisjon\",\"datePublished\":\"2025-05-19T09:44:26+00:00\",\"dateModified\":\"2025-05-19T09:45:05+00:00\",\"mainEntityOfPage\":{\"@id\":\"https:\/\/hoyre.no\/ostfold\/aktuelt\/stores-fargerike-kaoskoalisjon\/\"},\"wordCount\":527,\"publisher\":{\"@id\":\"https:\/\/hoyre.no\/ostfold\/#organization\"},\"articleSection\":[\"Nyheter\"],\"inLanguage\":\"nb-NO\"},{\"@type\":\"NewsArticle\",\"@id\":\"https:\/\/hoyre.no\/ostfold\/aktuelt\/stores-fargerike-kaoskoalisjon\/\",\"url\":\"https:\/\/hoyre.no\/ostfold\/aktuelt\/stores-fargerike-kaoskoalisjon\/\",\"name\":\"St\u00f8res fargerike kaoskoalisjon - \u00d8stfold H\u00f8yre\",\"isPartOf\":{\"@id\":\"https:\/\/hoyre.no\/ostfold\/#website\"},\"datePublished\":\"2025-05-19T09:44:26+00:00\",\"dateModified\":\"2025-05-19T09:45:05+00:00\",\"description\":\"Vi har tre store bekymringer dersom R\u00f8dt f\u00e5r makt. Det f\u00f8rste er \u00f8kte skatter, hvor R\u00f8dt foresl\u00e5r 40 milliarder i \u00f8kte skatter bare i \u00e5r. Det andre er sikkerheten v\u00e5r, hvor R\u00f8dt vil melde Norge ut av NATO og E\u00d8S. Det tredje er valgfriheten, hvor R\u00f8dt lover \u00e5 fjerne alle private tilbydere i velferden.\",\"breadcrumb\":{\"@id\":\"https:\/\/hoyre.no\/ostfold\/aktuelt\/stores-fargerike-kaoskoalisjon\/#breadcrumb\"},\"inLanguage\":\"nb-NO\",\"potentialAction\":[{\"@type\":\"ReadAction\",\"target\":[\"https:\/\/hoyre.no\/ostfold\/aktuelt\/stores-fargerike-kaoskoalisjon\/\"]}]},{\"@type\":\"BreadcrumbList\",\"@id\":\"https:\/\/hoyre.no\/ostfold\/aktuelt\/stores-fargerike-kaoskoalisjon\/#breadcrumb\",\"itemListElement\":[{\"@type\":\"ListItem\",\"position\":1,\"name\":\"Til hoyre.no\",\"item\":\"https:\/\/hoyre.no\"},{\"@type\":\"ListItem\",\"position\":2,\"name\":\"Hjem\",\"item\":\"https:\/\/hoyre.no\/ostfold\/\"},{\"@type\":\"ListItem\",\"position\":3,\"name\":\"St\u00f8res fargerike kaoskoalisjon\"}]},{\"@type\":\"WebSite\",\"@id\":\"https:\/\/hoyre.no\/ostfold\/#website\",\"url\":\"https:\/\/hoyre.no\/ostfold\/\",\"name\":\"\u00d8stfold H\u00f8yre\",\"description\":\"\",\"publisher\":{\"@id\":\"https:\/\/hoyre.no\/ostfold\/#organization\"},\"inLanguage\":\"nb-NO\"},{\"@type\":\"Organization\",\"@id\":\"https:\/\/hoyre.no\/ostfold\/#organization\",\"name\":\"\u00d8stfold H\u00f8yre\",\"url\":\"https:\/\/hoyre.no\/ostfold\/\",\"logo\":{\"@type\":\"ImageObject\",\"inLanguage\":\"nb-NO\",\"@id\":\"https:\/\/hoyre.no\/ostfold\/#\/schema\/logo\/image\/\",\"url\":\"https:\/\/hoyre.no\/content\/uploads\/sites\/426\/2023\/02\/hoyre_logo.png\",\"contentUrl\":\"https:\/\/hoyre.no\/content\/uploads\/sites\/426\/2023\/02\/hoyre_logo.png\",\"width\":1000,\"height\":1000,\"caption\":\"\u00d8stfold H\u00f8yre\"},\"image\":{\"@id\":\"https:\/\/hoyre.no\/ostfold\/#\/schema\/logo\/image\/\"},\"sameAs\":[\"https:\/\/www.facebook.com\/ostfoldhoyre\"]},{\"@type\":\"Person\",\"@id\":\"https:\/\/hoyre.no\/ostfold\/#\/schema\/person\/5be7a0ced8da0969840a21bd65689d59\",\"name\":\"Gjermund Krogstad\",\"image\":{\"@type\":\"ImageObject\",\"inLanguage\":\"nb-NO\",\"@id\":\"https:\/\/hoyre.no\/ostfold\/#\/schema\/person\/image\/\",\"url\":\"https:\/\/secure.gravatar.com\/avatar\/a581018c855c680f78e882c15f70e9b9fd9190ee714b6cb95d911f77171b4086?s=96&d=mm&r=g\",\"contentUrl\":\"https:\/\/secure.gravatar.com\/avatar\/a581018c855c680f78e882c15f70e9b9fd9190ee714b6cb95d911f77171b4086?s=96&d=mm&r=g\",\"caption\":\"Gjermund Krogstad\"},\"url\":\"https:\/\/hoyre.no\/ostfold\/aktuelt\/author\/m50137017\/\"}]}<\/script>\n<!-- \/ Yoast SEO plugin. -->","yoast_head_json":{"title":"St\u00f8res fargerike kaoskoalisjon - \u00d8stfold H\u00f8yre","description":"Vi har tre store bekymringer dersom R\u00f8dt f\u00e5r makt. Det f\u00f8rste er \u00f8kte skatter, hvor R\u00f8dt foresl\u00e5r 40 milliarder i \u00f8kte skatter bare i \u00e5r. Det andre er sikkerheten v\u00e5r, hvor R\u00f8dt vil melde Norge ut av NATO og E\u00d8S. Det tredje er valgfriheten, hvor R\u00f8dt lover \u00e5 fjerne alle private tilbydere i velferden.","robots":{"index":"index","follow":"follow","max-snippet":"max-snippet:-1","max-image-preview":"max-image-preview:large","max-video-preview":"max-video-preview:-1"},"canonical":"https:\/\/hoyre.no\/ostfold\/aktuelt\/stores-fargerike-kaoskoalisjon\/","og_locale":"nb_NO","og_type":"article","og_title":"St\u00f8res fargerike kaoskoalisjon - \u00d8stfold H\u00f8yre","og_description":"Vi har tre store bekymringer dersom R\u00f8dt f\u00e5r makt. Det f\u00f8rste er \u00f8kte skatter, hvor R\u00f8dt foresl\u00e5r 40 milliarder i \u00f8kte skatter bare i \u00e5r. Det andre er sikkerheten v\u00e5r, hvor R\u00f8dt vil melde Norge ut av NATO og E\u00d8S. Det tredje er valgfriheten, hvor R\u00f8dt lover \u00e5 fjerne alle private tilbydere i velferden.","og_url":"https:\/\/hoyre.no\/ostfold\/aktuelt\/stores-fargerike-kaoskoalisjon\/","og_site_name":"\u00d8stfold H\u00f8yre","article_publisher":"https:\/\/www.facebook.com\/ostfoldhoyre","article_published_time":"2025-05-19T09:44:26+00:00","article_modified_time":"2025-05-19T09:45:05+00:00","og_image":[{"url":"https:\/\/hoyre.no\/content\/uploads\/sites\/426\/2026\/04\/Erik-Unaas-Gretha-Kant-og-Thor-Christian-Hansteen-Ostfold-Hoyres-samferdselsfraksjon-foto-Kjetil-Ostereng-1024x768.jpg","width":"","height":"","type":""}],"author":"Gjermund Krogstad","twitter_card":"summary_large_image","twitter_misc":{"Skrevet av":"Gjermund Krogstad","Ansl. lesetid":"3 minutter"},"schema":{"@context":"https:\/\/schema.org","@graph":[{"@type":"Article","@id":"https:\/\/hoyre.no\/ostfold\/aktuelt\/stores-fargerike-kaoskoalisjon\/#article","isPartOf":{"@id":"https:\/\/hoyre.no\/ostfold\/aktuelt\/stores-fargerike-kaoskoalisjon\/"},"author":{"name":"Gjermund Krogstad","@id":"https:\/\/hoyre.no\/ostfold\/#\/schema\/person\/5be7a0ced8da0969840a21bd65689d59"},"headline":"St\u00f8res fargerike kaoskoalisjon","datePublished":"2025-05-19T09:44:26+00:00","dateModified":"2025-05-19T09:45:05+00:00","mainEntityOfPage":{"@id":"https:\/\/hoyre.no\/ostfold\/aktuelt\/stores-fargerike-kaoskoalisjon\/"},"wordCount":527,"publisher":{"@id":"https:\/\/hoyre.no\/ostfold\/#organization"},"articleSection":["Nyheter"],"inLanguage":"nb-NO"},{"@type":"NewsArticle","@id":"https:\/\/hoyre.no\/ostfold\/aktuelt\/stores-fargerike-kaoskoalisjon\/","url":"https:\/\/hoyre.no\/ostfold\/aktuelt\/stores-fargerike-kaoskoalisjon\/","name":"St\u00f8res fargerike kaoskoalisjon - \u00d8stfold H\u00f8yre","isPartOf":{"@id":"https:\/\/hoyre.no\/ostfold\/#website"},"datePublished":"2025-05-19T09:44:26+00:00","dateModified":"2025-05-19T09:45:05+00:00","description":"Vi har tre store bekymringer dersom R\u00f8dt f\u00e5r makt. Det f\u00f8rste er \u00f8kte skatter, hvor R\u00f8dt foresl\u00e5r 40 milliarder i \u00f8kte skatter bare i \u00e5r. Det andre er sikkerheten v\u00e5r, hvor R\u00f8dt vil melde Norge ut av NATO og E\u00d8S. Det tredje er valgfriheten, hvor R\u00f8dt lover \u00e5 fjerne alle private tilbydere i velferden.","breadcrumb":{"@id":"https:\/\/hoyre.no\/ostfold\/aktuelt\/stores-fargerike-kaoskoalisjon\/#breadcrumb"},"inLanguage":"nb-NO","potentialAction":[{"@type":"ReadAction","target":["https:\/\/hoyre.no\/ostfold\/aktuelt\/stores-fargerike-kaoskoalisjon\/"]}]},{"@type":"BreadcrumbList","@id":"https:\/\/hoyre.no\/ostfold\/aktuelt\/stores-fargerike-kaoskoalisjon\/#breadcrumb","itemListElement":[{"@type":"ListItem","position":1,"name":"Til hoyre.no","item":"https:\/\/hoyre.no"},{"@type":"ListItem","position":2,"name":"Hjem","item":"https:\/\/hoyre.no\/ostfold\/"},{"@type":"ListItem","position":3,"name":"St\u00f8res fargerike kaoskoalisjon"}]},{"@type":"WebSite","@id":"https:\/\/hoyre.no\/ostfold\/#website","url":"https:\/\/hoyre.no\/ostfold\/","name":"\u00d8stfold H\u00f8yre","description":"","publisher":{"@id":"https:\/\/hoyre.no\/ostfold\/#organization"},"inLanguage":"nb-NO"},{"@type":"Organization","@id":"https:\/\/hoyre.no\/ostfold\/#organization","name":"\u00d8stfold H\u00f8yre","url":"https:\/\/hoyre.no\/ostfold\/","logo":{"@type":"ImageObject","inLanguage":"nb-NO","@id":"https:\/\/hoyre.no\/ostfold\/#\/schema\/logo\/image\/","url":"https:\/\/hoyre.no\/content\/uploads\/sites\/426\/2023\/02\/hoyre_logo.png","contentUrl":"https:\/\/hoyre.no\/content\/uploads\/sites\/426\/2023\/02\/hoyre_logo.png","width":1000,"height":1000,"caption":"\u00d8stfold H\u00f8yre"},"image":{"@id":"https:\/\/hoyre.no\/ostfold\/#\/schema\/logo\/image\/"},"sameAs":["https:\/\/www.facebook.com\/ostfoldhoyre"]},{"@type":"Person","@id":"https:\/\/hoyre.no\/ostfold\/#\/schema\/person\/5be7a0ced8da0969840a21bd65689d59","name":"Gjermund Krogstad","image":{"@type":"ImageObject","inLanguage":"nb-NO","@id":"https:\/\/hoyre.no\/ostfold\/#\/schema\/person\/image\/","url":"https:\/\/secure.gravatar.com\/avatar\/a581018c855c680f78e882c15f70e9b9fd9190ee714b6cb95d911f77171b4086?s=96&d=mm&r=g","contentUrl":"https:\/\/secure.gravatar.com\/avatar\/a581018c855c680f78e882c15f70e9b9fd9190ee714b6cb95d911f77171b4086?s=96&d=mm&r=g","caption":"Gjermund Krogstad"},"url":"https:\/\/hoyre.no\/ostfold\/aktuelt\/author\/m50137017\/"}]}},"distributor_meta":false,"distributor_terms":false,"distributor_media":false,"distributor_original_site_name":"\u00d8stfold H\u00f8yre","distributor_original_site_url":"https:\/\/hoyre.no\/ostfold","push-errors":false,"_links":{"self":[{"href":"https:\/\/hoyre.no\/ostfold\/wp-json\/wp\/v2\/posts\/1279","targetHints":{"allow":["GET"]}}],"collection":[{"href":"https:\/\/hoyre.no\/ostfold\/wp-json\/wp\/v2\/posts"}],"about":[{"href":"https:\/\/hoyre.no\/ostfold\/wp-json\/wp\/v2\/types\/post"}],"author":[{"embeddable":true,"href":"https:\/\/hoyre.no\/ostfold\/wp-json\/wp\/v2\/users\/339"}],"replies":[{"embeddable":true,"href":"https:\/\/hoyre.no\/ostfold\/wp-json\/wp\/v2\/comments?post=1279"}],"version-history":[{"count":1,"href":"https:\/\/hoyre.no\/ostfold\/wp-json\/wp\/v2\/posts\/1279\/revisions"}],"predecessor-version":[{"id":1281,"href":"https:\/\/hoyre.no\/ostfold\/wp-json\/wp\/v2\/posts\/1279\/revisions\/1281"}],"wp:attachment":[{"href":"https:\/\/hoyre.no\/ostfold\/wp-json\/wp\/v2\/media?parent=1279"}],"wp:term":[{"taxonomy":"category","embeddable":true,"href":"https:\/\/hoyre.no\/ostfold\/wp-json\/wp\/v2\/category?post=1279"},{"taxonomy":"post_tag","embeddable":true,"href":"https:\/\/hoyre.no\/ostfold\/wp-json\/wp\/v2\/post_tag?post=1279"},{"taxonomy":"hoyre-visibility","embeddable":true,"href":"https:\/\/hoyre.no\/ostfold\/wp-json\/wp\/v2\/hoyre-visibility?post=1279"},{"taxonomy":"article-type","embeddable":true,"href":"https:\/\/hoyre.no\/ostfold\/wp-json\/wp\/v2\/article-type?post=1279"},{"taxonomy":"politician","embeddable":true,"href":"https:\/\/hoyre.no\/ostfold\/wp-json\/wp\/v2\/politician?post=1279"}],"curies":[{"name":"wp","href":"https:\/\/api.w.org\/{rel}","templated":true}]}}