{"id":742,"date":"2024-05-06T09:34:00","date_gmt":"2024-05-06T07:34:00","guid":{"rendered":"https:\/\/hoyre.no\/ostfold\/?p=742"},"modified":"2024-08-26T12:33:35","modified_gmt":"2024-08-26T10:33:35","slug":"ostfold-hoyres-nominasjonsprosess-stortingsvalget-2025","status":"publish","type":"post","link":"https:\/\/hoyre.no\/ostfold\/aktuelt\/ostfold-hoyres-nominasjonsprosess-stortingsvalget-2025\/","title":{"rendered":"\u00d8stfold H\u00f8yres nominasjonsprosess &#8211; stortingsvalget 2025"},"content":{"rendered":"\n<p class=\"preamble\">\u00d8stfold H\u00f8yres nominasjonskomit\u00e9 har startet arbeidet med \u00e5 finne 15 listekandidater til H\u00f8yres valgliste ved stortingsvalget 2025. Nominasjonsm\u00f8tet finner sted 19. november 2024.<\/p>\t\t\t<div class=\"post-meta wp-block teft-byline-wrapper\">\n\t\t\t\t<div class=\"top\">\n\t\t\t\t\t<div class=\"signature\">\n\t\t\t\t\t\t<div class=\"teft-byline\">\n\t\t\t\t\t\t\t\t\t\t\t\t\t\t<div>\n\t\t\t\t\t\t\t\t<h3>H\u00f8yres redaksjon<\/h3>\t\t\t\t\t\t\t\t\n\t\t\t\t\t\t\t\t\t\t\t\t\t\t\t\t\t<span class=\"date\">Sist oppdatert: 26. august 2024<\/span>\n\t\t\t\t\t\t\t\t\t\t\t\t\t\t\t\t\t\t\t\t\t\t\t\t\t<span class=\"reading-time\" itemprop=\"timeRequired\" content=\"PT4M\"><em>Ca. 4 minutter lesetid<\/em><\/span>\n\t\t\t\t\t\t\t\t\t\t\t\t\t\t\t<\/div>\n\t\t\t\t\t\t<\/div>\n\t\t\t\t\t<\/div>\n\t\t\t\t\t\t<div class=\"sharing\">\n\t\t<a class=\"share-button share-link copy-link\" data-copy=\"https:\/\/hoyre.no\/ostfold\/aktuelt\/ostfold-hoyres-nominasjonsprosess-stortingsvalget-2025\/\" target=\"_blank\"><span class=\"screen-reader-text\">Del link<\/span><\/a>\n\t\t<a class=\"share-button share-twitter\" href=\"http:\/\/twitter.com\/share?text=\u00d8stfold H\u00f8yres nominasjonsprosess &#8211; stortingsvalget 2025&#038;url=https:\/\/hoyre.no\/ostfold\/aktuelt\/ostfold-hoyres-nominasjonsprosess-stortingsvalget-2025\/&#038;hashtags=Hoyre\" target=\"_blank\"><span class=\"screen-reader-text\">Del p\u00e5 twitter<\/span><\/a>\n\t\t<a class=\"share-button share-facebook\" href=\"https:\/\/www.facebook.com\/sharer\/sharer.php?u=https:\/\/hoyre.no\/ostfold\/aktuelt\/ostfold-hoyres-nominasjonsprosess-stortingsvalget-2025\/\" target=\"_blank\"><span class=\"screen-reader-text\">Del p\u00e5 facebook<\/span><\/a>\n\t<\/div>\n\t\t\t\t\t<\/div>\n\t\t\t<\/div>\n\n\t\t\t<figure class=\"hoyre-image-wrapper\"><div class=\"hoyre-image\"><img loading=\"lazy\" decoding=\"async\" width=\"2500\" height=\"1658\" src=\"https:\/\/hoyre.no\/content\/uploads\/sites\/426\/2024\/03\/Stortinget-Foto-Hans-Kristian-Thorbjornsen.jpg\" class=\"attachment-scaled size-scaled\" alt=\"\" style=\"object-position: 50% 50%\" srcset=\"https:\/\/hoyre.no\/content\/uploads\/sites\/426\/2024\/03\/Stortinget-Foto-Hans-Kristian-Thorbjornsen.jpg 2500w, https:\/\/hoyre.no\/content\/uploads\/sites\/426\/2024\/03\/Stortinget-Foto-Hans-Kristian-Thorbjornsen-300x199.jpg 300w, https:\/\/hoyre.no\/content\/uploads\/sites\/426\/2024\/03\/Stortinget-Foto-Hans-Kristian-Thorbjornsen-1024x679.jpg 1024w, https:\/\/hoyre.no\/content\/uploads\/sites\/426\/2024\/03\/Stortinget-Foto-Hans-Kristian-Thorbjornsen-768x509.jpg 768w, https:\/\/hoyre.no\/content\/uploads\/sites\/426\/2024\/03\/Stortinget-Foto-Hans-Kristian-Thorbjornsen-1536x1019.jpg 1536w, https:\/\/hoyre.no\/content\/uploads\/sites\/426\/2024\/03\/Stortinget-Foto-Hans-Kristian-Thorbjornsen-2048x1358.jpg 2048w\" sizes=\"auto, (max-width: 2500px) 100vw, 2500px\" \/><\/div><figcaption class=\"caption\"><em>Foto: Hans Kristian Thorbj\u00f8rnsen\/H\u00f8yre.<\/em><\/figcaption><\/figure>\n\n\n\n\n<h3 class=\"wp-block-heading\">Nominasjonsprosess og datoplan<\/h3>\n\n\n\n<p>Nominasjonsprosessen for stortingsvalget 2025 er regulert gjennom \u00ab<em>Reglement og retningslinjer for \u00e5rs- og nominasjonsm\u00f8ter i H\u00f8yres fylkesorganisasjoner<\/em>\u00bb, vedtatt av H\u00f8yres sentralstyre.<\/p>\n\n\n\n<p>\u00d8stfold H\u00f8yres fylkesstyre har vedtatt denne datoplanen for nominasjonsprosessen:<\/p>\n\n\n\n<figure class=\"wp-block-table\"><table><tbody><tr><td><strong>Hva<\/strong><\/td><td><strong>Frist\/periode<\/strong><\/td><\/tr><tr><td><strong>Oppnevning av nominasjonskomit\u00e9 og vedtak av overordnet datoplan<\/strong> Nominasjonskomiteen oppnevnes av \u00d8stfold H\u00f8yres fylkesstyre 27. februar, samtidig som overordnet datoplan vedtas. &nbsp;<\/td><td>27. februar 2024<\/td><\/tr><tr><td><strong>Nominasjonskomiteen starter sitt arbeid<\/strong> Komiteen etablerer selv sin m\u00f8testruktur og organiserer sitt arbeid. &nbsp;<\/td><td>27. februar -&gt;<\/td><\/tr><tr><td><strong>Varsel til kommuneforeningene og medlemmer \u2013 foresl\u00e5 kandidater<\/strong> H\u00f8yres medlemmer i \u00d8stfold og alle andre oppfordres til \u00e5 foresl\u00e5 navn p\u00e5 aktuelle listekandidater for nominasjonskomiteen. Sekretariatet s\u00f8rger for \u00e5 informere alle medlemmer og foreninger, samt opplyse om datoplanen. Foreningene blir s\u00e6rlig opplyst om dato (og sted) for nominasjonsm\u00f8tet. &nbsp;<\/td><td>Frist for utsendelse: 15. mars 2024 &nbsp; Frist for \u00e5 foresl\u00e5 kandidater: 25. august 2024<\/td><\/tr><tr><td><strong>Sittende representanter og vararepresentanter tilskrives<\/strong> Sittende representanter og vararepresentanter tilskrives for \u00e5 avklare skriftlig om de \u00f8nsker \u00e5 stille seg til disposisjon for renominasjon. &nbsp;<\/td><td>Innen 1. mai 2024<\/td><\/tr><tr><td><strong>Frist for sittende representanter og vararepresentanter til \u00e5 svare<\/strong> &#8211; p\u00e5 om de stiller seg til disposisjon for renominasjon. Svarene legges ut p\u00e5 \u00d8stfold H\u00f8yres hjemmesider n\u00e5r alle har svart. &nbsp;<\/td><td>Siste frist for svar: 16. juni 2024<\/td><\/tr><tr><td><strong>Frist for \u00e5 fremme forslag p\u00e5 listekandidater<\/strong> Alle medlemmer er tidligere informert om fristen, og komiteen m\u00e5 ogs\u00e5 selv arbeide aktivt for \u00e5 innhente aktuelle navn. &nbsp;<\/td><td>25. august 2024<\/td><\/tr><tr><td><strong>Nominasjonskomiteen presenterer en alfabetisk liste<\/strong> <strong>&#8211; <\/strong>over aktuelle\/foresl\u00e5tte kandidater. Listen legges ut p\u00e5 \u00d8stfold H\u00f8yres hjemmesider, samt sendes til alle foreningene som grunnlag for pr\u00f8venominasjon og r\u00e5dgivende avstemningen blant medlemmene. &nbsp; Det lages ogs\u00e5 et hefte hvor alle kandidatene kan presentere seg selv. Dette heftet legges ut p\u00e5 \u00d8stfold H\u00f8yres hjemmesider og skal bidra til at kommuneforeninger og medlemmer blir bedre kjent med kandidatene. &nbsp;<\/td><td>Frist er 2. september 2024 for den alfabetiske listen, 15. september 2024 for kandidatheftet.<\/td><\/tr><tr><td><strong>Pr\u00f8venominasjon gjennomf\u00f8res i kommuneforeningene og sideorganisasjonene<\/strong> Pr\u00f8venominasjon gjennomf\u00f8res p\u00e5 bakgrunn av den alfabetiske listen fra nominasjonskomiteen. Kommuneforeningene og sideorganisasjonene skal i god tid (senest 3 uker) innkalle alle medlemmene til medlemsm\u00f8tet, m\u00f8tedatoen kan med fordel bekjentgj\u00f8res f\u00f8r sommerferien. &nbsp; Dette medlemsm\u00f8tet i foreningene skal <strong>b\u00e5de<\/strong> gjennomf\u00f8re pr\u00f8venominasjon <strong>og<\/strong> velge utsendinger til nominasjonsm\u00f8tet. For \u00e5 ha stemmerett p\u00e5 medlemsm\u00f8tet m\u00e5 man ha v\u00e6rt medlem i H\u00f8yre i minst 4 uker og betalt kontingent f\u00f8r m\u00f8testart, samt ha stemmerett i den aktuelle kommunen ved det kommende stortingsvalget. Protokoll fra m\u00f8tet skal sendes sekretariatet for registrering. &nbsp;<\/td><td>16.-26. september 2024 (uke 38 og 39, frem til h\u00f8stferien starter).<\/td><\/tr><tr><td><strong>R\u00e5dgivende avstemning blant fylkespartiets betalende medlemmer<\/strong> &#8211; samt de av Unge H\u00f8yres betalende medlemmer som har stemmerett ved valget det skal nomineres til. Sekretariatet gjennomf\u00f8rer avstemningen slik at alle medlemmer gis anledning til \u00e5 stemme. Medlemslistene som danner grunnlag for den r\u00e5dgivende avstemningen tas ut den 10. september. For \u00e5 kunne delta i avstemningen m\u00e5 man ha v\u00e6rt medlem i minst 4 uker og betalt kontingent f\u00f8r den 9. september. &nbsp;<\/td><td>16.-26. september 2024 (uke 38 og 39, frem til h\u00f8stferien starter).<\/td><\/tr><tr><td><strong>Frist for innkalling til nominasjonsm\u00f8tet<\/strong> Delegatene skal tilskrives med informasjon om m\u00f8tested, tid, dagsorden og forretningsorden minst 4 uker f\u00f8r nominasjonsm\u00f8tet. Informasjon om dette legges ogs\u00e5 ut p\u00e5 \u00d8stfold H\u00f8yres hjemmesider. &nbsp;<\/td><td>22. oktober 2024<\/td><\/tr><tr><td><strong>Frist for offentliggj\u00f8ring av nominasjonskomiteens innstilling<\/strong> Nominasjonskomiteens innstilling offentliggj\u00f8res og sendes delegatene senest 14 dager f\u00f8r nominasjonsm\u00f8tet. &nbsp;<\/td><td>5. november 2024<\/td><\/tr><tr><td><strong>Nominasjonsm\u00f8tet<\/strong> Nominasjonsm\u00f8tet avholdes tirsdag 19. november 2024, klokken 18.30, p\u00e5 Quality Hotel Sarpsborg.<\/td><td>19. november 2024<\/td><\/tr><\/tbody><\/table><\/figure>\n\n\n\n<h3 class=\"wp-block-heading\">Nominasjonskomiteen<\/h3>\n\n\n\n<p>\u00d8stfold H\u00f8yres fylkesstyre oppnevnte nominasjonskomit\u00e9 den 27. februar 2024.&nbsp;<\/p>\n\n\n\n<p>Komiteen best\u00e5r av:<\/p>\n\n\n\n<p>Sarpsborg\/Rakkestad:&nbsp;<a href=\"https:\/\/hoyre.no\/personprofiler\/tomas-mathiesen\/\" target=\"_blank\" rel=\"noreferrer noopener\">Tomas Mathiesen<\/a>&nbsp;(leder av komiteen)<\/p>\n\n\n\n<p>Halden\/Aremark:&nbsp;<a href=\"https:\/\/hoyre.no\/personprofiler\/elin-margrethe-lexander\/\">Elin Lexander<\/a>&nbsp;(nestleder)<\/p>\n\n\n\n<p>Fredrikstad\/Hvaler:&nbsp;<a href=\"https:\/\/hoyre.no\/personprofiler\/anne-lisbeth-undahl\/\" target=\"_blank\" rel=\"noreferrer noopener\">Anne Undahl<\/a><\/p>\n\n\n\n<p>Moss\/R\u00e5de\/V\u00e5ler:&nbsp;<a href=\"https:\/\/hoyre.no\/personprofiler\/glenn-hakon-melby\/\" target=\"_blank\" rel=\"noreferrer noopener\">Glenn Melby<\/a><\/p>\n\n\n\n<p>Indre \u00d8stfold\/Marker\/Skiptvet:&nbsp;<a href=\"https:\/\/hoyre.no\/personprofiler\/oyvind-bakke\/\" target=\"_blank\" rel=\"noreferrer noopener\">\u00d8yvind Bakke<\/a><\/p>\n\n\n\n<p>\u00d8stfold Senior H\u00f8yre:&nbsp;<a href=\"https:\/\/hoyre.no\/personprofiler\/einar-kristian-smedsvig\/\" target=\"_blank\" rel=\"noreferrer noopener\">Einar Smedsvig<\/a>&nbsp; &nbsp; &nbsp; &nbsp; &nbsp; &nbsp; &nbsp; &nbsp; &nbsp; &nbsp;&nbsp;<\/p>\n\n\n\n<p>\u00d8stfold Unge H\u00f8yre:&nbsp;<a href=\"https:\/\/hoyre.no\/personprofiler\/aleksander-abelsen\/\" target=\"_blank\" rel=\"noreferrer noopener\">Aleksander Abelsen<\/a><\/p>\n\n\n\n<h3 class=\"wp-block-heading\">Sp\u00f8rsm\u00e5l om nominasjonsarbeidet?<\/h3>\n\n\n\n<p>Ta gjerne kontakt med komiteens leder&nbsp;<a href=\"https:\/\/hoyre.no\/personprofiler\/tomas-mathiesen\/\" target=\"_blank\" rel=\"noreferrer noopener\">Tomas Mathiesen<\/a>, eller fylkessekret\u00e6r&nbsp;<a href=\"https:\/\/hoyre.no\/personprofiler\/gjermund-krogstad\/\" target=\"_blank\" rel=\"noreferrer noopener\">Gjermund Krogstad<\/a>.<\/p>\n\n\n<div class=\"tags\">\n\t<\/div>\n<div class=\"post-footer alignfull has-background block-editor-block-list__block\" data-align=full>\n\t<div class=\"post-footer-inner\">\n\t\t<h3>Relaterte artikler<\/h3>\n\t\t<div class=\"related-content\"><div class=\"is-card-hoyre\">\n\t<div class=\"teft-card hoyre-teft-card post-teft-card\">\n\t\t<a href=\"https:\/\/hoyre.no\/ostfold\/aktuelt\/hvor-lenge-ma-kvinner-med-overgangsalder-problemer-vente\/\" class=\"teft-card__primary-action\">\n\n\t\t\t\t\t<div class=\"teft-card__media teft-card__media--16-9\">\n\t\t\t\t\t\t<img loading=\"lazy\" decoding=\"async\" width=\"480\" height=\"360\" src=\"https:\/\/hoyre.no\/content\/uploads\/sites\/426\/2026\/04\/Marianne-Elin.jpg\" class=\"attachment-medium_large size-medium_large\" alt=\"\" srcset=\"https:\/\/hoyre.no\/content\/uploads\/sites\/426\/2026\/04\/Marianne-Elin.jpg 480w, https:\/\/hoyre.no\/content\/uploads\/sites\/426\/2026\/04\/Marianne-Elin-300x225.jpg 300w\" sizes=\"auto, (max-width: 480px) 100vw, 480px\" \/>\t\t<\/div>\n\t\t\n\t\t\t<div class=\"teft-card__content-wrapper\">\n\t\t\t\t<div class=\"teft-card__secondary\">\n\t\t\t\t\t\n\t\t\t\t\t\t\t\t<div class=\"teft-card__meta\">\n\t\t\t\t\t\t\t\t\t<span class=\"post-date\">24. apr 2026<\/span>\n\n\t\t\t\t\t\t\t\t\t<span class=\"post-category\">Nyheter<\/span>\t\t\t\t\t\t\t\t<\/div>\n\t\t\t\t\t\t\t\t\t\t\t<\/div>\n\n\t\t\t\t<div class=\"teft-card__primary\">\n\t\t\t\t\t<h2 class=\"teft-card__title\">Hvor lenge m\u00e5 kvinner med overgangsalder-problemer vente?&nbsp;<span class=\"teft-card__primary-title-append\"><\/span><\/h2>\t\t\t\t<\/div>\n\t\t\t<\/div>\n\t\t<\/a>\n\t<\/div>\n\n\t<\/div><div class=\"is-card-hoyre\">\n\t<div class=\"teft-card hoyre-teft-card post-teft-card\">\n\t\t<a href=\"https:\/\/hoyre.no\/ostfold\/aktuelt\/kvinnehelse-i-sentrum-fra-eu-strategi-til-norsk-handling\/\" class=\"teft-card__primary-action\">\n\n\t\t\t\t\t<div class=\"teft-card__media teft-card__media--16-9\">\n\t\t\t\t\t\t<img loading=\"lazy\" decoding=\"async\" width=\"768\" height=\"576\" src=\"https:\/\/hoyre.no\/content\/uploads\/sites\/426\/2026\/04\/InShot_20260422_150314984-768x576.jpg\" class=\"attachment-medium_large size-medium_large\" alt=\"\" srcset=\"https:\/\/hoyre.no\/content\/uploads\/sites\/426\/2026\/04\/InShot_20260422_150314984-768x576.jpg 768w, https:\/\/hoyre.no\/content\/uploads\/sites\/426\/2026\/04\/InShot_20260422_150314984-300x225.jpg 300w, https:\/\/hoyre.no\/content\/uploads\/sites\/426\/2026\/04\/InShot_20260422_150314984-1024x768.jpg 1024w, https:\/\/hoyre.no\/content\/uploads\/sites\/426\/2026\/04\/InShot_20260422_150314984-1536x1152.jpg 1536w, https:\/\/hoyre.no\/content\/uploads\/sites\/426\/2026\/04\/InShot_20260422_150314984-2048x1536.jpg 2048w\" sizes=\"auto, (max-width: 768px) 100vw, 768px\" \/>\t\t<\/div>\n\t\t\n\t\t\t<div class=\"teft-card__content-wrapper\">\n\t\t\t\t<div class=\"teft-card__secondary\">\n\t\t\t\t\t\n\t\t\t\t\t\t\t\t<div class=\"teft-card__meta\">\n\t\t\t\t\t\t\t\t\t<span class=\"post-date\">22. apr 2026<\/span>\n\n\t\t\t\t\t\t\t\t\t<span class=\"post-category\">Helse og omsorg<\/span>\t\t\t\t\t\t\t\t<\/div>\n\t\t\t\t\t\t\t\t\t\t\t<\/div>\n\n\t\t\t\t<div class=\"teft-card__primary\">\n\t\t\t\t\t<h2 class=\"teft-card__title\">Kvinnehelse i sentrum: Fra EU-strategi til norsk handling&nbsp;<span class=\"teft-card__primary-title-append\"><\/span><\/h2>\t\t\t\t<\/div>\n\t\t\t<\/div>\n\t\t<\/a>\n\t<\/div>\n\n\t<\/div><div class=\"is-card-hoyre\">\n\t<div class=\"teft-card hoyre-teft-card post-teft-card\">\n\t\t<a href=\"https:\/\/hoyre.no\/ostfold\/aktuelt\/hoyre-onsker-felles-billett-for-tog-og-buss\/\" class=\"teft-card__primary-action\">\n\n\t\t\t\t\t<div class=\"teft-card__media teft-card__media--16-9\">\n\t\t\t\t\t\t<img loading=\"lazy\" decoding=\"async\" width=\"768\" height=\"576\" src=\"https:\/\/hoyre.no\/content\/uploads\/sites\/426\/2026\/04\/Erik-Unaas-Gretha-Kant-og-Thor-Christian-Hansteen-Ostfold-Hoyres-samferdselsfraksjon-foto-Kjetil-Ostereng-768x576.jpg\" class=\"attachment-medium_large size-medium_large\" alt=\"\" srcset=\"https:\/\/hoyre.no\/content\/uploads\/sites\/426\/2026\/04\/Erik-Unaas-Gretha-Kant-og-Thor-Christian-Hansteen-Ostfold-Hoyres-samferdselsfraksjon-foto-Kjetil-Ostereng-768x576.jpg 768w, https:\/\/hoyre.no\/content\/uploads\/sites\/426\/2026\/04\/Erik-Unaas-Gretha-Kant-og-Thor-Christian-Hansteen-Ostfold-Hoyres-samferdselsfraksjon-foto-Kjetil-Ostereng-300x225.jpg 300w, https:\/\/hoyre.no\/content\/uploads\/sites\/426\/2026\/04\/Erik-Unaas-Gretha-Kant-og-Thor-Christian-Hansteen-Ostfold-Hoyres-samferdselsfraksjon-foto-Kjetil-Ostereng-1024x768.jpg 1024w, https:\/\/hoyre.no\/content\/uploads\/sites\/426\/2026\/04\/Erik-Unaas-Gretha-Kant-og-Thor-Christian-Hansteen-Ostfold-Hoyres-samferdselsfraksjon-foto-Kjetil-Ostereng-1536x1152.jpg 1536w, https:\/\/hoyre.no\/content\/uploads\/sites\/426\/2026\/04\/Erik-Unaas-Gretha-Kant-og-Thor-Christian-Hansteen-Ostfold-Hoyres-samferdselsfraksjon-foto-Kjetil-Ostereng-2048x1536.jpg 2048w\" sizes=\"auto, (max-width: 768px) 100vw, 768px\" \/>\t\t<\/div>\n\t\t\n\t\t\t<div class=\"teft-card__content-wrapper\">\n\t\t\t\t<div class=\"teft-card__secondary\">\n\t\t\t\t\t\n\t\t\t\t\t\t\t\t<div class=\"teft-card__meta\">\n\t\t\t\t\t\t\t\t\t<span class=\"post-date\">6. apr 2026<\/span>\n\n\t\t\t\t\t\t\t\t\t<span class=\"post-category\">Nyheter<\/span>\t\t\t\t\t\t\t\t<\/div>\n\t\t\t\t\t\t\t\t\t\t\t<\/div>\n\n\t\t\t\t<div class=\"teft-card__primary\">\n\t\t\t\t\t<h2 class=\"teft-card__title\">H\u00f8yre \u00f8nsker felles billett for tog og buss&nbsp;<span class=\"teft-card__primary-title-append\"><\/span><\/h2>\t\t\t\t<\/div>\n\t\t\t<\/div>\n\t\t<\/a>\n\t<\/div>\n\n\t<\/div><\/div>\t<\/div>\n<\/div>\n","protected":false},"excerpt":{"rendered":"","protected":false},"author":339,"featured_media":0,"comment_status":"closed","ping_status":"closed","sticky":false,"template":"","format":"standard","meta":{"teft_cards_image_url":"","teft_cards_custom_pretitle":"","teft_cards_image_id":746,"teft_cards_image_focal_point_x":0.5,"teft_cards_image_focal_point_y":0.5,"teft_cards_title":"","teft_cards_excerpt":"","teft_show_chapters":false,"author_display_name":"\u00d8stfold H\u00f8yre","footnotes":""},"category":[1],"post_tag":[],"hoyre-visibility":[],"article-type":[],"politician":[],"class_list":["post-742","post","type-post","status-publish","format-standard","hentry","category-nyheter"],"yoast_head":"<!-- This site is optimized with the Yoast SEO plugin v26.6 - https:\/\/yoast.com\/wordpress\/plugins\/seo\/ -->\n<title>\u00d8stfold H\u00f8yres nominasjonsprosess - stortingsvalget 2025 - \u00d8stfold H\u00f8yre<\/title>\n<meta name=\"description\" content=\"Her kan du lese alt om \u00d8stfold H\u00f8yres nominasjon til stortingsvalglisten 2025.\" \/>\n<meta name=\"robots\" content=\"index, follow, max-snippet:-1, max-image-preview:large, max-video-preview:-1\" \/>\n<link rel=\"canonical\" href=\"https:\/\/hoyre.no\/ostfold\/aktuelt\/ostfold-hoyres-nominasjonsprosess-stortingsvalget-2025\/\" \/>\n<meta property=\"og:locale\" content=\"nb_NO\" \/>\n<meta property=\"og:type\" content=\"article\" \/>\n<meta property=\"og:title\" content=\"\u00d8stfold H\u00f8yres nominasjonsprosess - stortingsvalget 2025 - \u00d8stfold H\u00f8yre\" \/>\n<meta property=\"og:description\" content=\"Her kan du lese alt om \u00d8stfold H\u00f8yres nominasjon til stortingsvalglisten 2025.\" \/>\n<meta property=\"og:url\" content=\"https:\/\/hoyre.no\/ostfold\/aktuelt\/ostfold-hoyres-nominasjonsprosess-stortingsvalget-2025\/\" \/>\n<meta property=\"og:site_name\" content=\"\u00d8stfold H\u00f8yre\" \/>\n<meta property=\"article:publisher\" content=\"https:\/\/www.facebook.com\/ostfoldhoyre\" \/>\n<meta property=\"article:published_time\" content=\"2024-05-06T07:34:00+00:00\" \/>\n<meta property=\"article:modified_time\" content=\"2024-08-26T10:33:35+00:00\" \/>\n<meta property=\"og:image\" content=\"https:\/\/hoyre.no\/content\/uploads\/sites\/426\/2026\/04\/Erik-Unaas-Gretha-Kant-og-Thor-Christian-Hansteen-Ostfold-Hoyres-samferdselsfraksjon-foto-Kjetil-Ostereng-1024x768.jpg\" \/>\n<meta name=\"author\" content=\"Gjermund Krogstad\" \/>\n<meta name=\"twitter:card\" content=\"summary_large_image\" \/>\n<meta name=\"twitter:label1\" content=\"Skrevet av\" \/>\n\t<meta name=\"twitter:data1\" content=\"Gjermund Krogstad\" \/>\n\t<meta name=\"twitter:label2\" content=\"Ansl. lesetid\" \/>\n\t<meta name=\"twitter:data2\" content=\"4 minutter\" \/>\n<script type=\"application\/ld+json\" class=\"yoast-schema-graph\">{\"@context\":\"https:\/\/schema.org\",\"@graph\":[{\"@type\":\"Article\",\"@id\":\"https:\/\/hoyre.no\/ostfold\/aktuelt\/ostfold-hoyres-nominasjonsprosess-stortingsvalget-2025\/#article\",\"isPartOf\":{\"@id\":\"https:\/\/hoyre.no\/ostfold\/aktuelt\/ostfold-hoyres-nominasjonsprosess-stortingsvalget-2025\/\"},\"author\":{\"name\":\"Gjermund Krogstad\",\"@id\":\"https:\/\/hoyre.no\/ostfold\/#\/schema\/person\/5be7a0ced8da0969840a21bd65689d59\"},\"headline\":\"\u00d8stfold H\u00f8yres nominasjonsprosess &#8211; stortingsvalget 2025\",\"datePublished\":\"2024-05-06T07:34:00+00:00\",\"dateModified\":\"2024-08-26T10:33:35+00:00\",\"mainEntityOfPage\":{\"@id\":\"https:\/\/hoyre.no\/ostfold\/aktuelt\/ostfold-hoyres-nominasjonsprosess-stortingsvalget-2025\/\"},\"wordCount\":724,\"publisher\":{\"@id\":\"https:\/\/hoyre.no\/ostfold\/#organization\"},\"articleSection\":[\"Nyheter\"],\"inLanguage\":\"nb-NO\"},{\"@type\":\"NewsArticle\",\"@id\":\"https:\/\/hoyre.no\/ostfold\/aktuelt\/ostfold-hoyres-nominasjonsprosess-stortingsvalget-2025\/\",\"url\":\"https:\/\/hoyre.no\/ostfold\/aktuelt\/ostfold-hoyres-nominasjonsprosess-stortingsvalget-2025\/\",\"name\":\"\u00d8stfold H\u00f8yres nominasjonsprosess - stortingsvalget 2025 - \u00d8stfold H\u00f8yre\",\"isPartOf\":{\"@id\":\"https:\/\/hoyre.no\/ostfold\/#website\"},\"datePublished\":\"2024-05-06T07:34:00+00:00\",\"dateModified\":\"2024-08-26T10:33:35+00:00\",\"description\":\"Her kan du lese alt om \u00d8stfold H\u00f8yres nominasjon til stortingsvalglisten 2025.\",\"breadcrumb\":{\"@id\":\"https:\/\/hoyre.no\/ostfold\/aktuelt\/ostfold-hoyres-nominasjonsprosess-stortingsvalget-2025\/#breadcrumb\"},\"inLanguage\":\"nb-NO\",\"potentialAction\":[{\"@type\":\"ReadAction\",\"target\":[\"https:\/\/hoyre.no\/ostfold\/aktuelt\/ostfold-hoyres-nominasjonsprosess-stortingsvalget-2025\/\"]}]},{\"@type\":\"BreadcrumbList\",\"@id\":\"https:\/\/hoyre.no\/ostfold\/aktuelt\/ostfold-hoyres-nominasjonsprosess-stortingsvalget-2025\/#breadcrumb\",\"itemListElement\":[{\"@type\":\"ListItem\",\"position\":1,\"name\":\"Til hoyre.no\",\"item\":\"https:\/\/hoyre.no\"},{\"@type\":\"ListItem\",\"position\":2,\"name\":\"Hjem\",\"item\":\"https:\/\/hoyre.no\/ostfold\/\"},{\"@type\":\"ListItem\",\"position\":3,\"name\":\"\u00d8stfold H\u00f8yres nominasjonsprosess &#8211; stortingsvalget 2025\"}]},{\"@type\":\"WebSite\",\"@id\":\"https:\/\/hoyre.no\/ostfold\/#website\",\"url\":\"https:\/\/hoyre.no\/ostfold\/\",\"name\":\"\u00d8stfold H\u00f8yre\",\"description\":\"\",\"publisher\":{\"@id\":\"https:\/\/hoyre.no\/ostfold\/#organization\"},\"inLanguage\":\"nb-NO\"},{\"@type\":\"Organization\",\"@id\":\"https:\/\/hoyre.no\/ostfold\/#organization\",\"name\":\"\u00d8stfold H\u00f8yre\",\"url\":\"https:\/\/hoyre.no\/ostfold\/\",\"logo\":{\"@type\":\"ImageObject\",\"inLanguage\":\"nb-NO\",\"@id\":\"https:\/\/hoyre.no\/ostfold\/#\/schema\/logo\/image\/\",\"url\":\"https:\/\/hoyre.no\/content\/uploads\/sites\/426\/2023\/02\/hoyre_logo.png\",\"contentUrl\":\"https:\/\/hoyre.no\/content\/uploads\/sites\/426\/2023\/02\/hoyre_logo.png\",\"width\":1000,\"height\":1000,\"caption\":\"\u00d8stfold H\u00f8yre\"},\"image\":{\"@id\":\"https:\/\/hoyre.no\/ostfold\/#\/schema\/logo\/image\/\"},\"sameAs\":[\"https:\/\/www.facebook.com\/ostfoldhoyre\"]},{\"@type\":\"Person\",\"@id\":\"https:\/\/hoyre.no\/ostfold\/#\/schema\/person\/5be7a0ced8da0969840a21bd65689d59\",\"name\":\"Gjermund Krogstad\",\"image\":{\"@type\":\"ImageObject\",\"inLanguage\":\"nb-NO\",\"@id\":\"https:\/\/hoyre.no\/ostfold\/#\/schema\/person\/image\/\",\"url\":\"https:\/\/secure.gravatar.com\/avatar\/a581018c855c680f78e882c15f70e9b9fd9190ee714b6cb95d911f77171b4086?s=96&d=mm&r=g\",\"contentUrl\":\"https:\/\/secure.gravatar.com\/avatar\/a581018c855c680f78e882c15f70e9b9fd9190ee714b6cb95d911f77171b4086?s=96&d=mm&r=g\",\"caption\":\"Gjermund Krogstad\"},\"url\":\"https:\/\/hoyre.no\/ostfold\/aktuelt\/author\/m50137017\/\"}]}<\/script>\n<!-- \/ Yoast SEO plugin. -->","yoast_head_json":{"title":"\u00d8stfold H\u00f8yres nominasjonsprosess - stortingsvalget 2025 - \u00d8stfold H\u00f8yre","description":"Her kan du lese alt om \u00d8stfold H\u00f8yres nominasjon til stortingsvalglisten 2025.","robots":{"index":"index","follow":"follow","max-snippet":"max-snippet:-1","max-image-preview":"max-image-preview:large","max-video-preview":"max-video-preview:-1"},"canonical":"https:\/\/hoyre.no\/ostfold\/aktuelt\/ostfold-hoyres-nominasjonsprosess-stortingsvalget-2025\/","og_locale":"nb_NO","og_type":"article","og_title":"\u00d8stfold H\u00f8yres nominasjonsprosess - stortingsvalget 2025 - \u00d8stfold H\u00f8yre","og_description":"Her kan du lese alt om \u00d8stfold H\u00f8yres nominasjon til stortingsvalglisten 2025.","og_url":"https:\/\/hoyre.no\/ostfold\/aktuelt\/ostfold-hoyres-nominasjonsprosess-stortingsvalget-2025\/","og_site_name":"\u00d8stfold H\u00f8yre","article_publisher":"https:\/\/www.facebook.com\/ostfoldhoyre","article_published_time":"2024-05-06T07:34:00+00:00","article_modified_time":"2024-08-26T10:33:35+00:00","og_image":[{"url":"https:\/\/hoyre.no\/content\/uploads\/sites\/426\/2026\/04\/Erik-Unaas-Gretha-Kant-og-Thor-Christian-Hansteen-Ostfold-Hoyres-samferdselsfraksjon-foto-Kjetil-Ostereng-1024x768.jpg","width":"","height":"","type":""}],"author":"Gjermund Krogstad","twitter_card":"summary_large_image","twitter_misc":{"Skrevet av":"Gjermund Krogstad","Ansl. lesetid":"4 minutter"},"schema":{"@context":"https:\/\/schema.org","@graph":[{"@type":"Article","@id":"https:\/\/hoyre.no\/ostfold\/aktuelt\/ostfold-hoyres-nominasjonsprosess-stortingsvalget-2025\/#article","isPartOf":{"@id":"https:\/\/hoyre.no\/ostfold\/aktuelt\/ostfold-hoyres-nominasjonsprosess-stortingsvalget-2025\/"},"author":{"name":"Gjermund Krogstad","@id":"https:\/\/hoyre.no\/ostfold\/#\/schema\/person\/5be7a0ced8da0969840a21bd65689d59"},"headline":"\u00d8stfold H\u00f8yres nominasjonsprosess &#8211; stortingsvalget 2025","datePublished":"2024-05-06T07:34:00+00:00","dateModified":"2024-08-26T10:33:35+00:00","mainEntityOfPage":{"@id":"https:\/\/hoyre.no\/ostfold\/aktuelt\/ostfold-hoyres-nominasjonsprosess-stortingsvalget-2025\/"},"wordCount":724,"publisher":{"@id":"https:\/\/hoyre.no\/ostfold\/#organization"},"articleSection":["Nyheter"],"inLanguage":"nb-NO"},{"@type":"NewsArticle","@id":"https:\/\/hoyre.no\/ostfold\/aktuelt\/ostfold-hoyres-nominasjonsprosess-stortingsvalget-2025\/","url":"https:\/\/hoyre.no\/ostfold\/aktuelt\/ostfold-hoyres-nominasjonsprosess-stortingsvalget-2025\/","name":"\u00d8stfold H\u00f8yres nominasjonsprosess - stortingsvalget 2025 - \u00d8stfold H\u00f8yre","isPartOf":{"@id":"https:\/\/hoyre.no\/ostfold\/#website"},"datePublished":"2024-05-06T07:34:00+00:00","dateModified":"2024-08-26T10:33:35+00:00","description":"Her kan du lese alt om \u00d8stfold H\u00f8yres nominasjon til stortingsvalglisten 2025.","breadcrumb":{"@id":"https:\/\/hoyre.no\/ostfold\/aktuelt\/ostfold-hoyres-nominasjonsprosess-stortingsvalget-2025\/#breadcrumb"},"inLanguage":"nb-NO","potentialAction":[{"@type":"ReadAction","target":["https:\/\/hoyre.no\/ostfold\/aktuelt\/ostfold-hoyres-nominasjonsprosess-stortingsvalget-2025\/"]}]},{"@type":"BreadcrumbList","@id":"https:\/\/hoyre.no\/ostfold\/aktuelt\/ostfold-hoyres-nominasjonsprosess-stortingsvalget-2025\/#breadcrumb","itemListElement":[{"@type":"ListItem","position":1,"name":"Til hoyre.no","item":"https:\/\/hoyre.no"},{"@type":"ListItem","position":2,"name":"Hjem","item":"https:\/\/hoyre.no\/ostfold\/"},{"@type":"ListItem","position":3,"name":"\u00d8stfold H\u00f8yres nominasjonsprosess &#8211; stortingsvalget 2025"}]},{"@type":"WebSite","@id":"https:\/\/hoyre.no\/ostfold\/#website","url":"https:\/\/hoyre.no\/ostfold\/","name":"\u00d8stfold H\u00f8yre","description":"","publisher":{"@id":"https:\/\/hoyre.no\/ostfold\/#organization"},"inLanguage":"nb-NO"},{"@type":"Organization","@id":"https:\/\/hoyre.no\/ostfold\/#organization","name":"\u00d8stfold H\u00f8yre","url":"https:\/\/hoyre.no\/ostfold\/","logo":{"@type":"ImageObject","inLanguage":"nb-NO","@id":"https:\/\/hoyre.no\/ostfold\/#\/schema\/logo\/image\/","url":"https:\/\/hoyre.no\/content\/uploads\/sites\/426\/2023\/02\/hoyre_logo.png","contentUrl":"https:\/\/hoyre.no\/content\/uploads\/sites\/426\/2023\/02\/hoyre_logo.png","width":1000,"height":1000,"caption":"\u00d8stfold H\u00f8yre"},"image":{"@id":"https:\/\/hoyre.no\/ostfold\/#\/schema\/logo\/image\/"},"sameAs":["https:\/\/www.facebook.com\/ostfoldhoyre"]},{"@type":"Person","@id":"https:\/\/hoyre.no\/ostfold\/#\/schema\/person\/5be7a0ced8da0969840a21bd65689d59","name":"Gjermund Krogstad","image":{"@type":"ImageObject","inLanguage":"nb-NO","@id":"https:\/\/hoyre.no\/ostfold\/#\/schema\/person\/image\/","url":"https:\/\/secure.gravatar.com\/avatar\/a581018c855c680f78e882c15f70e9b9fd9190ee714b6cb95d911f77171b4086?s=96&d=mm&r=g","contentUrl":"https:\/\/secure.gravatar.com\/avatar\/a581018c855c680f78e882c15f70e9b9fd9190ee714b6cb95d911f77171b4086?s=96&d=mm&r=g","caption":"Gjermund Krogstad"},"url":"https:\/\/hoyre.no\/ostfold\/aktuelt\/author\/m50137017\/"}]}},"distributor_meta":false,"distributor_terms":false,"distributor_media":false,"distributor_original_site_name":"\u00d8stfold H\u00f8yre","distributor_original_site_url":"https:\/\/hoyre.no\/ostfold","push-errors":false,"_links":{"self":[{"href":"https:\/\/hoyre.no\/ostfold\/wp-json\/wp\/v2\/posts\/742","targetHints":{"allow":["GET"]}}],"collection":[{"href":"https:\/\/hoyre.no\/ostfold\/wp-json\/wp\/v2\/posts"}],"about":[{"href":"https:\/\/hoyre.no\/ostfold\/wp-json\/wp\/v2\/types\/post"}],"author":[{"embeddable":true,"href":"https:\/\/hoyre.no\/ostfold\/wp-json\/wp\/v2\/users\/339"}],"replies":[{"embeddable":true,"href":"https:\/\/hoyre.no\/ostfold\/wp-json\/wp\/v2\/comments?post=742"}],"version-history":[{"count":13,"href":"https:\/\/hoyre.no\/ostfold\/wp-json\/wp\/v2\/posts\/742\/revisions"}],"predecessor-version":[{"id":847,"href":"https:\/\/hoyre.no\/ostfold\/wp-json\/wp\/v2\/posts\/742\/revisions\/847"}],"wp:attachment":[{"href":"https:\/\/hoyre.no\/ostfold\/wp-json\/wp\/v2\/media?parent=742"}],"wp:term":[{"taxonomy":"category","embeddable":true,"href":"https:\/\/hoyre.no\/ostfold\/wp-json\/wp\/v2\/category?post=742"},{"taxonomy":"post_tag","embeddable":true,"href":"https:\/\/hoyre.no\/ostfold\/wp-json\/wp\/v2\/post_tag?post=742"},{"taxonomy":"hoyre-visibility","embeddable":true,"href":"https:\/\/hoyre.no\/ostfold\/wp-json\/wp\/v2\/hoyre-visibility?post=742"},{"taxonomy":"article-type","embeddable":true,"href":"https:\/\/hoyre.no\/ostfold\/wp-json\/wp\/v2\/article-type?post=742"},{"taxonomy":"politician","embeddable":true,"href":"https:\/\/hoyre.no\/ostfold\/wp-json\/wp\/v2\/politician?post=742"}],"curies":[{"name":"wp","href":"https:\/\/api.w.org\/{rel}","templated":true}]}}