{"id":845,"date":"2024-09-09T07:15:57","date_gmt":"2024-09-09T05:15:57","guid":{"rendered":"https:\/\/hoyre.no\/ostfold\/?p=845"},"modified":"2024-10-25T12:51:21","modified_gmt":"2024-10-25T10:51:21","slug":"ostfold-hoyres-stortingskandidater-2025-2029-kandidatpresentasjon","status":"publish","type":"post","link":"https:\/\/hoyre.no\/ostfold\/aktuelt\/ostfold-hoyres-stortingskandidater-2025-2029-kandidatpresentasjon\/","title":{"rendered":"\u00d8stfold H\u00f8yres stortingskandidater 2025-2029 &#8211; kandidatpresentasjon"},"content":{"rendered":"\n<p class=\"preamble\">I forbindelse med nominasjon av \u00d8stfold H\u00f8yres valgliste for stortingsvalget 2025, har kandidatene laget en kort presentasjon av seg selv.<\/p>\t\t\t<div class=\"post-meta wp-block teft-byline-wrapper\">\n\t\t\t\t<div class=\"top\">\n\t\t\t\t\t<div class=\"signature\">\n\t\t\t\t\t\t<div class=\"teft-byline\">\n\t\t\t\t\t\t\t\t\t\t\t\t\t\t<div>\n\t\t\t\t\t\t\t\t<h3>H\u00f8yres redaksjon<\/h3>\t\t\t\t\t\t\t\t\n\t\t\t\t\t\t\t\t\t\t\t\t\t\t\t\t\t<span class=\"date\">Sist oppdatert: 25. oktober 2024<\/span>\n\t\t\t\t\t\t\t\t\t\t\t\t\t\t\t\t\t\t\t\t\t\t\t\t\t<span class=\"reading-time\" itemprop=\"timeRequired\" content=\"PT57M\"><em>Ca. 57 minutter lesetid<\/em><\/span>\n\t\t\t\t\t\t\t\t\t\t\t\t\t\t\t<\/div>\n\t\t\t\t\t\t<\/div>\n\t\t\t\t\t<\/div>\n\t\t\t\t\t\t<div class=\"sharing\">\n\t\t<a class=\"share-button share-link copy-link\" data-copy=\"https:\/\/hoyre.no\/ostfold\/aktuelt\/ostfold-hoyres-stortingskandidater-2025-2029-kandidatpresentasjon\/\" target=\"_blank\"><span class=\"screen-reader-text\">Del link<\/span><\/a>\n\t\t<a class=\"share-button share-twitter\" href=\"http:\/\/twitter.com\/share?text=\u00d8stfold H\u00f8yres stortingskandidater 2025-2029 &#8211; kandidatpresentasjon&#038;url=https:\/\/hoyre.no\/ostfold\/aktuelt\/ostfold-hoyres-stortingskandidater-2025-2029-kandidatpresentasjon\/&#038;hashtags=Hoyre\" target=\"_blank\"><span class=\"screen-reader-text\">Del p\u00e5 twitter<\/span><\/a>\n\t\t<a class=\"share-button share-facebook\" href=\"https:\/\/www.facebook.com\/sharer\/sharer.php?u=https:\/\/hoyre.no\/ostfold\/aktuelt\/ostfold-hoyres-stortingskandidater-2025-2029-kandidatpresentasjon\/\" target=\"_blank\"><span class=\"screen-reader-text\">Del p\u00e5 facebook<\/span><\/a>\n\t<\/div>\n\t\t\t\t\t<\/div>\n\t\t\t<\/div>\n\n\t\t\t<figure class=\"hoyre-image-wrapper\"><div class=\"hoyre-image\"><img loading=\"lazy\" decoding=\"async\" width=\"2500\" height=\"1658\" src=\"https:\/\/hoyre.no\/content\/uploads\/sites\/426\/2024\/03\/Stortinget-Foto-Hans-Kristian-Thorbjornsen.jpg\" class=\"attachment-scaled size-scaled\" alt=\"\" style=\"object-position: 50% 50%\" srcset=\"https:\/\/hoyre.no\/content\/uploads\/sites\/426\/2024\/03\/Stortinget-Foto-Hans-Kristian-Thorbjornsen.jpg 2500w, https:\/\/hoyre.no\/content\/uploads\/sites\/426\/2024\/03\/Stortinget-Foto-Hans-Kristian-Thorbjornsen-300x199.jpg 300w, https:\/\/hoyre.no\/content\/uploads\/sites\/426\/2024\/03\/Stortinget-Foto-Hans-Kristian-Thorbjornsen-1024x679.jpg 1024w, https:\/\/hoyre.no\/content\/uploads\/sites\/426\/2024\/03\/Stortinget-Foto-Hans-Kristian-Thorbjornsen-768x509.jpg 768w, https:\/\/hoyre.no\/content\/uploads\/sites\/426\/2024\/03\/Stortinget-Foto-Hans-Kristian-Thorbjornsen-1536x1019.jpg 1536w, https:\/\/hoyre.no\/content\/uploads\/sites\/426\/2024\/03\/Stortinget-Foto-Hans-Kristian-Thorbjornsen-2048x1358.jpg 2048w\" sizes=\"auto, (max-width: 2500px) 100vw, 2500px\" \/><\/div><figcaption class=\"caption\"><em>Foto: Hans Kristian Thorbj\u00f8rnsen\/H\u00f8yre.<\/em><\/figcaption><\/figure>\n\n\n\n\n<p>Kandidatene er listet opp alfabetisk. Denne listen danner grunnlaget for kommuneforeningenes pr\u00f8venominasjonsm\u00f8ter, og for den digitale medlemsavstemningen.<\/p>\n\n\n\n<p>Du kan lese mer om hvordan H\u00f8yre-medlemmer kan stemme i nominasjonen <a href=\"https:\/\/hoyre.no\/ostfold\/aktuelt\/medlemsinformasjon-slik-stemmer-du-i-stortingsnominasjonen\/\">her<\/a>, og du kan se hele nominasjonsprosessen <a href=\"https:\/\/hoyre.no\/ostfold\/aktuelt\/ostfold-hoyres-nominasjonsprosess-stortingsvalget-2025\/\">her<\/a>.<\/p>\n\n\n\n<h3 class=\"wp-block-heading\">Her er kandidatlisten og presentasjon av hver enkelt kandidat i alfabetisk rekkef\u00f8lge:<\/h3>\n\n\n\n<figure class=\"wp-block-table\"><table><tbody><tr><td><strong>Etternavn:<\/strong><\/td><td><strong>Fornavn:<\/strong><\/td><td><strong>F\u00f8dt:<\/strong><\/td><td><strong>Kommune:<\/strong><\/td><\/tr><tr><td>Arnesen<\/td><td>Magnus<\/td><td>1980<\/td><td>Sarpsborg<\/td><\/tr><tr><td>Borgersen<\/td><td>Ann Kristin Solli (<em>trukket sitt<br>kandidatur<\/em>)<\/td><td>1974<\/td><td>Skiptvet<\/td><\/tr><tr><td>Breda<\/td><td>Truls<\/td><td>1959<\/td><td>Halden<\/td><\/tr><tr><td>Gaustad<\/td><td>Henriette Celine St\u00f8a<\/td><td>1992<\/td><td>Fredrikstad<\/td><\/tr><tr><td>Granli-\u00d8stmark<\/td><td>Christian<\/td><td>1986<\/td><td>Sarpsborg<\/td><\/tr><tr><td>Grundekj\u00f8n<\/td><td>Rune<\/td><td>1959<\/td><td>Fredrikstad<\/td><\/tr><tr><td>Gr\u00f8nberg<\/td><td>Joacim Flesj\u00f8<\/td><td>1978<\/td><td>Moss<\/td><\/tr><tr><td>Hals<\/td><td>Lukas Alexander<\/td><td>2006<\/td><td>Sarpsborg<\/td><\/tr><tr><td>Holm<\/td><td>Fredrik<\/td><td>1985<\/td><td>Halden<\/td><\/tr><tr><td>Leirstein<\/td><td>Alexander<\/td><td>1996<\/td><td>Moss<\/td><\/tr><tr><td>Leister<\/td><td>Eivind Andr\u00e9<\/td><td>1970<\/td><td>Fredrikstad<\/td><\/tr><tr><td>L\u00f8chen<\/td><td>Ragnhild M. Hartvigsen<\/td><td>1965<\/td><td>Halden<\/td><\/tr><tr><td>Martinsen<\/td><td>Ole-Jonny<\/td><td>1955<\/td><td>R\u00e5de<\/td><\/tr><tr><td>Meberg-Hansen<\/td><td>Tore Henrik<\/td><td>1970<\/td><td>Hvaler<\/td><\/tr><tr><td>Motzfeldt<\/td><td>Margrethe<\/td><td>1983<\/td><td>Sarpsborg<\/td><\/tr><tr><td>Mushtaq<\/td><td>Javad<\/td><td>1988<\/td><td>Halden<\/td><\/tr><tr><td>Nakstad<\/td><td>Elin Ileby<\/td><td>1973<\/td><td>Sarpsborg<\/td><\/tr><tr><td>Nakstad<\/td><td>Erik Ileby<\/td><td>2005<\/td><td>Sarpsborg<\/td><\/tr><tr><td>Nord<\/td><td>Simen<\/td><td>1989<\/td><td>Moss<\/td><\/tr><tr><td>Nore<\/td><td>Monika Celine<\/td><td>1972<\/td><td>Moss<\/td><\/tr><tr><td>Norland<\/td><td>Richard<\/td><td>1957<\/td><td>Moss<\/td><\/tr><tr><td>Olsen<\/td><td>Anne May Sandvik<\/td><td>1965<\/td><td>Hvaler<\/td><\/tr><tr><td>Pettersen<\/td><td>Tage<\/td><td>1972<\/td><td>Moss<\/td><\/tr><tr><td>Rafshol<\/td><td>Ren\u00e9<\/td><td>1972<\/td><td>R\u00e5de<\/td><\/tr><tr><td>R\u00f8geberg<\/td><td>Emil Mathieu<\/td><td>2003<\/td><td>Fredrikstad<\/td><\/tr><tr><td>Stensr\u00f8d<\/td><td>Frederikke<\/td><td>1972<\/td><td>R\u00e5de<\/td><\/tr><tr><td>Tafjord<\/td><td>H\u00e5vard<\/td><td>1972<\/td><td>Halden<\/td><\/tr><tr><td>Telle<\/td><td>Marianne<\/td><td>1968<\/td><td>Sarpsborg<\/td><\/tr><tr><td>Unaas<\/td><td>Erik Mogens<\/td><td>1959<\/td><td>Indre \u00d8stfold<\/td><\/tr><tr><td>Wines<\/td><td>Christian<\/td><td>1975<\/td><td>Moss<\/td><\/tr><\/tbody><\/table><\/figure>\n\n\n\n<h2 class=\"wp-block-heading\">Arnesen, Magnus<\/h2>\n\n\n\n<figure class=\"wp-block-image size-full\"><img loading=\"lazy\" decoding=\"async\" width=\"700\" height=\"525\" src=\"https:\/\/hoyre.no\/content\/uploads\/sites\/426\/2024\/09\/Arnesen-Magnus-kandidatpresentasjon.jpg\" alt=\"\" class=\"wp-image-910\" srcset=\"https:\/\/hoyre.no\/content\/uploads\/sites\/426\/2024\/09\/Arnesen-Magnus-kandidatpresentasjon.jpg 700w, https:\/\/hoyre.no\/content\/uploads\/sites\/426\/2024\/09\/Arnesen-Magnus-kandidatpresentasjon-300x225.jpg 300w\" sizes=\"auto, (max-width: 700px) 100vw, 700px\" \/><figcaption class=\"wp-element-caption\">Magnus Arnesen.<\/figcaption><\/figure>\n\n\n\n<p><strong>Alder:<\/strong> 44<br><strong>Bostedskommune:<\/strong> Sarpsborg<br><strong>Sivilstatus:<\/strong> Gift<br><strong>N\u00e5v\u00e6rende stilling\/yrke\/tittel:<\/strong> Ordf\u00f8rer i Sarpsborg<\/p>\n\n\n\n<p><strong>Beskriv kort hvorfor du \u00f8nsker \u00e5 stille som kandidat:<\/strong><\/p>\n\n\n\n<p>Jeg \u00f8nsker et regjeringsskifte og jeg trigges av prosjektet med \u00e5 f\u00e5 til dette. H\u00e5per \u00e5 f\u00e5 v\u00e6re en del av det sentrale laget frem mot valgseier. \u00d8nsker \u00e5 bruke mine erfaringer fra Sarpsborg til \u00e5 vinne valget i \u00d8stfold, slik at vi sikrer valgseier nasjonalt og tre representanter fra H\u00f8yre p\u00e5 \u00d8stfoldbenken!<\/p>\n\n\n\n<p><strong>\u00d8nsket plassering p\u00e5 stortingsvalglisten:<\/strong><\/p>\n\n\n\n<p>Plass 11-15<\/p>\n\n\n\n<p><strong>Utdannelse:<\/strong><\/p>\n\n\n\n<p>Sivil\u00f8konom<\/p>\n\n\n\n<p><strong>Politiske interesseomr\u00e5der:<\/strong><\/p>\n\n\n\n<p>Bredt interesseomr\u00e5de, men f\u00f8rst og fremst er det arbeid og inkludering som ligger mitt hjerte n\u00e6rmest.<\/p>\n\n\n\n<p><strong>Politisk erfaring:<\/strong><\/p>\n\n\n\n<p>Aktiv i foreningsstyret i Sarpsborg siden 2017, hvor jeg var leder i perioden 2019-2023. Videre har jeg v\u00e6rt medlem av Utvalg for velferd og folkehelse i perioden 2019-2023, og vara til bystyret i samme periode.<br><br>Ordf\u00f8rer i Sarpsborg fra 2023.<\/p>\n\n\n\n<p><strong>Annen relevant erfaring fra yrkesliv eller organisasjonsarbeid:<\/strong><\/p>\n\n\n\n<p>16 \u00e5rs erfaring fra yrkeslivet i private virksomheter, f\u00f8rst og fremst innenfor IT, teknologi, data og analyse. F\u00f8r jeg ble ordf\u00f8rer jobbet jeg som leder for Data Management i Orkla.<\/p>\n\n\n\n<h2 class=\"wp-block-heading\">Borgersen, Ann Kristin Solli (trukket sitt kandidatur)<\/h2>\n\n\n\n<figure class=\"wp-block-image size-full\"><img loading=\"lazy\" decoding=\"async\" width=\"794\" height=\"596\" src=\"https:\/\/hoyre.no\/content\/uploads\/sites\/426\/2024\/09\/Borgersen-Ann-Kristin-Solli-kandidatpresentasjon.png\" alt=\"\" class=\"wp-image-918\" srcset=\"https:\/\/hoyre.no\/content\/uploads\/sites\/426\/2024\/09\/Borgersen-Ann-Kristin-Solli-kandidatpresentasjon.png 794w, https:\/\/hoyre.no\/content\/uploads\/sites\/426\/2024\/09\/Borgersen-Ann-Kristin-Solli-kandidatpresentasjon-300x225.png 300w, https:\/\/hoyre.no\/content\/uploads\/sites\/426\/2024\/09\/Borgersen-Ann-Kristin-Solli-kandidatpresentasjon-768x576.png 768w\" sizes=\"auto, (max-width: 794px) 100vw, 794px\" \/><figcaption class=\"wp-element-caption\">Ann Kristin Solli Borgersen.<\/figcaption><\/figure>\n\n\n\n<p><strong>Alder:<\/strong> 49<br><strong>Bostedskommune:<\/strong> Skiptvet <br><strong>Sivilstatus:<\/strong> Gift<br><strong>N\u00e5v\u00e6rende stilling\/yrke\/tittel:<\/strong> Varaordf\u00f8rer<\/p>\n\n\n\n<p><strong>Beskriv kort hvorfor du \u00f8nsker \u00e5 stille som kandidat:<\/strong><\/p>\n\n\n\n<p>For meg er de \u00f8konomiske og demografiske utfordringer \u00d8stfoldsamfunnet st\u00e5r i s\u00e6rs viktig, og jeg vil jobbe for at \u00d8stfold skal bli et enda bedre sted \u00e5 bo, leve og drive n\u00e6ring i. Vi trenger en regjering og et storting som jobber p\u00e5 lag med kommunene v\u00e5re, dets innbyggere og de private akt\u00f8rene.&nbsp; Det er dette jeg \u00f8nsker \u00e5 bidra med.<br>Kommunene kan sees p\u00e5 som Norges hj\u00f8rnesteinsbedrifter. Det er her vi m\u00e5 s\u00f8rge for \u00e5 ha gode tjenester og skal vi ha gode tjenester m\u00e5 vi s\u00f8rge for at kommunene har en levedyktig \u00f8konomi.<\/p>\n\n\n\n<p><strong>\u00d8nsket plassering p\u00e5 stortingsvalglisten:<\/strong><\/p>\n\n\n\n<p>Vet ikke\/ikke viktig<\/p>\n\n\n\n<p><strong>Utdannelse:<\/strong><\/p>\n\n\n\n<p>Bachelor i \u00f8konomi. I tillegg har jeg en videreutdannelse innenfor Bedriftsutvikling og Endringsledelse samt Coaching fra BI.<br>Har ogs\u00e5 gjennomf\u00f8rt flere kurs og studier innenfor privat\u00f8konomi, bedrifts\u00f8konomi, samfunns\u00f8konomi, verdipapirer og ledelse.<\/p>\n\n\n\n<p><strong>Politiske interesseomr\u00e5der:<\/strong><\/p>\n\n\n\n<p>Fremover m\u00e5 vi trygge folks \u00f8konomi, forhindre utenforskap, skape flere arbeidsplasser, satse p\u00e5 forsvar og s\u00f8rge for \u00e5 levere gode og fremtidsrettede tjenester til folket.<\/p>\n\n\n\n<p><strong>Politisk erfaring:<\/strong><\/p>\n\n\n\n<p>Varaordf\u00f8rer i Skiptvet i innev\u00e6rende periode<br>Gruppeleder Skiptvet H\u00f8yre 2019-2023<br>Medlem av Kommunestyret&nbsp; siden 2019<br>Medlem av Formannskapet siden 2019<br>Medlem av Indre \u00d8stfold Regionr\u00e5d 2019-2023<br>Medlem av ulike Interkommunale samarbeid siden 2019<\/p>\n\n\n\n<p><strong>Annen relevant erfaring fra yrkesliv eller organisasjonsarbeid:<\/strong><\/p>\n\n\n\n<p>Har den lengste arbeidserfaringen min fra bankvesenet da som r\u00e5dgiver innenfor, privat\u00f8konomi, bedrifts\u00f8konomi og verdipapirer. De siste 14 \u00e5rene jobbet jeg som leder og banksjef med alt ansvar det innbar, b\u00e5de \u00f8konomisk, resultatmessig og utvikling\/oppf\u00f8lging av medarbeidere og bankens portef\u00f8lje.<\/p>\n\n\n\n<h2 class=\"wp-block-heading\">Breda, Truls<\/h2>\n\n\n\n<figure class=\"wp-block-image size-large is-resized\"><img loading=\"lazy\" decoding=\"async\" width=\"955\" height=\"1024\" src=\"https:\/\/hoyre.no\/content\/uploads\/sites\/426\/2024\/09\/Breda-Truls-kandidatpresentasjon-955x1024.jpeg\" alt=\"\" class=\"wp-image-919\" style=\"aspect-ratio:0.9326171875;width:351px;height:auto\" srcset=\"https:\/\/hoyre.no\/content\/uploads\/sites\/426\/2024\/09\/Breda-Truls-kandidatpresentasjon-955x1024.jpeg 955w, https:\/\/hoyre.no\/content\/uploads\/sites\/426\/2024\/09\/Breda-Truls-kandidatpresentasjon-280x300.jpeg 280w, https:\/\/hoyre.no\/content\/uploads\/sites\/426\/2024\/09\/Breda-Truls-kandidatpresentasjon-768x824.jpeg 768w, https:\/\/hoyre.no\/content\/uploads\/sites\/426\/2024\/09\/Breda-Truls-kandidatpresentasjon-1432x1536.jpeg 1432w, https:\/\/hoyre.no\/content\/uploads\/sites\/426\/2024\/09\/Breda-Truls-kandidatpresentasjon-1910x2048.jpeg 1910w\" sizes=\"auto, (max-width: 955px) 100vw, 955px\" \/><figcaption class=\"wp-element-caption\">Truls Breda.<\/figcaption><\/figure>\n\n\n\n<p><strong>Alder:<\/strong> 65<br><strong>Bostedskommune:<\/strong> Halden <br><strong>Sivilstatus:<\/strong> Gift<br><strong>N\u00e5v\u00e6rende stilling\/yrke\/tittel:<\/strong> Seniorr\u00e5dgiver HR<\/p>\n\n\n\n<p><strong>Beskriv kort hvorfor du \u00f8nsker \u00e5 stille som kandidat:<\/strong><\/p>\n\n\n\n<p>Bidra til god geografisk spredning p\u00e5 mulige listekandidater.<\/p>\n\n\n\n<p><strong>\u00d8nsket plassering p\u00e5 stortingsvalglisten:<\/strong><\/p>\n\n\n\n<p>Vet ikke\/ikke viktig<\/p>\n\n\n\n<p><strong>Utdannelse:<\/strong><\/p>\n\n\n\n<p>Cand. theol.<\/p>\n\n\n\n<p><strong>Politiske interesseomr\u00e5der:<\/strong><\/p>\n\n\n\n<p>Skolepolitikk.<\/p>\n\n\n\n<p><strong>Politisk erfaring:<\/strong><\/p>\n\n\n\n<p>Kommunestyrerepresentant siden 2011. Hovedutvalgsleder i undervisning, oppvekst, idrett og kultur i denne perioden.<\/p>\n\n\n\n<p><strong>Annen relevant erfaring fra yrkesliv eller organisasjonsarbeid:<\/strong><\/p>\n\n\n\n<p>Mange\u00e5rig engasjement i Norges KFUK-KFUM.<\/p>\n\n\n\n<h2 class=\"wp-block-heading\">Gaustad, Henriette Celine St\u00f8a<\/h2>\n\n\n\n<figure class=\"wp-block-image size-large\"><img loading=\"lazy\" decoding=\"async\" width=\"1024\" height=\"768\" src=\"https:\/\/hoyre.no\/content\/uploads\/sites\/426\/2024\/09\/Gaustad-Henriette-Celine-Stoa-kandidatpresentasjon-1024x768.jpeg\" alt=\"\" class=\"wp-image-921\" srcset=\"https:\/\/hoyre.no\/content\/uploads\/sites\/426\/2024\/09\/Gaustad-Henriette-Celine-Stoa-kandidatpresentasjon-1024x768.jpeg 1024w, https:\/\/hoyre.no\/content\/uploads\/sites\/426\/2024\/09\/Gaustad-Henriette-Celine-Stoa-kandidatpresentasjon-300x225.jpeg 300w, https:\/\/hoyre.no\/content\/uploads\/sites\/426\/2024\/09\/Gaustad-Henriette-Celine-Stoa-kandidatpresentasjon-768x576.jpeg 768w, https:\/\/hoyre.no\/content\/uploads\/sites\/426\/2024\/09\/Gaustad-Henriette-Celine-Stoa-kandidatpresentasjon.jpeg 1207w\" sizes=\"auto, (max-width: 1024px) 100vw, 1024px\" \/><figcaption class=\"wp-element-caption\">Henriette Celine St\u00f8a Gaustad.<\/figcaption><\/figure>\n\n\n\n<p><strong>Alder:<\/strong> 31<br><strong>Bostedskommune:<\/strong> Fredrikstad<br><strong>Sivilstatus:<\/strong> Samboer<br><strong>N\u00e5v\u00e6rende stilling\/yrke\/tittel:<\/strong> Juridisk r\u00e5dgiver <\/p>\n\n\n\n<p><strong>Beskriv kort hvorfor du \u00f8nsker \u00e5 stille som kandidat:<\/strong><\/p>\n\n\n\n<p>H\u00f8yre har de beste l\u00f8sningene p\u00e5 utfordringene vi st\u00e5r overfor i samfunnet, og for \u00e5 skape et trygt og godt samfunn som legger til rette for valgfrihet og gode liv gjennom hele livet. Jeg stiller som kandidat fordi jeg \u00f8nsker \u00e5 bidra til bl\u00e5 valgseier i 2025 og at Norge skal v\u00e6re et godt sted \u00e5 leve b\u00e5de for n\u00e5v\u00e6rende og fremtidige generasjoner.<\/p>\n\n\n\n<p><strong>\u00d8nsket plassering p\u00e5 stortingsvalglisten:<\/strong><\/p>\n\n\n\n<p>Plass 1 &#8211; 5<\/p>\n\n\n\n<p><strong>Utdannelse:<\/strong><\/p>\n\n\n\n<p>Master i Rettsvitenskap, Universitetet i Oslo.<\/p>\n\n\n\n<p><strong>Politiske interesseomr\u00e5der:<\/strong><\/p>\n\n\n\n<p>\u2022 Skole og oppvekst<br>Jeg er opptatt av at vi skal sikre barna v\u00e5re en trygg og god oppvekst og skolegang, hvor hvert enkelt barn blir sett. Skolegang er avgj\u00f8rende for \u00e5 motvirke utenforskap senere i livet, derfor er det viktig at alle barn og unge m\u00f8ter en hverdag som oppleves trygg, meningsfull, og som innbyr til mestringsf\u00f8lelse og l\u00e6relyst.<br><br>\u2022 Helse og omsorg<br>Jeg er opptatt av at vi skal ha en god helse- og omsorgstjenesten som tilbyr hjelpen man trenger n\u00e5r man trenger den. Valgfrihet i en situasjon hvor man er hjelpe- eller pleietrengende er for mange helt avgj\u00f8rende for \u00e5 oppleve verdighet og kontroll over eget liv i m\u00f8te med helse- og omsorgstjenestene.<br><br>\u2022 Boligpolitikk og arbeidsplasser<br>Jeg er opptatt av at det skal bygges nok boliger, og at flere skal klare \u00e5 komme seg inn p\u00e5 boligmarkedet. I tillegg er vi helt avhengige av at det skapes flere arbeidsplasser og at flere kommer seg ut i arbeidslivet.<br>Tilgangen p\u00e5 nok boliger og arbeidsplasser vil v\u00e6re s\u00e6rlig avgj\u00f8rende for fortsatt vekst i v\u00e5r region i \u00e5rene fremover.<\/p>\n\n\n\n<p><strong>Politisk erfaring:<\/strong><\/p>\n\n\n\n<p>Jeg har v\u00e6rt aktivt med i H\u00f8yre siden jeg flyttet tilbake til Fredrikstad etter studiene i 2018. I denne perioden har jeg hatt ulike roller b\u00e5de organisatorisk og som folkevalgt. I dag er jeg leder av n\u00e6ringsutvalget, og fast medlem av bystyret. Jeg har tidligere sittet i planutvalget, v\u00e6rt nestleder i Fredrikstad H\u00f8yre og v\u00e6rt kampanjeansvarlig.<\/p>\n\n\n\n<p><strong>Annen relevant erfaring fra yrkesliv eller organisasjonsarbeid:<\/strong><\/p>\n\n\n\n<p>Har erfaring fra arbeid som advokatfullmektig, og som juridisk r\u00e5dgiver i offentlig forvaltning.<\/p>\n\n\n\n<h2 class=\"wp-block-heading\">Granli-\u00d8stmark, Christian<\/h2>\n\n\n\n<figure class=\"wp-block-image size-large\"><img loading=\"lazy\" decoding=\"async\" width=\"1024\" height=\"768\" src=\"https:\/\/hoyre.no\/content\/uploads\/sites\/426\/2024\/09\/Granli-Ostmark-Christian-kandidatpresentasjon-1024x768.jpg\" alt=\"Christian Granl-\u00d8stmark.\" class=\"wp-image-870\" srcset=\"https:\/\/hoyre.no\/content\/uploads\/sites\/426\/2024\/09\/Granli-Ostmark-Christian-kandidatpresentasjon-1024x768.jpg 1024w, https:\/\/hoyre.no\/content\/uploads\/sites\/426\/2024\/09\/Granli-Ostmark-Christian-kandidatpresentasjon-300x225.jpg 300w, https:\/\/hoyre.no\/content\/uploads\/sites\/426\/2024\/09\/Granli-Ostmark-Christian-kandidatpresentasjon-768x576.jpg 768w, https:\/\/hoyre.no\/content\/uploads\/sites\/426\/2024\/09\/Granli-Ostmark-Christian-kandidatpresentasjon.jpg 1440w\" sizes=\"auto, (max-width: 1024px) 100vw, 1024px\" \/><\/figure>\n\n\n\n<p><strong>Alder:<\/strong> 38<br><strong>Bostedskommune:<\/strong> Sarpsborg <br><strong>Sivilstatus:<\/strong> Gift<br><strong>N\u00e5v\u00e6rende stilling\/yrke\/tittel:<\/strong> <\/p>\n\n\n\n<p>Frikj\u00f8pt folkevalgt ved Sarpsborg kommune, Nestleder ved Vinmonopolet i Moss og baransvarlig ved Vinstua Sarpsborg.<\/p>\n\n\n\n<p><strong>Beskriv kort hvorfor du \u00f8nsker \u00e5 stille som kandidat:<\/strong> <\/p>\n\n\n\n<p>\u00d8stfold trenger en tydelig \u00d8stfoldbenk som snaker \u00d8stfolds sak. Jeg vil v\u00e6re en tydelig stemme for \u00d8stfold H\u00f8yre.<br><br>I over 22 \u00e5r har jeg hatt forskjellige engasjement for \u00d8stfold H\u00f8yre, Tr\u00f8gstad H\u00f8yre, Indre \u00d8stfold H\u00f8yre og Sarpsborg H\u00f8yre.<br><br>Jeg er en stolt \u00d8stfolding som brenner for fylket v\u00e5rt. Kjenner \u00d8stfold godt da jeg har bod og arbeidet i flere \u00d8stfold kommuner. Har bod 2 \u00e5r i Fredrikstad, 30 \u00e5r i tidligere Tr\u00f8gstad kommune og n\u00e5 i Sarpsborg de siste 6 \u00e5rene.&nbsp;Jeg har jobbet 20 \u00e5r i Retail, og har hatt byene Sarpsborg, Moss, Askim og Mysen som arbeidsted.<\/p>\n\n\n\n<p><strong>\u00d8nsket plassering p\u00e5 stortingsvalglisten:<\/strong><\/p>\n\n\n\n<p>Plass 1 &#8211; 5<\/p>\n\n\n\n<p><strong>Utdannelse:<\/strong><\/p>\n\n\n\n<p>Jeg har fagbrev i butikkfag, utdannet diplom sommelier ved Beverage Academy og tar n\u00e5 bachelor i statsvitenskap ved Oslo Nye H\u00f8yskole.<\/p>\n\n\n\n<p><strong>Politiske interesseomr\u00e5der:<\/strong><\/p>\n\n\n\n<p>Jeg brenner for mangfold, intrigering, likestilling og valgfrihet. Det er veldig viktig at vi f\u00e5r tilbake fritt handlingsvalg, slik at vi kan f\u00e5 gode private og offentlige helseinstitusjoner i hele landet. N\u00e5 ser vi en nedbygging og lengere helsek\u00f8er. Psykiatrien m\u00e5 styrkes slik at de som trenger hjelp for hjelp raskere.<br><br>Andre omr\u00e5der som er viktig for meg er fornyelse av offentlig sektor, lavere skatter, avvikling av formuesskatten. En skole uten vold.<br><br>Som \u00d8stfold politiker er jeg opptatt av inntektsgrunnlaget for \u00d8stfold kommunene, dobbeltspor p\u00e5 \u00d8stfoldbanen, koble \u00d8stfoldbanen og \u00d8stre linje sammen, f\u00e5 en fremtidsrettet l\u00f8sning p\u00e5 utfordringene med riksvei 19 i Moss og gjen\u00e5pne Moss Lufthavn Rygge. Jeg \u00f8nsker \u00e5 f\u00e5 utviklet H\u00f8yskolen \u00d8stfold med flere tilbud.<\/p>\n\n\n\n<p><strong>Politisk erfaring:<\/strong><\/p>\n\n\n\n<p>I dag er jeg fraksjonsleder for helse og velferd, og gruppenestleder for bystyregruppen i Sarpsborg. Er medlem av \u00d8stfold H\u00f8yres arbeidsutvalg og leder av \u00d8stfold \u00c5pne H\u00f8yre. Jeg har 20 \u00e5rs erfaring som meddommer i Borgarting lagmannsrett.<br><br>Tidligere har jeg v\u00e6rt varaordf\u00f8rer og opposisjonsleder i Tr\u00f8gstad kommune. Der satt jeg 14 \u00e5r i kommunestyret. Jeg har v\u00e6rt gruppeleder, nestleder og valgkampleder i Tr\u00f8gstad H\u00f8yre. Jeg har v\u00e6rt medlem av Indre \u00d8stfold regionr\u00e5d, var ogs\u00e5 med \u00e5 bygge opp nye Indre \u00d8stfold kommune.<br><br>Jeg meldte meg inn i H\u00f8yre da jeg var 16 \u00e5r og ble styremedlem i Indre \u00d8stfold Unge H\u00f8yre.<\/p>\n\n\n\n<p><strong>Annen relevant erfaring fra yrkesliv eller organisasjonsarbeid:<\/strong><\/p>\n\n\n\n<p>Jeg startet mitt yrkesliv med fire \u00e5r i kommunehelsetjenesten f\u00f8r jeg startet i varehandelen. Har jobbet fire \u00e5r p\u00e5 Oslo lufthavn Gardermoen ved Travel Retail Norway. Her var jeg ansattes representant i styret.<br><br>Det har v\u00e6rt H\u00f8yre jeg har hatt mest engasjement. Jeg var den f\u00f8rste lederen av \u00d8stfold Skeiv Ungdom, aktiv i elevorganisasjonen og verneombud for elevene p\u00e5 Mysen VGS.<br><br>Som Unge H\u00f8yre medlem fikk jeg v\u00e6re med p\u00e5 en hospiteringsordning p\u00e5 Stortinget i stortingsperioden 2005-2009<br><br>Som varaordf\u00f8rer satt jeg i mange interkommunale r\u00e5d og representantskap.<\/p>\n\n\n\n<h2 class=\"wp-block-heading\">Grundekj\u00f8n, Rune<\/h2>\n\n\n\n<figure class=\"wp-block-image size-large\"><img loading=\"lazy\" decoding=\"async\" width=\"1024\" height=\"768\" src=\"https:\/\/hoyre.no\/content\/uploads\/sites\/426\/2024\/09\/Grundekjon-Runde-kandidatpresentasjon-1024x768.jpg\" alt=\"\" class=\"wp-image-874\" srcset=\"https:\/\/hoyre.no\/content\/uploads\/sites\/426\/2024\/09\/Grundekjon-Runde-kandidatpresentasjon-1024x768.jpg 1024w, https:\/\/hoyre.no\/content\/uploads\/sites\/426\/2024\/09\/Grundekjon-Runde-kandidatpresentasjon-300x225.jpg 300w, https:\/\/hoyre.no\/content\/uploads\/sites\/426\/2024\/09\/Grundekjon-Runde-kandidatpresentasjon-768x576.jpg 768w, https:\/\/hoyre.no\/content\/uploads\/sites\/426\/2024\/09\/Grundekjon-Runde-kandidatpresentasjon-1536x1152.jpg 1536w, https:\/\/hoyre.no\/content\/uploads\/sites\/426\/2024\/09\/Grundekjon-Runde-kandidatpresentasjon-2048x1536.jpg 2048w\" sizes=\"auto, (max-width: 1024px) 100vw, 1024px\" \/><\/figure>\n\n\n\n<p><strong>Alder:<\/strong> 64<br><strong>Bostedskommune:<\/strong> Fredrikstad <br><strong>Sivilstatus:<\/strong> Samboer<br><strong>N\u00e5v\u00e6rende stilling\/yrke\/tittel:<\/strong> Jurist, tilsynsr\u00e5dgiver, controller og Personvernombud i Finanstilsynet. Rapporterer direkte til Finanstilsynsdirekt\u00f8ren.<\/p>\n\n\n\n<p><strong>Beskriv kort hvorfor du \u00f8nsker \u00e5 stille som kandidat:<\/strong><\/p>\n\n\n\n<p>\u00d8nsker \u00e5 bidra til \u00e5 skape et velfungerende samfunn med valgfrihet og velstand, sunn \u00f8konomi, respekt for naturen og et troverdig milit\u00e6rt forsvar.<br>Min bakgrunn som jurist, offiser (R) og politiker, far og bestefar vil kunne komme godt med.<\/p>\n\n\n\n<p><strong>\u00d8nsket plassering p\u00e5 stortingsvalglisten:<\/strong><\/p>\n\n\n\n<p>Plass 1 &#8211; 5<\/p>\n\n\n\n<p><strong>Utdannelse:<\/strong><\/p>\n\n\n\n<p>Forsvarets H\u00f8yskole, Sjefskurset<br>Cand jur, UiO<br>Advokatbevilling, tidl<br>Befalsskolen for Kavaleriet, stridsvognklassen (Leopard stridsvogn)<br>Handelsgymnasium<br>Elitekursen, Unge H\u00f8yres Landsforbund<\/p>\n\n\n\n<p><strong>Politiske interesseomr\u00e5der:<\/strong><\/p>\n\n\n\n<p>Finans, n\u00e6ring, justis, forsvars- og sikkerhetspolitikk. Person- og menneskerettigheter. Samferdselspolitikk. Rettigheter og muligheter for lokalsamfunn. Bekjempe fattigdom, ikke rikdom.<\/p>\n\n\n\n<p><strong>Politisk erfaring:<\/strong><\/p>\n\n\n\n<p>Leder kontrollutvalget i Fredrikstad kommune (6000 ansatte)<br>Pr 2024 nestleder kontrollutvalget Fredrikstad kommune (Ap har n\u00e5 lederen)<br>Leder Fredrikstad H\u00f8yre<br>Leder Kristiansand Unge H\u00f8yre<br>Folkevalgt i Kristiansand og Fredrikstad<br>Styremedlem i kommunalt eide selskaper<\/p>\n\n\n\n<p><strong>Annen relevant erfaring fra yrkesliv eller organisasjonsarbeid:<\/strong><\/p>\n\n\n\n<p>&#8211; Dommerfullmektig\/Kst. Sorenskriver.<br>&#8211; Politiadjutant i Moss.<br>&#8211; Underviser\/sensor p\u00e5 Handelsh\u00f8yskolen BI og Juridisk fakultet, UiO.<br>&#8211; Internasjonale oppdrag for Europar\u00e5det, FATF evaluering av bl.a Ukraine (2 ganger) Tyrkia, Island.<br>&#8211; Hovedinnleder p\u00e5 FN-finansierte konferanser for bankledere i Nigeria og London.<br>&#8211; 2.direkt\u00f8r Klubselskabet Ph\u00f8nix 200 medlemmer Fredrikstad.<br>&#8211; Tillitsverv i Sjakklubb Fredrikstad.<br>&#8211; Leder av Juristforum i Fredrikstad siste 8 \u00e5r og er fremdeles leder.<br>&#8211; Syklet Birken 20 ganger, syklet Grenserittet.<br>&#8211; Assistent og tilrettelegger som teammedlem\/groom innen hestesportens maraton, distanseritt (stedatter er rytter) bl.a. i VM og \u00f8rkenritt i Abu Dhabi. Ekvipasjen var p\u00e5 det norske vinnerlaget i Nordisk mesterskap i Danmark i juni 2024.<br>Elsker friluftsliv i Jotunheimen sommer og vinter og turer med familie og venner i Fredrikstadmarka.<\/p>\n\n\n\n<h2 class=\"wp-block-heading\">Gr\u00f8nberg, Joacim Flesj\u00f8<\/h2>\n\n\n\n<figure class=\"wp-block-image size-large\"><img loading=\"lazy\" decoding=\"async\" width=\"1024\" height=\"768\" src=\"https:\/\/hoyre.no\/content\/uploads\/sites\/426\/2024\/09\/Gronberg-Joacim-Flesjo-kandidatpresentasjon-1024x768.jpg\" alt=\"\" class=\"wp-image-884\" srcset=\"https:\/\/hoyre.no\/content\/uploads\/sites\/426\/2024\/09\/Gronberg-Joacim-Flesjo-kandidatpresentasjon-1024x768.jpg 1024w, https:\/\/hoyre.no\/content\/uploads\/sites\/426\/2024\/09\/Gronberg-Joacim-Flesjo-kandidatpresentasjon-300x225.jpg 300w, https:\/\/hoyre.no\/content\/uploads\/sites\/426\/2024\/09\/Gronberg-Joacim-Flesjo-kandidatpresentasjon-768x576.jpg 768w, https:\/\/hoyre.no\/content\/uploads\/sites\/426\/2024\/09\/Gronberg-Joacim-Flesjo-kandidatpresentasjon-1536x1152.jpg 1536w, https:\/\/hoyre.no\/content\/uploads\/sites\/426\/2024\/09\/Gronberg-Joacim-Flesjo-kandidatpresentasjon-2048x1536.jpg 2048w\" sizes=\"auto, (max-width: 1024px) 100vw, 1024px\" \/><figcaption class=\"wp-element-caption\">Joacim Flesj\u00f8 Gr\u00f8nberg.<\/figcaption><\/figure>\n\n\n\n<p><strong>Alder:<\/strong> 46<br><strong>Bostedskommune:<\/strong> Moss<br><strong>Sivilstatus:<\/strong> Nyforlovet med min kj\u00e6re Marianne<br><strong>N\u00e5v\u00e6rende stilling\/yrke\/tittel:<\/strong> Gr\u00fcnder\/Bedriftseier<\/p>\n\n\n\n<p><strong>Beskriv kort hvorfor du \u00f8nsker \u00e5 stille som kandidat:<\/strong><\/p>\n\n\n\n<p>Jeg \u00f8nsker \u00e5 stille som kandidat fordi det politiske \u00d8stfold trenger fornyelse, og jeg er spesielt opptatt av problemstillinger som ber\u00f8rer b\u00e5de min og de fremtidige generasjoner.<\/p>\n\n\n\n<p>Stortinget er stedet hvor fremtiden skapes, og jeg \u00f8nsker \u00e5 bidra til \u00e5 forme denne utviklingen.<\/p>\n\n\n\n<p>Det er viktig med personer som evner \u00e5 tenke kreativt \u00e5 ta H\u00f8yre videre for \u00e5 m\u00f8te dagens og fremtidens utfordringer.<\/p>\n\n\n\n<p>Jeg har jobbet meg opp fra fagmann til bedriftseier og gr\u00fcnder, ved hjelp av erfaring og kompetansehevning.<\/p>\n\n\n\n<p>Jeg er stolt av mine r\u00f8tter fra grasrota og \u00f8nsker at alle skal f\u00e5 de mulighetene jeg har f\u00e5tt!<\/p>\n\n\n\n<p><strong>\u00d8nsket plassering p\u00e5 stortingsvalglisten:<\/strong><\/p>\n\n\n\n<p>Plass 6 &#8211; 10<\/p>\n\n\n\n<p><strong>Utdannelse:<\/strong><\/p>\n\n\n\n<p>Jeg har en variert bakgrunn fra offentlig og privat grunnskole, med fagutdannelse og fagbrev som telekommunikasjonsmont\u00f8r.<\/p>\n\n\n\n<p>Jeg har tatt opp allmennfag p\u00e5 kveldstid og tatt flere studier ved ulike fagskoler. Jeg er n\u00e5 deltidsstudent p\u00e5 kveldstudier ved fagskolen i Viken, studiested Fredrikstad.<\/p>\n\n\n\n<p>Jeg er ogs\u00e5 en stolt veteran med f\u00f8rstegangstjeneste i Sambandskompaniet og utenlandstjeneste i Kosovo for Telemarksbataljonen.<\/p>\n\n\n\n<p>Alle b\u00f8r f\u00e5 muligheten til ett eller flere plikt\u00e5r for fedrelandet for \u00e5 bygge kompetanse og erfaring for fedrelandet Norge.<\/p>\n\n\n\n<p><strong>Politiske interesseomr\u00e5der:<\/strong><\/p>\n\n\n\n<p>*Samferdsel,<br>herunder langsiktig og fornuftig bruk av samfunnets midler, for \u00e5 skape et bedre og mer attraktivt \u00d8stfold.<\/p>\n\n\n\n<p>*Sysselsetting,<br>herunder bidra best mulig for at \u00d8stfolds innbyggere skal ha et bredt og innovativt arbeidsmarked, med et skoletilbud som samsvarer med fremtidens behov. \u00d8stfold skal gjenoppst\u00e5 som motoren i Norge.<\/p>\n\n\n\n<p>*Mangfold,<br>herunder at alle innbyggere skal f\u00e5 et tilbud i \u00d8stfold, som gir de verkt\u00f8y som trengs for \u00e5 ha en problemfri hverdag, sosialt, \u00f8konomisk og trygt.<\/p>\n\n\n\n<p>\u00d8stfold skal vise vei og v\u00e6re ledende i Norge.<\/p>\n\n\n\n<p><strong>Politisk erfaring:<\/strong><\/p>\n\n\n\n<p>Jeg har tidligere v\u00e6rt aktiv i Frp og Ny Kurs (By, og bygdeliste i Moss) og har god dialog med flere innen politisk ledelse fra ulike partier i \u00d8stfold.<\/p>\n\n\n\n<p>Jeg har hatt flere tillitsverv i politisk ledelse p\u00e5 fylkesniv\u00e5 som i lokalparti.<\/p>\n\n\n\n<p>Jeg har v\u00e6rt sentral medlem i en h\u00e5ndfull politiske utvalg og er i dag medlem av <\/p>\n\n\n\n<p>Politisk utvalg i \u00d8stfold H\u00f8yre, varamedlem til Moss kommunestyre og varamedlem til BSN (Hovedutvalg for Byutvikling, Samferdsel og N\u00e6ring).<\/p>\n\n\n\n<p><strong>Annen relevant erfaring fra yrkesliv eller organisasjonsarbeid:<\/strong><\/p>\n\n\n\n<p>Som aktiv n\u00e6ringsdrivende med bakgrunn fra det private og offentlige, samt tilhenger av EU er H\u00f8yre mitt hjerte n\u00e6rmest!<\/p>\n\n\n\n<p>Alle b\u00f8r f\u00e5 de muligheter jeg har f\u00e5tt i mitt kj\u00e6re \u00d8stfold &lt;3<\/p>\n\n\n\n<h2 class=\"wp-block-heading\">Hals, Lukas Alexander<\/h2>\n\n\n\n<figure class=\"wp-block-image size-large\"><img loading=\"lazy\" decoding=\"async\" width=\"1024\" height=\"768\" src=\"https:\/\/hoyre.no\/content\/uploads\/sites\/426\/2024\/09\/Hals-Lukas-kandidatpresentasjon-1024x768.jpeg\" alt=\"Lukas Hals.\" class=\"wp-image-876\" srcset=\"https:\/\/hoyre.no\/content\/uploads\/sites\/426\/2024\/09\/Hals-Lukas-kandidatpresentasjon-1024x768.jpeg 1024w, https:\/\/hoyre.no\/content\/uploads\/sites\/426\/2024\/09\/Hals-Lukas-kandidatpresentasjon-300x225.jpeg 300w, https:\/\/hoyre.no\/content\/uploads\/sites\/426\/2024\/09\/Hals-Lukas-kandidatpresentasjon-768x576.jpeg 768w, https:\/\/hoyre.no\/content\/uploads\/sites\/426\/2024\/09\/Hals-Lukas-kandidatpresentasjon-1536x1152.jpeg 1536w, https:\/\/hoyre.no\/content\/uploads\/sites\/426\/2024\/09\/Hals-Lukas-kandidatpresentasjon-2048x1536.jpeg 2048w\" sizes=\"auto, (max-width: 1024px) 100vw, 1024px\" \/><figcaption class=\"wp-element-caption\">Lukas Alexander Hals.<\/figcaption><\/figure>\n\n\n\n<p><strong>Alder:<\/strong> 17<br><strong>Bostedskommune:<\/strong> Sarpsborg<br><strong>Sivilstatus:<\/strong> Singel<br><strong>N\u00e5v\u00e6rende stilling\/yrke\/tittel:<\/strong> Student\/ Tilkallingsvikar Fredrikstad Kommune\/ Leder Ungdommens fylkesr\u00e5d i \u00d8stfold.<\/p>\n\n\n\n<p><strong>Beskriv kort hvorfor du \u00f8nsker \u00e5 stille som kandidat:<\/strong><\/p>\n\n\n\n<p>Som ung kandidat vil min sterkeste fordel v\u00e6re hvordan vi unge ser samfunnet, og jobber ekstra for deres interesser. Samt jeg \u00f8nsker \u00e5 vise at unge kan ogs\u00e5 arbeide med politikk, der det ofte sees ned p\u00e5, om ungdommer interesserer seg for politikk, noe som b\u00f8r avvikles.&nbsp; Jeg \u00f8nsker \u00e5 stille, fordi det er viktig at unge politikere f\u00e5r bygge erfaringen tidlig, samt v\u00e6re representert.<\/p>\n\n\n\n<p><strong>\u00d8nsket plassering p\u00e5 stortingsvalglisten:<\/strong><\/p>\n\n\n\n<p>Plass 1 &#8211; 5<\/p>\n\n\n\n<p><strong>Utdannelse:<\/strong><\/p>\n\n\n\n<p>Per n\u00e5 ingen full utdannelse, men til v\u00e5ren g\u00e5r jeg ut av 3.\u00e5ret p\u00e5 St. Olav videreg\u00e5ende skole i Sarpsborg. Derfra er \u00f8nsket \u00e5 utdanne meg videre p\u00e5 universitet.<\/p>\n\n\n\n<p><strong>Politiske interesseomr\u00e5der:<\/strong><\/p>\n\n\n\n<p>Mine politiske interesseomr\u00e5der handler for det meste om \u00e5 f\u00e5 unge inn i politikken\/ unge stemmer. Samt en trygg \u00f8konomi for statens innbyggere. Dermed er det viktig for meg at vi som et politisk parti viser vi mestrer \u00e5 ta ansvar for alle klassene i samfunnet, p\u00e5 best mulig vis.<\/p>\n\n\n\n<p><strong>Politisk erfaring:<\/strong><\/p>\n\n\n\n<p>Jeg er relativ ny i politikken. Jeg har v\u00e6rt nestleder i to perioder for Ungdomsr\u00e5det i Sarpsborg Kommune, jeg er nestleder for Nedre Glomma UH, styremedlem i \u00d8UH, og Fylkesleder for Ungdommens fylkesr\u00e5d i \u00d8stfold. S\u00e5 p\u00e5 kort tid, har jeg bygd litt erfaring og kjennskap til faget og politikkerne som jobber med det.<\/p>\n\n\n\n<p><strong>Annen relevant erfaring fra yrkesliv eller organisasjonsarbeid:<\/strong><\/p>\n\n\n\n<p>Jeg jobber i service gjennom Fredrikstad Kommune, da jeg holder til p\u00e5 Instalat\u00f8ren Arena. Samt i klesbutikk i Sarpsborg.<\/p>\n\n\n\n<h2 class=\"wp-block-heading\">Holm, Fredrik<\/h2>\n\n\n\n<figure class=\"wp-block-image size-full\"><img loading=\"lazy\" decoding=\"async\" width=\"960\" height=\"720\" src=\"https:\/\/hoyre.no\/content\/uploads\/sites\/426\/2024\/09\/Holm-Fredrik-kandidatpresentasjon.jpg\" alt=\"\" class=\"wp-image-902\" srcset=\"https:\/\/hoyre.no\/content\/uploads\/sites\/426\/2024\/09\/Holm-Fredrik-kandidatpresentasjon.jpg 960w, https:\/\/hoyre.no\/content\/uploads\/sites\/426\/2024\/09\/Holm-Fredrik-kandidatpresentasjon-300x225.jpg 300w, https:\/\/hoyre.no\/content\/uploads\/sites\/426\/2024\/09\/Holm-Fredrik-kandidatpresentasjon-768x576.jpg 768w\" sizes=\"auto, (max-width: 960px) 100vw, 960px\" \/><figcaption class=\"wp-element-caption\">Fredrik Holm.<\/figcaption><\/figure>\n\n\n\n<p><strong>Alder:<\/strong> 39<br><strong>Bostedskommune:<\/strong> Halden <br><strong>Sivilstatus:<\/strong> Gift<br><strong>N\u00e5v\u00e6rende stilling\/yrke\/tittel:<\/strong> Ordf\u00f8rer<\/p>\n\n\n\n<p><strong>Beskriv kort hvorfor du \u00f8nsker \u00e5 stille som kandidat:<\/strong><\/p>\n\n\n\n<p>Jeg har v\u00e6rt sv\u00e6rt heldig \u00e5 f\u00e5 tillit som f\u00f8rste vara til Stortinget og som ordf\u00f8rer for H\u00f8yre. Dette er et privilegium og det er fortsatt sv\u00e6rt givende \u00e5 f\u00e5 jobbe med samfunnsutvikling p\u00e5 dette niv\u00e5et. Det har jeg sv\u00e6rt lyst til \u00e5 fortsette med, dersom \u00d8stfold H\u00f8yre mener jeg fortsatt har noe \u00e5 bidra med.<br><br>I en urolig tid med mye usikkerhet, frustrasjon og til dels sinne tror jeg demokratiet ogs\u00e5 har behov for noen litt rolige typer som liker \u00e5 tenke b\u00e5de dypt og bredt i m\u00f8te med stadig mer kompliserte samfunnsutfordringer. Vi har mange slike kandidater og jeg kan kanskje v\u00e6re en av dem.<br><br>\u00d8stfold har noen egne utfordringer knyttet til folkehelse og utenforskap i begrepets videste forstand. For meg handler politikk i f\u00f8rste rekke om \u00e5 jobbe for at \u00d8stfold skal l\u00f8fte seg mot landssnittet n\u00e5r det gjelder sysselsettinsgrad, utdanningsniv\u00e5, grunnskoleferdigheter og inntekt.<br><br>Da trenger vi i f\u00f8rste rekke \u00e5 sikre et n\u00e6ringsliv som gj\u00f8r at vi har jobber \u00e5 g\u00e5 til. Vi trenger en skole som stiller krav og forventninger, og vi trenger en menneskelig omsorg og forst\u00e5else for utenforskapet i nabolaget. Jeg tror jeg har en noe &laquo;uh\u00f8yresk&raquo; erfaring med \u00d8stfoldproblematikken som partiet kan dra nytte av, dersom det \u00f8nskes.<br><br>Akkurat n\u00e5 jobber meg med dette i Halden og jeg har egentlig ikke hjerte til \u00e5 l\u00f8pe fra den jobben akkurat n\u00e5. Derfor ser jeg for meg en plass i sjiktet rett bak de tre antatt toppkandidatene. Da kan ingen beskylde meg for \u00e5 l\u00f8pe fra jobben i Halden, men jeg kan fortsatt bidra sentralt i laget. Det kunne jeg veldig godt tenke meg.<\/p>\n\n\n\n<p><strong>\u00d8nsket plassering p\u00e5 stortingsvalglisten:<\/strong><\/p>\n\n\n\n<p>Plass 1 &#8211; 5<\/p>\n\n\n\n<p><strong>Utdannelse:<\/strong><\/p>\n\n\n\n<p>&#8211; M.A. (Honours) Internasjonale relasjoner og sosialantropologi, (University of St. Andrews, Skottland)<br>&#8211; Praktisk pedagogisk utdanning, (H\u00f8gskolen i \u00d8stfold)<br>&#8211; Statens rektorutdanning, (Oslo Met)<br>&#8211; \u00c5rsstudier i norsk og engelsk (H\u00f8gskolen i \u00d8stfold)<\/p>\n\n\n\n<p><strong>Politiske interesseomr\u00e5der:<\/strong><\/p>\n\n\n\n<p>&#8211; Oppvekstpolitikk (dette handler om mer en skole, men alle de bitene som sikrer en god grunnmur m\u00e5 i st\u00f8rre grad sees i sammenheng)<br>&#8211; Arbeids- og sosialpolitikk (Jeg synes vi skal t\u00f8rre \u00e5 snakke h\u00f8yere om karensdager. Det er omsorg i \u00e5 stille krav, ogs\u00e5 for voksne)<br>&#8211; N\u00e6ringspolitikk (dette handler om mye mer enn skatt, for eksempel kommunal frihet i arealdisponeringer)<br><br>Og s\u00e5 henger alt sammen med alt og jeg elsker \u00e5 jobbe med hvordan alt fra samferdsel, kultur, idrett, beredskapsvilje og mye mer bidrar til trygge gode lokalsamfunn)<\/p>\n\n\n\n<p><strong>Politisk erfaring:<\/strong><\/p>\n\n\n\n<p>2023 &#8211;&gt; Ordf\u00f8rer i Halden<br>2021 &#8211;&gt; F\u00f8rste vara til Stortinget.<br>2015-2023 &#8211; Gruppeleder i Halden.<br>2015-2016 &#8211; Leder, Halden H\u00f8yre<br>2016-2018 &#8211; Nestleder, Halden H\u00f8yre<br>2003-2007 &#8211; Kommunestyrerepresentant<\/p>\n\n\n\n<p><strong>Annen relevant erfaring fra yrkesliv eller organisasjonsarbeid:<\/strong><\/p>\n\n\n\n<p>I utgangspunktet mislykket etter universitetet, men har jobbet som bartender, frilansjournalist, ryddegutt for elektrikerfirma, og har hatt et opphold i Tadsjikistan hvor jeg jobbet med demokratiserings- og utviklingsprosjekter for en liten NGO.<br><br>Jeg trodde alt var i boks da jeg fikk jobb som industriarbeider p\u00e5 Saugbrugs. Jeg ble utsatt for en alvorlig arbeidsulykke der venstre arm ble tygget opp av en papirmaskin.&nbsp; Jeg er i dag 30% medisinsk uf\u00f8r, men klarte \u00e5 jobbe meg tilbake og omskolerte meg til skolemann. Jeg har jobbet som l\u00e6rer og rektor p\u00e5 en barneskole.<br><br>Jeg har for \u00f8vrig bidratt litt her og der i styrer i idrettslag og lignende uten at det teller noe mer enn som et \u00f8nske om \u00e5 bidra til \u00e5 skape aktivitet for barn og unge.<\/p>\n\n\n\n<h2 class=\"wp-block-heading\">Leirstein, Alexander<\/h2>\n\n\n\n<figure class=\"wp-block-image size-large\"><img loading=\"lazy\" decoding=\"async\" width=\"1024\" height=\"768\" src=\"https:\/\/hoyre.no\/content\/uploads\/sites\/426\/2024\/09\/D33DDD7F-4241-41FD-9D91-F21E0BCD54F6-1-1024x768.jpeg\" alt=\"Alexander Leirstein.\" class=\"wp-image-883\" srcset=\"https:\/\/hoyre.no\/content\/uploads\/sites\/426\/2024\/09\/D33DDD7F-4241-41FD-9D91-F21E0BCD54F6-1-1024x768.jpeg 1024w, https:\/\/hoyre.no\/content\/uploads\/sites\/426\/2024\/09\/D33DDD7F-4241-41FD-9D91-F21E0BCD54F6-1-300x225.jpeg 300w, https:\/\/hoyre.no\/content\/uploads\/sites\/426\/2024\/09\/D33DDD7F-4241-41FD-9D91-F21E0BCD54F6-1-768x576.jpeg 768w, https:\/\/hoyre.no\/content\/uploads\/sites\/426\/2024\/09\/D33DDD7F-4241-41FD-9D91-F21E0BCD54F6-1-1536x1152.jpeg 1536w, https:\/\/hoyre.no\/content\/uploads\/sites\/426\/2024\/09\/D33DDD7F-4241-41FD-9D91-F21E0BCD54F6-1-2048x1536.jpeg 2048w\" sizes=\"auto, (max-width: 1024px) 100vw, 1024px\" \/><figcaption class=\"wp-element-caption\">Alexander Leirstein.<\/figcaption><\/figure>\n\n\n\n<p><strong>Alder:<\/strong> 28<br><strong>Bostedskommune:<\/strong> Moss <br><strong>Sivilstatus:<\/strong> Singel<br><strong>N\u00e5v\u00e6rende stilling\/yrke\/tittel:<\/strong> Quality Assurance Manager, reMarkable<\/p>\n\n\n\n<p><strong>Beskriv kort hvorfor du \u00f8nsker \u00e5 stille som kandidat:<\/strong><\/p>\n\n\n\n<p>\u00d8nsker \u00e5 bidra til at H\u00f8yre vinner stortingsvalget i \u00d8stfold i 2025.<\/p>\n\n\n\n<p><strong>\u00d8nsket plassering p\u00e5 stortingsvalglisten:<\/strong><\/p>\n\n\n\n<p>Vet ikke\/ikke viktig<\/p>\n\n\n\n<p><strong>Utdannelse:<\/strong><\/p>\n\n\n\n<p>\u00c5rsstudium Markedsf\u00f8ring og salgsledelse.<\/p>\n\n\n\n<p><strong>Politiske interesseomr\u00e5der:<\/strong><\/p>\n\n\n\n<p>Eldreomsorg, skole og skatt\/avgifter.<\/p>\n\n\n\n<p><strong>Politisk erfaring:<\/strong><\/p>\n\n\n\n<p>Over 10 \u00e5rs erfaring fra diverse verv i lokalpolitikken i Moss, samt ungdomspolitikken. N\u00e5v\u00e6rende nestleder i Hovedutvalg for Oppvekst, Aktivitet og Inkludering i Moss Kommune. Tidligere Gruppeleder i Moss Kommune.<\/p>\n\n\n\n<p><strong>Annen relevant erfaring fra yrkesliv eller organisasjonsarbeid:<\/strong><\/p>\n\n\n\n<p>Tidligere Leder i Ungdom mot Rasisme \u00d8stfold.<\/p>\n\n\n\n<h2 class=\"wp-block-heading\">Leister, Eivind Andr\u00e9<\/h2>\n\n\n\n<figure class=\"wp-block-image size-full\"><img loading=\"lazy\" decoding=\"async\" width=\"828\" height=\"621\" src=\"https:\/\/hoyre.no\/content\/uploads\/sites\/426\/2024\/09\/Leister-Eivind-kandidatpresentasjon.jpg\" alt=\"\" class=\"wp-image-885\" srcset=\"https:\/\/hoyre.no\/content\/uploads\/sites\/426\/2024\/09\/Leister-Eivind-kandidatpresentasjon.jpg 828w, https:\/\/hoyre.no\/content\/uploads\/sites\/426\/2024\/09\/Leister-Eivind-kandidatpresentasjon-300x225.jpg 300w, https:\/\/hoyre.no\/content\/uploads\/sites\/426\/2024\/09\/Leister-Eivind-kandidatpresentasjon-768x576.jpg 768w\" sizes=\"auto, (max-width: 828px) 100vw, 828px\" \/><figcaption class=\"wp-element-caption\">Eivind Andr\u00e9 Leister.<\/figcaption><\/figure>\n\n\n\n<p><strong>Alder:<\/strong> 54<br><strong>Bostedskommune:<\/strong> Fredrikstad <br><strong>Sivilstatus:<\/strong> Gift<br><strong>N\u00e5v\u00e6rende stilling\/yrke\/tittel:<\/strong> H\u00f8gskolelektor ved H\u00f8gskolen i \u00d8stfold<\/p>\n\n\n\n<p><strong>Beskriv kort hvorfor du \u00f8nsker \u00e5 stille som kandidat:<\/strong><\/p>\n\n\n\n<p>Norge st\u00e5r overfor spennende men ogs\u00e5 krevende utfordringer.<br>Jeg \u00f8nsker \u00e5 v\u00e6re med p\u00e5 laget som skal bidra med gode og konstruktive l\u00f8sninger for fremtiden,<br>forankret i konservativ ideologi gjennom H\u00f8yres program.&nbsp;<br>Min solide bakgrunn og erfaring fra politikk, n\u00e6ringsliv og utdanning burde v\u00e6re kompetanse som er nyttig i dette arbeidet.<br>Det har hopet seg opp en rekke arbeidsoppgaver de siste \u00e5rene, som tilsier at landet n\u00e5 igjen trenger en handlekraftig og tydelig H\u00f8yre- ledet regjering. Her vil jeg gjerne bidra.<br>Mange f\u00f8ler p\u00e5 en usikkerhet i disse tider. Jeg \u00f8nsker \u00e5 lytte til innbyggernes \u00f8nsker og bekymringer slik at vi kan finne l\u00f8sninger som skaper en god fremtid for v\u00e5re innbyggere.<br>Vi ser dessverre en \u00f8kning av levek\u00e5rsutfordringer ikke minst i \u00d8stfold, som er kjernen til en rekke problemer som tynger kommune\u00f8konomien spesielt i nedre Glomma-regionen.<br>Viktige tiltak for \u00e5 bedre dette er utdanning og arbeid. H\u00f8yre har stor troverdighet n\u00e5r det gjelder nettopp utdannings- og n\u00e6ringspolitikk.<br>Dette er temaer jeg har en viss innsikt i og som jeg aktivt vil bidra til for \u00e5 styrke.<br>H\u00f8yre m\u00e5 jobbe med \u00e5 styrke hele utdanningsl\u00f8pet. Vi m\u00e5 legge til rette for mer forskning og innovasjon og oppmuntre til entrepren\u00f8rskap.&nbsp;<br>N\u00e6ringslivet trenger n\u00e5 s\u00e5rt en politikk som m\u00f8ter deres behov og gir forutsigbare rammebetingelser, ikke minst gjennom en n\u00e6ringsvennlig skatte- og avgiftspolitikk, som sikrer verdiskapning og derigjennom arbeidsplasser.<br>Dette kan H\u00f8yre bidra til!<br>Jeg h\u00e5per \u00e5 kunne v\u00e6re en tydelig r\u00f8st for \u00d8stfold p\u00e5 Stortinget, og f\u00e5 aksept for l\u00f8sninger som fremmer vekst i v\u00e5r region, gjennom samarbeid.&nbsp; Vi m\u00e5 f\u00e5 fart p\u00e5 den gr\u00f8nne-omstillingen i samfunnet, her m\u00e5 vi bidra til at \u00d8stfold f\u00e5r en ledende rolle, gitt v\u00e5r kompetanse innen sirkul\u00e6r\u00f8konomi.<br>Den urolige tiden vi lever i, krever at vi s\u00f8ker og utvikler internasjonalt samarbeide, gjennom NATO og forh\u00e5pentligvis ogs\u00e5 et EU-medlemskap. Her er H\u00f8yre tydelig. Dette er er et arbeid jeg st\u00f8tter helhjertet.<br>Global uro krever at vi m\u00e5 verne om v\u00e5re verdier og rettigheter for \u00e5 sikre fred og frihet.<br>H\u00f8yre har en godt forankret idelogi som er p\u00e5krevet i disse tider,&nbsp; jeg \u00f8nsker aktivt \u00e5 arbeide for dette som H\u00f8yres Stortingsrepresentant fra \u00d8stfold for \u00e5 sikre et godt fremtidig Norge &#8211; ikke minst for v\u00e5re barn.<\/p>\n\n\n\n<p><strong>\u00d8nsket plassering p\u00e5 stortingsvalglisten:<\/strong><\/p>\n\n\n\n<p>Plass 1 &#8211; 5<\/p>\n\n\n\n<p><strong>Utdannelse:<\/strong><\/p>\n\n\n\n<p>&laquo;Diplomkaufmann&raquo; \/ siv. \u00f8k fra Christian Albrechts Universit\u00e4t zu Kiel, Tyskland<br>Praktisk pedagogisk utdanning for yrkesfag, H\u00f8gskolen i \u00d8stfold.<\/p>\n\n\n\n<p><strong>Politiske interesseomr\u00e5der:<\/strong><\/p>\n\n\n\n<p>N\u00e6ringsutvikling<br>Utdanning og forskning<br>Finanspolitikk<br>Sikkerhet- og utenrikspolitikk<\/p>\n\n\n\n<p><strong>Politisk erfaring:<\/strong><\/p>\n\n\n\n<p>Medlem av Fredrikstad Bystyre i 12 \u00e5r (3 perioder 2011-2023)<br>Leder Fredrikstad H\u00f8yre (2019-2022)<br>Styremedlem \u00d8stfold og Viken H\u00f8yre (2013 &#8211; 14, 2019 &#8211; 22)<br>Leder av Fredrikstad Kirkelige Fellesr\u00e5d (2023-)<br>Flere verv i styret i Fredrikstad H\u00f8yre, for tiden som kasserer<br>Medlem oppvekstutvalget&nbsp; i Fredrikstad (1 periode)<br>Medlem administrasjonsutvalget&nbsp; og forhandlingsutvalget i Fredrikstad (1 periode)<br>Medlem teknisk utvalg i Fredrikstad (1 periode)<br>Medlem overlikningsnemda i Fredrikstad<br>Medlem Fredrikstad Forliksr\u00e5d<br>Leder av styret for Fondet for Arne Stangebyes Samlinger<br>Leder av Stiftelsen Fredrikstad Museum<br>Leder av eierforum for \u00d8stfoldmuseene<br>Varamedlem til styret i FREVAR<br>Styremedlem Borg Havn<br>Medlem av 17. mai utvalget i Fredrikstad<\/p>\n\n\n\n<p><strong>Annen relevant erfaring fra yrkesliv eller organisasjonsarbeid:<\/strong><\/p>\n\n\n\n<p>&#8211; 20 \u00e5r internasjonal arbeidserfaring fra finans og shipping. Tidligere arbeidsgivere: Deutsche Bank in Hamburg, DnB NOR, UniCredit og HSH.<br>&#8211; 5 \u00e5rs erfaring med undervisning p\u00e5 ungdomsskoler i Fredrikstad, Mysen videreg\u00e5ende skole og H\u00f8gskolen i \u00d8stfold.<br>&#8211; Erfaring med startup-bedrifter som ExAC i Fredrikstad.<br>&#8211; Nestleder og trener i Fredrikstad Fekteklubb.<br>&#8211; Erfaring fra kirkelig r\u00e5dsarbeid; Glemmen Menighetsr\u00e5d og Fredrikstad Kirkelige Fellesr\u00e5d som leder siden 2023.<\/p>\n\n\n\n<h2 class=\"wp-block-heading\">L\u00f8chen, Ragnhild M. Hartvigsen<\/h2>\n\n\n\n<figure class=\"wp-block-image size-large\"><img loading=\"lazy\" decoding=\"async\" width=\"1024\" height=\"768\" src=\"https:\/\/hoyre.no\/content\/uploads\/sites\/426\/2024\/09\/Lochen-Ragnhild-Hartvigsen-kandidatpresentasjon-1024x768.jpg\" alt=\"\" class=\"wp-image-903\" srcset=\"https:\/\/hoyre.no\/content\/uploads\/sites\/426\/2024\/09\/Lochen-Ragnhild-Hartvigsen-kandidatpresentasjon-1024x768.jpg 1024w, https:\/\/hoyre.no\/content\/uploads\/sites\/426\/2024\/09\/Lochen-Ragnhild-Hartvigsen-kandidatpresentasjon-300x225.jpg 300w, https:\/\/hoyre.no\/content\/uploads\/sites\/426\/2024\/09\/Lochen-Ragnhild-Hartvigsen-kandidatpresentasjon-768x576.jpg 768w, https:\/\/hoyre.no\/content\/uploads\/sites\/426\/2024\/09\/Lochen-Ragnhild-Hartvigsen-kandidatpresentasjon-1536x1152.jpg 1536w, https:\/\/hoyre.no\/content\/uploads\/sites\/426\/2024\/09\/Lochen-Ragnhild-Hartvigsen-kandidatpresentasjon-2048x1536.jpg 2048w\" sizes=\"auto, (max-width: 1024px) 100vw, 1024px\" \/><figcaption class=\"wp-element-caption\">Ragnhild M. Hartvigsen L\u00f8chen.<\/figcaption><\/figure>\n\n\n\n<p><strong>Alder:<\/strong> 58<br><strong>Bostedskommune:<\/strong> Halden <br><strong>Sivilstatus:<\/strong> Gift<br><strong>N\u00e5v\u00e6rende stilling\/yrke\/tittel:<\/strong> Daglig leder<\/p>\n\n\n\n<p><strong>Beskriv kort hvorfor du \u00f8nsker \u00e5 stille som kandidat:<\/strong><\/p>\n\n\n\n<p>\u00d8nske om \u00e5 bidra til et bedre Norge med fokus p\u00e5 verdiskapning og privat n\u00e6ringsliv, samt en mer effektiv offentlig sektor.<br>Opptatt av forbedringspotensial, nytenkning og &laquo;kundefokus&raquo;. Vi m\u00e5 i mye st\u00f8rre grad se tingene utenfra, alts\u00e5 fra innbyggere og n\u00e6ringslivets side.<\/p>\n\n\n\n<p>Har 35 \u00e5rs erfaring fra privat n\u00e6ringsliv med stillinger i konsernledelse (i Gilde, KappAhl og Eurosko Gruppen), samt erfaring fra eget, lite firma som jeg eier og driver selv.<\/p>\n\n\n\n<p>Har selv pendlet fra Halden til Oslo, Fredrikstad og Moss en \u00e5rrekke og jeg brenner for et mer integrert og \u00absammensveiset\u00bb \u00d8stfold.<\/p>\n\n\n\n<p>Vi er en utrolig viktig region, som b\u00f8r st\u00e5 endra sterkere sammen for bedre vilk\u00e5r for oss som bor her.<\/p>\n\n\n\n<p><strong>\u00d8nsket plassering p\u00e5 stortingsvalglisten:<\/strong><\/p>\n\n\n\n<p>Plass 1 &#8211; 5<\/p>\n\n\n\n<p><strong>Utdannelse:<\/strong><\/p>\n\n\n\n<p>Master i Business &amp; Marketing (1989, BI)<br>Div etterutdanning i ledelse, merkevarebygging og markedskommunikasjon<\/p>\n\n\n\n<p><strong>Politiske interesseomr\u00e5der:<\/strong><\/p>\n\n\n\n<p>Rammebetingelser privat n\u00e6ringsliv<br>Forenkling og forbedring av offentlig sektor<br>Forebygge utenforskap<br>Folkehelse<\/p>\n\n\n\n<p><strong>Politisk erfaring:<\/strong><\/p>\n\n\n\n<p>Fast Kommunestyrerepresentant fra 2019<br>Leder Hovedutvalg for plan, klima, landbruk og milj\u00f8 fra 2023- dd<br>Medlem Hovedutvalg for plan, klima landbruk og Milj\u00f8 fra 2019-2023<br>Medlem R\u00e5d for personer med funksjonsnedsettelse 2019-2023<br>Medlem Styringsgruppe Arealplan 2019-2020<br>Styremedlem foreningsstyret Halden H\u00f8yre<\/p>\n\n\n\n<p><strong>Annen relevant erfaring fra yrkesliv eller organisasjonsarbeid:<\/strong><\/p>\n\n\n\n<p>Har jobbet med \u00abalt mulig\u00bb ved siden av skole og studier, og har erfaring fra veldig mange omr\u00e5der.<\/p>\n\n\n\n<p>Startet som 13-\u00e5ring med sommerjobb p\u00e5 kafeen Svinesundterrassen. Har deretter jobbet som bl.a vaskehjelp, skiftarbeid p\u00e5 sjokoladefabrikk, som stuepike p\u00e5 hotell, og nattevakter p\u00e5 bensinstasjon i ungdommen.<\/p>\n\n\n\n<p>Var au pair i USA og jobbet ogs\u00e5 noen m\u00e5neder med \u00f8konomi i et legemiddelfirma i Tyskland (jobbutveksling for \u00f8konomistudenter)<\/p>\n\n\n\n<p>Deretter telefonsalg og en \u00e5rrekke med sommerjobb i bank, f\u00f8r fast arbeid med salg til bedriftsmarkedet de f\u00f8rste \u00e5rene.<\/p>\n\n\n\n<p>Har alltid v\u00e6rt engasjert og hatt \u00abmeningers mot\u00bb. Tatt p\u00e5 meg en rekke verv; alt fra elevr\u00e5d, russeformann, klassekontakt, FAU, styre i skolekorps, organisasjonen Ladies Cirle mm<\/p>\n\n\n\n<p>Styre-erfaring fra eget AS, fra Hamax AS og \u00d8stfold avfallssortering IKS. Var aktiv i styret i Halden Unge H\u00f8yre p\u00e5 80-tallet. S\u00e5 tok jobb og familieliv med tre aktive barn all tid frem til 2019 hvor jeg engasjerte meg i politikken igjen!<\/p>\n\n\n\n<h2 class=\"wp-block-heading\">Martinsen, Ole-Jonny<\/h2>\n\n\n\n<figure class=\"wp-block-image size-full\"><img loading=\"lazy\" decoding=\"async\" width=\"654\" height=\"490\" src=\"https:\/\/hoyre.no\/content\/uploads\/sites\/426\/2024\/09\/Martinsen-Ole-Jonny-kandidatpresentasjon.png\" alt=\"\" class=\"wp-image-898\" srcset=\"https:\/\/hoyre.no\/content\/uploads\/sites\/426\/2024\/09\/Martinsen-Ole-Jonny-kandidatpresentasjon.png 654w, https:\/\/hoyre.no\/content\/uploads\/sites\/426\/2024\/09\/Martinsen-Ole-Jonny-kandidatpresentasjon-300x225.png 300w\" sizes=\"auto, (max-width: 654px) 100vw, 654px\" \/><figcaption class=\"wp-element-caption\">Ole-Jonny Martinsen.<\/figcaption><\/figure>\n\n\n\n<p><strong>Alder:<\/strong> 69<br><strong>Bostedskommune:<\/strong> R\u00e5de <br><strong>Sivilstatus:<\/strong> Gift<br><strong>N\u00e5v\u00e6rende stilling\/yrke\/tittel:<\/strong> Pensjonist, Leder av Mosseregionens Forliksr\u00e5d.<\/p>\n\n\n\n<p><strong>Beskriv kort hvorfor du \u00f8nsker \u00e5 stille som kandidat:<\/strong><\/p>\n\n\n\n<p>Jeg \u00f8nsker \u00e5 bidra til at H\u00f8yres politikk og verdigrunnlag legges til grunn for den politikk som skal styre landet v\u00e5rt. Som et aktivt medlem av H\u00f8yre gjennom flere perioder som foreningsleder, utvalgsleder og gruppeleder, mener jeg \u00e5 ha en god bakgrunn for dette.<\/p>\n\n\n\n<p><strong>\u00d8nsket plassering p\u00e5 stortingsvalglisten:<\/strong><\/p>\n\n\n\n<p>Plass 11-15<\/p>\n\n\n\n<p><strong>Utdannelse:<\/strong><\/p>\n\n\n\n<p>Markeds\u00f8konom.<\/p>\n\n\n\n<p><strong>Politiske interesseomr\u00e5der:<\/strong><\/p>\n\n\n\n<p>Helse, oppvekst og n\u00e6ring.<\/p>\n\n\n\n<p><strong>Politisk erfaring:<\/strong><\/p>\n\n\n\n<p>Foreningsleder, utvalgsleder, gruppeleder. Fast i kommunestyre og formannskap.<\/p>\n\n\n\n<p><strong>Annen relevant erfaring fra yrkesliv eller organisasjonsarbeid:<\/strong><\/p>\n\n\n\n<p>Leder av Mosseregionens Forliksr\u00e5d. Diverse lederstillinger innen salg og markedsf\u00f8ring nasjonalt og internasjonalt.<\/p>\n\n\n\n<h2 class=\"wp-block-heading\">Meberg-Hansen, Tore Henrik<\/h2>\n\n\n\n<figure class=\"wp-block-image size-large\"><img loading=\"lazy\" decoding=\"async\" width=\"1024\" height=\"768\" src=\"https:\/\/hoyre.no\/content\/uploads\/sites\/426\/2024\/09\/Meberg-Hansen-Tore-Henrik-kandidatpresentasjon-1024x768.jpeg\" alt=\"\" class=\"wp-image-886\" srcset=\"https:\/\/hoyre.no\/content\/uploads\/sites\/426\/2024\/09\/Meberg-Hansen-Tore-Henrik-kandidatpresentasjon-1024x768.jpeg 1024w, https:\/\/hoyre.no\/content\/uploads\/sites\/426\/2024\/09\/Meberg-Hansen-Tore-Henrik-kandidatpresentasjon-300x225.jpeg 300w, https:\/\/hoyre.no\/content\/uploads\/sites\/426\/2024\/09\/Meberg-Hansen-Tore-Henrik-kandidatpresentasjon-768x576.jpeg 768w, https:\/\/hoyre.no\/content\/uploads\/sites\/426\/2024\/09\/Meberg-Hansen-Tore-Henrik-kandidatpresentasjon.jpeg 1179w\" sizes=\"auto, (max-width: 1024px) 100vw, 1024px\" \/><figcaption class=\"wp-element-caption\">Tore Henrik Meberg-Hansen.<\/figcaption><\/figure>\n\n\n\n<p><strong>Alder:<\/strong> 53<br><strong>Bostedskommune:<\/strong> Hvaler<br><strong>Sivilstatus:<\/strong> Gift og har to voksne s\u00f8nner med kona Kristin.<br><strong>N\u00e5v\u00e6rende stilling\/yrke\/tittel:<\/strong> Sjefsprest Luftforsvaret \/oberstl\u00f8ytnant<\/p>\n\n\n\n<p><strong>Beskriv kort hvorfor du \u00f8nsker \u00e5 stille som kandidat:<\/strong><\/p>\n\n\n\n<p>\u00d8stfold H\u00f8yre trenger politikere som kan sette v\u00e5r del av landet p\u00e5 dagsorden. V\u00e5r region faller ofte mellom to stoler i en nasjonal sammenheng, men er i realiteten inngangsporten til Europa, og et av de mest attraktive omr\u00e5dene \u00e5 bo i her i landet. Omr\u00e5det rundt Oslofjorden er under stort trykk, og det krever en troverdig klimapolitikk som tar milj\u00f8utfordringene p\u00e5 alvor, er realistisk og bidrar til en b\u00e6rekraftig omstilling mot gr\u00f8nnere l\u00f8sninger n\u00e5 og for fremtiden. Det fronter H\u00f8yre og jeg vil v\u00e6re med \u00e5 fronte dette. P\u00e5 Hvaler kjenner vi disse utfordringene p\u00e5 konkret m\u00e5te.<br><br>Vi lever i usikre tider. Den sikkerhetspolitiske situasjonen er krevende i Europa og i verden. Den utfordrer oss politikere til \u00e5 gj\u00f8re de rette valgene n\u00e5. Investeringene som Norge skal gj\u00f8re innenfor forsvar og sikkerhet de neste 12 \u00e5rene vil v\u00e6re krevende. Vi&nbsp; trenger \u00e5 ta vare p\u00e5 de som i praksis skal gjennomf\u00f8re denne enorme snuoperasjonen,&nbsp; og vi trenger kloke politikere som kjenner dette politikkomr\u00e5det fra innsiden. Hele samfunnet m\u00e5 forst\u00e5 at i et land som Norge er totalforsvarstanken et viktig konsept. Den enkelte og alle samfunnsakt\u00f8rer spiller en avgj\u00f8rende rolle i dette \u00e5 bygge robuste ordninger som evner \u00e5 st\u00e5 imot n\u00e5r det kreves. Det \u00f8nsker jeg \u00e5 bidra med.<br><br>Vi trenger en politikk som setter fokus p\u00e5 skole, utdanning og integrering. Skolen er kanskje det viktigste verkt\u00f8yet vi har i Norge for \u00e5 bygge det samfunnet vi alle \u00f8nsker \u00e5 bo i. Da m\u00e5 skolen og l\u00e6rerne f\u00e5 virkemidlene og verkt\u00f8yene som setter de i stand til \u00e5 ta&nbsp; enkeltmennesket p\u00e5 alvor og skape muligheter til \u00e5 utvikle sine sterke sider. Her trenger vi bidrag fra hele samfunnet. N\u00e6ringsliv, frivillige organisasjoner og staten. Skolen er et sted hvor det skal formidles kunnskap og hvor det skal sosialiseres.<br><br>Samfunnet v\u00e5rt er i rask endring, og vi er blitt mer mangfoldig. Det skal v\u00e6re enkelt \u00e5 v\u00e6re den man er f\u00f8dt til \u00e5 v\u00e6re i Norge. Mangfold handler ogs\u00e5 om \u00e5 legge til rette for de store og sm\u00e5 gruppene i samfunnet. Tro og livssyn, kirke, religion og kultur m\u00e5 ha forutsigbare og trygge rammer \u00e5 operere innenfor. Det bidrar til god folkehelse og motstandskraft i en krevende tid. Det \u00f8nsker jeg \u00e5 arbeide for at H\u00f8yre skal v\u00e6re en garantist for.<br><br>Gjennom mitt arbeid som feltprest i Forsvaret har jeg f\u00e5tt muligheten til \u00e5 arbeide i omr\u00e5der av verden hvor demokrati og ytringsfrihet ikke er en del av virkeligheten, og det enkelte mennesket er prisgitt tilfeldigheter og makten som r\u00e5r. Videre har mange m\u00f8te med kolleger fra Europa gjort inntrykk og som kan fortelle om hvordan det var \u00e5 leve i regimer som ikke praktiserte demokrati, ytringsfrihet, trosfrihet og menneskerettigheter v\u00e6rt viktige p\u00e5minnelser om at vi alle har et ansvar for \u00e5 verne om v\u00e5rt eget demokrati og det vi veldig ofte tar for gitt her hos oss. Det kan jeg v\u00e6re med \u00e5 bidra med gjennom \u00e5 stille meg til disposisjon for H\u00f8yre i det kommende valget. Erfaringene fra Forsvaret, min tid i Forsvarsdepartementet som byr\u00e5krat, og erfaringene fra lokalpolitikken gj\u00f8r meg godt rustet. Jeg har h\u00f8y arbeidskapasitet, er glad i folk og har en livssituasjon som gj\u00f8r det mulig \u00e5 v\u00e6re dedikert til \u00e5 arbeide med politikk p\u00e5 nasjonalt niv\u00e5. Jeg vil at H\u00f8yre skal v\u00e6re et parti som gir mulighet for alle, og som er en garantist for trygg og fornuftig styring av samfunnet. Det \u00f8nsker jeg \u00e5 bidra til gjennom \u00e5 stille meg til disposisjon ved kommende stortingsvalg.<\/p>\n\n\n\n<p><strong>\u00d8nsket plassering p\u00e5 stortingsvalglisten:<\/strong><\/p>\n\n\n\n<p>Plass 1 &#8211; 5<\/p>\n\n\n\n<p><strong>Utdannelse:<\/strong><\/p>\n\n\n\n<p>Jeg er utdannet ved Menighetsfakultetet i Oslo og er Cand. theol med praktikum. Gjennom Forsvaret har jeg gjennomf\u00f8rt en rekke milit\u00e6rfaglige utdanninger, og fikk ogs\u00e5 mulighet til \u00e5 delta p\u00e5 byr\u00e5kratutdanning i Forsvarsdepartementet. Jeg har ogs\u00e5 noe tilleggsutdanning innenfor sjelesorg (pastoralfaglig utdanning PKU).<\/p>\n\n\n\n<p><strong>Politiske interesseomr\u00e5der:<\/strong><\/p>\n\n\n\n<p>Forsvars og sikkerhetspolitikk er et politikkomr\u00e5de som jeg har v\u00e6rt opptatt av gjennom hele livet. Statens viktigste oppgave er \u00e5 s\u00f8rge for innbyggerens sikkerhet. Vi har en stor jobb i gj\u00f8re p\u00e5 dette omr\u00e5det de n\u00e6rmeste \u00e5rene. Gjennom mitt virke som feltprest s\u00e5 har selvf\u00f8lgelig verdisp\u00f8rsm\u00e5l, etikk og tro og livssynspolitikk v\u00e6rt innen for min interessesf\u00e6re. Hvordan skape en b\u00e6rekraftig utvikling og ivareta de store milj\u00f8utfordringene? Dette er et sp\u00f8rsm\u00e5l som enhver politikker burde v\u00e6re opptatt av. Dette var en av sakene jeg \u00f8nsket \u00e5 fronte ved det siste kommunevalget.<\/p>\n\n\n\n<p><strong>Politisk erfaring:<\/strong><\/p>\n\n\n\n<p>Arbeidet i Forsvaret kan til tider v\u00e6re altoppslukende, og min politiske deltakelse har derfor stort sett begrenset seg til et mildere niv\u00e5 i lokalpolitisk sammenheng. Jeg har i en lengre periode v\u00e6rt styremedlem i Fredrikstad H\u00f8yre og vara til bystyret i et par perioder. Siste periode f\u00f8r jeg flyttet til Hvaler var jeg medlem av prim\u00e6rn\u00e6ringsutvalget i Fredrikstad kommune. I dag er jeg vara til Hvaler kommunestyre og sitter som fast medlem i administrasjonsutvalget i Hvaler kommune. Jeg representerer Hvaler kommune i Oslofjorden Friluftsr\u00e5d.<\/p>\n\n\n\n<p><strong>Annen relevant erfaring fra yrkesliv eller organisasjonsarbeid:<\/strong><\/p>\n\n\n\n<p>I perioder har jeg v\u00e6rt sv\u00e6rt aktiv i Presteforeningen, og var gjennom flere \u00e5r leder for Presteforeningen i Forsvaret. Jeg m\u00e5tte tre til side da jeg gikk inn i en lederrolle i Forsvarets tros- og livssynskorps i 2015. Ved siden av \u00e5 arbeidet som prest i Forsvaret har jeg hatt gleden av bidra med mange enkelttjenester i den sivile kirke. Jeg er ogs\u00e5 meget aktiv og har og har hatt verv i Frimurerordenen og en milit\u00e6r kristen ridderorden.<\/p>\n\n\n\n<h2 class=\"wp-block-heading\">Motzfeldt, Margrethe<\/h2>\n\n\n\n<figure class=\"wp-block-image size-full\"><img loading=\"lazy\" decoding=\"async\" width=\"997\" height=\"748\" src=\"https:\/\/hoyre.no\/content\/uploads\/sites\/426\/2024\/09\/Motzfeldt-Margrethe-kandidatpresentasjon.jpg\" alt=\"\" class=\"wp-image-887\" srcset=\"https:\/\/hoyre.no\/content\/uploads\/sites\/426\/2024\/09\/Motzfeldt-Margrethe-kandidatpresentasjon.jpg 997w, https:\/\/hoyre.no\/content\/uploads\/sites\/426\/2024\/09\/Motzfeldt-Margrethe-kandidatpresentasjon-300x225.jpg 300w, https:\/\/hoyre.no\/content\/uploads\/sites\/426\/2024\/09\/Motzfeldt-Margrethe-kandidatpresentasjon-768x576.jpg 768w\" sizes=\"auto, (max-width: 997px) 100vw, 997px\" \/><figcaption class=\"wp-element-caption\">Margrethe Motzfeldt.<\/figcaption><\/figure>\n\n\n\n<p><strong>Alder:<\/strong> 41<br><strong>Bostedskommune:<\/strong> Sarpsborg<br><strong>Sivilstatus:<\/strong> Gift<br><strong>N\u00e5v\u00e6rende stilling\/yrke\/tittel:<\/strong> Gruppeleder for H\u00f8yre, samt utvalgsleder for velferd og folkehelse.<\/p>\n\n\n\n<p><strong>Beskriv kort hvorfor du \u00f8nsker \u00e5 stille som kandidat:<\/strong><\/p>\n\n\n\n<p>Jeg er opptatt av de myke verdier &#8211; de verdiene man merker, men ikke kan m\u00e5le. De verdiene som selvsagt gj\u00f8r utslag p\u00e5 samfunnets bunnlinje, men ikke f\u00f8rst og fremst som solide skatteinntekter. I min tid som saksbehandler i NAV har jeg l\u00e6rt meg at frav\u00e6r av failure er like mye en suksess.<br><br>Jeg har sett at verdien av arbeid ikke n\u00f8dvendigvis er \u00e5 f\u00e5 l\u00f8nn, jeg har sett at verdien av \u00e5 drive med idrett ikke n\u00f8dvendigvis er \u00e5 vinne, og jeg har sett gleden av \u00e5 forst\u00e5 sine f\u00f8rste ord p\u00e5 norsk. Fellesnevneren for disse er at de gir rom for \u00e5 skape tilh\u00f8righet.<br><br>\u00d8stfold er kjent som et arbeiderfylke, samtidig ser vi at altfor mange av oss st\u00e5r utenfor arbeidslivet. Vi har en tendens til \u00e5 vinne de k\u00e5ringer man helst vil tape, og i \u00d8stfold er det for mange barn som lever i vedvarende fattigdom, og det er for mange barn som ikke blir gitt de riktige verkt\u00f8yene til \u00e5 lykkes p\u00e5 skolen, p\u00e5 fritiden og i fremtiden. Kort sagt \u2013 de f\u00e5r ikke de riktige verkt\u00f8yene som kan skape tilh\u00f8righet. Og selv om tilh\u00f8righet anses som en myk og ikke m\u00e5lbar verdi, s\u00e5 p\u00e5virker det utvilsomt de materielle verdiene.<br><br>For \u00d8stfold har alle muligheter til \u00e5 skape nye muligheter for alle som bor her. Med v\u00e5r beliggenhet, v\u00e5re naturressurser, v\u00e5re byer og ikke minst \u00f8stfoldingens persona, vil vi med en med en solid \u00d8stfoldbenk kunne vokse frem til \u00e5 bli selve navet for utvikling.<br><br>Jeg vil gjerne ta del i \u00e5 skape disse mulighetene, og jeg tror at med en sterk involvering av lokalforeningene vil vi sammen kunne omsette de materielle verdiene som finnes i \u00d8stfold, til \u00e5 bidra til at alle f\u00e5r mulighet til \u00e5 oppleve tilh\u00f8righet i samfunnet.<\/p>\n\n\n\n<p><strong>\u00d8nsket plassering p\u00e5 stortingsvalglisten:<\/strong><\/p>\n\n\n\n<p>Plass 1 &#8211; 5<\/p>\n\n\n\n<p><strong>Utdannelse:<\/strong><\/p>\n\n\n\n<p>Bachelorgrad innen statsvitenskap, \u00f8konomi og ledelse.<\/p>\n\n\n\n<p><strong>Politiske interesseomr\u00e5der:<\/strong><\/p>\n\n\n\n<p>Hovedsakelig arbeid og velferd.<\/p>\n\n\n\n<p><strong>Politisk erfaring:<\/strong><\/p>\n\n\n\n<p>Gruppeleder i Sarpsborg<br>Utvalgsleder, velferd og folkehelse<\/p>\n\n\n\n<p><strong>Annen relevant erfaring fra yrkesliv eller organisasjonsarbeid:<\/strong><\/p>\n\n\n\n<p>Saksbehandler i NAV og veileder i attf\u00f8ringsbedrift de siste 12 \u00e5r.<\/p>\n\n\n\n<h2 class=\"wp-block-heading\">Mushtaq, Javad<\/h2>\n\n\n\n<figure class=\"wp-block-image size-full\"><img loading=\"lazy\" decoding=\"async\" width=\"882\" height=\"662\" src=\"https:\/\/hoyre.no\/content\/uploads\/sites\/426\/2024\/09\/Mushtaq-Javad-kandidatpresentasjon.png\" alt=\"\" class=\"wp-image-923\" srcset=\"https:\/\/hoyre.no\/content\/uploads\/sites\/426\/2024\/09\/Mushtaq-Javad-kandidatpresentasjon.png 882w, https:\/\/hoyre.no\/content\/uploads\/sites\/426\/2024\/09\/Mushtaq-Javad-kandidatpresentasjon-300x225.png 300w, https:\/\/hoyre.no\/content\/uploads\/sites\/426\/2024\/09\/Mushtaq-Javad-kandidatpresentasjon-768x576.png 768w\" sizes=\"auto, (max-width: 882px) 100vw, 882px\" \/><figcaption class=\"wp-element-caption\">Javad Mushtaq.<\/figcaption><\/figure>\n\n\n\n<p><strong>Alder:<\/strong> 35<br><strong>Bostedskommune:<\/strong> Halden<br><strong>Sivilstatus:<\/strong> Singel<br><strong>N\u00e5v\u00e6rende stilling\/yrke\/tittel:<\/strong> Gr\u00fcnder<\/p>\n\n\n\n<p><strong>Beskriv kort hvorfor du \u00f8nsker \u00e5 stille som kandidat:<\/strong><\/p>\n\n\n\n<p>Jeg \u00f8nsker \u00e5 stille som stortingskandidat fordi jeg vil bidra til en politikk som styrker n\u00e6ringslivet, setter teknologi og digitalisering i f\u00f8rersetet, sikrer en fremtidsrettet skole og utdanning, skaper et mer inkluderende arbeidsliv, og som tar klimautfordringene p\u00e5 alvor.<br><br>Som stolt \u00d8stfolding fra Halden har jeg selv erfart klassereisen som har tatt meg fra lokalsamfunnet i Halden til Harvard og MIT. Med over 10 \u00e5rs erfaring fra privat sektor, som gr\u00fcnder, og i NGO-er, \u00f8nsker jeg \u00e5 bruke mine erfaringer til \u00e5 fremme nye l\u00f8sninger der offentlig og privat sektor skaper verdi sammen.<br><br>\u00d8stfold trenger nye stemmer som kan utfordre det etablerte, og representere en ny generasjon av talenter og innbyggere. Jeg vil v\u00e6re en tydelig og handlingskraftig stemme som setter mennesker, muligheter og fremtid f\u00f8rst, og sikre at \u00d8stfold f\u00e5r den representasjonen det fortjener p\u00e5 Stortinget.<\/p>\n\n\n\n<p><strong>\u00d8nsket plassering p\u00e5 stortingsvalglisten:<\/strong><\/p>\n\n\n\n<p>Plass 1 &#8211; 5<\/p>\n\n\n\n<p><strong>Utdannelse:<\/strong><\/p>\n\n\n\n<p>Harvard &amp; MIT (MPA og MBA)<br>Sivil\u00f8konom (Honors) fra BI<\/p>\n\n\n\n<p><strong>Politiske interesseomr\u00e5der:<\/strong><\/p>\n\n\n\n<p>&#8211; N\u00e6ringsliv, teknologi og digitalisering<br>&#8211; Skole og utdanning<br>&#8211; Et inkluderende arbeidsliv<br>&#8211; Klima og milj\u00f8<\/p>\n\n\n\n<p><strong>Politisk erfaring:<\/strong><\/p>\n\n\n\n<p>&#8211; Medlem av Solberg-regjeringens ekspertutvalg for livslang l\u00e6ring og etter- og videreutdanning<br>&#8211; Medlem av Oslo H\u00f8yre og St. Hanshaugen H\u00f8yre<\/p>\n\n\n\n<p><strong>Annen relevant erfaring fra yrkesliv eller organisasjonsarbeid:<\/strong><\/p>\n\n\n\n<p>&#8211; Over 10\u00e5rs erfaring fra privat sektor og n\u00e6ringsliv nasjonalt og internasjonalt<br>&#8211; Styreerfaring i offentlig og privat sektor<br>&#8211; Sosial entrepren\u00f8r \/ grunder; 1) mangfold, inkludering og likestilling, 2) utdanning og frafall<br>&#8211; Kapital 40 under 40, E24s Ledertalenter, m.m.<\/p>\n\n\n\n<h2 class=\"wp-block-heading\">Nakstad, Elin Ileby<\/h2>\n\n\n\n<figure class=\"wp-block-image size-full\"><img loading=\"lazy\" decoding=\"async\" width=\"621\" height=\"466\" src=\"https:\/\/hoyre.no\/content\/uploads\/sites\/426\/2024\/09\/Nakstad-Elin-Ileby-kandidatpresentasjon.jpeg\" alt=\"\" class=\"wp-image-905\" srcset=\"https:\/\/hoyre.no\/content\/uploads\/sites\/426\/2024\/09\/Nakstad-Elin-Ileby-kandidatpresentasjon.jpeg 621w, https:\/\/hoyre.no\/content\/uploads\/sites\/426\/2024\/09\/Nakstad-Elin-Ileby-kandidatpresentasjon-300x225.jpeg 300w\" sizes=\"auto, (max-width: 621px) 100vw, 621px\" \/><figcaption class=\"wp-element-caption\">Elin Ileby Nakstad.<\/figcaption><\/figure>\n\n\n\n<p><strong>Alder:<\/strong> 51<br><strong>Bostedskommune:<\/strong> Sarpsborg<br><strong>Sivilstatus:<\/strong> Enslig<br><strong>N\u00e5v\u00e6rende stilling\/yrke\/tittel:<\/strong> Fastlege, veileder for andre fastleger, universitetslektor for 10. semester medisinstudenter.<\/p>\n\n\n\n<p><strong>Beskriv kort hvorfor du \u00f8nsker \u00e5 stille som kandidat:<\/strong><\/p>\n\n\n\n<p>Jeg meldte meg inn i H\u00f8yre september 2022 da regjeringen avsluttet \u00abfritt behandlingsvalg\u00bb. Dette var for meg et tydelig signal fra regjeringen om at det er manglende forst\u00e5else for hvordan private og ideelle akt\u00f8rer har et n\u00f8dvendig samarbeid med det offentlige.<\/p>\n\n\n\n<p>Deretter ble jeg med p\u00e5 H\u00f8yre-laget, og ble valgt rett inn i Sarpsborg bystyre som fast representant i 2023. Dette har v\u00e6rt et energi-p\u00e5fyll for meg. Jeg er genuint opptatt av rettferdighet, valgfrihet og frihet under eget ansvar. Kommune, stat, private og ideelle akt\u00f8rer b\u00f8r kunne samarbeide veldig mye bedre.<\/p>\n\n\n\n<p>Politisk arbeid er veldig givende for meg og jeg vil gladelig fortsette med dette.<\/p>\n\n\n\n<p><strong>\u00d8nsket plassering p\u00e5 stortingsvalglisten:<\/strong><\/p>\n\n\n\n<p>Plass 1 &#8211; 5<\/p>\n\n\n\n<p><strong>Utdannelse:<\/strong><\/p>\n\n\n\n<p>Sykepleier<br>Lege<br>Spesialist i allmennmedisin<br>Kognitiv terapeut<br>Veileder for leger i spesialisering i allmennmedisin<br>Universitetslektor for 10. semester studenter (praksis 6 uker om gangen hos meg)<\/p>\n\n\n\n<p><strong>Politiske interesseomr\u00e5der:<\/strong><\/p>\n\n\n\n<p>Helse<br>Skole<\/p>\n\n\n\n<p><strong>Politisk erfaring:<\/strong><\/p>\n\n\n\n<p>Meldte meg inn i H\u00f8yre september 2022, kom inn i bystyret 2023. Sitter i Utvalg for velferd og folkehelse.<\/p>\n\n\n\n<p><strong>Annen relevant erfaring fra yrkesliv eller organisasjonsarbeid:<\/strong><\/p>\n\n\n\n<p>Jeg har jobbet innen helse siden ungdomstiden og jobbet i et bredt spekter i helsesektoren. Av arbeidserfaring s\u00e5 har jeg v\u00e6rt personlig assistent (BPA idag), jobbet p\u00e5 Blodbanken, gastrokirurgisk og hjertemedisinsk avdeling p\u00e5 Ullev\u00e5l. Jeg har ogs\u00e5 jobbet i Hjemmesykepleien p\u00e5 Sagene-Torshov, p\u00e5 sykehjem, Barne- og ungdomspsykiatrisk avdeling og som fastlege. Av utdanning s\u00e5 er jeg f\u00f8rst sykepleier, s\u00e5 lege og spesialist i allmennmedisin. Jeg er ogs\u00e5 utdannet kognitiv terapeut. I min fastlegepraksis er jeg universitetslektor for 10. semester studenter og veileder for fastleger som tar spesialisering i allmennmedisin, (ALIS).<\/p>\n\n\n\n<h2 class=\"wp-block-heading\">Nakstad, Erik Ileby<\/h2>\n\n\n\n<figure class=\"wp-block-image size-large\"><img loading=\"lazy\" decoding=\"async\" width=\"1024\" height=\"768\" src=\"https:\/\/hoyre.no\/content\/uploads\/sites\/426\/2024\/09\/Nakstad-Erik-Ileby-kandidatpresentasjon-1024x768.jpeg\" alt=\"\" class=\"wp-image-924\" srcset=\"https:\/\/hoyre.no\/content\/uploads\/sites\/426\/2024\/09\/Nakstad-Erik-Ileby-kandidatpresentasjon-1024x768.jpeg 1024w, https:\/\/hoyre.no\/content\/uploads\/sites\/426\/2024\/09\/Nakstad-Erik-Ileby-kandidatpresentasjon-300x225.jpeg 300w, https:\/\/hoyre.no\/content\/uploads\/sites\/426\/2024\/09\/Nakstad-Erik-Ileby-kandidatpresentasjon-768x576.jpeg 768w, https:\/\/hoyre.no\/content\/uploads\/sites\/426\/2024\/09\/Nakstad-Erik-Ileby-kandidatpresentasjon.jpeg 1363w\" sizes=\"auto, (max-width: 1024px) 100vw, 1024px\" \/><figcaption class=\"wp-element-caption\">Erik Ileby Nakstad.<\/figcaption><\/figure>\n\n\n\n<p><strong>Alder:<\/strong> 18<br><strong>Bostedskommune:<\/strong> Sarpsborg <br><strong>Sivilstatus:<\/strong> Singel<br><strong>N\u00e5v\u00e6rende stilling\/yrke\/tittel:<\/strong> Student, folkevalgt i Sarpsborg kommune, 1. nestleder \u00d8stfold Unge H\u00f8yre og kommende vernepliktig. <\/p>\n\n\n\n<p><strong>Beskriv kort hvorfor du \u00f8nsker \u00e5 stille som kandidat:<\/strong><\/p>\n\n\n\n<p>Jeg \u00f8nsker \u00e5 stille som kandidat fordi jeg vet Norge kan bedre. Den offentlige pengebruken m\u00e5 ned, flere m\u00e5 ut i arbeid og vi er n\u00f8dt til \u00e5 ta de store problemene p\u00e5 alvor. Det har ikke dagens regjering gjort, og det har ogs\u00e5 H\u00f8yre v\u00e6rt for d\u00e5rlige p\u00e5 tidligere. Vi trenger flere med yngre perspektiver p\u00e5 de store sakene.<br><br>Derfor vil jeg v\u00e6re med p\u00e5 \u00e5 dra Norge og H\u00f8yre i en riktig retning.<\/p>\n\n\n\n<p><strong>\u00d8nsket plassering p\u00e5 stortingsvalglisten:<\/strong><\/p>\n\n\n\n<p>Plass 11-15<\/p>\n\n\n\n<p><strong>Utdannelse:<\/strong><\/p>\n\n\n\n<p>Fullf\u00f8rte studiespesialisering med realfag p\u00e5 St. Olav vgs i Sarpsborg , juni 2024.<br><br>Skal gjennomf\u00f8re f\u00f8rstegangstjenesten i Sj\u00f8forsvaret kommende \u00e5r, med innrykk i september.<br><br>Begynner p\u00e5 Filosofi, politikk og \u00f8konomi (bachelor) ved UiO h\u00f8sten 2025, f\u00f8r jeg har ambisjoner om medisin senere.<\/p>\n\n\n\n<p><strong>Politiske interesseomr\u00e5der:<\/strong><\/p>\n\n\n\n<p>Helse, skole, beredskap og arbeid.<\/p>\n\n\n\n<p><strong>Politisk erfaring:<\/strong><\/p>\n\n\n\n<p>&#8211; Medlem av H\u00f8yre siden januar 2023.<br>&#8211; Medlem av Unge H\u00f8yre siden juni 2023.<br>&#8211; Folkevalgt for Sarpsborg H\u00f8yre i Sarpsborg kommune (bystyret og utvalg for kultur og oppvekst) siden oktober 2023.<br>&#8211; Styremedlem i Nedre Glomma Unge H\u00f8yre siden november 2023.<br>&#8211; 1. nestleder for \u00d8stfold Unge H\u00f8yre siden november 2023.<\/p>\n\n\n\n<p><strong>Annen relevant erfaring fra yrkesliv eller organisasjonsarbeid:<\/strong><\/p>\n\n\n\n<p>&#8211; Tidligere styremedlem i elevr\u00e5det til St. Olav vgs<br>&#8211; Tidligere fotballtrener- og spiller<\/p>\n\n\n\n<h2 class=\"wp-block-heading\">Nord, Simen<\/h2>\n\n\n\n<figure class=\"wp-block-image size-large\"><img loading=\"lazy\" decoding=\"async\" width=\"1024\" height=\"768\" src=\"https:\/\/hoyre.no\/content\/uploads\/sites\/426\/2024\/09\/Nord-Simen-kandidatpresentasjon-1024x768.jpg\" alt=\"\" class=\"wp-image-906\" srcset=\"https:\/\/hoyre.no\/content\/uploads\/sites\/426\/2024\/09\/Nord-Simen-kandidatpresentasjon-1024x768.jpg 1024w, https:\/\/hoyre.no\/content\/uploads\/sites\/426\/2024\/09\/Nord-Simen-kandidatpresentasjon-300x225.jpg 300w, https:\/\/hoyre.no\/content\/uploads\/sites\/426\/2024\/09\/Nord-Simen-kandidatpresentasjon-768x576.jpg 768w, https:\/\/hoyre.no\/content\/uploads\/sites\/426\/2024\/09\/Nord-Simen-kandidatpresentasjon-1536x1152.jpg 1536w, https:\/\/hoyre.no\/content\/uploads\/sites\/426\/2024\/09\/Nord-Simen-kandidatpresentasjon.jpg 1868w\" sizes=\"auto, (max-width: 1024px) 100vw, 1024px\" \/><figcaption class=\"wp-element-caption\">Simen Nord.<\/figcaption><\/figure>\n\n\n\n<p><strong>Alder:<\/strong> 35<br><strong>Bostedskommune:<\/strong> Moss <br><strong>Sivilstatus:<\/strong> Ugift<br><strong>N\u00e5v\u00e6rende stilling\/yrke\/tittel:<\/strong> Ordf\u00f8rer <\/p>\n\n\n\n<p><strong>Beskriv kort hvorfor du \u00f8nsker \u00e5 stille som kandidat:<\/strong><\/p>\n\n\n\n<p>Jeg \u00f8nsker \u00e5 bidra i valgkampen, og v\u00e6re en del av laget som skal sikre \u00d8stfold H\u00f8yre tre p\u00e5 tinget. Gjennom ordf\u00f8rerrollen er jeg i kontakt med mange mennesker og milj\u00f8er, og vil kunne markedsf\u00f8re H\u00f8yre p\u00e5 en god m\u00e5te med plass p\u00e5 listen.<\/p>\n\n\n\n<p><strong>\u00d8nsket plassering p\u00e5 stortingsvalglisten:<\/strong><\/p>\n\n\n\n<p>Plass 11-15<\/p>\n\n\n\n<p><strong>Utdannelse:<\/strong><\/p>\n\n\n\n<p>Jurist.<\/p>\n\n\n\n<p><strong>Politiske interesseomr\u00e5der:<\/strong><\/p>\n\n\n\n<p>Utdanning, samferdsel, kultur og \u00f8konomi.<\/p>\n\n\n\n<p><strong>Politisk erfaring:<\/strong><\/p>\n\n\n\n<p>17 \u00e5r i kommunestyret, tre perioder p\u00e5 fylkestinget, tidligere gruppeleder for \u00d8stfold H\u00f8yre og n\u00e5 ordf\u00f8rer i Moss.<\/p>\n\n\n\n<p><strong>Annen relevant erfaring fra yrkesliv eller organisasjonsarbeid:<\/strong><\/p>\n\n\n\n<p>Advokatfullmektig.<\/p>\n\n\n\n<h2 class=\"wp-block-heading\">Nore, Monika Celine<\/h2>\n\n\n\n<figure class=\"wp-block-image size-large is-resized\"><img loading=\"lazy\" decoding=\"async\" width=\"757\" height=\"1024\" src=\"https:\/\/hoyre.no\/content\/uploads\/sites\/426\/2024\/09\/Nore-Monika-Celine-kandidatpresentasjon-757x1024.jpeg\" alt=\"\" class=\"wp-image-935\" style=\"aspect-ratio:0.7392578125;width:303px;height:auto\" srcset=\"https:\/\/hoyre.no\/content\/uploads\/sites\/426\/2024\/09\/Nore-Monika-Celine-kandidatpresentasjon-757x1024.jpeg 757w, https:\/\/hoyre.no\/content\/uploads\/sites\/426\/2024\/09\/Nore-Monika-Celine-kandidatpresentasjon-222x300.jpeg 222w, https:\/\/hoyre.no\/content\/uploads\/sites\/426\/2024\/09\/Nore-Monika-Celine-kandidatpresentasjon-768x1039.jpeg 768w, https:\/\/hoyre.no\/content\/uploads\/sites\/426\/2024\/09\/Nore-Monika-Celine-kandidatpresentasjon-1136x1536.jpeg 1136w, https:\/\/hoyre.no\/content\/uploads\/sites\/426\/2024\/09\/Nore-Monika-Celine-kandidatpresentasjon-1515x2048.jpeg 1515w, https:\/\/hoyre.no\/content\/uploads\/sites\/426\/2024\/09\/Nore-Monika-Celine-kandidatpresentasjon-scaled.jpeg 1849w\" sizes=\"auto, (max-width: 757px) 100vw, 757px\" \/><figcaption class=\"wp-element-caption\">Monika Celine Nore.<\/figcaption><\/figure>\n\n\n\n<p><strong>Alder:<\/strong> 51<br><strong>Bostedskommune:<\/strong> Moss <br><strong>Sivilstatus:<\/strong> Gift med Petter<br><strong>N\u00e5v\u00e6rende stilling\/yrke\/tittel:<\/strong> Overlege i Psykiatri<\/p>\n\n\n\n<p><strong>Beskriv kort hvorfor du \u00f8nsker \u00e5 stille som kandidat<\/strong>:<br>Som mor til 3 ten\u00e5ringer og med arbeidsbakgrunn som fastlege og de siste 4 \u00e5rene i rus- og psykiatrifeltet, er jeg opptatt av saker innenfor helse, utdanning og ungdomskriminalitet.&nbsp;<br>Jeg er glad for at H\u00f8yre er et parti som setter helse og utdanning h\u00f8yt p\u00e5 agendaen. Jeg mener at forebygging og tidlig intervensjon er avgj\u00f8rende for \u00e5 skape et trygt og inkluderende samfunn.<br><br>N\u00e5r det gjelder rus og psykiatri, vil jeg jobbe for \u00e5 styrke det forebyggende arbeidet, vi m\u00e5 fortelle barn og ungdom hvor skadelig rusmidler kam v\u00e6re. Vi m\u00e5 tilby bedre behandlingstilbud for de som sliter. Vi m\u00e5 bedre samarbeidet mellom helse- og sosialsektoren for \u00e5 sikre helhetlige og individuelt tilpassede tjenester.<br><br>N\u00e5r det gjelder grunnskolen m\u00e5 vi s\u00f8rge for \u00e5 gi alle barn en god start p\u00e5 skolegangen. H\u00f8yre vil investere i l\u00e6rernes kompetanse og ressurser, samt satse p\u00e5 tidlig innsats for \u00e5 identifisere og hjelpe elever som strever. Samtidig vil H\u00f8yre jobbe for \u00e5 styrke faglig innhold og kvalitet i undervisningen.<br><br>N\u00e5r det gjelder ungdomskriminalitet, vil vi jobbe for \u00e5 forebygge og bekjempe kriminalitet blant unge. Vi vil satse p\u00e5 tiltak som gir ungdom meningsfylte fritidsaktiviteter og muligheter til \u00e5 utvikle seg positivt, samtidig som vi vil styrke samarbeidet mellom skole, barnevern og politi for \u00e5 identifisere og f\u00f8lge opp ungdom i risikosonen.<br><br>Jeg vil jobbe for \u00e5 skape et trygt og inkluderende samfunn for alle ved \u00e5 fronte en ansvarlig politikk i f\u00f8lge H\u00f8yres partiprogram.<\/p>\n\n\n\n<p><strong>\u00d8nsket plassering p\u00e5 stortingsvalglisten:<\/strong><\/p>\n\n\n\n<p>Vet ikke\/ikke viktig<\/p>\n\n\n\n<p><strong>Utdannelse:<\/strong><\/p>\n\n\n\n<p>University of Utah -97<br>University medical school of Debrecen -05<\/p>\n\n\n\n<p><strong>Politiske interesseomr\u00e5der:<\/strong><\/p>\n\n\n\n<p>Helse, utdanning og ungdomskriminalitet.<\/p>\n\n\n\n<p><strong>Politisk erfaring:<\/strong><\/p>\n\n\n\n<p>Fylkesstyremedlem i \u00d8stfold H\u00f8yre, vara i Moss H\u00f8yre.<\/p>\n\n\n\n<p><strong>Annen relevant erfaring fra yrkesliv eller organisasjonsarbeid:<\/strong><\/p>\n\n\n\n<p>Tidligere tillitsvalgt for fastlegene i Moss.<br>Har de siste \u00e5rene jobbet i psykiatrien i \u00d8stfold og har f\u00e5tt godt innblikk i rus problematikken.<br>F\u00f8r jeg begynte p\u00e5 medisinstudiet, jobbet jeg som journalist i TV2 God Morgen Norge.<\/p>\n\n\n\n<h2 class=\"wp-block-heading\">Norland, Richard<\/h2>\n\n\n\n<figure class=\"wp-block-image size-full is-resized\"><img loading=\"lazy\" decoding=\"async\" width=\"781\" height=\"742\" src=\"https:\/\/hoyre.no\/content\/uploads\/sites\/426\/2024\/09\/Norland-Richard-kandidatpresentasjon.png\" alt=\"\" class=\"wp-image-925\" style=\"aspect-ratio:1.0525606469002695;width:459px;height:auto\" srcset=\"https:\/\/hoyre.no\/content\/uploads\/sites\/426\/2024\/09\/Norland-Richard-kandidatpresentasjon.png 781w, https:\/\/hoyre.no\/content\/uploads\/sites\/426\/2024\/09\/Norland-Richard-kandidatpresentasjon-300x285.png 300w, https:\/\/hoyre.no\/content\/uploads\/sites\/426\/2024\/09\/Norland-Richard-kandidatpresentasjon-768x730.png 768w\" sizes=\"auto, (max-width: 781px) 100vw, 781px\" \/><figcaption class=\"wp-element-caption\">Richard Norland.<\/figcaption><\/figure>\n\n\n\n<p><strong>Alder:<\/strong> 67<br><strong>Bostedskommune:<\/strong> Moss <br><strong>Sivilstatus:<\/strong> Gift<br><strong>N\u00e5v\u00e6rende stilling\/yrke\/tittel:<\/strong> Daglig leder <\/p>\n\n\n\n<p><strong>Beskriv kort hvorfor du \u00f8nsker \u00e5 stille som kandidat:<\/strong><\/p>\n\n\n\n<p>Prim\u00e6rt stiller jeg for \u00e5 representere seniorene i samfunnet med erfaring og kompetanse.<\/p>\n\n\n\n<p><strong>\u00d8nsket plassering p\u00e5 stortingsvalglisten:<\/strong><\/p>\n\n\n\n<p>Plass 1 &#8211; 5<\/p>\n\n\n\n<p><strong>Utdannelse:<\/strong><\/p>\n\n\n\n<p>Befalskolen for infanteriet 1975-76<br>Forsvarets Gymnas, Halden, 1977-79<br>Cand. Mag, matematikk, Universitetet i Oslo, 1980-83<br>Cand. Scient, geofysikk, Universitetet i Oslo, 1983-85<br>Dr. philos, geofysikk, Universitetet i Oslo, 2011<\/p>\n\n\n\n<p><strong>Politiske interesseomr\u00e5der:<\/strong><\/p>\n\n\n\n<p>Eldrepolitikk<br>Forsvar<br>Energi<br>Verdiskaping<\/p>\n\n\n\n<p><strong>Politisk erfaring:<\/strong><\/p>\n\n\n\n<p>Medlem av Moss Bystyre for H\u00f8yre 1994 \u2013 2001<br>Leder av Helse og sosial utvalg 1994 \u2013 1998<br>Leder av Teknisk utvalg 1998 \u2013 2001<br>Leder av Rygge H\u00f8yre 2012 &#8211; 2018<br>Leder av Mosseregionen senior H\u00f8yre 2021 &#8211;<br>Leder av \u00d8stfold senior H\u00f8yre 2023 &#8211;<\/p>\n\n\n\n<p><strong>Annen relevant erfaring fra yrkesliv eller organisasjonsarbeid:<\/strong><\/p>\n\n\n\n<p>2020 &#8211; : Gr\u00fcnder og daglig leder, Norrad AS, Rygge<br>2001 -2019 : Gr\u00fcnder og daglig leder, ISPAS AS, Rygge<br>1995 &#8211; 2015 : Foreleser, Universitetssenteret p\u00e5 Kjeller<br>1991 \u2013 2001 : Forsker, Forsvarets Forskningsinstitutt, Kjeller<br>1986 \u2013 1990 : System ansvarlig, Ericsson Radar AS, Halden<br>1985 \u2013 1986 : Forsker geofysikk, GECO\/Schlumberger<br>1975 \u2013 1980 : Forsvaret<br>2018 &#8211;&nbsp;&nbsp;&nbsp;&nbsp;&nbsp;&nbsp;&nbsp;&nbsp;&nbsp;&nbsp;&nbsp;&nbsp; : Styreleder American College of Norway, Moss<\/p>\n\n\n\n<h2 class=\"wp-block-heading\">Olsen, Anne May Sandvik<\/h2>\n\n\n\n<figure class=\"wp-block-image size-large\"><img loading=\"lazy\" decoding=\"async\" width=\"1024\" height=\"769\" src=\"https:\/\/hoyre.no\/content\/uploads\/sites\/426\/2024\/09\/Olsen-Anne-May-Sandvik-kandidatpresentasjon-1-1024x769.jpg\" alt=\"\" class=\"wp-image-890\" srcset=\"https:\/\/hoyre.no\/content\/uploads\/sites\/426\/2024\/09\/Olsen-Anne-May-Sandvik-kandidatpresentasjon-1-1024x769.jpg 1024w, https:\/\/hoyre.no\/content\/uploads\/sites\/426\/2024\/09\/Olsen-Anne-May-Sandvik-kandidatpresentasjon-1-300x225.jpg 300w, https:\/\/hoyre.no\/content\/uploads\/sites\/426\/2024\/09\/Olsen-Anne-May-Sandvik-kandidatpresentasjon-1-768x577.jpg 768w, https:\/\/hoyre.no\/content\/uploads\/sites\/426\/2024\/09\/Olsen-Anne-May-Sandvik-kandidatpresentasjon-1-1536x1154.jpg 1536w, https:\/\/hoyre.no\/content\/uploads\/sites\/426\/2024\/09\/Olsen-Anne-May-Sandvik-kandidatpresentasjon-1.jpg 1944w\" sizes=\"auto, (max-width: 1024px) 100vw, 1024px\" \/><figcaption class=\"wp-element-caption\">Anne May Sandvik Olsen.<\/figcaption><\/figure>\n\n\n\n<p><strong>Alder:<\/strong> 58<br><strong>Bostedskommune:<\/strong> Hvaler <br><strong>Sivilstatus:<\/strong> Gift<br><strong>N\u00e5v\u00e6rende stilling\/yrke\/tittel:<\/strong> Seniorr\u00e5dgiver<\/p>\n\n\n\n<p><strong>Beskriv kort hvorfor du \u00f8nsker \u00e5 stille som kandidat:<\/strong><\/p>\n\n\n\n<p>Min motivasjon for \u00e5 stille som kandidat er den samme som da jeg i 1999 sa ja til \u00e5 st\u00e5 p\u00e5 listen ved kommunevalget, f\u00e5 v\u00e6re med \u00e5 bidra til utviklingen av samfunnet v\u00e5rt.<\/p>\n\n\n\n<p><strong>\u00d8nsket plassering p\u00e5 stortingsvalglisten:<\/strong><\/p>\n\n\n\n<p>Plass 11-15<\/p>\n\n\n\n<p><strong>Utdannelse:<\/strong><\/p>\n\n\n\n<p>Jeg har utdanning som l\u00e6rer i videreg\u00e5ende skole, innenfor fagene reiseliv, markedsf\u00f8ring, media og rettsl\u00e6re. I tillegg har jeg et hovedfag i turisme fra H\u00f8gskolen i Finnmark og en Executive Master of Management i utdanningsledelse.<\/p>\n\n\n\n<p><strong>Politiske interesseomr\u00e5der:<\/strong><\/p>\n\n\n\n<p>H\u00f8yre tror at hver enkelt av oss kan utgj\u00f8re en forskjell i samfunnet og p\u00e5 frihet under ansvar, Det er grunnleggende for hvordan vi skal skape, etablere arbeidsplasser og den \u00f8konomiske politikken.&nbsp;Vi st\u00e5r overfor mange utfordringer, og jeg mener at en god skole- og familiepolitikk, en god arbeids- og inkluderingspolitikk og ikke minst en god arbeids- og innvandringspolitikk er viktig n\u00f8kler for \u00e5 l\u00f8se utfordringene.<\/p>\n\n\n\n<p><strong>Politisk erfaring:<\/strong><\/p>\n\n\n\n<p>Jeg har v\u00e6rt lokalpolitiker siden 1999 og har erfaring fra kommunestyre, formannskap og hovedutvalg. Har ogs\u00e5 v\u00e6rt oppnevnt som kommunens representant i flere styrer og r\u00e5d.<\/p>\n\n\n\n<p><strong>Annen relevant erfaring fra yrkesliv eller organisasjonsarbeid:<\/strong><\/p>\n\n\n\n<p>Jeg har sittet som medlem av menighetsr\u00e5det i flere perioder. Har hatt verv for ulike lag og organisasjoner i forbindelse med skole og oppvekst samt&nbsp;korarbeid i Hvaler og Fredrikstad.<\/p>\n\n\n\n<h2 class=\"wp-block-heading\">Pettersen, Tage<\/h2>\n\n\n\n<figure class=\"wp-block-image size-large\"><img loading=\"lazy\" decoding=\"async\" width=\"1024\" height=\"768\" src=\"https:\/\/hoyre.no\/content\/uploads\/sites\/426\/2024\/09\/Pettersen-Tage-kandidatpresentasjon-1024x768.jpg\" alt=\"Tage Pettersen.\" class=\"wp-image-862\" srcset=\"https:\/\/hoyre.no\/content\/uploads\/sites\/426\/2024\/09\/Pettersen-Tage-kandidatpresentasjon-1024x768.jpg 1024w, https:\/\/hoyre.no\/content\/uploads\/sites\/426\/2024\/09\/Pettersen-Tage-kandidatpresentasjon-300x225.jpg 300w, https:\/\/hoyre.no\/content\/uploads\/sites\/426\/2024\/09\/Pettersen-Tage-kandidatpresentasjon-768x576.jpg 768w, https:\/\/hoyre.no\/content\/uploads\/sites\/426\/2024\/09\/Pettersen-Tage-kandidatpresentasjon-1536x1152.jpg 1536w, https:\/\/hoyre.no\/content\/uploads\/sites\/426\/2024\/09\/Pettersen-Tage-kandidatpresentasjon.jpg 1820w\" sizes=\"auto, (max-width: 1024px) 100vw, 1024px\" \/><figcaption class=\"wp-element-caption\">Tage Pettersen.<\/figcaption><\/figure>\n\n\n\n<p><strong>Alder:<\/strong> 52<br><strong>Bostedskommune:<\/strong> Moss<br><strong>Sivilstatus:<\/strong> Gift<br><strong>N\u00e5v\u00e6rende stilling\/yrke\/tittel:<\/strong> Stortingsrepresentant<\/p>\n\n\n\n<p><strong>Beskriv kort hvorfor du \u00f8nsker \u00e5 stille som kandidat:<\/strong><\/p>\n\n\n\n<p>Jeg har levd med og i politikken siden begynnelsen av 1990-tallet, men f\u00f8ler fortsatt at jeg har mye \u00e5 bidra med. Jeg har stor arbeidskapasitet og kjenner fylket v\u00e5rt godt. Jeg er opptatt av \u00e5 bruke den kompetansen jeg har opparbeidet meg gjennom disse \u00e5rene p\u00e5 \u00e5 bygge H\u00f8yre-laget p\u00e5 tvers av regioner, kommuner og lokalforeninger. S\u00e5 trenger H\u00f8yre i \u00d8stfold \u00e5 sikre oss store gjennomslag i den neste borgerlige regjeringen &#8211; det fortjener innbyggerne v\u00e5re. Og det er jeg beredt til \u00e5 bidra til. Sist men ikke minst vil jeg bidra til en kontinuitet og erfaringsoverf\u00f8ring til de andre som skal v\u00e6re med p\u00e5 \u00e5 utgj\u00f8re v\u00e5r gruppe p\u00e5 \u00d8stfoldbenken i perioden 2025-2029.<\/p>\n\n\n\n<p><strong>\u00d8nsket plassering p\u00e5 stortingsvalglisten:<\/strong><\/p>\n\n\n\n<p>Plass 1 &#8211; 5<\/p>\n\n\n\n<p><strong>Utdannelse:<\/strong><\/p>\n\n\n\n<p>2020 Sjefskurset ved Forsvarets H\u00f8gskole<br>1994-1996 Flere VGS \u2013 artium<br>1994-1995 H\u00f8gskolen i S\u00f8r-Tr\u00f8ndelag \u2013 informatikk (delstudie)<br>1994-1995 Befalsskolen for Marinen<br>1993-1994 Sandefjord kokk- og stuertskole<br>1989-1992 Kokkel\u00e6rling ved Hotel Bristol i Oslo<br>1988-1989 Mosseporten VGS \u2013 kokk GK<\/p>\n\n\n\n<p><strong>Politiske interesseomr\u00e5der:<\/strong><\/p>\n\n\n\n<p>Etter over 30 \u00e5r i politikken begynner jeg \u00e5 bli litt som poteta &#8211; kan brukes til det meste. Jeg er mest opptatt av \u00e5 bidra p\u00e5 de politikkomr\u00e5dene som er viktige for Norge og for \u00d8stfold. Og da vil jeg l\u00f8fte frem utdanning, n\u00e6ringspolitikk (inkludert samferdsel og tilgang til kraft), hvordan vi kan sikre landet v\u00e5rt gjennom et robust Forsvar p\u00e5 Rygge og hvordan vi kan klare \u00e5 l\u00f8fte de utsatte gruppene i v\u00e5rt fylke for \u00e5 unng\u00e5 at utenforskap g\u00e5r i arv. Demografien i \u00d8stfold er mer utfordrende enn i resten av landet og derfor m\u00e5 vi jobbe for en robust kommune\u00f8konomi og tiltak som setter lokalsamfunnene i stand til \u00e5 tilby gode og relevante tjenester til v\u00e5re innbyggere. Og her har H\u00f8yre de beste svarene p\u00e5 v\u00e5re utfordringer.<\/p>\n\n\n\n<p><strong>Politisk erfaring:<\/strong><\/p>\n\n\n\n<p>2017-dd Stortingsrepresentant (i denne perioden 1. nestleder i familie- og kulturkomiteen)<br>2017-2023 Leder av kontrollutvalget i Moss<br>2011-2017 Ordf\u00f8rer i Moss<br>2009-2017&nbsp; 1. og 2. vararepresentant til Stortinget<br>2008-2016 Leder av \u00d8stfold H\u00f8yre<br>2003-2011 Gruppeleder for H\u00f8yre i bystyre i Moss<br>1995-1999 Varamedlem av kommunestyre i V\u00e5ler<br>1991-1995 Medlem av bystyre, formannskap mm i Moss<br>1990-1993 Leder av \u00d8stfold Unge H\u00f8yre<\/p>\n\n\n\n<p><strong>Annen relevant erfaring fra yrkesliv eller organisasjonsarbeid:<\/strong><\/p>\n\n\n\n<p>Organisasjonsarbeid:<br>2020-2024 Leder av Forum for kontroll og tilsyn (organisasjon for kommunenes kontrollutvalg)<br>2018-dd President i Norges ishockeyforbund<br>Yrkesliv:<br>2001-2011 Sivilt tilsatt som underdirekt\u00f8r i Forsvaret<br>1992-2001 Utdanning og jobb som offiser i Forsvaret<\/p>\n\n\n\n<h2 class=\"wp-block-heading\">Rafshol, Ren\u00e9<\/h2>\n\n\n\n<figure class=\"wp-block-image size-large is-resized\"><img loading=\"lazy\" decoding=\"async\" width=\"768\" height=\"1024\" src=\"https:\/\/hoyre.no\/content\/uploads\/sites\/426\/2024\/09\/Rafshol-Rene-kandidatpresentasjon-768x1024.jpeg\" alt=\"\" class=\"wp-image-926\" style=\"aspect-ratio:0.75;width:329px;height:auto\" srcset=\"https:\/\/hoyre.no\/content\/uploads\/sites\/426\/2024\/09\/Rafshol-Rene-kandidatpresentasjon-768x1024.jpeg 768w, https:\/\/hoyre.no\/content\/uploads\/sites\/426\/2024\/09\/Rafshol-Rene-kandidatpresentasjon-225x300.jpeg 225w, https:\/\/hoyre.no\/content\/uploads\/sites\/426\/2024\/09\/Rafshol-Rene-kandidatpresentasjon-1152x1536.jpeg 1152w, https:\/\/hoyre.no\/content\/uploads\/sites\/426\/2024\/09\/Rafshol-Rene-kandidatpresentasjon-1536x2048.jpeg 1536w, https:\/\/hoyre.no\/content\/uploads\/sites\/426\/2024\/09\/Rafshol-Rene-kandidatpresentasjon-scaled.jpeg 1875w\" sizes=\"auto, (max-width: 768px) 100vw, 768px\" \/><figcaption class=\"wp-element-caption\">Ren\u00e9 Rafshol.<\/figcaption><\/figure>\n\n\n\n<p><strong>Alder:<\/strong> 51<br><strong>Bostedskommune:<\/strong> R\u00e5de<br><strong>N\u00e5v\u00e6rende stilling\/yrke\/tittel:<\/strong> Ordf\u00f8rer<\/p>\n\n\n\n<p><strong>Beskriv kort hvorfor du \u00f8nsker \u00e5 stille som kandidat:<\/strong><\/p>\n\n\n\n<p>For \u00e5 fronte \u00d8stfold sine interesser.<\/p>\n\n\n\n<p><strong>\u00d8nsket plassering p\u00e5 stortingsvalglisten:<\/strong><\/p>\n\n\n\n<p>Vet ikke\/ikke viktig<\/p>\n\n\n\n<p><strong>Utdannelse:<\/strong><\/p>\n\n\n\n<p>&#8211; Statsvitenskap grunnfag<br>&#8211; \u00d8konomi og administrasjon<\/p>\n\n\n\n<p><strong>Politiske interesseomr\u00e5der:<\/strong><\/p>\n\n\n\n<p>&#8211; kommunepolitikk<br>&#8211; skole<br>&#8211; n\u00e6ring og landbruk<br>&#8211; forsvar<\/p>\n\n\n\n<p><strong>Politisk erfaring:<\/strong><\/p>\n\n\n\n<p>Mer enn 20 \u00e5r i kommunepolitikken, hvorav 13 \u00e5r som ordf\u00f8rer.<\/p>\n\n\n\n<p><strong>Annen relevant erfaring fra yrkesliv eller organisasjonsarbeid:<\/strong><\/p>\n\n\n\n<p>&#8211; v\u00e6rt tillitsvalgt<br>&#8211; klesbutikker<br>&#8211; posten transport<br>&#8211; Aetat og NAV med fokus p\u00e5 ungdomsledighet, flyktninger, og rusmisbruker. I tillegg til innkj\u00f8per NAV.<\/p>\n\n\n\n<h2 class=\"wp-block-heading\">R\u00f8geberg, Emil Mathieu<\/h2>\n\n\n\n<figure class=\"wp-block-image size-full\"><img loading=\"lazy\" decoding=\"async\" width=\"703\" height=\"527\" src=\"https:\/\/hoyre.no\/content\/uploads\/sites\/426\/2024\/09\/Rogeberg-Emil-Mathieu-kandidatpresentasjon.jpg\" alt=\"\" class=\"wp-image-927\" srcset=\"https:\/\/hoyre.no\/content\/uploads\/sites\/426\/2024\/09\/Rogeberg-Emil-Mathieu-kandidatpresentasjon.jpg 703w, https:\/\/hoyre.no\/content\/uploads\/sites\/426\/2024\/09\/Rogeberg-Emil-Mathieu-kandidatpresentasjon-300x225.jpg 300w\" sizes=\"auto, (max-width: 703px) 100vw, 703px\" \/><figcaption class=\"wp-element-caption\">Emil Mathieu R\u00f8geberg.<\/figcaption><\/figure>\n\n\n\n<p><strong>Alder:<\/strong> 21<br><strong>Bostedskommune:<\/strong> Fredrikstad<br><strong>Sivilstatus:<\/strong> Ugift<br><strong>N\u00e5v\u00e6rende stilling\/yrke\/tittel:<\/strong> Student\/fylkestingsrepresentant<\/p>\n\n\n\n<p><strong>Beskriv kort hvorfor du \u00f8nsker \u00e5 stille som kandidat:<\/strong><\/p>\n\n\n\n<p>Jeg \u00f8nsker \u00e5 stille som kandidat til stortinget for \u00e5 bidra til regjeringsskifte og en ny H\u00f8yreb\u00f8lge i \u00d8stfold. Som Unge H\u00f8yres ungdomskandidat vil jeg bidra med nye perspektiver, og representere en stor velgergruppe hvor H\u00f8yre har stort potensiale. Det er viktig \u00e5 satse p\u00e5 unge for \u00e5 bygge gode profiler med erfaring for fremtidige valg.<br>&nbsp;<br>Konsekvensene av de politiske avgj\u00f8relsene vi tar i dag, havner hos fremtidige generasjoner. For at velferdsstaten skal v\u00e6re b\u00e6rekraftig i lengre tid m\u00e5 oljepengebruken reduseres, flere m\u00e5 ut i arbeid, offentlig sektor m\u00e5 effektiviseres og flere oppgaver m\u00e5 overlates til det private.<\/p>\n\n\n\n<p><strong>\u00d8nsket plassering p\u00e5 stortingsvalglisten:<\/strong><\/p>\n\n\n\n<p>Plass 1 &#8211; 5<\/p>\n\n\n\n<p><strong>Utdannelse:<\/strong><\/p>\n\n\n\n<p>Studerer bachelor i Nautikk p\u00e5 Universitetet i S\u00f8r\u00f8st-Norge og gikk p\u00e5 sciencelinja p\u00e5 Gre\u00e5ker vgs. Nautikk er en maritim offisersutdanning.<\/p>\n\n\n\n<p><strong>Politiske interesseomr\u00e5der:<\/strong><\/p>\n\n\n\n<p>&#8211; Skole og utdanning<br>&#8211; Personlig \u00f8konomi<br>&#8211; Sj\u00f8fart og maritim n\u00e6ring<\/p>\n\n\n\n<p><strong>Politisk erfaring:<\/strong><\/p>\n\n\n\n<p>2023-dd. Fylkestingsrepresentant i \u00d8stfold<br>2023- dd. Medlem av hovedutvalg for oppl\u00e6ring og n\u00e6ring i \u00d8stfold<br>2023- dd. 2. vara Bystyret Fredrikstad<br>2022-dd. Fylkesleder \u00d8stfold Unge H\u00f8yre<br>2020-2021 Leder i ungdomsr\u00e5det Fredrikstad<\/p>\n\n\n\n<p><strong>Annen relevant erfaring fra yrkesliv eller organisasjonsarbeid:<\/strong><\/p>\n\n\n\n<p>2022 Medforsker og medforfatter U+MxV, forskningsprosjekt om unges medvirkning i norske kommuner ved OsloMet<br>2024-dd Styremedlem og ansvarlig for Sj\u00f8camp i Sarpsborg Seilforening<br>2022-2023 Kunder\u00e5dgiver for RiksTV<\/p>\n\n\n\n<h2 class=\"wp-block-heading\">Stensr\u00f8d, Frederikke<\/h2>\n\n\n\n<figure class=\"wp-block-image size-large\"><img loading=\"lazy\" decoding=\"async\" width=\"1024\" height=\"768\" src=\"https:\/\/hoyre.no\/content\/uploads\/sites\/426\/2024\/09\/Stensrod-Frederikke-kandidatpresentasjon-1024x768.jpg\" alt=\"\" class=\"wp-image-892\" srcset=\"https:\/\/hoyre.no\/content\/uploads\/sites\/426\/2024\/09\/Stensrod-Frederikke-kandidatpresentasjon-1024x768.jpg 1024w, https:\/\/hoyre.no\/content\/uploads\/sites\/426\/2024\/09\/Stensrod-Frederikke-kandidatpresentasjon-300x225.jpg 300w, https:\/\/hoyre.no\/content\/uploads\/sites\/426\/2024\/09\/Stensrod-Frederikke-kandidatpresentasjon-768x576.jpg 768w, https:\/\/hoyre.no\/content\/uploads\/sites\/426\/2024\/09\/Stensrod-Frederikke-kandidatpresentasjon.jpg 1089w\" sizes=\"auto, (max-width: 1024px) 100vw, 1024px\" \/><figcaption class=\"wp-element-caption\">Frederikke Stensr\u00f8d.<\/figcaption><\/figure>\n\n\n\n<p><strong>Alder:<\/strong> 52<br><strong>Bostedskommune:<\/strong> R\u00e5de <br><strong>Sivilstatus:<\/strong> S\u00e6rbo<br><strong>N\u00e5v\u00e6rende stilling\/yrke\/tittel:<\/strong> Assisterende seksjonsleder, Lokalt arbeid Norges Blindeforbund.<\/p>\n\n\n\n<p><strong>Beskriv kort hvorfor du \u00f8nsker \u00e5 stille som kandidat:<\/strong><\/p>\n\n\n\n<p>Politikk har v\u00e6rt en stor del av mitt liv i over 20 \u00e5r. Jeg engasjerte meg i politikken fordi jeg mener det betyr en forskjell \u00e5 engasjere seg.<\/p>\n\n\n\n<p>Det \u00e5 v\u00e6re en ombudsperson p\u00e5 vegne av folk, n\u00e6ringsliv og organisasjonslivet, er viktig for meg. Jeg ser p\u00e5 oss folkevalgte som brobyggere mellom byr\u00e5kratiet og \u00abden virkelige verden\u00bb<\/p>\n\n\n\n<p>Som tidligere gr\u00fcnder, vet jeg hvor viktig skattepolitikken, men ogs\u00e5 det \u00e5 ha et forutsigbart regelverk, er for n\u00e6ringslivet. For \u00e5 kunne skape verdier og vekst, er n\u00e6ringslivet avhengig av \u00e5 ha gode og forutsigbare rammevilk\u00e5r.<\/p>\n\n\n\n<p>Spillereglene kan ikke endres ved et hvert nytt valg. Det m\u00e5 v\u00e6re rom for \u00e5 tenke langsiktig. Langsiktighet er ogs\u00e5 viktig i politikken i tillegg til \u00e5 ha en politisk visjon. Det er alltid et valg \u00e5 ta hensyn til, men det \u00e5 ha politiske m\u00e5lsetninger for en reell endring krever evnen til \u00e5 lytte, ha mot og ikke minst forst\u00e5 betydningen av samarbeid.<\/p>\n\n\n\n<p>Dette har v\u00e6rt min filosofi i hele min periode som kommunestyrerepresentant i R\u00e5de gjennom 20 \u00e5r.<\/p>\n\n\n\n<p>Jeg har v\u00e6rt 20 \u00e5r i lokalpolitikken, hvor \u00e5tte av de som varaordf\u00f8rer. Jeg har ogs\u00e5 deltatt \u00e5tte \u00e5r i fylkespolitikken, og v\u00e6rt i fylkesutvalget. Min politiske bakgrunn er bred. Denne bakgrunnen gj\u00f8r at KS har engasjert meg i sitt Folkevalgtprogram, hvor jeg reiser rundt til kommunestyrer og fylkesting for \u00e5 hjelpe andre folkevalgte til \u00e5 utf\u00f8re sine verv.<\/p>\n\n\n\n<p>Jeg har takket ja til \u00e5 st\u00e5 p\u00e5 \u00d8stfold H\u00f8yres stortingsliste ved valget 2025, fordi jeg har en inderlig tro p\u00e5 at det er viktigere enn noensinne \u00e5 engasjere seg. Vi kan ikke lukke \u00f8ynene for det skjer rundt oss, enten det er i Norge, Europa eller verden.<\/p>\n\n\n\n<p><strong>\u00d8nsket plassering p\u00e5 stortingsvalglisten:<\/strong><\/p>\n\n\n\n<p>Vet ikke\/ikke viktig<\/p>\n\n\n\n<p><strong>Utdannelse:<\/strong><\/p>\n\n\n\n<p>\u2013 2022 Ledelse under konstant endring BI Oslo<br>\u2013 2020-2021 Strategi i Praksis BI Bergen<br>\u2013 2010-2011 NKI Regnskapskolen (modul 1 og 2)<br>\u2013 1996-1998 Bedrifts\u00f8konomi ved BI Oslo (deltid)<br>\u00d8konomiske fag, ledelse, administrasjon, markedsf\u00f8ring, jus og metode.<br>\u2013 1991-1993 Engelske fag med s\u00f8kelys p\u00e5 Amerikansk historie, kultur og litteratur ved Universitetet Michel de Montaigne, Bordeaux III, Frankrike<br>\u2013 1988-1991 Fransk Baccalaureat, spr\u00e5k og filosofi, ved Lyc\u00e9e St. Joseph, Sarlat, Frankrike<\/p>\n\n\n\n<p><strong>Politiske interesseomr\u00e5der:<\/strong><\/p>\n\n\n\n<p>Jeg interesserer meg for det meste, men n\u00e6ringspolitikk, kommunal sektor, \u00f8konomi og skole ligger mitt hjerte n\u00e6rmest.<\/p>\n\n\n\n<p><strong>Politisk erfaring:<\/strong><\/p>\n\n\n\n<p>&#8211; Gruppeleder R\u00e5de 2007-2023<br>&#8211; Varaordf\u00f8rer R\u00e5de kommune, 2011- 2019<br>&#8211; Kommunestyret i R\u00e5de siden 2003- 2023<br>&#8211; Formannskapet i R\u00e5de siden 2007- 2023<br>&#8211; Leder av administrasjonsutvalget 2011 \u2013 2023<br>&#8211; Fylkesting i \u00d8stfold 2007- 2015<br>&#8211; Fylkesutvalget i \u00d8stfold 2007- 2015<br>&#8211; Oppvekst &amp; Kultur Utvalget i R\u00e5de 2003-2007<\/p>\n\n\n\n<p>Styreerfaring<br>\u2013 Styremedlem av Kvinnepolitisk utvalg i Viken H\u00f8yre 2021 \u2013 2023.<br>\u2013 Styreleder Guldkorn SA 2017- 2018<br>\u2013 Medlem N\u00e6ringsriket \u00d8stfold. 2016-2017.<br>\u2013 Styremedlem i Inspiria Science Senter AS 2012-2016 Vitensenteret i \u00d8stfold<br>\u2013 Leder av Konferansestyret, \u00d8stfoldkonferansen, 2014, \u00d8stfold Fylkeskommune<br>\u2013 Leder av Culture &amp; Tourism Group, North Sea Commission 2010 \u2013 2015<br>\u2013 Styremedlem i Hovedstyret for Opplevelsesn\u00e6ring \u00d8stfold 2009 \u2013 2015<br>\u2013 Internasjonalt Fagpolitisk Utvalg, \u00d8stlandssamarbeidet 2009 \u2013 2015<\/p>\n\n\n\n<p><strong>Annen relevant erfaring fra yrkesliv eller organisasjonsarbeid:<\/strong><br>2023 \u2013 d.d. Assisterende seksjonsleder Lokalt arbeid i Norges Blindeforbund.<br>2023 \u2013 d.d. Prosessveileder for KS folkevalgtprogram.<br>2022 \u2013 2023 Politisk R\u00e5dgiver Viken H\u00f8yre Fylkestingsgruppe<br>2017- 2022 N\u00f8kkelkundeansvarlig\/Salgsansvarlig KF (okt 2020 \u2013 2022)<br>Kommunikasjonsansvarlig KF (2019 -okt. 2020)<br>Digitalt markedsansvarlig KF (sept. 2017 \u2013 2018)<br>2015-2017 Daglig leder N\u00e6ringshagen \u00d8stfold AS<br>2000- 2011 Selvstendig n\u00e6ringsdrivende<br>Oppstart av restaurant Mamas &amp; Tapas AS ved Aker Brygge, Oslo (solgt 2002)<br>Oppstart av Katedralen Pub &amp; Spiseri, Oslo (solgt 2011)<br>Oslo Konserthus Restaurantdrift AS (solgt 2011)<br>O`Reillys Irish Pub (solgt 2003)<br>1998-2001 Konsulent ved Cendant Nordic, Billingstad, Asker<br>1996- 1998 Konferansevertinne ved Lysebu Konferansesenter, Holmenkollen, Oslo<br>1995-1996 Resepsjonist ved Hotell Bristol, Oslo<br>Resepsjonist ved Hotell Bristol Stephanie, Br\u00fcssel, Belgia<\/p>\n\n\n\n<h2 class=\"wp-block-heading\">Tafjord, H\u00e5vard<\/h2>\n\n\n\n<figure class=\"wp-block-image size-full\"><img loading=\"lazy\" decoding=\"async\" width=\"750\" height=\"563\" src=\"https:\/\/hoyre.no\/content\/uploads\/sites\/426\/2024\/09\/Tafjord-Havard-kandidatpresentasjon.jpeg\" alt=\"\" class=\"wp-image-904\" srcset=\"https:\/\/hoyre.no\/content\/uploads\/sites\/426\/2024\/09\/Tafjord-Havard-kandidatpresentasjon.jpeg 750w, https:\/\/hoyre.no\/content\/uploads\/sites\/426\/2024\/09\/Tafjord-Havard-kandidatpresentasjon-300x225.jpeg 300w\" sizes=\"auto, (max-width: 750px) 100vw, 750px\" \/><figcaption class=\"wp-element-caption\">H\u00e5vard Tafjord.<\/figcaption><\/figure>\n\n\n\n<p><strong>Alder:<\/strong> 52<br><strong>Bostedskommune:<\/strong> Halden<br><strong>Sivilstatus:<\/strong> Gift, to barn<br><strong>N\u00e5v\u00e6rende stilling\/yrke\/tittel:<\/strong> Politiadvokat<\/p>\n\n\n\n<p><strong>Beskriv kort hvorfor du \u00f8nsker \u00e5 stille som kandidat:<\/strong><\/p>\n\n\n\n<p>Jeg \u00f8nsker \u00e5 stille meg tilgjengelig som kandidat for H\u00f8yre fordi jeg har stor tro p\u00e5 H\u00f8yres politikk for landet v\u00e5rt. Jeg mener at vi oftest kommer frem til de beste l\u00f8sningene og at vi lager den mest faktabaserte politikken som setter innbyggernes behov foran systemene.<br><br>Jeg er opptatt av enkeltmennesker, frihet, ansvar og v\u00e5re muligheter til \u00e5 gj\u00f8re egne valg.<br><br>Jeg mener selv at jeg har kompetanse og kapasitet til \u00e5 v\u00e6re med \u00e5 gj\u00f8re en forskjell for landet og fylket v\u00e5rt som politiker for H\u00f8yre.<br><br>Videre s\u00e5 syns jeg politikk og samfunnssp\u00f8rsm\u00e5l er veldig morsomt, s\u00e5 jeg har stor motivasjon for \u00e5 jobbe heltid med politikk.<\/p>\n\n\n\n<p><strong>\u00d8nsket plassering p\u00e5 stortingsvalglisten:<\/strong><\/p>\n\n\n\n<p>Plass 1 &#8211; 5<\/p>\n\n\n\n<p><strong>Utdannelse:<\/strong><\/p>\n\n\n\n<p>Jeg er utdannet jurist og advokat.<\/p>\n\n\n\n<p><strong>Politiske interesseomr\u00e5der:<\/strong><\/p>\n\n\n\n<p>Energipolitikk. Jeg er opptatt av \u00e5 l\u00f8se energikrisen vi er p\u00e5 vei inn i. Jeg er derfor opptatt av at vi skal utrede alle former for energikilder, ogs\u00e5 kjernekraft, som har har mange fordeler opp mot naturvern, klimautslipp og annen forurensning, sammenlignet med andre produksjonsmetoder.<br><br>Kriminalitetsbekjempelse. Justissektoren er sv\u00e6rt viktig for at v\u00e5re innbyggere skal leve trygge liv og for at f\u00e6rre skal falle utenfor og leve i utenforskap. Politiet m\u00e5 ha n\u00f8dvendige ressurser til \u00e5 jobbe b\u00e5de forebyggende og reaktivt, p\u00e5talemyndigheten m\u00e5 ha tilstrekkelige ressurser til \u00e5 irettef\u00f8re saker raskere og domstolene m\u00e5 ha tilstrekkelig dommerkapasitet og utstyr for \u00e5 gjennomf\u00f8re saker effektivt og med h\u00f8y kvalitet.<br><br>Kommunepolitikk. Kommunene er den viktigste leverand\u00f8ren av velferdstjenester. Jeg er opptatt av alle innbyggere skal ha tilgang p\u00e5 tjenester av god kvalitet, uavhengig av hvilken kommune man bor i. Inntektssystemet er derfor viktig, men ogs\u00e5 fordelingen av kostnader mellom stat og kommune er avgj\u00f8rende for \u00e5 f\u00e5 dette til.<br><br>Kulturpolitikk. Kultur er viktig for b\u00e5de folkehelse og trivsel. Jeg er opptatt av at alle skal ha tilbud til kulturopplevelser. Vi m\u00e5 derfor ha gode systemer som inspirerer ut\u00f8vende kunstnere, artister og skuespillere, og offentlige og private institusjoner til \u00e5 produsere gode opplevelser som er tilgjengelige for folk.<br><br>Idrett. Idrett er kanskje mitt hjertebarn i politikken. Idretten er som kulturen viktig for folkehelsen og trivsel &#8211; og gir mange barn og unge arenaer hvor de kan l\u00e6re mestring og glede. De fleste idretter krever anlegg og ledere og frivillige. Her m\u00e5 det jobbes mer for \u00e5 legge til rette for \u00f8kt aktivitet. Jeg tror folkehelseeffekten vil gi innsparinger i andre sektorer hvis vi f\u00e5r flere til \u00e5 v\u00e6re aktive lenger innenfor idretten. Investeringer i idrett vil derfor v\u00e6re rimeligere enn kostnaden ved det enkelte prosjekt.<\/p>\n\n\n\n<p><strong>Politisk erfaring:<\/strong><\/p>\n\n\n\n<p>Jeg er 2. nestleder i \u00d8stfold H\u00f8yre og gruppeleder i Halden H\u00f8yre. Videre er jeg koordinerende gruppeleder for samarbeidspartiene som har posisjonen i Halden. Jeg er inne i min andre periode i kommunestyre og formannskap og har f\u00f8r det sittet fire \u00e5r i kontrollutvalget i Halden.<\/p>\n\n\n\n<p><strong>Annen relevant erfaring fra yrkesliv eller organisasjonsarbeid:<\/strong><\/p>\n\n\n\n<p>Jeg har arbeidet nesten ti \u00e5r i kommunal sektor, som r\u00e5dgiver p\u00e5 kemnerkontor, plan og bygg, v\u00e6rt enhetsleder for teknisk forvaltningsenhet og fagleder p\u00e5 byggesak.<br><br>Jeg har videre arbeidet som advokat og advokatfullmektig, og n\u00e5 som politiadvokat.<br><br>Tidligere har jeg ogs\u00e5 jobbet med salg og ledelse i Posten.<\/p>\n\n\n\n<h2 class=\"wp-block-heading\">Telle, Marianne<\/h2>\n\n\n\n<figure class=\"wp-block-image size-large\"><img loading=\"lazy\" decoding=\"async\" width=\"1024\" height=\"768\" src=\"https:\/\/hoyre.no\/content\/uploads\/sites\/426\/2024\/09\/Telle-Marianne-kandidatpresentasjon-1024x768.jpg\" alt=\"\" class=\"wp-image-909\" srcset=\"https:\/\/hoyre.no\/content\/uploads\/sites\/426\/2024\/09\/Telle-Marianne-kandidatpresentasjon-1024x768.jpg 1024w, https:\/\/hoyre.no\/content\/uploads\/sites\/426\/2024\/09\/Telle-Marianne-kandidatpresentasjon-300x225.jpg 300w, https:\/\/hoyre.no\/content\/uploads\/sites\/426\/2024\/09\/Telle-Marianne-kandidatpresentasjon-768x576.jpg 768w, https:\/\/hoyre.no\/content\/uploads\/sites\/426\/2024\/09\/Telle-Marianne-kandidatpresentasjon-1536x1152.jpg 1536w, https:\/\/hoyre.no\/content\/uploads\/sites\/426\/2024\/09\/Telle-Marianne-kandidatpresentasjon-2048x1536.jpg 2048w\" sizes=\"auto, (max-width: 1024px) 100vw, 1024px\" \/><figcaption class=\"wp-element-caption\">Marianne Telle.<\/figcaption><\/figure>\n\n\n\n<p><strong>Alder:<\/strong> 55<br><strong>Bostedskommune:<\/strong> Sarpsborg <br><strong>Sivilstatus:<\/strong> Gift<br><strong>N\u00e5v\u00e6rende stilling\/yrke\/tittel:<\/strong> Daglig leder\/selvstendig n\u00e6ringsdrivende.<\/p>\n\n\n\n<p><strong>Beskriv kort hvorfor du \u00f8nsker \u00e5 stille som kandidat:<\/strong><\/p>\n\n\n\n<p>N\u00e6ringsvennlighet er en forutsetning for utvikling og gode livsvilk\u00e5r. Vi m\u00e5 utvikle b\u00e5de rammebetingelser og forst\u00e5else for viktigheten av et levende og kraftfullt n\u00e6ringsliv i regionen v\u00e5r. Dette vil jeg bidra til!<\/p>\n\n\n\n<p><strong>\u00d8nsket plassering p\u00e5 stortingsvalglisten:<\/strong><\/p>\n\n\n\n<p>Plass 11-15<\/p>\n\n\n\n<p><strong>Utdannelse:<\/strong><\/p>\n\n\n\n<p>Cand.polit med hovedfag i sosiologi<br>Lektor<\/p>\n\n\n\n<p><strong>Politiske interesseomr\u00e5der:<\/strong><\/p>\n\n\n\n<p>N\u00e6ringspolitikk<br>Helsepolitikk<\/p>\n\n\n\n<p><strong>Politisk erfaring:<\/strong><\/p>\n\n\n\n<p>Nyengasjert politiker.<\/p>\n\n\n\n<p><strong>Annen relevant erfaring fra yrkesliv eller organisasjonsarbeid:<\/strong><\/p>\n\n\n\n<p>25 \u00e5rs erfaring som r\u00e5dgiver for ledere og styrer i offentlige og private virksomheter<br>Omfattende styreerfaring fra nasjonale, regionale og lokale virksomheter innen offentlig, privat og ideell sektor.<\/p>\n\n\n\n<h2 class=\"wp-block-heading\">Unaas, Erik Mogens<\/h2>\n\n\n\n<figure class=\"wp-block-image size-large\"><img loading=\"lazy\" decoding=\"async\" width=\"1024\" height=\"768\" src=\"https:\/\/hoyre.no\/content\/uploads\/sites\/426\/2024\/09\/Unaas-Erik-kandidatpresentasjon-ii-1024x768.jpg\" alt=\"\" class=\"wp-image-932\" srcset=\"https:\/\/hoyre.no\/content\/uploads\/sites\/426\/2024\/09\/Unaas-Erik-kandidatpresentasjon-ii-1024x768.jpg 1024w, https:\/\/hoyre.no\/content\/uploads\/sites\/426\/2024\/09\/Unaas-Erik-kandidatpresentasjon-ii-300x225.jpg 300w, https:\/\/hoyre.no\/content\/uploads\/sites\/426\/2024\/09\/Unaas-Erik-kandidatpresentasjon-ii-768x576.jpg 768w, https:\/\/hoyre.no\/content\/uploads\/sites\/426\/2024\/09\/Unaas-Erik-kandidatpresentasjon-ii-1536x1152.jpg 1536w, https:\/\/hoyre.no\/content\/uploads\/sites\/426\/2024\/09\/Unaas-Erik-kandidatpresentasjon-ii.jpg 1867w\" sizes=\"auto, (max-width: 1024px) 100vw, 1024px\" \/><figcaption class=\"wp-element-caption\">Erik Unaas.<\/figcaption><\/figure>\n\n\n\n<p><strong>Alder:<\/strong> 65<br><strong>Bostedskommune:<\/strong> Indre \u00d8stfold <br><strong>Sivilstatus:<\/strong> Gift, 2 voksne barn<br><strong>N\u00e5v\u00e6rende stilling\/yrke\/tittel:<\/strong> Koordinator<\/p>\n\n\n\n<p><strong>Beskriv kort hvorfor du \u00f8nsker \u00e5 stille som kandidat:<\/strong><\/p>\n\n\n\n<p>&#8211; Motivert for \u00e5 bidra i et lag for at \u00d8stfold f\u00e5r st\u00f8rre &laquo;gjennomslag&raquo; nasjonalt<br>&#8211; Dele og bruke min erfaring etter et lang liv i politikk, n\u00e6ringsliv, frivillighet og kommunikasjon<br>&#8211; Kjenner hele \u00d8stfold, og nettverk i alle kommune<br>&#8211; I en fase i livet der jeg har muligheter til \u00e5 prioritere n\u00f8dvendig tid<\/p>\n\n\n\n<p><strong>\u00d8nsket plassering p\u00e5 stortingsvalglisten:<\/strong><\/p>\n\n\n\n<p>Vet ikke\/ikke viktig<\/p>\n\n\n\n<p><strong>Utdannelse:<\/strong><\/p>\n\n\n\n<p>Videreg. skole<br>Videreutdannelse i markedsf\u00f8ring og journalistikk<br>Styrekurs BI<br>Avisakademiet<\/p>\n\n\n\n<p><strong>Politiske interesseomr\u00e5der:<\/strong><\/p>\n\n\n\n<p>&#8211; Bygge lag og allianser (ogs\u00e5 p\u00e5 tvers av partier og geografi)<br>&#8211; Bygge stolthet og framsnakking av fylket<br>&#8211; Styrke v\u00e5r mentale og fysiske helse p\u00e5 alle aldersniv\u00e5er<br>&#8211; Flere trygge m\u00f8teplasser og oppvekstrammer for ungdommen<br>&#8211; Arbeidsplassvekst<br>&#8211; Forsvar, sikkerhet og beredskap<br>&#8211; Samspille med frivilligheten som en enorm kraft i samfunnsutviklingen<br>&#8211; Samferdsel (mer jernbane, bedre veier, reelt satse p\u00e5 trafikksikkerhet &#8211; og byggere raskere, enklere og er kostnadseffektivt)<\/p>\n\n\n\n<p><strong>Politisk erfaring:<\/strong><\/p>\n\n\n\n<p>Tillitsvalgt og folkevalgt i H\u00f8yre siden 1979<br>Fast medlem Askim kommunestyre 1991-2007 &#8211; to perioder som gruppeleder<br>Fast medlem Eidsberg kommunestyre 2011-2020 &#8211; to perioder som ordf\u00f8rer<br>Fast medlem \u00d8stfold fylkesting siden 2007- (Viken 2019-2024) &#8211; to perioder som fraksjonsleder samferdsel<br>Medlem H\u00f8yres kommunalutvalg 2014-2019<br>Foredragsholder HH<\/p>\n\n\n\n<p><strong>Annen relevant erfaring fra yrkesliv eller organisasjonsarbeid:<\/strong><\/p>\n\n\n\n<p>Informasjonskonsulent Forsvarsdepartementet (vpl) og Det frivillige Skyttervesen 1980-83<br>Journalist, bl.a. \u00d8stfold-Posten og Dagbladet 1983-87<br>Gr\u00fcnder, daglig leder og ansv. redakt\u00f8r Erik Unaas AS SPORTMEDIA 1987-2011 (Norges st\u00f8rste idrettsmagasin-forlag)<br>Styremedlem Norges idrettsforbund og olympiske og paralympiske komite<br>Styremedlem Frivillighet Norge<br>Styremedlem Landsr\u00e5det for Heimevernet<br>Styreleder Opplevelsessenteret \u00d8stfoldbadet 1998-2006<br>Styremedlem \u00d8stfold og Viken idrettskrets 2017-2022<br>Valgkomiteleder\/-medlem i et titalls regionale og nasjonale selskap\/medlemsorganisasjoner (n\u00e5 bl.a. \u00d8stfold Energi, USS og LVK)<br>Landslagsleder i orientering 1993-2004, manager volleyballandslagene 1994-98<br>Akkreditert p\u00e5 11 OL &#8211; styreleder skandinavisk-kinesiske selskapet Nordic Ways 2003-2011<\/p>\n\n\n\n<h2 class=\"wp-block-heading\">Wines, Christian<\/h2>\n\n\n\n<figure class=\"wp-block-image size-large\"><img loading=\"lazy\" decoding=\"async\" width=\"1024\" height=\"768\" src=\"https:\/\/hoyre.no\/content\/uploads\/sites\/426\/2024\/09\/Wines-Christian-kandidatpresentasjon-1024x768.jpg\" alt=\"\" class=\"wp-image-900\" srcset=\"https:\/\/hoyre.no\/content\/uploads\/sites\/426\/2024\/09\/Wines-Christian-kandidatpresentasjon-1024x768.jpg 1024w, https:\/\/hoyre.no\/content\/uploads\/sites\/426\/2024\/09\/Wines-Christian-kandidatpresentasjon-300x225.jpg 300w, https:\/\/hoyre.no\/content\/uploads\/sites\/426\/2024\/09\/Wines-Christian-kandidatpresentasjon-768x576.jpg 768w, https:\/\/hoyre.no\/content\/uploads\/sites\/426\/2024\/09\/Wines-Christian-kandidatpresentasjon-1536x1152.jpg 1536w, https:\/\/hoyre.no\/content\/uploads\/sites\/426\/2024\/09\/Wines-Christian-kandidatpresentasjon.jpg 1926w\" sizes=\"auto, (max-width: 1024px) 100vw, 1024px\" \/><figcaption class=\"wp-element-caption\">Christian Wines.<\/figcaption><\/figure>\n\n\n\n<p><strong>Alder:<\/strong> 48<br><strong>Bostedskommune:<\/strong> Moss <br><strong>Sivilstatus:<\/strong> Gift<br><strong>N\u00e5v\u00e6rende stilling\/yrke\/tittel:<\/strong> Sivilingeni\u00f8r<\/p>\n\n\n\n<p><strong>Beskriv kort hvorfor du \u00f8nsker \u00e5 stille som kandidat:<\/strong><\/p>\n\n\n\n<p>Jeg \u00f8nsker \u00e5 stille som kandidat&nbsp; fordi jeg kan bidra med solid og grundig kunnskap innen det jeg oppfatter som mine politiske kjerne- og interesseomr\u00e5der. Jeg har ogs\u00e5 ledererfaring, og jeg er sterkt motivert til \u00e5 ta fatt p\u00e5 de vanskelige oppgavene som ligger foran oss internasjonalt, nasjonalt og ikke minst, regionalt. Om jeg blir valgt inn vil jeg gj\u00f8re alt jeg kan i arbeidet med \u00e5 etablere gode og realistiske prosjekter for fremtiden, slik at vi sammen kan stake ut en ny kurs og fatte gode beslutninger til v\u00e5rt felles beste. Da s\u00e6rlig med vekt p\u00e5 klima- og energipolitikk, forsvarspolitikk og samferdsel.<\/p>\n\n\n\n<p><strong>\u00d8nsket plassering p\u00e5 stortingsvalglisten:<\/strong><\/p>\n\n\n\n<p>Plass 1 &#8211; 5<\/p>\n\n\n\n<p><strong>Utdannelse:<\/strong><\/p>\n\n\n\n<p>Master i Marin Teknikk &#8211; NTNU,<br>Grunnfag Bedrifts\u00f8konomi &#8211; BI,<br>Bachelor i Fart\u00f8yteknikk &#8211; H\u00f8gskolen i Bergen,<br>Grunnleggende Offisersutdanning &#8211; Sj\u00f8krigsskolen,<br>Grunnleggende Befalsutdanning &#8211; Befalsskolen for Marinen<\/p>\n\n\n\n<p><strong>Politiske interesseomr\u00e5der:<\/strong><\/p>\n\n\n\n<p>Energi, Samferdsel, Forsvaret, N\u00e6ring, Skole og utdanning, Idrett og kultur, Klima og milj\u00f8.<\/p>\n\n\n\n<p><strong>Politisk erfaring:<\/strong><\/p>\n\n\n\n<p>Sekret\u00e6r i foreningsstyret Moss H\u00f8yre fra 2019 &#8211; 2021,<br>Styreleder i Moss Kommunale Eiendomsselskap fra 2023,<br>Varamedlem i utvalg for Natur, landbruk og milj\u00f8 i Moss Kommune fra 2023<\/p>\n\n\n\n<p>Medlem i utvalg for klima, milj\u00f8 og naturmangfold i Viken H\u00f8yre.<\/p>\n\n\n\n<p><strong>Annen relevant erfaring fra yrkesliv eller organisasjonsarbeid:<\/strong><\/p>\n\n\n\n<p>Har siden 2017 jobbet som Naval Architect &amp; Marine Engineer i FiReCo AS. Jeg er ogs\u00e5 medeier i selskapet. Fra dette selskapet er jeg innleid til Forsvarsmateriell for \u00e5 yte st\u00f8tte i et st\u00f8rre anskaffelsesprosjekt med kostnadsramme &gt; 45 MRD NOK.<br>2014 &#8211; 2017: Kommand\u00f8rkaptein \/ Byggeleder for KNM Maud i S\u00f8r-Korea.<br>2007 &#8211; 2014: Orlogskaptein \/ Seksjonssjef Naval Architecture Office i Forsvarets Logistikkorganisasjon, Maritime Kapasiteter (FLO).<br>2005 \u2013 2014: Delegat i diverse NATO arbeidsgrupper innen Internasjonalt Materiellsamarbeid.<\/p>\n\n\n<div class=\"tags\">\n\t<\/div>\n<div class=\"post-footer alignfull has-background block-editor-block-list__block\" data-align=full>\n\t<div class=\"post-footer-inner\">\n\t\t<h3>Relaterte artikler<\/h3>\n\t\t<div class=\"related-content\"><div class=\"is-card-hoyre\">\n\t<div class=\"teft-card hoyre-teft-card post-teft-card\">\n\t\t<a href=\"https:\/\/hoyre.no\/ostfold\/aktuelt\/hvor-lenge-ma-kvinner-med-overgangsalder-problemer-vente\/\" class=\"teft-card__primary-action\">\n\n\t\t\t\t\t<div class=\"teft-card__media teft-card__media--16-9\">\n\t\t\t\t\t\t<img loading=\"lazy\" decoding=\"async\" width=\"480\" height=\"360\" src=\"https:\/\/hoyre.no\/content\/uploads\/sites\/426\/2026\/04\/Marianne-Elin.jpg\" class=\"attachment-medium_large size-medium_large\" alt=\"\" srcset=\"https:\/\/hoyre.no\/content\/uploads\/sites\/426\/2026\/04\/Marianne-Elin.jpg 480w, https:\/\/hoyre.no\/content\/uploads\/sites\/426\/2026\/04\/Marianne-Elin-300x225.jpg 300w\" sizes=\"auto, (max-width: 480px) 100vw, 480px\" \/>\t\t<\/div>\n\t\t\n\t\t\t<div class=\"teft-card__content-wrapper\">\n\t\t\t\t<div class=\"teft-card__secondary\">\n\t\t\t\t\t\n\t\t\t\t\t\t\t\t<div class=\"teft-card__meta\">\n\t\t\t\t\t\t\t\t\t<span class=\"post-date\">24. apr 2026<\/span>\n\n\t\t\t\t\t\t\t\t\t<span class=\"post-category\">Nyheter<\/span>\t\t\t\t\t\t\t\t<\/div>\n\t\t\t\t\t\t\t\t\t\t\t<\/div>\n\n\t\t\t\t<div class=\"teft-card__primary\">\n\t\t\t\t\t<h2 class=\"teft-card__title\">Hvor lenge m\u00e5 kvinner med overgangsalder-problemer vente?&nbsp;<span class=\"teft-card__primary-title-append\"><\/span><\/h2>\t\t\t\t<\/div>\n\t\t\t<\/div>\n\t\t<\/a>\n\t<\/div>\n\n\t<\/div><div class=\"is-card-hoyre\">\n\t<div class=\"teft-card hoyre-teft-card post-teft-card\">\n\t\t<a href=\"https:\/\/hoyre.no\/ostfold\/aktuelt\/kvinnehelse-i-sentrum-fra-eu-strategi-til-norsk-handling\/\" class=\"teft-card__primary-action\">\n\n\t\t\t\t\t<div class=\"teft-card__media teft-card__media--16-9\">\n\t\t\t\t\t\t<img loading=\"lazy\" decoding=\"async\" width=\"768\" height=\"576\" src=\"https:\/\/hoyre.no\/content\/uploads\/sites\/426\/2026\/04\/InShot_20260422_150314984-768x576.jpg\" class=\"attachment-medium_large size-medium_large\" alt=\"\" srcset=\"https:\/\/hoyre.no\/content\/uploads\/sites\/426\/2026\/04\/InShot_20260422_150314984-768x576.jpg 768w, https:\/\/hoyre.no\/content\/uploads\/sites\/426\/2026\/04\/InShot_20260422_150314984-300x225.jpg 300w, https:\/\/hoyre.no\/content\/uploads\/sites\/426\/2026\/04\/InShot_20260422_150314984-1024x768.jpg 1024w, https:\/\/hoyre.no\/content\/uploads\/sites\/426\/2026\/04\/InShot_20260422_150314984-1536x1152.jpg 1536w, https:\/\/hoyre.no\/content\/uploads\/sites\/426\/2026\/04\/InShot_20260422_150314984-2048x1536.jpg 2048w\" sizes=\"auto, (max-width: 768px) 100vw, 768px\" \/>\t\t<\/div>\n\t\t\n\t\t\t<div class=\"teft-card__content-wrapper\">\n\t\t\t\t<div class=\"teft-card__secondary\">\n\t\t\t\t\t\n\t\t\t\t\t\t\t\t<div class=\"teft-card__meta\">\n\t\t\t\t\t\t\t\t\t<span class=\"post-date\">22. apr 2026<\/span>\n\n\t\t\t\t\t\t\t\t\t<span class=\"post-category\">Helse og omsorg<\/span>\t\t\t\t\t\t\t\t<\/div>\n\t\t\t\t\t\t\t\t\t\t\t<\/div>\n\n\t\t\t\t<div class=\"teft-card__primary\">\n\t\t\t\t\t<h2 class=\"teft-card__title\">Kvinnehelse i sentrum: Fra EU-strategi til norsk handling&nbsp;<span class=\"teft-card__primary-title-append\"><\/span><\/h2>\t\t\t\t<\/div>\n\t\t\t<\/div>\n\t\t<\/a>\n\t<\/div>\n\n\t<\/div><div class=\"is-card-hoyre\">\n\t<div class=\"teft-card hoyre-teft-card post-teft-card\">\n\t\t<a href=\"https:\/\/hoyre.no\/ostfold\/aktuelt\/hoyre-onsker-felles-billett-for-tog-og-buss\/\" class=\"teft-card__primary-action\">\n\n\t\t\t\t\t<div class=\"teft-card__media teft-card__media--16-9\">\n\t\t\t\t\t\t<img loading=\"lazy\" decoding=\"async\" width=\"768\" height=\"576\" src=\"https:\/\/hoyre.no\/content\/uploads\/sites\/426\/2026\/04\/Erik-Unaas-Gretha-Kant-og-Thor-Christian-Hansteen-Ostfold-Hoyres-samferdselsfraksjon-foto-Kjetil-Ostereng-768x576.jpg\" class=\"attachment-medium_large size-medium_large\" alt=\"\" srcset=\"https:\/\/hoyre.no\/content\/uploads\/sites\/426\/2026\/04\/Erik-Unaas-Gretha-Kant-og-Thor-Christian-Hansteen-Ostfold-Hoyres-samferdselsfraksjon-foto-Kjetil-Ostereng-768x576.jpg 768w, https:\/\/hoyre.no\/content\/uploads\/sites\/426\/2026\/04\/Erik-Unaas-Gretha-Kant-og-Thor-Christian-Hansteen-Ostfold-Hoyres-samferdselsfraksjon-foto-Kjetil-Ostereng-300x225.jpg 300w, https:\/\/hoyre.no\/content\/uploads\/sites\/426\/2026\/04\/Erik-Unaas-Gretha-Kant-og-Thor-Christian-Hansteen-Ostfold-Hoyres-samferdselsfraksjon-foto-Kjetil-Ostereng-1024x768.jpg 1024w, https:\/\/hoyre.no\/content\/uploads\/sites\/426\/2026\/04\/Erik-Unaas-Gretha-Kant-og-Thor-Christian-Hansteen-Ostfold-Hoyres-samferdselsfraksjon-foto-Kjetil-Ostereng-1536x1152.jpg 1536w, https:\/\/hoyre.no\/content\/uploads\/sites\/426\/2026\/04\/Erik-Unaas-Gretha-Kant-og-Thor-Christian-Hansteen-Ostfold-Hoyres-samferdselsfraksjon-foto-Kjetil-Ostereng-2048x1536.jpg 2048w\" sizes=\"auto, (max-width: 768px) 100vw, 768px\" \/>\t\t<\/div>\n\t\t\n\t\t\t<div class=\"teft-card__content-wrapper\">\n\t\t\t\t<div class=\"teft-card__secondary\">\n\t\t\t\t\t\n\t\t\t\t\t\t\t\t<div class=\"teft-card__meta\">\n\t\t\t\t\t\t\t\t\t<span class=\"post-date\">6. apr 2026<\/span>\n\n\t\t\t\t\t\t\t\t\t<span class=\"post-category\">Nyheter<\/span>\t\t\t\t\t\t\t\t<\/div>\n\t\t\t\t\t\t\t\t\t\t\t<\/div>\n\n\t\t\t\t<div class=\"teft-card__primary\">\n\t\t\t\t\t<h2 class=\"teft-card__title\">H\u00f8yre \u00f8nsker felles billett for tog og buss&nbsp;<span class=\"teft-card__primary-title-append\"><\/span><\/h2>\t\t\t\t<\/div>\n\t\t\t<\/div>\n\t\t<\/a>\n\t<\/div>\n\n\t<\/div><\/div>\t<\/div>\n<\/div>\n","protected":false},"excerpt":{"rendered":"","protected":false},"author":339,"featured_media":0,"comment_status":"closed","ping_status":"closed","sticky":false,"template":"","format":"standard","meta":{"teft_cards_image_url":"","teft_cards_custom_pretitle":"","teft_cards_image_id":746,"teft_cards_image_focal_point_x":0.5,"teft_cards_image_focal_point_y":0.5,"teft_cards_title":"","teft_cards_excerpt":"","teft_show_chapters":false,"author_display_name":"\u00d8stfold H\u00f8yre","footnotes":""},"category":[1,5],"post_tag":[],"hoyre-visibility":[],"article-type":[],"politician":[],"class_list":["post-845","post","type-post","status-publish","format-standard","hentry","category-nyheter","category-valg"],"yoast_head":"<!-- This site is optimized with the Yoast SEO plugin v26.6 - https:\/\/yoast.com\/wordpress\/plugins\/seo\/ -->\n<title>\u00d8stfold H\u00f8yres stortingskandidater 2025-2029 - kandidatpresentasjon - \u00d8stfold H\u00f8yre<\/title>\n<meta name=\"description\" content=\"I forbindelse med nominasjon av \u00d8stfold H\u00f8yres valgliste for stortingsvalget 2025, har kandidatene laget en kort presentasjon av seg selv.\" \/>\n<meta name=\"robots\" content=\"index, follow, max-snippet:-1, max-image-preview:large, max-video-preview:-1\" \/>\n<link rel=\"canonical\" href=\"https:\/\/hoyre.no\/ostfold\/aktuelt\/ostfold-hoyres-stortingskandidater-2025-2029-kandidatpresentasjon\/\" \/>\n<meta property=\"og:locale\" content=\"nb_NO\" \/>\n<meta property=\"og:type\" content=\"article\" \/>\n<meta property=\"og:title\" content=\"\u00d8stfold H\u00f8yres stortingskandidater 2025-2029 - kandidatpresentasjon - \u00d8stfold H\u00f8yre\" \/>\n<meta property=\"og:description\" content=\"I forbindelse med nominasjon av \u00d8stfold H\u00f8yres valgliste for stortingsvalget 2025, har kandidatene laget en kort presentasjon av seg selv.\" \/>\n<meta property=\"og:url\" content=\"https:\/\/hoyre.no\/ostfold\/aktuelt\/ostfold-hoyres-stortingskandidater-2025-2029-kandidatpresentasjon\/\" \/>\n<meta property=\"og:site_name\" content=\"\u00d8stfold H\u00f8yre\" \/>\n<meta property=\"article:publisher\" content=\"https:\/\/www.facebook.com\/ostfoldhoyre\" \/>\n<meta property=\"article:published_time\" content=\"2024-09-09T05:15:57+00:00\" \/>\n<meta property=\"article:modified_time\" content=\"2024-10-25T10:51:21+00:00\" \/>\n<meta property=\"og:image\" content=\"https:\/\/hoyre.no\/content\/uploads\/sites\/426\/2026\/04\/Erik-Unaas-Gretha-Kant-og-Thor-Christian-Hansteen-Ostfold-Hoyres-samferdselsfraksjon-foto-Kjetil-Ostereng-1024x768.jpg\" \/>\n<meta name=\"author\" content=\"Gjermund Krogstad\" \/>\n<meta name=\"twitter:card\" content=\"summary_large_image\" \/>\n<meta name=\"twitter:label1\" content=\"Skrevet av\" \/>\n\t<meta name=\"twitter:data1\" content=\"Gjermund Krogstad\" \/>\n\t<meta name=\"twitter:label2\" content=\"Ansl. lesetid\" \/>\n\t<meta name=\"twitter:data2\" content=\"60 minutter\" \/>\n<script type=\"application\/ld+json\" class=\"yoast-schema-graph\">{\"@context\":\"https:\/\/schema.org\",\"@graph\":[{\"@type\":\"Article\",\"@id\":\"https:\/\/hoyre.no\/ostfold\/aktuelt\/ostfold-hoyres-stortingskandidater-2025-2029-kandidatpresentasjon\/#article\",\"isPartOf\":{\"@id\":\"https:\/\/hoyre.no\/ostfold\/aktuelt\/ostfold-hoyres-stortingskandidater-2025-2029-kandidatpresentasjon\/\"},\"author\":{\"name\":\"Gjermund Krogstad\",\"@id\":\"https:\/\/hoyre.no\/ostfold\/#\/schema\/person\/5be7a0ced8da0969840a21bd65689d59\"},\"headline\":\"\u00d8stfold H\u00f8yres stortingskandidater 2025-2029 &#8211; kandidatpresentasjon\",\"datePublished\":\"2024-09-09T05:15:57+00:00\",\"dateModified\":\"2024-10-25T10:51:21+00:00\",\"mainEntityOfPage\":{\"@id\":\"https:\/\/hoyre.no\/ostfold\/aktuelt\/ostfold-hoyres-stortingskandidater-2025-2029-kandidatpresentasjon\/\"},\"wordCount\":10367,\"publisher\":{\"@id\":\"https:\/\/hoyre.no\/ostfold\/#organization\"},\"image\":{\"@id\":\"https:\/\/hoyre.no\/ostfold\/aktuelt\/ostfold-hoyres-stortingskandidater-2025-2029-kandidatpresentasjon\/#primaryimage\"},\"thumbnailUrl\":\"https:\/\/hoyre.no\/content\/uploads\/sites\/426\/2024\/09\/Arnesen-Magnus-kandidatpresentasjon.jpg\",\"articleSection\":[\"Nyheter\",\"Valg\"],\"inLanguage\":\"nb-NO\"},{\"@type\":\"NewsArticle\",\"@id\":\"https:\/\/hoyre.no\/ostfold\/aktuelt\/ostfold-hoyres-stortingskandidater-2025-2029-kandidatpresentasjon\/\",\"url\":\"https:\/\/hoyre.no\/ostfold\/aktuelt\/ostfold-hoyres-stortingskandidater-2025-2029-kandidatpresentasjon\/\",\"name\":\"\u00d8stfold H\u00f8yres stortingskandidater 2025-2029 - kandidatpresentasjon - \u00d8stfold H\u00f8yre\",\"isPartOf\":{\"@id\":\"https:\/\/hoyre.no\/ostfold\/#website\"},\"image\":{\"@id\":\"https:\/\/hoyre.no\/ostfold\/aktuelt\/ostfold-hoyres-stortingskandidater-2025-2029-kandidatpresentasjon\/#primaryimage\"},\"thumbnailUrl\":\"https:\/\/hoyre.no\/content\/uploads\/sites\/426\/2024\/09\/Arnesen-Magnus-kandidatpresentasjon.jpg\",\"datePublished\":\"2024-09-09T05:15:57+00:00\",\"dateModified\":\"2024-10-25T10:51:21+00:00\",\"description\":\"I forbindelse med nominasjon av \u00d8stfold H\u00f8yres valgliste for stortingsvalget 2025, har kandidatene laget en kort presentasjon av seg selv.\",\"breadcrumb\":{\"@id\":\"https:\/\/hoyre.no\/ostfold\/aktuelt\/ostfold-hoyres-stortingskandidater-2025-2029-kandidatpresentasjon\/#breadcrumb\"},\"inLanguage\":\"nb-NO\",\"potentialAction\":[{\"@type\":\"ReadAction\",\"target\":[\"https:\/\/hoyre.no\/ostfold\/aktuelt\/ostfold-hoyres-stortingskandidater-2025-2029-kandidatpresentasjon\/\"]}]},{\"@type\":\"ImageObject\",\"inLanguage\":\"nb-NO\",\"@id\":\"https:\/\/hoyre.no\/ostfold\/aktuelt\/ostfold-hoyres-stortingskandidater-2025-2029-kandidatpresentasjon\/#primaryimage\",\"url\":\"https:\/\/hoyre.no\/content\/uploads\/sites\/426\/2024\/09\/Arnesen-Magnus-kandidatpresentasjon.jpg\",\"contentUrl\":\"https:\/\/hoyre.no\/content\/uploads\/sites\/426\/2024\/09\/Arnesen-Magnus-kandidatpresentasjon.jpg\"},{\"@type\":\"BreadcrumbList\",\"@id\":\"https:\/\/hoyre.no\/ostfold\/aktuelt\/ostfold-hoyres-stortingskandidater-2025-2029-kandidatpresentasjon\/#breadcrumb\",\"itemListElement\":[{\"@type\":\"ListItem\",\"position\":1,\"name\":\"Til hoyre.no\",\"item\":\"https:\/\/hoyre.no\"},{\"@type\":\"ListItem\",\"position\":2,\"name\":\"Hjem\",\"item\":\"https:\/\/hoyre.no\/ostfold\/\"},{\"@type\":\"ListItem\",\"position\":3,\"name\":\"\u00d8stfold H\u00f8yres stortingskandidater 2025-2029 &#8211; kandidatpresentasjon\"}]},{\"@type\":\"WebSite\",\"@id\":\"https:\/\/hoyre.no\/ostfold\/#website\",\"url\":\"https:\/\/hoyre.no\/ostfold\/\",\"name\":\"\u00d8stfold H\u00f8yre\",\"description\":\"\",\"publisher\":{\"@id\":\"https:\/\/hoyre.no\/ostfold\/#organization\"},\"inLanguage\":\"nb-NO\"},{\"@type\":\"Organization\",\"@id\":\"https:\/\/hoyre.no\/ostfold\/#organization\",\"name\":\"\u00d8stfold H\u00f8yre\",\"url\":\"https:\/\/hoyre.no\/ostfold\/\",\"logo\":{\"@type\":\"ImageObject\",\"inLanguage\":\"nb-NO\",\"@id\":\"https:\/\/hoyre.no\/ostfold\/#\/schema\/logo\/image\/\",\"url\":\"https:\/\/hoyre.no\/content\/uploads\/sites\/426\/2023\/02\/hoyre_logo.png\",\"contentUrl\":\"https:\/\/hoyre.no\/content\/uploads\/sites\/426\/2023\/02\/hoyre_logo.png\",\"width\":1000,\"height\":1000,\"caption\":\"\u00d8stfold H\u00f8yre\"},\"image\":{\"@id\":\"https:\/\/hoyre.no\/ostfold\/#\/schema\/logo\/image\/\"},\"sameAs\":[\"https:\/\/www.facebook.com\/ostfoldhoyre\"]},{\"@type\":\"Person\",\"@id\":\"https:\/\/hoyre.no\/ostfold\/#\/schema\/person\/5be7a0ced8da0969840a21bd65689d59\",\"name\":\"Gjermund Krogstad\",\"image\":{\"@type\":\"ImageObject\",\"inLanguage\":\"nb-NO\",\"@id\":\"https:\/\/hoyre.no\/ostfold\/#\/schema\/person\/image\/\",\"url\":\"https:\/\/secure.gravatar.com\/avatar\/a581018c855c680f78e882c15f70e9b9fd9190ee714b6cb95d911f77171b4086?s=96&d=mm&r=g\",\"contentUrl\":\"https:\/\/secure.gravatar.com\/avatar\/a581018c855c680f78e882c15f70e9b9fd9190ee714b6cb95d911f77171b4086?s=96&d=mm&r=g\",\"caption\":\"Gjermund Krogstad\"},\"url\":\"https:\/\/hoyre.no\/ostfold\/aktuelt\/author\/m50137017\/\"}]}<\/script>\n<!-- \/ Yoast SEO plugin. -->","yoast_head_json":{"title":"\u00d8stfold H\u00f8yres stortingskandidater 2025-2029 - kandidatpresentasjon - \u00d8stfold H\u00f8yre","description":"I forbindelse med nominasjon av \u00d8stfold H\u00f8yres valgliste for stortingsvalget 2025, har kandidatene laget en kort presentasjon av seg selv.","robots":{"index":"index","follow":"follow","max-snippet":"max-snippet:-1","max-image-preview":"max-image-preview:large","max-video-preview":"max-video-preview:-1"},"canonical":"https:\/\/hoyre.no\/ostfold\/aktuelt\/ostfold-hoyres-stortingskandidater-2025-2029-kandidatpresentasjon\/","og_locale":"nb_NO","og_type":"article","og_title":"\u00d8stfold H\u00f8yres stortingskandidater 2025-2029 - kandidatpresentasjon - \u00d8stfold H\u00f8yre","og_description":"I forbindelse med nominasjon av \u00d8stfold H\u00f8yres valgliste for stortingsvalget 2025, har kandidatene laget en kort presentasjon av seg selv.","og_url":"https:\/\/hoyre.no\/ostfold\/aktuelt\/ostfold-hoyres-stortingskandidater-2025-2029-kandidatpresentasjon\/","og_site_name":"\u00d8stfold H\u00f8yre","article_publisher":"https:\/\/www.facebook.com\/ostfoldhoyre","article_published_time":"2024-09-09T05:15:57+00:00","article_modified_time":"2024-10-25T10:51:21+00:00","og_image":[{"url":"https:\/\/hoyre.no\/content\/uploads\/sites\/426\/2026\/04\/Erik-Unaas-Gretha-Kant-og-Thor-Christian-Hansteen-Ostfold-Hoyres-samferdselsfraksjon-foto-Kjetil-Ostereng-1024x768.jpg","width":"","height":"","type":""}],"author":"Gjermund Krogstad","twitter_card":"summary_large_image","twitter_misc":{"Skrevet av":"Gjermund Krogstad","Ansl. lesetid":"60 minutter"},"schema":{"@context":"https:\/\/schema.org","@graph":[{"@type":"Article","@id":"https:\/\/hoyre.no\/ostfold\/aktuelt\/ostfold-hoyres-stortingskandidater-2025-2029-kandidatpresentasjon\/#article","isPartOf":{"@id":"https:\/\/hoyre.no\/ostfold\/aktuelt\/ostfold-hoyres-stortingskandidater-2025-2029-kandidatpresentasjon\/"},"author":{"name":"Gjermund Krogstad","@id":"https:\/\/hoyre.no\/ostfold\/#\/schema\/person\/5be7a0ced8da0969840a21bd65689d59"},"headline":"\u00d8stfold H\u00f8yres stortingskandidater 2025-2029 &#8211; kandidatpresentasjon","datePublished":"2024-09-09T05:15:57+00:00","dateModified":"2024-10-25T10:51:21+00:00","mainEntityOfPage":{"@id":"https:\/\/hoyre.no\/ostfold\/aktuelt\/ostfold-hoyres-stortingskandidater-2025-2029-kandidatpresentasjon\/"},"wordCount":10367,"publisher":{"@id":"https:\/\/hoyre.no\/ostfold\/#organization"},"image":{"@id":"https:\/\/hoyre.no\/ostfold\/aktuelt\/ostfold-hoyres-stortingskandidater-2025-2029-kandidatpresentasjon\/#primaryimage"},"thumbnailUrl":"https:\/\/hoyre.no\/content\/uploads\/sites\/426\/2024\/09\/Arnesen-Magnus-kandidatpresentasjon.jpg","articleSection":["Nyheter","Valg"],"inLanguage":"nb-NO"},{"@type":"NewsArticle","@id":"https:\/\/hoyre.no\/ostfold\/aktuelt\/ostfold-hoyres-stortingskandidater-2025-2029-kandidatpresentasjon\/","url":"https:\/\/hoyre.no\/ostfold\/aktuelt\/ostfold-hoyres-stortingskandidater-2025-2029-kandidatpresentasjon\/","name":"\u00d8stfold H\u00f8yres stortingskandidater 2025-2029 - kandidatpresentasjon - \u00d8stfold H\u00f8yre","isPartOf":{"@id":"https:\/\/hoyre.no\/ostfold\/#website"},"image":{"@id":"https:\/\/hoyre.no\/ostfold\/aktuelt\/ostfold-hoyres-stortingskandidater-2025-2029-kandidatpresentasjon\/#primaryimage"},"thumbnailUrl":"https:\/\/hoyre.no\/content\/uploads\/sites\/426\/2024\/09\/Arnesen-Magnus-kandidatpresentasjon.jpg","datePublished":"2024-09-09T05:15:57+00:00","dateModified":"2024-10-25T10:51:21+00:00","description":"I forbindelse med nominasjon av \u00d8stfold H\u00f8yres valgliste for stortingsvalget 2025, har kandidatene laget en kort presentasjon av seg selv.","breadcrumb":{"@id":"https:\/\/hoyre.no\/ostfold\/aktuelt\/ostfold-hoyres-stortingskandidater-2025-2029-kandidatpresentasjon\/#breadcrumb"},"inLanguage":"nb-NO","potentialAction":[{"@type":"ReadAction","target":["https:\/\/hoyre.no\/ostfold\/aktuelt\/ostfold-hoyres-stortingskandidater-2025-2029-kandidatpresentasjon\/"]}]},{"@type":"ImageObject","inLanguage":"nb-NO","@id":"https:\/\/hoyre.no\/ostfold\/aktuelt\/ostfold-hoyres-stortingskandidater-2025-2029-kandidatpresentasjon\/#primaryimage","url":"https:\/\/hoyre.no\/content\/uploads\/sites\/426\/2024\/09\/Arnesen-Magnus-kandidatpresentasjon.jpg","contentUrl":"https:\/\/hoyre.no\/content\/uploads\/sites\/426\/2024\/09\/Arnesen-Magnus-kandidatpresentasjon.jpg"},{"@type":"BreadcrumbList","@id":"https:\/\/hoyre.no\/ostfold\/aktuelt\/ostfold-hoyres-stortingskandidater-2025-2029-kandidatpresentasjon\/#breadcrumb","itemListElement":[{"@type":"ListItem","position":1,"name":"Til hoyre.no","item":"https:\/\/hoyre.no"},{"@type":"ListItem","position":2,"name":"Hjem","item":"https:\/\/hoyre.no\/ostfold\/"},{"@type":"ListItem","position":3,"name":"\u00d8stfold H\u00f8yres stortingskandidater 2025-2029 &#8211; kandidatpresentasjon"}]},{"@type":"WebSite","@id":"https:\/\/hoyre.no\/ostfold\/#website","url":"https:\/\/hoyre.no\/ostfold\/","name":"\u00d8stfold H\u00f8yre","description":"","publisher":{"@id":"https:\/\/hoyre.no\/ostfold\/#organization"},"inLanguage":"nb-NO"},{"@type":"Organization","@id":"https:\/\/hoyre.no\/ostfold\/#organization","name":"\u00d8stfold H\u00f8yre","url":"https:\/\/hoyre.no\/ostfold\/","logo":{"@type":"ImageObject","inLanguage":"nb-NO","@id":"https:\/\/hoyre.no\/ostfold\/#\/schema\/logo\/image\/","url":"https:\/\/hoyre.no\/content\/uploads\/sites\/426\/2023\/02\/hoyre_logo.png","contentUrl":"https:\/\/hoyre.no\/content\/uploads\/sites\/426\/2023\/02\/hoyre_logo.png","width":1000,"height":1000,"caption":"\u00d8stfold H\u00f8yre"},"image":{"@id":"https:\/\/hoyre.no\/ostfold\/#\/schema\/logo\/image\/"},"sameAs":["https:\/\/www.facebook.com\/ostfoldhoyre"]},{"@type":"Person","@id":"https:\/\/hoyre.no\/ostfold\/#\/schema\/person\/5be7a0ced8da0969840a21bd65689d59","name":"Gjermund Krogstad","image":{"@type":"ImageObject","inLanguage":"nb-NO","@id":"https:\/\/hoyre.no\/ostfold\/#\/schema\/person\/image\/","url":"https:\/\/secure.gravatar.com\/avatar\/a581018c855c680f78e882c15f70e9b9fd9190ee714b6cb95d911f77171b4086?s=96&d=mm&r=g","contentUrl":"https:\/\/secure.gravatar.com\/avatar\/a581018c855c680f78e882c15f70e9b9fd9190ee714b6cb95d911f77171b4086?s=96&d=mm&r=g","caption":"Gjermund Krogstad"},"url":"https:\/\/hoyre.no\/ostfold\/aktuelt\/author\/m50137017\/"}]}},"distributor_meta":false,"distributor_terms":false,"distributor_media":false,"distributor_original_site_name":"\u00d8stfold H\u00f8yre","distributor_original_site_url":"https:\/\/hoyre.no\/ostfold","push-errors":false,"_links":{"self":[{"href":"https:\/\/hoyre.no\/ostfold\/wp-json\/wp\/v2\/posts\/845","targetHints":{"allow":["GET"]}}],"collection":[{"href":"https:\/\/hoyre.no\/ostfold\/wp-json\/wp\/v2\/posts"}],"about":[{"href":"https:\/\/hoyre.no\/ostfold\/wp-json\/wp\/v2\/types\/post"}],"author":[{"embeddable":true,"href":"https:\/\/hoyre.no\/ostfold\/wp-json\/wp\/v2\/users\/339"}],"replies":[{"embeddable":true,"href":"https:\/\/hoyre.no\/ostfold\/wp-json\/wp\/v2\/comments?post=845"}],"version-history":[{"count":42,"href":"https:\/\/hoyre.no\/ostfold\/wp-json\/wp\/v2\/posts\/845\/revisions"}],"predecessor-version":[{"id":979,"href":"https:\/\/hoyre.no\/ostfold\/wp-json\/wp\/v2\/posts\/845\/revisions\/979"}],"wp:attachment":[{"href":"https:\/\/hoyre.no\/ostfold\/wp-json\/wp\/v2\/media?parent=845"}],"wp:term":[{"taxonomy":"category","embeddable":true,"href":"https:\/\/hoyre.no\/ostfold\/wp-json\/wp\/v2\/category?post=845"},{"taxonomy":"post_tag","embeddable":true,"href":"https:\/\/hoyre.no\/ostfold\/wp-json\/wp\/v2\/post_tag?post=845"},{"taxonomy":"hoyre-visibility","embeddable":true,"href":"https:\/\/hoyre.no\/ostfold\/wp-json\/wp\/v2\/hoyre-visibility?post=845"},{"taxonomy":"article-type","embeddable":true,"href":"https:\/\/hoyre.no\/ostfold\/wp-json\/wp\/v2\/article-type?post=845"},{"taxonomy":"politician","embeddable":true,"href":"https:\/\/hoyre.no\/ostfold\/wp-json\/wp\/v2\/politician?post=845"}],"curies":[{"name":"wp","href":"https:\/\/api.w.org\/{rel}","templated":true}]}}