{"id":24,"date":"2020-01-20T23:00:00","date_gmt":"2020-01-20T22:00:00","guid":{"rendered":"https:\/\/hoyre.no\/rade\/aktuelt\/rystende_fortelling_om_elever_som_far_spille_yatzy_i_stedet_for_a_lare_a_lese\/"},"modified":"2020-01-20T23:00:00","modified_gmt":"2020-01-20T22:00:00","slug":"rystende_fortelling_om_elever_som_far_spille_yatzy_i_stedet_for_a_lare_a_lese","status":"publish","type":"post","link":"https:\/\/hoyre.no\/rade\/aktuelt\/rystende_fortelling_om_elever_som_far_spille_yatzy_i_stedet_for_a_lare_a_lese\/","title":{"rendered":"R\u00e5de-ordf\u00f8reren \u00f8nsker seg hotell i vannkanten: \u2013 Det er s\u00e5rt tiltrengt"},"content":{"rendered":"<p class=\"preamble\">Ordf\u00f8rer Ren\u00e9 Rafshol (H) og flertallspartiene har startet jobben med \u00e5 etablere R\u00e5de kommunes f\u00f8rste hotell. Dette er sl\u00e5tt fast i samarbeidsplattformen som H, Sp og KrF har utarbeidet.\u2013 Det er s\u00e5rt tiltrengt, b\u00e5de med tanke p\u00e5 arbeidsplasser og det \u00e5 gi markedsf\u00f8ring til bygda, sier Rafshol.<\/p>\t\t\t<div class=\"post-meta wp-block teft-byline-wrapper\">\n\t\t\t\t<div class=\"top\">\n\t\t\t\t\t<div class=\"signature\">\n\t\t\t\t\t\t<div class=\"teft-byline\">\n\t\t\t\t\t\t\t\t\t\t\t\t\t\t<div>\n\t\t\t\t\t\t\t\t<h3>H\u00f8yres redaksjon<\/h3>\t\t\t\t\t\t\t\t\n\t\t\t\t\t\t\t\t\t\t\t\t\t\t\t\t\t<span class=\"date\">Sist oppdatert: 20. januar 2020<\/span>\n\t\t\t\t\t\t\t\t\t\t\t\t\t\t\t\t\t\t\t\t\t\t\t\t\t<span class=\"reading-time\" itemprop=\"timeRequired\" content=\"PT2M\"><em>Ca. 2 minutter lesetid<\/em><\/span>\n\t\t\t\t\t\t\t\t\t\t\t\t\t\t\t<\/div>\n\t\t\t\t\t\t<\/div>\n\t\t\t\t\t<\/div>\n\t\t\t\t\t\t<div class=\"sharing\">\n\t\t<a class=\"share-button share-link copy-link\" data-copy=\"https:\/\/hoyre.no\/rade\/aktuelt\/rystende_fortelling_om_elever_som_far_spille_yatzy_i_stedet_for_a_lare_a_lese\/\" target=\"_blank\"><span class=\"screen-reader-text\">Del link<\/span><\/a>\n\t\t<a class=\"share-button share-twitter\" href=\"http:\/\/twitter.com\/share?text=R\u00e5de-ordf\u00f8reren \u00f8nsker seg hotell i vannkanten: \u2013 Det er s\u00e5rt tiltrengt&#038;url=https:\/\/hoyre.no\/rade\/aktuelt\/rystende_fortelling_om_elever_som_far_spille_yatzy_i_stedet_for_a_lare_a_lese\/&#038;hashtags=Hoyre\" target=\"_blank\"><span class=\"screen-reader-text\">Del p\u00e5 twitter<\/span><\/a>\n\t\t<a class=\"share-button share-facebook\" href=\"https:\/\/www.facebook.com\/sharer\/sharer.php?u=https:\/\/hoyre.no\/rade\/aktuelt\/rystende_fortelling_om_elever_som_far_spille_yatzy_i_stedet_for_a_lare_a_lese\/\" target=\"_blank\"><span class=\"screen-reader-text\">Del p\u00e5 facebook<\/span><\/a>\n\t<\/div>\n\t\t\t\t\t<\/div>\n\t\t\t<\/div>\n\n\t\t\t<figure class=\"hoyre-image-wrapper\"><div class=\"hoyre-image\"><img loading=\"lazy\" decoding=\"async\" width=\"861\" height=\"484\" src=\"https:\/\/hoyre.no\/content\/uploads\/sites\/164\/2020\/11\/rene_16x9.jpg\" class=\"attachment-scaled size-scaled\" alt=\"\" style=\"object-position: 50% 50%\" srcset=\"https:\/\/hoyre.no\/content\/uploads\/sites\/164\/2020\/11\/rene_16x9.jpg 861w, https:\/\/hoyre.no\/content\/uploads\/sites\/164\/2020\/11\/rene_16x9-300x169.jpg 300w, https:\/\/hoyre.no\/content\/uploads\/sites\/164\/2020\/11\/rene_16x9-768x432.jpg 768w\" sizes=\"auto, (max-width: 861px) 100vw, 861px\" \/><\/div><\/figure><div id=\"hoyre-old-article-content-wrapper\"><h3>M\u00e5 se p\u00e5 mulighetene<\/h3><p>Krogstadfjorden eller Oven nevnt som mulige alternativer til plassering \u2013 det er noe kommunen skal se p\u00e5 den n\u00e6rmeste tiden.<\/p><p>Med vannkvaliteten og sj\u00f8en vi har her, m\u00e5 vi se p\u00e5 mulighetene for \u00e5 f\u00e5 til dette. Vi skal vedta kommuneplan mot slutten av \u00e5ret eller tidlig neste \u00e5r \u2013 da h\u00e5per vi \u00e5 ha funnet et omr\u00e5de som vi ser passer bra, sier Rafshol.<\/p><p>Det har ikke v\u00e6rt konkret interesse enn\u00e5, men vi ser at det er interesse for nye hoteller generelt.<\/p><h3>\u00d8nsker seg lokalt preg<\/h3><p>Hotellet kan bli en direkte konkurrent til St\u00f8tvig hotell i Larkollen.<\/p><p>Rafshol forteller at han ser for seg at et fremtidig hotell har et lokalt preg.<\/p><p>\u2013 Det har vi ikke tenkt p\u00e5, men det skal representere en del av R\u00e5de. Vi ser hoteller rundt i distriktene satser p\u00e5 lokal mat og drikke, s\u00e5 kanskje det hadde v\u00e6rt noe, sier ordf\u00f8reren.<\/p><h3>Mye gjort om vi f\u00e5r det inn i kommuneplanen<\/h3><p>Hvor lang tid det vil ta f\u00f8r et hotell eventuelt er p\u00e5 plass, er vanskelig \u00e5 fastsl\u00e5. Men Rafshol mener det viktigste er \u00e5 f\u00e5 hotellet inn i kommuneplanen.<\/p><p>\u2013 Da er mye gjort med tanke p\u00e5 innsigelser og andre utfordringer. Fra planen blir vedtatt, hvis alt g\u00e5r etter planen, ser jeg for meg at det kan ta rundt tre \u00e5r f\u00f8r det er p\u00e5 plass, sier Rafshol.<\/p><p><br \/><\/p><\/div>\n<div class=\"tags\">\n\t<\/div>\n<div class=\"post-footer alignfull has-background block-editor-block-list__block\" data-align=full>\n\t<div class=\"post-footer-inner\">\n\t\t<h3>Relaterte artikler<\/h3>\n\t\t<div class=\"related-content\"><div class=\"is-card-hoyre\">\n\t<div class=\"teft-card hoyre-teft-card post-teft-card\">\n\t\t<a href=\"https:\/\/hoyre.no\/rade\/aktuelt\/innstillingen-pa-ordforerkandidat-er-klar\/\" class=\"teft-card__primary-action\">\n\n\t\t\t\t\t<div class=\"teft-card__media teft-card__media--16-9\">\n\t\t\t\t\t\t<img loading=\"lazy\" decoding=\"async\" width=\"768\" height=\"432\" src=\"https:\/\/hoyre.no\/content\/uploads\/sites\/164\/2020\/11\/rene_16x9-768x432.jpg\" class=\"attachment-medium_large size-medium_large\" alt=\"\" srcset=\"https:\/\/hoyre.no\/content\/uploads\/sites\/164\/2020\/11\/rene_16x9-768x432.jpg 768w, https:\/\/hoyre.no\/content\/uploads\/sites\/164\/2020\/11\/rene_16x9-300x169.jpg 300w, https:\/\/hoyre.no\/content\/uploads\/sites\/164\/2020\/11\/rene_16x9.jpg 861w\" sizes=\"auto, (max-width: 768px) 100vw, 768px\" \/>\t\t<\/div>\n\t\t\n\t\t\t<div class=\"teft-card__content-wrapper\">\n\t\t\t\t<div class=\"teft-card__secondary\">\n\t\t\t\t\t\n\t\t\t\t\t\t\t\t<div class=\"teft-card__meta\">\n\t\t\t\t\t\t\t\t\t<span class=\"post-date\">9. apr 2026<\/span>\n\n\t\t\t\t\t\t\t\t\t<span class=\"post-category\">Nominasjon<\/span>\t\t\t\t\t\t\t\t<\/div>\n\t\t\t\t\t\t\t\t\t\t\t<\/div>\n\n\t\t\t\t<div class=\"teft-card__primary\">\n\t\t\t\t\t<h2 class=\"teft-card__title\">Innstillingen p\u00e5 ordf\u00f8rerkandidat er klar!&nbsp;<span class=\"teft-card__primary-title-append\"><\/span><\/h2>\t\t\t\t<\/div>\n\t\t\t<\/div>\n\t\t<\/a>\n\t<\/div>\n\n\t<\/div><div class=\"is-card-hoyre\">\n\t<div class=\"teft-card hoyre-teft-card post-teft-card\">\n\t\t<a href=\"https:\/\/hoyre.no\/rade\/aktuelt\/nye-representanter-fra-rade-hoyre\/\" class=\"teft-card__primary-action\">\n\n\t\t\t\t\t<div class=\"teft-card__media teft-card__media--16-9\">\n\t\t\t\t\t\t<img loading=\"lazy\" decoding=\"async\" width=\"768\" height=\"615\" src=\"https:\/\/hoyre.no\/content\/uploads\/sites\/164\/2026\/03\/janne-morten-red-2-768x615.jpg\" class=\"attachment-medium_large size-medium_large\" alt=\"\" srcset=\"https:\/\/hoyre.no\/content\/uploads\/sites\/164\/2026\/03\/janne-morten-red-2-768x615.jpg 768w, https:\/\/hoyre.no\/content\/uploads\/sites\/164\/2026\/03\/janne-morten-red-2-300x240.jpg 300w, https:\/\/hoyre.no\/content\/uploads\/sites\/164\/2026\/03\/janne-morten-red-2-1024x820.jpg 1024w, https:\/\/hoyre.no\/content\/uploads\/sites\/164\/2026\/03\/janne-morten-red-2-1536x1229.jpg 1536w, https:\/\/hoyre.no\/content\/uploads\/sites\/164\/2026\/03\/janne-morten-red-2-2048x1639.jpg 2048w\" sizes=\"auto, (max-width: 768px) 100vw, 768px\" \/>\t\t<\/div>\n\t\t\n\t\t\t<div class=\"teft-card__content-wrapper\">\n\t\t\t\t<div class=\"teft-card__secondary\">\n\t\t\t\t\t\n\t\t\t\t\t\t\t\t<div class=\"teft-card__meta\">\n\t\t\t\t\t\t\t\t\t<span class=\"post-date\">26. mar 2026<\/span>\n\n\t\t\t\t\t\t\t\t\t<span class=\"post-category\">Nyheter<\/span>\t\t\t\t\t\t\t\t<\/div>\n\t\t\t\t\t\t\t\t\t\t\t<\/div>\n\n\t\t\t\t<div class=\"teft-card__primary\">\n\t\t\t\t\t<h2 class=\"teft-card__title\">Nye representanter fra R\u00e5de H\u00f8yre&nbsp;<span class=\"teft-card__primary-title-append\"><\/span><\/h2>\t\t\t\t<\/div>\n\t\t\t<\/div>\n\t\t<\/a>\n\t<\/div>\n\n\t<\/div><div class=\"is-card-hoyre\">\n\t<div class=\"teft-card hoyre-teft-card post-teft-card\">\n\t\t<a href=\"https:\/\/hoyre.no\/rade\/aktuelt\/rene-rafshol-har-svart-nominasjons-komiteen\/\" class=\"teft-card__primary-action\">\n\n\t\t\t\t\t<div class=\"teft-card__media teft-card__media--16-9\">\n\t\t\t\t\t\t<img loading=\"lazy\" decoding=\"async\" width=\"725\" height=\"879\" src=\"https:\/\/hoyre.no\/content\/uploads\/sites\/164\/2023\/10\/Rene-2.jpg\" class=\"attachment-medium_large size-medium_large\" alt=\"\" srcset=\"https:\/\/hoyre.no\/content\/uploads\/sites\/164\/2023\/10\/Rene-2.jpg 725w, https:\/\/hoyre.no\/content\/uploads\/sites\/164\/2023\/10\/Rene-2-247x300.jpg 247w\" sizes=\"auto, (max-width: 725px) 100vw, 725px\" \/>\t\t<\/div>\n\t\t\n\t\t\t<div class=\"teft-card__content-wrapper\">\n\t\t\t\t<div class=\"teft-card__secondary\">\n\t\t\t\t\t\n\t\t\t\t\t\t\t\t<div class=\"teft-card__meta\">\n\t\t\t\t\t\t\t\t\t<span class=\"post-date\">25. mar 2026<\/span>\n\n\t\t\t\t\t\t\t\t\t<span class=\"post-category\">Nominasjon<\/span>\t\t\t\t\t\t\t\t<\/div>\n\t\t\t\t\t\t\t\t\t\t\t<\/div>\n\n\t\t\t\t<div class=\"teft-card__primary\">\n\t\t\t\t\t<h2 class=\"teft-card__title\">Ren\u00e9 Rafshol har svart nominasjons komit\u00e9en&nbsp;<span class=\"teft-card__primary-title-append\"><\/span><\/h2>\t\t\t\t<\/div>\n\t\t\t<\/div>\n\t\t<\/a>\n\t<\/div>\n\n\t<\/div><\/div>\t<\/div>\n<\/div>\n","protected":false},"excerpt":{"rendered":"","protected":false},"author":0,"featured_media":0,"comment_status":"closed","ping_status":"closed","sticky":false,"template":"","format":"standard","meta":{"teft_cards_image_url":"https:\/\/hoyre.no\/content\/uploads\/sites\/164\/2020\/11\/rene_16x9.jpg","teft_cards_custom_pretitle":"","teft_cards_image_id":23,"teft_cards_image_focal_point_x":0,"teft_cards_image_focal_point_y":0,"teft_cards_title":"","teft_cards_excerpt":"","teft_show_chapters":false,"author_display_name":"R\u00e5de H\u00f8yre","footnotes":""},"category":[1],"post_tag":[],"hoyre-visibility":[],"article-type":[],"politician":[],"class_list":["post-24","post","type-post","status-publish","format-standard","hentry","category-nyheter"],"yoast_head":"<!-- This site is optimized with the Yoast SEO plugin v26.6 - https:\/\/yoast.com\/wordpress\/plugins\/seo\/ -->\n<title>R\u00e5de-ordf\u00f8reren \u00f8nsker seg hotell i vannkanten: \u2013 Det er s\u00e5rt tiltrengt - R\u00e5de H\u00f8yre<\/title>\n<meta name=\"robots\" content=\"index, follow, max-snippet:-1, max-image-preview:large, max-video-preview:-1\" \/>\n<link rel=\"canonical\" href=\"https:\/\/hoyre.no\/rade\/aktuelt\/rystende_fortelling_om_elever_som_far_spille_yatzy_i_stedet_for_a_lare_a_lese\/\" \/>\n<meta property=\"og:locale\" content=\"nb_NO\" \/>\n<meta property=\"og:type\" content=\"article\" \/>\n<meta property=\"og:title\" content=\"R\u00e5de-ordf\u00f8reren \u00f8nsker seg hotell i vannkanten: \u2013 Det er s\u00e5rt tiltrengt - R\u00e5de H\u00f8yre\" \/>\n<meta property=\"og:url\" content=\"https:\/\/hoyre.no\/rade\/aktuelt\/rystende_fortelling_om_elever_som_far_spille_yatzy_i_stedet_for_a_lare_a_lese\/\" \/>\n<meta property=\"og:site_name\" content=\"R\u00e5de H\u00f8yre\" \/>\n<meta property=\"article:published_time\" content=\"2020-01-20T22:00:00+00:00\" \/>\n<meta property=\"og:image\" content=\"https:\/\/hoyre.no\/content\/uploads\/sites\/164\/2023\/10\/Rene-2.jpg\" \/>\n<meta name=\"twitter:card\" content=\"summary_large_image\" \/>\n<meta name=\"twitter:label1\" content=\"Ansl. lesetid\" \/>\n\t<meta name=\"twitter:data1\" content=\"1 minutt\" \/>\n<script type=\"application\/ld+json\" class=\"yoast-schema-graph\">{\"@context\":\"https:\/\/schema.org\",\"@graph\":[{\"@type\":\"NewsArticle\",\"@id\":\"https:\/\/hoyre.no\/rade\/aktuelt\/rystende_fortelling_om_elever_som_far_spille_yatzy_i_stedet_for_a_lare_a_lese\/\",\"url\":\"https:\/\/hoyre.no\/rade\/aktuelt\/rystende_fortelling_om_elever_som_far_spille_yatzy_i_stedet_for_a_lare_a_lese\/\",\"name\":\"R\u00e5de-ordf\u00f8reren \u00f8nsker seg hotell i vannkanten: \u2013 Det er s\u00e5rt tiltrengt - R\u00e5de H\u00f8yre\",\"isPartOf\":{\"@id\":\"https:\/\/hoyre.no\/rade\/#website\"},\"datePublished\":\"2020-01-20T22:00:00+00:00\",\"author\":{\"@id\":\"\"},\"breadcrumb\":{\"@id\":\"https:\/\/hoyre.no\/rade\/aktuelt\/rystende_fortelling_om_elever_som_far_spille_yatzy_i_stedet_for_a_lare_a_lese\/#breadcrumb\"},\"inLanguage\":\"nb-NO\",\"potentialAction\":[{\"@type\":\"ReadAction\",\"target\":[\"https:\/\/hoyre.no\/rade\/aktuelt\/rystende_fortelling_om_elever_som_far_spille_yatzy_i_stedet_for_a_lare_a_lese\/\"]}]},{\"@type\":\"BreadcrumbList\",\"@id\":\"https:\/\/hoyre.no\/rade\/aktuelt\/rystende_fortelling_om_elever_som_far_spille_yatzy_i_stedet_for_a_lare_a_lese\/#breadcrumb\",\"itemListElement\":[{\"@type\":\"ListItem\",\"position\":1,\"name\":\"Til hoyre.no\",\"item\":\"https:\/\/hoyre.no\"},{\"@type\":\"ListItem\",\"position\":2,\"name\":\"Hjem\",\"item\":\"https:\/\/hoyre.no\/rade\/\"},{\"@type\":\"ListItem\",\"position\":3,\"name\":\"R\u00e5de-ordf\u00f8reren \u00f8nsker seg hotell i vannkanten: \u2013 Det er s\u00e5rt tiltrengt\"}]},{\"@type\":\"WebSite\",\"@id\":\"https:\/\/hoyre.no\/rade\/#website\",\"url\":\"https:\/\/hoyre.no\/rade\/\",\"name\":\"R\u00e5de H\u00f8yre\",\"description\":\"Bare enda et H\u00f8yres nettsteder-nettsted\",\"inLanguage\":\"nb-NO\"}]}<\/script>\n<!-- \/ Yoast SEO plugin. -->","yoast_head_json":{"title":"R\u00e5de-ordf\u00f8reren \u00f8nsker seg hotell i vannkanten: \u2013 Det er s\u00e5rt tiltrengt - R\u00e5de H\u00f8yre","robots":{"index":"index","follow":"follow","max-snippet":"max-snippet:-1","max-image-preview":"max-image-preview:large","max-video-preview":"max-video-preview:-1"},"canonical":"https:\/\/hoyre.no\/rade\/aktuelt\/rystende_fortelling_om_elever_som_far_spille_yatzy_i_stedet_for_a_lare_a_lese\/","og_locale":"nb_NO","og_type":"article","og_title":"R\u00e5de-ordf\u00f8reren \u00f8nsker seg hotell i vannkanten: \u2013 Det er s\u00e5rt tiltrengt - R\u00e5de H\u00f8yre","og_url":"https:\/\/hoyre.no\/rade\/aktuelt\/rystende_fortelling_om_elever_som_far_spille_yatzy_i_stedet_for_a_lare_a_lese\/","og_site_name":"R\u00e5de H\u00f8yre","article_published_time":"2020-01-20T22:00:00+00:00","og_image":[{"url":"https:\/\/hoyre.no\/content\/uploads\/sites\/164\/2023\/10\/Rene-2.jpg","width":"","height":"","type":""}],"twitter_card":"summary_large_image","twitter_misc":{"Ansl. lesetid":"1 minutt"},"schema":{"@context":"https:\/\/schema.org","@graph":[{"@type":"NewsArticle","@id":"https:\/\/hoyre.no\/rade\/aktuelt\/rystende_fortelling_om_elever_som_far_spille_yatzy_i_stedet_for_a_lare_a_lese\/","url":"https:\/\/hoyre.no\/rade\/aktuelt\/rystende_fortelling_om_elever_som_far_spille_yatzy_i_stedet_for_a_lare_a_lese\/","name":"R\u00e5de-ordf\u00f8reren \u00f8nsker seg hotell i vannkanten: \u2013 Det er s\u00e5rt tiltrengt - R\u00e5de H\u00f8yre","isPartOf":{"@id":"https:\/\/hoyre.no\/rade\/#website"},"datePublished":"2020-01-20T22:00:00+00:00","author":{"@id":""},"breadcrumb":{"@id":"https:\/\/hoyre.no\/rade\/aktuelt\/rystende_fortelling_om_elever_som_far_spille_yatzy_i_stedet_for_a_lare_a_lese\/#breadcrumb"},"inLanguage":"nb-NO","potentialAction":[{"@type":"ReadAction","target":["https:\/\/hoyre.no\/rade\/aktuelt\/rystende_fortelling_om_elever_som_far_spille_yatzy_i_stedet_for_a_lare_a_lese\/"]}]},{"@type":"BreadcrumbList","@id":"https:\/\/hoyre.no\/rade\/aktuelt\/rystende_fortelling_om_elever_som_far_spille_yatzy_i_stedet_for_a_lare_a_lese\/#breadcrumb","itemListElement":[{"@type":"ListItem","position":1,"name":"Til hoyre.no","item":"https:\/\/hoyre.no"},{"@type":"ListItem","position":2,"name":"Hjem","item":"https:\/\/hoyre.no\/rade\/"},{"@type":"ListItem","position":3,"name":"R\u00e5de-ordf\u00f8reren \u00f8nsker seg hotell i vannkanten: \u2013 Det er s\u00e5rt tiltrengt"}]},{"@type":"WebSite","@id":"https:\/\/hoyre.no\/rade\/#website","url":"https:\/\/hoyre.no\/rade\/","name":"R\u00e5de H\u00f8yre","description":"Bare enda et H\u00f8yres nettsteder-nettsted","inLanguage":"nb-NO"}]}},"distributor_meta":false,"distributor_terms":false,"distributor_media":false,"distributor_original_site_name":"R\u00e5de H\u00f8yre","distributor_original_site_url":"https:\/\/hoyre.no\/rade","push-errors":false,"_links":{"self":[{"href":"https:\/\/hoyre.no\/rade\/wp-json\/wp\/v2\/posts\/24","targetHints":{"allow":["GET"]}}],"collection":[{"href":"https:\/\/hoyre.no\/rade\/wp-json\/wp\/v2\/posts"}],"about":[{"href":"https:\/\/hoyre.no\/rade\/wp-json\/wp\/v2\/types\/post"}],"replies":[{"embeddable":true,"href":"https:\/\/hoyre.no\/rade\/wp-json\/wp\/v2\/comments?post=24"}],"version-history":[{"count":0,"href":"https:\/\/hoyre.no\/rade\/wp-json\/wp\/v2\/posts\/24\/revisions"}],"wp:attachment":[{"href":"https:\/\/hoyre.no\/rade\/wp-json\/wp\/v2\/media?parent=24"}],"wp:term":[{"taxonomy":"category","embeddable":true,"href":"https:\/\/hoyre.no\/rade\/wp-json\/wp\/v2\/category?post=24"},{"taxonomy":"post_tag","embeddable":true,"href":"https:\/\/hoyre.no\/rade\/wp-json\/wp\/v2\/post_tag?post=24"},{"taxonomy":"hoyre-visibility","embeddable":true,"href":"https:\/\/hoyre.no\/rade\/wp-json\/wp\/v2\/hoyre-visibility?post=24"},{"taxonomy":"article-type","embeddable":true,"href":"https:\/\/hoyre.no\/rade\/wp-json\/wp\/v2\/article-type?post=24"},{"taxonomy":"politician","embeddable":true,"href":"https:\/\/hoyre.no\/rade\/wp-json\/wp\/v2\/politician?post=24"}],"curies":[{"name":"wp","href":"https:\/\/api.w.org\/{rel}","templated":true}]}}