{"id":178,"date":"2023-09-07T10:18:36","date_gmt":"2023-09-07T08:18:36","guid":{"rendered":"https:\/\/hoyre.no\/rendalen\/?p=178"},"modified":"2023-09-07T10:18:38","modified_gmt":"2023-09-07T08:18:38","slug":"podcast-med-rendalen-hoyres-andrekandidat-linda-cathrine-braend","status":"publish","type":"post","link":"https:\/\/hoyre.no\/rendalen\/aktuelt\/podcast-med-rendalen-hoyres-andrekandidat-linda-cathrine-braend\/","title":{"rendered":"Podcast med Rendalen H\u00f8yres andrekandidat, Linda Cathrine Br\u00e6nd"},"content":{"rendered":"\n\n\n\n\t\t<div class=\"has-lightest-blue-background-color is-layout-left alignwide alignwide wp-block-hoyre-media-text\">\n\t\t\t<div class=\"hoyre-media-text__media\">\n\t\t\t\t<img loading=\"lazy\" decoding=\"async\" width=\"1024\" height=\"1024\" src=\"https:\/\/hoyre.no\/content\/uploads\/sites\/64\/2023\/09\/DSC7457_1-1_wh1884-2-1024x1024.jpg\" class=\"hoyre-media-text__media-image\" alt=\"\" style=\"--focal: 50% 50%;\" srcset=\"https:\/\/hoyre.no\/content\/uploads\/sites\/64\/2023\/09\/DSC7457_1-1_wh1884-2-1024x1024.jpg 1024w, https:\/\/hoyre.no\/content\/uploads\/sites\/64\/2023\/09\/DSC7457_1-1_wh1884-2-300x300.jpg 300w, https:\/\/hoyre.no\/content\/uploads\/sites\/64\/2023\/09\/DSC7457_1-1_wh1884-2-150x150.jpg 150w, https:\/\/hoyre.no\/content\/uploads\/sites\/64\/2023\/09\/DSC7457_1-1_wh1884-2-768x768.jpg 768w, https:\/\/hoyre.no\/content\/uploads\/sites\/64\/2023\/09\/DSC7457_1-1_wh1884-2-1536x1536.jpg 1536w, https:\/\/hoyre.no\/content\/uploads\/sites\/64\/2023\/09\/DSC7457_1-1_wh1884-2.jpg 1884w\" sizes=\"auto, (max-width: 1024px) 100vw, 1024px\" \/>\n\t\t\t<\/div>\n\t\t\t<div class=\"hoyre-media-text__content\">\n\t\t\t\t<div class=\"hoyre-media-text__content-inner\">\n\t\t\t\t\t\n\t\t\t<div class=\"hoyre-media-text__title-container\">\n\t\t\t\t\n\t\t\t\t<h2 class=\"hoyre-media-text__title\">Podcast med Rendalen H\u00f8yres andrekandidat, Linda Cathrine Br\u00e6nd<\/h2>\n\t\t\t<\/div>\n\t\t\t\n\t\t\t\t\t<div class=\"hoyre-media-text__blocks\">\n<p>Klikk p\u00e5 startknappen under<\/p>\n<\/div>\n\t\t\t\t\t\n\t\t\t\t<\/div>\n\t\t\t<\/div>\n\t\t<\/div>\n\t\t\n\n\n<figure class=\"wp-block-embed is-type-rich is-provider-embed-handler wp-block-embed-embed-handler\"><div class=\"wp-block-embed__wrapper\">\n<!--[if lt IE 9]><script>document.createElement('audio');<\/script><![endif]-->\n<audio class=\"wp-audio-shortcode\" id=\"audio-206-1\" preload=\"none\" style=\"width: 100%;\" controls=\"controls\"><source type=\"audio\/mpeg\" src=\"https:\/\/hoyre.no\/content\/uploads\/sites\/64\/2023\/09\/Podcast-med-Linda-Cathrine-Braend.-13min26sek-2.mp3?_=1\" \/><a href=\"https:\/\/hoyre.no\/content\/uploads\/sites\/64\/2023\/09\/Podcast-med-Linda-Cathrine-Braend.-13min26sek-2.mp3\">https:\/\/hoyre.no\/content\/uploads\/sites\/64\/2023\/09\/Podcast-med-Linda-Cathrine-Braend.-13min26sek-2.mp3<\/a><\/audio>\n<\/div><figcaption>Podcast med Rendalen H\u00f8yres andrekandidat, Linda Cathrine Br\u00e6nd<\/figcaption><\/figure>\n\n\n<div class=\"tags\">\n\t<\/div>\n<div class=\"post-footer alignfull has-background block-editor-block-list__block\" data-align=full>\n\t<div class=\"post-footer-inner\">\n\t\t<h3>Relaterte artikler<\/h3>\n\t\t<div class=\"related-content\"><div class=\"is-card-hoyre\">\n\t<div class=\"teft-card hoyre-teft-card post-teft-card\">\n\t\t<a href=\"https:\/\/hoyre.no\/rendalen\/aktuelt\/sporsmal-til-kommunestyrets-mote-25-01-2024\/\" class=\"teft-card__primary-action\">\n\n\t\t\t\t\t<div class=\"teft-card__media teft-card__media--16-9\">\n\t\t\t\t\t\t<img loading=\"lazy\" decoding=\"async\" width=\"768\" height=\"512\" src=\"https:\/\/hoyre.no\/content\/uploads\/sites\/64\/2024\/02\/GettyImages-1202315655-1-768x512.jpg\" class=\"attachment-medium_large size-medium_large\" alt=\"Illustrasjonsfoto\" srcset=\"https:\/\/hoyre.no\/content\/uploads\/sites\/64\/2024\/02\/GettyImages-1202315655-1-768x512.jpg 768w, https:\/\/hoyre.no\/content\/uploads\/sites\/64\/2024\/02\/GettyImages-1202315655-1-300x200.jpg 300w, https:\/\/hoyre.no\/content\/uploads\/sites\/64\/2024\/02\/GettyImages-1202315655-1-1024x683.jpg 1024w, https:\/\/hoyre.no\/content\/uploads\/sites\/64\/2024\/02\/GettyImages-1202315655-1-1536x1024.jpg 1536w, https:\/\/hoyre.no\/content\/uploads\/sites\/64\/2024\/02\/GettyImages-1202315655-1-2048x1365.jpg 2048w\" sizes=\"auto, (max-width: 768px) 100vw, 768px\" \/>\t\t<\/div>\n\t\t\n\t\t\t<div class=\"teft-card__content-wrapper\">\n\t\t\t\t<div class=\"teft-card__secondary\">\n\t\t\t\t\t\n\t\t\t\t\t\t\t\t<div class=\"teft-card__meta\">\n\t\t\t\t\t\t\t\t\t<span class=\"post-date\">5. feb 2024<\/span>\n\n\t\t\t\t\t\t\t\t\t\t\t\t\t\t\t\t\t<\/div>\n\t\t\t\t\t\t\t\t\t\t\t<\/div>\n\n\t\t\t\t<div class=\"teft-card__primary\">\n\t\t\t\t\t<h2 class=\"teft-card__title\">Linda Cathrine Br\u00e6nd\u00a0med sp\u00f8rsm\u00e5l til kommunestyrets m\u00f8te 25.01.2024&nbsp;<span class=\"teft-card__primary-title-append\"><\/span><\/h2>\t\t\t\t<\/div>\n\t\t\t<\/div>\n\t\t<\/a>\n\t<\/div>\n\n\t<\/div><div class=\"is-card-hoyre\">\n\t<div class=\"teft-card hoyre-teft-card post-teft-card\">\n\t\t<a href=\"https:\/\/hoyre.no\/rendalen\/aktuelt\/gode-rom-for-ord-og-toner\/\" class=\"teft-card__primary-action\">\n\n\t\t\t\t\t<div class=\"teft-card__media teft-card__media--16-9\">\n\t\t\t\t\t\t<img loading=\"lazy\" decoding=\"async\" width=\"768\" height=\"512\" src=\"https:\/\/hoyre.no\/content\/uploads\/sites\/64\/2024\/01\/fda67ef4-c07c-4588-948f-e26919f8c81b-768x512.jpg\" class=\"attachment-medium_large size-medium_large\" alt=\"Illustrasjonsfoto\" srcset=\"https:\/\/hoyre.no\/content\/uploads\/sites\/64\/2024\/01\/fda67ef4-c07c-4588-948f-e26919f8c81b-768x512.jpg 768w, https:\/\/hoyre.no\/content\/uploads\/sites\/64\/2024\/01\/fda67ef4-c07c-4588-948f-e26919f8c81b-300x200.jpg 300w, https:\/\/hoyre.no\/content\/uploads\/sites\/64\/2024\/01\/fda67ef4-c07c-4588-948f-e26919f8c81b-1024x682.jpg 1024w, https:\/\/hoyre.no\/content\/uploads\/sites\/64\/2024\/01\/fda67ef4-c07c-4588-948f-e26919f8c81b-1536x1024.jpg 1536w, https:\/\/hoyre.no\/content\/uploads\/sites\/64\/2024\/01\/fda67ef4-c07c-4588-948f-e26919f8c81b.jpg 2000w\" sizes=\"auto, (max-width: 768px) 100vw, 768px\" \/>\t\t<\/div>\n\t\t\n\t\t\t<div class=\"teft-card__content-wrapper\">\n\t\t\t\t<div class=\"teft-card__secondary\">\n\t\t\t\t\t\n\t\t\t\t\t\t\t\t<div class=\"teft-card__meta\">\n\t\t\t\t\t\t\t\t\t<span class=\"post-date\">22. jan 2024<\/span>\n\n\t\t\t\t\t\t\t\t\t\t\t\t\t\t\t\t\t<\/div>\n\t\t\t\t\t\t\t\t\t\t\t<\/div>\n\n\t\t\t\t<div class=\"teft-card__primary\">\n\t\t\t\t\t<h2 class=\"teft-card__title\">Gode rom for ord og toner&nbsp;<span class=\"teft-card__primary-title-append\"><\/span><\/h2>\t\t\t\t<\/div>\n\t\t\t<\/div>\n\t\t<\/a>\n\t<\/div>\n\n\t<\/div><div class=\"is-card-hoyre\">\n\t<div class=\"teft-card hoyre-teft-card post-teft-card\">\n\t\t<a href=\"https:\/\/hoyre.no\/rendalen\/aktuelt\/sporsmal-til-kommunestyremotet-om-kvalitet-pa-streaming-og-opptak-av-motene-i-kommunestyret\/\" class=\"teft-card__primary-action\">\n\n\t\t\t\t\t<div class=\"teft-card__media teft-card__media--16-9\">\n\t\t\t\t\t\t<img loading=\"lazy\" decoding=\"async\" width=\"768\" height=\"429\" src=\"https:\/\/hoyre.no\/content\/uploads\/sites\/64\/2023\/11\/Streaming-kommunestyremote-768x429.jpg\" class=\"attachment-medium_large size-medium_large\" alt=\"Skjermdump av kommunestyrem\u00f8te 23.11.2023\" srcset=\"https:\/\/hoyre.no\/content\/uploads\/sites\/64\/2023\/11\/Streaming-kommunestyremote-768x429.jpg 768w, https:\/\/hoyre.no\/content\/uploads\/sites\/64\/2023\/11\/Streaming-kommunestyremote-300x167.jpg 300w, https:\/\/hoyre.no\/content\/uploads\/sites\/64\/2023\/11\/Streaming-kommunestyremote-1024x571.jpg 1024w, https:\/\/hoyre.no\/content\/uploads\/sites\/64\/2023\/11\/Streaming-kommunestyremote.jpg 1061w\" sizes=\"auto, (max-width: 768px) 100vw, 768px\" \/>\t\t<\/div>\n\t\t\n\t\t\t<div class=\"teft-card__content-wrapper\">\n\t\t\t\t<div class=\"teft-card__secondary\">\n\t\t\t\t\t\n\t\t\t\t\t\t\t\t<div class=\"teft-card__meta\">\n\t\t\t\t\t\t\t\t\t<span class=\"post-date\">28. nov 2023<\/span>\n\n\t\t\t\t\t\t\t\t\t\t\t\t\t\t\t\t\t<\/div>\n\t\t\t\t\t\t\t\t\t\t\t<\/div>\n\n\t\t\t\t<div class=\"teft-card__primary\">\n\t\t\t\t\t<h2 class=\"teft-card__title\">Sp\u00f8rsm\u00e5l til kommunestyrem\u00f8tet om kvalitet p\u00e5 streaming og opptak av m\u00f8tene i kommunestyret&nbsp;<span class=\"teft-card__primary-title-append\"><\/span><\/h2>\t\t\t\t<\/div>\n\t\t\t<\/div>\n\t\t<\/a>\n\t<\/div>\n\n\t<\/div><\/div>\t<\/div>\n<\/div>\n","protected":false},"excerpt":{"rendered":"","protected":false},"author":51320,"featured_media":0,"comment_status":"closed","ping_status":"closed","sticky":false,"template":"","format":"standard","meta":{"teft_cards_image_url":"","teft_cards_custom_pretitle":"","teft_cards_image_id":174,"teft_cards_image_focal_point_x":0.5,"teft_cards_image_focal_point_y":0.5,"teft_cards_title":"","teft_cards_excerpt":"","teft_show_chapters":false,"author_display_name":"Rendalen H\u00f8yre","footnotes":""},"category":[1],"post_tag":[],"hoyre-visibility":[],"article-type":[],"politician":[],"class_list":["post-178","post","type-post","status-publish","format-standard","hentry","category-nyheter"],"yoast_head":"<!-- This site is optimized with the Yoast SEO plugin v26.6 - https:\/\/yoast.com\/wordpress\/plugins\/seo\/ -->\n<title>Podcast med Rendalen H\u00f8yres andrekandidat, Linda Cathrine Br\u00e6nd - Rendalen H\u00f8yre<\/title>\n<meta name=\"robots\" content=\"index, follow, max-snippet:-1, max-image-preview:large, max-video-preview:-1\" \/>\n<link rel=\"canonical\" href=\"https:\/\/hoyre.no\/rendalen\/aktuelt\/podcast-med-rendalen-hoyres-andrekandidat-linda-cathrine-braend\/\" \/>\n<meta property=\"og:locale\" content=\"nb_NO\" \/>\n<meta property=\"og:type\" content=\"article\" \/>\n<meta property=\"og:title\" content=\"Podcast med Rendalen H\u00f8yres andrekandidat, Linda Cathrine Br\u00e6nd - Rendalen H\u00f8yre\" \/>\n<meta property=\"og:url\" content=\"https:\/\/hoyre.no\/rendalen\/aktuelt\/podcast-med-rendalen-hoyres-andrekandidat-linda-cathrine-braend\/\" \/>\n<meta property=\"og:site_name\" content=\"Rendalen H\u00f8yre\" \/>\n<meta property=\"article:published_time\" content=\"2023-09-07T08:18:36+00:00\" \/>\n<meta property=\"article:modified_time\" content=\"2023-09-07T08:18:38+00:00\" \/>\n<meta property=\"og:image\" content=\"https:\/\/hoyre.no\/content\/uploads\/sites\/64\/2023\/11\/Streaming-kommunestyremote-1024x571.jpg\" \/>\n<meta name=\"author\" content=\"Cecilie Tofteng\" \/>\n<meta name=\"twitter:card\" content=\"summary_large_image\" \/>\n<meta name=\"twitter:label1\" content=\"Skrevet av\" \/>\n\t<meta name=\"twitter:data1\" content=\"Cecilie Tofteng\" \/>\n\t<meta name=\"twitter:label2\" content=\"Ansl. lesetid\" \/>\n\t<meta name=\"twitter:data2\" content=\"1 minutt\" \/>\n<script type=\"application\/ld+json\" class=\"yoast-schema-graph\">{\"@context\":\"https:\/\/schema.org\",\"@graph\":[{\"@type\":\"NewsArticle\",\"@id\":\"https:\/\/hoyre.no\/rendalen\/aktuelt\/podcast-med-rendalen-hoyres-andrekandidat-linda-cathrine-braend\/\",\"url\":\"https:\/\/hoyre.no\/rendalen\/aktuelt\/podcast-med-rendalen-hoyres-andrekandidat-linda-cathrine-braend\/\",\"name\":\"Podcast med Rendalen H\u00f8yres andrekandidat, Linda Cathrine Br\u00e6nd - Rendalen H\u00f8yre\",\"isPartOf\":{\"@id\":\"https:\/\/hoyre.no\/rendalen\/#website\"},\"datePublished\":\"2023-09-07T08:18:36+00:00\",\"dateModified\":\"2023-09-07T08:18:38+00:00\",\"author\":{\"@id\":\"https:\/\/hoyre.no\/rendalen\/#\/schema\/person\/0bf433749e315dcb10f0af58dd183b2a\"},\"breadcrumb\":{\"@id\":\"https:\/\/hoyre.no\/rendalen\/aktuelt\/podcast-med-rendalen-hoyres-andrekandidat-linda-cathrine-braend\/#breadcrumb\"},\"inLanguage\":\"nb-NO\",\"potentialAction\":[{\"@type\":\"ReadAction\",\"target\":[\"https:\/\/hoyre.no\/rendalen\/aktuelt\/podcast-med-rendalen-hoyres-andrekandidat-linda-cathrine-braend\/\"]}]},{\"@type\":\"BreadcrumbList\",\"@id\":\"https:\/\/hoyre.no\/rendalen\/aktuelt\/podcast-med-rendalen-hoyres-andrekandidat-linda-cathrine-braend\/#breadcrumb\",\"itemListElement\":[{\"@type\":\"ListItem\",\"position\":1,\"name\":\"Til hoyre.no\",\"item\":\"https:\/\/hoyre.no\"},{\"@type\":\"ListItem\",\"position\":2,\"name\":\"Hjem\",\"item\":\"https:\/\/hoyre.no\/rendalen\/\"},{\"@type\":\"ListItem\",\"position\":3,\"name\":\"Podcast med Rendalen H\u00f8yres andrekandidat, Linda Cathrine Br\u00e6nd\"}]},{\"@type\":\"WebSite\",\"@id\":\"https:\/\/hoyre.no\/rendalen\/#website\",\"url\":\"https:\/\/hoyre.no\/rendalen\/\",\"name\":\"Rendalen H\u00f8yre\",\"description\":\"Bare enda et H\u00f8yres nettsteder-nettsted\",\"inLanguage\":\"nb-NO\"},{\"@type\":\"Person\",\"@id\":\"https:\/\/hoyre.no\/rendalen\/#\/schema\/person\/0bf433749e315dcb10f0af58dd183b2a\",\"name\":\"Cecilie Tofteng\",\"image\":{\"@type\":\"ImageObject\",\"inLanguage\":\"nb-NO\",\"@id\":\"https:\/\/hoyre.no\/rendalen\/#\/schema\/person\/image\/\",\"url\":\"https:\/\/secure.gravatar.com\/avatar\/694d56caca63f6821e9843b24b8c7aba0cb29dd0c5ef0ea904de3cebe07ae31d?s=96&d=mm&r=g\",\"contentUrl\":\"https:\/\/secure.gravatar.com\/avatar\/694d56caca63f6821e9843b24b8c7aba0cb29dd0c5ef0ea904de3cebe07ae31d?s=96&d=mm&r=g\",\"caption\":\"Cecilie Tofteng\"},\"url\":\"https:\/\/hoyre.no\/rendalen\/aktuelt\/author\/m60000393\/\"}]}<\/script>\n<!-- \/ Yoast SEO plugin. -->","yoast_head_json":{"title":"Podcast med Rendalen H\u00f8yres andrekandidat, Linda Cathrine Br\u00e6nd - Rendalen H\u00f8yre","robots":{"index":"index","follow":"follow","max-snippet":"max-snippet:-1","max-image-preview":"max-image-preview:large","max-video-preview":"max-video-preview:-1"},"canonical":"https:\/\/hoyre.no\/rendalen\/aktuelt\/podcast-med-rendalen-hoyres-andrekandidat-linda-cathrine-braend\/","og_locale":"nb_NO","og_type":"article","og_title":"Podcast med Rendalen H\u00f8yres andrekandidat, Linda Cathrine Br\u00e6nd - Rendalen H\u00f8yre","og_url":"https:\/\/hoyre.no\/rendalen\/aktuelt\/podcast-med-rendalen-hoyres-andrekandidat-linda-cathrine-braend\/","og_site_name":"Rendalen H\u00f8yre","article_published_time":"2023-09-07T08:18:36+00:00","article_modified_time":"2023-09-07T08:18:38+00:00","og_image":[{"url":"https:\/\/hoyre.no\/content\/uploads\/sites\/64\/2023\/11\/Streaming-kommunestyremote-1024x571.jpg","width":"","height":"","type":""}],"author":"Cecilie Tofteng","twitter_card":"summary_large_image","twitter_misc":{"Skrevet av":"Cecilie Tofteng","Ansl. lesetid":"1 minutt"},"schema":{"@context":"https:\/\/schema.org","@graph":[{"@type":"NewsArticle","@id":"https:\/\/hoyre.no\/rendalen\/aktuelt\/podcast-med-rendalen-hoyres-andrekandidat-linda-cathrine-braend\/","url":"https:\/\/hoyre.no\/rendalen\/aktuelt\/podcast-med-rendalen-hoyres-andrekandidat-linda-cathrine-braend\/","name":"Podcast med Rendalen H\u00f8yres andrekandidat, Linda Cathrine Br\u00e6nd - Rendalen H\u00f8yre","isPartOf":{"@id":"https:\/\/hoyre.no\/rendalen\/#website"},"datePublished":"2023-09-07T08:18:36+00:00","dateModified":"2023-09-07T08:18:38+00:00","author":{"@id":"https:\/\/hoyre.no\/rendalen\/#\/schema\/person\/0bf433749e315dcb10f0af58dd183b2a"},"breadcrumb":{"@id":"https:\/\/hoyre.no\/rendalen\/aktuelt\/podcast-med-rendalen-hoyres-andrekandidat-linda-cathrine-braend\/#breadcrumb"},"inLanguage":"nb-NO","potentialAction":[{"@type":"ReadAction","target":["https:\/\/hoyre.no\/rendalen\/aktuelt\/podcast-med-rendalen-hoyres-andrekandidat-linda-cathrine-braend\/"]}]},{"@type":"BreadcrumbList","@id":"https:\/\/hoyre.no\/rendalen\/aktuelt\/podcast-med-rendalen-hoyres-andrekandidat-linda-cathrine-braend\/#breadcrumb","itemListElement":[{"@type":"ListItem","position":1,"name":"Til hoyre.no","item":"https:\/\/hoyre.no"},{"@type":"ListItem","position":2,"name":"Hjem","item":"https:\/\/hoyre.no\/rendalen\/"},{"@type":"ListItem","position":3,"name":"Podcast med Rendalen H\u00f8yres andrekandidat, Linda Cathrine Br\u00e6nd"}]},{"@type":"WebSite","@id":"https:\/\/hoyre.no\/rendalen\/#website","url":"https:\/\/hoyre.no\/rendalen\/","name":"Rendalen H\u00f8yre","description":"Bare enda et H\u00f8yres nettsteder-nettsted","inLanguage":"nb-NO"},{"@type":"Person","@id":"https:\/\/hoyre.no\/rendalen\/#\/schema\/person\/0bf433749e315dcb10f0af58dd183b2a","name":"Cecilie Tofteng","image":{"@type":"ImageObject","inLanguage":"nb-NO","@id":"https:\/\/hoyre.no\/rendalen\/#\/schema\/person\/image\/","url":"https:\/\/secure.gravatar.com\/avatar\/694d56caca63f6821e9843b24b8c7aba0cb29dd0c5ef0ea904de3cebe07ae31d?s=96&d=mm&r=g","contentUrl":"https:\/\/secure.gravatar.com\/avatar\/694d56caca63f6821e9843b24b8c7aba0cb29dd0c5ef0ea904de3cebe07ae31d?s=96&d=mm&r=g","caption":"Cecilie Tofteng"},"url":"https:\/\/hoyre.no\/rendalen\/aktuelt\/author\/m60000393\/"}]}},"distributor_meta":false,"distributor_terms":false,"distributor_media":false,"distributor_original_site_name":"Rendalen H\u00f8yre","distributor_original_site_url":"https:\/\/hoyre.no\/rendalen","push-errors":false,"_links":{"self":[{"href":"https:\/\/hoyre.no\/rendalen\/wp-json\/wp\/v2\/posts\/178","targetHints":{"allow":["GET"]}}],"collection":[{"href":"https:\/\/hoyre.no\/rendalen\/wp-json\/wp\/v2\/posts"}],"about":[{"href":"https:\/\/hoyre.no\/rendalen\/wp-json\/wp\/v2\/types\/post"}],"author":[{"embeddable":true,"href":"https:\/\/hoyre.no\/rendalen\/wp-json\/wp\/v2\/users\/51320"}],"replies":[{"embeddable":true,"href":"https:\/\/hoyre.no\/rendalen\/wp-json\/wp\/v2\/comments?post=178"}],"version-history":[{"count":2,"href":"https:\/\/hoyre.no\/rendalen\/wp-json\/wp\/v2\/posts\/178\/revisions"}],"predecessor-version":[{"id":181,"href":"https:\/\/hoyre.no\/rendalen\/wp-json\/wp\/v2\/posts\/178\/revisions\/181"}],"wp:attachment":[{"href":"https:\/\/hoyre.no\/rendalen\/wp-json\/wp\/v2\/media?parent=178"}],"wp:term":[{"taxonomy":"category","embeddable":true,"href":"https:\/\/hoyre.no\/rendalen\/wp-json\/wp\/v2\/category?post=178"},{"taxonomy":"post_tag","embeddable":true,"href":"https:\/\/hoyre.no\/rendalen\/wp-json\/wp\/v2\/post_tag?post=178"},{"taxonomy":"hoyre-visibility","embeddable":true,"href":"https:\/\/hoyre.no\/rendalen\/wp-json\/wp\/v2\/hoyre-visibility?post=178"},{"taxonomy":"article-type","embeddable":true,"href":"https:\/\/hoyre.no\/rendalen\/wp-json\/wp\/v2\/article-type?post=178"},{"taxonomy":"politician","embeddable":true,"href":"https:\/\/hoyre.no\/rendalen\/wp-json\/wp\/v2\/politician?post=178"}],"curies":[{"name":"wp","href":"https:\/\/api.w.org\/{rel}","templated":true}]}}