{"id":203,"date":"2023-11-28T21:04:52","date_gmt":"2023-11-28T20:04:52","guid":{"rendered":"https:\/\/hoyre.no\/rendalen\/?p=203"},"modified":"2023-11-28T21:41:43","modified_gmt":"2023-11-28T20:41:43","slug":"sporsmal-til-kommunestyremotet-om-ladestasjonen-pa-akrestrommen","status":"publish","type":"post","link":"https:\/\/hoyre.no\/rendalen\/aktuelt\/sporsmal-til-kommunestyremotet-om-ladestasjonen-pa-akrestrommen\/","title":{"rendered":"Sp\u00f8rsm\u00e5l til kommunestyrem\u00f8tet om ladestasjonen p\u00e5 \u00c5krestr\u00f8mmen"},"content":{"rendered":"\n<p class=\"preamble\">Sp\u00f8rsm\u00e5l til kommunestyrem\u00f8tet 23.11.2023 fra kommunestyrerepresentant for H\u00f8yre, Linda Cathrine Br\u00e6nd:<br><br>Under valgkampen ble Rendalen H\u00f8yre kontaktet av n\u00e6ringsdrivende p\u00e5 \u00c5krestr\u00f8mmen. De kunne fortelle at ladestasjonen fra Kople ikke har belysning. Jeg tok meg derfor selv en tur ut dit da det var m\u00f8rkt, og man ser ikke ladestasjonen fra veien, selv om den ligger bare noen meter unna. Slik jeg har forst\u00e5tt det er det n\u00e5 Kople som er ansvarlig for ladestasjonene vi har i Rendalen. Jeg vil derfor be ordf\u00f8rer\/kommunedirekt\u00f8r om \u00e5 legge press p\u00e5 Kople for \u00e5 f\u00e5 belysning p\u00e5 ladestasjonen p\u00e5 \u00c5krestr\u00f8mmen, og eventuelt ogs\u00e5 ved Rendalstunet om denne ogs\u00e5 mangler lys. Om dette ansvaret ligger hos kommunen, mener jeg at dette m\u00e5 l\u00f8ses s\u00e5 fort som mulig. Ladestasjonene vi har er viktige for kommunen n\u00e5r det gjelder det gr\u00f8nne skiftet og for \u00e5 tiltrekke oss turister til bygda. Derfor viktig at lys, som jeg regner som et minimum, er p\u00e5 plass.<br><br>Ordf\u00f8rer besvarte:<br><br>Ordf\u00f8rer er godt kjent med problemstillingen som representanten belyser. Rendalen kommune har v\u00e6rt og er i dialog med Kople. Ordf\u00f8rer vil fortsette dialogen med Kople for \u00e5 f\u00e5 realisert belysning p\u00e5 ladestasjonen.<\/p>\n\n\n\n\n<p><\/p>\n\n\n<div class=\"tags\">\n\t<\/div>\n<div class=\"post-footer alignfull has-background block-editor-block-list__block\" data-align=full>\n\t<div class=\"post-footer-inner\">\n\t\t<h3>Relaterte artikler<\/h3>\n\t\t<div class=\"related-content\"><div class=\"is-card-hoyre\">\n\t<div class=\"teft-card hoyre-teft-card post-teft-card\">\n\t\t<a href=\"https:\/\/hoyre.no\/rendalen\/aktuelt\/sporsmal-til-kommunestyrets-mote-25-01-2024\/\" class=\"teft-card__primary-action\">\n\n\t\t\t\t\t<div class=\"teft-card__media teft-card__media--16-9\">\n\t\t\t\t\t\t<img loading=\"lazy\" decoding=\"async\" width=\"768\" height=\"512\" src=\"https:\/\/hoyre.no\/content\/uploads\/sites\/64\/2024\/02\/GettyImages-1202315655-1-768x512.jpg\" class=\"attachment-medium_large size-medium_large\" alt=\"Illustrasjonsfoto\" srcset=\"https:\/\/hoyre.no\/content\/uploads\/sites\/64\/2024\/02\/GettyImages-1202315655-1-768x512.jpg 768w, https:\/\/hoyre.no\/content\/uploads\/sites\/64\/2024\/02\/GettyImages-1202315655-1-300x200.jpg 300w, https:\/\/hoyre.no\/content\/uploads\/sites\/64\/2024\/02\/GettyImages-1202315655-1-1024x683.jpg 1024w, https:\/\/hoyre.no\/content\/uploads\/sites\/64\/2024\/02\/GettyImages-1202315655-1-1536x1024.jpg 1536w, https:\/\/hoyre.no\/content\/uploads\/sites\/64\/2024\/02\/GettyImages-1202315655-1-2048x1365.jpg 2048w\" sizes=\"auto, (max-width: 768px) 100vw, 768px\" \/>\t\t<\/div>\n\t\t\n\t\t\t<div class=\"teft-card__content-wrapper\">\n\t\t\t\t<div class=\"teft-card__secondary\">\n\t\t\t\t\t\n\t\t\t\t\t\t\t\t<div class=\"teft-card__meta\">\n\t\t\t\t\t\t\t\t\t<span class=\"post-date\">5. feb 2024<\/span>\n\n\t\t\t\t\t\t\t\t\t\t\t\t\t\t\t\t\t<\/div>\n\t\t\t\t\t\t\t\t\t\t\t<\/div>\n\n\t\t\t\t<div class=\"teft-card__primary\">\n\t\t\t\t\t<h2 class=\"teft-card__title\">Linda Cathrine Br\u00e6nd\u00a0med sp\u00f8rsm\u00e5l til kommunestyrets m\u00f8te 25.01.2024&nbsp;<span class=\"teft-card__primary-title-append\"><\/span><\/h2>\t\t\t\t<\/div>\n\t\t\t<\/div>\n\t\t<\/a>\n\t<\/div>\n\n\t<\/div><div class=\"is-card-hoyre\">\n\t<div class=\"teft-card hoyre-teft-card post-teft-card\">\n\t\t<a href=\"https:\/\/hoyre.no\/rendalen\/aktuelt\/gode-rom-for-ord-og-toner\/\" class=\"teft-card__primary-action\">\n\n\t\t\t\t\t<div class=\"teft-card__media teft-card__media--16-9\">\n\t\t\t\t\t\t<img loading=\"lazy\" decoding=\"async\" width=\"768\" height=\"512\" src=\"https:\/\/hoyre.no\/content\/uploads\/sites\/64\/2024\/01\/fda67ef4-c07c-4588-948f-e26919f8c81b-768x512.jpg\" class=\"attachment-medium_large size-medium_large\" alt=\"Illustrasjonsfoto\" srcset=\"https:\/\/hoyre.no\/content\/uploads\/sites\/64\/2024\/01\/fda67ef4-c07c-4588-948f-e26919f8c81b-768x512.jpg 768w, https:\/\/hoyre.no\/content\/uploads\/sites\/64\/2024\/01\/fda67ef4-c07c-4588-948f-e26919f8c81b-300x200.jpg 300w, https:\/\/hoyre.no\/content\/uploads\/sites\/64\/2024\/01\/fda67ef4-c07c-4588-948f-e26919f8c81b-1024x682.jpg 1024w, https:\/\/hoyre.no\/content\/uploads\/sites\/64\/2024\/01\/fda67ef4-c07c-4588-948f-e26919f8c81b-1536x1024.jpg 1536w, https:\/\/hoyre.no\/content\/uploads\/sites\/64\/2024\/01\/fda67ef4-c07c-4588-948f-e26919f8c81b.jpg 2000w\" sizes=\"auto, (max-width: 768px) 100vw, 768px\" \/>\t\t<\/div>\n\t\t\n\t\t\t<div class=\"teft-card__content-wrapper\">\n\t\t\t\t<div class=\"teft-card__secondary\">\n\t\t\t\t\t\n\t\t\t\t\t\t\t\t<div class=\"teft-card__meta\">\n\t\t\t\t\t\t\t\t\t<span class=\"post-date\">22. jan 2024<\/span>\n\n\t\t\t\t\t\t\t\t\t\t\t\t\t\t\t\t\t<\/div>\n\t\t\t\t\t\t\t\t\t\t\t<\/div>\n\n\t\t\t\t<div class=\"teft-card__primary\">\n\t\t\t\t\t<h2 class=\"teft-card__title\">Gode rom for ord og toner&nbsp;<span class=\"teft-card__primary-title-append\"><\/span><\/h2>\t\t\t\t<\/div>\n\t\t\t<\/div>\n\t\t<\/a>\n\t<\/div>\n\n\t<\/div><div class=\"is-card-hoyre\">\n\t<div class=\"teft-card hoyre-teft-card post-teft-card\">\n\t\t<a href=\"https:\/\/hoyre.no\/rendalen\/aktuelt\/sporsmal-til-kommunestyremotet-om-kvalitet-pa-streaming-og-opptak-av-motene-i-kommunestyret\/\" class=\"teft-card__primary-action\">\n\n\t\t\t\t\t<div class=\"teft-card__media teft-card__media--16-9\">\n\t\t\t\t\t\t<img loading=\"lazy\" decoding=\"async\" width=\"768\" height=\"429\" src=\"https:\/\/hoyre.no\/content\/uploads\/sites\/64\/2023\/11\/Streaming-kommunestyremote-768x429.jpg\" class=\"attachment-medium_large size-medium_large\" alt=\"Skjermdump av kommunestyrem\u00f8te 23.11.2023\" srcset=\"https:\/\/hoyre.no\/content\/uploads\/sites\/64\/2023\/11\/Streaming-kommunestyremote-768x429.jpg 768w, https:\/\/hoyre.no\/content\/uploads\/sites\/64\/2023\/11\/Streaming-kommunestyremote-300x167.jpg 300w, https:\/\/hoyre.no\/content\/uploads\/sites\/64\/2023\/11\/Streaming-kommunestyremote-1024x571.jpg 1024w, https:\/\/hoyre.no\/content\/uploads\/sites\/64\/2023\/11\/Streaming-kommunestyremote.jpg 1061w\" sizes=\"auto, (max-width: 768px) 100vw, 768px\" \/>\t\t<\/div>\n\t\t\n\t\t\t<div class=\"teft-card__content-wrapper\">\n\t\t\t\t<div class=\"teft-card__secondary\">\n\t\t\t\t\t\n\t\t\t\t\t\t\t\t<div class=\"teft-card__meta\">\n\t\t\t\t\t\t\t\t\t<span class=\"post-date\">28. nov 2023<\/span>\n\n\t\t\t\t\t\t\t\t\t\t\t\t\t\t\t\t\t<\/div>\n\t\t\t\t\t\t\t\t\t\t\t<\/div>\n\n\t\t\t\t<div class=\"teft-card__primary\">\n\t\t\t\t\t<h2 class=\"teft-card__title\">Sp\u00f8rsm\u00e5l til kommunestyrem\u00f8tet om kvalitet p\u00e5 streaming og opptak av m\u00f8tene i kommunestyret&nbsp;<span class=\"teft-card__primary-title-append\"><\/span><\/h2>\t\t\t\t<\/div>\n\t\t\t<\/div>\n\t\t<\/a>\n\t<\/div>\n\n\t<\/div><\/div>\t<\/div>\n<\/div>\n","protected":false},"excerpt":{"rendered":"","protected":false},"author":20885,"featured_media":0,"comment_status":"closed","ping_status":"closed","sticky":false,"template":"","format":"standard","meta":{"teft_cards_image_url":"","teft_cards_custom_pretitle":"","teft_cards_image_id":214,"teft_cards_image_focal_point_x":0.55,"teft_cards_image_focal_point_y":0.37,"teft_cards_title":"","teft_cards_excerpt":"Foto: Ilsaas Media","teft_show_chapters":false,"author_display_name":"","footnotes":""},"category":[1],"post_tag":[],"hoyre-visibility":[],"article-type":[],"politician":[],"class_list":["post-203","post","type-post","status-publish","format-standard","hentry","category-nyheter"],"yoast_head":"<!-- This site is optimized with the Yoast SEO plugin v26.6 - https:\/\/yoast.com\/wordpress\/plugins\/seo\/ -->\n<title>Sp\u00f8rsm\u00e5l til kommunestyrem\u00f8tet om ladestasjonen p\u00e5 \u00c5krestr\u00f8mmen - Rendalen H\u00f8yre<\/title>\n<meta name=\"robots\" content=\"index, follow, max-snippet:-1, max-image-preview:large, max-video-preview:-1\" \/>\n<link rel=\"canonical\" href=\"https:\/\/hoyre.no\/rendalen\/aktuelt\/sporsmal-til-kommunestyremotet-om-ladestasjonen-pa-akrestrommen\/\" \/>\n<meta property=\"og:locale\" content=\"nb_NO\" \/>\n<meta property=\"og:type\" content=\"article\" \/>\n<meta property=\"og:title\" content=\"Sp\u00f8rsm\u00e5l til kommunestyrem\u00f8tet om ladestasjonen p\u00e5 \u00c5krestr\u00f8mmen - Rendalen H\u00f8yre\" \/>\n<meta property=\"og:url\" content=\"https:\/\/hoyre.no\/rendalen\/aktuelt\/sporsmal-til-kommunestyremotet-om-ladestasjonen-pa-akrestrommen\/\" \/>\n<meta property=\"og:site_name\" content=\"Rendalen H\u00f8yre\" \/>\n<meta property=\"article:published_time\" content=\"2023-11-28T20:04:52+00:00\" \/>\n<meta property=\"article:modified_time\" content=\"2023-11-28T20:41:43+00:00\" \/>\n<meta property=\"og:image\" content=\"https:\/\/hoyre.no\/content\/uploads\/sites\/64\/2023\/11\/Streaming-kommunestyremote-1024x571.jpg\" \/>\n<meta name=\"author\" content=\"Maren Kv\u00e6rness Halberg\" \/>\n<meta name=\"twitter:card\" content=\"summary_large_image\" \/>\n<meta name=\"twitter:label1\" content=\"Skrevet av\" \/>\n\t<meta name=\"twitter:data1\" content=\"Maren Kv\u00e6rness Halberg\" \/>\n\t<meta name=\"twitter:label2\" content=\"Ansl. lesetid\" \/>\n\t<meta name=\"twitter:data2\" content=\"2 minutter\" \/>\n<script type=\"application\/ld+json\" class=\"yoast-schema-graph\">{\"@context\":\"https:\/\/schema.org\",\"@graph\":[{\"@type\":\"NewsArticle\",\"@id\":\"https:\/\/hoyre.no\/rendalen\/aktuelt\/sporsmal-til-kommunestyremotet-om-ladestasjonen-pa-akrestrommen\/\",\"url\":\"https:\/\/hoyre.no\/rendalen\/aktuelt\/sporsmal-til-kommunestyremotet-om-ladestasjonen-pa-akrestrommen\/\",\"name\":\"Sp\u00f8rsm\u00e5l til kommunestyrem\u00f8tet om ladestasjonen p\u00e5 \u00c5krestr\u00f8mmen - Rendalen H\u00f8yre\",\"isPartOf\":{\"@id\":\"https:\/\/hoyre.no\/rendalen\/#website\"},\"datePublished\":\"2023-11-28T20:04:52+00:00\",\"dateModified\":\"2023-11-28T20:41:43+00:00\",\"author\":{\"@id\":\"https:\/\/hoyre.no\/rendalen\/#\/schema\/person\/f66bc8cab9f4230666268f595f9731c8\"},\"breadcrumb\":{\"@id\":\"https:\/\/hoyre.no\/rendalen\/aktuelt\/sporsmal-til-kommunestyremotet-om-ladestasjonen-pa-akrestrommen\/#breadcrumb\"},\"inLanguage\":\"nb-NO\",\"potentialAction\":[{\"@type\":\"ReadAction\",\"target\":[\"https:\/\/hoyre.no\/rendalen\/aktuelt\/sporsmal-til-kommunestyremotet-om-ladestasjonen-pa-akrestrommen\/\"]}]},{\"@type\":\"BreadcrumbList\",\"@id\":\"https:\/\/hoyre.no\/rendalen\/aktuelt\/sporsmal-til-kommunestyremotet-om-ladestasjonen-pa-akrestrommen\/#breadcrumb\",\"itemListElement\":[{\"@type\":\"ListItem\",\"position\":1,\"name\":\"Til hoyre.no\",\"item\":\"https:\/\/hoyre.no\"},{\"@type\":\"ListItem\",\"position\":2,\"name\":\"Hjem\",\"item\":\"https:\/\/hoyre.no\/rendalen\/\"},{\"@type\":\"ListItem\",\"position\":3,\"name\":\"Sp\u00f8rsm\u00e5l til kommunestyrem\u00f8tet om ladestasjonen p\u00e5 \u00c5krestr\u00f8mmen\"}]},{\"@type\":\"WebSite\",\"@id\":\"https:\/\/hoyre.no\/rendalen\/#website\",\"url\":\"https:\/\/hoyre.no\/rendalen\/\",\"name\":\"Rendalen H\u00f8yre\",\"description\":\"Bare enda et H\u00f8yres nettsteder-nettsted\",\"inLanguage\":\"nb-NO\"},{\"@type\":\"Person\",\"@id\":\"https:\/\/hoyre.no\/rendalen\/#\/schema\/person\/f66bc8cab9f4230666268f595f9731c8\",\"name\":\"Maren Kv\u00e6rness Halberg\",\"image\":{\"@type\":\"ImageObject\",\"inLanguage\":\"nb-NO\",\"@id\":\"https:\/\/hoyre.no\/rendalen\/#\/schema\/person\/image\/\",\"url\":\"https:\/\/secure.gravatar.com\/avatar\/fd5475f02f28157e090a7c25a28804eddb5b700da85f26052b3a9bb2ca60c104?s=96&d=mm&r=g\",\"contentUrl\":\"https:\/\/secure.gravatar.com\/avatar\/fd5475f02f28157e090a7c25a28804eddb5b700da85f26052b3a9bb2ca60c104?s=96&d=mm&r=g\",\"caption\":\"Maren Kv\u00e6rness Halberg\"},\"url\":\"https:\/\/hoyre.no\/rendalen\/aktuelt\/author\/m50479252\/\"}]}<\/script>\n<!-- \/ Yoast SEO plugin. -->","yoast_head_json":{"title":"Sp\u00f8rsm\u00e5l til kommunestyrem\u00f8tet om ladestasjonen p\u00e5 \u00c5krestr\u00f8mmen - Rendalen H\u00f8yre","robots":{"index":"index","follow":"follow","max-snippet":"max-snippet:-1","max-image-preview":"max-image-preview:large","max-video-preview":"max-video-preview:-1"},"canonical":"https:\/\/hoyre.no\/rendalen\/aktuelt\/sporsmal-til-kommunestyremotet-om-ladestasjonen-pa-akrestrommen\/","og_locale":"nb_NO","og_type":"article","og_title":"Sp\u00f8rsm\u00e5l til kommunestyrem\u00f8tet om ladestasjonen p\u00e5 \u00c5krestr\u00f8mmen - Rendalen H\u00f8yre","og_url":"https:\/\/hoyre.no\/rendalen\/aktuelt\/sporsmal-til-kommunestyremotet-om-ladestasjonen-pa-akrestrommen\/","og_site_name":"Rendalen H\u00f8yre","article_published_time":"2023-11-28T20:04:52+00:00","article_modified_time":"2023-11-28T20:41:43+00:00","og_image":[{"url":"https:\/\/hoyre.no\/content\/uploads\/sites\/64\/2023\/11\/Streaming-kommunestyremote-1024x571.jpg","width":"","height":"","type":""}],"author":"Maren Kv\u00e6rness Halberg","twitter_card":"summary_large_image","twitter_misc":{"Skrevet av":"Maren Kv\u00e6rness Halberg","Ansl. lesetid":"2 minutter"},"schema":{"@context":"https:\/\/schema.org","@graph":[{"@type":"NewsArticle","@id":"https:\/\/hoyre.no\/rendalen\/aktuelt\/sporsmal-til-kommunestyremotet-om-ladestasjonen-pa-akrestrommen\/","url":"https:\/\/hoyre.no\/rendalen\/aktuelt\/sporsmal-til-kommunestyremotet-om-ladestasjonen-pa-akrestrommen\/","name":"Sp\u00f8rsm\u00e5l til kommunestyrem\u00f8tet om ladestasjonen p\u00e5 \u00c5krestr\u00f8mmen - Rendalen H\u00f8yre","isPartOf":{"@id":"https:\/\/hoyre.no\/rendalen\/#website"},"datePublished":"2023-11-28T20:04:52+00:00","dateModified":"2023-11-28T20:41:43+00:00","author":{"@id":"https:\/\/hoyre.no\/rendalen\/#\/schema\/person\/f66bc8cab9f4230666268f595f9731c8"},"breadcrumb":{"@id":"https:\/\/hoyre.no\/rendalen\/aktuelt\/sporsmal-til-kommunestyremotet-om-ladestasjonen-pa-akrestrommen\/#breadcrumb"},"inLanguage":"nb-NO","potentialAction":[{"@type":"ReadAction","target":["https:\/\/hoyre.no\/rendalen\/aktuelt\/sporsmal-til-kommunestyremotet-om-ladestasjonen-pa-akrestrommen\/"]}]},{"@type":"BreadcrumbList","@id":"https:\/\/hoyre.no\/rendalen\/aktuelt\/sporsmal-til-kommunestyremotet-om-ladestasjonen-pa-akrestrommen\/#breadcrumb","itemListElement":[{"@type":"ListItem","position":1,"name":"Til hoyre.no","item":"https:\/\/hoyre.no"},{"@type":"ListItem","position":2,"name":"Hjem","item":"https:\/\/hoyre.no\/rendalen\/"},{"@type":"ListItem","position":3,"name":"Sp\u00f8rsm\u00e5l til kommunestyrem\u00f8tet om ladestasjonen p\u00e5 \u00c5krestr\u00f8mmen"}]},{"@type":"WebSite","@id":"https:\/\/hoyre.no\/rendalen\/#website","url":"https:\/\/hoyre.no\/rendalen\/","name":"Rendalen H\u00f8yre","description":"Bare enda et H\u00f8yres nettsteder-nettsted","inLanguage":"nb-NO"},{"@type":"Person","@id":"https:\/\/hoyre.no\/rendalen\/#\/schema\/person\/f66bc8cab9f4230666268f595f9731c8","name":"Maren Kv\u00e6rness Halberg","image":{"@type":"ImageObject","inLanguage":"nb-NO","@id":"https:\/\/hoyre.no\/rendalen\/#\/schema\/person\/image\/","url":"https:\/\/secure.gravatar.com\/avatar\/fd5475f02f28157e090a7c25a28804eddb5b700da85f26052b3a9bb2ca60c104?s=96&d=mm&r=g","contentUrl":"https:\/\/secure.gravatar.com\/avatar\/fd5475f02f28157e090a7c25a28804eddb5b700da85f26052b3a9bb2ca60c104?s=96&d=mm&r=g","caption":"Maren Kv\u00e6rness Halberg"},"url":"https:\/\/hoyre.no\/rendalen\/aktuelt\/author\/m50479252\/"}]}},"distributor_meta":false,"distributor_terms":false,"distributor_media":false,"distributor_original_site_name":"Rendalen H\u00f8yre","distributor_original_site_url":"https:\/\/hoyre.no\/rendalen","push-errors":false,"_links":{"self":[{"href":"https:\/\/hoyre.no\/rendalen\/wp-json\/wp\/v2\/posts\/203","targetHints":{"allow":["GET"]}}],"collection":[{"href":"https:\/\/hoyre.no\/rendalen\/wp-json\/wp\/v2\/posts"}],"about":[{"href":"https:\/\/hoyre.no\/rendalen\/wp-json\/wp\/v2\/types\/post"}],"author":[{"embeddable":true,"href":"https:\/\/hoyre.no\/rendalen\/wp-json\/wp\/v2\/users\/20885"}],"replies":[{"embeddable":true,"href":"https:\/\/hoyre.no\/rendalen\/wp-json\/wp\/v2\/comments?post=203"}],"version-history":[{"count":2,"href":"https:\/\/hoyre.no\/rendalen\/wp-json\/wp\/v2\/posts\/203\/revisions"}],"predecessor-version":[{"id":216,"href":"https:\/\/hoyre.no\/rendalen\/wp-json\/wp\/v2\/posts\/203\/revisions\/216"}],"wp:attachment":[{"href":"https:\/\/hoyre.no\/rendalen\/wp-json\/wp\/v2\/media?parent=203"}],"wp:term":[{"taxonomy":"category","embeddable":true,"href":"https:\/\/hoyre.no\/rendalen\/wp-json\/wp\/v2\/category?post=203"},{"taxonomy":"post_tag","embeddable":true,"href":"https:\/\/hoyre.no\/rendalen\/wp-json\/wp\/v2\/post_tag?post=203"},{"taxonomy":"hoyre-visibility","embeddable":true,"href":"https:\/\/hoyre.no\/rendalen\/wp-json\/wp\/v2\/hoyre-visibility?post=203"},{"taxonomy":"article-type","embeddable":true,"href":"https:\/\/hoyre.no\/rendalen\/wp-json\/wp\/v2\/article-type?post=203"},{"taxonomy":"politician","embeddable":true,"href":"https:\/\/hoyre.no\/rendalen\/wp-json\/wp\/v2\/politician?post=203"}],"curies":[{"name":"wp","href":"https:\/\/api.w.org\/{rel}","templated":true}]}}