{"id":52,"date":"2023-02-13T13:59:51","date_gmt":"2023-02-13T12:59:51","guid":{"rendered":"https:\/\/hoyre.no\/rendalen\/?p=52"},"modified":"2023-06-07T21:22:41","modified_gmt":"2023-06-07T19:22:41","slug":"anders-kiaer-rendalen-hoyre-sin-ordforerkandidat-til-hosten-valg","status":"publish","type":"post","link":"https:\/\/hoyre.no\/rendalen\/aktuelt\/anders-kiaer-rendalen-hoyre-sin-ordforerkandidat-til-hosten-valg\/","title":{"rendered":"Anders Ki\u00e6r, Rendalen H\u00f8yre sin ordf\u00f8rerkandidat til h\u00f8sten valg"},"content":{"rendered":"\n<p class=\"preamble\">Rendalen H\u00f8yre avholdt sitt nominasjonsm\u00f8te rett f\u00f8r jul, og Anders Ki\u00e6r ble valgt som Rendalen H\u00f8yre sin ordf\u00f8rerkandidat til h\u00f8stens lokalvalg. Anders er v\u00e5rt ferskeste medlem og flyttet fra Grong til Sylli g\u00e5rd ved \u00e5rsskiftet.<\/p>\t\t\t<div class=\"post-meta wp-block teft-byline-wrapper\">\n\t\t\t\t<div class=\"top\">\n\t\t\t\t\t<div class=\"signature\">\n\t\t\t\t\t\t<div class=\"teft-byline\">\n\t\t\t\t\t\t\t\t\t\t\t\t\t\t<div>\n\t\t\t\t\t\t\t\t<h3>H\u00f8yres redaksjon<\/h3>\t\t\t\t\t\t\t\t\n\t\t\t\t\t\t\t\t\t\t\t\t\t\t\t\t\t<span class=\"date\">Sist oppdatert: 7. juni 2023<\/span>\n\t\t\t\t\t\t\t\t\t\t\t\t\t\t\t\t\t\t\t\t\t\t\t\t\t<span class=\"reading-time\" itemprop=\"timeRequired\" content=\"PT2M\"><em>Ca. 2 minutter lesetid<\/em><\/span>\n\t\t\t\t\t\t\t\t\t\t\t\t\t\t\t<\/div>\n\t\t\t\t\t\t<\/div>\n\t\t\t\t\t<\/div>\n\t\t\t\t\t\t<div class=\"sharing\">\n\t\t<a class=\"share-button share-link copy-link\" data-copy=\"https:\/\/hoyre.no\/rendalen\/aktuelt\/anders-kiaer-rendalen-hoyre-sin-ordforerkandidat-til-hosten-valg\/\" target=\"_blank\"><span class=\"screen-reader-text\">Del link<\/span><\/a>\n\t\t<a class=\"share-button share-twitter\" href=\"http:\/\/twitter.com\/share?text=Anders Ki\u00e6r, Rendalen H\u00f8yre sin ordf\u00f8rerkandidat til h\u00f8sten valg&#038;url=https:\/\/hoyre.no\/rendalen\/aktuelt\/anders-kiaer-rendalen-hoyre-sin-ordforerkandidat-til-hosten-valg\/&#038;hashtags=Hoyre\" target=\"_blank\"><span class=\"screen-reader-text\">Del p\u00e5 twitter<\/span><\/a>\n\t\t<a class=\"share-button share-facebook\" href=\"https:\/\/www.facebook.com\/sharer\/sharer.php?u=https:\/\/hoyre.no\/rendalen\/aktuelt\/anders-kiaer-rendalen-hoyre-sin-ordforerkandidat-til-hosten-valg\/\" target=\"_blank\"><span class=\"screen-reader-text\">Del p\u00e5 facebook<\/span><\/a>\n\t<\/div>\n\t\t\t\t\t<\/div>\n\t\t\t<\/div>\n\n\t\t\t<figure class=\"hoyre-image-wrapper\"><div class=\"hoyre-image\"><img loading=\"lazy\" decoding=\"async\" width=\"1620\" height=\"1080\" src=\"https:\/\/hoyre.no\/content\/uploads\/sites\/64\/2023\/02\/DSC6400-beh-fra-raw_kk_1080-1.jpeg\" class=\"attachment-scaled size-scaled\" alt=\"\" style=\"object-position: 50% 50%\" srcset=\"https:\/\/hoyre.no\/content\/uploads\/sites\/64\/2023\/02\/DSC6400-beh-fra-raw_kk_1080-1.jpeg 1620w, https:\/\/hoyre.no\/content\/uploads\/sites\/64\/2023\/02\/DSC6400-beh-fra-raw_kk_1080-1-300x200.jpeg 300w, https:\/\/hoyre.no\/content\/uploads\/sites\/64\/2023\/02\/DSC6400-beh-fra-raw_kk_1080-1-1024x683.jpeg 1024w, https:\/\/hoyre.no\/content\/uploads\/sites\/64\/2023\/02\/DSC6400-beh-fra-raw_kk_1080-1-768x512.jpeg 768w, https:\/\/hoyre.no\/content\/uploads\/sites\/64\/2023\/02\/DSC6400-beh-fra-raw_kk_1080-1-1536x1024.jpeg 1536w\" sizes=\"auto, (max-width: 1620px) 100vw, 1620px\" \/><\/div><\/figure>\n\n\n\n\n<p><\/p>\n\n\n\n<p><\/p>\n\n\n\n<p>Anders har lang politisk erfaring og vi er veldig glade for \u00e5 ha f\u00e5tt han med p\u00e5 laget. Han har v\u00e6rt kommunestyrerepresentant og gruppeleder for Grong H\u00f8yre i perioden 2014-2022, f\u00f8r det <a><\/a>satt han i en periode som varaordf\u00f8rer i Stor-Elvdal, og han har v\u00e6rt med i H\u00f8yres sentralstyre i perioden 2017-2020.<\/p>\n\n\n\n<p>Anders, f\u00f8dt i 1957, er gift og har fem voksne barn. Utdannet som forstkandidat fra \u00c5s og agronom, befalsutdanning i H\u00e6ren og har en lang cv fra \u00e5r som selvstendig n\u00e6ringsdrivende innen skog, utmark, jordbruk, entrepren\u00f8r og sm\u00e5kraftutbygging og -produksjon. Anders pleier \u00e5 engasjere seg i det han driver med, og det vises ved at han blant annet var en av initiativtagerne til dannelsen av Villreinr\u00e5det i Norge og satt en periode som styreleder, medlem og i en periode styreleder i Norskog, og styreleder en periode etter oppstarten av Sm\u00e5kraftforeninga som han ogs\u00e5 var med \u00e5 starte.<\/p>\n\n\n\n<p>Anders ble bedt om \u00e5 skrive noen stikkord om hva han brenner for som lokalpolitiker slik at vi kunne presentere han for dere i Rendalen som ikke kjenner han fra f\u00f8r. Anders er opptatt av:<\/p>\n\n\n\n<p>&#8211; Enkeltmenneskers frihet &#8211; men ogs\u00e5 den enkeltes ansvar: Menneske foran System<\/p>\n\n\n\n<p>&#8211; N\u00e6ringspolitikk, utvikling og \u00f8konomi<\/p>\n\n\n\n<p>&#8211; Landbruks- og distriktspolitikk<\/p>\n\n\n\n<p>&#8211; Rovdyr &#8211; belastningen m\u00e5 ned<\/p>\n\n\n\n<p>&#8211; Fornybare ressurser skal brukes &#8211; ikke vernes<\/p>\n\n\n\n<p>&#8211; Gi distriktene st\u00f8rre makt, redusere statlig overstyring og byr\u00e5krati<\/p>\n\n\n\n<p>&#8211; At eldre, som har bygget landet og Rendalen, skal f\u00e5 verdig og god omsorg<\/p>\n\n\n\n<p>Foto: Ilsaas Media<\/p>\n\n\n<div class=\"tags\">\n\t<\/div>\n<div class=\"post-footer alignfull has-background block-editor-block-list__block\" data-align=full>\n\t<div class=\"post-footer-inner\">\n\t\t<h3>Relaterte artikler<\/h3>\n\t\t<div class=\"related-content\"><div class=\"is-card-hoyre\">\n\t<div class=\"teft-card hoyre-teft-card post-teft-card\">\n\t\t<a href=\"https:\/\/hoyre.no\/rendalen\/aktuelt\/sporsmal-til-kommunestyrets-mote-25-01-2024\/\" class=\"teft-card__primary-action\">\n\n\t\t\t\t\t<div class=\"teft-card__media teft-card__media--16-9\">\n\t\t\t\t\t\t<img loading=\"lazy\" decoding=\"async\" width=\"768\" height=\"512\" src=\"https:\/\/hoyre.no\/content\/uploads\/sites\/64\/2024\/02\/GettyImages-1202315655-1-768x512.jpg\" class=\"attachment-medium_large size-medium_large\" alt=\"Illustrasjonsfoto\" srcset=\"https:\/\/hoyre.no\/content\/uploads\/sites\/64\/2024\/02\/GettyImages-1202315655-1-768x512.jpg 768w, https:\/\/hoyre.no\/content\/uploads\/sites\/64\/2024\/02\/GettyImages-1202315655-1-300x200.jpg 300w, https:\/\/hoyre.no\/content\/uploads\/sites\/64\/2024\/02\/GettyImages-1202315655-1-1024x683.jpg 1024w, https:\/\/hoyre.no\/content\/uploads\/sites\/64\/2024\/02\/GettyImages-1202315655-1-1536x1024.jpg 1536w, https:\/\/hoyre.no\/content\/uploads\/sites\/64\/2024\/02\/GettyImages-1202315655-1-2048x1365.jpg 2048w\" sizes=\"auto, (max-width: 768px) 100vw, 768px\" \/>\t\t<\/div>\n\t\t\n\t\t\t<div class=\"teft-card__content-wrapper\">\n\t\t\t\t<div class=\"teft-card__secondary\">\n\t\t\t\t\t\n\t\t\t\t\t\t\t\t<div class=\"teft-card__meta\">\n\t\t\t\t\t\t\t\t\t<span class=\"post-date\">5. feb 2024<\/span>\n\n\t\t\t\t\t\t\t\t\t\t\t\t\t\t\t\t\t<\/div>\n\t\t\t\t\t\t\t\t\t\t\t<\/div>\n\n\t\t\t\t<div class=\"teft-card__primary\">\n\t\t\t\t\t<h2 class=\"teft-card__title\">Linda Cathrine Br\u00e6nd\u00a0med sp\u00f8rsm\u00e5l til kommunestyrets m\u00f8te 25.01.2024&nbsp;<span class=\"teft-card__primary-title-append\"><\/span><\/h2>\t\t\t\t<\/div>\n\t\t\t<\/div>\n\t\t<\/a>\n\t<\/div>\n\n\t<\/div><div class=\"is-card-hoyre\">\n\t<div class=\"teft-card hoyre-teft-card post-teft-card\">\n\t\t<a href=\"https:\/\/hoyre.no\/rendalen\/aktuelt\/gode-rom-for-ord-og-toner\/\" class=\"teft-card__primary-action\">\n\n\t\t\t\t\t<div class=\"teft-card__media teft-card__media--16-9\">\n\t\t\t\t\t\t<img loading=\"lazy\" decoding=\"async\" width=\"768\" height=\"512\" src=\"https:\/\/hoyre.no\/content\/uploads\/sites\/64\/2024\/01\/fda67ef4-c07c-4588-948f-e26919f8c81b-768x512.jpg\" class=\"attachment-medium_large size-medium_large\" alt=\"Illustrasjonsfoto\" srcset=\"https:\/\/hoyre.no\/content\/uploads\/sites\/64\/2024\/01\/fda67ef4-c07c-4588-948f-e26919f8c81b-768x512.jpg 768w, https:\/\/hoyre.no\/content\/uploads\/sites\/64\/2024\/01\/fda67ef4-c07c-4588-948f-e26919f8c81b-300x200.jpg 300w, https:\/\/hoyre.no\/content\/uploads\/sites\/64\/2024\/01\/fda67ef4-c07c-4588-948f-e26919f8c81b-1024x682.jpg 1024w, https:\/\/hoyre.no\/content\/uploads\/sites\/64\/2024\/01\/fda67ef4-c07c-4588-948f-e26919f8c81b-1536x1024.jpg 1536w, https:\/\/hoyre.no\/content\/uploads\/sites\/64\/2024\/01\/fda67ef4-c07c-4588-948f-e26919f8c81b.jpg 2000w\" sizes=\"auto, (max-width: 768px) 100vw, 768px\" \/>\t\t<\/div>\n\t\t\n\t\t\t<div class=\"teft-card__content-wrapper\">\n\t\t\t\t<div class=\"teft-card__secondary\">\n\t\t\t\t\t\n\t\t\t\t\t\t\t\t<div class=\"teft-card__meta\">\n\t\t\t\t\t\t\t\t\t<span class=\"post-date\">22. jan 2024<\/span>\n\n\t\t\t\t\t\t\t\t\t\t\t\t\t\t\t\t\t<\/div>\n\t\t\t\t\t\t\t\t\t\t\t<\/div>\n\n\t\t\t\t<div class=\"teft-card__primary\">\n\t\t\t\t\t<h2 class=\"teft-card__title\">Gode rom for ord og toner&nbsp;<span class=\"teft-card__primary-title-append\"><\/span><\/h2>\t\t\t\t<\/div>\n\t\t\t<\/div>\n\t\t<\/a>\n\t<\/div>\n\n\t<\/div><div class=\"is-card-hoyre\">\n\t<div class=\"teft-card hoyre-teft-card post-teft-card\">\n\t\t<a href=\"https:\/\/hoyre.no\/rendalen\/aktuelt\/sporsmal-til-kommunestyremotet-om-kvalitet-pa-streaming-og-opptak-av-motene-i-kommunestyret\/\" class=\"teft-card__primary-action\">\n\n\t\t\t\t\t<div class=\"teft-card__media teft-card__media--16-9\">\n\t\t\t\t\t\t<img loading=\"lazy\" decoding=\"async\" width=\"768\" height=\"429\" src=\"https:\/\/hoyre.no\/content\/uploads\/sites\/64\/2023\/11\/Streaming-kommunestyremote-768x429.jpg\" class=\"attachment-medium_large size-medium_large\" alt=\"Skjermdump av kommunestyrem\u00f8te 23.11.2023\" srcset=\"https:\/\/hoyre.no\/content\/uploads\/sites\/64\/2023\/11\/Streaming-kommunestyremote-768x429.jpg 768w, https:\/\/hoyre.no\/content\/uploads\/sites\/64\/2023\/11\/Streaming-kommunestyremote-300x167.jpg 300w, https:\/\/hoyre.no\/content\/uploads\/sites\/64\/2023\/11\/Streaming-kommunestyremote-1024x571.jpg 1024w, https:\/\/hoyre.no\/content\/uploads\/sites\/64\/2023\/11\/Streaming-kommunestyremote.jpg 1061w\" sizes=\"auto, (max-width: 768px) 100vw, 768px\" \/>\t\t<\/div>\n\t\t\n\t\t\t<div class=\"teft-card__content-wrapper\">\n\t\t\t\t<div class=\"teft-card__secondary\">\n\t\t\t\t\t\n\t\t\t\t\t\t\t\t<div class=\"teft-card__meta\">\n\t\t\t\t\t\t\t\t\t<span class=\"post-date\">28. nov 2023<\/span>\n\n\t\t\t\t\t\t\t\t\t\t\t\t\t\t\t\t\t<\/div>\n\t\t\t\t\t\t\t\t\t\t\t<\/div>\n\n\t\t\t\t<div class=\"teft-card__primary\">\n\t\t\t\t\t<h2 class=\"teft-card__title\">Sp\u00f8rsm\u00e5l til kommunestyrem\u00f8tet om kvalitet p\u00e5 streaming og opptak av m\u00f8tene i kommunestyret&nbsp;<span class=\"teft-card__primary-title-append\"><\/span><\/h2>\t\t\t\t<\/div>\n\t\t\t<\/div>\n\t\t<\/a>\n\t<\/div>\n\n\t<\/div><\/div>\t<\/div>\n<\/div>\n","protected":false},"excerpt":{"rendered":"","protected":false},"author":20885,"featured_media":0,"comment_status":"closed","ping_status":"closed","sticky":false,"template":"","format":"standard","meta":{"teft_cards_image_url":"","teft_cards_custom_pretitle":"","teft_cards_image_id":57,"teft_cards_image_focal_point_x":0.5,"teft_cards_image_focal_point_y":0.5,"teft_cards_title":"","teft_cards_excerpt":"","teft_show_chapters":false,"author_display_name":"","footnotes":""},"category":[1],"post_tag":[],"hoyre-visibility":[],"article-type":[],"politician":[],"class_list":["post-52","post","type-post","status-publish","format-standard","hentry","category-nyheter"],"yoast_head":"<!-- This site is optimized with the Yoast SEO plugin v26.6 - https:\/\/yoast.com\/wordpress\/plugins\/seo\/ -->\n<title>Anders Ki\u00e6r, Rendalen H\u00f8yre sin ordf\u00f8rerkandidat til h\u00f8sten valg - Rendalen H\u00f8yre<\/title>\n<meta name=\"robots\" content=\"index, follow, max-snippet:-1, max-image-preview:large, max-video-preview:-1\" \/>\n<link rel=\"canonical\" href=\"https:\/\/hoyre.no\/rendalen\/aktuelt\/anders-kiaer-rendalen-hoyre-sin-ordforerkandidat-til-hosten-valg\/\" \/>\n<meta property=\"og:locale\" content=\"nb_NO\" \/>\n<meta property=\"og:type\" content=\"article\" \/>\n<meta property=\"og:title\" content=\"Anders Ki\u00e6r, Rendalen H\u00f8yre sin ordf\u00f8rerkandidat til h\u00f8sten valg - Rendalen H\u00f8yre\" \/>\n<meta property=\"og:url\" content=\"https:\/\/hoyre.no\/rendalen\/aktuelt\/anders-kiaer-rendalen-hoyre-sin-ordforerkandidat-til-hosten-valg\/\" \/>\n<meta property=\"og:site_name\" content=\"Rendalen H\u00f8yre\" \/>\n<meta property=\"article:published_time\" content=\"2023-02-13T12:59:51+00:00\" \/>\n<meta property=\"article:modified_time\" content=\"2023-06-07T19:22:41+00:00\" \/>\n<meta property=\"og:image\" content=\"https:\/\/hoyre.no\/content\/uploads\/sites\/64\/2023\/11\/Streaming-kommunestyremote-1024x571.jpg\" \/>\n<meta name=\"author\" content=\"Maren Kv\u00e6rness Halberg\" \/>\n<meta name=\"twitter:card\" content=\"summary_large_image\" \/>\n<meta name=\"twitter:label1\" content=\"Skrevet av\" \/>\n\t<meta name=\"twitter:data1\" content=\"Maren Kv\u00e6rness Halberg\" \/>\n\t<meta name=\"twitter:label2\" content=\"Ansl. lesetid\" \/>\n\t<meta name=\"twitter:data2\" content=\"2 minutter\" \/>\n<script type=\"application\/ld+json\" class=\"yoast-schema-graph\">{\"@context\":\"https:\/\/schema.org\",\"@graph\":[{\"@type\":\"NewsArticle\",\"@id\":\"https:\/\/hoyre.no\/rendalen\/aktuelt\/anders-kiaer-rendalen-hoyre-sin-ordforerkandidat-til-hosten-valg\/\",\"url\":\"https:\/\/hoyre.no\/rendalen\/aktuelt\/anders-kiaer-rendalen-hoyre-sin-ordforerkandidat-til-hosten-valg\/\",\"name\":\"Anders Ki\u00e6r, Rendalen H\u00f8yre sin ordf\u00f8rerkandidat til h\u00f8sten valg - Rendalen H\u00f8yre\",\"isPartOf\":{\"@id\":\"https:\/\/hoyre.no\/rendalen\/#website\"},\"datePublished\":\"2023-02-13T12:59:51+00:00\",\"dateModified\":\"2023-06-07T19:22:41+00:00\",\"author\":{\"@id\":\"https:\/\/hoyre.no\/rendalen\/#\/schema\/person\/f66bc8cab9f4230666268f595f9731c8\"},\"breadcrumb\":{\"@id\":\"https:\/\/hoyre.no\/rendalen\/aktuelt\/anders-kiaer-rendalen-hoyre-sin-ordforerkandidat-til-hosten-valg\/#breadcrumb\"},\"inLanguage\":\"nb-NO\",\"potentialAction\":[{\"@type\":\"ReadAction\",\"target\":[\"https:\/\/hoyre.no\/rendalen\/aktuelt\/anders-kiaer-rendalen-hoyre-sin-ordforerkandidat-til-hosten-valg\/\"]}]},{\"@type\":\"BreadcrumbList\",\"@id\":\"https:\/\/hoyre.no\/rendalen\/aktuelt\/anders-kiaer-rendalen-hoyre-sin-ordforerkandidat-til-hosten-valg\/#breadcrumb\",\"itemListElement\":[{\"@type\":\"ListItem\",\"position\":1,\"name\":\"Til hoyre.no\",\"item\":\"https:\/\/hoyre.no\"},{\"@type\":\"ListItem\",\"position\":2,\"name\":\"Hjem\",\"item\":\"https:\/\/hoyre.no\/rendalen\/\"},{\"@type\":\"ListItem\",\"position\":3,\"name\":\"Anders Ki\u00e6r, Rendalen H\u00f8yre sin ordf\u00f8rerkandidat til h\u00f8sten valg\"}]},{\"@type\":\"WebSite\",\"@id\":\"https:\/\/hoyre.no\/rendalen\/#website\",\"url\":\"https:\/\/hoyre.no\/rendalen\/\",\"name\":\"Rendalen H\u00f8yre\",\"description\":\"Bare enda et H\u00f8yres nettsteder-nettsted\",\"inLanguage\":\"nb-NO\"},{\"@type\":\"Person\",\"@id\":\"https:\/\/hoyre.no\/rendalen\/#\/schema\/person\/f66bc8cab9f4230666268f595f9731c8\",\"name\":\"Maren Kv\u00e6rness Halberg\",\"image\":{\"@type\":\"ImageObject\",\"inLanguage\":\"nb-NO\",\"@id\":\"https:\/\/hoyre.no\/rendalen\/#\/schema\/person\/image\/\",\"url\":\"https:\/\/secure.gravatar.com\/avatar\/fd5475f02f28157e090a7c25a28804eddb5b700da85f26052b3a9bb2ca60c104?s=96&d=mm&r=g\",\"contentUrl\":\"https:\/\/secure.gravatar.com\/avatar\/fd5475f02f28157e090a7c25a28804eddb5b700da85f26052b3a9bb2ca60c104?s=96&d=mm&r=g\",\"caption\":\"Maren Kv\u00e6rness Halberg\"},\"url\":\"https:\/\/hoyre.no\/rendalen\/aktuelt\/author\/m50479252\/\"}]}<\/script>\n<!-- \/ Yoast SEO plugin. -->","yoast_head_json":{"title":"Anders Ki\u00e6r, Rendalen H\u00f8yre sin ordf\u00f8rerkandidat til h\u00f8sten valg - Rendalen H\u00f8yre","robots":{"index":"index","follow":"follow","max-snippet":"max-snippet:-1","max-image-preview":"max-image-preview:large","max-video-preview":"max-video-preview:-1"},"canonical":"https:\/\/hoyre.no\/rendalen\/aktuelt\/anders-kiaer-rendalen-hoyre-sin-ordforerkandidat-til-hosten-valg\/","og_locale":"nb_NO","og_type":"article","og_title":"Anders Ki\u00e6r, Rendalen H\u00f8yre sin ordf\u00f8rerkandidat til h\u00f8sten valg - Rendalen H\u00f8yre","og_url":"https:\/\/hoyre.no\/rendalen\/aktuelt\/anders-kiaer-rendalen-hoyre-sin-ordforerkandidat-til-hosten-valg\/","og_site_name":"Rendalen H\u00f8yre","article_published_time":"2023-02-13T12:59:51+00:00","article_modified_time":"2023-06-07T19:22:41+00:00","og_image":[{"url":"https:\/\/hoyre.no\/content\/uploads\/sites\/64\/2023\/11\/Streaming-kommunestyremote-1024x571.jpg","width":"","height":"","type":""}],"author":"Maren Kv\u00e6rness Halberg","twitter_card":"summary_large_image","twitter_misc":{"Skrevet av":"Maren Kv\u00e6rness Halberg","Ansl. lesetid":"2 minutter"},"schema":{"@context":"https:\/\/schema.org","@graph":[{"@type":"NewsArticle","@id":"https:\/\/hoyre.no\/rendalen\/aktuelt\/anders-kiaer-rendalen-hoyre-sin-ordforerkandidat-til-hosten-valg\/","url":"https:\/\/hoyre.no\/rendalen\/aktuelt\/anders-kiaer-rendalen-hoyre-sin-ordforerkandidat-til-hosten-valg\/","name":"Anders Ki\u00e6r, Rendalen H\u00f8yre sin ordf\u00f8rerkandidat til h\u00f8sten valg - Rendalen H\u00f8yre","isPartOf":{"@id":"https:\/\/hoyre.no\/rendalen\/#website"},"datePublished":"2023-02-13T12:59:51+00:00","dateModified":"2023-06-07T19:22:41+00:00","author":{"@id":"https:\/\/hoyre.no\/rendalen\/#\/schema\/person\/f66bc8cab9f4230666268f595f9731c8"},"breadcrumb":{"@id":"https:\/\/hoyre.no\/rendalen\/aktuelt\/anders-kiaer-rendalen-hoyre-sin-ordforerkandidat-til-hosten-valg\/#breadcrumb"},"inLanguage":"nb-NO","potentialAction":[{"@type":"ReadAction","target":["https:\/\/hoyre.no\/rendalen\/aktuelt\/anders-kiaer-rendalen-hoyre-sin-ordforerkandidat-til-hosten-valg\/"]}]},{"@type":"BreadcrumbList","@id":"https:\/\/hoyre.no\/rendalen\/aktuelt\/anders-kiaer-rendalen-hoyre-sin-ordforerkandidat-til-hosten-valg\/#breadcrumb","itemListElement":[{"@type":"ListItem","position":1,"name":"Til hoyre.no","item":"https:\/\/hoyre.no"},{"@type":"ListItem","position":2,"name":"Hjem","item":"https:\/\/hoyre.no\/rendalen\/"},{"@type":"ListItem","position":3,"name":"Anders Ki\u00e6r, Rendalen H\u00f8yre sin ordf\u00f8rerkandidat til h\u00f8sten valg"}]},{"@type":"WebSite","@id":"https:\/\/hoyre.no\/rendalen\/#website","url":"https:\/\/hoyre.no\/rendalen\/","name":"Rendalen H\u00f8yre","description":"Bare enda et H\u00f8yres nettsteder-nettsted","inLanguage":"nb-NO"},{"@type":"Person","@id":"https:\/\/hoyre.no\/rendalen\/#\/schema\/person\/f66bc8cab9f4230666268f595f9731c8","name":"Maren Kv\u00e6rness Halberg","image":{"@type":"ImageObject","inLanguage":"nb-NO","@id":"https:\/\/hoyre.no\/rendalen\/#\/schema\/person\/image\/","url":"https:\/\/secure.gravatar.com\/avatar\/fd5475f02f28157e090a7c25a28804eddb5b700da85f26052b3a9bb2ca60c104?s=96&d=mm&r=g","contentUrl":"https:\/\/secure.gravatar.com\/avatar\/fd5475f02f28157e090a7c25a28804eddb5b700da85f26052b3a9bb2ca60c104?s=96&d=mm&r=g","caption":"Maren Kv\u00e6rness Halberg"},"url":"https:\/\/hoyre.no\/rendalen\/aktuelt\/author\/m50479252\/"}]}},"distributor_meta":false,"distributor_terms":false,"distributor_media":false,"distributor_original_site_name":"Rendalen H\u00f8yre","distributor_original_site_url":"https:\/\/hoyre.no\/rendalen","push-errors":false,"_links":{"self":[{"href":"https:\/\/hoyre.no\/rendalen\/wp-json\/wp\/v2\/posts\/52","targetHints":{"allow":["GET"]}}],"collection":[{"href":"https:\/\/hoyre.no\/rendalen\/wp-json\/wp\/v2\/posts"}],"about":[{"href":"https:\/\/hoyre.no\/rendalen\/wp-json\/wp\/v2\/types\/post"}],"author":[{"embeddable":true,"href":"https:\/\/hoyre.no\/rendalen\/wp-json\/wp\/v2\/users\/20885"}],"replies":[{"embeddable":true,"href":"https:\/\/hoyre.no\/rendalen\/wp-json\/wp\/v2\/comments?post=52"}],"version-history":[{"count":2,"href":"https:\/\/hoyre.no\/rendalen\/wp-json\/wp\/v2\/posts\/52\/revisions"}],"predecessor-version":[{"id":70,"href":"https:\/\/hoyre.no\/rendalen\/wp-json\/wp\/v2\/posts\/52\/revisions\/70"}],"wp:attachment":[{"href":"https:\/\/hoyre.no\/rendalen\/wp-json\/wp\/v2\/media?parent=52"}],"wp:term":[{"taxonomy":"category","embeddable":true,"href":"https:\/\/hoyre.no\/rendalen\/wp-json\/wp\/v2\/category?post=52"},{"taxonomy":"post_tag","embeddable":true,"href":"https:\/\/hoyre.no\/rendalen\/wp-json\/wp\/v2\/post_tag?post=52"},{"taxonomy":"hoyre-visibility","embeddable":true,"href":"https:\/\/hoyre.no\/rendalen\/wp-json\/wp\/v2\/hoyre-visibility?post=52"},{"taxonomy":"article-type","embeddable":true,"href":"https:\/\/hoyre.no\/rendalen\/wp-json\/wp\/v2\/article-type?post=52"},{"taxonomy":"politician","embeddable":true,"href":"https:\/\/hoyre.no\/rendalen\/wp-json\/wp\/v2\/politician?post=52"}],"curies":[{"name":"wp","href":"https:\/\/api.w.org\/{rel}","templated":true}]}}