{"id":980,"date":"2025-03-19T15:15:04","date_gmt":"2025-03-19T14:15:04","guid":{"rendered":"https:\/\/hoyre.no\/ringerike\/?p=980"},"modified":"2025-03-19T15:15:04","modified_gmt":"2025-03-19T14:15:04","slug":"psykiatrisk-akutt-helsevern-i-ringerike-vi-er-i-gang","status":"publish","type":"post","link":"https:\/\/hoyre.no\/ringerike\/aktuelt\/psykiatrisk-akutt-helsevern-i-ringerike-vi-er-i-gang\/","title":{"rendered":"Psykiatrisk akutt helsevern i Ringerike &#8211; vi er i gang!"},"content":{"rendered":"\n<p class=\"preamble\">Psykisk uhelse, ikke minst blant unge, er et \u00f8kende problem i Norge.\u00a0\u00a0Psykiske helseutfordringer er utbredt og voksende. Angst og depresjon er lidelsene som rammer flest. 1 av 4 vil f\u00e5 en angstlidelse i l\u00f8pet av livet og 1 av 5 vil bli rammet av depresjon. En av 10 ungdommer har en spiseforstyrrelse, og annenhver kvinnelig student oppgir at de har psykiske helseplager.<\/p>\t\t\t<div class=\"post-meta wp-block teft-byline-wrapper\">\n\t\t\t\t<div class=\"top\">\n\t\t\t\t\t<div class=\"signature\">\n\t\t\t\t\t\t<div class=\"teft-byline\">\n\t\t\t\t\t\t\t\t\t\t\t\t\t\t<div>\n\t\t\t\t\t\t\t\t<h3>H\u00f8yres redaksjon<\/h3>\t\t\t\t\t\t\t\t\n\t\t\t\t\t\t\t\t\t\t\t\t\t\t\t\t\t<span class=\"date\">Sist oppdatert: 19. mars 2025<\/span>\n\t\t\t\t\t\t\t\t\t\t\t\t\t\t\t\t\t\t\t\t\t\t\t\t\t<span class=\"reading-time\" itemprop=\"timeRequired\" content=\"PT4M\"><em>Ca. 4 minutter lesetid<\/em><\/span>\n\t\t\t\t\t\t\t\t\t\t\t\t\t\t\t<\/div>\n\t\t\t\t\t\t<\/div>\n\t\t\t\t\t<\/div>\n\t\t\t\t\t\t<div class=\"sharing\">\n\t\t<a class=\"share-button share-link copy-link\" data-copy=\"https:\/\/hoyre.no\/ringerike\/aktuelt\/psykiatrisk-akutt-helsevern-i-ringerike-vi-er-i-gang\/\" target=\"_blank\"><span class=\"screen-reader-text\">Del link<\/span><\/a>\n\t\t<a class=\"share-button share-twitter\" href=\"http:\/\/twitter.com\/share?text=Psykiatrisk akutt helsevern i Ringerike &#8211; vi er i gang!&#038;url=https:\/\/hoyre.no\/ringerike\/aktuelt\/psykiatrisk-akutt-helsevern-i-ringerike-vi-er-i-gang\/&#038;hashtags=Hoyre\" target=\"_blank\"><span class=\"screen-reader-text\">Del p\u00e5 twitter<\/span><\/a>\n\t\t<a class=\"share-button share-facebook\" href=\"https:\/\/www.facebook.com\/sharer\/sharer.php?u=https:\/\/hoyre.no\/ringerike\/aktuelt\/psykiatrisk-akutt-helsevern-i-ringerike-vi-er-i-gang\/\" target=\"_blank\"><span class=\"screen-reader-text\">Del p\u00e5 facebook<\/span><\/a>\n\t<\/div>\n\t\t\t\t\t<\/div>\n\t\t\t<\/div>\n\n\t\t\t<figure class=\"hoyre-image-wrapper\"><div class=\"hoyre-image\"><img loading=\"lazy\" decoding=\"async\" width=\"3417\" height=\"1300\" src=\"https:\/\/hoyre.no\/content\/uploads\/sites\/166\/2025\/01\/Muligheter_for_alle_-_Toppbilde_Facebook_BokmaCC8Al.png\" class=\"attachment-scaled size-scaled\" alt=\"\" style=\"object-position: 50% 50%\" srcset=\"https:\/\/hoyre.no\/content\/uploads\/sites\/166\/2025\/01\/Muligheter_for_alle_-_Toppbilde_Facebook_BokmaCC8Al.png 3417w, https:\/\/hoyre.no\/content\/uploads\/sites\/166\/2025\/01\/Muligheter_for_alle_-_Toppbilde_Facebook_BokmaCC8Al-300x114.png 300w, https:\/\/hoyre.no\/content\/uploads\/sites\/166\/2025\/01\/Muligheter_for_alle_-_Toppbilde_Facebook_BokmaCC8Al-1024x390.png 1024w, https:\/\/hoyre.no\/content\/uploads\/sites\/166\/2025\/01\/Muligheter_for_alle_-_Toppbilde_Facebook_BokmaCC8Al-768x292.png 768w, https:\/\/hoyre.no\/content\/uploads\/sites\/166\/2025\/01\/Muligheter_for_alle_-_Toppbilde_Facebook_BokmaCC8Al-1536x584.png 1536w, https:\/\/hoyre.no\/content\/uploads\/sites\/166\/2025\/01\/Muligheter_for_alle_-_Toppbilde_Facebook_BokmaCC8Al-2048x779.png 2048w\" sizes=\"auto, (max-width: 3417px) 100vw, 3417px\" \/><\/div><\/figure>\n\n\n\n\n<p><strong>Hjelp som hjelper<\/strong><\/p>\n\n\n\n<p>H\u00f8yre startet 2025 med nytt periodens tema. Tema de neste m\u00e5nedene er psykisk helse, der H\u00f8yres viktigste l\u00f8sning er \u00e5 gi hjelp som faktisk hjelper. Det inneb\u00e6rer at pasienten f\u00e5r hjelp til \u00e5 mestre psykiske helseplager og at helsehjelpen blir bedre tilpasset den enkelte pasient, med bedre oppf\u00f8lging, st\u00f8rre valgfrihet, mer informasjon og raskere behandling.&nbsp;<\/p>\n\n\n\n<p><strong>Behov for \u00f8yeblikkelig helsehjelp \u00f8ker<\/strong><\/p>\n\n\n\n<p>Behov for \u00f8yeblikkelig helsehjelp p\u00e5 helg og kveldstid har \u00f8kt de siste \u00e5rene, det gjelder alle sykdommer.<\/p>\n\n\n\n<p>Men innenfor selvmordsfare og akutte psykiske lidelser er det viktig at de ansatte ved legevakten f\u00f8ler seg godt rustet til ogs\u00e5 \u00e5 kunne ta godt i mot disse pasientene. Selvmord er et stort folkehelseproblem i Norge. I Ringerike ligger selvmordsraten over landsgjennomsnittet.<\/p>\n\n\n\n<p>Psykisk uhelse, ikke minst blant unge, er et \u00f8kende problem i Norge.&nbsp;&nbsp;Psykiske helseutfordringer er utbredt og voksende. Angst og depresjon er lidelsene som rammer flest. 1 av 4 vil f\u00e5 en angstlidelse i l\u00f8pet av livet og 1 av 5 vil bli rammet av depresjon. En av 10 ungdommer har en spiseforstyrrelse, og annenhver kvinnelig student oppgir at de har psykiske helseplager.<\/p>\n\n\n\n<p><strong>Hjelp som hjelper<\/strong><\/p>\n\n\n\n<p>Det settes n\u00e5 stort fokus p\u00e5 \u00e5 forbedre tilbudet innen akutt psykiatri i Norge. Det inkluderer \u00f8kt tilgjengelighet i akuttbehandling, bedre resurser for helsepersonell, og videreutdanning og spesialiserting for ansatte i akutt tjenesten.<\/p>\n\n\n\n<p><strong>Legevakten p\u00e5 Ringerike er i gang<\/strong><\/p>\n\n\n\n<p>Ringerike interkommunale legevakt er allerede godt i gang med dette arbeidet.&nbsp;&nbsp;Kommunestyret i Ringerike vedtok 30.05.24 enstemmig m\u00e5l og tiltak for \u00e5 st\u00f8tte \u00abProsjekt psykiatri-styrket legevakttilbud\u00bb.&nbsp;&nbsp;Ringerike interkommunale legevakt er en legevakt for kommunene Ringerike, Hole, Jevnaker, Fl\u00e5, Kr\u00f8dsherad, Modum og Sigdal.<\/p>\n\n\n\n<p>M\u00e5let for \u00abProsjekt psykiatri-styrket legevakttilbud\u00bb ved Ringerike Interkommunale legevakt er:&nbsp;&nbsp;\u00c5 s\u00f8rge for at akutte pasienter innenfor psykiatri f\u00e5r et likeverdig helsetilbud som andre akutte pasienter.<\/p>\n\n\n\n<p>Det betyr at helsepersonellet m\u00e5 ha de n\u00f8dvendige verkt\u00f8y for \u00e5 l\u00f8se oppgavene effektivt og forsvarlig og ha et godt samarbeide mellom helsetjenestene.<\/p>\n\n\n\n<p>Ringerike Sykehus tilbyr ulike muligheter for ekstra utdannelse og kompetanseheving innen psykiatri for ansatte p\u00e5 legevakten. Blant annet spesialiserte kurs og oppl\u00e6ring i akutt psykiatri og h\u00e5ndtering av pasienter med psykiske lidelser.&nbsp;<\/p>\n\n\n\n<p>Ansatte skal f\u00f8le seg trygge&nbsp;p\u00e5 at de har den kunnskapen som skal til for \u00e5 kunne h\u00e5ndtere akutte psykiske kriser ved kommunikasjon med pasienter med psykiske lidelser. Intern oppl\u00e6ring og erfaringsutveksling ved Ringerike interkommunale legevakt er godt i gang.<\/p>\n\n\n\n<p>M\u00e5let er alts\u00e5 at de ansatte skal ha nok kompetanse for \u00e5 gi akutt psykiatrisk helsehjelp.<\/p>\n\n\n\n<p>Alle samarbeidskommunene i Ringerike interkommunale legevakt er deltakere i dette arbeidet.<\/p>\n\n\n\n<p><strong>Partiet H\u00f8yre<\/strong><\/p>\n\n\n\n<p>I partiet h\u00f8yres program settes det stort fokus p\u00e5 psykisk helse, og helse hjelp som virkelig virker.<\/p>\n\n\n\n<p>Pasientene m\u00e5 f\u00e5 den hjelpen de trenger for \u00e5 mestre psykiske helseplager, og at denne hjelpen kommer fort og er tilpasset den enkelte pasient bedre enn i dag. Med bedre oppf\u00f8lging, st\u00f8rre valgfrihet, mer informasjon og ikke minst raskere behandling er n\u00f8dvendig. Det b\u00f8r bli \u00f8kt tilgjengelighet i akuttbehandling, bedre resurser for helsepersonell, og videreutdanning og spesialisering for ansatte i akutt tjenesten.<\/p>\n\n\n\n<p>Det er derfor gledelig \u00e5 kunne v\u00e6re med p\u00e5 at kommunestyret vedtok \u00e5 etablere prosjekt psykiatri &#8211; styrket legevakttilbud i 2024. Og at dette store forbedringsprosjektet vil strekke seg over flere \u00e5r.<\/p>\n\n\n\n<p><\/p>\n\n\n\n<p><strong>Av Lise Bye J\u00f8ntvedt og Unni Carlsen<\/strong><\/p>\n\n\n<div class=\"tags\">\n\t<\/div>\n<div class=\"post-footer alignfull has-background block-editor-block-list__block\" data-align=full>\n\t<div class=\"post-footer-inner\">\n\t\t<h3>Relaterte artikler<\/h3>\n\t\t<div class=\"related-content\"><div class=\"is-card-hoyre\">\n\t<div class=\"teft-card hoyre-teft-card post-teft-card\">\n\t\t<a href=\"https:\/\/hoyre.no\/ringerike\/aktuelt\/runar-johansen-blir-ordforer-samarbeidspartiene-enige\/\" class=\"teft-card__primary-action\">\n\n\t\t\t\t\t<div class=\"teft-card__media teft-card__media--16-9\">\n\t\t\t\t\t\t<img loading=\"lazy\" decoding=\"async\" width=\"768\" height=\"805\" src=\"https:\/\/hoyre.no\/content\/uploads\/sites\/166\/2023\/09\/C88B7256-4E46-4C44-BDEE-0C4E7AB97E0B-1-768x805.jpg\" class=\"attachment-medium_large size-medium_large\" alt=\"\" srcset=\"https:\/\/hoyre.no\/content\/uploads\/sites\/166\/2023\/09\/C88B7256-4E46-4C44-BDEE-0C4E7AB97E0B-1-768x805.jpg 768w, https:\/\/hoyre.no\/content\/uploads\/sites\/166\/2023\/09\/C88B7256-4E46-4C44-BDEE-0C4E7AB97E0B-1-286x300.jpg 286w, https:\/\/hoyre.no\/content\/uploads\/sites\/166\/2023\/09\/C88B7256-4E46-4C44-BDEE-0C4E7AB97E0B-1-977x1024.jpg 977w, https:\/\/hoyre.no\/content\/uploads\/sites\/166\/2023\/09\/C88B7256-4E46-4C44-BDEE-0C4E7AB97E0B-1-1465x1536.jpg 1465w, https:\/\/hoyre.no\/content\/uploads\/sites\/166\/2023\/09\/C88B7256-4E46-4C44-BDEE-0C4E7AB97E0B-1-1953x2048.jpg 1953w\" sizes=\"auto, (max-width: 768px) 100vw, 768px\" \/>\t\t<\/div>\n\t\t\n\t\t\t<div class=\"teft-card__content-wrapper\">\n\t\t\t\t<div class=\"teft-card__secondary\">\n\t\t\t\t\t\n\t\t\t\t\t\t\t\t<div class=\"teft-card__meta\">\n\t\t\t\t\t\t\t\t\t<span class=\"post-date\">26. sep 2023<\/span>\n\n\t\t\t\t\t\t\t\t\t<span class=\"post-category\">Nyheter<\/span>\t\t\t\t\t\t\t\t<\/div>\n\t\t\t\t\t\t\t\t\t\t\t<\/div>\n\n\t\t\t\t<div class=\"teft-card__primary\">\n\t\t\t\t\t<h2 class=\"teft-card__title\">Runar Johansen blir ordf\u00f8rer-Samarbeidspartiene enige&nbsp;<span class=\"teft-card__primary-title-append\"><\/span><\/h2>\t\t\t\t<\/div>\n\t\t\t<\/div>\n\t\t<\/a>\n\t<\/div>\n\n\t<\/div><div class=\"is-card-hoyre\">\n\t<div class=\"teft-card hoyre-teft-card post-teft-card\">\n\t\t<a href=\"https:\/\/hoyre.no\/ringerike\/aktuelt\/erna-pa-besok-i-honefoss\/\" class=\"teft-card__primary-action\">\n\n\t\t\t\t\t<div class=\"teft-card__media teft-card__media--16-9\">\n\t\t\t\t\t\t<img loading=\"lazy\" decoding=\"async\" width=\"768\" height=\"490\" src=\"https:\/\/hoyre.no\/content\/uploads\/sites\/166\/2023\/09\/Erna-og-Runar-768x490.jpg\" class=\"attachment-medium_large size-medium_large\" alt=\"\" srcset=\"https:\/\/hoyre.no\/content\/uploads\/sites\/166\/2023\/09\/Erna-og-Runar-768x490.jpg 768w, https:\/\/hoyre.no\/content\/uploads\/sites\/166\/2023\/09\/Erna-og-Runar-300x192.jpg 300w, https:\/\/hoyre.no\/content\/uploads\/sites\/166\/2023\/09\/Erna-og-Runar-1024x654.jpg 1024w, https:\/\/hoyre.no\/content\/uploads\/sites\/166\/2023\/09\/Erna-og-Runar-1536x981.jpg 1536w, https:\/\/hoyre.no\/content\/uploads\/sites\/166\/2023\/09\/Erna-og-Runar.jpg 2000w\" sizes=\"auto, (max-width: 768px) 100vw, 768px\" \/>\t\t<\/div>\n\t\t\n\t\t\t<div class=\"teft-card__content-wrapper\">\n\t\t\t\t<div class=\"teft-card__secondary\">\n\t\t\t\t\t\n\t\t\t\t\t\t\t\t<div class=\"teft-card__meta\">\n\t\t\t\t\t\t\t\t\t<span class=\"post-date\">7. sep 2023<\/span>\n\n\t\t\t\t\t\t\t\t\t<span class=\"post-category\">Nyheter<\/span>\t\t\t\t\t\t\t\t<\/div>\n\t\t\t\t\t\t\t\t\t\t\t<\/div>\n\n\t\t\t\t<div class=\"teft-card__primary\">\n\t\t\t\t\t<h2 class=\"teft-card__title\">Erna p\u00e5 bes\u00f8k i H\u00f8nefoss&nbsp;<span class=\"teft-card__primary-title-append\"><\/span><\/h2>\t\t\t\t<\/div>\n\t\t\t<\/div>\n\t\t<\/a>\n\t<\/div>\n\n\t<\/div><div class=\"is-card-hoyre\">\n\t<div class=\"teft-card hoyre-teft-card post-teft-card\">\n\t\t<a href=\"https:\/\/hoyre.no\/ringerike\/aktuelt\/ringerike-hoyre-har-provenominasjonsmote-19-september-2024\/\" class=\"teft-card__primary-action\">\n\n\t\t\t\t\t<div class=\"teft-card__media teft-card__media--16-9\">\n\t\t\t\t\t\t<img loading=\"lazy\" decoding=\"async\" width=\"530\" height=\"412\" src=\"https:\/\/hoyre.no\/content\/uploads\/sites\/166\/2024\/07\/Kandidatbilde.png\" class=\"attachment-medium_large size-medium_large\" alt=\"\" srcset=\"https:\/\/hoyre.no\/content\/uploads\/sites\/166\/2024\/07\/Kandidatbilde.png 530w, https:\/\/hoyre.no\/content\/uploads\/sites\/166\/2024\/07\/Kandidatbilde-300x233.png 300w\" sizes=\"auto, (max-width: 530px) 100vw, 530px\" \/>\t\t<\/div>\n\t\t\n\t\t\t<div class=\"teft-card__content-wrapper\">\n\t\t\t\t<div class=\"teft-card__secondary\">\n\t\t\t\t\t\n\t\t\t\t\t\t\t\t<div class=\"teft-card__meta\">\n\t\t\t\t\t\t\t\t\t<span class=\"post-date\">21. aug 2024<\/span>\n\n\t\t\t\t\t\t\t\t\t\t\t\t\t\t\t\t\t<\/div>\n\t\t\t\t\t\t\t\t\t\t\t<\/div>\n\n\t\t\t\t<div class=\"teft-card__primary\">\n\t\t\t\t\t<h2 class=\"teft-card__title\">Kandidater&nbsp;<span class=\"teft-card__primary-title-append\"><\/span><\/h2>\t\t\t\t<\/div>\n\t\t\t<\/div>\n\t\t<\/a>\n\t<\/div>\n\n\t<\/div><\/div>\t<\/div>\n<\/div>\n","protected":false},"excerpt":{"rendered":"","protected":false},"author":14086,"featured_media":0,"comment_status":"closed","ping_status":"closed","sticky":false,"template":"","format":"standard","meta":{"teft_cards_image_url":"","teft_cards_custom_pretitle":"","teft_cards_image_id":0,"teft_cards_image_focal_point_x":0,"teft_cards_image_focal_point_y":0,"teft_cards_title":"","teft_cards_excerpt":"","teft_show_chapters":false,"author_display_name":"","footnotes":""},"category":[1],"post_tag":[],"hoyre-visibility":[],"article-type":[],"politician":[],"class_list":["post-980","post","type-post","status-publish","format-standard","hentry","category-nyheter"],"yoast_head":"<!-- This site is optimized with the Yoast SEO plugin v26.6 - https:\/\/yoast.com\/wordpress\/plugins\/seo\/ -->\n<title>Psykiatrisk akutt helsevern i Ringerike - vi er i gang! - Ringerike H\u00f8yre<\/title>\n<meta name=\"robots\" content=\"index, follow, max-snippet:-1, max-image-preview:large, max-video-preview:-1\" \/>\n<link rel=\"canonical\" href=\"https:\/\/hoyre.no\/ringerike\/aktuelt\/psykiatrisk-akutt-helsevern-i-ringerike-vi-er-i-gang\/\" \/>\n<meta property=\"og:locale\" content=\"nb_NO\" \/>\n<meta property=\"og:type\" content=\"article\" \/>\n<meta property=\"og:title\" content=\"Psykiatrisk akutt helsevern i Ringerike - vi er i gang! - Ringerike H\u00f8yre\" \/>\n<meta property=\"og:url\" content=\"https:\/\/hoyre.no\/ringerike\/aktuelt\/psykiatrisk-akutt-helsevern-i-ringerike-vi-er-i-gang\/\" \/>\n<meta property=\"og:site_name\" content=\"Ringerike H\u00f8yre\" \/>\n<meta property=\"article:published_time\" content=\"2025-03-19T14:15:04+00:00\" \/>\n<meta property=\"og:image\" content=\"https:\/\/hoyre.no\/content\/uploads\/sites\/166\/2024\/01\/IMG_0192.jpg\" \/>\n<meta name=\"author\" content=\"Benedicte Hundhammer\" \/>\n<meta name=\"twitter:card\" content=\"summary_large_image\" \/>\n<meta name=\"twitter:label1\" content=\"Skrevet av\" \/>\n\t<meta name=\"twitter:data1\" content=\"Benedicte Hundhammer\" \/>\n\t<meta name=\"twitter:label2\" content=\"Ansl. lesetid\" \/>\n\t<meta name=\"twitter:data2\" content=\"4 minutter\" \/>\n<script type=\"application\/ld+json\" class=\"yoast-schema-graph\">{\"@context\":\"https:\/\/schema.org\",\"@graph\":[{\"@type\":\"NewsArticle\",\"@id\":\"https:\/\/hoyre.no\/ringerike\/aktuelt\/psykiatrisk-akutt-helsevern-i-ringerike-vi-er-i-gang\/\",\"url\":\"https:\/\/hoyre.no\/ringerike\/aktuelt\/psykiatrisk-akutt-helsevern-i-ringerike-vi-er-i-gang\/\",\"name\":\"Psykiatrisk akutt helsevern i Ringerike - vi er i gang! - Ringerike H\u00f8yre\",\"isPartOf\":{\"@id\":\"https:\/\/hoyre.no\/ringerike\/#website\"},\"datePublished\":\"2025-03-19T14:15:04+00:00\",\"author\":{\"@id\":\"https:\/\/hoyre.no\/ringerike\/#\/schema\/person\/8d8ef01c179e5ff0cb58caa064c839ae\"},\"breadcrumb\":{\"@id\":\"https:\/\/hoyre.no\/ringerike\/aktuelt\/psykiatrisk-akutt-helsevern-i-ringerike-vi-er-i-gang\/#breadcrumb\"},\"inLanguage\":\"nb-NO\",\"potentialAction\":[{\"@type\":\"ReadAction\",\"target\":[\"https:\/\/hoyre.no\/ringerike\/aktuelt\/psykiatrisk-akutt-helsevern-i-ringerike-vi-er-i-gang\/\"]}]},{\"@type\":\"BreadcrumbList\",\"@id\":\"https:\/\/hoyre.no\/ringerike\/aktuelt\/psykiatrisk-akutt-helsevern-i-ringerike-vi-er-i-gang\/#breadcrumb\",\"itemListElement\":[{\"@type\":\"ListItem\",\"position\":1,\"name\":\"Til hoyre.no\",\"item\":\"https:\/\/hoyre.no\"},{\"@type\":\"ListItem\",\"position\":2,\"name\":\"Hjem\",\"item\":\"https:\/\/hoyre.no\/ringerike\/\"},{\"@type\":\"ListItem\",\"position\":3,\"name\":\"Psykiatrisk akutt helsevern i Ringerike &#8211; vi er i gang!\"}]},{\"@type\":\"WebSite\",\"@id\":\"https:\/\/hoyre.no\/ringerike\/#website\",\"url\":\"https:\/\/hoyre.no\/ringerike\/\",\"name\":\"Ringerike H\u00f8yre\",\"description\":\"Bare enda et H\u00f8yres nettsteder-nettsted\",\"inLanguage\":\"nb-NO\"},{\"@type\":\"Person\",\"@id\":\"https:\/\/hoyre.no\/ringerike\/#\/schema\/person\/8d8ef01c179e5ff0cb58caa064c839ae\",\"name\":\"Benedicte Hundhammer\",\"image\":{\"@type\":\"ImageObject\",\"inLanguage\":\"nb-NO\",\"@id\":\"https:\/\/hoyre.no\/ringerike\/#\/schema\/person\/image\/\",\"url\":\"https:\/\/secure.gravatar.com\/avatar\/1148be369a5db598b5dc88281d13522bab8debdcb92c37fb7f28025b65d473bb?s=96&d=mm&r=g\",\"contentUrl\":\"https:\/\/secure.gravatar.com\/avatar\/1148be369a5db598b5dc88281d13522bab8debdcb92c37fb7f28025b65d473bb?s=96&d=mm&r=g\",\"caption\":\"Benedicte Hundhammer\"},\"url\":\"https:\/\/hoyre.no\/ringerike\/aktuelt\/author\/m51961209\/\"}]}<\/script>\n<!-- \/ Yoast SEO plugin. -->","yoast_head_json":{"title":"Psykiatrisk akutt helsevern i Ringerike - vi er i gang! - Ringerike H\u00f8yre","robots":{"index":"index","follow":"follow","max-snippet":"max-snippet:-1","max-image-preview":"max-image-preview:large","max-video-preview":"max-video-preview:-1"},"canonical":"https:\/\/hoyre.no\/ringerike\/aktuelt\/psykiatrisk-akutt-helsevern-i-ringerike-vi-er-i-gang\/","og_locale":"nb_NO","og_type":"article","og_title":"Psykiatrisk akutt helsevern i Ringerike - vi er i gang! - Ringerike H\u00f8yre","og_url":"https:\/\/hoyre.no\/ringerike\/aktuelt\/psykiatrisk-akutt-helsevern-i-ringerike-vi-er-i-gang\/","og_site_name":"Ringerike H\u00f8yre","article_published_time":"2025-03-19T14:15:04+00:00","og_image":[{"url":"https:\/\/hoyre.no\/content\/uploads\/sites\/166\/2024\/01\/IMG_0192.jpg","width":"","height":"","type":""}],"author":"Benedicte Hundhammer","twitter_card":"summary_large_image","twitter_misc":{"Skrevet av":"Benedicte Hundhammer","Ansl. lesetid":"4 minutter"},"schema":{"@context":"https:\/\/schema.org","@graph":[{"@type":"NewsArticle","@id":"https:\/\/hoyre.no\/ringerike\/aktuelt\/psykiatrisk-akutt-helsevern-i-ringerike-vi-er-i-gang\/","url":"https:\/\/hoyre.no\/ringerike\/aktuelt\/psykiatrisk-akutt-helsevern-i-ringerike-vi-er-i-gang\/","name":"Psykiatrisk akutt helsevern i Ringerike - vi er i gang! - Ringerike H\u00f8yre","isPartOf":{"@id":"https:\/\/hoyre.no\/ringerike\/#website"},"datePublished":"2025-03-19T14:15:04+00:00","author":{"@id":"https:\/\/hoyre.no\/ringerike\/#\/schema\/person\/8d8ef01c179e5ff0cb58caa064c839ae"},"breadcrumb":{"@id":"https:\/\/hoyre.no\/ringerike\/aktuelt\/psykiatrisk-akutt-helsevern-i-ringerike-vi-er-i-gang\/#breadcrumb"},"inLanguage":"nb-NO","potentialAction":[{"@type":"ReadAction","target":["https:\/\/hoyre.no\/ringerike\/aktuelt\/psykiatrisk-akutt-helsevern-i-ringerike-vi-er-i-gang\/"]}]},{"@type":"BreadcrumbList","@id":"https:\/\/hoyre.no\/ringerike\/aktuelt\/psykiatrisk-akutt-helsevern-i-ringerike-vi-er-i-gang\/#breadcrumb","itemListElement":[{"@type":"ListItem","position":1,"name":"Til hoyre.no","item":"https:\/\/hoyre.no"},{"@type":"ListItem","position":2,"name":"Hjem","item":"https:\/\/hoyre.no\/ringerike\/"},{"@type":"ListItem","position":3,"name":"Psykiatrisk akutt helsevern i Ringerike &#8211; vi er i gang!"}]},{"@type":"WebSite","@id":"https:\/\/hoyre.no\/ringerike\/#website","url":"https:\/\/hoyre.no\/ringerike\/","name":"Ringerike H\u00f8yre","description":"Bare enda et H\u00f8yres nettsteder-nettsted","inLanguage":"nb-NO"},{"@type":"Person","@id":"https:\/\/hoyre.no\/ringerike\/#\/schema\/person\/8d8ef01c179e5ff0cb58caa064c839ae","name":"Benedicte Hundhammer","image":{"@type":"ImageObject","inLanguage":"nb-NO","@id":"https:\/\/hoyre.no\/ringerike\/#\/schema\/person\/image\/","url":"https:\/\/secure.gravatar.com\/avatar\/1148be369a5db598b5dc88281d13522bab8debdcb92c37fb7f28025b65d473bb?s=96&d=mm&r=g","contentUrl":"https:\/\/secure.gravatar.com\/avatar\/1148be369a5db598b5dc88281d13522bab8debdcb92c37fb7f28025b65d473bb?s=96&d=mm&r=g","caption":"Benedicte Hundhammer"},"url":"https:\/\/hoyre.no\/ringerike\/aktuelt\/author\/m51961209\/"}]}},"distributor_meta":false,"distributor_terms":false,"distributor_media":false,"distributor_original_site_name":"Ringerike H\u00f8yre","distributor_original_site_url":"https:\/\/hoyre.no\/ringerike","push-errors":false,"_links":{"self":[{"href":"https:\/\/hoyre.no\/ringerike\/wp-json\/wp\/v2\/posts\/980","targetHints":{"allow":["GET"]}}],"collection":[{"href":"https:\/\/hoyre.no\/ringerike\/wp-json\/wp\/v2\/posts"}],"about":[{"href":"https:\/\/hoyre.no\/ringerike\/wp-json\/wp\/v2\/types\/post"}],"author":[{"embeddable":true,"href":"https:\/\/hoyre.no\/ringerike\/wp-json\/wp\/v2\/users\/14086"}],"replies":[{"embeddable":true,"href":"https:\/\/hoyre.no\/ringerike\/wp-json\/wp\/v2\/comments?post=980"}],"version-history":[{"count":1,"href":"https:\/\/hoyre.no\/ringerike\/wp-json\/wp\/v2\/posts\/980\/revisions"}],"predecessor-version":[{"id":981,"href":"https:\/\/hoyre.no\/ringerike\/wp-json\/wp\/v2\/posts\/980\/revisions\/981"}],"wp:attachment":[{"href":"https:\/\/hoyre.no\/ringerike\/wp-json\/wp\/v2\/media?parent=980"}],"wp:term":[{"taxonomy":"category","embeddable":true,"href":"https:\/\/hoyre.no\/ringerike\/wp-json\/wp\/v2\/category?post=980"},{"taxonomy":"post_tag","embeddable":true,"href":"https:\/\/hoyre.no\/ringerike\/wp-json\/wp\/v2\/post_tag?post=980"},{"taxonomy":"hoyre-visibility","embeddable":true,"href":"https:\/\/hoyre.no\/ringerike\/wp-json\/wp\/v2\/hoyre-visibility?post=980"},{"taxonomy":"article-type","embeddable":true,"href":"https:\/\/hoyre.no\/ringerike\/wp-json\/wp\/v2\/article-type?post=980"},{"taxonomy":"politician","embeddable":true,"href":"https:\/\/hoyre.no\/ringerike\/wp-json\/wp\/v2\/politician?post=980"}],"curies":[{"name":"wp","href":"https:\/\/api.w.org\/{rel}","templated":true}]}}