{"id":305,"date":"2026-08-22T14:06:12","date_gmt":"2026-08-22T12:06:12","guid":{"rendered":"https:\/\/hoyre.no\/risor\/?p=305"},"modified":"2026-08-23T21:17:16","modified_gmt":"2026-08-23T19:17:16","slug":"tid-for-nye-krefter","status":"publish","type":"post","link":"https:\/\/hoyre.no\/risor\/aktuelt\/tid-for-nye-krefter\/","title":{"rendered":"Tid for nye krefter &#8211; Det er tid for et generasjonsskifte, Ris\u00f8r H\u00f8yre g\u00e5r foran med 33 \u00e5r gamle Sverre Tobias Dukene som ordf\u00f8rerkandidat."},"content":{"rendered":"\n<p class=\"wp-block-paragraph\"><\/p>\n\n\n\n\t\t\t<div class=\"post-meta wp-block teft-byline-wrapper\">\n\t\t\t\t<div class=\"top\">\n\t\t\t\t\t<div class=\"signature\">\n\t\t\t\t\t\t<div class=\"teft-byline\">\n\t\t\t\t\t\t\t<div class=\"teft-card__media circle-crop\"><img decoding=\"async\" loading=\"lazy\" width=\"500\" height=\"500\" src=\"https:\/\/res.cloudinary.com\/hoyre\/image\/upload\/c_thumb,g_face:center,h_500,w_500,d_defaultprofileimg3.jpg,fl_lossy,f_auto\/w_500\/v20230420\/52196904.jpg\" style=\"background-position:50% 50%;\" alt=\"Kari-Anne R\u00f8island\" \/><\/div>\t\t\t\t\t\t\t<div>\n\t\t\t\t\t\t\t\t<h3><a href=\"https:\/\/hoyre.no\/personprofiler\/kari-anne-roisland\/\">Kari-Anne R\u00f8island<\/a><\/h3>\t\t\t\t\t\t\t\t\t\t\t\t\t\t\t\t\t<span class=\"position\">Leder i lokalforeningen<\/span>\n\t\t\t\t\t\t\t\t\n\t\t\t\t\t\t\t\t\t\t\t\t\t\t\t\t\t<span class=\"date\">Sist oppdatert: 23. august 2026<\/span>\n\t\t\t\t\t\t\t\t\t\t\t\t\t\t\t\t\t\t\t\t\t\t\t\t\t<span class=\"reading-time\" itemprop=\"timeRequired\" content=\"PT3M\"><em>Ca. 3 minutter lesetid<\/em><\/span>\n\t\t\t\t\t\t\t\t\t\t\t\t\t\t\t<\/div>\n\t\t\t\t\t\t<\/div>\n\t\t\t\t\t<\/div>\n\t\t\t\t\t\t<div class=\"sharing\">\n\t\t<a class=\"share-button share-link copy-link\" data-copy=\"https:\/\/hoyre.no\/risor\/aktuelt\/tid-for-nye-krefter\/\" target=\"_blank\"><span class=\"screen-reader-text\">Del link<\/span><\/a>\n\t\t<a class=\"share-button share-twitter\" href=\"http:\/\/twitter.com\/share?text=Tid for nye krefter &#8211; Det er tid for et generasjonsskifte, Ris\u00f8r H\u00f8yre g\u00e5r foran med 33 \u00e5r gamle Sverre Tobias Dukene som ordf\u00f8rerkandidat.&#038;url=https:\/\/hoyre.no\/risor\/aktuelt\/tid-for-nye-krefter\/&#038;hashtags=Hoyre\" target=\"_blank\"><span class=\"screen-reader-text\">Del p\u00e5 twitter<\/span><\/a>\n\t\t<a class=\"share-button share-facebook\" href=\"https:\/\/www.facebook.com\/sharer\/sharer.php?u=https:\/\/hoyre.no\/risor\/aktuelt\/tid-for-nye-krefter\/\" target=\"_blank\"><span class=\"screen-reader-text\">Del p\u00e5 facebook<\/span><\/a>\n\t<\/div>\n\t\t\t\t\t<\/div>\n\t\t\t<\/div>\n\n\t\t\t<figure class=\"hoyre-image-wrapper\"><div class=\"hoyre-image\"><img loading=\"lazy\" decoding=\"async\" width=\"1553\" height=\"1563\" src=\"https:\/\/hoyre.no\/content\/uploads\/sites\/24\/2026\/08\/att.sX5B611-e1787400096462.jpeg\" class=\"attachment-scaled size-scaled\" alt=\"\" style=\"object-position: 50% 50%\" srcset=\"https:\/\/hoyre.no\/content\/uploads\/sites\/24\/2026\/08\/att.sX5B611-e1787400096462.jpeg 1553w, https:\/\/hoyre.no\/content\/uploads\/sites\/24\/2026\/08\/att.sX5B611-e1787400096462-298x300.jpeg 298w, https:\/\/hoyre.no\/content\/uploads\/sites\/24\/2026\/08\/att.sX5B611-e1787400096462-1017x1024.jpeg 1017w, https:\/\/hoyre.no\/content\/uploads\/sites\/24\/2026\/08\/att.sX5B611-e1787400096462-150x150.jpeg 150w, https:\/\/hoyre.no\/content\/uploads\/sites\/24\/2026\/08\/att.sX5B611-e1787400096462-768x773.jpeg 768w, https:\/\/hoyre.no\/content\/uploads\/sites\/24\/2026\/08\/att.sX5B611-e1787400096462-1526x1536.jpeg 1526w\" sizes=\"auto, (max-width: 1553px) 100vw, 1553px\" \/><\/div><\/figure>\n\n\n\n\n<p class=\"wp-block-paragraph\">Men f\u00f8rst av alt vil jeg si at innlegget er skrevet basert p\u00e5 mitt personlig syn p\u00e5 saken og av pur glede og takknemlighet over at den yngre generasjonen engasjerer seg i lokaldemokratiet og \u00f8nsker \u00e5 p\u00e5ta seg vervet som ordf\u00f8rer. S\u00e5 minner jeg om at det er nominasjonsm\u00f8te v\u00e5rt 26. aug som avgj\u00f8r hvem som skal v\u00e6re v\u00e5r ordf\u00f8rerkandidat for neste politiske periode. <strong><\/strong><\/p>\n\n\n\n<p class=\"wp-block-paragraph\">Nominasjonskomiteen i Ris\u00f8r H\u00f8yre har lagt frem Sverre Tobias Dukene som sitt forslag til ordf\u00f8rerkandidat. At Ris\u00f8r H\u00f8yre n\u00e5 velger \u00e5 satse p\u00e5 en 33-\u00e5ring som sin ordf\u00f8rerkandidat, er et viktig og riktig signal. At han har lang politisk erfaring fra 19 \u00e5rs alderen b\u00e5de lokalt og p\u00e5 fylkesniv\u00e5 er bare imponerende.<\/p>\n\n\n\n<p class=\"wp-block-paragraph\">Gjennomsnittsalderen i norske kommunestyrer har lenge v\u00e6rt h\u00f8y, ogs\u00e5 i Ris\u00f8r. Og altfor ofte ser vi at de samme, erfarne stemmene dominerer debatten \u00e5r etter \u00e5r. Erfaring er selvsagt en styrke, men et levende demokrati krever ogs\u00e5 den yngre generasjonen.<\/p>\n\n\n\n<p class=\"wp-block-paragraph\">En ordf\u00f8rer i 30-\u00e5rene st\u00e5r ofte midt i etableringsfasen. De kjenner utfordringene knyttet til barnehageopptak, skolehverdag, boligmarked og tidsklemma p\u00e5 kroppen.<\/p>\n\n\n\n<p class=\"wp-block-paragraph\">Yngre ledere har verdifull innsikt i hva som skal til for \u00e5 gj\u00f8re en kommune attraktiv for unge voksne som vurderer \u00e5 flytte hjem eller etablere seg i regionen.<\/p>\n\n\n\n<p class=\"wp-block-paragraph\">Verden endrer seg raskere enn noen gang og vi st\u00e5r overfor komplekse utfordringer som krever at vi tenker nytt om hvordan vi driver en kommune. Yngre generasjoner er &laquo;f\u00f8dt digitale&raquo;. De har ofte en mer intuitiv forst\u00e5else for hvordan teknologi kan brukes til \u00e5 effektivisere kommunale tjenester og skape en bedre hverdag for innbyggerne.<\/p>\n\n\n\n<p class=\"wp-block-paragraph\">Et generasjonsskifte utfordrer den klassiske &laquo;slik har vi alltid gjort det&raquo;-mentaliteten. Det gir rom for \u00e5 stille kritiske sp\u00f8rsm\u00e5l og teste nye, kanskje utradisjonelle, l\u00f8sninger.<\/p>\n\n\n\n<p class=\"wp-block-paragraph\">Beslutningene som tas i kommunestyret i dag, vil prege samfunnet v\u00e5rt i flere ti\u00e5r fremover. Enten det gjelder byutvikling, klimapolitikk eller \u00f8konomiske investeringer, er det en styrke at de som fatter vedtakene, ogs\u00e5 er de som skal leve lengst med konsekvensene av dem.<strong><\/strong><\/p>\n\n\n\n<p class=\"wp-block-paragraph\">Et generasjonsskifte handler ikke om \u00e5 kaste ut de eldre. Den ideelle ledelsen av en kommune best\u00e5r av et samspill p\u00e5 tvers av generasjoner. Vi trenger den dype innsikten, den historiske forst\u00e5elsen og nettverket til seniorene, kombinert med energien, p\u00e5gangsmotet og de ferske perspektivene til de yngre.<strong><\/strong><\/p>\n\n\n\n<p class=\"wp-block-paragraph\">N\u00e5r Ris\u00f8r H\u00f8yre t\u00f8r \u00e5 satse p\u00e5 en ung ordf\u00f8rerkandidat, viser vi tillit til neste generasjon. Det inspirerer forh\u00e5pentligvis flere unge til \u00e5 engasjere seg, ta ordet og forme fremtiden til sin egen hjemplass.<\/p>\n\n\n\n<p class=\"wp-block-paragraph\">S\u00e5 min stemme g\u00e5r til Sverre Tobias Dukene den 26. august 2026.<\/p>\n\n\n\n<p class=\"wp-block-paragraph\">Kari-Anne R\u00f8island<br>Leder Ris\u00f8r H\u00f8yre<\/p>\n\n\n\n<figure class=\"wp-block-image size-large\"><img loading=\"lazy\" decoding=\"async\" width=\"762\" height=\"1024\" src=\"https:\/\/hoyre.no\/content\/uploads\/sites\/24\/2026\/08\/IMG_461811-762x1024.jpeg\" alt=\"\" class=\"wp-image-309\" srcset=\"https:\/\/hoyre.no\/content\/uploads\/sites\/24\/2026\/08\/IMG_461811-762x1024.jpeg 762w, https:\/\/hoyre.no\/content\/uploads\/sites\/24\/2026\/08\/IMG_461811-223x300.jpeg 223w, https:\/\/hoyre.no\/content\/uploads\/sites\/24\/2026\/08\/IMG_461811-768x1032.jpeg 768w, https:\/\/hoyre.no\/content\/uploads\/sites\/24\/2026\/08\/IMG_461811-1143x1536.jpeg 1143w, https:\/\/hoyre.no\/content\/uploads\/sites\/24\/2026\/08\/IMG_461811.jpeg 1179w\" sizes=\"auto, (max-width: 762px) 100vw, 762px\" \/><figcaption class=\"wp-element-caption\">Screenshot<\/figcaption><\/figure>\n\n\n\n<figure class=\"wp-block-image size-full\"><img loading=\"lazy\" decoding=\"async\" width=\"768\" height=\"1024\" src=\"https:\/\/hoyre.no\/content\/uploads\/sites\/24\/2026\/08\/IMG_313311.jpeg\" alt=\"\" class=\"wp-image-314\" srcset=\"https:\/\/hoyre.no\/content\/uploads\/sites\/24\/2026\/08\/IMG_313311.jpeg 768w, https:\/\/hoyre.no\/content\/uploads\/sites\/24\/2026\/08\/IMG_313311-225x300.jpeg 225w\" sizes=\"auto, (max-width: 768px) 100vw, 768px\" \/><\/figure>\n\n\n<div class=\"tags\">\n\t<\/div>\n<div class=\"post-footer alignfull has-background block-editor-block-list__block\" data-align=full>\n\t<div class=\"post-footer-inner\">\n\t\t<h3>Relaterte artikler<\/h3>\n\t\t<div class=\"related-content\"><div class=\"is-card-hoyre\">\n\t<div class=\"teft-card hoyre-teft-card post-teft-card\">\n\t\t<a href=\"https:\/\/hoyre.no\/risor\/aktuelt\/sverre-tobias-dukene-valgt-som-hoyres-ordforerkandidat-i-risor\/\" class=\"teft-card__primary-action\">\n\n\t\t\t\t\t<div class=\"teft-card__media teft-card__media--16-9\">\n\t\t\t\t\t\t<img loading=\"lazy\" decoding=\"async\" width=\"768\" height=\"576\" src=\"https:\/\/hoyre.no\/content\/uploads\/sites\/24\/2026\/08\/IMG_9482-768x576.jpeg\" class=\"attachment-medium_large size-medium_large\" alt=\"\" srcset=\"https:\/\/hoyre.no\/content\/uploads\/sites\/24\/2026\/08\/IMG_9482-768x576.jpeg 768w, https:\/\/hoyre.no\/content\/uploads\/sites\/24\/2026\/08\/IMG_9482-300x225.jpeg 300w, https:\/\/hoyre.no\/content\/uploads\/sites\/24\/2026\/08\/IMG_9482-1024x768.jpeg 1024w, https:\/\/hoyre.no\/content\/uploads\/sites\/24\/2026\/08\/IMG_9482-1536x1152.jpeg 1536w, https:\/\/hoyre.no\/content\/uploads\/sites\/24\/2026\/08\/IMG_9482-2048x1536.jpeg 2048w\" sizes=\"auto, (max-width: 768px) 100vw, 768px\" \/>\t\t<\/div>\n\t\t\n\t\t\t<div class=\"teft-card__content-wrapper\">\n\t\t\t\t<div class=\"teft-card__secondary\">\n\t\t\t\t\t\n\t\t\t\t\t\t\t\t<div class=\"teft-card__meta\">\n\t\t\t\t\t\t\t\t\t<span class=\"post-date\">26. aug 2026<\/span>\n\n\t\t\t\t\t\t\t\t\t\t\t\t\t\t\t\t\t<\/div>\n\t\t\t\t\t\t\t\t\t\t\t<\/div>\n\n\t\t\t\t<div class=\"teft-card__primary\">\n\t\t\t\t\t<h2 class=\"teft-card__title\">Sverre Tobias Dukene valgt som H\u00f8yres ordf\u00f8rerkandidat i Ris\u00f8r&nbsp;<span class=\"teft-card__primary-title-append\"><\/span><\/h2>\t\t\t\t<\/div>\n\t\t\t<\/div>\n\t\t<\/a>\n\t<\/div>\n\n\t<\/div><div class=\"is-card-hoyre\">\n\t<div class=\"teft-card hoyre-teft-card post-teft-card\">\n\t\t<a href=\"https:\/\/hoyre.no\/risor\/aktuelt\/livbeltefabrikken-detaljreguleringsplan\/\" class=\"teft-card__primary-action\">\n\n\t\t\t\t\t<div class=\"teft-card__media teft-card__media--16-9\">\n\t\t\t\t\t\t<img loading=\"lazy\" decoding=\"async\" width=\"768\" height=\"365\" src=\"https:\/\/hoyre.no\/content\/uploads\/sites\/24\/2026\/06\/Skjermbilde-2026-06-08-kl.-22.56.27-768x365.png\" class=\"attachment-medium_large size-medium_large\" alt=\"\" srcset=\"https:\/\/hoyre.no\/content\/uploads\/sites\/24\/2026\/06\/Skjermbilde-2026-06-08-kl.-22.56.27-768x365.png 768w, https:\/\/hoyre.no\/content\/uploads\/sites\/24\/2026\/06\/Skjermbilde-2026-06-08-kl.-22.56.27-300x142.png 300w, https:\/\/hoyre.no\/content\/uploads\/sites\/24\/2026\/06\/Skjermbilde-2026-06-08-kl.-22.56.27-1024x486.png 1024w, https:\/\/hoyre.no\/content\/uploads\/sites\/24\/2026\/06\/Skjermbilde-2026-06-08-kl.-22.56.27-1536x729.png 1536w, https:\/\/hoyre.no\/content\/uploads\/sites\/24\/2026\/06\/Skjermbilde-2026-06-08-kl.-22.56.27.png 1942w\" sizes=\"auto, (max-width: 768px) 100vw, 768px\" \/>\t\t<\/div>\n\t\t\n\t\t\t<div class=\"teft-card__content-wrapper\">\n\t\t\t\t<div class=\"teft-card__secondary\">\n\t\t\t\t\t\n\t\t\t\t\t\t\t\t<div class=\"teft-card__meta\">\n\t\t\t\t\t\t\t\t\t<span class=\"post-date\">25. aug 2026<\/span>\n\n\t\t\t\t\t\t\t\t\t\t\t\t\t\t\t\t\t<\/div>\n\t\t\t\t\t\t\t\t\t\t\t<\/div>\n\n\t\t\t\t<div class=\"teft-card__primary\">\n\t\t\t\t\t<h2 class=\"teft-card__title\">Livbeltefabrikken &#8211; detaljreguleringsplan&nbsp;<span class=\"teft-card__primary-title-append\"><\/span><\/h2>\t\t\t\t<\/div>\n\t\t\t<\/div>\n\t\t<\/a>\n\t<\/div>\n\n\t<\/div><div class=\"is-card-hoyre\">\n\t<div class=\"teft-card hoyre-teft-card post-teft-card\">\n\t\t<a href=\"https:\/\/hoyre.no\/risor\/aktuelt\/alle-burde-hatt-en-periode-i-politikken-veldig-laererikt-og-viktig-a-forsta-hvordan-kommunen-driftes-og-lokalsamfunnet-fungerer\/\" class=\"teft-card__primary-action\">\n\n\t\t\t\t\t<div class=\"teft-card__media teft-card__media--16-9\">\n\t\t\t\t\t\t<img loading=\"lazy\" decoding=\"async\" width=\"768\" height=\"712\" src=\"https:\/\/hoyre.no\/content\/uploads\/sites\/24\/2026\/02\/IMG_8018-scaled-e1784548533311-768x712.jpeg\" class=\"attachment-medium_large size-medium_large\" alt=\"\" srcset=\"https:\/\/hoyre.no\/content\/uploads\/sites\/24\/2026\/02\/IMG_8018-scaled-e1784548533311-768x712.jpeg 768w, https:\/\/hoyre.no\/content\/uploads\/sites\/24\/2026\/02\/IMG_8018-scaled-e1784548533311-300x278.jpeg 300w, https:\/\/hoyre.no\/content\/uploads\/sites\/24\/2026\/02\/IMG_8018-scaled-e1784548533311-1024x950.jpeg 1024w, https:\/\/hoyre.no\/content\/uploads\/sites\/24\/2026\/02\/IMG_8018-scaled-e1784548533311-1536x1425.jpeg 1536w, https:\/\/hoyre.no\/content\/uploads\/sites\/24\/2026\/02\/IMG_8018-scaled-e1784548533311.jpeg 1667w\" sizes=\"auto, (max-width: 768px) 100vw, 768px\" \/>\t\t<\/div>\n\t\t\n\t\t\t<div class=\"teft-card__content-wrapper\">\n\t\t\t\t<div class=\"teft-card__secondary\">\n\t\t\t\t\t\n\t\t\t\t\t\t\t\t<div class=\"teft-card__meta\">\n\t\t\t\t\t\t\t\t\t<span class=\"post-date\">20. jul 2026<\/span>\n\n\t\t\t\t\t\t\t\t\t\t\t\t\t\t\t\t\t<\/div>\n\t\t\t\t\t\t\t\t\t\t\t<\/div>\n\n\t\t\t\t<div class=\"teft-card__primary\">\n\t\t\t\t\t<h2 class=\"teft-card__title\">Alle burde hatt en periode i politikken, veldig l\u00e6rerikt og viktig \u00e5 forst\u00e5 hvordan kommunen driftes og lokalsamfunnet fungerer.&nbsp;<span class=\"teft-card__primary-title-append\"><\/span><\/h2>\t\t\t\t<\/div>\n\t\t\t<\/div>\n\t\t<\/a>\n\t<\/div>\n\n\t<\/div><\/div>\t<\/div>\n<\/div>\n","protected":false},"excerpt":{"rendered":"","protected":false},"author":40263,"featured_media":0,"comment_status":"closed","ping_status":"closed","sticky":false,"template":"","format":"standard","meta":{"teft_cards_image_url":"","teft_cards_custom_pretitle":"","teft_cards_image_id":306,"teft_cards_image_focal_point_x":0.5,"teft_cards_image_focal_point_y":0.5,"teft_cards_title":"","teft_cards_excerpt":"","teft_show_chapters":false,"author_display_name":"","footnotes":""},"category":[1],"post_tag":[],"hoyre-visibility":[],"article-type":[],"politician":[],"class_list":["post-305","post","type-post","status-publish","format-standard","hentry","category-ukategorisert"],"yoast_head":"<!-- This site is optimized with the Yoast SEO plugin v28.2 - https:\/\/yoast.com\/product\/yoast-seo-wordpress\/ -->\n<title>Tid for nye krefter - Det er tid for et generasjonsskifte, Ris\u00f8r H\u00f8yre g\u00e5r foran med 33 \u00e5r gamle Sverre Tobias Dukene som ordf\u00f8rerkandidat. - Ris\u00f8r H\u00f8yre<\/title>\n<meta name=\"robots\" content=\"index, follow, max-snippet:-1, max-image-preview:large, max-video-preview:-1\" \/>\n<link rel=\"canonical\" href=\"https:\/\/hoyre.no\/risor\/aktuelt\/tid-for-nye-krefter\/\" \/>\n<meta property=\"og:locale\" content=\"nb_NO\" \/>\n<meta property=\"og:type\" content=\"article\" \/>\n<meta property=\"og:title\" content=\"Tid for nye krefter - Det er tid for et generasjonsskifte, Ris\u00f8r H\u00f8yre g\u00e5r foran med 33 \u00e5r gamle Sverre Tobias Dukene som ordf\u00f8rerkandidat. - Ris\u00f8r H\u00f8yre\" \/>\n<meta property=\"og:url\" content=\"https:\/\/hoyre.no\/risor\/aktuelt\/tid-for-nye-krefter\/\" \/>\n<meta property=\"og:site_name\" content=\"Ris\u00f8r H\u00f8yre\" \/>\n<meta property=\"article:published_time\" content=\"2026-08-22T12:06:12+00:00\" \/>\n<meta property=\"article:modified_time\" content=\"2026-08-23T19:17:16+00:00\" \/>\n<meta property=\"og:image\" content=\"https:\/\/hoyre.no\/content\/uploads\/sites\/24\/2026\/02\/IMG_8018-scaled-e1784548533311-1024x950.jpeg\" \/>\n<meta name=\"author\" content=\"Kari-Anne R\u00f8island\" \/>\n<meta name=\"twitter:card\" content=\"summary_large_image\" \/>\n<meta name=\"twitter:label1\" content=\"Skrevet av\" \/>\n\t<meta name=\"twitter:data1\" content=\"Kari-Anne R\u00f8island\" \/>\n\t<meta name=\"twitter:label2\" content=\"Ansl. lesetid\" \/>\n\t<meta name=\"twitter:data2\" content=\"3 minutter\" \/>\n<script type=\"application\/ld+json\" class=\"yoast-schema-graph\">{\"@context\":\"https:\\\/\\\/schema.org\",\"@graph\":[{\"@type\":\"Article\",\"@id\":\"https:\\\/\\\/hoyre.no\\\/risor\\\/aktuelt\\\/tid-for-nye-krefter\\\/#article\",\"isPartOf\":{\"@id\":\"https:\\\/\\\/hoyre.no\\\/risor\\\/aktuelt\\\/tid-for-nye-krefter\\\/\"},\"author\":{\"name\":\"Kari-Anne R\u00f8island\",\"@id\":\"https:\\\/\\\/hoyre.no\\\/risor\\\/#\\\/schema\\\/person\\\/ac6be63fec246240eccc95065750fbdd\"},\"headline\":\"Tid for nye krefter &#8211; Det er tid for et generasjonsskifte, Ris\u00f8r H\u00f8yre g\u00e5r foran med 33 \u00e5r gamle Sverre Tobias Dukene som ordf\u00f8rerkandidat.\",\"datePublished\":\"2026-08-22T12:06:12+00:00\",\"dateModified\":\"2026-08-23T19:17:16+00:00\",\"mainEntityOfPage\":{\"@id\":\"https:\\\/\\\/hoyre.no\\\/risor\\\/aktuelt\\\/tid-for-nye-krefter\\\/\"},\"wordCount\":503,\"image\":{\"@id\":\"https:\\\/\\\/hoyre.no\\\/risor\\\/aktuelt\\\/tid-for-nye-krefter\\\/#primaryimage\"},\"thumbnailUrl\":\"https:\\\/\\\/hoyre.no\\\/content\\\/uploads\\\/sites\\\/24\\\/2026\\\/08\\\/IMG_461811-762x1024.jpeg\",\"inLanguage\":\"nb-NO\"},{\"@type\":\"NewsArticle\",\"@id\":\"https:\\\/\\\/hoyre.no\\\/risor\\\/aktuelt\\\/tid-for-nye-krefter\\\/\",\"url\":\"https:\\\/\\\/hoyre.no\\\/risor\\\/aktuelt\\\/tid-for-nye-krefter\\\/\",\"name\":\"Tid for nye krefter - Det er tid for et generasjonsskifte, Ris\u00f8r H\u00f8yre g\u00e5r foran med 33 \u00e5r gamle Sverre Tobias Dukene som ordf\u00f8rerkandidat. - Ris\u00f8r H\u00f8yre\",\"isPartOf\":{\"@id\":\"https:\\\/\\\/hoyre.no\\\/risor\\\/#website\"},\"image\":{\"@id\":\"https:\\\/\\\/hoyre.no\\\/risor\\\/aktuelt\\\/tid-for-nye-krefter\\\/#primaryimage\"},\"thumbnailUrl\":\"https:\\\/\\\/hoyre.no\\\/content\\\/uploads\\\/sites\\\/24\\\/2026\\\/08\\\/IMG_461811-762x1024.jpeg\",\"datePublished\":\"2026-08-22T12:06:12+00:00\",\"dateModified\":\"2026-08-23T19:17:16+00:00\",\"author\":{\"@id\":\"https:\\\/\\\/hoyre.no\\\/risor\\\/#\\\/schema\\\/person\\\/ac6be63fec246240eccc95065750fbdd\"},\"breadcrumb\":{\"@id\":\"https:\\\/\\\/hoyre.no\\\/risor\\\/aktuelt\\\/tid-for-nye-krefter\\\/#breadcrumb\"},\"inLanguage\":\"nb-NO\",\"potentialAction\":[{\"@type\":\"ReadAction\",\"target\":[\"https:\\\/\\\/hoyre.no\\\/risor\\\/aktuelt\\\/tid-for-nye-krefter\\\/\"]}]},{\"@type\":\"ImageObject\",\"inLanguage\":\"nb-NO\",\"@id\":\"https:\\\/\\\/hoyre.no\\\/risor\\\/aktuelt\\\/tid-for-nye-krefter\\\/#primaryimage\",\"url\":\"https:\\\/\\\/hoyre.no\\\/content\\\/uploads\\\/sites\\\/24\\\/2026\\\/08\\\/IMG_461811-762x1024.jpeg\",\"contentUrl\":\"https:\\\/\\\/hoyre.no\\\/content\\\/uploads\\\/sites\\\/24\\\/2026\\\/08\\\/IMG_461811-762x1024.jpeg\"},{\"@type\":\"BreadcrumbList\",\"@id\":\"https:\\\/\\\/hoyre.no\\\/risor\\\/aktuelt\\\/tid-for-nye-krefter\\\/#breadcrumb\",\"itemListElement\":[{\"@type\":\"ListItem\",\"position\":1,\"name\":\"Til hoyre.no\",\"item\":\"https:\\\/\\\/hoyre.no\"},{\"@type\":\"ListItem\",\"position\":2,\"name\":\"Hjem\",\"item\":\"https:\\\/\\\/hoyre.no\\\/risor\\\/\"},{\"@type\":\"ListItem\",\"position\":3,\"name\":\"Tid for nye krefter &#8211; Det er tid for et generasjonsskifte, Ris\u00f8r H\u00f8yre g\u00e5r foran med 33 \u00e5r gamle Sverre Tobias Dukene som ordf\u00f8rerkandidat.\"}]},{\"@type\":\"WebSite\",\"@id\":\"https:\\\/\\\/hoyre.no\\\/risor\\\/#website\",\"url\":\"https:\\\/\\\/hoyre.no\\\/risor\\\/\",\"name\":\"Ris\u00f8r H\u00f8yre\",\"description\":\"Bare enda et H\u00f8yres nettsteder-nettsted\",\"inLanguage\":\"nb-NO\"},{\"@type\":\"Person\",\"@id\":\"https:\\\/\\\/hoyre.no\\\/risor\\\/#\\\/schema\\\/person\\\/ac6be63fec246240eccc95065750fbdd\",\"name\":\"Kari-Anne R\u00f8island\",\"image\":{\"@type\":\"ImageObject\",\"inLanguage\":\"nb-NO\",\"@id\":\"https:\\\/\\\/secure.gravatar.com\\\/avatar\\\/c51c17400ddf64996199f5301af8c5fd0b83c35a6e8013d115f6dd8a1daf5bc2?s=96&d=mm&r=g\",\"url\":\"https:\\\/\\\/secure.gravatar.com\\\/avatar\\\/c51c17400ddf64996199f5301af8c5fd0b83c35a6e8013d115f6dd8a1daf5bc2?s=96&d=mm&r=g\",\"contentUrl\":\"https:\\\/\\\/secure.gravatar.com\\\/avatar\\\/c51c17400ddf64996199f5301af8c5fd0b83c35a6e8013d115f6dd8a1daf5bc2?s=96&d=mm&r=g\",\"caption\":\"Kari-Anne R\u00f8island\"},\"url\":\"https:\\\/\\\/hoyre.no\\\/risor\\\/aktuelt\\\/author\\\/m52196904\\\/\"}]}<\/script>\n<!-- \/ Yoast SEO plugin. -->","yoast_head_json":{"title":"Tid for nye krefter - Det er tid for et generasjonsskifte, Ris\u00f8r H\u00f8yre g\u00e5r foran med 33 \u00e5r gamle Sverre Tobias Dukene som ordf\u00f8rerkandidat. - Ris\u00f8r H\u00f8yre","robots":{"index":"index","follow":"follow","max-snippet":"max-snippet:-1","max-image-preview":"max-image-preview:large","max-video-preview":"max-video-preview:-1"},"canonical":"https:\/\/hoyre.no\/risor\/aktuelt\/tid-for-nye-krefter\/","og_locale":"nb_NO","og_type":"article","og_title":"Tid for nye krefter - Det er tid for et generasjonsskifte, Ris\u00f8r H\u00f8yre g\u00e5r foran med 33 \u00e5r gamle Sverre Tobias Dukene som ordf\u00f8rerkandidat. - Ris\u00f8r H\u00f8yre","og_url":"https:\/\/hoyre.no\/risor\/aktuelt\/tid-for-nye-krefter\/","og_site_name":"Ris\u00f8r H\u00f8yre","article_published_time":"2026-08-22T12:06:12+00:00","article_modified_time":"2026-08-23T19:17:16+00:00","og_image":[{"url":"https:\/\/hoyre.no\/content\/uploads\/sites\/24\/2026\/02\/IMG_8018-scaled-e1784548533311-1024x950.jpeg","width":"","height":"","type":""}],"author":"Kari-Anne R\u00f8island","twitter_card":"summary_large_image","twitter_misc":{"Skrevet av":"Kari-Anne R\u00f8island","Ansl. lesetid":"3 minutter"},"schema":{"@context":"https:\/\/schema.org","@graph":[{"@type":"Article","@id":"https:\/\/hoyre.no\/risor\/aktuelt\/tid-for-nye-krefter\/#article","isPartOf":{"@id":"https:\/\/hoyre.no\/risor\/aktuelt\/tid-for-nye-krefter\/"},"author":{"name":"Kari-Anne R\u00f8island","@id":"https:\/\/hoyre.no\/risor\/#\/schema\/person\/ac6be63fec246240eccc95065750fbdd"},"headline":"Tid for nye krefter &#8211; Det er tid for et generasjonsskifte, Ris\u00f8r H\u00f8yre g\u00e5r foran med 33 \u00e5r gamle Sverre Tobias Dukene som ordf\u00f8rerkandidat.","datePublished":"2026-08-22T12:06:12+00:00","dateModified":"2026-08-23T19:17:16+00:00","mainEntityOfPage":{"@id":"https:\/\/hoyre.no\/risor\/aktuelt\/tid-for-nye-krefter\/"},"wordCount":503,"image":{"@id":"https:\/\/hoyre.no\/risor\/aktuelt\/tid-for-nye-krefter\/#primaryimage"},"thumbnailUrl":"https:\/\/hoyre.no\/content\/uploads\/sites\/24\/2026\/08\/IMG_461811-762x1024.jpeg","inLanguage":"nb-NO"},{"@type":"NewsArticle","@id":"https:\/\/hoyre.no\/risor\/aktuelt\/tid-for-nye-krefter\/","url":"https:\/\/hoyre.no\/risor\/aktuelt\/tid-for-nye-krefter\/","name":"Tid for nye krefter - Det er tid for et generasjonsskifte, Ris\u00f8r H\u00f8yre g\u00e5r foran med 33 \u00e5r gamle Sverre Tobias Dukene som ordf\u00f8rerkandidat. - Ris\u00f8r H\u00f8yre","isPartOf":{"@id":"https:\/\/hoyre.no\/risor\/#website"},"image":{"@id":"https:\/\/hoyre.no\/risor\/aktuelt\/tid-for-nye-krefter\/#primaryimage"},"thumbnailUrl":"https:\/\/hoyre.no\/content\/uploads\/sites\/24\/2026\/08\/IMG_461811-762x1024.jpeg","datePublished":"2026-08-22T12:06:12+00:00","dateModified":"2026-08-23T19:17:16+00:00","author":{"@id":"https:\/\/hoyre.no\/risor\/#\/schema\/person\/ac6be63fec246240eccc95065750fbdd"},"breadcrumb":{"@id":"https:\/\/hoyre.no\/risor\/aktuelt\/tid-for-nye-krefter\/#breadcrumb"},"inLanguage":"nb-NO","potentialAction":[{"@type":"ReadAction","target":["https:\/\/hoyre.no\/risor\/aktuelt\/tid-for-nye-krefter\/"]}]},{"@type":"ImageObject","inLanguage":"nb-NO","@id":"https:\/\/hoyre.no\/risor\/aktuelt\/tid-for-nye-krefter\/#primaryimage","url":"https:\/\/hoyre.no\/content\/uploads\/sites\/24\/2026\/08\/IMG_461811-762x1024.jpeg","contentUrl":"https:\/\/hoyre.no\/content\/uploads\/sites\/24\/2026\/08\/IMG_461811-762x1024.jpeg"},{"@type":"BreadcrumbList","@id":"https:\/\/hoyre.no\/risor\/aktuelt\/tid-for-nye-krefter\/#breadcrumb","itemListElement":[{"@type":"ListItem","position":1,"name":"Til hoyre.no","item":"https:\/\/hoyre.no"},{"@type":"ListItem","position":2,"name":"Hjem","item":"https:\/\/hoyre.no\/risor\/"},{"@type":"ListItem","position":3,"name":"Tid for nye krefter &#8211; Det er tid for et generasjonsskifte, Ris\u00f8r H\u00f8yre g\u00e5r foran med 33 \u00e5r gamle Sverre Tobias Dukene som ordf\u00f8rerkandidat."}]},{"@type":"WebSite","@id":"https:\/\/hoyre.no\/risor\/#website","url":"https:\/\/hoyre.no\/risor\/","name":"Ris\u00f8r H\u00f8yre","description":"Bare enda et H\u00f8yres nettsteder-nettsted","inLanguage":"nb-NO"},{"@type":"Person","@id":"https:\/\/hoyre.no\/risor\/#\/schema\/person\/ac6be63fec246240eccc95065750fbdd","name":"Kari-Anne R\u00f8island","image":{"@type":"ImageObject","inLanguage":"nb-NO","@id":"https:\/\/secure.gravatar.com\/avatar\/c51c17400ddf64996199f5301af8c5fd0b83c35a6e8013d115f6dd8a1daf5bc2?s=96&d=mm&r=g","url":"https:\/\/secure.gravatar.com\/avatar\/c51c17400ddf64996199f5301af8c5fd0b83c35a6e8013d115f6dd8a1daf5bc2?s=96&d=mm&r=g","contentUrl":"https:\/\/secure.gravatar.com\/avatar\/c51c17400ddf64996199f5301af8c5fd0b83c35a6e8013d115f6dd8a1daf5bc2?s=96&d=mm&r=g","caption":"Kari-Anne R\u00f8island"},"url":"https:\/\/hoyre.no\/risor\/aktuelt\/author\/m52196904\/"}]}},"distributor_meta":false,"distributor_terms":false,"distributor_media":false,"distributor_original_site_name":"Ris\u00f8r H\u00f8yre","distributor_original_site_url":"https:\/\/hoyre.no\/risor","push-errors":false,"_links":{"self":[{"href":"https:\/\/hoyre.no\/risor\/wp-json\/wp\/v2\/posts\/305","targetHints":{"allow":["GET"]}}],"collection":[{"href":"https:\/\/hoyre.no\/risor\/wp-json\/wp\/v2\/posts"}],"about":[{"href":"https:\/\/hoyre.no\/risor\/wp-json\/wp\/v2\/types\/post"}],"author":[{"embeddable":true,"href":"https:\/\/hoyre.no\/risor\/wp-json\/wp\/v2\/users\/40263"}],"replies":[{"embeddable":true,"href":"https:\/\/hoyre.no\/risor\/wp-json\/wp\/v2\/comments?post=305"}],"version-history":[{"count":5,"href":"https:\/\/hoyre.no\/risor\/wp-json\/wp\/v2\/posts\/305\/revisions"}],"predecessor-version":[{"id":318,"href":"https:\/\/hoyre.no\/risor\/wp-json\/wp\/v2\/posts\/305\/revisions\/318"}],"wp:attachment":[{"href":"https:\/\/hoyre.no\/risor\/wp-json\/wp\/v2\/media?parent=305"}],"wp:term":[{"taxonomy":"category","embeddable":true,"href":"https:\/\/hoyre.no\/risor\/wp-json\/wp\/v2\/category?post=305"},{"taxonomy":"post_tag","embeddable":true,"href":"https:\/\/hoyre.no\/risor\/wp-json\/wp\/v2\/post_tag?post=305"},{"taxonomy":"hoyre-visibility","embeddable":true,"href":"https:\/\/hoyre.no\/risor\/wp-json\/wp\/v2\/hoyre-visibility?post=305"},{"taxonomy":"article-type","embeddable":true,"href":"https:\/\/hoyre.no\/risor\/wp-json\/wp\/v2\/article-type?post=305"},{"taxonomy":"politician","embeddable":true,"href":"https:\/\/hoyre.no\/risor\/wp-json\/wp\/v2\/politician?post=305"}],"curies":[{"name":"wp","href":"https:\/\/api.w.org\/{rel}","templated":true}]}}