{"id":319,"date":"2026-08-25T10:47:07","date_gmt":"2026-08-25T08:47:07","guid":{"rendered":"https:\/\/hoyre.no\/risor\/?p=319"},"modified":"2026-08-25T10:52:21","modified_gmt":"2026-08-25T08:52:21","slug":"livbeltefabrikken-detaljreguleringsplan","status":"publish","type":"post","link":"https:\/\/hoyre.no\/risor\/aktuelt\/livbeltefabrikken-detaljreguleringsplan\/","title":{"rendered":"Livbeltefabrikken &#8211; detaljreguleringsplan"},"content":{"rendered":"\n<p class=\"wp-block-paragraph\"><\/p>\n\n\n\n\t\t\t<div class=\"post-meta wp-block teft-byline-wrapper\">\n\t\t\t\t<div class=\"top\">\n\t\t\t\t\t<div class=\"signature\">\n\t\t\t\t\t\t<div class=\"teft-byline\">\n\t\t\t\t\t\t\t<div class=\"teft-card__media circle-crop\"><img decoding=\"async\" loading=\"lazy\" width=\"500\" height=\"500\" src=\"https:\/\/res.cloudinary.com\/hoyre\/image\/upload\/c_thumb,g_face:center,h_500,w_500,d_defaultprofileimg3.jpg,fl_lossy,f_auto\/w_500\/v20230420\/52203197.jpg\" style=\"background-position:50% 50%;\" alt=\"Frode Antonsen\" \/><\/div>\t\t\t\t\t\t\t<div>\n\t\t\t\t\t\t\t\t<h3><a href=\"https:\/\/hoyre.no\/personprofiler\/frode-antonsen\/\">Frode Antonsen<\/a><\/h3>\t\t\t\t\t\t\t\t\t\t\t\t\t\t\t\t\t<span class=\"position\">Representant<\/span>\n\t\t\t\t\t\t\t\t\n\t\t\t\t\t\t\t\t\t\t\t\t\t\t\t\t\t<span class=\"date\">Sist oppdatert: 25. august 2026<\/span>\n\t\t\t\t\t\t\t\t\t\t\t\t\t\t\t\t\t\t\t\t\t\t\t\t\t<span class=\"reading-time\" itemprop=\"timeRequired\" content=\"PT4M\"><em>Ca. 4 minutter lesetid<\/em><\/span>\n\t\t\t\t\t\t\t\t\t\t\t\t\t\t\t<\/div>\n\t\t\t\t\t\t<\/div>\n\t\t\t\t\t<\/div>\n\t\t\t\t\t\t<div class=\"sharing\">\n\t\t<a class=\"share-button share-link copy-link\" data-copy=\"https:\/\/hoyre.no\/risor\/aktuelt\/livbeltefabrikken-detaljreguleringsplan\/\" target=\"_blank\"><span class=\"screen-reader-text\">Del link<\/span><\/a>\n\t\t<a class=\"share-button share-twitter\" href=\"http:\/\/twitter.com\/share?text=Livbeltefabrikken &#8211; detaljreguleringsplan&#038;url=https:\/\/hoyre.no\/risor\/aktuelt\/livbeltefabrikken-detaljreguleringsplan\/&#038;hashtags=Hoyre\" target=\"_blank\"><span class=\"screen-reader-text\">Del p\u00e5 twitter<\/span><\/a>\n\t\t<a class=\"share-button share-facebook\" href=\"https:\/\/www.facebook.com\/sharer\/sharer.php?u=https:\/\/hoyre.no\/risor\/aktuelt\/livbeltefabrikken-detaljreguleringsplan\/\" target=\"_blank\"><span class=\"screen-reader-text\">Del p\u00e5 facebook<\/span><\/a>\n\t<\/div>\n\t\t\t\t\t<\/div>\n\t\t\t<\/div>\n\n\t\t\t<figure class=\"hoyre-image-wrapper\"><div class=\"hoyre-image\"><img loading=\"lazy\" decoding=\"async\" width=\"1942\" height=\"922\" src=\"https:\/\/hoyre.no\/content\/uploads\/sites\/24\/2026\/06\/Skjermbilde-2026-06-08-kl.-22.56.27.png\" class=\"attachment-scaled size-scaled\" alt=\"\" style=\"object-position: 50% 50%\" srcset=\"https:\/\/hoyre.no\/content\/uploads\/sites\/24\/2026\/06\/Skjermbilde-2026-06-08-kl.-22.56.27.png 1942w, https:\/\/hoyre.no\/content\/uploads\/sites\/24\/2026\/06\/Skjermbilde-2026-06-08-kl.-22.56.27-300x142.png 300w, https:\/\/hoyre.no\/content\/uploads\/sites\/24\/2026\/06\/Skjermbilde-2026-06-08-kl.-22.56.27-1024x486.png 1024w, https:\/\/hoyre.no\/content\/uploads\/sites\/24\/2026\/06\/Skjermbilde-2026-06-08-kl.-22.56.27-768x365.png 768w, https:\/\/hoyre.no\/content\/uploads\/sites\/24\/2026\/06\/Skjermbilde-2026-06-08-kl.-22.56.27-1536x729.png 1536w\" sizes=\"auto, (max-width: 1942px) 100vw, 1942px\" \/><\/div><figcaption class=\"caption\">Vil vi ha nye boliger og utvikling, eller vil vi se p\u00e5 at dette bare forfaller?<\/figcaption><\/figure>\n\n\n\n\n<p class=\"wp-block-paragraph\"><\/p>\n\n\n\n<p class=\"wp-block-paragraph\"><strong>Livbeltefabrikken &#8211; detaljreguleringsplan<\/strong><\/p>\n\n\n\n<p class=\"wp-block-paragraph\">I forrige m\u00f8te i MTU fikk utvalget en kort redegj\u00f8relse om at Statsforvalter hadde tatt Fortids-minneforeningens klage til f\u00f8lge med bakgrunn i saksbehandlingsfeil. Den omfattende redegj\u00f8relsen for vedtaket fra Statsforvalter ble vedlagt referatet fra m\u00f8tet.<\/p>\n\n\n\n<p class=\"wp-block-paragraph\">Vedtaket viser til at det har blitt gjort saksbehandlingsfeil fra Kommunedirekt\u00f8ren p\u00e5 flere punkter samt at det stilles sp\u00f8rsm\u00e5l ved om lovligheten av Kommunestyrets vedtatte tillegg til reguleringsbestemmelsene. Statsforvalterens begrunnelse for vedtaket viser at alle feil og mangler har oppst\u00e5tt hos ansvarlig s\u00f8ker, planavdelingen i kommunen og eventuelt ved politisk behandling f\u00f8r detaljreguleringsplanen ble vedtatt sendt ut p\u00e5 h\u00f8ring. Saksbehandlingen i kommunen har ikke stilt sp\u00f8rsm\u00e5lstegn eller problematisert de p\u00e5pekte manglene\/feilene i plandokumentene fra ansvarlig s\u00f8ker. Statsforvalter p\u00e5peker \u00e5penbare mangler\/feil som burde v\u00e6rt fanget opp <strong><u>f\u00f8r<\/u><\/strong> planen kom til politisk behandling. I h\u00f8ringsinnspillene fra Fylkeskommunen og Statsforvalter problematiseres ingen av de feil\/manglene som n\u00e5 blir adressert som saksbehandlingsfeil. Det er sv\u00e6rt bekymringsfullt, om ikke helt uakseptabelt, at Statsforvaler som h\u00f8ringsinstans ikke problematiser \u00e5penbare mangler\/feil som medf\u00f8rer at samme instans etter 14 m\u00e5neders saksbehandling fatter et vedtak om massive saksbehandlingsfeil.<\/p>\n\n\n\n<p class=\"wp-block-paragraph\">Kommunestyret tok i sitt vedtak ikke hensyn til Kommunedirekt\u00f8rens forslag til endringer i planbestemmelsene. Statsforvalter konkluderer uansett med at dette ikke ville ha endret p\u00e5 konklusjonen om saksbehandlingsfeil.<\/p>\n\n\n\n<p class=\"wp-block-paragraph\">Det omfattende svaret fra Statsforvalter gir, etter mitt syn, grunnlag for \u00e5 stille sp\u00f8rsm\u00e5l rundt prosessen for detaljreguleringsplaner. Det v\u00e6re seg plandokumentene kvalitet fra ansvarlig s\u00f8ker, den kommunale saksbehandlingen, h\u00f8ringsinstansenes involvering og behandling, samt den politiske behandlingen. Her er det, etter mitt syn, l\u00e6ringspunkter \u00e5 ta med seg for alle ber\u00f8rte parter.<\/p>\n\n\n\n<p class=\"wp-block-paragraph\">Jeg t\u00f8r be om at Kommunedirekt\u00f8ren redegj\u00f8r for f\u00f8lgende i neste m\u00f8te i Milj\u00f8 og teknisk utvalg:<\/p>\n\n\n\n<ul class=\"wp-block-list\">\n<li>Statsforvalter stiller sp\u00f8rsm\u00e5l om detaljreguleringsplanen (pkt 2.1 og 2.3) er i samsvar med overordnet plan n\u00e5r det gjelder det store antallet parkeringsplasser. Statsforvalter konkluderer ikke, men for utbygger vil det v\u00e6re sv\u00e6rt viktig \u00e5 f\u00e5 dette avklart siden det vil medf\u00f8re stor usikkerhet ved utvikling av prosjektet.\n<ul class=\"wp-block-list\">\n<li><strong><em>Hva er Kommunedirekt\u00f8rens oppfatning av Statsforvalters sp\u00f8rsm\u00e5l, og hvordan kan dette h\u00e5ndteres i en revidert s\u00f8knad?<\/em><\/strong><\/li>\n<\/ul>\n<\/li>\n\n\n\n<li>Statsforvalter stiller detaljerte sp\u00f8rsm\u00e5l ved flere forhold i planbeskrivelse (pkt. 2.2). Saksbehandler har g\u00e5tt meget detaljert til verks og satt seg godt inn i prosjektet og stedlige forhold. En stor del av sp\u00f8rsm\u00e5lene er av en slik karakter at de, etter mitt syn, burde v\u00e6rt oppdaget i den kommunale saksbehandlingen og ikke minst v\u00e6rt kommentert av b\u00e5de Fylkeskommunen og Statsforvalter i h\u00f8ringsrunden.\n<ul class=\"wp-block-list\">\n<li><strong><em>Hvordan har dette kunne passert b\u00e5de den kommunale saksbehandlingen og h\u00f8ringsrunden uten at det er problematisert slik at feil og mangler kunne v\u00e6rt rettet opp i samarbeid med utbygger f\u00f8r den politiske behandlingen?<\/em><\/strong><\/li>\n<\/ul>\n<\/li>\n\n\n\n<li>Statsforvalter konkluderer med at det skulle v\u00e6rt gjort konsekvensutredninger og ROS analyser, samt analyse av overvannsproblematikken.<ul><li><strong><em>Har kommunedirekt\u00f8ren tolket de generelle kravene til konsekvensutredning og ROS analyser p\u00e5 en annen m\u00e5te enn Statsforvalter, eller har man en annen oppfatning av grunnlaget\/behovet for en slik vurdering i denne saken.<\/em><\/strong><\/li><\/ul>\n<ul class=\"wp-block-list\">\n<li><strong><em>Burde ikke Statsforvalter eller andre h\u00f8ringsinstanser kommentert de manglende KU og ROS analyser i h\u00f8ringsrunden?<\/em><\/strong><\/li>\n<\/ul>\n<\/li>\n\n\n\n<li>Sentrumsn\u00e6re boliger og sentrumsn\u00e6r parkering er viktig for utvikling av b\u00e5de sentrum og kommunen. Dette prosjektet ville oppfylt begge deler samt at det ville kunnet dekke det store etterslepet av tilpassede boliger i kom?munen. Tiltakshaver har meldt, via intervju i AAB, at han n\u00e5 kaster kortene og legger prosjektet p\u00e5 is. Det vil v\u00e6re meget beklagelig for sentrum og kommunen hvis dette blir konklusjonen og den eksisterende bygningsmassen blir overlatt til forfall.<ul><li><strong><em>Har utbygger v\u00e6rt i kontakt med kommuneadm etter tilbakemeldingen fra Statsforvalter<\/em><\/strong><\/li><\/ul>\n<ul class=\"wp-block-list\">\n<li><strong><em>Hva skal til for \u00e5 f\u00e5 prosjektet p\u00e5 skinner igjen fra tiltakshaver og kommunen?<\/em><\/strong><\/li>\n<\/ul>\n<\/li>\n<\/ul>\n\n\n\n<p class=\"wp-block-paragraph\">Med vennlig hilsen<\/p>\n\n\n\n<p class=\"wp-block-paragraph\">Frode Antonsen, Kommunestyrerepresentant og medlem av Milj\u00f8 og teknisk utvalg (H)<\/p>\n\n\n\n<figure class=\"wp-block-image size-full\"><img loading=\"lazy\" decoding=\"async\" width=\"1000\" height=\"643\" src=\"https:\/\/hoyre.no\/content\/uploads\/sites\/24\/2026\/02\/IMG_8537.jpeg\" alt=\"\" class=\"wp-image-79\" srcset=\"https:\/\/hoyre.no\/content\/uploads\/sites\/24\/2026\/02\/IMG_8537.jpeg 1000w, https:\/\/hoyre.no\/content\/uploads\/sites\/24\/2026\/02\/IMG_8537-300x193.jpeg 300w, https:\/\/hoyre.no\/content\/uploads\/sites\/24\/2026\/02\/IMG_8537-768x494.jpeg 768w\" sizes=\"auto, (max-width: 1000px) 100vw, 1000px\" \/><\/figure>\n\n\n<div class=\"tags\">\n\t<\/div>\n<div class=\"post-footer alignfull has-background block-editor-block-list__block\" data-align=full>\n\t<div class=\"post-footer-inner\">\n\t\t<h3>Relaterte artikler<\/h3>\n\t\t<div class=\"related-content\"><div class=\"is-card-hoyre\">\n\t<div class=\"teft-card hoyre-teft-card post-teft-card\">\n\t\t<a href=\"https:\/\/hoyre.no\/risor\/aktuelt\/sverre-tobias-dukene-valgt-som-hoyres-ordforerkandidat-i-risor\/\" class=\"teft-card__primary-action\">\n\n\t\t\t\t\t<div class=\"teft-card__media teft-card__media--16-9\">\n\t\t\t\t\t\t<img loading=\"lazy\" decoding=\"async\" width=\"768\" height=\"576\" src=\"https:\/\/hoyre.no\/content\/uploads\/sites\/24\/2026\/08\/IMG_9482-768x576.jpeg\" class=\"attachment-medium_large size-medium_large\" alt=\"\" srcset=\"https:\/\/hoyre.no\/content\/uploads\/sites\/24\/2026\/08\/IMG_9482-768x576.jpeg 768w, https:\/\/hoyre.no\/content\/uploads\/sites\/24\/2026\/08\/IMG_9482-300x225.jpeg 300w, https:\/\/hoyre.no\/content\/uploads\/sites\/24\/2026\/08\/IMG_9482-1024x768.jpeg 1024w, https:\/\/hoyre.no\/content\/uploads\/sites\/24\/2026\/08\/IMG_9482-1536x1152.jpeg 1536w, https:\/\/hoyre.no\/content\/uploads\/sites\/24\/2026\/08\/IMG_9482-2048x1536.jpeg 2048w\" sizes=\"auto, (max-width: 768px) 100vw, 768px\" \/>\t\t<\/div>\n\t\t\n\t\t\t<div class=\"teft-card__content-wrapper\">\n\t\t\t\t<div class=\"teft-card__secondary\">\n\t\t\t\t\t\n\t\t\t\t\t\t\t\t<div class=\"teft-card__meta\">\n\t\t\t\t\t\t\t\t\t<span class=\"post-date\">26. aug 2026<\/span>\n\n\t\t\t\t\t\t\t\t\t\t\t\t\t\t\t\t\t<\/div>\n\t\t\t\t\t\t\t\t\t\t\t<\/div>\n\n\t\t\t\t<div class=\"teft-card__primary\">\n\t\t\t\t\t<h2 class=\"teft-card__title\">Sverre Tobias Dukene valgt som H\u00f8yres ordf\u00f8rerkandidat i Ris\u00f8r&nbsp;<span class=\"teft-card__primary-title-append\"><\/span><\/h2>\t\t\t\t<\/div>\n\t\t\t<\/div>\n\t\t<\/a>\n\t<\/div>\n\n\t<\/div><div class=\"is-card-hoyre\">\n\t<div class=\"teft-card hoyre-teft-card post-teft-card\">\n\t\t<a href=\"https:\/\/hoyre.no\/risor\/aktuelt\/tid-for-nye-krefter\/\" class=\"teft-card__primary-action\">\n\n\t\t\t\t\t<div class=\"teft-card__media teft-card__media--16-9\">\n\t\t\t\t\t\t<img loading=\"lazy\" decoding=\"async\" width=\"768\" height=\"773\" src=\"https:\/\/hoyre.no\/content\/uploads\/sites\/24\/2026\/08\/att.sX5B611-e1787400096462-768x773.jpeg\" class=\"attachment-medium_large size-medium_large\" alt=\"\" srcset=\"https:\/\/hoyre.no\/content\/uploads\/sites\/24\/2026\/08\/att.sX5B611-e1787400096462-768x773.jpeg 768w, https:\/\/hoyre.no\/content\/uploads\/sites\/24\/2026\/08\/att.sX5B611-e1787400096462-298x300.jpeg 298w, https:\/\/hoyre.no\/content\/uploads\/sites\/24\/2026\/08\/att.sX5B611-e1787400096462-1017x1024.jpeg 1017w, https:\/\/hoyre.no\/content\/uploads\/sites\/24\/2026\/08\/att.sX5B611-e1787400096462-150x150.jpeg 150w, https:\/\/hoyre.no\/content\/uploads\/sites\/24\/2026\/08\/att.sX5B611-e1787400096462-1526x1536.jpeg 1526w, https:\/\/hoyre.no\/content\/uploads\/sites\/24\/2026\/08\/att.sX5B611-e1787400096462.jpeg 1553w\" sizes=\"auto, (max-width: 768px) 100vw, 768px\" \/>\t\t<\/div>\n\t\t\n\t\t\t<div class=\"teft-card__content-wrapper\">\n\t\t\t\t<div class=\"teft-card__secondary\">\n\t\t\t\t\t\n\t\t\t\t\t\t\t\t<div class=\"teft-card__meta\">\n\t\t\t\t\t\t\t\t\t<span class=\"post-date\">22. aug 2026<\/span>\n\n\t\t\t\t\t\t\t\t\t\t\t\t\t\t\t\t\t<\/div>\n\t\t\t\t\t\t\t\t\t\t\t<\/div>\n\n\t\t\t\t<div class=\"teft-card__primary\">\n\t\t\t\t\t<h2 class=\"teft-card__title\">Tid for nye krefter &#8211; Det er tid for et generasjonsskifte, Ris\u00f8r H\u00f8yre g\u00e5r foran med 33 \u00e5r gamle Sverre Tobias Dukene som ordf\u00f8rerkandidat.&nbsp;<span class=\"teft-card__primary-title-append\"><\/span><\/h2>\t\t\t\t<\/div>\n\t\t\t<\/div>\n\t\t<\/a>\n\t<\/div>\n\n\t<\/div><div class=\"is-card-hoyre\">\n\t<div class=\"teft-card hoyre-teft-card post-teft-card\">\n\t\t<a href=\"https:\/\/hoyre.no\/risor\/aktuelt\/alle-burde-hatt-en-periode-i-politikken-veldig-laererikt-og-viktig-a-forsta-hvordan-kommunen-driftes-og-lokalsamfunnet-fungerer\/\" class=\"teft-card__primary-action\">\n\n\t\t\t\t\t<div class=\"teft-card__media teft-card__media--16-9\">\n\t\t\t\t\t\t<img loading=\"lazy\" decoding=\"async\" width=\"768\" height=\"712\" src=\"https:\/\/hoyre.no\/content\/uploads\/sites\/24\/2026\/02\/IMG_8018-scaled-e1784548533311-768x712.jpeg\" class=\"attachment-medium_large size-medium_large\" alt=\"\" srcset=\"https:\/\/hoyre.no\/content\/uploads\/sites\/24\/2026\/02\/IMG_8018-scaled-e1784548533311-768x712.jpeg 768w, https:\/\/hoyre.no\/content\/uploads\/sites\/24\/2026\/02\/IMG_8018-scaled-e1784548533311-300x278.jpeg 300w, https:\/\/hoyre.no\/content\/uploads\/sites\/24\/2026\/02\/IMG_8018-scaled-e1784548533311-1024x950.jpeg 1024w, https:\/\/hoyre.no\/content\/uploads\/sites\/24\/2026\/02\/IMG_8018-scaled-e1784548533311-1536x1425.jpeg 1536w, https:\/\/hoyre.no\/content\/uploads\/sites\/24\/2026\/02\/IMG_8018-scaled-e1784548533311.jpeg 1667w\" sizes=\"auto, (max-width: 768px) 100vw, 768px\" \/>\t\t<\/div>\n\t\t\n\t\t\t<div class=\"teft-card__content-wrapper\">\n\t\t\t\t<div class=\"teft-card__secondary\">\n\t\t\t\t\t\n\t\t\t\t\t\t\t\t<div class=\"teft-card__meta\">\n\t\t\t\t\t\t\t\t\t<span class=\"post-date\">20. jul 2026<\/span>\n\n\t\t\t\t\t\t\t\t\t\t\t\t\t\t\t\t\t<\/div>\n\t\t\t\t\t\t\t\t\t\t\t<\/div>\n\n\t\t\t\t<div class=\"teft-card__primary\">\n\t\t\t\t\t<h2 class=\"teft-card__title\">Alle burde hatt en periode i politikken, veldig l\u00e6rerikt og viktig \u00e5 forst\u00e5 hvordan kommunen driftes og lokalsamfunnet fungerer.&nbsp;<span class=\"teft-card__primary-title-append\"><\/span><\/h2>\t\t\t\t<\/div>\n\t\t\t<\/div>\n\t\t<\/a>\n\t<\/div>\n\n\t<\/div><\/div>\t<\/div>\n<\/div>\n","protected":false},"excerpt":{"rendered":"","protected":false},"author":40263,"featured_media":0,"comment_status":"closed","ping_status":"closed","sticky":false,"template":"","format":"standard","meta":{"teft_cards_image_url":"","teft_cards_custom_pretitle":"","teft_cards_image_id":268,"teft_cards_image_focal_point_x":0.5,"teft_cards_image_focal_point_y":0.5,"teft_cards_title":"","teft_cards_excerpt":"","teft_show_chapters":false,"author_display_name":"","footnotes":""},"category":[1],"post_tag":[],"hoyre-visibility":[],"article-type":[],"politician":[],"class_list":["post-319","post","type-post","status-publish","format-standard","hentry","category-ukategorisert"],"yoast_head":"<!-- This site is optimized with the Yoast SEO plugin v28.2 - https:\/\/yoast.com\/product\/yoast-seo-wordpress\/ -->\n<title>Livbeltefabrikken - detaljreguleringsplan - Ris\u00f8r H\u00f8yre<\/title>\n<meta name=\"robots\" content=\"index, follow, max-snippet:-1, max-image-preview:large, max-video-preview:-1\" \/>\n<link rel=\"canonical\" href=\"https:\/\/hoyre.no\/risor\/aktuelt\/livbeltefabrikken-detaljreguleringsplan\/\" \/>\n<meta property=\"og:locale\" content=\"nb_NO\" \/>\n<meta property=\"og:type\" content=\"article\" \/>\n<meta property=\"og:title\" content=\"Livbeltefabrikken - detaljreguleringsplan - Ris\u00f8r H\u00f8yre\" \/>\n<meta property=\"og:url\" content=\"https:\/\/hoyre.no\/risor\/aktuelt\/livbeltefabrikken-detaljreguleringsplan\/\" \/>\n<meta property=\"og:site_name\" content=\"Ris\u00f8r H\u00f8yre\" \/>\n<meta property=\"article:published_time\" content=\"2026-08-25T08:47:07+00:00\" \/>\n<meta property=\"article:modified_time\" content=\"2026-08-25T08:52:21+00:00\" \/>\n<meta property=\"og:image\" content=\"https:\/\/hoyre.no\/content\/uploads\/sites\/24\/2026\/02\/IMG_8018-scaled-e1784548533311-1024x950.jpeg\" \/>\n<meta name=\"author\" content=\"Kari-Anne R\u00f8island\" \/>\n<meta name=\"twitter:card\" content=\"summary_large_image\" \/>\n<meta name=\"twitter:label1\" content=\"Skrevet av\" \/>\n\t<meta name=\"twitter:data1\" content=\"Kari-Anne R\u00f8island\" \/>\n\t<meta name=\"twitter:label2\" content=\"Ansl. lesetid\" \/>\n\t<meta name=\"twitter:data2\" content=\"4 minutter\" \/>\n<script type=\"application\/ld+json\" class=\"yoast-schema-graph\">{\"@context\":\"https:\\\/\\\/schema.org\",\"@graph\":[{\"@type\":\"Article\",\"@id\":\"https:\\\/\\\/hoyre.no\\\/risor\\\/aktuelt\\\/livbeltefabrikken-detaljreguleringsplan\\\/#article\",\"isPartOf\":{\"@id\":\"https:\\\/\\\/hoyre.no\\\/risor\\\/aktuelt\\\/livbeltefabrikken-detaljreguleringsplan\\\/\"},\"author\":{\"name\":\"Kari-Anne R\u00f8island\",\"@id\":\"https:\\\/\\\/hoyre.no\\\/risor\\\/#\\\/schema\\\/person\\\/ac6be63fec246240eccc95065750fbdd\"},\"headline\":\"Livbeltefabrikken &#8211; detaljreguleringsplan\",\"datePublished\":\"2026-08-25T08:47:07+00:00\",\"dateModified\":\"2026-08-25T08:52:21+00:00\",\"mainEntityOfPage\":{\"@id\":\"https:\\\/\\\/hoyre.no\\\/risor\\\/aktuelt\\\/livbeltefabrikken-detaljreguleringsplan\\\/\"},\"wordCount\":712,\"image\":{\"@id\":\"https:\\\/\\\/hoyre.no\\\/risor\\\/aktuelt\\\/livbeltefabrikken-detaljreguleringsplan\\\/#primaryimage\"},\"thumbnailUrl\":\"https:\\\/\\\/hoyre.no\\\/content\\\/uploads\\\/sites\\\/24\\\/2026\\\/02\\\/IMG_8537.jpeg\",\"inLanguage\":\"nb-NO\"},{\"@type\":\"NewsArticle\",\"@id\":\"https:\\\/\\\/hoyre.no\\\/risor\\\/aktuelt\\\/livbeltefabrikken-detaljreguleringsplan\\\/\",\"url\":\"https:\\\/\\\/hoyre.no\\\/risor\\\/aktuelt\\\/livbeltefabrikken-detaljreguleringsplan\\\/\",\"name\":\"Livbeltefabrikken - detaljreguleringsplan - Ris\u00f8r H\u00f8yre\",\"isPartOf\":{\"@id\":\"https:\\\/\\\/hoyre.no\\\/risor\\\/#website\"},\"image\":{\"@id\":\"https:\\\/\\\/hoyre.no\\\/risor\\\/aktuelt\\\/livbeltefabrikken-detaljreguleringsplan\\\/#primaryimage\"},\"thumbnailUrl\":\"https:\\\/\\\/hoyre.no\\\/content\\\/uploads\\\/sites\\\/24\\\/2026\\\/02\\\/IMG_8537.jpeg\",\"datePublished\":\"2026-08-25T08:47:07+00:00\",\"dateModified\":\"2026-08-25T08:52:21+00:00\",\"author\":{\"@id\":\"https:\\\/\\\/hoyre.no\\\/risor\\\/#\\\/schema\\\/person\\\/ac6be63fec246240eccc95065750fbdd\"},\"breadcrumb\":{\"@id\":\"https:\\\/\\\/hoyre.no\\\/risor\\\/aktuelt\\\/livbeltefabrikken-detaljreguleringsplan\\\/#breadcrumb\"},\"inLanguage\":\"nb-NO\",\"potentialAction\":[{\"@type\":\"ReadAction\",\"target\":[\"https:\\\/\\\/hoyre.no\\\/risor\\\/aktuelt\\\/livbeltefabrikken-detaljreguleringsplan\\\/\"]}]},{\"@type\":\"ImageObject\",\"inLanguage\":\"nb-NO\",\"@id\":\"https:\\\/\\\/hoyre.no\\\/risor\\\/aktuelt\\\/livbeltefabrikken-detaljreguleringsplan\\\/#primaryimage\",\"url\":\"https:\\\/\\\/hoyre.no\\\/content\\\/uploads\\\/sites\\\/24\\\/2026\\\/02\\\/IMG_8537.jpeg\",\"contentUrl\":\"https:\\\/\\\/hoyre.no\\\/content\\\/uploads\\\/sites\\\/24\\\/2026\\\/02\\\/IMG_8537.jpeg\"},{\"@type\":\"BreadcrumbList\",\"@id\":\"https:\\\/\\\/hoyre.no\\\/risor\\\/aktuelt\\\/livbeltefabrikken-detaljreguleringsplan\\\/#breadcrumb\",\"itemListElement\":[{\"@type\":\"ListItem\",\"position\":1,\"name\":\"Til hoyre.no\",\"item\":\"https:\\\/\\\/hoyre.no\"},{\"@type\":\"ListItem\",\"position\":2,\"name\":\"Hjem\",\"item\":\"https:\\\/\\\/hoyre.no\\\/risor\\\/\"},{\"@type\":\"ListItem\",\"position\":3,\"name\":\"Livbeltefabrikken &#8211; detaljreguleringsplan\"}]},{\"@type\":\"WebSite\",\"@id\":\"https:\\\/\\\/hoyre.no\\\/risor\\\/#website\",\"url\":\"https:\\\/\\\/hoyre.no\\\/risor\\\/\",\"name\":\"Ris\u00f8r H\u00f8yre\",\"description\":\"Bare enda et H\u00f8yres nettsteder-nettsted\",\"inLanguage\":\"nb-NO\"},{\"@type\":\"Person\",\"@id\":\"https:\\\/\\\/hoyre.no\\\/risor\\\/#\\\/schema\\\/person\\\/ac6be63fec246240eccc95065750fbdd\",\"name\":\"Kari-Anne R\u00f8island\",\"image\":{\"@type\":\"ImageObject\",\"inLanguage\":\"nb-NO\",\"@id\":\"https:\\\/\\\/secure.gravatar.com\\\/avatar\\\/c51c17400ddf64996199f5301af8c5fd0b83c35a6e8013d115f6dd8a1daf5bc2?s=96&d=mm&r=g\",\"url\":\"https:\\\/\\\/secure.gravatar.com\\\/avatar\\\/c51c17400ddf64996199f5301af8c5fd0b83c35a6e8013d115f6dd8a1daf5bc2?s=96&d=mm&r=g\",\"contentUrl\":\"https:\\\/\\\/secure.gravatar.com\\\/avatar\\\/c51c17400ddf64996199f5301af8c5fd0b83c35a6e8013d115f6dd8a1daf5bc2?s=96&d=mm&r=g\",\"caption\":\"Kari-Anne R\u00f8island\"},\"url\":\"https:\\\/\\\/hoyre.no\\\/risor\\\/aktuelt\\\/author\\\/m52196904\\\/\"}]}<\/script>\n<!-- \/ Yoast SEO plugin. -->","yoast_head_json":{"title":"Livbeltefabrikken - detaljreguleringsplan - Ris\u00f8r H\u00f8yre","robots":{"index":"index","follow":"follow","max-snippet":"max-snippet:-1","max-image-preview":"max-image-preview:large","max-video-preview":"max-video-preview:-1"},"canonical":"https:\/\/hoyre.no\/risor\/aktuelt\/livbeltefabrikken-detaljreguleringsplan\/","og_locale":"nb_NO","og_type":"article","og_title":"Livbeltefabrikken - detaljreguleringsplan - Ris\u00f8r H\u00f8yre","og_url":"https:\/\/hoyre.no\/risor\/aktuelt\/livbeltefabrikken-detaljreguleringsplan\/","og_site_name":"Ris\u00f8r H\u00f8yre","article_published_time":"2026-08-25T08:47:07+00:00","article_modified_time":"2026-08-25T08:52:21+00:00","og_image":[{"url":"https:\/\/hoyre.no\/content\/uploads\/sites\/24\/2026\/02\/IMG_8018-scaled-e1784548533311-1024x950.jpeg","width":"","height":"","type":""}],"author":"Kari-Anne R\u00f8island","twitter_card":"summary_large_image","twitter_misc":{"Skrevet av":"Kari-Anne R\u00f8island","Ansl. lesetid":"4 minutter"},"schema":{"@context":"https:\/\/schema.org","@graph":[{"@type":"Article","@id":"https:\/\/hoyre.no\/risor\/aktuelt\/livbeltefabrikken-detaljreguleringsplan\/#article","isPartOf":{"@id":"https:\/\/hoyre.no\/risor\/aktuelt\/livbeltefabrikken-detaljreguleringsplan\/"},"author":{"name":"Kari-Anne R\u00f8island","@id":"https:\/\/hoyre.no\/risor\/#\/schema\/person\/ac6be63fec246240eccc95065750fbdd"},"headline":"Livbeltefabrikken &#8211; detaljreguleringsplan","datePublished":"2026-08-25T08:47:07+00:00","dateModified":"2026-08-25T08:52:21+00:00","mainEntityOfPage":{"@id":"https:\/\/hoyre.no\/risor\/aktuelt\/livbeltefabrikken-detaljreguleringsplan\/"},"wordCount":712,"image":{"@id":"https:\/\/hoyre.no\/risor\/aktuelt\/livbeltefabrikken-detaljreguleringsplan\/#primaryimage"},"thumbnailUrl":"https:\/\/hoyre.no\/content\/uploads\/sites\/24\/2026\/02\/IMG_8537.jpeg","inLanguage":"nb-NO"},{"@type":"NewsArticle","@id":"https:\/\/hoyre.no\/risor\/aktuelt\/livbeltefabrikken-detaljreguleringsplan\/","url":"https:\/\/hoyre.no\/risor\/aktuelt\/livbeltefabrikken-detaljreguleringsplan\/","name":"Livbeltefabrikken - detaljreguleringsplan - Ris\u00f8r H\u00f8yre","isPartOf":{"@id":"https:\/\/hoyre.no\/risor\/#website"},"image":{"@id":"https:\/\/hoyre.no\/risor\/aktuelt\/livbeltefabrikken-detaljreguleringsplan\/#primaryimage"},"thumbnailUrl":"https:\/\/hoyre.no\/content\/uploads\/sites\/24\/2026\/02\/IMG_8537.jpeg","datePublished":"2026-08-25T08:47:07+00:00","dateModified":"2026-08-25T08:52:21+00:00","author":{"@id":"https:\/\/hoyre.no\/risor\/#\/schema\/person\/ac6be63fec246240eccc95065750fbdd"},"breadcrumb":{"@id":"https:\/\/hoyre.no\/risor\/aktuelt\/livbeltefabrikken-detaljreguleringsplan\/#breadcrumb"},"inLanguage":"nb-NO","potentialAction":[{"@type":"ReadAction","target":["https:\/\/hoyre.no\/risor\/aktuelt\/livbeltefabrikken-detaljreguleringsplan\/"]}]},{"@type":"ImageObject","inLanguage":"nb-NO","@id":"https:\/\/hoyre.no\/risor\/aktuelt\/livbeltefabrikken-detaljreguleringsplan\/#primaryimage","url":"https:\/\/hoyre.no\/content\/uploads\/sites\/24\/2026\/02\/IMG_8537.jpeg","contentUrl":"https:\/\/hoyre.no\/content\/uploads\/sites\/24\/2026\/02\/IMG_8537.jpeg"},{"@type":"BreadcrumbList","@id":"https:\/\/hoyre.no\/risor\/aktuelt\/livbeltefabrikken-detaljreguleringsplan\/#breadcrumb","itemListElement":[{"@type":"ListItem","position":1,"name":"Til hoyre.no","item":"https:\/\/hoyre.no"},{"@type":"ListItem","position":2,"name":"Hjem","item":"https:\/\/hoyre.no\/risor\/"},{"@type":"ListItem","position":3,"name":"Livbeltefabrikken &#8211; detaljreguleringsplan"}]},{"@type":"WebSite","@id":"https:\/\/hoyre.no\/risor\/#website","url":"https:\/\/hoyre.no\/risor\/","name":"Ris\u00f8r H\u00f8yre","description":"Bare enda et H\u00f8yres nettsteder-nettsted","inLanguage":"nb-NO"},{"@type":"Person","@id":"https:\/\/hoyre.no\/risor\/#\/schema\/person\/ac6be63fec246240eccc95065750fbdd","name":"Kari-Anne R\u00f8island","image":{"@type":"ImageObject","inLanguage":"nb-NO","@id":"https:\/\/secure.gravatar.com\/avatar\/c51c17400ddf64996199f5301af8c5fd0b83c35a6e8013d115f6dd8a1daf5bc2?s=96&d=mm&r=g","url":"https:\/\/secure.gravatar.com\/avatar\/c51c17400ddf64996199f5301af8c5fd0b83c35a6e8013d115f6dd8a1daf5bc2?s=96&d=mm&r=g","contentUrl":"https:\/\/secure.gravatar.com\/avatar\/c51c17400ddf64996199f5301af8c5fd0b83c35a6e8013d115f6dd8a1daf5bc2?s=96&d=mm&r=g","caption":"Kari-Anne R\u00f8island"},"url":"https:\/\/hoyre.no\/risor\/aktuelt\/author\/m52196904\/"}]}},"distributor_meta":false,"distributor_terms":false,"distributor_media":false,"distributor_original_site_name":"Ris\u00f8r H\u00f8yre","distributor_original_site_url":"https:\/\/hoyre.no\/risor","push-errors":false,"_links":{"self":[{"href":"https:\/\/hoyre.no\/risor\/wp-json\/wp\/v2\/posts\/319","targetHints":{"allow":["GET"]}}],"collection":[{"href":"https:\/\/hoyre.no\/risor\/wp-json\/wp\/v2\/posts"}],"about":[{"href":"https:\/\/hoyre.no\/risor\/wp-json\/wp\/v2\/types\/post"}],"author":[{"embeddable":true,"href":"https:\/\/hoyre.no\/risor\/wp-json\/wp\/v2\/users\/40263"}],"replies":[{"embeddable":true,"href":"https:\/\/hoyre.no\/risor\/wp-json\/wp\/v2\/comments?post=319"}],"version-history":[{"count":5,"href":"https:\/\/hoyre.no\/risor\/wp-json\/wp\/v2\/posts\/319\/revisions"}],"predecessor-version":[{"id":326,"href":"https:\/\/hoyre.no\/risor\/wp-json\/wp\/v2\/posts\/319\/revisions\/326"}],"wp:attachment":[{"href":"https:\/\/hoyre.no\/risor\/wp-json\/wp\/v2\/media?parent=319"}],"wp:term":[{"taxonomy":"category","embeddable":true,"href":"https:\/\/hoyre.no\/risor\/wp-json\/wp\/v2\/category?post=319"},{"taxonomy":"post_tag","embeddable":true,"href":"https:\/\/hoyre.no\/risor\/wp-json\/wp\/v2\/post_tag?post=319"},{"taxonomy":"hoyre-visibility","embeddable":true,"href":"https:\/\/hoyre.no\/risor\/wp-json\/wp\/v2\/hoyre-visibility?post=319"},{"taxonomy":"article-type","embeddable":true,"href":"https:\/\/hoyre.no\/risor\/wp-json\/wp\/v2\/article-type?post=319"},{"taxonomy":"politician","embeddable":true,"href":"https:\/\/hoyre.no\/risor\/wp-json\/wp\/v2\/politician?post=319"}],"curies":[{"name":"wp","href":"https:\/\/api.w.org\/{rel}","templated":true}]}}