{"id":327,"date":"2026-08-26T23:26:40","date_gmt":"2026-08-26T21:26:40","guid":{"rendered":"https:\/\/hoyre.no\/risor\/?p=327"},"modified":"2026-08-27T09:50:54","modified_gmt":"2026-08-27T07:50:54","slug":"sverre-tobias-dukene-valgt-som-hoyres-ordforerkandidat-i-risor","status":"publish","type":"post","link":"https:\/\/hoyre.no\/risor\/aktuelt\/sverre-tobias-dukene-valgt-som-hoyres-ordforerkandidat-i-risor\/","title":{"rendered":"Sverre Tobias Dukene valgt som H\u00f8yres ordf\u00f8rerkandidat i Ris\u00f8r"},"content":{"rendered":"\n<p class=\"wp-block-paragraph\"><\/p>\n\n\n\n\t\t\t<div class=\"post-meta wp-block teft-byline-wrapper\">\n\t\t\t\t<div class=\"top\">\n\t\t\t\t\t<div class=\"signature\">\n\t\t\t\t\t\t<div class=\"teft-byline\">\n\t\t\t\t\t\t\t<div class=\"teft-card__media circle-crop\"><img decoding=\"async\" loading=\"lazy\" width=\"500\" height=\"500\" src=\"https:\/\/res.cloudinary.com\/hoyre\/image\/upload\/c_thumb,g_face:center,h_500,w_500,d_defaultprofileimg3.jpg,fl_lossy,f_auto\/w_500\/v20230420\/52196904.jpg\" style=\"background-position:50% 50%;\" alt=\"Kari-Anne R\u00f8island\" \/><\/div>\t\t\t\t\t\t\t<div>\n\t\t\t\t\t\t\t\t<h3><a href=\"https:\/\/hoyre.no\/personprofiler\/kari-anne-roisland\/\">Kari-Anne R\u00f8island<\/a><\/h3>\t\t\t\t\t\t\t\t\t\t\t\t\t\t\t\t\t<span class=\"position\">Leder i lokalforeningen<\/span>\n\t\t\t\t\t\t\t\t\n\t\t\t\t\t\t\t\t\t\t\t\t\t\t\t\t\t<span class=\"date\">Sist oppdatert: 27. august 2026<\/span>\n\t\t\t\t\t\t\t\t\t\t\t\t\t\t\t\t\t\t\t\t\t\t\t\t\t<span class=\"reading-time\" itemprop=\"timeRequired\" content=\"PT2M\"><em>Ca. 2 minutter lesetid<\/em><\/span>\n\t\t\t\t\t\t\t\t\t\t\t\t\t\t\t<\/div>\n\t\t\t\t\t\t<\/div>\n\t\t\t\t\t<\/div>\n\t\t\t\t\t\t<div class=\"sharing\">\n\t\t<a class=\"share-button share-link copy-link\" data-copy=\"https:\/\/hoyre.no\/risor\/aktuelt\/sverre-tobias-dukene-valgt-som-hoyres-ordforerkandidat-i-risor\/\" target=\"_blank\"><span class=\"screen-reader-text\">Del link<\/span><\/a>\n\t\t<a class=\"share-button share-twitter\" href=\"http:\/\/twitter.com\/share?text=Sverre Tobias Dukene valgt som H\u00f8yres ordf\u00f8rerkandidat i Ris\u00f8r&#038;url=https:\/\/hoyre.no\/risor\/aktuelt\/sverre-tobias-dukene-valgt-som-hoyres-ordforerkandidat-i-risor\/&#038;hashtags=Hoyre\" target=\"_blank\"><span class=\"screen-reader-text\">Del p\u00e5 twitter<\/span><\/a>\n\t\t<a class=\"share-button share-facebook\" href=\"https:\/\/www.facebook.com\/sharer\/sharer.php?u=https:\/\/hoyre.no\/risor\/aktuelt\/sverre-tobias-dukene-valgt-som-hoyres-ordforerkandidat-i-risor\/\" target=\"_blank\"><span class=\"screen-reader-text\">Del p\u00e5 facebook<\/span><\/a>\n\t<\/div>\n\t\t\t\t\t<\/div>\n\t\t\t<\/div>\n\n\t\t\t<figure class=\"hoyre-image-wrapper\"><div class=\"hoyre-image\"><img loading=\"lazy\" decoding=\"async\" width=\"1667\" height=\"1617\" src=\"https:\/\/hoyre.no\/content\/uploads\/sites\/24\/2026\/08\/Bilde-ST-1-scaled-e1787779833271.jpg\" class=\"attachment-scaled size-scaled\" alt=\"\" style=\"object-position: 50% 50%\" srcset=\"https:\/\/hoyre.no\/content\/uploads\/sites\/24\/2026\/08\/Bilde-ST-1-scaled-e1787779833271.jpg 1667w, https:\/\/hoyre.no\/content\/uploads\/sites\/24\/2026\/08\/Bilde-ST-1-scaled-e1787779833271-300x291.jpg 300w, https:\/\/hoyre.no\/content\/uploads\/sites\/24\/2026\/08\/Bilde-ST-1-scaled-e1787779833271-1024x993.jpg 1024w, https:\/\/hoyre.no\/content\/uploads\/sites\/24\/2026\/08\/Bilde-ST-1-scaled-e1787779833271-768x745.jpg 768w, https:\/\/hoyre.no\/content\/uploads\/sites\/24\/2026\/08\/Bilde-ST-1-scaled-e1787779833271-1536x1490.jpg 1536w\" sizes=\"auto, (max-width: 1667px) 100vw, 1667px\" \/><\/div><figcaption class=\"caption\">Foto: Johnny Aasen\/Agder H\u00f8yre<\/figcaption><\/figure>\n\n\n\n\n<p class=\"wp-block-paragraph\"><strong>PRESSEMELDING \u2013 RIS\u00d8R H\u00d8YRE<\/strong><strong><\/strong><\/p>\n\n\n\n<p class=\"wp-block-paragraph\">Sverre Tobias Dukene (33) ble i dag valgt som Ris\u00f8r H\u00f8yres ordf\u00f8rerkandidat. Valget skjedde p\u00e5 lokalpartiets nominasjonsm\u00f8te.<\/p>\n\n\n\n<p class=\"wp-block-paragraph\">Dukene har sittet to perioder i Ris\u00f8r kommunestyre og har gjennom disse \u00e5rene opparbeidet seg bred politisk erfaring. Leder i Ris\u00f8r H\u00f8yre, Kari-Anne R\u00f8island, mener partiet har f\u00e5tt en sterk kandidat som kombinerer erfaring med fornyelse.<\/p>\n\n\n\n<p class=\"wp-block-paragraph\">\u2013 Med Sverre Tobias har vi f\u00e5tt en erfaren politiker i f\u00f8rersetet, som gjennom to kommunestyreperioder har v\u00e6rt med p\u00e5 \u00e5 h\u00e5ndtere flere krevende saker for partiet. Samtidig representerer han med sin unge alder et generasjonsskifte. Det gir oss b\u00e5de kontinuitet og fornyelse, og jeg er trygg p\u00e5 at Sverre Tobias er rett person til \u00e5 lede Ris\u00f8r H\u00f8yre inn i valgkampen, sier R\u00f8island.<\/p>\n\n\n\n<p class=\"wp-block-paragraph\">Med erfaring fra b\u00e5de arbeidsliv og lokalpolitikk \u00f8nsker Dukene \u00e5 bidra med tydelig ledelse, gjennomf\u00f8ringsevne og et sterkt engasjement for Ris\u00f8rs videre utvikling. Som sm\u00e5barnsfar er han s\u00e6rlig opptatt av \u00e5 skape gode oppvekstsvilk\u00e5r for barn og unge, samtidig som han vil arbeide for n\u00e6ringsutvikling, flere arbeidsplasser og en ansvarlig \u00f8konomistyring.<\/p>\n\n\n\n<p class=\"wp-block-paragraph\"><strong>Dukene sier han er b\u00e5de stolt og takknemlig for tilliten fra partiet.<\/strong><strong><\/strong><\/p>\n\n\n\n<p class=\"wp-block-paragraph\">\u2013 Jeg er stolt og takknemlig for tilliten partiet har vist meg, og g\u00e5r til oppgaven som ordf\u00f8rerkandidat med ydmykhet og p\u00e5gangsmot. Jeg er klar til \u00e5 brette opp skjorteermene og jobbe for at Ris\u00f8r fortsatt skal v\u00e6re en god kommune \u00e5 vokse opp, leve og bo i, sier Dukene.<\/p>\n\n\n\n<p class=\"wp-block-paragraph\"><strong>Han peker p\u00e5 at Ris\u00f8r st\u00e5r foran viktige veivalg i \u00e5rene som kommer.<\/strong><strong><\/strong><\/p>\n\n\n\n<p class=\"wp-block-paragraph\">\u2013 Vi st\u00e5r overfor flere store utfordringer, ikke minst innen helse og omsorg. Samtidig er jeg optimist. Jeg er trygg p\u00e5 at vi b\u00e5de i H\u00f8yre og p\u00e5 tvers av partiene skal klare \u00e5 finne gode og b\u00e6rekraftige l\u00f8sninger for Ris\u00f8r. For meg handler lokalpolitikk f\u00f8rst og fremst om \u00e5 f\u00e5 ting til \u00e5 fungere i hverdagen for innbyggerne, sier Dukene.<\/p>\n\n\n\n<p class=\"wp-block-paragraph\">Ordf\u00f8rer Kai Strat gratulerer Sverre Tobias Dukene som ordf\u00f8rerkandidat for Ris\u00f8r H\u00f8yre til kommunevalget september 2027. Ris\u00f8r H\u00f8yre satser p\u00e5 et generasjons skifte, og det er sv\u00e6rt gledelig at Sverre Tobias \u00f8nsker \u00e5 ta stafettpinnen videre for Ris\u00f8r H\u00f8yre. Dette er et meget godt valg for Ris\u00f8r kommune. Jeg \u00f8nsker han lykke til med valget.<\/p>\n\n\n\n<p class=\"wp-block-paragraph\">Ris\u00f8r H\u00f8yre g\u00e5r dermed inn i arbeidet fram mot kommunevalget med Dukene som partiets ordf\u00f8rerkandidat.<\/p>\n\n\n\n<p class=\"wp-block-paragraph\">For ytterligere informasjon: Ris\u00f8r H\u00f8yre, Kari-Anne R\u00f8island, tlf. 90995774 <\/p>\n\n\n\n<p class=\"wp-block-paragraph\"><\/p>\n\n\n\n<figure class=\"wp-block-image size-large\"><img loading=\"lazy\" decoding=\"async\" width=\"1017\" height=\"1024\" src=\"https:\/\/hoyre.no\/content\/uploads\/sites\/24\/2026\/08\/att.sX5B611-e1787400096462-1017x1024.jpeg\" alt=\"\" class=\"wp-image-306\" srcset=\"https:\/\/hoyre.no\/content\/uploads\/sites\/24\/2026\/08\/att.sX5B611-e1787400096462-1017x1024.jpeg 1017w, https:\/\/hoyre.no\/content\/uploads\/sites\/24\/2026\/08\/att.sX5B611-e1787400096462-298x300.jpeg 298w, https:\/\/hoyre.no\/content\/uploads\/sites\/24\/2026\/08\/att.sX5B611-e1787400096462-150x150.jpeg 150w, https:\/\/hoyre.no\/content\/uploads\/sites\/24\/2026\/08\/att.sX5B611-e1787400096462-768x773.jpeg 768w, https:\/\/hoyre.no\/content\/uploads\/sites\/24\/2026\/08\/att.sX5B611-e1787400096462-1526x1536.jpeg 1526w, https:\/\/hoyre.no\/content\/uploads\/sites\/24\/2026\/08\/att.sX5B611-e1787400096462.jpeg 1553w\" sizes=\"auto, (max-width: 1017px) 100vw, 1017px\" \/><\/figure>\n\n\n<div class=\"tags\">\n\t<\/div>\n<div class=\"post-footer alignfull has-background block-editor-block-list__block\" data-align=full>\n\t<div class=\"post-footer-inner\">\n\t\t<h3>Relaterte artikler<\/h3>\n\t\t<div class=\"related-content\"><div class=\"is-card-hoyre\">\n\t<div class=\"teft-card hoyre-teft-card post-teft-card\">\n\t\t<a href=\"https:\/\/hoyre.no\/risor\/aktuelt\/livbeltefabrikken-detaljreguleringsplan\/\" class=\"teft-card__primary-action\">\n\n\t\t\t\t\t<div class=\"teft-card__media teft-card__media--16-9\">\n\t\t\t\t\t\t<img loading=\"lazy\" decoding=\"async\" width=\"768\" height=\"365\" src=\"https:\/\/hoyre.no\/content\/uploads\/sites\/24\/2026\/06\/Skjermbilde-2026-06-08-kl.-22.56.27-768x365.png\" class=\"attachment-medium_large size-medium_large\" alt=\"\" srcset=\"https:\/\/hoyre.no\/content\/uploads\/sites\/24\/2026\/06\/Skjermbilde-2026-06-08-kl.-22.56.27-768x365.png 768w, https:\/\/hoyre.no\/content\/uploads\/sites\/24\/2026\/06\/Skjermbilde-2026-06-08-kl.-22.56.27-300x142.png 300w, https:\/\/hoyre.no\/content\/uploads\/sites\/24\/2026\/06\/Skjermbilde-2026-06-08-kl.-22.56.27-1024x486.png 1024w, https:\/\/hoyre.no\/content\/uploads\/sites\/24\/2026\/06\/Skjermbilde-2026-06-08-kl.-22.56.27-1536x729.png 1536w, https:\/\/hoyre.no\/content\/uploads\/sites\/24\/2026\/06\/Skjermbilde-2026-06-08-kl.-22.56.27.png 1942w\" sizes=\"auto, (max-width: 768px) 100vw, 768px\" \/>\t\t<\/div>\n\t\t\n\t\t\t<div class=\"teft-card__content-wrapper\">\n\t\t\t\t<div class=\"teft-card__secondary\">\n\t\t\t\t\t\n\t\t\t\t\t\t\t\t<div class=\"teft-card__meta\">\n\t\t\t\t\t\t\t\t\t<span class=\"post-date\">25. aug 2026<\/span>\n\n\t\t\t\t\t\t\t\t\t\t\t\t\t\t\t\t\t<\/div>\n\t\t\t\t\t\t\t\t\t\t\t<\/div>\n\n\t\t\t\t<div class=\"teft-card__primary\">\n\t\t\t\t\t<h2 class=\"teft-card__title\">Livbeltefabrikken &#8211; detaljreguleringsplan&nbsp;<span class=\"teft-card__primary-title-append\"><\/span><\/h2>\t\t\t\t<\/div>\n\t\t\t<\/div>\n\t\t<\/a>\n\t<\/div>\n\n\t<\/div><div class=\"is-card-hoyre\">\n\t<div class=\"teft-card hoyre-teft-card post-teft-card\">\n\t\t<a href=\"https:\/\/hoyre.no\/risor\/aktuelt\/tid-for-nye-krefter\/\" class=\"teft-card__primary-action\">\n\n\t\t\t\t\t<div class=\"teft-card__media teft-card__media--16-9\">\n\t\t\t\t\t\t<img loading=\"lazy\" decoding=\"async\" width=\"768\" height=\"773\" src=\"https:\/\/hoyre.no\/content\/uploads\/sites\/24\/2026\/08\/att.sX5B611-e1787400096462-768x773.jpeg\" class=\"attachment-medium_large size-medium_large\" alt=\"\" srcset=\"https:\/\/hoyre.no\/content\/uploads\/sites\/24\/2026\/08\/att.sX5B611-e1787400096462-768x773.jpeg 768w, https:\/\/hoyre.no\/content\/uploads\/sites\/24\/2026\/08\/att.sX5B611-e1787400096462-298x300.jpeg 298w, https:\/\/hoyre.no\/content\/uploads\/sites\/24\/2026\/08\/att.sX5B611-e1787400096462-1017x1024.jpeg 1017w, https:\/\/hoyre.no\/content\/uploads\/sites\/24\/2026\/08\/att.sX5B611-e1787400096462-150x150.jpeg 150w, https:\/\/hoyre.no\/content\/uploads\/sites\/24\/2026\/08\/att.sX5B611-e1787400096462-1526x1536.jpeg 1526w, https:\/\/hoyre.no\/content\/uploads\/sites\/24\/2026\/08\/att.sX5B611-e1787400096462.jpeg 1553w\" sizes=\"auto, (max-width: 768px) 100vw, 768px\" \/>\t\t<\/div>\n\t\t\n\t\t\t<div class=\"teft-card__content-wrapper\">\n\t\t\t\t<div class=\"teft-card__secondary\">\n\t\t\t\t\t\n\t\t\t\t\t\t\t\t<div class=\"teft-card__meta\">\n\t\t\t\t\t\t\t\t\t<span class=\"post-date\">22. aug 2026<\/span>\n\n\t\t\t\t\t\t\t\t\t\t\t\t\t\t\t\t\t<\/div>\n\t\t\t\t\t\t\t\t\t\t\t<\/div>\n\n\t\t\t\t<div class=\"teft-card__primary\">\n\t\t\t\t\t<h2 class=\"teft-card__title\">Tid for nye krefter &#8211; Det er tid for et generasjonsskifte, Ris\u00f8r H\u00f8yre g\u00e5r foran med 33 \u00e5r gamle Sverre Tobias Dukene som ordf\u00f8rerkandidat.&nbsp;<span class=\"teft-card__primary-title-append\"><\/span><\/h2>\t\t\t\t<\/div>\n\t\t\t<\/div>\n\t\t<\/a>\n\t<\/div>\n\n\t<\/div><div class=\"is-card-hoyre\">\n\t<div class=\"teft-card hoyre-teft-card post-teft-card\">\n\t\t<a href=\"https:\/\/hoyre.no\/risor\/aktuelt\/alle-burde-hatt-en-periode-i-politikken-veldig-laererikt-og-viktig-a-forsta-hvordan-kommunen-driftes-og-lokalsamfunnet-fungerer\/\" class=\"teft-card__primary-action\">\n\n\t\t\t\t\t<div class=\"teft-card__media teft-card__media--16-9\">\n\t\t\t\t\t\t<img loading=\"lazy\" decoding=\"async\" width=\"768\" height=\"712\" src=\"https:\/\/hoyre.no\/content\/uploads\/sites\/24\/2026\/02\/IMG_8018-scaled-e1784548533311-768x712.jpeg\" class=\"attachment-medium_large size-medium_large\" alt=\"\" srcset=\"https:\/\/hoyre.no\/content\/uploads\/sites\/24\/2026\/02\/IMG_8018-scaled-e1784548533311-768x712.jpeg 768w, https:\/\/hoyre.no\/content\/uploads\/sites\/24\/2026\/02\/IMG_8018-scaled-e1784548533311-300x278.jpeg 300w, https:\/\/hoyre.no\/content\/uploads\/sites\/24\/2026\/02\/IMG_8018-scaled-e1784548533311-1024x950.jpeg 1024w, https:\/\/hoyre.no\/content\/uploads\/sites\/24\/2026\/02\/IMG_8018-scaled-e1784548533311-1536x1425.jpeg 1536w, https:\/\/hoyre.no\/content\/uploads\/sites\/24\/2026\/02\/IMG_8018-scaled-e1784548533311.jpeg 1667w\" sizes=\"auto, (max-width: 768px) 100vw, 768px\" \/>\t\t<\/div>\n\t\t\n\t\t\t<div class=\"teft-card__content-wrapper\">\n\t\t\t\t<div class=\"teft-card__secondary\">\n\t\t\t\t\t\n\t\t\t\t\t\t\t\t<div class=\"teft-card__meta\">\n\t\t\t\t\t\t\t\t\t<span class=\"post-date\">20. jul 2026<\/span>\n\n\t\t\t\t\t\t\t\t\t\t\t\t\t\t\t\t\t<\/div>\n\t\t\t\t\t\t\t\t\t\t\t<\/div>\n\n\t\t\t\t<div class=\"teft-card__primary\">\n\t\t\t\t\t<h2 class=\"teft-card__title\">Alle burde hatt en periode i politikken, veldig l\u00e6rerikt og viktig \u00e5 forst\u00e5 hvordan kommunen driftes og lokalsamfunnet fungerer.&nbsp;<span class=\"teft-card__primary-title-append\"><\/span><\/h2>\t\t\t\t<\/div>\n\t\t\t<\/div>\n\t\t<\/a>\n\t<\/div>\n\n\t<\/div><\/div>\t<\/div>\n<\/div>\n","protected":false},"excerpt":{"rendered":"","protected":false},"author":40263,"featured_media":0,"comment_status":"closed","ping_status":"closed","sticky":false,"template":"","format":"standard","meta":{"teft_cards_image_url":"","teft_cards_custom_pretitle":"","teft_cards_image_id":332,"teft_cards_image_focal_point_x":0.5,"teft_cards_image_focal_point_y":0.5,"teft_cards_title":"","teft_cards_excerpt":"","teft_show_chapters":false,"author_display_name":"","footnotes":""},"category":[1],"post_tag":[],"hoyre-visibility":[],"article-type":[],"politician":[],"class_list":["post-327","post","type-post","status-publish","format-standard","hentry","category-ukategorisert"],"yoast_head":"<!-- This site is optimized with the Yoast SEO plugin v28.2 - https:\/\/yoast.com\/product\/yoast-seo-wordpress\/ -->\n<title>Sverre Tobias Dukene valgt som H\u00f8yres ordf\u00f8rerkandidat i Ris\u00f8r - Ris\u00f8r H\u00f8yre<\/title>\n<meta name=\"robots\" content=\"index, follow, max-snippet:-1, max-image-preview:large, max-video-preview:-1\" \/>\n<link rel=\"canonical\" href=\"https:\/\/hoyre.no\/risor\/aktuelt\/sverre-tobias-dukene-valgt-som-hoyres-ordforerkandidat-i-risor\/\" \/>\n<meta property=\"og:locale\" content=\"nb_NO\" \/>\n<meta property=\"og:type\" content=\"article\" \/>\n<meta property=\"og:title\" content=\"Sverre Tobias Dukene valgt som H\u00f8yres ordf\u00f8rerkandidat i Ris\u00f8r - Ris\u00f8r H\u00f8yre\" \/>\n<meta property=\"og:url\" content=\"https:\/\/hoyre.no\/risor\/aktuelt\/sverre-tobias-dukene-valgt-som-hoyres-ordforerkandidat-i-risor\/\" \/>\n<meta property=\"og:site_name\" content=\"Ris\u00f8r H\u00f8yre\" \/>\n<meta property=\"article:published_time\" content=\"2026-08-26T21:26:40+00:00\" \/>\n<meta property=\"article:modified_time\" content=\"2026-08-27T07:50:54+00:00\" \/>\n<meta property=\"og:image\" content=\"https:\/\/hoyre.no\/content\/uploads\/sites\/24\/2026\/02\/IMG_8018-scaled-e1784548533311-1024x950.jpeg\" \/>\n<meta name=\"author\" content=\"Kari-Anne R\u00f8island\" \/>\n<meta name=\"twitter:card\" content=\"summary_large_image\" \/>\n<meta name=\"twitter:label1\" content=\"Skrevet av\" \/>\n\t<meta name=\"twitter:data1\" content=\"Kari-Anne R\u00f8island\" \/>\n\t<meta name=\"twitter:label2\" content=\"Ansl. lesetid\" \/>\n\t<meta name=\"twitter:data2\" content=\"3 minutter\" \/>\n<script type=\"application\/ld+json\" class=\"yoast-schema-graph\">{\"@context\":\"https:\\\/\\\/schema.org\",\"@graph\":[{\"@type\":\"Article\",\"@id\":\"https:\\\/\\\/hoyre.no\\\/risor\\\/aktuelt\\\/sverre-tobias-dukene-valgt-som-hoyres-ordforerkandidat-i-risor\\\/#article\",\"isPartOf\":{\"@id\":\"https:\\\/\\\/hoyre.no\\\/risor\\\/aktuelt\\\/sverre-tobias-dukene-valgt-som-hoyres-ordforerkandidat-i-risor\\\/\"},\"author\":{\"name\":\"Kari-Anne R\u00f8island\",\"@id\":\"https:\\\/\\\/hoyre.no\\\/risor\\\/#\\\/schema\\\/person\\\/ac6be63fec246240eccc95065750fbdd\"},\"headline\":\"Sverre Tobias Dukene valgt som H\u00f8yres ordf\u00f8rerkandidat i Ris\u00f8r\",\"datePublished\":\"2026-08-26T21:26:40+00:00\",\"dateModified\":\"2026-08-27T07:50:54+00:00\",\"mainEntityOfPage\":{\"@id\":\"https:\\\/\\\/hoyre.no\\\/risor\\\/aktuelt\\\/sverre-tobias-dukene-valgt-som-hoyres-ordforerkandidat-i-risor\\\/\"},\"wordCount\":461,\"image\":{\"@id\":\"https:\\\/\\\/hoyre.no\\\/risor\\\/aktuelt\\\/sverre-tobias-dukene-valgt-som-hoyres-ordforerkandidat-i-risor\\\/#primaryimage\"},\"thumbnailUrl\":\"https:\\\/\\\/hoyre.no\\\/content\\\/uploads\\\/sites\\\/24\\\/2026\\\/08\\\/att.sX5B611-e1787400096462-1017x1024.jpeg\",\"inLanguage\":\"nb-NO\"},{\"@type\":\"NewsArticle\",\"@id\":\"https:\\\/\\\/hoyre.no\\\/risor\\\/aktuelt\\\/sverre-tobias-dukene-valgt-som-hoyres-ordforerkandidat-i-risor\\\/\",\"url\":\"https:\\\/\\\/hoyre.no\\\/risor\\\/aktuelt\\\/sverre-tobias-dukene-valgt-som-hoyres-ordforerkandidat-i-risor\\\/\",\"name\":\"Sverre Tobias Dukene valgt som H\u00f8yres ordf\u00f8rerkandidat i Ris\u00f8r - Ris\u00f8r H\u00f8yre\",\"isPartOf\":{\"@id\":\"https:\\\/\\\/hoyre.no\\\/risor\\\/#website\"},\"image\":{\"@id\":\"https:\\\/\\\/hoyre.no\\\/risor\\\/aktuelt\\\/sverre-tobias-dukene-valgt-som-hoyres-ordforerkandidat-i-risor\\\/#primaryimage\"},\"thumbnailUrl\":\"https:\\\/\\\/hoyre.no\\\/content\\\/uploads\\\/sites\\\/24\\\/2026\\\/08\\\/att.sX5B611-e1787400096462-1017x1024.jpeg\",\"datePublished\":\"2026-08-26T21:26:40+00:00\",\"dateModified\":\"2026-08-27T07:50:54+00:00\",\"author\":{\"@id\":\"https:\\\/\\\/hoyre.no\\\/risor\\\/#\\\/schema\\\/person\\\/ac6be63fec246240eccc95065750fbdd\"},\"breadcrumb\":{\"@id\":\"https:\\\/\\\/hoyre.no\\\/risor\\\/aktuelt\\\/sverre-tobias-dukene-valgt-som-hoyres-ordforerkandidat-i-risor\\\/#breadcrumb\"},\"inLanguage\":\"nb-NO\",\"potentialAction\":[{\"@type\":\"ReadAction\",\"target\":[\"https:\\\/\\\/hoyre.no\\\/risor\\\/aktuelt\\\/sverre-tobias-dukene-valgt-som-hoyres-ordforerkandidat-i-risor\\\/\"]}]},{\"@type\":\"ImageObject\",\"inLanguage\":\"nb-NO\",\"@id\":\"https:\\\/\\\/hoyre.no\\\/risor\\\/aktuelt\\\/sverre-tobias-dukene-valgt-som-hoyres-ordforerkandidat-i-risor\\\/#primaryimage\",\"url\":\"https:\\\/\\\/hoyre.no\\\/content\\\/uploads\\\/sites\\\/24\\\/2026\\\/08\\\/att.sX5B611-e1787400096462-1017x1024.jpeg\",\"contentUrl\":\"https:\\\/\\\/hoyre.no\\\/content\\\/uploads\\\/sites\\\/24\\\/2026\\\/08\\\/att.sX5B611-e1787400096462-1017x1024.jpeg\"},{\"@type\":\"BreadcrumbList\",\"@id\":\"https:\\\/\\\/hoyre.no\\\/risor\\\/aktuelt\\\/sverre-tobias-dukene-valgt-som-hoyres-ordforerkandidat-i-risor\\\/#breadcrumb\",\"itemListElement\":[{\"@type\":\"ListItem\",\"position\":1,\"name\":\"Til hoyre.no\",\"item\":\"https:\\\/\\\/hoyre.no\"},{\"@type\":\"ListItem\",\"position\":2,\"name\":\"Hjem\",\"item\":\"https:\\\/\\\/hoyre.no\\\/risor\\\/\"},{\"@type\":\"ListItem\",\"position\":3,\"name\":\"Sverre Tobias Dukene valgt som H\u00f8yres ordf\u00f8rerkandidat i Ris\u00f8r\"}]},{\"@type\":\"WebSite\",\"@id\":\"https:\\\/\\\/hoyre.no\\\/risor\\\/#website\",\"url\":\"https:\\\/\\\/hoyre.no\\\/risor\\\/\",\"name\":\"Ris\u00f8r H\u00f8yre\",\"description\":\"Bare enda et H\u00f8yres nettsteder-nettsted\",\"inLanguage\":\"nb-NO\"},{\"@type\":\"Person\",\"@id\":\"https:\\\/\\\/hoyre.no\\\/risor\\\/#\\\/schema\\\/person\\\/ac6be63fec246240eccc95065750fbdd\",\"name\":\"Kari-Anne R\u00f8island\",\"image\":{\"@type\":\"ImageObject\",\"inLanguage\":\"nb-NO\",\"@id\":\"https:\\\/\\\/secure.gravatar.com\\\/avatar\\\/c51c17400ddf64996199f5301af8c5fd0b83c35a6e8013d115f6dd8a1daf5bc2?s=96&d=mm&r=g\",\"url\":\"https:\\\/\\\/secure.gravatar.com\\\/avatar\\\/c51c17400ddf64996199f5301af8c5fd0b83c35a6e8013d115f6dd8a1daf5bc2?s=96&d=mm&r=g\",\"contentUrl\":\"https:\\\/\\\/secure.gravatar.com\\\/avatar\\\/c51c17400ddf64996199f5301af8c5fd0b83c35a6e8013d115f6dd8a1daf5bc2?s=96&d=mm&r=g\",\"caption\":\"Kari-Anne R\u00f8island\"},\"url\":\"https:\\\/\\\/hoyre.no\\\/risor\\\/aktuelt\\\/author\\\/m52196904\\\/\"}]}<\/script>\n<!-- \/ Yoast SEO plugin. -->","yoast_head_json":{"title":"Sverre Tobias Dukene valgt som H\u00f8yres ordf\u00f8rerkandidat i Ris\u00f8r - Ris\u00f8r H\u00f8yre","robots":{"index":"index","follow":"follow","max-snippet":"max-snippet:-1","max-image-preview":"max-image-preview:large","max-video-preview":"max-video-preview:-1"},"canonical":"https:\/\/hoyre.no\/risor\/aktuelt\/sverre-tobias-dukene-valgt-som-hoyres-ordforerkandidat-i-risor\/","og_locale":"nb_NO","og_type":"article","og_title":"Sverre Tobias Dukene valgt som H\u00f8yres ordf\u00f8rerkandidat i Ris\u00f8r - Ris\u00f8r H\u00f8yre","og_url":"https:\/\/hoyre.no\/risor\/aktuelt\/sverre-tobias-dukene-valgt-som-hoyres-ordforerkandidat-i-risor\/","og_site_name":"Ris\u00f8r H\u00f8yre","article_published_time":"2026-08-26T21:26:40+00:00","article_modified_time":"2026-08-27T07:50:54+00:00","og_image":[{"url":"https:\/\/hoyre.no\/content\/uploads\/sites\/24\/2026\/02\/IMG_8018-scaled-e1784548533311-1024x950.jpeg","width":"","height":"","type":""}],"author":"Kari-Anne R\u00f8island","twitter_card":"summary_large_image","twitter_misc":{"Skrevet av":"Kari-Anne R\u00f8island","Ansl. lesetid":"3 minutter"},"schema":{"@context":"https:\/\/schema.org","@graph":[{"@type":"Article","@id":"https:\/\/hoyre.no\/risor\/aktuelt\/sverre-tobias-dukene-valgt-som-hoyres-ordforerkandidat-i-risor\/#article","isPartOf":{"@id":"https:\/\/hoyre.no\/risor\/aktuelt\/sverre-tobias-dukene-valgt-som-hoyres-ordforerkandidat-i-risor\/"},"author":{"name":"Kari-Anne R\u00f8island","@id":"https:\/\/hoyre.no\/risor\/#\/schema\/person\/ac6be63fec246240eccc95065750fbdd"},"headline":"Sverre Tobias Dukene valgt som H\u00f8yres ordf\u00f8rerkandidat i Ris\u00f8r","datePublished":"2026-08-26T21:26:40+00:00","dateModified":"2026-08-27T07:50:54+00:00","mainEntityOfPage":{"@id":"https:\/\/hoyre.no\/risor\/aktuelt\/sverre-tobias-dukene-valgt-som-hoyres-ordforerkandidat-i-risor\/"},"wordCount":461,"image":{"@id":"https:\/\/hoyre.no\/risor\/aktuelt\/sverre-tobias-dukene-valgt-som-hoyres-ordforerkandidat-i-risor\/#primaryimage"},"thumbnailUrl":"https:\/\/hoyre.no\/content\/uploads\/sites\/24\/2026\/08\/att.sX5B611-e1787400096462-1017x1024.jpeg","inLanguage":"nb-NO"},{"@type":"NewsArticle","@id":"https:\/\/hoyre.no\/risor\/aktuelt\/sverre-tobias-dukene-valgt-som-hoyres-ordforerkandidat-i-risor\/","url":"https:\/\/hoyre.no\/risor\/aktuelt\/sverre-tobias-dukene-valgt-som-hoyres-ordforerkandidat-i-risor\/","name":"Sverre Tobias Dukene valgt som H\u00f8yres ordf\u00f8rerkandidat i Ris\u00f8r - Ris\u00f8r H\u00f8yre","isPartOf":{"@id":"https:\/\/hoyre.no\/risor\/#website"},"image":{"@id":"https:\/\/hoyre.no\/risor\/aktuelt\/sverre-tobias-dukene-valgt-som-hoyres-ordforerkandidat-i-risor\/#primaryimage"},"thumbnailUrl":"https:\/\/hoyre.no\/content\/uploads\/sites\/24\/2026\/08\/att.sX5B611-e1787400096462-1017x1024.jpeg","datePublished":"2026-08-26T21:26:40+00:00","dateModified":"2026-08-27T07:50:54+00:00","author":{"@id":"https:\/\/hoyre.no\/risor\/#\/schema\/person\/ac6be63fec246240eccc95065750fbdd"},"breadcrumb":{"@id":"https:\/\/hoyre.no\/risor\/aktuelt\/sverre-tobias-dukene-valgt-som-hoyres-ordforerkandidat-i-risor\/#breadcrumb"},"inLanguage":"nb-NO","potentialAction":[{"@type":"ReadAction","target":["https:\/\/hoyre.no\/risor\/aktuelt\/sverre-tobias-dukene-valgt-som-hoyres-ordforerkandidat-i-risor\/"]}]},{"@type":"ImageObject","inLanguage":"nb-NO","@id":"https:\/\/hoyre.no\/risor\/aktuelt\/sverre-tobias-dukene-valgt-som-hoyres-ordforerkandidat-i-risor\/#primaryimage","url":"https:\/\/hoyre.no\/content\/uploads\/sites\/24\/2026\/08\/att.sX5B611-e1787400096462-1017x1024.jpeg","contentUrl":"https:\/\/hoyre.no\/content\/uploads\/sites\/24\/2026\/08\/att.sX5B611-e1787400096462-1017x1024.jpeg"},{"@type":"BreadcrumbList","@id":"https:\/\/hoyre.no\/risor\/aktuelt\/sverre-tobias-dukene-valgt-som-hoyres-ordforerkandidat-i-risor\/#breadcrumb","itemListElement":[{"@type":"ListItem","position":1,"name":"Til hoyre.no","item":"https:\/\/hoyre.no"},{"@type":"ListItem","position":2,"name":"Hjem","item":"https:\/\/hoyre.no\/risor\/"},{"@type":"ListItem","position":3,"name":"Sverre Tobias Dukene valgt som H\u00f8yres ordf\u00f8rerkandidat i Ris\u00f8r"}]},{"@type":"WebSite","@id":"https:\/\/hoyre.no\/risor\/#website","url":"https:\/\/hoyre.no\/risor\/","name":"Ris\u00f8r H\u00f8yre","description":"Bare enda et H\u00f8yres nettsteder-nettsted","inLanguage":"nb-NO"},{"@type":"Person","@id":"https:\/\/hoyre.no\/risor\/#\/schema\/person\/ac6be63fec246240eccc95065750fbdd","name":"Kari-Anne R\u00f8island","image":{"@type":"ImageObject","inLanguage":"nb-NO","@id":"https:\/\/secure.gravatar.com\/avatar\/c51c17400ddf64996199f5301af8c5fd0b83c35a6e8013d115f6dd8a1daf5bc2?s=96&d=mm&r=g","url":"https:\/\/secure.gravatar.com\/avatar\/c51c17400ddf64996199f5301af8c5fd0b83c35a6e8013d115f6dd8a1daf5bc2?s=96&d=mm&r=g","contentUrl":"https:\/\/secure.gravatar.com\/avatar\/c51c17400ddf64996199f5301af8c5fd0b83c35a6e8013d115f6dd8a1daf5bc2?s=96&d=mm&r=g","caption":"Kari-Anne R\u00f8island"},"url":"https:\/\/hoyre.no\/risor\/aktuelt\/author\/m52196904\/"}]}},"distributor_meta":false,"distributor_terms":false,"distributor_media":false,"distributor_original_site_name":"Ris\u00f8r H\u00f8yre","distributor_original_site_url":"https:\/\/hoyre.no\/risor","push-errors":false,"_links":{"self":[{"href":"https:\/\/hoyre.no\/risor\/wp-json\/wp\/v2\/posts\/327","targetHints":{"allow":["GET"]}}],"collection":[{"href":"https:\/\/hoyre.no\/risor\/wp-json\/wp\/v2\/posts"}],"about":[{"href":"https:\/\/hoyre.no\/risor\/wp-json\/wp\/v2\/types\/post"}],"author":[{"embeddable":true,"href":"https:\/\/hoyre.no\/risor\/wp-json\/wp\/v2\/users\/40263"}],"replies":[{"embeddable":true,"href":"https:\/\/hoyre.no\/risor\/wp-json\/wp\/v2\/comments?post=327"}],"version-history":[{"count":3,"href":"https:\/\/hoyre.no\/risor\/wp-json\/wp\/v2\/posts\/327\/revisions"}],"predecessor-version":[{"id":336,"href":"https:\/\/hoyre.no\/risor\/wp-json\/wp\/v2\/posts\/327\/revisions\/336"}],"wp:attachment":[{"href":"https:\/\/hoyre.no\/risor\/wp-json\/wp\/v2\/media?parent=327"}],"wp:term":[{"taxonomy":"category","embeddable":true,"href":"https:\/\/hoyre.no\/risor\/wp-json\/wp\/v2\/category?post=327"},{"taxonomy":"post_tag","embeddable":true,"href":"https:\/\/hoyre.no\/risor\/wp-json\/wp\/v2\/post_tag?post=327"},{"taxonomy":"hoyre-visibility","embeddable":true,"href":"https:\/\/hoyre.no\/risor\/wp-json\/wp\/v2\/hoyre-visibility?post=327"},{"taxonomy":"article-type","embeddable":true,"href":"https:\/\/hoyre.no\/risor\/wp-json\/wp\/v2\/article-type?post=327"},{"taxonomy":"politician","embeddable":true,"href":"https:\/\/hoyre.no\/risor\/wp-json\/wp\/v2\/politician?post=327"}],"curies":[{"name":"wp","href":"https:\/\/api.w.org\/{rel}","templated":true}]}}