{"id":963,"date":"2024-02-20T13:27:18","date_gmt":"2024-02-20T12:27:18","guid":{"rendered":"https:\/\/hoyre.no\/rogaland\/?p=963"},"modified":"2024-08-16T12:12:07","modified_gmt":"2024-08-16T10:12:07","slug":"rogaland-hoyres-nominasjonsprosess-for-stortingsvalget-2025","status":"publish","type":"post","link":"https:\/\/hoyre.no\/rogaland\/aktuelt\/rogaland-hoyres-nominasjonsprosess-for-stortingsvalget-2025\/","title":{"rendered":"Rogaland H\u00f8yres nominasjonsprosess for Stortingsvalget 2025"},"content":{"rendered":"\n<p class=\"preamble\">Arbeidet med \u00e5 finne 20 kandidater til Rogaland H\u00f8yres stortingsvalgliste 2025 \u2013 2029 har startet! Rogaland H\u00f8yres nominasjonskomite ble nedsatt av fylkesstyret 18.11.2023. Her kan du lese mer om v\u00e5r prosess og arbeidet fremover.<\/p>\t\t\t<div class=\"post-meta wp-block teft-byline-wrapper\">\n\t\t\t\t<div class=\"top\">\n\t\t\t\t\t<div class=\"signature\">\n\t\t\t\t\t\t<div class=\"teft-byline\">\n\t\t\t\t\t\t\t\t\t\t\t\t\t\t<div>\n\t\t\t\t\t\t\t\t<h3>H\u00f8yres redaksjon<\/h3>\t\t\t\t\t\t\t\t\n\t\t\t\t\t\t\t\t\t\t\t\t\t\t\t\t\t<span class=\"date\">Sist oppdatert: 16. august 2024<\/span>\n\t\t\t\t\t\t\t\t\t\t\t\t\t\t\t\t\t\t\t\t\t\t\t\t\t<span class=\"reading-time\" itemprop=\"timeRequired\" content=\"PT4M\"><em>Ca. 4 minutter lesetid<\/em><\/span>\n\t\t\t\t\t\t\t\t\t\t\t\t\t\t\t<\/div>\n\t\t\t\t\t\t<\/div>\n\t\t\t\t\t<\/div>\n\t\t\t\t\t\t<div class=\"sharing\">\n\t\t<a class=\"share-button share-link copy-link\" data-copy=\"https:\/\/hoyre.no\/rogaland\/aktuelt\/rogaland-hoyres-nominasjonsprosess-for-stortingsvalget-2025\/\" target=\"_blank\"><span class=\"screen-reader-text\">Del link<\/span><\/a>\n\t\t<a class=\"share-button share-twitter\" href=\"http:\/\/twitter.com\/share?text=Rogaland H\u00f8yres nominasjonsprosess for Stortingsvalget 2025&#038;url=https:\/\/hoyre.no\/rogaland\/aktuelt\/rogaland-hoyres-nominasjonsprosess-for-stortingsvalget-2025\/&#038;hashtags=Hoyre\" target=\"_blank\"><span class=\"screen-reader-text\">Del p\u00e5 twitter<\/span><\/a>\n\t\t<a class=\"share-button share-facebook\" href=\"https:\/\/www.facebook.com\/sharer\/sharer.php?u=https:\/\/hoyre.no\/rogaland\/aktuelt\/rogaland-hoyres-nominasjonsprosess-for-stortingsvalget-2025\/\" target=\"_blank\"><span class=\"screen-reader-text\">Del p\u00e5 facebook<\/span><\/a>\n\t<\/div>\n\t\t\t\t\t<\/div>\n\t\t\t<\/div>\n\n\t\t\t<figure class=\"hoyre-image-wrapper\"><div class=\"hoyre-image\"><img loading=\"lazy\" decoding=\"async\" width=\"1328\" height=\"748\" src=\"https:\/\/hoyre.no\/content\/uploads\/sites\/11\/2024\/02\/x7a4372_foto_hans_kr_16x9.jpg\" class=\"attachment-scaled size-scaled\" alt=\"\" style=\"object-position: 51% 51%\" srcset=\"https:\/\/hoyre.no\/content\/uploads\/sites\/11\/2024\/02\/x7a4372_foto_hans_kr_16x9.jpg 1328w, https:\/\/hoyre.no\/content\/uploads\/sites\/11\/2024\/02\/x7a4372_foto_hans_kr_16x9-300x169.jpg 300w, https:\/\/hoyre.no\/content\/uploads\/sites\/11\/2024\/02\/x7a4372_foto_hans_kr_16x9-1024x577.jpg 1024w, https:\/\/hoyre.no\/content\/uploads\/sites\/11\/2024\/02\/x7a4372_foto_hans_kr_16x9-768x433.jpg 768w\" sizes=\"auto, (max-width: 1328px) 100vw, 1328px\" \/><\/div><\/figure>\n\n\n\n\n<p>Rogaland H\u00f8yres Nominasjonsm\u00f8te avholdes 16. november 2024, sted ikke avklart. innkalling sendes ut til foreningenes valgte delegater senest 4 uker f\u00f8r m\u00f8tet.<\/p>\n\n\n\n<p>Nominasjonskomiteen oppfordrer foreningene, medlemmene og velgere \u00e5 komme med forslag til kandidater. Komiteen innkaller aktuelle valgvillige kandidater til intervju med vekt p\u00e5 kandidatrollen, kartlegging av oppl\u00e6ringsbehov og andre forhold som kan v\u00e6re relevant \u00e5 vite. Alle innstilte kandidater skal signere forpliktende kandidatavtale.<\/p>\n\n\n\n<div class=\"wp-block-buttons is-style-list is-vertical is-content-justification-center is-layout-flex wp-container-core-buttons-is-layout-4649e89c wp-block-buttons-is-layout-flex\">\n<div class=\"wp-block-button has-custom-width wp-block-button__width-50 is-style-fill\" style=\"font-style:normal;font-weight:700\"><a class=\"wp-block-button__link has-text-align-left wp-element-button\" href=\"https:\/\/ui.ungpd.com\/Surveys\/d12112b3-b55f-477c-bd7e-a9afb83ac943\" style=\"border-radius:0px\">Foresl\u00e5 kandidater her<\/a><\/div>\n<\/div>\n\n\n\n<p><strong>Er det noe du lurer p\u00e5 i forbindelse med nominasjonen, kontakt:<\/strong><\/p>\n\n\n\n<ul class=\"wp-block-list\">\n<li>Nominasjonskomiteleder Petter Steen Jr, 900 19 539<\/li>\n\n\n\n<li>Fylkessekret\u00e6r Daniel Aamodt, 416 24 182<\/li>\n<\/ul>\n\n\n\n<p><\/p>\n\n\n\n<p><strong>Rogaland H\u00f8yres nominasjonskomit\u00e9 best\u00e5r av:<\/strong><\/p>\n\n\n\n<ul class=\"wp-block-list\">\n<li>Petter Steen jr., Haugesund \u2013 Leder<\/li>\n\n\n\n<li>Anne Lise Falch Anfinsen, Sandnes<\/li>\n\n\n\n<li>Inger Merethe Bjerkreim, Bjerkreim<\/li>\n\n\n\n<li>Terje Eide, Stavanger<\/li>\n\n\n\n<li>Rigmor H\u00fcffmann, Strand<\/li>\n\n\n\n<li>Renate Kolnes, Randaberg<\/li>\n\n\n\n<li>Trond Knutsen, H\u00e5<\/li>\n\n\n\n<li>Arne H\u00f8yland Ollestad, Unge H\u00f8yre<\/li>\n\n\n\n<li>Teis Kvilhaug, Senior H\u00f8yre<\/li>\n<\/ul>\n\n\n\n<p><\/p>\n\n\n\n<p><strong>Overordnet datoplan for nominasjonsprosessen:<\/strong><\/p>\n\n\n\n<figure class=\"wp-block-table\"><table><tbody><tr><td><strong>Hendelse:<\/strong><\/td><td><strong>Frist\/periode:<\/strong><\/td><\/tr><tr><td><strong>Nominasjonskomite oppnevnes<\/strong> <br>Nominasjonskomiteen oppnevnes av Rogaland H\u00f8yres fylkesstyre<\/td><td>18. november 2023<\/td><\/tr><tr><td><strong>Varsel til kommuneforeningene og medlemmer<\/strong> <br>Foreningens medlemmer og alle andre oppfordres til \u00e5 foresl\u00e5 navn p\u00e5 personer for nominasjonskomiteen. Fylkeskontoret s\u00f8rger for \u00e5 sende ut slik informasjon til alle medlemmer og foreninger, samt opplyse om datoplanen.<\/td><td>Januar 2024<\/td><\/tr><tr><td><strong>Sittende representanter og vararepresentanter tilskrives<\/strong> <br>Sittende representanter og vararepresentanter tilskrives for \u00e5 avklare skriftlig om de \u00f8nsker \u00e5 v\u00e6re kandidat.<\/td><td>Januar 2024<\/td><\/tr><tr><td><strong>Frist for svar fra sittende representanter og vararepresentanter<\/strong> <br>Svarer om de \u00f8nsker \u00e5 stille seg til disposisjon for nominasjons til stortingsvalget 2025. Svarene legges ut p\u00e5 Rogaland H\u00f8yres hjemmesider.<\/td><td>1. mai 2024<\/td><\/tr><tr><td><strong>Frist for \u00e5 foresl\u00e5 kandidater<\/strong> <br>Alle medlemmer er tidligere informert om fristen, og komiteen m\u00e5 ogs\u00e5 selv arbeide aktivt for \u00e5 innhente aktuelle navn.<\/td><td>30. august 2024<\/td><\/tr><tr><td><strong>Frist for \u00e5 fastsette dato for partim\u00f8te i foreningene.<\/strong> <br>Partim\u00f8tene skal avholdes i perioden 16. \u2013 30. september<\/td><td>30. august 2024<\/td><\/tr><tr><td><strong>Frist for foresl\u00e5tte kandidater til \u00e5 avklare om de \u00f8nsker \u00e5 stille seg til disposisjon.<\/strong> <br>Alle foresl\u00e5tte kandidater tilskrives.<\/td><td>9. september 2024<\/td><\/tr><tr><td><strong>Nominasjonskomiteen sender ut alfabetisk liste<\/strong> <br>Komiteen sender ut alfabetisk liste over aktuelle\/foresl\u00e5tte kandidater. Listen legges ut p\u00e5 Rogaland H\u00f8yres hjemmesider. Listen sendes alle foreningene som grunnlag for pr\u00f8venominasjonen<\/td><td>12. september 2024<\/td><\/tr><tr><td><strong>Frist for innkalling til foreningenes partim\u00f8ter<\/strong> <br>Innkalling sendes alle medlemmer med stemmerett i stortingsvalget 2025. Husk at innkalling ogs\u00e5 m\u00e5 sendes Unge H\u00f8yres medlemmer.<\/td><td>Senest 8 dager f\u00f8r lokalforeningens partim\u00f8te avholdes (men gjerne f\u00f8r).<\/td><\/tr><tr><td><strong>Foreningene gjennomf\u00f8rer partim\u00f8ter<\/strong> <br>Partim\u00f8tet gjennomf\u00f8res som et medlemsm\u00f8te som er \u00e5pent for alle medlemmer med stemmerett i valget 2025, og som har v\u00e6rt medlemmer i minst 4 uker og betalt kontingent f\u00f8r m\u00f8testart. Pr\u00f8venominasjon gjennomf\u00f8res p\u00e5 bakgrunn av den alfabetiske listen fra nominasjonskomiteen. Partim\u00f8te skal ogs\u00e5 velge utsendinger til nominasjonsm\u00f8tet. Merk at det er ingen selvskrevne til nominasjonsm\u00f8tet \u2013 alle m\u00e5 velges som utsendinger fra sin forening.<\/td><td>16. \u2013 30. september 2024<\/td><\/tr><tr><td><strong>R\u00e5dgivende uravstemning blant Rogaland H\u00f8yres medlemmer<\/strong><br>Medlemmer av Rogaland Unge H\u00f8yre som har stemmerett ved valget vil ogs\u00e5 kunne stemme. Uravstemningen vil foreg\u00e5 digitalt. Medlemslistene som danner grunnlag for uravstemningen tas ut 9. september. For \u00e5 kunne delta i uravstemningen m\u00e5 man ha v\u00e6rt medlem i minst 4 uker og betalt kontingent f\u00f8r 9. september.<\/td><td>16. \u2013 30. september 2024<\/td><\/tr><tr><td><strong>Frist for \u00e5 avgi stemme i r\u00e5dgivende uravstemning.<\/strong><\/td><td>30. september 2024<\/td><\/tr><tr><td><strong>Frist for \u00e5 sende inn protokollutskrift fra partim\u00f8ter.<\/strong> <br>Protokoll sendes fylkeskontoret for registrering.<\/td><td>1. oktober 2024<\/td><\/tr><tr><td><strong>Resultat fra pr\u00f8venominasjon i foreningene og uravstemning blant medlemmene offentliggj\u00f8res<\/strong> <br>Resultatene legges ut p\u00e5 Rogaland H\u00f8yres hjemmesider.<\/td><td>Senest 7. oktober 2024<\/td><\/tr><tr><td><strong>Frist for innkalling til nominasjonsm\u00f8te<\/strong> <br>Delegatene tilskrives med info om m\u00f8tested, tid, dagsorden og forretningsorden minst 4 uker f\u00f8r nominasjonsm\u00f8tet. Informasjon om dette legges ogs\u00e5 ut p\u00e5 Rogaland H\u00f8yres hjemmesider. Merk at det er ingen selvskrevne til nominasjonsm\u00f8tet \u2013 alle m\u00e5 velges som utsendinger fra sin forening.<\/td><td>12. oktober 2024<\/td><\/tr><tr><td><strong>Nominasjonskomiteens listeforslag offentliggj\u00f8res <u>senest<\/u><\/strong> Forslaget sendes alle delegatene til nominasjonsm\u00f8tet. Forslaget legges ogs\u00e5 ut p\u00e5 Rogaland H\u00f8yres hjemmesider.<\/td><td>26. oktober 2024<\/td><\/tr><tr><td><strong>Nominasjonsm\u00f8tet<\/strong><\/td><td>16. november 2024<\/td><\/tr><\/tbody><\/table><\/figure>\n\n\n<div class=\"tags\">\n\t<\/div>\n<div class=\"post-footer alignfull has-background block-editor-block-list__block\" data-align=full>\n\t<div class=\"post-footer-inner\">\n\t\t<h3>Relaterte artikler<\/h3>\n\t\t<div class=\"related-content\"><div class=\"is-card-hoyre\">\n\t<div class=\"teft-card hoyre-teft-card post-teft-card\">\n\t\t<a href=\"https:\/\/hoyre.no\/rogaland\/aktuelt\/rogaland-pa-hoyres-landsmote\/\" class=\"teft-card__primary-action\">\n\n\t\t\t\t\t<div class=\"teft-card__media teft-card__media--16-9\">\n\t\t\t\t\t\t<img loading=\"lazy\" decoding=\"async\" width=\"768\" height=\"512\" src=\"https:\/\/hoyre.no\/content\/uploads\/sites\/11\/2026\/02\/HLM-2026-foto-Hans-Kristian-Thorbjornsen-3400-768x512.jpg\" class=\"attachment-medium_large size-medium_large\" alt=\"\" srcset=\"https:\/\/hoyre.no\/content\/uploads\/sites\/11\/2026\/02\/HLM-2026-foto-Hans-Kristian-Thorbjornsen-3400-768x512.jpg 768w, https:\/\/hoyre.no\/content\/uploads\/sites\/11\/2026\/02\/HLM-2026-foto-Hans-Kristian-Thorbjornsen-3400-300x200.jpg 300w, https:\/\/hoyre.no\/content\/uploads\/sites\/11\/2026\/02\/HLM-2026-foto-Hans-Kristian-Thorbjornsen-3400-1024x683.jpg 1024w, https:\/\/hoyre.no\/content\/uploads\/sites\/11\/2026\/02\/HLM-2026-foto-Hans-Kristian-Thorbjornsen-3400-1536x1024.jpg 1536w, https:\/\/hoyre.no\/content\/uploads\/sites\/11\/2026\/02\/HLM-2026-foto-Hans-Kristian-Thorbjornsen-3400-2048x1366.jpg 2048w\" sizes=\"auto, (max-width: 768px) 100vw, 768px\" \/>\t\t<\/div>\n\t\t\n\t\t\t<div class=\"teft-card__content-wrapper\">\n\t\t\t\t<div class=\"teft-card__secondary\">\n\t\t\t\t\t\n\t\t\t\t\t\t\t\t<div class=\"teft-card__meta\">\n\t\t\t\t\t\t\t\t\t<span class=\"post-date\">19. feb 2026<\/span>\n\n\t\t\t\t\t\t\t\t\t\t\t\t\t\t\t\t\t<\/div>\n\t\t\t\t\t\t\t\t\t\t\t<\/div>\n\n\t\t\t\t<div class=\"teft-card__primary\">\n\t\t\t\t\t<h2 class=\"teft-card__title\">Rogaland p\u00e5 H\u00f8yres landsm\u00f8te:&nbsp;<span class=\"teft-card__primary-title-append\"><\/span><\/h2>\t\t\t\t<\/div>\n\t\t\t<\/div>\n\t\t<\/a>\n\t<\/div>\n\n\t<\/div><div class=\"is-card-hoyre\">\n\t<div class=\"teft-card hoyre-teft-card post-teft-card\">\n\t\t<a href=\"https:\/\/hoyre.no\/rogaland\/aktuelt\/rogaland-hoyres-arsmote-2026\/\" class=\"teft-card__primary-action\">\n\n\t\t\t\t\t<div class=\"teft-card__media teft-card__media--16-9\">\n\t\t\t\t\t\t<img loading=\"lazy\" decoding=\"async\" width=\"768\" height=\"576\" src=\"https:\/\/hoyre.no\/content\/uploads\/sites\/11\/2026\/02\/IMG_8671-768x576.jpeg\" class=\"attachment-medium_large size-medium_large\" alt=\"\" srcset=\"https:\/\/hoyre.no\/content\/uploads\/sites\/11\/2026\/02\/IMG_8671-768x576.jpeg 768w, https:\/\/hoyre.no\/content\/uploads\/sites\/11\/2026\/02\/IMG_8671-300x225.jpeg 300w, https:\/\/hoyre.no\/content\/uploads\/sites\/11\/2026\/02\/IMG_8671-1024x768.jpeg 1024w, https:\/\/hoyre.no\/content\/uploads\/sites\/11\/2026\/02\/IMG_8671-1536x1152.jpeg 1536w, https:\/\/hoyre.no\/content\/uploads\/sites\/11\/2026\/02\/IMG_8671-2048x1536.jpeg 2048w\" sizes=\"auto, (max-width: 768px) 100vw, 768px\" \/>\t\t<\/div>\n\t\t\n\t\t\t<div class=\"teft-card__content-wrapper\">\n\t\t\t\t<div class=\"teft-card__secondary\">\n\t\t\t\t\t\n\t\t\t\t\t\t\t\t<div class=\"teft-card__meta\">\n\t\t\t\t\t\t\t\t\t<span class=\"post-date\">1. feb 2026<\/span>\n\n\t\t\t\t\t\t\t\t\t\t\t\t\t\t\t\t\t<\/div>\n\t\t\t\t\t\t\t\t\t\t\t<\/div>\n\n\t\t\t\t<div class=\"teft-card__primary\">\n\t\t\t\t\t<h2 class=\"teft-card__title\">Rogaland H\u00f8yres \u00e5rsm\u00f8te 2026&nbsp;<span class=\"teft-card__primary-title-append\"><\/span><\/h2>\t\t\t\t<\/div>\n\t\t\t<\/div>\n\t\t<\/a>\n\t<\/div>\n\n\t<\/div><div class=\"is-card-hoyre\">\n\t<div class=\"teft-card hoyre-teft-card post-teft-card\">\n\t\t<a href=\"https:\/\/hoyre.no\/rogaland\/aktuelt\/valgkomiteens-innstilling-er-klar\/\" class=\"teft-card__primary-action\">\n\n\t\t\t\t\t<div class=\"teft-card__media teft-card__media--16-9\">\n\t\t\t\t\t\t<img loading=\"lazy\" decoding=\"async\" width=\"768\" height=\"402\" src=\"https:\/\/hoyre.no\/content\/uploads\/sites\/11\/2026\/01\/Dokument-uten-navn-15.01.2026-768x402.png\" class=\"attachment-medium_large size-medium_large\" alt=\"\" srcset=\"https:\/\/hoyre.no\/content\/uploads\/sites\/11\/2026\/01\/Dokument-uten-navn-15.01.2026-768x402.png 768w, https:\/\/hoyre.no\/content\/uploads\/sites\/11\/2026\/01\/Dokument-uten-navn-15.01.2026-300x157.png 300w, https:\/\/hoyre.no\/content\/uploads\/sites\/11\/2026\/01\/Dokument-uten-navn-15.01.2026-1024x536.png 1024w, https:\/\/hoyre.no\/content\/uploads\/sites\/11\/2026\/01\/Dokument-uten-navn-15.01.2026-1536x804.png 1536w, https:\/\/hoyre.no\/content\/uploads\/sites\/11\/2026\/01\/Dokument-uten-navn-15.01.2026-2048x1072.png 2048w, https:\/\/hoyre.no\/content\/uploads\/sites\/11\/2026\/01\/Dokument-uten-navn-15.01.2026-scaled-e1768472866838.png 1500w\" sizes=\"auto, (max-width: 768px) 100vw, 768px\" \/>\t\t<\/div>\n\t\t\n\t\t\t<div class=\"teft-card__content-wrapper\">\n\t\t\t\t<div class=\"teft-card__secondary\">\n\t\t\t\t\t\n\t\t\t\t\t\t\t\t<div class=\"teft-card__meta\">\n\t\t\t\t\t\t\t\t\t<span class=\"post-date\">16. jan 2026<\/span>\n\n\t\t\t\t\t\t\t\t\t<span class=\"post-category\">Nyheter<\/span>\t\t\t\t\t\t\t\t<\/div>\n\t\t\t\t\t\t\t\t\t\t\t<\/div>\n\n\t\t\t\t<div class=\"teft-card__primary\">\n\t\t\t\t\t<h2 class=\"teft-card__title\">Valgkomiteens innstilling er klar&nbsp;<span class=\"teft-card__primary-title-append\"><\/span><\/h2>\t\t\t\t<\/div>\n\t\t\t<\/div>\n\t\t<\/a>\n\t<\/div>\n\n\t<\/div><\/div>\t<\/div>\n<\/div>\n","protected":false},"excerpt":{"rendered":"","protected":false},"author":166,"featured_media":0,"comment_status":"closed","ping_status":"closed","sticky":false,"template":"","format":"standard","meta":{"teft_cards_image_url":"","teft_cards_custom_pretitle":"","teft_cards_image_id":967,"teft_cards_image_focal_point_x":0.5,"teft_cards_image_focal_point_y":0.5,"teft_cards_title":"","teft_cards_excerpt":"","teft_show_chapters":false,"author_display_name":"Rogaland H\u00f8yre","footnotes":""},"category":[1],"post_tag":[],"hoyre-visibility":[],"article-type":[],"politician":[],"class_list":["post-963","post","type-post","status-publish","format-standard","hentry","category-ukategorisert"],"yoast_head":"<!-- This site is optimized with the Yoast SEO plugin v26.6 - https:\/\/yoast.com\/wordpress\/plugins\/seo\/ -->\n<title>Rogaland H\u00f8yres nominasjonsprosess for Stortingsvalget 2025 - Rogaland H\u00f8yre<\/title>\n<meta name=\"robots\" content=\"index, follow, max-snippet:-1, max-image-preview:large, max-video-preview:-1\" \/>\n<link rel=\"canonical\" href=\"https:\/\/hoyre.no\/rogaland\/aktuelt\/rogaland-hoyres-nominasjonsprosess-for-stortingsvalget-2025\/\" \/>\n<meta property=\"og:locale\" content=\"nb_NO\" \/>\n<meta property=\"og:type\" content=\"article\" \/>\n<meta property=\"og:title\" content=\"Rogaland H\u00f8yres nominasjonsprosess for Stortingsvalget 2025 - Rogaland H\u00f8yre\" \/>\n<meta property=\"og:url\" content=\"https:\/\/hoyre.no\/rogaland\/aktuelt\/rogaland-hoyres-nominasjonsprosess-for-stortingsvalget-2025\/\" \/>\n<meta property=\"og:site_name\" content=\"Rogaland H\u00f8yre\" \/>\n<meta property=\"article:published_time\" content=\"2024-02-20T12:27:18+00:00\" \/>\n<meta property=\"article:modified_time\" content=\"2024-08-16T10:12:07+00:00\" \/>\n<meta property=\"og:image\" content=\"https:\/\/hoyre.no\/content\/uploads\/sites\/11\/2026\/01\/Dokument-uten-navn-15.01.2026-1024x536.png\" \/>\n<meta name=\"author\" content=\"Daniel Aamodt\" \/>\n<meta name=\"twitter:card\" content=\"summary_large_image\" \/>\n<meta name=\"twitter:label1\" content=\"Skrevet av\" \/>\n\t<meta name=\"twitter:data1\" content=\"Daniel Aamodt\" \/>\n\t<meta name=\"twitter:label2\" content=\"Ansl. lesetid\" \/>\n\t<meta name=\"twitter:data2\" content=\"4 minutter\" \/>\n<script type=\"application\/ld+json\" class=\"yoast-schema-graph\">{\"@context\":\"https:\/\/schema.org\",\"@graph\":[{\"@type\":\"NewsArticle\",\"@id\":\"https:\/\/hoyre.no\/rogaland\/aktuelt\/rogaland-hoyres-nominasjonsprosess-for-stortingsvalget-2025\/\",\"url\":\"https:\/\/hoyre.no\/rogaland\/aktuelt\/rogaland-hoyres-nominasjonsprosess-for-stortingsvalget-2025\/\",\"name\":\"Rogaland H\u00f8yres nominasjonsprosess for Stortingsvalget 2025 - Rogaland H\u00f8yre\",\"isPartOf\":{\"@id\":\"https:\/\/hoyre.no\/rogaland\/#website\"},\"datePublished\":\"2024-02-20T12:27:18+00:00\",\"dateModified\":\"2024-08-16T10:12:07+00:00\",\"author\":{\"@id\":\"https:\/\/hoyre.no\/rogaland\/#\/schema\/person\/75a561c379b538d8ce770dd5a5fb5b65\"},\"breadcrumb\":{\"@id\":\"https:\/\/hoyre.no\/rogaland\/aktuelt\/rogaland-hoyres-nominasjonsprosess-for-stortingsvalget-2025\/#breadcrumb\"},\"inLanguage\":\"nb-NO\",\"potentialAction\":[{\"@type\":\"ReadAction\",\"target\":[\"https:\/\/hoyre.no\/rogaland\/aktuelt\/rogaland-hoyres-nominasjonsprosess-for-stortingsvalget-2025\/\"]}]},{\"@type\":\"BreadcrumbList\",\"@id\":\"https:\/\/hoyre.no\/rogaland\/aktuelt\/rogaland-hoyres-nominasjonsprosess-for-stortingsvalget-2025\/#breadcrumb\",\"itemListElement\":[{\"@type\":\"ListItem\",\"position\":1,\"name\":\"Til hoyre.no\",\"item\":\"https:\/\/hoyre.no\"},{\"@type\":\"ListItem\",\"position\":2,\"name\":\"Hjem\",\"item\":\"https:\/\/hoyre.no\/rogaland\/\"},{\"@type\":\"ListItem\",\"position\":3,\"name\":\"Rogaland H\u00f8yres nominasjonsprosess for Stortingsvalget 2025\"}]},{\"@type\":\"WebSite\",\"@id\":\"https:\/\/hoyre.no\/rogaland\/#website\",\"url\":\"https:\/\/hoyre.no\/rogaland\/\",\"name\":\"Rogaland H\u00f8yre\",\"description\":\"Bare enda et H\u00f8yres nettsteder-nettsted\",\"inLanguage\":\"nb-NO\"},{\"@type\":\"Person\",\"@id\":\"https:\/\/hoyre.no\/rogaland\/#\/schema\/person\/75a561c379b538d8ce770dd5a5fb5b65\",\"name\":\"Daniel Aamodt\",\"image\":{\"@type\":\"ImageObject\",\"inLanguage\":\"nb-NO\",\"@id\":\"https:\/\/hoyre.no\/rogaland\/#\/schema\/person\/image\/\",\"url\":\"https:\/\/secure.gravatar.com\/avatar\/98ad90d56554e783828bec5751fe2889a2220acf4496cca8ce8713346fe0f016?s=96&d=mm&r=g\",\"contentUrl\":\"https:\/\/secure.gravatar.com\/avatar\/98ad90d56554e783828bec5751fe2889a2220acf4496cca8ce8713346fe0f016?s=96&d=mm&r=g\",\"caption\":\"Daniel Aamodt\"},\"url\":\"https:\/\/hoyre.no\/rogaland\/aktuelt\/author\/m50372010\/\"}]}<\/script>\n<!-- \/ Yoast SEO plugin. -->","yoast_head_json":{"title":"Rogaland H\u00f8yres nominasjonsprosess for Stortingsvalget 2025 - Rogaland H\u00f8yre","robots":{"index":"index","follow":"follow","max-snippet":"max-snippet:-1","max-image-preview":"max-image-preview:large","max-video-preview":"max-video-preview:-1"},"canonical":"https:\/\/hoyre.no\/rogaland\/aktuelt\/rogaland-hoyres-nominasjonsprosess-for-stortingsvalget-2025\/","og_locale":"nb_NO","og_type":"article","og_title":"Rogaland H\u00f8yres nominasjonsprosess for Stortingsvalget 2025 - Rogaland H\u00f8yre","og_url":"https:\/\/hoyre.no\/rogaland\/aktuelt\/rogaland-hoyres-nominasjonsprosess-for-stortingsvalget-2025\/","og_site_name":"Rogaland H\u00f8yre","article_published_time":"2024-02-20T12:27:18+00:00","article_modified_time":"2024-08-16T10:12:07+00:00","og_image":[{"url":"https:\/\/hoyre.no\/content\/uploads\/sites\/11\/2026\/01\/Dokument-uten-navn-15.01.2026-1024x536.png","width":"","height":"","type":""}],"author":"Daniel Aamodt","twitter_card":"summary_large_image","twitter_misc":{"Skrevet av":"Daniel Aamodt","Ansl. lesetid":"4 minutter"},"schema":{"@context":"https:\/\/schema.org","@graph":[{"@type":"NewsArticle","@id":"https:\/\/hoyre.no\/rogaland\/aktuelt\/rogaland-hoyres-nominasjonsprosess-for-stortingsvalget-2025\/","url":"https:\/\/hoyre.no\/rogaland\/aktuelt\/rogaland-hoyres-nominasjonsprosess-for-stortingsvalget-2025\/","name":"Rogaland H\u00f8yres nominasjonsprosess for Stortingsvalget 2025 - Rogaland H\u00f8yre","isPartOf":{"@id":"https:\/\/hoyre.no\/rogaland\/#website"},"datePublished":"2024-02-20T12:27:18+00:00","dateModified":"2024-08-16T10:12:07+00:00","author":{"@id":"https:\/\/hoyre.no\/rogaland\/#\/schema\/person\/75a561c379b538d8ce770dd5a5fb5b65"},"breadcrumb":{"@id":"https:\/\/hoyre.no\/rogaland\/aktuelt\/rogaland-hoyres-nominasjonsprosess-for-stortingsvalget-2025\/#breadcrumb"},"inLanguage":"nb-NO","potentialAction":[{"@type":"ReadAction","target":["https:\/\/hoyre.no\/rogaland\/aktuelt\/rogaland-hoyres-nominasjonsprosess-for-stortingsvalget-2025\/"]}]},{"@type":"BreadcrumbList","@id":"https:\/\/hoyre.no\/rogaland\/aktuelt\/rogaland-hoyres-nominasjonsprosess-for-stortingsvalget-2025\/#breadcrumb","itemListElement":[{"@type":"ListItem","position":1,"name":"Til hoyre.no","item":"https:\/\/hoyre.no"},{"@type":"ListItem","position":2,"name":"Hjem","item":"https:\/\/hoyre.no\/rogaland\/"},{"@type":"ListItem","position":3,"name":"Rogaland H\u00f8yres nominasjonsprosess for Stortingsvalget 2025"}]},{"@type":"WebSite","@id":"https:\/\/hoyre.no\/rogaland\/#website","url":"https:\/\/hoyre.no\/rogaland\/","name":"Rogaland H\u00f8yre","description":"Bare enda et H\u00f8yres nettsteder-nettsted","inLanguage":"nb-NO"},{"@type":"Person","@id":"https:\/\/hoyre.no\/rogaland\/#\/schema\/person\/75a561c379b538d8ce770dd5a5fb5b65","name":"Daniel Aamodt","image":{"@type":"ImageObject","inLanguage":"nb-NO","@id":"https:\/\/hoyre.no\/rogaland\/#\/schema\/person\/image\/","url":"https:\/\/secure.gravatar.com\/avatar\/98ad90d56554e783828bec5751fe2889a2220acf4496cca8ce8713346fe0f016?s=96&d=mm&r=g","contentUrl":"https:\/\/secure.gravatar.com\/avatar\/98ad90d56554e783828bec5751fe2889a2220acf4496cca8ce8713346fe0f016?s=96&d=mm&r=g","caption":"Daniel Aamodt"},"url":"https:\/\/hoyre.no\/rogaland\/aktuelt\/author\/m50372010\/"}]}},"distributor_meta":false,"distributor_terms":false,"distributor_media":false,"distributor_original_site_name":"Rogaland H\u00f8yre","distributor_original_site_url":"https:\/\/hoyre.no\/rogaland","push-errors":false,"_links":{"self":[{"href":"https:\/\/hoyre.no\/rogaland\/wp-json\/wp\/v2\/posts\/963","targetHints":{"allow":["GET"]}}],"collection":[{"href":"https:\/\/hoyre.no\/rogaland\/wp-json\/wp\/v2\/posts"}],"about":[{"href":"https:\/\/hoyre.no\/rogaland\/wp-json\/wp\/v2\/types\/post"}],"author":[{"embeddable":true,"href":"https:\/\/hoyre.no\/rogaland\/wp-json\/wp\/v2\/users\/166"}],"replies":[{"embeddable":true,"href":"https:\/\/hoyre.no\/rogaland\/wp-json\/wp\/v2\/comments?post=963"}],"version-history":[{"count":3,"href":"https:\/\/hoyre.no\/rogaland\/wp-json\/wp\/v2\/posts\/963\/revisions"}],"predecessor-version":[{"id":968,"href":"https:\/\/hoyre.no\/rogaland\/wp-json\/wp\/v2\/posts\/963\/revisions\/968"}],"wp:attachment":[{"href":"https:\/\/hoyre.no\/rogaland\/wp-json\/wp\/v2\/media?parent=963"}],"wp:term":[{"taxonomy":"category","embeddable":true,"href":"https:\/\/hoyre.no\/rogaland\/wp-json\/wp\/v2\/category?post=963"},{"taxonomy":"post_tag","embeddable":true,"href":"https:\/\/hoyre.no\/rogaland\/wp-json\/wp\/v2\/post_tag?post=963"},{"taxonomy":"hoyre-visibility","embeddable":true,"href":"https:\/\/hoyre.no\/rogaland\/wp-json\/wp\/v2\/hoyre-visibility?post=963"},{"taxonomy":"article-type","embeddable":true,"href":"https:\/\/hoyre.no\/rogaland\/wp-json\/wp\/v2\/article-type?post=963"},{"taxonomy":"politician","embeddable":true,"href":"https:\/\/hoyre.no\/rogaland\/wp-json\/wp\/v2\/politician?post=963"}],"curies":[{"name":"wp","href":"https:\/\/api.w.org\/{rel}","templated":true}]}}