{"id":670,"date":"2023-03-15T10:16:25","date_gmt":"2023-03-15T09:16:25","guid":{"rendered":"https:\/\/hoyre.no\/rogaland\/?post_type=teft-story&#038;p=670"},"modified":"2025-01-27T13:34:13","modified_gmt":"2025-01-27T12:34:13","slug":"rogaland-hoyres-fylkestingsliste-topp-20","status":"publish","type":"teft-story","link":"https:\/\/hoyre.no\/rogaland\/story\/rogaland-hoyres-fylkestingsliste-topp-20\/","title":{"rendered":"Rogaland H\u00f8yres fylkestingsliste topp 20"},"content":{"rendered":"\n<div class=\"wp-block-teft-story-hero alignfull teft-story-hero\"><div class=\"teft-story-hero__title-wrap\"><h1 class=\"title\">Fylkestingsgruppa &#8211; <br>topp 20<\/h1><button aria-label=\"Scroll down\" type=\"button\" class=\"scroll-button\"><\/button><\/div><div class=\"teft-story-hero__media-wrap\"><figure class=\"hoyre-image-wrapper\"><div class=\"hoyre-image\"><img loading=\"lazy\" decoding=\"async\" width=\"2500\" height=\"1667\" src=\"https:\/\/hoyre.no\/content\/uploads\/sites\/11\/2023\/03\/Y9A_6257.jpg\" class=\"attachment-scaled size-scaled\" alt=\"\" style=\"object-position: 52% 23%\" srcset=\"https:\/\/hoyre.no\/content\/uploads\/sites\/11\/2023\/03\/Y9A_6257.jpg 2500w, https:\/\/hoyre.no\/content\/uploads\/sites\/11\/2023\/03\/Y9A_6257-300x200.jpg 300w, https:\/\/hoyre.no\/content\/uploads\/sites\/11\/2023\/03\/Y9A_6257-1024x683.jpg 1024w, https:\/\/hoyre.no\/content\/uploads\/sites\/11\/2023\/03\/Y9A_6257-768x512.jpg 768w, https:\/\/hoyre.no\/content\/uploads\/sites\/11\/2023\/03\/Y9A_6257-1536x1024.jpg 1536w, https:\/\/hoyre.no\/content\/uploads\/sites\/11\/2023\/03\/Y9A_6257-2048x1366.jpg 2048w\" sizes=\"auto, (max-width: 2500px) 100vw, 2500px\" \/><\/div><\/figure><\/div><\/div>\n\n\n\n\n<div class=\"wp-block-teft-story-container teft-story-chapter alignfull\"><div class=\"teft-story-chapter__content-wrap animate-in\"><div class=\"entry-content\">\n<div class=\"wp-block-media-text alignfull is-stacked-on-mobile\" style=\"grid-template-columns:34% auto\"><figure class=\"wp-block-media-text__media\"><img loading=\"lazy\" decoding=\"async\" width=\"645\" height=\"970\" src=\"https:\/\/hoyre.no\/content\/uploads\/sites\/11\/2023\/02\/Skjermbilde-2023-02-28-kl.-12.09.25.png\" alt=\"\" class=\"wp-image-735 size-full\" srcset=\"https:\/\/hoyre.no\/content\/uploads\/sites\/11\/2023\/02\/Skjermbilde-2023-02-28-kl.-12.09.25.png 645w, https:\/\/hoyre.no\/content\/uploads\/sites\/11\/2023\/02\/Skjermbilde-2023-02-28-kl.-12.09.25-199x300.png 199w\" sizes=\"auto, (max-width: 645px) 100vw, 645px\" \/><\/figure><div class=\"wp-block-media-text__content\">\n<p><strong>1. Ole Ueland<\/strong><\/p>\n\n\n\n<p>Ole er 39 \u00e5r gammel, og kommer fra Sola kommune. Han har lang politisk erfaring b\u00e5de som gruppeleder for fylkestingsgruppen i innev\u00e6rende periode, og tidligere 8 \u00e5r som ordf\u00f8rer i Sola. <\/p>\n\n\n\n<p>Ole sin ambisjon for Rogaland er at vi skal v\u00e6re landets beste fylke. Gode veier og et attraktivt kollektivtilbud skal s\u00f8rge for at folk kommer seg trygt frem og raskere hjem. Utdannelsestilbudet v\u00e5r skal sikre solid og relevant kompetanse som n\u00e6ringslivet trenger, og alle skal gis mulighet til \u00e5 fullf\u00f8re.<\/p>\n<\/div><\/div>\n\n\n\n<div class=\"wp-block-media-text alignfull is-stacked-on-mobile\" style=\"grid-template-columns:34% auto\"><figure class=\"wp-block-media-text__media\"><img loading=\"lazy\" decoding=\"async\" width=\"683\" height=\"1024\" src=\"https:\/\/hoyre.no\/content\/uploads\/sites\/11\/2023\/02\/Y9A_6206-683x1024.jpg\" alt=\"Inger Merethe Bjerkreim\" class=\"wp-image-744 size-full\" srcset=\"https:\/\/hoyre.no\/content\/uploads\/sites\/11\/2023\/02\/Y9A_6206-683x1024.jpg 683w, https:\/\/hoyre.no\/content\/uploads\/sites\/11\/2023\/02\/Y9A_6206-200x300.jpg 200w, https:\/\/hoyre.no\/content\/uploads\/sites\/11\/2023\/02\/Y9A_6206-768x1152.jpg 768w, https:\/\/hoyre.no\/content\/uploads\/sites\/11\/2023\/02\/Y9A_6206-1024x1536.jpg 1024w, https:\/\/hoyre.no\/content\/uploads\/sites\/11\/2023\/02\/Y9A_6206-1365x2048.jpg 1365w, https:\/\/hoyre.no\/content\/uploads\/sites\/11\/2023\/02\/Y9A_6206-scaled.jpg 1667w\" sizes=\"auto, (max-width: 683px) 100vw, 683px\" \/><\/figure><div class=\"wp-block-media-text__content\">\n<p><strong>2. Inger Merethe Bjerkreim<\/strong><\/p>\n\n\n\n<p>Inger Merethe er 51 \u00e5r, og kommer fra Bjerkreim kommune. Hun jobber som salgssjef i Norengros Kjosavik, og har flere perioder bak seg som folkevalgt b\u00e5de i kommune og fylket. I \u00e5r er hun ogs\u00e5 ordf\u00f8rerkandidat for Bjerkreim H\u00f8yre.<\/p>\n\n\n\n<p>Ingers hjertesak er oppl\u00e6ring, og er opptatt av at vi skal skape de beste rammebetingelsene for elevene v\u00e5re. Hun er opp at elevene l\u00f8ftes faglig, sosial og utvikler seg som mennesker i trygge, inkluderende rammer.<\/p>\n<\/div><\/div>\n\n\n\n<div class=\"wp-block-media-text alignfull is-stacked-on-mobile\" style=\"grid-template-columns:34% auto\"><figure class=\"wp-block-media-text__media\"><img loading=\"lazy\" decoding=\"async\" width=\"764\" height=\"1024\" src=\"https:\/\/hoyre.no\/content\/uploads\/sites\/11\/2023\/02\/Y9A_6264-764x1024.jpg\" alt=\"Erlend Jordal\" class=\"wp-image-745 size-full\" srcset=\"https:\/\/hoyre.no\/content\/uploads\/sites\/11\/2023\/02\/Y9A_6264-764x1024.jpg 764w, https:\/\/hoyre.no\/content\/uploads\/sites\/11\/2023\/02\/Y9A_6264-224x300.jpg 224w, https:\/\/hoyre.no\/content\/uploads\/sites\/11\/2023\/02\/Y9A_6264-768x1029.jpg 768w, https:\/\/hoyre.no\/content\/uploads\/sites\/11\/2023\/02\/Y9A_6264-1146x1536.jpg 1146w, https:\/\/hoyre.no\/content\/uploads\/sites\/11\/2023\/02\/Y9A_6264-1528x2048.jpg 1528w, https:\/\/hoyre.no\/content\/uploads\/sites\/11\/2023\/02\/Y9A_6264-scaled.jpg 1865w\" sizes=\"auto, (max-width: 764px) 100vw, 764px\" \/><\/figure><div class=\"wp-block-media-text__content\">\n<p><strong>3. Erlend Jordal<\/strong><\/p>\n\n\n\n<p>Erlend er 43 \u00e5r, og kommer fra Stavanger kommune. Han jobber som samfunnskontakt og ansvarlig for strategisk kommunikasjon i Universitet- og h\u00f8yskoler\u00e5det (UHr). Erlend har politisk bakgrunn som mange\u00e5rig bystyremedlem og kommunalr\u00e5d i Stavanger, fylkestingsmedlem og politisk r\u00e5dgiver for Tina Bru. <\/p>\n\n\n\n<p>Erlend brenner for et skapende og innovativt n\u00e6ringsliv som bygger nye solide arbeidsplasser, og gir oss flere ben \u00e5 st\u00e5 p\u00e5 i fylket v\u00e5rt. Han elsker fylkets historie, og heier p\u00e5 museene i hele Rogaland. De m\u00e5 bygges opp, slik at vi bedre kan forvalte den felles historiske arven v\u00e5r.<\/p>\n<\/div><\/div>\n\n\n\n<div class=\"wp-block-media-text alignfull is-stacked-on-mobile\" style=\"grid-template-columns:34% auto\"><figure class=\"wp-block-media-text__media\"><img loading=\"lazy\" decoding=\"async\" width=\"689\" height=\"1024\" src=\"https:\/\/hoyre.no\/content\/uploads\/sites\/11\/2023\/02\/Y9A_6201-689x1024.jpg\" alt=\"Lasse Fredheim\" class=\"wp-image-746 size-full\" srcset=\"https:\/\/hoyre.no\/content\/uploads\/sites\/11\/2023\/02\/Y9A_6201-689x1024.jpg 689w, https:\/\/hoyre.no\/content\/uploads\/sites\/11\/2023\/02\/Y9A_6201-202x300.jpg 202w, https:\/\/hoyre.no\/content\/uploads\/sites\/11\/2023\/02\/Y9A_6201-768x1142.jpg 768w, https:\/\/hoyre.no\/content\/uploads\/sites\/11\/2023\/02\/Y9A_6201-1033x1536.jpg 1033w, https:\/\/hoyre.no\/content\/uploads\/sites\/11\/2023\/02\/Y9A_6201-1377x2048.jpg 1377w, https:\/\/hoyre.no\/content\/uploads\/sites\/11\/2023\/02\/Y9A_6201-scaled.jpg 1681w\" sizes=\"auto, (max-width: 689px) 100vw, 689px\" \/><\/figure><div class=\"wp-block-media-text__content\">\n<p><strong>4. Lasse Anfinsen Fredheim<\/strong><\/p>\n\n\n\n<p>Lasse er 26 \u00e5r, og fra Haugesund kommune. Han jobber som utviklingssjef for SK Vard Haugesund, og har sin f\u00f8rste periode i fylkestinget n\u00e5. Tidligere har han v\u00e6rt r\u00e5dgiver for H\u00f8yres stortingsgruppe. <\/p>\n\n\n\n<p>Lasse er opptatt av n\u00e6ringsliv. Vi m\u00e5 sikre at n\u00e6ringslivet f\u00e5r de rette vilk\u00e5rene for \u00e5 fortsette verdiskapningen i Rogaland som er viktig for velferden i hele landet. Da m\u00e5 vi spesielt tilrettelegge for nok tilgang p\u00e5 areal og kraft. I tillegg har han et ekstra hjerte for idretts- og frivillighetspolitikk. <\/p>\n<\/div><\/div>\n\n\n\n<div class=\"wp-block-media-text alignfull is-stacked-on-mobile\" style=\"grid-template-columns:34% auto\"><figure class=\"wp-block-media-text__media\"><img loading=\"lazy\" decoding=\"async\" width=\"683\" height=\"1024\" src=\"https:\/\/hoyre.no\/content\/uploads\/sites\/11\/2023\/02\/Y9A_6198-683x1024.jpg\" alt=\"\" class=\"wp-image-747 size-full\" srcset=\"https:\/\/hoyre.no\/content\/uploads\/sites\/11\/2023\/02\/Y9A_6198-683x1024.jpg 683w, https:\/\/hoyre.no\/content\/uploads\/sites\/11\/2023\/02\/Y9A_6198-200x300.jpg 200w, https:\/\/hoyre.no\/content\/uploads\/sites\/11\/2023\/02\/Y9A_6198-768x1152.jpg 768w, https:\/\/hoyre.no\/content\/uploads\/sites\/11\/2023\/02\/Y9A_6198-1024x1536.jpg 1024w, https:\/\/hoyre.no\/content\/uploads\/sites\/11\/2023\/02\/Y9A_6198-1365x2048.jpg 1365w, https:\/\/hoyre.no\/content\/uploads\/sites\/11\/2023\/02\/Y9A_6198-scaled.jpg 1667w\" sizes=\"auto, (max-width: 683px) 100vw, 683px\" \/><\/figure><div class=\"wp-block-media-text__content\">\n<p><strong>5. Gunn Dalen H\u00e5land<\/strong><\/p>\n\n\n\n<p>Gunn er 53 \u00e5r, og fra H\u00e5 kommune. Hun er l\u00e6replass- og Vg3 i skole koordinator p\u00e5 Bryne videreg\u00e5ende skole. I 2019 ble hun kommunestyremedlem i H\u00e5 og varamedlem til fylkestinget.<\/p>\n\n\n\n<p>Gunn sin hjertesak er \u00f8kt gjennomf\u00f8ring i videreg\u00e5ende skole, og at flere skal gjennomf\u00f8re l\u00e6retid. For \u00e5 n\u00e5 disse m\u00e5lene er viktig \u00e5 jobbe med tidlig innsats og forebygging i alle ledd, og fra tidlig alder. <\/p>\n<\/div><\/div>\n\n\n\n<div class=\"wp-block-media-text alignfull is-stacked-on-mobile\" style=\"grid-template-columns:34% auto\"><figure class=\"wp-block-media-text__media\"><img loading=\"lazy\" decoding=\"async\" width=\"683\" height=\"1024\" src=\"https:\/\/hoyre.no\/content\/uploads\/sites\/11\/2023\/02\/Mille-Sofie-Kvannli.-Foto-Astrid-Hagland-Gjerde-683x1024.jpg\" alt=\"\" class=\"wp-image-749 size-full\" srcset=\"https:\/\/hoyre.no\/content\/uploads\/sites\/11\/2023\/02\/Mille-Sofie-Kvannli.-Foto-Astrid-Hagland-Gjerde-683x1024.jpg 683w, https:\/\/hoyre.no\/content\/uploads\/sites\/11\/2023\/02\/Mille-Sofie-Kvannli.-Foto-Astrid-Hagland-Gjerde-200x300.jpg 200w, https:\/\/hoyre.no\/content\/uploads\/sites\/11\/2023\/02\/Mille-Sofie-Kvannli.-Foto-Astrid-Hagland-Gjerde-768x1152.jpg 768w, https:\/\/hoyre.no\/content\/uploads\/sites\/11\/2023\/02\/Mille-Sofie-Kvannli.-Foto-Astrid-Hagland-Gjerde-1024x1536.jpg 1024w, https:\/\/hoyre.no\/content\/uploads\/sites\/11\/2023\/02\/Mille-Sofie-Kvannli.-Foto-Astrid-Hagland-Gjerde-1365x2048.jpg 1365w, https:\/\/hoyre.no\/content\/uploads\/sites\/11\/2023\/02\/Mille-Sofie-Kvannli.-Foto-Astrid-Hagland-Gjerde-scaled.jpg 1667w\" sizes=\"auto, (max-width: 683px) 100vw, 683px\" \/><\/figure><div class=\"wp-block-media-text__content\">\n<p><strong>6. Mille-Sofie Kvannli<\/strong><\/p>\n\n\n\n<p>Mille-Sofie er 18 \u00e5r, og Unge H\u00f8yres kandidat p\u00e5 fylkestingslisten. Hun g\u00e5r n\u00e5 p\u00e5 siste \u00e5ret p\u00e5 videreg\u00e5ende p\u00e5 Hetland videreg\u00e5ende skole. Tidligere har hun v\u00e6rt leder av Rogaland Unge H\u00f8yre, og hun sitter n\u00e5 i Unge H\u00f8yres internasjonale utvalg. <\/p>\n\n\n\n<p>Mille-Sofie brenner for mer frihet i skolen, og m\u00e5let er at flere skal fullf\u00f8re. Hun \u00f8nsker at elever skal f\u00e5 velge flere fag selv, innf\u00f8re niv\u00e5valg og ha mer tilpasset undervisning. I tillegg hun opptatt av at det ikke er foreldrenes postnummer som skal avgj\u00f8re hvilken skole man begynner p\u00e5, og derfor m\u00e5 vi bevare det frie skolevalget i Rogaland.<\/p>\n<\/div><\/div>\n\n\n\n<div class=\"wp-block-media-text alignfull is-stacked-on-mobile\" style=\"grid-template-columns:34% auto\"><figure class=\"wp-block-media-text__media\"><img loading=\"lazy\" decoding=\"async\" width=\"683\" height=\"1024\" src=\"https:\/\/hoyre.no\/content\/uploads\/sites\/11\/2023\/02\/Y9A_6208-683x1024.jpg\" alt=\"\" class=\"wp-image-750 size-full\" srcset=\"https:\/\/hoyre.no\/content\/uploads\/sites\/11\/2023\/02\/Y9A_6208-683x1024.jpg 683w, https:\/\/hoyre.no\/content\/uploads\/sites\/11\/2023\/02\/Y9A_6208-200x300.jpg 200w, https:\/\/hoyre.no\/content\/uploads\/sites\/11\/2023\/02\/Y9A_6208-768x1152.jpg 768w, https:\/\/hoyre.no\/content\/uploads\/sites\/11\/2023\/02\/Y9A_6208-1024x1536.jpg 1024w, https:\/\/hoyre.no\/content\/uploads\/sites\/11\/2023\/02\/Y9A_6208-1365x2048.jpg 1365w, https:\/\/hoyre.no\/content\/uploads\/sites\/11\/2023\/02\/Y9A_6208-scaled.jpg 1667w\" sizes=\"auto, (max-width: 683px) 100vw, 683px\" \/><\/figure><div class=\"wp-block-media-text__content\">\n<p><strong>7. Kenneth Austr\u00e5tt<\/strong><\/p>\n\n\n\n<p>Kenneth er 35 \u00e5r, og fra Sandnes kommune. Han leder innovasjonsteamet p\u00e5 Stavanger universitetssjukehus, og har politisk erfaring fra bystyret i Sandnes og fylkestinget.&nbsp;<\/p>\n\n\n\n<p>Kenneth er opptatt av at fylkeskommunen skal raskt tilpasse seg n\u00e6ringslivets behov i plansaker, videreg\u00e5ende oppl\u00e6ring, fagskoletilbud og i samferdselssaker. Det er viktig at elevene har tilgang p\u00e5 moderne utstyr for at l\u00e6rerne har gode forutsetninger for \u00e5 kunne tilby elevene den beste utdanningen. Rogaland skal v\u00e6re ledende p\u00e5 videreg\u00e5ende oppl\u00e6ring og fagskole.&nbsp;<\/p>\n<\/div><\/div>\n\n\n\n<div class=\"wp-block-media-text alignfull is-stacked-on-mobile\" style=\"grid-template-columns:34% auto\"><figure class=\"wp-block-media-text__media\"><img loading=\"lazy\" decoding=\"async\" width=\"683\" height=\"1024\" src=\"https:\/\/hoyre.no\/content\/uploads\/sites\/11\/2023\/02\/Y9A_6187-683x1024.jpg\" alt=\"\" class=\"wp-image-751 size-full\" srcset=\"https:\/\/hoyre.no\/content\/uploads\/sites\/11\/2023\/02\/Y9A_6187-683x1024.jpg 683w, https:\/\/hoyre.no\/content\/uploads\/sites\/11\/2023\/02\/Y9A_6187-200x300.jpg 200w, https:\/\/hoyre.no\/content\/uploads\/sites\/11\/2023\/02\/Y9A_6187-768x1152.jpg 768w, https:\/\/hoyre.no\/content\/uploads\/sites\/11\/2023\/02\/Y9A_6187-1024x1536.jpg 1024w, https:\/\/hoyre.no\/content\/uploads\/sites\/11\/2023\/02\/Y9A_6187-1365x2048.jpg 1365w, https:\/\/hoyre.no\/content\/uploads\/sites\/11\/2023\/02\/Y9A_6187-scaled.jpg 1667w\" sizes=\"auto, (max-width: 683px) 100vw, 683px\" \/><\/figure><div class=\"wp-block-media-text__content\">\n<p><strong>8. Else Rege Grannes<\/strong><\/p>\n\n\n\n<p>Else er 69 \u00e5r, og bor i Time kommune. Hun er pensjonist og Senior H\u00f8yres kandidat p\u00e5 fylkestingslisten. Av utdannelse har hun en mastergrad i ledelse, og tidligere var hun NAV leder i Time i 29 \u00e5r, og arbeidet i NAV i hele 44 \u00e5r. <\/p>\n\n\n\n<p>Else er spesielt opptatt av at Rogaland skal bli ledende innenfor fornybar energi. Det m\u00e5 jobbes med gr\u00f8nn n\u00e6ringsutvikling. Skole og utdanning er en n\u00f8kkelfaktor for \u00e5 lykkes i det gr\u00f8nne skiftet, og vi m\u00e5 s\u00f8rge for gode skoler med h\u00f8y kvalitet p\u00e5 undervisningen. <\/p>\n<\/div><\/div>\n\n\n\n<div class=\"wp-block-media-text alignfull is-stacked-on-mobile\" style=\"grid-template-columns:34% auto\"><figure class=\"wp-block-media-text__media\"><img loading=\"lazy\" decoding=\"async\" width=\"683\" height=\"1024\" src=\"https:\/\/hoyre.no\/content\/uploads\/sites\/11\/2023\/02\/Y9A_6219-683x1024.jpg\" alt=\"\" class=\"wp-image-752 size-full\" srcset=\"https:\/\/hoyre.no\/content\/uploads\/sites\/11\/2023\/02\/Y9A_6219-683x1024.jpg 683w, https:\/\/hoyre.no\/content\/uploads\/sites\/11\/2023\/02\/Y9A_6219-200x300.jpg 200w, https:\/\/hoyre.no\/content\/uploads\/sites\/11\/2023\/02\/Y9A_6219-768x1152.jpg 768w, https:\/\/hoyre.no\/content\/uploads\/sites\/11\/2023\/02\/Y9A_6219-1024x1536.jpg 1024w, https:\/\/hoyre.no\/content\/uploads\/sites\/11\/2023\/02\/Y9A_6219-1365x2048.jpg 1365w, https:\/\/hoyre.no\/content\/uploads\/sites\/11\/2023\/02\/Y9A_6219-scaled.jpg 1667w\" sizes=\"auto, (max-width: 683px) 100vw, 683px\" \/><\/figure><div class=\"wp-block-media-text__content\">\n<p><strong>9. Bj\u00f8rn S\u00e6stad<\/strong><\/p>\n\n\n\n<p>Bj\u00f8rn er 61 \u00e5r, og bor p\u00e5 Kvits\u00f8y. Han er divisjonsdirekt\u00f8r i Direktoratet for forvaltning og \u00f8konomistyring (DF\u00d8), og har v\u00e6rt fylkestingsmedlem siden 2007. <\/p>\n\n\n\n<p>Bj\u00f8rn engasjerer seg for at ungdommene v\u00e5re f\u00e5r en god videreg\u00e5ende oppl\u00e6ring slik at de ut fra egne evner og muligheter kan m\u00f8te voksenlivet og arbeidslivet best mulig rustet. I tillegg vil han l\u00f8fte frem viktigheten av Rogfast-prosjektet som han gleder seg veldig til er ferdigstilt. <\/p>\n<\/div><\/div>\n\n\n\n<div class=\"wp-block-media-text alignfull is-stacked-on-mobile\" style=\"grid-template-columns:34% auto\"><figure class=\"wp-block-media-text__media\"><img loading=\"lazy\" decoding=\"async\" width=\"732\" height=\"1024\" src=\"https:\/\/hoyre.no\/content\/uploads\/sites\/11\/2023\/02\/Y9A_6250-732x1024.jpg\" alt=\"\" class=\"wp-image-753 size-full\" srcset=\"https:\/\/hoyre.no\/content\/uploads\/sites\/11\/2023\/02\/Y9A_6250-732x1024.jpg 732w, https:\/\/hoyre.no\/content\/uploads\/sites\/11\/2023\/02\/Y9A_6250-215x300.jpg 215w, https:\/\/hoyre.no\/content\/uploads\/sites\/11\/2023\/02\/Y9A_6250-768x1074.jpg 768w, https:\/\/hoyre.no\/content\/uploads\/sites\/11\/2023\/02\/Y9A_6250-1099x1536.jpg 1099w, https:\/\/hoyre.no\/content\/uploads\/sites\/11\/2023\/02\/Y9A_6250-1465x2048.jpg 1465w, https:\/\/hoyre.no\/content\/uploads\/sites\/11\/2023\/02\/Y9A_6250-scaled.jpg 1788w\" sizes=\"auto, (max-width: 732px) 100vw, 732px\" \/><\/figure><div class=\"wp-block-media-text__content\">\n<p><strong>10. Anne Marie Lund<\/strong><\/p>\n\n\n\n<p>Anne Marie er 26 \u00e5r, og fra Sola kommune. Hun jobber som politisk r\u00e5dgiver, og har v\u00e6rt folkevalgt i Sola siden 2015 og i Rogaland siden 2019. <\/p>\n\n\n\n<p>Anne Marie sin ambisjon er at Rogaland skal v\u00e6re det mest attraktive fylket \u00e5 etablere seg i b\u00e5de for folk og n\u00e6ring. Det er spesielt viktig med gode bo- og arbeidsregioner hvor innbyggerne trives og kan leve gode liv. Derfor er hun opptatt av \u00e5 videreutvikle kollektivtilbudet for \u00e5 sikre et smidig og brukerorientert tilbud. Vi m\u00e5 f\u00e5 ned barrierene folk opplever, og gj\u00f8re terskelen for \u00e5 ta buss og tog lavest mulig. <\/p>\n<\/div><\/div>\n\n\n\n<div class=\"wp-block-media-text alignfull is-stacked-on-mobile\" style=\"grid-template-columns:34% auto\"><figure class=\"wp-block-media-text__media\"><img loading=\"lazy\" decoding=\"async\" width=\"819\" height=\"1024\" src=\"https:\/\/hoyre.no\/content\/uploads\/sites\/11\/2023\/03\/9EE4E9BD-B48D-430C-8558-939E68C2FA7F-819x1024.jpg\" alt=\"\" class=\"wp-image-812 size-full\" srcset=\"https:\/\/hoyre.no\/content\/uploads\/sites\/11\/2023\/03\/9EE4E9BD-B48D-430C-8558-939E68C2FA7F-819x1024.jpg 819w, https:\/\/hoyre.no\/content\/uploads\/sites\/11\/2023\/03\/9EE4E9BD-B48D-430C-8558-939E68C2FA7F-240x300.jpg 240w, https:\/\/hoyre.no\/content\/uploads\/sites\/11\/2023\/03\/9EE4E9BD-B48D-430C-8558-939E68C2FA7F-768x960.jpg 768w, https:\/\/hoyre.no\/content\/uploads\/sites\/11\/2023\/03\/9EE4E9BD-B48D-430C-8558-939E68C2FA7F-1229x1536.jpg 1229w, https:\/\/hoyre.no\/content\/uploads\/sites\/11\/2023\/03\/9EE4E9BD-B48D-430C-8558-939E68C2FA7F-1639x2048.jpg 1639w, https:\/\/hoyre.no\/content\/uploads\/sites\/11\/2023\/03\/9EE4E9BD-B48D-430C-8558-939E68C2FA7F-scaled.jpg 2000w\" sizes=\"auto, (max-width: 819px) 100vw, 819px\" \/><\/figure><div class=\"wp-block-media-text__content\">\n<p><strong>11. Cille Ihle<\/strong><\/p>\n\n\n\n<p>Cille er 52 \u00e5r, og fra Stavanger kommune. Hun er milj\u00f8terapeut p\u00e5 Tastaveden skole, og er folkevalgt i Stavanger og vara i fylkestinget.<\/p>\n\n\n\n<p>Cille brenner for at vi skal skape og holde p\u00e5 gode arbeidsplasser og kompetanse i fylket. Vi trenger gode videreg\u00e5ende skoler med plass og tilrettelegging for alle uavhengig av bakgrunn, kultur og funksjonsevne. Til slutt er et rikt kulturliv veldig viktig i samfunnet.<\/p>\n<\/div><\/div>\n\n\n\n<div class=\"wp-block-media-text alignfull is-stacked-on-mobile\" style=\"grid-template-columns:34% auto\"><figure class=\"wp-block-media-text__media\"><img loading=\"lazy\" decoding=\"async\" width=\"683\" height=\"1024\" src=\"https:\/\/hoyre.no\/content\/uploads\/sites\/11\/2023\/02\/Y9A_6218-683x1024.jpg\" alt=\"\" class=\"wp-image-755 size-full\" srcset=\"https:\/\/hoyre.no\/content\/uploads\/sites\/11\/2023\/02\/Y9A_6218-683x1024.jpg 683w, https:\/\/hoyre.no\/content\/uploads\/sites\/11\/2023\/02\/Y9A_6218-200x300.jpg 200w, https:\/\/hoyre.no\/content\/uploads\/sites\/11\/2023\/02\/Y9A_6218-768x1152.jpg 768w, https:\/\/hoyre.no\/content\/uploads\/sites\/11\/2023\/02\/Y9A_6218-1024x1536.jpg 1024w, https:\/\/hoyre.no\/content\/uploads\/sites\/11\/2023\/02\/Y9A_6218-1365x2048.jpg 1365w, https:\/\/hoyre.no\/content\/uploads\/sites\/11\/2023\/02\/Y9A_6218-scaled.jpg 1667w\" sizes=\"auto, (max-width: 683px) 100vw, 683px\" \/><\/figure><div class=\"wp-block-media-text__content\">\n<p><strong>12. Kristoffer Amdal<\/strong><\/p>\n\n\n\n<p>Kristoffer er 68 \u00e5r, og fra Strand kommune. Han er gruppeleder i Strand H\u00f8yre, og har sittet i kommunestyret siden 2007 i tillegg er han vara til fylkestinget.<\/p>\n\n\n\n<p>Kristoffer mener at Rogaland m\u00e5 bli senter for utvikling av fornybar energi. Vi har et godt grunnlag for \u00e5 bidra i utviklingen. Det er viktig \u00e5 sikre gode infrastruktur- og kommunikasjonsl\u00f8sninger p\u00e5 tvers av fylket for \u00e5 best mulig legge tilrette for vekst og utvikling. <\/p>\n<\/div><\/div>\n\n\n\n<div class=\"wp-block-media-text alignfull is-stacked-on-mobile\" style=\"grid-template-columns:34% auto\"><figure class=\"wp-block-media-text__media\"><img loading=\"lazy\" decoding=\"async\" width=\"732\" height=\"1024\" src=\"https:\/\/hoyre.no\/content\/uploads\/sites\/11\/2023\/02\/Y9A_6234-732x1024.jpg\" alt=\"\" class=\"wp-image-756 size-full\" srcset=\"https:\/\/hoyre.no\/content\/uploads\/sites\/11\/2023\/02\/Y9A_6234-732x1024.jpg 732w, https:\/\/hoyre.no\/content\/uploads\/sites\/11\/2023\/02\/Y9A_6234-215x300.jpg 215w, https:\/\/hoyre.no\/content\/uploads\/sites\/11\/2023\/02\/Y9A_6234-768x1074.jpg 768w, https:\/\/hoyre.no\/content\/uploads\/sites\/11\/2023\/02\/Y9A_6234-1099x1536.jpg 1099w, https:\/\/hoyre.no\/content\/uploads\/sites\/11\/2023\/02\/Y9A_6234-1465x2048.jpg 1465w, https:\/\/hoyre.no\/content\/uploads\/sites\/11\/2023\/02\/Y9A_6234-scaled.jpg 1788w\" sizes=\"auto, (max-width: 732px) 100vw, 732px\" \/><\/figure><div class=\"wp-block-media-text__content\">\n<p><strong>13. Julie Vold<\/strong><\/p>\n\n\n\n<p>Julie er 42 \u00e5r, og fra Stavanger kommune. Hun er daglig leder i Rogaland Gjenvinning, og har mange tidligere erfaringer med verv i frivillige organisasjoner og i n\u00e6ringslivet. <\/p>\n\n\n\n<p>Julie engasjerer seg for at Rogaland skal ha et rikt n\u00e6ringsliv, og at vi skal f\u00e5 til gode klynger i flere bransjer. Hun er ogs\u00e5 opptatt av \u00e5 forbedre og forenkle offentlig sektor, og s\u00f8rge for mindre byr\u00e5krati for innbyggere og n\u00e6ringsliv. <\/p>\n<\/div><\/div>\n\n\n\n<div class=\"wp-block-media-text alignfull is-stacked-on-mobile is-vertically-aligned-top is-image-fill is-style-default\" style=\"grid-template-columns:35% auto\"><figure class=\"wp-block-media-text__media\" style=\"background-image:url('https:\/\/hoyre.no\/content\/uploads\/sites\/11\/2023\/02\/Y9A_6202-683x1024.jpg');background-position:45% 20%\"><img loading=\"lazy\" decoding=\"async\" width=\"683\" height=\"1024\" src=\"https:\/\/hoyre.no\/content\/uploads\/sites\/11\/2023\/02\/Y9A_6202-683x1024.jpg\" alt=\"\" class=\"wp-image-757 size-full\" srcset=\"https:\/\/hoyre.no\/content\/uploads\/sites\/11\/2023\/02\/Y9A_6202-683x1024.jpg 683w, https:\/\/hoyre.no\/content\/uploads\/sites\/11\/2023\/02\/Y9A_6202-200x300.jpg 200w, https:\/\/hoyre.no\/content\/uploads\/sites\/11\/2023\/02\/Y9A_6202-768x1152.jpg 768w, https:\/\/hoyre.no\/content\/uploads\/sites\/11\/2023\/02\/Y9A_6202-1024x1536.jpg 1024w, https:\/\/hoyre.no\/content\/uploads\/sites\/11\/2023\/02\/Y9A_6202-1365x2048.jpg 1365w, https:\/\/hoyre.no\/content\/uploads\/sites\/11\/2023\/02\/Y9A_6202-scaled.jpg 1667w\" sizes=\"auto, (max-width: 683px) 100vw, 683px\" \/><\/figure><div class=\"wp-block-media-text__content\">\n<p><strong>14. H\u00e5vard R\u00f8rtveit<\/strong><\/p>\n\n\n\n<p>H\u00e5vard er 23 \u00e5r, og kommer fra Vindafjord kommune. H\u00e5vard studerer i Bergen, og er i tillegg kommunestyremedlem hjemme i Vindafjord. <\/p>\n\n\n\n<p>H\u00e5vard sin ambisjon er at Rogaland skal v\u00e6re et sammenknyttet fylke, og et fylke der det skal v\u00e6re lett \u00e5 bo og arbeide. Vi trenger derfor gode og trygge veier som gj\u00f8r det enkelt \u00e5 reise og frakte varer og tjenester fra nord til s\u00f8r. <\/p>\n<\/div><\/div>\n\n\n\n<div class=\"wp-block-media-text is-stacked-on-mobile is-vertically-aligned-top is-image-fill alignwide\" style=\"grid-template-columns:34% auto\"><figure class=\"wp-block-media-text__media\" style=\"background-image:url('https:\/\/hoyre.no\/content\/uploads\/sites\/11\/2023\/07\/IMG_2287-768x1024.jpg');background-position:50% 50%\"><img loading=\"lazy\" decoding=\"async\" width=\"768\" height=\"1024\" src=\"https:\/\/hoyre.no\/content\/uploads\/sites\/11\/2023\/07\/IMG_2287-768x1024.jpg\" alt=\"\" class=\"wp-image-894 size-full\" srcset=\"https:\/\/hoyre.no\/content\/uploads\/sites\/11\/2023\/07\/IMG_2287-768x1024.jpg 768w, https:\/\/hoyre.no\/content\/uploads\/sites\/11\/2023\/07\/IMG_2287-225x300.jpg 225w, https:\/\/hoyre.no\/content\/uploads\/sites\/11\/2023\/07\/IMG_2287-1152x1536.jpg 1152w, https:\/\/hoyre.no\/content\/uploads\/sites\/11\/2023\/07\/IMG_2287-1536x2048.jpg 1536w, https:\/\/hoyre.no\/content\/uploads\/sites\/11\/2023\/07\/IMG_2287-scaled.jpg 1875w\" sizes=\"auto, (max-width: 768px) 100vw, 768px\" \/><\/figure><div class=\"wp-block-media-text__content\">\n<p><\/p>\n\n\n\n<p><\/p>\n\n\n\n<p><strong>15. Kine Myhre<\/strong><\/p>\n\n\n\n<p>Kine er 35 \u00e5r, og kommer fra Sandnes kommune. Hun er utdannet barnehagel\u00e6rer, styreleder hos Brygge Baker&#8217;n og jobber som organisasjonssekret\u00e6r.<\/p>\n\n\n\n<p>Kine engasjerer seg for at Rogaland skal v\u00e6re et foregangsfylke n\u00e5r det kommer til innovasjon, helsetjenester og et n\u00e6rings- og kulturliv. Gjennom innovasjon, nyskaping og entrepren\u00f8rskap kan vi sikre gode tjenester, arbeidsplasser og inkludering gjennom hele livsl\u00f8pet.<\/p>\n<\/div><\/div>\n\n\n\n<div class=\"wp-block-media-text alignfull is-stacked-on-mobile\" style=\"grid-template-columns:34% auto\"><figure class=\"wp-block-media-text__media\"><img loading=\"lazy\" decoding=\"async\" width=\"683\" height=\"1024\" src=\"https:\/\/hoyre.no\/content\/uploads\/sites\/11\/2023\/02\/Y9A_6224-683x1024.jpg\" alt=\"\" class=\"wp-image-758 size-full\" srcset=\"https:\/\/hoyre.no\/content\/uploads\/sites\/11\/2023\/02\/Y9A_6224-683x1024.jpg 683w, https:\/\/hoyre.no\/content\/uploads\/sites\/11\/2023\/02\/Y9A_6224-200x300.jpg 200w, https:\/\/hoyre.no\/content\/uploads\/sites\/11\/2023\/02\/Y9A_6224-768x1152.jpg 768w, https:\/\/hoyre.no\/content\/uploads\/sites\/11\/2023\/02\/Y9A_6224-1024x1536.jpg 1024w, https:\/\/hoyre.no\/content\/uploads\/sites\/11\/2023\/02\/Y9A_6224-1365x2048.jpg 1365w, https:\/\/hoyre.no\/content\/uploads\/sites\/11\/2023\/02\/Y9A_6224-scaled.jpg 1667w\" sizes=\"auto, (max-width: 683px) 100vw, 683px\" \/><\/figure><div class=\"wp-block-media-text__content\">\n<p><strong>16. Leif Erik Egaas<\/strong><\/p>\n\n\n\n<p>Leif Erik er 62 \u00e5r, og fra Eigersund kommune. Han er varaordf\u00f8rer i Eigersund og f\u00f8rsteinspekt\u00f8r i Fiskeridirektoratet region S\u00f8r. Han har gjennom over 20 \u00e5r har v\u00e6rt folkevalgt i ulike roller, og st\u00e5r n\u00e5 p\u00e5 fylkestingslisten igjen. <\/p>\n\n\n\n<p>Leif Erik er opptatt av at Rogaland fortsatt skal v\u00e6re i f\u00f8rersetet innen n\u00e6ringsutvikling og samferdsel. <\/p>\n<\/div><\/div>\n\n\n\n<div class=\"wp-block-media-text alignfull is-stacked-on-mobile\" style=\"grid-template-columns:34% auto\"><figure class=\"wp-block-media-text__media\"><img loading=\"lazy\" decoding=\"async\" width=\"767\" height=\"1024\" src=\"https:\/\/hoyre.no\/content\/uploads\/sites\/11\/2023\/03\/IMG_9885-767x1024.jpg\" alt=\"\" class=\"wp-image-811 size-full\" srcset=\"https:\/\/hoyre.no\/content\/uploads\/sites\/11\/2023\/03\/IMG_9885-767x1024.jpg 767w, https:\/\/hoyre.no\/content\/uploads\/sites\/11\/2023\/03\/IMG_9885-225x300.jpg 225w, https:\/\/hoyre.no\/content\/uploads\/sites\/11\/2023\/03\/IMG_9885-768x1025.jpg 768w, https:\/\/hoyre.no\/content\/uploads\/sites\/11\/2023\/03\/IMG_9885.jpg 1023w\" sizes=\"auto, (max-width: 767px) 100vw, 767px\" \/><\/figure><div class=\"wp-block-media-text__content\">\n<p><strong>17. Karoline Sj\u00f8en Andersen<\/strong><\/p>\n\n\n\n<p>Karoline er 27 \u00e5r, og kommer fra Haugesund kommune. Hun er selvstendig n\u00e6ringsdrivende og har fartstid som folkevalgt i Haugesund bystyre og politisk r\u00e5dgiver for Tina Bru da hun var olje- og energiminister. Hun er ogs\u00e5 3.vara for Rogaland H\u00f8yre til Stortinget i innev\u00e6rende periode.&nbsp;<\/p>\n\n\n\n<p>Karoline brenner for b\u00e6rekraftige l\u00f8sninger for b\u00e5de folk og bedrifter. Fylkeskommunen m\u00e5 bruke det politiske handlingsrommet for \u00e5 ta sin del av ansvaret for \u00e5 redusere klimagassutslipp, samtidig som de legger til rette for utslippskutt&nbsp;i n\u00e6ringslivet og etablering av ny, fremtidsrettet industri i fylket. Det er viktig at de folkevalgte tenker p\u00e5 klima, energi og milj\u00f8 i alle beslutninger vi tar for fremtiden. <\/p>\n<\/div><\/div>\n\n\n\n<div class=\"wp-block-media-text alignfull is-stacked-on-mobile\" style=\"grid-template-columns:34% auto\"><figure class=\"wp-block-media-text__media\"><img loading=\"lazy\" decoding=\"async\" width=\"683\" height=\"1024\" src=\"https:\/\/hoyre.no\/content\/uploads\/sites\/11\/2023\/02\/Y9A_6236-683x1024.jpg\" alt=\"\" class=\"wp-image-759 size-full\" srcset=\"https:\/\/hoyre.no\/content\/uploads\/sites\/11\/2023\/02\/Y9A_6236-683x1024.jpg 683w, https:\/\/hoyre.no\/content\/uploads\/sites\/11\/2023\/02\/Y9A_6236-200x300.jpg 200w, https:\/\/hoyre.no\/content\/uploads\/sites\/11\/2023\/02\/Y9A_6236-768x1152.jpg 768w, https:\/\/hoyre.no\/content\/uploads\/sites\/11\/2023\/02\/Y9A_6236-1024x1536.jpg 1024w, https:\/\/hoyre.no\/content\/uploads\/sites\/11\/2023\/02\/Y9A_6236-1365x2048.jpg 1365w, https:\/\/hoyre.no\/content\/uploads\/sites\/11\/2023\/02\/Y9A_6236-scaled.jpg 1667w\" sizes=\"auto, (max-width: 683px) 100vw, 683px\" \/><\/figure><div class=\"wp-block-media-text__content\">\n<p><strong>18. Umid Fotikh<\/strong><\/p>\n\n\n\n<p>Umid er 42 \u00e5r, og bor i Stavanger kommune og er opprinnelig fra Usbekistan. Han er avdelingsleder for Brustadbakeren AS.<\/p>\n\n\n\n<p>Umid er spesielt opptatt av n\u00e6ringsliv, mangfold og inkludering. Den beste integreringen skjer n\u00e5r man kommer i kontakt med andre mennesker og han har v\u00e6rt spesielt opptatt av \u00e5 f\u00e5 innvandrer ut i arbeid for \u00e5 styrke nettverk, spr\u00e5kkompetanse og integreringen. <\/p>\n<\/div><\/div>\n\n\n\n<div class=\"wp-block-media-text alignfull is-stacked-on-mobile\" style=\"grid-template-columns:34% auto\"><figure class=\"wp-block-media-text__media\"><img loading=\"lazy\" decoding=\"async\" width=\"683\" height=\"1024\" src=\"https:\/\/hoyre.no\/content\/uploads\/sites\/11\/2023\/02\/Y9A_6245-683x1024.jpg\" alt=\"\" class=\"wp-image-760 size-full\" srcset=\"https:\/\/hoyre.no\/content\/uploads\/sites\/11\/2023\/02\/Y9A_6245-683x1024.jpg 683w, https:\/\/hoyre.no\/content\/uploads\/sites\/11\/2023\/02\/Y9A_6245-200x300.jpg 200w, https:\/\/hoyre.no\/content\/uploads\/sites\/11\/2023\/02\/Y9A_6245-768x1152.jpg 768w, https:\/\/hoyre.no\/content\/uploads\/sites\/11\/2023\/02\/Y9A_6245-1024x1536.jpg 1024w, https:\/\/hoyre.no\/content\/uploads\/sites\/11\/2023\/02\/Y9A_6245-1365x2048.jpg 1365w, https:\/\/hoyre.no\/content\/uploads\/sites\/11\/2023\/02\/Y9A_6245-scaled.jpg 1667w\" sizes=\"auto, (max-width: 683px) 100vw, 683px\" \/><\/figure><div class=\"wp-block-media-text__content\">\n<p><strong>19. Marit H\u00f8ie<\/strong><\/p>\n\n\n\n<p>Marit er 58 \u00e5r, og fra Gjesdal kommune. Hun jobber i byggebransjen, og har v\u00e6rt folkevalgt siden 2011. <\/p>\n\n\n\n<p>Marit er engasjerer seg for Energifylket Rogaland, og er opptatt av at Rogaland skal v\u00e6re best p\u00e5 omstilling. I tillegg er det n\u00f8dvendig med robust infrastruktur som s\u00f8rger for at folk skal kunne bo og arbeide i hele fylket. <\/p>\n<\/div><\/div>\n<\/div><\/div><\/div>\n\n\n<div class=\"post-footer alignfull has-background block-editor-block-list__block\" data-align=full>\n\t<div class=\"post-footer-inner\">\n\t\t<h3>Relatert innhold<\/h3>\n\t\t<div class=\"related-content\"><div class=\"is-card-hoyre\">\n\t<div class=\"teft-card hoyre-teft-card post-teft-card\">\n\t\t<a href=\"https:\/\/hoyre.no\/rogaland\/aktuelt\/rogaland-pa-hoyres-landsmote\/\" class=\"teft-card__primary-action\">\n\n\t\t\t\t\t<div class=\"teft-card__media teft-card__media--16-9\">\n\t\t\t\t\t\t<img loading=\"lazy\" decoding=\"async\" width=\"768\" height=\"512\" src=\"https:\/\/hoyre.no\/content\/uploads\/sites\/11\/2026\/02\/HLM-2026-foto-Hans-Kristian-Thorbjornsen-3400-768x512.jpg\" class=\"attachment-medium_large size-medium_large\" alt=\"\" srcset=\"https:\/\/hoyre.no\/content\/uploads\/sites\/11\/2026\/02\/HLM-2026-foto-Hans-Kristian-Thorbjornsen-3400-768x512.jpg 768w, https:\/\/hoyre.no\/content\/uploads\/sites\/11\/2026\/02\/HLM-2026-foto-Hans-Kristian-Thorbjornsen-3400-300x200.jpg 300w, https:\/\/hoyre.no\/content\/uploads\/sites\/11\/2026\/02\/HLM-2026-foto-Hans-Kristian-Thorbjornsen-3400-1024x683.jpg 1024w, https:\/\/hoyre.no\/content\/uploads\/sites\/11\/2026\/02\/HLM-2026-foto-Hans-Kristian-Thorbjornsen-3400-1536x1024.jpg 1536w, https:\/\/hoyre.no\/content\/uploads\/sites\/11\/2026\/02\/HLM-2026-foto-Hans-Kristian-Thorbjornsen-3400-2048x1366.jpg 2048w\" sizes=\"auto, (max-width: 768px) 100vw, 768px\" \/>\t\t<\/div>\n\t\t\n\t\t\t<div class=\"teft-card__content-wrapper\">\n\t\t\t\t<div class=\"teft-card__secondary\">\n\t\t\t\t\t\n\t\t\t\t\t\t\t\t<div class=\"teft-card__meta\">\n\t\t\t\t\t\t\t\t\t<span class=\"post-date\">19. feb 2026<\/span>\n\n\t\t\t\t\t\t\t\t\t\t\t\t\t\t\t\t\t<\/div>\n\t\t\t\t\t\t\t\t\t\t\t<\/div>\n\n\t\t\t\t<div class=\"teft-card__primary\">\n\t\t\t\t\t<h2 class=\"teft-card__title\">Rogaland p\u00e5 H\u00f8yres landsm\u00f8te:&nbsp;<span class=\"teft-card__primary-title-append\"><\/span><\/h2>\t\t\t\t<\/div>\n\t\t\t<\/div>\n\t\t<\/a>\n\t<\/div>\n\n\t<\/div><div class=\"is-card-hoyre\">\n\t<div class=\"teft-card hoyre-teft-card post-teft-card\">\n\t\t<a href=\"https:\/\/hoyre.no\/rogaland\/aktuelt\/rogaland-hoyres-arsmote-2026\/\" class=\"teft-card__primary-action\">\n\n\t\t\t\t\t<div class=\"teft-card__media teft-card__media--16-9\">\n\t\t\t\t\t\t<img loading=\"lazy\" decoding=\"async\" width=\"768\" height=\"576\" src=\"https:\/\/hoyre.no\/content\/uploads\/sites\/11\/2026\/02\/IMG_8671-768x576.jpeg\" class=\"attachment-medium_large size-medium_large\" alt=\"\" srcset=\"https:\/\/hoyre.no\/content\/uploads\/sites\/11\/2026\/02\/IMG_8671-768x576.jpeg 768w, https:\/\/hoyre.no\/content\/uploads\/sites\/11\/2026\/02\/IMG_8671-300x225.jpeg 300w, https:\/\/hoyre.no\/content\/uploads\/sites\/11\/2026\/02\/IMG_8671-1024x768.jpeg 1024w, https:\/\/hoyre.no\/content\/uploads\/sites\/11\/2026\/02\/IMG_8671-1536x1152.jpeg 1536w, https:\/\/hoyre.no\/content\/uploads\/sites\/11\/2026\/02\/IMG_8671-2048x1536.jpeg 2048w\" sizes=\"auto, (max-width: 768px) 100vw, 768px\" \/>\t\t<\/div>\n\t\t\n\t\t\t<div class=\"teft-card__content-wrapper\">\n\t\t\t\t<div class=\"teft-card__secondary\">\n\t\t\t\t\t\n\t\t\t\t\t\t\t\t<div class=\"teft-card__meta\">\n\t\t\t\t\t\t\t\t\t<span class=\"post-date\">1. feb 2026<\/span>\n\n\t\t\t\t\t\t\t\t\t\t\t\t\t\t\t\t\t<\/div>\n\t\t\t\t\t\t\t\t\t\t\t<\/div>\n\n\t\t\t\t<div class=\"teft-card__primary\">\n\t\t\t\t\t<h2 class=\"teft-card__title\">Rogaland H\u00f8yres \u00e5rsm\u00f8te 2026&nbsp;<span class=\"teft-card__primary-title-append\"><\/span><\/h2>\t\t\t\t<\/div>\n\t\t\t<\/div>\n\t\t<\/a>\n\t<\/div>\n\n\t<\/div><div class=\"is-card-hoyre\">\n\t<div class=\"teft-card hoyre-teft-card post-teft-card\">\n\t\t<a href=\"https:\/\/hoyre.no\/rogaland\/aktuelt\/valgkomiteens-innstilling-er-klar\/\" class=\"teft-card__primary-action\">\n\n\t\t\t\t\t<div class=\"teft-card__media teft-card__media--16-9\">\n\t\t\t\t\t\t<img loading=\"lazy\" decoding=\"async\" width=\"768\" height=\"402\" src=\"https:\/\/hoyre.no\/content\/uploads\/sites\/11\/2026\/01\/Dokument-uten-navn-15.01.2026-768x402.png\" class=\"attachment-medium_large size-medium_large\" alt=\"\" srcset=\"https:\/\/hoyre.no\/content\/uploads\/sites\/11\/2026\/01\/Dokument-uten-navn-15.01.2026-768x402.png 768w, https:\/\/hoyre.no\/content\/uploads\/sites\/11\/2026\/01\/Dokument-uten-navn-15.01.2026-300x157.png 300w, https:\/\/hoyre.no\/content\/uploads\/sites\/11\/2026\/01\/Dokument-uten-navn-15.01.2026-1024x536.png 1024w, https:\/\/hoyre.no\/content\/uploads\/sites\/11\/2026\/01\/Dokument-uten-navn-15.01.2026-1536x804.png 1536w, https:\/\/hoyre.no\/content\/uploads\/sites\/11\/2026\/01\/Dokument-uten-navn-15.01.2026-2048x1072.png 2048w, https:\/\/hoyre.no\/content\/uploads\/sites\/11\/2026\/01\/Dokument-uten-navn-15.01.2026-scaled-e1768472866838.png 1500w\" sizes=\"auto, (max-width: 768px) 100vw, 768px\" \/>\t\t<\/div>\n\t\t\n\t\t\t<div class=\"teft-card__content-wrapper\">\n\t\t\t\t<div class=\"teft-card__secondary\">\n\t\t\t\t\t\n\t\t\t\t\t\t\t\t<div class=\"teft-card__meta\">\n\t\t\t\t\t\t\t\t\t<span class=\"post-date\">16. jan 2026<\/span>\n\n\t\t\t\t\t\t\t\t\t<span class=\"post-category\">Nyheter<\/span>\t\t\t\t\t\t\t\t<\/div>\n\t\t\t\t\t\t\t\t\t\t\t<\/div>\n\n\t\t\t\t<div class=\"teft-card__primary\">\n\t\t\t\t\t<h2 class=\"teft-card__title\">Valgkomiteens innstilling er klar&nbsp;<span class=\"teft-card__primary-title-append\"><\/span><\/h2>\t\t\t\t<\/div>\n\t\t\t<\/div>\n\t\t<\/a>\n\t<\/div>\n\n\t<\/div><\/div>\t<\/div>\n<\/div>\n","protected":false},"template":"","meta":{"teft_cards_image_url":"","teft_cards_custom_pretitle":"","teft_cards_image_id":896,"teft_cards_image_focal_point_x":0.54,"teft_cards_image_focal_point_y":0.19,"teft_cards_title":"","teft_cards_excerpt":"","teft_show_chapters":false,"footnotes":""},"post_tag":[],"politician":[],"class_list":["post-670","teft-story","type-teft-story","status-publish","hentry"],"yoast_head":"<!-- This site is optimized with the Yoast SEO plugin v26.6 - https:\/\/yoast.com\/wordpress\/plugins\/seo\/ -->\n<title>Rogaland H\u00f8yres fylkestingsliste topp 20 - Rogaland H\u00f8yre<\/title>\n<meta name=\"robots\" content=\"index, follow, max-snippet:-1, max-image-preview:large, max-video-preview:-1\" \/>\n<link rel=\"canonical\" href=\"https:\/\/hoyre.no\/rogaland\/story\/rogaland-hoyres-fylkestingsliste-topp-20\/\" \/>\n<meta property=\"og:locale\" content=\"nb_NO\" \/>\n<meta property=\"og:type\" content=\"article\" \/>\n<meta property=\"og:title\" content=\"Rogaland H\u00f8yres fylkestingsliste topp 20 - Rogaland H\u00f8yre\" \/>\n<meta property=\"og:url\" content=\"https:\/\/hoyre.no\/rogaland\/story\/rogaland-hoyres-fylkestingsliste-topp-20\/\" \/>\n<meta property=\"og:site_name\" content=\"Rogaland H\u00f8yre\" \/>\n<meta property=\"article:modified_time\" content=\"2025-01-27T12:34:13+00:00\" \/>\n<meta property=\"og:image\" content=\"https:\/\/hoyre.no\/content\/uploads\/sites\/11\/2026\/01\/Dokument-uten-navn-15.01.2026-1024x536.png\" \/>\n<meta name=\"twitter:card\" content=\"summary_large_image\" \/>\n<meta name=\"twitter:label1\" content=\"Ansl. lesetid\" \/>\n\t<meta name=\"twitter:data1\" content=\"13 minutter\" \/>\n<script type=\"application\/ld+json\" class=\"yoast-schema-graph\">{\"@context\":\"https:\/\/schema.org\",\"@graph\":[{\"@type\":\"NewsArticle\",\"@id\":\"https:\/\/hoyre.no\/rogaland\/story\/rogaland-hoyres-fylkestingsliste-topp-20\/\",\"url\":\"https:\/\/hoyre.no\/rogaland\/story\/rogaland-hoyres-fylkestingsliste-topp-20\/\",\"name\":\"Rogaland H\u00f8yres fylkestingsliste topp 20 - Rogaland H\u00f8yre\",\"isPartOf\":{\"@id\":\"https:\/\/hoyre.no\/rogaland\/#website\"},\"image\":{\"@id\":\"https:\/\/hoyre.no\/rogaland\/story\/rogaland-hoyres-fylkestingsliste-topp-20\/#primaryimage\"},\"thumbnailUrl\":\"https:\/\/hoyre.no\/content\/uploads\/sites\/11\/2023\/02\/Skjermbilde-2023-02-28-kl.-12.09.25.png\",\"datePublished\":\"2023-03-15T09:16:25+00:00\",\"dateModified\":\"2025-01-27T12:34:13+00:00\",\"breadcrumb\":{\"@id\":\"https:\/\/hoyre.no\/rogaland\/story\/rogaland-hoyres-fylkestingsliste-topp-20\/#breadcrumb\"},\"inLanguage\":\"nb-NO\",\"potentialAction\":[{\"@type\":\"ReadAction\",\"target\":[\"https:\/\/hoyre.no\/rogaland\/story\/rogaland-hoyres-fylkestingsliste-topp-20\/\"]}]},{\"@type\":\"ImageObject\",\"inLanguage\":\"nb-NO\",\"@id\":\"https:\/\/hoyre.no\/rogaland\/story\/rogaland-hoyres-fylkestingsliste-topp-20\/#primaryimage\",\"url\":\"https:\/\/hoyre.no\/content\/uploads\/sites\/11\/2023\/02\/Skjermbilde-2023-02-28-kl.-12.09.25.png\",\"contentUrl\":\"https:\/\/hoyre.no\/content\/uploads\/sites\/11\/2023\/02\/Skjermbilde-2023-02-28-kl.-12.09.25.png\"},{\"@type\":\"BreadcrumbList\",\"@id\":\"https:\/\/hoyre.no\/rogaland\/story\/rogaland-hoyres-fylkestingsliste-topp-20\/#breadcrumb\",\"itemListElement\":[{\"@type\":\"ListItem\",\"position\":1,\"name\":\"Til hoyre.no\",\"item\":\"https:\/\/hoyre.no\"},{\"@type\":\"ListItem\",\"position\":2,\"name\":\"Hjem\",\"item\":\"https:\/\/hoyre.no\/rogaland\/\"},{\"@type\":\"ListItem\",\"position\":3,\"name\":\"Rogaland H\u00f8yres fylkestingsliste topp 20\"}]},{\"@type\":\"WebSite\",\"@id\":\"https:\/\/hoyre.no\/rogaland\/#website\",\"url\":\"https:\/\/hoyre.no\/rogaland\/\",\"name\":\"Rogaland H\u00f8yre\",\"description\":\"Bare enda et H\u00f8yres nettsteder-nettsted\",\"inLanguage\":\"nb-NO\"}]}<\/script>\n<!-- \/ Yoast SEO plugin. -->","yoast_head_json":{"title":"Rogaland H\u00f8yres fylkestingsliste topp 20 - Rogaland H\u00f8yre","robots":{"index":"index","follow":"follow","max-snippet":"max-snippet:-1","max-image-preview":"max-image-preview:large","max-video-preview":"max-video-preview:-1"},"canonical":"https:\/\/hoyre.no\/rogaland\/story\/rogaland-hoyres-fylkestingsliste-topp-20\/","og_locale":"nb_NO","og_type":"article","og_title":"Rogaland H\u00f8yres fylkestingsliste topp 20 - Rogaland H\u00f8yre","og_url":"https:\/\/hoyre.no\/rogaland\/story\/rogaland-hoyres-fylkestingsliste-topp-20\/","og_site_name":"Rogaland H\u00f8yre","article_modified_time":"2025-01-27T12:34:13+00:00","og_image":[{"url":"https:\/\/hoyre.no\/content\/uploads\/sites\/11\/2026\/01\/Dokument-uten-navn-15.01.2026-1024x536.png","width":"","height":"","type":""}],"twitter_card":"summary_large_image","twitter_misc":{"Ansl. lesetid":"13 minutter"},"schema":{"@context":"https:\/\/schema.org","@graph":[{"@type":"NewsArticle","@id":"https:\/\/hoyre.no\/rogaland\/story\/rogaland-hoyres-fylkestingsliste-topp-20\/","url":"https:\/\/hoyre.no\/rogaland\/story\/rogaland-hoyres-fylkestingsliste-topp-20\/","name":"Rogaland H\u00f8yres fylkestingsliste topp 20 - Rogaland H\u00f8yre","isPartOf":{"@id":"https:\/\/hoyre.no\/rogaland\/#website"},"image":{"@id":"https:\/\/hoyre.no\/rogaland\/story\/rogaland-hoyres-fylkestingsliste-topp-20\/#primaryimage"},"thumbnailUrl":"https:\/\/hoyre.no\/content\/uploads\/sites\/11\/2023\/02\/Skjermbilde-2023-02-28-kl.-12.09.25.png","datePublished":"2023-03-15T09:16:25+00:00","dateModified":"2025-01-27T12:34:13+00:00","breadcrumb":{"@id":"https:\/\/hoyre.no\/rogaland\/story\/rogaland-hoyres-fylkestingsliste-topp-20\/#breadcrumb"},"inLanguage":"nb-NO","potentialAction":[{"@type":"ReadAction","target":["https:\/\/hoyre.no\/rogaland\/story\/rogaland-hoyres-fylkestingsliste-topp-20\/"]}]},{"@type":"ImageObject","inLanguage":"nb-NO","@id":"https:\/\/hoyre.no\/rogaland\/story\/rogaland-hoyres-fylkestingsliste-topp-20\/#primaryimage","url":"https:\/\/hoyre.no\/content\/uploads\/sites\/11\/2023\/02\/Skjermbilde-2023-02-28-kl.-12.09.25.png","contentUrl":"https:\/\/hoyre.no\/content\/uploads\/sites\/11\/2023\/02\/Skjermbilde-2023-02-28-kl.-12.09.25.png"},{"@type":"BreadcrumbList","@id":"https:\/\/hoyre.no\/rogaland\/story\/rogaland-hoyres-fylkestingsliste-topp-20\/#breadcrumb","itemListElement":[{"@type":"ListItem","position":1,"name":"Til hoyre.no","item":"https:\/\/hoyre.no"},{"@type":"ListItem","position":2,"name":"Hjem","item":"https:\/\/hoyre.no\/rogaland\/"},{"@type":"ListItem","position":3,"name":"Rogaland H\u00f8yres fylkestingsliste topp 20"}]},{"@type":"WebSite","@id":"https:\/\/hoyre.no\/rogaland\/#website","url":"https:\/\/hoyre.no\/rogaland\/","name":"Rogaland H\u00f8yre","description":"Bare enda et H\u00f8yres nettsteder-nettsted","inLanguage":"nb-NO"}]}},"distributor_meta":false,"distributor_terms":false,"distributor_media":false,"distributor_original_site_name":"Rogaland H\u00f8yre","distributor_original_site_url":"https:\/\/hoyre.no\/rogaland","push-errors":false,"_links":{"self":[{"href":"https:\/\/hoyre.no\/rogaland\/wp-json\/wp\/v2\/teft-story\/670","targetHints":{"allow":["GET"]}}],"collection":[{"href":"https:\/\/hoyre.no\/rogaland\/wp-json\/wp\/v2\/teft-story"}],"about":[{"href":"https:\/\/hoyre.no\/rogaland\/wp-json\/wp\/v2\/types\/teft-story"}],"version-history":[{"count":2,"href":"https:\/\/hoyre.no\/rogaland\/wp-json\/wp\/v2\/teft-story\/670\/revisions"}],"predecessor-version":[{"id":1361,"href":"https:\/\/hoyre.no\/rogaland\/wp-json\/wp\/v2\/teft-story\/670\/revisions\/1361"}],"wp:attachment":[{"href":"https:\/\/hoyre.no\/rogaland\/wp-json\/wp\/v2\/media?parent=670"}],"wp:term":[{"taxonomy":"post_tag","embeddable":true,"href":"https:\/\/hoyre.no\/rogaland\/wp-json\/wp\/v2\/post_tag?post=670"},{"taxonomy":"politician","embeddable":true,"href":"https:\/\/hoyre.no\/rogaland\/wp-json\/wp\/v2\/politician?post=670"}],"curies":[{"name":"wp","href":"https:\/\/api.w.org\/{rel}","templated":true}]}}