{"id":15,"date":"2019-09-04T22:00:00","date_gmt":"2019-09-04T20:00:00","guid":{"rendered":"https:\/\/hoyre.no\/sande\/aktuelt\/positivisme_og_optimisme\/"},"modified":"2019-09-04T22:00:00","modified_gmt":"2019-09-04T20:00:00","slug":"positivisme_og_optimisme","status":"publish","type":"post","link":"https:\/\/hoyre.no\/sande\/aktuelt\/positivisme_og_optimisme\/","title":{"rendered":"Positivisme og optimisme"},"content":{"rendered":"<p class=\"preamble\">Leiar i Sande H\u00f8gre, Inge-Jonny Hide, ser p\u00e5 positivisme, optimisme, og mulegheiter. Det kan ofte vere lett \u00e5 verte offer for negative og destruktive pessimistar, og i samklang gramme seg over det som er gale. Inge-Jonny vil heller sj\u00e5 det positive, og st\u00f8tte alle som vil noko.<\/p>\t\t\t<div class=\"post-meta wp-block teft-byline-wrapper\">\n\t\t\t\t<div class=\"top\">\n\t\t\t\t\t<div class=\"signature\">\n\t\t\t\t\t\t<div class=\"teft-byline\">\n\t\t\t\t\t\t\t\t\t\t\t\t\t\t<div>\n\t\t\t\t\t\t\t\t<h3>H\u00f8yres redaksjon<\/h3>\t\t\t\t\t\t\t\t\n\t\t\t\t\t\t\t\t\t\t\t\t\t\t\t\t\t<span class=\"date\">Sist oppdatert: 4. september 2019<\/span>\n\t\t\t\t\t\t\t\t\t\t\t\t\t\t\t\t\t\t\t\t\t\t\t\t\t<span class=\"reading-time\" itemprop=\"timeRequired\" content=\"PT8M\"><em>Ca. 8 minutter lesetid<\/em><\/span>\n\t\t\t\t\t\t\t\t\t\t\t\t\t\t\t<\/div>\n\t\t\t\t\t\t<\/div>\n\t\t\t\t\t<\/div>\n\t\t\t\t\t\t<div class=\"sharing\">\n\t\t<a class=\"share-button share-link copy-link\" data-copy=\"https:\/\/hoyre.no\/sande\/aktuelt\/positivisme_og_optimisme\/\" target=\"_blank\"><span class=\"screen-reader-text\">Del link<\/span><\/a>\n\t\t<a class=\"share-button share-twitter\" href=\"http:\/\/twitter.com\/share?text=Positivisme og optimisme&#038;url=https:\/\/hoyre.no\/sande\/aktuelt\/positivisme_og_optimisme\/&#038;hashtags=Hoyre\" target=\"_blank\"><span class=\"screen-reader-text\">Del p\u00e5 twitter<\/span><\/a>\n\t\t<a class=\"share-button share-facebook\" href=\"https:\/\/www.facebook.com\/sharer\/sharer.php?u=https:\/\/hoyre.no\/sande\/aktuelt\/positivisme_og_optimisme\/\" target=\"_blank\"><span class=\"screen-reader-text\">Del p\u00e5 facebook<\/span><\/a>\n\t<\/div>\n\t\t\t\t\t<\/div>\n\t\t\t<\/div>\n\n\t\t\t<figure class=\"hoyre-image-wrapper\"><div class=\"hoyre-image\"><img loading=\"lazy\" decoding=\"async\" width=\"2560\" height=\"1440\" src=\"https:\/\/hoyre.no\/content\/uploads\/sites\/100\/2020\/11\/inge_jonny_hide-scaled.jpg\" class=\"attachment-scaled size-scaled\" alt=\"\" style=\"object-position: 50% 50%\" srcset=\"https:\/\/hoyre.no\/content\/uploads\/sites\/100\/2020\/11\/inge_jonny_hide-scaled.jpg 2560w, https:\/\/hoyre.no\/content\/uploads\/sites\/100\/2020\/11\/inge_jonny_hide-300x169.jpg 300w, https:\/\/hoyre.no\/content\/uploads\/sites\/100\/2020\/11\/inge_jonny_hide-1024x576.jpg 1024w, https:\/\/hoyre.no\/content\/uploads\/sites\/100\/2020\/11\/inge_jonny_hide-768x432.jpg 768w, https:\/\/hoyre.no\/content\/uploads\/sites\/100\/2020\/11\/inge_jonny_hide-1536x864.jpg 1536w, https:\/\/hoyre.no\/content\/uploads\/sites\/100\/2020\/11\/inge_jonny_hide-2048x1152.jpg 2048w\" sizes=\"auto, (max-width: 2560px) 100vw, 2560px\" \/><\/div><\/figure><div id=\"hoyre-old-article-content-wrapper\"><p><strong>Positivisme, samarbeid og handling<\/strong><\/p><p>Eg brukar \u00e5 st\u00e5 tidleg opp laurdagsmorgonane slik at eg kan bruke god tid p\u00e5 \u00e5 lese aviser \u2013 b\u00e5de lokale og nasjonale. Eg likar best dei lokale, dei nasjonale finansavisene vert litt fjerne og det er mykje snakk om milliard-formuer og fulle sider med dyre hytter p\u00e5 nokre fjell n\u00e6r dei store byane. Derfor brukar eg etter avisstonda \u00e5 k\u00f8yre ein tur her eg bur \u2013 i Haugsbygda. Gjerne ned om hamna og helse p\u00e5 Geir Fl\u00f8 og Gunnar Skorpen \u2013 dei som driv og bygg hurtigb\u00e5tar. Dei er eit godt d\u00f8me p\u00e5 eigarar og drivarar av slike verksemder som faktisk utgjer st\u00f8rsteparten av n\u00e6ringslivet i dette langstrakte landet. <\/p><p>GS Marine kan vere eit kortreist og godt d\u00f8me p\u00e5 lokal positivisme, samarbeid og handling. Og grunder-\u00e5nd og uredd framtidstru. Nyleg har verksemda levert to katamaranar med nyaste teknologi, ein ny som skal til F\u00e6r\u00f8yane er under st\u00f8yping. Der er lange dagar \u2013 og laurdag ikkje noko unntak. Eigarane satsar det dei eig p\u00e5 \u00e5 utvikle verksemda og nye arbeidsplassar. Like i n\u00e6rleiken ligg Proas \u2013 ein nybygd sjark st\u00e5r p\u00e5 utsida. Inne i verkstaden fleire nye p\u00e5 gang. Fiskeb\u00e5ten Haugstad har bygt seg ny base og det som var ei halv-ferdig Haugsbygda hamn har blitt ei ferdig utbygd hamn med plass til b\u00e5de b\u00e5tplassar, fritidshus og jamvel bunkerstasjon. <\/p><p>Gamle Longva Mek. Har f\u00e5tt nye eigarar og drivarar som skapar nye produkt og er ein stor og viktig arbeidsplass i lokalsamfunnet. Ein lokal grunneigar har brukt pengar p\u00e5 \u00e5 lage klar grunn for nye utviklingsmulegheiter som fort kan dukke opp. Nyleg las vi om Plany som ligg like ovanfor hamna \u2013 same gode d\u00f8met \u2013 lokale eigarar som satsar store midlar p\u00e5 \u00e5 utvikle nye produkt og framtidsretta arbeidsplassar. Vinn eller forsvinn. Ingen dans p\u00e5 roser \u2013 men hardt arbeid, p\u00e5gangsmot og framtidstru i lag med dyktige tilsette. <\/p><p>Den lokale barnehagen m\u00e5tte utvidast etter at folk starta \u00e5 b\u00e5de bygge leiligheiter og nye bustader i bustadfeltet \u2013 og andre stader i bygda. Gamle hus vert v\u00f8lte og oppgraderte til nye moderne bustader. Bygda veks. Eg kan ikkje huske at s\u00e5 mange hus var under oppf\u00f8ring eller oppgradering samstundes i Haugsbygda. Det er ikkje mange \u00e5r sidan det var meir negative stemningar \u00e5 spore. Eit gammalt forsamlingshus, nedlagt butikk og ein gammal skule som stod tom. Ungdomar som flytta \u2013 langt bort. S\u00e5 etter nokre \u00e5r med positivisme, samarbeid og handling fr\u00e5 bygdafolk, lag og organisasjonar, n\u00e6ringsliv og ikkje minst politisk og administrativ velvilje s\u00e5 kan ein i dag sj\u00e5 i bygd som er i sv\u00e6rt positiv utvikling. <\/p><p>Om eg k\u00f8yrer innom Gursken kyrkje, som for\u00f8vig er eit dagsaktuelt d\u00f8me p\u00e5 god dugnads\u00e5nd, p\u00e5gangsmot og samarbeid, s\u00e5 er det enkelt \u00e5 finne mange gode d\u00f8me p\u00e5 positiv utvikling. Siste \u00e5ra med ny gangveg, kunstgrasbane og stadig fleire hus som ungdomar kj\u00f8per og tilpassar for sin framtidige bustad. Nok om det som skjer rett utanfor stoved\u00f8ra.<\/p><p><\/p><p><strong>Sands\u00f8ya<\/strong><\/p><p>Eg er lei meg, ikkje det at det hjelp stort, men lei meg for at \u00f8ya i lag med Kvams\u00f8y har hatt slik nedgang i folketalet. Og p\u00e5 slutten av denne kommunestyreperioden m\u00e5tte vi ogs\u00e5 vurdere framtida til skulane. Eit samla kommunestyre var p\u00e5 god veg til \u00e5 gjere vedtak om \u00e5 sl\u00e5 saman skulekrinsar i kommunen. Sands\u00f8y\/Kvams\u00f8y og Gjerdsvika med Gursken. <\/p><p>S\u00e5 kom der eit kraftig innbyggarinitiativ fr\u00e5 st\u00f8rste arbeidsplassen p\u00e5 Sands\u00f8y. Blei skulen lagt ned s\u00e5 flytta verksemda (Sandefisk) arbeidsplassane bort fr\u00e5 \u00f8ya. Resultatet blei ei utsetjing av endringa av skulestruktur for \u00e5 f\u00e5 meir kj\u00f8t p\u00e5 beinet kva som kunne kome ut av dette initiativet. <\/p><p>Ingen likar \u00e5 f\u00e5 ultimatum \u2013 men, heldigvis evna vi i kommunestyret \u00e5 ta oss tid til \u00e5 ta ein time-out p\u00e5 eit par \u00e5r og i den tida ha dialog med innbyggarane og ikkje minst n\u00e6ringsdrivande kva dei ser for seg av mulegheiter og satsingar. <\/p><p>Eg var heldig som hadde h\u00f8ve til \u00e5 vere p\u00e5 m\u00f8tet p\u00e5 Dollstun f\u00f8r sommarferien der bygdeutvikling og framtidstru stod p\u00e5 dagsorden. Det var ogs\u00e5 p\u00e5 dette m\u00f8tet det blei kunngjort at Roger Halsebakk skulle satse p\u00e5 \u00e5 utvikle Rosenlund. Ei fantastisk nyheit \u2013 og eg kunne kjenne ei stor glede i salen der og d\u00e5. S\u00e5 kan vi lese og h\u00f8yre og sj\u00e5 om andre gode nyhende p\u00e5 \u00f8ya. Der er planar om \u00e5 bygge ein firemanns-bustad. Dette er \u2013 trur eg \u2013 ein heilt vesentleg del av det \u00e5 snu ei negativ utvikling. Og, for \u00e5 f\u00e5 det til treng ein (dessverre) patriotkapital. Ein kan ikkje forvente at ein ungdom byggjer fire leiligheiter p\u00e5 spekulasjon. Men eg tenkjer det er fantastisk godt nytt om og n\u00e5r dette vert sett i gang. Det har ogs\u00e5 blitt bygt slike bustader p\u00e5 Voksa. St\u00e5 p\u00e5. <\/p><p>S\u00e5 les vi om samvirkelaget (Coop eller \u00abkopen\u00bb) som satsar for framtida. Mange arbeidsplassar men ikkje minst ogs\u00e5 eit bevis p\u00e5 eigarar som \u00f8nskjer \u00e5 satse. Sands\u00f8y Serviceb\u00e5t er ei anna verksemd som satsar \u2013 tenk p\u00e5 alle dei nye arbeidsplassane som har kome til gjennom dette selskapet siste \u00e5ra? Sandefisk driv meir heil\u00e5rsverksemd og med snart to lineb\u00e5tar i fiskeri s\u00e5 er det ogs\u00e5 ei sv\u00e6rt stor satsing for framtida. Spleiselaget med ny fiskerikai var viktig \u2013 og rett. Eg er trygg p\u00e5 at der kjem ein ny laksekonsesjon i operasjon om ei \u00e5r eller to. Ogs\u00e5 her er det snakk om mange nye arbeidsplassar. Rosenlund har eg allereie nemnt. Fiberen er p\u00e5 plass \u2013 den spleisa folk, n\u00e6ringsliv og kommune p\u00e5. Eg er trygg p\u00e5 at turisme ogs\u00e5 kjeme til \u00e5 tilf\u00f8re Sands\u00f8ya mange spennande arbeidsplassar i tida som kjem. Og, ikkje minst ei fantastisk marknadsf\u00f8ring av b\u00e5de \u00f8ya, kommunen og distriktet. <\/p><p>Elles er vi heldige alle vi som kan reise p\u00e5 \u00f8ya \u00e5 delta p\u00e5 Sjutoppsturen som Eirik Voks\u00f8y, Sands\u00f8y idrettslag og mange frivillege st\u00e5r bak. Det same gjeld Arthurspelet. Sands\u00f8ya har ogs\u00e5 eit landbruk som er i sving. Dette er sj\u00f8lvsagt viktige arbeidsplassar, men ogs\u00e5 ei n\u00e6ring som ogs\u00e5 dokumenterer sin verdi gjennom ny-slegne markar og beita kulturlandskap. Og s\u00e5 er det faktisk kjekkt \u00e5 kunne m\u00f8te b\u00e5de saude og kyr \u2013 det blir stadig f\u00e6rre stadar som kan vise fram eit autentisk kystlandskap.<\/p><p><\/p><p><strong>Politisk<\/strong><\/p><p>Eg har stor tru p\u00e5 at Sands\u00f8y-folket i lag med patriotkapital, framtidstru og positivisme klarar \u00e5 snu den negative trenden som har vore. Ikkje minst med dei teikna som eg meiner \u00e5 observere. Og s\u00e5 er der mange som har heldt samfunnet i sving \u2013 ogs\u00e5 desse \u00e5ra med fr\u00e5flytting og fallande folketal. Alle desse i lag med dei nye positive kreftene som no er i sving. Det vil bli ein beinhard kamp. Mange motbakkar. Men eg er trygg p\u00e5 at det vil g\u00e5 bra. <\/p><p>Eg har opplevd og sett det same i Haugsbygda. Fleire ungdomar som b\u00e5de vil og kan og fleire med kapital som satsar. Vi som politikarar har ei viktig rolle. Ja, vi m\u00e5 styre etter budsjett og vi m\u00e5 tilpasse drifta etter behovet. Er der null elevar p\u00e5 ein skule s\u00e5 kan ein over tid ikkje drive skule. Dette skj\u00f8nar alle. Men vi har ogs\u00e5 ei viktig rolle som politikarar. Og det er \u00e5 legge til rette og ha framtidstru. Ikkje ta h\u00e5pet fr\u00e5 folk som b\u00e5de vil og kan. Og s\u00e6rskilt n\u00e5r der er positive krefter \u00e5 spele p\u00e5 lag med. Og n\u00e5r statestikkar p\u00e5 folketal g\u00e5r nedover s\u00e5 er det ogs\u00e5 v\u00e5r oppg\u00e5ve \u00e5 pr\u00f8ve \u00e5 snu slike trendar. <\/p><p>Det betyr at vi no m\u00e5 v\u00e6re ekstra lyttande til det som no skjer p\u00e5 Sands\u00f8ya. Og s\u00e5 m\u00e5 vi gjere det vi kan for \u00e5 legge til rette p\u00e5 alle mulege niv\u00e5 av tenester som trengs. I det korte biletet gjeld det til d\u00f8mes pendlarb\u00e5ten og ferjetilbodet. Og vi m\u00e5 ha is i magen til \u00e5 sj\u00e5 kva dei nye n\u00e6ringsdrivande treng av kommunale tenester for \u00e5 kunne satse. P\u00e5 alle niv\u00e5, inkl. barnehage og skule. Tomter, vegar og annan infrastruktur. Og kommunen m\u00e5 syte for \u00e5 sl\u00e5 kantane slik at det ser ut som om at ein trur p\u00e5 at her skal bu folk neste \u00e5r ogs\u00e5. <\/p><p>N\u00e5r det no er valkamp og eg heiar og h\u00e5par p\u00e5 at Dag skal halde fram som ordf\u00f8rar s\u00e5 er det for at eg er trygg p\u00e5 at han vil jobbe p\u00e5 lag med desse kreftene. Slik vi har sett med hamneprosjektet i Gjerdsvika, nye prosjekt p\u00e5 Kvams\u00f8ya. Og Larsnes \u2013 sj\u00f8lvsagt. Sj\u00f8kanten og nye bustader. Sandetun-utbyggingar. Idrettshallen som aldri hadde komt utan stor frivilleg innsats og kommunal velvilje og prioritering. Hard jobbing for \u00e5 f\u00e5 Storehaugen p\u00e5 plass. Eg heiar p\u00e5 Dag, p\u00e5 alle positive krefter som trur p\u00e5 bygda si, p\u00e5 Sande kommune og framtida. <\/p><p>Eg vil vere den siste optimisten som gjev opp. Og eg h\u00e5par p\u00e5 fire nye \u00e5r for Dag.<\/p><p>Inge-Jonny Hide, leiar Sande H\u00f8gre<\/p><p><br \/><\/p><\/div>\n<div class=\"tags\">\n\t<\/div>\n<div class=\"post-footer alignfull has-background block-editor-block-list__block\" data-align=full>\n\t<div class=\"post-footer-inner\">\n\t\t<h3>Relaterte artikler<\/h3>\n\t\t<div class=\"related-content\"><div class=\"is-card-hoyre\">\n\t<div class=\"teft-card hoyre-teft-card post-teft-card\">\n\t\t<a href=\"https:\/\/hoyre.no\/sande\/aktuelt\/svart_bra_valresultat_for_sande_hogre\/\" class=\"teft-card__primary-action\">\n\n\t\t\t\t\t<div class=\"teft-card__media teft-card__media--16-9\">\n\t\t\t\t\t\t<img loading=\"lazy\" decoding=\"async\" width=\"768\" height=\"363\" src=\"https:\/\/hoyre.no\/content\/uploads\/sites\/100\/2020\/11\/valresultat-768x363.png\" class=\"attachment-medium_large size-medium_large\" alt=\"\" srcset=\"https:\/\/hoyre.no\/content\/uploads\/sites\/100\/2020\/11\/valresultat-768x363.png 768w, https:\/\/hoyre.no\/content\/uploads\/sites\/100\/2020\/11\/valresultat-300x142.png 300w, https:\/\/hoyre.no\/content\/uploads\/sites\/100\/2020\/11\/valresultat-1024x484.png 1024w, https:\/\/hoyre.no\/content\/uploads\/sites\/100\/2020\/11\/valresultat.png 1113w\" sizes=\"auto, (max-width: 768px) 100vw, 768px\" \/>\t\t<\/div>\n\t\t\n\t\t\t<div class=\"teft-card__content-wrapper\">\n\t\t\t\t<div class=\"teft-card__secondary\">\n\t\t\t\t\t\n\t\t\t\t\t\t\t\t<div class=\"teft-card__meta\">\n\t\t\t\t\t\t\t\t\t<span class=\"post-date\">9. sep 2019<\/span>\n\n\t\t\t\t\t\t\t\t\t\t\t\t\t\t\t\t\t<\/div>\n\t\t\t\t\t\t\t\t\t\t\t<\/div>\n\n\t\t\t\t<div class=\"teft-card__primary\">\n\t\t\t\t\t<h2 class=\"teft-card__title\">Sv\u00e6rt bra valresultat for Sande H\u00f8gre&nbsp;<span class=\"teft-card__primary-title-append\"><\/span><\/h2>\t\t\t\t<\/div>\n\t\t\t<\/div>\n\t\t<\/a>\n\t<\/div>\n\n\t<\/div><div class=\"is-card-hoyre\">\n\t<div class=\"teft-card hoyre-teft-card post-teft-card\">\n\t\t<a href=\"https:\/\/hoyre.no\/sande\/aktuelt\/sande_hogre_sitt_program\/\" class=\"teft-card__primary-action\">\n\n\t\t\t\t\t<div class=\"teft-card__media teft-card__media--16-9\">\n\t\t\t\t\t\t<img loading=\"lazy\" decoding=\"async\" width=\"768\" height=\"513\" src=\"https:\/\/hoyre.no\/content\/uploads\/sites\/100\/2020\/11\/program_poster-768x513.jpg\" class=\"attachment-medium_large size-medium_large\" alt=\"\" srcset=\"https:\/\/hoyre.no\/content\/uploads\/sites\/100\/2020\/11\/program_poster-768x513.jpg 768w, https:\/\/hoyre.no\/content\/uploads\/sites\/100\/2020\/11\/program_poster-300x200.jpg 300w, https:\/\/hoyre.no\/content\/uploads\/sites\/100\/2020\/11\/program_poster-1024x684.jpg 1024w, https:\/\/hoyre.no\/content\/uploads\/sites\/100\/2020\/11\/program_poster.jpg 1342w\" sizes=\"auto, (max-width: 768px) 100vw, 768px\" \/>\t\t<\/div>\n\t\t\n\t\t\t<div class=\"teft-card__content-wrapper\">\n\t\t\t\t<div class=\"teft-card__secondary\">\n\t\t\t\t\t\n\t\t\t\t\t\t\t\t<div class=\"teft-card__meta\">\n\t\t\t\t\t\t\t\t\t<span class=\"post-date\">24. aug 2019<\/span>\n\n\t\t\t\t\t\t\t\t\t\t\t\t\t\t\t\t\t<\/div>\n\t\t\t\t\t\t\t\t\t\t\t<\/div>\n\n\t\t\t\t<div class=\"teft-card__primary\">\n\t\t\t\t\t<h2 class=\"teft-card__title\">Vi trur p\u00e5 Sande&nbsp;<span class=\"teft-card__primary-title-append\"><\/span><\/h2>\t\t\t\t<\/div>\n\t\t\t<\/div>\n\t\t<\/a>\n\t<\/div>\n\n\t<\/div><\/div>\t<\/div>\n<\/div>\n","protected":false},"excerpt":{"rendered":"","protected":false},"author":0,"featured_media":0,"comment_status":"closed","ping_status":"closed","sticky":false,"template":"","format":"standard","meta":{"teft_cards_image_url":"https:\/\/hoyre.no\/content\/uploads\/sites\/100\/2020\/11\/inge_jonny_hide-scaled.jpg","teft_cards_custom_pretitle":"","teft_cards_image_id":14,"teft_cards_image_focal_point_x":0,"teft_cards_image_focal_point_y":0,"teft_cards_title":"","teft_cards_excerpt":"","teft_show_chapters":false,"author_display_name":"","footnotes":""},"category":[1],"post_tag":[],"hoyre-visibility":[],"article-type":[],"politician":[],"class_list":["post-15","post","type-post","status-publish","format-standard","hentry","category-ukategorisert"],"yoast_head":"<!-- This site is optimized with the Yoast SEO plugin v26.6 - https:\/\/yoast.com\/wordpress\/plugins\/seo\/ -->\n<title>Positivisme og optimisme - Sande H\u00f8gre<\/title>\n<meta name=\"robots\" content=\"index, follow, max-snippet:-1, max-image-preview:large, max-video-preview:-1\" \/>\n<link rel=\"canonical\" href=\"https:\/\/hoyre.no\/sande\/aktuelt\/positivisme_og_optimisme\/\" \/>\n<meta property=\"og:locale\" content=\"nn_NO\" \/>\n<meta property=\"og:type\" content=\"article\" \/>\n<meta property=\"og:title\" content=\"Positivisme og optimisme - Sande H\u00f8gre\" \/>\n<meta property=\"og:url\" content=\"https:\/\/hoyre.no\/sande\/aktuelt\/positivisme_og_optimisme\/\" \/>\n<meta property=\"og:site_name\" content=\"Sande H\u00f8gre\" \/>\n<meta property=\"article:published_time\" content=\"2019-09-04T20:00:00+00:00\" \/>\n<meta property=\"og:image\" content=\"https:\/\/hoyre.no\/content\/uploads\/sites\/100\/2020\/11\/program_poster-1024x684.jpg\" \/>\n<meta name=\"twitter:card\" content=\"summary_large_image\" \/>\n<meta name=\"twitter:label1\" content=\"Est. reading time\" \/>\n\t<meta name=\"twitter:data1\" content=\"8 minutt\" \/>\n<script type=\"application\/ld+json\" class=\"yoast-schema-graph\">{\"@context\":\"https:\/\/schema.org\",\"@graph\":[{\"@type\":\"NewsArticle\",\"@id\":\"https:\/\/hoyre.no\/sande\/aktuelt\/positivisme_og_optimisme\/\",\"url\":\"https:\/\/hoyre.no\/sande\/aktuelt\/positivisme_og_optimisme\/\",\"name\":\"Positivisme og optimisme - Sande H\u00f8gre\",\"isPartOf\":{\"@id\":\"https:\/\/hoyre.no\/sande\/#website\"},\"datePublished\":\"2019-09-04T20:00:00+00:00\",\"author\":{\"@id\":\"\"},\"breadcrumb\":{\"@id\":\"https:\/\/hoyre.no\/sande\/aktuelt\/positivisme_og_optimisme\/#breadcrumb\"},\"inLanguage\":\"nn-NO\",\"potentialAction\":[{\"@type\":\"ReadAction\",\"target\":[\"https:\/\/hoyre.no\/sande\/aktuelt\/positivisme_og_optimisme\/\"]}]},{\"@type\":\"BreadcrumbList\",\"@id\":\"https:\/\/hoyre.no\/sande\/aktuelt\/positivisme_og_optimisme\/#breadcrumb\",\"itemListElement\":[{\"@type\":\"ListItem\",\"position\":1,\"name\":\"Til hoyre.no\",\"item\":\"https:\/\/hoyre.no\"},{\"@type\":\"ListItem\",\"position\":2,\"name\":\"Hjem\",\"item\":\"https:\/\/hoyre.no\/sande\/\"},{\"@type\":\"ListItem\",\"position\":3,\"name\":\"Positivisme og optimisme\"}]},{\"@type\":\"WebSite\",\"@id\":\"https:\/\/hoyre.no\/sande\/#website\",\"url\":\"https:\/\/hoyre.no\/sande\/\",\"name\":\"Sande H\u00f8gre\",\"description\":\"Bare enda et H\u00f8yres nettsteder-nettsted\",\"inLanguage\":\"nn-NO\"}]}<\/script>\n<!-- \/ Yoast SEO plugin. -->","yoast_head_json":{"title":"Positivisme og optimisme - Sande H\u00f8gre","robots":{"index":"index","follow":"follow","max-snippet":"max-snippet:-1","max-image-preview":"max-image-preview:large","max-video-preview":"max-video-preview:-1"},"canonical":"https:\/\/hoyre.no\/sande\/aktuelt\/positivisme_og_optimisme\/","og_locale":"nn_NO","og_type":"article","og_title":"Positivisme og optimisme - Sande H\u00f8gre","og_url":"https:\/\/hoyre.no\/sande\/aktuelt\/positivisme_og_optimisme\/","og_site_name":"Sande H\u00f8gre","article_published_time":"2019-09-04T20:00:00+00:00","og_image":[{"url":"https:\/\/hoyre.no\/content\/uploads\/sites\/100\/2020\/11\/program_poster-1024x684.jpg","width":"","height":"","type":""}],"twitter_card":"summary_large_image","twitter_misc":{"Est. reading time":"8 minutt"},"schema":{"@context":"https:\/\/schema.org","@graph":[{"@type":"NewsArticle","@id":"https:\/\/hoyre.no\/sande\/aktuelt\/positivisme_og_optimisme\/","url":"https:\/\/hoyre.no\/sande\/aktuelt\/positivisme_og_optimisme\/","name":"Positivisme og optimisme - Sande H\u00f8gre","isPartOf":{"@id":"https:\/\/hoyre.no\/sande\/#website"},"datePublished":"2019-09-04T20:00:00+00:00","author":{"@id":""},"breadcrumb":{"@id":"https:\/\/hoyre.no\/sande\/aktuelt\/positivisme_og_optimisme\/#breadcrumb"},"inLanguage":"nn-NO","potentialAction":[{"@type":"ReadAction","target":["https:\/\/hoyre.no\/sande\/aktuelt\/positivisme_og_optimisme\/"]}]},{"@type":"BreadcrumbList","@id":"https:\/\/hoyre.no\/sande\/aktuelt\/positivisme_og_optimisme\/#breadcrumb","itemListElement":[{"@type":"ListItem","position":1,"name":"Til hoyre.no","item":"https:\/\/hoyre.no"},{"@type":"ListItem","position":2,"name":"Hjem","item":"https:\/\/hoyre.no\/sande\/"},{"@type":"ListItem","position":3,"name":"Positivisme og optimisme"}]},{"@type":"WebSite","@id":"https:\/\/hoyre.no\/sande\/#website","url":"https:\/\/hoyre.no\/sande\/","name":"Sande H\u00f8gre","description":"Bare enda et H\u00f8yres nettsteder-nettsted","inLanguage":"nn-NO"}]}},"distributor_meta":false,"distributor_terms":false,"distributor_media":false,"distributor_original_site_name":"Sande H\u00f8gre","distributor_original_site_url":"https:\/\/hoyre.no\/sande","push-errors":false,"_links":{"self":[{"href":"https:\/\/hoyre.no\/sande\/wp-json\/wp\/v2\/posts\/15","targetHints":{"allow":["GET"]}}],"collection":[{"href":"https:\/\/hoyre.no\/sande\/wp-json\/wp\/v2\/posts"}],"about":[{"href":"https:\/\/hoyre.no\/sande\/wp-json\/wp\/v2\/types\/post"}],"replies":[{"embeddable":true,"href":"https:\/\/hoyre.no\/sande\/wp-json\/wp\/v2\/comments?post=15"}],"version-history":[{"count":0,"href":"https:\/\/hoyre.no\/sande\/wp-json\/wp\/v2\/posts\/15\/revisions"}],"wp:attachment":[{"href":"https:\/\/hoyre.no\/sande\/wp-json\/wp\/v2\/media?parent=15"}],"wp:term":[{"taxonomy":"category","embeddable":true,"href":"https:\/\/hoyre.no\/sande\/wp-json\/wp\/v2\/category?post=15"},{"taxonomy":"post_tag","embeddable":true,"href":"https:\/\/hoyre.no\/sande\/wp-json\/wp\/v2\/post_tag?post=15"},{"taxonomy":"hoyre-visibility","embeddable":true,"href":"https:\/\/hoyre.no\/sande\/wp-json\/wp\/v2\/hoyre-visibility?post=15"},{"taxonomy":"article-type","embeddable":true,"href":"https:\/\/hoyre.no\/sande\/wp-json\/wp\/v2\/article-type?post=15"},{"taxonomy":"politician","embeddable":true,"href":"https:\/\/hoyre.no\/sande\/wp-json\/wp\/v2\/politician?post=15"}],"curies":[{"name":"wp","href":"https:\/\/api.w.org\/{rel}","templated":true}]}}