{"id":21,"date":"2019-08-21T06:58:00","date_gmt":"2019-08-21T04:58:00","guid":{"rendered":"https:\/\/hoyre.no\/sandnes\/aktuelt\/vi-tror-pa-sandnes\/"},"modified":"2019-08-21T06:58:00","modified_gmt":"2019-08-21T04:58:00","slug":"vi-tror-pa-sandnes","status":"publish","type":"post","link":"https:\/\/hoyre.no\/sandnes\/aktuelt\/vi-tror-pa-sandnes\/","title":{"rendered":"Vi tror p\u00e5 Sandnes"},"content":{"rendered":"<p class=\"preamble\">Kommune- og fylkestingsvalget n\u00e6rmer seg. Her har du gode grunner til hvorfor du b\u00f8r stemme H\u00f8yre til h\u00f8sten!<\/p>\t\t\t<div class=\"post-meta wp-block teft-byline-wrapper\">\n\t\t\t\t<div class=\"top\">\n\t\t\t\t\t<div class=\"signature\">\n\t\t\t\t\t\t<div class=\"teft-byline\">\n\t\t\t\t\t\t\t\t\t\t\t\t\t\t<div>\n\t\t\t\t\t\t\t\t<h3>H\u00f8yres redaksjon<\/h3>\t\t\t\t\t\t\t\t\n\t\t\t\t\t\t\t\t\t\t\t\t\t\t\t\t\t<span class=\"date\">Sist oppdatert: 21. august 2019<\/span>\n\t\t\t\t\t\t\t\t\t\t\t\t\t\t\t\t\t\t\t\t\t\t\t\t\t<span class=\"reading-time\" itemprop=\"timeRequired\" content=\"PT2M\"><em>Ca. 2 minutter lesetid<\/em><\/span>\n\t\t\t\t\t\t\t\t\t\t\t\t\t\t\t<\/div>\n\t\t\t\t\t\t<\/div>\n\t\t\t\t\t<\/div>\n\t\t\t\t\t\t<div class=\"sharing\">\n\t\t<a class=\"share-button share-link copy-link\" data-copy=\"https:\/\/hoyre.no\/sandnes\/aktuelt\/vi-tror-pa-sandnes\/\" target=\"_blank\"><span class=\"screen-reader-text\">Del link<\/span><\/a>\n\t\t<a class=\"share-button share-twitter\" href=\"http:\/\/twitter.com\/share?text=Vi tror p\u00e5 Sandnes&#038;url=https:\/\/hoyre.no\/sandnes\/aktuelt\/vi-tror-pa-sandnes\/&#038;hashtags=Hoyre\" target=\"_blank\"><span class=\"screen-reader-text\">Del p\u00e5 twitter<\/span><\/a>\n\t\t<a class=\"share-button share-facebook\" href=\"https:\/\/www.facebook.com\/sharer\/sharer.php?u=https:\/\/hoyre.no\/sandnes\/aktuelt\/vi-tror-pa-sandnes\/\" target=\"_blank\"><span class=\"screen-reader-text\">Del p\u00e5 facebook<\/span><\/a>\n\t<\/div>\n\t\t\t\t\t<\/div>\n\t\t\t<\/div>\n\n\t\t\t<figure class=\"hoyre-image-wrapper\"><div class=\"hoyre-image\"><img loading=\"lazy\" decoding=\"async\" width=\"860\" height=\"480\" src=\"https:\/\/hoyre.no\/content\/uploads\/sites\/214\/2020\/11\/sandnes_ingerklippen_860x480.jpg\" class=\"attachment-scaled size-scaled\" alt=\"\" style=\"object-position: 50% 50%\" srcset=\"https:\/\/hoyre.no\/content\/uploads\/sites\/214\/2020\/11\/sandnes_ingerklippen_860x480.jpg 860w, https:\/\/hoyre.no\/content\/uploads\/sites\/214\/2020\/11\/sandnes_ingerklippen_860x480-300x167.jpg 300w, https:\/\/hoyre.no\/content\/uploads\/sites\/214\/2020\/11\/sandnes_ingerklippen_860x480-768x429.jpg 768w\" sizes=\"auto, (max-width: 860px) 100vw, 860px\" \/><\/div><\/figure><div id=\"hoyre-old-article-content-wrapper\"><h3>Dette skal Sandnes H\u00f8yre jobbe for de neste \u00e5rene:<\/h3><h4>Kunnskap og mestring i skolen<\/h4><ul><li>Sikre tilpasset undervisning for hver enkelt elev.<\/li><li>Sikre spesialundervisning og relevant kompetanse.<\/li><li>Bedre milj\u00f8 og trivsel ved \u00e5 forbedre skolens uteomr\u00e5der.<\/li><\/ul><h4>Kvalitet og valgfrihet i omsorgen<\/h4><ul><li>&ldquo;En d\u00f8r inn&rdquo; for \u00e5 sikre helhetlige helsetjenester som gir riktig hjelp til riktig tid<\/li><li>Helsesenter i alle bydelene med n\u00e6rhet til et godt tjenestetilbud<\/li><li>Forebygge ensomhet og fremme fysisk og psykisk helse<\/li><\/ul><h4>Attraktive og inkluderende lokalsamfunn<\/h4><ul><li>Sikre at kommunens fri- og gr\u00f8ntomr\u00e5der ikke bygges ned<\/li><li>Flere sv\u00f8mmehaller<\/li><li>Legge om gamle grusbaner til kunstgress i alle bydeler<\/li><\/ul><h4>Gr\u00f8nn transport og bedre veier<\/h4><ul><li>Bedre kollektivtilbud i bydelene<\/li><li>Bygge hel\u00e5rs sykkelveier og gjenreise Sandnes som &ldquo;sykkelbyen&rdquo;<\/li><li>P-plasser i sentrum plassert under bakken<\/li><\/ul><h4>Psykisk helse<\/h4><ul><li>Forebygge psykiske problemer blant barn og unge<\/li><li>Flere psykologer<\/li><li>Sikre lavterskeltilbud<\/li><\/ul><h4>Barnehage<\/h4><ul><li>Plass i eget n\u00e6rmilj\u00f8<\/li><li>Fleksibel \u00e5pningstid<\/li><li>Sikre gode overganger mellom barnehage, SFO og skole<\/li><\/ul><h4>Et levende kulturliv<\/h4><ul><li>Styrke byens kunstmilj\u00f8 og Sandnes Kunst- og Kulturhus<\/li><li>Jobbe for at flere barn f\u00e5r plass i kulturskolen<\/li><li>Legge til rette for flere scener og arenaer til musikk- og kultur<\/li><\/ul><h4>En attraktiv by for n\u00e6ringslivet<\/h4><ul><li>Nei til innf\u00f8ring av eiendomsskatt b\u00e5de p\u00e5 n\u00e6ring og bolig<\/li><li>Arbeide for at st\u00f8rre virksomheter \u00f8nsker \u00e5 etablerer seg i sentrum<\/li><li>Utrede en &laquo;Fast Track&raquo;-l\u00f8sning for regulerings- og byggesaker<\/li><\/ul><h3>Vi tror p\u00e5 Norge<\/h3><p>H\u00f8yre vil ha ja-kommuner som bidrar til gr\u00f8nn utvikling, optimisme og lokale arbeidsplasser. Vi vil ha en skole med kunnskap, der elevene mestrer hverdagen. Vi m\u00e5 hjelpe de elevene som blir hengende etter, satse p\u00e5 l\u00e6rerne og s\u00f8rge for at barna trives. Alle barn skal ha like muligheter, uansett bakgrunn. <\/p><p>Vi vil ha en eldreomsorg med mer aktivitet, der f\u00e6rre er ensomme og flere kan bo hjemme s\u00e5 lenge de \u00f8nsker. Vi er mest opptatt av god kvalitet og at du f\u00e5r velge selv. Andre er mest opptatt av hvem som skal gj\u00f8re jobben. <\/p><p>H\u00f8yre ser etter l\u00f8sninger, der andre ser problemer. Vi tror p\u00e5 Norge. Stem H\u00f8yre.<\/p><p>Vi h\u00e5per du vil stemme H\u00f8yre n\u00e5r valgdagen kommer, 9. september! Har du sp\u00f8rsm\u00e5l om H\u00f8yre og v\u00e5r politikk? Da er du hjertelig velkommen til \u00e5 ta kontakt med oss, <a href=\"https:\/\/www.facebook.com\/sandnes.hoyre\/\">for eksempel via Facebook<\/a>. <\/p><p><strong>Godt valg!<\/strong><\/p><h3>Les ogs\u00e5:<\/h3><ul><li><a href=\"https:\/\/hoyre.no\/rogaland\/sandnes\/politikk\/\">Les mer om Sandnes H\u00f8yre sin politikk<\/a><\/li><li><a href=\"https:\/\/hoyre.no\/kp\/regjeringen\/rogaland\/\">Hva har H\u00f8yre gjort i Rogaland?<\/a><\/li><li><a href=\"https:\/\/hoyre.no\/8-lofter-fra-hoyre-til-deg\/\">H\u00f8yres valgl\u00f8fter<\/a><\/li><li><a href=\"https:\/\/hoyre.no\/kp\/10-grunner-til-a-stemme-hoyre\/\">Ti grunner til \u00e5 stemme p\u00e5 H\u00f8yre<\/a><\/li><li><a href=\"https:\/\/hoyre.no\/aktuelt\/nyheter\/2019\/hoyre-kommuner-skal-vaere-ja-kommuner\/\">H\u00f8yre-kommuner skal v\u00e6re ja-kommuner<\/a><\/li><\/ul><\/div>\n<div class=\"tags\">\n\t<\/div>\n<div class=\"post-footer alignfull has-background block-editor-block-list__block\" data-align=full>\n\t<div class=\"post-footer-inner\">\n\t\t<h3>Relaterte artikler<\/h3>\n\t\t<div class=\"related-content\"><div class=\"is-card-hoyre\">\n\t<div class=\"teft-card hoyre-teft-card post-teft-card\">\n\t\t<a href=\"https:\/\/hoyre.no\/sandnes\/aktuelt\/kommunevalget-2027\/\" class=\"teft-card__primary-action\">\n\n\t\t\t<div class=\"teft-card__media teft-card__media--16-9 no-image\"><\/div>\n\t\t\t<div class=\"teft-card__content-wrapper\">\n\t\t\t\t<div class=\"teft-card__secondary\">\n\t\t\t\t\t\n\t\t\t\t\t\t\t\t<div class=\"teft-card__meta\">\n\t\t\t\t\t\t\t\t\t<span class=\"post-date\">27. mar 2026<\/span>\n\n\t\t\t\t\t\t\t\t\t\t\t\t\t\t\t\t\t<\/div>\n\t\t\t\t\t\t\t\t\t\t\t<\/div>\n\n\t\t\t\t<div class=\"teft-card__primary\">\n\t\t\t\t\t<h2 class=\"teft-card__title\">Kommunevalget 2027&nbsp;<span class=\"teft-card__primary-title-append\"><\/span><\/h2>\t\t\t\t<\/div>\n\t\t\t<\/div>\n\t\t<\/a>\n\t<\/div>\n\n\t<\/div><div class=\"is-card-hoyre\">\n\t<div class=\"teft-card hoyre-teft-card post-teft-card\">\n\t\t<a href=\"https:\/\/hoyre.no\/sandnes\/aktuelt\/plattform-hoyre-og-frp-2023-2027-2\/\" class=\"teft-card__primary-action\">\n\n\t\t\t\t\t<div class=\"teft-card__media teft-card__media--16-9\">\n\t\t\t\t\t\t<img loading=\"lazy\" decoding=\"async\" width=\"768\" height=\"456\" src=\"https:\/\/hoyre.no\/content\/uploads\/sites\/214\/2023\/09\/Plattform-768x456.png\" class=\"attachment-medium_large size-medium_large\" alt=\"\" srcset=\"https:\/\/hoyre.no\/content\/uploads\/sites\/214\/2023\/09\/Plattform-768x456.png 768w, https:\/\/hoyre.no\/content\/uploads\/sites\/214\/2023\/09\/Plattform-300x178.png 300w, https:\/\/hoyre.no\/content\/uploads\/sites\/214\/2023\/09\/Plattform.png 885w\" sizes=\"auto, (max-width: 768px) 100vw, 768px\" \/>\t\t<\/div>\n\t\t\n\t\t\t<div class=\"teft-card__content-wrapper\">\n\t\t\t\t<div class=\"teft-card__secondary\">\n\t\t\t\t\t\n\t\t\t\t\t\t\t\t<div class=\"teft-card__meta\">\n\t\t\t\t\t\t\t\t\t<span class=\"post-date\">22. sep 2023<\/span>\n\n\t\t\t\t\t\t\t\t\t<span class=\"post-category\">Nyheter<\/span>\t\t\t\t\t\t\t\t<\/div>\n\t\t\t\t\t\t\t\t\t\t\t<\/div>\n\n\t\t\t\t<div class=\"teft-card__primary\">\n\t\t\t\t\t<h2 class=\"teft-card__title\">Plattform H\u00f8yre og Frp 2023-2027&nbsp;<span class=\"teft-card__primary-title-append\"><\/span><\/h2>\t\t\t\t<\/div>\n\t\t\t<\/div>\n\t\t<\/a>\n\t<\/div>\n\n\t<\/div><div class=\"is-card-hoyre\">\n\t<div class=\"teft-card hoyre-teft-card post-teft-card\">\n\t\t<a href=\"https:\/\/hoyre.no\/sandnes\/aktuelt\/plattform-hoyre-og-frp-2023-2027\/\" class=\"teft-card__primary-action\">\n\n\t\t\t<div class=\"teft-card__media teft-card__media--16-9 no-image\"><\/div>\n\t\t\t<div class=\"teft-card__content-wrapper\">\n\t\t\t\t<div class=\"teft-card__secondary\">\n\t\t\t\t\t\n\t\t\t\t\t\t\t\t<div class=\"teft-card__meta\">\n\t\t\t\t\t\t\t\t\t<span class=\"post-date\">22. sep 2023<\/span>\n\n\t\t\t\t\t\t\t\t\t\t\t\t\t\t\t\t\t<\/div>\n\t\t\t\t\t\t\t\t\t\t\t<\/div>\n\n\t\t\t\t<div class=\"teft-card__primary\">\n\t\t\t\t\t<h2 class=\"teft-card__title\">Plattform H\u00f8yre og Frp 2023-2027&nbsp;<span class=\"teft-card__primary-title-append\"><\/span><\/h2>\t\t\t\t<\/div>\n\t\t\t<\/div>\n\t\t<\/a>\n\t<\/div>\n\n\t<\/div><\/div>\t<\/div>\n<\/div>\n","protected":false},"excerpt":{"rendered":"","protected":false},"author":0,"featured_media":0,"comment_status":"open","ping_status":"open","sticky":false,"template":"","format":"standard","meta":{"teft_cards_image_url":"https:\/\/hoyre.no\/content\/uploads\/sites\/214\/2020\/11\/sandnes_ingerklippen_860x480.jpg","teft_cards_custom_pretitle":"","teft_cards_image_id":20,"teft_cards_image_focal_point_x":0,"teft_cards_image_focal_point_y":0,"teft_cards_title":"","teft_cards_excerpt":"","teft_show_chapters":false,"author_display_name":"","footnotes":""},"category":[1],"post_tag":[],"hoyre-visibility":[],"article-type":[],"politician":[],"class_list":["post-21","post","type-post","status-publish","format-standard","hentry","category-nyheter"],"yoast_head":"<!-- This site is optimized with the Yoast SEO plugin v26.6 - https:\/\/yoast.com\/wordpress\/plugins\/seo\/ -->\n<title>Vi tror p\u00e5 Sandnes - Sandnes H\u00f8yre<\/title>\n<meta name=\"robots\" content=\"index, follow, max-snippet:-1, max-image-preview:large, max-video-preview:-1\" \/>\n<link rel=\"canonical\" href=\"https:\/\/hoyre.no\/sandnes\/aktuelt\/vi-tror-pa-sandnes\/\" \/>\n<meta property=\"og:locale\" content=\"nb_NO\" \/>\n<meta property=\"og:type\" content=\"article\" \/>\n<meta property=\"og:title\" content=\"Vi tror p\u00e5 Sandnes - Sandnes H\u00f8yre\" \/>\n<meta property=\"og:url\" content=\"https:\/\/hoyre.no\/sandnes\/aktuelt\/vi-tror-pa-sandnes\/\" \/>\n<meta property=\"og:site_name\" content=\"Sandnes H\u00f8yre\" \/>\n<meta property=\"article:published_time\" content=\"2019-08-21T04:58:00+00:00\" \/>\n<meta property=\"og:image\" content=\"https:\/\/hoyre.no\/content\/uploads\/sites\/214\/2022\/11\/Hoyres-logo.png\" \/>\n\t<meta property=\"og:image:width\" content=\"1000\" \/>\n\t<meta property=\"og:image:height\" content=\"1000\" \/>\n\t<meta property=\"og:image:type\" content=\"image\/png\" \/>\n<meta name=\"twitter:card\" content=\"summary_large_image\" \/>\n<meta name=\"twitter:label1\" content=\"Ansl. lesetid\" \/>\n\t<meta name=\"twitter:data1\" content=\"2 minutter\" \/>\n<script type=\"application\/ld+json\" class=\"yoast-schema-graph\">{\"@context\":\"https:\/\/schema.org\",\"@graph\":[{\"@type\":\"NewsArticle\",\"@id\":\"https:\/\/hoyre.no\/sandnes\/aktuelt\/vi-tror-pa-sandnes\/\",\"url\":\"https:\/\/hoyre.no\/sandnes\/aktuelt\/vi-tror-pa-sandnes\/\",\"name\":\"Vi tror p\u00e5 Sandnes - Sandnes H\u00f8yre\",\"isPartOf\":{\"@id\":\"https:\/\/hoyre.no\/sandnes\/#website\"},\"datePublished\":\"2019-08-21T04:58:00+00:00\",\"author\":{\"@id\":\"\"},\"breadcrumb\":{\"@id\":\"https:\/\/hoyre.no\/sandnes\/aktuelt\/vi-tror-pa-sandnes\/#breadcrumb\"},\"inLanguage\":\"nb-NO\",\"potentialAction\":[{\"@type\":\"ReadAction\",\"target\":[\"https:\/\/hoyre.no\/sandnes\/aktuelt\/vi-tror-pa-sandnes\/\"]}]},{\"@type\":\"BreadcrumbList\",\"@id\":\"https:\/\/hoyre.no\/sandnes\/aktuelt\/vi-tror-pa-sandnes\/#breadcrumb\",\"itemListElement\":[{\"@type\":\"ListItem\",\"position\":1,\"name\":\"Til hoyre.no\",\"item\":\"https:\/\/hoyre.no\"},{\"@type\":\"ListItem\",\"position\":2,\"name\":\"Hjem\",\"item\":\"https:\/\/hoyre.no\/sandnes\/\"},{\"@type\":\"ListItem\",\"position\":3,\"name\":\"Vi tror p\u00e5 Sandnes\"}]},{\"@type\":\"WebSite\",\"@id\":\"https:\/\/hoyre.no\/sandnes\/#website\",\"url\":\"https:\/\/hoyre.no\/sandnes\/\",\"name\":\"Sandnes H\u00f8yre\",\"description\":\"Bare enda et H\u00f8yres nettsteder-nettsted\",\"inLanguage\":\"nb-NO\"}]}<\/script>\n<!-- \/ Yoast SEO plugin. -->","yoast_head_json":{"title":"Vi tror p\u00e5 Sandnes - Sandnes H\u00f8yre","robots":{"index":"index","follow":"follow","max-snippet":"max-snippet:-1","max-image-preview":"max-image-preview:large","max-video-preview":"max-video-preview:-1"},"canonical":"https:\/\/hoyre.no\/sandnes\/aktuelt\/vi-tror-pa-sandnes\/","og_locale":"nb_NO","og_type":"article","og_title":"Vi tror p\u00e5 Sandnes - Sandnes H\u00f8yre","og_url":"https:\/\/hoyre.no\/sandnes\/aktuelt\/vi-tror-pa-sandnes\/","og_site_name":"Sandnes H\u00f8yre","article_published_time":"2019-08-21T04:58:00+00:00","og_image":[{"width":1000,"height":1000,"url":"https:\/\/hoyre.no\/content\/uploads\/sites\/214\/2022\/11\/Hoyres-logo.png","type":"image\/png"}],"twitter_card":"summary_large_image","twitter_misc":{"Ansl. lesetid":"2 minutter"},"schema":{"@context":"https:\/\/schema.org","@graph":[{"@type":"NewsArticle","@id":"https:\/\/hoyre.no\/sandnes\/aktuelt\/vi-tror-pa-sandnes\/","url":"https:\/\/hoyre.no\/sandnes\/aktuelt\/vi-tror-pa-sandnes\/","name":"Vi tror p\u00e5 Sandnes - Sandnes H\u00f8yre","isPartOf":{"@id":"https:\/\/hoyre.no\/sandnes\/#website"},"datePublished":"2019-08-21T04:58:00+00:00","author":{"@id":""},"breadcrumb":{"@id":"https:\/\/hoyre.no\/sandnes\/aktuelt\/vi-tror-pa-sandnes\/#breadcrumb"},"inLanguage":"nb-NO","potentialAction":[{"@type":"ReadAction","target":["https:\/\/hoyre.no\/sandnes\/aktuelt\/vi-tror-pa-sandnes\/"]}]},{"@type":"BreadcrumbList","@id":"https:\/\/hoyre.no\/sandnes\/aktuelt\/vi-tror-pa-sandnes\/#breadcrumb","itemListElement":[{"@type":"ListItem","position":1,"name":"Til hoyre.no","item":"https:\/\/hoyre.no"},{"@type":"ListItem","position":2,"name":"Hjem","item":"https:\/\/hoyre.no\/sandnes\/"},{"@type":"ListItem","position":3,"name":"Vi tror p\u00e5 Sandnes"}]},{"@type":"WebSite","@id":"https:\/\/hoyre.no\/sandnes\/#website","url":"https:\/\/hoyre.no\/sandnes\/","name":"Sandnes H\u00f8yre","description":"Bare enda et H\u00f8yres nettsteder-nettsted","inLanguage":"nb-NO"}]}},"distributor_meta":false,"distributor_terms":false,"distributor_media":false,"distributor_original_site_name":"Sandnes H\u00f8yre","distributor_original_site_url":"https:\/\/hoyre.no\/sandnes","push-errors":false,"_links":{"self":[{"href":"https:\/\/hoyre.no\/sandnes\/wp-json\/wp\/v2\/posts\/21","targetHints":{"allow":["GET"]}}],"collection":[{"href":"https:\/\/hoyre.no\/sandnes\/wp-json\/wp\/v2\/posts"}],"about":[{"href":"https:\/\/hoyre.no\/sandnes\/wp-json\/wp\/v2\/types\/post"}],"replies":[{"embeddable":true,"href":"https:\/\/hoyre.no\/sandnes\/wp-json\/wp\/v2\/comments?post=21"}],"version-history":[{"count":0,"href":"https:\/\/hoyre.no\/sandnes\/wp-json\/wp\/v2\/posts\/21\/revisions"}],"wp:attachment":[{"href":"https:\/\/hoyre.no\/sandnes\/wp-json\/wp\/v2\/media?parent=21"}],"wp:term":[{"taxonomy":"category","embeddable":true,"href":"https:\/\/hoyre.no\/sandnes\/wp-json\/wp\/v2\/category?post=21"},{"taxonomy":"post_tag","embeddable":true,"href":"https:\/\/hoyre.no\/sandnes\/wp-json\/wp\/v2\/post_tag?post=21"},{"taxonomy":"hoyre-visibility","embeddable":true,"href":"https:\/\/hoyre.no\/sandnes\/wp-json\/wp\/v2\/hoyre-visibility?post=21"},{"taxonomy":"article-type","embeddable":true,"href":"https:\/\/hoyre.no\/sandnes\/wp-json\/wp\/v2\/article-type?post=21"},{"taxonomy":"politician","embeddable":true,"href":"https:\/\/hoyre.no\/sandnes\/wp-json\/wp\/v2\/politician?post=21"}],"curies":[{"name":"wp","href":"https:\/\/api.w.org\/{rel}","templated":true}]}}