{"id":380,"date":"2026-03-27T15:06:00","date_gmt":"2026-03-27T14:06:00","guid":{"rendered":"https:\/\/hoyre.no\/sandnes\/?p=380"},"modified":"2026-03-27T15:06:00","modified_gmt":"2026-03-27T14:06:00","slug":"kommunevalget-2027","status":"publish","type":"post","link":"https:\/\/hoyre.no\/sandnes\/aktuelt\/kommunevalget-2027\/","title":{"rendered":"Kommunevalget 2027"},"content":{"rendered":"\n<p class=\"preamble\">Nominasjonsarbeidet er i gang \u2013 vi \u00f8nsker dine innspill!<\/p>\t\t\t<div class=\"post-meta wp-block teft-byline-wrapper\">\n\t\t\t\t<div class=\"top\">\n\t\t\t\t\t<div class=\"signature\">\n\t\t\t\t\t\t<div class=\"teft-byline\">\n\t\t\t\t\t\t\t\t\t\t\t\t\t\t<div>\n\t\t\t\t\t\t\t\t<h3>H\u00f8yres redaksjon<\/h3>\t\t\t\t\t\t\t\t\n\t\t\t\t\t\t\t\t\t\t\t\t\t\t\t\t\t<span class=\"date\">Sist oppdatert: 27. mars 2026<\/span>\n\t\t\t\t\t\t\t\t\t\t\t\t\t\t\t\t\t\t\t\t\t\t\t\t\t<span class=\"reading-time\" itemprop=\"timeRequired\" content=\"PT3M\"><em>Ca. 3 minutter lesetid<\/em><\/span>\n\t\t\t\t\t\t\t\t\t\t\t\t\t\t\t<\/div>\n\t\t\t\t\t\t<\/div>\n\t\t\t\t\t<\/div>\n\t\t\t\t\t\t<div class=\"sharing\">\n\t\t<a class=\"share-button share-link copy-link\" data-copy=\"https:\/\/hoyre.no\/sandnes\/aktuelt\/kommunevalget-2027\/\" target=\"_blank\"><span class=\"screen-reader-text\">Del link<\/span><\/a>\n\t\t<a class=\"share-button share-twitter\" href=\"http:\/\/twitter.com\/share?text=Kommunevalget 2027&#038;url=https:\/\/hoyre.no\/sandnes\/aktuelt\/kommunevalget-2027\/&#038;hashtags=Hoyre\" target=\"_blank\"><span class=\"screen-reader-text\">Del p\u00e5 twitter<\/span><\/a>\n\t\t<a class=\"share-button share-facebook\" href=\"https:\/\/www.facebook.com\/sharer\/sharer.php?u=https:\/\/hoyre.no\/sandnes\/aktuelt\/kommunevalget-2027\/\" target=\"_blank\"><span class=\"screen-reader-text\">Del p\u00e5 facebook<\/span><\/a>\n\t<\/div>\n\t\t\t\t\t<\/div>\n\t\t\t<\/div>\n\n\t\t\t<figure class=\"hoyre-image-wrapper\"><div class=\"hoyre-image\"><img loading=\"lazy\" decoding=\"async\" width=\"2016\" height=\"1512\" src=\"https:\/\/hoyre.no\/content\/uploads\/sites\/214\/2023\/05\/image1.jpeg\" class=\"attachment-scaled size-scaled\" alt=\"\" style=\"object-position: 50% 50%\" srcset=\"https:\/\/hoyre.no\/content\/uploads\/sites\/214\/2023\/05\/image1.jpeg 2016w, https:\/\/hoyre.no\/content\/uploads\/sites\/214\/2023\/05\/image1-300x225.jpeg 300w, https:\/\/hoyre.no\/content\/uploads\/sites\/214\/2023\/05\/image1-1024x768.jpeg 1024w, https:\/\/hoyre.no\/content\/uploads\/sites\/214\/2023\/05\/image1-768x576.jpeg 768w, https:\/\/hoyre.no\/content\/uploads\/sites\/214\/2023\/05\/image1-1536x1152.jpeg 1536w\" sizes=\"auto, (max-width: 2016px) 100vw, 2016px\" \/><\/div><figcaption class=\"caption\">R\u00e5dhuset i Sandnes<\/figcaption><\/figure>\n\n\n\n\n<p>Kj\u00e6re medlem i Sandnes H\u00f8yre og til deg som \u00f8nsker \u00e5 bli medlem !<\/p>\n\n\n\n<p><br>Nominasjonskomiteen for kommunevalglisten er n\u00e5 godt i gang med arbeidet. Vi har hatt v\u00e5re f\u00f8rste m\u00f8ter og opplever allerede et godt og konstruktivt samarbeid i komiteen.<\/p>\n\n\n\n<p><strong>Nominasjonskomiteen best\u00e5r av:<\/strong><br><strong>Lisbeth von Erpecom Vikse<\/strong> \u2013 medlem<br>E-post: lisbeth.v.e.vikse@lyse.net &#8211; Telefon: 909 11 123<br><strong>Wiggo Gilje <\/strong>\u2013 medlem<br>E-post: wiggogilje@gmail.com \u2013 telefon: 901 65 065<br><strong>Torgeir Kvalberg<\/strong> \u2013 medlem<br>E-post: torgeir.kvalberg@gmail.com \u2013 telefon: 400 63 706<br><strong>Sjur Elling Hana<\/strong> \u2013 leder<br>E-post: sjur.hana@lyse.net &#8211; Telefon: 982 60 045<br>Vi venter ogs\u00e5 p\u00e5 representasjon fra Unge H\u00f8yre, .<\/p>\n\n\n\n<p><strong>Ambisjon<\/strong><br>V\u00e5r ambisjon er \u00e5 foresl\u00e5 en liste med kandidater som b\u00e5de kan vinne valget og samle bred oppslutning i partiet.<br><strong>Veien videre<\/strong><br>Styret har gitt en tydelig marsjordre: Prosessen skal v\u00e6re \u00e5pen, inkluderende og rettferdig. Alle medlemmer skal ha reell mulighet til \u00e5 bli vurdert til de ulike rolleene. Vi skal vise bredden i partiet og sette sammen en liste som gir oss best mulig grunnlag for \u00e5 vinne valget.<\/p>\n\n\n\n<p><strong>Viktige datoer<\/strong><br>\u2022 Nominasjonsm\u00f8te \u2013 valg av ordf\u00f8rerkandidat: 18. juni 2026<br>\u2022 Nominasjonsm\u00f8te \u2013 kommuneliste: 19. november 2026<\/p>\n\n\n\n<p><br><strong>Samtaler med sentrale tillitsvalgte<\/strong><br>Vi starter med samtaler med n\u00e5v\u00e6rende kommunestyrerepresentanter og vararepresentanter, f\u00f8r vi g\u00e5r videre til styret og utvalgsmedlemmer.<br>M\u00e5let er \u00e5 f\u00e5 innsikt i deres tanker om egen rolle fremover, samt gode innspill til v\u00e5rt videre arbeid med listen.<br>Samtalene gjennomf\u00f8res normalt med to representanter fra nominasjonskomiteen. Invitasjoner vil bli sendt ut i n\u00e6r fremtid og vi h\u00e5per alle tar seg tiden til praten med oss.<\/p>\n\n\n\n<p><br><strong>Innspill til kandidater<\/strong><br>\u00d8nsker du selv \u00e5 st\u00e5 p\u00e5 listen \u2013 eller kjenner du noen vi b\u00f8r snakke med? Vi oppfordrer alle til \u00e5 spille inn kandidater. Det er ogs\u00e5 fullt mulig \u00e5 utfordre Kenny som v\u00e5r kandidat om du mener du, eller andre, er bedre egnet.<br>Ta kontakt med en av oss i komiteen \u2013 s\u00e5 s\u00f8rger vi for at du, eller dine forslag til kandidater blir en del av vurderingsgrunnlaget v\u00e5rt.<\/p>\n\n\n\n<p><strong>Ordf\u00f8rerkandidat \u2013 frist for interesse<\/strong><br>Alle som \u00f8nsker \u00e5 bli vurdert som ordf\u00f8rerkandidat for Sandnes H\u00f8yre, bes melde sin interesse <strong>innen 28.mai 2026.<\/strong><br>Nominasjonskomiteen vil da ha tid til \u00e5 gjennomf\u00f8re individuelle samtaler, vurdere helheten i kandidatfeltet og legge frem en anbefaling p\u00e5 nominasjonsm\u00f8tet 18. juni 2026.<br>\u00c5 melde interesse betyr ikke at man automatisk blir valgt, men sikrer at alle kandidater blir vurdert p\u00e5 en \u00e5pen og rettferdig m\u00e5te.<\/p>\n\n\n\n<p><br><strong>Alle i nominasjonskomiteen har signert taushetserkl\u00e6ring. Innspill og samtaler behandles strengt konfidensielt.<\/strong><br>Vi ser frem til \u00e5 jobbe videre med dette viktige arbeidet \u2013 og h\u00e5per du vil bidra til \u00e5 finne de beste kandidatene for partiet.<\/p>\n\n\n\n<p>\u00d8nsker du \u00e5 melde deg inn i Sandnes H\u00f8yre kan du gj\u00f8re det via denne linken:<\/p>\n\n\n\n<p><a href=\"https:\/\/hoyre.no\/bli-med\/bli-medlem\/\">https:\/\/hoyre.no\/bli-med\/bli-medlem\/<\/a><\/p>\n\n\n\n<p>Med vennlig hilsen<br>for Nominasjonskomiteen<br>Sjur Hana<br>Leder<\/p>\n\n\n\n<p><\/p>\n\n\n<div class=\"tags\">\n\t<\/div>\n<div class=\"post-footer alignfull has-background block-editor-block-list__block\" data-align=full>\n\t<div class=\"post-footer-inner\">\n\t\t<h3>Relaterte artikler<\/h3>\n\t\t<div class=\"related-content\"><div class=\"is-card-hoyre\">\n\t<div class=\"teft-card hoyre-teft-card post-teft-card\">\n\t\t<a href=\"https:\/\/hoyre.no\/sandnes\/aktuelt\/plattform-hoyre-og-frp-2023-2027-2\/\" class=\"teft-card__primary-action\">\n\n\t\t\t\t\t<div class=\"teft-card__media teft-card__media--16-9\">\n\t\t\t\t\t\t<img loading=\"lazy\" decoding=\"async\" width=\"768\" height=\"456\" src=\"https:\/\/hoyre.no\/content\/uploads\/sites\/214\/2023\/09\/Plattform-768x456.png\" class=\"attachment-medium_large size-medium_large\" alt=\"\" srcset=\"https:\/\/hoyre.no\/content\/uploads\/sites\/214\/2023\/09\/Plattform-768x456.png 768w, https:\/\/hoyre.no\/content\/uploads\/sites\/214\/2023\/09\/Plattform-300x178.png 300w, https:\/\/hoyre.no\/content\/uploads\/sites\/214\/2023\/09\/Plattform.png 885w\" sizes=\"auto, (max-width: 768px) 100vw, 768px\" \/>\t\t<\/div>\n\t\t\n\t\t\t<div class=\"teft-card__content-wrapper\">\n\t\t\t\t<div class=\"teft-card__secondary\">\n\t\t\t\t\t\n\t\t\t\t\t\t\t\t<div class=\"teft-card__meta\">\n\t\t\t\t\t\t\t\t\t<span class=\"post-date\">22. sep 2023<\/span>\n\n\t\t\t\t\t\t\t\t\t<span class=\"post-category\">Nyheter<\/span>\t\t\t\t\t\t\t\t<\/div>\n\t\t\t\t\t\t\t\t\t\t\t<\/div>\n\n\t\t\t\t<div class=\"teft-card__primary\">\n\t\t\t\t\t<h2 class=\"teft-card__title\">Plattform H\u00f8yre og Frp 2023-2027&nbsp;<span class=\"teft-card__primary-title-append\"><\/span><\/h2>\t\t\t\t<\/div>\n\t\t\t<\/div>\n\t\t<\/a>\n\t<\/div>\n\n\t<\/div><div class=\"is-card-hoyre\">\n\t<div class=\"teft-card hoyre-teft-card post-teft-card\">\n\t\t<a href=\"https:\/\/hoyre.no\/sandnes\/aktuelt\/plattform-hoyre-og-frp-2023-2027\/\" class=\"teft-card__primary-action\">\n\n\t\t\t<div class=\"teft-card__media teft-card__media--16-9 no-image\"><\/div>\n\t\t\t<div class=\"teft-card__content-wrapper\">\n\t\t\t\t<div class=\"teft-card__secondary\">\n\t\t\t\t\t\n\t\t\t\t\t\t\t\t<div class=\"teft-card__meta\">\n\t\t\t\t\t\t\t\t\t<span class=\"post-date\">22. sep 2023<\/span>\n\n\t\t\t\t\t\t\t\t\t\t\t\t\t\t\t\t\t<\/div>\n\t\t\t\t\t\t\t\t\t\t\t<\/div>\n\n\t\t\t\t<div class=\"teft-card__primary\">\n\t\t\t\t\t<h2 class=\"teft-card__title\">Plattform H\u00f8yre og Frp 2023-2027&nbsp;<span class=\"teft-card__primary-title-append\"><\/span><\/h2>\t\t\t\t<\/div>\n\t\t\t<\/div>\n\t\t<\/a>\n\t<\/div>\n\n\t<\/div><div class=\"is-card-hoyre\">\n\t<div class=\"teft-card hoyre-teft-card post-teft-card\">\n\t\t<a href=\"https:\/\/hoyre.no\/sandnes\/aktuelt\/arsmote-2022\/\" class=\"teft-card__primary-action\">\n\n\t\t\t\t\t<div class=\"teft-card__media teft-card__media--16-9\">\n\t\t\t\t\t\t<img loading=\"lazy\" decoding=\"async\" width=\"768\" height=\"1024\" src=\"https:\/\/hoyre.no\/content\/uploads\/sites\/214\/2022\/11\/IMG_0962-768x1024.jpg\" class=\"attachment-medium_large size-medium_large\" alt=\"\" srcset=\"https:\/\/hoyre.no\/content\/uploads\/sites\/214\/2022\/11\/IMG_0962-768x1024.jpg 768w, https:\/\/hoyre.no\/content\/uploads\/sites\/214\/2022\/11\/IMG_0962-225x300.jpg 225w, https:\/\/hoyre.no\/content\/uploads\/sites\/214\/2022\/11\/IMG_0962-1152x1536.jpg 1152w, https:\/\/hoyre.no\/content\/uploads\/sites\/214\/2022\/11\/IMG_0962-1536x2048.jpg 1536w, https:\/\/hoyre.no\/content\/uploads\/sites\/214\/2022\/11\/IMG_0962-scaled.jpg 1875w\" sizes=\"auto, (max-width: 768px) 100vw, 768px\" \/>\t\t<\/div>\n\t\t\n\t\t\t<div class=\"teft-card__content-wrapper\">\n\t\t\t\t<div class=\"teft-card__secondary\">\n\t\t\t\t\t\n\t\t\t\t\t\t\t\t<div class=\"teft-card__meta\">\n\t\t\t\t\t\t\t\t\t<span class=\"post-date\">21. nov 2022<\/span>\n\n\t\t\t\t\t\t\t\t\t<span class=\"post-category\">Nyheter<\/span>\t\t\t\t\t\t\t\t<\/div>\n\t\t\t\t\t\t\t\t\t\t\t<\/div>\n\n\t\t\t\t<div class=\"teft-card__primary\">\n\t\t\t\t\t<h2 class=\"teft-card__title\">\u00c5rsm\u00f8te 2022&nbsp;<span class=\"teft-card__primary-title-append\"><\/span><\/h2>\t\t\t\t<\/div>\n\t\t\t<\/div>\n\t\t<\/a>\n\t<\/div>\n\n\t<\/div><\/div>\t<\/div>\n<\/div>\n","protected":false},"excerpt":{"rendered":"","protected":false},"author":160,"featured_media":0,"comment_status":"closed","ping_status":"closed","sticky":false,"template":"","format":"standard","meta":{"teft_cards_image_url":"","teft_cards_custom_pretitle":"","teft_cards_image_id":0,"teft_cards_image_focal_point_x":0,"teft_cards_image_focal_point_y":0,"teft_cards_title":"","teft_cards_excerpt":"","teft_show_chapters":false,"author_display_name":"","footnotes":""},"category":[1],"post_tag":[],"hoyre-visibility":[],"article-type":[],"politician":[],"class_list":["post-380","post","type-post","status-publish","format-standard","hentry","category-nyheter"],"yoast_head":"<!-- This site is optimized with the Yoast SEO plugin v26.6 - https:\/\/yoast.com\/wordpress\/plugins\/seo\/ -->\n<title>Kommunevalget 2027 - Sandnes H\u00f8yre<\/title>\n<meta name=\"robots\" content=\"index, follow, max-snippet:-1, max-image-preview:large, max-video-preview:-1\" \/>\n<link rel=\"canonical\" href=\"https:\/\/hoyre.no\/sandnes\/aktuelt\/kommunevalget-2027\/\" \/>\n<meta property=\"og:locale\" content=\"nb_NO\" \/>\n<meta property=\"og:type\" content=\"article\" \/>\n<meta property=\"og:title\" content=\"Kommunevalget 2027 - Sandnes H\u00f8yre\" \/>\n<meta property=\"og:url\" content=\"https:\/\/hoyre.no\/sandnes\/aktuelt\/kommunevalget-2027\/\" \/>\n<meta property=\"og:site_name\" content=\"Sandnes H\u00f8yre\" \/>\n<meta property=\"article:published_time\" content=\"2026-03-27T14:06:00+00:00\" \/>\n<meta property=\"og:image\" content=\"https:\/\/hoyre.no\/content\/uploads\/sites\/214\/2022\/11\/IMG_0962-768x1024.jpg\" \/>\n<meta name=\"author\" content=\"Solgull Klette\" \/>\n<meta name=\"twitter:card\" content=\"summary_large_image\" \/>\n<meta name=\"twitter:label1\" content=\"Skrevet av\" \/>\n\t<meta name=\"twitter:data1\" content=\"Solgull Klette\" \/>\n\t<meta name=\"twitter:label2\" content=\"Ansl. lesetid\" \/>\n\t<meta name=\"twitter:data2\" content=\"3 minutter\" \/>\n<script type=\"application\/ld+json\" class=\"yoast-schema-graph\">{\"@context\":\"https:\/\/schema.org\",\"@graph\":[{\"@type\":\"NewsArticle\",\"@id\":\"https:\/\/hoyre.no\/sandnes\/aktuelt\/kommunevalget-2027\/\",\"url\":\"https:\/\/hoyre.no\/sandnes\/aktuelt\/kommunevalget-2027\/\",\"name\":\"Kommunevalget 2027 - Sandnes H\u00f8yre\",\"isPartOf\":{\"@id\":\"https:\/\/hoyre.no\/sandnes\/#website\"},\"datePublished\":\"2026-03-27T14:06:00+00:00\",\"author\":{\"@id\":\"https:\/\/hoyre.no\/sandnes\/#\/schema\/person\/fdb5a41a632d878ec2a0af89a85e4563\"},\"breadcrumb\":{\"@id\":\"https:\/\/hoyre.no\/sandnes\/aktuelt\/kommunevalget-2027\/#breadcrumb\"},\"inLanguage\":\"nb-NO\",\"potentialAction\":[{\"@type\":\"ReadAction\",\"target\":[\"https:\/\/hoyre.no\/sandnes\/aktuelt\/kommunevalget-2027\/\"]}]},{\"@type\":\"BreadcrumbList\",\"@id\":\"https:\/\/hoyre.no\/sandnes\/aktuelt\/kommunevalget-2027\/#breadcrumb\",\"itemListElement\":[{\"@type\":\"ListItem\",\"position\":1,\"name\":\"Til hoyre.no\",\"item\":\"https:\/\/hoyre.no\"},{\"@type\":\"ListItem\",\"position\":2,\"name\":\"Hjem\",\"item\":\"https:\/\/hoyre.no\/sandnes\/\"},{\"@type\":\"ListItem\",\"position\":3,\"name\":\"Kommunevalget 2027\"}]},{\"@type\":\"WebSite\",\"@id\":\"https:\/\/hoyre.no\/sandnes\/#website\",\"url\":\"https:\/\/hoyre.no\/sandnes\/\",\"name\":\"Sandnes H\u00f8yre\",\"description\":\"Bare enda et H\u00f8yres nettsteder-nettsted\",\"inLanguage\":\"nb-NO\"},{\"@type\":\"Person\",\"@id\":\"https:\/\/hoyre.no\/sandnes\/#\/schema\/person\/fdb5a41a632d878ec2a0af89a85e4563\",\"name\":\"Solgull Klette\",\"image\":{\"@type\":\"ImageObject\",\"inLanguage\":\"nb-NO\",\"@id\":\"https:\/\/hoyre.no\/sandnes\/#\/schema\/person\/image\/\",\"url\":\"https:\/\/secure.gravatar.com\/avatar\/1740dfe391acbb6bb9926d1a1e17e4491c924d679337861f7a4431ced867f303?s=96&d=mm&r=g\",\"contentUrl\":\"https:\/\/secure.gravatar.com\/avatar\/1740dfe391acbb6bb9926d1a1e17e4491c924d679337861f7a4431ced867f303?s=96&d=mm&r=g\",\"caption\":\"Solgull Klette\"},\"url\":\"https:\/\/hoyre.no\/sandnes\/aktuelt\/author\/m11167160\/\"}]}<\/script>\n<!-- \/ Yoast SEO plugin. -->","yoast_head_json":{"title":"Kommunevalget 2027 - Sandnes H\u00f8yre","robots":{"index":"index","follow":"follow","max-snippet":"max-snippet:-1","max-image-preview":"max-image-preview:large","max-video-preview":"max-video-preview:-1"},"canonical":"https:\/\/hoyre.no\/sandnes\/aktuelt\/kommunevalget-2027\/","og_locale":"nb_NO","og_type":"article","og_title":"Kommunevalget 2027 - Sandnes H\u00f8yre","og_url":"https:\/\/hoyre.no\/sandnes\/aktuelt\/kommunevalget-2027\/","og_site_name":"Sandnes H\u00f8yre","article_published_time":"2026-03-27T14:06:00+00:00","og_image":[{"url":"https:\/\/hoyre.no\/content\/uploads\/sites\/214\/2022\/11\/IMG_0962-768x1024.jpg","width":"","height":"","type":""}],"author":"Solgull Klette","twitter_card":"summary_large_image","twitter_misc":{"Skrevet av":"Solgull Klette","Ansl. lesetid":"3 minutter"},"schema":{"@context":"https:\/\/schema.org","@graph":[{"@type":"NewsArticle","@id":"https:\/\/hoyre.no\/sandnes\/aktuelt\/kommunevalget-2027\/","url":"https:\/\/hoyre.no\/sandnes\/aktuelt\/kommunevalget-2027\/","name":"Kommunevalget 2027 - Sandnes H\u00f8yre","isPartOf":{"@id":"https:\/\/hoyre.no\/sandnes\/#website"},"datePublished":"2026-03-27T14:06:00+00:00","author":{"@id":"https:\/\/hoyre.no\/sandnes\/#\/schema\/person\/fdb5a41a632d878ec2a0af89a85e4563"},"breadcrumb":{"@id":"https:\/\/hoyre.no\/sandnes\/aktuelt\/kommunevalget-2027\/#breadcrumb"},"inLanguage":"nb-NO","potentialAction":[{"@type":"ReadAction","target":["https:\/\/hoyre.no\/sandnes\/aktuelt\/kommunevalget-2027\/"]}]},{"@type":"BreadcrumbList","@id":"https:\/\/hoyre.no\/sandnes\/aktuelt\/kommunevalget-2027\/#breadcrumb","itemListElement":[{"@type":"ListItem","position":1,"name":"Til hoyre.no","item":"https:\/\/hoyre.no"},{"@type":"ListItem","position":2,"name":"Hjem","item":"https:\/\/hoyre.no\/sandnes\/"},{"@type":"ListItem","position":3,"name":"Kommunevalget 2027"}]},{"@type":"WebSite","@id":"https:\/\/hoyre.no\/sandnes\/#website","url":"https:\/\/hoyre.no\/sandnes\/","name":"Sandnes H\u00f8yre","description":"Bare enda et H\u00f8yres nettsteder-nettsted","inLanguage":"nb-NO"},{"@type":"Person","@id":"https:\/\/hoyre.no\/sandnes\/#\/schema\/person\/fdb5a41a632d878ec2a0af89a85e4563","name":"Solgull Klette","image":{"@type":"ImageObject","inLanguage":"nb-NO","@id":"https:\/\/hoyre.no\/sandnes\/#\/schema\/person\/image\/","url":"https:\/\/secure.gravatar.com\/avatar\/1740dfe391acbb6bb9926d1a1e17e4491c924d679337861f7a4431ced867f303?s=96&d=mm&r=g","contentUrl":"https:\/\/secure.gravatar.com\/avatar\/1740dfe391acbb6bb9926d1a1e17e4491c924d679337861f7a4431ced867f303?s=96&d=mm&r=g","caption":"Solgull Klette"},"url":"https:\/\/hoyre.no\/sandnes\/aktuelt\/author\/m11167160\/"}]}},"distributor_meta":false,"distributor_terms":false,"distributor_media":false,"distributor_original_site_name":"Sandnes H\u00f8yre","distributor_original_site_url":"https:\/\/hoyre.no\/sandnes","push-errors":false,"_links":{"self":[{"href":"https:\/\/hoyre.no\/sandnes\/wp-json\/wp\/v2\/posts\/380","targetHints":{"allow":["GET"]}}],"collection":[{"href":"https:\/\/hoyre.no\/sandnes\/wp-json\/wp\/v2\/posts"}],"about":[{"href":"https:\/\/hoyre.no\/sandnes\/wp-json\/wp\/v2\/types\/post"}],"author":[{"embeddable":true,"href":"https:\/\/hoyre.no\/sandnes\/wp-json\/wp\/v2\/users\/160"}],"replies":[{"embeddable":true,"href":"https:\/\/hoyre.no\/sandnes\/wp-json\/wp\/v2\/comments?post=380"}],"version-history":[{"count":3,"href":"https:\/\/hoyre.no\/sandnes\/wp-json\/wp\/v2\/posts\/380\/revisions"}],"predecessor-version":[{"id":385,"href":"https:\/\/hoyre.no\/sandnes\/wp-json\/wp\/v2\/posts\/380\/revisions\/385"}],"wp:attachment":[{"href":"https:\/\/hoyre.no\/sandnes\/wp-json\/wp\/v2\/media?parent=380"}],"wp:term":[{"taxonomy":"category","embeddable":true,"href":"https:\/\/hoyre.no\/sandnes\/wp-json\/wp\/v2\/category?post=380"},{"taxonomy":"post_tag","embeddable":true,"href":"https:\/\/hoyre.no\/sandnes\/wp-json\/wp\/v2\/post_tag?post=380"},{"taxonomy":"hoyre-visibility","embeddable":true,"href":"https:\/\/hoyre.no\/sandnes\/wp-json\/wp\/v2\/hoyre-visibility?post=380"},{"taxonomy":"article-type","embeddable":true,"href":"https:\/\/hoyre.no\/sandnes\/wp-json\/wp\/v2\/article-type?post=380"},{"taxonomy":"politician","embeddable":true,"href":"https:\/\/hoyre.no\/sandnes\/wp-json\/wp\/v2\/politician?post=380"}],"curies":[{"name":"wp","href":"https:\/\/api.w.org\/{rel}","templated":true}]}}