{"id":1786,"date":"2026-03-20T14:27:32","date_gmt":"2026-03-20T13:27:32","guid":{"rendered":"https:\/\/hoyre.no\/sarpsborg\/?p=1786"},"modified":"2026-03-24T17:54:12","modified_gmt":"2026-03-24T16:54:12","slug":"ett-skritt-naermere-frisklivssentral-i-sarpsborg","status":"publish","type":"post","link":"https:\/\/hoyre.no\/sarpsborg\/aktuelt\/ett-skritt-naermere-frisklivssentral-i-sarpsborg\/","title":{"rendered":"Ett skritt n\u00e6rmere frisklivssentral i Sarpsborg"},"content":{"rendered":"\n<p class=\"preamble\">H\u00f8yre fikk gjennomslag for \u00e5 tydeliggj\u00f8re retningen for etablering av frisklivssentral i Sarpsborg. Dermed er kommunen et steg n\u00e6rmere et mer samlet og m\u00e5lrettet forebyggende helsetilbud.<\/p>\t\t\t<div class=\"post-meta wp-block teft-byline-wrapper\">\n\t\t\t\t<div class=\"top\">\n\t\t\t\t\t<div class=\"signature\">\n\t\t\t\t\t\t<div class=\"teft-byline\">\n\t\t\t\t\t\t\t\t\t\t\t\t\t\t<div>\n\t\t\t\t\t\t\t\t<h3>H\u00f8yres redaksjon<\/h3>\t\t\t\t\t\t\t\t\n\t\t\t\t\t\t\t\t\t\t\t\t\t\t\t\t\t<span class=\"date\">Sist oppdatert: 24. mars 2026<\/span>\n\t\t\t\t\t\t\t\t\t\t\t\t\t\t\t\t\t\t\t\t\t\t\t\t\t<span class=\"reading-time\" itemprop=\"timeRequired\" content=\"PT2M\"><em>Ca. 2 minutter lesetid<\/em><\/span>\n\t\t\t\t\t\t\t\t\t\t\t\t\t\t\t<\/div>\n\t\t\t\t\t\t<\/div>\n\t\t\t\t\t<\/div>\n\t\t\t\t\t\t<div class=\"sharing\">\n\t\t<a class=\"share-button share-link copy-link\" data-copy=\"https:\/\/hoyre.no\/sarpsborg\/aktuelt\/ett-skritt-naermere-frisklivssentral-i-sarpsborg\/\" target=\"_blank\"><span class=\"screen-reader-text\">Del link<\/span><\/a>\n\t\t<a class=\"share-button share-twitter\" href=\"http:\/\/twitter.com\/share?text=Ett skritt n\u00e6rmere frisklivssentral i Sarpsborg&#038;url=https:\/\/hoyre.no\/sarpsborg\/aktuelt\/ett-skritt-naermere-frisklivssentral-i-sarpsborg\/&#038;hashtags=Hoyre\" target=\"_blank\"><span class=\"screen-reader-text\">Del p\u00e5 twitter<\/span><\/a>\n\t\t<a class=\"share-button share-facebook\" href=\"https:\/\/www.facebook.com\/sharer\/sharer.php?u=https:\/\/hoyre.no\/sarpsborg\/aktuelt\/ett-skritt-naermere-frisklivssentral-i-sarpsborg\/\" target=\"_blank\"><span class=\"screen-reader-text\">Del p\u00e5 facebook<\/span><\/a>\n\t<\/div>\n\t\t\t\t\t<\/div>\n\t\t\t<\/div>\n\n\t\t\t<figure class=\"hoyre-image-wrapper\"><div class=\"hoyre-image\"><img loading=\"lazy\" decoding=\"async\" width=\"1882\" height=\"2500\" src=\"https:\/\/hoyre.no\/content\/uploads\/sites\/161\/2026\/03\/Margrethe-prikkete-jakke-scaled.jpg\" class=\"attachment-scaled size-scaled\" alt=\"\" style=\"object-position: 45% 7.000000000000001%\" srcset=\"https:\/\/hoyre.no\/content\/uploads\/sites\/161\/2026\/03\/Margrethe-prikkete-jakke-scaled.jpg 1882w, https:\/\/hoyre.no\/content\/uploads\/sites\/161\/2026\/03\/Margrethe-prikkete-jakke-226x300.jpg 226w, https:\/\/hoyre.no\/content\/uploads\/sites\/161\/2026\/03\/Margrethe-prikkete-jakke-771x1024.jpg 771w, https:\/\/hoyre.no\/content\/uploads\/sites\/161\/2026\/03\/Margrethe-prikkete-jakke-768x1020.jpg 768w, https:\/\/hoyre.no\/content\/uploads\/sites\/161\/2026\/03\/Margrethe-prikkete-jakke-1157x1536.jpg 1157w, https:\/\/hoyre.no\/content\/uploads\/sites\/161\/2026\/03\/Margrethe-prikkete-jakke-1542x2048.jpg 1542w\" sizes=\"auto, (max-width: 1882px) 100vw, 1882px\" \/><\/div><\/figure>\n\n\n\n\n<p>Denne uken tok vi et viktig steg i arbeidet med \u00e5 styrke det forebyggende helsearbeidet i Sarpsborg.<\/p>\n\n\n\n<p>Da saken om etablering av frisklivssentral ble behandlet, fikk H\u00f8yre gjennomslag for \u00e5 tydeliggj\u00f8re retningen videre. Der administrasjonen la opp til \u00e5 utrede og vurdere, har vi n\u00e5 sl\u00e5tt fast at etablering av frisklivssentral skal innarbeides i arbeidet med handlingsplanen for 2027\u20132030. Det betyr ikke at alt er avgjort. Men det betyr at vi har g\u00e5tt fra \u00e5 stille sp\u00f8rsm\u00e5let om vi skal \u2013 til \u00e5 begynne \u00e5 planlegge hvordan vi gj\u00f8r det. <br>Det er en viktig forskjell.<\/p>\n\n\n\n<p>Bakgrunnen for saken var et initiativ fra blant annet H\u00f8yre, fordi vi mener at fremtidens helse- og omsorgstjenester m\u00e5 bygges med et tydeligere fokus p\u00e5 forebygging. Vi vet at mange av helseutfordringene vi st\u00e5r i \u2013 b\u00e5de lokalt og nasjonalt \u2013 henger sammen med levevaner, livsbelastninger og sosiale forhold. Da holder det ikke \u00e5 bare v\u00e6re gode p\u00e5 behandling n\u00e5r sykdom oppst\u00e5r. Vi m\u00e5 ogs\u00e5 v\u00e6re gode p\u00e5 \u00e5 komme tidligere inn.<\/p>\n\n\n\n<p>Saksfremlegget gir en grundig og faglig solid gjennomgang av hva en frisklivssentral kan bidra med. Erfaringene fra andre kommuner viser at slike tilbud kan gi reelle helsegevinster, b\u00e5de fysisk og psykisk, og bidra til bedre livskvalitet for den enkelte. Samtidig er dette tiltak som relativt sett koster lite sammenlignet med mange andre deler av helsetjenesten.<\/p>\n\n\n\n<p>For Sarpsborg er dette s\u00e6rlig relevant. Vi vet at vi har st\u00f8rre levek\u00e5rsutfordringer enn landsgjennomsnittet, med h\u00f8yere forekomst av blant annet overvekt, psykiske plager og livsstilssykdommer. Nettopp derfor m\u00e5 vi ha ambisjoner p\u00e5 vegne av innbyggerne v\u00e5re.<\/p>\n\n\n\n<p>En frisklivssentral kan bli en viktig del av svaret \u2013 ikke som et nytt lag opp\u00e5 alt annet, men som en m\u00e5te \u00e5 samle og styrke det forebyggende arbeidet vi allerede gj\u00f8r. I dag finnes det mange gode tilbud i kommunen, men de er ofte spredt. En tydeligere inngang kan gj\u00f8re det enklere for flere \u00e5 ta i bruk tilbudene, og lettere \u00e5 f\u00e5 til varige endringer.<\/p>\n\n\n\n<p>Det er fortsatt viktige avklaringer som gjenst\u00e5r, men retningen er n\u00e5 tydeligere. For oss handler dette om noe ganske grunnleggende: at flere skal f\u00e5 mulighet til \u00e5 leve gode, aktive liv lengre \u2013 og at kommunen i st\u00f8rre grad skal bidra til nettopp det. <br>Dette er ett skritt n\u00e6rmere.<\/p>\n\n\n<div class=\"tags\">\n\t<\/div>\n<div class=\"post-footer alignfull has-background block-editor-block-list__block\" data-align=full>\n\t<div class=\"post-footer-inner\">\n\t\t<h3>Relaterte artikler<\/h3>\n\t\t<div class=\"related-content\"><div class=\"is-card-hoyre\">\n\t<div class=\"teft-card hoyre-teft-card post-teft-card\">\n\t\t<a href=\"https:\/\/hoyre.no\/sarpsborg\/aktuelt\/nominasjonsmote-for-ordforerkandidat-i-sarpsborg-hoyre\/\" class=\"teft-card__primary-action\">\n\n\t\t\t\t\t<div class=\"teft-card__media teft-card__media--16-9\">\n\t\t\t\t\t\t<img loading=\"lazy\" decoding=\"async\" width=\"768\" height=\"623\" src=\"https:\/\/hoyre.no\/content\/uploads\/sites\/161\/2025\/05\/IMG_0699-768x623.jpg\" class=\"attachment-medium_large size-medium_large\" alt=\"\" srcset=\"https:\/\/hoyre.no\/content\/uploads\/sites\/161\/2025\/05\/IMG_0699-768x623.jpg 768w, https:\/\/hoyre.no\/content\/uploads\/sites\/161\/2025\/05\/IMG_0699-300x243.jpg 300w, https:\/\/hoyre.no\/content\/uploads\/sites\/161\/2025\/05\/IMG_0699-1024x830.jpg 1024w, https:\/\/hoyre.no\/content\/uploads\/sites\/161\/2025\/05\/IMG_0699-1536x1246.jpg 1536w, https:\/\/hoyre.no\/content\/uploads\/sites\/161\/2025\/05\/IMG_0699-2048x1661.jpg 2048w, https:\/\/hoyre.no\/content\/uploads\/sites\/161\/2025\/05\/IMG_0699-scaled-e1747426866603.jpg 1000w\" sizes=\"auto, (max-width: 768px) 100vw, 768px\" \/>\t\t<\/div>\n\t\t\n\t\t\t<div class=\"teft-card__content-wrapper\">\n\t\t\t\t<div class=\"teft-card__secondary\">\n\t\t\t\t\t\n\t\t\t\t\t\t\t\t<div class=\"teft-card__meta\">\n\t\t\t\t\t\t\t\t\t<span class=\"post-date\">30. apr 2026<\/span>\n\n\t\t\t\t\t\t\t\t\t\t\t\t\t\t\t\t\t<\/div>\n\t\t\t\t\t\t\t\t\t\t\t<\/div>\n\n\t\t\t\t<div class=\"teft-card__primary\">\n\t\t\t\t\t<h2 class=\"teft-card__title\">Nominasjonsm\u00f8te for ordf\u00f8rerkandidat i Sarpsborg H\u00f8yre&nbsp;<span class=\"teft-card__primary-title-append\"><\/span><\/h2>\t\t\t\t<\/div>\n\t\t\t<\/div>\n\t\t<\/a>\n\t<\/div>\n\n\t<\/div><div class=\"is-card-hoyre\">\n\t<div class=\"teft-card hoyre-teft-card post-teft-card\">\n\t\t<a href=\"https:\/\/hoyre.no\/sarpsborg\/aktuelt\/nominasjonskomiteen-innstiller-magnus-arnesen-som-sarpsborg-hoyres-ordforerkandidat-i-2027\/\" class=\"teft-card__primary-action\">\n\n\t\t\t\t\t<div class=\"teft-card__media teft-card__media--16-9\">\n\t\t\t\t\t\t<img loading=\"lazy\" decoding=\"async\" width=\"768\" height=\"571\" src=\"https:\/\/hoyre.no\/content\/uploads\/sites\/161\/2025\/03\/IMG_5356-768x571.jpg\" class=\"attachment-medium_large size-medium_large\" alt=\"\" srcset=\"https:\/\/hoyre.no\/content\/uploads\/sites\/161\/2025\/03\/IMG_5356-768x571.jpg 768w, https:\/\/hoyre.no\/content\/uploads\/sites\/161\/2025\/03\/IMG_5356-300x223.jpg 300w, https:\/\/hoyre.no\/content\/uploads\/sites\/161\/2025\/03\/IMG_5356-1024x761.jpg 1024w, https:\/\/hoyre.no\/content\/uploads\/sites\/161\/2025\/03\/IMG_5356-1536x1142.jpg 1536w, https:\/\/hoyre.no\/content\/uploads\/sites\/161\/2025\/03\/IMG_5356-2048x1522.jpg 2048w\" sizes=\"auto, (max-width: 768px) 100vw, 768px\" \/>\t\t<\/div>\n\t\t\n\t\t\t<div class=\"teft-card__content-wrapper\">\n\t\t\t\t<div class=\"teft-card__secondary\">\n\t\t\t\t\t\n\t\t\t\t\t\t\t\t<div class=\"teft-card__meta\">\n\t\t\t\t\t\t\t\t\t<span class=\"post-date\">24. apr 2026<\/span>\n\n\t\t\t\t\t\t\t\t\t\t\t\t\t\t\t\t\t<\/div>\n\t\t\t\t\t\t\t\t\t\t\t<\/div>\n\n\t\t\t\t<div class=\"teft-card__primary\">\n\t\t\t\t\t<h2 class=\"teft-card__title\">Nominasjonskomit\u00e9en innstiller Magnus Arnesen som Sarpsborg H\u00f8yres ordf\u00f8rerkandidat i 2027&nbsp;<span class=\"teft-card__primary-title-append\"><\/span><\/h2>\t\t\t\t<\/div>\n\t\t\t<\/div>\n\t\t<\/a>\n\t<\/div>\n\n\t<\/div><div class=\"is-card-hoyre\">\n\t<div class=\"teft-card hoyre-teft-card post-teft-card\">\n\t\t<a href=\"https:\/\/hoyre.no\/sarpsborg\/aktuelt\/vi-ma-lose-morgendagens-behov-med-nye-losninger\/\" class=\"teft-card__primary-action\">\n\n\t\t\t\t\t<div class=\"teft-card__media teft-card__media--16-9\">\n\t\t\t\t\t\t<img loading=\"lazy\" decoding=\"async\" width=\"768\" height=\"782\" src=\"https:\/\/hoyre.no\/content\/uploads\/sites\/161\/2026\/04\/m-og-e-768x782.jpg\" class=\"attachment-medium_large size-medium_large\" alt=\"\" srcset=\"https:\/\/hoyre.no\/content\/uploads\/sites\/161\/2026\/04\/m-og-e-768x782.jpg 768w, https:\/\/hoyre.no\/content\/uploads\/sites\/161\/2026\/04\/m-og-e-295x300.jpg 295w, https:\/\/hoyre.no\/content\/uploads\/sites\/161\/2026\/04\/m-og-e-1006x1024.jpg 1006w, https:\/\/hoyre.no\/content\/uploads\/sites\/161\/2026\/04\/m-og-e.jpg 1330w\" sizes=\"auto, (max-width: 768px) 100vw, 768px\" \/>\t\t<\/div>\n\t\t\n\t\t\t<div class=\"teft-card__content-wrapper\">\n\t\t\t\t<div class=\"teft-card__secondary\">\n\t\t\t\t\t\n\t\t\t\t\t\t\t\t<div class=\"teft-card__meta\">\n\t\t\t\t\t\t\t\t\t<span class=\"post-date\">22. apr 2026<\/span>\n\n\t\t\t\t\t\t\t\t\t<span class=\"post-category\">Leserinnlegg<\/span>\t\t\t\t\t\t\t\t<\/div>\n\t\t\t\t\t\t\t\t\t\t\t<\/div>\n\n\t\t\t\t<div class=\"teft-card__primary\">\n\t\t\t\t\t<h2 class=\"teft-card__title\">Vi m\u00e5 l\u00f8se morgendagens behov med nye l\u00f8sninger&nbsp;<span class=\"teft-card__primary-title-append\"><\/span><\/h2>\t\t\t\t<\/div>\n\t\t\t<\/div>\n\t\t<\/a>\n\t<\/div>\n\n\t<\/div><\/div>\t<\/div>\n<\/div>\n","protected":false},"excerpt":{"rendered":"","protected":false},"author":15800,"featured_media":0,"comment_status":"closed","ping_status":"closed","sticky":false,"template":"","format":"standard","meta":{"teft_cards_image_url":"","teft_cards_custom_pretitle":"","teft_cards_image_id":1789,"teft_cards_image_focal_point_x":0.52,"teft_cards_image_focal_point_y":0.3,"teft_cards_title":"","teft_cards_excerpt":"","teft_show_chapters":false,"author_display_name":"","footnotes":""},"category":[9,10],"post_tag":[],"hoyre-visibility":[],"article-type":[],"politician":[3],"class_list":["post-1786","post","type-post","status-publish","format-standard","hentry","category-nyheter","category-politikk","politician-margrethe-motzfeldt"],"yoast_head":"<!-- This site is optimized with the Yoast SEO plugin v26.6 - https:\/\/yoast.com\/wordpress\/plugins\/seo\/ -->\n<title>Ett skritt n\u00e6rmere frisklivssentral i Sarpsborg - Sarpsborg H\u00f8yre<\/title>\n<meta name=\"robots\" content=\"index, follow, max-snippet:-1, max-image-preview:large, max-video-preview:-1\" \/>\n<link rel=\"canonical\" href=\"https:\/\/hoyre.no\/sarpsborg\/aktuelt\/ett-skritt-naermere-frisklivssentral-i-sarpsborg\/\" \/>\n<meta property=\"og:locale\" content=\"nb_NO\" \/>\n<meta property=\"og:type\" content=\"article\" \/>\n<meta property=\"og:title\" content=\"Ett skritt n\u00e6rmere frisklivssentral i Sarpsborg - Sarpsborg H\u00f8yre\" \/>\n<meta property=\"og:url\" content=\"https:\/\/hoyre.no\/sarpsborg\/aktuelt\/ett-skritt-naermere-frisklivssentral-i-sarpsborg\/\" \/>\n<meta property=\"og:site_name\" content=\"Sarpsborg H\u00f8yre\" \/>\n<meta property=\"article:published_time\" content=\"2026-03-20T13:27:32+00:00\" \/>\n<meta property=\"article:modified_time\" content=\"2026-03-24T16:54:12+00:00\" \/>\n<meta property=\"og:image\" content=\"https:\/\/hoyre.no\/content\/uploads\/sites\/161\/2026\/04\/m-og-e-1006x1024.jpg\" \/>\n<meta name=\"author\" content=\"Margrethe Motzfeldt\" \/>\n<meta name=\"twitter:card\" content=\"summary_large_image\" \/>\n<meta name=\"twitter:label1\" content=\"Skrevet av\" \/>\n\t<meta name=\"twitter:data1\" content=\"Margrethe Motzfeldt\" \/>\n\t<meta name=\"twitter:label2\" content=\"Ansl. lesetid\" \/>\n\t<meta name=\"twitter:data2\" content=\"3 minutter\" \/>\n<script type=\"application\/ld+json\" class=\"yoast-schema-graph\">{\"@context\":\"https:\/\/schema.org\",\"@graph\":[{\"@type\":\"NewsArticle\",\"@id\":\"https:\/\/hoyre.no\/sarpsborg\/aktuelt\/ett-skritt-naermere-frisklivssentral-i-sarpsborg\/\",\"url\":\"https:\/\/hoyre.no\/sarpsborg\/aktuelt\/ett-skritt-naermere-frisklivssentral-i-sarpsborg\/\",\"name\":\"Ett skritt n\u00e6rmere frisklivssentral i Sarpsborg - Sarpsborg H\u00f8yre\",\"isPartOf\":{\"@id\":\"https:\/\/hoyre.no\/sarpsborg\/#website\"},\"datePublished\":\"2026-03-20T13:27:32+00:00\",\"dateModified\":\"2026-03-24T16:54:12+00:00\",\"author\":{\"@id\":\"https:\/\/hoyre.no\/sarpsborg\/#\/schema\/person\/52380665e234978a179345d95ab60b1b\"},\"breadcrumb\":{\"@id\":\"https:\/\/hoyre.no\/sarpsborg\/aktuelt\/ett-skritt-naermere-frisklivssentral-i-sarpsborg\/#breadcrumb\"},\"inLanguage\":\"nb-NO\",\"potentialAction\":[{\"@type\":\"ReadAction\",\"target\":[\"https:\/\/hoyre.no\/sarpsborg\/aktuelt\/ett-skritt-naermere-frisklivssentral-i-sarpsborg\/\"]}]},{\"@type\":\"BreadcrumbList\",\"@id\":\"https:\/\/hoyre.no\/sarpsborg\/aktuelt\/ett-skritt-naermere-frisklivssentral-i-sarpsborg\/#breadcrumb\",\"itemListElement\":[{\"@type\":\"ListItem\",\"position\":1,\"name\":\"Til hoyre.no\",\"item\":\"https:\/\/hoyre.no\"},{\"@type\":\"ListItem\",\"position\":2,\"name\":\"Hjem\",\"item\":\"https:\/\/hoyre.no\/sarpsborg\/\"},{\"@type\":\"ListItem\",\"position\":3,\"name\":\"Ett skritt n\u00e6rmere frisklivssentral i Sarpsborg\"}]},{\"@type\":\"WebSite\",\"@id\":\"https:\/\/hoyre.no\/sarpsborg\/#website\",\"url\":\"https:\/\/hoyre.no\/sarpsborg\/\",\"name\":\"Sarpsborg H\u00f8yre\",\"description\":\"Bare enda et H\u00f8yres nettsteder-nettsted\",\"inLanguage\":\"nb-NO\"},{\"@type\":\"Person\",\"@id\":\"https:\/\/hoyre.no\/sarpsborg\/#\/schema\/person\/52380665e234978a179345d95ab60b1b\",\"name\":\"Margrethe Motzfeldt\",\"image\":{\"@type\":\"ImageObject\",\"inLanguage\":\"nb-NO\",\"@id\":\"https:\/\/hoyre.no\/sarpsborg\/#\/schema\/person\/image\/\",\"url\":\"https:\/\/secure.gravatar.com\/avatar\/947ea01148caa843ce6374045f82f86a2462c8d68714d0d2f687487443166053?s=96&d=mm&r=g\",\"contentUrl\":\"https:\/\/secure.gravatar.com\/avatar\/947ea01148caa843ce6374045f82f86a2462c8d68714d0d2f687487443166053?s=96&d=mm&r=g\",\"caption\":\"Margrethe Motzfeldt\"},\"url\":\"https:\/\/hoyre.no\/sarpsborg\/aktuelt\/author\/m52062452\/\"}]}<\/script>\n<!-- \/ Yoast SEO plugin. -->","yoast_head_json":{"title":"Ett skritt n\u00e6rmere frisklivssentral i Sarpsborg - Sarpsborg H\u00f8yre","robots":{"index":"index","follow":"follow","max-snippet":"max-snippet:-1","max-image-preview":"max-image-preview:large","max-video-preview":"max-video-preview:-1"},"canonical":"https:\/\/hoyre.no\/sarpsborg\/aktuelt\/ett-skritt-naermere-frisklivssentral-i-sarpsborg\/","og_locale":"nb_NO","og_type":"article","og_title":"Ett skritt n\u00e6rmere frisklivssentral i Sarpsborg - Sarpsborg H\u00f8yre","og_url":"https:\/\/hoyre.no\/sarpsborg\/aktuelt\/ett-skritt-naermere-frisklivssentral-i-sarpsborg\/","og_site_name":"Sarpsborg H\u00f8yre","article_published_time":"2026-03-20T13:27:32+00:00","article_modified_time":"2026-03-24T16:54:12+00:00","og_image":[{"url":"https:\/\/hoyre.no\/content\/uploads\/sites\/161\/2026\/04\/m-og-e-1006x1024.jpg","width":"","height":"","type":""}],"author":"Margrethe Motzfeldt","twitter_card":"summary_large_image","twitter_misc":{"Skrevet av":"Margrethe Motzfeldt","Ansl. lesetid":"3 minutter"},"schema":{"@context":"https:\/\/schema.org","@graph":[{"@type":"NewsArticle","@id":"https:\/\/hoyre.no\/sarpsborg\/aktuelt\/ett-skritt-naermere-frisklivssentral-i-sarpsborg\/","url":"https:\/\/hoyre.no\/sarpsborg\/aktuelt\/ett-skritt-naermere-frisklivssentral-i-sarpsborg\/","name":"Ett skritt n\u00e6rmere frisklivssentral i Sarpsborg - Sarpsborg H\u00f8yre","isPartOf":{"@id":"https:\/\/hoyre.no\/sarpsborg\/#website"},"datePublished":"2026-03-20T13:27:32+00:00","dateModified":"2026-03-24T16:54:12+00:00","author":{"@id":"https:\/\/hoyre.no\/sarpsborg\/#\/schema\/person\/52380665e234978a179345d95ab60b1b"},"breadcrumb":{"@id":"https:\/\/hoyre.no\/sarpsborg\/aktuelt\/ett-skritt-naermere-frisklivssentral-i-sarpsborg\/#breadcrumb"},"inLanguage":"nb-NO","potentialAction":[{"@type":"ReadAction","target":["https:\/\/hoyre.no\/sarpsborg\/aktuelt\/ett-skritt-naermere-frisklivssentral-i-sarpsborg\/"]}]},{"@type":"BreadcrumbList","@id":"https:\/\/hoyre.no\/sarpsborg\/aktuelt\/ett-skritt-naermere-frisklivssentral-i-sarpsborg\/#breadcrumb","itemListElement":[{"@type":"ListItem","position":1,"name":"Til hoyre.no","item":"https:\/\/hoyre.no"},{"@type":"ListItem","position":2,"name":"Hjem","item":"https:\/\/hoyre.no\/sarpsborg\/"},{"@type":"ListItem","position":3,"name":"Ett skritt n\u00e6rmere frisklivssentral i Sarpsborg"}]},{"@type":"WebSite","@id":"https:\/\/hoyre.no\/sarpsborg\/#website","url":"https:\/\/hoyre.no\/sarpsborg\/","name":"Sarpsborg H\u00f8yre","description":"Bare enda et H\u00f8yres nettsteder-nettsted","inLanguage":"nb-NO"},{"@type":"Person","@id":"https:\/\/hoyre.no\/sarpsborg\/#\/schema\/person\/52380665e234978a179345d95ab60b1b","name":"Margrethe Motzfeldt","image":{"@type":"ImageObject","inLanguage":"nb-NO","@id":"https:\/\/hoyre.no\/sarpsborg\/#\/schema\/person\/image\/","url":"https:\/\/secure.gravatar.com\/avatar\/947ea01148caa843ce6374045f82f86a2462c8d68714d0d2f687487443166053?s=96&d=mm&r=g","contentUrl":"https:\/\/secure.gravatar.com\/avatar\/947ea01148caa843ce6374045f82f86a2462c8d68714d0d2f687487443166053?s=96&d=mm&r=g","caption":"Margrethe Motzfeldt"},"url":"https:\/\/hoyre.no\/sarpsborg\/aktuelt\/author\/m52062452\/"}]}},"distributor_meta":false,"distributor_terms":false,"distributor_media":false,"distributor_original_site_name":"Sarpsborg H\u00f8yre","distributor_original_site_url":"https:\/\/hoyre.no\/sarpsborg","push-errors":false,"_links":{"self":[{"href":"https:\/\/hoyre.no\/sarpsborg\/wp-json\/wp\/v2\/posts\/1786","targetHints":{"allow":["GET"]}}],"collection":[{"href":"https:\/\/hoyre.no\/sarpsborg\/wp-json\/wp\/v2\/posts"}],"about":[{"href":"https:\/\/hoyre.no\/sarpsborg\/wp-json\/wp\/v2\/types\/post"}],"author":[{"embeddable":true,"href":"https:\/\/hoyre.no\/sarpsborg\/wp-json\/wp\/v2\/users\/15800"}],"replies":[{"embeddable":true,"href":"https:\/\/hoyre.no\/sarpsborg\/wp-json\/wp\/v2\/comments?post=1786"}],"version-history":[{"count":3,"href":"https:\/\/hoyre.no\/sarpsborg\/wp-json\/wp\/v2\/posts\/1786\/revisions"}],"predecessor-version":[{"id":1791,"href":"https:\/\/hoyre.no\/sarpsborg\/wp-json\/wp\/v2\/posts\/1786\/revisions\/1791"}],"wp:attachment":[{"href":"https:\/\/hoyre.no\/sarpsborg\/wp-json\/wp\/v2\/media?parent=1786"}],"wp:term":[{"taxonomy":"category","embeddable":true,"href":"https:\/\/hoyre.no\/sarpsborg\/wp-json\/wp\/v2\/category?post=1786"},{"taxonomy":"post_tag","embeddable":true,"href":"https:\/\/hoyre.no\/sarpsborg\/wp-json\/wp\/v2\/post_tag?post=1786"},{"taxonomy":"hoyre-visibility","embeddable":true,"href":"https:\/\/hoyre.no\/sarpsborg\/wp-json\/wp\/v2\/hoyre-visibility?post=1786"},{"taxonomy":"article-type","embeddable":true,"href":"https:\/\/hoyre.no\/sarpsborg\/wp-json\/wp\/v2\/article-type?post=1786"},{"taxonomy":"politician","embeddable":true,"href":"https:\/\/hoyre.no\/sarpsborg\/wp-json\/wp\/v2\/politician?post=1786"}],"curies":[{"name":"wp","href":"https:\/\/api.w.org\/{rel}","templated":true}]}}