{"id":1813,"date":"2026-04-22T10:10:32","date_gmt":"2026-04-22T08:10:32","guid":{"rendered":"https:\/\/hoyre.no\/sarpsborg\/?p=1813"},"modified":"2026-04-22T10:15:23","modified_gmt":"2026-04-22T08:15:23","slug":"vi-ma-lose-morgendagens-behov-med-nye-losninger","status":"publish","type":"post","link":"https:\/\/hoyre.no\/sarpsborg\/aktuelt\/vi-ma-lose-morgendagens-behov-med-nye-losninger\/","title":{"rendered":"Vi m\u00e5 l\u00f8se morgendagens behov med nye l\u00f8sninger"},"content":{"rendered":"\n<p class=\"preamble\">Vi st\u00e5r foran en utvikling der behovet for tjenester vil \u00f8ke betydelig, samtidig som tilgangen p\u00e5 arbeidskraft blir strammere. Flere skal f\u00e5 hjelp hjemme, og f\u00e6rre skal utf\u00f8re jobben. Det er en realitet vi ikke kan organisere oss bort fra.<\/p>\t\t\t<div class=\"post-meta wp-block teft-byline-wrapper\">\n\t\t\t\t<div class=\"top\">\n\t\t\t\t\t<div class=\"signature\">\n\t\t\t\t\t\t<div class=\"teft-byline\">\n\t\t\t\t\t\t\t\t\t\t\t\t\t\t<div>\n\t\t\t\t\t\t\t\t<h3>H\u00f8yres redaksjon<\/h3>\t\t\t\t\t\t\t\t\n\t\t\t\t\t\t\t\t\t\t\t\t\t\t\t\t\t<span class=\"date\">Sist oppdatert: 22. april 2026<\/span>\n\t\t\t\t\t\t\t\t\t\t\t\t\t\t\t\t\t\t\t\t\t\t\t\t\t<span class=\"reading-time\" itemprop=\"timeRequired\" content=\"PT4M\"><em>Ca. 4 minutter lesetid<\/em><\/span>\n\t\t\t\t\t\t\t\t\t\t\t\t\t\t\t<\/div>\n\t\t\t\t\t\t<\/div>\n\t\t\t\t\t<\/div>\n\t\t\t\t\t\t<div class=\"sharing\">\n\t\t<a class=\"share-button share-link copy-link\" data-copy=\"https:\/\/hoyre.no\/sarpsborg\/aktuelt\/vi-ma-lose-morgendagens-behov-med-nye-losninger\/\" target=\"_blank\"><span class=\"screen-reader-text\">Del link<\/span><\/a>\n\t\t<a class=\"share-button share-twitter\" href=\"http:\/\/twitter.com\/share?text=Vi m\u00e5 l\u00f8se morgendagens behov med nye l\u00f8sninger&#038;url=https:\/\/hoyre.no\/sarpsborg\/aktuelt\/vi-ma-lose-morgendagens-behov-med-nye-losninger\/&#038;hashtags=Hoyre\" target=\"_blank\"><span class=\"screen-reader-text\">Del p\u00e5 twitter<\/span><\/a>\n\t\t<a class=\"share-button share-facebook\" href=\"https:\/\/www.facebook.com\/sharer\/sharer.php?u=https:\/\/hoyre.no\/sarpsborg\/aktuelt\/vi-ma-lose-morgendagens-behov-med-nye-losninger\/\" target=\"_blank\"><span class=\"screen-reader-text\">Del p\u00e5 facebook<\/span><\/a>\n\t<\/div>\n\t\t\t\t\t<\/div>\n\t\t\t<\/div>\n\n\t\t\t<figure class=\"hoyre-image-wrapper\"><div class=\"hoyre-image\"><img loading=\"lazy\" decoding=\"async\" width=\"1330\" height=\"1354\" src=\"https:\/\/hoyre.no\/content\/uploads\/sites\/161\/2026\/04\/m-og-e.jpg\" class=\"attachment-scaled size-scaled\" alt=\"\" style=\"object-position: 50% 50%\" srcset=\"https:\/\/hoyre.no\/content\/uploads\/sites\/161\/2026\/04\/m-og-e.jpg 1330w, https:\/\/hoyre.no\/content\/uploads\/sites\/161\/2026\/04\/m-og-e-295x300.jpg 295w, https:\/\/hoyre.no\/content\/uploads\/sites\/161\/2026\/04\/m-og-e-1006x1024.jpg 1006w, https:\/\/hoyre.no\/content\/uploads\/sites\/161\/2026\/04\/m-og-e-768x782.jpg 768w\" sizes=\"auto, (max-width: 1330px) 100vw, 1330px\" \/><\/div><figcaption class=\"caption\">Elin Ileby Nakstad og Margrethe Motzfeldt, Sarpsborg H\u00f8yre<\/figcaption><\/figure>\n\n\n\n\n<p><a href=\"https:\/\/www.sa.no\/hvilket-problem-forsoker-dere-i-posisjonen-a-lose\/o\/5-46-1986288\"><em>Innlegget fra Norsk Sykepleierforbund og Fagforbundet reiser viktige sp\u00f8rsm\u00e5l<\/em><\/a>, hvor de beskriver en tjeneste mange er avhengige av, og l\u00f8fter fram forhold som fortjener \u00e5 tas p\u00e5 alvor.<\/p>\n\n\n\n<p>Samtidig stiller de et helt grunnleggende sp\u00f8rsm\u00e5l: Hva er problemet vi fors\u00f8ker \u00e5 l\u00f8se?<\/p>\n\n\n\n<p>Det svaret b\u00f8r v\u00e6re tydelig.<\/p>\n\n\n\n<p>Vi st\u00e5r foran en utvikling der behovet for tjenester vil \u00f8ke betydelig, samtidig som tilgangen p\u00e5 arbeidskraft blir strammere. Flere skal f\u00e5 hjelp hjemme, og f\u00e6rre skal utf\u00f8re jobben. Det er en realitet vi ikke kan organisere oss bort fra.<\/p>\n\n\n\n<p>Da er det heller ikke gitt at kommunen alene skal st\u00e5 for hele leveransen av disse tjenestene. For oss handler dette om \u00e5 bruke hele kapasiteten som finnes, ikke bare den kommunale.<\/p>\n\n\n\n<p>Det handler ogs\u00e5 om den enkelte. Hjemmetjenesten er ikke en hvilken som helst tjeneste. Den foreg\u00e5r i hjemmet ditt, tett p\u00e5 livet ditt, og ofte i s\u00e5rbare situasjoner. Da har det en verdi i seg selv \u00e5 kunne p\u00e5virke hvem som kommer inn d\u00f8ren. Valgfrihet i denne sammenhengen er ikke et systemgrep, men et sp\u00f8rsm\u00e5l om innflytelse over egen hverdag.<\/p>\n\n\n\n<p>Samtidig er det ingen uenighet om at helhet og kontinuitet er avgj\u00f8rende. Det er nettopp derfor dette m\u00e5 gj\u00f8res p\u00e5 en m\u00e5te som sikrer gode samhandlingsl\u00f8sninger, tydelig ansvar og kvalitet i alle ledd. Erfaringene fra andre steder er sammensatte, og det gir oss et ansvar for \u00e5 l\u00e6re &#8211; b\u00e5de av det som fungerer, og det som ikke gj\u00f8r det.<\/p>\n\n\n\n<p>\u00c5 \u00e5pne for flere leverand\u00f8rer er et virkemiddel for \u00e5 utvikle tjenestene videre, styrke kvaliteten og skape rom for nye l\u00f8sninger, samtidig som kommunen fortsatt skal v\u00e6re en sterk og trygg leverand\u00f8r. Erfaringer fra andre kommuner viser at mellom 17 og 30 prosent benytter seg av private leverand\u00f8rer. Kommunen er, og vil v\u00e6re, hovedleverand\u00f8r, og det forplikter oss til \u00e5 holde h\u00f8y kvalitet.<\/p>\n\n\n\n<p>Det er ogs\u00e5 et annet forhold vi er n\u00f8dt til \u00e5 v\u00e6re \u00e6rlige om. Sarpsborg kan ha en av landets h\u00f8yeste kostnader i hjemmetjenesten. Kommunens egne beregninger viser en timekostnad p\u00e5 744 kroner. Til sammenligning ansl\u00e5r NHOs veileder for enhetskostnader i pleie og omsorg en kostnad p\u00e5 om lag 467 kroner per time, inkludert administrasjon.<\/p>\n\n\n\n<p>Sammenligninger er aldri helt like, men forskjellen er s\u00e5 stor at den m\u00e5 tas p\u00e5 alvor. Det betyr at vi m\u00e5 stille sp\u00f8rsm\u00e5l ved hvordan vi organiserer tjenestene. \u00c5 \u00e5pne for flere m\u00e5ter \u00e5 organisere tjenestene p\u00e5, handler ogs\u00e5 om \u00e5 f\u00e5 bedre innsikt i egne kostnader, l\u00e6re av andre og utvikle tjenestene videre.<\/p>\n\n\n\n<p>Det stilles ogs\u00e5 sp\u00f8rsm\u00e5l ved om dette er starten p\u00e5 en utvikling som vil omfatte hjemmesykepleien. Det er det ikke. Forslaget som ligger til behandling gjelder praktisk bistand, og det er et bevisst valg. Praktisk bistand og hjemmesykepleie er to ulike tjenester, med ulik kompleksitet, ulike krav til faglighet og ulike forutsetninger for organisering.<\/p>\n\n\n\n<p>Hjemmesykepleien er en kjerne i helse- og omsorgstjenesten, hvor behovet for tett faglig oppf\u00f8lging, koordinering og kontinuitet er enda mer omfattende. Endringer her vil kreve langt mer omfattende vurderinger enn det som er relevant i denne saken.<\/p>\n\n\n\n<p>Derfor er det ogs\u00e5 viktig \u00e5 v\u00e6re tydelig: Det er ikke grunnlag for \u00e5 bruke denne saken som en inngang til en bredere omlegging av hele tjenesten. Vi behandler \u00e9n konkret del av tjenestene, fordi det er der det n\u00e5 er riktig \u00e5 vurdere nye l\u00f8sninger.<\/p>\n\n\n\n<p>Dette er et veivalg, slik det ogs\u00e5 beskrives. Men det er ikke et valg mellom trygghet og utvikling.<\/p>\n\n\n\n<p>Det er et valg om hvordan vi best kan sikre begge deler, med det ansvaret vi har for \u00e5 gi gode tjenester, ogs\u00e5 i \u00e5rene som kommer. Med andre ord &#8211; vi m\u00e5 l\u00f8se morgendagens behov med nye l\u00f8sninger.<\/p>\n\n\n\n<p>Elin Ileby Nakstad og Margrethe Motzfeldt, Sarpsborg H\u00f8yre<\/p>\n\n\n<div class=\"tags\">\n\t\t<div class=\"wp-block-tag-cloud\">\n\t\t\t\t\t<a href=\"https:\/\/hoyre.no\/sarpsborg\/aktuelt\/tag\/fritt-behandlingsvalg\/\" class=\"tag-cloud-link\">fritt behandlingsvalg<\/a>\n\t\t\t<\/div>\n\t<\/div>\n<div class=\"post-footer alignfull has-background block-editor-block-list__block\" data-align=full>\n\t<div class=\"post-footer-inner\">\n\t\t<h3>Relaterte artikler<\/h3>\n\t\t<div class=\"related-content\"><div class=\"is-card-hoyre\">\n\t<div class=\"teft-card hoyre-teft-card post-teft-card\">\n\t\t<a href=\"https:\/\/hoyre.no\/sarpsborg\/aktuelt\/nominasjonsmote-for-ordforerkandidat-i-sarpsborg-hoyre\/\" class=\"teft-card__primary-action\">\n\n\t\t\t\t\t<div class=\"teft-card__media teft-card__media--16-9\">\n\t\t\t\t\t\t<img loading=\"lazy\" decoding=\"async\" width=\"768\" height=\"623\" src=\"https:\/\/hoyre.no\/content\/uploads\/sites\/161\/2025\/05\/IMG_0699-768x623.jpg\" class=\"attachment-medium_large size-medium_large\" alt=\"\" srcset=\"https:\/\/hoyre.no\/content\/uploads\/sites\/161\/2025\/05\/IMG_0699-768x623.jpg 768w, https:\/\/hoyre.no\/content\/uploads\/sites\/161\/2025\/05\/IMG_0699-300x243.jpg 300w, https:\/\/hoyre.no\/content\/uploads\/sites\/161\/2025\/05\/IMG_0699-1024x830.jpg 1024w, https:\/\/hoyre.no\/content\/uploads\/sites\/161\/2025\/05\/IMG_0699-1536x1246.jpg 1536w, https:\/\/hoyre.no\/content\/uploads\/sites\/161\/2025\/05\/IMG_0699-2048x1661.jpg 2048w, https:\/\/hoyre.no\/content\/uploads\/sites\/161\/2025\/05\/IMG_0699-scaled-e1747426866603.jpg 1000w\" sizes=\"auto, (max-width: 768px) 100vw, 768px\" \/>\t\t<\/div>\n\t\t\n\t\t\t<div class=\"teft-card__content-wrapper\">\n\t\t\t\t<div class=\"teft-card__secondary\">\n\t\t\t\t\t\n\t\t\t\t\t\t\t\t<div class=\"teft-card__meta\">\n\t\t\t\t\t\t\t\t\t<span class=\"post-date\">30. apr 2026<\/span>\n\n\t\t\t\t\t\t\t\t\t\t\t\t\t\t\t\t\t<\/div>\n\t\t\t\t\t\t\t\t\t\t\t<\/div>\n\n\t\t\t\t<div class=\"teft-card__primary\">\n\t\t\t\t\t<h2 class=\"teft-card__title\">Nominasjonsm\u00f8te for ordf\u00f8rerkandidat i Sarpsborg H\u00f8yre&nbsp;<span class=\"teft-card__primary-title-append\"><\/span><\/h2>\t\t\t\t<\/div>\n\t\t\t<\/div>\n\t\t<\/a>\n\t<\/div>\n\n\t<\/div><div class=\"is-card-hoyre\">\n\t<div class=\"teft-card hoyre-teft-card post-teft-card\">\n\t\t<a href=\"https:\/\/hoyre.no\/sarpsborg\/aktuelt\/nominasjonskomiteen-innstiller-magnus-arnesen-som-sarpsborg-hoyres-ordforerkandidat-i-2027\/\" class=\"teft-card__primary-action\">\n\n\t\t\t\t\t<div class=\"teft-card__media teft-card__media--16-9\">\n\t\t\t\t\t\t<img loading=\"lazy\" decoding=\"async\" width=\"768\" height=\"571\" src=\"https:\/\/hoyre.no\/content\/uploads\/sites\/161\/2025\/03\/IMG_5356-768x571.jpg\" class=\"attachment-medium_large size-medium_large\" alt=\"\" srcset=\"https:\/\/hoyre.no\/content\/uploads\/sites\/161\/2025\/03\/IMG_5356-768x571.jpg 768w, https:\/\/hoyre.no\/content\/uploads\/sites\/161\/2025\/03\/IMG_5356-300x223.jpg 300w, https:\/\/hoyre.no\/content\/uploads\/sites\/161\/2025\/03\/IMG_5356-1024x761.jpg 1024w, https:\/\/hoyre.no\/content\/uploads\/sites\/161\/2025\/03\/IMG_5356-1536x1142.jpg 1536w, https:\/\/hoyre.no\/content\/uploads\/sites\/161\/2025\/03\/IMG_5356-2048x1522.jpg 2048w\" sizes=\"auto, (max-width: 768px) 100vw, 768px\" \/>\t\t<\/div>\n\t\t\n\t\t\t<div class=\"teft-card__content-wrapper\">\n\t\t\t\t<div class=\"teft-card__secondary\">\n\t\t\t\t\t\n\t\t\t\t\t\t\t\t<div class=\"teft-card__meta\">\n\t\t\t\t\t\t\t\t\t<span class=\"post-date\">24. apr 2026<\/span>\n\n\t\t\t\t\t\t\t\t\t\t\t\t\t\t\t\t\t<\/div>\n\t\t\t\t\t\t\t\t\t\t\t<\/div>\n\n\t\t\t\t<div class=\"teft-card__primary\">\n\t\t\t\t\t<h2 class=\"teft-card__title\">Nominasjonskomit\u00e9en innstiller Magnus Arnesen som Sarpsborg H\u00f8yres ordf\u00f8rerkandidat i 2027&nbsp;<span class=\"teft-card__primary-title-append\"><\/span><\/h2>\t\t\t\t<\/div>\n\t\t\t<\/div>\n\t\t<\/a>\n\t<\/div>\n\n\t<\/div><div class=\"is-card-hoyre\">\n\t<div class=\"teft-card hoyre-teft-card post-teft-card\">\n\t\t<a href=\"https:\/\/hoyre.no\/sarpsborg\/aktuelt\/hoyre-vil-sette-handling-bak-ord\/\" class=\"teft-card__primary-action\">\n\n\t\t\t\t\t<div class=\"teft-card__media teft-card__media--16-9\">\n\t\t\t\t\t\t<img loading=\"lazy\" decoding=\"async\" width=\"559\" height=\"1024\" src=\"https:\/\/hoyre.no\/content\/uploads\/sites\/161\/2026\/04\/marianne-telle.avif\" class=\"attachment-medium_large size-medium_large\" alt=\"\" srcset=\"https:\/\/hoyre.no\/content\/uploads\/sites\/161\/2026\/04\/marianne-telle.avif 559w, https:\/\/hoyre.no\/content\/uploads\/sites\/161\/2026\/04\/marianne-telle-164x300.avif 164w\" sizes=\"auto, (max-width: 559px) 100vw, 559px\" \/>\t\t<\/div>\n\t\t\n\t\t\t<div class=\"teft-card__content-wrapper\">\n\t\t\t\t<div class=\"teft-card__secondary\">\n\t\t\t\t\t\n\t\t\t\t\t\t\t\t<div class=\"teft-card__meta\">\n\t\t\t\t\t\t\t\t\t<span class=\"post-date\">13. apr 2026<\/span>\n\n\t\t\t\t\t\t\t\t\t\t\t\t\t\t\t\t\t<\/div>\n\t\t\t\t\t\t\t\t\t\t\t<\/div>\n\n\t\t\t\t<div class=\"teft-card__primary\">\n\t\t\t\t\t<h2 class=\"teft-card__title\">H\u00f8yre vil sette handling bak ord&nbsp;<span class=\"teft-card__primary-title-append\"><\/span><\/h2>\t\t\t\t<\/div>\n\t\t\t<\/div>\n\t\t<\/a>\n\t<\/div>\n\n\t<\/div><\/div>\t<\/div>\n<\/div>\n","protected":false},"excerpt":{"rendered":"","protected":false},"author":24378,"featured_media":0,"comment_status":"closed","ping_status":"closed","sticky":false,"template":"","format":"standard","meta":{"teft_cards_image_url":"","teft_cards_custom_pretitle":"","teft_cards_image_id":1814,"teft_cards_image_focal_point_x":0.5,"teft_cards_image_focal_point_y":0.5,"teft_cards_title":"","teft_cards_excerpt":"","teft_show_chapters":false,"author_display_name":"","footnotes":""},"category":[24],"post_tag":[22],"hoyre-visibility":[],"article-type":[],"politician":[19,3],"class_list":["post-1813","post","type-post","status-publish","format-standard","hentry","category-leserinnlegg","tag-fritt-behandlingsvalg","politician-elin-ileby-nakstad","politician-margrethe-motzfeldt"],"yoast_head":"<!-- This site is optimized with the Yoast SEO plugin v26.6 - https:\/\/yoast.com\/wordpress\/plugins\/seo\/ -->\n<title>Vi m\u00e5 l\u00f8se morgendagens behov med nye l\u00f8sninger - Sarpsborg H\u00f8yre<\/title>\n<meta name=\"robots\" content=\"index, follow, max-snippet:-1, max-image-preview:large, max-video-preview:-1\" \/>\n<link rel=\"canonical\" href=\"https:\/\/hoyre.no\/sarpsborg\/aktuelt\/vi-ma-lose-morgendagens-behov-med-nye-losninger\/\" \/>\n<meta property=\"og:locale\" content=\"nb_NO\" \/>\n<meta property=\"og:type\" content=\"article\" \/>\n<meta property=\"og:title\" content=\"Vi m\u00e5 l\u00f8se morgendagens behov med nye l\u00f8sninger - Sarpsborg H\u00f8yre\" \/>\n<meta property=\"og:url\" content=\"https:\/\/hoyre.no\/sarpsborg\/aktuelt\/vi-ma-lose-morgendagens-behov-med-nye-losninger\/\" \/>\n<meta property=\"og:site_name\" content=\"Sarpsborg H\u00f8yre\" \/>\n<meta property=\"article:published_time\" content=\"2026-04-22T08:10:32+00:00\" \/>\n<meta property=\"article:modified_time\" content=\"2026-04-22T08:15:23+00:00\" \/>\n<meta property=\"og:image\" content=\"https:\/\/hoyre.no\/content\/uploads\/sites\/161\/2026\/04\/marianne-telle.avif\" \/>\n<meta name=\"author\" content=\"Christian Granli-\u00d8stmark\" \/>\n<meta name=\"twitter:card\" content=\"summary_large_image\" \/>\n<meta name=\"twitter:label1\" content=\"Skrevet av\" \/>\n\t<meta name=\"twitter:data1\" content=\"Christian Granli-\u00d8stmark\" \/>\n\t<meta name=\"twitter:label2\" content=\"Ansl. lesetid\" \/>\n\t<meta name=\"twitter:data2\" content=\"4 minutter\" \/>\n<script type=\"application\/ld+json\" class=\"yoast-schema-graph\">{\"@context\":\"https:\/\/schema.org\",\"@graph\":[{\"@type\":\"NewsArticle\",\"@id\":\"https:\/\/hoyre.no\/sarpsborg\/aktuelt\/vi-ma-lose-morgendagens-behov-med-nye-losninger\/\",\"url\":\"https:\/\/hoyre.no\/sarpsborg\/aktuelt\/vi-ma-lose-morgendagens-behov-med-nye-losninger\/\",\"name\":\"Vi m\u00e5 l\u00f8se morgendagens behov med nye l\u00f8sninger - Sarpsborg H\u00f8yre\",\"isPartOf\":{\"@id\":\"https:\/\/hoyre.no\/sarpsborg\/#website\"},\"datePublished\":\"2026-04-22T08:10:32+00:00\",\"dateModified\":\"2026-04-22T08:15:23+00:00\",\"author\":{\"@id\":\"https:\/\/hoyre.no\/sarpsborg\/#\/schema\/person\/e8d48cfe08d827b4b6ac4cfdb6021ad3\"},\"breadcrumb\":{\"@id\":\"https:\/\/hoyre.no\/sarpsborg\/aktuelt\/vi-ma-lose-morgendagens-behov-med-nye-losninger\/#breadcrumb\"},\"inLanguage\":\"nb-NO\",\"potentialAction\":[{\"@type\":\"ReadAction\",\"target\":[\"https:\/\/hoyre.no\/sarpsborg\/aktuelt\/vi-ma-lose-morgendagens-behov-med-nye-losninger\/\"]}]},{\"@type\":\"BreadcrumbList\",\"@id\":\"https:\/\/hoyre.no\/sarpsborg\/aktuelt\/vi-ma-lose-morgendagens-behov-med-nye-losninger\/#breadcrumb\",\"itemListElement\":[{\"@type\":\"ListItem\",\"position\":1,\"name\":\"Til hoyre.no\",\"item\":\"https:\/\/hoyre.no\"},{\"@type\":\"ListItem\",\"position\":2,\"name\":\"Hjem\",\"item\":\"https:\/\/hoyre.no\/sarpsborg\/\"},{\"@type\":\"ListItem\",\"position\":3,\"name\":\"Vi m\u00e5 l\u00f8se morgendagens behov med nye l\u00f8sninger\"}]},{\"@type\":\"WebSite\",\"@id\":\"https:\/\/hoyre.no\/sarpsborg\/#website\",\"url\":\"https:\/\/hoyre.no\/sarpsborg\/\",\"name\":\"Sarpsborg H\u00f8yre\",\"description\":\"Bare enda et H\u00f8yres nettsteder-nettsted\",\"inLanguage\":\"nb-NO\"},{\"@type\":\"Person\",\"@id\":\"https:\/\/hoyre.no\/sarpsborg\/#\/schema\/person\/e8d48cfe08d827b4b6ac4cfdb6021ad3\",\"name\":\"Christian Granli-\u00d8stmark\",\"image\":{\"@type\":\"ImageObject\",\"inLanguage\":\"nb-NO\",\"@id\":\"https:\/\/hoyre.no\/sarpsborg\/#\/schema\/person\/image\/\",\"url\":\"https:\/\/secure.gravatar.com\/avatar\/13d25dfd634b1bbfcc0f703c7ce08b4794a8d6323d17ce0d37ac4927e221ae33?s=96&d=mm&r=g\",\"contentUrl\":\"https:\/\/secure.gravatar.com\/avatar\/13d25dfd634b1bbfcc0f703c7ce08b4794a8d6323d17ce0d37ac4927e221ae33?s=96&d=mm&r=g\",\"caption\":\"Christian Granli-\u00d8stmark\"},\"url\":\"https:\/\/hoyre.no\/sarpsborg\/aktuelt\/author\/m50142330\/\"}]}<\/script>\n<!-- \/ Yoast SEO plugin. -->","yoast_head_json":{"title":"Vi m\u00e5 l\u00f8se morgendagens behov med nye l\u00f8sninger - Sarpsborg H\u00f8yre","robots":{"index":"index","follow":"follow","max-snippet":"max-snippet:-1","max-image-preview":"max-image-preview:large","max-video-preview":"max-video-preview:-1"},"canonical":"https:\/\/hoyre.no\/sarpsborg\/aktuelt\/vi-ma-lose-morgendagens-behov-med-nye-losninger\/","og_locale":"nb_NO","og_type":"article","og_title":"Vi m\u00e5 l\u00f8se morgendagens behov med nye l\u00f8sninger - Sarpsborg H\u00f8yre","og_url":"https:\/\/hoyre.no\/sarpsborg\/aktuelt\/vi-ma-lose-morgendagens-behov-med-nye-losninger\/","og_site_name":"Sarpsborg H\u00f8yre","article_published_time":"2026-04-22T08:10:32+00:00","article_modified_time":"2026-04-22T08:15:23+00:00","og_image":[{"url":"https:\/\/hoyre.no\/content\/uploads\/sites\/161\/2026\/04\/marianne-telle.avif","width":"","height":"","type":""}],"author":"Christian Granli-\u00d8stmark","twitter_card":"summary_large_image","twitter_misc":{"Skrevet av":"Christian Granli-\u00d8stmark","Ansl. lesetid":"4 minutter"},"schema":{"@context":"https:\/\/schema.org","@graph":[{"@type":"NewsArticle","@id":"https:\/\/hoyre.no\/sarpsborg\/aktuelt\/vi-ma-lose-morgendagens-behov-med-nye-losninger\/","url":"https:\/\/hoyre.no\/sarpsborg\/aktuelt\/vi-ma-lose-morgendagens-behov-med-nye-losninger\/","name":"Vi m\u00e5 l\u00f8se morgendagens behov med nye l\u00f8sninger - Sarpsborg H\u00f8yre","isPartOf":{"@id":"https:\/\/hoyre.no\/sarpsborg\/#website"},"datePublished":"2026-04-22T08:10:32+00:00","dateModified":"2026-04-22T08:15:23+00:00","author":{"@id":"https:\/\/hoyre.no\/sarpsborg\/#\/schema\/person\/e8d48cfe08d827b4b6ac4cfdb6021ad3"},"breadcrumb":{"@id":"https:\/\/hoyre.no\/sarpsborg\/aktuelt\/vi-ma-lose-morgendagens-behov-med-nye-losninger\/#breadcrumb"},"inLanguage":"nb-NO","potentialAction":[{"@type":"ReadAction","target":["https:\/\/hoyre.no\/sarpsborg\/aktuelt\/vi-ma-lose-morgendagens-behov-med-nye-losninger\/"]}]},{"@type":"BreadcrumbList","@id":"https:\/\/hoyre.no\/sarpsborg\/aktuelt\/vi-ma-lose-morgendagens-behov-med-nye-losninger\/#breadcrumb","itemListElement":[{"@type":"ListItem","position":1,"name":"Til hoyre.no","item":"https:\/\/hoyre.no"},{"@type":"ListItem","position":2,"name":"Hjem","item":"https:\/\/hoyre.no\/sarpsborg\/"},{"@type":"ListItem","position":3,"name":"Vi m\u00e5 l\u00f8se morgendagens behov med nye l\u00f8sninger"}]},{"@type":"WebSite","@id":"https:\/\/hoyre.no\/sarpsborg\/#website","url":"https:\/\/hoyre.no\/sarpsborg\/","name":"Sarpsborg H\u00f8yre","description":"Bare enda et H\u00f8yres nettsteder-nettsted","inLanguage":"nb-NO"},{"@type":"Person","@id":"https:\/\/hoyre.no\/sarpsborg\/#\/schema\/person\/e8d48cfe08d827b4b6ac4cfdb6021ad3","name":"Christian Granli-\u00d8stmark","image":{"@type":"ImageObject","inLanguage":"nb-NO","@id":"https:\/\/hoyre.no\/sarpsborg\/#\/schema\/person\/image\/","url":"https:\/\/secure.gravatar.com\/avatar\/13d25dfd634b1bbfcc0f703c7ce08b4794a8d6323d17ce0d37ac4927e221ae33?s=96&d=mm&r=g","contentUrl":"https:\/\/secure.gravatar.com\/avatar\/13d25dfd634b1bbfcc0f703c7ce08b4794a8d6323d17ce0d37ac4927e221ae33?s=96&d=mm&r=g","caption":"Christian Granli-\u00d8stmark"},"url":"https:\/\/hoyre.no\/sarpsborg\/aktuelt\/author\/m50142330\/"}]}},"distributor_meta":false,"distributor_terms":false,"distributor_media":false,"distributor_original_site_name":"Sarpsborg H\u00f8yre","distributor_original_site_url":"https:\/\/hoyre.no\/sarpsborg","push-errors":false,"_links":{"self":[{"href":"https:\/\/hoyre.no\/sarpsborg\/wp-json\/wp\/v2\/posts\/1813","targetHints":{"allow":["GET"]}}],"collection":[{"href":"https:\/\/hoyre.no\/sarpsborg\/wp-json\/wp\/v2\/posts"}],"about":[{"href":"https:\/\/hoyre.no\/sarpsborg\/wp-json\/wp\/v2\/types\/post"}],"author":[{"embeddable":true,"href":"https:\/\/hoyre.no\/sarpsborg\/wp-json\/wp\/v2\/users\/24378"}],"replies":[{"embeddable":true,"href":"https:\/\/hoyre.no\/sarpsborg\/wp-json\/wp\/v2\/comments?post=1813"}],"version-history":[{"count":3,"href":"https:\/\/hoyre.no\/sarpsborg\/wp-json\/wp\/v2\/posts\/1813\/revisions"}],"predecessor-version":[{"id":1819,"href":"https:\/\/hoyre.no\/sarpsborg\/wp-json\/wp\/v2\/posts\/1813\/revisions\/1819"}],"wp:attachment":[{"href":"https:\/\/hoyre.no\/sarpsborg\/wp-json\/wp\/v2\/media?parent=1813"}],"wp:term":[{"taxonomy":"category","embeddable":true,"href":"https:\/\/hoyre.no\/sarpsborg\/wp-json\/wp\/v2\/category?post=1813"},{"taxonomy":"post_tag","embeddable":true,"href":"https:\/\/hoyre.no\/sarpsborg\/wp-json\/wp\/v2\/post_tag?post=1813"},{"taxonomy":"hoyre-visibility","embeddable":true,"href":"https:\/\/hoyre.no\/sarpsborg\/wp-json\/wp\/v2\/hoyre-visibility?post=1813"},{"taxonomy":"article-type","embeddable":true,"href":"https:\/\/hoyre.no\/sarpsborg\/wp-json\/wp\/v2\/article-type?post=1813"},{"taxonomy":"politician","embeddable":true,"href":"https:\/\/hoyre.no\/sarpsborg\/wp-json\/wp\/v2\/politician?post=1813"}],"curies":[{"name":"wp","href":"https:\/\/api.w.org\/{rel}","templated":true}]}}