{"id":1822,"date":"2026-04-24T12:52:19","date_gmt":"2026-04-24T10:52:19","guid":{"rendered":"https:\/\/hoyre.no\/sarpsborg\/?p=1822"},"modified":"2026-04-24T12:52:20","modified_gmt":"2026-04-24T10:52:20","slug":"nominasjonskomiteen-innstiller-magnus-arnesen-som-sarpsborg-hoyres-ordforerkandidat-i-2027","status":"publish","type":"post","link":"https:\/\/hoyre.no\/sarpsborg\/aktuelt\/nominasjonskomiteen-innstiller-magnus-arnesen-som-sarpsborg-hoyres-ordforerkandidat-i-2027\/","title":{"rendered":"Nominasjonskomit\u00e9en innstiller Magnus Arnesen som Sarpsborg H\u00f8yres ordf\u00f8rerkandidat i 2027"},"content":{"rendered":"\n<p class=\"preamble\">Nominasjonskomiteen i Sarpsborg H\u00f8yre innstiller Magnus Arnesen som partiets ordf\u00f8rerkandidat ved kommunevalget i 2027.<br><\/p>\t\t\t<div class=\"post-meta wp-block teft-byline-wrapper\">\n\t\t\t\t<div class=\"top\">\n\t\t\t\t\t<div class=\"signature\">\n\t\t\t\t\t\t<div class=\"teft-byline\">\n\t\t\t\t\t\t\t\t\t\t\t\t\t\t<div>\n\t\t\t\t\t\t\t\t<h3>H\u00f8yres redaksjon<\/h3>\t\t\t\t\t\t\t\t\n\t\t\t\t\t\t\t\t\t\t\t\t\t\t\t\t\t<span class=\"date\">Sist oppdatert: 24. april 2026<\/span>\n\t\t\t\t\t\t\t\t\t\t\t\t\t\t\t\t\t\t\t\t\t\t\t\t\t<span class=\"reading-time\" itemprop=\"timeRequired\" content=\"PT3M\"><em>Ca. 3 minutter lesetid<\/em><\/span>\n\t\t\t\t\t\t\t\t\t\t\t\t\t\t\t<\/div>\n\t\t\t\t\t\t<\/div>\n\t\t\t\t\t<\/div>\n\t\t\t\t\t\t<div class=\"sharing\">\n\t\t<a class=\"share-button share-link copy-link\" data-copy=\"https:\/\/hoyre.no\/sarpsborg\/aktuelt\/nominasjonskomiteen-innstiller-magnus-arnesen-som-sarpsborg-hoyres-ordforerkandidat-i-2027\/\" target=\"_blank\"><span class=\"screen-reader-text\">Del link<\/span><\/a>\n\t\t<a class=\"share-button share-twitter\" href=\"http:\/\/twitter.com\/share?text=Nominasjonskomit\u00e9en innstiller Magnus Arnesen som Sarpsborg H\u00f8yres ordf\u00f8rerkandidat i 2027&#038;url=https:\/\/hoyre.no\/sarpsborg\/aktuelt\/nominasjonskomiteen-innstiller-magnus-arnesen-som-sarpsborg-hoyres-ordforerkandidat-i-2027\/&#038;hashtags=Hoyre\" target=\"_blank\"><span class=\"screen-reader-text\">Del p\u00e5 twitter<\/span><\/a>\n\t\t<a class=\"share-button share-facebook\" href=\"https:\/\/www.facebook.com\/sharer\/sharer.php?u=https:\/\/hoyre.no\/sarpsborg\/aktuelt\/nominasjonskomiteen-innstiller-magnus-arnesen-som-sarpsborg-hoyres-ordforerkandidat-i-2027\/\" target=\"_blank\"><span class=\"screen-reader-text\">Del p\u00e5 facebook<\/span><\/a>\n\t<\/div>\n\t\t\t\t\t<\/div>\n\t\t\t<\/div>\n\n\t\t\t<figure class=\"hoyre-image-wrapper\"><div class=\"hoyre-image\"><img loading=\"lazy\" decoding=\"async\" width=\"2500\" height=\"1858\" src=\"https:\/\/hoyre.no\/content\/uploads\/sites\/161\/2025\/03\/IMG_5356-scaled.jpg\" class=\"attachment-scaled size-scaled\" alt=\"\" style=\"object-position: 50% 50%\" srcset=\"https:\/\/hoyre.no\/content\/uploads\/sites\/161\/2025\/03\/IMG_5356-scaled.jpg 2500w, https:\/\/hoyre.no\/content\/uploads\/sites\/161\/2025\/03\/IMG_5356-300x223.jpg 300w, https:\/\/hoyre.no\/content\/uploads\/sites\/161\/2025\/03\/IMG_5356-1024x761.jpg 1024w, https:\/\/hoyre.no\/content\/uploads\/sites\/161\/2025\/03\/IMG_5356-768x571.jpg 768w, https:\/\/hoyre.no\/content\/uploads\/sites\/161\/2025\/03\/IMG_5356-1536x1142.jpg 1536w, https:\/\/hoyre.no\/content\/uploads\/sites\/161\/2025\/03\/IMG_5356-2048x1522.jpg 2048w\" sizes=\"auto, (max-width: 2500px) 100vw, 2500px\" \/><\/div><\/figure>\n\n\n\n\n<p>Etter 110 \u00e5r med Arbeiderpartiordf\u00f8rer vant H\u00f8yre, sammen med fem andre partier, valget i Sarpsborg i 2023. Magnus Arnesen ble da valgt til ordf\u00f8rer. Nominasjonskomiteen er sv\u00e6rt glad for at han igjen stiller seg til disposisjon som Sarpsborg H\u00f8yres ordf\u00f8rerkandidat.<\/p>\n\n\n\n<p>Komiteen har s\u00e6rlig vektlagt at Magnus Arnesen er en ordf\u00f8rer som favner hele Sarpsborg. Han har vist evne til \u00e5 samle mennesker, bygge tillit og representere kommunen p\u00e5 en m\u00e5te som gj\u00f8r H\u00f8yre stolte. Han m\u00f8ter folk med respekt, l\u00f8fter blikket og snakker om Sarpsborg som en by med store muligheter.<\/p>\n\n\n\n<p>Som ordf\u00f8rer har Magnus v\u00e6rt tydelig p\u00e5 at Sarpsborg skal v\u00e6re en attraktiv by der vi ser fremover med ambisjoner og optimisme. Han har l\u00f8ftet frem mulighetene som ligger i kommunen v\u00e5r \u2013 ikke minst muligheten for at flere skal kunne skape seg et godt liv gjennom arbeid, deltakelse og fellesskap.<\/p>\n\n\n\n<p>Nominasjonskomiteen mener ogs\u00e5 at Magnus Arnesen har v\u00e6rt avgj\u00f8rende for \u00e5 bygge og videreutvikle et bredt politisk samarbeid med de andre borgerlige partiene. Dette samarbeidet har vist seg robust, ogs\u00e5 n\u00e5r kommunen har m\u00e5ttet ta krevende, men n\u00f8dvendige prioriteringer. Arbeidet har bidratt til bedre \u00f8konomisk kontroll, noe som igjen gir Sarpsborg flere muligheter i \u00e5rene som kommer.<\/p>\n\n\n\n<p>Politisk arbeid er langsiktig arbeid. Resultater kommer sjelden over natten. Etter 110 \u00e5r med Arbeiderpartistyre trenger Sarpsborg mer enn \u00e9n periode for \u00e5 skape nye og bedre resultater for byen. Nominasjonskomiteen mener Magnus Arnesen er den rette personen til \u00e5 lede dette arbeidet videre.<\/p>\n\n\n\n<p>\u2013 Magnus skj\u00f8tter oppgaven som ordf\u00f8rer p\u00e5 en m\u00e5te som er st\u00f8rre enn ham selv. Han er hel ved, en samarbeidets mann og en ordf\u00f8rer som appellerer bredt \u2013 ogs\u00e5 langt utenfor H\u00f8yres egne rekker. Han evner \u00e5 l\u00f8fte viktige saker, ogs\u00e5 krevende temaer som integrering og utenforskap, p\u00e5 en m\u00e5te som er tydelig, respektfull og samlende, sier nominasjonskomiteen.<\/p>\n\n\n\n<p>Sarpsborg er en fin by med store muligheter. Noen av dem kan vi realisere alene, men mange av dem m\u00e5 vi skape sammen. Nominasjonskomiteen mener Magnus Arnesen har vist at han forst\u00e5r nettopp dette.<\/p>\n\n\n\n<p>N\u00e5r Magnus selv beskriver ambisjonene for Sarpsborg H\u00f8yre, er det helheten som st\u00e5r i sentrum:<\/p>\n\n\n\n<p>\u2013 Jeg vil beskrive meg som en politisk generalist, med et hjerte for en helhet som henger sammen. Det viktigste en helhetlig politikk kan bidra til, er et samfunn med muligheter for alle. Da m\u00e5 vi lykkes med \u00abalt vi gj\u00f8r\u00bb. Dette er et langsiktig prosjekt som jeg \u00f8nsker \u00e5 f\u00f8lge i m\u00e5l \u2013 eller i hvert fall et godt stykke p\u00e5 vei. Jeg finner stor glede i \u00e5 realisere sm\u00e5 tiltak og gevinster som vi vet vil gi en varig og stor effekt for mange, sier Magnus Arnesen.<\/p>\n\n\n\n<p>Nominasjonskomiteen er derfor glad for \u00e5 innstille Magnus Arnesen som Sarpsborg H\u00f8yres ordf\u00f8rerkandidat ved kommunevalget i 2027.<\/p>\n\n\n<div class=\"tags\">\n\t<\/div>\n<div class=\"post-footer alignfull has-background block-editor-block-list__block\" data-align=full>\n\t<div class=\"post-footer-inner\">\n\t\t<h3>Relaterte artikler<\/h3>\n\t\t<div class=\"related-content\"><div class=\"is-card-hoyre\">\n\t<div class=\"teft-card hoyre-teft-card post-teft-card\">\n\t\t<a href=\"https:\/\/hoyre.no\/sarpsborg\/aktuelt\/nominasjonsmote-for-ordforerkandidat-i-sarpsborg-hoyre\/\" class=\"teft-card__primary-action\">\n\n\t\t\t\t\t<div class=\"teft-card__media teft-card__media--16-9\">\n\t\t\t\t\t\t<img loading=\"lazy\" decoding=\"async\" width=\"768\" height=\"623\" src=\"https:\/\/hoyre.no\/content\/uploads\/sites\/161\/2025\/05\/IMG_0699-768x623.jpg\" class=\"attachment-medium_large size-medium_large\" alt=\"\" srcset=\"https:\/\/hoyre.no\/content\/uploads\/sites\/161\/2025\/05\/IMG_0699-768x623.jpg 768w, https:\/\/hoyre.no\/content\/uploads\/sites\/161\/2025\/05\/IMG_0699-300x243.jpg 300w, https:\/\/hoyre.no\/content\/uploads\/sites\/161\/2025\/05\/IMG_0699-1024x830.jpg 1024w, https:\/\/hoyre.no\/content\/uploads\/sites\/161\/2025\/05\/IMG_0699-1536x1246.jpg 1536w, https:\/\/hoyre.no\/content\/uploads\/sites\/161\/2025\/05\/IMG_0699-2048x1661.jpg 2048w, https:\/\/hoyre.no\/content\/uploads\/sites\/161\/2025\/05\/IMG_0699-scaled-e1747426866603.jpg 1000w\" sizes=\"auto, (max-width: 768px) 100vw, 768px\" \/>\t\t<\/div>\n\t\t\n\t\t\t<div class=\"teft-card__content-wrapper\">\n\t\t\t\t<div class=\"teft-card__secondary\">\n\t\t\t\t\t\n\t\t\t\t\t\t\t\t<div class=\"teft-card__meta\">\n\t\t\t\t\t\t\t\t\t<span class=\"post-date\">30. apr 2026<\/span>\n\n\t\t\t\t\t\t\t\t\t\t\t\t\t\t\t\t\t<\/div>\n\t\t\t\t\t\t\t\t\t\t\t<\/div>\n\n\t\t\t\t<div class=\"teft-card__primary\">\n\t\t\t\t\t<h2 class=\"teft-card__title\">Nominasjonsm\u00f8te for ordf\u00f8rerkandidat i Sarpsborg H\u00f8yre&nbsp;<span class=\"teft-card__primary-title-append\"><\/span><\/h2>\t\t\t\t<\/div>\n\t\t\t<\/div>\n\t\t<\/a>\n\t<\/div>\n\n\t<\/div><div class=\"is-card-hoyre\">\n\t<div class=\"teft-card hoyre-teft-card post-teft-card\">\n\t\t<a href=\"https:\/\/hoyre.no\/sarpsborg\/aktuelt\/vi-ma-lose-morgendagens-behov-med-nye-losninger\/\" class=\"teft-card__primary-action\">\n\n\t\t\t\t\t<div class=\"teft-card__media teft-card__media--16-9\">\n\t\t\t\t\t\t<img loading=\"lazy\" decoding=\"async\" width=\"768\" height=\"782\" src=\"https:\/\/hoyre.no\/content\/uploads\/sites\/161\/2026\/04\/m-og-e-768x782.jpg\" class=\"attachment-medium_large size-medium_large\" alt=\"\" srcset=\"https:\/\/hoyre.no\/content\/uploads\/sites\/161\/2026\/04\/m-og-e-768x782.jpg 768w, https:\/\/hoyre.no\/content\/uploads\/sites\/161\/2026\/04\/m-og-e-295x300.jpg 295w, https:\/\/hoyre.no\/content\/uploads\/sites\/161\/2026\/04\/m-og-e-1006x1024.jpg 1006w, https:\/\/hoyre.no\/content\/uploads\/sites\/161\/2026\/04\/m-og-e.jpg 1330w\" sizes=\"auto, (max-width: 768px) 100vw, 768px\" \/>\t\t<\/div>\n\t\t\n\t\t\t<div class=\"teft-card__content-wrapper\">\n\t\t\t\t<div class=\"teft-card__secondary\">\n\t\t\t\t\t\n\t\t\t\t\t\t\t\t<div class=\"teft-card__meta\">\n\t\t\t\t\t\t\t\t\t<span class=\"post-date\">22. apr 2026<\/span>\n\n\t\t\t\t\t\t\t\t\t<span class=\"post-category\">Leserinnlegg<\/span>\t\t\t\t\t\t\t\t<\/div>\n\t\t\t\t\t\t\t\t\t\t\t<\/div>\n\n\t\t\t\t<div class=\"teft-card__primary\">\n\t\t\t\t\t<h2 class=\"teft-card__title\">Vi m\u00e5 l\u00f8se morgendagens behov med nye l\u00f8sninger&nbsp;<span class=\"teft-card__primary-title-append\"><\/span><\/h2>\t\t\t\t<\/div>\n\t\t\t<\/div>\n\t\t<\/a>\n\t<\/div>\n\n\t<\/div><div class=\"is-card-hoyre\">\n\t<div class=\"teft-card hoyre-teft-card post-teft-card\">\n\t\t<a href=\"https:\/\/hoyre.no\/sarpsborg\/aktuelt\/hoyre-vil-sette-handling-bak-ord\/\" class=\"teft-card__primary-action\">\n\n\t\t\t\t\t<div class=\"teft-card__media teft-card__media--16-9\">\n\t\t\t\t\t\t<img loading=\"lazy\" decoding=\"async\" width=\"559\" height=\"1024\" src=\"https:\/\/hoyre.no\/content\/uploads\/sites\/161\/2026\/04\/marianne-telle.avif\" class=\"attachment-medium_large size-medium_large\" alt=\"\" srcset=\"https:\/\/hoyre.no\/content\/uploads\/sites\/161\/2026\/04\/marianne-telle.avif 559w, https:\/\/hoyre.no\/content\/uploads\/sites\/161\/2026\/04\/marianne-telle-164x300.avif 164w\" sizes=\"auto, (max-width: 559px) 100vw, 559px\" \/>\t\t<\/div>\n\t\t\n\t\t\t<div class=\"teft-card__content-wrapper\">\n\t\t\t\t<div class=\"teft-card__secondary\">\n\t\t\t\t\t\n\t\t\t\t\t\t\t\t<div class=\"teft-card__meta\">\n\t\t\t\t\t\t\t\t\t<span class=\"post-date\">13. apr 2026<\/span>\n\n\t\t\t\t\t\t\t\t\t\t\t\t\t\t\t\t\t<\/div>\n\t\t\t\t\t\t\t\t\t\t\t<\/div>\n\n\t\t\t\t<div class=\"teft-card__primary\">\n\t\t\t\t\t<h2 class=\"teft-card__title\">H\u00f8yre vil sette handling bak ord&nbsp;<span class=\"teft-card__primary-title-append\"><\/span><\/h2>\t\t\t\t<\/div>\n\t\t\t<\/div>\n\t\t<\/a>\n\t<\/div>\n\n\t<\/div><\/div>\t<\/div>\n<\/div>\n","protected":false},"excerpt":{"rendered":"","protected":false},"author":51167,"featured_media":0,"comment_status":"closed","ping_status":"closed","sticky":false,"template":"","format":"standard","meta":{"teft_cards_image_url":"","teft_cards_custom_pretitle":"","teft_cards_image_id":1418,"teft_cards_image_focal_point_x":0.5,"teft_cards_image_focal_point_y":0.5,"teft_cards_title":"","teft_cards_excerpt":"","teft_show_chapters":false,"author_display_name":"","footnotes":""},"category":[1],"post_tag":[],"hoyre-visibility":[],"article-type":[],"politician":[],"class_list":["post-1822","post","type-post","status-publish","format-standard","hentry","category-ukategorisert"],"yoast_head":"<!-- This site is optimized with the Yoast SEO plugin v26.6 - https:\/\/yoast.com\/wordpress\/plugins\/seo\/ -->\n<title>Nominasjonskomit\u00e9en innstiller Magnus Arnesen som Sarpsborg H\u00f8yres ordf\u00f8rerkandidat i 2027 - Sarpsborg H\u00f8yre<\/title>\n<meta name=\"robots\" content=\"index, follow, max-snippet:-1, max-image-preview:large, max-video-preview:-1\" \/>\n<link rel=\"canonical\" href=\"https:\/\/hoyre.no\/sarpsborg\/aktuelt\/nominasjonskomiteen-innstiller-magnus-arnesen-som-sarpsborg-hoyres-ordforerkandidat-i-2027\/\" \/>\n<meta property=\"og:locale\" content=\"nb_NO\" \/>\n<meta property=\"og:type\" content=\"article\" \/>\n<meta property=\"og:title\" content=\"Nominasjonskomit\u00e9en innstiller Magnus Arnesen som Sarpsborg H\u00f8yres ordf\u00f8rerkandidat i 2027 - Sarpsborg H\u00f8yre\" \/>\n<meta property=\"og:url\" content=\"https:\/\/hoyre.no\/sarpsborg\/aktuelt\/nominasjonskomiteen-innstiller-magnus-arnesen-som-sarpsborg-hoyres-ordforerkandidat-i-2027\/\" \/>\n<meta property=\"og:site_name\" content=\"Sarpsborg H\u00f8yre\" \/>\n<meta property=\"article:published_time\" content=\"2026-04-24T10:52:19+00:00\" \/>\n<meta property=\"article:modified_time\" content=\"2026-04-24T10:52:20+00:00\" \/>\n<meta property=\"og:image\" content=\"https:\/\/hoyre.no\/content\/uploads\/sites\/161\/2026\/04\/marianne-telle.avif\" \/>\n<meta name=\"author\" content=\"Kim Thon\" \/>\n<meta name=\"twitter:card\" content=\"summary_large_image\" \/>\n<meta name=\"twitter:label1\" content=\"Skrevet av\" \/>\n\t<meta name=\"twitter:data1\" content=\"Kim Thon\" \/>\n\t<meta name=\"twitter:label2\" content=\"Ansl. lesetid\" \/>\n\t<meta name=\"twitter:data2\" content=\"3 minutter\" \/>\n<script type=\"application\/ld+json\" class=\"yoast-schema-graph\">{\"@context\":\"https:\/\/schema.org\",\"@graph\":[{\"@type\":\"NewsArticle\",\"@id\":\"https:\/\/hoyre.no\/sarpsborg\/aktuelt\/nominasjonskomiteen-innstiller-magnus-arnesen-som-sarpsborg-hoyres-ordforerkandidat-i-2027\/\",\"url\":\"https:\/\/hoyre.no\/sarpsborg\/aktuelt\/nominasjonskomiteen-innstiller-magnus-arnesen-som-sarpsborg-hoyres-ordforerkandidat-i-2027\/\",\"name\":\"Nominasjonskomit\u00e9en innstiller Magnus Arnesen som Sarpsborg H\u00f8yres ordf\u00f8rerkandidat i 2027 - Sarpsborg H\u00f8yre\",\"isPartOf\":{\"@id\":\"https:\/\/hoyre.no\/sarpsborg\/#website\"},\"datePublished\":\"2026-04-24T10:52:19+00:00\",\"dateModified\":\"2026-04-24T10:52:20+00:00\",\"author\":{\"@id\":\"https:\/\/hoyre.no\/sarpsborg\/#\/schema\/person\/8b2837216a04a0fe67c47b7555206046\"},\"breadcrumb\":{\"@id\":\"https:\/\/hoyre.no\/sarpsborg\/aktuelt\/nominasjonskomiteen-innstiller-magnus-arnesen-som-sarpsborg-hoyres-ordforerkandidat-i-2027\/#breadcrumb\"},\"inLanguage\":\"nb-NO\",\"potentialAction\":[{\"@type\":\"ReadAction\",\"target\":[\"https:\/\/hoyre.no\/sarpsborg\/aktuelt\/nominasjonskomiteen-innstiller-magnus-arnesen-som-sarpsborg-hoyres-ordforerkandidat-i-2027\/\"]}]},{\"@type\":\"BreadcrumbList\",\"@id\":\"https:\/\/hoyre.no\/sarpsborg\/aktuelt\/nominasjonskomiteen-innstiller-magnus-arnesen-som-sarpsborg-hoyres-ordforerkandidat-i-2027\/#breadcrumb\",\"itemListElement\":[{\"@type\":\"ListItem\",\"position\":1,\"name\":\"Til hoyre.no\",\"item\":\"https:\/\/hoyre.no\"},{\"@type\":\"ListItem\",\"position\":2,\"name\":\"Hjem\",\"item\":\"https:\/\/hoyre.no\/sarpsborg\/\"},{\"@type\":\"ListItem\",\"position\":3,\"name\":\"Nominasjonskomit\u00e9en innstiller Magnus Arnesen som Sarpsborg H\u00f8yres ordf\u00f8rerkandidat i 2027\"}]},{\"@type\":\"WebSite\",\"@id\":\"https:\/\/hoyre.no\/sarpsborg\/#website\",\"url\":\"https:\/\/hoyre.no\/sarpsborg\/\",\"name\":\"Sarpsborg H\u00f8yre\",\"description\":\"Bare enda et H\u00f8yres nettsteder-nettsted\",\"inLanguage\":\"nb-NO\"},{\"@type\":\"Person\",\"@id\":\"https:\/\/hoyre.no\/sarpsborg\/#\/schema\/person\/8b2837216a04a0fe67c47b7555206046\",\"name\":\"Kim Thon\",\"image\":{\"@type\":\"ImageObject\",\"inLanguage\":\"nb-NO\",\"@id\":\"https:\/\/hoyre.no\/sarpsborg\/#\/schema\/person\/image\/\",\"url\":\"https:\/\/secure.gravatar.com\/avatar\/5acc7267a0f9457284356bde53e6d54a775133f0d3c4ab849ce3e35660ecc70b?s=96&d=mm&r=g\",\"contentUrl\":\"https:\/\/secure.gravatar.com\/avatar\/5acc7267a0f9457284356bde53e6d54a775133f0d3c4ab849ce3e35660ecc70b?s=96&d=mm&r=g\",\"caption\":\"Kim Thon\"},\"url\":\"https:\/\/hoyre.no\/sarpsborg\/aktuelt\/author\/m60000074\/\"}]}<\/script>\n<!-- \/ Yoast SEO plugin. -->","yoast_head_json":{"title":"Nominasjonskomit\u00e9en innstiller Magnus Arnesen som Sarpsborg H\u00f8yres ordf\u00f8rerkandidat i 2027 - Sarpsborg H\u00f8yre","robots":{"index":"index","follow":"follow","max-snippet":"max-snippet:-1","max-image-preview":"max-image-preview:large","max-video-preview":"max-video-preview:-1"},"canonical":"https:\/\/hoyre.no\/sarpsborg\/aktuelt\/nominasjonskomiteen-innstiller-magnus-arnesen-som-sarpsborg-hoyres-ordforerkandidat-i-2027\/","og_locale":"nb_NO","og_type":"article","og_title":"Nominasjonskomit\u00e9en innstiller Magnus Arnesen som Sarpsborg H\u00f8yres ordf\u00f8rerkandidat i 2027 - Sarpsborg H\u00f8yre","og_url":"https:\/\/hoyre.no\/sarpsborg\/aktuelt\/nominasjonskomiteen-innstiller-magnus-arnesen-som-sarpsborg-hoyres-ordforerkandidat-i-2027\/","og_site_name":"Sarpsborg H\u00f8yre","article_published_time":"2026-04-24T10:52:19+00:00","article_modified_time":"2026-04-24T10:52:20+00:00","og_image":[{"url":"https:\/\/hoyre.no\/content\/uploads\/sites\/161\/2026\/04\/marianne-telle.avif","width":"","height":"","type":""}],"author":"Kim Thon","twitter_card":"summary_large_image","twitter_misc":{"Skrevet av":"Kim Thon","Ansl. lesetid":"3 minutter"},"schema":{"@context":"https:\/\/schema.org","@graph":[{"@type":"NewsArticle","@id":"https:\/\/hoyre.no\/sarpsborg\/aktuelt\/nominasjonskomiteen-innstiller-magnus-arnesen-som-sarpsborg-hoyres-ordforerkandidat-i-2027\/","url":"https:\/\/hoyre.no\/sarpsborg\/aktuelt\/nominasjonskomiteen-innstiller-magnus-arnesen-som-sarpsborg-hoyres-ordforerkandidat-i-2027\/","name":"Nominasjonskomit\u00e9en innstiller Magnus Arnesen som Sarpsborg H\u00f8yres ordf\u00f8rerkandidat i 2027 - Sarpsborg H\u00f8yre","isPartOf":{"@id":"https:\/\/hoyre.no\/sarpsborg\/#website"},"datePublished":"2026-04-24T10:52:19+00:00","dateModified":"2026-04-24T10:52:20+00:00","author":{"@id":"https:\/\/hoyre.no\/sarpsborg\/#\/schema\/person\/8b2837216a04a0fe67c47b7555206046"},"breadcrumb":{"@id":"https:\/\/hoyre.no\/sarpsborg\/aktuelt\/nominasjonskomiteen-innstiller-magnus-arnesen-som-sarpsborg-hoyres-ordforerkandidat-i-2027\/#breadcrumb"},"inLanguage":"nb-NO","potentialAction":[{"@type":"ReadAction","target":["https:\/\/hoyre.no\/sarpsborg\/aktuelt\/nominasjonskomiteen-innstiller-magnus-arnesen-som-sarpsborg-hoyres-ordforerkandidat-i-2027\/"]}]},{"@type":"BreadcrumbList","@id":"https:\/\/hoyre.no\/sarpsborg\/aktuelt\/nominasjonskomiteen-innstiller-magnus-arnesen-som-sarpsborg-hoyres-ordforerkandidat-i-2027\/#breadcrumb","itemListElement":[{"@type":"ListItem","position":1,"name":"Til hoyre.no","item":"https:\/\/hoyre.no"},{"@type":"ListItem","position":2,"name":"Hjem","item":"https:\/\/hoyre.no\/sarpsborg\/"},{"@type":"ListItem","position":3,"name":"Nominasjonskomit\u00e9en innstiller Magnus Arnesen som Sarpsborg H\u00f8yres ordf\u00f8rerkandidat i 2027"}]},{"@type":"WebSite","@id":"https:\/\/hoyre.no\/sarpsborg\/#website","url":"https:\/\/hoyre.no\/sarpsborg\/","name":"Sarpsborg H\u00f8yre","description":"Bare enda et H\u00f8yres nettsteder-nettsted","inLanguage":"nb-NO"},{"@type":"Person","@id":"https:\/\/hoyre.no\/sarpsborg\/#\/schema\/person\/8b2837216a04a0fe67c47b7555206046","name":"Kim Thon","image":{"@type":"ImageObject","inLanguage":"nb-NO","@id":"https:\/\/hoyre.no\/sarpsborg\/#\/schema\/person\/image\/","url":"https:\/\/secure.gravatar.com\/avatar\/5acc7267a0f9457284356bde53e6d54a775133f0d3c4ab849ce3e35660ecc70b?s=96&d=mm&r=g","contentUrl":"https:\/\/secure.gravatar.com\/avatar\/5acc7267a0f9457284356bde53e6d54a775133f0d3c4ab849ce3e35660ecc70b?s=96&d=mm&r=g","caption":"Kim Thon"},"url":"https:\/\/hoyre.no\/sarpsborg\/aktuelt\/author\/m60000074\/"}]}},"distributor_meta":false,"distributor_terms":false,"distributor_media":false,"distributor_original_site_name":"Sarpsborg H\u00f8yre","distributor_original_site_url":"https:\/\/hoyre.no\/sarpsborg","push-errors":false,"_links":{"self":[{"href":"https:\/\/hoyre.no\/sarpsborg\/wp-json\/wp\/v2\/posts\/1822","targetHints":{"allow":["GET"]}}],"collection":[{"href":"https:\/\/hoyre.no\/sarpsborg\/wp-json\/wp\/v2\/posts"}],"about":[{"href":"https:\/\/hoyre.no\/sarpsborg\/wp-json\/wp\/v2\/types\/post"}],"author":[{"embeddable":true,"href":"https:\/\/hoyre.no\/sarpsborg\/wp-json\/wp\/v2\/users\/51167"}],"replies":[{"embeddable":true,"href":"https:\/\/hoyre.no\/sarpsborg\/wp-json\/wp\/v2\/comments?post=1822"}],"version-history":[{"count":1,"href":"https:\/\/hoyre.no\/sarpsborg\/wp-json\/wp\/v2\/posts\/1822\/revisions"}],"predecessor-version":[{"id":1823,"href":"https:\/\/hoyre.no\/sarpsborg\/wp-json\/wp\/v2\/posts\/1822\/revisions\/1823"}],"wp:attachment":[{"href":"https:\/\/hoyre.no\/sarpsborg\/wp-json\/wp\/v2\/media?parent=1822"}],"wp:term":[{"taxonomy":"category","embeddable":true,"href":"https:\/\/hoyre.no\/sarpsborg\/wp-json\/wp\/v2\/category?post=1822"},{"taxonomy":"post_tag","embeddable":true,"href":"https:\/\/hoyre.no\/sarpsborg\/wp-json\/wp\/v2\/post_tag?post=1822"},{"taxonomy":"hoyre-visibility","embeddable":true,"href":"https:\/\/hoyre.no\/sarpsborg\/wp-json\/wp\/v2\/hoyre-visibility?post=1822"},{"taxonomy":"article-type","embeddable":true,"href":"https:\/\/hoyre.no\/sarpsborg\/wp-json\/wp\/v2\/article-type?post=1822"},{"taxonomy":"politician","embeddable":true,"href":"https:\/\/hoyre.no\/sarpsborg\/wp-json\/wp\/v2\/politician?post=1822"}],"curies":[{"name":"wp","href":"https:\/\/api.w.org\/{rel}","templated":true}]}}