{"id":1824,"date":"2026-04-30T09:34:46","date_gmt":"2026-04-30T07:34:46","guid":{"rendered":"https:\/\/hoyre.no\/sarpsborg\/?p=1824"},"modified":"2026-04-30T09:34:46","modified_gmt":"2026-04-30T07:34:46","slug":"nominasjonsmote-for-ordforerkandidat-i-sarpsborg-hoyre","status":"publish","type":"post","link":"https:\/\/hoyre.no\/sarpsborg\/aktuelt\/nominasjonsmote-for-ordforerkandidat-i-sarpsborg-hoyre\/","title":{"rendered":"Nominasjonsm\u00f8te for ordf\u00f8rerkandidat i Sarpsborg H\u00f8yre"},"content":{"rendered":"\n<p class=\"preamble\">Sarpsborg H\u00f8yre inviterer til nominasjonsm\u00f8te i forbindelse med valg av ordf\u00f8rerkandidat.<br><\/p>\t\t\t<div class=\"post-meta wp-block teft-byline-wrapper\">\n\t\t\t\t<div class=\"top\">\n\t\t\t\t\t<div class=\"signature\">\n\t\t\t\t\t\t<div class=\"teft-byline\">\n\t\t\t\t\t\t\t\t\t\t\t\t\t\t<div>\n\t\t\t\t\t\t\t\t<h3>H\u00f8yres redaksjon<\/h3>\t\t\t\t\t\t\t\t\n\t\t\t\t\t\t\t\t\t\t\t\t\t\t\t\t\t<span class=\"date\">Sist oppdatert: 30. april 2026<\/span>\n\t\t\t\t\t\t\t\t\t\t\t\t\t\t\t\t\t\t\t\t\t\t\t\t\t<span class=\"reading-time\" itemprop=\"timeRequired\" content=\"PT1M\"><em>Ca. 1 minutter lesetid<\/em><\/span>\n\t\t\t\t\t\t\t\t\t\t\t\t\t\t\t<\/div>\n\t\t\t\t\t\t<\/div>\n\t\t\t\t\t<\/div>\n\t\t\t\t\t\t<div class=\"sharing\">\n\t\t<a class=\"share-button share-link copy-link\" data-copy=\"https:\/\/hoyre.no\/sarpsborg\/aktuelt\/nominasjonsmote-for-ordforerkandidat-i-sarpsborg-hoyre\/\" target=\"_blank\"><span class=\"screen-reader-text\">Del link<\/span><\/a>\n\t\t<a class=\"share-button share-twitter\" href=\"http:\/\/twitter.com\/share?text=Nominasjonsm\u00f8te for ordf\u00f8rerkandidat i Sarpsborg H\u00f8yre&#038;url=https:\/\/hoyre.no\/sarpsborg\/aktuelt\/nominasjonsmote-for-ordforerkandidat-i-sarpsborg-hoyre\/&#038;hashtags=Hoyre\" target=\"_blank\"><span class=\"screen-reader-text\">Del p\u00e5 twitter<\/span><\/a>\n\t\t<a class=\"share-button share-facebook\" href=\"https:\/\/www.facebook.com\/sharer\/sharer.php?u=https:\/\/hoyre.no\/sarpsborg\/aktuelt\/nominasjonsmote-for-ordforerkandidat-i-sarpsborg-hoyre\/\" target=\"_blank\"><span class=\"screen-reader-text\">Del p\u00e5 facebook<\/span><\/a>\n\t<\/div>\n\t\t\t\t\t<\/div>\n\t\t\t<\/div>\n\n\t\t\t\n\n\n\n\n<p>Det vises til tidligere utsendt informasjon om nominasjonsprosessen. N\u00e5 er tid og sted for m\u00f8tet klart.<\/p>\n\n\n\n<p>Nominasjonsm\u00f8tet finner sted <strong>tirsdag 7. mai hos Glomma Papp<\/strong>, med oppstart klokken <strong>18.00<\/strong>. M\u00f8tet avsluttes etter planen cirka klokken <strong>20.00<\/strong>.<\/p>\n\n\n\n<p>I tillegg til selve nominasjonsm\u00f8tet f\u00e5r vi denne kvelden bli bedre kjent med Glomma Papp. Bedriften spanderer kaffe og kaker, og administrerende direkt\u00f8r <strong>Nina Halvorsen<\/strong> og administrasjonssjef <strong>Roy Heggelund<\/strong> vil gi oss en presentasjon av virksomheten. Det blir ogs\u00e5 omvisning i produksjonen.<\/p>\n\n\n\n<p>Vi ser frem til en viktig og hyggelig kveld sammen.<\/p>\n\n\n\n<p><strong>Vel m\u00f8tt!<\/strong><\/p>\n\n\n\n<p>Med hilsen<br><strong>Nominasjonskomiteen i Sarpsborg H\u00f8yre<\/strong><\/p>\n\n\n<div class=\"tags\">\n\t<\/div>\n<div class=\"post-footer alignfull has-background block-editor-block-list__block\" data-align=full>\n\t<div class=\"post-footer-inner\">\n\t\t<h3>Relaterte artikler<\/h3>\n\t\t<div class=\"related-content\"><div class=\"is-card-hoyre\">\n\t<div class=\"teft-card hoyre-teft-card post-teft-card\">\n\t\t<a href=\"https:\/\/hoyre.no\/sarpsborg\/aktuelt\/nominasjonskomiteen-innstiller-magnus-arnesen-som-sarpsborg-hoyres-ordforerkandidat-i-2027\/\" class=\"teft-card__primary-action\">\n\n\t\t\t\t\t<div class=\"teft-card__media teft-card__media--16-9\">\n\t\t\t\t\t\t<img loading=\"lazy\" decoding=\"async\" width=\"768\" height=\"571\" src=\"https:\/\/hoyre.no\/content\/uploads\/sites\/161\/2025\/03\/IMG_5356-768x571.jpg\" class=\"attachment-medium_large size-medium_large\" alt=\"\" srcset=\"https:\/\/hoyre.no\/content\/uploads\/sites\/161\/2025\/03\/IMG_5356-768x571.jpg 768w, https:\/\/hoyre.no\/content\/uploads\/sites\/161\/2025\/03\/IMG_5356-300x223.jpg 300w, https:\/\/hoyre.no\/content\/uploads\/sites\/161\/2025\/03\/IMG_5356-1024x761.jpg 1024w, https:\/\/hoyre.no\/content\/uploads\/sites\/161\/2025\/03\/IMG_5356-1536x1142.jpg 1536w, https:\/\/hoyre.no\/content\/uploads\/sites\/161\/2025\/03\/IMG_5356-2048x1522.jpg 2048w\" sizes=\"auto, (max-width: 768px) 100vw, 768px\" \/>\t\t<\/div>\n\t\t\n\t\t\t<div class=\"teft-card__content-wrapper\">\n\t\t\t\t<div class=\"teft-card__secondary\">\n\t\t\t\t\t\n\t\t\t\t\t\t\t\t<div class=\"teft-card__meta\">\n\t\t\t\t\t\t\t\t\t<span class=\"post-date\">24. apr 2026<\/span>\n\n\t\t\t\t\t\t\t\t\t\t\t\t\t\t\t\t\t<\/div>\n\t\t\t\t\t\t\t\t\t\t\t<\/div>\n\n\t\t\t\t<div class=\"teft-card__primary\">\n\t\t\t\t\t<h2 class=\"teft-card__title\">Nominasjonskomit\u00e9en innstiller Magnus Arnesen som Sarpsborg H\u00f8yres ordf\u00f8rerkandidat i 2027&nbsp;<span class=\"teft-card__primary-title-append\"><\/span><\/h2>\t\t\t\t<\/div>\n\t\t\t<\/div>\n\t\t<\/a>\n\t<\/div>\n\n\t<\/div><div class=\"is-card-hoyre\">\n\t<div class=\"teft-card hoyre-teft-card post-teft-card\">\n\t\t<a href=\"https:\/\/hoyre.no\/sarpsborg\/aktuelt\/vi-ma-lose-morgendagens-behov-med-nye-losninger\/\" class=\"teft-card__primary-action\">\n\n\t\t\t\t\t<div class=\"teft-card__media teft-card__media--16-9\">\n\t\t\t\t\t\t<img loading=\"lazy\" decoding=\"async\" width=\"768\" height=\"782\" src=\"https:\/\/hoyre.no\/content\/uploads\/sites\/161\/2026\/04\/m-og-e-768x782.jpg\" class=\"attachment-medium_large size-medium_large\" alt=\"\" srcset=\"https:\/\/hoyre.no\/content\/uploads\/sites\/161\/2026\/04\/m-og-e-768x782.jpg 768w, https:\/\/hoyre.no\/content\/uploads\/sites\/161\/2026\/04\/m-og-e-295x300.jpg 295w, https:\/\/hoyre.no\/content\/uploads\/sites\/161\/2026\/04\/m-og-e-1006x1024.jpg 1006w, https:\/\/hoyre.no\/content\/uploads\/sites\/161\/2026\/04\/m-og-e.jpg 1330w\" sizes=\"auto, (max-width: 768px) 100vw, 768px\" \/>\t\t<\/div>\n\t\t\n\t\t\t<div class=\"teft-card__content-wrapper\">\n\t\t\t\t<div class=\"teft-card__secondary\">\n\t\t\t\t\t\n\t\t\t\t\t\t\t\t<div class=\"teft-card__meta\">\n\t\t\t\t\t\t\t\t\t<span class=\"post-date\">22. apr 2026<\/span>\n\n\t\t\t\t\t\t\t\t\t<span class=\"post-category\">Leserinnlegg<\/span>\t\t\t\t\t\t\t\t<\/div>\n\t\t\t\t\t\t\t\t\t\t\t<\/div>\n\n\t\t\t\t<div class=\"teft-card__primary\">\n\t\t\t\t\t<h2 class=\"teft-card__title\">Vi m\u00e5 l\u00f8se morgendagens behov med nye l\u00f8sninger&nbsp;<span class=\"teft-card__primary-title-append\"><\/span><\/h2>\t\t\t\t<\/div>\n\t\t\t<\/div>\n\t\t<\/a>\n\t<\/div>\n\n\t<\/div><div class=\"is-card-hoyre\">\n\t<div class=\"teft-card hoyre-teft-card post-teft-card\">\n\t\t<a href=\"https:\/\/hoyre.no\/sarpsborg\/aktuelt\/hoyre-vil-sette-handling-bak-ord\/\" class=\"teft-card__primary-action\">\n\n\t\t\t\t\t<div class=\"teft-card__media teft-card__media--16-9\">\n\t\t\t\t\t\t<img loading=\"lazy\" decoding=\"async\" width=\"559\" height=\"1024\" src=\"https:\/\/hoyre.no\/content\/uploads\/sites\/161\/2026\/04\/marianne-telle.avif\" class=\"attachment-medium_large size-medium_large\" alt=\"\" srcset=\"https:\/\/hoyre.no\/content\/uploads\/sites\/161\/2026\/04\/marianne-telle.avif 559w, https:\/\/hoyre.no\/content\/uploads\/sites\/161\/2026\/04\/marianne-telle-164x300.avif 164w\" sizes=\"auto, (max-width: 559px) 100vw, 559px\" \/>\t\t<\/div>\n\t\t\n\t\t\t<div class=\"teft-card__content-wrapper\">\n\t\t\t\t<div class=\"teft-card__secondary\">\n\t\t\t\t\t\n\t\t\t\t\t\t\t\t<div class=\"teft-card__meta\">\n\t\t\t\t\t\t\t\t\t<span class=\"post-date\">13. apr 2026<\/span>\n\n\t\t\t\t\t\t\t\t\t\t\t\t\t\t\t\t\t<\/div>\n\t\t\t\t\t\t\t\t\t\t\t<\/div>\n\n\t\t\t\t<div class=\"teft-card__primary\">\n\t\t\t\t\t<h2 class=\"teft-card__title\">H\u00f8yre vil sette handling bak ord&nbsp;<span class=\"teft-card__primary-title-append\"><\/span><\/h2>\t\t\t\t<\/div>\n\t\t\t<\/div>\n\t\t<\/a>\n\t<\/div>\n\n\t<\/div><\/div>\t<\/div>\n<\/div>\n","protected":false},"excerpt":{"rendered":"","protected":false},"author":51167,"featured_media":0,"comment_status":"closed","ping_status":"closed","sticky":false,"template":"","format":"standard","meta":{"teft_cards_image_url":"","teft_cards_custom_pretitle":"","teft_cards_image_id":1470,"teft_cards_image_focal_point_x":0.5,"teft_cards_image_focal_point_y":0.5,"teft_cards_title":"","teft_cards_excerpt":"","teft_show_chapters":false,"author_display_name":"","footnotes":""},"category":[1],"post_tag":[],"hoyre-visibility":[],"article-type":[],"politician":[],"class_list":["post-1824","post","type-post","status-publish","format-standard","hentry","category-ukategorisert"],"yoast_head":"<!-- This site is optimized with the Yoast SEO plugin v26.6 - https:\/\/yoast.com\/wordpress\/plugins\/seo\/ -->\n<title>Nominasjonsm\u00f8te for ordf\u00f8rerkandidat i Sarpsborg H\u00f8yre - Sarpsborg H\u00f8yre<\/title>\n<meta name=\"robots\" content=\"index, follow, max-snippet:-1, max-image-preview:large, max-video-preview:-1\" \/>\n<link rel=\"canonical\" href=\"https:\/\/hoyre.no\/sarpsborg\/aktuelt\/nominasjonsmote-for-ordforerkandidat-i-sarpsborg-hoyre\/\" \/>\n<meta property=\"og:locale\" content=\"nb_NO\" \/>\n<meta property=\"og:type\" content=\"article\" \/>\n<meta property=\"og:title\" content=\"Nominasjonsm\u00f8te for ordf\u00f8rerkandidat i Sarpsborg H\u00f8yre - Sarpsborg H\u00f8yre\" \/>\n<meta property=\"og:url\" content=\"https:\/\/hoyre.no\/sarpsborg\/aktuelt\/nominasjonsmote-for-ordforerkandidat-i-sarpsborg-hoyre\/\" \/>\n<meta property=\"og:site_name\" content=\"Sarpsborg H\u00f8yre\" \/>\n<meta property=\"article:published_time\" content=\"2026-04-30T07:34:46+00:00\" \/>\n<meta property=\"og:image\" content=\"https:\/\/hoyre.no\/content\/uploads\/sites\/161\/2026\/04\/marianne-telle.avif\" \/>\n<meta name=\"author\" content=\"Kim Thon\" \/>\n<meta name=\"twitter:card\" content=\"summary_large_image\" \/>\n<meta name=\"twitter:label1\" content=\"Skrevet av\" \/>\n\t<meta name=\"twitter:data1\" content=\"Kim Thon\" \/>\n\t<meta name=\"twitter:label2\" content=\"Ansl. lesetid\" \/>\n\t<meta name=\"twitter:data2\" content=\"1 minutt\" \/>\n<script type=\"application\/ld+json\" class=\"yoast-schema-graph\">{\"@context\":\"https:\/\/schema.org\",\"@graph\":[{\"@type\":\"NewsArticle\",\"@id\":\"https:\/\/hoyre.no\/sarpsborg\/aktuelt\/nominasjonsmote-for-ordforerkandidat-i-sarpsborg-hoyre\/\",\"url\":\"https:\/\/hoyre.no\/sarpsborg\/aktuelt\/nominasjonsmote-for-ordforerkandidat-i-sarpsborg-hoyre\/\",\"name\":\"Nominasjonsm\u00f8te for ordf\u00f8rerkandidat i Sarpsborg H\u00f8yre - Sarpsborg H\u00f8yre\",\"isPartOf\":{\"@id\":\"https:\/\/hoyre.no\/sarpsborg\/#website\"},\"datePublished\":\"2026-04-30T07:34:46+00:00\",\"author\":{\"@id\":\"https:\/\/hoyre.no\/sarpsborg\/#\/schema\/person\/8b2837216a04a0fe67c47b7555206046\"},\"breadcrumb\":{\"@id\":\"https:\/\/hoyre.no\/sarpsborg\/aktuelt\/nominasjonsmote-for-ordforerkandidat-i-sarpsborg-hoyre\/#breadcrumb\"},\"inLanguage\":\"nb-NO\",\"potentialAction\":[{\"@type\":\"ReadAction\",\"target\":[\"https:\/\/hoyre.no\/sarpsborg\/aktuelt\/nominasjonsmote-for-ordforerkandidat-i-sarpsborg-hoyre\/\"]}]},{\"@type\":\"BreadcrumbList\",\"@id\":\"https:\/\/hoyre.no\/sarpsborg\/aktuelt\/nominasjonsmote-for-ordforerkandidat-i-sarpsborg-hoyre\/#breadcrumb\",\"itemListElement\":[{\"@type\":\"ListItem\",\"position\":1,\"name\":\"Til hoyre.no\",\"item\":\"https:\/\/hoyre.no\"},{\"@type\":\"ListItem\",\"position\":2,\"name\":\"Hjem\",\"item\":\"https:\/\/hoyre.no\/sarpsborg\/\"},{\"@type\":\"ListItem\",\"position\":3,\"name\":\"Nominasjonsm\u00f8te for ordf\u00f8rerkandidat i Sarpsborg H\u00f8yre\"}]},{\"@type\":\"WebSite\",\"@id\":\"https:\/\/hoyre.no\/sarpsborg\/#website\",\"url\":\"https:\/\/hoyre.no\/sarpsborg\/\",\"name\":\"Sarpsborg H\u00f8yre\",\"description\":\"Bare enda et H\u00f8yres nettsteder-nettsted\",\"inLanguage\":\"nb-NO\"},{\"@type\":\"Person\",\"@id\":\"https:\/\/hoyre.no\/sarpsborg\/#\/schema\/person\/8b2837216a04a0fe67c47b7555206046\",\"name\":\"Kim Thon\",\"image\":{\"@type\":\"ImageObject\",\"inLanguage\":\"nb-NO\",\"@id\":\"https:\/\/hoyre.no\/sarpsborg\/#\/schema\/person\/image\/\",\"url\":\"https:\/\/secure.gravatar.com\/avatar\/5acc7267a0f9457284356bde53e6d54a775133f0d3c4ab849ce3e35660ecc70b?s=96&d=mm&r=g\",\"contentUrl\":\"https:\/\/secure.gravatar.com\/avatar\/5acc7267a0f9457284356bde53e6d54a775133f0d3c4ab849ce3e35660ecc70b?s=96&d=mm&r=g\",\"caption\":\"Kim Thon\"},\"url\":\"https:\/\/hoyre.no\/sarpsborg\/aktuelt\/author\/m60000074\/\"}]}<\/script>\n<!-- \/ Yoast SEO plugin. -->","yoast_head_json":{"title":"Nominasjonsm\u00f8te for ordf\u00f8rerkandidat i Sarpsborg H\u00f8yre - Sarpsborg H\u00f8yre","robots":{"index":"index","follow":"follow","max-snippet":"max-snippet:-1","max-image-preview":"max-image-preview:large","max-video-preview":"max-video-preview:-1"},"canonical":"https:\/\/hoyre.no\/sarpsborg\/aktuelt\/nominasjonsmote-for-ordforerkandidat-i-sarpsborg-hoyre\/","og_locale":"nb_NO","og_type":"article","og_title":"Nominasjonsm\u00f8te for ordf\u00f8rerkandidat i Sarpsborg H\u00f8yre - Sarpsborg H\u00f8yre","og_url":"https:\/\/hoyre.no\/sarpsborg\/aktuelt\/nominasjonsmote-for-ordforerkandidat-i-sarpsborg-hoyre\/","og_site_name":"Sarpsborg H\u00f8yre","article_published_time":"2026-04-30T07:34:46+00:00","og_image":[{"url":"https:\/\/hoyre.no\/content\/uploads\/sites\/161\/2026\/04\/marianne-telle.avif","width":"","height":"","type":""}],"author":"Kim Thon","twitter_card":"summary_large_image","twitter_misc":{"Skrevet av":"Kim Thon","Ansl. lesetid":"1 minutt"},"schema":{"@context":"https:\/\/schema.org","@graph":[{"@type":"NewsArticle","@id":"https:\/\/hoyre.no\/sarpsborg\/aktuelt\/nominasjonsmote-for-ordforerkandidat-i-sarpsborg-hoyre\/","url":"https:\/\/hoyre.no\/sarpsborg\/aktuelt\/nominasjonsmote-for-ordforerkandidat-i-sarpsborg-hoyre\/","name":"Nominasjonsm\u00f8te for ordf\u00f8rerkandidat i Sarpsborg H\u00f8yre - Sarpsborg H\u00f8yre","isPartOf":{"@id":"https:\/\/hoyre.no\/sarpsborg\/#website"},"datePublished":"2026-04-30T07:34:46+00:00","author":{"@id":"https:\/\/hoyre.no\/sarpsborg\/#\/schema\/person\/8b2837216a04a0fe67c47b7555206046"},"breadcrumb":{"@id":"https:\/\/hoyre.no\/sarpsborg\/aktuelt\/nominasjonsmote-for-ordforerkandidat-i-sarpsborg-hoyre\/#breadcrumb"},"inLanguage":"nb-NO","potentialAction":[{"@type":"ReadAction","target":["https:\/\/hoyre.no\/sarpsborg\/aktuelt\/nominasjonsmote-for-ordforerkandidat-i-sarpsborg-hoyre\/"]}]},{"@type":"BreadcrumbList","@id":"https:\/\/hoyre.no\/sarpsborg\/aktuelt\/nominasjonsmote-for-ordforerkandidat-i-sarpsborg-hoyre\/#breadcrumb","itemListElement":[{"@type":"ListItem","position":1,"name":"Til hoyre.no","item":"https:\/\/hoyre.no"},{"@type":"ListItem","position":2,"name":"Hjem","item":"https:\/\/hoyre.no\/sarpsborg\/"},{"@type":"ListItem","position":3,"name":"Nominasjonsm\u00f8te for ordf\u00f8rerkandidat i Sarpsborg H\u00f8yre"}]},{"@type":"WebSite","@id":"https:\/\/hoyre.no\/sarpsborg\/#website","url":"https:\/\/hoyre.no\/sarpsborg\/","name":"Sarpsborg H\u00f8yre","description":"Bare enda et H\u00f8yres nettsteder-nettsted","inLanguage":"nb-NO"},{"@type":"Person","@id":"https:\/\/hoyre.no\/sarpsborg\/#\/schema\/person\/8b2837216a04a0fe67c47b7555206046","name":"Kim Thon","image":{"@type":"ImageObject","inLanguage":"nb-NO","@id":"https:\/\/hoyre.no\/sarpsborg\/#\/schema\/person\/image\/","url":"https:\/\/secure.gravatar.com\/avatar\/5acc7267a0f9457284356bde53e6d54a775133f0d3c4ab849ce3e35660ecc70b?s=96&d=mm&r=g","contentUrl":"https:\/\/secure.gravatar.com\/avatar\/5acc7267a0f9457284356bde53e6d54a775133f0d3c4ab849ce3e35660ecc70b?s=96&d=mm&r=g","caption":"Kim Thon"},"url":"https:\/\/hoyre.no\/sarpsborg\/aktuelt\/author\/m60000074\/"}]}},"distributor_meta":false,"distributor_terms":false,"distributor_media":false,"distributor_original_site_name":"Sarpsborg H\u00f8yre","distributor_original_site_url":"https:\/\/hoyre.no\/sarpsborg","push-errors":false,"_links":{"self":[{"href":"https:\/\/hoyre.no\/sarpsborg\/wp-json\/wp\/v2\/posts\/1824","targetHints":{"allow":["GET"]}}],"collection":[{"href":"https:\/\/hoyre.no\/sarpsborg\/wp-json\/wp\/v2\/posts"}],"about":[{"href":"https:\/\/hoyre.no\/sarpsborg\/wp-json\/wp\/v2\/types\/post"}],"author":[{"embeddable":true,"href":"https:\/\/hoyre.no\/sarpsborg\/wp-json\/wp\/v2\/users\/51167"}],"replies":[{"embeddable":true,"href":"https:\/\/hoyre.no\/sarpsborg\/wp-json\/wp\/v2\/comments?post=1824"}],"version-history":[{"count":1,"href":"https:\/\/hoyre.no\/sarpsborg\/wp-json\/wp\/v2\/posts\/1824\/revisions"}],"predecessor-version":[{"id":1825,"href":"https:\/\/hoyre.no\/sarpsborg\/wp-json\/wp\/v2\/posts\/1824\/revisions\/1825"}],"wp:attachment":[{"href":"https:\/\/hoyre.no\/sarpsborg\/wp-json\/wp\/v2\/media?parent=1824"}],"wp:term":[{"taxonomy":"category","embeddable":true,"href":"https:\/\/hoyre.no\/sarpsborg\/wp-json\/wp\/v2\/category?post=1824"},{"taxonomy":"post_tag","embeddable":true,"href":"https:\/\/hoyre.no\/sarpsborg\/wp-json\/wp\/v2\/post_tag?post=1824"},{"taxonomy":"hoyre-visibility","embeddable":true,"href":"https:\/\/hoyre.no\/sarpsborg\/wp-json\/wp\/v2\/hoyre-visibility?post=1824"},{"taxonomy":"article-type","embeddable":true,"href":"https:\/\/hoyre.no\/sarpsborg\/wp-json\/wp\/v2\/article-type?post=1824"},{"taxonomy":"politician","embeddable":true,"href":"https:\/\/hoyre.no\/sarpsborg\/wp-json\/wp\/v2\/politician?post=1824"}],"curies":[{"name":"wp","href":"https:\/\/api.w.org\/{rel}","templated":true}]}}