{"id":325,"date":"2022-01-22T18:13:49","date_gmt":"2022-01-22T17:13:49","guid":{"rendered":"https:\/\/hoyre.no\/sarpsborg\/?p=325"},"modified":"2022-01-22T18:24:27","modified_gmt":"2022-01-22T17:24:27","slug":"hva-om-pengene-ikke-kommer-sindre","status":"publish","type":"post","link":"https:\/\/hoyre.no\/sarpsborg\/aktuelt\/hva-om-pengene-ikke-kommer-sindre\/","title":{"rendered":"Hva om pengene ikke kommer, Sindre?"},"content":{"rendered":"\n<p class=\"preamble\">Ordf\u00f8rer Sindre Marthinsen-Evje mister nattes\u00f8vnen av kommune\u00f8konomiens dystre fremtidsutsikter og krever hjelp fra staten. Samtidig har hans egen parti nettopp vedtatt et budsjett som svekker kommune\u00f8konomien med 73 millioner de neste fire \u00e5rene m\u00e5lt opp mot kommunedirekt\u00f8rens forslag.<\/p>\t\t\t<div class=\"post-meta wp-block teft-byline-wrapper\">\n\t\t\t\t<div class=\"top\">\n\t\t\t\t\t<div class=\"signature\">\n\t\t\t\t\t\t<div class=\"teft-byline\">\n\t\t\t\t\t\t\t\t\t\t\t\t\t\t<div>\n\t\t\t\t\t\t\t\t<h3>H\u00f8yres redaksjon<\/h3>\t\t\t\t\t\t\t\t\n\t\t\t\t\t\t\t\t\t\t\t\t\t\t\t\t\t<span class=\"date\">Sist oppdatert: 22. januar 2022<\/span>\n\t\t\t\t\t\t\t\t\t\t\t\t\t\t\t\t\t\t\t\t\t\t\t\t\t<span class=\"reading-time\" itemprop=\"timeRequired\" content=\"PT2M\"><em>Ca. 2 minutter lesetid<\/em><\/span>\n\t\t\t\t\t\t\t\t\t\t\t\t\t\t\t<\/div>\n\t\t\t\t\t\t<\/div>\n\t\t\t\t\t<\/div>\n\t\t\t\t\t\t<div class=\"sharing\">\n\t\t<a class=\"share-button share-link copy-link\" data-copy=\"https:\/\/hoyre.no\/sarpsborg\/aktuelt\/hva-om-pengene-ikke-kommer-sindre\/\" target=\"_blank\"><span class=\"screen-reader-text\">Del link<\/span><\/a>\n\t\t<a class=\"share-button share-twitter\" href=\"http:\/\/twitter.com\/share?text=Hva om pengene ikke kommer, Sindre?&#038;url=https:\/\/hoyre.no\/sarpsborg\/aktuelt\/hva-om-pengene-ikke-kommer-sindre\/&#038;hashtags=Hoyre\" target=\"_blank\"><span class=\"screen-reader-text\">Del p\u00e5 twitter<\/span><\/a>\n\t\t<a class=\"share-button share-facebook\" href=\"https:\/\/www.facebook.com\/sharer\/sharer.php?u=https:\/\/hoyre.no\/sarpsborg\/aktuelt\/hva-om-pengene-ikke-kommer-sindre\/\" target=\"_blank\"><span class=\"screen-reader-text\">Del p\u00e5 facebook<\/span><\/a>\n\t<\/div>\n\t\t\t\t\t<\/div>\n\t\t\t<\/div>\n\n\t\t\t<figure class=\"hoyre-image-wrapper\"><div class=\"hoyre-image\"><img loading=\"lazy\" decoding=\"async\" width=\"4523\" height=\"2475\" src=\"https:\/\/hoyre.no\/content\/uploads\/sites\/161\/2022\/01\/profilbilde-sentum.png\" class=\"attachment-scaled size-scaled\" alt=\"\" style=\"object-position: 50% 50%\" srcset=\"https:\/\/hoyre.no\/content\/uploads\/sites\/161\/2022\/01\/profilbilde-sentum.png 4523w, https:\/\/hoyre.no\/content\/uploads\/sites\/161\/2022\/01\/profilbilde-sentum-300x164.png 300w, https:\/\/hoyre.no\/content\/uploads\/sites\/161\/2022\/01\/profilbilde-sentum-1024x560.png 1024w, https:\/\/hoyre.no\/content\/uploads\/sites\/161\/2022\/01\/profilbilde-sentum-768x420.png 768w, https:\/\/hoyre.no\/content\/uploads\/sites\/161\/2022\/01\/profilbilde-sentum-1536x841.png 1536w, https:\/\/hoyre.no\/content\/uploads\/sites\/161\/2022\/01\/profilbilde-sentum-2048x1121.png 2048w\" sizes=\"auto, (max-width: 4523px) 100vw, 4523px\" \/><\/div><\/figure>\n\n\n\n\n<p>Stortinget har vedtatt reformer som p\u00e5legger kommunen v\u00e5r 40 millioner kroner i ekstra kostnader i 2023, penger som det ikke er dekning for uten \u00e5 ta av kommunens fondsmidler. Forst\u00e5elig nok krever ordf\u00f8reren at statlige midler m\u00e5 f\u00f8lge med reformene. Samtidig har vi en utfordrende situasjon med mange sekund\u00e6rflykninger som statistisk sett p\u00e5f\u00f8rer kommunen ekstrautgifter. Igjen krever man at staten stiller opp med midler, noe som selvf\u00f8lgelig er berettiget. Men jeg stiller meg sp\u00f8rsm\u00e5let<em>: \u00abHva om pengene ikke kommer?\u00bb<\/em><\/p>\n\n\n\n<p>Jeg lurer ogs\u00e5 p\u00e5 hvorvidt Sindre mister nattes\u00f8vnen av eget partis budsjett for de neste fire \u00e5rene. Til tross for at de nevnte 40 millionene ekstra ikke var noen stor hemmelighet under budsjettbehandlingene, velger hans eget parti \u00e5 reversere flere av de sterkt n\u00f8dvendige strukturelle grepene som kommunedirekt\u00f8ren foreslo. Man blir ikke popul\u00e6r som politiker ved \u00e5 legge ned verken barnehager eller sykehjemsplasser. Allikevel skylder vi politikere byens innbyggere \u00e5 fortelle sannheten, nemlig at dessverre ikke alle kan f\u00e5 alt. Vi skylder byens innbyggere og kommunens ansatte den tryggheten og forutsigbarheten det gir at kommunen har et b\u00e6rekraftig forhold mellom inntekter og kostnader. Uten en b\u00e6rekraftig \u00f8konomi g\u00e5r vi en usikker fremtid i m\u00f8te og vi kan f\u00e5 \u00e5r med drastiske og plutselige kutt for \u00e5 redde stumpene. Vi vet allerede n\u00e5 at kommunen ikke har dekning for 40 millioner kroner i 2023. Mitt sp\u00f8rsm\u00e5l er hvorvidt ordf\u00f8reren og resten av partiet hans bare krysser fingrene for at pengene kommer fra oven? Burde vi ikke heller selv ta ansvar for en b\u00e6rekraftig \u00f8konomi i Sarpsborg kommune?<\/p>\n\n\n\n<p>I H\u00f8yres alternative budsjett foreslo vi \u00e5 gj\u00f8re det vi mener er helt n\u00f8dvendige strukturelle grep. Det vil bety at ikke alle f\u00e5r alt, men det betyr ogs\u00e5 at vi gir kommunen et lite \u00f8konomiske pusterom og en st\u00f8rre trygghet for fremtiden. Trygghet om at vi fortsatt kan levere det vi har lovet til kommunens innbyggere og ansatte dersom pengedrysset fra oven skulle utebli.<\/p>\n\n\n\n<p>Med Arbeiderpartiets budsjett der \u00aballe f\u00e5r alt\u00bb er mitt sp\u00f8rsm\u00e5l: <em>\u00abHva om pengene ikke kommer?\u00bb<\/em><\/p>\n\n\n<div class=\"tags\">\n\t<\/div>\n<div class=\"post-footer alignfull has-background block-editor-block-list__block\" data-align=full>\n\t<div class=\"post-footer-inner\">\n\t\t<h3>Relaterte artikler<\/h3>\n\t\t<div class=\"related-content\"><div class=\"is-card-hoyre\">\n\t<div class=\"teft-card hoyre-teft-card post-teft-card\">\n\t\t<a href=\"https:\/\/hoyre.no\/sarpsborg\/aktuelt\/nominasjonsmote-for-ordforerkandidat-i-sarpsborg-hoyre\/\" class=\"teft-card__primary-action\">\n\n\t\t\t\t\t<div class=\"teft-card__media teft-card__media--16-9\">\n\t\t\t\t\t\t<img loading=\"lazy\" decoding=\"async\" width=\"768\" height=\"623\" src=\"https:\/\/hoyre.no\/content\/uploads\/sites\/161\/2025\/05\/IMG_0699-768x623.jpg\" class=\"attachment-medium_large size-medium_large\" alt=\"\" srcset=\"https:\/\/hoyre.no\/content\/uploads\/sites\/161\/2025\/05\/IMG_0699-768x623.jpg 768w, https:\/\/hoyre.no\/content\/uploads\/sites\/161\/2025\/05\/IMG_0699-300x243.jpg 300w, https:\/\/hoyre.no\/content\/uploads\/sites\/161\/2025\/05\/IMG_0699-1024x830.jpg 1024w, https:\/\/hoyre.no\/content\/uploads\/sites\/161\/2025\/05\/IMG_0699-1536x1246.jpg 1536w, https:\/\/hoyre.no\/content\/uploads\/sites\/161\/2025\/05\/IMG_0699-2048x1661.jpg 2048w, https:\/\/hoyre.no\/content\/uploads\/sites\/161\/2025\/05\/IMG_0699-scaled-e1747426866603.jpg 1000w\" sizes=\"auto, (max-width: 768px) 100vw, 768px\" \/>\t\t<\/div>\n\t\t\n\t\t\t<div class=\"teft-card__content-wrapper\">\n\t\t\t\t<div class=\"teft-card__secondary\">\n\t\t\t\t\t\n\t\t\t\t\t\t\t\t<div class=\"teft-card__meta\">\n\t\t\t\t\t\t\t\t\t<span class=\"post-date\">30. apr 2026<\/span>\n\n\t\t\t\t\t\t\t\t\t\t\t\t\t\t\t\t\t<\/div>\n\t\t\t\t\t\t\t\t\t\t\t<\/div>\n\n\t\t\t\t<div class=\"teft-card__primary\">\n\t\t\t\t\t<h2 class=\"teft-card__title\">Nominasjonsm\u00f8te for ordf\u00f8rerkandidat i Sarpsborg H\u00f8yre&nbsp;<span class=\"teft-card__primary-title-append\"><\/span><\/h2>\t\t\t\t<\/div>\n\t\t\t<\/div>\n\t\t<\/a>\n\t<\/div>\n\n\t<\/div><div class=\"is-card-hoyre\">\n\t<div class=\"teft-card hoyre-teft-card post-teft-card\">\n\t\t<a href=\"https:\/\/hoyre.no\/sarpsborg\/aktuelt\/nominasjonskomiteen-innstiller-magnus-arnesen-som-sarpsborg-hoyres-ordforerkandidat-i-2027\/\" class=\"teft-card__primary-action\">\n\n\t\t\t\t\t<div class=\"teft-card__media teft-card__media--16-9\">\n\t\t\t\t\t\t<img loading=\"lazy\" decoding=\"async\" width=\"768\" height=\"571\" src=\"https:\/\/hoyre.no\/content\/uploads\/sites\/161\/2025\/03\/IMG_5356-768x571.jpg\" class=\"attachment-medium_large size-medium_large\" alt=\"\" srcset=\"https:\/\/hoyre.no\/content\/uploads\/sites\/161\/2025\/03\/IMG_5356-768x571.jpg 768w, https:\/\/hoyre.no\/content\/uploads\/sites\/161\/2025\/03\/IMG_5356-300x223.jpg 300w, https:\/\/hoyre.no\/content\/uploads\/sites\/161\/2025\/03\/IMG_5356-1024x761.jpg 1024w, https:\/\/hoyre.no\/content\/uploads\/sites\/161\/2025\/03\/IMG_5356-1536x1142.jpg 1536w, https:\/\/hoyre.no\/content\/uploads\/sites\/161\/2025\/03\/IMG_5356-2048x1522.jpg 2048w\" sizes=\"auto, (max-width: 768px) 100vw, 768px\" \/>\t\t<\/div>\n\t\t\n\t\t\t<div class=\"teft-card__content-wrapper\">\n\t\t\t\t<div class=\"teft-card__secondary\">\n\t\t\t\t\t\n\t\t\t\t\t\t\t\t<div class=\"teft-card__meta\">\n\t\t\t\t\t\t\t\t\t<span class=\"post-date\">24. apr 2026<\/span>\n\n\t\t\t\t\t\t\t\t\t\t\t\t\t\t\t\t\t<\/div>\n\t\t\t\t\t\t\t\t\t\t\t<\/div>\n\n\t\t\t\t<div class=\"teft-card__primary\">\n\t\t\t\t\t<h2 class=\"teft-card__title\">Nominasjonskomit\u00e9en innstiller Magnus Arnesen som Sarpsborg H\u00f8yres ordf\u00f8rerkandidat i 2027&nbsp;<span class=\"teft-card__primary-title-append\"><\/span><\/h2>\t\t\t\t<\/div>\n\t\t\t<\/div>\n\t\t<\/a>\n\t<\/div>\n\n\t<\/div><div class=\"is-card-hoyre\">\n\t<div class=\"teft-card hoyre-teft-card post-teft-card\">\n\t\t<a href=\"https:\/\/hoyre.no\/sarpsborg\/aktuelt\/vi-ma-lose-morgendagens-behov-med-nye-losninger\/\" class=\"teft-card__primary-action\">\n\n\t\t\t\t\t<div class=\"teft-card__media teft-card__media--16-9\">\n\t\t\t\t\t\t<img loading=\"lazy\" decoding=\"async\" width=\"768\" height=\"782\" src=\"https:\/\/hoyre.no\/content\/uploads\/sites\/161\/2026\/04\/m-og-e-768x782.jpg\" class=\"attachment-medium_large size-medium_large\" alt=\"\" srcset=\"https:\/\/hoyre.no\/content\/uploads\/sites\/161\/2026\/04\/m-og-e-768x782.jpg 768w, https:\/\/hoyre.no\/content\/uploads\/sites\/161\/2026\/04\/m-og-e-295x300.jpg 295w, https:\/\/hoyre.no\/content\/uploads\/sites\/161\/2026\/04\/m-og-e-1006x1024.jpg 1006w, https:\/\/hoyre.no\/content\/uploads\/sites\/161\/2026\/04\/m-og-e.jpg 1330w\" sizes=\"auto, (max-width: 768px) 100vw, 768px\" \/>\t\t<\/div>\n\t\t\n\t\t\t<div class=\"teft-card__content-wrapper\">\n\t\t\t\t<div class=\"teft-card__secondary\">\n\t\t\t\t\t\n\t\t\t\t\t\t\t\t<div class=\"teft-card__meta\">\n\t\t\t\t\t\t\t\t\t<span class=\"post-date\">22. apr 2026<\/span>\n\n\t\t\t\t\t\t\t\t\t<span class=\"post-category\">Leserinnlegg<\/span>\t\t\t\t\t\t\t\t<\/div>\n\t\t\t\t\t\t\t\t\t\t\t<\/div>\n\n\t\t\t\t<div class=\"teft-card__primary\">\n\t\t\t\t\t<h2 class=\"teft-card__title\">Vi m\u00e5 l\u00f8se morgendagens behov med nye l\u00f8sninger&nbsp;<span class=\"teft-card__primary-title-append\"><\/span><\/h2>\t\t\t\t<\/div>\n\t\t\t<\/div>\n\t\t<\/a>\n\t<\/div>\n\n\t<\/div><\/div>\t<\/div>\n<\/div>\n","protected":false},"excerpt":{"rendered":"","protected":false},"author":17718,"featured_media":0,"comment_status":"closed","ping_status":"closed","sticky":false,"template":"","format":"standard","meta":{"teft_cards_image_url":"","teft_cards_custom_pretitle":"","teft_cards_image_id":328,"teft_cards_image_focal_point_x":0.43,"teft_cards_image_focal_point_y":0.45,"teft_cards_title":"","teft_cards_excerpt":"","teft_show_chapters":false,"author_display_name":"","footnotes":""},"category":[1],"post_tag":[],"hoyre-visibility":[],"article-type":[],"politician":[5],"class_list":["post-325","post","type-post","status-publish","format-standard","hentry","category-ukategorisert","politician-magnus-arnesen"],"yoast_head":"<!-- This site is optimized with the Yoast SEO plugin v26.6 - https:\/\/yoast.com\/wordpress\/plugins\/seo\/ -->\n<title>Hva om pengene ikke kommer, Sindre? - Sarpsborg H\u00f8yre<\/title>\n<meta name=\"robots\" content=\"index, follow, max-snippet:-1, max-image-preview:large, max-video-preview:-1\" \/>\n<link rel=\"canonical\" href=\"https:\/\/hoyre.no\/sarpsborg\/aktuelt\/hva-om-pengene-ikke-kommer-sindre\/\" \/>\n<meta property=\"og:locale\" content=\"nb_NO\" \/>\n<meta property=\"og:type\" content=\"article\" \/>\n<meta property=\"og:title\" content=\"Hva om pengene ikke kommer, Sindre? - Sarpsborg H\u00f8yre\" \/>\n<meta property=\"og:url\" content=\"https:\/\/hoyre.no\/sarpsborg\/aktuelt\/hva-om-pengene-ikke-kommer-sindre\/\" \/>\n<meta property=\"og:site_name\" content=\"Sarpsborg H\u00f8yre\" \/>\n<meta property=\"article:published_time\" content=\"2022-01-22T17:13:49+00:00\" \/>\n<meta property=\"article:modified_time\" content=\"2022-01-22T17:24:27+00:00\" \/>\n<meta property=\"og:image\" content=\"https:\/\/hoyre.no\/content\/uploads\/sites\/161\/2026\/04\/m-og-e-1006x1024.jpg\" \/>\n<meta name=\"author\" content=\"Magnus Arnesen\" \/>\n<meta name=\"twitter:card\" content=\"summary_large_image\" \/>\n<meta name=\"twitter:label1\" content=\"Skrevet av\" \/>\n\t<meta name=\"twitter:data1\" content=\"Magnus Arnesen\" \/>\n\t<meta name=\"twitter:label2\" content=\"Ansl. lesetid\" \/>\n\t<meta name=\"twitter:data2\" content=\"2 minutter\" \/>\n<script type=\"application\/ld+json\" class=\"yoast-schema-graph\">{\"@context\":\"https:\/\/schema.org\",\"@graph\":[{\"@type\":\"NewsArticle\",\"@id\":\"https:\/\/hoyre.no\/sarpsborg\/aktuelt\/hva-om-pengene-ikke-kommer-sindre\/\",\"url\":\"https:\/\/hoyre.no\/sarpsborg\/aktuelt\/hva-om-pengene-ikke-kommer-sindre\/\",\"name\":\"Hva om pengene ikke kommer, Sindre? - Sarpsborg H\u00f8yre\",\"isPartOf\":{\"@id\":\"https:\/\/hoyre.no\/sarpsborg\/#website\"},\"datePublished\":\"2022-01-22T17:13:49+00:00\",\"dateModified\":\"2022-01-22T17:24:27+00:00\",\"author\":{\"@id\":\"https:\/\/hoyre.no\/sarpsborg\/#\/schema\/person\/9fbc77804f476d31ae94625fe6093183\"},\"breadcrumb\":{\"@id\":\"https:\/\/hoyre.no\/sarpsborg\/aktuelt\/hva-om-pengene-ikke-kommer-sindre\/#breadcrumb\"},\"inLanguage\":\"nb-NO\",\"potentialAction\":[{\"@type\":\"ReadAction\",\"target\":[\"https:\/\/hoyre.no\/sarpsborg\/aktuelt\/hva-om-pengene-ikke-kommer-sindre\/\"]}]},{\"@type\":\"BreadcrumbList\",\"@id\":\"https:\/\/hoyre.no\/sarpsborg\/aktuelt\/hva-om-pengene-ikke-kommer-sindre\/#breadcrumb\",\"itemListElement\":[{\"@type\":\"ListItem\",\"position\":1,\"name\":\"Til hoyre.no\",\"item\":\"https:\/\/hoyre.no\"},{\"@type\":\"ListItem\",\"position\":2,\"name\":\"Hjem\",\"item\":\"https:\/\/hoyre.no\/sarpsborg\/\"},{\"@type\":\"ListItem\",\"position\":3,\"name\":\"Hva om pengene ikke kommer, Sindre?\"}]},{\"@type\":\"WebSite\",\"@id\":\"https:\/\/hoyre.no\/sarpsborg\/#website\",\"url\":\"https:\/\/hoyre.no\/sarpsborg\/\",\"name\":\"Sarpsborg H\u00f8yre\",\"description\":\"Bare enda et H\u00f8yres nettsteder-nettsted\",\"inLanguage\":\"nb-NO\"},{\"@type\":\"Person\",\"@id\":\"https:\/\/hoyre.no\/sarpsborg\/#\/schema\/person\/9fbc77804f476d31ae94625fe6093183\",\"name\":\"Magnus Arnesen\",\"image\":{\"@type\":\"ImageObject\",\"inLanguage\":\"nb-NO\",\"@id\":\"https:\/\/hoyre.no\/sarpsborg\/#\/schema\/person\/image\/\",\"url\":\"https:\/\/secure.gravatar.com\/avatar\/f77d3cb1ac4f32638e474f624628e36d458d4709cc5dbbc002353722a06b94ba?s=96&d=mm&r=g\",\"contentUrl\":\"https:\/\/secure.gravatar.com\/avatar\/f77d3cb1ac4f32638e474f624628e36d458d4709cc5dbbc002353722a06b94ba?s=96&d=mm&r=g\",\"caption\":\"Magnus Arnesen\"},\"url\":\"https:\/\/hoyre.no\/sarpsborg\/aktuelt\/author\/m12309753\/\"}]}<\/script>\n<!-- \/ Yoast SEO plugin. -->","yoast_head_json":{"title":"Hva om pengene ikke kommer, Sindre? - Sarpsborg H\u00f8yre","robots":{"index":"index","follow":"follow","max-snippet":"max-snippet:-1","max-image-preview":"max-image-preview:large","max-video-preview":"max-video-preview:-1"},"canonical":"https:\/\/hoyre.no\/sarpsborg\/aktuelt\/hva-om-pengene-ikke-kommer-sindre\/","og_locale":"nb_NO","og_type":"article","og_title":"Hva om pengene ikke kommer, Sindre? - Sarpsborg H\u00f8yre","og_url":"https:\/\/hoyre.no\/sarpsborg\/aktuelt\/hva-om-pengene-ikke-kommer-sindre\/","og_site_name":"Sarpsborg H\u00f8yre","article_published_time":"2022-01-22T17:13:49+00:00","article_modified_time":"2022-01-22T17:24:27+00:00","og_image":[{"url":"https:\/\/hoyre.no\/content\/uploads\/sites\/161\/2026\/04\/m-og-e-1006x1024.jpg","width":"","height":"","type":""}],"author":"Magnus Arnesen","twitter_card":"summary_large_image","twitter_misc":{"Skrevet av":"Magnus Arnesen","Ansl. lesetid":"2 minutter"},"schema":{"@context":"https:\/\/schema.org","@graph":[{"@type":"NewsArticle","@id":"https:\/\/hoyre.no\/sarpsborg\/aktuelt\/hva-om-pengene-ikke-kommer-sindre\/","url":"https:\/\/hoyre.no\/sarpsborg\/aktuelt\/hva-om-pengene-ikke-kommer-sindre\/","name":"Hva om pengene ikke kommer, Sindre? - Sarpsborg H\u00f8yre","isPartOf":{"@id":"https:\/\/hoyre.no\/sarpsborg\/#website"},"datePublished":"2022-01-22T17:13:49+00:00","dateModified":"2022-01-22T17:24:27+00:00","author":{"@id":"https:\/\/hoyre.no\/sarpsborg\/#\/schema\/person\/9fbc77804f476d31ae94625fe6093183"},"breadcrumb":{"@id":"https:\/\/hoyre.no\/sarpsborg\/aktuelt\/hva-om-pengene-ikke-kommer-sindre\/#breadcrumb"},"inLanguage":"nb-NO","potentialAction":[{"@type":"ReadAction","target":["https:\/\/hoyre.no\/sarpsborg\/aktuelt\/hva-om-pengene-ikke-kommer-sindre\/"]}]},{"@type":"BreadcrumbList","@id":"https:\/\/hoyre.no\/sarpsborg\/aktuelt\/hva-om-pengene-ikke-kommer-sindre\/#breadcrumb","itemListElement":[{"@type":"ListItem","position":1,"name":"Til hoyre.no","item":"https:\/\/hoyre.no"},{"@type":"ListItem","position":2,"name":"Hjem","item":"https:\/\/hoyre.no\/sarpsborg\/"},{"@type":"ListItem","position":3,"name":"Hva om pengene ikke kommer, Sindre?"}]},{"@type":"WebSite","@id":"https:\/\/hoyre.no\/sarpsborg\/#website","url":"https:\/\/hoyre.no\/sarpsborg\/","name":"Sarpsborg H\u00f8yre","description":"Bare enda et H\u00f8yres nettsteder-nettsted","inLanguage":"nb-NO"},{"@type":"Person","@id":"https:\/\/hoyre.no\/sarpsborg\/#\/schema\/person\/9fbc77804f476d31ae94625fe6093183","name":"Magnus Arnesen","image":{"@type":"ImageObject","inLanguage":"nb-NO","@id":"https:\/\/hoyre.no\/sarpsborg\/#\/schema\/person\/image\/","url":"https:\/\/secure.gravatar.com\/avatar\/f77d3cb1ac4f32638e474f624628e36d458d4709cc5dbbc002353722a06b94ba?s=96&d=mm&r=g","contentUrl":"https:\/\/secure.gravatar.com\/avatar\/f77d3cb1ac4f32638e474f624628e36d458d4709cc5dbbc002353722a06b94ba?s=96&d=mm&r=g","caption":"Magnus Arnesen"},"url":"https:\/\/hoyre.no\/sarpsborg\/aktuelt\/author\/m12309753\/"}]}},"distributor_meta":false,"distributor_terms":false,"distributor_media":false,"distributor_original_site_name":"Sarpsborg H\u00f8yre","distributor_original_site_url":"https:\/\/hoyre.no\/sarpsborg","push-errors":false,"_links":{"self":[{"href":"https:\/\/hoyre.no\/sarpsborg\/wp-json\/wp\/v2\/posts\/325","targetHints":{"allow":["GET"]}}],"collection":[{"href":"https:\/\/hoyre.no\/sarpsborg\/wp-json\/wp\/v2\/posts"}],"about":[{"href":"https:\/\/hoyre.no\/sarpsborg\/wp-json\/wp\/v2\/types\/post"}],"author":[{"embeddable":true,"href":"https:\/\/hoyre.no\/sarpsborg\/wp-json\/wp\/v2\/users\/17718"}],"replies":[{"embeddable":true,"href":"https:\/\/hoyre.no\/sarpsborg\/wp-json\/wp\/v2\/comments?post=325"}],"version-history":[{"count":3,"href":"https:\/\/hoyre.no\/sarpsborg\/wp-json\/wp\/v2\/posts\/325\/revisions"}],"predecessor-version":[{"id":330,"href":"https:\/\/hoyre.no\/sarpsborg\/wp-json\/wp\/v2\/posts\/325\/revisions\/330"}],"wp:attachment":[{"href":"https:\/\/hoyre.no\/sarpsborg\/wp-json\/wp\/v2\/media?parent=325"}],"wp:term":[{"taxonomy":"category","embeddable":true,"href":"https:\/\/hoyre.no\/sarpsborg\/wp-json\/wp\/v2\/category?post=325"},{"taxonomy":"post_tag","embeddable":true,"href":"https:\/\/hoyre.no\/sarpsborg\/wp-json\/wp\/v2\/post_tag?post=325"},{"taxonomy":"hoyre-visibility","embeddable":true,"href":"https:\/\/hoyre.no\/sarpsborg\/wp-json\/wp\/v2\/hoyre-visibility?post=325"},{"taxonomy":"article-type","embeddable":true,"href":"https:\/\/hoyre.no\/sarpsborg\/wp-json\/wp\/v2\/article-type?post=325"},{"taxonomy":"politician","embeddable":true,"href":"https:\/\/hoyre.no\/sarpsborg\/wp-json\/wp\/v2\/politician?post=325"}],"curies":[{"name":"wp","href":"https:\/\/api.w.org\/{rel}","templated":true}]}}