{"id":591,"date":"2023-01-17T14:29:54","date_gmt":"2023-01-17T13:29:54","guid":{"rendered":"https:\/\/hoyre.no\/sarpsborg\/?p=591"},"modified":"2023-01-17T14:29:56","modified_gmt":"2023-01-17T13:29:56","slug":"minneord-om-ellen-marie-mikkelsen","status":"publish","type":"post","link":"https:\/\/hoyre.no\/sarpsborg\/aktuelt\/minneord-om-ellen-marie-mikkelsen\/","title":{"rendered":"Minneord om Ellen-Marie Mikkelsen"},"content":{"rendered":"\n<p class=\"preamble\">Vi mottok 9. januar det triste budskapet om at v\u00e5rt aktive medlem gjennom mange \u00e5r og leder av Sarpsborg Senior H\u00f8yre, Ellen-Marie Mikkelsen var g\u00e5tt bort. Ellen ble 91 \u00e5r gammel.<\/p>\t\t\t<div class=\"post-meta wp-block teft-byline-wrapper\">\n\t\t\t\t<div class=\"top\">\n\t\t\t\t\t<div class=\"signature\">\n\t\t\t\t\t\t<div class=\"teft-byline\">\n\t\t\t\t\t\t\t\t\t\t\t\t\t\t<div>\n\t\t\t\t\t\t\t\t<h3>H\u00f8yres redaksjon<\/h3>\t\t\t\t\t\t\t\t\n\t\t\t\t\t\t\t\t\t\t\t\t\t\t\t\t\t<span class=\"date\">Sist oppdatert: 17. januar 2023<\/span>\n\t\t\t\t\t\t\t\t\t\t\t\t\t\t\t\t\t\t\t\t\t\t\t\t\t<span class=\"reading-time\" itemprop=\"timeRequired\" content=\"PT1M\"><em>Ca. 1 minutter lesetid<\/em><\/span>\n\t\t\t\t\t\t\t\t\t\t\t\t\t\t\t<\/div>\n\t\t\t\t\t\t<\/div>\n\t\t\t\t\t<\/div>\n\t\t\t\t\t\t<div class=\"sharing\">\n\t\t<a class=\"share-button share-link copy-link\" data-copy=\"https:\/\/hoyre.no\/sarpsborg\/aktuelt\/minneord-om-ellen-marie-mikkelsen\/\" target=\"_blank\"><span class=\"screen-reader-text\">Del link<\/span><\/a>\n\t\t<a class=\"share-button share-twitter\" href=\"http:\/\/twitter.com\/share?text=Minneord om Ellen-Marie Mikkelsen&#038;url=https:\/\/hoyre.no\/sarpsborg\/aktuelt\/minneord-om-ellen-marie-mikkelsen\/&#038;hashtags=Hoyre\" target=\"_blank\"><span class=\"screen-reader-text\">Del p\u00e5 twitter<\/span><\/a>\n\t\t<a class=\"share-button share-facebook\" href=\"https:\/\/www.facebook.com\/sharer\/sharer.php?u=https:\/\/hoyre.no\/sarpsborg\/aktuelt\/minneord-om-ellen-marie-mikkelsen\/\" target=\"_blank\"><span class=\"screen-reader-text\">Del p\u00e5 facebook<\/span><\/a>\n\t<\/div>\n\t\t\t\t\t<\/div>\n\t\t\t<\/div>\n\n\t\t\t<figure class=\"hoyre-image-wrapper\"><div class=\"hoyre-image\"><img loading=\"lazy\" decoding=\"async\" width=\"1037\" height=\"813\" src=\"https:\/\/hoyre.no\/content\/uploads\/sites\/161\/2023\/01\/Ellen-Marie-Mikkelsen-1.jpeg\" class=\"attachment-scaled size-scaled\" alt=\"\" style=\"object-position: 50% 50%\" srcset=\"https:\/\/hoyre.no\/content\/uploads\/sites\/161\/2023\/01\/Ellen-Marie-Mikkelsen-1.jpeg 1037w, https:\/\/hoyre.no\/content\/uploads\/sites\/161\/2023\/01\/Ellen-Marie-Mikkelsen-1-300x235.jpeg 300w, https:\/\/hoyre.no\/content\/uploads\/sites\/161\/2023\/01\/Ellen-Marie-Mikkelsen-1-1024x803.jpeg 1024w, https:\/\/hoyre.no\/content\/uploads\/sites\/161\/2023\/01\/Ellen-Marie-Mikkelsen-1-768x602.jpeg 768w\" sizes=\"auto, (max-width: 1037px) 100vw, 1037px\" \/><\/div><figcaption class=\"caption\">Ellen-Marie Mikkelsen<\/figcaption><\/figure>\n\n\n\n\n<p><\/p>\n\n\n\n<p>Ellen var aktiv i H\u00f8yres gruppe i bystyret i flere perioder. Siden 2011 og frem til hennes d\u00f8d var hun et markant medlem av Eldrer\u00e5det i Sarpsborg, hvor hun ogs\u00e5 var nestleder fra 2015 til 2019.&nbsp;<\/p>\n\n\n\n<p>Gjennom mange \u00e5r har Ellen hatt mange verv i foreningen. Vi minnes henne som en aktiv bidragsyter i foreningens styre, og hun skal ha en stor del av \u00e6ren for at foreningen har et aktivt Senior H\u00f8yre som en viktig st\u00f8ttespiller.<\/p>\n\n\n\n<p>Ellen har de siste ti \u00e5rene v\u00e6rt leder av Sarpsborg Senior H\u00f8yre, og har ledet foreningen med st\u00f8 h\u00e5nd og stor gl\u00f8d. Med sin utadvendte v\u00e6rem\u00e5te og store kontaktnett s\u00f8rget Ellen alltid for gode foredragsholdere, og som utpreget organisator stod gjennomf\u00f8ringen alltid i stil med innholdet.&nbsp;<\/p>\n\n\n\n<p>Det er med stor beundring vi minnes innsatsen Ellen har lagt ned for lokalforeningen, Senior H\u00f8yre, Eldrer\u00e5det og Sarpsborgsamfunnet. Ellens livslange engasjement er til etterf\u00f8lgelse for oss alle.&nbsp;<\/p>\n\n\n\n<p>Vi lyser fred over Ellen-Marie Mikkelsens minne.&nbsp;<\/p>\n\n\n\n<p><em>P\u00e5 vegne av Sarpsborg H\u00f8yre,<\/em><\/p>\n\n\n\n<p><em>Harald R\u00f8nneberg, gruppeleder<\/em><\/p>\n\n\n\n<p><em>Steinar Kjuus, Senior H\u00f8yre<\/em><\/p>\n\n\n\n<p><em>Magnus Arnesen, foreningsleder og ordf\u00f8rerkandidat<\/em><\/p>\n\n\n<div class=\"tags\">\n\t<\/div>\n<div class=\"post-footer alignfull has-background block-editor-block-list__block\" data-align=full>\n\t<div class=\"post-footer-inner\">\n\t\t<h3>Relaterte artikler<\/h3>\n\t\t<div class=\"related-content\"><div class=\"is-card-hoyre\">\n\t<div class=\"teft-card hoyre-teft-card post-teft-card\">\n\t\t<a href=\"https:\/\/hoyre.no\/sarpsborg\/aktuelt\/nominasjonsmote-for-ordforerkandidat-i-sarpsborg-hoyre\/\" class=\"teft-card__primary-action\">\n\n\t\t\t\t\t<div class=\"teft-card__media teft-card__media--16-9\">\n\t\t\t\t\t\t<img loading=\"lazy\" decoding=\"async\" width=\"768\" height=\"623\" src=\"https:\/\/hoyre.no\/content\/uploads\/sites\/161\/2025\/05\/IMG_0699-768x623.jpg\" class=\"attachment-medium_large size-medium_large\" alt=\"\" srcset=\"https:\/\/hoyre.no\/content\/uploads\/sites\/161\/2025\/05\/IMG_0699-768x623.jpg 768w, https:\/\/hoyre.no\/content\/uploads\/sites\/161\/2025\/05\/IMG_0699-300x243.jpg 300w, https:\/\/hoyre.no\/content\/uploads\/sites\/161\/2025\/05\/IMG_0699-1024x830.jpg 1024w, https:\/\/hoyre.no\/content\/uploads\/sites\/161\/2025\/05\/IMG_0699-1536x1246.jpg 1536w, https:\/\/hoyre.no\/content\/uploads\/sites\/161\/2025\/05\/IMG_0699-2048x1661.jpg 2048w, https:\/\/hoyre.no\/content\/uploads\/sites\/161\/2025\/05\/IMG_0699-scaled-e1747426866603.jpg 1000w\" sizes=\"auto, (max-width: 768px) 100vw, 768px\" \/>\t\t<\/div>\n\t\t\n\t\t\t<div class=\"teft-card__content-wrapper\">\n\t\t\t\t<div class=\"teft-card__secondary\">\n\t\t\t\t\t\n\t\t\t\t\t\t\t\t<div class=\"teft-card__meta\">\n\t\t\t\t\t\t\t\t\t<span class=\"post-date\">30. apr 2026<\/span>\n\n\t\t\t\t\t\t\t\t\t\t\t\t\t\t\t\t\t<\/div>\n\t\t\t\t\t\t\t\t\t\t\t<\/div>\n\n\t\t\t\t<div class=\"teft-card__primary\">\n\t\t\t\t\t<h2 class=\"teft-card__title\">Nominasjonsm\u00f8te for ordf\u00f8rerkandidat i Sarpsborg H\u00f8yre&nbsp;<span class=\"teft-card__primary-title-append\"><\/span><\/h2>\t\t\t\t<\/div>\n\t\t\t<\/div>\n\t\t<\/a>\n\t<\/div>\n\n\t<\/div><div class=\"is-card-hoyre\">\n\t<div class=\"teft-card hoyre-teft-card post-teft-card\">\n\t\t<a href=\"https:\/\/hoyre.no\/sarpsborg\/aktuelt\/nominasjonskomiteen-innstiller-magnus-arnesen-som-sarpsborg-hoyres-ordforerkandidat-i-2027\/\" class=\"teft-card__primary-action\">\n\n\t\t\t\t\t<div class=\"teft-card__media teft-card__media--16-9\">\n\t\t\t\t\t\t<img loading=\"lazy\" decoding=\"async\" width=\"768\" height=\"571\" src=\"https:\/\/hoyre.no\/content\/uploads\/sites\/161\/2025\/03\/IMG_5356-768x571.jpg\" class=\"attachment-medium_large size-medium_large\" alt=\"\" srcset=\"https:\/\/hoyre.no\/content\/uploads\/sites\/161\/2025\/03\/IMG_5356-768x571.jpg 768w, https:\/\/hoyre.no\/content\/uploads\/sites\/161\/2025\/03\/IMG_5356-300x223.jpg 300w, https:\/\/hoyre.no\/content\/uploads\/sites\/161\/2025\/03\/IMG_5356-1024x761.jpg 1024w, https:\/\/hoyre.no\/content\/uploads\/sites\/161\/2025\/03\/IMG_5356-1536x1142.jpg 1536w, https:\/\/hoyre.no\/content\/uploads\/sites\/161\/2025\/03\/IMG_5356-2048x1522.jpg 2048w\" sizes=\"auto, (max-width: 768px) 100vw, 768px\" \/>\t\t<\/div>\n\t\t\n\t\t\t<div class=\"teft-card__content-wrapper\">\n\t\t\t\t<div class=\"teft-card__secondary\">\n\t\t\t\t\t\n\t\t\t\t\t\t\t\t<div class=\"teft-card__meta\">\n\t\t\t\t\t\t\t\t\t<span class=\"post-date\">24. apr 2026<\/span>\n\n\t\t\t\t\t\t\t\t\t\t\t\t\t\t\t\t\t<\/div>\n\t\t\t\t\t\t\t\t\t\t\t<\/div>\n\n\t\t\t\t<div class=\"teft-card__primary\">\n\t\t\t\t\t<h2 class=\"teft-card__title\">Nominasjonskomit\u00e9en innstiller Magnus Arnesen som Sarpsborg H\u00f8yres ordf\u00f8rerkandidat i 2027&nbsp;<span class=\"teft-card__primary-title-append\"><\/span><\/h2>\t\t\t\t<\/div>\n\t\t\t<\/div>\n\t\t<\/a>\n\t<\/div>\n\n\t<\/div><div class=\"is-card-hoyre\">\n\t<div class=\"teft-card hoyre-teft-card post-teft-card\">\n\t\t<a href=\"https:\/\/hoyre.no\/sarpsborg\/aktuelt\/vi-ma-lose-morgendagens-behov-med-nye-losninger\/\" class=\"teft-card__primary-action\">\n\n\t\t\t\t\t<div class=\"teft-card__media teft-card__media--16-9\">\n\t\t\t\t\t\t<img loading=\"lazy\" decoding=\"async\" width=\"768\" height=\"782\" src=\"https:\/\/hoyre.no\/content\/uploads\/sites\/161\/2026\/04\/m-og-e-768x782.jpg\" class=\"attachment-medium_large size-medium_large\" alt=\"\" srcset=\"https:\/\/hoyre.no\/content\/uploads\/sites\/161\/2026\/04\/m-og-e-768x782.jpg 768w, https:\/\/hoyre.no\/content\/uploads\/sites\/161\/2026\/04\/m-og-e-295x300.jpg 295w, https:\/\/hoyre.no\/content\/uploads\/sites\/161\/2026\/04\/m-og-e-1006x1024.jpg 1006w, https:\/\/hoyre.no\/content\/uploads\/sites\/161\/2026\/04\/m-og-e.jpg 1330w\" sizes=\"auto, (max-width: 768px) 100vw, 768px\" \/>\t\t<\/div>\n\t\t\n\t\t\t<div class=\"teft-card__content-wrapper\">\n\t\t\t\t<div class=\"teft-card__secondary\">\n\t\t\t\t\t\n\t\t\t\t\t\t\t\t<div class=\"teft-card__meta\">\n\t\t\t\t\t\t\t\t\t<span class=\"post-date\">22. apr 2026<\/span>\n\n\t\t\t\t\t\t\t\t\t<span class=\"post-category\">Leserinnlegg<\/span>\t\t\t\t\t\t\t\t<\/div>\n\t\t\t\t\t\t\t\t\t\t\t<\/div>\n\n\t\t\t\t<div class=\"teft-card__primary\">\n\t\t\t\t\t<h2 class=\"teft-card__title\">Vi m\u00e5 l\u00f8se morgendagens behov med nye l\u00f8sninger&nbsp;<span class=\"teft-card__primary-title-append\"><\/span><\/h2>\t\t\t\t<\/div>\n\t\t\t<\/div>\n\t\t<\/a>\n\t<\/div>\n\n\t<\/div><\/div>\t<\/div>\n<\/div>\n","protected":false},"excerpt":{"rendered":"","protected":false},"author":15344,"featured_media":0,"comment_status":"closed","ping_status":"closed","sticky":false,"template":"","format":"standard","meta":{"teft_cards_image_url":"","teft_cards_custom_pretitle":"","teft_cards_image_id":593,"teft_cards_image_focal_point_x":0.46,"teft_cards_image_focal_point_y":0.28,"teft_cards_title":"","teft_cards_excerpt":"","teft_show_chapters":false,"author_display_name":"","footnotes":""},"category":[11],"post_tag":[],"hoyre-visibility":[],"article-type":[],"politician":[],"class_list":["post-591","post","type-post","status-publish","format-standard","hentry","category-varefolk"],"yoast_head":"<!-- This site is optimized with the Yoast SEO plugin v26.6 - https:\/\/yoast.com\/wordpress\/plugins\/seo\/ -->\n<title>Minneord om Ellen-Marie Mikkelsen - Sarpsborg H\u00f8yre<\/title>\n<meta name=\"robots\" content=\"index, follow, max-snippet:-1, max-image-preview:large, max-video-preview:-1\" \/>\n<link rel=\"canonical\" href=\"https:\/\/hoyre.no\/sarpsborg\/aktuelt\/minneord-om-ellen-marie-mikkelsen\/\" \/>\n<meta property=\"og:locale\" content=\"nb_NO\" \/>\n<meta property=\"og:type\" content=\"article\" \/>\n<meta property=\"og:title\" content=\"Minneord om Ellen-Marie Mikkelsen - Sarpsborg H\u00f8yre\" \/>\n<meta property=\"og:url\" content=\"https:\/\/hoyre.no\/sarpsborg\/aktuelt\/minneord-om-ellen-marie-mikkelsen\/\" \/>\n<meta property=\"og:site_name\" content=\"Sarpsborg H\u00f8yre\" \/>\n<meta property=\"article:published_time\" content=\"2023-01-17T13:29:54+00:00\" \/>\n<meta property=\"article:modified_time\" content=\"2023-01-17T13:29:56+00:00\" \/>\n<meta property=\"og:image\" content=\"https:\/\/hoyre.no\/content\/uploads\/sites\/161\/2026\/04\/m-og-e-1006x1024.jpg\" \/>\n<meta name=\"author\" content=\"Hilde Marthinsen\" \/>\n<meta name=\"twitter:card\" content=\"summary_large_image\" \/>\n<meta name=\"twitter:label1\" content=\"Skrevet av\" \/>\n\t<meta name=\"twitter:data1\" content=\"Hilde Marthinsen\" \/>\n\t<meta name=\"twitter:label2\" content=\"Ansl. lesetid\" \/>\n\t<meta name=\"twitter:data2\" content=\"2 minutter\" \/>\n<script type=\"application\/ld+json\" class=\"yoast-schema-graph\">{\"@context\":\"https:\/\/schema.org\",\"@graph\":[{\"@type\":\"NewsArticle\",\"@id\":\"https:\/\/hoyre.no\/sarpsborg\/aktuelt\/minneord-om-ellen-marie-mikkelsen\/\",\"url\":\"https:\/\/hoyre.no\/sarpsborg\/aktuelt\/minneord-om-ellen-marie-mikkelsen\/\",\"name\":\"Minneord om Ellen-Marie Mikkelsen - Sarpsborg H\u00f8yre\",\"isPartOf\":{\"@id\":\"https:\/\/hoyre.no\/sarpsborg\/#website\"},\"datePublished\":\"2023-01-17T13:29:54+00:00\",\"dateModified\":\"2023-01-17T13:29:56+00:00\",\"author\":{\"@id\":\"https:\/\/hoyre.no\/sarpsborg\/#\/schema\/person\/e2ebb0a428d6c08356ef7c7cf9d3892b\"},\"breadcrumb\":{\"@id\":\"https:\/\/hoyre.no\/sarpsborg\/aktuelt\/minneord-om-ellen-marie-mikkelsen\/#breadcrumb\"},\"inLanguage\":\"nb-NO\",\"potentialAction\":[{\"@type\":\"ReadAction\",\"target\":[\"https:\/\/hoyre.no\/sarpsborg\/aktuelt\/minneord-om-ellen-marie-mikkelsen\/\"]}]},{\"@type\":\"BreadcrumbList\",\"@id\":\"https:\/\/hoyre.no\/sarpsborg\/aktuelt\/minneord-om-ellen-marie-mikkelsen\/#breadcrumb\",\"itemListElement\":[{\"@type\":\"ListItem\",\"position\":1,\"name\":\"Til hoyre.no\",\"item\":\"https:\/\/hoyre.no\"},{\"@type\":\"ListItem\",\"position\":2,\"name\":\"Hjem\",\"item\":\"https:\/\/hoyre.no\/sarpsborg\/\"},{\"@type\":\"ListItem\",\"position\":3,\"name\":\"Minneord om Ellen-Marie Mikkelsen\"}]},{\"@type\":\"WebSite\",\"@id\":\"https:\/\/hoyre.no\/sarpsborg\/#website\",\"url\":\"https:\/\/hoyre.no\/sarpsborg\/\",\"name\":\"Sarpsborg H\u00f8yre\",\"description\":\"Bare enda et H\u00f8yres nettsteder-nettsted\",\"inLanguage\":\"nb-NO\"},{\"@type\":\"Person\",\"@id\":\"https:\/\/hoyre.no\/sarpsborg\/#\/schema\/person\/e2ebb0a428d6c08356ef7c7cf9d3892b\",\"name\":\"Hilde Marthinsen\",\"image\":{\"@type\":\"ImageObject\",\"inLanguage\":\"nb-NO\",\"@id\":\"https:\/\/hoyre.no\/sarpsborg\/#\/schema\/person\/image\/\",\"url\":\"https:\/\/secure.gravatar.com\/avatar\/f896c49d393da6f56bfb9ea4a0d2702603e6df7b08ddca5977158f48f6e7d45a?s=96&d=mm&r=g\",\"contentUrl\":\"https:\/\/secure.gravatar.com\/avatar\/f896c49d393da6f56bfb9ea4a0d2702603e6df7b08ddca5977158f48f6e7d45a?s=96&d=mm&r=g\",\"caption\":\"Hilde Marthinsen\"},\"url\":\"https:\/\/hoyre.no\/sarpsborg\/aktuelt\/author\/m51988392\/\"}]}<\/script>\n<!-- \/ Yoast SEO plugin. -->","yoast_head_json":{"title":"Minneord om Ellen-Marie Mikkelsen - Sarpsborg H\u00f8yre","robots":{"index":"index","follow":"follow","max-snippet":"max-snippet:-1","max-image-preview":"max-image-preview:large","max-video-preview":"max-video-preview:-1"},"canonical":"https:\/\/hoyre.no\/sarpsborg\/aktuelt\/minneord-om-ellen-marie-mikkelsen\/","og_locale":"nb_NO","og_type":"article","og_title":"Minneord om Ellen-Marie Mikkelsen - Sarpsborg H\u00f8yre","og_url":"https:\/\/hoyre.no\/sarpsborg\/aktuelt\/minneord-om-ellen-marie-mikkelsen\/","og_site_name":"Sarpsborg H\u00f8yre","article_published_time":"2023-01-17T13:29:54+00:00","article_modified_time":"2023-01-17T13:29:56+00:00","og_image":[{"url":"https:\/\/hoyre.no\/content\/uploads\/sites\/161\/2026\/04\/m-og-e-1006x1024.jpg","width":"","height":"","type":""}],"author":"Hilde Marthinsen","twitter_card":"summary_large_image","twitter_misc":{"Skrevet av":"Hilde Marthinsen","Ansl. lesetid":"2 minutter"},"schema":{"@context":"https:\/\/schema.org","@graph":[{"@type":"NewsArticle","@id":"https:\/\/hoyre.no\/sarpsborg\/aktuelt\/minneord-om-ellen-marie-mikkelsen\/","url":"https:\/\/hoyre.no\/sarpsborg\/aktuelt\/minneord-om-ellen-marie-mikkelsen\/","name":"Minneord om Ellen-Marie Mikkelsen - Sarpsborg H\u00f8yre","isPartOf":{"@id":"https:\/\/hoyre.no\/sarpsborg\/#website"},"datePublished":"2023-01-17T13:29:54+00:00","dateModified":"2023-01-17T13:29:56+00:00","author":{"@id":"https:\/\/hoyre.no\/sarpsborg\/#\/schema\/person\/e2ebb0a428d6c08356ef7c7cf9d3892b"},"breadcrumb":{"@id":"https:\/\/hoyre.no\/sarpsborg\/aktuelt\/minneord-om-ellen-marie-mikkelsen\/#breadcrumb"},"inLanguage":"nb-NO","potentialAction":[{"@type":"ReadAction","target":["https:\/\/hoyre.no\/sarpsborg\/aktuelt\/minneord-om-ellen-marie-mikkelsen\/"]}]},{"@type":"BreadcrumbList","@id":"https:\/\/hoyre.no\/sarpsborg\/aktuelt\/minneord-om-ellen-marie-mikkelsen\/#breadcrumb","itemListElement":[{"@type":"ListItem","position":1,"name":"Til hoyre.no","item":"https:\/\/hoyre.no"},{"@type":"ListItem","position":2,"name":"Hjem","item":"https:\/\/hoyre.no\/sarpsborg\/"},{"@type":"ListItem","position":3,"name":"Minneord om Ellen-Marie Mikkelsen"}]},{"@type":"WebSite","@id":"https:\/\/hoyre.no\/sarpsborg\/#website","url":"https:\/\/hoyre.no\/sarpsborg\/","name":"Sarpsborg H\u00f8yre","description":"Bare enda et H\u00f8yres nettsteder-nettsted","inLanguage":"nb-NO"},{"@type":"Person","@id":"https:\/\/hoyre.no\/sarpsborg\/#\/schema\/person\/e2ebb0a428d6c08356ef7c7cf9d3892b","name":"Hilde Marthinsen","image":{"@type":"ImageObject","inLanguage":"nb-NO","@id":"https:\/\/hoyre.no\/sarpsborg\/#\/schema\/person\/image\/","url":"https:\/\/secure.gravatar.com\/avatar\/f896c49d393da6f56bfb9ea4a0d2702603e6df7b08ddca5977158f48f6e7d45a?s=96&d=mm&r=g","contentUrl":"https:\/\/secure.gravatar.com\/avatar\/f896c49d393da6f56bfb9ea4a0d2702603e6df7b08ddca5977158f48f6e7d45a?s=96&d=mm&r=g","caption":"Hilde Marthinsen"},"url":"https:\/\/hoyre.no\/sarpsborg\/aktuelt\/author\/m51988392\/"}]}},"distributor_meta":false,"distributor_terms":false,"distributor_media":false,"distributor_original_site_name":"Sarpsborg H\u00f8yre","distributor_original_site_url":"https:\/\/hoyre.no\/sarpsborg","push-errors":false,"_links":{"self":[{"href":"https:\/\/hoyre.no\/sarpsborg\/wp-json\/wp\/v2\/posts\/591","targetHints":{"allow":["GET"]}}],"collection":[{"href":"https:\/\/hoyre.no\/sarpsborg\/wp-json\/wp\/v2\/posts"}],"about":[{"href":"https:\/\/hoyre.no\/sarpsborg\/wp-json\/wp\/v2\/types\/post"}],"author":[{"embeddable":true,"href":"https:\/\/hoyre.no\/sarpsborg\/wp-json\/wp\/v2\/users\/15344"}],"replies":[{"embeddable":true,"href":"https:\/\/hoyre.no\/sarpsborg\/wp-json\/wp\/v2\/comments?post=591"}],"version-history":[{"count":2,"href":"https:\/\/hoyre.no\/sarpsborg\/wp-json\/wp\/v2\/posts\/591\/revisions"}],"predecessor-version":[{"id":595,"href":"https:\/\/hoyre.no\/sarpsborg\/wp-json\/wp\/v2\/posts\/591\/revisions\/595"}],"wp:attachment":[{"href":"https:\/\/hoyre.no\/sarpsborg\/wp-json\/wp\/v2\/media?parent=591"}],"wp:term":[{"taxonomy":"category","embeddable":true,"href":"https:\/\/hoyre.no\/sarpsborg\/wp-json\/wp\/v2\/category?post=591"},{"taxonomy":"post_tag","embeddable":true,"href":"https:\/\/hoyre.no\/sarpsborg\/wp-json\/wp\/v2\/post_tag?post=591"},{"taxonomy":"hoyre-visibility","embeddable":true,"href":"https:\/\/hoyre.no\/sarpsborg\/wp-json\/wp\/v2\/hoyre-visibility?post=591"},{"taxonomy":"article-type","embeddable":true,"href":"https:\/\/hoyre.no\/sarpsborg\/wp-json\/wp\/v2\/article-type?post=591"},{"taxonomy":"politician","embeddable":true,"href":"https:\/\/hoyre.no\/sarpsborg\/wp-json\/wp\/v2\/politician?post=591"}],"curies":[{"name":"wp","href":"https:\/\/api.w.org\/{rel}","templated":true}]}}